{"id":30913,"date":"2025-09-22T15:28:03","date_gmt":"2025-09-22T18:28:03","guid":{"rendered":"https:\/\/www.grupomedcof.com.br\/blog\/?p=30913"},"modified":"2025-09-22T15:28:05","modified_gmt":"2025-09-22T18:28:05","slug":"como-e-a-analise-curricular-da-usp-sp","status":"publish","type":"post","link":"https:\/\/www.grupomedcof.com.br\/blog\/como-e-a-analise-curricular-da-usp-sp\/","title":{"rendered":"Como \u00e9 a An\u00e1lise Curricular de Resid\u00eancia M\u00e9dica da USP-SP"},"content":{"rendered":"<div id=\"ez-toc-container\" class=\"ez-toc-v2_0_74 counter-hierarchy ez-toc-counter ez-toc-transparent ez-toc-container-direction\">\n<div class=\"ez-toc-title-container\">\n<p class=\"ez-toc-title\" style=\"cursor:inherit\">Sum\u00e1rio<\/p>\n<span class=\"ez-toc-title-toggle\"><a href=\"#\" class=\"ez-toc-pull-right ez-toc-btn ez-toc-btn-xs ez-toc-btn-default ez-toc-toggle\" aria-label=\"Alternar tabela de conte\u00fado\"><span class=\"ez-toc-js-icon-con\"><span class=\"\"><span class=\"eztoc-hide\" style=\"display:none;\">Toggle<\/span><span class=\"ez-toc-icon-toggle-span\"><svg style=\"fill: #999;color:#999\" xmlns=\"http:\/\/www.w3.org\/2000\/svg\" class=\"list-377408\" width=\"20px\" height=\"20px\" viewBox=\"0 0 24 24\" fill=\"none\"><path d=\"M6 6H4v2h2V6zm14 0H8v2h12V6zM4 11h2v2H4v-2zm16 0H8v2h12v-2zM4 16h2v2H4v-2zm16 0H8v2h12v-2z\" fill=\"currentColor\"><\/path><\/svg><svg style=\"fill: #999;color:#999\" class=\"arrow-unsorted-368013\" xmlns=\"http:\/\/www.w3.org\/2000\/svg\" width=\"10px\" height=\"10px\" viewBox=\"0 0 24 24\" version=\"1.2\" baseProfile=\"tiny\"><path d=\"M18.2 9.3l-6.2-6.3-6.2 6.3c-.2.2-.3.4-.3.7s.1.5.3.7c.2.2.4.3.7.3h11c.3 0 .5-.1.7-.3.2-.2.3-.5.3-.7s-.1-.5-.3-.7zM5.8 14.7l6.2 6.3 6.2-6.3c.2-.2.3-.5.3-.7s-.1-.5-.3-.7c-.2-.2-.4-.3-.7-.3h-11c-.3 0-.5.1-.7.3-.2.2-.3.5-.3.7s.1.5.3.7z\"\/><\/svg><\/span><\/span><\/span><\/a><\/span><\/div>\n<nav><ul class='ez-toc-list ez-toc-list-level-1 ' ><li class='ez-toc-page-1 ez-toc-heading-level-2'><a class=\"ez-toc-link ez-toc-heading-1\" href=\"https:\/\/www.grupomedcof.com.br\/blog\/como-e-a-analise-curricular-da-usp-sp\/#O_que_e_a_analise_curricular\" >O que \u00e9 a an\u00e1lise curricular?<\/a><\/li><li class='ez-toc-page-1 ez-toc-heading-level-2'><a class=\"ez-toc-link ez-toc-heading-2\" href=\"https:\/\/www.grupomedcof.com.br\/blog\/como-e-a-analise-curricular-da-usp-sp\/#Como_enviar_o_curriculo_para_analise\" >Como enviar o curr\u00edculo para an\u00e1lise<\/a><\/li><li class='ez-toc-page-1 ez-toc-heading-level-2'><a class=\"ez-toc-link ez-toc-heading-3\" href=\"https:\/\/www.grupomedcof.com.br\/blog\/como-e-a-analise-curricular-da-usp-sp\/#Temas_a_serem_analisados_na_avaliacao_curricular\" >Temas a serem analisados na avalia\u00e7\u00e3o curricular<\/a><ul class='ez-toc-list-level-3' ><li class='ez-toc-heading-level-3'><a class=\"ez-toc-link ez-toc-heading-4\" href=\"https:\/\/www.grupomedcof.com.br\/blog\/como-e-a-analise-curricular-da-usp-sp\/#Areas_Basica_e_de_Acesso_Direto\" >\u00c1reas B\u00e1sica e de Acesso Direto<\/a><\/li><li class='ez-toc-page-1 ez-toc-heading-level-3'><a class=\"ez-toc-link ez-toc-heading-5\" href=\"https:\/\/www.grupomedcof.com.br\/blog\/como-e-a-analise-curricular-da-usp-sp\/#Especialidades_Clinicas_Cirurgicas_Anos_Adicionais_Areas_de_Atuacoes\" >Especialidades Cl\u00ednicas, Cir\u00fargicas, Anos Adicionais, \u00c1reas de Atua\u00e7\u00f5es<\/a><\/li><\/ul><\/li><li class='ez-toc-page-1 ez-toc-heading-level-2'><a class=\"ez-toc-link ez-toc-heading-6\" href=\"https:\/\/www.grupomedcof.com.br\/blog\/como-e-a-analise-curricular-da-usp-sp\/#Como_montar_o_Curriculo_para_a_USP-SP_Residencia_Medica\" >Como montar o Curr\u00edculo para a USP-SP Resid\u00eancia M\u00e9dica?<\/a><\/li><li class='ez-toc-page-1 ez-toc-heading-level-2'><a class=\"ez-toc-link ez-toc-heading-7\" href=\"https:\/\/www.grupomedcof.com.br\/blog\/como-e-a-analise-curricular-da-usp-sp\/#Conquiste_a_aprovacao_na_Residencia_Medica_USP-SP\" >Conquiste a aprova\u00e7\u00e3o na Resid\u00eancia M\u00e9dica USP-SP<\/a><\/li><\/ul><\/nav><\/div>\n\n<figure class=\"wp-block-image size-large\"><img loading=\"lazy\" decoding=\"async\" width=\"1024\" height=\"576\" src=\"https:\/\/www.grupomedcof.com.br\/blog\/wp-content\/uploads\/2024\/10\/Modelo-instituicoes-4-1024x576.png\" alt=\"\" class=\"wp-image-30916\" srcset=\"https:\/\/www.grupomedcof.com.br\/blog\/wp-content\/uploads\/2024\/10\/Modelo-instituicoes-4-1024x576.png 1024w, https:\/\/www.grupomedcof.com.br\/blog\/wp-content\/uploads\/2024\/10\/Modelo-instituicoes-4-300x169.png 300w, https:\/\/www.grupomedcof.com.br\/blog\/wp-content\/uploads\/2024\/10\/Modelo-instituicoes-4-768x432.png 768w, https:\/\/www.grupomedcof.com.br\/blog\/wp-content\/uploads\/2024\/10\/Modelo-instituicoes-4-1536x864.png 1536w, https:\/\/www.grupomedcof.com.br\/blog\/wp-content\/uploads\/2024\/10\/Modelo-instituicoes-4-2048x1152.png 2048w, https:\/\/www.grupomedcof.com.br\/blog\/wp-content\/uploads\/2024\/10\/Modelo-instituicoes-4-747x420.png 747w, https:\/\/www.grupomedcof.com.br\/blog\/wp-content\/uploads\/2024\/10\/Modelo-instituicoes-4-150x84.png 150w, https:\/\/www.grupomedcof.com.br\/blog\/wp-content\/uploads\/2024\/10\/Modelo-instituicoes-4-696x392.png 696w, https:\/\/www.grupomedcof.com.br\/blog\/wp-content\/uploads\/2024\/10\/Modelo-instituicoes-4-1068x601.png 1068w, https:\/\/www.grupomedcof.com.br\/blog\/wp-content\/uploads\/2024\/10\/Modelo-instituicoes-4-1920x1080.png 1920w\" sizes=\"auto, (max-width: 1024px) 100vw, 1024px\" \/><\/figure>\n\n\n\n<p>Est\u00e1 se preparando para a <a href=\"https:\/\/www.grupomedcof.com.br\/blog\/edital-residencia-medica-usp-sp\/\" target=\"_blank\" rel=\"noreferrer noopener\">USP-SP 2025\/202<\/a><a href=\"https:\/\/www.grupomedcof.com.br\/blog\/edital-residencia-medica-usp-sp\/\">6<\/a>? Ent\u00e3o voc\u00ea precisa saber tudo sobre a\u00a0<strong>an\u00e1lise curricular<\/strong>\u00a0para mandar bem no processo seletivo. Veja nosso post!<\/p>\n\n\n\n<h2 class=\"wp-block-heading\" id=\"h-o-que-e-a-analise-curricular\"><span class=\"ez-toc-section\" id=\"O_que_e_a_analise_curricular\"><\/span><strong>O que \u00e9 a an\u00e1lise curricular?<\/strong><span class=\"ez-toc-section-end\"><\/span><\/h2>\n\n\n\n<p>A an\u00e1lise curricular \u00e9 uma etapa importante dos processos seletivos de resid\u00eancia m\u00e9dica, pois \u00e9 o momento em que a trajet\u00f3ria profissional e acad\u00eamica dos concorrentes s\u00e3o avaliadas.<br>Embora apresente apenas 10% da nota final do candidato, essa fase pode ser a vantagem que voc\u00ea precisa para conquistar a t\u00e3o sonhada vaga!<\/p>\n\n\n\n<h2 class=\"wp-block-heading\" id=\"h-como-enviar-o-curriculo-para-analise\"><span class=\"ez-toc-section\" id=\"Como_enviar_o_curriculo_para_analise\"><\/span><strong>Como enviar o curr\u00edculo para an\u00e1lise<\/strong><span class=\"ez-toc-section-end\"><\/span><\/h2>\n\n\n\n<p>Os documentos comprobat\u00f3rios devem estar no formato PDF em um <strong>\u00fanico arquivo<\/strong><br>por item solicitado. <\/p>\n\n\n\n<p>Para essa etapa, os candidatos ter\u00e3o o per\u00edodo de <strong><strong>05 e 12 de janeiro de 2026<\/strong> <\/strong>para enviarem seus curr\u00edculos, na \u00e1rea do candidato do site <a href=\"https:\/\/www.fuvest.br\/\">www.fuvest.br<\/a>. Assim, os documentos ser\u00e3o realizados no per\u00edodo de <strong><strong>13 a 23 de janeiro de 2026<\/strong><\/strong> e o <strong>resultado<\/strong> ser\u00e1 divulgado no dia <strong>29 de janeiro<\/strong> <strong>de 2026.<\/strong><\/p>\n\n\n\n<p>O candidato que n\u00e3o participa desta etapa \u00e9 automaticamente eliminado do processo seletivo.<\/p>\n\n\n\n<figure class=\"wp-block-image size-large\"><a href=\"https:\/\/www.grupomedcof.com.br\/cofletters\/\"><img loading=\"lazy\" decoding=\"async\" width=\"1024\" height=\"366\" src=\"https:\/\/www.grupomedcof.com.br\/blog\/wp-content\/uploads\/2024\/10\/Capa-Eventos-MedCof-Plus-1-1024x366.png\" alt=\"\" class=\"wp-image-30896\" srcset=\"https:\/\/www.grupomedcof.com.br\/blog\/wp-content\/uploads\/2024\/10\/Capa-Eventos-MedCof-Plus-1-1024x366.png 1024w, https:\/\/www.grupomedcof.com.br\/blog\/wp-content\/uploads\/2024\/10\/Capa-Eventos-MedCof-Plus-1-300x107.png 300w, https:\/\/www.grupomedcof.com.br\/blog\/wp-content\/uploads\/2024\/10\/Capa-Eventos-MedCof-Plus-1-768x275.png 768w, https:\/\/www.grupomedcof.com.br\/blog\/wp-content\/uploads\/2024\/10\/Capa-Eventos-MedCof-Plus-1-1536x549.png 1536w, https:\/\/www.grupomedcof.com.br\/blog\/wp-content\/uploads\/2024\/10\/Capa-Eventos-MedCof-Plus-1-2048x732.png 2048w, https:\/\/www.grupomedcof.com.br\/blog\/wp-content\/uploads\/2024\/10\/Capa-Eventos-MedCof-Plus-1-1175x420.png 1175w, https:\/\/www.grupomedcof.com.br\/blog\/wp-content\/uploads\/2024\/10\/Capa-Eventos-MedCof-Plus-1-150x54.png 150w, https:\/\/www.grupomedcof.com.br\/blog\/wp-content\/uploads\/2024\/10\/Capa-Eventos-MedCof-Plus-1-696x249.png 696w, https:\/\/www.grupomedcof.com.br\/blog\/wp-content\/uploads\/2024\/10\/Capa-Eventos-MedCof-Plus-1-1068x382.png 1068w, https:\/\/www.grupomedcof.com.br\/blog\/wp-content\/uploads\/2024\/10\/Capa-Eventos-MedCof-Plus-1-1920x686.png 1920w\" sizes=\"auto, (max-width: 1024px) 100vw, 1024px\" \/><\/a><\/figure>\n\n\n\n<h2 class=\"wp-block-heading\" id=\"h-temas-a-serem-analisados-na-avaliacao-curricular\"><span class=\"ez-toc-section\" id=\"Temas_a_serem_analisados_na_avaliacao_curricular\"><\/span><strong>Temas a serem analisados na avalia\u00e7\u00e3o curricular<\/strong><span class=\"ez-toc-section-end\"><\/span><\/h2>\n\n\n\n<h3 class=\"wp-block-heading\" id=\"h-areas-basica-e-de-acesso-direto\"><span class=\"ez-toc-section\" id=\"Areas_Basica_e_de_Acesso_Direto\"><\/span><strong>\u00c1reas B\u00e1sica e de Acesso Direto<\/strong><span class=\"ez-toc-section-end\"><\/span><\/h3>\n\n\n\n<figure class=\"wp-block-table\"><table class=\"has-fixed-layout\"><tbody><tr><td><strong>Item<\/strong><\/td><td><strong>Nota m\u00e1xima<\/strong><\/td><\/tr><tr><td>1. Faculdade onde cursou a GRADUA\u00c7\u00c3O possuir um ou mais programas<br>de P\u00f3s-gradua\u00e7\u00e3o aceito pela CAPES:<\/td><td>13 pontos<\/td><\/tr><tr><td>a) Doutorado \u2013 estrito senso;<\/td><td>12<\/td><\/tr><tr><td>b) Mestrado \u2013 estrito senso.<\/td><td>6<\/td><\/tr><\/tbody><\/table><\/figure>\n\n\n\n<figure class=\"wp-block-table\"><table class=\"has-fixed-layout\"><tbody><tr><td><strong>Item<\/strong><\/td><td><strong>Nota m\u00e1xima<\/strong><\/td><\/tr><tr><td>2. Hospital de ensino pr\u00f3prio e\/ou formalmente conveniado com a<br>institui\u00e7\u00e3o de ensino:<\/td><td>12 pontos<\/td><\/tr><tr><td>a) Possuir hospital de ensino pr\u00f3prio;<\/td><td>12<\/td><\/tr><tr><td>b) Possuir hospital de ensino formalmente conveniado com governo federal,<br>estadual, municipal ou hospitais privados.<\/td><td>3<\/td><\/tr><\/tbody><\/table><\/figure>\n\n\n\n<figure class=\"wp-block-table\"><table class=\"has-fixed-layout\"><tbody><tr><td><strong>Item<\/strong><\/td><td><strong>Nota m\u00e1xima<\/strong><\/td><\/tr><tr><td>2. Hospital de ensino pr\u00f3prio e\/ou formalmente conveniado com a<br>institui\u00e7\u00e3o de ensino:<\/td><td>10 pontos<\/td><\/tr><tr><td>a) Possuir hospital de ensino pr\u00f3prio;<\/td><td>10<\/td><\/tr><tr><td>b) Possuir hospital de ensino formalmente conveniado com governo federal,<br>estadual, municipal ou hospitais privados.<\/td><td>5<\/td><\/tr><\/tbody><\/table><\/figure>\n\n\n\n<figure class=\"wp-block-table\"><table class=\"has-fixed-layout\"><tbody><tr><td><strong>Item<\/strong><\/td><td><strong>Nota m\u00e1xima<\/strong><\/td><\/tr><tr><td>3. Institui\u00e7\u00e3o de forma\u00e7\u00e3o ter centro assistencial: conforme Observa\u00e7\u00e3o<\/td><td>08 pontos<\/td><\/tr><tr><td>a) Prim\u00e1rio, secund\u00e1rio e terci\u00e1rio;<\/td><td>8<\/td><\/tr><tr><td>b) Prim\u00e1rio e secund\u00e1rio.<\/td><td>2<\/td><\/tr><\/tbody><\/table><\/figure>\n\n\n\n<figure class=\"wp-block-table\"><table class=\"has-fixed-layout\"><tbody><tr><td><strong>Item<\/strong><\/td><td><strong>Nota m\u00e1xima<\/strong><\/td><\/tr><tr><td>4. Participa\u00e7\u00e3o em atividade de monitoria:<\/td><td>03 pontos<\/td><\/tr><tr><td>a) Mais de 2 semestres letivos na mesma monitoria (carga hor\u00e1ria total m\u00ednima de 192h);<\/td><td>3<\/td><\/tr><tr><td>b) 2 semestres letivos na mesma monitoria (carga hor\u00e1ria total m\u00ednima de 128h);<\/td><td>2<\/td><\/tr><tr><td>c) 1 semestre letivo na mesma monitoria<br>(carga hor\u00e1ria total m\u00ednima de 64h).<\/td><td>1<\/td><\/tr><\/tbody><\/table><\/figure>\n\n\n\n<figure class=\"wp-block-table\"><table class=\"has-fixed-layout\"><tbody><tr><td><strong>Item<\/strong><\/td><td><strong>Nota m\u00e1xima<\/strong><\/td><\/tr><tr><td>5. Participa\u00e7\u00e3o em inicia\u00e7\u00e3o cient\u00edfica com ou sem bolsa:<\/td><td>12 pontos<\/td><\/tr><tr><td>Participa\u00e7\u00e3o <strong>COM BOLSA<\/strong> documentada pelo \u00f3rg\u00e3o emissor: <br>a) 02 ou mais semestres eletivos e aceita\u00e7\u00e3o\/publica\u00e7\u00e3o do artigo cient\u00edfico<br>relacionado \u00e0 inicia\u00e7\u00e3o cient\u00edfica;<\/td><td>12<\/td><\/tr><tr><td>b) 02 semestres eletivos<\/td><td>4<\/td><\/tr><tr><td>Participa\u00e7\u00e3o <strong>SEM BOLSA<\/strong> documentada pela institui\u00e7\u00e3o:<br>a) 02 ou mais semestres letivos e aceita\u00e7\u00e3o\/publica\u00e7\u00e3o do artigo cient\u00edfico<br>relacionado \u00e0 inicia\u00e7\u00e3o cient\u00edfica;<\/td><td>8 pontos<\/td><\/tr><tr><td>b) 02 semestres letivos.<\/td><td>2<\/td><\/tr><\/tbody><\/table><\/figure>\n\n\n\n<figure class=\"wp-block-table\"><table class=\"has-fixed-layout\"><tbody><tr><td><strong>Item<\/strong><\/td><td><strong>Nota m\u00e1xima<\/strong><\/td><\/tr><tr><td>6.Publica\u00e7\u00e3o cient\u00edfica DIFERENTE da citada no item 6:<\/td><td>10 pontos<\/td><\/tr><tr><td>a) Publica\u00e7\u00e3o de artigo em peri\u00f3dico indexado no PubMed;<\/td><td>10<\/td><\/tr><tr><td>b) Publica\u00e7\u00e3o de artigo em peri\u00f3dico indexado no (SCIELO ou, LILACS;<\/td><td>8<\/td><\/tr><tr><td>c) Publica\u00e7\u00e3o de artigo em peri\u00f3dico n\u00e3o indexado;<\/td><td>2<\/td><\/tr><tr><td>d) Publica\u00e7\u00e3o em anais de congresso internacional;<\/td><td>1<\/td><\/tr><\/tbody><\/table><\/figure>\n\n\n\n<figure class=\"wp-block-table\"><table class=\"has-fixed-layout\"><tbody><tr><td><strong>Item<\/strong><\/td><td><strong>Nota m\u00e1xima<\/strong><\/td><\/tr><tr><td>7. Organiza\u00e7\u00e3o e participa\u00e7\u00e3o em congressos ou afins:<\/td><td>06 pontos<\/td><\/tr><tr><td>a) Organiza\u00e7\u00e3o de congressos estaduais, nacionais ou internacionais organizados<br>por entidades profissionais de classe;<\/td><td>4<\/td><\/tr><tr><td>b) Organiza\u00e7\u00e3o em encontros, jornadas cient\u00edficas, eventos organizados por ligas,<br>estudantes ou diret\u00f3rios acad\u00eamicos;<\/td><td>2<\/td><\/tr><\/tbody><\/table><\/figure>\n\n\n\n<figure class=\"wp-block-table\"><table class=\"has-fixed-layout\"><tbody><tr><td><strong>Item<\/strong><\/td><td><strong>Nota m\u00e1xima<\/strong><\/td><\/tr><tr><td>8. Apresenta\u00e7\u00e3o oral de trabalhos cient\u00edficos ou palestras em congressos<br>nacionais ou internacionais:<\/td><td>10 pontos<\/td><\/tr><tr><td>a) Congressos internacionais &#8211; <strong>se o trabalho ganhou pr\u00eamio;<\/strong><\/td><td>8<\/td><\/tr><tr><td>b) Congressos internacionais;<\/td><td>8<\/td><\/tr><tr><td>c) Congressos nacionais &#8211; <strong>se o trabalho ganhou pr\u00eamio;<\/strong><\/td><td>7<\/td><\/tr><tr><td>d) Congressos nacionais;<\/td><td>5<\/td><\/tr><tr><td>e) Jornadas cientificas organizadas por sociedades m\u00e9dicas &#8211; <strong>se o trabalho<br>ganhou pr\u00eamio;<\/strong><\/td><td>4<\/td><\/tr><tr><td>f) Jornadas cientificas organizadas por sociedades m\u00e9dicas;<\/td><td>4<\/td><\/tr><tr><td>g) Jornadas cientificas organizadas por ligas, estudantes ou entidade diret\u00f3rios<br>acad\u00eamicos &#8211; <strong>se o trabalho ganhou pr\u00eamio (se participou como 1\u00ba autor);<\/strong><\/td><td>2<\/td><\/tr><tr><td>h) Jornadas cientificas organizadas por ligas, estudantes ou entidade diret\u00f3rios<br>acad\u00eamicos &#8211; <strong>se o trabalho ganhou pr\u00eamio;<\/strong><\/td><td>2<\/td><\/tr><tr><td>i) Jornadas cientificas organizadas por ligas, estudantes ou entidade diret\u00f3rios<br>acad\u00eamicos <strong>(se participou como 1\u00ba autor);<\/strong><\/td><td>2<\/td><\/tr><tr><td>j) Jornadas cientificas organizadas por ligas, estudantes ou entidade diret\u00f3rios<br>acad\u00eamicos (m\u00e1ximo de 3 trabalhos).<\/td><td>1<\/td><\/tr><\/tbody><\/table><\/figure>\n\n\n\n<figure class=\"wp-block-table\"><table class=\"has-fixed-layout\"><tbody><tr><td><strong>Item<\/strong><\/td><td><strong>Nota m\u00e1xima<\/strong><\/td><\/tr><tr><td>9. Respons\u00e1vel pela apresenta\u00e7\u00e3o de p\u00f4ster em congresso:<\/td><td>6 pontos<\/td><\/tr><tr><td>a) Apresenta\u00e7\u00e3o em congressos internacionais organizados por entidades<br>profissionais de classe;<\/td><td>6<\/td><\/tr><tr><td>b) Apresenta\u00e7\u00e3o em congressos nacionais organizados por entidades profissionais<br>de classe;<\/td><td>4<\/td><\/tr><tr><td>c) Apresenta\u00e7\u00e3o em encontros, jornadas cient\u00edficas, eventos organizados por<br>ligas, estudantes ou diret\u00f3rios acad\u00eamicos (m\u00e1ximo de 3 trabalhos).<\/td><td>1<\/td><\/tr><\/tbody><\/table><\/figure>\n\n\n\n<figure class=\"wp-block-table\"><table class=\"has-fixed-layout\"><tbody><tr><td><strong>Item<\/strong><\/td><td><strong>Nota m\u00e1xima<\/strong><\/td><\/tr><tr><td>10. Liga acad\u00eamica comprovada:<\/td><td>5 pontos<\/td><\/tr><tr><td>a) Diretoria por 1 ano;<\/td><td>5<\/td><\/tr><tr><td>b) Membro da liga (ligante) por per\u00edodo de 2 anos;<\/td><td>2<\/td><\/tr><tr><td>c) Membro da liga (ligante) por per\u00edodo de 1 ano.<\/td><td>1<\/td><\/tr><\/tbody><\/table><\/figure>\n\n\n\n<figure class=\"wp-block-table\"><table class=\"has-fixed-layout\"><tbody><tr><td><strong>Item<\/strong><\/td><td><strong>Nota m\u00e1xima<\/strong><\/td><\/tr><tr><td>11. Atividades de aprimoramento profissional I:<\/td><td>8 pontos<\/td><\/tr><tr><td>a) P\u00f3s-gradua\u00e7\u00e3o, estrito senso \u2013 Doutorado conclu\u00eddo;<\/td><td>8<\/td><\/tr><tr><td>b) P\u00f3s-gradua\u00e7\u00e3o, estrito senso \u2013 Mestrado conclu\u00eddo;<\/td><td>4<\/td><\/tr><tr><td>c) Resid\u00eancia M\u00e9dica conclu\u00edda em outra \u00e1rea;<\/td><td>2<\/td><\/tr><tr><td>d) Outro curso universit\u00e1rio conclu\u00eddo.<\/td><td>1<\/td><\/tr><\/tbody><\/table><\/figure>\n\n\n\n<figure class=\"wp-block-table\"><table class=\"has-fixed-layout\"><tbody><tr><td><strong>Item<\/strong><\/td><td><strong>Nota m\u00e1xima<\/strong><\/td><\/tr><tr><td>12. Curso Extracurricular de suporte de vida atualizado<\/td><td>4 pontos<\/td><\/tr><tr><td>a) ACLS, ATLS, PALS, Reanima\u00e7\u00e3o Neonatal, BLS, SAVIC ou PHTLS.<br>(2 pontos por curso \u2013 m\u00e1ximo de 2 curso)<\/td><td>4<\/td><\/tr><\/tbody><\/table><\/figure>\n\n\n\n<figure class=\"wp-block-table\"><table class=\"has-fixed-layout\"><tbody><tr><td><strong>Item<\/strong><\/td><td><strong>Nota m\u00e1xima<\/strong><\/td><\/tr><tr><td>13. Representa\u00e7\u00e3o estudantil, exceto Liga Acad\u00eamica.<\/td><td>3 pontos<\/td><\/tr><tr><td>a) Participa\u00e7\u00e3o comprovada com m\u00ednimo de 2 anos (4 semestres eletivos);<\/td><td>3<\/td><\/tr><tr><td>b) Participa\u00e7\u00e3o comprovada com m\u00ednimo de 1 ano (2 semestres letivos)<\/td><td>1<\/td><\/tr><\/tbody><\/table><\/figure>\n\n\n\n<h3 class=\"wp-block-heading\" id=\"h-especialidades-clinicas-cirurgicas-anos-adicionais-areas-de-atuacoes\"><span class=\"ez-toc-section\" id=\"Especialidades_Clinicas_Cirurgicas_Anos_Adicionais_Areas_de_Atuacoes\"><\/span><strong>Especialidades Cl\u00ednicas, Cir\u00fargicas, Anos Adicionais, \u00c1reas de Atua\u00e7\u00f5es<\/strong><span class=\"ez-toc-section-end\"><\/span><\/h3>\n\n\n\n<figure class=\"wp-block-table\"><table class=\"has-fixed-layout\"><tbody><tr><td><strong>Item<\/strong><\/td><td><strong>Nota m\u00e1xima<\/strong><\/td><\/tr><tr><td>1. Faculdade onde cursou a gradua\u00e7\u00e3o possuir um ou mais programas<br>de p\u00f3s-gradua\u00e7\u00e3o aceito pela CAPES:<\/td><td>10 pontos<\/td><\/tr><tr><td>a) Doutorado \u2013 estrito senso; <\/td><td>8<\/td><\/tr><tr><td>b) Mestrado \u2013 estrito senso; <\/td><td>2<\/td><\/tr><\/tbody><\/table><\/figure>\n\n\n\n<figure class=\"wp-block-table\"><table class=\"has-fixed-layout\"><tbody><tr><td><strong>Item<\/strong><\/td><td><strong>Nota m\u00e1xima<\/strong><\/td><\/tr><tr><td>2. Institui\u00e7\u00e3o de forma\u00e7\u00e3o do PR\u00c9-REQUISITO exigido pela especialidade<br>preterida &#8211; possuir um ou mais programas de P\u00f3s-gradua\u00e7\u00e3o em<br>Medicina I, II ou III, aprovado pela CAPES:<\/td><td>14 pontos<\/td><\/tr><tr><td>a) Doutorado \u2013 estrito senso; (4 pontos\/programa \u2013 m\u00e1ximo de 3 programas);<\/td><td>12<\/td><\/tr><tr><td>b) Mestrado \u2013 estrito senso. (3 pontos\/programa \u2013 m\u00e1ximo de 3 programas).<\/td><td>9<\/td><\/tr><\/tbody><\/table><\/figure>\n\n\n\n<figure class=\"wp-block-table\"><table class=\"has-fixed-layout\"><tbody><tr><td><strong>Item<\/strong><\/td><td><strong>Nota m\u00e1xima<\/strong><\/td><\/tr><tr><td>3. Institui\u00e7\u00e3o de forma\u00e7\u00e3o do PR\u00c9-REQUISITO exigido pela especialidade<br>preterida ser centro assistencial conforme abaixo discriminado: (Vide<br>observa\u00e7\u00f5es abaixo)<\/td><td>10 pontos<\/td><\/tr><tr><td>a) Prim\u00e1rio, secund\u00e1rio e terci\u00e1rio;<\/td><td>10<\/td><\/tr><tr><td>b) Prim\u00e1rio e secund\u00e1rio<\/td><td>2<\/td><\/tr><\/tbody><\/table><\/figure>\n\n\n\n<figure class=\"wp-block-table\"><table class=\"has-fixed-layout\"><tbody><tr><td><strong>Item<\/strong><\/td><td><strong>Nota m\u00e1xima<\/strong><\/td><\/tr><tr><td>4. Participa\u00e7\u00e3o em inicia\u00e7\u00e3o cient\u00edfica com ou sem bolsa:<\/td><td>14 pontos<\/td><\/tr><tr><td>Participa\u00e7\u00e3o <strong>COM BOLSA<\/strong> documentada pelo \u00f3rg\u00e3o emissor:<br> a) 02 ou mais semestres letivos e aceita\u00e7\u00e3o para publica\u00e7\u00e3o do artigo cient\u00edfico<br>relacionado \u00e0 inicia\u00e7\u00e3o cient\u00edfica; (6 pontos \/ projeto de inicia\u00e7\u00e3o \u2013 m\u00e1ximo 2 projetos);<\/td><td>12<\/td><\/tr><tr><td>b) 02 semestres letivos (2 pontos \/ projeto de inicia\u00e7\u00e3o \u2013 m\u00e1ximo 2 projetos)<\/td><td>4<\/td><\/tr><tr><td>Participa\u00e7\u00e3o <strong>SEM BOLSA<\/strong> documentada pela institui\u00e7\u00e3o:<br>d) 02 ou mais semestres letivos e aceita\u00e7\u00e3o\/publica\u00e7\u00e3o do artigo cient\u00edfico<br>relacionado \u00e0 inicia\u00e7\u00e3o cient\u00edfica; (4 pontos \/ projeto de inicia\u00e7\u00e3o \u2013 m\u00e1ximo 2 projetos)<\/td><td>8<\/td><\/tr><tr><td>e) 02 semestres letivos. (1 ponto \/ projeto de inicia\u00e7\u00e3o \u2013 m\u00e1ximo 2 projetos)<\/td><td>2<\/td><\/tr><\/tbody><\/table><\/figure>\n\n\n\n<figure class=\"wp-block-table\"><table class=\"has-fixed-layout\"><tbody><tr><td><strong>Item<\/strong><\/td><td><strong>Nota m\u00e1xima<\/strong><\/td><\/tr><tr><td>5. Publica\u00e7\u00e3o cient\u00edfica DIFERENTE da citada no item 4:<\/td><td>12 pontos<\/td><\/tr><tr><td>a) Publica\u00e7\u00e3o de artigo em peri\u00f3dico indexado no PubMed; relacionado \u00e0<br>especialidade.<\/td><td>10<\/td><\/tr><tr><td>b) PPublica\u00e7\u00e3o de artigo em peri\u00f3dico indexado no SCIELO (m\u00e1ximo 1 artigo);<\/td><td>6<\/td><\/tr><tr><td>c) Publica\u00e7\u00e3o em anais de congresso internacional; (m\u00e1ximo 1 artigo)<\/td><td>2<\/td><\/tr><tr><td>d) Publica\u00e7\u00e3o em anais de congresso nacional. (m\u00e1ximo 1 artigo)<\/td><td>1<\/td><\/tr><\/tbody><\/table><\/figure>\n\n\n\n<figure class=\"wp-block-table\"><table class=\"has-fixed-layout\"><tbody><tr><td><strong>Item<\/strong><\/td><td><strong>Nota m\u00e1xima<\/strong><\/td><\/tr><tr><td>6. Organiza\u00e7\u00e3o e participa\u00e7\u00e3o em congressos e afins:<\/td><td>6 pontos<\/td><\/tr><tr><td>a) Organiza\u00e7\u00e3o de congressos estaduais, nacionais ou internacionais organizados<br>por entidades profissionais de classe;<\/td><td>4<\/td><\/tr><tr><td>b) Organiza\u00e7\u00e3o em encontros, jornadas cient\u00edficas, eventos organizados por ligas,<br>estudantes ou diret\u00f3rios acad\u00eamicos;<\/td><td>2<\/td><\/tr><\/tbody><\/table><\/figure>\n\n\n\n<figure class=\"wp-block-table\"><table class=\"has-fixed-layout\"><tbody><tr><td><strong>Item<\/strong><\/td><td><strong>Nota m\u00e1xima<\/strong><\/td><\/tr><tr><td>7.Apresenta\u00e7\u00e3o oral de trabalhos cient\u00edficos ou palestras em congressos<br>nacionais ou internacionais:<\/td><td>10 pontos<\/td><\/tr><tr><td>a) Congressos internacionais relacionados \u00e0 especialidade requerida &#8211; <strong>se o<br>trabalho ganhou pr\u00eamio;<\/strong><\/td><td>10<\/td><\/tr><tr><td>b) Congressos internacionais (teve apresenta\u00e7\u00e3o oral de trabalho cient\u00edfico sem premia\u00e7\u00e3o);<br>(m\u00e1ximo de 1 atividade).;<\/td><td>8<\/td><\/tr><tr><td>c) Congressos nacionais relacionados \u00e0 especialidade requerida &#8211;<strong> se o trabalho<br>ganhou pr\u00eamio;<\/strong><\/td><td>7<\/td><\/tr><tr><td>d) Congressos nacionais (teve apresenta\u00e7\u00e3o oral de trabalho cient\u00edfico sem premia\u00e7\u00e3o);<br>(m\u00e1ximo de 1 atividade)<\/td><td>5<\/td><\/tr><\/tbody><\/table><\/figure>\n\n\n\n<figure class=\"wp-block-table\"><table class=\"has-fixed-layout\"><tbody><tr><td><strong>Item<\/strong><\/td><td><strong>Nota m\u00e1xima<\/strong><\/td><\/tr><tr><td>8. Respons\u00e1vel pela apresenta\u00e7\u00e3o de p\u00f4ster em congresso:<\/td><td>8 pontos<\/td><\/tr><tr><td>a) Apresenta\u00e7\u00e3o como primeiro autor em congressos internacionais organizados<br>por entidades profissionais de classe; (m\u00e1ximo de 1 atividade)<\/td><td>8<\/td><\/tr><tr><td>b) Apresenta\u00e7\u00e3o como primeiro autor em congressos nacionais organizados por<br>entidades profissionais de classe; (m\u00e1ximo de 1 atividade);<\/td><td>6<\/td><\/tr><tr><td>d) Congressos nacionais (teve apresenta\u00e7\u00e3o oral de trabalho cient\u00edfico sem<br>premia\u00e7\u00e3o);<br>(m\u00e1ximo de 1 atividade).<\/td><td>5<\/td><\/tr><\/tbody><\/table><\/figure>\n\n\n\n<figure class=\"wp-block-table\"><table class=\"has-fixed-layout\"><tbody><tr><td><strong>Item<\/strong><\/td><td><strong>Nota m\u00e1xima<\/strong><\/td><\/tr><tr><td>9. Participa\u00e7\u00e3o em Sociedades M\u00e9dicas ou Associa\u00e7\u00f5es de M\u00e9dicos<br>Residentes:<\/td><td>4 pontos<\/td><\/tr><tr><td>a) Diretoria por 1 ano;<\/td><td>4<\/td><\/tr><tr><td>b) Membro por 2 anos;<\/td><td>2<\/td><\/tr><tr><td>c) Membro por per\u00edodo de 1 ano.<\/td><td>1<\/td><\/tr><\/tbody><\/table><\/figure>\n\n\n\n<figure class=\"wp-block-table\"><table class=\"has-fixed-layout\"><tbody><tr><td><strong>Item<\/strong><\/td><td><strong>Nota m\u00e1xima<\/strong><\/td><\/tr><tr><td>10. Atividades de aprimoramento profissional:<\/td><td>8 pontos<\/td><\/tr><tr><td>a) P\u00f3s-gradua\u00e7\u00e3o, estrito senso \u2013 Doutorado, conclu\u00eddo;<\/td><td>8<\/td><\/tr><tr><td>b) P\u00f3s-gradua\u00e7\u00e3o, estrito senso \u2013 Mestrado, conclu\u00eddo;<\/td><td>4<\/td><\/tr><tr><td>c) Resid\u00eancia M\u00e9dica conclu\u00edda em outra \u00e1rea, que n\u00e3o seja relacionada ao pr\u00e9requisito obrigat\u00f3rio; (m\u00e1ximo 1 atividade).<\/td><td>2<\/td><\/tr><tr><td>e) Outro curso universit\u00e1rio conclu\u00eddo, conclu\u00eddo;<\/td><td>1<\/td><\/tr><\/tbody><\/table><\/figure>\n\n\n\n<figure class=\"wp-block-table\"><table class=\"has-fixed-layout\"><tbody><tr><td><strong>Item<\/strong><\/td><td><strong>Nota m\u00e1xima<\/strong><\/td><\/tr><tr><td>11. Curso Extracurricular de suporte de vida atualizados:<\/td><td>4 pontos<\/td><\/tr><tr><td>a) ACLS, ATLS, PALS, Reanima\u00e7\u00e3o Neonatal, BLS, SAVIC ou PHTLS.<br>(2 pontos por curso \u2013 m\u00e1ximo de 2 curso);<\/td><td>4<\/td><\/tr><\/tbody><\/table><\/figure>\n\n\n\n<h2 class=\"wp-block-heading\" id=\"h-como-montar-o-curriculo-para-a-usp-sp-residencia-medica\"><span class=\"ez-toc-section\" id=\"Como_montar_o_Curriculo_para_a_USP-SP_Residencia_Medica\"><\/span><strong>Como montar o Curr\u00edculo para a USP-SP Resid\u00eancia M\u00e9dica?<\/strong><span class=\"ez-toc-section-end\"><\/span><\/h2>\n\n\n\n<p>Para montar um bom curr\u00edculo para o <a href=\"https:\/\/www.grupomedcof.com.br\/blog\/residencia-medica-usp-sp\/\">processo seletivo da USP-SP,<\/a> o candidato precisa comprovar a realiza\u00e7\u00e3o de atividades acad\u00eamicas relevantes. Destacando a Inicia\u00e7\u00e3o Cient\u00edfica, Ligas Acad\u00eamicas, projetos de extens\u00e3o, participa\u00e7\u00e3o de eventos e congressos e claro, idiomas de l\u00ednguas estrangeiras.<\/p>\n\n\n\n<h2 class=\"wp-block-heading\" id=\"conquiste-a-aprova\u00e7\u00e3o\"><span class=\"ez-toc-section\" id=\"Conquiste_a_aprovacao_na_Residencia_Medica_USP-SP\"><\/span><strong><strong>Conquiste a aprova\u00e7\u00e3o na Resid\u00eancia M\u00e9dica USP-SP<\/strong><\/strong><span class=\"ez-toc-section-end\"><\/span><\/h2>\n\n\n\n<p>As provas de resid\u00eancia est\u00e3o cada vez mais perto! Se voc\u00ea<strong><a href=\"https:\/\/www.grupomedcof.com.br\/blog\/presenca-da-medcof-nas-aprovacoes-em-residencia-medica-no-brasil\/\" target=\"_blank\" rel=\"noreferrer noopener\">\u00a0quer\u00a0ser mais\u00a0um aprovado<\/a>\u00a0<\/strong>nas melhores resid\u00eancias m\u00e9dicas do pa\u00eds, ent\u00e3o conhe\u00e7a o<a href=\"https:\/\/www.grupomedcof.com.br\/\" target=\"_blank\" rel=\"noreferrer noopener\">\u00a0<strong>Grupo\u00a0MedCof<\/strong><\/a><strong>!<\/strong>\u00a0Temos um cat\u00e1logo repleto de cursos que te guiar\u00e3o na jornada para as provas de Resid\u00eancia M\u00e9dica que ocorrer\u00e3o em 2025\/2026!<\/p>\n\n\n\n<figure class=\"wp-block-embed is-type-video is-provider-youtube wp-block-embed-youtube wp-embed-aspect-16-9 wp-has-aspect-ratio\"><div class=\"wp-block-embed__wrapper\">\nhttps:\/\/www.youtube.com\/watch?v=EDYTVLVuF34\n<\/div><\/figure>\n","protected":false},"excerpt":{"rendered":"<p>Est\u00e1 se preparando para a USP-SP 2025\/2026? Ent\u00e3o voc\u00ea precisa saber tudo sobre a an\u00e1lise curricular para mandar bem no processo seletivo.<\/p>\n","protected":false},"author":20,"featured_media":30916,"comment_status":"open","ping_status":"open","sticky":false,"template":"","format":"standard","meta":{"footnotes":""},"categories":[287,174],"tags":[1636,1568,117,68,13],"ppma_author":[3616],"class_list":{"0":"post-30913","1":"post","2":"type-post","3":"status-publish","4":"format-standard","5":"has-post-thumbnail","7":"category-destaques-medcof","8":"category-residencia-medica","9":"tag-analise-curricular","10":"tag-edital","11":"tag-provas-de-residencia","12":"tag-residencia-medica","13":"tag-usp-sp"},"yoast_head":"<!-- This site is optimized with the Yoast SEO Premium plugin v24.3 (Yoast SEO v27.4) - https:\/\/yoast.com\/product\/yoast-seo-premium-wordpress\/ -->\n<title>Como \u00e9 a An\u00e1lise Curricular de Resid\u00eancia M\u00e9dica da USP-SP - Blog de Medcof: conte\u00fados, editais, revalida e mais!<\/title>\n<meta name=\"description\" content=\"Est\u00e1 se preparando para a USP-SP 2025\/2026? Ent\u00e3o voc\u00ea precisa saber tudo sobre a an\u00e1lise curricular para mandar bem no processo seletivo.\" \/>\n<meta name=\"robots\" content=\"index, follow, max-snippet:-1, max-image-preview:large, max-video-preview:-1\" \/>\n<link rel=\"canonical\" href=\"https:\/\/www.grupomedcof.com.br\/blog\/como-e-a-analise-curricular-da-usp-sp\/\" \/>\n<meta property=\"og:locale\" content=\"pt_BR\" \/>\n<meta property=\"og:type\" content=\"article\" \/>\n<meta property=\"og:title\" content=\"Como \u00e9 a An\u00e1lise Curricular de Resid\u00eancia M\u00e9dica da USP-SP\" \/>\n<meta property=\"og:description\" content=\"Est\u00e1 se preparando para a USP-SP 2025\/2026? Ent\u00e3o voc\u00ea precisa saber tudo sobre a an\u00e1lise curricular para mandar bem no processo seletivo.\" \/>\n<meta property=\"og:url\" content=\"https:\/\/www.grupomedcof.com.br\/blog\/como-e-a-analise-curricular-da-usp-sp\/\" \/>\n<meta property=\"og:site_name\" content=\"Blog de Medcof: conte\u00fados, editais, revalida e mais!\" \/>\n<meta property=\"article:publisher\" content=\"https:\/\/www.facebook.com\/MedCofQbank\/\" \/>\n<meta property=\"article:published_time\" content=\"2025-09-22T18:28:03+00:00\" \/>\n<meta property=\"article:modified_time\" content=\"2025-09-22T18:28:05+00:00\" \/>\n<meta property=\"og:image\" content=\"https:\/\/www.grupomedcof.com.br\/blog\/wp-content\/uploads\/2024\/10\/Modelo-instituicoes-4.png\" \/>\n\t<meta property=\"og:image:width\" content=\"2560\" \/>\n\t<meta property=\"og:image:height\" content=\"1440\" \/>\n\t<meta property=\"og:image:type\" content=\"image\/png\" \/>\n<meta name=\"author\" content=\"Leila Menzel\" \/>\n<meta name=\"twitter:card\" content=\"summary_large_image\" \/>\n<meta name=\"twitter:label1\" content=\"Escrito por\" \/>\n\t<meta name=\"twitter:data1\" content=\"Leila Menzel\" \/>\n\t<meta name=\"twitter:label2\" content=\"Est. tempo de leitura\" \/>\n\t<meta name=\"twitter:data2\" content=\"10 minutos\" \/>\n<script type=\"application\/ld+json\" class=\"yoast-schema-graph\">{\"@context\":\"https:\\\/\\\/schema.org\",\"@graph\":[{\"@type\":\"Article\",\"@id\":\"https:\\\/\\\/www.grupomedcof.com.br\\\/blog\\\/como-e-a-analise-curricular-da-usp-sp\\\/#article\",\"isPartOf\":{\"@id\":\"https:\\\/\\\/www.grupomedcof.com.br\\\/blog\\\/como-e-a-analise-curricular-da-usp-sp\\\/\"},\"author\":{\"name\":\"Leila Menzel\",\"@id\":\"https:\\\/\\\/www.grupomedcof.com.br\\\/blog\\\/#\\\/schema\\\/person\\\/9a44c2184a836bf5ae6967fdb3a1451e\"},\"headline\":\"Como \u00e9 a An\u00e1lise Curricular de Resid\u00eancia M\u00e9dica da USP-SP\",\"datePublished\":\"2025-09-22T18:28:03+00:00\",\"dateModified\":\"2025-09-22T18:28:05+00:00\",\"mainEntityOfPage\":{\"@id\":\"https:\\\/\\\/www.grupomedcof.com.br\\\/blog\\\/como-e-a-analise-curricular-da-usp-sp\\\/\"},\"wordCount\":1677,\"commentCount\":0,\"publisher\":{\"@id\":\"https:\\\/\\\/www.grupomedcof.com.br\\\/blog\\\/#organization\"},\"image\":{\"@id\":\"https:\\\/\\\/www.grupomedcof.com.br\\\/blog\\\/como-e-a-analise-curricular-da-usp-sp\\\/#primaryimage\"},\"thumbnailUrl\":\"https:\\\/\\\/www.grupomedcof.com.br\\\/blog\\\/wp-content\\\/uploads\\\/2024\\\/10\\\/Modelo-instituicoes-4.png\",\"keywords\":[\"AN\u00e1lise Curricular\",\"Edital\",\"Provas de Resid\u00eancia\",\"Resid\u00eancia M\u00e9dica\",\"USP-SP\"],\"articleSection\":[\"Destaques MedCof\",\"Resid\u00eancia m\u00e9dica: editais, resultados, temas quentes e mais\"],\"inLanguage\":\"pt-BR\"},{\"@type\":\"WebPage\",\"@id\":\"https:\\\/\\\/www.grupomedcof.com.br\\\/blog\\\/como-e-a-analise-curricular-da-usp-sp\\\/\",\"url\":\"https:\\\/\\\/www.grupomedcof.com.br\\\/blog\\\/como-e-a-analise-curricular-da-usp-sp\\\/\",\"name\":\"Como \u00e9 a An\u00e1lise Curricular de Resid\u00eancia M\u00e9dica da USP-SP - Blog de Medcof: conte\u00fados, editais, revalida e mais!\",\"isPartOf\":{\"@id\":\"https:\\\/\\\/www.grupomedcof.com.br\\\/blog\\\/#website\"},\"primaryImageOfPage\":{\"@id\":\"https:\\\/\\\/www.grupomedcof.com.br\\\/blog\\\/como-e-a-analise-curricular-da-usp-sp\\\/#primaryimage\"},\"image\":{\"@id\":\"https:\\\/\\\/www.grupomedcof.com.br\\\/blog\\\/como-e-a-analise-curricular-da-usp-sp\\\/#primaryimage\"},\"thumbnailUrl\":\"https:\\\/\\\/www.grupomedcof.com.br\\\/blog\\\/wp-content\\\/uploads\\\/2024\\\/10\\\/Modelo-instituicoes-4.png\",\"datePublished\":\"2025-09-22T18:28:03+00:00\",\"dateModified\":\"2025-09-22T18:28:05+00:00\",\"description\":\"Est\u00e1 se preparando para a USP-SP 2025\\\/2026? Ent\u00e3o voc\u00ea precisa saber tudo sobre a an\u00e1lise curricular para mandar bem no processo seletivo.\",\"breadcrumb\":{\"@id\":\"https:\\\/\\\/www.grupomedcof.com.br\\\/blog\\\/como-e-a-analise-curricular-da-usp-sp\\\/#breadcrumb\"},\"inLanguage\":\"pt-BR\",\"potentialAction\":[{\"@type\":\"ReadAction\",\"target\":[\"https:\\\/\\\/www.grupomedcof.com.br\\\/blog\\\/como-e-a-analise-curricular-da-usp-sp\\\/\"]}]},{\"@type\":\"ImageObject\",\"inLanguage\":\"pt-BR\",\"@id\":\"https:\\\/\\\/www.grupomedcof.com.br\\\/blog\\\/como-e-a-analise-curricular-da-usp-sp\\\/#primaryimage\",\"url\":\"https:\\\/\\\/www.grupomedcof.com.br\\\/blog\\\/wp-content\\\/uploads\\\/2024\\\/10\\\/Modelo-instituicoes-4.png\",\"contentUrl\":\"https:\\\/\\\/www.grupomedcof.com.br\\\/blog\\\/wp-content\\\/uploads\\\/2024\\\/10\\\/Modelo-instituicoes-4.png\",\"width\":2560,\"height\":1440},{\"@type\":\"BreadcrumbList\",\"@id\":\"https:\\\/\\\/www.grupomedcof.com.br\\\/blog\\\/como-e-a-analise-curricular-da-usp-sp\\\/#breadcrumb\",\"itemListElement\":[{\"@type\":\"ListItem\",\"position\":1,\"name\":\"In\u00edcio\",\"item\":\"https:\\\/\\\/www.grupomedcof.com.br\\\/blog\\\/\"},{\"@type\":\"ListItem\",\"position\":2,\"name\":\"Como \u00e9 a An\u00e1lise Curricular de Resid\u00eancia M\u00e9dica da USP-SP\"}]},{\"@type\":\"WebSite\",\"@id\":\"https:\\\/\\\/www.grupomedcof.com.br\\\/blog\\\/#website\",\"url\":\"https:\\\/\\\/www.grupomedcof.com.br\\\/blog\\\/\",\"name\":\"Blog de Medcof: conte\u00fados, editais, revalida e mais!\",\"description\":\"Acesso o blog de MedCof! Seu portal de conte\u00fados sobre resid\u00eancia m\u00e9dica, an\u00e1lise e editais e muito mais. Clique e confira!\",\"publisher\":{\"@id\":\"https:\\\/\\\/www.grupomedcof.com.br\\\/blog\\\/#organization\"},\"alternateName\":\"Blog de Medcof: conte\u00fados, editais, revalida e mais!\",\"potentialAction\":[{\"@type\":\"SearchAction\",\"target\":{\"@type\":\"EntryPoint\",\"urlTemplate\":\"https:\\\/\\\/www.grupomedcof.com.br\\\/blog\\\/?s={search_term_string}\"},\"query-input\":{\"@type\":\"PropertyValueSpecification\",\"valueRequired\":true,\"valueName\":\"search_term_string\"}}],\"inLanguage\":\"pt-BR\"},{\"@type\":\"Organization\",\"@id\":\"https:\\\/\\\/www.grupomedcof.com.br\\\/blog\\\/#organization\",\"name\":\"Grupo MedCof\",\"url\":\"https:\\\/\\\/www.grupomedcof.com.br\\\/blog\\\/\",\"logo\":{\"@type\":\"ImageObject\",\"inLanguage\":\"pt-BR\",\"@id\":\"https:\\\/\\\/www.grupomedcof.com.br\\\/blog\\\/#\\\/schema\\\/logo\\\/image\\\/\",\"url\":\"https:\\\/\\\/www.grupomedcof.com.br\\\/blog\\\/wp-content\\\/uploads\\\/2022\\\/01\\\/logo-medcof.png\",\"contentUrl\":\"https:\\\/\\\/www.grupomedcof.com.br\\\/blog\\\/wp-content\\\/uploads\\\/2022\\\/01\\\/logo-medcof.png\",\"width\":768,\"height\":269,\"caption\":\"Grupo MedCof\"},\"image\":{\"@id\":\"https:\\\/\\\/www.grupomedcof.com.br\\\/blog\\\/#\\\/schema\\\/logo\\\/image\\\/\"},\"sameAs\":[\"https:\\\/\\\/www.facebook.com\\\/MedCofQbank\\\/\",\"https:\\\/\\\/www.instagram.com\\\/grupomedcof\\\/\",\"https:\\\/\\\/br.linkedin.com\\\/company\\\/medcof\",\"https:\\\/\\\/www.youtube.com\\\/channel\\\/UCdHMuOHKICxcHwecxN8P-AA\"]},{\"@type\":\"Person\",\"@id\":\"https:\\\/\\\/www.grupomedcof.com.br\\\/blog\\\/#\\\/schema\\\/person\\\/9a44c2184a836bf5ae6967fdb3a1451e\",\"name\":\"Leila Menzel\",\"image\":{\"@type\":\"ImageObject\",\"inLanguage\":\"pt-BR\",\"@id\":\"https:\\\/\\\/www.grupomedcof.com.br\\\/blog\\\/wp-content\\\/uploads\\\/2025\\\/09\\\/cropped-eu-96x96.jpeg19a74936d997c0a8b3031618467fa1d0\",\"url\":\"https:\\\/\\\/www.grupomedcof.com.br\\\/blog\\\/wp-content\\\/uploads\\\/2025\\\/09\\\/cropped-eu-96x96.jpeg\",\"contentUrl\":\"https:\\\/\\\/www.grupomedcof.com.br\\\/blog\\\/wp-content\\\/uploads\\\/2025\\\/09\\\/cropped-eu-96x96.jpeg\",\"caption\":\"Leila Menzel\"},\"description\":\"Estudante do 6\u00b0 semestre de jornalismo, amo e escrevo poesias e viajo em livros de romances clich\u00eas.\",\"url\":\"https:\\\/\\\/www.grupomedcof.com.br\\\/blog\\\/author\\\/leila-menzel\\\/\"}]}<\/script>\n<!-- \/ Yoast SEO Premium plugin. -->","yoast_head_json":{"title":"Como \u00e9 a An\u00e1lise Curricular de Resid\u00eancia M\u00e9dica da USP-SP - Blog de Medcof: conte\u00fados, editais, revalida e mais!","description":"Est\u00e1 se preparando para a USP-SP 2025\/2026? Ent\u00e3o voc\u00ea precisa saber tudo sobre a an\u00e1lise curricular para mandar bem no processo seletivo.","robots":{"index":"index","follow":"follow","max-snippet":"max-snippet:-1","max-image-preview":"max-image-preview:large","max-video-preview":"max-video-preview:-1"},"canonical":"https:\/\/www.grupomedcof.com.br\/blog\/como-e-a-analise-curricular-da-usp-sp\/","og_locale":"pt_BR","og_type":"article","og_title":"Como \u00e9 a An\u00e1lise Curricular de Resid\u00eancia M\u00e9dica da USP-SP","og_description":"Est\u00e1 se preparando para a USP-SP 2025\/2026? Ent\u00e3o voc\u00ea precisa saber tudo sobre a an\u00e1lise curricular para mandar bem no processo seletivo.","og_url":"https:\/\/www.grupomedcof.com.br\/blog\/como-e-a-analise-curricular-da-usp-sp\/","og_site_name":"Blog de Medcof: conte\u00fados, editais, revalida e mais!","article_publisher":"https:\/\/www.facebook.com\/MedCofQbank\/","article_published_time":"2025-09-22T18:28:03+00:00","article_modified_time":"2025-09-22T18:28:05+00:00","og_image":[{"width":2560,"height":1440,"url":"https:\/\/www.grupomedcof.com.br\/blog\/wp-content\/uploads\/2024\/10\/Modelo-instituicoes-4.png","type":"image\/png"}],"author":"Leila Menzel","twitter_card":"summary_large_image","twitter_misc":{"Escrito por":"Leila Menzel","Est. tempo de leitura":"10 minutos"},"schema":{"@context":"https:\/\/schema.org","@graph":[{"@type":"Article","@id":"https:\/\/www.grupomedcof.com.br\/blog\/como-e-a-analise-curricular-da-usp-sp\/#article","isPartOf":{"@id":"https:\/\/www.grupomedcof.com.br\/blog\/como-e-a-analise-curricular-da-usp-sp\/"},"author":{"name":"Leila Menzel","@id":"https:\/\/www.grupomedcof.com.br\/blog\/#\/schema\/person\/9a44c2184a836bf5ae6967fdb3a1451e"},"headline":"Como \u00e9 a An\u00e1lise Curricular de Resid\u00eancia M\u00e9dica da USP-SP","datePublished":"2025-09-22T18:28:03+00:00","dateModified":"2025-09-22T18:28:05+00:00","mainEntityOfPage":{"@id":"https:\/\/www.grupomedcof.com.br\/blog\/como-e-a-analise-curricular-da-usp-sp\/"},"wordCount":1677,"commentCount":0,"publisher":{"@id":"https:\/\/www.grupomedcof.com.br\/blog\/#organization"},"image":{"@id":"https:\/\/www.grupomedcof.com.br\/blog\/como-e-a-analise-curricular-da-usp-sp\/#primaryimage"},"thumbnailUrl":"https:\/\/www.grupomedcof.com.br\/blog\/wp-content\/uploads\/2024\/10\/Modelo-instituicoes-4.png","keywords":["AN\u00e1lise Curricular","Edital","Provas de Resid\u00eancia","Resid\u00eancia M\u00e9dica","USP-SP"],"articleSection":["Destaques MedCof","Resid\u00eancia m\u00e9dica: editais, resultados, temas quentes e mais"],"inLanguage":"pt-BR"},{"@type":"WebPage","@id":"https:\/\/www.grupomedcof.com.br\/blog\/como-e-a-analise-curricular-da-usp-sp\/","url":"https:\/\/www.grupomedcof.com.br\/blog\/como-e-a-analise-curricular-da-usp-sp\/","name":"Como \u00e9 a An\u00e1lise Curricular de Resid\u00eancia M\u00e9dica da USP-SP - Blog de Medcof: conte\u00fados, editais, revalida e mais!","isPartOf":{"@id":"https:\/\/www.grupomedcof.com.br\/blog\/#website"},"primaryImageOfPage":{"@id":"https:\/\/www.grupomedcof.com.br\/blog\/como-e-a-analise-curricular-da-usp-sp\/#primaryimage"},"image":{"@id":"https:\/\/www.grupomedcof.com.br\/blog\/como-e-a-analise-curricular-da-usp-sp\/#primaryimage"},"thumbnailUrl":"https:\/\/www.grupomedcof.com.br\/blog\/wp-content\/uploads\/2024\/10\/Modelo-instituicoes-4.png","datePublished":"2025-09-22T18:28:03+00:00","dateModified":"2025-09-22T18:28:05+00:00","description":"Est\u00e1 se preparando para a USP-SP 2025\/2026? Ent\u00e3o voc\u00ea precisa saber tudo sobre a an\u00e1lise curricular para mandar bem no processo seletivo.","breadcrumb":{"@id":"https:\/\/www.grupomedcof.com.br\/blog\/como-e-a-analise-curricular-da-usp-sp\/#breadcrumb"},"inLanguage":"pt-BR","potentialAction":[{"@type":"ReadAction","target":["https:\/\/www.grupomedcof.com.br\/blog\/como-e-a-analise-curricular-da-usp-sp\/"]}]},{"@type":"ImageObject","inLanguage":"pt-BR","@id":"https:\/\/www.grupomedcof.com.br\/blog\/como-e-a-analise-curricular-da-usp-sp\/#primaryimage","url":"https:\/\/www.grupomedcof.com.br\/blog\/wp-content\/uploads\/2024\/10\/Modelo-instituicoes-4.png","contentUrl":"https:\/\/www.grupomedcof.com.br\/blog\/wp-content\/uploads\/2024\/10\/Modelo-instituicoes-4.png","width":2560,"height":1440},{"@type":"BreadcrumbList","@id":"https:\/\/www.grupomedcof.com.br\/blog\/como-e-a-analise-curricular-da-usp-sp\/#breadcrumb","itemListElement":[{"@type":"ListItem","position":1,"name":"In\u00edcio","item":"https:\/\/www.grupomedcof.com.br\/blog\/"},{"@type":"ListItem","position":2,"name":"Como \u00e9 a An\u00e1lise Curricular de Resid\u00eancia M\u00e9dica da USP-SP"}]},{"@type":"WebSite","@id":"https:\/\/www.grupomedcof.com.br\/blog\/#website","url":"https:\/\/www.grupomedcof.com.br\/blog\/","name":"Blog de Medcof: conte\u00fados, editais, revalida e mais!","description":"Acesso o blog de MedCof! Seu portal de conte\u00fados sobre resid\u00eancia m\u00e9dica, an\u00e1lise e editais e muito mais. Clique e confira!","publisher":{"@id":"https:\/\/www.grupomedcof.com.br\/blog\/#organization"},"alternateName":"Blog de Medcof: conte\u00fados, editais, revalida e mais!","potentialAction":[{"@type":"SearchAction","target":{"@type":"EntryPoint","urlTemplate":"https:\/\/www.grupomedcof.com.br\/blog\/?s={search_term_string}"},"query-input":{"@type":"PropertyValueSpecification","valueRequired":true,"valueName":"search_term_string"}}],"inLanguage":"pt-BR"},{"@type":"Organization","@id":"https:\/\/www.grupomedcof.com.br\/blog\/#organization","name":"Grupo MedCof","url":"https:\/\/www.grupomedcof.com.br\/blog\/","logo":{"@type":"ImageObject","inLanguage":"pt-BR","@id":"https:\/\/www.grupomedcof.com.br\/blog\/#\/schema\/logo\/image\/","url":"https:\/\/www.grupomedcof.com.br\/blog\/wp-content\/uploads\/2022\/01\/logo-medcof.png","contentUrl":"https:\/\/www.grupomedcof.com.br\/blog\/wp-content\/uploads\/2022\/01\/logo-medcof.png","width":768,"height":269,"caption":"Grupo MedCof"},"image":{"@id":"https:\/\/www.grupomedcof.com.br\/blog\/#\/schema\/logo\/image\/"},"sameAs":["https:\/\/www.facebook.com\/MedCofQbank\/","https:\/\/www.instagram.com\/grupomedcof\/","https:\/\/br.linkedin.com\/company\/medcof","https:\/\/www.youtube.com\/channel\/UCdHMuOHKICxcHwecxN8P-AA"]},{"@type":"Person","@id":"https:\/\/www.grupomedcof.com.br\/blog\/#\/schema\/person\/9a44c2184a836bf5ae6967fdb3a1451e","name":"Leila Menzel","image":{"@type":"ImageObject","inLanguage":"pt-BR","@id":"https:\/\/www.grupomedcof.com.br\/blog\/wp-content\/uploads\/2025\/09\/cropped-eu-96x96.jpeg19a74936d997c0a8b3031618467fa1d0","url":"https:\/\/www.grupomedcof.com.br\/blog\/wp-content\/uploads\/2025\/09\/cropped-eu-96x96.jpeg","contentUrl":"https:\/\/www.grupomedcof.com.br\/blog\/wp-content\/uploads\/2025\/09\/cropped-eu-96x96.jpeg","caption":"Leila Menzel"},"description":"Estudante do 6\u00b0 semestre de jornalismo, amo e escrevo poesias e viajo em livros de romances clich\u00eas.","url":"https:\/\/www.grupomedcof.com.br\/blog\/author\/leila-menzel\/"}]}},"authors":[{"term_id":3616,"user_id":20,"is_guest":0,"slug":"leila-menzel","display_name":"Leila Menzel","avatar_url":"https:\/\/www.grupomedcof.com.br\/blog\/wp-content\/uploads\/2025\/09\/cropped-eu-96x96.jpeg","0":null,"1":"","2":"","3":"","4":"","5":"","6":"","7":"","8":""}],"_links":{"self":[{"href":"https:\/\/www.grupomedcof.com.br\/blog\/wp-json\/wp\/v2\/posts\/30913","targetHints":{"allow":["GET"]}}],"collection":[{"href":"https:\/\/www.grupomedcof.com.br\/blog\/wp-json\/wp\/v2\/posts"}],"about":[{"href":"https:\/\/www.grupomedcof.com.br\/blog\/wp-json\/wp\/v2\/types\/post"}],"author":[{"embeddable":true,"href":"https:\/\/www.grupomedcof.com.br\/blog\/wp-json\/wp\/v2\/users\/20"}],"replies":[{"embeddable":true,"href":"https:\/\/www.grupomedcof.com.br\/blog\/wp-json\/wp\/v2\/comments?post=30913"}],"version-history":[{"count":2,"href":"https:\/\/www.grupomedcof.com.br\/blog\/wp-json\/wp\/v2\/posts\/30913\/revisions"}],"predecessor-version":[{"id":37987,"href":"https:\/\/www.grupomedcof.com.br\/blog\/wp-json\/wp\/v2\/posts\/30913\/revisions\/37987"}],"wp:featuredmedia":[{"embeddable":true,"href":"https:\/\/www.grupomedcof.com.br\/blog\/wp-json\/wp\/v2\/media\/30916"}],"wp:attachment":[{"href":"https:\/\/www.grupomedcof.com.br\/blog\/wp-json\/wp\/v2\/media?parent=30913"}],"wp:term":[{"taxonomy":"category","embeddable":true,"href":"https:\/\/www.grupomedcof.com.br\/blog\/wp-json\/wp\/v2\/categories?post=30913"},{"taxonomy":"post_tag","embeddable":true,"href":"https:\/\/www.grupomedcof.com.br\/blog\/wp-json\/wp\/v2\/tags?post=30913"},{"taxonomy":"author","embeddable":true,"href":"https:\/\/www.grupomedcof.com.br\/blog\/wp-json\/wp\/v2\/ppma_author?post=30913"}],"curies":[{"name":"wp","href":"https:\/\/api.w.org\/{rel}","templated":true}]}}