{"id":30924,"date":"2024-10-25T14:39:16","date_gmt":"2024-10-25T17:39:16","guid":{"rendered":"https:\/\/www.grupomedcof.com.br\/blog\/?p=30924"},"modified":"2024-10-25T16:45:48","modified_gmt":"2024-10-25T19:45:48","slug":"residencia-oftalmologia-usp","status":"publish","type":"post","link":"https:\/\/www.grupomedcof.com.br\/blog\/residencia-oftalmologia-usp\/","title":{"rendered":"Como \u00e9 a resid\u00eancia m\u00e9dica em Oftalmologia na USP SP?"},"content":{"rendered":"<div id=\"ez-toc-container\" class=\"ez-toc-v2_0_74 counter-hierarchy ez-toc-counter ez-toc-transparent ez-toc-container-direction\">\n<div class=\"ez-toc-title-container\">\n<p class=\"ez-toc-title\" style=\"cursor:inherit\">Sum\u00e1rio<\/p>\n<span class=\"ez-toc-title-toggle\"><a href=\"#\" class=\"ez-toc-pull-right ez-toc-btn ez-toc-btn-xs ez-toc-btn-default ez-toc-toggle\" aria-label=\"Alternar tabela de conte\u00fado\"><span class=\"ez-toc-js-icon-con\"><span class=\"\"><span class=\"eztoc-hide\" style=\"display:none;\">Toggle<\/span><span class=\"ez-toc-icon-toggle-span\"><svg style=\"fill: #999;color:#999\" xmlns=\"http:\/\/www.w3.org\/2000\/svg\" class=\"list-377408\" width=\"20px\" height=\"20px\" viewBox=\"0 0 24 24\" fill=\"none\"><path d=\"M6 6H4v2h2V6zm14 0H8v2h12V6zM4 11h2v2H4v-2zm16 0H8v2h12v-2zM4 16h2v2H4v-2zm16 0H8v2h12v-2z\" fill=\"currentColor\"><\/path><\/svg><svg style=\"fill: #999;color:#999\" class=\"arrow-unsorted-368013\" xmlns=\"http:\/\/www.w3.org\/2000\/svg\" width=\"10px\" height=\"10px\" viewBox=\"0 0 24 24\" version=\"1.2\" baseProfile=\"tiny\"><path d=\"M18.2 9.3l-6.2-6.3-6.2 6.3c-.2.2-.3.4-.3.7s.1.5.3.7c.2.2.4.3.7.3h11c.3 0 .5-.1.7-.3.2-.2.3-.5.3-.7s-.1-.5-.3-.7zM5.8 14.7l6.2 6.3 6.2-6.3c.2-.2.3-.5.3-.7s-.1-.5-.3-.7c-.2-.2-.4-.3-.7-.3h-11c-.3 0-.5.1-.7.3-.2.2-.3.5-.3.7s.1.5.3.7z\"\/><\/svg><\/span><\/span><\/span><\/a><\/span><\/div>\n<nav><ul class='ez-toc-list ez-toc-list-level-1 ' ><li class='ez-toc-page-1 ez-toc-heading-level-2'><a class=\"ez-toc-link ez-toc-heading-1\" href=\"https:\/\/www.grupomedcof.com.br\/blog\/residencia-oftalmologia-usp\/#Como_ingressar\" >Como ingressar?<\/a><\/li><li class='ez-toc-page-1 ez-toc-heading-level-2'><a class=\"ez-toc-link ez-toc-heading-2\" href=\"https:\/\/www.grupomedcof.com.br\/blog\/residencia-oftalmologia-usp\/#A_residencia\" >A resid\u00eancia<\/a><\/li><li class='ez-toc-page-1 ez-toc-heading-level-2'><a class=\"ez-toc-link ez-toc-heading-3\" href=\"https:\/\/www.grupomedcof.com.br\/blog\/residencia-oftalmologia-usp\/#Estagios\" >Est\u00e1gios<\/a><\/li><li class='ez-toc-page-1 ez-toc-heading-level-2'><a class=\"ez-toc-link ez-toc-heading-4\" href=\"https:\/\/www.grupomedcof.com.br\/blog\/residencia-oftalmologia-usp\/#Por_que_fazer_residencia_medica_na_USP-SP\" >Por que fazer resid\u00eancia m\u00e9dica na USP-SP?<\/a><\/li><li class='ez-toc-page-1 ez-toc-heading-level-2'><a class=\"ez-toc-link ez-toc-heading-5\" href=\"https:\/\/www.grupomedcof.com.br\/blog\/residencia-oftalmologia-usp\/#Prepare-se_para_a_prova_da_USP_20242025\" >Prepare-se para a prova da USP 2024\/2025<\/a><\/li><\/ul><\/nav><\/div>\n\n<figure class=\"wp-block-image size-large\"><img loading=\"lazy\" decoding=\"async\" width=\"1024\" height=\"576\" src=\"https:\/\/www.grupomedcof.com.br\/blog\/wp-content\/uploads\/2024\/10\/Blog-MedCof-20-1024x576.png\" alt=\"\" class=\"wp-image-30979\" srcset=\"https:\/\/www.grupomedcof.com.br\/blog\/wp-content\/uploads\/2024\/10\/Blog-MedCof-20-1024x576.png 1024w, https:\/\/www.grupomedcof.com.br\/blog\/wp-content\/uploads\/2024\/10\/Blog-MedCof-20-300x169.png 300w, https:\/\/www.grupomedcof.com.br\/blog\/wp-content\/uploads\/2024\/10\/Blog-MedCof-20-768x432.png 768w, https:\/\/www.grupomedcof.com.br\/blog\/wp-content\/uploads\/2024\/10\/Blog-MedCof-20-1536x864.png 1536w, https:\/\/www.grupomedcof.com.br\/blog\/wp-content\/uploads\/2024\/10\/Blog-MedCof-20-747x420.png 747w, https:\/\/www.grupomedcof.com.br\/blog\/wp-content\/uploads\/2024\/10\/Blog-MedCof-20-150x84.png 150w, https:\/\/www.grupomedcof.com.br\/blog\/wp-content\/uploads\/2024\/10\/Blog-MedCof-20-696x392.png 696w, https:\/\/www.grupomedcof.com.br\/blog\/wp-content\/uploads\/2024\/10\/Blog-MedCof-20-1068x601.png 1068w, https:\/\/www.grupomedcof.com.br\/blog\/wp-content\/uploads\/2024\/10\/Blog-MedCof-20.png 1920w\" sizes=\"auto, (max-width: 1024px) 100vw, 1024px\" \/><\/figure>\n\n\n\n<p>Se voc\u00ea deseja realizar a sua resid\u00eancia m\u00e9dica em Oftalmologia na <strong>Faculdade de Medicina da USP<\/strong> ou possui curiosidade em saber mais sobre, esse post \u00e9 para voc\u00ea! Confira aqui as principais informa\u00e7\u00f5es sobre a resid\u00eancia.<\/p>\n\n\n\n<h2 class=\"wp-block-heading\" id=\"h-como-ingressar\"><span class=\"ez-toc-section\" id=\"Como_ingressar\"><\/span><strong>Como ingressar?<\/strong><span class=\"ez-toc-section-end\"><\/span><\/h2>\n\n\n\n<p>As vagas para a resid\u00eancia de Oftalmologia s\u00e3o disponibilizadas para ingresso em acesso direto, anualmente, pelo processo seletivo da <strong><a href=\"https:\/\/www.grupomedcof.com.br\/blog\/edital-residencia-medica-usp-sp\/\">USP-SP<\/a><\/strong>. No processo atual, para ingresso em 2025, a institui\u00e7\u00e3o ofertou um total de <strong>14 vagas<\/strong> para a especialidade.<\/p>\n\n\n\n<h2 class=\"wp-block-heading\" id=\"h-a-residencia\"><span class=\"ez-toc-section\" id=\"A_residencia\"><\/span><strong>A resid\u00eancia<\/strong><span class=\"ez-toc-section-end\"><\/span><\/h2>\n\n\n\n<p>A resid\u00eancia conta com um total de <strong>3 anos de dura\u00e7\u00e3o<\/strong> e suas \u00e1reas mais fortes s\u00e3o volume de atendimento, casos complexos, volume cir\u00fargico, elevada relev\u00e2ncia acad\u00eamica. Al\u00e9m disso, a carga hor\u00e1ria \u00e9 integral e te\u00f3rica, com grade estruturada em aulas e em reuni\u00f5es cl\u00ednicas.<\/p>\n\n\n\n<p>Os plant\u00f5es s\u00e3o de <strong>24h no PS<\/strong>, e, ap\u00f3s o plant\u00e3o, o residente possui <strong>6h de descanso<\/strong>.<\/p>\n\n\n\n<h2 class=\"wp-block-heading\" id=\"h-estagios\"><span class=\"ez-toc-section\" id=\"Estagios\"><\/span><strong>Est\u00e1gios<\/strong><span class=\"ez-toc-section-end\"><\/span><\/h2>\n\n\n\n<p>Os est\u00e1gios obrigat\u00f3rios s\u00e3o divididos por cada ano da resid\u00eancia, R1, R2 e R3. Cada um dos anos tem um foco espec\u00edfico em alguma subespecialidade da oftalmologia, sendo:<\/p>\n\n\n\n<ul class=\"wp-block-list\">\n<li><strong>R1<\/strong>: C\u00f3rnea, Retina, Glaucoma, Uve\u00edte, Pl\u00e1stica Ocular, Neuroftalmologia, Estrabismo, \u00d3rbita e PS.<\/li>\n\n\n\n<li><strong>R2<\/strong>: C\u00f3rnea, Retina, Glaucoma, Uve\u00edte, Pl\u00e1stica Ocular, Neuroftalmologia, Estrabismo, \u00d3rbita, PS, Catarata e Vis\u00e3o Subnormal.<\/li>\n\n\n\n<li><strong>R3<\/strong>: Glaucoma, C\u00f3rnea, Retina, Catarata e mais duas subespecialidades \u00e0 escolha do R3.<\/li>\n<\/ul>\n\n\n\n<figure class=\"wp-block-image size-large\"><a href=\"https:\/\/www.grupomedcof.com.br\/cofletters\/\"><img loading=\"lazy\" decoding=\"async\" width=\"1024\" height=\"366\" src=\"https:\/\/www.grupomedcof.com.br\/blog\/wp-content\/uploads\/2024\/08\/Capa-Eventos-MedCof-Plus-14-4-1024x366.png\" alt=\"\" class=\"wp-image-29290\" srcset=\"https:\/\/www.grupomedcof.com.br\/blog\/wp-content\/uploads\/2024\/08\/Capa-Eventos-MedCof-Plus-14-4-1024x366.png 1024w, https:\/\/www.grupomedcof.com.br\/blog\/wp-content\/uploads\/2024\/08\/Capa-Eventos-MedCof-Plus-14-4-300x107.png 300w, https:\/\/www.grupomedcof.com.br\/blog\/wp-content\/uploads\/2024\/08\/Capa-Eventos-MedCof-Plus-14-4-768x275.png 768w, https:\/\/www.grupomedcof.com.br\/blog\/wp-content\/uploads\/2024\/08\/Capa-Eventos-MedCof-Plus-14-4-1536x549.png 1536w, https:\/\/www.grupomedcof.com.br\/blog\/wp-content\/uploads\/2024\/08\/Capa-Eventos-MedCof-Plus-14-4-2048x732.png 2048w, https:\/\/www.grupomedcof.com.br\/blog\/wp-content\/uploads\/2024\/08\/Capa-Eventos-MedCof-Plus-14-4-1174x420.png 1174w, https:\/\/www.grupomedcof.com.br\/blog\/wp-content\/uploads\/2024\/08\/Capa-Eventos-MedCof-Plus-14-4-150x54.png 150w, https:\/\/www.grupomedcof.com.br\/blog\/wp-content\/uploads\/2024\/08\/Capa-Eventos-MedCof-Plus-14-4-696x249.png 696w, https:\/\/www.grupomedcof.com.br\/blog\/wp-content\/uploads\/2024\/08\/Capa-Eventos-MedCof-Plus-14-4-1068x382.png 1068w, https:\/\/www.grupomedcof.com.br\/blog\/wp-content\/uploads\/2024\/08\/Capa-Eventos-MedCof-Plus-14-4-1920x687.png 1920w\" sizes=\"auto, (max-width: 1024px) 100vw, 1024px\" \/><\/a><\/figure>\n\n\n\n<h2 class=\"wp-block-heading\" id=\"h-por-que-fazer-residencia-medica-na-usp-sp\"><span class=\"ez-toc-section\" id=\"Por_que_fazer_residencia_medica_na_USP-SP\"><\/span><strong>Por que fazer resid\u00eancia m\u00e9dica na USP-SP?<\/strong><span class=\"ez-toc-section-end\"><\/span><\/h2>\n\n\n\n<p>A Universidade de S\u00e3o Paulo (USP) possui reconhecimento nacional e internacional no ramo da educa\u00e7\u00e3o, e os programas de resid\u00eancia m\u00e9dica est\u00e3o inclu\u00eddos nisso. A institui\u00e7\u00e3o possui uma \u00f3tima base te\u00f3rica e in\u00fameros fatores que far\u00e3o do residente um \u00f3timo profissional e muito bem preparado para exercer o seu trabalho.<\/p>\n\n\n\n<h2 class=\"wp-block-heading\" id=\"h-prepare-se-para-a-prova-da-usp-2024-2025\"><span class=\"ez-toc-section\" id=\"Prepare-se_para_a_prova_da_USP_20242025\"><\/span><strong>Prepare-se para a prova da USP 2024\/2025<\/strong><span class=\"ez-toc-section-end\"><\/span><\/h2>\n\n\n\n<p>Por fim, se ap\u00f3s a lida desse texto voc\u00ea tomou sua decis\u00e3o de cursar sua resid\u00eancia m\u00e9dica em oftalmologia na USP-SP, a MedCof est\u00e1 aqui para te ajudar com isso! Aqui te ajudaremos na busca da aprova\u00e7\u00e3o com conte\u00fados de qualidade e uma&nbsp;<a href=\"https:\/\/www.grupomedcof.com.br\/blog\/presenca-da-medcof-nas-aprovacoes-em-residencia-medica-no-brasil\/\" target=\"_blank\" rel=\"noreferrer noopener\"><strong>metodologia que j\u00e1 aprovou mais de 10 mil residentes no pa\u00eds<\/strong><\/a>!&nbsp;Por fim, acesse o nosso<a href=\"https:\/\/www.youtube.com\/@GrupoMedcof\/featured\" target=\"_blank\" rel=\"noreferrer noopener\">&nbsp;<strong>canal do youtube&nbsp;<\/strong><\/a>para ver o nosso material.<\/p>\n\n\n\n<figure class=\"wp-block-embed is-type-video is-provider-youtube wp-block-embed-youtube wp-embed-aspect-16-9 wp-has-aspect-ratio\"><div class=\"wp-block-embed__wrapper\">\n<iframe loading=\"lazy\" title=\"Aprovada em Oftalmologia na USP-SP - O que priorizar para a resid\u00eancia? - com Fernanda Nicolela\" width=\"696\" height=\"392\" src=\"https:\/\/www.youtube.com\/embed\/CGu_LJSWfHc?feature=oembed\" frameborder=\"0\" allow=\"accelerometer; autoplay; clipboard-write; encrypted-media; gyroscope; picture-in-picture; web-share\" referrerpolicy=\"strict-origin-when-cross-origin\" allowfullscreen><\/iframe>\n<\/div><\/figure>\n","protected":false},"excerpt":{"rendered":"<p>Se voc\u00ea deseja realizar a sua resid\u00eancia m\u00e9dica em Oftalmologia na Faculdade de Medicina da USP ou possui curiosidade em saber mais sobre, esse post \u00e9 para voc\u00ea! Confira as principais informa\u00e7\u00f5es sobre a resid\u00eancia.<\/p>\n","protected":false},"author":23,"featured_media":30979,"comment_status":"open","ping_status":"open","sticky":false,"template":"","format":"standard","meta":{"footnotes":""},"categories":[1136],"tags":[93,150,68],"ppma_author":[3618],"class_list":{"0":"post-30924","1":"post","2":"type-post","3":"status-publish","4":"format-standard","5":"has-post-thumbnail","7":"category-oftalmologia","8":"tag-especialidades-medicas","9":"tag-oftalmologia","10":"tag-residencia-medica"},"yoast_head":"<!-- This site is optimized with the Yoast SEO Premium plugin v24.3 (Yoast SEO v27.4) - https:\/\/yoast.com\/product\/yoast-seo-premium-wordpress\/ -->\n<title>Como \u00e9 a resid\u00eancia m\u00e9dica em Oftalmologia na USP SP? - Blog de Medcof: conte\u00fados, editais, revalida e mais!<\/title>\n<meta name=\"description\" content=\"Confira todas as informa\u00e7\u00f5es sobre a resid\u00eancia m\u00e9dica de Oftalmologia na Faculdade de Medicina da Universidade de S\u00e3o Paulo.\" \/>\n<meta name=\"robots\" content=\"index, follow, max-snippet:-1, max-image-preview:large, max-video-preview:-1\" \/>\n<link rel=\"canonical\" href=\"https:\/\/www.grupomedcof.com.br\/blog\/residencia-oftalmologia-usp\/\" \/>\n<meta property=\"og:locale\" content=\"pt_BR\" \/>\n<meta property=\"og:type\" content=\"article\" \/>\n<meta property=\"og:title\" content=\"Como \u00e9 a resid\u00eancia m\u00e9dica em Oftalmologia na USP SP?\" \/>\n<meta property=\"og:description\" content=\"Confira todas as informa\u00e7\u00f5es sobre a resid\u00eancia m\u00e9dica de Oftalmologia na Faculdade de Medicina da Universidade de S\u00e3o Paulo.\" \/>\n<meta property=\"og:url\" content=\"https:\/\/www.grupomedcof.com.br\/blog\/residencia-oftalmologia-usp\/\" \/>\n<meta property=\"og:site_name\" content=\"Blog de Medcof: conte\u00fados, editais, revalida e mais!\" \/>\n<meta property=\"article:publisher\" content=\"https:\/\/www.facebook.com\/MedCofQbank\/\" \/>\n<meta property=\"article:published_time\" content=\"2024-10-25T17:39:16+00:00\" \/>\n<meta property=\"article:modified_time\" content=\"2024-10-25T19:45:48+00:00\" \/>\n<meta property=\"og:image\" content=\"https:\/\/www.grupomedcof.com.br\/blog\/wp-content\/uploads\/2024\/10\/Blog-MedCof-20-1024x576.png\" \/>\n\t<meta property=\"og:image:width\" content=\"1024\" \/>\n\t<meta property=\"og:image:height\" content=\"576\" \/>\n\t<meta property=\"og:image:type\" content=\"image\/png\" \/>\n<meta name=\"author\" content=\"Lu\u00edsa Porto\" \/>\n<meta name=\"twitter:card\" content=\"summary_large_image\" \/>\n<meta name=\"twitter:label1\" content=\"Escrito por\" \/>\n\t<meta name=\"twitter:data1\" content=\"Lu\u00edsa Porto\" \/>\n\t<meta name=\"twitter:label2\" content=\"Est. tempo de leitura\" \/>\n\t<meta name=\"twitter:data2\" content=\"3 minutos\" \/>\n<script type=\"application\/ld+json\" class=\"yoast-schema-graph\">{\"@context\":\"https:\\\/\\\/schema.org\",\"@graph\":[{\"@type\":\"Article\",\"@id\":\"https:\\\/\\\/www.grupomedcof.com.br\\\/blog\\\/residencia-oftalmologia-usp\\\/#article\",\"isPartOf\":{\"@id\":\"https:\\\/\\\/www.grupomedcof.com.br\\\/blog\\\/residencia-oftalmologia-usp\\\/\"},\"author\":{\"name\":\"Lu\u00edsa Porto\",\"@id\":\"https:\\\/\\\/www.grupomedcof.com.br\\\/blog\\\/#\\\/schema\\\/person\\\/d755ffce500bd0766bbf0e4e6572518f\"},\"headline\":\"Como \u00e9 a resid\u00eancia m\u00e9dica em Oftalmologia na USP SP?\",\"datePublished\":\"2024-10-25T17:39:16+00:00\",\"dateModified\":\"2024-10-25T19:45:48+00:00\",\"mainEntityOfPage\":{\"@id\":\"https:\\\/\\\/www.grupomedcof.com.br\\\/blog\\\/residencia-oftalmologia-usp\\\/\"},\"wordCount\":412,\"commentCount\":0,\"publisher\":{\"@id\":\"https:\\\/\\\/www.grupomedcof.com.br\\\/blog\\\/#organization\"},\"image\":{\"@id\":\"https:\\\/\\\/www.grupomedcof.com.br\\\/blog\\\/residencia-oftalmologia-usp\\\/#primaryimage\"},\"thumbnailUrl\":\"https:\\\/\\\/www.grupomedcof.com.br\\\/blog\\\/wp-content\\\/uploads\\\/2024\\\/10\\\/Blog-MedCof-20.png\",\"keywords\":[\"Especialidades m\u00e9dicas\",\"Oftalmologia\",\"Resid\u00eancia M\u00e9dica\"],\"articleSection\":[\"Oftalmologia\"],\"inLanguage\":\"pt-BR\"},{\"@type\":\"WebPage\",\"@id\":\"https:\\\/\\\/www.grupomedcof.com.br\\\/blog\\\/residencia-oftalmologia-usp\\\/\",\"url\":\"https:\\\/\\\/www.grupomedcof.com.br\\\/blog\\\/residencia-oftalmologia-usp\\\/\",\"name\":\"Como \u00e9 a resid\u00eancia m\u00e9dica em Oftalmologia na USP SP? - Blog de Medcof: conte\u00fados, editais, revalida e mais!\",\"isPartOf\":{\"@id\":\"https:\\\/\\\/www.grupomedcof.com.br\\\/blog\\\/#website\"},\"primaryImageOfPage\":{\"@id\":\"https:\\\/\\\/www.grupomedcof.com.br\\\/blog\\\/residencia-oftalmologia-usp\\\/#primaryimage\"},\"image\":{\"@id\":\"https:\\\/\\\/www.grupomedcof.com.br\\\/blog\\\/residencia-oftalmologia-usp\\\/#primaryimage\"},\"thumbnailUrl\":\"https:\\\/\\\/www.grupomedcof.com.br\\\/blog\\\/wp-content\\\/uploads\\\/2024\\\/10\\\/Blog-MedCof-20.png\",\"datePublished\":\"2024-10-25T17:39:16+00:00\",\"dateModified\":\"2024-10-25T19:45:48+00:00\",\"description\":\"Confira todas as informa\u00e7\u00f5es sobre a resid\u00eancia m\u00e9dica de Oftalmologia na Faculdade de Medicina da Universidade de S\u00e3o Paulo.\",\"breadcrumb\":{\"@id\":\"https:\\\/\\\/www.grupomedcof.com.br\\\/blog\\\/residencia-oftalmologia-usp\\\/#breadcrumb\"},\"inLanguage\":\"pt-BR\",\"potentialAction\":[{\"@type\":\"ReadAction\",\"target\":[\"https:\\\/\\\/www.grupomedcof.com.br\\\/blog\\\/residencia-oftalmologia-usp\\\/\"]}]},{\"@type\":\"ImageObject\",\"inLanguage\":\"pt-BR\",\"@id\":\"https:\\\/\\\/www.grupomedcof.com.br\\\/blog\\\/residencia-oftalmologia-usp\\\/#primaryimage\",\"url\":\"https:\\\/\\\/www.grupomedcof.com.br\\\/blog\\\/wp-content\\\/uploads\\\/2024\\\/10\\\/Blog-MedCof-20.png\",\"contentUrl\":\"https:\\\/\\\/www.grupomedcof.com.br\\\/blog\\\/wp-content\\\/uploads\\\/2024\\\/10\\\/Blog-MedCof-20.png\",\"width\":1920,\"height\":1080},{\"@type\":\"BreadcrumbList\",\"@id\":\"https:\\\/\\\/www.grupomedcof.com.br\\\/blog\\\/residencia-oftalmologia-usp\\\/#breadcrumb\",\"itemListElement\":[{\"@type\":\"ListItem\",\"position\":1,\"name\":\"In\u00edcio\",\"item\":\"https:\\\/\\\/www.grupomedcof.com.br\\\/blog\\\/\"},{\"@type\":\"ListItem\",\"position\":2,\"name\":\"Como \u00e9 a resid\u00eancia m\u00e9dica em Oftalmologia na USP SP?\"}]},{\"@type\":\"WebSite\",\"@id\":\"https:\\\/\\\/www.grupomedcof.com.br\\\/blog\\\/#website\",\"url\":\"https:\\\/\\\/www.grupomedcof.com.br\\\/blog\\\/\",\"name\":\"Blog de Medcof: conte\u00fados, editais, revalida e mais!\",\"description\":\"Acesso o blog de MedCof! Seu portal de conte\u00fados sobre resid\u00eancia m\u00e9dica, an\u00e1lise e editais e muito mais. Clique e confira!\",\"publisher\":{\"@id\":\"https:\\\/\\\/www.grupomedcof.com.br\\\/blog\\\/#organization\"},\"alternateName\":\"Blog de Medcof: conte\u00fados, editais, revalida e mais!\",\"potentialAction\":[{\"@type\":\"SearchAction\",\"target\":{\"@type\":\"EntryPoint\",\"urlTemplate\":\"https:\\\/\\\/www.grupomedcof.com.br\\\/blog\\\/?s={search_term_string}\"},\"query-input\":{\"@type\":\"PropertyValueSpecification\",\"valueRequired\":true,\"valueName\":\"search_term_string\"}}],\"inLanguage\":\"pt-BR\"},{\"@type\":\"Organization\",\"@id\":\"https:\\\/\\\/www.grupomedcof.com.br\\\/blog\\\/#organization\",\"name\":\"Grupo MedCof\",\"url\":\"https:\\\/\\\/www.grupomedcof.com.br\\\/blog\\\/\",\"logo\":{\"@type\":\"ImageObject\",\"inLanguage\":\"pt-BR\",\"@id\":\"https:\\\/\\\/www.grupomedcof.com.br\\\/blog\\\/#\\\/schema\\\/logo\\\/image\\\/\",\"url\":\"https:\\\/\\\/www.grupomedcof.com.br\\\/blog\\\/wp-content\\\/uploads\\\/2022\\\/01\\\/logo-medcof.png\",\"contentUrl\":\"https:\\\/\\\/www.grupomedcof.com.br\\\/blog\\\/wp-content\\\/uploads\\\/2022\\\/01\\\/logo-medcof.png\",\"width\":768,\"height\":269,\"caption\":\"Grupo MedCof\"},\"image\":{\"@id\":\"https:\\\/\\\/www.grupomedcof.com.br\\\/blog\\\/#\\\/schema\\\/logo\\\/image\\\/\"},\"sameAs\":[\"https:\\\/\\\/www.facebook.com\\\/MedCofQbank\\\/\",\"https:\\\/\\\/www.instagram.com\\\/grupomedcof\\\/\",\"https:\\\/\\\/br.linkedin.com\\\/company\\\/medcof\",\"https:\\\/\\\/www.youtube.com\\\/channel\\\/UCdHMuOHKICxcHwecxN8P-AA\"]},{\"@type\":\"Person\",\"@id\":\"https:\\\/\\\/www.grupomedcof.com.br\\\/blog\\\/#\\\/schema\\\/person\\\/d755ffce500bd0766bbf0e4e6572518f\",\"name\":\"Lu\u00edsa Porto\",\"image\":{\"@type\":\"ImageObject\",\"inLanguage\":\"pt-BR\",\"@id\":\"https:\\\/\\\/www.grupomedcof.com.br\\\/blog\\\/wp-content\\\/uploads\\\/2025\\\/05\\\/cropped-WhatsApp-Image-2025-05-05-at-19.22.15-96x96.jpegd989589e3fd3e4fb9efe9268a95bbcc4\",\"url\":\"https:\\\/\\\/www.grupomedcof.com.br\\\/blog\\\/wp-content\\\/uploads\\\/2025\\\/05\\\/cropped-WhatsApp-Image-2025-05-05-at-19.22.15-96x96.jpeg\",\"contentUrl\":\"https:\\\/\\\/www.grupomedcof.com.br\\\/blog\\\/wp-content\\\/uploads\\\/2025\\\/05\\\/cropped-WhatsApp-Image-2025-05-05-at-19.22.15-96x96.jpeg\",\"caption\":\"Lu\u00edsa Porto\"},\"description\":\"Estudante de Jornalismo do 6\u00ba semestre, encantada pela \u00e1rea da comunica\u00e7\u00e3o e f\u00e3 de automobilismo\",\"url\":\"https:\\\/\\\/www.grupomedcof.com.br\\\/blog\\\/author\\\/porto\\\/\"}]}<\/script>\n<!-- \/ Yoast SEO Premium plugin. -->","yoast_head_json":{"title":"Como \u00e9 a resid\u00eancia m\u00e9dica em Oftalmologia na USP SP? - Blog de Medcof: conte\u00fados, editais, revalida e mais!","description":"Confira todas as informa\u00e7\u00f5es sobre a resid\u00eancia m\u00e9dica de Oftalmologia na Faculdade de Medicina da Universidade de S\u00e3o Paulo.","robots":{"index":"index","follow":"follow","max-snippet":"max-snippet:-1","max-image-preview":"max-image-preview:large","max-video-preview":"max-video-preview:-1"},"canonical":"https:\/\/www.grupomedcof.com.br\/blog\/residencia-oftalmologia-usp\/","og_locale":"pt_BR","og_type":"article","og_title":"Como \u00e9 a resid\u00eancia m\u00e9dica em Oftalmologia na USP SP?","og_description":"Confira todas as informa\u00e7\u00f5es sobre a resid\u00eancia m\u00e9dica de Oftalmologia na Faculdade de Medicina da Universidade de S\u00e3o Paulo.","og_url":"https:\/\/www.grupomedcof.com.br\/blog\/residencia-oftalmologia-usp\/","og_site_name":"Blog de Medcof: conte\u00fados, editais, revalida e mais!","article_publisher":"https:\/\/www.facebook.com\/MedCofQbank\/","article_published_time":"2024-10-25T17:39:16+00:00","article_modified_time":"2024-10-25T19:45:48+00:00","og_image":[{"width":1024,"height":576,"url":"https:\/\/www.grupomedcof.com.br\/blog\/wp-content\/uploads\/2024\/10\/Blog-MedCof-20-1024x576.png","type":"image\/png"}],"author":"Lu\u00edsa Porto","twitter_card":"summary_large_image","twitter_misc":{"Escrito por":"Lu\u00edsa Porto","Est. tempo de leitura":"3 minutos"},"schema":{"@context":"https:\/\/schema.org","@graph":[{"@type":"Article","@id":"https:\/\/www.grupomedcof.com.br\/blog\/residencia-oftalmologia-usp\/#article","isPartOf":{"@id":"https:\/\/www.grupomedcof.com.br\/blog\/residencia-oftalmologia-usp\/"},"author":{"name":"Lu\u00edsa Porto","@id":"https:\/\/www.grupomedcof.com.br\/blog\/#\/schema\/person\/d755ffce500bd0766bbf0e4e6572518f"},"headline":"Como \u00e9 a resid\u00eancia m\u00e9dica em Oftalmologia na USP SP?","datePublished":"2024-10-25T17:39:16+00:00","dateModified":"2024-10-25T19:45:48+00:00","mainEntityOfPage":{"@id":"https:\/\/www.grupomedcof.com.br\/blog\/residencia-oftalmologia-usp\/"},"wordCount":412,"commentCount":0,"publisher":{"@id":"https:\/\/www.grupomedcof.com.br\/blog\/#organization"},"image":{"@id":"https:\/\/www.grupomedcof.com.br\/blog\/residencia-oftalmologia-usp\/#primaryimage"},"thumbnailUrl":"https:\/\/www.grupomedcof.com.br\/blog\/wp-content\/uploads\/2024\/10\/Blog-MedCof-20.png","keywords":["Especialidades m\u00e9dicas","Oftalmologia","Resid\u00eancia M\u00e9dica"],"articleSection":["Oftalmologia"],"inLanguage":"pt-BR"},{"@type":"WebPage","@id":"https:\/\/www.grupomedcof.com.br\/blog\/residencia-oftalmologia-usp\/","url":"https:\/\/www.grupomedcof.com.br\/blog\/residencia-oftalmologia-usp\/","name":"Como \u00e9 a resid\u00eancia m\u00e9dica em Oftalmologia na USP SP? - Blog de Medcof: conte\u00fados, editais, revalida e mais!","isPartOf":{"@id":"https:\/\/www.grupomedcof.com.br\/blog\/#website"},"primaryImageOfPage":{"@id":"https:\/\/www.grupomedcof.com.br\/blog\/residencia-oftalmologia-usp\/#primaryimage"},"image":{"@id":"https:\/\/www.grupomedcof.com.br\/blog\/residencia-oftalmologia-usp\/#primaryimage"},"thumbnailUrl":"https:\/\/www.grupomedcof.com.br\/blog\/wp-content\/uploads\/2024\/10\/Blog-MedCof-20.png","datePublished":"2024-10-25T17:39:16+00:00","dateModified":"2024-10-25T19:45:48+00:00","description":"Confira todas as informa\u00e7\u00f5es sobre a resid\u00eancia m\u00e9dica de Oftalmologia na Faculdade de Medicina da Universidade de S\u00e3o Paulo.","breadcrumb":{"@id":"https:\/\/www.grupomedcof.com.br\/blog\/residencia-oftalmologia-usp\/#breadcrumb"},"inLanguage":"pt-BR","potentialAction":[{"@type":"ReadAction","target":["https:\/\/www.grupomedcof.com.br\/blog\/residencia-oftalmologia-usp\/"]}]},{"@type":"ImageObject","inLanguage":"pt-BR","@id":"https:\/\/www.grupomedcof.com.br\/blog\/residencia-oftalmologia-usp\/#primaryimage","url":"https:\/\/www.grupomedcof.com.br\/blog\/wp-content\/uploads\/2024\/10\/Blog-MedCof-20.png","contentUrl":"https:\/\/www.grupomedcof.com.br\/blog\/wp-content\/uploads\/2024\/10\/Blog-MedCof-20.png","width":1920,"height":1080},{"@type":"BreadcrumbList","@id":"https:\/\/www.grupomedcof.com.br\/blog\/residencia-oftalmologia-usp\/#breadcrumb","itemListElement":[{"@type":"ListItem","position":1,"name":"In\u00edcio","item":"https:\/\/www.grupomedcof.com.br\/blog\/"},{"@type":"ListItem","position":2,"name":"Como \u00e9 a resid\u00eancia m\u00e9dica em Oftalmologia na USP SP?"}]},{"@type":"WebSite","@id":"https:\/\/www.grupomedcof.com.br\/blog\/#website","url":"https:\/\/www.grupomedcof.com.br\/blog\/","name":"Blog de Medcof: conte\u00fados, editais, revalida e mais!","description":"Acesso o blog de MedCof! Seu portal de conte\u00fados sobre resid\u00eancia m\u00e9dica, an\u00e1lise e editais e muito mais. Clique e confira!","publisher":{"@id":"https:\/\/www.grupomedcof.com.br\/blog\/#organization"},"alternateName":"Blog de Medcof: conte\u00fados, editais, revalida e mais!","potentialAction":[{"@type":"SearchAction","target":{"@type":"EntryPoint","urlTemplate":"https:\/\/www.grupomedcof.com.br\/blog\/?s={search_term_string}"},"query-input":{"@type":"PropertyValueSpecification","valueRequired":true,"valueName":"search_term_string"}}],"inLanguage":"pt-BR"},{"@type":"Organization","@id":"https:\/\/www.grupomedcof.com.br\/blog\/#organization","name":"Grupo MedCof","url":"https:\/\/www.grupomedcof.com.br\/blog\/","logo":{"@type":"ImageObject","inLanguage":"pt-BR","@id":"https:\/\/www.grupomedcof.com.br\/blog\/#\/schema\/logo\/image\/","url":"https:\/\/www.grupomedcof.com.br\/blog\/wp-content\/uploads\/2022\/01\/logo-medcof.png","contentUrl":"https:\/\/www.grupomedcof.com.br\/blog\/wp-content\/uploads\/2022\/01\/logo-medcof.png","width":768,"height":269,"caption":"Grupo MedCof"},"image":{"@id":"https:\/\/www.grupomedcof.com.br\/blog\/#\/schema\/logo\/image\/"},"sameAs":["https:\/\/www.facebook.com\/MedCofQbank\/","https:\/\/www.instagram.com\/grupomedcof\/","https:\/\/br.linkedin.com\/company\/medcof","https:\/\/www.youtube.com\/channel\/UCdHMuOHKICxcHwecxN8P-AA"]},{"@type":"Person","@id":"https:\/\/www.grupomedcof.com.br\/blog\/#\/schema\/person\/d755ffce500bd0766bbf0e4e6572518f","name":"Lu\u00edsa Porto","image":{"@type":"ImageObject","inLanguage":"pt-BR","@id":"https:\/\/www.grupomedcof.com.br\/blog\/wp-content\/uploads\/2025\/05\/cropped-WhatsApp-Image-2025-05-05-at-19.22.15-96x96.jpegd989589e3fd3e4fb9efe9268a95bbcc4","url":"https:\/\/www.grupomedcof.com.br\/blog\/wp-content\/uploads\/2025\/05\/cropped-WhatsApp-Image-2025-05-05-at-19.22.15-96x96.jpeg","contentUrl":"https:\/\/www.grupomedcof.com.br\/blog\/wp-content\/uploads\/2025\/05\/cropped-WhatsApp-Image-2025-05-05-at-19.22.15-96x96.jpeg","caption":"Lu\u00edsa Porto"},"description":"Estudante de Jornalismo do 6\u00ba semestre, encantada pela \u00e1rea da comunica\u00e7\u00e3o e f\u00e3 de automobilismo","url":"https:\/\/www.grupomedcof.com.br\/blog\/author\/porto\/"}]}},"authors":[{"term_id":3618,"user_id":23,"is_guest":0,"slug":"porto","display_name":"Lu\u00edsa Porto","avatar_url":"https:\/\/www.grupomedcof.com.br\/blog\/wp-content\/uploads\/2025\/05\/cropped-WhatsApp-Image-2025-05-05-at-19.22.15-96x96.jpeg","0":null,"1":"","2":"","3":"","4":"","5":"","6":"","7":"","8":""}],"_links":{"self":[{"href":"https:\/\/www.grupomedcof.com.br\/blog\/wp-json\/wp\/v2\/posts\/30924","targetHints":{"allow":["GET"]}}],"collection":[{"href":"https:\/\/www.grupomedcof.com.br\/blog\/wp-json\/wp\/v2\/posts"}],"about":[{"href":"https:\/\/www.grupomedcof.com.br\/blog\/wp-json\/wp\/v2\/types\/post"}],"author":[{"embeddable":true,"href":"https:\/\/www.grupomedcof.com.br\/blog\/wp-json\/wp\/v2\/users\/23"}],"replies":[{"embeddable":true,"href":"https:\/\/www.grupomedcof.com.br\/blog\/wp-json\/wp\/v2\/comments?post=30924"}],"version-history":[{"count":0,"href":"https:\/\/www.grupomedcof.com.br\/blog\/wp-json\/wp\/v2\/posts\/30924\/revisions"}],"wp:featuredmedia":[{"embeddable":true,"href":"https:\/\/www.grupomedcof.com.br\/blog\/wp-json\/wp\/v2\/media\/30979"}],"wp:attachment":[{"href":"https:\/\/www.grupomedcof.com.br\/blog\/wp-json\/wp\/v2\/media?parent=30924"}],"wp:term":[{"taxonomy":"category","embeddable":true,"href":"https:\/\/www.grupomedcof.com.br\/blog\/wp-json\/wp\/v2\/categories?post=30924"},{"taxonomy":"post_tag","embeddable":true,"href":"https:\/\/www.grupomedcof.com.br\/blog\/wp-json\/wp\/v2\/tags?post=30924"},{"taxonomy":"author","embeddable":true,"href":"https:\/\/www.grupomedcof.com.br\/blog\/wp-json\/wp\/v2\/ppma_author?post=30924"}],"curies":[{"name":"wp","href":"https:\/\/api.w.org\/{rel}","templated":true}]}}