{"id":30948,"date":"2024-10-24T11:41:26","date_gmt":"2024-10-24T14:41:26","guid":{"rendered":"https:\/\/www.grupomedcof.com.br\/blog\/?p=30948"},"modified":"2026-04-24T16:42:49","modified_gmt":"2026-04-24T19:42:49","slug":"curiosidades-e-manejo-da-sindrome-da-angustia-respiratoria-aguda","status":"publish","type":"post","link":"https:\/\/www.grupomedcof.com.br\/blog\/curiosidades-e-manejo-da-sindrome-da-angustia-respiratoria-aguda\/","title":{"rendered":"Curiosidades e manejo da S\u00edndrome da Ang\u00fastia Respirat\u00f3ria Aguda"},"content":{"rendered":"<div id=\"ez-toc-container\" class=\"ez-toc-v2_0_74 counter-hierarchy ez-toc-counter ez-toc-transparent ez-toc-container-direction\">\n<div class=\"ez-toc-title-container\">\n<p class=\"ez-toc-title\" style=\"cursor:inherit\">Sum\u00e1rio<\/p>\n<span class=\"ez-toc-title-toggle\"><a href=\"#\" class=\"ez-toc-pull-right ez-toc-btn ez-toc-btn-xs ez-toc-btn-default ez-toc-toggle\" aria-label=\"Alternar tabela de conte\u00fado\"><span class=\"ez-toc-js-icon-con\"><span class=\"\"><span class=\"eztoc-hide\" style=\"display:none;\">Toggle<\/span><span class=\"ez-toc-icon-toggle-span\"><svg style=\"fill: #999;color:#999\" xmlns=\"http:\/\/www.w3.org\/2000\/svg\" class=\"list-377408\" width=\"20px\" height=\"20px\" viewBox=\"0 0 24 24\" fill=\"none\"><path d=\"M6 6H4v2h2V6zm14 0H8v2h12V6zM4 11h2v2H4v-2zm16 0H8v2h12v-2zM4 16h2v2H4v-2zm16 0H8v2h12v-2z\" fill=\"currentColor\"><\/path><\/svg><svg style=\"fill: #999;color:#999\" class=\"arrow-unsorted-368013\" xmlns=\"http:\/\/www.w3.org\/2000\/svg\" width=\"10px\" height=\"10px\" viewBox=\"0 0 24 24\" version=\"1.2\" baseProfile=\"tiny\"><path d=\"M18.2 9.3l-6.2-6.3-6.2 6.3c-.2.2-.3.4-.3.7s.1.5.3.7c.2.2.4.3.7.3h11c.3 0 .5-.1.7-.3.2-.2.3-.5.3-.7s-.1-.5-.3-.7zM5.8 14.7l6.2 6.3 6.2-6.3c.2-.2.3-.5.3-.7s-.1-.5-.3-.7c-.2-.2-.4-.3-.7-.3h-11c-.3 0-.5.1-.7.3-.2.2-.3.5-.3.7s.1.5.3.7z\"\/><\/svg><\/span><\/span><\/span><\/a><\/span><\/div>\n<nav><ul class='ez-toc-list ez-toc-list-level-1 ' ><li class='ez-toc-page-1 ez-toc-heading-level-2'><a class=\"ez-toc-link ez-toc-heading-1\" href=\"https:\/\/www.grupomedcof.com.br\/blog\/curiosidades-e-manejo-da-sindrome-da-angustia-respiratoria-aguda\/#Relatos_Historicos\" >Relatos Hist\u00f3ricos\u00a0<\/a><\/li><li class='ez-toc-page-1 ez-toc-heading-level-2'><a class=\"ez-toc-link ez-toc-heading-2\" href=\"https:\/\/www.grupomedcof.com.br\/blog\/curiosidades-e-manejo-da-sindrome-da-angustia-respiratoria-aguda\/#Classificacao_do_paciente\" >Classifica\u00e7\u00e3o do paciente<\/a><\/li><li class='ez-toc-page-1 ez-toc-heading-level-2'><a class=\"ez-toc-link ez-toc-heading-3\" href=\"https:\/\/www.grupomedcof.com.br\/blog\/curiosidades-e-manejo-da-sindrome-da-angustia-respiratoria-aguda\/#Fatores_de_Risco\" >Fatores de Risco<\/a><\/li><li class='ez-toc-page-1 ez-toc-heading-level-2'><a class=\"ez-toc-link ez-toc-heading-4\" href=\"https:\/\/www.grupomedcof.com.br\/blog\/curiosidades-e-manejo-da-sindrome-da-angustia-respiratoria-aguda\/#Pilares_do_Tratamento\" >Pilares do Tratamento<\/a><\/li><li class='ez-toc-page-1 ez-toc-heading-level-2'><a class=\"ez-toc-link ez-toc-heading-5\" href=\"https:\/\/www.grupomedcof.com.br\/blog\/curiosidades-e-manejo-da-sindrome-da-angustia-respiratoria-aguda\/#O_metodo_que_te_aprova\" >O m\u00e9todo que te aprova!<\/a><\/li><\/ul><\/nav><\/div>\n\n<figure class=\"wp-block-image size-large\"><img loading=\"lazy\" decoding=\"async\" width=\"1024\" height=\"576\" src=\"https:\/\/www.grupomedcof.com.br\/blog\/wp-content\/uploads\/2024\/10\/Blog-MedCof-3-1-1024x576.png\" alt=\"\" class=\"wp-image-30955\" srcset=\"https:\/\/www.grupomedcof.com.br\/blog\/wp-content\/uploads\/2024\/10\/Blog-MedCof-3-1-1024x576.png 1024w, https:\/\/www.grupomedcof.com.br\/blog\/wp-content\/uploads\/2024\/10\/Blog-MedCof-3-1-300x169.png 300w, https:\/\/www.grupomedcof.com.br\/blog\/wp-content\/uploads\/2024\/10\/Blog-MedCof-3-1-768x432.png 768w, https:\/\/www.grupomedcof.com.br\/blog\/wp-content\/uploads\/2024\/10\/Blog-MedCof-3-1-1536x864.png 1536w, https:\/\/www.grupomedcof.com.br\/blog\/wp-content\/uploads\/2024\/10\/Blog-MedCof-3-1-2048x1152.png 2048w, https:\/\/www.grupomedcof.com.br\/blog\/wp-content\/uploads\/2024\/10\/Blog-MedCof-3-1-747x420.png 747w, https:\/\/www.grupomedcof.com.br\/blog\/wp-content\/uploads\/2024\/10\/Blog-MedCof-3-1-150x84.png 150w, https:\/\/www.grupomedcof.com.br\/blog\/wp-content\/uploads\/2024\/10\/Blog-MedCof-3-1-696x392.png 696w, https:\/\/www.grupomedcof.com.br\/blog\/wp-content\/uploads\/2024\/10\/Blog-MedCof-3-1-1068x601.png 1068w, https:\/\/www.grupomedcof.com.br\/blog\/wp-content\/uploads\/2024\/10\/Blog-MedCof-3-1-1920x1080.png 1920w\" sizes=\"auto, (max-width: 1024px) 100vw, 1024px\" \/><\/figure>\n\n\n\n<p>A <strong>S\u00edndrome da Ang\u00fastia Respirat\u00f3ria Aguda (SARA)<\/strong> ou<strong> S\u00edndrome da Defici\u00eancia Respirat\u00f3ria Aguda (SDRA)<\/strong> \u00e9 uma rea\u00e7\u00e3o inflamat\u00f3ria que atrai c\u00e9lulas inflamat\u00f3rias, principalmente macrofagos e neutr\u00f3filos. Desse modo, devido ao aumento da permeabilidade vascular decorrente da inflama\u00e7\u00e3o, gera-se uma resposta inflamat\u00f3ria vigorosa com presen\u00e7a de muitos marcadores. A inflama\u00e7\u00e3o destr\u00f3i pneum\u00f3citos e o surfactante tamb\u00e9m \u00e9 comprometido \u00e0 medida que o alv\u00e9olo \u00e9 inundado por fluido inflamat\u00f3rio.<\/p>\n\n\n<div class=\"wp-block-image\">\n<figure class=\"aligncenter size-full is-resized\"><img loading=\"lazy\" decoding=\"async\" width=\"910\" height=\"817\" src=\"https:\/\/www.grupomedcof.com.br\/blog\/wp-content\/uploads\/2024\/10\/unnamed-16-1.jpg\" alt=\"\" class=\"wp-image-30949\" style=\"width:471px;height:auto\" srcset=\"https:\/\/www.grupomedcof.com.br\/blog\/wp-content\/uploads\/2024\/10\/unnamed-16-1.jpg 910w, https:\/\/www.grupomedcof.com.br\/blog\/wp-content\/uploads\/2024\/10\/unnamed-16-1-300x269.jpg 300w, https:\/\/www.grupomedcof.com.br\/blog\/wp-content\/uploads\/2024\/10\/unnamed-16-1-768x690.jpg 768w, https:\/\/www.grupomedcof.com.br\/blog\/wp-content\/uploads\/2024\/10\/unnamed-16-1-468x420.jpg 468w, https:\/\/www.grupomedcof.com.br\/blog\/wp-content\/uploads\/2024\/10\/unnamed-16-1-150x135.jpg 150w, https:\/\/www.grupomedcof.com.br\/blog\/wp-content\/uploads\/2024\/10\/unnamed-16-1-696x625.jpg 696w\" sizes=\"auto, (max-width: 910px) 100vw, 910px\" \/><figcaption class=\"wp-element-caption\">Fonte: Acervo de Aulas do Grupo MedCof<\/figcaption><\/figure>\n<\/div>\n\n\n<h2 class=\"wp-block-heading\" id=\"h-relatos-historicos\"><span class=\"ez-toc-section\" id=\"Relatos_Historicos\"><\/span><strong>Relatos Hist\u00f3ricos\u00a0<\/strong><span class=\"ez-toc-section-end\"><\/span><\/h2>\n\n\n\n<p>O primeiro relato de SDRA ocorreu na Revista Cient\u00edfica Lancet, em 1967:\u00a0Identificaram que os pacientes tinham les\u00e3o alveolar importante e a complac\u00eancia pulmonar era diminu\u00edda, e apresentavam rela\u00e7\u00e3o de troca ruim. Geralmente com acidose e frequ\u00eancia respirat\u00f3ria alta.\u00a0\u00a0<\/p>\n\n\n\n<p>Em 2005, o conceito de \u201cbaby Lung\u201d foi introduzido no reconhecimento cient\u00edfico da condi\u00e7\u00e3o. Nele podemos identificar que a massa funcional dos pulm\u00f5es se encontrava reduzida, devido as por\u00e7\u00f5es posteriores e inferiores do pulm\u00e3o totalmente acometidas pelo infiltrado naqueles pacientes diagnosticados. Antes do infiltrado, o volume pulmonar era maior, mas com o infiltrado houve perda de par\u00eanquima pulmonar, deixando, em tese, o pulm\u00e3o menor (como o de um beb\u00ea) e a troca gasosa comprometida (j\u00e1 que temos uma \u00e1rea n\u00e3o ventil\u00e1vel\/perfundivel.<\/p>\n\n\n\n<figure class=\"wp-block-image size-full\"><img loading=\"lazy\" decoding=\"async\" width=\"906\" height=\"740\" src=\"https:\/\/www.grupomedcof.com.br\/blog\/wp-content\/uploads\/2024\/10\/unnamed-17-1.jpg\" alt=\"\" class=\"wp-image-30950\" srcset=\"https:\/\/www.grupomedcof.com.br\/blog\/wp-content\/uploads\/2024\/10\/unnamed-17-1.jpg 906w, https:\/\/www.grupomedcof.com.br\/blog\/wp-content\/uploads\/2024\/10\/unnamed-17-1-300x245.jpg 300w, https:\/\/www.grupomedcof.com.br\/blog\/wp-content\/uploads\/2024\/10\/unnamed-17-1-768x627.jpg 768w, https:\/\/www.grupomedcof.com.br\/blog\/wp-content\/uploads\/2024\/10\/unnamed-17-1-514x420.jpg 514w, https:\/\/www.grupomedcof.com.br\/blog\/wp-content\/uploads\/2024\/10\/unnamed-17-1-150x123.jpg 150w, https:\/\/www.grupomedcof.com.br\/blog\/wp-content\/uploads\/2024\/10\/unnamed-17-1-696x568.jpg 696w\" sizes=\"auto, (max-width: 906px) 100vw, 906px\" \/><figcaption class=\"wp-element-caption\">Fonte: Radiopedia<br><\/figcaption><\/figure>\n\n\n\n<h2 class=\"wp-block-heading\" id=\"h-classificacao-do-paciente\"><span class=\"ez-toc-section\" id=\"Classificacao_do_paciente\"><\/span><strong>Classifica\u00e7\u00e3o do paciente<\/strong><span class=\"ez-toc-section-end\"><\/span><\/h2>\n\n\n\n<p>Para identificarmos corretamente a gravidade do SARA, podemos nos guiar pelas Defini\u00e7\u00f5es de Berlin:<\/p>\n\n\n\n<figure class=\"wp-block-table\"><table class=\"has-fixed-layout\"><tbody><tr><td><strong>Crit\u00e9rios&nbsp;<\/strong><\/td><td><strong>Leve<\/strong><\/td><td><strong>Moderada<\/strong><\/td><td><strong>Grave&nbsp;<\/strong><\/td><\/tr><tr><td>Tempo de In\u00edcio&nbsp;<\/td><td colspan=\"3\">Aparecimento s\u00fabito dentro de 1 semana ap\u00f3s exposi\u00e7\u00e3o a fator de risco ou aparecimento ou piora de sintomas respirat\u00f3rios&nbsp;<\/td><\/tr><tr><td>Hipoxemia (PaO<sub>2<\/sub>\/FiO<sub>2<\/sub>)<\/td><td>201-300 com PEEP\/CPAP &gt; 5*<\/td><td>101-200 com PEEP &gt; 5<\/td><td>&lt; 100 com PEEP &gt; 5*<\/td><\/tr><tr><td>Origem do edem<\/td><td colspan=\"3\">Insufici\u00eancia respirat\u00f3ria n\u00e3o claramente explicada por insufici\u00eancia card\u00edaca ou sobrecarga vol\u00eamica<\/td><\/tr><tr><td>Anormalidades Radiol\u00f3gicas&nbsp;<\/td><td colspan=\"3\">Opacidades bilaterais**<\/td><\/tr><\/tbody><\/table><\/figure>\n\n\n\n<p>*ESICM 2023 sugeriu retirar a necessidade de PEEP como crit\u00e9rio diagn\u00f3stico e sugeriu CNAF como primeira op\u00e7\u00e3o em IRpA hipox\u00eamica.&nbsp;<\/p>\n\n\n\n<p>**N\u00e3o explicados por n\u00f3dulos, derrames, massas ou colapsos lobares\/pulmonares.<\/p>\n\n\n\n<p>Dentro dessas defini\u00e7\u00f5es, precisamos identificar pelo menos 4 crit\u00e9rios para caracterizar SDRA (lembrando sempre que as anormalidades radiol\u00f3gicas devem ser bilaterais e a opacidade deve ter caracter\u00edstica inflamat\u00f3ria, n\u00e3o sendo justificada por patologias card\u00edacas ou tumorais).&nbsp;<\/p>\n\n\n\n<div class=\"wp-block-columns is-layout-flex wp-container-core-columns-is-layout-9d6595d7 wp-block-columns-is-layout-flex\">\n<div class=\"wp-block-column is-layout-flow wp-block-column-is-layout-flow\">\n<figure class=\"wp-block-image size-full\"><img loading=\"lazy\" decoding=\"async\" width=\"915\" height=\"705\" src=\"https:\/\/www.grupomedcof.com.br\/blog\/wp-content\/uploads\/2024\/10\/unnamed-18-1.jpg\" alt=\"\" class=\"wp-image-30951\" srcset=\"https:\/\/www.grupomedcof.com.br\/blog\/wp-content\/uploads\/2024\/10\/unnamed-18-1.jpg 915w, https:\/\/www.grupomedcof.com.br\/blog\/wp-content\/uploads\/2024\/10\/unnamed-18-1-300x231.jpg 300w, https:\/\/www.grupomedcof.com.br\/blog\/wp-content\/uploads\/2024\/10\/unnamed-18-1-768x592.jpg 768w, https:\/\/www.grupomedcof.com.br\/blog\/wp-content\/uploads\/2024\/10\/unnamed-18-1-545x420.jpg 545w, https:\/\/www.grupomedcof.com.br\/blog\/wp-content\/uploads\/2024\/10\/unnamed-18-1-150x116.jpg 150w, https:\/\/www.grupomedcof.com.br\/blog\/wp-content\/uploads\/2024\/10\/unnamed-18-1-696x536.jpg 696w\" sizes=\"auto, (max-width: 915px) 100vw, 915px\" \/><figcaption class=\"wp-element-caption\">Fonte: Radiopedia\u00a0<br><\/figcaption><\/figure>\n<\/div>\n\n\n\n<div class=\"wp-block-column is-layout-flow wp-block-column-is-layout-flow\">\n<figure class=\"wp-block-image size-full\"><img loading=\"lazy\" decoding=\"async\" width=\"896\" height=\"995\" src=\"https:\/\/www.grupomedcof.com.br\/blog\/wp-content\/uploads\/2024\/10\/unnamed-19-2.jpg\" alt=\"\" class=\"wp-image-30953\" srcset=\"https:\/\/www.grupomedcof.com.br\/blog\/wp-content\/uploads\/2024\/10\/unnamed-19-2.jpg 896w, https:\/\/www.grupomedcof.com.br\/blog\/wp-content\/uploads\/2024\/10\/unnamed-19-2-270x300.jpg 270w, https:\/\/www.grupomedcof.com.br\/blog\/wp-content\/uploads\/2024\/10\/unnamed-19-2-768x853.jpg 768w, https:\/\/www.grupomedcof.com.br\/blog\/wp-content\/uploads\/2024\/10\/unnamed-19-2-378x420.jpg 378w, https:\/\/www.grupomedcof.com.br\/blog\/wp-content\/uploads\/2024\/10\/unnamed-19-2-150x167.jpg 150w, https:\/\/www.grupomedcof.com.br\/blog\/wp-content\/uploads\/2024\/10\/unnamed-19-2-300x333.jpg 300w, https:\/\/www.grupomedcof.com.br\/blog\/wp-content\/uploads\/2024\/10\/unnamed-19-2-696x773.jpg 696w\" sizes=\"auto, (max-width: 896px) 100vw, 896px\" \/><\/figure>\n<\/div>\n<\/div>\n\n\n\n<h2 class=\"wp-block-heading\" id=\"h-fatores-de-risco\"><span class=\"ez-toc-section\" id=\"Fatores_de_Risco\"><\/span><strong>Fatores de Risco<\/strong><span class=\"ez-toc-section-end\"><\/span><\/h2>\n\n\n\n<p>Em alguns casos, podemos suspeitar de SARA com maior emerg\u00eancia, como:&nbsp;<\/p>\n\n\n\n<ul class=\"wp-block-list\">\n<li><strong>Quando h\u00e1 les\u00f5es pulmonares diretas:<\/strong>\n<ul class=\"wp-block-list\">\n<li>Pneumonias (bacterianas, virais, f\u00fangicas);\u00a0<\/li>\n\n\n\n<li>Aspira\u00e7\u00e3o de conte\u00fado g\u00e1strico;<\/li>\n\n\n\n<li>Contus\u00e3o pulmonar (lembrar que o pico da les\u00e3o por contus\u00e3o pulmonar acontece ap\u00f3s 48h);\u00a0<\/li>\n\n\n\n<li>Les\u00e3o por inala\u00e7\u00e3o;<\/li>\n\n\n\n<li>Afogamento;\u00a0<\/li>\n<\/ul>\n<\/li>\n\n\n\n<li><strong>Quando h\u00e1 les\u00f5es pulmonares indiretas:<\/strong>\n<ul class=\"wp-block-list\">\n<li>Sepse;\u00a0<\/li>\n\n\n\n<li>Trauma n\u00e3o tor\u00e1cico ou choque hemorr\u00e1gico;\u00a0<\/li>\n\n\n\n<li>Pancreatite;\u00a0<\/li>\n\n\n\n<li>Grande Queimado;\u00a0<\/li>\n\n\n\n<li>Intoxica\u00e7\u00f5es medicamentosas;<\/li>\n\n\n\n<li>entre outras.<\/li>\n<\/ul>\n<\/li>\n<\/ul>\n\n\n\n<h2 class=\"wp-block-heading\" id=\"h-pilares-do-tratamento\"><span class=\"ez-toc-section\" id=\"Pilares_do_Tratamento\"><\/span><strong>Pilares do Tratamento<\/strong><span class=\"ez-toc-section-end\"><\/span><\/h2>\n\n\n\n<p>Como a resposta respirat\u00f3ria do paciente \u00e9 prejudicada, a primeira conduta para se tomar \u00e9 a Ventila\u00e7\u00e3o Mec\u00e2nica Protetora\u00a0<\/p>\n\n\n\n<ul class=\"wp-block-list\">\n<li>Volume Corrente &lt; 6 ml\/Kg (podendo chegar at\u00e9 4 ml\/Kg)<\/li>\n<\/ul>\n\n\n\n<p>Depois buscamos alcan\u00e7ar os \u00edndices:&nbsp;<\/p>\n\n\n\n<ul class=\"wp-block-list\">\n<li>Press\u00e3o de plat\u00f4 &lt; 30 cmH<sub>2<\/sub>O<\/li>\n<\/ul>\n\n\n\n<ul class=\"wp-block-list\">\n<li>Driving pressure &lt; 15 cmH<sub>2<\/sub>O<\/li>\n\n\n\n<li>FR preferencialmente entre 30-35\u00a0<\/li>\n\n\n\n<li>Balan\u00e7o h\u00eddrico zerado ou negativo\u00a0<\/li>\n\n\n\n<li>Bloqueio neuromuscular (quando h\u00e1 assincronias incontrol\u00e1veis)\u00a0<\/li>\n<\/ul>\n\n\n\n<figure class=\"wp-block-image size-large\"><a href=\"https:\/\/www.grupomedcof.com.br\/cofletters\/\"><img loading=\"lazy\" decoding=\"async\" width=\"1024\" height=\"366\" src=\"https:\/\/www.grupomedcof.com.br\/blog\/wp-content\/uploads\/2024\/10\/Capa-Eventos-MedCof-Plus-1-1024x366.png\" alt=\"\" class=\"wp-image-30896\" srcset=\"https:\/\/www.grupomedcof.com.br\/blog\/wp-content\/uploads\/2024\/10\/Capa-Eventos-MedCof-Plus-1-1024x366.png 1024w, https:\/\/www.grupomedcof.com.br\/blog\/wp-content\/uploads\/2024\/10\/Capa-Eventos-MedCof-Plus-1-300x107.png 300w, https:\/\/www.grupomedcof.com.br\/blog\/wp-content\/uploads\/2024\/10\/Capa-Eventos-MedCof-Plus-1-768x275.png 768w, https:\/\/www.grupomedcof.com.br\/blog\/wp-content\/uploads\/2024\/10\/Capa-Eventos-MedCof-Plus-1-1536x549.png 1536w, https:\/\/www.grupomedcof.com.br\/blog\/wp-content\/uploads\/2024\/10\/Capa-Eventos-MedCof-Plus-1-2048x732.png 2048w, https:\/\/www.grupomedcof.com.br\/blog\/wp-content\/uploads\/2024\/10\/Capa-Eventos-MedCof-Plus-1-1175x420.png 1175w, https:\/\/www.grupomedcof.com.br\/blog\/wp-content\/uploads\/2024\/10\/Capa-Eventos-MedCof-Plus-1-150x54.png 150w, https:\/\/www.grupomedcof.com.br\/blog\/wp-content\/uploads\/2024\/10\/Capa-Eventos-MedCof-Plus-1-696x249.png 696w, https:\/\/www.grupomedcof.com.br\/blog\/wp-content\/uploads\/2024\/10\/Capa-Eventos-MedCof-Plus-1-1068x382.png 1068w, https:\/\/www.grupomedcof.com.br\/blog\/wp-content\/uploads\/2024\/10\/Capa-Eventos-MedCof-Plus-1-1920x686.png 1920w\" sizes=\"auto, (max-width: 1024px) 100vw, 1024px\" \/><\/a><\/figure>\n\n\n\n<p>Um fato importante a se destacar \u00e9 que a posi\u00e7\u00e3o prona em SDRA severa diminui bastante a mortalidade em 28 e 90 dias!<\/p>\n\n\n\n<ul class=\"wp-block-list\">\n<li>Prona se paO<sub>2<\/sub>\/FiO<sub>2<\/sub> &lt; 150 com 12h de ventila\u00e7\u00e3o mec\u00e2nica otimizada &#8211; lembrar que a prona deve ser feita por pelo menos 16h).\u00a0\u00a0<\/li>\n<\/ul>\n\n\n\n<p>No caso mais espec\u00edfico de Hipoxemia refrat\u00e1ria, nossa conduta segue :&nbsp;<\/p>\n\n\n\n<ol class=\"wp-block-list\">\n<li>Administra\u00e7\u00e3o de corticoide (em casos de COVID-19, discut\u00edvel em outras etiologias)\u00a0<\/li>\n\n\n\n<li>\u00d3xido n\u00edtrico inalat\u00f3rio (tamb\u00e9m em disfun\u00e7\u00f5es do VD)<\/li>\n\n\n\n<li>ECMO (manobra de resgate)\u00a0<\/li>\n<\/ol>\n\n\n\n<p>A ventila\u00e7\u00e3o oscilat\u00f3ria de alta frequ\u00eancia e a manobra de recrutamento devem ser descartadas (inclusive em quest\u00f5es de prova!), pois na primeira h\u00e1 relatos de aumento da mortalidade (OSCAR e OSCILLATE trial) e a segunda causa outros problemas.<\/p>\n\n\n\n<h2 class=\"wp-block-heading\" id=\"o-m\u00e9todo-que-te-aprova\"><span class=\"ez-toc-section\" id=\"O_metodo_que_te_aprova\"><\/span><strong>O m\u00e9todo que te aprova!<\/strong><span class=\"ez-toc-section-end\"><\/span><\/h2>\n\n\n\n<p>Quer alcan\u00e7ar a aprova\u00e7\u00e3o nas provas de resid\u00eancia m\u00e9dica? Ent\u00e3o seja um&nbsp;<a href=\"https:\/\/www.grupomedcof.com.br\/home\/\" target=\"_blank\" rel=\"noreferrer noopener\">MedCoffer<\/a>! Aqui te ajudaremos na busca da aprova\u00e7\u00e3o com conte\u00fados de qualidade e uma&nbsp;<a href=\"https:\/\/www.grupomedcof.com.br\/blog\/presenca-da-medcof-nas-aprovacoes-em-residencia-medica-no-brasil\/\" target=\"_blank\" rel=\"noreferrer noopener\">metodologia que j\u00e1 aprovou mais de 10 mil residentes no pa\u00eds!&nbsp;<\/a>Por fim, acesse o nosso<a href=\"https:\/\/www.youtube.com\/@GrupoMedcof\/featured\" target=\"_blank\" rel=\"noreferrer noopener\">&nbsp;<strong>canal do youtube&nbsp;<\/strong><\/a>para ver o nosso material.&nbsp;<\/p>\n\n\n\n<figure class=\"wp-block-embed is-type-video is-provider-youtube wp-block-embed-youtube wp-embed-aspect-16-9 wp-has-aspect-ratio\"><div class=\"wp-block-embed__wrapper\">\n<div class=\"youtube-embed\" data-video_id=\"dqzCXx1A0Rc\"><iframe loading=\"lazy\" title=\"S\u00edndrome do Desconforto Respirat\u00f3rio Agudo: Tudo o que voc\u00ea precisa saber. Com Dr. Douglas Toledo\" width=\"696\" height=\"392\" src=\"https:\/\/www.youtube.com\/embed\/dqzCXx1A0Rc?start=2&#038;feature=oembed\" frameborder=\"0\" allow=\"accelerometer; autoplay; clipboard-write; encrypted-media; gyroscope; picture-in-picture; web-share\" referrerpolicy=\"strict-origin-when-cross-origin\" allowfullscreen><\/iframe><\/div>\n<\/div><\/figure>\n","protected":false},"excerpt":{"rendered":"<p>A S\u00edndrome da Ang\u00fastia Respirat\u00f3ria Aguda \u00e9 uma rea\u00e7\u00e3o inflamat\u00f3ria que atrai c\u00e9lulas inflamat\u00f3rias. Veja mais detalhes!<\/p>\n","protected":false},"author":21,"featured_media":30955,"comment_status":"open","ping_status":"open","sticky":false,"template":"","format":"standard","meta":{"footnotes":""},"categories":[115],"tags":[68,2194,540],"ppma_author":[3617],"class_list":{"0":"post-30948","1":"post","2":"type-post","3":"status-publish","4":"format-standard","5":"has-post-thumbnail","7":"category-clinica-medica","8":"tag-residencia-medica","9":"tag-sara","10":"tag-sdra"},"yoast_head":"<!-- This site is optimized with the Yoast SEO Premium plugin v24.3 (Yoast SEO v27.4) - https:\/\/yoast.com\/product\/yoast-seo-premium-wordpress\/ -->\n<title>S\u00edndrome da Ang\u00fastia Respirat\u00f3ria Aguda (SARA): Manejo | Medcof<\/title>\n<meta name=\"description\" content=\"A S\u00edndrome da Ang\u00fastia Respirat\u00f3ria Aguda \u00e9 uma rea\u00e7\u00e3o inflamat\u00f3ria que atrai c\u00e9lulas inflamat\u00f3rias. Veja mais detalhes!\" \/>\n<meta name=\"robots\" content=\"index, follow, max-snippet:-1, max-image-preview:large, max-video-preview:-1\" \/>\n<link rel=\"canonical\" href=\"https:\/\/www.grupomedcof.com.br\/blog\/curiosidades-e-manejo-da-sindrome-da-angustia-respiratoria-aguda\/\" \/>\n<meta property=\"og:locale\" content=\"pt_BR\" \/>\n<meta property=\"og:type\" content=\"article\" \/>\n<meta property=\"og:title\" content=\"Curiosidades e manejo da S\u00edndrome da Ang\u00fastia Respirat\u00f3ria Aguda\" \/>\n<meta property=\"og:description\" content=\"A S\u00edndrome da Ang\u00fastia Respirat\u00f3ria Aguda \u00e9 uma rea\u00e7\u00e3o inflamat\u00f3ria que atrai c\u00e9lulas inflamat\u00f3rias. Veja mais detalhes!\" \/>\n<meta property=\"og:url\" content=\"https:\/\/www.grupomedcof.com.br\/blog\/curiosidades-e-manejo-da-sindrome-da-angustia-respiratoria-aguda\/\" \/>\n<meta property=\"og:site_name\" content=\"Blog de Medcof: conte\u00fados, editais, revalida e mais!\" \/>\n<meta property=\"article:publisher\" content=\"https:\/\/www.facebook.com\/MedCofQbank\/\" \/>\n<meta property=\"article:published_time\" content=\"2024-10-24T14:41:26+00:00\" \/>\n<meta property=\"article:modified_time\" content=\"2026-04-24T19:42:49+00:00\" \/>\n<meta property=\"og:image\" content=\"https:\/\/www.grupomedcof.com.br\/blog\/wp-content\/uploads\/2024\/10\/Blog-MedCof-3-1-1024x576.png\" \/>\n\t<meta property=\"og:image:width\" content=\"1024\" \/>\n\t<meta property=\"og:image:height\" content=\"576\" \/>\n\t<meta property=\"og:image:type\" content=\"image\/png\" \/>\n<meta name=\"author\" content=\"Kiara Adelino\" \/>\n<meta name=\"twitter:card\" content=\"summary_large_image\" \/>\n<meta name=\"twitter:label1\" content=\"Escrito por\" \/>\n\t<meta name=\"twitter:data1\" content=\"Kiara Adelino\" \/>\n\t<meta name=\"twitter:label2\" content=\"Est. tempo de leitura\" \/>\n\t<meta name=\"twitter:data2\" content=\"5 minutos\" \/>\n<script type=\"application\/ld+json\" class=\"yoast-schema-graph\">{\"@context\":\"https:\\\/\\\/schema.org\",\"@graph\":[{\"@type\":\"Article\",\"@id\":\"https:\\\/\\\/www.grupomedcof.com.br\\\/blog\\\/curiosidades-e-manejo-da-sindrome-da-angustia-respiratoria-aguda\\\/#article\",\"isPartOf\":{\"@id\":\"https:\\\/\\\/www.grupomedcof.com.br\\\/blog\\\/curiosidades-e-manejo-da-sindrome-da-angustia-respiratoria-aguda\\\/\"},\"author\":{\"name\":\"Kiara Adelino\",\"@id\":\"https:\\\/\\\/www.grupomedcof.com.br\\\/blog\\\/#\\\/schema\\\/person\\\/db19a651f86c5fc202d6eee744fd3292\"},\"headline\":\"Curiosidades e manejo da S\u00edndrome da Ang\u00fastia Respirat\u00f3ria Aguda\",\"datePublished\":\"2024-10-24T14:41:26+00:00\",\"dateModified\":\"2026-04-24T19:42:49+00:00\",\"mainEntityOfPage\":{\"@id\":\"https:\\\/\\\/www.grupomedcof.com.br\\\/blog\\\/curiosidades-e-manejo-da-sindrome-da-angustia-respiratoria-aguda\\\/\"},\"wordCount\":782,\"commentCount\":0,\"publisher\":{\"@id\":\"https:\\\/\\\/www.grupomedcof.com.br\\\/blog\\\/#organization\"},\"image\":{\"@id\":\"https:\\\/\\\/www.grupomedcof.com.br\\\/blog\\\/curiosidades-e-manejo-da-sindrome-da-angustia-respiratoria-aguda\\\/#primaryimage\"},\"thumbnailUrl\":\"https:\\\/\\\/www.grupomedcof.com.br\\\/blog\\\/wp-content\\\/uploads\\\/2024\\\/10\\\/Blog-MedCof-3-1.png\",\"keywords\":[\"Resid\u00eancia M\u00e9dica\",\"SARA\",\"SDRA\"],\"articleSection\":[\"Cl\u00ednica M\u00e9dica\"],\"inLanguage\":\"pt-BR\"},{\"@type\":\"WebPage\",\"@id\":\"https:\\\/\\\/www.grupomedcof.com.br\\\/blog\\\/curiosidades-e-manejo-da-sindrome-da-angustia-respiratoria-aguda\\\/\",\"url\":\"https:\\\/\\\/www.grupomedcof.com.br\\\/blog\\\/curiosidades-e-manejo-da-sindrome-da-angustia-respiratoria-aguda\\\/\",\"name\":\"S\u00edndrome da Ang\u00fastia Respirat\u00f3ria Aguda (SARA): Manejo | Medcof\",\"isPartOf\":{\"@id\":\"https:\\\/\\\/www.grupomedcof.com.br\\\/blog\\\/#website\"},\"primaryImageOfPage\":{\"@id\":\"https:\\\/\\\/www.grupomedcof.com.br\\\/blog\\\/curiosidades-e-manejo-da-sindrome-da-angustia-respiratoria-aguda\\\/#primaryimage\"},\"image\":{\"@id\":\"https:\\\/\\\/www.grupomedcof.com.br\\\/blog\\\/curiosidades-e-manejo-da-sindrome-da-angustia-respiratoria-aguda\\\/#primaryimage\"},\"thumbnailUrl\":\"https:\\\/\\\/www.grupomedcof.com.br\\\/blog\\\/wp-content\\\/uploads\\\/2024\\\/10\\\/Blog-MedCof-3-1.png\",\"datePublished\":\"2024-10-24T14:41:26+00:00\",\"dateModified\":\"2026-04-24T19:42:49+00:00\",\"description\":\"A S\u00edndrome da Ang\u00fastia Respirat\u00f3ria Aguda \u00e9 uma rea\u00e7\u00e3o inflamat\u00f3ria que atrai c\u00e9lulas inflamat\u00f3rias. Veja mais detalhes!\",\"breadcrumb\":{\"@id\":\"https:\\\/\\\/www.grupomedcof.com.br\\\/blog\\\/curiosidades-e-manejo-da-sindrome-da-angustia-respiratoria-aguda\\\/#breadcrumb\"},\"inLanguage\":\"pt-BR\",\"potentialAction\":[{\"@type\":\"ReadAction\",\"target\":[\"https:\\\/\\\/www.grupomedcof.com.br\\\/blog\\\/curiosidades-e-manejo-da-sindrome-da-angustia-respiratoria-aguda\\\/\"]}]},{\"@type\":\"ImageObject\",\"inLanguage\":\"pt-BR\",\"@id\":\"https:\\\/\\\/www.grupomedcof.com.br\\\/blog\\\/curiosidades-e-manejo-da-sindrome-da-angustia-respiratoria-aguda\\\/#primaryimage\",\"url\":\"https:\\\/\\\/www.grupomedcof.com.br\\\/blog\\\/wp-content\\\/uploads\\\/2024\\\/10\\\/Blog-MedCof-3-1.png\",\"contentUrl\":\"https:\\\/\\\/www.grupomedcof.com.br\\\/blog\\\/wp-content\\\/uploads\\\/2024\\\/10\\\/Blog-MedCof-3-1.png\",\"width\":2560,\"height\":1440},{\"@type\":\"BreadcrumbList\",\"@id\":\"https:\\\/\\\/www.grupomedcof.com.br\\\/blog\\\/curiosidades-e-manejo-da-sindrome-da-angustia-respiratoria-aguda\\\/#breadcrumb\",\"itemListElement\":[{\"@type\":\"ListItem\",\"position\":1,\"name\":\"In\u00edcio\",\"item\":\"https:\\\/\\\/www.grupomedcof.com.br\\\/blog\\\/\"},{\"@type\":\"ListItem\",\"position\":2,\"name\":\"Curiosidades e manejo da S\u00edndrome da Ang\u00fastia Respirat\u00f3ria Aguda\"}]},{\"@type\":\"WebSite\",\"@id\":\"https:\\\/\\\/www.grupomedcof.com.br\\\/blog\\\/#website\",\"url\":\"https:\\\/\\\/www.grupomedcof.com.br\\\/blog\\\/\",\"name\":\"Blog de Medcof: conte\u00fados, editais, revalida e mais!\",\"description\":\"Acesso o blog de MedCof! Seu portal de conte\u00fados sobre resid\u00eancia m\u00e9dica, an\u00e1lise e editais e muito mais. Clique e confira!\",\"publisher\":{\"@id\":\"https:\\\/\\\/www.grupomedcof.com.br\\\/blog\\\/#organization\"},\"alternateName\":\"Blog de Medcof: conte\u00fados, editais, revalida e mais!\",\"potentialAction\":[{\"@type\":\"SearchAction\",\"target\":{\"@type\":\"EntryPoint\",\"urlTemplate\":\"https:\\\/\\\/www.grupomedcof.com.br\\\/blog\\\/?s={search_term_string}\"},\"query-input\":{\"@type\":\"PropertyValueSpecification\",\"valueRequired\":true,\"valueName\":\"search_term_string\"}}],\"inLanguage\":\"pt-BR\"},{\"@type\":\"Organization\",\"@id\":\"https:\\\/\\\/www.grupomedcof.com.br\\\/blog\\\/#organization\",\"name\":\"Grupo MedCof\",\"url\":\"https:\\\/\\\/www.grupomedcof.com.br\\\/blog\\\/\",\"logo\":{\"@type\":\"ImageObject\",\"inLanguage\":\"pt-BR\",\"@id\":\"https:\\\/\\\/www.grupomedcof.com.br\\\/blog\\\/#\\\/schema\\\/logo\\\/image\\\/\",\"url\":\"https:\\\/\\\/www.grupomedcof.com.br\\\/blog\\\/wp-content\\\/uploads\\\/2022\\\/01\\\/logo-medcof.png\",\"contentUrl\":\"https:\\\/\\\/www.grupomedcof.com.br\\\/blog\\\/wp-content\\\/uploads\\\/2022\\\/01\\\/logo-medcof.png\",\"width\":768,\"height\":269,\"caption\":\"Grupo MedCof\"},\"image\":{\"@id\":\"https:\\\/\\\/www.grupomedcof.com.br\\\/blog\\\/#\\\/schema\\\/logo\\\/image\\\/\"},\"sameAs\":[\"https:\\\/\\\/www.facebook.com\\\/MedCofQbank\\\/\",\"https:\\\/\\\/www.instagram.com\\\/grupomedcof\\\/\",\"https:\\\/\\\/br.linkedin.com\\\/company\\\/medcof\",\"https:\\\/\\\/www.youtube.com\\\/channel\\\/UCdHMuOHKICxcHwecxN8P-AA\"]},{\"@type\":\"Person\",\"@id\":\"https:\\\/\\\/www.grupomedcof.com.br\\\/blog\\\/#\\\/schema\\\/person\\\/db19a651f86c5fc202d6eee744fd3292\",\"name\":\"Kiara Adelino\",\"image\":{\"@type\":\"ImageObject\",\"inLanguage\":\"pt-BR\",\"@id\":\"https:\\\/\\\/www.grupomedcof.com.br\\\/blog\\\/wp-content\\\/uploads\\\/2024\\\/08\\\/cropped-Kiara-Adelino2-96x96.jpega85663bdda67261f8f06f86e555e1e49\",\"url\":\"https:\\\/\\\/www.grupomedcof.com.br\\\/blog\\\/wp-content\\\/uploads\\\/2024\\\/08\\\/cropped-Kiara-Adelino2-96x96.jpeg\",\"contentUrl\":\"https:\\\/\\\/www.grupomedcof.com.br\\\/blog\\\/wp-content\\\/uploads\\\/2024\\\/08\\\/cropped-Kiara-Adelino2-96x96.jpeg\",\"caption\":\"Kiara Adelino\"},\"description\":\"Estudante do 5\u00b0 semestre de Medicina. Gosto bastante de aprender coisas novas, principalmente na \u00e1rea de Neurologia e Anatomia humana.\",\"url\":\"https:\\\/\\\/www.grupomedcof.com.br\\\/blog\\\/author\\\/kiara-adelino\\\/\"}]}<\/script>\n<!-- \/ Yoast SEO Premium plugin. -->","yoast_head_json":{"title":"S\u00edndrome da Ang\u00fastia Respirat\u00f3ria Aguda (SARA): Manejo | Medcof","description":"A S\u00edndrome da Ang\u00fastia Respirat\u00f3ria Aguda \u00e9 uma rea\u00e7\u00e3o inflamat\u00f3ria que atrai c\u00e9lulas inflamat\u00f3rias. Veja mais detalhes!","robots":{"index":"index","follow":"follow","max-snippet":"max-snippet:-1","max-image-preview":"max-image-preview:large","max-video-preview":"max-video-preview:-1"},"canonical":"https:\/\/www.grupomedcof.com.br\/blog\/curiosidades-e-manejo-da-sindrome-da-angustia-respiratoria-aguda\/","og_locale":"pt_BR","og_type":"article","og_title":"Curiosidades e manejo da S\u00edndrome da Ang\u00fastia Respirat\u00f3ria Aguda","og_description":"A S\u00edndrome da Ang\u00fastia Respirat\u00f3ria Aguda \u00e9 uma rea\u00e7\u00e3o inflamat\u00f3ria que atrai c\u00e9lulas inflamat\u00f3rias. Veja mais detalhes!","og_url":"https:\/\/www.grupomedcof.com.br\/blog\/curiosidades-e-manejo-da-sindrome-da-angustia-respiratoria-aguda\/","og_site_name":"Blog de Medcof: conte\u00fados, editais, revalida e mais!","article_publisher":"https:\/\/www.facebook.com\/MedCofQbank\/","article_published_time":"2024-10-24T14:41:26+00:00","article_modified_time":"2026-04-24T19:42:49+00:00","og_image":[{"width":1024,"height":576,"url":"https:\/\/www.grupomedcof.com.br\/blog\/wp-content\/uploads\/2024\/10\/Blog-MedCof-3-1-1024x576.png","type":"image\/png"}],"author":"Kiara Adelino","twitter_card":"summary_large_image","twitter_misc":{"Escrito por":"Kiara Adelino","Est. tempo de leitura":"5 minutos"},"schema":{"@context":"https:\/\/schema.org","@graph":[{"@type":"Article","@id":"https:\/\/www.grupomedcof.com.br\/blog\/curiosidades-e-manejo-da-sindrome-da-angustia-respiratoria-aguda\/#article","isPartOf":{"@id":"https:\/\/www.grupomedcof.com.br\/blog\/curiosidades-e-manejo-da-sindrome-da-angustia-respiratoria-aguda\/"},"author":{"name":"Kiara Adelino","@id":"https:\/\/www.grupomedcof.com.br\/blog\/#\/schema\/person\/db19a651f86c5fc202d6eee744fd3292"},"headline":"Curiosidades e manejo da S\u00edndrome da Ang\u00fastia Respirat\u00f3ria Aguda","datePublished":"2024-10-24T14:41:26+00:00","dateModified":"2026-04-24T19:42:49+00:00","mainEntityOfPage":{"@id":"https:\/\/www.grupomedcof.com.br\/blog\/curiosidades-e-manejo-da-sindrome-da-angustia-respiratoria-aguda\/"},"wordCount":782,"commentCount":0,"publisher":{"@id":"https:\/\/www.grupomedcof.com.br\/blog\/#organization"},"image":{"@id":"https:\/\/www.grupomedcof.com.br\/blog\/curiosidades-e-manejo-da-sindrome-da-angustia-respiratoria-aguda\/#primaryimage"},"thumbnailUrl":"https:\/\/www.grupomedcof.com.br\/blog\/wp-content\/uploads\/2024\/10\/Blog-MedCof-3-1.png","keywords":["Resid\u00eancia M\u00e9dica","SARA","SDRA"],"articleSection":["Cl\u00ednica M\u00e9dica"],"inLanguage":"pt-BR"},{"@type":"WebPage","@id":"https:\/\/www.grupomedcof.com.br\/blog\/curiosidades-e-manejo-da-sindrome-da-angustia-respiratoria-aguda\/","url":"https:\/\/www.grupomedcof.com.br\/blog\/curiosidades-e-manejo-da-sindrome-da-angustia-respiratoria-aguda\/","name":"S\u00edndrome da Ang\u00fastia Respirat\u00f3ria Aguda (SARA): Manejo | Medcof","isPartOf":{"@id":"https:\/\/www.grupomedcof.com.br\/blog\/#website"},"primaryImageOfPage":{"@id":"https:\/\/www.grupomedcof.com.br\/blog\/curiosidades-e-manejo-da-sindrome-da-angustia-respiratoria-aguda\/#primaryimage"},"image":{"@id":"https:\/\/www.grupomedcof.com.br\/blog\/curiosidades-e-manejo-da-sindrome-da-angustia-respiratoria-aguda\/#primaryimage"},"thumbnailUrl":"https:\/\/www.grupomedcof.com.br\/blog\/wp-content\/uploads\/2024\/10\/Blog-MedCof-3-1.png","datePublished":"2024-10-24T14:41:26+00:00","dateModified":"2026-04-24T19:42:49+00:00","description":"A S\u00edndrome da Ang\u00fastia Respirat\u00f3ria Aguda \u00e9 uma rea\u00e7\u00e3o inflamat\u00f3ria que atrai c\u00e9lulas inflamat\u00f3rias. Veja mais detalhes!","breadcrumb":{"@id":"https:\/\/www.grupomedcof.com.br\/blog\/curiosidades-e-manejo-da-sindrome-da-angustia-respiratoria-aguda\/#breadcrumb"},"inLanguage":"pt-BR","potentialAction":[{"@type":"ReadAction","target":["https:\/\/www.grupomedcof.com.br\/blog\/curiosidades-e-manejo-da-sindrome-da-angustia-respiratoria-aguda\/"]}]},{"@type":"ImageObject","inLanguage":"pt-BR","@id":"https:\/\/www.grupomedcof.com.br\/blog\/curiosidades-e-manejo-da-sindrome-da-angustia-respiratoria-aguda\/#primaryimage","url":"https:\/\/www.grupomedcof.com.br\/blog\/wp-content\/uploads\/2024\/10\/Blog-MedCof-3-1.png","contentUrl":"https:\/\/www.grupomedcof.com.br\/blog\/wp-content\/uploads\/2024\/10\/Blog-MedCof-3-1.png","width":2560,"height":1440},{"@type":"BreadcrumbList","@id":"https:\/\/www.grupomedcof.com.br\/blog\/curiosidades-e-manejo-da-sindrome-da-angustia-respiratoria-aguda\/#breadcrumb","itemListElement":[{"@type":"ListItem","position":1,"name":"In\u00edcio","item":"https:\/\/www.grupomedcof.com.br\/blog\/"},{"@type":"ListItem","position":2,"name":"Curiosidades e manejo da S\u00edndrome da Ang\u00fastia Respirat\u00f3ria Aguda"}]},{"@type":"WebSite","@id":"https:\/\/www.grupomedcof.com.br\/blog\/#website","url":"https:\/\/www.grupomedcof.com.br\/blog\/","name":"Blog de Medcof: conte\u00fados, editais, revalida e mais!","description":"Acesso o blog de MedCof! Seu portal de conte\u00fados sobre resid\u00eancia m\u00e9dica, an\u00e1lise e editais e muito mais. Clique e confira!","publisher":{"@id":"https:\/\/www.grupomedcof.com.br\/blog\/#organization"},"alternateName":"Blog de Medcof: conte\u00fados, editais, revalida e mais!","potentialAction":[{"@type":"SearchAction","target":{"@type":"EntryPoint","urlTemplate":"https:\/\/www.grupomedcof.com.br\/blog\/?s={search_term_string}"},"query-input":{"@type":"PropertyValueSpecification","valueRequired":true,"valueName":"search_term_string"}}],"inLanguage":"pt-BR"},{"@type":"Organization","@id":"https:\/\/www.grupomedcof.com.br\/blog\/#organization","name":"Grupo MedCof","url":"https:\/\/www.grupomedcof.com.br\/blog\/","logo":{"@type":"ImageObject","inLanguage":"pt-BR","@id":"https:\/\/www.grupomedcof.com.br\/blog\/#\/schema\/logo\/image\/","url":"https:\/\/www.grupomedcof.com.br\/blog\/wp-content\/uploads\/2022\/01\/logo-medcof.png","contentUrl":"https:\/\/www.grupomedcof.com.br\/blog\/wp-content\/uploads\/2022\/01\/logo-medcof.png","width":768,"height":269,"caption":"Grupo MedCof"},"image":{"@id":"https:\/\/www.grupomedcof.com.br\/blog\/#\/schema\/logo\/image\/"},"sameAs":["https:\/\/www.facebook.com\/MedCofQbank\/","https:\/\/www.instagram.com\/grupomedcof\/","https:\/\/br.linkedin.com\/company\/medcof","https:\/\/www.youtube.com\/channel\/UCdHMuOHKICxcHwecxN8P-AA"]},{"@type":"Person","@id":"https:\/\/www.grupomedcof.com.br\/blog\/#\/schema\/person\/db19a651f86c5fc202d6eee744fd3292","name":"Kiara Adelino","image":{"@type":"ImageObject","inLanguage":"pt-BR","@id":"https:\/\/www.grupomedcof.com.br\/blog\/wp-content\/uploads\/2024\/08\/cropped-Kiara-Adelino2-96x96.jpega85663bdda67261f8f06f86e555e1e49","url":"https:\/\/www.grupomedcof.com.br\/blog\/wp-content\/uploads\/2024\/08\/cropped-Kiara-Adelino2-96x96.jpeg","contentUrl":"https:\/\/www.grupomedcof.com.br\/blog\/wp-content\/uploads\/2024\/08\/cropped-Kiara-Adelino2-96x96.jpeg","caption":"Kiara Adelino"},"description":"Estudante do 5\u00b0 semestre de Medicina. Gosto bastante de aprender coisas novas, principalmente na \u00e1rea de Neurologia e Anatomia humana.","url":"https:\/\/www.grupomedcof.com.br\/blog\/author\/kiara-adelino\/"}]}},"authors":[{"term_id":3617,"user_id":21,"is_guest":0,"slug":"kiara-adelino","display_name":"Kiara Adelino","avatar_url":"https:\/\/www.grupomedcof.com.br\/blog\/wp-content\/uploads\/2024\/08\/cropped-Kiara-Adelino2-96x96.jpeg","0":null,"1":"","2":"","3":"","4":"","5":"","6":"","7":"","8":""}],"_links":{"self":[{"href":"https:\/\/www.grupomedcof.com.br\/blog\/wp-json\/wp\/v2\/posts\/30948","targetHints":{"allow":["GET"]}}],"collection":[{"href":"https:\/\/www.grupomedcof.com.br\/blog\/wp-json\/wp\/v2\/posts"}],"about":[{"href":"https:\/\/www.grupomedcof.com.br\/blog\/wp-json\/wp\/v2\/types\/post"}],"author":[{"embeddable":true,"href":"https:\/\/www.grupomedcof.com.br\/blog\/wp-json\/wp\/v2\/users\/21"}],"replies":[{"embeddable":true,"href":"https:\/\/www.grupomedcof.com.br\/blog\/wp-json\/wp\/v2\/comments?post=30948"}],"version-history":[{"count":1,"href":"https:\/\/www.grupomedcof.com.br\/blog\/wp-json\/wp\/v2\/posts\/30948\/revisions"}],"predecessor-version":[{"id":43463,"href":"https:\/\/www.grupomedcof.com.br\/blog\/wp-json\/wp\/v2\/posts\/30948\/revisions\/43463"}],"wp:featuredmedia":[{"embeddable":true,"href":"https:\/\/www.grupomedcof.com.br\/blog\/wp-json\/wp\/v2\/media\/30955"}],"wp:attachment":[{"href":"https:\/\/www.grupomedcof.com.br\/blog\/wp-json\/wp\/v2\/media?parent=30948"}],"wp:term":[{"taxonomy":"category","embeddable":true,"href":"https:\/\/www.grupomedcof.com.br\/blog\/wp-json\/wp\/v2\/categories?post=30948"},{"taxonomy":"post_tag","embeddable":true,"href":"https:\/\/www.grupomedcof.com.br\/blog\/wp-json\/wp\/v2\/tags?post=30948"},{"taxonomy":"author","embeddable":true,"href":"https:\/\/www.grupomedcof.com.br\/blog\/wp-json\/wp\/v2\/ppma_author?post=30948"}],"curies":[{"name":"wp","href":"https:\/\/api.w.org\/{rel}","templated":true}]}}