{"id":31098,"date":"2024-10-29T11:28:28","date_gmt":"2024-10-29T14:28:28","guid":{"rendered":"https:\/\/www.grupomedcof.com.br\/blog\/?p=31098"},"modified":"2025-05-23T09:54:53","modified_gmt":"2025-05-23T12:54:53","slug":"curiosidades-sobre-o-derrame-pleural","status":"publish","type":"post","link":"https:\/\/www.grupomedcof.com.br\/blog\/curiosidades-sobre-o-derrame-pleural\/","title":{"rendered":"Derrame pleural: o que \u00e9, causas, sintomas, diagn\u00f3stico e tratamento"},"content":{"rendered":"<div id=\"ez-toc-container\" class=\"ez-toc-v2_0_74 counter-hierarchy ez-toc-counter ez-toc-transparent ez-toc-container-direction\">\n<div class=\"ez-toc-title-container\">\n<p class=\"ez-toc-title\" style=\"cursor:inherit\">Sum\u00e1rio<\/p>\n<span class=\"ez-toc-title-toggle\"><a href=\"#\" class=\"ez-toc-pull-right ez-toc-btn ez-toc-btn-xs ez-toc-btn-default ez-toc-toggle\" aria-label=\"Alternar tabela de conte\u00fado\"><span class=\"ez-toc-js-icon-con\"><span class=\"\"><span class=\"eztoc-hide\" style=\"display:none;\">Toggle<\/span><span class=\"ez-toc-icon-toggle-span\"><svg style=\"fill: #999;color:#999\" xmlns=\"http:\/\/www.w3.org\/2000\/svg\" class=\"list-377408\" width=\"20px\" height=\"20px\" viewBox=\"0 0 24 24\" fill=\"none\"><path d=\"M6 6H4v2h2V6zm14 0H8v2h12V6zM4 11h2v2H4v-2zm16 0H8v2h12v-2zM4 16h2v2H4v-2zm16 0H8v2h12v-2z\" fill=\"currentColor\"><\/path><\/svg><svg style=\"fill: #999;color:#999\" class=\"arrow-unsorted-368013\" xmlns=\"http:\/\/www.w3.org\/2000\/svg\" width=\"10px\" height=\"10px\" viewBox=\"0 0 24 24\" version=\"1.2\" baseProfile=\"tiny\"><path d=\"M18.2 9.3l-6.2-6.3-6.2 6.3c-.2.2-.3.4-.3.7s.1.5.3.7c.2.2.4.3.7.3h11c.3 0 .5-.1.7-.3.2-.2.3-.5.3-.7s-.1-.5-.3-.7zM5.8 14.7l6.2 6.3 6.2-6.3c.2-.2.3-.5.3-.7s-.1-.5-.3-.7c-.2-.2-.4-.3-.7-.3h-11c-.3 0-.5.1-.7.3-.2.2-.3.5-.3.7s.1.5.3.7z\"\/><\/svg><\/span><\/span><\/span><\/a><\/span><\/div>\n<nav><ul class='ez-toc-list ez-toc-list-level-1 ' ><li class='ez-toc-page-1 ez-toc-heading-level-2'><a class=\"ez-toc-link ez-toc-heading-1\" href=\"https:\/\/www.grupomedcof.com.br\/blog\/curiosidades-sobre-o-derrame-pleural\/#Sintomas_do_derrame_pleural\" >Sintomas do derrame pleural<\/a><ul class='ez-toc-list-level-3' ><li class='ez-toc-heading-level-3'><a class=\"ez-toc-link ez-toc-heading-2\" href=\"https:\/\/www.grupomedcof.com.br\/blog\/curiosidades-sobre-o-derrame-pleural\/#O_derrame_pleural_e_grave\" >O derrame pleural \u00e9 grave?<\/a><\/li><\/ul><\/li><li class='ez-toc-page-1 ez-toc-heading-level-2'><a class=\"ez-toc-link ez-toc-heading-3\" href=\"https:\/\/www.grupomedcof.com.br\/blog\/curiosidades-sobre-o-derrame-pleural\/#Causas_do_derrame_pleural_etiologia\" >Causas do derrame pleural (etiologia)<\/a><\/li><li class='ez-toc-page-1 ez-toc-heading-level-2'><a class=\"ez-toc-link ez-toc-heading-4\" href=\"https:\/\/www.grupomedcof.com.br\/blog\/curiosidades-sobre-o-derrame-pleural\/#Tipos_de_derrame_pleural\" >Tipos de derrame pleural<\/a><ul class='ez-toc-list-level-3' ><li class='ez-toc-heading-level-3'><a class=\"ez-toc-link ez-toc-heading-5\" href=\"https:\/\/www.grupomedcof.com.br\/blog\/curiosidades-sobre-o-derrame-pleural\/#Derrames_pleural_exsudativo\" >Derrames pleural exsudativo<\/a><\/li><li class='ez-toc-page-1 ez-toc-heading-level-3'><a class=\"ez-toc-link ez-toc-heading-6\" href=\"https:\/\/www.grupomedcof.com.br\/blog\/curiosidades-sobre-o-derrame-pleural\/#Derrames_pleural_transudativos\" >Derrames pleural transudativos<\/a><\/li><\/ul><\/li><li class='ez-toc-page-1 ez-toc-heading-level-2'><a class=\"ez-toc-link ez-toc-heading-7\" href=\"https:\/\/www.grupomedcof.com.br\/blog\/curiosidades-sobre-o-derrame-pleural\/#Sequelas_de_derrame_pleural\" >Sequelas de derrame pleural<\/a><\/li><li class='ez-toc-page-1 ez-toc-heading-level-2'><a class=\"ez-toc-link ez-toc-heading-8\" href=\"https:\/\/www.grupomedcof.com.br\/blog\/curiosidades-sobre-o-derrame-pleural\/#Agua_no_pulmao_tem_cura\" >\u00c1gua no pulm\u00e3o tem cura?<\/a><\/li><li class='ez-toc-page-1 ez-toc-heading-level-2'><a class=\"ez-toc-link ez-toc-heading-9\" href=\"https:\/\/www.grupomedcof.com.br\/blog\/curiosidades-sobre-o-derrame-pleural\/#Diagnostico_do_derrame_pleural\" >Diagn\u00f3stico do derrame pleural<\/a><\/li><li class='ez-toc-page-1 ez-toc-heading-level-2'><a class=\"ez-toc-link ez-toc-heading-10\" href=\"https:\/\/www.grupomedcof.com.br\/blog\/curiosidades-sobre-o-derrame-pleural\/#Tratamento_para_o_derrame_pleural\" >Tratamento para o derrame pleural<\/a><ul class='ez-toc-list-level-3' ><li class='ez-toc-heading-level-3'><a class=\"ez-toc-link ez-toc-heading-11\" href=\"https:\/\/www.grupomedcof.com.br\/blog\/curiosidades-sobre-o-derrame-pleural\/#Como_tirar_agua_do_pulmao_naturalmente\" >Como tirar \u00e1gua do pulm\u00e3o naturalmente?<\/a><\/li><\/ul><\/li><li class='ez-toc-page-1 ez-toc-heading-level-2'><a class=\"ez-toc-link ez-toc-heading-12\" href=\"https:\/\/www.grupomedcof.com.br\/blog\/curiosidades-sobre-o-derrame-pleural\/#Qual_a_melhor_posicao_para_dormir_com_derrame_pleural\" >Qual a melhor posi\u00e7\u00e3o para dormir com derrame pleural?<\/a><\/li><li class='ez-toc-page-1 ez-toc-heading-level-2'><a class=\"ez-toc-link ez-toc-heading-13\" href=\"https:\/\/www.grupomedcof.com.br\/blog\/curiosidades-sobre-o-derrame-pleural\/#Prevencao_do_derrame_pleural\" >Preven\u00e7\u00e3o do derrame pleural<\/a><\/li><li class='ez-toc-page-1 ez-toc-heading-level-2'><a class=\"ez-toc-link ez-toc-heading-14\" href=\"https:\/\/www.grupomedcof.com.br\/blog\/curiosidades-sobre-o-derrame-pleural\/#Aprofunde_seus_conhecimentos_sobre_derrame_pleural_com_MedCof\" >Aprofunde seus conhecimentos sobre derrame pleural com MedCof!<\/a><\/li><\/ul><\/nav><\/div>\n\n<figure class=\"wp-block-image size-large\"><img loading=\"lazy\" decoding=\"async\" width=\"1024\" height=\"576\" src=\"https:\/\/www.grupomedcof.com.br\/blog\/wp-content\/uploads\/2024\/10\/Blog-MedCof-13-1-1024x576.png\" alt=\"\" class=\"wp-image-31111\" srcset=\"https:\/\/www.grupomedcof.com.br\/blog\/wp-content\/uploads\/2024\/10\/Blog-MedCof-13-1-1024x576.png 1024w, https:\/\/www.grupomedcof.com.br\/blog\/wp-content\/uploads\/2024\/10\/Blog-MedCof-13-1-300x169.png 300w, https:\/\/www.grupomedcof.com.br\/blog\/wp-content\/uploads\/2024\/10\/Blog-MedCof-13-1-768x432.png 768w, https:\/\/www.grupomedcof.com.br\/blog\/wp-content\/uploads\/2024\/10\/Blog-MedCof-13-1-1536x864.png 1536w, https:\/\/www.grupomedcof.com.br\/blog\/wp-content\/uploads\/2024\/10\/Blog-MedCof-13-1-2048x1152.png 2048w, https:\/\/www.grupomedcof.com.br\/blog\/wp-content\/uploads\/2024\/10\/Blog-MedCof-13-1-747x420.png 747w, https:\/\/www.grupomedcof.com.br\/blog\/wp-content\/uploads\/2024\/10\/Blog-MedCof-13-1-150x84.png 150w, https:\/\/www.grupomedcof.com.br\/blog\/wp-content\/uploads\/2024\/10\/Blog-MedCof-13-1-696x392.png 696w, https:\/\/www.grupomedcof.com.br\/blog\/wp-content\/uploads\/2024\/10\/Blog-MedCof-13-1-1068x601.png 1068w, https:\/\/www.grupomedcof.com.br\/blog\/wp-content\/uploads\/2024\/10\/Blog-MedCof-13-1-1920x1080.png 1920w\" sizes=\"auto, (max-width: 1024px) 100vw, 1024px\" \/><figcaption class=\"wp-element-caption\">Imagem: Canva<\/figcaption><\/figure>\n\n\n\n<p>O<strong> derrame pleural<\/strong> \u00e9 caracterizado pela concentra\u00e7\u00e3o de l\u00edquido nos pulm\u00f5es, causado pelo derramamento da pleura, a membrana &#8211; estruturada em duas camadas &#8211;\u00a0 que envolve esses \u00f3rg\u00e3os. Nesse novo texto do <a href=\"https:\/\/www.grupomedcof.com.br\/home\/\"><strong>Grupo MedCof<\/strong><\/a><strong> <\/strong>voc\u00ea encontrar\u00e1 diferentes informa\u00e7\u00f5es sobre esse caso, como sintomas, tipos, tratamentos e diagn\u00f3sticos.<\/p>\n\n\n\n<h2 class=\"wp-block-heading\" id=\"h-sintomas-do-derrame-pleural\"><span class=\"ez-toc-section\" id=\"Sintomas_do_derrame_pleural\"><\/span><strong>Sintomas do derrame pleural<\/strong><span class=\"ez-toc-section-end\"><\/span><\/h2>\n\n\n\n<p>A manifesta\u00e7\u00e3o dos sintomas pode ocorrer de diversas maneiras, por\u00e9m as mais comuns s\u00e3o a <strong>dispneia, dor tor\u00e1cica( tamb\u00e9m chamada de dor pleur\u00edtica), fadiga <\/strong>e, por vezes, dependendo do causador do dist\u00farbio,<strong> febre<\/strong>.<\/p>\n\n\n\n<h3 class=\"wp-block-heading\" id=\"h-o-derrame-pleural-e-grave\"><span class=\"ez-toc-section\" id=\"O_derrame_pleural_e_grave\"><\/span><strong>O derrame pleural \u00e9 grave?<\/strong><span class=\"ez-toc-section-end\"><\/span><\/h3>\n\n\n\n<p>Esse acometimento pode se tornar grave caso n\u00e3o seja&nbsp;<strong>identificado antecipadamente e estabelecido um tratamento adequado a causa do derrame<\/strong>.<\/p>\n\n\n\n<p>O quadro, inicialmente, pode n\u00e3o apresentar um n\u00edvel elevado de gravidade, por\u00e9m, \u00e9 necess\u00e1rio o acompanhamento m\u00e9dico para a averigua\u00e7\u00e3o, evitando assim uma piora na sa\u00fade do paciente.<\/p>\n\n\n\n<figure class=\"wp-block-image size-large\"><img loading=\"lazy\" decoding=\"async\" width=\"1024\" height=\"576\" src=\"https:\/\/www.grupomedcof.com.br\/blog\/wp-content\/uploads\/2024\/10\/Revalida-2-1024x576.jpg\" alt=\"\" class=\"wp-image-35935\" srcset=\"https:\/\/www.grupomedcof.com.br\/blog\/wp-content\/uploads\/2024\/10\/Revalida-2-1024x576.jpg 1024w, https:\/\/www.grupomedcof.com.br\/blog\/wp-content\/uploads\/2024\/10\/Revalida-2-300x169.jpg 300w, https:\/\/www.grupomedcof.com.br\/blog\/wp-content\/uploads\/2024\/10\/Revalida-2-768x432.jpg 768w, https:\/\/www.grupomedcof.com.br\/blog\/wp-content\/uploads\/2024\/10\/Revalida-2-1536x864.jpg 1536w, https:\/\/www.grupomedcof.com.br\/blog\/wp-content\/uploads\/2024\/10\/Revalida-2-2048x1152.jpg 2048w, https:\/\/www.grupomedcof.com.br\/blog\/wp-content\/uploads\/2024\/10\/Revalida-2-747x420.jpg 747w, https:\/\/www.grupomedcof.com.br\/blog\/wp-content\/uploads\/2024\/10\/Revalida-2-150x84.jpg 150w, https:\/\/www.grupomedcof.com.br\/blog\/wp-content\/uploads\/2024\/10\/Revalida-2-696x392.jpg 696w, https:\/\/www.grupomedcof.com.br\/blog\/wp-content\/uploads\/2024\/10\/Revalida-2-1068x601.jpg 1068w, https:\/\/www.grupomedcof.com.br\/blog\/wp-content\/uploads\/2024\/10\/Revalida-2-1920x1080.jpg 1920w\" sizes=\"auto, (max-width: 1024px) 100vw, 1024px\" \/><figcaption class=\"wp-element-caption\">Imagem: Canva<\/figcaption><\/figure>\n\n\n\n<h2 class=\"wp-block-heading\" id=\"h-causas-do-derrame-pleural-etiologia\"><span class=\"ez-toc-section\" id=\"Causas_do_derrame_pleural_etiologia\"><\/span><strong><strong>Causas do derrame pleural (etiologia)<\/strong><\/strong><span class=\"ez-toc-section-end\"><\/span><\/h2>\n\n\n\n<p>\u00e3o havendo um causador comum, o derrame pleural pode acontecer devido a diferentes fatores, situa\u00e7\u00f5es e acometimentos antecedentes, ou seja, a inflama\u00e7\u00e3o pode ser gerada&nbsp; por uma doen\u00e7a ou condi\u00e7\u00e3o j\u00e1 pr\u00e9-estabelecida, sendo ela n\u00e3o necessariamente atuante nos pulm\u00f5es ou relacionada a <a href=\"https:\/\/www.grupomedcof.com.br\/blog\/sindrome-do-desconforto-respiratorio-agudo-sdra-atualizacoes-da-ats-2023\/\"><strong>desconfortos respirat\u00f3rios<\/strong><\/a>.&nbsp;<\/p>\n\n\n\n<p>Logo, essa separa\u00e7\u00e3o ser\u00e1 feita a partir do diagn\u00f3stico cl\u00ednico, classificando o derrame em <strong>exsudativos <\/strong>e <strong>transudativos.<\/strong><\/p>\n\n\n\n<p>Casos como <strong>pneumonia, tuberculose, embolia pulmonar, quadros card\u00edacos e hep\u00e1ticos e outras doen\u00e7as <\/strong>podem ser classificados como poss\u00edveis causadores de derrame pleural quando n\u00e3o bem acompanhados e tratados.<\/p>\n\n\n\n<p>Podemos observar no gr\u00e1fico a eleva\u00e7\u00e3o da coluna do selo d&#8217;\u00e1gua na inspira\u00e7\u00e3o e rebaixamento na expira\u00e7\u00e3o, quando\u00a0 cavidade tor\u00e1cica relaxa e diminui, aumentando a press\u00e3o alveolar e pleural.<\/p>\n\n\n\n<h2 class=\"wp-block-heading\" id=\"h-tipos-de-derrame-pleural\"><span class=\"ez-toc-section\" id=\"Tipos_de_derrame_pleural\"><\/span><strong>Tipos de derrame pleural<\/strong><span class=\"ez-toc-section-end\"><\/span><\/h2>\n\n\n\n<p>Os tipos de derrames podem ser classificados &#8211; clinicamente &#8211; de duas maneiras: <strong>exsudativos <\/strong>e <strong>transudativos<\/strong><\/p>\n\n\n\n<h3 class=\"wp-block-heading\" id=\"h-derrames-pleural-exsudativo\"><span class=\"ez-toc-section\" id=\"Derrames_pleural_exsudativo\"><\/span><strong>Derrames pleural exsudativo<\/strong><span class=\"ez-toc-section-end\"><\/span><\/h3>\n\n\n\n<p>Nessa classifica\u00e7\u00e3o, o acometimento se d\u00e1 por conta de uma<strong> <\/strong><a href=\"https:\/\/www.grupomedcof.com.br\/blog\/infeccoes-respiratorias-relembre-as-indicacoes-do-pavilizumabe\/\"><strong>infec\u00e7\u00e3o<\/strong><\/a><strong> local<\/strong>, sendo ela causada por enfermidades na regi\u00e3o, provocando assim a exsuda\u00e7\u00e3o de um <strong>l\u00edquido composto por c\u00e9lulas, prote\u00ednas e outros componentes para a constitui\u00e7\u00e3o desse material<\/strong>.<\/p>\n\n\n\n<p>Dentre os diferentes causadores, podem ser destacadas doen\u00e7as como<strong> <\/strong><a href=\"https:\/\/www.grupomedcof.com.br\/blog\/pneumologia\/\"><strong>pneumonia<\/strong><\/a><strong>, c\u00e2ncer de pulm\u00e3o, embolia pulmonar e infec\u00e7\u00f5es virais<\/strong>.<\/p>\n\n\n\n<h3 class=\"wp-block-heading\" id=\"h-derrames-pleural-transudativos\"><span class=\"ez-toc-section\" id=\"Derrames_pleural_transudativos\"><\/span><strong>Derrames pleural transudativos<\/strong><span class=\"ez-toc-section-end\"><\/span><\/h3>\n\n\n\n<p>Geralmente, originado pelo <strong>decl\u00ednio da press\u00e3o onc\u00f3tica na circula\u00e7\u00e3o pulmonar e, por outro lado, pelo aumento da press\u00e3o hidrost\u00e1tica<\/strong>, favorecendo o processo de descama\u00e7\u00e3o dos fluidos da pleura, causando o derrame. Entre as principais causas, vale evidenciar a<strong> cirrose e a insufici\u00eancia card\u00edaca<\/strong>.<\/p>\n\n\n\n<figure class=\"wp-block-image size-large\"><img loading=\"lazy\" decoding=\"async\" width=\"1024\" height=\"576\" src=\"https:\/\/www.grupomedcof.com.br\/blog\/wp-content\/uploads\/2024\/10\/image-8-1024x576.png\" alt=\"\" class=\"wp-image-35936\" srcset=\"https:\/\/www.grupomedcof.com.br\/blog\/wp-content\/uploads\/2024\/10\/image-8-1024x576.png 1024w, https:\/\/www.grupomedcof.com.br\/blog\/wp-content\/uploads\/2024\/10\/image-8-300x169.png 300w, https:\/\/www.grupomedcof.com.br\/blog\/wp-content\/uploads\/2024\/10\/image-8-768x432.png 768w, https:\/\/www.grupomedcof.com.br\/blog\/wp-content\/uploads\/2024\/10\/image-8-747x420.png 747w, https:\/\/www.grupomedcof.com.br\/blog\/wp-content\/uploads\/2024\/10\/image-8-150x84.png 150w, https:\/\/www.grupomedcof.com.br\/blog\/wp-content\/uploads\/2024\/10\/image-8-696x392.png 696w, https:\/\/www.grupomedcof.com.br\/blog\/wp-content\/uploads\/2024\/10\/image-8-1068x601.png 1068w, https:\/\/www.grupomedcof.com.br\/blog\/wp-content\/uploads\/2024\/10\/image-8.png 1536w\" sizes=\"auto, (max-width: 1024px) 100vw, 1024px\" \/><figcaption class=\"wp-element-caption\">Imagem: Canva<\/figcaption><\/figure>\n\n\n\n<h2 class=\"wp-block-heading\" id=\"h-sequelas-de-derrame-pleural\"><span class=\"ez-toc-section\" id=\"Sequelas_de_derrame_pleural\"><\/span><strong><strong>Sequelas de derrame pleural<\/strong><\/strong><span class=\"ez-toc-section-end\"><\/span><\/h2>\n\n\n\n<p>Sendo um caso que pode ser elevado a um n\u00edvel alto de gravidade, o derrame pleural pode tamb\u00e9m trazer sequelas ao indiv\u00edduo caso n\u00e3o haja um bom diagn\u00f3stico e tratamento.<\/p>\n\n\n\n<p><strong>Acometimento pulmonar, espessamento pleural e casos eventuais de pneumot\u00f3rax<\/strong> s\u00e3o exemplos das poss\u00edveis consequ\u00eancias que podem permanecer ap\u00f3s um quadro de derrame pleural. Portanto, o acompanhamento m\u00e9dico \u00e9 necess\u00e1rio em todo o per\u00edodo do dist\u00farbio.<\/p>\n\n\n\n<h2 class=\"wp-block-heading\" id=\"h-agua-no-pulmao-tem-cura\"><span class=\"ez-toc-section\" id=\"Agua_no_pulmao_tem_cura\"><\/span><strong>\u00c1gua no pulm\u00e3o tem cura?<\/strong><span class=\"ez-toc-section-end\"><\/span><\/h2>\n\n\n\n<p>O <strong>edema pulmonar<\/strong>, popularmente conhecido como \u00e1gua no pulm\u00e3o, possui sim uma resolu\u00e7\u00e3o, a qual se torna ainda mais f\u00e1cil quando identificada com anteced\u00eancia por um m\u00e9dico especialista.<\/p>\n\n\n\n<p>Os meios de cura podem ser variados, dependendo assim do n\u00edvel de acometimento no qual o paciente se encontra, mas, geralmente, pode ser composto da utiliza\u00e7\u00e3o de <strong>medicamentos que ajudem a expelir o l\u00edquido ali encontrado, oxigenoterapia e, em alguns casos, a drenagem do material localizado nos pulm\u00f5es<\/strong>.&nbsp;<\/p>\n\n\n\n<p>O tempo de tratamento pode variar conforme a gravidade do indiv\u00edduo, podendo durar alguns dias ou, at\u00e9 mesmo, semanas.<\/p>\n\n\n\n<h2 class=\"wp-block-heading\" id=\"h-diagnostico-do-derrame-pleural\"><span class=\"ez-toc-section\" id=\"Diagnostico_do_derrame_pleural\"><\/span><strong><strong>Diagn\u00f3stico do derrame pleural<\/strong><\/strong><span class=\"ez-toc-section-end\"><\/span><\/h2>\n\n\n\n<p>O diagn\u00f3stico de derrame pleural surge com a suspeita e investiga\u00e7\u00e3o dos sintomas cl\u00e1ssicos da doen\u00e7a, como a<strong> dor pleur\u00edtica e a dispn\u00e9ia<\/strong>. A partir da apresenta\u00e7\u00e3o desses sinais, o m\u00e9dico poder\u00e1 optar por exames que<strong> identifiquem a presen\u00e7a de \u00e1gua nos pulm\u00f5es<\/strong>.<\/p>\n\n\n\n<p>O uso de<strong> radiografias, tomografias computadorizadas (TC), ultrassonografias e an\u00e1lise laboratorial de l\u00edquido pleural<\/strong>, podem caracterizar como os principais meios para as an\u00e1lises e, consequentemente, defini\u00e7\u00e3o do diagn\u00f3stico. Ap\u00f3s isso, o profissional iniciar\u00e1 o tratamento adequado para a resolu\u00e7\u00e3o do problema.<\/p>\n\n\n\n<h2 class=\"wp-block-heading\" id=\"h-tratamento-para-o-derrame-pleural\"><span class=\"ez-toc-section\" id=\"Tratamento_para_o_derrame_pleural\"><\/span><strong><strong>Tratamento para o derrame pleural<\/strong><\/strong><span class=\"ez-toc-section-end\"><\/span><\/h2>\n\n\n\n<p>N\u00e3o havendo uma gravidade no quadro, e este sendo assintom\u00e1tico, o derrame pleural n\u00e3o necessita de um tratamento espec\u00edfico, sendo essencial o acompanhamento m\u00e9dico para averigua\u00e7\u00e3o. Isso por conta da reabsor\u00e7\u00e3o do l\u00edquido pelo pr\u00f3prio organismo.<\/p>\n\n\n\n<p>Por\u00e9m, quando o acometimento possui um n\u00edvel consider\u00e1vel de perigo e estejam presentes sintomas no paciente, o tratamento se torna indispens\u00e1vel para que a doen\u00e7a n\u00e3o atinja uma grande propor\u00e7\u00e3o, colocando em risco a vida do indiv\u00edduo.<\/p>\n\n\n\n<p>Os procedimentos padr\u00f5es para tratar um derrame pleural v\u00e3o variar de acordo com o estado no qual o indiv\u00edduo se encontra. Geralmente, s\u00e3o utilizados medicamentos como <strong>anti-inflamat\u00f3rios, analg\u00e9sicos e diur\u00e9ticos<\/strong> para o al\u00edvio dos sintomas e expuls\u00e3o do l\u00edquido. Al\u00e9m disso, sendo uma urg\u00eancia, a <strong>drenagem da \u00e1gua<\/strong> nos \u00f3rg\u00e3os se torna tamb\u00e9m necess\u00e1ria.<\/p>\n\n\n\n<p>Para uma melhor recupera\u00e7\u00e3o, a<strong> fisioterapia respirat\u00f3ria<\/strong> pode auxiliar garantindo toda a amplitude funcional dos pulm\u00f5es.<\/p>\n\n\n\n<h3 class=\"wp-block-heading\" id=\"h-como-tirar-agua-do-pulmao-naturalmente\"><span class=\"ez-toc-section\" id=\"Como_tirar_agua_do_pulmao_naturalmente\"><\/span><strong>Como tirar \u00e1gua do pulm\u00e3o naturalmente?<\/strong><span class=\"ez-toc-section-end\"><\/span><\/h3>\n\n\n\n<p>Como j\u00e1 mencionado, pode ocorrer de nosso pr\u00f3prio organismo reabsorver o l\u00edquido, eliminando assim o material presente na regi\u00e3o. Por\u00e9m, o uso de meios e pr\u00e1ticas para essa remo\u00e7\u00e3o, se torna ainda mais direcionado quando esse processo n\u00e3o ocorre naturalmente. Para isso, a utiliza\u00e7\u00e3o de <strong>diur\u00e9ticos <\/strong>pode ser recomendada, al\u00e9m de <strong>procedimentos para a drenagem dos res\u00edduos<\/strong>.<\/p>\n\n\n\n<figure class=\"wp-block-image size-large\"><a href=\"https:\/\/www.grupomedcof.com.br\/cofletters\/\"><img loading=\"lazy\" decoding=\"async\" width=\"1024\" height=\"366\" src=\"https:\/\/www.grupomedcof.com.br\/blog\/wp-content\/uploads\/2024\/10\/Capa-Eventos-MedCof-Plus-1-1024x366.png\" alt=\"\" class=\"wp-image-30896\" srcset=\"https:\/\/www.grupomedcof.com.br\/blog\/wp-content\/uploads\/2024\/10\/Capa-Eventos-MedCof-Plus-1-1024x366.png 1024w, https:\/\/www.grupomedcof.com.br\/blog\/wp-content\/uploads\/2024\/10\/Capa-Eventos-MedCof-Plus-1-300x107.png 300w, https:\/\/www.grupomedcof.com.br\/blog\/wp-content\/uploads\/2024\/10\/Capa-Eventos-MedCof-Plus-1-768x275.png 768w, https:\/\/www.grupomedcof.com.br\/blog\/wp-content\/uploads\/2024\/10\/Capa-Eventos-MedCof-Plus-1-1536x549.png 1536w, https:\/\/www.grupomedcof.com.br\/blog\/wp-content\/uploads\/2024\/10\/Capa-Eventos-MedCof-Plus-1-2048x732.png 2048w, https:\/\/www.grupomedcof.com.br\/blog\/wp-content\/uploads\/2024\/10\/Capa-Eventos-MedCof-Plus-1-1175x420.png 1175w, https:\/\/www.grupomedcof.com.br\/blog\/wp-content\/uploads\/2024\/10\/Capa-Eventos-MedCof-Plus-1-150x54.png 150w, https:\/\/www.grupomedcof.com.br\/blog\/wp-content\/uploads\/2024\/10\/Capa-Eventos-MedCof-Plus-1-696x249.png 696w, https:\/\/www.grupomedcof.com.br\/blog\/wp-content\/uploads\/2024\/10\/Capa-Eventos-MedCof-Plus-1-1068x382.png 1068w, https:\/\/www.grupomedcof.com.br\/blog\/wp-content\/uploads\/2024\/10\/Capa-Eventos-MedCof-Plus-1-1920x686.png 1920w\" sizes=\"auto, (max-width: 1024px) 100vw, 1024px\" \/><\/a><\/figure>\n\n\n\n<h2 class=\"wp-block-heading\" id=\"h-qual-a-melhor-posicao-para-dormir-com-derrame-pleural\"><span class=\"ez-toc-section\" id=\"Qual_a_melhor_posicao_para_dormir_com_derrame_pleural\"><\/span><strong><strong>Qual a melhor posi\u00e7\u00e3o para dormir com derrame pleural?<\/strong><\/strong><span class=\"ez-toc-section-end\"><\/span><\/h2>\n\n\n\n<p>Um dos per\u00edodos que o derrame pleural afeta, de maneira incisiva, \u00e9 o sono. Isso por conta do caso da dispn\u00e9ia, atingindo no processo de respira\u00e7\u00e3o nesse momento, prejudicando o repouso.<\/p>\n\n\n\n<p>Para que haja uma melhora, \u00e9 recomendado que se durma em <strong>posi\u00e7\u00e3o lateral, tirando parte da press\u00e3o nos pulm\u00f5es, auxiliando na respira\u00e7\u00e3o e, consequentemente, na qualidade de sono<\/strong>.<\/p>\n\n\n\n<figure class=\"wp-block-image size-full\"><img loading=\"lazy\" decoding=\"async\" width=\"1024\" height=\"576\" src=\"https:\/\/www.grupomedcof.com.br\/blog\/wp-content\/uploads\/2024\/10\/image-9.png\" alt=\"\" class=\"wp-image-35937\" srcset=\"https:\/\/www.grupomedcof.com.br\/blog\/wp-content\/uploads\/2024\/10\/image-9.png 1024w, https:\/\/www.grupomedcof.com.br\/blog\/wp-content\/uploads\/2024\/10\/image-9-300x169.png 300w, https:\/\/www.grupomedcof.com.br\/blog\/wp-content\/uploads\/2024\/10\/image-9-768x432.png 768w, https:\/\/www.grupomedcof.com.br\/blog\/wp-content\/uploads\/2024\/10\/image-9-747x420.png 747w, https:\/\/www.grupomedcof.com.br\/blog\/wp-content\/uploads\/2024\/10\/image-9-150x84.png 150w, https:\/\/www.grupomedcof.com.br\/blog\/wp-content\/uploads\/2024\/10\/image-9-696x392.png 696w\" sizes=\"auto, (max-width: 1024px) 100vw, 1024px\" \/><figcaption class=\"wp-element-caption\">Imagem: Canva<\/figcaption><\/figure>\n\n\n\n<h2 class=\"wp-block-heading\" id=\"o-m\u00e9todo-que-te-aprova\"><span class=\"ez-toc-section\" id=\"Prevencao_do_derrame_pleural\"><\/span><strong><strong>Preven\u00e7\u00e3o do derrame pleural<\/strong><\/strong><span class=\"ez-toc-section-end\"><\/span><\/h2>\n\n\n\n<p>A preven\u00e7\u00e3o de um derrame pleural ser\u00e1 relacionado ao impedimento do quadro inicial, n\u00e3o possibilitando o agravamento deste, isso por conta de ser um acometimento que pode surgir de repente, at\u00e9 mesmo, como de forma assintom\u00e1tica, portanto \u00e9 importante se atentar aos sinais para que o caso n\u00e3o piore.<\/p>\n\n\n\n<p>Atitudes como fazer frequentemente <strong>exames m\u00e9dicos, ter uma dieta balanceada e n\u00e3o fumar<\/strong>, podem auxiliar no n\u00e3o surgimento dessa enfermidade.<\/p>\n\n\n\n<h2 class=\"wp-block-heading\" id=\"h-aprofunde-seus-conhecimentos-sobre-derrame-pleural-com-medcof\"><span class=\"ez-toc-section\" id=\"Aprofunde_seus_conhecimentos_sobre_derrame_pleural_com_MedCof\"><\/span><strong>Aprofunde seus conhecimentos sobre derrame pleural com MedCof!<\/strong><span class=\"ez-toc-section-end\"><\/span><\/h2>\n\n\n\n<p>Vai se candidatar para provas de resid\u00eancia m\u00e9dica este ano? Venha com a <a href=\"https:\/\/www.grupomedcof.com.br\/home\/?page=sobre-nos\"><strong>MedCof<\/strong><\/a>!<\/p>\n\n\n\n<p>Conhe\u00e7a a metodologia que aprovou mais de 10 mil candidatos em todo o Brasil. Acesse nosso site e saiba mais tamb\u00e9m em nosso canal no YouTube!<\/p>\n\n\n\n<figure class=\"wp-block-embed is-type-video is-provider-youtube wp-block-embed-youtube wp-embed-aspect-16-9 wp-has-aspect-ratio\"><div class=\"wp-block-embed__wrapper\">\n<div class=\"youtube-embed\" data-video_id=\"ah66tjT-Oew\"><iframe loading=\"lazy\" title=\"C\u00f3digo da Aprova\u00e7\u00e3o: Dossi\u00ea dos aprovados com os co-fundadores do Grupo MedCof\" width=\"696\" height=\"392\" src=\"https:\/\/www.youtube.com\/embed\/ah66tjT-Oew?feature=oembed&#038;enablejsapi=1\" frameborder=\"0\" allow=\"accelerometer; autoplay; clipboard-write; encrypted-media; gyroscope; picture-in-picture; web-share\" referrerpolicy=\"strict-origin-when-cross-origin\" allowfullscreen><\/iframe><\/div>\n<\/div><\/figure>\n","protected":false},"excerpt":{"rendered":"<p>O l\u00edquido pleural \u00e9 produzido para manter a lubrifica\u00e7\u00e3o das pleuras, com uma produ\u00e7\u00e3o aproximada de 700 mL\/dia. Veja os detalhes!<\/p>\n","protected":false},"author":10,"featured_media":31111,"comment_status":"open","ping_status":"open","sticky":false,"template":"","format":"standard","meta":{"footnotes":""},"categories":[135,115],"tags":[2204,2592,2206,2203,117,68],"ppma_author":[3613],"class_list":{"0":"post-31098","1":"post","2":"type-post","3":"status-publish","4":"format-standard","5":"has-post-thumbnail","7":"category-cirurgia-geral","8":"category-clinica-medica","9":"tag-derrame","10":"tag-derrame-pleural","11":"tag-dinamica-pulmonar","12":"tag-fisiologia-pleural","13":"tag-provas-de-residencia","14":"tag-residencia-medica"},"yoast_head":"<!-- This site is optimized with the Yoast SEO Premium plugin v24.3 (Yoast SEO v27.4) - https:\/\/yoast.com\/product\/yoast-seo-premium-wordpress\/ -->\n<title>Derrame pleural: o que \u00e9, causas, sintomas e tratamento<\/title>\n<meta name=\"description\" content=\"Derrame pleural, tamb\u00e9m conhecido como \u00e1gua no pulm\u00e3o, pode ser causado por diversas condi\u00e7\u00f5es. Entenda as causas, sintomas, diagn\u00f3stico e tratamento.\" \/>\n<meta name=\"robots\" content=\"index, follow, max-snippet:-1, max-image-preview:large, max-video-preview:-1\" \/>\n<link rel=\"canonical\" href=\"https:\/\/www.grupomedcof.com.br\/blog\/curiosidades-sobre-o-derrame-pleural\/\" \/>\n<meta property=\"og:locale\" content=\"pt_BR\" \/>\n<meta property=\"og:type\" content=\"article\" \/>\n<meta property=\"og:title\" content=\"Derrame pleural: o que \u00e9, causas, sintomas, diagn\u00f3stico e tratamento\" \/>\n<meta property=\"og:description\" content=\"Derrame pleural, tamb\u00e9m conhecido como \u00e1gua no pulm\u00e3o, pode ser causado por diversas condi\u00e7\u00f5es. Entenda as causas, sintomas, diagn\u00f3stico e tratamento.\" \/>\n<meta property=\"og:url\" content=\"https:\/\/www.grupomedcof.com.br\/blog\/curiosidades-sobre-o-derrame-pleural\/\" \/>\n<meta property=\"og:site_name\" content=\"Blog de Medcof: conte\u00fados, editais, revalida e mais!\" \/>\n<meta property=\"article:publisher\" content=\"https:\/\/www.facebook.com\/MedCofQbank\/\" \/>\n<meta property=\"article:published_time\" content=\"2024-10-29T14:28:28+00:00\" \/>\n<meta property=\"article:modified_time\" content=\"2025-05-23T12:54:53+00:00\" \/>\n<meta property=\"og:image\" content=\"https:\/\/www.grupomedcof.com.br\/blog\/wp-content\/uploads\/2024\/10\/Blog-MedCof-13-1-1024x576.png\" \/>\n\t<meta property=\"og:image:width\" content=\"1024\" \/>\n\t<meta property=\"og:image:height\" content=\"576\" \/>\n\t<meta property=\"og:image:type\" content=\"image\/png\" \/>\n<meta name=\"author\" content=\"Grupo MedCof\" \/>\n<meta name=\"twitter:card\" content=\"summary_large_image\" \/>\n<meta name=\"twitter:label1\" content=\"Escrito por\" \/>\n\t<meta name=\"twitter:data1\" content=\"Grupo MedCof\" \/>\n\t<meta name=\"twitter:label2\" content=\"Est. tempo de leitura\" \/>\n\t<meta name=\"twitter:data2\" content=\"7 minutos\" \/>\n<script type=\"application\/ld+json\" class=\"yoast-schema-graph\">{\"@context\":\"https:\\\/\\\/schema.org\",\"@graph\":[{\"@type\":\"Article\",\"@id\":\"https:\\\/\\\/www.grupomedcof.com.br\\\/blog\\\/curiosidades-sobre-o-derrame-pleural\\\/#article\",\"isPartOf\":{\"@id\":\"https:\\\/\\\/www.grupomedcof.com.br\\\/blog\\\/curiosidades-sobre-o-derrame-pleural\\\/\"},\"author\":{\"name\":\"Grupo MedCof\",\"@id\":\"https:\\\/\\\/www.grupomedcof.com.br\\\/blog\\\/#\\\/schema\\\/person\\\/5e56a3921255c01181f3d8c20d53f9c0\"},\"headline\":\"Derrame pleural: o que \u00e9, causas, sintomas, diagn\u00f3stico e tratamento\",\"datePublished\":\"2024-10-29T14:28:28+00:00\",\"dateModified\":\"2025-05-23T12:54:53+00:00\",\"mainEntityOfPage\":{\"@id\":\"https:\\\/\\\/www.grupomedcof.com.br\\\/blog\\\/curiosidades-sobre-o-derrame-pleural\\\/\"},\"wordCount\":1239,\"commentCount\":0,\"publisher\":{\"@id\":\"https:\\\/\\\/www.grupomedcof.com.br\\\/blog\\\/#organization\"},\"image\":{\"@id\":\"https:\\\/\\\/www.grupomedcof.com.br\\\/blog\\\/curiosidades-sobre-o-derrame-pleural\\\/#primaryimage\"},\"thumbnailUrl\":\"https:\\\/\\\/www.grupomedcof.com.br\\\/blog\\\/wp-content\\\/uploads\\\/2024\\\/10\\\/Blog-MedCof-13-1.png\",\"keywords\":[\"Derrame\",\"Derrame Pleural\",\"Din\u00e2mica pulmonar\",\"Fisiologia Pleural\",\"Provas de Resid\u00eancia\",\"Resid\u00eancia M\u00e9dica\"],\"articleSection\":[\"Cirurgia Geral\",\"Cl\u00ednica M\u00e9dica\"],\"inLanguage\":\"pt-BR\"},{\"@type\":\"WebPage\",\"@id\":\"https:\\\/\\\/www.grupomedcof.com.br\\\/blog\\\/curiosidades-sobre-o-derrame-pleural\\\/\",\"url\":\"https:\\\/\\\/www.grupomedcof.com.br\\\/blog\\\/curiosidades-sobre-o-derrame-pleural\\\/\",\"name\":\"Derrame pleural: o que \u00e9, causas, sintomas e tratamento\",\"isPartOf\":{\"@id\":\"https:\\\/\\\/www.grupomedcof.com.br\\\/blog\\\/#website\"},\"primaryImageOfPage\":{\"@id\":\"https:\\\/\\\/www.grupomedcof.com.br\\\/blog\\\/curiosidades-sobre-o-derrame-pleural\\\/#primaryimage\"},\"image\":{\"@id\":\"https:\\\/\\\/www.grupomedcof.com.br\\\/blog\\\/curiosidades-sobre-o-derrame-pleural\\\/#primaryimage\"},\"thumbnailUrl\":\"https:\\\/\\\/www.grupomedcof.com.br\\\/blog\\\/wp-content\\\/uploads\\\/2024\\\/10\\\/Blog-MedCof-13-1.png\",\"datePublished\":\"2024-10-29T14:28:28+00:00\",\"dateModified\":\"2025-05-23T12:54:53+00:00\",\"description\":\"Derrame pleural, tamb\u00e9m conhecido como \u00e1gua no pulm\u00e3o, pode ser causado por diversas condi\u00e7\u00f5es. Entenda as causas, sintomas, diagn\u00f3stico e tratamento.\",\"breadcrumb\":{\"@id\":\"https:\\\/\\\/www.grupomedcof.com.br\\\/blog\\\/curiosidades-sobre-o-derrame-pleural\\\/#breadcrumb\"},\"inLanguage\":\"pt-BR\",\"potentialAction\":[{\"@type\":\"ReadAction\",\"target\":[\"https:\\\/\\\/www.grupomedcof.com.br\\\/blog\\\/curiosidades-sobre-o-derrame-pleural\\\/\"]}]},{\"@type\":\"ImageObject\",\"inLanguage\":\"pt-BR\",\"@id\":\"https:\\\/\\\/www.grupomedcof.com.br\\\/blog\\\/curiosidades-sobre-o-derrame-pleural\\\/#primaryimage\",\"url\":\"https:\\\/\\\/www.grupomedcof.com.br\\\/blog\\\/wp-content\\\/uploads\\\/2024\\\/10\\\/Blog-MedCof-13-1.png\",\"contentUrl\":\"https:\\\/\\\/www.grupomedcof.com.br\\\/blog\\\/wp-content\\\/uploads\\\/2024\\\/10\\\/Blog-MedCof-13-1.png\",\"width\":2560,\"height\":1440},{\"@type\":\"BreadcrumbList\",\"@id\":\"https:\\\/\\\/www.grupomedcof.com.br\\\/blog\\\/curiosidades-sobre-o-derrame-pleural\\\/#breadcrumb\",\"itemListElement\":[{\"@type\":\"ListItem\",\"position\":1,\"name\":\"In\u00edcio\",\"item\":\"https:\\\/\\\/www.grupomedcof.com.br\\\/blog\\\/\"},{\"@type\":\"ListItem\",\"position\":2,\"name\":\"Derrame pleural: o que \u00e9, causas, sintomas, diagn\u00f3stico e tratamento\"}]},{\"@type\":\"WebSite\",\"@id\":\"https:\\\/\\\/www.grupomedcof.com.br\\\/blog\\\/#website\",\"url\":\"https:\\\/\\\/www.grupomedcof.com.br\\\/blog\\\/\",\"name\":\"Blog de Medcof: conte\u00fados, editais, revalida e mais!\",\"description\":\"Acesso o blog de MedCof! Seu portal de conte\u00fados sobre resid\u00eancia m\u00e9dica, an\u00e1lise e editais e muito mais. Clique e confira!\",\"publisher\":{\"@id\":\"https:\\\/\\\/www.grupomedcof.com.br\\\/blog\\\/#organization\"},\"alternateName\":\"Blog de Medcof: conte\u00fados, editais, revalida e mais!\",\"potentialAction\":[{\"@type\":\"SearchAction\",\"target\":{\"@type\":\"EntryPoint\",\"urlTemplate\":\"https:\\\/\\\/www.grupomedcof.com.br\\\/blog\\\/?s={search_term_string}\"},\"query-input\":{\"@type\":\"PropertyValueSpecification\",\"valueRequired\":true,\"valueName\":\"search_term_string\"}}],\"inLanguage\":\"pt-BR\"},{\"@type\":\"Organization\",\"@id\":\"https:\\\/\\\/www.grupomedcof.com.br\\\/blog\\\/#organization\",\"name\":\"Grupo MedCof\",\"url\":\"https:\\\/\\\/www.grupomedcof.com.br\\\/blog\\\/\",\"logo\":{\"@type\":\"ImageObject\",\"inLanguage\":\"pt-BR\",\"@id\":\"https:\\\/\\\/www.grupomedcof.com.br\\\/blog\\\/#\\\/schema\\\/logo\\\/image\\\/\",\"url\":\"https:\\\/\\\/www.grupomedcof.com.br\\\/blog\\\/wp-content\\\/uploads\\\/2022\\\/01\\\/logo-medcof.png\",\"contentUrl\":\"https:\\\/\\\/www.grupomedcof.com.br\\\/blog\\\/wp-content\\\/uploads\\\/2022\\\/01\\\/logo-medcof.png\",\"width\":768,\"height\":269,\"caption\":\"Grupo MedCof\"},\"image\":{\"@id\":\"https:\\\/\\\/www.grupomedcof.com.br\\\/blog\\\/#\\\/schema\\\/logo\\\/image\\\/\"},\"sameAs\":[\"https:\\\/\\\/www.facebook.com\\\/MedCofQbank\\\/\",\"https:\\\/\\\/www.instagram.com\\\/grupomedcof\\\/\",\"https:\\\/\\\/br.linkedin.com\\\/company\\\/medcof\",\"https:\\\/\\\/www.youtube.com\\\/channel\\\/UCdHMuOHKICxcHwecxN8P-AA\"]},{\"@type\":\"Person\",\"@id\":\"https:\\\/\\\/www.grupomedcof.com.br\\\/blog\\\/#\\\/schema\\\/person\\\/5e56a3921255c01181f3d8c20d53f9c0\",\"name\":\"Grupo MedCof\",\"image\":{\"@type\":\"ImageObject\",\"inLanguage\":\"pt-BR\",\"@id\":\"https:\\\/\\\/www.grupomedcof.com.br\\\/blog\\\/wp-content\\\/uploads\\\/2023\\\/04\\\/cropped-cropped-cropped-cropped-logo-96x96.png28585d174f19c23095510da5f63bc127\",\"url\":\"https:\\\/\\\/www.grupomedcof.com.br\\\/blog\\\/wp-content\\\/uploads\\\/2023\\\/04\\\/cropped-cropped-cropped-cropped-logo-96x96.png\",\"contentUrl\":\"https:\\\/\\\/www.grupomedcof.com.br\\\/blog\\\/wp-content\\\/uploads\\\/2023\\\/04\\\/cropped-cropped-cropped-cropped-logo-96x96.png\",\"caption\":\"Grupo MedCof\"},\"description\":\"Tendo aulas baseadas em quest\u00f5es, + de 115 subespecialistas dispon\u00edveis e uma metodologia \u00fanica, voc\u00ea pode se juntar ao nosso time que conta com mais de 10 mil ...\",\"url\":\"https:\\\/\\\/www.grupomedcof.com.br\\\/blog\\\/author\\\/grupo-medcof\\\/\"}]}<\/script>\n<!-- \/ Yoast SEO Premium plugin. -->","yoast_head_json":{"title":"Derrame pleural: o que \u00e9, causas, sintomas e tratamento","description":"Derrame pleural, tamb\u00e9m conhecido como \u00e1gua no pulm\u00e3o, pode ser causado por diversas condi\u00e7\u00f5es. Entenda as causas, sintomas, diagn\u00f3stico e tratamento.","robots":{"index":"index","follow":"follow","max-snippet":"max-snippet:-1","max-image-preview":"max-image-preview:large","max-video-preview":"max-video-preview:-1"},"canonical":"https:\/\/www.grupomedcof.com.br\/blog\/curiosidades-sobre-o-derrame-pleural\/","og_locale":"pt_BR","og_type":"article","og_title":"Derrame pleural: o que \u00e9, causas, sintomas, diagn\u00f3stico e tratamento","og_description":"Derrame pleural, tamb\u00e9m conhecido como \u00e1gua no pulm\u00e3o, pode ser causado por diversas condi\u00e7\u00f5es. Entenda as causas, sintomas, diagn\u00f3stico e tratamento.","og_url":"https:\/\/www.grupomedcof.com.br\/blog\/curiosidades-sobre-o-derrame-pleural\/","og_site_name":"Blog de Medcof: conte\u00fados, editais, revalida e mais!","article_publisher":"https:\/\/www.facebook.com\/MedCofQbank\/","article_published_time":"2024-10-29T14:28:28+00:00","article_modified_time":"2025-05-23T12:54:53+00:00","og_image":[{"width":1024,"height":576,"url":"https:\/\/www.grupomedcof.com.br\/blog\/wp-content\/uploads\/2024\/10\/Blog-MedCof-13-1-1024x576.png","type":"image\/png"}],"author":"Grupo MedCof","twitter_card":"summary_large_image","twitter_misc":{"Escrito por":"Grupo MedCof","Est. tempo de leitura":"7 minutos"},"schema":{"@context":"https:\/\/schema.org","@graph":[{"@type":"Article","@id":"https:\/\/www.grupomedcof.com.br\/blog\/curiosidades-sobre-o-derrame-pleural\/#article","isPartOf":{"@id":"https:\/\/www.grupomedcof.com.br\/blog\/curiosidades-sobre-o-derrame-pleural\/"},"author":{"name":"Grupo MedCof","@id":"https:\/\/www.grupomedcof.com.br\/blog\/#\/schema\/person\/5e56a3921255c01181f3d8c20d53f9c0"},"headline":"Derrame pleural: o que \u00e9, causas, sintomas, diagn\u00f3stico e tratamento","datePublished":"2024-10-29T14:28:28+00:00","dateModified":"2025-05-23T12:54:53+00:00","mainEntityOfPage":{"@id":"https:\/\/www.grupomedcof.com.br\/blog\/curiosidades-sobre-o-derrame-pleural\/"},"wordCount":1239,"commentCount":0,"publisher":{"@id":"https:\/\/www.grupomedcof.com.br\/blog\/#organization"},"image":{"@id":"https:\/\/www.grupomedcof.com.br\/blog\/curiosidades-sobre-o-derrame-pleural\/#primaryimage"},"thumbnailUrl":"https:\/\/www.grupomedcof.com.br\/blog\/wp-content\/uploads\/2024\/10\/Blog-MedCof-13-1.png","keywords":["Derrame","Derrame Pleural","Din\u00e2mica pulmonar","Fisiologia Pleural","Provas de Resid\u00eancia","Resid\u00eancia M\u00e9dica"],"articleSection":["Cirurgia Geral","Cl\u00ednica M\u00e9dica"],"inLanguage":"pt-BR"},{"@type":"WebPage","@id":"https:\/\/www.grupomedcof.com.br\/blog\/curiosidades-sobre-o-derrame-pleural\/","url":"https:\/\/www.grupomedcof.com.br\/blog\/curiosidades-sobre-o-derrame-pleural\/","name":"Derrame pleural: o que \u00e9, causas, sintomas e tratamento","isPartOf":{"@id":"https:\/\/www.grupomedcof.com.br\/blog\/#website"},"primaryImageOfPage":{"@id":"https:\/\/www.grupomedcof.com.br\/blog\/curiosidades-sobre-o-derrame-pleural\/#primaryimage"},"image":{"@id":"https:\/\/www.grupomedcof.com.br\/blog\/curiosidades-sobre-o-derrame-pleural\/#primaryimage"},"thumbnailUrl":"https:\/\/www.grupomedcof.com.br\/blog\/wp-content\/uploads\/2024\/10\/Blog-MedCof-13-1.png","datePublished":"2024-10-29T14:28:28+00:00","dateModified":"2025-05-23T12:54:53+00:00","description":"Derrame pleural, tamb\u00e9m conhecido como \u00e1gua no pulm\u00e3o, pode ser causado por diversas condi\u00e7\u00f5es. Entenda as causas, sintomas, diagn\u00f3stico e tratamento.","breadcrumb":{"@id":"https:\/\/www.grupomedcof.com.br\/blog\/curiosidades-sobre-o-derrame-pleural\/#breadcrumb"},"inLanguage":"pt-BR","potentialAction":[{"@type":"ReadAction","target":["https:\/\/www.grupomedcof.com.br\/blog\/curiosidades-sobre-o-derrame-pleural\/"]}]},{"@type":"ImageObject","inLanguage":"pt-BR","@id":"https:\/\/www.grupomedcof.com.br\/blog\/curiosidades-sobre-o-derrame-pleural\/#primaryimage","url":"https:\/\/www.grupomedcof.com.br\/blog\/wp-content\/uploads\/2024\/10\/Blog-MedCof-13-1.png","contentUrl":"https:\/\/www.grupomedcof.com.br\/blog\/wp-content\/uploads\/2024\/10\/Blog-MedCof-13-1.png","width":2560,"height":1440},{"@type":"BreadcrumbList","@id":"https:\/\/www.grupomedcof.com.br\/blog\/curiosidades-sobre-o-derrame-pleural\/#breadcrumb","itemListElement":[{"@type":"ListItem","position":1,"name":"In\u00edcio","item":"https:\/\/www.grupomedcof.com.br\/blog\/"},{"@type":"ListItem","position":2,"name":"Derrame pleural: o que \u00e9, causas, sintomas, diagn\u00f3stico e tratamento"}]},{"@type":"WebSite","@id":"https:\/\/www.grupomedcof.com.br\/blog\/#website","url":"https:\/\/www.grupomedcof.com.br\/blog\/","name":"Blog de Medcof: conte\u00fados, editais, revalida e mais!","description":"Acesso o blog de MedCof! Seu portal de conte\u00fados sobre resid\u00eancia m\u00e9dica, an\u00e1lise e editais e muito mais. Clique e confira!","publisher":{"@id":"https:\/\/www.grupomedcof.com.br\/blog\/#organization"},"alternateName":"Blog de Medcof: conte\u00fados, editais, revalida e mais!","potentialAction":[{"@type":"SearchAction","target":{"@type":"EntryPoint","urlTemplate":"https:\/\/www.grupomedcof.com.br\/blog\/?s={search_term_string}"},"query-input":{"@type":"PropertyValueSpecification","valueRequired":true,"valueName":"search_term_string"}}],"inLanguage":"pt-BR"},{"@type":"Organization","@id":"https:\/\/www.grupomedcof.com.br\/blog\/#organization","name":"Grupo MedCof","url":"https:\/\/www.grupomedcof.com.br\/blog\/","logo":{"@type":"ImageObject","inLanguage":"pt-BR","@id":"https:\/\/www.grupomedcof.com.br\/blog\/#\/schema\/logo\/image\/","url":"https:\/\/www.grupomedcof.com.br\/blog\/wp-content\/uploads\/2022\/01\/logo-medcof.png","contentUrl":"https:\/\/www.grupomedcof.com.br\/blog\/wp-content\/uploads\/2022\/01\/logo-medcof.png","width":768,"height":269,"caption":"Grupo MedCof"},"image":{"@id":"https:\/\/www.grupomedcof.com.br\/blog\/#\/schema\/logo\/image\/"},"sameAs":["https:\/\/www.facebook.com\/MedCofQbank\/","https:\/\/www.instagram.com\/grupomedcof\/","https:\/\/br.linkedin.com\/company\/medcof","https:\/\/www.youtube.com\/channel\/UCdHMuOHKICxcHwecxN8P-AA"]},{"@type":"Person","@id":"https:\/\/www.grupomedcof.com.br\/blog\/#\/schema\/person\/5e56a3921255c01181f3d8c20d53f9c0","name":"Grupo MedCof","image":{"@type":"ImageObject","inLanguage":"pt-BR","@id":"https:\/\/www.grupomedcof.com.br\/blog\/wp-content\/uploads\/2023\/04\/cropped-cropped-cropped-cropped-logo-96x96.png28585d174f19c23095510da5f63bc127","url":"https:\/\/www.grupomedcof.com.br\/blog\/wp-content\/uploads\/2023\/04\/cropped-cropped-cropped-cropped-logo-96x96.png","contentUrl":"https:\/\/www.grupomedcof.com.br\/blog\/wp-content\/uploads\/2023\/04\/cropped-cropped-cropped-cropped-logo-96x96.png","caption":"Grupo MedCof"},"description":"Tendo aulas baseadas em quest\u00f5es, + de 115 subespecialistas dispon\u00edveis e uma metodologia \u00fanica, voc\u00ea pode se juntar ao nosso time que conta com mais de 10 mil ...","url":"https:\/\/www.grupomedcof.com.br\/blog\/author\/grupo-medcof\/"}]}},"authors":[{"term_id":3613,"user_id":10,"is_guest":0,"slug":"grupo-medcof","display_name":"Grupo MedCof","avatar_url":"https:\/\/www.grupomedcof.com.br\/blog\/wp-content\/uploads\/2023\/04\/cropped-cropped-cropped-cropped-logo-96x96.png","0":null,"1":"","2":"","3":"","4":"","5":"","6":"","7":"","8":""}],"_links":{"self":[{"href":"https:\/\/www.grupomedcof.com.br\/blog\/wp-json\/wp\/v2\/posts\/31098","targetHints":{"allow":["GET"]}}],"collection":[{"href":"https:\/\/www.grupomedcof.com.br\/blog\/wp-json\/wp\/v2\/posts"}],"about":[{"href":"https:\/\/www.grupomedcof.com.br\/blog\/wp-json\/wp\/v2\/types\/post"}],"author":[{"embeddable":true,"href":"https:\/\/www.grupomedcof.com.br\/blog\/wp-json\/wp\/v2\/users\/10"}],"replies":[{"embeddable":true,"href":"https:\/\/www.grupomedcof.com.br\/blog\/wp-json\/wp\/v2\/comments?post=31098"}],"version-history":[{"count":1,"href":"https:\/\/www.grupomedcof.com.br\/blog\/wp-json\/wp\/v2\/posts\/31098\/revisions"}],"predecessor-version":[{"id":35938,"href":"https:\/\/www.grupomedcof.com.br\/blog\/wp-json\/wp\/v2\/posts\/31098\/revisions\/35938"}],"wp:featuredmedia":[{"embeddable":true,"href":"https:\/\/www.grupomedcof.com.br\/blog\/wp-json\/wp\/v2\/media\/31111"}],"wp:attachment":[{"href":"https:\/\/www.grupomedcof.com.br\/blog\/wp-json\/wp\/v2\/media?parent=31098"}],"wp:term":[{"taxonomy":"category","embeddable":true,"href":"https:\/\/www.grupomedcof.com.br\/blog\/wp-json\/wp\/v2\/categories?post=31098"},{"taxonomy":"post_tag","embeddable":true,"href":"https:\/\/www.grupomedcof.com.br\/blog\/wp-json\/wp\/v2\/tags?post=31098"},{"taxonomy":"author","embeddable":true,"href":"https:\/\/www.grupomedcof.com.br\/blog\/wp-json\/wp\/v2\/ppma_author?post=31098"}],"curies":[{"name":"wp","href":"https:\/\/api.w.org\/{rel}","templated":true}]}}