{"id":31204,"date":"2024-10-31T10:57:29","date_gmt":"2024-10-31T13:57:29","guid":{"rendered":"https:\/\/www.grupomedcof.com.br\/blog\/?p=31204"},"modified":"2026-04-24T11:10:03","modified_gmt":"2026-04-24T14:10:03","slug":"outubrinho-rosa-saude-preventiva-para-meninas-de-ate-15-anos","status":"publish","type":"post","link":"https:\/\/www.grupomedcof.com.br\/blog\/outubrinho-rosa-saude-preventiva-para-meninas-de-ate-15-anos\/","title":{"rendered":"Conhe\u00e7a o Outubrinho Rosa, campanha voltada \u00e0 sa\u00fade preventiva para meninas de at\u00e9 15 anos"},"content":{"rendered":"<div id=\"ez-toc-container\" class=\"ez-toc-v2_0_74 counter-hierarchy ez-toc-counter ez-toc-transparent ez-toc-container-direction\">\n<div class=\"ez-toc-title-container\">\n<p class=\"ez-toc-title\" style=\"cursor:inherit\">Sum\u00e1rio<\/p>\n<span class=\"ez-toc-title-toggle\"><a href=\"#\" class=\"ez-toc-pull-right ez-toc-btn ez-toc-btn-xs ez-toc-btn-default ez-toc-toggle\" aria-label=\"Alternar tabela de conte\u00fado\"><span class=\"ez-toc-js-icon-con\"><span class=\"\"><span class=\"eztoc-hide\" style=\"display:none;\">Toggle<\/span><span class=\"ez-toc-icon-toggle-span\"><svg style=\"fill: #999;color:#999\" xmlns=\"http:\/\/www.w3.org\/2000\/svg\" class=\"list-377408\" width=\"20px\" height=\"20px\" viewBox=\"0 0 24 24\" fill=\"none\"><path d=\"M6 6H4v2h2V6zm14 0H8v2h12V6zM4 11h2v2H4v-2zm16 0H8v2h12v-2zM4 16h2v2H4v-2zm16 0H8v2h12v-2z\" fill=\"currentColor\"><\/path><\/svg><svg style=\"fill: #999;color:#999\" class=\"arrow-unsorted-368013\" xmlns=\"http:\/\/www.w3.org\/2000\/svg\" width=\"10px\" height=\"10px\" viewBox=\"0 0 24 24\" version=\"1.2\" baseProfile=\"tiny\"><path d=\"M18.2 9.3l-6.2-6.3-6.2 6.3c-.2.2-.3.4-.3.7s.1.5.3.7c.2.2.4.3.7.3h11c.3 0 .5-.1.7-.3.2-.2.3-.5.3-.7s-.1-.5-.3-.7zM5.8 14.7l6.2 6.3 6.2-6.3c.2-.2.3-.5.3-.7s-.1-.5-.3-.7c-.2-.2-.4-.3-.7-.3h-11c-.3 0-.5.1-.7.3-.2.2-.3.5-.3.7s.1.5.3.7z\"\/><\/svg><\/span><\/span><\/span><\/a><\/span><\/div>\n<nav><ul class='ez-toc-list ez-toc-list-level-1 ' ><li class='ez-toc-page-1 ez-toc-heading-level-2'><a class=\"ez-toc-link ez-toc-heading-1\" href=\"https:\/\/www.grupomedcof.com.br\/blog\/outubrinho-rosa-saude-preventiva-para-meninas-de-ate-15-anos\/#A_campanha_e_seus_objetivos\" >A campanha e seus objetivos<\/a><\/li><li class='ez-toc-page-1 ez-toc-heading-level-2'><a class=\"ez-toc-link ez-toc-heading-2\" href=\"https:\/\/www.grupomedcof.com.br\/blog\/outubrinho-rosa-saude-preventiva-para-meninas-de-ate-15-anos\/#Cancer_de_Mama\" >C\u00e2ncer de Mama<\/a><\/li><li class='ez-toc-page-1 ez-toc-heading-level-2'><a class=\"ez-toc-link ez-toc-heading-3\" href=\"https:\/\/www.grupomedcof.com.br\/blog\/outubrinho-rosa-saude-preventiva-para-meninas-de-ate-15-anos\/#O_Outubro_Rosa\" >O Outubro Rosa<\/a><\/li><li class='ez-toc-page-1 ez-toc-heading-level-2'><a class=\"ez-toc-link ez-toc-heading-4\" href=\"https:\/\/www.grupomedcof.com.br\/blog\/outubrinho-rosa-saude-preventiva-para-meninas-de-ate-15-anos\/#O_metodo_que_te_aprova\" >O m\u00e9todo que te aprova!<\/a><\/li><\/ul><\/nav><\/div>\n\n<figure class=\"wp-block-image size-large\"><img loading=\"lazy\" decoding=\"async\" width=\"1024\" height=\"576\" src=\"https:\/\/www.grupomedcof.com.br\/blog\/wp-content\/uploads\/2024\/10\/Blog-MedCof-17-1024x576.png\" alt=\"\" class=\"wp-image-31208\" srcset=\"https:\/\/www.grupomedcof.com.br\/blog\/wp-content\/uploads\/2024\/10\/Blog-MedCof-17-1024x576.png 1024w, https:\/\/www.grupomedcof.com.br\/blog\/wp-content\/uploads\/2024\/10\/Blog-MedCof-17-300x169.png 300w, https:\/\/www.grupomedcof.com.br\/blog\/wp-content\/uploads\/2024\/10\/Blog-MedCof-17-768x432.png 768w, https:\/\/www.grupomedcof.com.br\/blog\/wp-content\/uploads\/2024\/10\/Blog-MedCof-17-1536x864.png 1536w, https:\/\/www.grupomedcof.com.br\/blog\/wp-content\/uploads\/2024\/10\/Blog-MedCof-17-2048x1152.png 2048w, https:\/\/www.grupomedcof.com.br\/blog\/wp-content\/uploads\/2024\/10\/Blog-MedCof-17-747x420.png 747w, https:\/\/www.grupomedcof.com.br\/blog\/wp-content\/uploads\/2024\/10\/Blog-MedCof-17-150x84.png 150w, https:\/\/www.grupomedcof.com.br\/blog\/wp-content\/uploads\/2024\/10\/Blog-MedCof-17-696x392.png 696w, https:\/\/www.grupomedcof.com.br\/blog\/wp-content\/uploads\/2024\/10\/Blog-MedCof-17-1068x601.png 1068w, https:\/\/www.grupomedcof.com.br\/blog\/wp-content\/uploads\/2024\/10\/Blog-MedCof-17-1920x1080.png 1920w\" sizes=\"auto, (max-width: 1024px) 100vw, 1024px\" \/><\/figure>\n\n\n\n<p>Para ampliar o foco em\u00a0<strong>sa\u00fade preventiva das mulheres<\/strong>,\u00a0o governo sancionou a <strong>Lei n\u00ba 15.009\/2024<\/strong>, que<a href=\"https:\/\/med.estrategia.com\/portal\/wp-content\/uploads\/2024\/10\/outubrorosa.pdf\" target=\"_blank\" rel=\"noreferrer noopener\">\u00a0altera a Lei n\u00ba 13.733, de 2018<\/a>. Essa medida complementar\u00e1 a campanha do Outubro Rosa, fazendo com que\u00a0<strong>o m\u00eas tamb\u00e9m seja dedicado \u00e0 conscientiza\u00e7\u00e3o e promo\u00e7\u00e3o de pr\u00e1ticas preventivas de sa\u00fade especificamente para meninas de at\u00e9 15 anos<\/strong>.\u00a0<\/p>\n\n\n\n<h2 class=\"wp-block-heading\" id=\"h-a-campanha-e-seus-objetivos\"><span class=\"ez-toc-section\" id=\"A_campanha_e_seus_objetivos\"><\/span><strong>A campanha e seus objetivos<\/strong><span class=\"ez-toc-section-end\"><\/span><\/h2>\n\n\n\n<p>Para <strong>promover a discuss\u00e3o <\/strong>sobre a<strong> preven\u00e7\u00e3o de condi\u00e7\u00f5es que podem ser diagnosticadas e tratadas precocemente<\/strong>, o Outubrinho Rosa vai propor v\u00e1rias a\u00e7\u00f5es direcionadas, que ser\u00e3o realizadas anualmente durante o m\u00eas de outubro. Um dos principais objetivos \u00e9 a <strong>discuss\u00e3o e orienta\u00e7\u00e3o dos especialistas.<\/strong> Ainda, tamb\u00e9m tem como incentivo a<strong> promo\u00e7\u00e3o de debates com profissionais da sa\u00fade<\/strong> com o<strong>\u00a0objetivo de promover o diagn\u00f3stico precoce e o tratamento adequado de condi\u00e7\u00f5es que podem impactar a vida adulta.<\/strong><\/p>\n\n\n\n<p>Al\u00e9m disso, o <strong>Outubrinho Rosa<\/strong> tamb\u00e9m contar\u00e1 com materiais informativos, sobre <strong>a import\u00e2ncia de h\u00e1bitos saud\u00e1veis, diagn\u00f3stico precoce de condi\u00e7\u00f5es de sa\u00fade e a vacina\u00e7\u00e3o contra o papilomav\u00edrus humano (HPV)<\/strong> e <strong><strong>campanhas de conscientiza\u00e7\u00e3o<\/strong><\/strong>, bem como o <strong>Outubro Rosa.<\/strong> <\/p>\n\n\n\n<figure class=\"wp-block-image size-large\"><a href=\"https:\/\/www.grupomedcof.com.br\/cofletters\/\"><img loading=\"lazy\" decoding=\"async\" width=\"1024\" height=\"366\" src=\"https:\/\/www.grupomedcof.com.br\/blog\/wp-content\/uploads\/2024\/10\/Capa-Eventos-MedCof-Plus-1-1024x366.png\" alt=\"\" class=\"wp-image-30896\" srcset=\"https:\/\/www.grupomedcof.com.br\/blog\/wp-content\/uploads\/2024\/10\/Capa-Eventos-MedCof-Plus-1-1024x366.png 1024w, https:\/\/www.grupomedcof.com.br\/blog\/wp-content\/uploads\/2024\/10\/Capa-Eventos-MedCof-Plus-1-300x107.png 300w, https:\/\/www.grupomedcof.com.br\/blog\/wp-content\/uploads\/2024\/10\/Capa-Eventos-MedCof-Plus-1-768x275.png 768w, https:\/\/www.grupomedcof.com.br\/blog\/wp-content\/uploads\/2024\/10\/Capa-Eventos-MedCof-Plus-1-1536x549.png 1536w, https:\/\/www.grupomedcof.com.br\/blog\/wp-content\/uploads\/2024\/10\/Capa-Eventos-MedCof-Plus-1-2048x732.png 2048w, https:\/\/www.grupomedcof.com.br\/blog\/wp-content\/uploads\/2024\/10\/Capa-Eventos-MedCof-Plus-1-1175x420.png 1175w, https:\/\/www.grupomedcof.com.br\/blog\/wp-content\/uploads\/2024\/10\/Capa-Eventos-MedCof-Plus-1-150x54.png 150w, https:\/\/www.grupomedcof.com.br\/blog\/wp-content\/uploads\/2024\/10\/Capa-Eventos-MedCof-Plus-1-696x249.png 696w, https:\/\/www.grupomedcof.com.br\/blog\/wp-content\/uploads\/2024\/10\/Capa-Eventos-MedCof-Plus-1-1068x382.png 1068w, https:\/\/www.grupomedcof.com.br\/blog\/wp-content\/uploads\/2024\/10\/Capa-Eventos-MedCof-Plus-1-1920x686.png 1920w\" sizes=\"auto, (max-width: 1024px) 100vw, 1024px\" \/><\/a><\/figure>\n\n\n\n<p>Para isso, a lei tamb\u00e9m prev\u00ea a <strong>capacita\u00e7\u00e3o<\/strong> dos <strong>gestores do Sistema \u00danico de Sa\u00fade (SUS)<\/strong> para que possam oferecer, de maneira eficiente, <strong>servi\u00e7os e procedimentos voltados \u00e0 preven\u00e7\u00e3o\u00a0<\/strong>de condi\u00e7\u00f5es que podem tornar-se fatores de risco na vida adulta das meninas. <\/p>\n\n\n\n<p>Confira o documento na \u00edntegra para mais informa\u00e7\u00f5es!<\/p>\n\n\n\n<div data-wp-interactive=\"core\/file\" class=\"wp-block-file\"><object data-wp-bind--hidden=\"!state.hasPdfPreview\" hidden class=\"wp-block-file__embed\" data=\"https:\/\/www.grupomedcof.com.br\/blog\/wp-content\/uploads\/2024\/10\/LEI-No-15.009.pdf\" type=\"application\/pdf\" style=\"width:100%;height:600px\" aria-label=\"Incorporado de LEI N\u00ba 15.009.\"><\/object><a id=\"wp-block-file--media-b350d0c9-e578-46e1-892c-c387c819fc7d\" href=\"https:\/\/www.grupomedcof.com.br\/blog\/wp-content\/uploads\/2024\/10\/LEI-No-15.009.pdf\">LEI N\u00ba 15.009<\/a><a href=\"https:\/\/www.grupomedcof.com.br\/blog\/wp-content\/uploads\/2024\/10\/LEI-No-15.009.pdf\" class=\"wp-block-file__button wp-element-button\" download aria-describedby=\"wp-block-file--media-b350d0c9-e578-46e1-892c-c387c819fc7d\">Baixar<\/a><\/div>\n\n\n\n<h2 class=\"wp-block-heading\" id=\"h-cancer-de-mama\"><span class=\"ez-toc-section\" id=\"Cancer_de_Mama\"><\/span><strong>C\u00e2ncer de Mama<\/strong><span class=\"ez-toc-section-end\"><\/span><\/h2>\n\n\n\n<p>O\u00a0<strong>c\u00e2ncer de mama<\/strong>\u00a0\u00e9 uma das neoplasias malignas mais comuns, representando cerca de\u00a0<strong>25% dos novos casos de c\u00e2ncer em mulheres.<\/strong> Confira <a href=\"https:\/\/www.grupomedcof.com.br\/blog\/conhecendo-um-pouco-sobre-cancer-de-mama\/\" target=\"_blank\" rel=\"noreferrer noopener\">nosso post sobre!<\/a><\/p>\n\n\n\n<h2 class=\"wp-block-heading\" id=\"h-o-outubro-rosa\"><span class=\"ez-toc-section\" id=\"O_Outubro_Rosa\"><\/span><strong>O Outubro Rosa<\/strong><span class=\"ez-toc-section-end\"><\/span><\/h2>\n\n\n\n<p>Outubro Rosa consiste em uma campanha de conscientiza\u00e7\u00e3o\u00a0<strong>voltada para a preven\u00e7\u00e3o e o diagn\u00f3stico precoce do c\u00e2ncer de mama<\/strong>, um dos tipos de c\u00e2ncer mais comuns entre as mulheres.\u00a0Veja <a href=\"https:\/\/www.grupomedcof.com.br\/blog\/outubro-rosa-como-prevenir-e-quando-realizar-o-teste-genetico-para-o-cancer-de-mama\/\" target=\"_blank\" rel=\"noreferrer noopener\">nosso post<\/a> para saber os fatores de riscos, teste gen\u00e9tico e mais detalhes!<\/p>\n\n\n\n<h2 class=\"wp-block-heading\" id=\"o-m\u00e9todo-que-te-aprova\"><span class=\"ez-toc-section\" id=\"O_metodo_que_te_aprova\"><\/span><strong>O m\u00e9todo que te aprova!<\/strong><span class=\"ez-toc-section-end\"><\/span><\/h2>\n\n\n\n<p>Quer alcan\u00e7ar a aprova\u00e7\u00e3o nas provas de resid\u00eancia m\u00e9dica? Ent\u00e3o seja um\u00a0<a href=\"https:\/\/www.grupomedcof.com.br\/home\/\" target=\"_blank\" rel=\"noreferrer noopener\">MedCoffer<\/a>! Aqui te ajudaremos na busca da aprova\u00e7\u00e3o com conte\u00fados de qualidade e uma\u00a0<a href=\"https:\/\/www.grupomedcof.com.br\/blog\/presenca-da-medcof-nas-aprovacoes-em-residencia-medica-no-brasil\/\" target=\"_blank\" rel=\"noreferrer noopener\">metodologia que j\u00e1 aprovou mais de 10 mil residentes no pa\u00eds!\u00a0<\/a>Por fim, acesse o nosso<a href=\"https:\/\/www.youtube.com\/@GrupoMedcof\/featured\" target=\"_blank\" rel=\"noreferrer noopener\">\u00a0<strong>canal do youtube\u00a0<\/strong><\/a>para ver o nosso material.<\/p>\n\n\n\n<figure class=\"wp-block-embed is-type-video is-provider-youtube wp-block-embed-youtube wp-embed-aspect-16-9 wp-has-aspect-ratio\"><div class=\"wp-block-embed__wrapper\">\n<div class=\"youtube-embed\" data-video_id=\"slrFJAKCINg\"><iframe loading=\"lazy\" title=\"Afec\u00e7\u00f5es Benignas das Mamas: O Que Voc\u00ea Precisa Saber. Com Dra. Maria Carvalho\" width=\"696\" height=\"392\" src=\"https:\/\/www.youtube.com\/embed\/slrFJAKCINg?start=2&#038;feature=oembed\" frameborder=\"0\" allow=\"accelerometer; autoplay; clipboard-write; encrypted-media; gyroscope; picture-in-picture; web-share\" referrerpolicy=\"strict-origin-when-cross-origin\" allowfullscreen><\/iframe><\/div>\n<\/div><\/figure>\n","protected":false},"excerpt":{"rendered":"<p>Para ampliar o foco em\u00a0sa\u00fade preventiva das mulheres,\u00a0o governo sancionou uma Lei que complementa a campanha do Outubro Rosa. Veja!<\/p>\n","protected":false},"author":20,"featured_media":31208,"comment_status":"open","ping_status":"open","sticky":false,"template":"","format":"standard","meta":{"footnotes":""},"categories":[173],"tags":[1780,2220,2130],"ppma_author":[3616],"class_list":{"0":"post-31204","1":"post","2":"type-post","3":"status-publish","4":"format-standard","5":"has-post-thumbnail","7":"category-novidades","8":"tag-cancer-de-mama","9":"tag-outubrinho-rosa","10":"tag-outubro-rosa"},"yoast_head":"<!-- This site is optimized with the Yoast SEO Premium plugin v24.3 (Yoast SEO v27.4) - https:\/\/yoast.com\/product\/yoast-seo-premium-wordpress\/ -->\n<title>Outubrinho Rosa: Sa\u00fade Preventiva para Meninas | MedCof<\/title>\n<meta name=\"description\" content=\"Para ampliar o foco em\u00a0sa\u00fade preventiva das mulheres,\u00a0o governo sancionou uma Lei que complementa a campanha do Outubro Rosa. Veja!\" \/>\n<meta name=\"robots\" content=\"index, follow, max-snippet:-1, max-image-preview:large, max-video-preview:-1\" \/>\n<link rel=\"canonical\" href=\"https:\/\/www.grupomedcof.com.br\/blog\/outubrinho-rosa-saude-preventiva-para-meninas-de-ate-15-anos\/\" \/>\n<meta property=\"og:locale\" content=\"pt_BR\" \/>\n<meta property=\"og:type\" content=\"article\" \/>\n<meta property=\"og:title\" content=\"Conhe\u00e7a o Outubrinho Rosa, campanha voltada \u00e0 sa\u00fade preventiva para meninas de at\u00e9 15 anos\" \/>\n<meta property=\"og:description\" content=\"Para ampliar o foco em\u00a0sa\u00fade preventiva das mulheres,\u00a0o governo sancionou uma Lei que complementa a campanha do Outubro Rosa. Veja!\" \/>\n<meta property=\"og:url\" content=\"https:\/\/www.grupomedcof.com.br\/blog\/outubrinho-rosa-saude-preventiva-para-meninas-de-ate-15-anos\/\" \/>\n<meta property=\"og:site_name\" content=\"Blog de Medcof: conte\u00fados, editais, revalida e mais!\" \/>\n<meta property=\"article:publisher\" content=\"https:\/\/www.facebook.com\/MedCofQbank\/\" \/>\n<meta property=\"article:published_time\" content=\"2024-10-31T13:57:29+00:00\" \/>\n<meta property=\"article:modified_time\" content=\"2026-04-24T14:10:03+00:00\" \/>\n<meta property=\"og:image\" content=\"https:\/\/www.grupomedcof.com.br\/blog\/wp-content\/uploads\/2024\/10\/Blog-MedCof-17-1024x576.png\" \/>\n\t<meta property=\"og:image:width\" content=\"1024\" \/>\n\t<meta property=\"og:image:height\" content=\"576\" \/>\n\t<meta property=\"og:image:type\" content=\"image\/png\" \/>\n<meta name=\"author\" content=\"Leila Menzel\" \/>\n<meta name=\"twitter:card\" content=\"summary_large_image\" \/>\n<meta name=\"twitter:label1\" content=\"Escrito por\" \/>\n\t<meta name=\"twitter:data1\" content=\"Leila Menzel\" \/>\n\t<meta name=\"twitter:label2\" content=\"Est. tempo de leitura\" \/>\n\t<meta name=\"twitter:data2\" content=\"3 minutos\" \/>\n<script type=\"application\/ld+json\" class=\"yoast-schema-graph\">{\"@context\":\"https:\\\/\\\/schema.org\",\"@graph\":[{\"@type\":\"Article\",\"@id\":\"https:\\\/\\\/www.grupomedcof.com.br\\\/blog\\\/outubrinho-rosa-saude-preventiva-para-meninas-de-ate-15-anos\\\/#article\",\"isPartOf\":{\"@id\":\"https:\\\/\\\/www.grupomedcof.com.br\\\/blog\\\/outubrinho-rosa-saude-preventiva-para-meninas-de-ate-15-anos\\\/\"},\"author\":{\"name\":\"Leila Menzel\",\"@id\":\"https:\\\/\\\/www.grupomedcof.com.br\\\/blog\\\/#\\\/schema\\\/person\\\/9a44c2184a836bf5ae6967fdb3a1451e\"},\"headline\":\"Conhe\u00e7a o Outubrinho Rosa, campanha voltada \u00e0 sa\u00fade preventiva para meninas de at\u00e9 15 anos\",\"datePublished\":\"2024-10-31T13:57:29+00:00\",\"dateModified\":\"2026-04-24T14:10:03+00:00\",\"mainEntityOfPage\":{\"@id\":\"https:\\\/\\\/www.grupomedcof.com.br\\\/blog\\\/outubrinho-rosa-saude-preventiva-para-meninas-de-ate-15-anos\\\/\"},\"wordCount\":433,\"commentCount\":0,\"publisher\":{\"@id\":\"https:\\\/\\\/www.grupomedcof.com.br\\\/blog\\\/#organization\"},\"image\":{\"@id\":\"https:\\\/\\\/www.grupomedcof.com.br\\\/blog\\\/outubrinho-rosa-saude-preventiva-para-meninas-de-ate-15-anos\\\/#primaryimage\"},\"thumbnailUrl\":\"https:\\\/\\\/www.grupomedcof.com.br\\\/blog\\\/wp-content\\\/uploads\\\/2024\\\/10\\\/Blog-MedCof-17.png\",\"keywords\":[\"C\u00e2ncer de mama\",\"Outubrinho Rosa\",\"Outubro Rosa\"],\"articleSection\":[\"Novidades\"],\"inLanguage\":\"pt-BR\"},{\"@type\":\"WebPage\",\"@id\":\"https:\\\/\\\/www.grupomedcof.com.br\\\/blog\\\/outubrinho-rosa-saude-preventiva-para-meninas-de-ate-15-anos\\\/\",\"url\":\"https:\\\/\\\/www.grupomedcof.com.br\\\/blog\\\/outubrinho-rosa-saude-preventiva-para-meninas-de-ate-15-anos\\\/\",\"name\":\"Outubrinho Rosa: Sa\u00fade Preventiva para Meninas | MedCof\",\"isPartOf\":{\"@id\":\"https:\\\/\\\/www.grupomedcof.com.br\\\/blog\\\/#website\"},\"primaryImageOfPage\":{\"@id\":\"https:\\\/\\\/www.grupomedcof.com.br\\\/blog\\\/outubrinho-rosa-saude-preventiva-para-meninas-de-ate-15-anos\\\/#primaryimage\"},\"image\":{\"@id\":\"https:\\\/\\\/www.grupomedcof.com.br\\\/blog\\\/outubrinho-rosa-saude-preventiva-para-meninas-de-ate-15-anos\\\/#primaryimage\"},\"thumbnailUrl\":\"https:\\\/\\\/www.grupomedcof.com.br\\\/blog\\\/wp-content\\\/uploads\\\/2024\\\/10\\\/Blog-MedCof-17.png\",\"datePublished\":\"2024-10-31T13:57:29+00:00\",\"dateModified\":\"2026-04-24T14:10:03+00:00\",\"description\":\"Para ampliar o foco em\u00a0sa\u00fade preventiva das mulheres,\u00a0o governo sancionou uma Lei que complementa a campanha do Outubro Rosa. Veja!\",\"breadcrumb\":{\"@id\":\"https:\\\/\\\/www.grupomedcof.com.br\\\/blog\\\/outubrinho-rosa-saude-preventiva-para-meninas-de-ate-15-anos\\\/#breadcrumb\"},\"inLanguage\":\"pt-BR\",\"potentialAction\":[{\"@type\":\"ReadAction\",\"target\":[\"https:\\\/\\\/www.grupomedcof.com.br\\\/blog\\\/outubrinho-rosa-saude-preventiva-para-meninas-de-ate-15-anos\\\/\"]}]},{\"@type\":\"ImageObject\",\"inLanguage\":\"pt-BR\",\"@id\":\"https:\\\/\\\/www.grupomedcof.com.br\\\/blog\\\/outubrinho-rosa-saude-preventiva-para-meninas-de-ate-15-anos\\\/#primaryimage\",\"url\":\"https:\\\/\\\/www.grupomedcof.com.br\\\/blog\\\/wp-content\\\/uploads\\\/2024\\\/10\\\/Blog-MedCof-17.png\",\"contentUrl\":\"https:\\\/\\\/www.grupomedcof.com.br\\\/blog\\\/wp-content\\\/uploads\\\/2024\\\/10\\\/Blog-MedCof-17.png\",\"width\":2560,\"height\":1440},{\"@type\":\"BreadcrumbList\",\"@id\":\"https:\\\/\\\/www.grupomedcof.com.br\\\/blog\\\/outubrinho-rosa-saude-preventiva-para-meninas-de-ate-15-anos\\\/#breadcrumb\",\"itemListElement\":[{\"@type\":\"ListItem\",\"position\":1,\"name\":\"In\u00edcio\",\"item\":\"https:\\\/\\\/www.grupomedcof.com.br\\\/blog\\\/\"},{\"@type\":\"ListItem\",\"position\":2,\"name\":\"Conhe\u00e7a o Outubrinho Rosa, campanha voltada \u00e0 sa\u00fade preventiva para meninas de at\u00e9 15 anos\"}]},{\"@type\":\"WebSite\",\"@id\":\"https:\\\/\\\/www.grupomedcof.com.br\\\/blog\\\/#website\",\"url\":\"https:\\\/\\\/www.grupomedcof.com.br\\\/blog\\\/\",\"name\":\"Blog de Medcof: conte\u00fados, editais, revalida e mais!\",\"description\":\"Acesso o blog de MedCof! Seu portal de conte\u00fados sobre resid\u00eancia m\u00e9dica, an\u00e1lise e editais e muito mais. Clique e confira!\",\"publisher\":{\"@id\":\"https:\\\/\\\/www.grupomedcof.com.br\\\/blog\\\/#organization\"},\"alternateName\":\"Blog de Medcof: conte\u00fados, editais, revalida e mais!\",\"potentialAction\":[{\"@type\":\"SearchAction\",\"target\":{\"@type\":\"EntryPoint\",\"urlTemplate\":\"https:\\\/\\\/www.grupomedcof.com.br\\\/blog\\\/?s={search_term_string}\"},\"query-input\":{\"@type\":\"PropertyValueSpecification\",\"valueRequired\":true,\"valueName\":\"search_term_string\"}}],\"inLanguage\":\"pt-BR\"},{\"@type\":\"Organization\",\"@id\":\"https:\\\/\\\/www.grupomedcof.com.br\\\/blog\\\/#organization\",\"name\":\"Grupo MedCof\",\"url\":\"https:\\\/\\\/www.grupomedcof.com.br\\\/blog\\\/\",\"logo\":{\"@type\":\"ImageObject\",\"inLanguage\":\"pt-BR\",\"@id\":\"https:\\\/\\\/www.grupomedcof.com.br\\\/blog\\\/#\\\/schema\\\/logo\\\/image\\\/\",\"url\":\"https:\\\/\\\/www.grupomedcof.com.br\\\/blog\\\/wp-content\\\/uploads\\\/2022\\\/01\\\/logo-medcof.png\",\"contentUrl\":\"https:\\\/\\\/www.grupomedcof.com.br\\\/blog\\\/wp-content\\\/uploads\\\/2022\\\/01\\\/logo-medcof.png\",\"width\":768,\"height\":269,\"caption\":\"Grupo MedCof\"},\"image\":{\"@id\":\"https:\\\/\\\/www.grupomedcof.com.br\\\/blog\\\/#\\\/schema\\\/logo\\\/image\\\/\"},\"sameAs\":[\"https:\\\/\\\/www.facebook.com\\\/MedCofQbank\\\/\",\"https:\\\/\\\/www.instagram.com\\\/grupomedcof\\\/\",\"https:\\\/\\\/br.linkedin.com\\\/company\\\/medcof\",\"https:\\\/\\\/www.youtube.com\\\/channel\\\/UCdHMuOHKICxcHwecxN8P-AA\"]},{\"@type\":\"Person\",\"@id\":\"https:\\\/\\\/www.grupomedcof.com.br\\\/blog\\\/#\\\/schema\\\/person\\\/9a44c2184a836bf5ae6967fdb3a1451e\",\"name\":\"Leila Menzel\",\"image\":{\"@type\":\"ImageObject\",\"inLanguage\":\"pt-BR\",\"@id\":\"https:\\\/\\\/www.grupomedcof.com.br\\\/blog\\\/wp-content\\\/uploads\\\/2025\\\/09\\\/cropped-eu-96x96.jpeg19a74936d997c0a8b3031618467fa1d0\",\"url\":\"https:\\\/\\\/www.grupomedcof.com.br\\\/blog\\\/wp-content\\\/uploads\\\/2025\\\/09\\\/cropped-eu-96x96.jpeg\",\"contentUrl\":\"https:\\\/\\\/www.grupomedcof.com.br\\\/blog\\\/wp-content\\\/uploads\\\/2025\\\/09\\\/cropped-eu-96x96.jpeg\",\"caption\":\"Leila Menzel\"},\"description\":\"Estudante do 6\u00b0 semestre de jornalismo, amo e escrevo poesias e viajo em livros de romances clich\u00eas.\",\"url\":\"https:\\\/\\\/www.grupomedcof.com.br\\\/blog\\\/author\\\/leila-menzel\\\/\"}]}<\/script>\n<!-- \/ Yoast SEO Premium plugin. -->","yoast_head_json":{"title":"Outubrinho Rosa: Sa\u00fade Preventiva para Meninas | MedCof","description":"Para ampliar o foco em\u00a0sa\u00fade preventiva das mulheres,\u00a0o governo sancionou uma Lei que complementa a campanha do Outubro Rosa. Veja!","robots":{"index":"index","follow":"follow","max-snippet":"max-snippet:-1","max-image-preview":"max-image-preview:large","max-video-preview":"max-video-preview:-1"},"canonical":"https:\/\/www.grupomedcof.com.br\/blog\/outubrinho-rosa-saude-preventiva-para-meninas-de-ate-15-anos\/","og_locale":"pt_BR","og_type":"article","og_title":"Conhe\u00e7a o Outubrinho Rosa, campanha voltada \u00e0 sa\u00fade preventiva para meninas de at\u00e9 15 anos","og_description":"Para ampliar o foco em\u00a0sa\u00fade preventiva das mulheres,\u00a0o governo sancionou uma Lei que complementa a campanha do Outubro Rosa. Veja!","og_url":"https:\/\/www.grupomedcof.com.br\/blog\/outubrinho-rosa-saude-preventiva-para-meninas-de-ate-15-anos\/","og_site_name":"Blog de Medcof: conte\u00fados, editais, revalida e mais!","article_publisher":"https:\/\/www.facebook.com\/MedCofQbank\/","article_published_time":"2024-10-31T13:57:29+00:00","article_modified_time":"2026-04-24T14:10:03+00:00","og_image":[{"width":1024,"height":576,"url":"https:\/\/www.grupomedcof.com.br\/blog\/wp-content\/uploads\/2024\/10\/Blog-MedCof-17-1024x576.png","type":"image\/png"}],"author":"Leila Menzel","twitter_card":"summary_large_image","twitter_misc":{"Escrito por":"Leila Menzel","Est. tempo de leitura":"3 minutos"},"schema":{"@context":"https:\/\/schema.org","@graph":[{"@type":"Article","@id":"https:\/\/www.grupomedcof.com.br\/blog\/outubrinho-rosa-saude-preventiva-para-meninas-de-ate-15-anos\/#article","isPartOf":{"@id":"https:\/\/www.grupomedcof.com.br\/blog\/outubrinho-rosa-saude-preventiva-para-meninas-de-ate-15-anos\/"},"author":{"name":"Leila Menzel","@id":"https:\/\/www.grupomedcof.com.br\/blog\/#\/schema\/person\/9a44c2184a836bf5ae6967fdb3a1451e"},"headline":"Conhe\u00e7a o Outubrinho Rosa, campanha voltada \u00e0 sa\u00fade preventiva para meninas de at\u00e9 15 anos","datePublished":"2024-10-31T13:57:29+00:00","dateModified":"2026-04-24T14:10:03+00:00","mainEntityOfPage":{"@id":"https:\/\/www.grupomedcof.com.br\/blog\/outubrinho-rosa-saude-preventiva-para-meninas-de-ate-15-anos\/"},"wordCount":433,"commentCount":0,"publisher":{"@id":"https:\/\/www.grupomedcof.com.br\/blog\/#organization"},"image":{"@id":"https:\/\/www.grupomedcof.com.br\/blog\/outubrinho-rosa-saude-preventiva-para-meninas-de-ate-15-anos\/#primaryimage"},"thumbnailUrl":"https:\/\/www.grupomedcof.com.br\/blog\/wp-content\/uploads\/2024\/10\/Blog-MedCof-17.png","keywords":["C\u00e2ncer de mama","Outubrinho Rosa","Outubro Rosa"],"articleSection":["Novidades"],"inLanguage":"pt-BR"},{"@type":"WebPage","@id":"https:\/\/www.grupomedcof.com.br\/blog\/outubrinho-rosa-saude-preventiva-para-meninas-de-ate-15-anos\/","url":"https:\/\/www.grupomedcof.com.br\/blog\/outubrinho-rosa-saude-preventiva-para-meninas-de-ate-15-anos\/","name":"Outubrinho Rosa: Sa\u00fade Preventiva para Meninas | MedCof","isPartOf":{"@id":"https:\/\/www.grupomedcof.com.br\/blog\/#website"},"primaryImageOfPage":{"@id":"https:\/\/www.grupomedcof.com.br\/blog\/outubrinho-rosa-saude-preventiva-para-meninas-de-ate-15-anos\/#primaryimage"},"image":{"@id":"https:\/\/www.grupomedcof.com.br\/blog\/outubrinho-rosa-saude-preventiva-para-meninas-de-ate-15-anos\/#primaryimage"},"thumbnailUrl":"https:\/\/www.grupomedcof.com.br\/blog\/wp-content\/uploads\/2024\/10\/Blog-MedCof-17.png","datePublished":"2024-10-31T13:57:29+00:00","dateModified":"2026-04-24T14:10:03+00:00","description":"Para ampliar o foco em\u00a0sa\u00fade preventiva das mulheres,\u00a0o governo sancionou uma Lei que complementa a campanha do Outubro Rosa. Veja!","breadcrumb":{"@id":"https:\/\/www.grupomedcof.com.br\/blog\/outubrinho-rosa-saude-preventiva-para-meninas-de-ate-15-anos\/#breadcrumb"},"inLanguage":"pt-BR","potentialAction":[{"@type":"ReadAction","target":["https:\/\/www.grupomedcof.com.br\/blog\/outubrinho-rosa-saude-preventiva-para-meninas-de-ate-15-anos\/"]}]},{"@type":"ImageObject","inLanguage":"pt-BR","@id":"https:\/\/www.grupomedcof.com.br\/blog\/outubrinho-rosa-saude-preventiva-para-meninas-de-ate-15-anos\/#primaryimage","url":"https:\/\/www.grupomedcof.com.br\/blog\/wp-content\/uploads\/2024\/10\/Blog-MedCof-17.png","contentUrl":"https:\/\/www.grupomedcof.com.br\/blog\/wp-content\/uploads\/2024\/10\/Blog-MedCof-17.png","width":2560,"height":1440},{"@type":"BreadcrumbList","@id":"https:\/\/www.grupomedcof.com.br\/blog\/outubrinho-rosa-saude-preventiva-para-meninas-de-ate-15-anos\/#breadcrumb","itemListElement":[{"@type":"ListItem","position":1,"name":"In\u00edcio","item":"https:\/\/www.grupomedcof.com.br\/blog\/"},{"@type":"ListItem","position":2,"name":"Conhe\u00e7a o Outubrinho Rosa, campanha voltada \u00e0 sa\u00fade preventiva para meninas de at\u00e9 15 anos"}]},{"@type":"WebSite","@id":"https:\/\/www.grupomedcof.com.br\/blog\/#website","url":"https:\/\/www.grupomedcof.com.br\/blog\/","name":"Blog de Medcof: conte\u00fados, editais, revalida e mais!","description":"Acesso o blog de MedCof! Seu portal de conte\u00fados sobre resid\u00eancia m\u00e9dica, an\u00e1lise e editais e muito mais. Clique e confira!","publisher":{"@id":"https:\/\/www.grupomedcof.com.br\/blog\/#organization"},"alternateName":"Blog de Medcof: conte\u00fados, editais, revalida e mais!","potentialAction":[{"@type":"SearchAction","target":{"@type":"EntryPoint","urlTemplate":"https:\/\/www.grupomedcof.com.br\/blog\/?s={search_term_string}"},"query-input":{"@type":"PropertyValueSpecification","valueRequired":true,"valueName":"search_term_string"}}],"inLanguage":"pt-BR"},{"@type":"Organization","@id":"https:\/\/www.grupomedcof.com.br\/blog\/#organization","name":"Grupo MedCof","url":"https:\/\/www.grupomedcof.com.br\/blog\/","logo":{"@type":"ImageObject","inLanguage":"pt-BR","@id":"https:\/\/www.grupomedcof.com.br\/blog\/#\/schema\/logo\/image\/","url":"https:\/\/www.grupomedcof.com.br\/blog\/wp-content\/uploads\/2022\/01\/logo-medcof.png","contentUrl":"https:\/\/www.grupomedcof.com.br\/blog\/wp-content\/uploads\/2022\/01\/logo-medcof.png","width":768,"height":269,"caption":"Grupo MedCof"},"image":{"@id":"https:\/\/www.grupomedcof.com.br\/blog\/#\/schema\/logo\/image\/"},"sameAs":["https:\/\/www.facebook.com\/MedCofQbank\/","https:\/\/www.instagram.com\/grupomedcof\/","https:\/\/br.linkedin.com\/company\/medcof","https:\/\/www.youtube.com\/channel\/UCdHMuOHKICxcHwecxN8P-AA"]},{"@type":"Person","@id":"https:\/\/www.grupomedcof.com.br\/blog\/#\/schema\/person\/9a44c2184a836bf5ae6967fdb3a1451e","name":"Leila Menzel","image":{"@type":"ImageObject","inLanguage":"pt-BR","@id":"https:\/\/www.grupomedcof.com.br\/blog\/wp-content\/uploads\/2025\/09\/cropped-eu-96x96.jpeg19a74936d997c0a8b3031618467fa1d0","url":"https:\/\/www.grupomedcof.com.br\/blog\/wp-content\/uploads\/2025\/09\/cropped-eu-96x96.jpeg","contentUrl":"https:\/\/www.grupomedcof.com.br\/blog\/wp-content\/uploads\/2025\/09\/cropped-eu-96x96.jpeg","caption":"Leila Menzel"},"description":"Estudante do 6\u00b0 semestre de jornalismo, amo e escrevo poesias e viajo em livros de romances clich\u00eas.","url":"https:\/\/www.grupomedcof.com.br\/blog\/author\/leila-menzel\/"}]}},"authors":[{"term_id":3616,"user_id":20,"is_guest":0,"slug":"leila-menzel","display_name":"Leila Menzel","avatar_url":"https:\/\/www.grupomedcof.com.br\/blog\/wp-content\/uploads\/2025\/09\/cropped-eu-96x96.jpeg","0":null,"1":"","2":"","3":"","4":"","5":"","6":"","7":"","8":""}],"_links":{"self":[{"href":"https:\/\/www.grupomedcof.com.br\/blog\/wp-json\/wp\/v2\/posts\/31204","targetHints":{"allow":["GET"]}}],"collection":[{"href":"https:\/\/www.grupomedcof.com.br\/blog\/wp-json\/wp\/v2\/posts"}],"about":[{"href":"https:\/\/www.grupomedcof.com.br\/blog\/wp-json\/wp\/v2\/types\/post"}],"author":[{"embeddable":true,"href":"https:\/\/www.grupomedcof.com.br\/blog\/wp-json\/wp\/v2\/users\/20"}],"replies":[{"embeddable":true,"href":"https:\/\/www.grupomedcof.com.br\/blog\/wp-json\/wp\/v2\/comments?post=31204"}],"version-history":[{"count":1,"href":"https:\/\/www.grupomedcof.com.br\/blog\/wp-json\/wp\/v2\/posts\/31204\/revisions"}],"predecessor-version":[{"id":43340,"href":"https:\/\/www.grupomedcof.com.br\/blog\/wp-json\/wp\/v2\/posts\/31204\/revisions\/43340"}],"wp:featuredmedia":[{"embeddable":true,"href":"https:\/\/www.grupomedcof.com.br\/blog\/wp-json\/wp\/v2\/media\/31208"}],"wp:attachment":[{"href":"https:\/\/www.grupomedcof.com.br\/blog\/wp-json\/wp\/v2\/media?parent=31204"}],"wp:term":[{"taxonomy":"category","embeddable":true,"href":"https:\/\/www.grupomedcof.com.br\/blog\/wp-json\/wp\/v2\/categories?post=31204"},{"taxonomy":"post_tag","embeddable":true,"href":"https:\/\/www.grupomedcof.com.br\/blog\/wp-json\/wp\/v2\/tags?post=31204"},{"taxonomy":"author","embeddable":true,"href":"https:\/\/www.grupomedcof.com.br\/blog\/wp-json\/wp\/v2\/ppma_author?post=31204"}],"curies":[{"name":"wp","href":"https:\/\/api.w.org\/{rel}","templated":true}]}}