{"id":31302,"date":"2024-11-05T09:12:16","date_gmt":"2024-11-05T12:12:16","guid":{"rendered":"https:\/\/www.grupomedcof.com.br\/blog\/?p=31302"},"modified":"2024-11-05T09:12:18","modified_gmt":"2024-11-05T12:12:18","slug":"usp-sp-2024-2025-ultimo-dia-para-se-inscrever","status":"publish","type":"post","link":"https:\/\/www.grupomedcof.com.br\/blog\/usp-sp-2024-2025-ultimo-dia-para-se-inscrever\/","title":{"rendered":"USP-SP 2024\/2025: \u00faltimo dia para se inscrever!"},"content":{"rendered":"<div id=\"ez-toc-container\" class=\"ez-toc-v2_0_74 counter-hierarchy ez-toc-counter ez-toc-transparent ez-toc-container-direction\">\n<div class=\"ez-toc-title-container\">\n<p class=\"ez-toc-title\" style=\"cursor:inherit\">Sum\u00e1rio<\/p>\n<span class=\"ez-toc-title-toggle\"><a href=\"#\" class=\"ez-toc-pull-right ez-toc-btn ez-toc-btn-xs ez-toc-btn-default ez-toc-toggle\" aria-label=\"Alternar tabela de conte\u00fado\"><span class=\"ez-toc-js-icon-con\"><span class=\"\"><span class=\"eztoc-hide\" style=\"display:none;\">Toggle<\/span><span class=\"ez-toc-icon-toggle-span\"><svg style=\"fill: #999;color:#999\" xmlns=\"http:\/\/www.w3.org\/2000\/svg\" class=\"list-377408\" width=\"20px\" height=\"20px\" viewBox=\"0 0 24 24\" fill=\"none\"><path d=\"M6 6H4v2h2V6zm14 0H8v2h12V6zM4 11h2v2H4v-2zm16 0H8v2h12v-2zM4 16h2v2H4v-2zm16 0H8v2h12v-2z\" fill=\"currentColor\"><\/path><\/svg><svg style=\"fill: #999;color:#999\" class=\"arrow-unsorted-368013\" xmlns=\"http:\/\/www.w3.org\/2000\/svg\" width=\"10px\" height=\"10px\" viewBox=\"0 0 24 24\" version=\"1.2\" baseProfile=\"tiny\"><path d=\"M18.2 9.3l-6.2-6.3-6.2 6.3c-.2.2-.3.4-.3.7s.1.5.3.7c.2.2.4.3.7.3h11c.3 0 .5-.1.7-.3.2-.2.3-.5.3-.7s-.1-.5-.3-.7zM5.8 14.7l6.2 6.3 6.2-6.3c.2-.2.3-.5.3-.7s-.1-.5-.3-.7c-.2-.2-.4-.3-.7-.3h-11c-.3 0-.5.1-.7.3-.2.2-.3.5-.3.7s.1.5.3.7z\"\/><\/svg><\/span><\/span><\/span><\/a><\/span><\/div>\n<nav><ul class='ez-toc-list ez-toc-list-level-1 ' ><li class='ez-toc-page-1 ez-toc-heading-level-2'><a class=\"ez-toc-link ez-toc-heading-1\" href=\"https:\/\/www.grupomedcof.com.br\/blog\/usp-sp-2024-2025-ultimo-dia-para-se-inscrever\/#Inscricoes_USP-SP_20242025\" >Inscri\u00e7\u00f5es USP-SP 2024\/2025<\/a><\/li><li class='ez-toc-page-1 ez-toc-heading-level-2'><a class=\"ez-toc-link ez-toc-heading-2\" href=\"https:\/\/www.grupomedcof.com.br\/blog\/usp-sp-2024-2025-ultimo-dia-para-se-inscrever\/#Edital_USP-SP_20242025\" >Edital USP-SP 2024\/2025<\/a><\/li><li class='ez-toc-page-1 ez-toc-heading-level-2'><a class=\"ez-toc-link ez-toc-heading-3\" href=\"https:\/\/www.grupomedcof.com.br\/blog\/usp-sp-2024-2025-ultimo-dia-para-se-inscrever\/#Relembre_como_sera_o_Processo_Seletivo\" >Relembre como ser\u00e1 o Processo Seletivo<\/a><\/li><li class='ez-toc-page-1 ez-toc-heading-level-2'><a class=\"ez-toc-link ez-toc-heading-4\" href=\"https:\/\/www.grupomedcof.com.br\/blog\/usp-sp-2024-2025-ultimo-dia-para-se-inscrever\/#Vagas_ofertadas\" >Vagas ofertadas<\/a><ul class='ez-toc-list-level-3' ><li class='ez-toc-heading-level-3'><a class=\"ez-toc-link ez-toc-heading-5\" href=\"https:\/\/www.grupomedcof.com.br\/blog\/usp-sp-2024-2025-ultimo-dia-para-se-inscrever\/#Acesso_Direto\" >Acesso Direto<\/a><\/li><li class='ez-toc-page-1 ez-toc-heading-level-3'><a class=\"ez-toc-link ez-toc-heading-6\" href=\"https:\/\/www.grupomedcof.com.br\/blog\/usp-sp-2024-2025-ultimo-dia-para-se-inscrever\/#Especialidades_Clinicas\" >Especialidades Cl\u00ednicas<\/a><\/li><li class='ez-toc-page-1 ez-toc-heading-level-3'><a class=\"ez-toc-link ez-toc-heading-7\" href=\"https:\/\/www.grupomedcof.com.br\/blog\/usp-sp-2024-2025-ultimo-dia-para-se-inscrever\/#Especialidades_Cirurgicas\" >Especialidades Cir\u00fargicas<\/a><\/li><li class='ez-toc-page-1 ez-toc-heading-level-3'><a class=\"ez-toc-link ez-toc-heading-8\" href=\"https:\/\/www.grupomedcof.com.br\/blog\/usp-sp-2024-2025-ultimo-dia-para-se-inscrever\/#Areas_de_atuacao_e_Anos_adicionais\" >\u00c1reas de atua\u00e7\u00e3o e Anos adicionais<\/a><\/li><li class='ez-toc-page-1 ez-toc-heading-level-3'><a class=\"ez-toc-link ez-toc-heading-9\" href=\"https:\/\/www.grupomedcof.com.br\/blog\/usp-sp-2024-2025-ultimo-dia-para-se-inscrever\/#Especialidades_Pediatricas\" >Especialidades Pedi\u00e1tricas<\/a><\/li><li class='ez-toc-page-1 ez-toc-heading-level-3'><a class=\"ez-toc-link ez-toc-heading-10\" href=\"https:\/\/www.grupomedcof.com.br\/blog\/usp-sp-2024-2025-ultimo-dia-para-se-inscrever\/#Outras\" >Outras<\/a><\/li><\/ul><\/li><li class='ez-toc-page-1 ez-toc-heading-level-2'><a class=\"ez-toc-link ez-toc-heading-11\" href=\"https:\/\/www.grupomedcof.com.br\/blog\/usp-sp-2024-2025-ultimo-dia-para-se-inscrever\/#Cronograma_USP-SP_20242025\" >Cronograma USP-SP 2024\/2025<\/a><\/li><li class='ez-toc-page-1 ez-toc-heading-level-2'><a class=\"ez-toc-link ez-toc-heading-12\" href=\"https:\/\/www.grupomedcof.com.br\/blog\/usp-sp-2024-2025-ultimo-dia-para-se-inscrever\/#Conquiste_a_aprovacao\" >Conquiste a aprova\u00e7\u00e3o<\/a><\/li><\/ul><\/nav><\/div>\n\n<figure class=\"wp-block-image size-large\"><img loading=\"lazy\" decoding=\"async\" width=\"1024\" height=\"576\" src=\"https:\/\/www.grupomedcof.com.br\/blog\/wp-content\/uploads\/2024\/11\/Modelo-instituicoes-41-1024x576.png\" alt=\"\" class=\"wp-image-31305\" srcset=\"https:\/\/www.grupomedcof.com.br\/blog\/wp-content\/uploads\/2024\/11\/Modelo-instituicoes-41-1024x576.png 1024w, https:\/\/www.grupomedcof.com.br\/blog\/wp-content\/uploads\/2024\/11\/Modelo-instituicoes-41-300x169.png 300w, https:\/\/www.grupomedcof.com.br\/blog\/wp-content\/uploads\/2024\/11\/Modelo-instituicoes-41-768x432.png 768w, https:\/\/www.grupomedcof.com.br\/blog\/wp-content\/uploads\/2024\/11\/Modelo-instituicoes-41-1536x864.png 1536w, https:\/\/www.grupomedcof.com.br\/blog\/wp-content\/uploads\/2024\/11\/Modelo-instituicoes-41-2048x1152.png 2048w, https:\/\/www.grupomedcof.com.br\/blog\/wp-content\/uploads\/2024\/11\/Modelo-instituicoes-41-747x420.png 747w, https:\/\/www.grupomedcof.com.br\/blog\/wp-content\/uploads\/2024\/11\/Modelo-instituicoes-41-150x84.png 150w, https:\/\/www.grupomedcof.com.br\/blog\/wp-content\/uploads\/2024\/11\/Modelo-instituicoes-41-696x392.png 696w, https:\/\/www.grupomedcof.com.br\/blog\/wp-content\/uploads\/2024\/11\/Modelo-instituicoes-41-1068x601.png 1068w, https:\/\/www.grupomedcof.com.br\/blog\/wp-content\/uploads\/2024\/11\/Modelo-instituicoes-41-1920x1080.png 1920w\" sizes=\"auto, (max-width: 1024px) 100vw, 1024px\" \/><\/figure>\n\n\n\n<p>Est\u00e1 se preparando para a <strong>prova de resid\u00eancia m\u00e9dica da Universidade de S\u00e3o Paulo<\/strong>? Ent\u00e3o fique atento, pois hoje, dia <strong>05 de novembro<\/strong>, \u00e9 o <strong>\u00faltimo dia para se inscrever! <\/strong>Veja os detalhes!<\/p>\n\n\n\n<h2 class=\"wp-block-heading\" id=\"h-inscricoes-usp-sp-2024-2025\"><span class=\"ez-toc-section\" id=\"Inscricoes_USP-SP_20242025\"><\/span><strong>Inscri\u00e7\u00f5es USP-SP 2024\/2025<\/strong><span class=\"ez-toc-section-end\"><\/span><\/h2>\n\n\n\n<p>Conforme edital divulgado, a USP-SP abriu suas inscri\u00e7\u00f5es no dia <strong>17 de outubro de 2024<\/strong>, a partir do meio-dia. Assim, as inscri\u00e7\u00f5es se <strong>encerram hoje<\/strong>, dia <strong>05 de novembro de 2024, <\/strong>tamb\u00e9m <strong>ao meio-dia!<\/strong><\/p>\n\n\n\n<h2 class=\"wp-block-heading\" id=\"h-edital-usp-sp-2024-2025\"><span class=\"ez-toc-section\" id=\"Edital_USP-SP_20242025\"><\/span><strong>Edital USP-SP 2024\/2025<\/strong><span class=\"ez-toc-section-end\"><\/span><\/h2>\n\n\n\n<p>O edital da USP-SP foi divulgado no dia<strong> 30 de setembro de 2024<\/strong>, atrav\u00e9s do site da <strong>Fuvest<\/strong>. Veja:<\/p>\n\n\n\n<div data-wp-interactive=\"core\/file\" class=\"wp-block-file\"><object data-wp-bind--hidden=\"!state.hasPdfPreview\" hidden class=\"wp-block-file__embed\" data=\"https:\/\/www.grupomedcof.com.br\/blog\/wp-content\/uploads\/2024\/11\/Edital-USP-SP-2025.pdf\" type=\"application\/pdf\" style=\"width:100%;height:600px\" aria-label=\"Incorporado de Edital-USP-SP-2025.\"><\/object><a id=\"wp-block-file--media-a726b725-3029-454e-bb43-1eb6c904d870\" href=\"https:\/\/www.grupomedcof.com.br\/blog\/wp-content\/uploads\/2024\/11\/Edital-USP-SP-2025.pdf\">Edital-USP-SP-2025<\/a><a href=\"https:\/\/www.grupomedcof.com.br\/blog\/wp-content\/uploads\/2024\/11\/Edital-USP-SP-2025.pdf\" class=\"wp-block-file__button wp-element-button\" download aria-describedby=\"wp-block-file--media-a726b725-3029-454e-bb43-1eb6c904d870\">Baixar<\/a><\/div>\n\n\n\n<h2 class=\"wp-block-heading\" id=\"h-relembre-como-sera-o-processo-seletivo\"><span class=\"ez-toc-section\" id=\"Relembre_como_sera_o_Processo_Seletivo\"><\/span><strong>Relembre como ser\u00e1 o Processo Seletivo<\/strong><span class=\"ez-toc-section-end\"><\/span><\/h2>\n\n\n\n<p>A sele\u00e7\u00e3o ter\u00e1 duas etapas: a prova objetiva e a an\u00e1lise curricular. A prova acontecer\u00e1 no dia <strong>01 de dezembro de 2024<\/strong>, \u00e0s 13h (hor\u00e1rio de Bras\u00edlia) e a para participar da an\u00e1lise curricular, os candidatos dever\u00e3o enviar o documento durante o per\u00edodo de <strong>20 de dezembro de 2024 e 06 de janeiro de 2025<\/strong>. Desse modo, os documentos ser\u00e3o analisados do dia <strong>10 a 20 de janeiro de 2025.<\/strong> Confira <a href=\"https:\/\/www.grupomedcof.com.br\/blog\/edital-residencia-medica-usp-sp\/\" target=\"_blank\" rel=\"noreferrer noopener\">mais detalhes.<\/a><\/p>\n\n\n\n<figure class=\"wp-block-image size-large\"><a href=\"https:\/\/www.grupomedcof.com.br\/cofletters\/\"><img loading=\"lazy\" decoding=\"async\" width=\"1024\" height=\"366\" src=\"https:\/\/www.grupomedcof.com.br\/blog\/wp-content\/uploads\/2024\/10\/Capa-Eventos-MedCof-Plus-1-1024x366.png\" alt=\"\" class=\"wp-image-30896\" srcset=\"https:\/\/www.grupomedcof.com.br\/blog\/wp-content\/uploads\/2024\/10\/Capa-Eventos-MedCof-Plus-1-1024x366.png 1024w, https:\/\/www.grupomedcof.com.br\/blog\/wp-content\/uploads\/2024\/10\/Capa-Eventos-MedCof-Plus-1-300x107.png 300w, https:\/\/www.grupomedcof.com.br\/blog\/wp-content\/uploads\/2024\/10\/Capa-Eventos-MedCof-Plus-1-768x275.png 768w, https:\/\/www.grupomedcof.com.br\/blog\/wp-content\/uploads\/2024\/10\/Capa-Eventos-MedCof-Plus-1-1536x549.png 1536w, https:\/\/www.grupomedcof.com.br\/blog\/wp-content\/uploads\/2024\/10\/Capa-Eventos-MedCof-Plus-1-2048x732.png 2048w, https:\/\/www.grupomedcof.com.br\/blog\/wp-content\/uploads\/2024\/10\/Capa-Eventos-MedCof-Plus-1-1175x420.png 1175w, https:\/\/www.grupomedcof.com.br\/blog\/wp-content\/uploads\/2024\/10\/Capa-Eventos-MedCof-Plus-1-150x54.png 150w, https:\/\/www.grupomedcof.com.br\/blog\/wp-content\/uploads\/2024\/10\/Capa-Eventos-MedCof-Plus-1-696x249.png 696w, https:\/\/www.grupomedcof.com.br\/blog\/wp-content\/uploads\/2024\/10\/Capa-Eventos-MedCof-Plus-1-1068x382.png 1068w, https:\/\/www.grupomedcof.com.br\/blog\/wp-content\/uploads\/2024\/10\/Capa-Eventos-MedCof-Plus-1-1920x686.png 1920w\" sizes=\"auto, (max-width: 1024px) 100vw, 1024px\" \/><\/a><\/figure>\n\n\n\n<h2 class=\"wp-block-heading\" id=\"vagas-ofertadas\"><span class=\"ez-toc-section\" id=\"Vagas_ofertadas\"><\/span><strong>Vagas ofertadas<\/strong><span class=\"ez-toc-section-end\"><\/span><\/h2>\n\n\n\n<h3 class=\"wp-block-heading\" id=\"acesso-direto\"><span class=\"ez-toc-section\" id=\"Acesso_Direto\"><\/span><strong>Acesso Direto<\/strong><span class=\"ez-toc-section-end\"><\/span><\/h3>\n\n\n\n<figure class=\"wp-block-table\"><table class=\"has-fixed-layout\"><tbody><tr><td><strong>Especialidades<\/strong><\/td><td><strong>Vagas<\/strong>&nbsp;<strong>ofertadas<\/strong><\/td><td><strong>Retorno das For\u00e7as Armadas<\/strong><\/td><\/tr><tr><td>Acupuntura<\/td><td>02<\/td><td>\u2013<\/td><\/tr><tr><td>Anestesiologia<\/td><td>33<\/td><td>02<\/td><\/tr><tr><td>Cirurgia Cardiovascular<\/td><td>03<\/td><td>03<\/td><\/tr><tr><td>Cirurgia Geral<\/td><td>24<\/td><td>\u2013<\/td><\/tr><tr><td>Cl\u00ednica M\u00e9dica<\/td><td>57<\/td><td>\u2013<\/td><\/tr><tr><td>Dermatologia<\/td><td>10<\/td><td>\u2013<\/td><\/tr><tr><td>Gen\u00e9tica M\u00e9dica<\/td><td>05<\/td><td>\u2013<\/td><\/tr><tr><td>Infectologia<\/td><td>06<\/td><td>02<\/td><\/tr><tr><td>Medicina de Emerg\u00eancia<\/td><td>22<\/td><td>02<\/td><\/tr><tr><td>Medicina de Fam\u00edlia e Comunidade<\/td><td>10<\/td><td>\u2013<\/td><\/tr><tr><td>Medicina do Trabalho<\/td><td>02<\/td><td>\u2013<\/td><\/tr><tr><td>Medicina Esportiva<\/td><td>06<\/td><td>\u2013<\/td><\/tr><tr><td>Medicina F\u00edsica e Reabilita\u00e7\u00e3o<\/td><td>10<\/td><td>\u2013<\/td><\/tr><tr><td>Medicina Intensiva<\/td><td>10<\/td><td>\u2013<\/td><\/tr><tr><td>Medicina Legal e Per\u00edcia M\u00e9dica<\/td><td>05<\/td><td>\u2013<\/td><\/tr><tr><td>Medicina Nuclear<\/td><td>04<\/td><td>01<\/td><\/tr><tr><td>Medicina Preventiva e Social<\/td><td>05<\/td><td>\u2013<\/td><\/tr><tr><td>Neurocirurgia<\/td><td>05<\/td><td>01<\/td><\/tr><tr><td>Neurologia<\/td><td>09<\/td><td>03<\/td><\/tr><tr><td>Obstetr\u00edcia e Ginecologia<\/td><td>16<\/td><td>\u2013<\/td><\/tr><tr><td>Oftalmologia<\/td><td>14<\/td><td>\u2013<\/td><\/tr><tr><td>Ortopedia e Traumatologia<\/td><td>16<\/td><td>02<\/td><\/tr><tr><td>Otorrinolaringologia<\/td><td>04<\/td><td>\u2013<\/td><\/tr><tr><td>Patologia<\/td><td>09<\/td><td>\u2013<\/td><\/tr><tr><td>Patologia Cl\u00ednica\/Medicina<br>Laboratorial<\/td><td>02<\/td><td>\u2013<\/td><\/tr><tr><td>Pediatria<\/td><td>38<\/td><td>02<\/td><\/tr><tr><td>Psiquiatria<\/td><td>20<\/td><td>\u2013<\/td><\/tr><tr><td>Radiologia e Diagn\u00f3stico por<br>Imagem<\/td><td>24<\/td><td>\u2013<\/td><\/tr><tr><td>Radioterapia<\/td><td>05<\/td><td>\u2013<\/td><\/tr><\/tbody><\/table><\/figure>\n\n\n\n<h3 class=\"wp-block-heading\" id=\"especialidades-cl\u00ednicas\"><span class=\"ez-toc-section\" id=\"Especialidades_Clinicas\"><\/span><strong>Especialidades Cl\u00ednicas<\/strong><span class=\"ez-toc-section-end\"><\/span><\/h3>\n\n\n\n<figure class=\"wp-block-table\"><table class=\"has-fixed-layout\"><tbody><tr><td><strong>Especialidades<\/strong><\/td><td><strong>Vagas<\/strong><\/td><\/tr><tr><td>Alergia e Imunologia<\/td><td>04<\/td><\/tr><tr><td>Cardiologia<\/td><td>52<\/td><\/tr><tr><td>Endocrinologia<\/td><td>10<\/td><\/tr><tr><td>Gastroenterologia<\/td><td>08<\/td><\/tr><tr><td>Geriatria<\/td><td>16<\/td><\/tr><tr><td>Hematologia e Hemoterapia<\/td><td>12<\/td><\/tr><tr><td>Nefrologia<\/td><td>12<\/td><\/tr><tr><td>Oncologia Cl\u00ednica<\/td><td>14<\/td><\/tr><tr><td>Pneumologia<\/td><td>09<\/td><\/tr><tr><td>Reumatologia<\/td><td>12<\/td><\/tr><\/tbody><\/table><\/figure>\n\n\n\n<h3 class=\"wp-block-heading\" id=\"especialidades-cir\u00fargicas\"><span class=\"ez-toc-section\" id=\"Especialidades_Cirurgicas\"><\/span><strong>Especialidades Cir\u00fargicas<\/strong><span class=\"ez-toc-section-end\"><\/span><\/h3>\n\n\n\n<figure class=\"wp-block-table\"><table class=\"has-fixed-layout\"><tbody><tr><td><strong>Especialidades<\/strong><\/td><td><strong>Vagas<\/strong><\/td><\/tr><tr><td>Cirurgia do Aparelho Digestivo<\/td><td>07<\/td><\/tr><tr><td>Cirurgia Pedi\u00e1trica<\/td><td>02<\/td><\/tr><tr><td>Cirurgia Pl\u00e1stica<\/td><td>07<\/td><\/tr><tr><td>Cirurgia Tor\u00e1cica<\/td><td>06<\/td><\/tr><tr><td>Cirurgia Vascular<\/td><td>04<\/td><\/tr><tr><td>Coloproctologia<\/td><td>01<\/td><\/tr><tr><td>Urologia<\/td><td>05<\/td><\/tr><\/tbody><\/table><\/figure>\n\n\n\n<h3 class=\"wp-block-heading\" id=\"\u00e1reas-de-atua\u00e7\u00e3o-e-anos-adicionais\"><span class=\"ez-toc-section\" id=\"Areas_de_atuacao_e_Anos_adicionais\"><\/span><strong>\u00c1reas de atua\u00e7\u00e3o e Anos adicionais<\/strong><span class=\"ez-toc-section-end\"><\/span><\/h3>\n\n\n\n<figure class=\"wp-block-table\"><table class=\"has-fixed-layout\"><tbody><tr><td><strong>Especialidades<\/strong><\/td><td><strong>Vagas<\/strong><\/td><\/tr><tr><td>Alergia e Imunologia \u2013 AA<\/td><td>02<\/td><\/tr><tr><td>Cirurgia Geral \u2013 Programa<br>Avan\u00e7ado<\/td><td>02<\/td><\/tr><tr><td>Cirurgia Videolaparosc\u00f3pica<\/td><td>01<\/td><\/tr><tr><td>Cl\u00ednica M\u00e9dica \u2013 AA<\/td><td>10<\/td><\/tr><tr><td>Dor<\/td><td>06<\/td><\/tr><tr><td>Eletrofisiologia Clinica Invasiva<\/td><td>01<\/td><\/tr><tr><td>Endocrinologia e Metabologia \u2013<br>AA<\/td><td>01<\/td><\/tr><tr><td>Endoscopia Digestiva<\/td><td>04<\/td><\/tr><tr><td>Endoscopia Ginecol\u00f3gica<\/td><td>02<\/td><\/tr><tr><td>Hemodin\u00e2mica e Cardiologia<br>Intervencionista<\/td><td>05<\/td><\/tr><tr><td>Hepatologia<\/td><td>03<\/td><\/tr><tr><td>Medicina do Sono<\/td><td>06<\/td><\/tr><tr><td>Medicina Fetal<\/td><td>04<\/td><\/tr><tr><td>Medicina Nuclear \u2013 AA<\/td><td>06<\/td><\/tr><tr><td>Medicina Paliativa<\/td><td>08<\/td><\/tr><tr><td>Medicina Tropical<\/td><td>04<\/td><\/tr><tr><td>Neurofisiologia Cl\u00ednica<\/td><td>02<\/td><\/tr><tr><td>Neurorradiologia<\/td><td>01<\/td><\/tr><tr><td>Obstetr\u00edcia e Ginecologia-AA<\/td><td>03<\/td><\/tr><tr><td>Patologia Cl\u00ednica\/Medicina<br>Laboratorial -AA<\/td><td>01<\/td><\/tr><tr><td>Psicogeriatria<\/td><td>04<\/td><\/tr><tr><td>Psicoterapia<\/td><td>02<\/td><\/tr><tr><td>Psiquiatria -AA<\/td><td>02<\/td><\/tr><tr><td>Psiquiatria da Inf\u00e2ncia e da<br>Adolesc\u00eancia<\/td><td>06<\/td><\/tr><tr><td>Psiquiatria Forense<\/td><td>02<\/td><\/tr><tr><td>Transplante de Cora\u00e7\u00e3o \u2013<br>Cardiologia<\/td><td>03<\/td><\/tr><tr><td>Transplante de Cora\u00e7\u00e3o \u2013 Cir.<br>Cardiovascular<\/td><td>02<\/td><\/tr><tr><td>Transplante de C\u00f3rnea \u2013<br>Oftalmologia<\/td><td>05<\/td><\/tr><tr><td>Transplante de F\u00edgado \u2013 Cirurgia<br>Pedi\u00e1trica<\/td><td>01<\/td><\/tr><tr><td>Transplante de F\u00edgado \u2013<br>Gastroenterologia<\/td><td>02<\/td><\/tr><tr><td>Transplante de F\u00edgado _ Cir.do<br>Aparelho Digestivo<\/td><td>02<\/td><\/tr><tr><td>Transplante de Medula \u00d3ssea \u2013<br>Hematologia e Hemoterapia<\/td><td>02<\/td><\/tr><tr><td>Transplante de P\u00e2ncreas \u2013 Cir.do<br>Aparelho Digestivo<\/td><td>01<\/td><\/tr><tr><td>Transplante de Pulm\u00e3o \u2013<br>Cirurgia Tor\u00e1cica<\/td><td>01<\/td><\/tr><tr><td>Transplante de Pulm\u00e3o \u2013<br>Pneumologia<\/td><td>01<\/td><\/tr><tr><td>Transplante de Rim \u2013 Nefrologia<\/td><td>02<\/td><\/tr><tr><td>Transplante de Rim \u2013 Urologia<\/td><td>02<\/td><\/tr><\/tbody><\/table><\/figure>\n\n\n\n<h3 class=\"wp-block-heading\" id=\"especialidades-pedi\u00e1tricas\"><span class=\"ez-toc-section\" id=\"Especialidades_Pediatricas\"><\/span><strong>Especialidades Pedi\u00e1tricas<\/strong><span class=\"ez-toc-section-end\"><\/span><\/h3>\n\n\n\n<figure class=\"wp-block-table\"><table class=\"has-fixed-layout\"><tbody><tr><td><strong>Especialidades<\/strong><\/td><td><strong>Vagas<\/strong><\/td><\/tr><tr><td>Alergia e Imunologia Pedi\u00e1trica<\/td><td>02<\/td><\/tr><tr><td>Cardiologia Pedi\u00e1trica<\/td><td>12<\/td><\/tr><tr><td>Emerg\u00eancia Pedi\u00e1trica<\/td><td>05<\/td><\/tr><tr><td>Endocrinologia Pedi\u00e1trica<\/td><td>02<\/td><\/tr><tr><td>Gastroenterologia Pedi\u00e1trica<\/td><td>02<\/td><\/tr><tr><td>Hematologia \u2013 Hemoterapia<br>Pedi\u00e1trica<\/td><td>02<\/td><\/tr><tr><td>Infectologia Pedi\u00e1trica<\/td><td>03<\/td><\/tr><tr><td>Medicina do Adolescente<\/td><td>01<\/td><\/tr><tr><td>Medicina Intensiva Pedi\u00e1trica<\/td><td>08<\/td><\/tr><tr><td>Nefrologia Pedi\u00e1trica<\/td><td>07<\/td><\/tr><tr><td>Neonatologia<\/td><td>20<\/td><\/tr><tr><td>Neurologia Pedi\u00e1trica<\/td><td>05<\/td><\/tr><tr><td>Nutrologia Pedi\u00e1trica<\/td><td>01<\/td><\/tr><tr><td>Oncologia Pedi\u00e1trica<\/td><td>04<\/td><\/tr><tr><td>Pediatria \u2013 AA<\/td><td>02<\/td><\/tr><tr><td>Pneumologia Pedi\u00e1trica<\/td><td>03<\/td><\/tr><tr><td>Reumatologia Pedi\u00e1trica<\/td><td>02<\/td><\/tr><tr><td>Transplante de Rim \u2013 Pediatria<\/td><td>02<\/td><\/tr><\/tbody><\/table><\/figure>\n\n\n\n<h3 class=\"wp-block-heading\" id=\"outras\"><span class=\"ez-toc-section\" id=\"Outras\"><\/span><strong>Outras<\/strong><span class=\"ez-toc-section-end\"><\/span><\/h3>\n\n\n\n<figure class=\"wp-block-table\"><table class=\"has-fixed-layout\"><tbody><tr><td><strong>Especialidades<\/strong><\/td><td><strong>Vagas<\/strong><\/td><\/tr><tr><td>Cirurgia da M\u00e3o<\/td><td>04<\/td><\/tr><tr><td>Cirurgia de Cabe\u00e7a e Pesco\u00e7o<\/td><td>05<\/td><\/tr><tr><td>Endoscopia<\/td><td>08<\/td><\/tr><tr><td>Mastologia<\/td><td>05<\/td><\/tr><tr><td>Nutrologia<\/td><td>02<\/td><\/tr><\/tbody><\/table><\/figure>\n\n\n\n<div class=\"wp-block-group\"><div class=\"wp-block-group__inner-container is-layout-constrained wp-block-group-is-layout-constrained\">\n<h2 class=\"wp-block-heading\" id=\"h-cronograma-usp-sp-2024-2025\"><span class=\"ez-toc-section\" id=\"Cronograma_USP-SP_20242025\"><\/span><strong>Cronograma USP-SP 2024\/2025<\/strong><span class=\"ez-toc-section-end\"><\/span><\/h2>\n\n\n\n<figure class=\"wp-block-table\"><table class=\"has-fixed-layout\"><tbody><tr><td><strong>Solicita\u00e7\u00e3o de Isen\u00e7\u00e3o<\/strong><\/td><td>das 07\/10, \u00e0s 12h at\u00e9 08\/10\/2024, \u00e0s 12h<\/td><\/tr><tr><td><strong>Inscri\u00e7\u00f5es<\/strong><\/td><td>das 17\/10, \u00e0s 12h at\u00e9 05\/11\/2024, \u00e0s 12h<\/td><\/tr><tr><td><strong>Locais de prova<\/strong><\/td><td>20\/11\/2024<\/td><\/tr><tr><td><strong>Aplica\u00e7\u00e3o da prova objetiva<\/strong><\/td><td>01\/12\/2024<\/td><\/tr><tr><td><strong>Gabarito<\/strong><\/td><td>01\/12\/2024, ap\u00f3s \u00e0s 19h30<\/td><\/tr><tr><td><strong>Recursos<\/strong><\/td><td>At\u00e9 o dia 05\/12, \u00e0s 12h<\/td><\/tr><tr><td><strong>Resultado preliminar 1\u00aa fase<\/strong><\/td><td>13\/12\/2024<\/td><\/tr><tr><td><strong>Recursos contra a nota<\/strong><\/td><td>At\u00e9 17\/12\/2024, \u00e0s 12h<\/td><\/tr><tr><td><strong>Resultado da prova e Convoca\u00e7\u00e3o da segunda fase<\/strong><\/td><td>20\/12\/2024<\/td><\/tr><tr><td><strong>Envio do curr\u00edculo<\/strong><\/td><td>20\/12\/2024 a 06\/01\/2025, \u00e0s 12h<\/td><\/tr><tr><td><strong>Avalia\u00e7\u00e3o curricular<\/strong><\/td><td>10 a 20\/01\/2025<\/td><\/tr><tr><td><strong>Nota da 2\u00aa fase<\/strong><\/td><td>28\/01\/2025<\/td><\/tr><tr><td><strong>Convoca\u00e7\u00e3o para matr\u00edculas<\/strong><\/td><td>10\/02\/2025<\/td><\/tr><tr><td><strong>Matr\u00edculas online<\/strong><\/td><td>10 a 13\/02\/2025<\/td><\/tr><tr><td><strong>In\u00edcio dos programas<\/strong><\/td><td>01\/03\/2025<\/td><\/tr><\/tbody><\/table><\/figure>\n<\/div><\/div>\n\n\n\n<h2 class=\"wp-block-heading\" id=\"conquiste-a-aprova\u00e7\u00e3o\"><span class=\"ez-toc-section\" id=\"Conquiste_a_aprovacao\"><\/span><strong>Conquiste a aprova\u00e7\u00e3o<\/strong><span class=\"ez-toc-section-end\"><\/span><\/h2>\n\n\n\n<p>As provas de resid\u00eancia est\u00e3o cada vez mais perto! Se voc\u00ea<strong><a href=\"https:\/\/www.grupomedcof.com.br\/blog\/presenca-da-medcof-nas-aprovacoes-em-residencia-medica-no-brasil\/\" target=\"_blank\" rel=\"noreferrer noopener\">&nbsp;quer&nbsp;ser mais&nbsp;um aprovado<\/a>&nbsp;<\/strong>nas melhores resid\u00eancias m\u00e9dicas do pa\u00eds, ent\u00e3o conhe\u00e7a o<a href=\"https:\/\/www.grupomedcof.com.br\/\" target=\"_blank\" rel=\"noreferrer noopener\">&nbsp;<strong>Grupo&nbsp;MedCof<\/strong><\/a><strong>!<\/strong>&nbsp;Temos um cat\u00e1logo repleto de cursos que te guiar\u00e3o na jornada para as provas de Resid\u00eancia M\u00e9dica que ocorrer\u00e3o em 2024\/2025!<\/p>\n\n\n\n<figure class=\"wp-block-embed is-type-video is-provider-youtube wp-block-embed-youtube wp-embed-aspect-16-9 wp-has-aspect-ratio\"><div class=\"wp-block-embed__wrapper\">\nhttps:\/\/www.youtube.com\/watch?v=EDYTVLVuF34&#038;t=5s\n<\/div><\/figure>\n","protected":false},"excerpt":{"rendered":"<p>Hoje, dia 05 de novembro, \u00e9 o \u00faltimo dia para se inscrever para o processo seletivo da USP-SP! Veja os detalhes!<\/p>\n","protected":false},"author":20,"featured_media":31305,"comment_status":"open","ping_status":"open","sticky":false,"template":"","format":"standard","meta":{"footnotes":""},"categories":[287,174],"tags":[1441,15,13,2228,2227],"ppma_author":[3616],"class_list":{"0":"post-31302","1":"post","2":"type-post","3":"status-publish","4":"format-standard","5":"has-post-thumbnail","7":"category-destaques-medcof","8":"category-residencia-medica","9":"tag-inscricoes","10":"tag-usp","11":"tag-usp-sp","12":"tag-usp-sp-2025","13":"tag-usp-sp-edital"},"yoast_head":"<!-- This site is optimized with the Yoast SEO Premium plugin v24.3 (Yoast SEO v27.4) - https:\/\/yoast.com\/product\/yoast-seo-premium-wordpress\/ -->\n<title>USP-SP 2024\/2025: \u00faltimo dia para se inscrever! - Blog de Medcof: conte\u00fados, editais, revalida e mais!<\/title>\n<meta name=\"description\" content=\"Hoje, dia 05 de novembro, \u00e9 o \u00faltimo dia para se inscrever para o processo seletivo da USP-SP! Veja os detalhes!\" \/>\n<meta name=\"robots\" content=\"index, follow, max-snippet:-1, max-image-preview:large, max-video-preview:-1\" \/>\n<link rel=\"canonical\" href=\"https:\/\/www.grupomedcof.com.br\/blog\/usp-sp-2024-2025-ultimo-dia-para-se-inscrever\/\" \/>\n<meta property=\"og:locale\" content=\"pt_BR\" \/>\n<meta property=\"og:type\" content=\"article\" \/>\n<meta property=\"og:title\" content=\"USP-SP 2024\/2025: \u00faltimo dia para se inscrever!\" \/>\n<meta property=\"og:description\" content=\"Hoje, dia 05 de novembro, \u00e9 o \u00faltimo dia para se inscrever para o processo seletivo da USP-SP! Veja os detalhes!\" \/>\n<meta property=\"og:url\" content=\"https:\/\/www.grupomedcof.com.br\/blog\/usp-sp-2024-2025-ultimo-dia-para-se-inscrever\/\" \/>\n<meta property=\"og:site_name\" content=\"Blog de Medcof: conte\u00fados, editais, revalida e mais!\" \/>\n<meta property=\"article:publisher\" content=\"https:\/\/www.facebook.com\/MedCofQbank\/\" \/>\n<meta property=\"article:published_time\" content=\"2024-11-05T12:12:16+00:00\" \/>\n<meta property=\"article:modified_time\" content=\"2024-11-05T12:12:18+00:00\" \/>\n<meta property=\"og:image\" content=\"https:\/\/www.grupomedcof.com.br\/blog\/wp-content\/uploads\/2024\/11\/Modelo-instituicoes-41.png\" \/>\n\t<meta property=\"og:image:width\" content=\"2560\" \/>\n\t<meta property=\"og:image:height\" content=\"1440\" \/>\n\t<meta property=\"og:image:type\" content=\"image\/png\" \/>\n<meta name=\"author\" content=\"Leila Menzel\" \/>\n<meta name=\"twitter:card\" content=\"summary_large_image\" \/>\n<meta name=\"twitter:label1\" content=\"Escrito por\" \/>\n\t<meta name=\"twitter:data1\" content=\"Leila Menzel\" \/>\n\t<meta name=\"twitter:label2\" content=\"Est. tempo de leitura\" \/>\n\t<meta name=\"twitter:data2\" content=\"5 minutos\" \/>\n<script type=\"application\/ld+json\" class=\"yoast-schema-graph\">{\"@context\":\"https:\\\/\\\/schema.org\",\"@graph\":[{\"@type\":\"Article\",\"@id\":\"https:\\\/\\\/www.grupomedcof.com.br\\\/blog\\\/usp-sp-2024-2025-ultimo-dia-para-se-inscrever\\\/#article\",\"isPartOf\":{\"@id\":\"https:\\\/\\\/www.grupomedcof.com.br\\\/blog\\\/usp-sp-2024-2025-ultimo-dia-para-se-inscrever\\\/\"},\"author\":{\"name\":\"Leila Menzel\",\"@id\":\"https:\\\/\\\/www.grupomedcof.com.br\\\/blog\\\/#\\\/schema\\\/person\\\/9a44c2184a836bf5ae6967fdb3a1451e\"},\"headline\":\"USP-SP 2024\\\/2025: \u00faltimo dia para se inscrever!\",\"datePublished\":\"2024-11-05T12:12:16+00:00\",\"dateModified\":\"2024-11-05T12:12:18+00:00\",\"mainEntityOfPage\":{\"@id\":\"https:\\\/\\\/www.grupomedcof.com.br\\\/blog\\\/usp-sp-2024-2025-ultimo-dia-para-se-inscrever\\\/\"},\"wordCount\":702,\"commentCount\":0,\"publisher\":{\"@id\":\"https:\\\/\\\/www.grupomedcof.com.br\\\/blog\\\/#organization\"},\"image\":{\"@id\":\"https:\\\/\\\/www.grupomedcof.com.br\\\/blog\\\/usp-sp-2024-2025-ultimo-dia-para-se-inscrever\\\/#primaryimage\"},\"thumbnailUrl\":\"https:\\\/\\\/www.grupomedcof.com.br\\\/blog\\\/wp-content\\\/uploads\\\/2024\\\/11\\\/Modelo-instituicoes-41.png\",\"keywords\":[\"inscri\u00e7\u00f5es\",\"USP\",\"USP-SP\",\"USP-SP 2025\",\"USP-SP edital\"],\"articleSection\":[\"Destaques MedCof\",\"Resid\u00eancia m\u00e9dica: editais, resultados, temas quentes e mais\"],\"inLanguage\":\"pt-BR\"},{\"@type\":\"WebPage\",\"@id\":\"https:\\\/\\\/www.grupomedcof.com.br\\\/blog\\\/usp-sp-2024-2025-ultimo-dia-para-se-inscrever\\\/\",\"url\":\"https:\\\/\\\/www.grupomedcof.com.br\\\/blog\\\/usp-sp-2024-2025-ultimo-dia-para-se-inscrever\\\/\",\"name\":\"USP-SP 2024\\\/2025: \u00faltimo dia para se inscrever! - Blog de Medcof: conte\u00fados, editais, revalida e mais!\",\"isPartOf\":{\"@id\":\"https:\\\/\\\/www.grupomedcof.com.br\\\/blog\\\/#website\"},\"primaryImageOfPage\":{\"@id\":\"https:\\\/\\\/www.grupomedcof.com.br\\\/blog\\\/usp-sp-2024-2025-ultimo-dia-para-se-inscrever\\\/#primaryimage\"},\"image\":{\"@id\":\"https:\\\/\\\/www.grupomedcof.com.br\\\/blog\\\/usp-sp-2024-2025-ultimo-dia-para-se-inscrever\\\/#primaryimage\"},\"thumbnailUrl\":\"https:\\\/\\\/www.grupomedcof.com.br\\\/blog\\\/wp-content\\\/uploads\\\/2024\\\/11\\\/Modelo-instituicoes-41.png\",\"datePublished\":\"2024-11-05T12:12:16+00:00\",\"dateModified\":\"2024-11-05T12:12:18+00:00\",\"description\":\"Hoje, dia 05 de novembro, \u00e9 o \u00faltimo dia para se inscrever para o processo seletivo da USP-SP! Veja os detalhes!\",\"breadcrumb\":{\"@id\":\"https:\\\/\\\/www.grupomedcof.com.br\\\/blog\\\/usp-sp-2024-2025-ultimo-dia-para-se-inscrever\\\/#breadcrumb\"},\"inLanguage\":\"pt-BR\",\"potentialAction\":[{\"@type\":\"ReadAction\",\"target\":[\"https:\\\/\\\/www.grupomedcof.com.br\\\/blog\\\/usp-sp-2024-2025-ultimo-dia-para-se-inscrever\\\/\"]}]},{\"@type\":\"ImageObject\",\"inLanguage\":\"pt-BR\",\"@id\":\"https:\\\/\\\/www.grupomedcof.com.br\\\/blog\\\/usp-sp-2024-2025-ultimo-dia-para-se-inscrever\\\/#primaryimage\",\"url\":\"https:\\\/\\\/www.grupomedcof.com.br\\\/blog\\\/wp-content\\\/uploads\\\/2024\\\/11\\\/Modelo-instituicoes-41.png\",\"contentUrl\":\"https:\\\/\\\/www.grupomedcof.com.br\\\/blog\\\/wp-content\\\/uploads\\\/2024\\\/11\\\/Modelo-instituicoes-41.png\",\"width\":2560,\"height\":1440},{\"@type\":\"BreadcrumbList\",\"@id\":\"https:\\\/\\\/www.grupomedcof.com.br\\\/blog\\\/usp-sp-2024-2025-ultimo-dia-para-se-inscrever\\\/#breadcrumb\",\"itemListElement\":[{\"@type\":\"ListItem\",\"position\":1,\"name\":\"In\u00edcio\",\"item\":\"https:\\\/\\\/www.grupomedcof.com.br\\\/blog\\\/\"},{\"@type\":\"ListItem\",\"position\":2,\"name\":\"USP-SP 2024\\\/2025: \u00faltimo dia para se inscrever!\"}]},{\"@type\":\"WebSite\",\"@id\":\"https:\\\/\\\/www.grupomedcof.com.br\\\/blog\\\/#website\",\"url\":\"https:\\\/\\\/www.grupomedcof.com.br\\\/blog\\\/\",\"name\":\"Blog de Medcof: conte\u00fados, editais, revalida e mais!\",\"description\":\"Acesso o blog de MedCof! Seu portal de conte\u00fados sobre resid\u00eancia m\u00e9dica, an\u00e1lise e editais e muito mais. Clique e confira!\",\"publisher\":{\"@id\":\"https:\\\/\\\/www.grupomedcof.com.br\\\/blog\\\/#organization\"},\"alternateName\":\"Blog de Medcof: conte\u00fados, editais, revalida e mais!\",\"potentialAction\":[{\"@type\":\"SearchAction\",\"target\":{\"@type\":\"EntryPoint\",\"urlTemplate\":\"https:\\\/\\\/www.grupomedcof.com.br\\\/blog\\\/?s={search_term_string}\"},\"query-input\":{\"@type\":\"PropertyValueSpecification\",\"valueRequired\":true,\"valueName\":\"search_term_string\"}}],\"inLanguage\":\"pt-BR\"},{\"@type\":\"Organization\",\"@id\":\"https:\\\/\\\/www.grupomedcof.com.br\\\/blog\\\/#organization\",\"name\":\"Grupo MedCof\",\"url\":\"https:\\\/\\\/www.grupomedcof.com.br\\\/blog\\\/\",\"logo\":{\"@type\":\"ImageObject\",\"inLanguage\":\"pt-BR\",\"@id\":\"https:\\\/\\\/www.grupomedcof.com.br\\\/blog\\\/#\\\/schema\\\/logo\\\/image\\\/\",\"url\":\"https:\\\/\\\/www.grupomedcof.com.br\\\/blog\\\/wp-content\\\/uploads\\\/2022\\\/01\\\/logo-medcof.png\",\"contentUrl\":\"https:\\\/\\\/www.grupomedcof.com.br\\\/blog\\\/wp-content\\\/uploads\\\/2022\\\/01\\\/logo-medcof.png\",\"width\":768,\"height\":269,\"caption\":\"Grupo MedCof\"},\"image\":{\"@id\":\"https:\\\/\\\/www.grupomedcof.com.br\\\/blog\\\/#\\\/schema\\\/logo\\\/image\\\/\"},\"sameAs\":[\"https:\\\/\\\/www.facebook.com\\\/MedCofQbank\\\/\",\"https:\\\/\\\/www.instagram.com\\\/grupomedcof\\\/\",\"https:\\\/\\\/br.linkedin.com\\\/company\\\/medcof\",\"https:\\\/\\\/www.youtube.com\\\/channel\\\/UCdHMuOHKICxcHwecxN8P-AA\"]},{\"@type\":\"Person\",\"@id\":\"https:\\\/\\\/www.grupomedcof.com.br\\\/blog\\\/#\\\/schema\\\/person\\\/9a44c2184a836bf5ae6967fdb3a1451e\",\"name\":\"Leila Menzel\",\"image\":{\"@type\":\"ImageObject\",\"inLanguage\":\"pt-BR\",\"@id\":\"https:\\\/\\\/www.grupomedcof.com.br\\\/blog\\\/wp-content\\\/uploads\\\/2025\\\/09\\\/cropped-eu-96x96.jpeg19a74936d997c0a8b3031618467fa1d0\",\"url\":\"https:\\\/\\\/www.grupomedcof.com.br\\\/blog\\\/wp-content\\\/uploads\\\/2025\\\/09\\\/cropped-eu-96x96.jpeg\",\"contentUrl\":\"https:\\\/\\\/www.grupomedcof.com.br\\\/blog\\\/wp-content\\\/uploads\\\/2025\\\/09\\\/cropped-eu-96x96.jpeg\",\"caption\":\"Leila Menzel\"},\"description\":\"Estudante do 6\u00b0 semestre de jornalismo, amo e escrevo poesias e viajo em livros de romances clich\u00eas.\",\"url\":\"https:\\\/\\\/www.grupomedcof.com.br\\\/blog\\\/author\\\/leila-menzel\\\/\"}]}<\/script>\n<!-- \/ Yoast SEO Premium plugin. -->","yoast_head_json":{"title":"USP-SP 2024\/2025: \u00faltimo dia para se inscrever! - Blog de Medcof: conte\u00fados, editais, revalida e mais!","description":"Hoje, dia 05 de novembro, \u00e9 o \u00faltimo dia para se inscrever para o processo seletivo da USP-SP! Veja os detalhes!","robots":{"index":"index","follow":"follow","max-snippet":"max-snippet:-1","max-image-preview":"max-image-preview:large","max-video-preview":"max-video-preview:-1"},"canonical":"https:\/\/www.grupomedcof.com.br\/blog\/usp-sp-2024-2025-ultimo-dia-para-se-inscrever\/","og_locale":"pt_BR","og_type":"article","og_title":"USP-SP 2024\/2025: \u00faltimo dia para se inscrever!","og_description":"Hoje, dia 05 de novembro, \u00e9 o \u00faltimo dia para se inscrever para o processo seletivo da USP-SP! Veja os detalhes!","og_url":"https:\/\/www.grupomedcof.com.br\/blog\/usp-sp-2024-2025-ultimo-dia-para-se-inscrever\/","og_site_name":"Blog de Medcof: conte\u00fados, editais, revalida e mais!","article_publisher":"https:\/\/www.facebook.com\/MedCofQbank\/","article_published_time":"2024-11-05T12:12:16+00:00","article_modified_time":"2024-11-05T12:12:18+00:00","og_image":[{"width":2560,"height":1440,"url":"https:\/\/www.grupomedcof.com.br\/blog\/wp-content\/uploads\/2024\/11\/Modelo-instituicoes-41.png","type":"image\/png"}],"author":"Leila Menzel","twitter_card":"summary_large_image","twitter_misc":{"Escrito por":"Leila Menzel","Est. tempo de leitura":"5 minutos"},"schema":{"@context":"https:\/\/schema.org","@graph":[{"@type":"Article","@id":"https:\/\/www.grupomedcof.com.br\/blog\/usp-sp-2024-2025-ultimo-dia-para-se-inscrever\/#article","isPartOf":{"@id":"https:\/\/www.grupomedcof.com.br\/blog\/usp-sp-2024-2025-ultimo-dia-para-se-inscrever\/"},"author":{"name":"Leila Menzel","@id":"https:\/\/www.grupomedcof.com.br\/blog\/#\/schema\/person\/9a44c2184a836bf5ae6967fdb3a1451e"},"headline":"USP-SP 2024\/2025: \u00faltimo dia para se inscrever!","datePublished":"2024-11-05T12:12:16+00:00","dateModified":"2024-11-05T12:12:18+00:00","mainEntityOfPage":{"@id":"https:\/\/www.grupomedcof.com.br\/blog\/usp-sp-2024-2025-ultimo-dia-para-se-inscrever\/"},"wordCount":702,"commentCount":0,"publisher":{"@id":"https:\/\/www.grupomedcof.com.br\/blog\/#organization"},"image":{"@id":"https:\/\/www.grupomedcof.com.br\/blog\/usp-sp-2024-2025-ultimo-dia-para-se-inscrever\/#primaryimage"},"thumbnailUrl":"https:\/\/www.grupomedcof.com.br\/blog\/wp-content\/uploads\/2024\/11\/Modelo-instituicoes-41.png","keywords":["inscri\u00e7\u00f5es","USP","USP-SP","USP-SP 2025","USP-SP edital"],"articleSection":["Destaques MedCof","Resid\u00eancia m\u00e9dica: editais, resultados, temas quentes e mais"],"inLanguage":"pt-BR"},{"@type":"WebPage","@id":"https:\/\/www.grupomedcof.com.br\/blog\/usp-sp-2024-2025-ultimo-dia-para-se-inscrever\/","url":"https:\/\/www.grupomedcof.com.br\/blog\/usp-sp-2024-2025-ultimo-dia-para-se-inscrever\/","name":"USP-SP 2024\/2025: \u00faltimo dia para se inscrever! - Blog de Medcof: conte\u00fados, editais, revalida e mais!","isPartOf":{"@id":"https:\/\/www.grupomedcof.com.br\/blog\/#website"},"primaryImageOfPage":{"@id":"https:\/\/www.grupomedcof.com.br\/blog\/usp-sp-2024-2025-ultimo-dia-para-se-inscrever\/#primaryimage"},"image":{"@id":"https:\/\/www.grupomedcof.com.br\/blog\/usp-sp-2024-2025-ultimo-dia-para-se-inscrever\/#primaryimage"},"thumbnailUrl":"https:\/\/www.grupomedcof.com.br\/blog\/wp-content\/uploads\/2024\/11\/Modelo-instituicoes-41.png","datePublished":"2024-11-05T12:12:16+00:00","dateModified":"2024-11-05T12:12:18+00:00","description":"Hoje, dia 05 de novembro, \u00e9 o \u00faltimo dia para se inscrever para o processo seletivo da USP-SP! Veja os detalhes!","breadcrumb":{"@id":"https:\/\/www.grupomedcof.com.br\/blog\/usp-sp-2024-2025-ultimo-dia-para-se-inscrever\/#breadcrumb"},"inLanguage":"pt-BR","potentialAction":[{"@type":"ReadAction","target":["https:\/\/www.grupomedcof.com.br\/blog\/usp-sp-2024-2025-ultimo-dia-para-se-inscrever\/"]}]},{"@type":"ImageObject","inLanguage":"pt-BR","@id":"https:\/\/www.grupomedcof.com.br\/blog\/usp-sp-2024-2025-ultimo-dia-para-se-inscrever\/#primaryimage","url":"https:\/\/www.grupomedcof.com.br\/blog\/wp-content\/uploads\/2024\/11\/Modelo-instituicoes-41.png","contentUrl":"https:\/\/www.grupomedcof.com.br\/blog\/wp-content\/uploads\/2024\/11\/Modelo-instituicoes-41.png","width":2560,"height":1440},{"@type":"BreadcrumbList","@id":"https:\/\/www.grupomedcof.com.br\/blog\/usp-sp-2024-2025-ultimo-dia-para-se-inscrever\/#breadcrumb","itemListElement":[{"@type":"ListItem","position":1,"name":"In\u00edcio","item":"https:\/\/www.grupomedcof.com.br\/blog\/"},{"@type":"ListItem","position":2,"name":"USP-SP 2024\/2025: \u00faltimo dia para se inscrever!"}]},{"@type":"WebSite","@id":"https:\/\/www.grupomedcof.com.br\/blog\/#website","url":"https:\/\/www.grupomedcof.com.br\/blog\/","name":"Blog de Medcof: conte\u00fados, editais, revalida e mais!","description":"Acesso o blog de MedCof! Seu portal de conte\u00fados sobre resid\u00eancia m\u00e9dica, an\u00e1lise e editais e muito mais. Clique e confira!","publisher":{"@id":"https:\/\/www.grupomedcof.com.br\/blog\/#organization"},"alternateName":"Blog de Medcof: conte\u00fados, editais, revalida e mais!","potentialAction":[{"@type":"SearchAction","target":{"@type":"EntryPoint","urlTemplate":"https:\/\/www.grupomedcof.com.br\/blog\/?s={search_term_string}"},"query-input":{"@type":"PropertyValueSpecification","valueRequired":true,"valueName":"search_term_string"}}],"inLanguage":"pt-BR"},{"@type":"Organization","@id":"https:\/\/www.grupomedcof.com.br\/blog\/#organization","name":"Grupo MedCof","url":"https:\/\/www.grupomedcof.com.br\/blog\/","logo":{"@type":"ImageObject","inLanguage":"pt-BR","@id":"https:\/\/www.grupomedcof.com.br\/blog\/#\/schema\/logo\/image\/","url":"https:\/\/www.grupomedcof.com.br\/blog\/wp-content\/uploads\/2022\/01\/logo-medcof.png","contentUrl":"https:\/\/www.grupomedcof.com.br\/blog\/wp-content\/uploads\/2022\/01\/logo-medcof.png","width":768,"height":269,"caption":"Grupo MedCof"},"image":{"@id":"https:\/\/www.grupomedcof.com.br\/blog\/#\/schema\/logo\/image\/"},"sameAs":["https:\/\/www.facebook.com\/MedCofQbank\/","https:\/\/www.instagram.com\/grupomedcof\/","https:\/\/br.linkedin.com\/company\/medcof","https:\/\/www.youtube.com\/channel\/UCdHMuOHKICxcHwecxN8P-AA"]},{"@type":"Person","@id":"https:\/\/www.grupomedcof.com.br\/blog\/#\/schema\/person\/9a44c2184a836bf5ae6967fdb3a1451e","name":"Leila Menzel","image":{"@type":"ImageObject","inLanguage":"pt-BR","@id":"https:\/\/www.grupomedcof.com.br\/blog\/wp-content\/uploads\/2025\/09\/cropped-eu-96x96.jpeg19a74936d997c0a8b3031618467fa1d0","url":"https:\/\/www.grupomedcof.com.br\/blog\/wp-content\/uploads\/2025\/09\/cropped-eu-96x96.jpeg","contentUrl":"https:\/\/www.grupomedcof.com.br\/blog\/wp-content\/uploads\/2025\/09\/cropped-eu-96x96.jpeg","caption":"Leila Menzel"},"description":"Estudante do 6\u00b0 semestre de jornalismo, amo e escrevo poesias e viajo em livros de romances clich\u00eas.","url":"https:\/\/www.grupomedcof.com.br\/blog\/author\/leila-menzel\/"}]}},"authors":[{"term_id":3616,"user_id":20,"is_guest":0,"slug":"leila-menzel","display_name":"Leila Menzel","avatar_url":"https:\/\/www.grupomedcof.com.br\/blog\/wp-content\/uploads\/2025\/09\/cropped-eu-96x96.jpeg","0":null,"1":"","2":"","3":"","4":"","5":"","6":"","7":"","8":""}],"_links":{"self":[{"href":"https:\/\/www.grupomedcof.com.br\/blog\/wp-json\/wp\/v2\/posts\/31302","targetHints":{"allow":["GET"]}}],"collection":[{"href":"https:\/\/www.grupomedcof.com.br\/blog\/wp-json\/wp\/v2\/posts"}],"about":[{"href":"https:\/\/www.grupomedcof.com.br\/blog\/wp-json\/wp\/v2\/types\/post"}],"author":[{"embeddable":true,"href":"https:\/\/www.grupomedcof.com.br\/blog\/wp-json\/wp\/v2\/users\/20"}],"replies":[{"embeddable":true,"href":"https:\/\/www.grupomedcof.com.br\/blog\/wp-json\/wp\/v2\/comments?post=31302"}],"version-history":[{"count":0,"href":"https:\/\/www.grupomedcof.com.br\/blog\/wp-json\/wp\/v2\/posts\/31302\/revisions"}],"wp:featuredmedia":[{"embeddable":true,"href":"https:\/\/www.grupomedcof.com.br\/blog\/wp-json\/wp\/v2\/media\/31305"}],"wp:attachment":[{"href":"https:\/\/www.grupomedcof.com.br\/blog\/wp-json\/wp\/v2\/media?parent=31302"}],"wp:term":[{"taxonomy":"category","embeddable":true,"href":"https:\/\/www.grupomedcof.com.br\/blog\/wp-json\/wp\/v2\/categories?post=31302"},{"taxonomy":"post_tag","embeddable":true,"href":"https:\/\/www.grupomedcof.com.br\/blog\/wp-json\/wp\/v2\/tags?post=31302"},{"taxonomy":"author","embeddable":true,"href":"https:\/\/www.grupomedcof.com.br\/blog\/wp-json\/wp\/v2\/ppma_author?post=31302"}],"curies":[{"name":"wp","href":"https:\/\/api.w.org\/{rel}","templated":true}]}}