{"id":31437,"date":"2025-11-12T17:14:38","date_gmt":"2025-11-12T20:14:38","guid":{"rendered":"https:\/\/www.grupomedcof.com.br\/blog\/?p=31437"},"modified":"2025-11-12T17:15:00","modified_gmt":"2025-11-12T20:15:00","slug":"concorrencia-psu-go","status":"publish","type":"post","link":"https:\/\/www.grupomedcof.com.br\/blog\/concorrencia-psu-go\/","title":{"rendered":"Confira a rela\u00e7\u00e3o candidato\/vaga do PSU-GO 2025\/2026"},"content":{"rendered":"<div id=\"ez-toc-container\" class=\"ez-toc-v2_0_74 counter-hierarchy ez-toc-counter ez-toc-transparent ez-toc-container-direction\">\n<div class=\"ez-toc-title-container\">\n<p class=\"ez-toc-title\" style=\"cursor:inherit\">Sum\u00e1rio<\/p>\n<span class=\"ez-toc-title-toggle\"><a href=\"#\" class=\"ez-toc-pull-right ez-toc-btn ez-toc-btn-xs ez-toc-btn-default ez-toc-toggle\" aria-label=\"Alternar tabela de conte\u00fado\"><span class=\"ez-toc-js-icon-con\"><span class=\"\"><span class=\"eztoc-hide\" style=\"display:none;\">Toggle<\/span><span class=\"ez-toc-icon-toggle-span\"><svg style=\"fill: #999;color:#999\" xmlns=\"http:\/\/www.w3.org\/2000\/svg\" class=\"list-377408\" width=\"20px\" height=\"20px\" viewBox=\"0 0 24 24\" fill=\"none\"><path d=\"M6 6H4v2h2V6zm14 0H8v2h12V6zM4 11h2v2H4v-2zm16 0H8v2h12v-2zM4 16h2v2H4v-2zm16 0H8v2h12v-2z\" fill=\"currentColor\"><\/path><\/svg><svg style=\"fill: #999;color:#999\" class=\"arrow-unsorted-368013\" xmlns=\"http:\/\/www.w3.org\/2000\/svg\" width=\"10px\" height=\"10px\" viewBox=\"0 0 24 24\" version=\"1.2\" baseProfile=\"tiny\"><path d=\"M18.2 9.3l-6.2-6.3-6.2 6.3c-.2.2-.3.4-.3.7s.1.5.3.7c.2.2.4.3.7.3h11c.3 0 .5-.1.7-.3.2-.2.3-.5.3-.7s-.1-.5-.3-.7zM5.8 14.7l6.2 6.3 6.2-6.3c.2-.2.3-.5.3-.7s-.1-.5-.3-.7c-.2-.2-.4-.3-.7-.3h-11c-.3 0-.5.1-.7.3-.2.2-.3.5-.3.7s.1.5.3.7z\"\/><\/svg><\/span><\/span><\/span><\/a><\/span><\/div>\n<nav><ul class='ez-toc-list ez-toc-list-level-1 ' ><li class='ez-toc-page-1 ez-toc-heading-level-2'><a class=\"ez-toc-link ez-toc-heading-1\" href=\"https:\/\/www.grupomedcof.com.br\/blog\/concorrencia-psu-go\/#Relacao_CandidatoVaga_PSU-GO_20252026\" >Rela\u00e7\u00e3o Candidato\/Vaga PSU-GO 2025\/2026<\/a><ul class='ez-toc-list-level-3' ><li class='ez-toc-heading-level-3'><a class=\"ez-toc-link ez-toc-heading-2\" href=\"https:\/\/www.grupomedcof.com.br\/blog\/concorrencia-psu-go\/#Anima_Centro_Hospitalar\" >\u00c2nima Centro Hospitalar<\/a><\/li><li class='ez-toc-page-1 ez-toc-heading-level-3'><a class=\"ez-toc-link ez-toc-heading-3\" href=\"https:\/\/www.grupomedcof.com.br\/blog\/concorrencia-psu-go\/#Associacao_Animus_Curae\" >Associa\u00e7\u00e3o Animus Curae<\/a><\/li><li class='ez-toc-page-1 ez-toc-heading-level-3'><a class=\"ez-toc-link ez-toc-heading-4\" href=\"https:\/\/www.grupomedcof.com.br\/blog\/concorrencia-psu-go\/#Centro_Universitario_de_Mineiros_UNIFIMES\" >Centro Universit\u00e1rio de Mineiros (UNIFIMES)<\/a><\/li><li class='ez-toc-page-1 ez-toc-heading-level-3'><a class=\"ez-toc-link ez-toc-heading-5\" href=\"https:\/\/www.grupomedcof.com.br\/blog\/concorrencia-psu-go\/#Faculdade_de_Medicina_de_Itumbiara-GO\" >Faculdade de Medicina de Itumbiara-GO<\/a><\/li><li class='ez-toc-page-1 ez-toc-heading-level-3'><a class=\"ez-toc-link ez-toc-heading-6\" href=\"https:\/\/www.grupomedcof.com.br\/blog\/concorrencia-psu-go\/#Fundacao_Banco_de_Olhos_de_Goias_FUBOG\" >Funda\u00e7\u00e3o Banco de Olhos de Goi\u00e1s FUBOG<\/a><\/li><li class='ez-toc-page-1 ez-toc-heading-level-3'><a class=\"ez-toc-link ez-toc-heading-7\" href=\"https:\/\/www.grupomedcof.com.br\/blog\/concorrencia-psu-go\/#Hospital_Araujo_Jorge_%E2%80%93_Associacao_de_Combate_ao_Cancer\" >Hospital Ara\u00fajo Jorge &#8211; Associa\u00e7\u00e3o de Combate ao C\u00e2ncer<\/a><\/li><li class='ez-toc-page-1 ez-toc-heading-level-3'><a class=\"ez-toc-link ez-toc-heading-8\" href=\"https:\/\/www.grupomedcof.com.br\/blog\/concorrencia-psu-go\/#Hospital_das_Clinicas_da_UFG\" >Hospital das Cl\u00ednicas da UFG<\/a><\/li><li class='ez-toc-page-1 ez-toc-heading-level-3'><a class=\"ez-toc-link ez-toc-heading-9\" href=\"https:\/\/www.grupomedcof.com.br\/blog\/concorrencia-psu-go\/#Hospital_do_Coracao_Anis_Rassi\" >Hospital do Cora\u00e7\u00e3o Anis Rassi<\/a><\/li><\/ul><\/li><li class='ez-toc-page-1 ez-toc-heading-level-2'><a class=\"ez-toc-link ez-toc-heading-10\" href=\"https:\/\/www.grupomedcof.com.br\/blog\/concorrencia-psu-go\/#Hospital_e_Maternidade_Aristina_Candida\" >Hospital e Maternidade Aristina C\u00e2ndida<\/a><\/li><li class='ez-toc-page-1 ez-toc-heading-level-2'><a class=\"ez-toc-link ez-toc-heading-11\" href=\"https:\/\/www.grupomedcof.com.br\/blog\/concorrencia-psu-go\/#Hospital_e_Maternidade_Dona_Iris\" >Hospital e Maternidade Dona Iris<\/a><\/li><li class='ez-toc-page-1 ez-toc-heading-level-2'><a class=\"ez-toc-link ez-toc-heading-12\" href=\"https:\/\/www.grupomedcof.com.br\/blog\/concorrencia-psu-go\/#Hospital_Espirita_Euripedes_Barsanulfo\" >Hospital Esp\u00edrita Eur\u00edpedes Barsanulfo<\/a><\/li><li class='ez-toc-page-1 ez-toc-heading-level-2'><a class=\"ez-toc-link ez-toc-heading-13\" href=\"https:\/\/www.grupomedcof.com.br\/blog\/concorrencia-psu-go\/#Hospital_Ortopedico_de_Ceres\" >Hospital Ortop\u00e9dico de Ceres<\/a><\/li><li class='ez-toc-page-1 ez-toc-heading-level-2'><a class=\"ez-toc-link ez-toc-heading-14\" href=\"https:\/\/www.grupomedcof.com.br\/blog\/concorrencia-psu-go\/#Hospital_Santa_Helena\" >Hospital Santa Helena<\/a><\/li><li class='ez-toc-page-1 ez-toc-heading-level-2'><a class=\"ez-toc-link ez-toc-heading-15\" href=\"https:\/\/www.grupomedcof.com.br\/blog\/concorrencia-psu-go\/#Hospital_Santa_Monica\" >Hospital Santa M\u00f4nica<\/a><\/li><li class='ez-toc-page-1 ez-toc-heading-level-2'><a class=\"ez-toc-link ez-toc-heading-16\" href=\"https:\/\/www.grupomedcof.com.br\/blog\/concorrencia-psu-go\/#Hospital_Sao_Francisco_de_Assis\" >Hospital S\u00e3o Francisco de Assis<\/a><\/li><li class='ez-toc-page-1 ez-toc-heading-level-2'><a class=\"ez-toc-link ez-toc-heading-17\" href=\"https:\/\/www.grupomedcof.com.br\/blog\/concorrencia-psu-go\/#Ipo-Instituto_de_Cirurgia_Plastica_e_Oftalmologia_%E2%80%93_Hospital_Premium\" >Ipo-Instituto de Cirurgia Pl\u00e1stica e Oftalmologia &#8211; Hospital Premium<\/a><\/li><li class='ez-toc-page-1 ez-toc-heading-level-2'><a class=\"ez-toc-link ez-toc-heading-18\" href=\"https:\/\/www.grupomedcof.com.br\/blog\/concorrencia-psu-go\/#Santa_Casa_de_Misericordia_de_Goiania\" >Santa Casa de Miseric\u00f3rdia de Goi\u00e2nia<\/a><\/li><li class='ez-toc-page-1 ez-toc-heading-level-2'><a class=\"ez-toc-link ez-toc-heading-19\" href=\"https:\/\/www.grupomedcof.com.br\/blog\/concorrencia-psu-go\/#Universidade_de_Rio_Verde_%E2%80%93_UniRV\" >Universidade de Rio Verde &#8211; UniRV<\/a><\/li><li class='ez-toc-page-1 ez-toc-heading-level-2'><a class=\"ez-toc-link ez-toc-heading-20\" href=\"https:\/\/www.grupomedcof.com.br\/blog\/concorrencia-psu-go\/#Universidade_Evangelica_de_GoiasUniEVANGELICA\" >Universidade Evang\u00e9lica de Goi\u00e1s\/UniEVANG\u00c9LICA<\/a><\/li><li class='ez-toc-page-1 ez-toc-heading-level-2'><a class=\"ez-toc-link ez-toc-heading-21\" href=\"https:\/\/www.grupomedcof.com.br\/blog\/concorrencia-psu-go\/#Universidade_Federal_de_Jatai_%E2%80%93_UFJ\" >Universidade Federal de Jata\u00ed &#8211; UFJ<\/a><\/li><li class='ez-toc-page-1 ez-toc-heading-level-2'><a class=\"ez-toc-link ez-toc-heading-22\" href=\"https:\/\/www.grupomedcof.com.br\/blog\/concorrencia-psu-go\/#Cronograma_PSU-GO_20252026\" >Cronograma PSU-GO 2025\/2026<\/a><\/li><li class='ez-toc-page-1 ez-toc-heading-level-2'><a class=\"ez-toc-link ez-toc-heading-23\" href=\"https:\/\/www.grupomedcof.com.br\/blog\/concorrencia-psu-go\/#O_metodo_que_te_aprova\" >O m\u00e9todo que te aprova!<\/a><\/li><\/ul><\/nav><\/div>\n\n<figure class=\"wp-block-image size-large\"><img loading=\"lazy\" decoding=\"async\" width=\"1024\" height=\"576\" src=\"https:\/\/www.grupomedcof.com.br\/blog\/wp-content\/uploads\/2024\/11\/Modelo-instituicoes-1024x576.png\" alt=\"\" class=\"wp-image-39319\" srcset=\"https:\/\/www.grupomedcof.com.br\/blog\/wp-content\/uploads\/2024\/11\/Modelo-instituicoes-1024x576.png 1024w, https:\/\/www.grupomedcof.com.br\/blog\/wp-content\/uploads\/2024\/11\/Modelo-instituicoes-300x169.png 300w, https:\/\/www.grupomedcof.com.br\/blog\/wp-content\/uploads\/2024\/11\/Modelo-instituicoes-768x432.png 768w, https:\/\/www.grupomedcof.com.br\/blog\/wp-content\/uploads\/2024\/11\/Modelo-instituicoes-1536x864.png 1536w, https:\/\/www.grupomedcof.com.br\/blog\/wp-content\/uploads\/2024\/11\/Modelo-instituicoes-2048x1152.png 2048w, https:\/\/www.grupomedcof.com.br\/blog\/wp-content\/uploads\/2024\/11\/Modelo-instituicoes-747x420.png 747w, https:\/\/www.grupomedcof.com.br\/blog\/wp-content\/uploads\/2024\/11\/Modelo-instituicoes-150x84.png 150w, https:\/\/www.grupomedcof.com.br\/blog\/wp-content\/uploads\/2024\/11\/Modelo-instituicoes-696x392.png 696w, https:\/\/www.grupomedcof.com.br\/blog\/wp-content\/uploads\/2024\/11\/Modelo-instituicoes-1068x601.png 1068w, https:\/\/www.grupomedcof.com.br\/blog\/wp-content\/uploads\/2024\/11\/Modelo-instituicoes-1920x1080.png 1920w\" sizes=\"auto, (max-width: 1024px) 100vw, 1024px\" \/><\/figure>\n\n\n\n<p>A <strong>Associa\u00e7\u00e3o de Apoio \u00e0 Resid\u00eancia M\u00e9dica de Goi\u00e1s<\/strong> divulgou a\u00a0<strong>concorr\u00eancia<\/strong>\u00a0do <strong>Processo Seletivo Unificado de Goi\u00e1s (PSU-GO)<\/strong> 2025\/2026. Confira a <strong>Rela\u00e7\u00e3o Candidato\/Vaga oficial<\/strong>!<\/p>\n\n\n\n<h2 class=\"wp-block-heading\" id=\"rela\u00e7\u00e3o-candidato-vaga-e-concorr\u00eancia-psu-mg\"><span class=\"ez-toc-section\" id=\"Relacao_CandidatoVaga_PSU-GO_20252026\"><\/span><strong>Rela\u00e7\u00e3o Candidato\/Vaga PSU-GO<\/strong> <strong>2025\/2026<\/strong><span class=\"ez-toc-section-end\"><\/span><\/h2>\n\n\n\n<p>Nesta edi\u00e7\u00e3o, o PSU-GO ofertou <strong>250 vagas <\/strong>para resid\u00eancia m\u00e9dica, com<strong> 20 institui\u00e7\u00f5es <\/strong>participantes.<\/p>\n\n\n\n<figure class=\"wp-block-image size-large\"><a href=\"https:\/\/www.grupomedcof.com.br\/cofletters\/\"><img loading=\"lazy\" decoding=\"async\" width=\"1024\" height=\"366\" src=\"https:\/\/www.grupomedcof.com.br\/blog\/wp-content\/uploads\/2024\/10\/Capa-Eventos-MedCof-Plus-1-1024x366.png\" alt=\"\" class=\"wp-image-30896\" srcset=\"https:\/\/www.grupomedcof.com.br\/blog\/wp-content\/uploads\/2024\/10\/Capa-Eventos-MedCof-Plus-1-1024x366.png 1024w, https:\/\/www.grupomedcof.com.br\/blog\/wp-content\/uploads\/2024\/10\/Capa-Eventos-MedCof-Plus-1-300x107.png 300w, https:\/\/www.grupomedcof.com.br\/blog\/wp-content\/uploads\/2024\/10\/Capa-Eventos-MedCof-Plus-1-768x275.png 768w, https:\/\/www.grupomedcof.com.br\/blog\/wp-content\/uploads\/2024\/10\/Capa-Eventos-MedCof-Plus-1-1536x549.png 1536w, https:\/\/www.grupomedcof.com.br\/blog\/wp-content\/uploads\/2024\/10\/Capa-Eventos-MedCof-Plus-1-2048x732.png 2048w, https:\/\/www.grupomedcof.com.br\/blog\/wp-content\/uploads\/2024\/10\/Capa-Eventos-MedCof-Plus-1-1175x420.png 1175w, https:\/\/www.grupomedcof.com.br\/blog\/wp-content\/uploads\/2024\/10\/Capa-Eventos-MedCof-Plus-1-150x54.png 150w, https:\/\/www.grupomedcof.com.br\/blog\/wp-content\/uploads\/2024\/10\/Capa-Eventos-MedCof-Plus-1-696x249.png 696w, https:\/\/www.grupomedcof.com.br\/blog\/wp-content\/uploads\/2024\/10\/Capa-Eventos-MedCof-Plus-1-1068x382.png 1068w, https:\/\/www.grupomedcof.com.br\/blog\/wp-content\/uploads\/2024\/10\/Capa-Eventos-MedCof-Plus-1-1920x686.png 1920w\" sizes=\"auto, (max-width: 1024px) 100vw, 1024px\" \/><\/a><\/figure>\n\n\n\n<p>Sendo assim, veja na tabela abaixo toda a rela\u00e7\u00e3o completa de vagas, inscritos e a concorr\u00eancia por institui\u00e7\u00e3o:<\/p>\n\n\n\n<h3 class=\"wp-block-heading\" id=\"h-anima-centro-hospitalar\"><span class=\"ez-toc-section\" id=\"Anima_Centro_Hospitalar\"><\/span><strong>\u00c2nima Centro Hospitalar<\/strong><span class=\"ez-toc-section-end\"><\/span><\/h3>\n\n\n\n<figure class=\"wp-block-table\"><table class=\"has-fixed-layout\"><tbody><tr><td><strong>Especialidade<\/strong><\/td><td><strong><strong>Inscritos<\/strong><\/strong><\/td><td><strong>Vagas<\/strong><\/td><td><strong>Concorr\u00eancia<\/strong><\/td><\/tr><tr><td>Medicina Intensiva<\/td><td>20<\/td><td>2<\/td><td>10<\/td><\/tr><\/tbody><\/table><\/figure>\n\n\n\n<h3 class=\"wp-block-heading\" id=\"h-associacao-animus-curae\"><span class=\"ez-toc-section\" id=\"Associacao_Animus_Curae\"><\/span><strong>Associa\u00e7\u00e3o Animus Curae<\/strong><span class=\"ez-toc-section-end\"><\/span><\/h3>\n\n\n\n<figure class=\"wp-block-table\"><table class=\"has-fixed-layout\"><tbody><tr><td><strong>Especialidade<\/strong><\/td><td><strong><strong>Inscritos<\/strong><\/strong><\/td><td><strong><strong>Vagas<\/strong><\/strong><\/td><td><strong>Concorr\u00eancia<\/strong><\/td><\/tr><tr><td>Oftalmologia<\/td><td>143<\/td><td>2<\/td><td>71,5<\/td><\/tr><\/tbody><\/table><\/figure>\n\n\n\n<h3 class=\"wp-block-heading\" id=\"h-centro-universitario-de-mineiros-unifimes\"><span class=\"ez-toc-section\" id=\"Centro_Universitario_de_Mineiros_UNIFIMES\"><\/span><strong>Centro Universit\u00e1rio de Mineiros (UNIFIMES)<\/strong><span class=\"ez-toc-section-end\"><\/span><\/h3>\n\n\n\n<figure class=\"wp-block-table\"><table class=\"has-fixed-layout\"><tbody><tr><td><strong>Especialidade<\/strong><\/td><td><strong>Inscritos<\/strong> <strong>totais<\/strong><\/td><td><strong>Vagas<\/strong><\/td><td><strong>Rela\u00e7\u00e3o\/ Candidato Vaga<\/strong><br>Ampla Concorr\u00eancia<\/td><\/tr><tr><td>Ginecologia e Obstetr\u00edcia<\/td><td>70<\/td><td>2<\/td><td>35<\/td><\/tr><\/tbody><\/table><\/figure>\n\n\n\n<h3 class=\"wp-block-heading\" id=\"h-faculdade-de-medicina-de-itumbiara-go\"><span class=\"ez-toc-section\" id=\"Faculdade_de_Medicina_de_Itumbiara-GO\"><\/span><strong>Faculdade de Medicina de Itumbiara-GO<\/strong><span class=\"ez-toc-section-end\"><\/span><\/h3>\n\n\n\n<figure class=\"wp-block-table\"><table class=\"has-fixed-layout\"><tbody><tr><td><strong>Especialidade<\/strong><\/td><td><strong><strong>Inscritos<\/strong> <strong>totais<\/strong><\/strong><\/td><td><strong>Vagas<\/strong><\/td><td><strong><strong>Rela\u00e7\u00e3o\/ Candidato Vaga<\/strong><br><\/strong>Ampla Concorr\u00eancia<\/td><\/tr><tr><td>Cl\u00ednica M\u00e9dica<\/td><td>78<\/td><td>3<\/td><td>26<\/td><\/tr><tr><td>Medicina de Fam\u00edlia e Comunidade<\/td><td>18<\/td><td>3<\/td><td>6<\/td><\/tr><\/tbody><\/table><\/figure>\n\n\n\n<h3 class=\"wp-block-heading\" id=\"h-fundacao-banco-de-olhos-de-goias-fubog\"><span class=\"ez-toc-section\" id=\"Fundacao_Banco_de_Olhos_de_Goias_FUBOG\"><\/span><strong>Funda\u00e7\u00e3o Banco de Olhos de Goi\u00e1s FUBOG<\/strong><span class=\"ez-toc-section-end\"><\/span><\/h3>\n\n\n\n<figure class=\"wp-block-table\"><table class=\"has-fixed-layout\"><tbody><tr><td><strong>Especialidade<\/strong><\/td><td><strong><strong>Inscritos<\/strong> <strong>totais<\/strong><\/strong><\/td><td><strong>Vagas<\/strong><\/td><td><strong><strong>Rela\u00e7\u00e3o\/ Candidato Vaga<\/strong><br><\/strong>Ampla Concorr\u00eancia<\/td><\/tr><tr><td>Oftalmologia<\/td><td>354<\/td><td>4<\/td><td>84,75<\/td><\/tr><\/tbody><\/table><\/figure>\n\n\n\n<h3 class=\"wp-block-heading\" id=\"h-hospital-araujo-jorge-associacao-de-combate-ao-cancer\"><span class=\"ez-toc-section\" id=\"Hospital_Araujo_Jorge_%E2%80%93_Associacao_de_Combate_ao_Cancer\"><\/span><strong>Hospital Ara\u00fajo Jorge &#8211; Associa\u00e7\u00e3o de Combate ao C\u00e2ncer<\/strong><span class=\"ez-toc-section-end\"><\/span><\/h3>\n\n\n\n<figure class=\"wp-block-table\"><table class=\"has-fixed-layout\"><tbody><tr><td><strong>Especialidade<\/strong><\/td><td><strong><strong>Inscritos<\/strong> <strong>totais<\/strong><\/strong><\/td><td><strong>Vagas<\/strong><\/td><td><strong><strong>Rela\u00e7\u00e3o\/ Candidato Vaga<\/strong><br><\/strong>Ampla Concorr\u00eancia<\/td><\/tr><tr><td>Cirurgia de Cabe\u00e7a e Pesco\u00e7o<\/td><td>2<\/td><td>1<\/td><td>2<\/td><\/tr><tr><td>Cirurgia Oncol\u00f3gica<\/td><td>8<\/td><td>4<\/td><td>2<\/td><\/tr><tr><td>Oncologia Cl\u00ednica<\/td><td>21<\/td><td>2<\/td><td>10,5<\/td><\/tr><tr><td>Radioterapia<\/td><td>14<\/td><td>1<\/td><td>14<\/td><\/tr><\/tbody><\/table><\/figure>\n\n\n\n<h3 class=\"wp-block-heading\" id=\"h-hospital-das-clinicas-da-ufg\"><span class=\"ez-toc-section\" id=\"Hospital_das_Clinicas_da_UFG\"><\/span><strong>Hospital das Cl\u00ednicas da UFG<\/strong><span class=\"ez-toc-section-end\"><\/span><\/h3>\n\n\n\n<figure class=\"wp-block-table\"><table class=\"has-fixed-layout\"><tbody><tr><td><strong>Especialidade<\/strong><\/td><td><strong><strong>Inscritos<\/strong> <strong>totais<\/strong><\/strong><\/td><td><strong>Vagas<\/strong><\/td><td><strong><strong>Rela\u00e7\u00e3o\/ Candidato Vaga<\/strong><br><\/strong>Ampla Concorr\u00eancia<\/td><\/tr><tr><td>Anestesiologia<\/td><td>180<\/td><td>3<\/td><td>57<\/td><\/tr><tr><td>Cardiologia<\/td><td>18<\/td><td>2<\/td><td>9<\/td><\/tr><tr><td>Cirurgia da M\u00e3o<\/td><td>9<\/td><td>1<\/td><td>9<\/td><\/tr><tr><td>Cirurgia do Aparelho Digestivo<\/td><td>7<\/td><td>2<\/td><td>3,5<\/td><\/tr><tr><td>Cirurgia Geral<\/td><td>251<\/td><td>3<\/td><td>83,67<\/td><\/tr><tr><td>Cirurgia Pl\u00e1stica<\/td><td>38<\/td><td>1<\/td><td>38<\/td><\/tr><tr><td>Cirurgia Vascular<\/td><td>14<\/td><td>2<\/td><td>7<\/td><\/tr><tr><td>Cl\u00ednica M\u00e9dica<\/td><td>304<\/td><td>10<\/td><td>29,6<\/td><\/tr><tr><td>Coloproctologia<\/td><td>9<\/td><td>2<\/td><td>4,5<\/td><\/tr><tr><td>Dermatologia<\/td><td>177<\/td><td>4<\/td><td>44,25<\/td><\/tr><tr><td>Ecocardiografia<\/td><td>7<\/td><td>1<\/td><td>7<\/td><\/tr><tr><td>Endocrinologia e Metabologia<\/td><td>35<\/td><td>2<\/td><td>17,5<\/td><\/tr><tr><td>Gastroenterologia<\/td><td>25<\/td><td>2<\/td><td>12,5<\/td><\/tr><tr><td>Ginecologia e Obstetr\u00edcia<\/td><td>245<\/td><td>4<\/td><td>58,75<\/td><\/tr><tr><td>Hematologia e Hemoterapia<\/td><td>7<\/td><td>2<\/td><td>3,5<\/td><\/tr><tr><td>Infectologia<\/td><td>35<\/td><td>2<\/td><td>17,5<\/td><\/tr><tr><td>Mastologia<\/td><td>3<\/td><td>2<\/td><td>1,5<\/td><\/tr><tr><td>Medicina do Adolescente<\/td><td>&#8211;<\/td><td>2<\/td><td>&#8211;<\/td><\/tr><tr><td>Medicina Intensiva<\/td><td>11<\/td><td>1<\/td><td>11<\/td><\/tr><tr><td>Nefrologia<\/td><td>9<\/td><td>3<\/td><td>3<\/td><\/tr><tr><td>Nefrologia Pedi\u00e1trica<\/td><td>1<\/td><td>2<\/td><td>0,5<\/td><\/tr><tr><td>Neonatologia<\/td><td>9<\/td><td>2<\/td><td>4,5<\/td><\/tr><tr><td>Neurocirurgia<\/td><td>63<\/td><td>2<\/td><td>31,5<\/td><\/tr><tr><td>Neurologia<\/td><td>84<\/td><td>2<\/td><td>42<\/td><\/tr><tr><td>Oftalmologia<\/td><td>228<\/td><td>4<\/td><td>53,25<\/td><\/tr><tr><td>Oncologia Cl\u00ednica<\/td><td>13<\/td><td>1<\/td><td>13<\/td><\/tr><tr><td>Ortopedia e Traumatologia<\/td><td>125<\/td><td>4<\/td><td>31,25<\/td><\/tr><tr><td>Otorrinolaringologia<\/td><td>105<\/td><td>2<\/td><td>52,5<\/td><\/tr><tr><td>Patologia<\/td><td>32<\/td><td>2<\/td><td>16<\/td><\/tr><tr><td>Pediatria<\/td><td>313<\/td><td>7<\/td><td>43,86<\/td><\/tr><tr><td>Pneumologia<\/td><td>8<\/td><td>2<\/td><td>4<\/td><\/tr><tr><td>Pneumologia Pedi\u00e1trica<\/td><td>9<\/td><td>2<\/td><td>4,5<\/td><\/tr><tr><td>Psiquiatria<\/td><td>138<\/td><td>2<\/td><td>69<\/td><\/tr><tr><td>R4 Opcional em Neurologia<\/td><td>4<\/td><td>2<\/td><td>2<\/td><\/tr><tr><td>Radiologia e Diagn\u00f3stico por Imagem<\/td><td>123<\/td><td>4<\/td><td>30,75<\/td><\/tr><tr><td>Reprodu\u00e7\u00e3o Humana\/Assistida<\/td><td>6<\/td><td>2<\/td><td>3<\/td><\/tr><tr><td>Reumatologia<\/td><td>8<\/td><td>2<\/td><td>4<\/td><\/tr><tr><td>Ultrassonografia em Ginecologia e Obstetr\u00edcia<\/td><td>2<\/td><td>2<\/td><td>1<\/td><\/tr><tr><td>Urologia<\/td><td>15<\/td><td>1<\/td><td>15<\/td><\/tr><\/tbody><\/table><\/figure>\n\n\n\n<h3 class=\"wp-block-heading\" id=\"h-hospital-do-coracao-anis-rassi\"><span class=\"ez-toc-section\" id=\"Hospital_do_Coracao_Anis_Rassi\"><\/span><strong>Hospital do Cora\u00e7\u00e3o Anis Rassi<\/strong><span class=\"ez-toc-section-end\"><\/span><\/h3>\n\n\n\n<figure class=\"wp-block-table\"><table class=\"has-fixed-layout\"><tbody><tr><td><strong>Especialidade<\/strong><\/td><td><strong><strong>Inscritos<\/strong> <strong>totais<\/strong><\/strong><\/td><td><strong>Vagas<\/strong><\/td><td><strong><strong>Rela\u00e7\u00e3o\/ Candidato Vaga<\/strong><br><\/strong>Ampla Concorr\u00eancia<\/td><\/tr><tr><td>Cardiologia<\/td><td>32<\/td><td>2<\/td><td>16<\/td><\/tr><\/tbody><\/table><\/figure>\n\n\n\n<h2 class=\"wp-block-heading\"><span class=\"ez-toc-section\" id=\"Hospital_e_Maternidade_Aristina_Candida\"><\/span><strong>Hospital e Maternidade Aristina C\u00e2ndida<\/strong><span class=\"ez-toc-section-end\"><\/span><\/h2>\n\n\n\n<figure class=\"wp-block-table\"><table class=\"has-fixed-layout\"><tbody><tr><td><strong>Especialidade<\/strong><\/td><td><strong>Inscritos totais<\/strong><\/td><td><strong>Vagas<\/strong><\/td><td><strong>Rela\u00e7\u00e3o candidato\/vagas<\/strong>Ampla Concorr\u00eancia<\/td><\/tr><tr><td>Ginecologia e Obstetr\u00edcia<\/td><td>199<\/td><td>4<\/td><td>49,75<\/td><\/tr><\/tbody><\/table><\/figure>\n\n\n\n<h2 class=\"wp-block-heading\"><span class=\"ez-toc-section\" id=\"Hospital_e_Maternidade_Dona_Iris\"><\/span><strong>Hospital e Maternidade Dona Iris<\/strong><span class=\"ez-toc-section-end\"><\/span><\/h2>\n\n\n\n<figure class=\"wp-block-table\"><table class=\"has-fixed-layout\"><tbody><tr><td><strong>Especialidade<\/strong><\/td><td><strong>Inscritos totais<\/strong><\/td><td><strong>Vagas<\/strong><\/td><td><strong>Rela\u00e7\u00e3o candidato\/vagas<\/strong>Ampla Concorr\u00eancia<\/td><\/tr><tr><td>Ginecologia e Obstetr\u00edcia<\/td><td>302<\/td><td>4<\/td><td>72,5<\/td><\/tr><tr><td>Mastologia<\/td><td>\u2013<\/td><td>1<\/td><td>\u2013<\/td><\/tr><tr><td>Medicina de Fam\u00edlia e Comunidade<\/td><td>75<\/td><td>7<\/td><td>10,43<\/td><\/tr><tr><td>Neonatologia<\/td><td>11<\/td><td>3<\/td><td>3,67<\/td><\/tr><tr><td>Pediatria<\/td><td>266<\/td><td>4<\/td><td>65,25<\/td><\/tr><\/tbody><\/table><\/figure>\n\n\n\n<h2 class=\"wp-block-heading\"><span class=\"ez-toc-section\" id=\"Hospital_Espirita_Euripedes_Barsanulfo\"><\/span><strong>Hospital Esp\u00edrita Eur\u00edpedes Barsanulfo<\/strong><span class=\"ez-toc-section-end\"><\/span><\/h2>\n\n\n\n<figure class=\"wp-block-table\"><table class=\"has-fixed-layout\"><tbody><tr><td><strong>Especialidade<\/strong><\/td><td><strong>Inscritos totais<\/strong><\/td><td><strong>Vagas<\/strong><\/td><td><strong>Rela\u00e7\u00e3o candidato\/vagas<\/strong>Ampla Concorr\u00eancia<\/td><\/tr><tr><td>Psiquiatria<\/td><td>228<\/td><td>4<\/td><td>53,5<\/td><\/tr><\/tbody><\/table><\/figure>\n\n\n\n<h2 class=\"wp-block-heading\"><span class=\"ez-toc-section\" id=\"Hospital_Ortopedico_de_Ceres\"><\/span><strong>Hospital Ortop\u00e9dico de Ceres<\/strong><span class=\"ez-toc-section-end\"><\/span><\/h2>\n\n\n\n<figure class=\"wp-block-table\"><table class=\"has-fixed-layout\"><tbody><tr><td><strong>Especialidade<\/strong><\/td><td><strong>Inscritos totais<\/strong><\/td><td><strong>Vagas<\/strong><\/td><td><strong>Rela\u00e7\u00e3o candidato\/vagas<\/strong>Ampla Concorr\u00eancia<\/td><\/tr><tr><td>Dor<\/td><td>2<\/td><td>1<\/td><td>2<\/td><\/tr><tr><td>Ortopedia e Traumatologia<\/td><td>42<\/td><td>1<\/td><td>42<\/td><\/tr><\/tbody><\/table><\/figure>\n\n\n\n<h2 class=\"wp-block-heading\"><span class=\"ez-toc-section\" id=\"Hospital_Santa_Helena\"><\/span><strong>Hospital Santa Helena<\/strong><span class=\"ez-toc-section-end\"><\/span><\/h2>\n\n\n\n<figure class=\"wp-block-table\"><table class=\"has-fixed-layout\"><tbody><tr><td><strong>Especialidade<\/strong><\/td><td><strong>Inscritos totais<\/strong><\/td><td><strong>Vagas<\/strong><\/td><td><strong>Rela\u00e7\u00e3o candidato\/vagas<\/strong>Ampla Concorr\u00eancia<\/td><\/tr><tr><td>Anestesiologia<\/td><td>180<\/td><td>3<\/td><td>60<\/td><\/tr><tr><td>Angiorradiologia e Cirurgia Endovascular<\/td><td>4<\/td><td>1<\/td><td>4<\/td><\/tr><tr><td>Cardiologia<\/td><td>7<\/td><td>1<\/td><td>7<\/td><\/tr><tr><td>Cirurgia Vascular<\/td><td>13<\/td><td>1<\/td><td>13<\/td><\/tr><\/tbody><\/table><\/figure>\n\n\n\n<h2 class=\"wp-block-heading\"><span class=\"ez-toc-section\" id=\"Hospital_Santa_Monica\"><\/span><strong>Hospital Santa M\u00f4nica<\/strong><span class=\"ez-toc-section-end\"><\/span><\/h2>\n\n\n\n<figure class=\"wp-block-table\"><table class=\"has-fixed-layout\"><tbody><tr><td><strong>Especialidade<\/strong><\/td><td><strong>Inscritos totais<\/strong><\/td><td><strong>Vagas<\/strong><\/td><td><strong>Rela\u00e7\u00e3o candidato\/vagas<\/strong>Ampla Concorr\u00eancia<\/td><\/tr><tr><td>Cirurgia Geral<\/td><td>103<\/td><td>1<\/td><td>103<\/td><\/tr><tr><td>Medicina Intensiva<\/td><td>12<\/td><td>1<\/td><td>12<\/td><\/tr><tr><td>Neurocirurgia<\/td><td>47<\/td><td>1<\/td><td>47<\/td><\/tr><\/tbody><\/table><\/figure>\n\n\n\n<h2 class=\"wp-block-heading\"><span class=\"ez-toc-section\" id=\"Hospital_Sao_Francisco_de_Assis\"><\/span><strong>Hospital S\u00e3o Francisco de Assis<\/strong><span class=\"ez-toc-section-end\"><\/span><\/h2>\n\n\n\n<figure class=\"wp-block-table\"><table class=\"has-fixed-layout\"><tbody><tr><td><strong>Especialidade<\/strong><\/td><td><strong>Inscritos totais<\/strong><\/td><td><strong>Vagas<\/strong><\/td><td><strong>Rela\u00e7\u00e3o candidato\/vagas<\/strong>Ampla Concorr\u00eancia<\/td><\/tr><tr><td>Cirurgia Vascular<\/td><td>10<\/td><td>1<\/td><td>10<\/td><\/tr><\/tbody><\/table><\/figure>\n\n\n\n<h2 class=\"wp-block-heading\"><span class=\"ez-toc-section\" id=\"Ipo-Instituto_de_Cirurgia_Plastica_e_Oftalmologia_%E2%80%93_Hospital_Premium\"><\/span><strong>Ipo-Instituto de Cirurgia Pl\u00e1stica e Oftalmologia &#8211; Hospital Premium<\/strong><span class=\"ez-toc-section-end\"><\/span><\/h2>\n\n\n\n<figure class=\"wp-block-table\"><table class=\"has-fixed-layout\"><tbody><tr><td><strong>Especialidade<\/strong><\/td><td><strong>Inscritos totais<\/strong><\/td><td><strong>Vagas<\/strong><\/td><td><strong>Rela\u00e7\u00e3o candidato\/vagas<\/strong>Ampla Concorr\u00eancia<\/td><\/tr><tr><td>Ginecologia e Obstetr\u00edcia<\/td><td>56<\/td><td>1<\/td><td>56<\/td><\/tr><tr><td>Pediatria<\/td><td>64<\/td><td>1<\/td><td>64<\/td><\/tr><\/tbody><\/table><\/figure>\n\n\n\n<h2 class=\"wp-block-heading\"><span class=\"ez-toc-section\" id=\"Santa_Casa_de_Misericordia_de_Goiania\"><\/span><strong>Santa Casa de Miseric\u00f3rdia de Goi\u00e2nia<\/strong><span class=\"ez-toc-section-end\"><\/span><\/h2>\n\n\n\n<figure class=\"wp-block-table\"><table class=\"has-fixed-layout\"><tbody><tr><td><strong>Especialidade<\/strong><\/td><td><strong>Inscritos totais<\/strong><\/td><td><strong>Vagas<\/strong><\/td><td><strong>Rela\u00e7\u00e3o candidato\/vagas<\/strong>Ampla Concorr\u00eancia<\/td><\/tr><tr><td>Anestesiologia<\/td><td>177<\/td><td>3<\/td><td>59<\/td><\/tr><tr><td>Cardiologia<\/td><td>28<\/td><td>4<\/td><td>7<\/td><\/tr><tr><td>Cirurgia do Aparelho Digestivo<\/td><td>8<\/td><td>2<\/td><td>4<\/td><\/tr><tr><td>Cirurgia Geral<\/td><td>266<\/td><td>3<\/td><td>88,67<\/td><\/tr><tr><td>Cirurgia Pl\u00e1stica<\/td><td>34<\/td><td>1<\/td><td>34<\/td><\/tr><tr><td>Cirurgia Vascular<\/td><td>9<\/td><td>2<\/td><td>4,5<\/td><\/tr><tr><td>Cl\u00ednica M\u00e9dica<\/td><td>313<\/td><td>8<\/td><td>38,38<\/td><\/tr><tr><td>Mastologia<\/td><td>\u2013<\/td><td>1<\/td><td>\u2013<\/td><\/tr><tr><td>Medicina Intensiva<\/td><td>32<\/td><td>4<\/td><td>8<\/td><\/tr><tr><td>Nefrologia<\/td><td>8<\/td><td>2<\/td><td>4<\/td><\/tr><tr><td>Neurologia<\/td><td>93<\/td><td>2<\/td><td>46,5<\/td><\/tr><tr><td>Urologia<\/td><td>15<\/td><td>2<\/td><td>7,5<\/td><\/tr><\/tbody><\/table><\/figure>\n\n\n\n<h2 class=\"wp-block-heading\"><span class=\"ez-toc-section\" id=\"Universidade_de_Rio_Verde_%E2%80%93_UniRV\"><\/span><strong>Universidade de Rio Verde &#8211; UniRV<\/strong><span class=\"ez-toc-section-end\"><\/span><\/h2>\n\n\n\n<figure class=\"wp-block-table\"><table class=\"has-fixed-layout\"><tbody><tr><td><strong>Especialidade<\/strong><\/td><td><strong>Inscritos totais<\/strong><\/td><td><strong>Vagas<\/strong><\/td><td><strong>Rela\u00e7\u00e3o candidato\/vagas<\/strong>Ampla Concorr\u00eancia<\/td><\/tr><tr><td>Cirurgia Geral<\/td><td>117<\/td><td>2<\/td><td>58,5<\/td><\/tr><tr><td>Cl\u00ednica M\u00e9dica<\/td><td>119<\/td><td>5<\/td><td>23,2<\/td><\/tr><tr><td>Ginecologia e Obstetr\u00edcia<\/td><td>159<\/td><td>5<\/td><td>31,2<\/td><\/tr><tr><td>Medicina de Fam\u00edlia e Comunidade<\/td><td>38<\/td><td>4<\/td><td>9,5<\/td><\/tr><tr><td>Medicina Intensiva<\/td><td>11<\/td><td>2<\/td><td>5,5<\/td><\/tr><tr><td>Ortopedia e Traumatologia<\/td><td>62<\/td><td>2<\/td><td>31<\/td><\/tr><tr><td>Pediatria<\/td><td>131<\/td><td>4<\/td><td>32,75<\/td><\/tr><\/tbody><\/table><\/figure>\n\n\n\n<h2 class=\"wp-block-heading\"><span class=\"ez-toc-section\" id=\"Universidade_Evangelica_de_GoiasUniEVANGELICA\"><\/span><strong>Universidade Evang\u00e9lica de Goi\u00e1s\/UniEVANG\u00c9LICA<\/strong><span class=\"ez-toc-section-end\"><\/span><\/h2>\n\n\n\n<figure class=\"wp-block-table\"><table class=\"has-fixed-layout\"><tbody><tr><td><strong>Especialidade<\/strong><\/td><td><strong>Inscritos totais<\/strong><\/td><td><strong>Vagas<\/strong><\/td><td><strong>Rela\u00e7\u00e3o candidato\/vagas<\/strong>Ampla Concorr\u00eancia<\/td><\/tr><tr><td>Anestesiologia<\/td><td>165<\/td><td>3<\/td><td>55<\/td><\/tr><tr><td>Cardiologia<\/td><td>16<\/td><td>4<\/td><td>4<\/td><\/tr><tr><td>Cirurgia Geral<\/td><td>82<\/td><td>1<\/td><td>82<\/td><\/tr><tr><td>Cl\u00ednica M\u00e9dica<\/td><td>229<\/td><td>7<\/td><td>31,86<\/td><\/tr><tr><td>Ginecologia e Obstetr\u00edcia<\/td><td>116<\/td><td>2<\/td><td>58<\/td><\/tr><tr><td>Medicina de Emerg\u00eancia<\/td><td>2<\/td><td>\u2013<\/td><td>\u2013<\/td><\/tr><tr><td>Medicina de Fam\u00edlia e Comunidade<\/td><td>98<\/td><td>11<\/td><td>8,55<\/td><\/tr><tr><td>Neonatologia<\/td><td>6<\/td><td>2<\/td><td>3<\/td><\/tr><tr><td>Oncologia Cl\u00ednica<\/td><td>7<\/td><td>2<\/td><td>3,5<\/td><\/tr><tr><td>Ortopedia e Traumatologia<\/td><td>20<\/td><td>\u2013<\/td><td>\u2013<\/td><\/tr><tr><td>Pediatria<\/td><td>158<\/td><td>3<\/td><td>52,67<\/td><\/tr><tr><td>Psiquiatria<\/td><td>119<\/td><td>2<\/td><td>59,5<\/td><\/tr><\/tbody><\/table><\/figure>\n\n\n\n<h2 class=\"wp-block-heading\"><span class=\"ez-toc-section\" id=\"Universidade_Federal_de_Jatai_%E2%80%93_UFJ\"><\/span><strong>Universidade Federal de Jata\u00ed &#8211; UFJ<\/strong><span class=\"ez-toc-section-end\"><\/span><\/h2>\n\n\n\n<figure class=\"wp-block-table\"><table class=\"has-fixed-layout\"><tbody><tr><td><strong>Especialidade<\/strong><\/td><td><strong>Inscritos totais<\/strong><\/td><td><strong>Vagas<\/strong><\/td><td><strong>Rela\u00e7\u00e3o candidato\/vagas<\/strong>Ampla Concorr\u00eancia<\/td><\/tr><tr><td>Cl\u00ednica M\u00e9dica<\/td><td>100<\/td><td>4<\/td><td>25<\/td><\/tr><\/tbody><\/table><\/figure>\n\n\n\n<p><strong>Confira o documento disponibilizado:<\/strong><\/p>\n\n\n\n<div data-wp-interactive=\"core\/file\" class=\"wp-block-file\"><object data-wp-bind--hidden=\"!state.hasPdfPreview\" hidden class=\"wp-block-file__embed\" data=\"https:\/\/www.grupomedcof.com.br\/blog\/wp-content\/uploads\/2024\/11\/RelacaoCandidatoVaga-PSUGO2026-20251112151017.pdf\" type=\"application\/pdf\" style=\"width:100%;height:600px\" aria-label=\"Incorporado de RelacaoCandidatoVaga-PSUGO2026-20251112151017.\"><\/object><a id=\"wp-block-file--media-216d0e58-6eeb-4dce-9e8d-1a229175a501\" href=\"https:\/\/www.grupomedcof.com.br\/blog\/wp-content\/uploads\/2024\/11\/RelacaoCandidatoVaga-PSUGO2026-20251112151017.pdf\">RelacaoCandidatoVaga-PSUGO2026-20251112151017<\/a><a href=\"https:\/\/www.grupomedcof.com.br\/blog\/wp-content\/uploads\/2024\/11\/RelacaoCandidatoVaga-PSUGO2026-20251112151017.pdf\" class=\"wp-block-file__button wp-element-button\" download aria-describedby=\"wp-block-file--media-216d0e58-6eeb-4dce-9e8d-1a229175a501\">Baixar<\/a><\/div>\n\n\n\n<h2 class=\"wp-block-heading\" id=\"h-cronograma-psu-go-2025-2026\"><span class=\"ez-toc-section\" id=\"Cronograma_PSU-GO_20252026\"><\/span><strong>Cronograma PSU-GO 2025\/2026<\/strong><span class=\"ez-toc-section-end\"><\/span><\/h2>\n\n\n\n<figure class=\"wp-block-table\"><table class=\"has-fixed-layout\"><tbody><tr><td><strong>Inscri\u00e7\u00f5es e Envio do Curr\u00edculo<\/strong><\/td><td>22\/09 a 13\/10\/2025<\/td><\/tr><tr><td><strong>Aplica\u00e7\u00e3o da Prova Objetiva e Divulga\u00e7\u00e3o do Gabarito<\/strong><\/td><td>23\/11\/2025<\/td><\/tr><tr><td><strong>Recursos ao Gabarito<\/strong><\/td><td>24 e 25\/11\/2025<\/td><\/tr><tr><td><strong>Resultado da Prova<\/strong><\/td><td>09\/12\/2025<\/td><\/tr><tr><td><strong>Resultado preliminar da An\u00e1lise Curricular<\/strong><\/td><td>13\/01\/2026<\/td><\/tr><tr><td><strong>Nota final com a Ordem de Prefer\u00eancia<\/strong><\/td><td>21\/01\/2026<\/td><\/tr><tr><td><strong>Resultado final \u2013 Convoca\u00e7\u00e3o<\/strong><\/td><td>26\/01\/2026<\/td><\/tr><\/tbody><\/table><\/figure>\n\n\n\n<h2 class=\"wp-block-heading\" id=\"o-m\u00e9todo-que-te-aprova\"><span class=\"ez-toc-section\" id=\"O_metodo_que_te_aprova\"><\/span><strong>O m\u00e9todo que te aprova!<\/strong><span class=\"ez-toc-section-end\"><\/span><\/h2>\n\n\n\n<p>Quer alcan\u00e7ar a aprova\u00e7\u00e3o nas provas de resid\u00eancia m\u00e9dica? Ent\u00e3o seja um&nbsp;<a href=\"https:\/\/www.grupomedcof.com.br\/home\/\" target=\"_blank\" rel=\"noreferrer noopener\">MedCoffer<\/a>! Aqui te ajudaremos na busca da aprova\u00e7\u00e3o com conte\u00fados de qualidade e uma&nbsp;<a href=\"https:\/\/www.grupomedcof.com.br\/blog\/presenca-da-medcof-nas-aprovacoes-em-residencia-medica-no-brasil\/\" target=\"_blank\" rel=\"noreferrer noopener\">metodologia que j\u00e1 aprovou mais de 10 mil residentes no pa\u00eds!&nbsp;<\/a>Por fim, acesse o nosso<a href=\"https:\/\/www.youtube.com\/@GrupoMedcof\/featured\" target=\"_blank\" rel=\"noreferrer noopener\">&nbsp;<strong>canal do youtube&nbsp;<\/strong><\/a>para ver o nosso material.&nbsp;<\/p>\n\n\n\n<figure class=\"wp-block-embed is-type-video is-provider-youtube wp-block-embed-youtube wp-embed-aspect-16-9 wp-has-aspect-ratio\"><div class=\"wp-block-embed__wrapper\">\n<div class=\"youtube-embed\" data-video_id=\"\"><iframe loading=\"lazy\" title=\"Como faremos em 2026 pra ficar melhor hein? Grande desafio.\" width=\"563\" height=\"1000\" src=\"https:\/\/www.youtube.com\/embed\/DIrWgK5VMVA?feature=oembed&#038;enablejsapi=1\" frameborder=\"0\" allow=\"accelerometer; autoplay; clipboard-write; encrypted-media; gyroscope; picture-in-picture; web-share\" referrerpolicy=\"strict-origin-when-cross-origin\" allowfullscreen><\/iframe><\/div>\n<\/div><\/figure>\n","protected":false},"excerpt":{"rendered":"<p>A Associa\u00e7\u00e3o de Apoio \u00e0 Resid\u00eancia M\u00e9dica de Goi\u00e1s divulgou a\u00a0concorr\u00eancia oficial\u00a0do Processo Seletivo Unificado de Goi\u00e1s (PSU-GO). Confira!<\/p>\n","protected":false},"author":6,"featured_media":39319,"comment_status":"open","ping_status":"open","sticky":false,"template":"","format":"standard","meta":{"footnotes":""},"categories":[287,174],"tags":[2125,261,2208,68],"ppma_author":[3609],"class_list":{"0":"post-31437","1":"post","2":"type-post","3":"status-publish","4":"format-standard","5":"has-post-thumbnail","7":"category-destaques-medcof","8":"category-residencia-medica","9":"tag-concorrencia","10":"tag-psu-go","11":"tag-relacao-candidato-vaga","12":"tag-residencia-medica"},"yoast_head":"<!-- This site is optimized with the Yoast SEO Premium plugin v24.3 (Yoast SEO v27.4) - https:\/\/yoast.com\/product\/yoast-seo-premium-wordpress\/ -->\n<title>Confira vagas, inscritos e concorr\u00eancia do PSU-GO 2025\/2026<\/title>\n<meta name=\"description\" content=\"A Associa\u00e7\u00e3o de Apoio \u00e0 Resid\u00eancia M\u00e9dica de Goi\u00e1s divulgou a\u00a0concorr\u00eancia oficial\u00a0do Processo Seletivo Unificado de Goi\u00e1s (PSU-GO). Confira!\" \/>\n<meta name=\"robots\" content=\"index, follow, max-snippet:-1, max-image-preview:large, max-video-preview:-1\" \/>\n<link rel=\"canonical\" href=\"https:\/\/www.grupomedcof.com.br\/blog\/concorrencia-psu-go\/\" \/>\n<meta property=\"og:locale\" content=\"pt_BR\" \/>\n<meta property=\"og:type\" content=\"article\" \/>\n<meta property=\"og:title\" content=\"Confira a rela\u00e7\u00e3o candidato\/vaga do PSU-GO 2025\/2026\" \/>\n<meta property=\"og:description\" content=\"A Associa\u00e7\u00e3o de Apoio \u00e0 Resid\u00eancia M\u00e9dica de Goi\u00e1s divulgou a\u00a0concorr\u00eancia oficial\u00a0do Processo Seletivo Unificado de Goi\u00e1s (PSU-GO). Confira!\" \/>\n<meta property=\"og:url\" content=\"https:\/\/www.grupomedcof.com.br\/blog\/concorrencia-psu-go\/\" \/>\n<meta property=\"og:site_name\" content=\"Blog de Medcof: conte\u00fados, editais, revalida e mais!\" \/>\n<meta property=\"article:publisher\" content=\"https:\/\/www.facebook.com\/MedCofQbank\/\" \/>\n<meta property=\"article:published_time\" content=\"2025-11-12T20:14:38+00:00\" \/>\n<meta property=\"article:modified_time\" content=\"2025-11-12T20:15:00+00:00\" \/>\n<meta property=\"og:image\" content=\"https:\/\/www.grupomedcof.com.br\/blog\/wp-content\/uploads\/2024\/11\/Modelo-instituicoes-scaled.png\" \/>\n\t<meta property=\"og:image:width\" content=\"2560\" \/>\n\t<meta property=\"og:image:height\" content=\"1440\" \/>\n\t<meta property=\"og:image:type\" content=\"image\/png\" \/>\n<meta name=\"author\" content=\"J\u00falia Moreira\" \/>\n<meta name=\"twitter:card\" content=\"summary_large_image\" \/>\n<meta name=\"twitter:label1\" content=\"Escrito por\" \/>\n\t<meta name=\"twitter:data1\" content=\"J\u00falia Moreira\" \/>\n\t<meta name=\"twitter:label2\" content=\"Est. tempo de leitura\" \/>\n\t<meta name=\"twitter:data2\" content=\"6 minutos\" \/>\n<script type=\"application\/ld+json\" class=\"yoast-schema-graph\">{\"@context\":\"https:\\\/\\\/schema.org\",\"@graph\":[{\"@type\":\"Article\",\"@id\":\"https:\\\/\\\/www.grupomedcof.com.br\\\/blog\\\/concorrencia-psu-go\\\/#article\",\"isPartOf\":{\"@id\":\"https:\\\/\\\/www.grupomedcof.com.br\\\/blog\\\/concorrencia-psu-go\\\/\"},\"author\":{\"name\":\"J\u00falia Moreira\",\"@id\":\"https:\\\/\\\/www.grupomedcof.com.br\\\/blog\\\/#\\\/schema\\\/person\\\/1375e0ce724529d7a1d8156ea7f8ceaa\"},\"headline\":\"Confira a rela\u00e7\u00e3o candidato\\\/vaga do PSU-GO 2025\\\/2026\",\"datePublished\":\"2025-11-12T20:14:38+00:00\",\"dateModified\":\"2025-11-12T20:15:00+00:00\",\"mainEntityOfPage\":{\"@id\":\"https:\\\/\\\/www.grupomedcof.com.br\\\/blog\\\/concorrencia-psu-go\\\/\"},\"wordCount\":772,\"commentCount\":0,\"publisher\":{\"@id\":\"https:\\\/\\\/www.grupomedcof.com.br\\\/blog\\\/#organization\"},\"image\":{\"@id\":\"https:\\\/\\\/www.grupomedcof.com.br\\\/blog\\\/concorrencia-psu-go\\\/#primaryimage\"},\"thumbnailUrl\":\"https:\\\/\\\/www.grupomedcof.com.br\\\/blog\\\/wp-content\\\/uploads\\\/2024\\\/11\\\/Modelo-instituicoes-scaled.png\",\"keywords\":[\"Concorr\u00eancia\",\"PSU-GO\",\"Rela\u00e7\u00e3o candidato\\\/vaga\",\"Resid\u00eancia M\u00e9dica\"],\"articleSection\":[\"Destaques MedCof\",\"Resid\u00eancia m\u00e9dica: editais, resultados, temas quentes e mais\"],\"inLanguage\":\"pt-BR\"},{\"@type\":\"WebPage\",\"@id\":\"https:\\\/\\\/www.grupomedcof.com.br\\\/blog\\\/concorrencia-psu-go\\\/\",\"url\":\"https:\\\/\\\/www.grupomedcof.com.br\\\/blog\\\/concorrencia-psu-go\\\/\",\"name\":\"Confira vagas, inscritos e concorr\u00eancia do PSU-GO 2025\\\/2026\",\"isPartOf\":{\"@id\":\"https:\\\/\\\/www.grupomedcof.com.br\\\/blog\\\/#website\"},\"primaryImageOfPage\":{\"@id\":\"https:\\\/\\\/www.grupomedcof.com.br\\\/blog\\\/concorrencia-psu-go\\\/#primaryimage\"},\"image\":{\"@id\":\"https:\\\/\\\/www.grupomedcof.com.br\\\/blog\\\/concorrencia-psu-go\\\/#primaryimage\"},\"thumbnailUrl\":\"https:\\\/\\\/www.grupomedcof.com.br\\\/blog\\\/wp-content\\\/uploads\\\/2024\\\/11\\\/Modelo-instituicoes-scaled.png\",\"datePublished\":\"2025-11-12T20:14:38+00:00\",\"dateModified\":\"2025-11-12T20:15:00+00:00\",\"description\":\"A Associa\u00e7\u00e3o de Apoio \u00e0 Resid\u00eancia M\u00e9dica de Goi\u00e1s divulgou a\u00a0concorr\u00eancia oficial\u00a0do Processo Seletivo Unificado de Goi\u00e1s (PSU-GO). Confira!\",\"breadcrumb\":{\"@id\":\"https:\\\/\\\/www.grupomedcof.com.br\\\/blog\\\/concorrencia-psu-go\\\/#breadcrumb\"},\"inLanguage\":\"pt-BR\",\"potentialAction\":[{\"@type\":\"ReadAction\",\"target\":[\"https:\\\/\\\/www.grupomedcof.com.br\\\/blog\\\/concorrencia-psu-go\\\/\"]}]},{\"@type\":\"ImageObject\",\"inLanguage\":\"pt-BR\",\"@id\":\"https:\\\/\\\/www.grupomedcof.com.br\\\/blog\\\/concorrencia-psu-go\\\/#primaryimage\",\"url\":\"https:\\\/\\\/www.grupomedcof.com.br\\\/blog\\\/wp-content\\\/uploads\\\/2024\\\/11\\\/Modelo-instituicoes-scaled.png\",\"contentUrl\":\"https:\\\/\\\/www.grupomedcof.com.br\\\/blog\\\/wp-content\\\/uploads\\\/2024\\\/11\\\/Modelo-instituicoes-scaled.png\",\"width\":2560,\"height\":1440,\"caption\":\"Processo seletivo unificado para residencia medica goi\u00e1s, psu go 2025\\\/2026, concorr\u00eancia, rela\u00e7\u00e3o candidato vaga\"},{\"@type\":\"BreadcrumbList\",\"@id\":\"https:\\\/\\\/www.grupomedcof.com.br\\\/blog\\\/concorrencia-psu-go\\\/#breadcrumb\",\"itemListElement\":[{\"@type\":\"ListItem\",\"position\":1,\"name\":\"In\u00edcio\",\"item\":\"https:\\\/\\\/www.grupomedcof.com.br\\\/blog\\\/\"},{\"@type\":\"ListItem\",\"position\":2,\"name\":\"Confira a rela\u00e7\u00e3o candidato\\\/vaga do PSU-GO 2025\\\/2026\"}]},{\"@type\":\"WebSite\",\"@id\":\"https:\\\/\\\/www.grupomedcof.com.br\\\/blog\\\/#website\",\"url\":\"https:\\\/\\\/www.grupomedcof.com.br\\\/blog\\\/\",\"name\":\"Blog de Medcof: conte\u00fados, editais, revalida e mais!\",\"description\":\"Acesso o blog de MedCof! Seu portal de conte\u00fados sobre resid\u00eancia m\u00e9dica, an\u00e1lise e editais e muito mais. Clique e confira!\",\"publisher\":{\"@id\":\"https:\\\/\\\/www.grupomedcof.com.br\\\/blog\\\/#organization\"},\"alternateName\":\"Blog de Medcof: conte\u00fados, editais, revalida e mais!\",\"potentialAction\":[{\"@type\":\"SearchAction\",\"target\":{\"@type\":\"EntryPoint\",\"urlTemplate\":\"https:\\\/\\\/www.grupomedcof.com.br\\\/blog\\\/?s={search_term_string}\"},\"query-input\":{\"@type\":\"PropertyValueSpecification\",\"valueRequired\":true,\"valueName\":\"search_term_string\"}}],\"inLanguage\":\"pt-BR\"},{\"@type\":\"Organization\",\"@id\":\"https:\\\/\\\/www.grupomedcof.com.br\\\/blog\\\/#organization\",\"name\":\"Grupo MedCof\",\"url\":\"https:\\\/\\\/www.grupomedcof.com.br\\\/blog\\\/\",\"logo\":{\"@type\":\"ImageObject\",\"inLanguage\":\"pt-BR\",\"@id\":\"https:\\\/\\\/www.grupomedcof.com.br\\\/blog\\\/#\\\/schema\\\/logo\\\/image\\\/\",\"url\":\"https:\\\/\\\/www.grupomedcof.com.br\\\/blog\\\/wp-content\\\/uploads\\\/2022\\\/01\\\/logo-medcof.png\",\"contentUrl\":\"https:\\\/\\\/www.grupomedcof.com.br\\\/blog\\\/wp-content\\\/uploads\\\/2022\\\/01\\\/logo-medcof.png\",\"width\":768,\"height\":269,\"caption\":\"Grupo MedCof\"},\"image\":{\"@id\":\"https:\\\/\\\/www.grupomedcof.com.br\\\/blog\\\/#\\\/schema\\\/logo\\\/image\\\/\"},\"sameAs\":[\"https:\\\/\\\/www.facebook.com\\\/MedCofQbank\\\/\",\"https:\\\/\\\/www.instagram.com\\\/grupomedcof\\\/\",\"https:\\\/\\\/br.linkedin.com\\\/company\\\/medcof\",\"https:\\\/\\\/www.youtube.com\\\/channel\\\/UCdHMuOHKICxcHwecxN8P-AA\"]},{\"@type\":\"Person\",\"@id\":\"https:\\\/\\\/www.grupomedcof.com.br\\\/blog\\\/#\\\/schema\\\/person\\\/1375e0ce724529d7a1d8156ea7f8ceaa\",\"name\":\"J\u00falia Moreira\",\"image\":{\"@type\":\"ImageObject\",\"inLanguage\":\"pt-BR\",\"@id\":\"https:\\\/\\\/www.grupomedcof.com.br\\\/blog\\\/wp-content\\\/uploads\\\/2024\\\/12\\\/cropped-Captura-de-tela-2023-12-15-094946-96x96.png6a0083ac34a0445de97d55fae63a4a41\",\"url\":\"https:\\\/\\\/www.grupomedcof.com.br\\\/blog\\\/wp-content\\\/uploads\\\/2024\\\/12\\\/cropped-Captura-de-tela-2023-12-15-094946-96x96.png\",\"contentUrl\":\"https:\\\/\\\/www.grupomedcof.com.br\\\/blog\\\/wp-content\\\/uploads\\\/2024\\\/12\\\/cropped-Captura-de-tela-2023-12-15-094946-96x96.png\",\"caption\":\"J\u00falia Moreira\"},\"description\":\"Estudante do 8\u00ba semestre de Jornalismo na ECA-USP, f\u00e3 de filmes de terror e m\u00fasica popular sul-coreana.\",\"sameAs\":[\"https:\\\/\\\/www.grupomedcof.com.br\\\/\"],\"url\":\"https:\\\/\\\/www.grupomedcof.com.br\\\/blog\\\/author\\\/julia\\\/\"}]}<\/script>\n<!-- \/ Yoast SEO Premium plugin. -->","yoast_head_json":{"title":"Confira vagas, inscritos e concorr\u00eancia do PSU-GO 2025\/2026","description":"A Associa\u00e7\u00e3o de Apoio \u00e0 Resid\u00eancia M\u00e9dica de Goi\u00e1s divulgou a\u00a0concorr\u00eancia oficial\u00a0do Processo Seletivo Unificado de Goi\u00e1s (PSU-GO). Confira!","robots":{"index":"index","follow":"follow","max-snippet":"max-snippet:-1","max-image-preview":"max-image-preview:large","max-video-preview":"max-video-preview:-1"},"canonical":"https:\/\/www.grupomedcof.com.br\/blog\/concorrencia-psu-go\/","og_locale":"pt_BR","og_type":"article","og_title":"Confira a rela\u00e7\u00e3o candidato\/vaga do PSU-GO 2025\/2026","og_description":"A Associa\u00e7\u00e3o de Apoio \u00e0 Resid\u00eancia M\u00e9dica de Goi\u00e1s divulgou a\u00a0concorr\u00eancia oficial\u00a0do Processo Seletivo Unificado de Goi\u00e1s (PSU-GO). Confira!","og_url":"https:\/\/www.grupomedcof.com.br\/blog\/concorrencia-psu-go\/","og_site_name":"Blog de Medcof: conte\u00fados, editais, revalida e mais!","article_publisher":"https:\/\/www.facebook.com\/MedCofQbank\/","article_published_time":"2025-11-12T20:14:38+00:00","article_modified_time":"2025-11-12T20:15:00+00:00","og_image":[{"width":2560,"height":1440,"url":"https:\/\/www.grupomedcof.com.br\/blog\/wp-content\/uploads\/2024\/11\/Modelo-instituicoes-scaled.png","type":"image\/png"}],"author":"J\u00falia Moreira","twitter_card":"summary_large_image","twitter_misc":{"Escrito por":"J\u00falia Moreira","Est. tempo de leitura":"6 minutos"},"schema":{"@context":"https:\/\/schema.org","@graph":[{"@type":"Article","@id":"https:\/\/www.grupomedcof.com.br\/blog\/concorrencia-psu-go\/#article","isPartOf":{"@id":"https:\/\/www.grupomedcof.com.br\/blog\/concorrencia-psu-go\/"},"author":{"name":"J\u00falia Moreira","@id":"https:\/\/www.grupomedcof.com.br\/blog\/#\/schema\/person\/1375e0ce724529d7a1d8156ea7f8ceaa"},"headline":"Confira a rela\u00e7\u00e3o candidato\/vaga do PSU-GO 2025\/2026","datePublished":"2025-11-12T20:14:38+00:00","dateModified":"2025-11-12T20:15:00+00:00","mainEntityOfPage":{"@id":"https:\/\/www.grupomedcof.com.br\/blog\/concorrencia-psu-go\/"},"wordCount":772,"commentCount":0,"publisher":{"@id":"https:\/\/www.grupomedcof.com.br\/blog\/#organization"},"image":{"@id":"https:\/\/www.grupomedcof.com.br\/blog\/concorrencia-psu-go\/#primaryimage"},"thumbnailUrl":"https:\/\/www.grupomedcof.com.br\/blog\/wp-content\/uploads\/2024\/11\/Modelo-instituicoes-scaled.png","keywords":["Concorr\u00eancia","PSU-GO","Rela\u00e7\u00e3o candidato\/vaga","Resid\u00eancia M\u00e9dica"],"articleSection":["Destaques MedCof","Resid\u00eancia m\u00e9dica: editais, resultados, temas quentes e mais"],"inLanguage":"pt-BR"},{"@type":"WebPage","@id":"https:\/\/www.grupomedcof.com.br\/blog\/concorrencia-psu-go\/","url":"https:\/\/www.grupomedcof.com.br\/blog\/concorrencia-psu-go\/","name":"Confira vagas, inscritos e concorr\u00eancia do PSU-GO 2025\/2026","isPartOf":{"@id":"https:\/\/www.grupomedcof.com.br\/blog\/#website"},"primaryImageOfPage":{"@id":"https:\/\/www.grupomedcof.com.br\/blog\/concorrencia-psu-go\/#primaryimage"},"image":{"@id":"https:\/\/www.grupomedcof.com.br\/blog\/concorrencia-psu-go\/#primaryimage"},"thumbnailUrl":"https:\/\/www.grupomedcof.com.br\/blog\/wp-content\/uploads\/2024\/11\/Modelo-instituicoes-scaled.png","datePublished":"2025-11-12T20:14:38+00:00","dateModified":"2025-11-12T20:15:00+00:00","description":"A Associa\u00e7\u00e3o de Apoio \u00e0 Resid\u00eancia M\u00e9dica de Goi\u00e1s divulgou a\u00a0concorr\u00eancia oficial\u00a0do Processo Seletivo Unificado de Goi\u00e1s (PSU-GO). Confira!","breadcrumb":{"@id":"https:\/\/www.grupomedcof.com.br\/blog\/concorrencia-psu-go\/#breadcrumb"},"inLanguage":"pt-BR","potentialAction":[{"@type":"ReadAction","target":["https:\/\/www.grupomedcof.com.br\/blog\/concorrencia-psu-go\/"]}]},{"@type":"ImageObject","inLanguage":"pt-BR","@id":"https:\/\/www.grupomedcof.com.br\/blog\/concorrencia-psu-go\/#primaryimage","url":"https:\/\/www.grupomedcof.com.br\/blog\/wp-content\/uploads\/2024\/11\/Modelo-instituicoes-scaled.png","contentUrl":"https:\/\/www.grupomedcof.com.br\/blog\/wp-content\/uploads\/2024\/11\/Modelo-instituicoes-scaled.png","width":2560,"height":1440,"caption":"Processo seletivo unificado para residencia medica goi\u00e1s, psu go 2025\/2026, concorr\u00eancia, rela\u00e7\u00e3o candidato vaga"},{"@type":"BreadcrumbList","@id":"https:\/\/www.grupomedcof.com.br\/blog\/concorrencia-psu-go\/#breadcrumb","itemListElement":[{"@type":"ListItem","position":1,"name":"In\u00edcio","item":"https:\/\/www.grupomedcof.com.br\/blog\/"},{"@type":"ListItem","position":2,"name":"Confira a rela\u00e7\u00e3o candidato\/vaga do PSU-GO 2025\/2026"}]},{"@type":"WebSite","@id":"https:\/\/www.grupomedcof.com.br\/blog\/#website","url":"https:\/\/www.grupomedcof.com.br\/blog\/","name":"Blog de Medcof: conte\u00fados, editais, revalida e mais!","description":"Acesso o blog de MedCof! Seu portal de conte\u00fados sobre resid\u00eancia m\u00e9dica, an\u00e1lise e editais e muito mais. Clique e confira!","publisher":{"@id":"https:\/\/www.grupomedcof.com.br\/blog\/#organization"},"alternateName":"Blog de Medcof: conte\u00fados, editais, revalida e mais!","potentialAction":[{"@type":"SearchAction","target":{"@type":"EntryPoint","urlTemplate":"https:\/\/www.grupomedcof.com.br\/blog\/?s={search_term_string}"},"query-input":{"@type":"PropertyValueSpecification","valueRequired":true,"valueName":"search_term_string"}}],"inLanguage":"pt-BR"},{"@type":"Organization","@id":"https:\/\/www.grupomedcof.com.br\/blog\/#organization","name":"Grupo MedCof","url":"https:\/\/www.grupomedcof.com.br\/blog\/","logo":{"@type":"ImageObject","inLanguage":"pt-BR","@id":"https:\/\/www.grupomedcof.com.br\/blog\/#\/schema\/logo\/image\/","url":"https:\/\/www.grupomedcof.com.br\/blog\/wp-content\/uploads\/2022\/01\/logo-medcof.png","contentUrl":"https:\/\/www.grupomedcof.com.br\/blog\/wp-content\/uploads\/2022\/01\/logo-medcof.png","width":768,"height":269,"caption":"Grupo MedCof"},"image":{"@id":"https:\/\/www.grupomedcof.com.br\/blog\/#\/schema\/logo\/image\/"},"sameAs":["https:\/\/www.facebook.com\/MedCofQbank\/","https:\/\/www.instagram.com\/grupomedcof\/","https:\/\/br.linkedin.com\/company\/medcof","https:\/\/www.youtube.com\/channel\/UCdHMuOHKICxcHwecxN8P-AA"]},{"@type":"Person","@id":"https:\/\/www.grupomedcof.com.br\/blog\/#\/schema\/person\/1375e0ce724529d7a1d8156ea7f8ceaa","name":"J\u00falia Moreira","image":{"@type":"ImageObject","inLanguage":"pt-BR","@id":"https:\/\/www.grupomedcof.com.br\/blog\/wp-content\/uploads\/2024\/12\/cropped-Captura-de-tela-2023-12-15-094946-96x96.png6a0083ac34a0445de97d55fae63a4a41","url":"https:\/\/www.grupomedcof.com.br\/blog\/wp-content\/uploads\/2024\/12\/cropped-Captura-de-tela-2023-12-15-094946-96x96.png","contentUrl":"https:\/\/www.grupomedcof.com.br\/blog\/wp-content\/uploads\/2024\/12\/cropped-Captura-de-tela-2023-12-15-094946-96x96.png","caption":"J\u00falia Moreira"},"description":"Estudante do 8\u00ba semestre de Jornalismo na ECA-USP, f\u00e3 de filmes de terror e m\u00fasica popular sul-coreana.","sameAs":["https:\/\/www.grupomedcof.com.br\/"],"url":"https:\/\/www.grupomedcof.com.br\/blog\/author\/julia\/"}]}},"authors":[{"term_id":3609,"user_id":6,"is_guest":0,"slug":"julia","display_name":"J\u00falia Moreira","avatar_url":"https:\/\/www.grupomedcof.com.br\/blog\/wp-content\/uploads\/2024\/12\/cropped-Captura-de-tela-2023-12-15-094946-96x96.png","0":null,"1":"","2":"","3":"","4":"","5":"","6":"","7":"","8":""}],"_links":{"self":[{"href":"https:\/\/www.grupomedcof.com.br\/blog\/wp-json\/wp\/v2\/posts\/31437","targetHints":{"allow":["GET"]}}],"collection":[{"href":"https:\/\/www.grupomedcof.com.br\/blog\/wp-json\/wp\/v2\/posts"}],"about":[{"href":"https:\/\/www.grupomedcof.com.br\/blog\/wp-json\/wp\/v2\/types\/post"}],"author":[{"embeddable":true,"href":"https:\/\/www.grupomedcof.com.br\/blog\/wp-json\/wp\/v2\/users\/6"}],"replies":[{"embeddable":true,"href":"https:\/\/www.grupomedcof.com.br\/blog\/wp-json\/wp\/v2\/comments?post=31437"}],"version-history":[{"count":7,"href":"https:\/\/www.grupomedcof.com.br\/blog\/wp-json\/wp\/v2\/posts\/31437\/revisions"}],"predecessor-version":[{"id":39323,"href":"https:\/\/www.grupomedcof.com.br\/blog\/wp-json\/wp\/v2\/posts\/31437\/revisions\/39323"}],"wp:featuredmedia":[{"embeddable":true,"href":"https:\/\/www.grupomedcof.com.br\/blog\/wp-json\/wp\/v2\/media\/39319"}],"wp:attachment":[{"href":"https:\/\/www.grupomedcof.com.br\/blog\/wp-json\/wp\/v2\/media?parent=31437"}],"wp:term":[{"taxonomy":"category","embeddable":true,"href":"https:\/\/www.grupomedcof.com.br\/blog\/wp-json\/wp\/v2\/categories?post=31437"},{"taxonomy":"post_tag","embeddable":true,"href":"https:\/\/www.grupomedcof.com.br\/blog\/wp-json\/wp\/v2\/tags?post=31437"},{"taxonomy":"author","embeddable":true,"href":"https:\/\/www.grupomedcof.com.br\/blog\/wp-json\/wp\/v2\/ppma_author?post=31437"}],"curies":[{"name":"wp","href":"https:\/\/api.w.org\/{rel}","templated":true}]}}