{"id":31511,"date":"2024-11-11T09:18:28","date_gmt":"2024-11-11T12:18:28","guid":{"rendered":"https:\/\/www.grupomedcof.com.br\/blog\/?p=31511"},"modified":"2026-04-24T15:34:39","modified_gmt":"2026-04-24T18:34:39","slug":"saiba-diferenciar-as-principais-doencas-traqueais","status":"publish","type":"post","link":"https:\/\/www.grupomedcof.com.br\/blog\/saiba-diferenciar-as-principais-doencas-traqueais\/","title":{"rendered":"Doen\u00e7as Traqueais: Diagn\u00f3stico, Diferencia\u00e7\u00e3o e Tratamentos"},"content":{"rendered":"<div id=\"ez-toc-container\" class=\"ez-toc-v2_0_74 counter-hierarchy ez-toc-counter ez-toc-transparent ez-toc-container-direction\">\n<div class=\"ez-toc-title-container\">\n<p class=\"ez-toc-title\" style=\"cursor:inherit\">Sum\u00e1rio<\/p>\n<span class=\"ez-toc-title-toggle\"><a href=\"#\" class=\"ez-toc-pull-right ez-toc-btn ez-toc-btn-xs ez-toc-btn-default ez-toc-toggle\" aria-label=\"Alternar tabela de conte\u00fado\"><span class=\"ez-toc-js-icon-con\"><span class=\"\"><span class=\"eztoc-hide\" style=\"display:none;\">Toggle<\/span><span class=\"ez-toc-icon-toggle-span\"><svg style=\"fill: #999;color:#999\" xmlns=\"http:\/\/www.w3.org\/2000\/svg\" class=\"list-377408\" width=\"20px\" height=\"20px\" viewBox=\"0 0 24 24\" fill=\"none\"><path d=\"M6 6H4v2h2V6zm14 0H8v2h12V6zM4 11h2v2H4v-2zm16 0H8v2h12v-2zM4 16h2v2H4v-2zm16 0H8v2h12v-2z\" fill=\"currentColor\"><\/path><\/svg><svg style=\"fill: #999;color:#999\" class=\"arrow-unsorted-368013\" xmlns=\"http:\/\/www.w3.org\/2000\/svg\" width=\"10px\" height=\"10px\" viewBox=\"0 0 24 24\" version=\"1.2\" baseProfile=\"tiny\"><path d=\"M18.2 9.3l-6.2-6.3-6.2 6.3c-.2.2-.3.4-.3.7s.1.5.3.7c.2.2.4.3.7.3h11c.3 0 .5-.1.7-.3.2-.2.3-.5.3-.7s-.1-.5-.3-.7zM5.8 14.7l6.2 6.3 6.2-6.3c.2-.2.3-.5.3-.7s-.1-.5-.3-.7c-.2-.2-.4-.3-.7-.3h-11c-.3 0-.5.1-.7.3-.2.2-.3.5-.3.7s.1.5.3.7z\"\/><\/svg><\/span><\/span><\/span><\/a><\/span><\/div>\n<nav><ul class='ez-toc-list ez-toc-list-level-1 ' ><li class='ez-toc-page-1 ez-toc-heading-level-2'><a class=\"ez-toc-link ez-toc-heading-1\" href=\"https:\/\/www.grupomedcof.com.br\/blog\/saiba-diferenciar-as-principais-doencas-traqueais\/#Contextualizando\" >Contextualizando&nbsp;<\/a><\/li><li class='ez-toc-page-1 ez-toc-heading-level-2'><a class=\"ez-toc-link ez-toc-heading-2\" href=\"https:\/\/www.grupomedcof.com.br\/blog\/saiba-diferenciar-as-principais-doencas-traqueais\/#Anatomia\" >Anatomia&nbsp;<\/a><ul class='ez-toc-list-level-3' ><li class='ez-toc-heading-level-3'><a class=\"ez-toc-link ez-toc-heading-3\" href=\"https:\/\/www.grupomedcof.com.br\/blog\/saiba-diferenciar-as-principais-doencas-traqueais\/#Macroscopica\" >Macrosc\u00f3pica&nbsp;<\/a><\/li><\/ul><\/li><li class='ez-toc-page-1 ez-toc-heading-level-2'><a class=\"ez-toc-link ez-toc-heading-4\" href=\"https:\/\/www.grupomedcof.com.br\/blog\/saiba-diferenciar-as-principais-doencas-traqueais\/#Microscopia\" >Microscopia<\/a><\/li><li class='ez-toc-page-1 ez-toc-heading-level-2'><a class=\"ez-toc-link ez-toc-heading-5\" href=\"https:\/\/www.grupomedcof.com.br\/blog\/saiba-diferenciar-as-principais-doencas-traqueais\/#Causas_de_estenose_Traqueal\" >Causas de estenose Traqueal&nbsp;<\/a><\/li><li class='ez-toc-page-1 ez-toc-heading-level-2'><a class=\"ez-toc-link ez-toc-heading-6\" href=\"https:\/\/www.grupomedcof.com.br\/blog\/saiba-diferenciar-as-principais-doencas-traqueais\/#Quadro_Clinico\" >Quadro Cl\u00ednico&nbsp;<\/a><\/li><li class='ez-toc-page-1 ez-toc-heading-level-2'><a class=\"ez-toc-link ez-toc-heading-7\" href=\"https:\/\/www.grupomedcof.com.br\/blog\/saiba-diferenciar-as-principais-doencas-traqueais\/#Diagnostico\" >Diagn\u00f3stico&nbsp;<\/a><\/li><li class='ez-toc-page-1 ez-toc-heading-level-2'><a class=\"ez-toc-link ez-toc-heading-8\" href=\"https:\/\/www.grupomedcof.com.br\/blog\/saiba-diferenciar-as-principais-doencas-traqueais\/#O_metodo_que_te_aprova\" >O m\u00e9todo que te aprova!<\/a><\/li><\/ul><\/nav><\/div>\n\n<figure class=\"wp-block-image size-large\"><img loading=\"lazy\" decoding=\"async\" width=\"1024\" height=\"576\" src=\"https:\/\/www.grupomedcof.com.br\/blog\/wp-content\/uploads\/2024\/11\/Blog-MedCof-23-1024x576.png\" alt=\"\" class=\"wp-image-31516\" srcset=\"https:\/\/www.grupomedcof.com.br\/blog\/wp-content\/uploads\/2024\/11\/Blog-MedCof-23-1024x576.png 1024w, https:\/\/www.grupomedcof.com.br\/blog\/wp-content\/uploads\/2024\/11\/Blog-MedCof-23-300x169.png 300w, https:\/\/www.grupomedcof.com.br\/blog\/wp-content\/uploads\/2024\/11\/Blog-MedCof-23-768x432.png 768w, https:\/\/www.grupomedcof.com.br\/blog\/wp-content\/uploads\/2024\/11\/Blog-MedCof-23-1536x864.png 1536w, https:\/\/www.grupomedcof.com.br\/blog\/wp-content\/uploads\/2024\/11\/Blog-MedCof-23-2048x1152.png 2048w, https:\/\/www.grupomedcof.com.br\/blog\/wp-content\/uploads\/2024\/11\/Blog-MedCof-23-747x420.png 747w, https:\/\/www.grupomedcof.com.br\/blog\/wp-content\/uploads\/2024\/11\/Blog-MedCof-23-150x84.png 150w, https:\/\/www.grupomedcof.com.br\/blog\/wp-content\/uploads\/2024\/11\/Blog-MedCof-23-696x392.png 696w, https:\/\/www.grupomedcof.com.br\/blog\/wp-content\/uploads\/2024\/11\/Blog-MedCof-23-1068x601.png 1068w, https:\/\/www.grupomedcof.com.br\/blog\/wp-content\/uploads\/2024\/11\/Blog-MedCof-23-1920x1080.png 1920w\" sizes=\"auto, (max-width: 1024px) 100vw, 1024px\" \/><\/figure>\n\n\n\n<h2 class=\"wp-block-heading\" id=\"h-contextualizando-nbsp\"><span class=\"ez-toc-section\" id=\"Contextualizando\"><\/span><strong>Contextualizando&nbsp;<\/strong><span class=\"ez-toc-section-end\"><\/span><\/h2>\n\n\n\n<p>As <strong>doen\u00e7as traqueais<\/strong> s\u00e3o um grupo de condi\u00e7\u00f5es que afetam a traqueia, o tubo que conecta a laringe aos br\u00f4nquios. Elas podem causar sintomas como tosse, dificuldade para respirar, chiado no peito e produ\u00e7\u00e3o de muco. Para saber diferenci\u00e1-las, precisamos entender a anatomia macro e microsc\u00f3pica da regi\u00e3o traqueal, para analisar como cada uma afeta ela.<\/p>\n\n\n\n<figure class=\"wp-block-image size-large\"><a href=\"https:\/\/www.grupomedcof.com.br\/cofletters\/\"><img loading=\"lazy\" decoding=\"async\" width=\"1024\" height=\"366\" src=\"https:\/\/www.grupomedcof.com.br\/blog\/wp-content\/uploads\/2024\/10\/Capa-Eventos-MedCof-Plus-1-1024x366.png\" alt=\"\" class=\"wp-image-30896\" srcset=\"https:\/\/www.grupomedcof.com.br\/blog\/wp-content\/uploads\/2024\/10\/Capa-Eventos-MedCof-Plus-1-1024x366.png 1024w, https:\/\/www.grupomedcof.com.br\/blog\/wp-content\/uploads\/2024\/10\/Capa-Eventos-MedCof-Plus-1-300x107.png 300w, https:\/\/www.grupomedcof.com.br\/blog\/wp-content\/uploads\/2024\/10\/Capa-Eventos-MedCof-Plus-1-768x275.png 768w, https:\/\/www.grupomedcof.com.br\/blog\/wp-content\/uploads\/2024\/10\/Capa-Eventos-MedCof-Plus-1-1536x549.png 1536w, https:\/\/www.grupomedcof.com.br\/blog\/wp-content\/uploads\/2024\/10\/Capa-Eventos-MedCof-Plus-1-2048x732.png 2048w, https:\/\/www.grupomedcof.com.br\/blog\/wp-content\/uploads\/2024\/10\/Capa-Eventos-MedCof-Plus-1-1175x420.png 1175w, https:\/\/www.grupomedcof.com.br\/blog\/wp-content\/uploads\/2024\/10\/Capa-Eventos-MedCof-Plus-1-150x54.png 150w, https:\/\/www.grupomedcof.com.br\/blog\/wp-content\/uploads\/2024\/10\/Capa-Eventos-MedCof-Plus-1-696x249.png 696w, https:\/\/www.grupomedcof.com.br\/blog\/wp-content\/uploads\/2024\/10\/Capa-Eventos-MedCof-Plus-1-1068x382.png 1068w, https:\/\/www.grupomedcof.com.br\/blog\/wp-content\/uploads\/2024\/10\/Capa-Eventos-MedCof-Plus-1-1920x686.png 1920w\" sizes=\"auto, (max-width: 1024px) 100vw, 1024px\" \/><\/a><\/figure>\n\n\n\n<h2 class=\"wp-block-heading\"><span class=\"ez-toc-section\" id=\"Anatomia\"><\/span><strong>Anatomia&nbsp;<\/strong><span class=\"ez-toc-section-end\"><\/span><\/h2>\n\n\n\n<h3 class=\"wp-block-heading\"><span class=\"ez-toc-section\" id=\"Macroscopica\"><\/span><strong>Macrosc\u00f3pica&nbsp;<\/strong><span class=\"ez-toc-section-end\"><\/span><\/h3>\n\n\n\n<p>Fazendo parte dos \u00f3rg\u00e3os do trato respirat\u00f3rio inferior, a traqueia est\u00e1 localizada acima da carina (bifurca\u00e7\u00e3o que origina os br\u00f4nquios prim\u00e1rios de ambos os lados) e abaixo da laringe. Ela \u00e9 um \u00f3rg\u00e3o tubular que \u00e9 formado por estruturas cartilaginosas com pouco tecido conjuntivo, an\u00e9is cartilaginosos que come\u00e7am a partir da cartilagem cricoide.<\/p>\n\n\n\n<figure class=\"wp-block-image\"><img decoding=\"async\" src=\"https:\/\/lh7-rt.googleusercontent.com\/docsz\/AD_4nXfGdSVvvJ4DNGm7JBtOzxghM5BwwMVGa6kCAkFHzrg1_cKhK5YgZzij8ycXZjP-BCKL1OWmXwExAk7fjXGYLwVXo0jgncZLQE3-HRIe6n4Q9cq9V_ky6811bLbAksMH4kZ9BIwfeXleQi7TgxOG70ZUdpXc?key=w2X156n3E3oX-J_-XgqdsdsO\" alt=\"\"\/><figcaption class=\"wp-element-caption\">Fonte: National C\u00e2ncer Institute.<\/figcaption><\/figure>\n\n\n\n<p>Ela \u00e9 dividida em por\u00e7\u00e3o cervical e tor\u00e1cica. A cervical \u00e9 mais facilmente acess\u00edvel e a tor\u00e1cica (localizada ap\u00f3s o manuseio esternal) \u00e9 acess\u00edvel por esternotomia e toracotomia direita.&nbsp; Ela \u00e9 pouco vascularizada, sendo que a circula\u00e7\u00e3o traqueal vem principalmente das bordas da traqueia, por isso, ao manipular a traqueia anteriormente, deve-se evitar as paredes laterais.Ela \u00e9 irrigada atrav\u00e9s de ramos br\u00f4nquicos provenientes da pr\u00f3pria aorta, mam\u00e1ria interna e car\u00f3tida em topografia superior). A traqueia \u00e9 irrigada por embebi\u00e7\u00e3o de plexo submucoso, o que favorece a processos isqu\u00eamicos importantes com press\u00f5es elevadas.&nbsp;<\/p>\n\n\n\n<div class=\"wp-block-columns is-layout-flex wp-container-core-columns-is-layout-9d6595d7 wp-block-columns-is-layout-flex\">\n<div class=\"wp-block-column is-layout-flow wp-block-column-is-layout-flow\">\n<figure class=\"wp-block-image size-full\"><img loading=\"lazy\" decoding=\"async\" width=\"364\" height=\"373\" src=\"https:\/\/www.grupomedcof.com.br\/blog\/wp-content\/uploads\/2024\/11\/unnamed-53.jpg\" alt=\"\" class=\"wp-image-31512\" srcset=\"https:\/\/www.grupomedcof.com.br\/blog\/wp-content\/uploads\/2024\/11\/unnamed-53.jpg 364w, https:\/\/www.grupomedcof.com.br\/blog\/wp-content\/uploads\/2024\/11\/unnamed-53-293x300.jpg 293w, https:\/\/www.grupomedcof.com.br\/blog\/wp-content\/uploads\/2024\/11\/unnamed-53-150x154.jpg 150w, https:\/\/www.grupomedcof.com.br\/blog\/wp-content\/uploads\/2024\/11\/unnamed-53-300x307.jpg 300w\" sizes=\"auto, (max-width: 364px) 100vw, 364px\" \/><figcaption class=\"wp-element-caption\">Fonte: Acervo de Aulas do Grupo MedCof<\/figcaption><\/figure>\n<\/div>\n\n\n\n<div class=\"wp-block-column is-layout-flow wp-block-column-is-layout-flow\">\n<figure class=\"wp-block-image size-large\"><img loading=\"lazy\" decoding=\"async\" width=\"669\" height=\"1024\" src=\"https:\/\/www.grupomedcof.com.br\/blog\/wp-content\/uploads\/2024\/11\/unnamed-54-669x1024.jpg\" alt=\"\" class=\"wp-image-31513\" srcset=\"https:\/\/www.grupomedcof.com.br\/blog\/wp-content\/uploads\/2024\/11\/unnamed-54-669x1024.jpg 669w, https:\/\/www.grupomedcof.com.br\/blog\/wp-content\/uploads\/2024\/11\/unnamed-54-196x300.jpg 196w, https:\/\/www.grupomedcof.com.br\/blog\/wp-content\/uploads\/2024\/11\/unnamed-54-274x420.jpg 274w, https:\/\/www.grupomedcof.com.br\/blog\/wp-content\/uploads\/2024\/11\/unnamed-54-150x230.jpg 150w, https:\/\/www.grupomedcof.com.br\/blog\/wp-content\/uploads\/2024\/11\/unnamed-54-300x459.jpg 300w, https:\/\/www.grupomedcof.com.br\/blog\/wp-content\/uploads\/2024\/11\/unnamed-54.jpg 677w\" sizes=\"auto, (max-width: 669px) 100vw, 669px\" \/><\/figure>\n<\/div>\n<\/div>\n\n\n\n<h2 class=\"wp-block-heading\"><span class=\"ez-toc-section\" id=\"Microscopia\"><\/span><strong>Microscopia<\/strong><span class=\"ez-toc-section-end\"><\/span><\/h2>\n\n\n\n<p>A mucosa \u00e9 constitu\u00edda de epit\u00e9lio pseudoestratificado ciliado, a submucosa de tecido conjuntivo glandular e \u00e9 pouco vascularizada, a cartilagem \u00e9 constitu\u00edda de hialina (menos vascularizada ainda) e que forma o anel traqueal, por fim, a camada advent\u00edcia \u00e9 formada de tecido fibroel\u00e1stico.&nbsp;&nbsp;<\/p>\n\n\n\n<figure class=\"wp-block-image\"><img decoding=\"async\" src=\"https:\/\/lh7-rt.googleusercontent.com\/docsz\/AD_4nXci6t9nwn51fDBr55SFZEobB9zMn3VDkqdIUPhuUrYjxPqFpVCxLBAMYGi95sPa3eyCuXvjUXGPp_g5B-BUvWCVeLhS97zCfmCg8aGM4dQSmboMdcEfVZ6ziNpSjDRTbxfdbNUU8W3RmhweeinpSOaz8KA?key=w2X156n3E3oX-J_-XgqdsdsO\" alt=\"\"\/><figcaption class=\"wp-element-caption\">Fonte: Acervo de aulas do Grupo MedCof.<\/figcaption><\/figure>\n\n\n\n<h2 class=\"wp-block-heading\" id=\"h-causas-de-estenose-traqueal\"><span class=\"ez-toc-section\" id=\"Causas_de_estenose_Traqueal\"><\/span><strong>Causas de estenose Traqueal&nbsp;<\/strong><span class=\"ez-toc-section-end\"><\/span><\/h2>\n\n\n\n<p>As diferentes doen\u00e7as e condi\u00e7\u00f5es que levam a esteatose s\u00e3o:<\/p>\n\n\n\n<ul class=\"wp-block-list\">\n<li>P\u00f3s-intuba\u00e7\u00e3o;<\/li>\n\n\n\n<li>Fraturas de cartilagens;<\/li>\n\n\n\n<li>Traumas;<\/li>\n\n\n\n<li>Policondrite, amiloidose, sarcoidose;<\/li>\n\n\n\n<li>Infec\u00e7\u00f5es;<\/li>\n\n\n\n<li>Causas idiop\u00e1ticas;<\/li>\n\n\n\n<li>Paracoccidioidomicose, Tuberculo.<\/li>\n<\/ul>\n\n\n\n<p>A estenose \u00e9 a situa\u00e7\u00e3o de press\u00e3o aumentada da via a\u00e9rea que pode levar a um processo isqu\u00eamico das camadas pouco vascularizadas da traqueia.&nbsp; Essa condi\u00e7\u00e3o resulta em um ciclo vicioso de trauma (inflama\u00e7\u00e3o, cicatriza\u00e7\u00e3o e fibrose traqueal), o que pode aumentar a secre\u00e7\u00e3o na regi\u00e3o gerando um ambiente prop\u00edcio para a prolifera\u00e7\u00e3o bacteriana. Por fim, a cronifica\u00e7\u00e3o desse processo pode gerar uma cicatriz hipertr\u00f3fica traqueal com diminui\u00e7\u00e3o do l\u00famen.&nbsp;<\/p>\n\n\n\n<p><strong>Classifica\u00e7\u00e3o&nbsp;<\/strong><\/p>\n\n\n\n<p>A principal forma de classifica\u00e7\u00e3o \u00e9 nomeada de Cotton-Myer, que diferencia os graus de comprometimento da luz traqueal e a possibilidade de efeitos patol\u00f3gicos.&nbsp;<\/p>\n\n\n\n<figure class=\"wp-block-image\"><img decoding=\"async\" src=\"https:\/\/lh7-rt.googleusercontent.com\/docsz\/AD_4nXcK7L4XFGq5rpqsRwr_PGg_Gbz0mMMKZ1sJv2_zHcG-KIV19zclpiz5BkFOX9tRO5c6NAmwT-tD-ykOyMeVv24zloFJbeoVTH1kSXrvIGmSiKd2iL5yvKH-VlSfzuiBQGr3tGQBySZ9OZ31c3jMWyP1E_zs?key=w2X156n3E3oX-J_-XgqdsdsO\" alt=\"\"\/><figcaption class=\"wp-element-caption\">&nbsp;Fonte: Acervo de Aulas do Grupo MedCof&nbsp;<\/figcaption><\/figure>\n\n\n\n<h2 class=\"wp-block-heading\" id=\"h-quadro-clinico\"><span class=\"ez-toc-section\" id=\"Quadro_Clinico\"><\/span><strong>Quadro Cl\u00ednico&nbsp;<\/strong><span class=\"ez-toc-section-end\"><\/span><\/h2>\n\n\n\n<p>Classicamente, podemos identificar em paciente jovem com hist\u00f3ria recente (7-14 dias) de intuba\u00e7\u00e3o orotraqueal prolongada (&gt; 10 dias, sem previs\u00e3o para ser extubado), principalmente:<\/p>\n\n\n\n<ul class=\"wp-block-list\">\n<li>Dispneia progressiva, cornagem e estridor lar\u00edngeo;<\/li>\n\n\n\n<li>Sintomas presentes = estenose &gt; 50%. Temos que levar em conta o perfil metab\u00f3lico do paciente, em pacientes jovens e atletas podem apresentar sintomatologia com estenoses menores do que em pacientes idosos.&nbsp;&nbsp;<\/li>\n<\/ul>\n\n\n\n<h2 class=\"wp-block-heading\"><span class=\"ez-toc-section\" id=\"Diagnostico\"><\/span><strong>Diagn\u00f3stico&nbsp;<\/strong><span class=\"ez-toc-section-end\"><\/span><\/h2>\n\n\n\n<p>Feito na Cl\u00ednica M\u00e9dica, ele \u00e9 possibilitado por tomografia de laringe (pesco\u00e7o) e traqu\u00e9ia (t\u00f3rax) e pela avalia\u00e7\u00e3o endosc\u00f3pica.&nbsp;<\/p>\n\n\n\n<figure class=\"wp-block-image\"><img decoding=\"async\" src=\"https:\/\/lh7-rt.googleusercontent.com\/docsz\/AD_4nXdP-PkYKJZuz_93WrvXGaDoxcBRwkyYSVnqBZiHDyae7Eaqywqa_v7ViUeDCwh0HmnG0BZaw8jtqu7TdpWkl8AEXBb7OKRCTOHnZD9YJCqay2_MJ6MoAuwmDF9HLLcZQqxIDjGCWedT6q8M9zWwTptnjpkq?key=w2X156n3E3oX-J_-XgqdsdsO\" alt=\"\"\/><figcaption class=\"wp-element-caption\">Fonte: Acervo de Aulas do Grupo MedCof&nbsp;<\/figcaption><\/figure>\n\n\n\n<h2 class=\"wp-block-heading\" id=\"o-m\u00e9todo-que-te-aprova\"><span class=\"ez-toc-section\" id=\"O_metodo_que_te_aprova\"><\/span><strong>O m\u00e9todo que te aprova!<\/strong><span class=\"ez-toc-section-end\"><\/span><\/h2>\n\n\n\n<p>Quer alcan\u00e7ar a aprova\u00e7\u00e3o nas provas de resid\u00eancia m\u00e9dica? Ent\u00e3o seja um&nbsp;<a href=\"https:\/\/www.grupomedcof.com.br\/home\/\" target=\"_blank\" rel=\"noreferrer noopener\">MedCoffer<\/a>! Aqui te ajudaremos na busca da aprova\u00e7\u00e3o com conte\u00fados de qualidade e uma&nbsp;<a href=\"https:\/\/www.grupomedcof.com.br\/blog\/presenca-da-medcof-nas-aprovacoes-em-residencia-medica-no-brasil\/\" target=\"_blank\" rel=\"noreferrer noopener\">metodologia que j\u00e1 aprovou mais de 10 mil residentes no pa\u00eds!&nbsp;<\/a>Por fim, acesse o nosso<a href=\"https:\/\/www.youtube.com\/@GrupoMedcof\/featured\" target=\"_blank\" rel=\"noreferrer noopener\">&nbsp;<strong>canal do youtube&nbsp;<\/strong><\/a>para ver o nosso material.<\/p>\n\n\n\n<figure class=\"wp-block-embed is-type-video is-provider-youtube wp-block-embed-youtube wp-embed-aspect-16-9 wp-has-aspect-ratio\"><div class=\"wp-block-embed__wrapper\">\n<div class=\"youtube-embed\" data-video_id=\"EIhc0IjKunA\"><iframe loading=\"lazy\" title=\"COFEXPRESS - Dist\u00farbios do sono. Com Dr. Rafael Miranda\" width=\"696\" height=\"392\" src=\"https:\/\/www.youtube.com\/embed\/EIhc0IjKunA?feature=oembed&#038;enablejsapi=1\" frameborder=\"0\" allow=\"accelerometer; autoplay; clipboard-write; encrypted-media; gyroscope; picture-in-picture; web-share\" referrerpolicy=\"strict-origin-when-cross-origin\" allowfullscreen><\/iframe><\/div>\n<\/div><\/figure>\n","protected":false},"excerpt":{"rendered":"<p>As doen\u00e7as traqueais s\u00e3o um grupo de condi\u00e7\u00f5es que afetam a traqueia, o tubo que conecta a laringe aos br\u00f4nquios. Confira os detalhes!<\/p>\n","protected":false},"author":21,"featured_media":31516,"comment_status":"open","ping_status":"open","sticky":false,"template":"","format":"standard","meta":{"footnotes":""},"categories":[135],"tags":[2143,2255,2254,2252,2253],"ppma_author":[3617],"class_list":{"0":"post-31511","1":"post","2":"type-post","3":"status-publish","4":"format-standard","5":"has-post-thumbnail","7":"category-cirurgia-geral","8":"tag-anatomia","9":"tag-doencas-traqueais","10":"tag-estenose-traqueal","11":"tag-macroscopica","12":"tag-microscopia"},"yoast_head":"<!-- This site is optimized with the Yoast SEO Premium plugin v24.3 (Yoast SEO v27.5) - https:\/\/yoast.com\/product\/yoast-seo-premium-wordpress\/ -->\n<title>Doen\u00e7as Traqueais: Diagn\u00f3stico, Diferen\u00e7a e Condutas | Medcof<\/title>\n<meta name=\"description\" content=\"As doen\u00e7as traqueais s\u00e3o um grupo de condi\u00e7\u00f5es que afetam a traqueia, o tubo que conecta a laringe aos br\u00f4nquios. Confira os detalhes!\" \/>\n<meta name=\"robots\" content=\"index, follow, max-snippet:-1, max-image-preview:large, max-video-preview:-1\" \/>\n<link rel=\"canonical\" href=\"https:\/\/www.grupomedcof.com.br\/blog\/saiba-diferenciar-as-principais-doencas-traqueais\/\" \/>\n<meta property=\"og:locale\" content=\"pt_BR\" \/>\n<meta property=\"og:type\" content=\"article\" \/>\n<meta property=\"og:title\" content=\"Doen\u00e7as Traqueais: Diagn\u00f3stico, Diferencia\u00e7\u00e3o e Tratamentos\" \/>\n<meta property=\"og:description\" content=\"As doen\u00e7as traqueais s\u00e3o um grupo de condi\u00e7\u00f5es que afetam a traqueia, o tubo que conecta a laringe aos br\u00f4nquios. Confira os detalhes!\" \/>\n<meta property=\"og:url\" content=\"https:\/\/www.grupomedcof.com.br\/blog\/saiba-diferenciar-as-principais-doencas-traqueais\/\" \/>\n<meta property=\"og:site_name\" content=\"Blog de Medcof: conte\u00fados, editais, revalida e mais!\" \/>\n<meta property=\"article:publisher\" content=\"https:\/\/www.facebook.com\/MedCofQbank\/\" \/>\n<meta property=\"article:published_time\" content=\"2024-11-11T12:18:28+00:00\" \/>\n<meta property=\"article:modified_time\" content=\"2026-04-24T18:34:39+00:00\" \/>\n<meta property=\"og:image\" content=\"https:\/\/www.grupomedcof.com.br\/blog\/wp-content\/uploads\/2024\/11\/Blog-MedCof-23-1024x576.png\" \/>\n\t<meta property=\"og:image:width\" content=\"1024\" \/>\n\t<meta property=\"og:image:height\" content=\"576\" \/>\n\t<meta property=\"og:image:type\" content=\"image\/png\" \/>\n<meta name=\"author\" content=\"Kiara Adelino\" \/>\n<meta name=\"twitter:card\" content=\"summary_large_image\" \/>\n<meta name=\"twitter:label1\" content=\"Escrito por\" \/>\n\t<meta name=\"twitter:data1\" content=\"Kiara Adelino\" \/>\n\t<meta name=\"twitter:label2\" content=\"Est. tempo de leitura\" \/>\n\t<meta name=\"twitter:data2\" content=\"5 minutos\" \/>\n<script type=\"application\/ld+json\" class=\"yoast-schema-graph\">{\"@context\":\"https:\\\/\\\/schema.org\",\"@graph\":[{\"@type\":\"Article\",\"@id\":\"https:\\\/\\\/www.grupomedcof.com.br\\\/blog\\\/saiba-diferenciar-as-principais-doencas-traqueais\\\/#article\",\"isPartOf\":{\"@id\":\"https:\\\/\\\/www.grupomedcof.com.br\\\/blog\\\/saiba-diferenciar-as-principais-doencas-traqueais\\\/\"},\"author\":{\"name\":\"Kiara Adelino\",\"@id\":\"https:\\\/\\\/www.grupomedcof.com.br\\\/blog\\\/#\\\/schema\\\/person\\\/db19a651f86c5fc202d6eee744fd3292\"},\"headline\":\"Doen\u00e7as Traqueais: Diagn\u00f3stico, Diferencia\u00e7\u00e3o e Tratamentos\",\"datePublished\":\"2024-11-11T12:18:28+00:00\",\"dateModified\":\"2026-04-24T18:34:39+00:00\",\"mainEntityOfPage\":{\"@id\":\"https:\\\/\\\/www.grupomedcof.com.br\\\/blog\\\/saiba-diferenciar-as-principais-doencas-traqueais\\\/\"},\"wordCount\":651,\"commentCount\":0,\"publisher\":{\"@id\":\"https:\\\/\\\/www.grupomedcof.com.br\\\/blog\\\/#organization\"},\"image\":{\"@id\":\"https:\\\/\\\/www.grupomedcof.com.br\\\/blog\\\/saiba-diferenciar-as-principais-doencas-traqueais\\\/#primaryimage\"},\"thumbnailUrl\":\"https:\\\/\\\/www.grupomedcof.com.br\\\/blog\\\/wp-content\\\/uploads\\\/2024\\\/11\\\/Blog-MedCof-23.png\",\"keywords\":[\"Anatomia\",\"Doen\u00e7as Traqueais\",\"Estenose Traqueal\",\"Macrosc\u00f3pica\",\"Microscopia\"],\"articleSection\":[\"Cirurgia Geral\"],\"inLanguage\":\"pt-BR\"},{\"@type\":\"WebPage\",\"@id\":\"https:\\\/\\\/www.grupomedcof.com.br\\\/blog\\\/saiba-diferenciar-as-principais-doencas-traqueais\\\/\",\"url\":\"https:\\\/\\\/www.grupomedcof.com.br\\\/blog\\\/saiba-diferenciar-as-principais-doencas-traqueais\\\/\",\"name\":\"Doen\u00e7as Traqueais: Diagn\u00f3stico, Diferen\u00e7a e Condutas | Medcof\",\"isPartOf\":{\"@id\":\"https:\\\/\\\/www.grupomedcof.com.br\\\/blog\\\/#website\"},\"primaryImageOfPage\":{\"@id\":\"https:\\\/\\\/www.grupomedcof.com.br\\\/blog\\\/saiba-diferenciar-as-principais-doencas-traqueais\\\/#primaryimage\"},\"image\":{\"@id\":\"https:\\\/\\\/www.grupomedcof.com.br\\\/blog\\\/saiba-diferenciar-as-principais-doencas-traqueais\\\/#primaryimage\"},\"thumbnailUrl\":\"https:\\\/\\\/www.grupomedcof.com.br\\\/blog\\\/wp-content\\\/uploads\\\/2024\\\/11\\\/Blog-MedCof-23.png\",\"datePublished\":\"2024-11-11T12:18:28+00:00\",\"dateModified\":\"2026-04-24T18:34:39+00:00\",\"description\":\"As doen\u00e7as traqueais s\u00e3o um grupo de condi\u00e7\u00f5es que afetam a traqueia, o tubo que conecta a laringe aos br\u00f4nquios. Confira os detalhes!\",\"breadcrumb\":{\"@id\":\"https:\\\/\\\/www.grupomedcof.com.br\\\/blog\\\/saiba-diferenciar-as-principais-doencas-traqueais\\\/#breadcrumb\"},\"inLanguage\":\"pt-BR\",\"potentialAction\":[{\"@type\":\"ReadAction\",\"target\":[\"https:\\\/\\\/www.grupomedcof.com.br\\\/blog\\\/saiba-diferenciar-as-principais-doencas-traqueais\\\/\"]}]},{\"@type\":\"ImageObject\",\"inLanguage\":\"pt-BR\",\"@id\":\"https:\\\/\\\/www.grupomedcof.com.br\\\/blog\\\/saiba-diferenciar-as-principais-doencas-traqueais\\\/#primaryimage\",\"url\":\"https:\\\/\\\/www.grupomedcof.com.br\\\/blog\\\/wp-content\\\/uploads\\\/2024\\\/11\\\/Blog-MedCof-23.png\",\"contentUrl\":\"https:\\\/\\\/www.grupomedcof.com.br\\\/blog\\\/wp-content\\\/uploads\\\/2024\\\/11\\\/Blog-MedCof-23.png\",\"width\":2560,\"height\":1440},{\"@type\":\"BreadcrumbList\",\"@id\":\"https:\\\/\\\/www.grupomedcof.com.br\\\/blog\\\/saiba-diferenciar-as-principais-doencas-traqueais\\\/#breadcrumb\",\"itemListElement\":[{\"@type\":\"ListItem\",\"position\":1,\"name\":\"In\u00edcio\",\"item\":\"https:\\\/\\\/www.grupomedcof.com.br\\\/blog\\\/\"},{\"@type\":\"ListItem\",\"position\":2,\"name\":\"Doen\u00e7as Traqueais: Diagn\u00f3stico, Diferencia\u00e7\u00e3o e Tratamentos\"}]},{\"@type\":\"WebSite\",\"@id\":\"https:\\\/\\\/www.grupomedcof.com.br\\\/blog\\\/#website\",\"url\":\"https:\\\/\\\/www.grupomedcof.com.br\\\/blog\\\/\",\"name\":\"Blog de Medcof: conte\u00fados, editais, revalida e mais!\",\"description\":\"Acesso o blog de MedCof! Seu portal de conte\u00fados sobre resid\u00eancia m\u00e9dica, an\u00e1lise e editais e muito mais. Clique e confira!\",\"publisher\":{\"@id\":\"https:\\\/\\\/www.grupomedcof.com.br\\\/blog\\\/#organization\"},\"alternateName\":\"Blog de Medcof: conte\u00fados, editais, revalida e mais!\",\"potentialAction\":[{\"@type\":\"SearchAction\",\"target\":{\"@type\":\"EntryPoint\",\"urlTemplate\":\"https:\\\/\\\/www.grupomedcof.com.br\\\/blog\\\/?s={search_term_string}\"},\"query-input\":{\"@type\":\"PropertyValueSpecification\",\"valueRequired\":true,\"valueName\":\"search_term_string\"}}],\"inLanguage\":\"pt-BR\"},{\"@type\":\"Organization\",\"@id\":\"https:\\\/\\\/www.grupomedcof.com.br\\\/blog\\\/#organization\",\"name\":\"Grupo MedCof\",\"url\":\"https:\\\/\\\/www.grupomedcof.com.br\\\/blog\\\/\",\"logo\":{\"@type\":\"ImageObject\",\"inLanguage\":\"pt-BR\",\"@id\":\"https:\\\/\\\/www.grupomedcof.com.br\\\/blog\\\/#\\\/schema\\\/logo\\\/image\\\/\",\"url\":\"https:\\\/\\\/www.grupomedcof.com.br\\\/blog\\\/wp-content\\\/uploads\\\/2022\\\/01\\\/logo-medcof.png\",\"contentUrl\":\"https:\\\/\\\/www.grupomedcof.com.br\\\/blog\\\/wp-content\\\/uploads\\\/2022\\\/01\\\/logo-medcof.png\",\"width\":768,\"height\":269,\"caption\":\"Grupo MedCof\"},\"image\":{\"@id\":\"https:\\\/\\\/www.grupomedcof.com.br\\\/blog\\\/#\\\/schema\\\/logo\\\/image\\\/\"},\"sameAs\":[\"https:\\\/\\\/www.facebook.com\\\/MedCofQbank\\\/\",\"https:\\\/\\\/www.instagram.com\\\/grupomedcof\\\/\",\"https:\\\/\\\/br.linkedin.com\\\/company\\\/medcof\",\"https:\\\/\\\/www.youtube.com\\\/channel\\\/UCdHMuOHKICxcHwecxN8P-AA\"]},{\"@type\":\"Person\",\"@id\":\"https:\\\/\\\/www.grupomedcof.com.br\\\/blog\\\/#\\\/schema\\\/person\\\/db19a651f86c5fc202d6eee744fd3292\",\"name\":\"Kiara Adelino\",\"image\":{\"@type\":\"ImageObject\",\"inLanguage\":\"pt-BR\",\"@id\":\"https:\\\/\\\/www.grupomedcof.com.br\\\/blog\\\/wp-content\\\/uploads\\\/2024\\\/08\\\/cropped-Kiara-Adelino2-96x96.jpega85663bdda67261f8f06f86e555e1e49\",\"url\":\"https:\\\/\\\/www.grupomedcof.com.br\\\/blog\\\/wp-content\\\/uploads\\\/2024\\\/08\\\/cropped-Kiara-Adelino2-96x96.jpeg\",\"contentUrl\":\"https:\\\/\\\/www.grupomedcof.com.br\\\/blog\\\/wp-content\\\/uploads\\\/2024\\\/08\\\/cropped-Kiara-Adelino2-96x96.jpeg\",\"caption\":\"Kiara Adelino\"},\"description\":\"Estudante do 5\u00b0 semestre de Medicina. Gosto bastante de aprender coisas novas, principalmente na \u00e1rea de Neurologia e Anatomia humana.\",\"url\":\"https:\\\/\\\/www.grupomedcof.com.br\\\/blog\\\/author\\\/kiara-adelino\\\/\"}]}<\/script>\n<!-- \/ Yoast SEO Premium plugin. -->","yoast_head_json":{"title":"Doen\u00e7as Traqueais: Diagn\u00f3stico, Diferen\u00e7a e Condutas | Medcof","description":"As doen\u00e7as traqueais s\u00e3o um grupo de condi\u00e7\u00f5es que afetam a traqueia, o tubo que conecta a laringe aos br\u00f4nquios. Confira os detalhes!","robots":{"index":"index","follow":"follow","max-snippet":"max-snippet:-1","max-image-preview":"max-image-preview:large","max-video-preview":"max-video-preview:-1"},"canonical":"https:\/\/www.grupomedcof.com.br\/blog\/saiba-diferenciar-as-principais-doencas-traqueais\/","og_locale":"pt_BR","og_type":"article","og_title":"Doen\u00e7as Traqueais: Diagn\u00f3stico, Diferencia\u00e7\u00e3o e Tratamentos","og_description":"As doen\u00e7as traqueais s\u00e3o um grupo de condi\u00e7\u00f5es que afetam a traqueia, o tubo que conecta a laringe aos br\u00f4nquios. Confira os detalhes!","og_url":"https:\/\/www.grupomedcof.com.br\/blog\/saiba-diferenciar-as-principais-doencas-traqueais\/","og_site_name":"Blog de Medcof: conte\u00fados, editais, revalida e mais!","article_publisher":"https:\/\/www.facebook.com\/MedCofQbank\/","article_published_time":"2024-11-11T12:18:28+00:00","article_modified_time":"2026-04-24T18:34:39+00:00","og_image":[{"width":1024,"height":576,"url":"https:\/\/www.grupomedcof.com.br\/blog\/wp-content\/uploads\/2024\/11\/Blog-MedCof-23-1024x576.png","type":"image\/png"}],"author":"Kiara Adelino","twitter_card":"summary_large_image","twitter_misc":{"Escrito por":"Kiara Adelino","Est. tempo de leitura":"5 minutos"},"schema":{"@context":"https:\/\/schema.org","@graph":[{"@type":"Article","@id":"https:\/\/www.grupomedcof.com.br\/blog\/saiba-diferenciar-as-principais-doencas-traqueais\/#article","isPartOf":{"@id":"https:\/\/www.grupomedcof.com.br\/blog\/saiba-diferenciar-as-principais-doencas-traqueais\/"},"author":{"name":"Kiara Adelino","@id":"https:\/\/www.grupomedcof.com.br\/blog\/#\/schema\/person\/db19a651f86c5fc202d6eee744fd3292"},"headline":"Doen\u00e7as Traqueais: Diagn\u00f3stico, Diferencia\u00e7\u00e3o e Tratamentos","datePublished":"2024-11-11T12:18:28+00:00","dateModified":"2026-04-24T18:34:39+00:00","mainEntityOfPage":{"@id":"https:\/\/www.grupomedcof.com.br\/blog\/saiba-diferenciar-as-principais-doencas-traqueais\/"},"wordCount":651,"commentCount":0,"publisher":{"@id":"https:\/\/www.grupomedcof.com.br\/blog\/#organization"},"image":{"@id":"https:\/\/www.grupomedcof.com.br\/blog\/saiba-diferenciar-as-principais-doencas-traqueais\/#primaryimage"},"thumbnailUrl":"https:\/\/www.grupomedcof.com.br\/blog\/wp-content\/uploads\/2024\/11\/Blog-MedCof-23.png","keywords":["Anatomia","Doen\u00e7as Traqueais","Estenose Traqueal","Macrosc\u00f3pica","Microscopia"],"articleSection":["Cirurgia Geral"],"inLanguage":"pt-BR"},{"@type":"WebPage","@id":"https:\/\/www.grupomedcof.com.br\/blog\/saiba-diferenciar-as-principais-doencas-traqueais\/","url":"https:\/\/www.grupomedcof.com.br\/blog\/saiba-diferenciar-as-principais-doencas-traqueais\/","name":"Doen\u00e7as Traqueais: Diagn\u00f3stico, Diferen\u00e7a e Condutas | Medcof","isPartOf":{"@id":"https:\/\/www.grupomedcof.com.br\/blog\/#website"},"primaryImageOfPage":{"@id":"https:\/\/www.grupomedcof.com.br\/blog\/saiba-diferenciar-as-principais-doencas-traqueais\/#primaryimage"},"image":{"@id":"https:\/\/www.grupomedcof.com.br\/blog\/saiba-diferenciar-as-principais-doencas-traqueais\/#primaryimage"},"thumbnailUrl":"https:\/\/www.grupomedcof.com.br\/blog\/wp-content\/uploads\/2024\/11\/Blog-MedCof-23.png","datePublished":"2024-11-11T12:18:28+00:00","dateModified":"2026-04-24T18:34:39+00:00","description":"As doen\u00e7as traqueais s\u00e3o um grupo de condi\u00e7\u00f5es que afetam a traqueia, o tubo que conecta a laringe aos br\u00f4nquios. Confira os detalhes!","breadcrumb":{"@id":"https:\/\/www.grupomedcof.com.br\/blog\/saiba-diferenciar-as-principais-doencas-traqueais\/#breadcrumb"},"inLanguage":"pt-BR","potentialAction":[{"@type":"ReadAction","target":["https:\/\/www.grupomedcof.com.br\/blog\/saiba-diferenciar-as-principais-doencas-traqueais\/"]}]},{"@type":"ImageObject","inLanguage":"pt-BR","@id":"https:\/\/www.grupomedcof.com.br\/blog\/saiba-diferenciar-as-principais-doencas-traqueais\/#primaryimage","url":"https:\/\/www.grupomedcof.com.br\/blog\/wp-content\/uploads\/2024\/11\/Blog-MedCof-23.png","contentUrl":"https:\/\/www.grupomedcof.com.br\/blog\/wp-content\/uploads\/2024\/11\/Blog-MedCof-23.png","width":2560,"height":1440},{"@type":"BreadcrumbList","@id":"https:\/\/www.grupomedcof.com.br\/blog\/saiba-diferenciar-as-principais-doencas-traqueais\/#breadcrumb","itemListElement":[{"@type":"ListItem","position":1,"name":"In\u00edcio","item":"https:\/\/www.grupomedcof.com.br\/blog\/"},{"@type":"ListItem","position":2,"name":"Doen\u00e7as Traqueais: Diagn\u00f3stico, Diferencia\u00e7\u00e3o e Tratamentos"}]},{"@type":"WebSite","@id":"https:\/\/www.grupomedcof.com.br\/blog\/#website","url":"https:\/\/www.grupomedcof.com.br\/blog\/","name":"Blog de Medcof: conte\u00fados, editais, revalida e mais!","description":"Acesso o blog de MedCof! Seu portal de conte\u00fados sobre resid\u00eancia m\u00e9dica, an\u00e1lise e editais e muito mais. Clique e confira!","publisher":{"@id":"https:\/\/www.grupomedcof.com.br\/blog\/#organization"},"alternateName":"Blog de Medcof: conte\u00fados, editais, revalida e mais!","potentialAction":[{"@type":"SearchAction","target":{"@type":"EntryPoint","urlTemplate":"https:\/\/www.grupomedcof.com.br\/blog\/?s={search_term_string}"},"query-input":{"@type":"PropertyValueSpecification","valueRequired":true,"valueName":"search_term_string"}}],"inLanguage":"pt-BR"},{"@type":"Organization","@id":"https:\/\/www.grupomedcof.com.br\/blog\/#organization","name":"Grupo MedCof","url":"https:\/\/www.grupomedcof.com.br\/blog\/","logo":{"@type":"ImageObject","inLanguage":"pt-BR","@id":"https:\/\/www.grupomedcof.com.br\/blog\/#\/schema\/logo\/image\/","url":"https:\/\/www.grupomedcof.com.br\/blog\/wp-content\/uploads\/2022\/01\/logo-medcof.png","contentUrl":"https:\/\/www.grupomedcof.com.br\/blog\/wp-content\/uploads\/2022\/01\/logo-medcof.png","width":768,"height":269,"caption":"Grupo MedCof"},"image":{"@id":"https:\/\/www.grupomedcof.com.br\/blog\/#\/schema\/logo\/image\/"},"sameAs":["https:\/\/www.facebook.com\/MedCofQbank\/","https:\/\/www.instagram.com\/grupomedcof\/","https:\/\/br.linkedin.com\/company\/medcof","https:\/\/www.youtube.com\/channel\/UCdHMuOHKICxcHwecxN8P-AA"]},{"@type":"Person","@id":"https:\/\/www.grupomedcof.com.br\/blog\/#\/schema\/person\/db19a651f86c5fc202d6eee744fd3292","name":"Kiara Adelino","image":{"@type":"ImageObject","inLanguage":"pt-BR","@id":"https:\/\/www.grupomedcof.com.br\/blog\/wp-content\/uploads\/2024\/08\/cropped-Kiara-Adelino2-96x96.jpega85663bdda67261f8f06f86e555e1e49","url":"https:\/\/www.grupomedcof.com.br\/blog\/wp-content\/uploads\/2024\/08\/cropped-Kiara-Adelino2-96x96.jpeg","contentUrl":"https:\/\/www.grupomedcof.com.br\/blog\/wp-content\/uploads\/2024\/08\/cropped-Kiara-Adelino2-96x96.jpeg","caption":"Kiara Adelino"},"description":"Estudante do 5\u00b0 semestre de Medicina. Gosto bastante de aprender coisas novas, principalmente na \u00e1rea de Neurologia e Anatomia humana.","url":"https:\/\/www.grupomedcof.com.br\/blog\/author\/kiara-adelino\/"}]}},"authors":[{"term_id":3617,"user_id":21,"is_guest":0,"slug":"kiara-adelino","display_name":"Kiara Adelino","avatar_url":"https:\/\/www.grupomedcof.com.br\/blog\/wp-content\/uploads\/2024\/08\/cropped-Kiara-Adelino2-96x96.jpeg","0":null,"1":"","2":"","3":"","4":"","5":"","6":"","7":"","8":""}],"_links":{"self":[{"href":"https:\/\/www.grupomedcof.com.br\/blog\/wp-json\/wp\/v2\/posts\/31511","targetHints":{"allow":["GET"]}}],"collection":[{"href":"https:\/\/www.grupomedcof.com.br\/blog\/wp-json\/wp\/v2\/posts"}],"about":[{"href":"https:\/\/www.grupomedcof.com.br\/blog\/wp-json\/wp\/v2\/types\/post"}],"author":[{"embeddable":true,"href":"https:\/\/www.grupomedcof.com.br\/blog\/wp-json\/wp\/v2\/users\/21"}],"replies":[{"embeddable":true,"href":"https:\/\/www.grupomedcof.com.br\/blog\/wp-json\/wp\/v2\/comments?post=31511"}],"version-history":[{"count":2,"href":"https:\/\/www.grupomedcof.com.br\/blog\/wp-json\/wp\/v2\/posts\/31511\/revisions"}],"predecessor-version":[{"id":40859,"href":"https:\/\/www.grupomedcof.com.br\/blog\/wp-json\/wp\/v2\/posts\/31511\/revisions\/40859"}],"wp:featuredmedia":[{"embeddable":true,"href":"https:\/\/www.grupomedcof.com.br\/blog\/wp-json\/wp\/v2\/media\/31516"}],"wp:attachment":[{"href":"https:\/\/www.grupomedcof.com.br\/blog\/wp-json\/wp\/v2\/media?parent=31511"}],"wp:term":[{"taxonomy":"category","embeddable":true,"href":"https:\/\/www.grupomedcof.com.br\/blog\/wp-json\/wp\/v2\/categories?post=31511"},{"taxonomy":"post_tag","embeddable":true,"href":"https:\/\/www.grupomedcof.com.br\/blog\/wp-json\/wp\/v2\/tags?post=31511"},{"taxonomy":"author","embeddable":true,"href":"https:\/\/www.grupomedcof.com.br\/blog\/wp-json\/wp\/v2\/ppma_author?post=31511"}],"curies":[{"name":"wp","href":"https:\/\/api.w.org\/{rel}","templated":true}]}}