{"id":31518,"date":"2024-11-12T09:21:10","date_gmt":"2024-11-12T12:21:10","guid":{"rendered":"https:\/\/www.grupomedcof.com.br\/blog\/?p=31518"},"modified":"2024-11-11T09:42:08","modified_gmt":"2024-11-11T12:42:08","slug":"hemorragia-no-pos-parto-etiologia-e-tratamento","status":"publish","type":"post","link":"https:\/\/www.grupomedcof.com.br\/blog\/hemorragia-no-pos-parto-etiologia-e-tratamento\/","title":{"rendered":"Hemorragia no P\u00f3s-parto: etiologia e tratamento"},"content":{"rendered":"<div id=\"ez-toc-container\" class=\"ez-toc-v2_0_74 counter-hierarchy ez-toc-counter ez-toc-transparent ez-toc-container-direction\">\n<div class=\"ez-toc-title-container\">\n<p class=\"ez-toc-title\" style=\"cursor:inherit\">Sum\u00e1rio<\/p>\n<span class=\"ez-toc-title-toggle\"><a href=\"#\" class=\"ez-toc-pull-right ez-toc-btn ez-toc-btn-xs ez-toc-btn-default ez-toc-toggle\" aria-label=\"Alternar tabela de conte\u00fado\"><span class=\"ez-toc-js-icon-con\"><span class=\"\"><span class=\"eztoc-hide\" style=\"display:none;\">Toggle<\/span><span class=\"ez-toc-icon-toggle-span\"><svg style=\"fill: #999;color:#999\" xmlns=\"http:\/\/www.w3.org\/2000\/svg\" class=\"list-377408\" width=\"20px\" height=\"20px\" viewBox=\"0 0 24 24\" fill=\"none\"><path d=\"M6 6H4v2h2V6zm14 0H8v2h12V6zM4 11h2v2H4v-2zm16 0H8v2h12v-2zM4 16h2v2H4v-2zm16 0H8v2h12v-2z\" fill=\"currentColor\"><\/path><\/svg><svg style=\"fill: #999;color:#999\" class=\"arrow-unsorted-368013\" xmlns=\"http:\/\/www.w3.org\/2000\/svg\" width=\"10px\" height=\"10px\" viewBox=\"0 0 24 24\" version=\"1.2\" baseProfile=\"tiny\"><path d=\"M18.2 9.3l-6.2-6.3-6.2 6.3c-.2.2-.3.4-.3.7s.1.5.3.7c.2.2.4.3.7.3h11c.3 0 .5-.1.7-.3.2-.2.3-.5.3-.7s-.1-.5-.3-.7zM5.8 14.7l6.2 6.3 6.2-6.3c.2-.2.3-.5.3-.7s-.1-.5-.3-.7c-.2-.2-.4-.3-.7-.3h-11c-.3 0-.5.1-.7.3-.2.2-.3.5-.3.7s.1.5.3.7z\"\/><\/svg><\/span><\/span><\/span><\/a><\/span><\/div>\n<nav><ul class='ez-toc-list ez-toc-list-level-1 ' ><li class='ez-toc-page-1 ez-toc-heading-level-2'><a class=\"ez-toc-link ez-toc-heading-1\" href=\"https:\/\/www.grupomedcof.com.br\/blog\/hemorragia-no-pos-parto-etiologia-e-tratamento\/#Contextualizando\" >Contextualizando\u00a0<\/a><\/li><li class='ez-toc-page-1 ez-toc-heading-level-2'><a class=\"ez-toc-link ez-toc-heading-2\" href=\"https:\/\/www.grupomedcof.com.br\/blog\/hemorragia-no-pos-parto-etiologia-e-tratamento\/#Classificacao\" >Classifica\u00e7\u00e3o\u00a0<\/a><\/li><li class='ez-toc-page-1 ez-toc-heading-level-2'><a class=\"ez-toc-link ez-toc-heading-3\" href=\"https:\/\/www.grupomedcof.com.br\/blog\/hemorragia-no-pos-parto-etiologia-e-tratamento\/#Etiologia\" >Etiologia\u00a0<\/a><\/li><li class='ez-toc-page-1 ez-toc-heading-level-2'><a class=\"ez-toc-link ez-toc-heading-4\" href=\"https:\/\/www.grupomedcof.com.br\/blog\/hemorragia-no-pos-parto-etiologia-e-tratamento\/#Tratamento\" >Tratamento\u00a0<\/a><\/li><li class='ez-toc-page-1 ez-toc-heading-level-2'><a class=\"ez-toc-link ez-toc-heading-5\" href=\"https:\/\/www.grupomedcof.com.br\/blog\/hemorragia-no-pos-parto-etiologia-e-tratamento\/#O_metodo_que_te_aprova\" >O m\u00e9todo que te aprova!<\/a><\/li><\/ul><\/nav><\/div>\n\n<figure class=\"wp-block-image size-large\"><img loading=\"lazy\" decoding=\"async\" width=\"1024\" height=\"576\" src=\"https:\/\/www.grupomedcof.com.br\/blog\/wp-content\/uploads\/2024\/11\/Blog-MedCof-24-1-1024x576.png\" alt=\"\" class=\"wp-image-31526\" srcset=\"https:\/\/www.grupomedcof.com.br\/blog\/wp-content\/uploads\/2024\/11\/Blog-MedCof-24-1-1024x576.png 1024w, https:\/\/www.grupomedcof.com.br\/blog\/wp-content\/uploads\/2024\/11\/Blog-MedCof-24-1-300x169.png 300w, https:\/\/www.grupomedcof.com.br\/blog\/wp-content\/uploads\/2024\/11\/Blog-MedCof-24-1-768x432.png 768w, https:\/\/www.grupomedcof.com.br\/blog\/wp-content\/uploads\/2024\/11\/Blog-MedCof-24-1-1536x864.png 1536w, https:\/\/www.grupomedcof.com.br\/blog\/wp-content\/uploads\/2024\/11\/Blog-MedCof-24-1-2048x1152.png 2048w, https:\/\/www.grupomedcof.com.br\/blog\/wp-content\/uploads\/2024\/11\/Blog-MedCof-24-1-747x420.png 747w, https:\/\/www.grupomedcof.com.br\/blog\/wp-content\/uploads\/2024\/11\/Blog-MedCof-24-1-150x84.png 150w, https:\/\/www.grupomedcof.com.br\/blog\/wp-content\/uploads\/2024\/11\/Blog-MedCof-24-1-696x392.png 696w, https:\/\/www.grupomedcof.com.br\/blog\/wp-content\/uploads\/2024\/11\/Blog-MedCof-24-1-1068x601.png 1068w, https:\/\/www.grupomedcof.com.br\/blog\/wp-content\/uploads\/2024\/11\/Blog-MedCof-24-1-1920x1080.png 1920w\" sizes=\"auto, (max-width: 1024px) 100vw, 1024px\" \/><\/figure>\n\n\n\n<h2 class=\"wp-block-heading\" id=\"h-contextualizando\"><span class=\"ez-toc-section\" id=\"Contextualizando\"><\/span><strong>Contextualizando\u00a0<\/strong><span class=\"ez-toc-section-end\"><\/span><\/h2>\n\n\n\n<p>A <strong>hemorragia p\u00f3s-parto<\/strong> \u00e9 a causa de at\u00e9 25% do total de \u00f3bitos materno no mundo. Al\u00e9m disso, a morbidade \u00e9 bastante elevada nas pacientes sobreviventes, por isso ela \u00e9 inclu\u00edda na Estrat\u00e9gia Zero Morte Materna da OPAS\/OMS.<\/p>\n\n\n\n<p>Consideramos como hemorragia <strong>a perda sangu\u00ednea acima de 500mL em partos cen\u00e1rios e 1000mL em partos cen\u00e1rios<\/strong>, <strong>no intervalo de 24h.<\/strong> Ainda, pode ser identificada como qualquer perda que resulte em instabilidade hemodin\u00e2mica na paciente<\/p>\n\n\n\n<h2 class=\"wp-block-heading\" id=\"h-classificacao\"><span class=\"ez-toc-section\" id=\"Classificacao\"><\/span><strong>Classifica\u00e7\u00e3o\u00a0<\/strong><span class=\"ez-toc-section-end\"><\/span><\/h2>\n\n\n\n<ol class=\"wp-block-list\">\n<li><strong>Prim\u00e1ria<\/strong>\u00a0<\/li>\n<\/ol>\n\n\n\n<p>Surge nas<strong> primeiras 24 horas ap\u00f3s o parto<\/strong>, sendo caracterizada por <strong>atonia uterina<\/strong> (causa mais comum), <strong>lacera\u00e7\u00f5es do canal de parto, reten\u00e7\u00e3o placent\u00e1ria e invers\u00e3o\/rotura uterinas.<\/strong> Esse tipo est\u00e1 muito relacionado ao surgimento de coagulopatias (cong\u00eanitas ou adquiridas).<\/p>\n\n\n\n<ol start=\"2\" class=\"wp-block-list\">\n<li><strong>Secund\u00e1ria<\/strong>\u00a0<\/li>\n<\/ol>\n\n\n\n<p>Esse tipo surge <strong>depois de 24 horas e at\u00e9 6 a 12 semanas ap\u00f3s o parto<\/strong>. Ele \u00e9 caracterizado pela presen\u00e7a de restos placent\u00e1rios, endometriose, subinvolu\u00e7\u00e3o e doen\u00e7a trofobl\u00e1stica gestacional.\u00a0<\/p>\n\n\n\n<figure class=\"wp-block-image size-large\"><a href=\"https:\/\/www.grupomedcof.com.br\/cofletters\/\"><img loading=\"lazy\" decoding=\"async\" width=\"1024\" height=\"366\" src=\"https:\/\/www.grupomedcof.com.br\/blog\/wp-content\/uploads\/2024\/10\/Capa-Eventos-MedCof-Plus-1-1024x366.png\" alt=\"\" class=\"wp-image-30896\" srcset=\"https:\/\/www.grupomedcof.com.br\/blog\/wp-content\/uploads\/2024\/10\/Capa-Eventos-MedCof-Plus-1-1024x366.png 1024w, https:\/\/www.grupomedcof.com.br\/blog\/wp-content\/uploads\/2024\/10\/Capa-Eventos-MedCof-Plus-1-300x107.png 300w, https:\/\/www.grupomedcof.com.br\/blog\/wp-content\/uploads\/2024\/10\/Capa-Eventos-MedCof-Plus-1-768x275.png 768w, https:\/\/www.grupomedcof.com.br\/blog\/wp-content\/uploads\/2024\/10\/Capa-Eventos-MedCof-Plus-1-1536x549.png 1536w, https:\/\/www.grupomedcof.com.br\/blog\/wp-content\/uploads\/2024\/10\/Capa-Eventos-MedCof-Plus-1-2048x732.png 2048w, https:\/\/www.grupomedcof.com.br\/blog\/wp-content\/uploads\/2024\/10\/Capa-Eventos-MedCof-Plus-1-1175x420.png 1175w, https:\/\/www.grupomedcof.com.br\/blog\/wp-content\/uploads\/2024\/10\/Capa-Eventos-MedCof-Plus-1-150x54.png 150w, https:\/\/www.grupomedcof.com.br\/blog\/wp-content\/uploads\/2024\/10\/Capa-Eventos-MedCof-Plus-1-696x249.png 696w, https:\/\/www.grupomedcof.com.br\/blog\/wp-content\/uploads\/2024\/10\/Capa-Eventos-MedCof-Plus-1-1068x382.png 1068w, https:\/\/www.grupomedcof.com.br\/blog\/wp-content\/uploads\/2024\/10\/Capa-Eventos-MedCof-Plus-1-1920x686.png 1920w\" sizes=\"auto, (max-width: 1024px) 100vw, 1024px\" \/><\/a><\/figure>\n\n\n\n<h2 class=\"wp-block-heading\" id=\"h-etiologia\"><span class=\"ez-toc-section\" id=\"Etiologia\"><\/span><strong>Etiologia\u00a0<\/strong><span class=\"ez-toc-section-end\"><\/span><\/h2>\n\n\n\n<p>Para investigarmos a causa da hemorragia, usamos o mnem\u00f4nico dos 4Ts: <strong>Trauma, T\u00f4nus, Tecido, Tombini.\u00a0<\/strong><\/p>\n\n\n\n<figure class=\"wp-block-table\"><table class=\"has-fixed-layout\"><tbody><tr><td><strong>4 T&#8217;s<\/strong><\/td><td><strong>Causa espec\u00edfica&nbsp;<\/strong><\/td><\/tr><tr><td>T\u00f4nus&nbsp;<\/td><td>Atonia uterina.&nbsp;<\/td><\/tr><tr><td>Trauma&nbsp;<\/td><td>Lacera\u00e7\u00e3o, hematoma, invers\u00e3o e rotura uterina.&nbsp;<\/td><\/tr><tr><td>Tecido<\/td><td>Reten\u00e7\u00e3o de tecido, placent\u00e1rio, co\u00e1gulos, acr\u00e9scimo placent\u00e1rio.<\/td><\/tr><tr><td>Trombina&nbsp;<\/td><td>Coagulopatias cong\u00eanitas ou adquiridas, uso de medicamentos anticoagulantes.<\/td><\/tr><\/tbody><\/table><\/figure>\n\n\n\n<p>Um detalhe importante \u00e9 que o controle do s\u00edtio de sangramento puerperal deve ser realizado dentro da 1\u00b0 hora a partir do seu diagn\u00f3stico. A demora do s\u00edtio cir\u00fargico est\u00e1 associada ao aparecimento da tr\u00edade letal:&nbsp;<\/p>\n\n\n\n<ul class=\"wp-block-list\">\n<li>Hipotermia;<\/li>\n\n\n\n<li>Coagulopatia;<\/li>\n\n\n\n<li>Acidose metab\u00f3lica.\u00a0\u00a0<\/li>\n<\/ul>\n\n\n\n<h2 class=\"wp-block-heading\" id=\"h-tratamento\"><span class=\"ez-toc-section\" id=\"Tratamento\"><\/span><strong>Tratamento\u00a0<\/strong><span class=\"ez-toc-section-end\"><\/span><\/h2>\n\n\n\n<p>Existem medidas que devem ser feitas para todas as pacientes, independente da etiologia, de forma imediata. Todavia, outras devem ser focadas no foco da hemorragia e control\u00e1-lo o mais r\u00e1pido poss\u00edvel.<\/p>\n\n\n\n<ul class=\"wp-block-list\">\n<li><strong>Medicamentoso<\/strong><\/li>\n<\/ul>\n\n\n\n<p>Consiste no uso de <strong>uterot\u00f4nicos<\/strong> (como ocitocina, derivados de ergotamina e misoprostol) para combater a atonia e no uso de antifibrinol\u00edticos (como \u00e1cido tranex\u00e2mico) como terapia coadjuvante.\u00a0<\/p>\n\n\n\n<ul start=\"2\" class=\"wp-block-list\">\n<li><strong>Invasivo n\u00e3o cir\u00fargico\u00a0<\/strong><\/li>\n<\/ul>\n\n\n\n<p>Por meio de compress\u00f5es uterinas bianual (por manobra de Hamilton ou bal\u00e3o de tamponamento intrauterino). Contudo, o bal\u00e3o de tamponamento s\u00f3 pode ser utilizado por no m\u00e1ximo 24h, preenchido preferencialmente com l\u00edquidos aquecidos (para evitar hipotermia) e retirado de forma gradual.&nbsp;<\/p>\n\n\n\n<div class=\"wp-block-columns is-layout-flex wp-container-core-columns-is-layout-9d6595d7 wp-block-columns-is-layout-flex\">\n<div class=\"wp-block-column is-layout-flow wp-block-column-is-layout-flow\">\n<figure class=\"wp-block-image size-full\"><img loading=\"lazy\" decoding=\"async\" width=\"606\" height=\"537\" src=\"https:\/\/www.grupomedcof.com.br\/blog\/wp-content\/uploads\/2024\/11\/unnamed-56.jpg\" alt=\"\" class=\"wp-image-31522\" srcset=\"https:\/\/www.grupomedcof.com.br\/blog\/wp-content\/uploads\/2024\/11\/unnamed-56.jpg 606w, https:\/\/www.grupomedcof.com.br\/blog\/wp-content\/uploads\/2024\/11\/unnamed-56-300x266.jpg 300w, https:\/\/www.grupomedcof.com.br\/blog\/wp-content\/uploads\/2024\/11\/unnamed-56-474x420.jpg 474w, https:\/\/www.grupomedcof.com.br\/blog\/wp-content\/uploads\/2024\/11\/unnamed-56-150x133.jpg 150w\" sizes=\"auto, (max-width: 606px) 100vw, 606px\" \/><\/figure>\n<\/div>\n\n\n\n<div class=\"wp-block-column is-layout-flow wp-block-column-is-layout-flow\">\n<figure class=\"wp-block-image size-full is-resized\"><img loading=\"lazy\" decoding=\"async\" width=\"565\" height=\"384\" src=\"https:\/\/www.grupomedcof.com.br\/blog\/wp-content\/uploads\/2024\/11\/unnamed-57.jpg\" alt=\"\" class=\"wp-image-31523\" style=\"width:344px;height:auto\" srcset=\"https:\/\/www.grupomedcof.com.br\/blog\/wp-content\/uploads\/2024\/11\/unnamed-57.jpg 565w, https:\/\/www.grupomedcof.com.br\/blog\/wp-content\/uploads\/2024\/11\/unnamed-57-300x204.jpg 300w, https:\/\/www.grupomedcof.com.br\/blog\/wp-content\/uploads\/2024\/11\/unnamed-57-150x102.jpg 150w\" sizes=\"auto, (max-width: 565px) 100vw, 565px\" \/><figcaption class=\"wp-element-caption\">Fonte: Acervo de aulas do Grupo MedCof\u00a0<br><\/figcaption><\/figure>\n<\/div>\n<\/div>\n\n\n\n<ul class=\"wp-block-list\">\n<li><strong>Invasivo cir\u00fargico\u00a0<\/strong><\/li>\n<\/ul>\n\n\n\n<p>Os principais cuidados tomados s\u00e3o a sutura compressiva de B-lynch e as suturas compressivas (Hayman e Cho). Al\u00e9m disso, podemos fazer a ligadura das art\u00e9rias uterinas, ovarianas e hipog\u00e1stricas (isoladas ou em sequ\u00eancia) para parar o sangramento.&nbsp;<\/p>\n\n\n\n<div class=\"wp-block-columns is-layout-flex wp-container-core-columns-is-layout-9d6595d7 wp-block-columns-is-layout-flex\">\n<div class=\"wp-block-column is-layout-flow wp-block-column-is-layout-flow\">\n<figure class=\"wp-block-image size-full\"><img loading=\"lazy\" decoding=\"async\" width=\"379\" height=\"315\" src=\"https:\/\/www.grupomedcof.com.br\/blog\/wp-content\/uploads\/2024\/11\/image.webp\" alt=\"\" class=\"wp-image-31520\" srcset=\"https:\/\/www.grupomedcof.com.br\/blog\/wp-content\/uploads\/2024\/11\/image.webp 379w, https:\/\/www.grupomedcof.com.br\/blog\/wp-content\/uploads\/2024\/11\/image-300x249.webp 300w, https:\/\/www.grupomedcof.com.br\/blog\/wp-content\/uploads\/2024\/11\/image-150x125.webp 150w\" sizes=\"auto, (max-width: 379px) 100vw, 379px\" \/><figcaption class=\"wp-element-caption\">Fonte: Acervo de Aulas do Grupo MedCof.<br><\/figcaption><\/figure>\n<\/div>\n\n\n\n<div class=\"wp-block-column is-layout-flow wp-block-column-is-layout-flow\">\n<figure class=\"wp-block-image size-full\"><img loading=\"lazy\" decoding=\"async\" width=\"502\" height=\"433\" src=\"https:\/\/www.grupomedcof.com.br\/blog\/wp-content\/uploads\/2024\/11\/unnamed-55.jpg\" alt=\"\" class=\"wp-image-31521\" srcset=\"https:\/\/www.grupomedcof.com.br\/blog\/wp-content\/uploads\/2024\/11\/unnamed-55.jpg 502w, https:\/\/www.grupomedcof.com.br\/blog\/wp-content\/uploads\/2024\/11\/unnamed-55-300x259.jpg 300w, https:\/\/www.grupomedcof.com.br\/blog\/wp-content\/uploads\/2024\/11\/unnamed-55-487x420.jpg 487w, https:\/\/www.grupomedcof.com.br\/blog\/wp-content\/uploads\/2024\/11\/unnamed-55-150x129.jpg 150w\" sizes=\"auto, (max-width: 502px) 100vw, 502px\" \/><\/figure>\n<\/div>\n<\/div>\n\n\n\n<p>A cirurgia de controle de danos tem o objetivo principal a coagulopatia e o dist\u00farbio \u00e1cido-base, al\u00e9m de conter a hipotermia. A corre\u00e7\u00e3o definitiva, normalmente, ocorre em 2 a 5 dias ap\u00f3s o procedimento, quando a paciente j\u00e1 se encontra est\u00e1vel.<\/p>\n\n\n\n<h2 class=\"wp-block-heading\" id=\"o-m\u00e9todo-que-te-aprova\"><span class=\"ez-toc-section\" id=\"O_metodo_que_te_aprova\"><\/span><strong>O m\u00e9todo que te aprova!<\/strong><span class=\"ez-toc-section-end\"><\/span><\/h2>\n\n\n\n<p>Quer alcan\u00e7ar a aprova\u00e7\u00e3o nas provas de resid\u00eancia m\u00e9dica? Ent\u00e3o seja um&nbsp;<a href=\"https:\/\/www.grupomedcof.com.br\/home\/\" target=\"_blank\" rel=\"noreferrer noopener\">MedCoffer<\/a>! Aqui te ajudaremos na busca da aprova\u00e7\u00e3o com conte\u00fados de qualidade e uma&nbsp;<a href=\"https:\/\/www.grupomedcof.com.br\/blog\/presenca-da-medcof-nas-aprovacoes-em-residencia-medica-no-brasil\/\" target=\"_blank\" rel=\"noreferrer noopener\">metodologia que j\u00e1 aprovou mais de 10 mil residentes no pa\u00eds!&nbsp;<\/a>Por fim, acesse o nosso<a href=\"https:\/\/www.youtube.com\/@GrupoMedcof\/featured\" target=\"_blank\" rel=\"noreferrer noopener\">&nbsp;<strong>canal do youtube&nbsp;<\/strong><\/a>para ver o nosso material.<\/p>\n\n\n\n<figure class=\"wp-block-embed is-type-video is-provider-youtube wp-block-embed-youtube wp-embed-aspect-16-9 wp-has-aspect-ratio\"><div class=\"wp-block-embed__wrapper\">\n<div class=\"youtube-embed\" data-video_id=\"S8v-1aAEyc8\"><iframe loading=\"lazy\" title=\"Descubra Tudo sobre as Parasitoses Intestinais: Preven\u00e7\u00e3o e Cuidados. Com Dra. Jackie Palazzo\" width=\"696\" height=\"392\" src=\"https:\/\/www.youtube.com\/embed\/S8v-1aAEyc8?feature=oembed&#038;enablejsapi=1\" frameborder=\"0\" allow=\"accelerometer; autoplay; clipboard-write; encrypted-media; gyroscope; picture-in-picture; web-share\" referrerpolicy=\"strict-origin-when-cross-origin\" allowfullscreen><\/iframe><\/div>\n<\/div><\/figure>\n","protected":false},"excerpt":{"rendered":"<p>A hemorragia p\u00f3s-parto \u00e9 a causa de at\u00e9 25% do total de \u00f3bitos materno no mundo. Saiba mais sobre tratamento, diagn\u00f3stico e mais!<\/p>\n","protected":false},"author":21,"featured_media":31526,"comment_status":"open","ping_status":"open","sticky":false,"template":"","format":"standard","meta":{"footnotes":""},"categories":[125],"tags":[2257,2256,2258,2259],"ppma_author":[3617],"class_list":{"0":"post-31518","1":"post","2":"type-post","3":"status-publish","4":"format-standard","5":"has-post-thumbnail","7":"category-ginecologia-e-obstetricia","8":"tag-atonia-uterina","9":"tag-hemorragia-pos-parto","10":"tag-retencao-placentaria","11":"tag-rotura-uterina"},"yoast_head":"<!-- This site is optimized with the Yoast SEO Premium plugin v24.3 (Yoast SEO v27.5) - https:\/\/yoast.com\/product\/yoast-seo-premium-wordpress\/ -->\n<title>Hemorragia no P\u00f3s-parto: etiologia e tratamento - Blog de Medcof: conte\u00fados, editais, revalida e mais!<\/title>\n<meta name=\"description\" content=\"A hemorragia p\u00f3s-parto \u00e9 a causa de at\u00e9 25% do total de \u00f3bitos materno no mundo. Saiba mais sobre tratamento, diagn\u00f3stico e mais!\" \/>\n<meta name=\"robots\" content=\"index, follow, max-snippet:-1, max-image-preview:large, max-video-preview:-1\" \/>\n<link rel=\"canonical\" href=\"https:\/\/www.grupomedcof.com.br\/blog\/hemorragia-no-pos-parto-etiologia-e-tratamento\/\" \/>\n<meta property=\"og:locale\" content=\"pt_BR\" \/>\n<meta property=\"og:type\" content=\"article\" \/>\n<meta property=\"og:title\" content=\"Hemorragia no P\u00f3s-parto: etiologia e tratamento\" \/>\n<meta property=\"og:description\" content=\"A hemorragia p\u00f3s-parto \u00e9 a causa de at\u00e9 25% do total de \u00f3bitos materno no mundo. Saiba mais sobre tratamento, diagn\u00f3stico e mais!\" \/>\n<meta property=\"og:url\" content=\"https:\/\/www.grupomedcof.com.br\/blog\/hemorragia-no-pos-parto-etiologia-e-tratamento\/\" \/>\n<meta property=\"og:site_name\" content=\"Blog de Medcof: conte\u00fados, editais, revalida e mais!\" \/>\n<meta property=\"article:publisher\" content=\"https:\/\/www.facebook.com\/MedCofQbank\/\" \/>\n<meta property=\"article:published_time\" content=\"2024-11-12T12:21:10+00:00\" \/>\n<meta property=\"og:image\" content=\"https:\/\/www.grupomedcof.com.br\/blog\/wp-content\/uploads\/2024\/11\/Blog-MedCof-24-1-1024x576.png\" \/>\n\t<meta property=\"og:image:width\" content=\"1024\" \/>\n\t<meta property=\"og:image:height\" content=\"576\" \/>\n\t<meta property=\"og:image:type\" content=\"image\/png\" \/>\n<meta name=\"author\" content=\"Kiara Adelino\" \/>\n<meta name=\"twitter:card\" content=\"summary_large_image\" \/>\n<meta name=\"twitter:label1\" content=\"Escrito por\" \/>\n\t<meta name=\"twitter:data1\" content=\"Kiara Adelino\" \/>\n\t<meta name=\"twitter:label2\" content=\"Est. tempo de leitura\" \/>\n\t<meta name=\"twitter:data2\" content=\"5 minutos\" \/>\n<script type=\"application\/ld+json\" class=\"yoast-schema-graph\">{\"@context\":\"https:\\\/\\\/schema.org\",\"@graph\":[{\"@type\":\"Article\",\"@id\":\"https:\\\/\\\/www.grupomedcof.com.br\\\/blog\\\/hemorragia-no-pos-parto-etiologia-e-tratamento\\\/#article\",\"isPartOf\":{\"@id\":\"https:\\\/\\\/www.grupomedcof.com.br\\\/blog\\\/hemorragia-no-pos-parto-etiologia-e-tratamento\\\/\"},\"author\":{\"name\":\"Kiara Adelino\",\"@id\":\"https:\\\/\\\/www.grupomedcof.com.br\\\/blog\\\/#\\\/schema\\\/person\\\/db19a651f86c5fc202d6eee744fd3292\"},\"headline\":\"Hemorragia no P\u00f3s-parto: etiologia e tratamento\",\"datePublished\":\"2024-11-12T12:21:10+00:00\",\"mainEntityOfPage\":{\"@id\":\"https:\\\/\\\/www.grupomedcof.com.br\\\/blog\\\/hemorragia-no-pos-parto-etiologia-e-tratamento\\\/\"},\"wordCount\":577,\"commentCount\":0,\"publisher\":{\"@id\":\"https:\\\/\\\/www.grupomedcof.com.br\\\/blog\\\/#organization\"},\"image\":{\"@id\":\"https:\\\/\\\/www.grupomedcof.com.br\\\/blog\\\/hemorragia-no-pos-parto-etiologia-e-tratamento\\\/#primaryimage\"},\"thumbnailUrl\":\"https:\\\/\\\/www.grupomedcof.com.br\\\/blog\\\/wp-content\\\/uploads\\\/2024\\\/11\\\/Blog-MedCof-24-1.png\",\"keywords\":[\"Atonia uterina\",\"Hemorragia P\u00f3s-Parto\",\"Reten\u00e7\u00e3o placent\u00e1ria\",\"Rotura uterina\"],\"articleSection\":[\"Ginecologia e Obstetr\u00edcia\"],\"inLanguage\":\"pt-BR\"},{\"@type\":\"WebPage\",\"@id\":\"https:\\\/\\\/www.grupomedcof.com.br\\\/blog\\\/hemorragia-no-pos-parto-etiologia-e-tratamento\\\/\",\"url\":\"https:\\\/\\\/www.grupomedcof.com.br\\\/blog\\\/hemorragia-no-pos-parto-etiologia-e-tratamento\\\/\",\"name\":\"Hemorragia no P\u00f3s-parto: etiologia e tratamento - Blog de Medcof: conte\u00fados, editais, revalida e mais!\",\"isPartOf\":{\"@id\":\"https:\\\/\\\/www.grupomedcof.com.br\\\/blog\\\/#website\"},\"primaryImageOfPage\":{\"@id\":\"https:\\\/\\\/www.grupomedcof.com.br\\\/blog\\\/hemorragia-no-pos-parto-etiologia-e-tratamento\\\/#primaryimage\"},\"image\":{\"@id\":\"https:\\\/\\\/www.grupomedcof.com.br\\\/blog\\\/hemorragia-no-pos-parto-etiologia-e-tratamento\\\/#primaryimage\"},\"thumbnailUrl\":\"https:\\\/\\\/www.grupomedcof.com.br\\\/blog\\\/wp-content\\\/uploads\\\/2024\\\/11\\\/Blog-MedCof-24-1.png\",\"datePublished\":\"2024-11-12T12:21:10+00:00\",\"description\":\"A hemorragia p\u00f3s-parto \u00e9 a causa de at\u00e9 25% do total de \u00f3bitos materno no mundo. Saiba mais sobre tratamento, diagn\u00f3stico e mais!\",\"breadcrumb\":{\"@id\":\"https:\\\/\\\/www.grupomedcof.com.br\\\/blog\\\/hemorragia-no-pos-parto-etiologia-e-tratamento\\\/#breadcrumb\"},\"inLanguage\":\"pt-BR\",\"potentialAction\":[{\"@type\":\"ReadAction\",\"target\":[\"https:\\\/\\\/www.grupomedcof.com.br\\\/blog\\\/hemorragia-no-pos-parto-etiologia-e-tratamento\\\/\"]}]},{\"@type\":\"ImageObject\",\"inLanguage\":\"pt-BR\",\"@id\":\"https:\\\/\\\/www.grupomedcof.com.br\\\/blog\\\/hemorragia-no-pos-parto-etiologia-e-tratamento\\\/#primaryimage\",\"url\":\"https:\\\/\\\/www.grupomedcof.com.br\\\/blog\\\/wp-content\\\/uploads\\\/2024\\\/11\\\/Blog-MedCof-24-1.png\",\"contentUrl\":\"https:\\\/\\\/www.grupomedcof.com.br\\\/blog\\\/wp-content\\\/uploads\\\/2024\\\/11\\\/Blog-MedCof-24-1.png\",\"width\":2560,\"height\":1440},{\"@type\":\"BreadcrumbList\",\"@id\":\"https:\\\/\\\/www.grupomedcof.com.br\\\/blog\\\/hemorragia-no-pos-parto-etiologia-e-tratamento\\\/#breadcrumb\",\"itemListElement\":[{\"@type\":\"ListItem\",\"position\":1,\"name\":\"In\u00edcio\",\"item\":\"https:\\\/\\\/www.grupomedcof.com.br\\\/blog\\\/\"},{\"@type\":\"ListItem\",\"position\":2,\"name\":\"Hemorragia no P\u00f3s-parto: etiologia e tratamento\"}]},{\"@type\":\"WebSite\",\"@id\":\"https:\\\/\\\/www.grupomedcof.com.br\\\/blog\\\/#website\",\"url\":\"https:\\\/\\\/www.grupomedcof.com.br\\\/blog\\\/\",\"name\":\"Blog de Medcof: conte\u00fados, editais, revalida e mais!\",\"description\":\"Acesso o blog de MedCof! Seu portal de conte\u00fados sobre resid\u00eancia m\u00e9dica, an\u00e1lise e editais e muito mais. Clique e confira!\",\"publisher\":{\"@id\":\"https:\\\/\\\/www.grupomedcof.com.br\\\/blog\\\/#organization\"},\"alternateName\":\"Blog de Medcof: conte\u00fados, editais, revalida e mais!\",\"potentialAction\":[{\"@type\":\"SearchAction\",\"target\":{\"@type\":\"EntryPoint\",\"urlTemplate\":\"https:\\\/\\\/www.grupomedcof.com.br\\\/blog\\\/?s={search_term_string}\"},\"query-input\":{\"@type\":\"PropertyValueSpecification\",\"valueRequired\":true,\"valueName\":\"search_term_string\"}}],\"inLanguage\":\"pt-BR\"},{\"@type\":\"Organization\",\"@id\":\"https:\\\/\\\/www.grupomedcof.com.br\\\/blog\\\/#organization\",\"name\":\"Grupo MedCof\",\"url\":\"https:\\\/\\\/www.grupomedcof.com.br\\\/blog\\\/\",\"logo\":{\"@type\":\"ImageObject\",\"inLanguage\":\"pt-BR\",\"@id\":\"https:\\\/\\\/www.grupomedcof.com.br\\\/blog\\\/#\\\/schema\\\/logo\\\/image\\\/\",\"url\":\"https:\\\/\\\/www.grupomedcof.com.br\\\/blog\\\/wp-content\\\/uploads\\\/2022\\\/01\\\/logo-medcof.png\",\"contentUrl\":\"https:\\\/\\\/www.grupomedcof.com.br\\\/blog\\\/wp-content\\\/uploads\\\/2022\\\/01\\\/logo-medcof.png\",\"width\":768,\"height\":269,\"caption\":\"Grupo MedCof\"},\"image\":{\"@id\":\"https:\\\/\\\/www.grupomedcof.com.br\\\/blog\\\/#\\\/schema\\\/logo\\\/image\\\/\"},\"sameAs\":[\"https:\\\/\\\/www.facebook.com\\\/MedCofQbank\\\/\",\"https:\\\/\\\/www.instagram.com\\\/grupomedcof\\\/\",\"https:\\\/\\\/br.linkedin.com\\\/company\\\/medcof\",\"https:\\\/\\\/www.youtube.com\\\/channel\\\/UCdHMuOHKICxcHwecxN8P-AA\"]},{\"@type\":\"Person\",\"@id\":\"https:\\\/\\\/www.grupomedcof.com.br\\\/blog\\\/#\\\/schema\\\/person\\\/db19a651f86c5fc202d6eee744fd3292\",\"name\":\"Kiara Adelino\",\"image\":{\"@type\":\"ImageObject\",\"inLanguage\":\"pt-BR\",\"@id\":\"https:\\\/\\\/www.grupomedcof.com.br\\\/blog\\\/wp-content\\\/uploads\\\/2024\\\/08\\\/cropped-Kiara-Adelino2-96x96.jpega85663bdda67261f8f06f86e555e1e49\",\"url\":\"https:\\\/\\\/www.grupomedcof.com.br\\\/blog\\\/wp-content\\\/uploads\\\/2024\\\/08\\\/cropped-Kiara-Adelino2-96x96.jpeg\",\"contentUrl\":\"https:\\\/\\\/www.grupomedcof.com.br\\\/blog\\\/wp-content\\\/uploads\\\/2024\\\/08\\\/cropped-Kiara-Adelino2-96x96.jpeg\",\"caption\":\"Kiara Adelino\"},\"description\":\"Estudante do 5\u00b0 semestre de Medicina. Gosto bastante de aprender coisas novas, principalmente na \u00e1rea de Neurologia e Anatomia humana.\",\"url\":\"https:\\\/\\\/www.grupomedcof.com.br\\\/blog\\\/author\\\/kiara-adelino\\\/\"}]}<\/script>\n<!-- \/ Yoast SEO Premium plugin. -->","yoast_head_json":{"title":"Hemorragia no P\u00f3s-parto: etiologia e tratamento - Blog de Medcof: conte\u00fados, editais, revalida e mais!","description":"A hemorragia p\u00f3s-parto \u00e9 a causa de at\u00e9 25% do total de \u00f3bitos materno no mundo. Saiba mais sobre tratamento, diagn\u00f3stico e mais!","robots":{"index":"index","follow":"follow","max-snippet":"max-snippet:-1","max-image-preview":"max-image-preview:large","max-video-preview":"max-video-preview:-1"},"canonical":"https:\/\/www.grupomedcof.com.br\/blog\/hemorragia-no-pos-parto-etiologia-e-tratamento\/","og_locale":"pt_BR","og_type":"article","og_title":"Hemorragia no P\u00f3s-parto: etiologia e tratamento","og_description":"A hemorragia p\u00f3s-parto \u00e9 a causa de at\u00e9 25% do total de \u00f3bitos materno no mundo. Saiba mais sobre tratamento, diagn\u00f3stico e mais!","og_url":"https:\/\/www.grupomedcof.com.br\/blog\/hemorragia-no-pos-parto-etiologia-e-tratamento\/","og_site_name":"Blog de Medcof: conte\u00fados, editais, revalida e mais!","article_publisher":"https:\/\/www.facebook.com\/MedCofQbank\/","article_published_time":"2024-11-12T12:21:10+00:00","og_image":[{"width":1024,"height":576,"url":"https:\/\/www.grupomedcof.com.br\/blog\/wp-content\/uploads\/2024\/11\/Blog-MedCof-24-1-1024x576.png","type":"image\/png"}],"author":"Kiara Adelino","twitter_card":"summary_large_image","twitter_misc":{"Escrito por":"Kiara Adelino","Est. tempo de leitura":"5 minutos"},"schema":{"@context":"https:\/\/schema.org","@graph":[{"@type":"Article","@id":"https:\/\/www.grupomedcof.com.br\/blog\/hemorragia-no-pos-parto-etiologia-e-tratamento\/#article","isPartOf":{"@id":"https:\/\/www.grupomedcof.com.br\/blog\/hemorragia-no-pos-parto-etiologia-e-tratamento\/"},"author":{"name":"Kiara Adelino","@id":"https:\/\/www.grupomedcof.com.br\/blog\/#\/schema\/person\/db19a651f86c5fc202d6eee744fd3292"},"headline":"Hemorragia no P\u00f3s-parto: etiologia e tratamento","datePublished":"2024-11-12T12:21:10+00:00","mainEntityOfPage":{"@id":"https:\/\/www.grupomedcof.com.br\/blog\/hemorragia-no-pos-parto-etiologia-e-tratamento\/"},"wordCount":577,"commentCount":0,"publisher":{"@id":"https:\/\/www.grupomedcof.com.br\/blog\/#organization"},"image":{"@id":"https:\/\/www.grupomedcof.com.br\/blog\/hemorragia-no-pos-parto-etiologia-e-tratamento\/#primaryimage"},"thumbnailUrl":"https:\/\/www.grupomedcof.com.br\/blog\/wp-content\/uploads\/2024\/11\/Blog-MedCof-24-1.png","keywords":["Atonia uterina","Hemorragia P\u00f3s-Parto","Reten\u00e7\u00e3o placent\u00e1ria","Rotura uterina"],"articleSection":["Ginecologia e Obstetr\u00edcia"],"inLanguage":"pt-BR"},{"@type":"WebPage","@id":"https:\/\/www.grupomedcof.com.br\/blog\/hemorragia-no-pos-parto-etiologia-e-tratamento\/","url":"https:\/\/www.grupomedcof.com.br\/blog\/hemorragia-no-pos-parto-etiologia-e-tratamento\/","name":"Hemorragia no P\u00f3s-parto: etiologia e tratamento - Blog de Medcof: conte\u00fados, editais, revalida e mais!","isPartOf":{"@id":"https:\/\/www.grupomedcof.com.br\/blog\/#website"},"primaryImageOfPage":{"@id":"https:\/\/www.grupomedcof.com.br\/blog\/hemorragia-no-pos-parto-etiologia-e-tratamento\/#primaryimage"},"image":{"@id":"https:\/\/www.grupomedcof.com.br\/blog\/hemorragia-no-pos-parto-etiologia-e-tratamento\/#primaryimage"},"thumbnailUrl":"https:\/\/www.grupomedcof.com.br\/blog\/wp-content\/uploads\/2024\/11\/Blog-MedCof-24-1.png","datePublished":"2024-11-12T12:21:10+00:00","description":"A hemorragia p\u00f3s-parto \u00e9 a causa de at\u00e9 25% do total de \u00f3bitos materno no mundo. Saiba mais sobre tratamento, diagn\u00f3stico e mais!","breadcrumb":{"@id":"https:\/\/www.grupomedcof.com.br\/blog\/hemorragia-no-pos-parto-etiologia-e-tratamento\/#breadcrumb"},"inLanguage":"pt-BR","potentialAction":[{"@type":"ReadAction","target":["https:\/\/www.grupomedcof.com.br\/blog\/hemorragia-no-pos-parto-etiologia-e-tratamento\/"]}]},{"@type":"ImageObject","inLanguage":"pt-BR","@id":"https:\/\/www.grupomedcof.com.br\/blog\/hemorragia-no-pos-parto-etiologia-e-tratamento\/#primaryimage","url":"https:\/\/www.grupomedcof.com.br\/blog\/wp-content\/uploads\/2024\/11\/Blog-MedCof-24-1.png","contentUrl":"https:\/\/www.grupomedcof.com.br\/blog\/wp-content\/uploads\/2024\/11\/Blog-MedCof-24-1.png","width":2560,"height":1440},{"@type":"BreadcrumbList","@id":"https:\/\/www.grupomedcof.com.br\/blog\/hemorragia-no-pos-parto-etiologia-e-tratamento\/#breadcrumb","itemListElement":[{"@type":"ListItem","position":1,"name":"In\u00edcio","item":"https:\/\/www.grupomedcof.com.br\/blog\/"},{"@type":"ListItem","position":2,"name":"Hemorragia no P\u00f3s-parto: etiologia e tratamento"}]},{"@type":"WebSite","@id":"https:\/\/www.grupomedcof.com.br\/blog\/#website","url":"https:\/\/www.grupomedcof.com.br\/blog\/","name":"Blog de Medcof: conte\u00fados, editais, revalida e mais!","description":"Acesso o blog de MedCof! Seu portal de conte\u00fados sobre resid\u00eancia m\u00e9dica, an\u00e1lise e editais e muito mais. Clique e confira!","publisher":{"@id":"https:\/\/www.grupomedcof.com.br\/blog\/#organization"},"alternateName":"Blog de Medcof: conte\u00fados, editais, revalida e mais!","potentialAction":[{"@type":"SearchAction","target":{"@type":"EntryPoint","urlTemplate":"https:\/\/www.grupomedcof.com.br\/blog\/?s={search_term_string}"},"query-input":{"@type":"PropertyValueSpecification","valueRequired":true,"valueName":"search_term_string"}}],"inLanguage":"pt-BR"},{"@type":"Organization","@id":"https:\/\/www.grupomedcof.com.br\/blog\/#organization","name":"Grupo MedCof","url":"https:\/\/www.grupomedcof.com.br\/blog\/","logo":{"@type":"ImageObject","inLanguage":"pt-BR","@id":"https:\/\/www.grupomedcof.com.br\/blog\/#\/schema\/logo\/image\/","url":"https:\/\/www.grupomedcof.com.br\/blog\/wp-content\/uploads\/2022\/01\/logo-medcof.png","contentUrl":"https:\/\/www.grupomedcof.com.br\/blog\/wp-content\/uploads\/2022\/01\/logo-medcof.png","width":768,"height":269,"caption":"Grupo MedCof"},"image":{"@id":"https:\/\/www.grupomedcof.com.br\/blog\/#\/schema\/logo\/image\/"},"sameAs":["https:\/\/www.facebook.com\/MedCofQbank\/","https:\/\/www.instagram.com\/grupomedcof\/","https:\/\/br.linkedin.com\/company\/medcof","https:\/\/www.youtube.com\/channel\/UCdHMuOHKICxcHwecxN8P-AA"]},{"@type":"Person","@id":"https:\/\/www.grupomedcof.com.br\/blog\/#\/schema\/person\/db19a651f86c5fc202d6eee744fd3292","name":"Kiara Adelino","image":{"@type":"ImageObject","inLanguage":"pt-BR","@id":"https:\/\/www.grupomedcof.com.br\/blog\/wp-content\/uploads\/2024\/08\/cropped-Kiara-Adelino2-96x96.jpega85663bdda67261f8f06f86e555e1e49","url":"https:\/\/www.grupomedcof.com.br\/blog\/wp-content\/uploads\/2024\/08\/cropped-Kiara-Adelino2-96x96.jpeg","contentUrl":"https:\/\/www.grupomedcof.com.br\/blog\/wp-content\/uploads\/2024\/08\/cropped-Kiara-Adelino2-96x96.jpeg","caption":"Kiara Adelino"},"description":"Estudante do 5\u00b0 semestre de Medicina. Gosto bastante de aprender coisas novas, principalmente na \u00e1rea de Neurologia e Anatomia humana.","url":"https:\/\/www.grupomedcof.com.br\/blog\/author\/kiara-adelino\/"}]}},"authors":[{"term_id":3617,"user_id":21,"is_guest":0,"slug":"kiara-adelino","display_name":"Kiara Adelino","avatar_url":"https:\/\/www.grupomedcof.com.br\/blog\/wp-content\/uploads\/2024\/08\/cropped-Kiara-Adelino2-96x96.jpeg","0":null,"1":"","2":"","3":"","4":"","5":"","6":"","7":"","8":""}],"_links":{"self":[{"href":"https:\/\/www.grupomedcof.com.br\/blog\/wp-json\/wp\/v2\/posts\/31518","targetHints":{"allow":["GET"]}}],"collection":[{"href":"https:\/\/www.grupomedcof.com.br\/blog\/wp-json\/wp\/v2\/posts"}],"about":[{"href":"https:\/\/www.grupomedcof.com.br\/blog\/wp-json\/wp\/v2\/types\/post"}],"author":[{"embeddable":true,"href":"https:\/\/www.grupomedcof.com.br\/blog\/wp-json\/wp\/v2\/users\/21"}],"replies":[{"embeddable":true,"href":"https:\/\/www.grupomedcof.com.br\/blog\/wp-json\/wp\/v2\/comments?post=31518"}],"version-history":[{"count":0,"href":"https:\/\/www.grupomedcof.com.br\/blog\/wp-json\/wp\/v2\/posts\/31518\/revisions"}],"wp:featuredmedia":[{"embeddable":true,"href":"https:\/\/www.grupomedcof.com.br\/blog\/wp-json\/wp\/v2\/media\/31526"}],"wp:attachment":[{"href":"https:\/\/www.grupomedcof.com.br\/blog\/wp-json\/wp\/v2\/media?parent=31518"}],"wp:term":[{"taxonomy":"category","embeddable":true,"href":"https:\/\/www.grupomedcof.com.br\/blog\/wp-json\/wp\/v2\/categories?post=31518"},{"taxonomy":"post_tag","embeddable":true,"href":"https:\/\/www.grupomedcof.com.br\/blog\/wp-json\/wp\/v2\/tags?post=31518"},{"taxonomy":"author","embeddable":true,"href":"https:\/\/www.grupomedcof.com.br\/blog\/wp-json\/wp\/v2\/ppma_author?post=31518"}],"curies":[{"name":"wp","href":"https:\/\/api.w.org\/{rel}","templated":true}]}}