{"id":31719,"date":"2024-11-20T10:57:44","date_gmt":"2024-11-20T13:57:44","guid":{"rendered":"https:\/\/www.grupomedcof.com.br\/blog\/?p=31719"},"modified":"2024-11-19T11:09:59","modified_gmt":"2024-11-19T14:09:59","slug":"causas-das-massas-cervicais-que-podem-ser-cobradas-em-provas-de-residencia","status":"publish","type":"post","link":"https:\/\/www.grupomedcof.com.br\/blog\/causas-das-massas-cervicais-que-podem-ser-cobradas-em-provas-de-residencia\/","title":{"rendered":"Causas das Massas Cervicais que podem ser\u00a0cobradas em provas de resid\u00eancia"},"content":{"rendered":"<div id=\"ez-toc-container\" class=\"ez-toc-v2_0_74 counter-hierarchy ez-toc-counter ez-toc-transparent ez-toc-container-direction\">\n<div class=\"ez-toc-title-container\">\n<p class=\"ez-toc-title\" style=\"cursor:inherit\">Sum\u00e1rio<\/p>\n<span class=\"ez-toc-title-toggle\"><a href=\"#\" class=\"ez-toc-pull-right ez-toc-btn ez-toc-btn-xs ez-toc-btn-default ez-toc-toggle\" aria-label=\"Alternar tabela de conte\u00fado\"><span class=\"ez-toc-js-icon-con\"><span class=\"\"><span class=\"eztoc-hide\" style=\"display:none;\">Toggle<\/span><span class=\"ez-toc-icon-toggle-span\"><svg style=\"fill: #999;color:#999\" xmlns=\"http:\/\/www.w3.org\/2000\/svg\" class=\"list-377408\" width=\"20px\" height=\"20px\" viewBox=\"0 0 24 24\" fill=\"none\"><path d=\"M6 6H4v2h2V6zm14 0H8v2h12V6zM4 11h2v2H4v-2zm16 0H8v2h12v-2zM4 16h2v2H4v-2zm16 0H8v2h12v-2z\" fill=\"currentColor\"><\/path><\/svg><svg style=\"fill: #999;color:#999\" class=\"arrow-unsorted-368013\" xmlns=\"http:\/\/www.w3.org\/2000\/svg\" width=\"10px\" height=\"10px\" viewBox=\"0 0 24 24\" version=\"1.2\" baseProfile=\"tiny\"><path d=\"M18.2 9.3l-6.2-6.3-6.2 6.3c-.2.2-.3.4-.3.7s.1.5.3.7c.2.2.4.3.7.3h11c.3 0 .5-.1.7-.3.2-.2.3-.5.3-.7s-.1-.5-.3-.7zM5.8 14.7l6.2 6.3 6.2-6.3c.2-.2.3-.5.3-.7s-.1-.5-.3-.7c-.2-.2-.4-.3-.7-.3h-11c-.3 0-.5.1-.7.3-.2.2-.3.5-.3.7s.1.5.3.7z\"\/><\/svg><\/span><\/span><\/span><\/a><\/span><\/div>\n<nav><ul class='ez-toc-list ez-toc-list-level-1 ' ><li class='ez-toc-page-1 ez-toc-heading-level-2'><a class=\"ez-toc-link ez-toc-heading-1\" href=\"https:\/\/www.grupomedcof.com.br\/blog\/causas-das-massas-cervicais-que-podem-ser-cobradas-em-provas-de-residencia\/#O_que_sao_massas_cervicais\" >O que s\u00e3o massas cervicais&nbsp;<\/a><\/li><li class='ez-toc-page-1 ez-toc-heading-level-2'><a class=\"ez-toc-link ez-toc-heading-2\" href=\"https:\/\/www.grupomedcof.com.br\/blog\/causas-das-massas-cervicais-que-podem-ser-cobradas-em-provas-de-residencia\/#Diagnostico_diferencial\" >Diagn\u00f3stico diferencial\u00a0<\/a><\/li><li class='ez-toc-page-1 ez-toc-heading-level-2'><a class=\"ez-toc-link ez-toc-heading-3\" href=\"https:\/\/www.grupomedcof.com.br\/blog\/causas-das-massas-cervicais-que-podem-ser-cobradas-em-provas-de-residencia\/#Treine_com_questao\" >Treine com quest\u00e3o<\/a><ul class='ez-toc-list-level-3' ><li class='ez-toc-heading-level-3'><a class=\"ez-toc-link ez-toc-heading-4\" href=\"https:\/\/www.grupomedcof.com.br\/blog\/causas-das-massas-cervicais-que-podem-ser-cobradas-em-provas-de-residencia\/#SP_%E2%80%93_Hospital_das_Clinicas_da_faculdade_de_Medicina_de_Ribeirao_Preto_2020\" >SP &#8211; Hospital das Cl\u00ednicas da faculdade de Medicina de Ribeir\u00e3o Preto (2020)<\/a><\/li><\/ul><\/li><li class='ez-toc-page-1 ez-toc-heading-level-2'><a class=\"ez-toc-link ez-toc-heading-5\" href=\"https:\/\/www.grupomedcof.com.br\/blog\/causas-das-massas-cervicais-que-podem-ser-cobradas-em-provas-de-residencia\/#Conquiste_a_aprovacao\" >Conquiste a aprova\u00e7\u00e3o<\/a><\/li><\/ul><\/nav><\/div>\n\n<figure class=\"wp-block-image size-large\"><img loading=\"lazy\" decoding=\"async\" width=\"1024\" height=\"576\" src=\"https:\/\/www.grupomedcof.com.br\/blog\/wp-content\/uploads\/2024\/11\/Blog-MedCof-2-1024x576.jpg\" alt=\"\" class=\"wp-image-31725\" srcset=\"https:\/\/www.grupomedcof.com.br\/blog\/wp-content\/uploads\/2024\/11\/Blog-MedCof-2-1024x576.jpg 1024w, https:\/\/www.grupomedcof.com.br\/blog\/wp-content\/uploads\/2024\/11\/Blog-MedCof-2-300x169.jpg 300w, https:\/\/www.grupomedcof.com.br\/blog\/wp-content\/uploads\/2024\/11\/Blog-MedCof-2-768x432.jpg 768w, https:\/\/www.grupomedcof.com.br\/blog\/wp-content\/uploads\/2024\/11\/Blog-MedCof-2-1536x864.jpg 1536w, https:\/\/www.grupomedcof.com.br\/blog\/wp-content\/uploads\/2024\/11\/Blog-MedCof-2-2048x1152.jpg 2048w, https:\/\/www.grupomedcof.com.br\/blog\/wp-content\/uploads\/2024\/11\/Blog-MedCof-2-747x420.jpg 747w, https:\/\/www.grupomedcof.com.br\/blog\/wp-content\/uploads\/2024\/11\/Blog-MedCof-2-150x84.jpg 150w, https:\/\/www.grupomedcof.com.br\/blog\/wp-content\/uploads\/2024\/11\/Blog-MedCof-2-696x392.jpg 696w, https:\/\/www.grupomedcof.com.br\/blog\/wp-content\/uploads\/2024\/11\/Blog-MedCof-2-1068x601.jpg 1068w, https:\/\/www.grupomedcof.com.br\/blog\/wp-content\/uploads\/2024\/11\/Blog-MedCof-2-1920x1080.jpg 1920w\" sizes=\"auto, (max-width: 1024px) 100vw, 1024px\" \/><\/figure>\n\n\n\n<h2 class=\"wp-block-heading\" id=\"h-o-que-sao-massas-cervicais-nbsp\"><span class=\"ez-toc-section\" id=\"O_que_sao_massas_cervicais\"><\/span><strong>O que s\u00e3o massas cervicais&nbsp;<\/strong><span class=\"ez-toc-section-end\"><\/span><\/h2>\n\n\n\n<p><strong>Massas cervicais<\/strong> s\u00e3o incha\u00e7os ou n\u00f3dulos que surgem no pesco\u00e7o. Elas podem variar em tamanho, consist\u00eancia e localiza\u00e7\u00e3o, e suas causas s\u00e3o diversas. As causas das massas s\u00e3o diversas, o que pode incluir:\u00a0<\/p>\n\n\n\n<ul class=\"wp-block-list\">\n<li>Infec\u00e7\u00f5es: Amigdalites, infec\u00e7\u00f5es de garganta ou de pele na regi\u00e3o podem causar incha\u00e7o dos linfonodos.<\/li>\n\n\n\n<li>Cistos: S\u00e3o bolsas cheias de l\u00edquido que podem se desenvolver em diferentes partes do pesco\u00e7o.<\/li>\n\n\n\n<li>Tumores: Tanto benignos quanto malignos, podem causar massas no pesco\u00e7o.<\/li>\n\n\n\n<li>Doen\u00e7as da tireoide: Aumento da tireoide ou n\u00f3dulos na gl\u00e2ndula podem ser percebidos como massas.<\/li>\n\n\n\n<li>Outras causas: Malforma\u00e7\u00f5es cong\u00eanitas, inflama\u00e7\u00f5es e at\u00e9 mesmo rea\u00e7\u00f5es al\u00e9rgicas podem levar ao aparecimento de massas.<\/li>\n<\/ul>\n\n\n\n<p>Devido&nbsp; a essa diversidade, devemos identificar as caracter\u00edsticas de cada um para responder as quest\u00f5es corretamente.&nbsp;<\/p>\n\n\n\n<h2 class=\"wp-block-heading\" id=\"h-diagnostico-diferencial\"><span class=\"ez-toc-section\" id=\"Diagnostico_diferencial\"><\/span><strong>Diagn\u00f3stico diferencial\u00a0<\/strong><span class=\"ez-toc-section-end\"><\/span><\/h2>\n\n\n\n<p>Podemos investigar a causa da massa cervical analisando crit\u00e9rios como:<\/p>\n\n\n\n<ul class=\"wp-block-list\">\n<li><strong>TEMPO DE EVOLU\u00c7\u00c3O: <\/strong>Per\u00edodos menores que 30 dias indicam causas infecciosas, de 1 a 4 meses indicam causas neopl\u00e1sicas e maiores que 4 meses nos orientam para causas cong\u00eanitas ou neoplasias benignas\/malignas.\u00a0<\/li>\n\n\n\n<li><strong>LOCALIZA\u00c7\u00c3O DO TUMOR:<\/strong> Quando encontrados na linha m\u00e9dia (regi\u00e3o anterior) podemos suspeitar de processos inflamat\u00f3rios e infecciosos, mas, quando presente nos tri\u00e2ngulos cervicais (occipital, da fossa omoclavicular, submandibular, submentoniano, car\u00f3tico e muscular), podemos suspeitar de causas cong\u00eanitas e neopl\u00e1sicas.\u00a0<\/li>\n<\/ul>\n\n\n\n<figure class=\"wp-block-image\"><img decoding=\"async\" src=\"https:\/\/lh7-rt.googleusercontent.com\/docsz\/AD_4nXfkwjCsjQsEI_332gIbNjJ2oBg1OZm4yXGu8v34sh0ezCOT2fMlnxB_ics6pxC1-sW4LwFgqS1dJdi6zkOTaV8j1GDujDZxa6VAzNP8wzmkPdITHIU2-lmt9HvCn4Yag-YSNv-L1Q?key=oXY8C4zuCi-1PE8TWGzUfaSV\" alt=\"\"\/><figcaption class=\"wp-element-caption\">Fonte: Acervo de Aulas do Grupo MedCof.<\/figcaption><\/figure>\n\n\n\n<ul class=\"wp-block-list\">\n<li><strong>ASPECTO DA LES\u00c3O<\/strong>: Massas com caracter\u00edsticas c\u00edsticas geralmente s\u00e3o cong\u00eanitas, com aspecto fibroel\u00e1stico s\u00e3o inflamat\u00f3rias e endurecidas s\u00e3o neoplasias (se fixo pode ser maligna).<\/li>\n\n\n\n<li><strong>SINAIS E SINTOMAS ASSOCIADOS<\/strong>: Acompanhando causas inflamat\u00f3rias, identificamos febre, rash cut\u00e2neo e dor. No caso de neoplasias, as disfagia, dispneia e disfonia s\u00e3o prov\u00e1veis (podemos incluir a perda de peso em casos de neoplasia avan\u00e7ada). Por fim, sintomas de compress\u00e3o extr\u00ednseca nos orientam quanto \u00e0s causas cong\u00eanitas.\u00a0<\/li>\n<\/ul>\n\n\n\n<h2 class=\"wp-block-heading\" id=\"h-treine-com-questao\"><span class=\"ez-toc-section\" id=\"Treine_com_questao\"><\/span><strong>Treine com quest\u00e3o<\/strong><span class=\"ez-toc-section-end\"><\/span><\/h2>\n\n\n\n<p>Como j\u00e1 podemos caracter\u00edsticas diferenciais b\u00e1sicas para as massas, vamos testar nosso conhecimento com uma quest\u00e3o:\u00a0<\/p>\n\n\n\n<h3 class=\"wp-block-heading\" id=\"h-sp-hospital-das-clinicas-da-faculdade-de-medicina-de-ribeirao-preto-2020\"><span class=\"ez-toc-section\" id=\"SP_%E2%80%93_Hospital_das_Clinicas_da_faculdade_de_Medicina_de_Ribeirao_Preto_2020\"><\/span><strong>SP &#8211; Hospital das Cl\u00ednicas da faculdade de Medicina de Ribeir\u00e3o Preto (2020)<\/strong><span class=\"ez-toc-section-end\"><\/span><\/h3>\n\n\n\n<p>1) Mulher de 40 anos, com massa p\u00e9trea cervical em n\u00edvel V direito com 3 cm de di\u00e2metro. Nega disfonia, dispneia, odinofagia e disfagia. Apresenta exame f\u00edsico de cabe\u00e7a e pesco\u00e7o sem outras altera\u00e7\u00f5es sen\u00e3o a massa e nasofibroscopia flex\u00edvel normal. Qual o pr\u00f3ximo passo decisivo na investiga\u00e7\u00e3o?<\/p>\n\n\n\n<p><strong>A) Resson\u00e2ncia magn\u00e9tica.<\/strong><br><strong>B) Broncoscopia.<\/strong><br><strong>C) Mediastinoscopia com bi\u00f3psia.<\/strong><br><strong>D) Pun\u00e7\u00e3o aspirativa com agulha fina da massa.<\/strong><\/p>\n\n\n\n<p><strong>Coment\u00e1rio do professor:<\/strong><br>Diante do que j\u00e1 vimos, podemos excluir causas infecciosas, devido \u00e0 falta dos sintomas associados. Uma vez\u00a0 afastadas infec\u00e7\u00f5es, devemos atentar para a possibilidade de neoplasias (tanto met\u00e1stases linfonodais como neoplasias prim\u00e1rias &#8211; linfomas). Neste caso, as massas cervicais passam a apresentar caracter\u00edsticas sugestivas de neoplasia, como: tempo de evolu\u00e7\u00e3o maior que 2 semanas, tamanho maior que 1,5 cm, endurecida, aderida a planos profundos e ulcera\u00e7\u00e3o. Sintomas associados \u00e0 massa podem sugerir etiologia neopl\u00e1sica, como disfonia, otalgia, hipoacusia, congest\u00e3o ou epistaxe nasal, disfagia, dispneia e perda de peso. Por fim, o paciente pode ainda apresentar caracter\u00edsticas epidemiol\u00f3gicas que refor\u00e7am a possibilidade de etiologia neopl\u00e1sica, entre elas etilismo, tabagismo, antecedente de c\u00e2ncer, idade acima de 40 anos e imunossupress\u00e3o. Diante da suspeita de neoplasia, o paciente deve ser encaminhado ao otorrinolaringologista ou ao cirurgi\u00e3o de cabe\u00e7a e pesco\u00e7o. Aqui chegamos no principal ponto deste temas: EM MASSAS CERVICAIS DE S\u00cdTIO PRIM\u00c1RIO OCULTO DEVE SER REALIZADA PUN\u00c7\u00c3O ASPIRATIVA POR AGULHA FINA (PAAF). Essa \u00e9 a conduta investigativa preferencial por ser ambulatorial, reduzir a chance de lesar estruturas nobres e reduzir a chance de espalhar c\u00e9lulas cancerosas que bi\u00f3psia incisional, bi\u00f3psia excisional ou bi\u00f3psia por agulha grossa. Por isso, o gabarito da nossa quest\u00e3o \u00e9 o <strong>item D<\/strong>.\u00a0<\/p>\n\n\n\n<figure class=\"wp-block-image size-large\"><a href=\"https:\/\/www.grupomedcof.com.br\/cofletters\/\"><img loading=\"lazy\" decoding=\"async\" width=\"1024\" height=\"366\" src=\"https:\/\/www.grupomedcof.com.br\/blog\/wp-content\/uploads\/2024\/10\/Capa-Eventos-MedCof-Plus-1-1024x366.png\" alt=\"\" class=\"wp-image-30896\" srcset=\"https:\/\/www.grupomedcof.com.br\/blog\/wp-content\/uploads\/2024\/10\/Capa-Eventos-MedCof-Plus-1-1024x366.png 1024w, https:\/\/www.grupomedcof.com.br\/blog\/wp-content\/uploads\/2024\/10\/Capa-Eventos-MedCof-Plus-1-300x107.png 300w, https:\/\/www.grupomedcof.com.br\/blog\/wp-content\/uploads\/2024\/10\/Capa-Eventos-MedCof-Plus-1-768x275.png 768w, https:\/\/www.grupomedcof.com.br\/blog\/wp-content\/uploads\/2024\/10\/Capa-Eventos-MedCof-Plus-1-1536x549.png 1536w, https:\/\/www.grupomedcof.com.br\/blog\/wp-content\/uploads\/2024\/10\/Capa-Eventos-MedCof-Plus-1-2048x732.png 2048w, https:\/\/www.grupomedcof.com.br\/blog\/wp-content\/uploads\/2024\/10\/Capa-Eventos-MedCof-Plus-1-1175x420.png 1175w, https:\/\/www.grupomedcof.com.br\/blog\/wp-content\/uploads\/2024\/10\/Capa-Eventos-MedCof-Plus-1-150x54.png 150w, https:\/\/www.grupomedcof.com.br\/blog\/wp-content\/uploads\/2024\/10\/Capa-Eventos-MedCof-Plus-1-696x249.png 696w, https:\/\/www.grupomedcof.com.br\/blog\/wp-content\/uploads\/2024\/10\/Capa-Eventos-MedCof-Plus-1-1068x382.png 1068w, https:\/\/www.grupomedcof.com.br\/blog\/wp-content\/uploads\/2024\/10\/Capa-Eventos-MedCof-Plus-1-1920x686.png 1920w\" sizes=\"auto, (max-width: 1024px) 100vw, 1024px\" \/><\/a><\/figure>\n\n\n\n<h2 class=\"wp-block-heading\" id=\"conquiste-a-aprova\u00e7\u00e3o\"><span class=\"ez-toc-section\" id=\"Conquiste_a_aprovacao\"><\/span><strong>Conquiste a aprova\u00e7\u00e3o<\/strong><span class=\"ez-toc-section-end\"><\/span><\/h2>\n\n\n\n<p>As provas de resid\u00eancia est\u00e3o cada vez mais perto! Se voc\u00ea<strong><a href=\"https:\/\/www.grupomedcof.com.br\/blog\/presenca-da-medcof-nas-aprovacoes-em-residencia-medica-no-brasil\/\" target=\"_blank\" rel=\"noreferrer noopener\">&nbsp;quer&nbsp;ser mais&nbsp;um aprovado<\/a>&nbsp;<\/strong>nas melhores resid\u00eancias m\u00e9dicas do pa\u00eds, ent\u00e3o conhe\u00e7a o<a href=\"https:\/\/www.grupomedcof.com.br\/\" target=\"_blank\" rel=\"noreferrer noopener\">&nbsp;<strong>Grupo&nbsp;MedCof<\/strong><\/a><strong>!<\/strong>&nbsp;Temos um cat\u00e1logo repleto de cursos que te guiar\u00e3o na jornada para as provas de Resid\u00eancia M\u00e9dica que ocorrer\u00e3o em 2024\/2025!<\/p>\n\n\n\n<figure class=\"wp-block-embed is-type-video is-provider-youtube wp-block-embed-youtube wp-embed-aspect-16-9 wp-has-aspect-ratio\"><div class=\"wp-block-embed__wrapper\">\n<div class=\"youtube-embed\" data-video_id=\"zYSnemQjVsI\"><iframe loading=\"lazy\" title=\"COFEXPRESS - Hiperglicemia Hospitalar. Com Dra. Mariana Ramos\" width=\"696\" height=\"392\" src=\"https:\/\/www.youtube.com\/embed\/zYSnemQjVsI?feature=oembed&#038;enablejsapi=1\" frameborder=\"0\" allow=\"accelerometer; autoplay; clipboard-write; encrypted-media; gyroscope; picture-in-picture; web-share\" referrerpolicy=\"strict-origin-when-cross-origin\" allowfullscreen><\/iframe><\/div>\n<\/div><\/figure>\n","protected":false},"excerpt":{"rendered":"<p>Massas cervicais s\u00e3o incha\u00e7os ou n\u00f3dulos que surgem no pesco\u00e7o. Saiba como diagnosticas, quais s\u00e3o as causas e como \u00e9 cobrado nas provas!<\/p>\n","protected":false},"author":21,"featured_media":31725,"comment_status":"open","ping_status":"open","sticky":false,"template":"","format":"standard","meta":{"footnotes":""},"categories":[135],"tags":[2280,1308,2279,1452,2282,2281],"ppma_author":[3617],"class_list":{"0":"post-31719","1":"post","2":"type-post","3":"status-publish","4":"format-standard","5":"has-post-thumbnail","7":"category-cirurgia-geral","8":"tag-cistos","9":"tag-infeccoes","10":"tag-massas-cervicais","11":"tag-provas","12":"tag-tireoide","13":"tag-tumores"},"yoast_head":"<!-- This site is optimized with the Yoast SEO Premium plugin v24.3 (Yoast SEO v27.4) - https:\/\/yoast.com\/product\/yoast-seo-premium-wordpress\/ -->\n<title>Causas das Massas Cervicais que podem ser\u00a0cobradas em provas de resid\u00eancia - Blog de Medcof: conte\u00fados, editais, revalida e mais!<\/title>\n<meta name=\"description\" content=\"Massas cervicais s\u00e3o incha\u00e7os ou n\u00f3dulos que surgem no pesco\u00e7o. Saiba como diagnosticas, quais s\u00e3o as causas e como \u00e9 cobrado nas provas!\" \/>\n<meta name=\"robots\" content=\"index, follow, max-snippet:-1, max-image-preview:large, max-video-preview:-1\" \/>\n<link rel=\"canonical\" href=\"https:\/\/www.grupomedcof.com.br\/blog\/causas-das-massas-cervicais-que-podem-ser-cobradas-em-provas-de-residencia\/\" \/>\n<meta property=\"og:locale\" content=\"pt_BR\" \/>\n<meta property=\"og:type\" content=\"article\" \/>\n<meta property=\"og:title\" content=\"Causas das Massas Cervicais que podem ser\u00a0cobradas em provas de resid\u00eancia\" \/>\n<meta property=\"og:description\" content=\"Massas cervicais s\u00e3o incha\u00e7os ou n\u00f3dulos que surgem no pesco\u00e7o. Saiba como diagnosticas, quais s\u00e3o as causas e como \u00e9 cobrado nas provas!\" \/>\n<meta property=\"og:url\" content=\"https:\/\/www.grupomedcof.com.br\/blog\/causas-das-massas-cervicais-que-podem-ser-cobradas-em-provas-de-residencia\/\" \/>\n<meta property=\"og:site_name\" content=\"Blog de Medcof: conte\u00fados, editais, revalida e mais!\" \/>\n<meta property=\"article:publisher\" content=\"https:\/\/www.facebook.com\/MedCofQbank\/\" \/>\n<meta property=\"article:published_time\" content=\"2024-11-20T13:57:44+00:00\" \/>\n<meta property=\"og:image\" content=\"https:\/\/www.grupomedcof.com.br\/blog\/wp-content\/uploads\/2024\/11\/Blog-MedCof-2-scaled.jpg\" \/>\n\t<meta property=\"og:image:width\" content=\"2560\" \/>\n\t<meta property=\"og:image:height\" content=\"1440\" \/>\n\t<meta property=\"og:image:type\" content=\"image\/jpeg\" \/>\n<meta name=\"author\" content=\"Kiara Adelino\" \/>\n<meta name=\"twitter:card\" content=\"summary_large_image\" \/>\n<meta name=\"twitter:label1\" content=\"Escrito por\" \/>\n\t<meta name=\"twitter:data1\" content=\"Kiara Adelino\" \/>\n\t<meta name=\"twitter:label2\" content=\"Est. tempo de leitura\" \/>\n\t<meta name=\"twitter:data2\" content=\"5 minutos\" \/>\n<script type=\"application\/ld+json\" class=\"yoast-schema-graph\">{\"@context\":\"https:\\\/\\\/schema.org\",\"@graph\":[{\"@type\":\"Article\",\"@id\":\"https:\\\/\\\/www.grupomedcof.com.br\\\/blog\\\/causas-das-massas-cervicais-que-podem-ser-cobradas-em-provas-de-residencia\\\/#article\",\"isPartOf\":{\"@id\":\"https:\\\/\\\/www.grupomedcof.com.br\\\/blog\\\/causas-das-massas-cervicais-que-podem-ser-cobradas-em-provas-de-residencia\\\/\"},\"author\":{\"name\":\"Kiara Adelino\",\"@id\":\"https:\\\/\\\/www.grupomedcof.com.br\\\/blog\\\/#\\\/schema\\\/person\\\/db19a651f86c5fc202d6eee744fd3292\"},\"headline\":\"Causas das Massas Cervicais que podem ser\u00a0cobradas em provas de resid\u00eancia\",\"datePublished\":\"2024-11-20T13:57:44+00:00\",\"mainEntityOfPage\":{\"@id\":\"https:\\\/\\\/www.grupomedcof.com.br\\\/blog\\\/causas-das-massas-cervicais-que-podem-ser-cobradas-em-provas-de-residencia\\\/\"},\"wordCount\":775,\"commentCount\":0,\"publisher\":{\"@id\":\"https:\\\/\\\/www.grupomedcof.com.br\\\/blog\\\/#organization\"},\"image\":{\"@id\":\"https:\\\/\\\/www.grupomedcof.com.br\\\/blog\\\/causas-das-massas-cervicais-que-podem-ser-cobradas-em-provas-de-residencia\\\/#primaryimage\"},\"thumbnailUrl\":\"https:\\\/\\\/www.grupomedcof.com.br\\\/blog\\\/wp-content\\\/uploads\\\/2024\\\/11\\\/Blog-MedCof-2-scaled.jpg\",\"keywords\":[\"Cistos\",\"infec\u00e7\u00f5es\",\"Massas Cervicais\",\"Provas\",\"Tireoide\",\"Tumores\"],\"articleSection\":[\"Cirurgia Geral\"],\"inLanguage\":\"pt-BR\"},{\"@type\":\"WebPage\",\"@id\":\"https:\\\/\\\/www.grupomedcof.com.br\\\/blog\\\/causas-das-massas-cervicais-que-podem-ser-cobradas-em-provas-de-residencia\\\/\",\"url\":\"https:\\\/\\\/www.grupomedcof.com.br\\\/blog\\\/causas-das-massas-cervicais-que-podem-ser-cobradas-em-provas-de-residencia\\\/\",\"name\":\"Causas das Massas Cervicais que podem ser\u00a0cobradas em provas de resid\u00eancia - Blog de Medcof: conte\u00fados, editais, revalida e mais!\",\"isPartOf\":{\"@id\":\"https:\\\/\\\/www.grupomedcof.com.br\\\/blog\\\/#website\"},\"primaryImageOfPage\":{\"@id\":\"https:\\\/\\\/www.grupomedcof.com.br\\\/blog\\\/causas-das-massas-cervicais-que-podem-ser-cobradas-em-provas-de-residencia\\\/#primaryimage\"},\"image\":{\"@id\":\"https:\\\/\\\/www.grupomedcof.com.br\\\/blog\\\/causas-das-massas-cervicais-que-podem-ser-cobradas-em-provas-de-residencia\\\/#primaryimage\"},\"thumbnailUrl\":\"https:\\\/\\\/www.grupomedcof.com.br\\\/blog\\\/wp-content\\\/uploads\\\/2024\\\/11\\\/Blog-MedCof-2-scaled.jpg\",\"datePublished\":\"2024-11-20T13:57:44+00:00\",\"description\":\"Massas cervicais s\u00e3o incha\u00e7os ou n\u00f3dulos que surgem no pesco\u00e7o. Saiba como diagnosticas, quais s\u00e3o as causas e como \u00e9 cobrado nas provas!\",\"breadcrumb\":{\"@id\":\"https:\\\/\\\/www.grupomedcof.com.br\\\/blog\\\/causas-das-massas-cervicais-que-podem-ser-cobradas-em-provas-de-residencia\\\/#breadcrumb\"},\"inLanguage\":\"pt-BR\",\"potentialAction\":[{\"@type\":\"ReadAction\",\"target\":[\"https:\\\/\\\/www.grupomedcof.com.br\\\/blog\\\/causas-das-massas-cervicais-que-podem-ser-cobradas-em-provas-de-residencia\\\/\"]}]},{\"@type\":\"ImageObject\",\"inLanguage\":\"pt-BR\",\"@id\":\"https:\\\/\\\/www.grupomedcof.com.br\\\/blog\\\/causas-das-massas-cervicais-que-podem-ser-cobradas-em-provas-de-residencia\\\/#primaryimage\",\"url\":\"https:\\\/\\\/www.grupomedcof.com.br\\\/blog\\\/wp-content\\\/uploads\\\/2024\\\/11\\\/Blog-MedCof-2-scaled.jpg\",\"contentUrl\":\"https:\\\/\\\/www.grupomedcof.com.br\\\/blog\\\/wp-content\\\/uploads\\\/2024\\\/11\\\/Blog-MedCof-2-scaled.jpg\",\"width\":2560,\"height\":1440},{\"@type\":\"BreadcrumbList\",\"@id\":\"https:\\\/\\\/www.grupomedcof.com.br\\\/blog\\\/causas-das-massas-cervicais-que-podem-ser-cobradas-em-provas-de-residencia\\\/#breadcrumb\",\"itemListElement\":[{\"@type\":\"ListItem\",\"position\":1,\"name\":\"In\u00edcio\",\"item\":\"https:\\\/\\\/www.grupomedcof.com.br\\\/blog\\\/\"},{\"@type\":\"ListItem\",\"position\":2,\"name\":\"Causas das Massas Cervicais que podem ser\u00a0cobradas em provas de resid\u00eancia\"}]},{\"@type\":\"WebSite\",\"@id\":\"https:\\\/\\\/www.grupomedcof.com.br\\\/blog\\\/#website\",\"url\":\"https:\\\/\\\/www.grupomedcof.com.br\\\/blog\\\/\",\"name\":\"Blog de Medcof: conte\u00fados, editais, revalida e mais!\",\"description\":\"Acesso o blog de MedCof! Seu portal de conte\u00fados sobre resid\u00eancia m\u00e9dica, an\u00e1lise e editais e muito mais. Clique e confira!\",\"publisher\":{\"@id\":\"https:\\\/\\\/www.grupomedcof.com.br\\\/blog\\\/#organization\"},\"alternateName\":\"Blog de Medcof: conte\u00fados, editais, revalida e mais!\",\"potentialAction\":[{\"@type\":\"SearchAction\",\"target\":{\"@type\":\"EntryPoint\",\"urlTemplate\":\"https:\\\/\\\/www.grupomedcof.com.br\\\/blog\\\/?s={search_term_string}\"},\"query-input\":{\"@type\":\"PropertyValueSpecification\",\"valueRequired\":true,\"valueName\":\"search_term_string\"}}],\"inLanguage\":\"pt-BR\"},{\"@type\":\"Organization\",\"@id\":\"https:\\\/\\\/www.grupomedcof.com.br\\\/blog\\\/#organization\",\"name\":\"Grupo MedCof\",\"url\":\"https:\\\/\\\/www.grupomedcof.com.br\\\/blog\\\/\",\"logo\":{\"@type\":\"ImageObject\",\"inLanguage\":\"pt-BR\",\"@id\":\"https:\\\/\\\/www.grupomedcof.com.br\\\/blog\\\/#\\\/schema\\\/logo\\\/image\\\/\",\"url\":\"https:\\\/\\\/www.grupomedcof.com.br\\\/blog\\\/wp-content\\\/uploads\\\/2022\\\/01\\\/logo-medcof.png\",\"contentUrl\":\"https:\\\/\\\/www.grupomedcof.com.br\\\/blog\\\/wp-content\\\/uploads\\\/2022\\\/01\\\/logo-medcof.png\",\"width\":768,\"height\":269,\"caption\":\"Grupo MedCof\"},\"image\":{\"@id\":\"https:\\\/\\\/www.grupomedcof.com.br\\\/blog\\\/#\\\/schema\\\/logo\\\/image\\\/\"},\"sameAs\":[\"https:\\\/\\\/www.facebook.com\\\/MedCofQbank\\\/\",\"https:\\\/\\\/www.instagram.com\\\/grupomedcof\\\/\",\"https:\\\/\\\/br.linkedin.com\\\/company\\\/medcof\",\"https:\\\/\\\/www.youtube.com\\\/channel\\\/UCdHMuOHKICxcHwecxN8P-AA\"]},{\"@type\":\"Person\",\"@id\":\"https:\\\/\\\/www.grupomedcof.com.br\\\/blog\\\/#\\\/schema\\\/person\\\/db19a651f86c5fc202d6eee744fd3292\",\"name\":\"Kiara Adelino\",\"image\":{\"@type\":\"ImageObject\",\"inLanguage\":\"pt-BR\",\"@id\":\"https:\\\/\\\/www.grupomedcof.com.br\\\/blog\\\/wp-content\\\/uploads\\\/2024\\\/08\\\/cropped-Kiara-Adelino2-96x96.jpega85663bdda67261f8f06f86e555e1e49\",\"url\":\"https:\\\/\\\/www.grupomedcof.com.br\\\/blog\\\/wp-content\\\/uploads\\\/2024\\\/08\\\/cropped-Kiara-Adelino2-96x96.jpeg\",\"contentUrl\":\"https:\\\/\\\/www.grupomedcof.com.br\\\/blog\\\/wp-content\\\/uploads\\\/2024\\\/08\\\/cropped-Kiara-Adelino2-96x96.jpeg\",\"caption\":\"Kiara Adelino\"},\"description\":\"Estudante do 5\u00b0 semestre de Medicina. Gosto bastante de aprender coisas novas, principalmente na \u00e1rea de Neurologia e Anatomia humana.\",\"url\":\"https:\\\/\\\/www.grupomedcof.com.br\\\/blog\\\/author\\\/kiara-adelino\\\/\"}]}<\/script>\n<!-- \/ Yoast SEO Premium plugin. -->","yoast_head_json":{"title":"Causas das Massas Cervicais que podem ser\u00a0cobradas em provas de resid\u00eancia - Blog de Medcof: conte\u00fados, editais, revalida e mais!","description":"Massas cervicais s\u00e3o incha\u00e7os ou n\u00f3dulos que surgem no pesco\u00e7o. Saiba como diagnosticas, quais s\u00e3o as causas e como \u00e9 cobrado nas provas!","robots":{"index":"index","follow":"follow","max-snippet":"max-snippet:-1","max-image-preview":"max-image-preview:large","max-video-preview":"max-video-preview:-1"},"canonical":"https:\/\/www.grupomedcof.com.br\/blog\/causas-das-massas-cervicais-que-podem-ser-cobradas-em-provas-de-residencia\/","og_locale":"pt_BR","og_type":"article","og_title":"Causas das Massas Cervicais que podem ser\u00a0cobradas em provas de resid\u00eancia","og_description":"Massas cervicais s\u00e3o incha\u00e7os ou n\u00f3dulos que surgem no pesco\u00e7o. Saiba como diagnosticas, quais s\u00e3o as causas e como \u00e9 cobrado nas provas!","og_url":"https:\/\/www.grupomedcof.com.br\/blog\/causas-das-massas-cervicais-que-podem-ser-cobradas-em-provas-de-residencia\/","og_site_name":"Blog de Medcof: conte\u00fados, editais, revalida e mais!","article_publisher":"https:\/\/www.facebook.com\/MedCofQbank\/","article_published_time":"2024-11-20T13:57:44+00:00","og_image":[{"width":2560,"height":1440,"url":"https:\/\/www.grupomedcof.com.br\/blog\/wp-content\/uploads\/2024\/11\/Blog-MedCof-2-scaled.jpg","type":"image\/jpeg"}],"author":"Kiara Adelino","twitter_card":"summary_large_image","twitter_misc":{"Escrito por":"Kiara Adelino","Est. tempo de leitura":"5 minutos"},"schema":{"@context":"https:\/\/schema.org","@graph":[{"@type":"Article","@id":"https:\/\/www.grupomedcof.com.br\/blog\/causas-das-massas-cervicais-que-podem-ser-cobradas-em-provas-de-residencia\/#article","isPartOf":{"@id":"https:\/\/www.grupomedcof.com.br\/blog\/causas-das-massas-cervicais-que-podem-ser-cobradas-em-provas-de-residencia\/"},"author":{"name":"Kiara Adelino","@id":"https:\/\/www.grupomedcof.com.br\/blog\/#\/schema\/person\/db19a651f86c5fc202d6eee744fd3292"},"headline":"Causas das Massas Cervicais que podem ser\u00a0cobradas em provas de resid\u00eancia","datePublished":"2024-11-20T13:57:44+00:00","mainEntityOfPage":{"@id":"https:\/\/www.grupomedcof.com.br\/blog\/causas-das-massas-cervicais-que-podem-ser-cobradas-em-provas-de-residencia\/"},"wordCount":775,"commentCount":0,"publisher":{"@id":"https:\/\/www.grupomedcof.com.br\/blog\/#organization"},"image":{"@id":"https:\/\/www.grupomedcof.com.br\/blog\/causas-das-massas-cervicais-que-podem-ser-cobradas-em-provas-de-residencia\/#primaryimage"},"thumbnailUrl":"https:\/\/www.grupomedcof.com.br\/blog\/wp-content\/uploads\/2024\/11\/Blog-MedCof-2-scaled.jpg","keywords":["Cistos","infec\u00e7\u00f5es","Massas Cervicais","Provas","Tireoide","Tumores"],"articleSection":["Cirurgia Geral"],"inLanguage":"pt-BR"},{"@type":"WebPage","@id":"https:\/\/www.grupomedcof.com.br\/blog\/causas-das-massas-cervicais-que-podem-ser-cobradas-em-provas-de-residencia\/","url":"https:\/\/www.grupomedcof.com.br\/blog\/causas-das-massas-cervicais-que-podem-ser-cobradas-em-provas-de-residencia\/","name":"Causas das Massas Cervicais que podem ser\u00a0cobradas em provas de resid\u00eancia - Blog de Medcof: conte\u00fados, editais, revalida e mais!","isPartOf":{"@id":"https:\/\/www.grupomedcof.com.br\/blog\/#website"},"primaryImageOfPage":{"@id":"https:\/\/www.grupomedcof.com.br\/blog\/causas-das-massas-cervicais-que-podem-ser-cobradas-em-provas-de-residencia\/#primaryimage"},"image":{"@id":"https:\/\/www.grupomedcof.com.br\/blog\/causas-das-massas-cervicais-que-podem-ser-cobradas-em-provas-de-residencia\/#primaryimage"},"thumbnailUrl":"https:\/\/www.grupomedcof.com.br\/blog\/wp-content\/uploads\/2024\/11\/Blog-MedCof-2-scaled.jpg","datePublished":"2024-11-20T13:57:44+00:00","description":"Massas cervicais s\u00e3o incha\u00e7os ou n\u00f3dulos que surgem no pesco\u00e7o. Saiba como diagnosticas, quais s\u00e3o as causas e como \u00e9 cobrado nas provas!","breadcrumb":{"@id":"https:\/\/www.grupomedcof.com.br\/blog\/causas-das-massas-cervicais-que-podem-ser-cobradas-em-provas-de-residencia\/#breadcrumb"},"inLanguage":"pt-BR","potentialAction":[{"@type":"ReadAction","target":["https:\/\/www.grupomedcof.com.br\/blog\/causas-das-massas-cervicais-que-podem-ser-cobradas-em-provas-de-residencia\/"]}]},{"@type":"ImageObject","inLanguage":"pt-BR","@id":"https:\/\/www.grupomedcof.com.br\/blog\/causas-das-massas-cervicais-que-podem-ser-cobradas-em-provas-de-residencia\/#primaryimage","url":"https:\/\/www.grupomedcof.com.br\/blog\/wp-content\/uploads\/2024\/11\/Blog-MedCof-2-scaled.jpg","contentUrl":"https:\/\/www.grupomedcof.com.br\/blog\/wp-content\/uploads\/2024\/11\/Blog-MedCof-2-scaled.jpg","width":2560,"height":1440},{"@type":"BreadcrumbList","@id":"https:\/\/www.grupomedcof.com.br\/blog\/causas-das-massas-cervicais-que-podem-ser-cobradas-em-provas-de-residencia\/#breadcrumb","itemListElement":[{"@type":"ListItem","position":1,"name":"In\u00edcio","item":"https:\/\/www.grupomedcof.com.br\/blog\/"},{"@type":"ListItem","position":2,"name":"Causas das Massas Cervicais que podem ser\u00a0cobradas em provas de resid\u00eancia"}]},{"@type":"WebSite","@id":"https:\/\/www.grupomedcof.com.br\/blog\/#website","url":"https:\/\/www.grupomedcof.com.br\/blog\/","name":"Blog de Medcof: conte\u00fados, editais, revalida e mais!","description":"Acesso o blog de MedCof! Seu portal de conte\u00fados sobre resid\u00eancia m\u00e9dica, an\u00e1lise e editais e muito mais. Clique e confira!","publisher":{"@id":"https:\/\/www.grupomedcof.com.br\/blog\/#organization"},"alternateName":"Blog de Medcof: conte\u00fados, editais, revalida e mais!","potentialAction":[{"@type":"SearchAction","target":{"@type":"EntryPoint","urlTemplate":"https:\/\/www.grupomedcof.com.br\/blog\/?s={search_term_string}"},"query-input":{"@type":"PropertyValueSpecification","valueRequired":true,"valueName":"search_term_string"}}],"inLanguage":"pt-BR"},{"@type":"Organization","@id":"https:\/\/www.grupomedcof.com.br\/blog\/#organization","name":"Grupo MedCof","url":"https:\/\/www.grupomedcof.com.br\/blog\/","logo":{"@type":"ImageObject","inLanguage":"pt-BR","@id":"https:\/\/www.grupomedcof.com.br\/blog\/#\/schema\/logo\/image\/","url":"https:\/\/www.grupomedcof.com.br\/blog\/wp-content\/uploads\/2022\/01\/logo-medcof.png","contentUrl":"https:\/\/www.grupomedcof.com.br\/blog\/wp-content\/uploads\/2022\/01\/logo-medcof.png","width":768,"height":269,"caption":"Grupo MedCof"},"image":{"@id":"https:\/\/www.grupomedcof.com.br\/blog\/#\/schema\/logo\/image\/"},"sameAs":["https:\/\/www.facebook.com\/MedCofQbank\/","https:\/\/www.instagram.com\/grupomedcof\/","https:\/\/br.linkedin.com\/company\/medcof","https:\/\/www.youtube.com\/channel\/UCdHMuOHKICxcHwecxN8P-AA"]},{"@type":"Person","@id":"https:\/\/www.grupomedcof.com.br\/blog\/#\/schema\/person\/db19a651f86c5fc202d6eee744fd3292","name":"Kiara Adelino","image":{"@type":"ImageObject","inLanguage":"pt-BR","@id":"https:\/\/www.grupomedcof.com.br\/blog\/wp-content\/uploads\/2024\/08\/cropped-Kiara-Adelino2-96x96.jpega85663bdda67261f8f06f86e555e1e49","url":"https:\/\/www.grupomedcof.com.br\/blog\/wp-content\/uploads\/2024\/08\/cropped-Kiara-Adelino2-96x96.jpeg","contentUrl":"https:\/\/www.grupomedcof.com.br\/blog\/wp-content\/uploads\/2024\/08\/cropped-Kiara-Adelino2-96x96.jpeg","caption":"Kiara Adelino"},"description":"Estudante do 5\u00b0 semestre de Medicina. Gosto bastante de aprender coisas novas, principalmente na \u00e1rea de Neurologia e Anatomia humana.","url":"https:\/\/www.grupomedcof.com.br\/blog\/author\/kiara-adelino\/"}]}},"authors":[{"term_id":3617,"user_id":21,"is_guest":0,"slug":"kiara-adelino","display_name":"Kiara Adelino","avatar_url":"https:\/\/www.grupomedcof.com.br\/blog\/wp-content\/uploads\/2024\/08\/cropped-Kiara-Adelino2-96x96.jpeg","0":null,"1":"","2":"","3":"","4":"","5":"","6":"","7":"","8":""}],"_links":{"self":[{"href":"https:\/\/www.grupomedcof.com.br\/blog\/wp-json\/wp\/v2\/posts\/31719","targetHints":{"allow":["GET"]}}],"collection":[{"href":"https:\/\/www.grupomedcof.com.br\/blog\/wp-json\/wp\/v2\/posts"}],"about":[{"href":"https:\/\/www.grupomedcof.com.br\/blog\/wp-json\/wp\/v2\/types\/post"}],"author":[{"embeddable":true,"href":"https:\/\/www.grupomedcof.com.br\/blog\/wp-json\/wp\/v2\/users\/21"}],"replies":[{"embeddable":true,"href":"https:\/\/www.grupomedcof.com.br\/blog\/wp-json\/wp\/v2\/comments?post=31719"}],"version-history":[{"count":0,"href":"https:\/\/www.grupomedcof.com.br\/blog\/wp-json\/wp\/v2\/posts\/31719\/revisions"}],"wp:featuredmedia":[{"embeddable":true,"href":"https:\/\/www.grupomedcof.com.br\/blog\/wp-json\/wp\/v2\/media\/31725"}],"wp:attachment":[{"href":"https:\/\/www.grupomedcof.com.br\/blog\/wp-json\/wp\/v2\/media?parent=31719"}],"wp:term":[{"taxonomy":"category","embeddable":true,"href":"https:\/\/www.grupomedcof.com.br\/blog\/wp-json\/wp\/v2\/categories?post=31719"},{"taxonomy":"post_tag","embeddable":true,"href":"https:\/\/www.grupomedcof.com.br\/blog\/wp-json\/wp\/v2\/tags?post=31719"},{"taxonomy":"author","embeddable":true,"href":"https:\/\/www.grupomedcof.com.br\/blog\/wp-json\/wp\/v2\/ppma_author?post=31719"}],"curies":[{"name":"wp","href":"https:\/\/api.w.org\/{rel}","templated":true}]}}