{"id":31923,"date":"2024-11-27T10:41:10","date_gmt":"2024-11-27T13:41:10","guid":{"rendered":"https:\/\/www.grupomedcof.com.br\/blog\/?p=31923"},"modified":"2026-04-24T12:00:35","modified_gmt":"2026-04-24T15:00:35","slug":"ministerio-da-saude-divulga-integracao-dos-programas-mais-medicos-e-medicos-pelo-brasil","status":"publish","type":"post","link":"https:\/\/www.grupomedcof.com.br\/blog\/ministerio-da-saude-divulga-integracao-dos-programas-mais-medicos-e-medicos-pelo-brasil\/","title":{"rendered":"Minist\u00e9rio da Sa\u00fade divulga integra\u00e7\u00e3o dos programas Mais M\u00e9dicos e M\u00e9dicos pelo Brasil"},"content":{"rendered":"<div id=\"ez-toc-container\" class=\"ez-toc-v2_0_74 counter-hierarchy ez-toc-counter ez-toc-transparent ez-toc-container-direction\">\n<div class=\"ez-toc-title-container\">\n<p class=\"ez-toc-title\" style=\"cursor:inherit\">Sum\u00e1rio<\/p>\n<span class=\"ez-toc-title-toggle\"><a href=\"#\" class=\"ez-toc-pull-right ez-toc-btn ez-toc-btn-xs ez-toc-btn-default ez-toc-toggle\" aria-label=\"Alternar tabela de conte\u00fado\"><span class=\"ez-toc-js-icon-con\"><span class=\"\"><span class=\"eztoc-hide\" style=\"display:none;\">Toggle<\/span><span class=\"ez-toc-icon-toggle-span\"><svg style=\"fill: #999;color:#999\" xmlns=\"http:\/\/www.w3.org\/2000\/svg\" class=\"list-377408\" width=\"20px\" height=\"20px\" viewBox=\"0 0 24 24\" fill=\"none\"><path d=\"M6 6H4v2h2V6zm14 0H8v2h12V6zM4 11h2v2H4v-2zm16 0H8v2h12v-2zM4 16h2v2H4v-2zm16 0H8v2h12v-2z\" fill=\"currentColor\"><\/path><\/svg><svg style=\"fill: #999;color:#999\" class=\"arrow-unsorted-368013\" xmlns=\"http:\/\/www.w3.org\/2000\/svg\" width=\"10px\" height=\"10px\" viewBox=\"0 0 24 24\" version=\"1.2\" baseProfile=\"tiny\"><path d=\"M18.2 9.3l-6.2-6.3-6.2 6.3c-.2.2-.3.4-.3.7s.1.5.3.7c.2.2.4.3.7.3h11c.3 0 .5-.1.7-.3.2-.2.3-.5.3-.7s-.1-.5-.3-.7zM5.8 14.7l6.2 6.3 6.2-6.3c.2-.2.3-.5.3-.7s-.1-.5-.3-.7c-.2-.2-.4-.3-.7-.3h-11c-.3 0-.5.1-.7.3-.2.2-.3.5-.3.7s.1.5.3.7z\"\/><\/svg><\/span><\/span><\/span><\/a><\/span><\/div>\n<nav><ul class='ez-toc-list ez-toc-list-level-1 ' ><li class='ez-toc-page-1 ez-toc-heading-level-2'><a class=\"ez-toc-link ez-toc-heading-1\" href=\"https:\/\/www.grupomedcof.com.br\/blog\/ministerio-da-saude-divulga-integracao-dos-programas-mais-medicos-e-medicos-pelo-brasil\/#Como_sera_a_integracao\" >Como ser\u00e1 a integra\u00e7\u00e3o<\/a><\/li><li class='ez-toc-page-1 ez-toc-heading-level-2'><a class=\"ez-toc-link ez-toc-heading-2\" href=\"https:\/\/www.grupomedcof.com.br\/blog\/ministerio-da-saude-divulga-integracao-dos-programas-mais-medicos-e-medicos-pelo-brasil\/#Cronograma_Bolsistas_AgSUS\" >Cronograma Bolsistas AgSUS<\/a><\/li><li class='ez-toc-page-1 ez-toc-heading-level-2'><a class=\"ez-toc-link ez-toc-heading-3\" href=\"https:\/\/www.grupomedcof.com.br\/blog\/ministerio-da-saude-divulga-integracao-dos-programas-mais-medicos-e-medicos-pelo-brasil\/#Cronograma_Mais_Medicos\" >Cronograma Mais M\u00e9dicos<\/a><\/li><li class='ez-toc-page-1 ez-toc-heading-level-2'><a class=\"ez-toc-link ez-toc-heading-4\" href=\"https:\/\/www.grupomedcof.com.br\/blog\/ministerio-da-saude-divulga-integracao-dos-programas-mais-medicos-e-medicos-pelo-brasil\/#O_metodo_que_te_aprova\" >O m\u00e9todo que te aprova!<\/a><\/li><\/ul><\/nav><\/div>\n\n<figure class=\"wp-block-image size-large\"><img loading=\"lazy\" decoding=\"async\" width=\"1024\" height=\"576\" src=\"https:\/\/www.grupomedcof.com.br\/blog\/wp-content\/uploads\/2024\/11\/Blog-MedCof-15-1024x576.jpg\" alt=\"\" class=\"wp-image-31926\" srcset=\"https:\/\/www.grupomedcof.com.br\/blog\/wp-content\/uploads\/2024\/11\/Blog-MedCof-15-1024x576.jpg 1024w, https:\/\/www.grupomedcof.com.br\/blog\/wp-content\/uploads\/2024\/11\/Blog-MedCof-15-300x169.jpg 300w, https:\/\/www.grupomedcof.com.br\/blog\/wp-content\/uploads\/2024\/11\/Blog-MedCof-15-768x432.jpg 768w, https:\/\/www.grupomedcof.com.br\/blog\/wp-content\/uploads\/2024\/11\/Blog-MedCof-15-1536x864.jpg 1536w, https:\/\/www.grupomedcof.com.br\/blog\/wp-content\/uploads\/2024\/11\/Blog-MedCof-15-2048x1152.jpg 2048w, https:\/\/www.grupomedcof.com.br\/blog\/wp-content\/uploads\/2024\/11\/Blog-MedCof-15-747x420.jpg 747w, https:\/\/www.grupomedcof.com.br\/blog\/wp-content\/uploads\/2024\/11\/Blog-MedCof-15-150x84.jpg 150w, https:\/\/www.grupomedcof.com.br\/blog\/wp-content\/uploads\/2024\/11\/Blog-MedCof-15-696x392.jpg 696w, https:\/\/www.grupomedcof.com.br\/blog\/wp-content\/uploads\/2024\/11\/Blog-MedCof-15-1068x601.jpg 1068w, https:\/\/www.grupomedcof.com.br\/blog\/wp-content\/uploads\/2024\/11\/Blog-MedCof-15-1920x1080.jpg 1920w\" sizes=\"auto, (max-width: 1024px) 100vw, 1024px\" \/><\/figure>\n\n\n\n<p>A ministra da pasta, N\u00edsia Trindade, anunciou no dia 26 de novembro atrav\u00e9s de uma <a href=\"https:\/\/www.youtube.com\/watch?v=FQS8Fg1CdWk&amp;t=2s\" target=\"_blank\" rel=\"noreferrer noopener\">live no canal oficial do MS do Youtube,<\/a> a<a href=\"https:\/\/www.gov.br\/saude\/pt-br\/assuntos\/noticias\/2024\/novembro\/ministerio-da-saude-fortalece-contratacao-de-profissionais-para-o-mais-medicos\" target=\"_blank\" rel=\"noreferrer noopener\">\u00a0<strong>integra\u00e7\u00e3o entre os programas \u201cMais M\u00e9dicos\u201d e \u201cM\u00e9dicos pelo Brasil\u201d<\/strong><\/a>. Com o objetivo de fortalecer a dilig\u00eancia de profissionais de sa\u00fade em regi\u00f5es remotas e \u00e1reas de alta vulnerabilidade social, a iniciativa vai <strong>ampliar<\/strong> <strong>o acesso \u00e0 sa\u00fade p\u00fablica no pa\u00eds<\/strong>.<\/p>\n\n\n\n<p>Ainda, a ministra destaca que a medida \u00e9 fundamental para\u00a0<strong>garantir m\u00e9dicos especialistas em Medicina de Fam\u00edlia e Comunidade<\/strong>, alinhados \u00e0s necessidades do Sistema \u00danico de Sa\u00fade (SUS). <\/p>\n\n\n\n<p>Assim, <strong>3,6 mil m\u00e9dicos bolsistas do M\u00e9dicos pelo Brasil\u00a0<\/strong>poder\u00e3o ser devidamente efetivados pela AgSUS, v\u00ednculos que, anteriormente,\u00a0estavam amea\u00e7ados devido \u00e0 aus\u00eancia de previs\u00e3o or\u00e7ament\u00e1ria na gest\u00e3o anterior.<\/p>\n\n\n\n<h2 class=\"wp-block-heading\" id=\"h-como-sera-a-integracao\"><span class=\"ez-toc-section\" id=\"Como_sera_a_integracao\"><\/span><strong>Como ser\u00e1 a integra\u00e7\u00e3o<\/strong><span class=\"ez-toc-section-end\"><\/span><\/h2>\n\n\n\n<p>A integra\u00e7\u00e3o entre os dois programas ser\u00e1 estruturado em\u00a0<strong>tr\u00eas eixos de atua\u00e7\u00e3o<\/strong>:<\/p>\n\n\n\n<ul class=\"wp-block-list\">\n<li><strong>Mais M\u00e9dicos Forma\u00e7\u00e3o<\/strong>: Destinado aos m\u00e9dicos bolsistas vinculados ao edital do Projeto M\u00e9dicos pelo Brasil, dentro da Estrat\u00e9gia Nacional de Forma\u00e7\u00e3o de Especialistas. Os profissionais participar\u00e3o de um ciclo formativo de quatro anos, prorrog\u00e1vel por igual per\u00edodo, e passar\u00e3o por uma trilha que culmina na prova de certifica\u00e7\u00e3o para obten\u00e7\u00e3o do t\u00edtulo de Especialista em Medicina de Fam\u00edlia e Comunidade.<\/li>\n\n\n\n<li><strong>Mais M\u00e9dicos V\u00ednculo:\u00a0<\/strong>Destinado aos m\u00e9dicos bolsistas da ag\u00eancia que participaram de editais anteriores, em que poder\u00e3o realizar uma prova, organizada em parceria com a Sociedade Brasileira de Medicina de Fam\u00edlia e Comunidade, de car\u00e1ter classificat\u00f3ria e eliminat\u00f3ria no primeiro semestre de 2025. Os aprovados ser\u00e3o contratados como celetistas, assumindo o cargo de M\u00e9dico da Fam\u00edlia e Comunidade, com garantia de estabilidade e perman\u00eancia em suas localidades.<\/li>\n\n\n\n<li><strong>Mais M\u00e9dicos Estrat\u00e9gico:\u00a0<\/strong>Destinado a m\u00e9dicos especialistas em Medicina de Fam\u00edlia e Comunidade que j\u00e1 atuam como tutores de bolsistas. Estes ter\u00e3o novas oportunidades de atua\u00e7\u00e3o, em que poder\u00e3o assumir o papel de tutores em programas de resid\u00eancia m\u00e9dica, al\u00e9m de orientar estudantes e internos de universidades p\u00fablicas. Um novo edital ser\u00e1 lan\u00e7ado em 2025 para contrata\u00e7\u00e3o direta desses especialistas, valorizando aqueles que j\u00e1 t\u00eam experi\u00eancia no Mais M\u00e9dicos por meio de pontua\u00e7\u00e3o adicional no processo seletivo.<\/li>\n<\/ul>\n\n\n\n<figure class=\"wp-block-image size-large\"><a href=\"https:\/\/www.grupomedcof.com.br\/cofletters\/\"><img loading=\"lazy\" decoding=\"async\" width=\"1024\" height=\"366\" src=\"https:\/\/www.grupomedcof.com.br\/blog\/wp-content\/uploads\/2024\/10\/Capa-Eventos-MedCof-Plus-1-1024x366.png\" alt=\"\" class=\"wp-image-30896\" srcset=\"https:\/\/www.grupomedcof.com.br\/blog\/wp-content\/uploads\/2024\/10\/Capa-Eventos-MedCof-Plus-1-1024x366.png 1024w, https:\/\/www.grupomedcof.com.br\/blog\/wp-content\/uploads\/2024\/10\/Capa-Eventos-MedCof-Plus-1-300x107.png 300w, https:\/\/www.grupomedcof.com.br\/blog\/wp-content\/uploads\/2024\/10\/Capa-Eventos-MedCof-Plus-1-768x275.png 768w, https:\/\/www.grupomedcof.com.br\/blog\/wp-content\/uploads\/2024\/10\/Capa-Eventos-MedCof-Plus-1-1536x549.png 1536w, https:\/\/www.grupomedcof.com.br\/blog\/wp-content\/uploads\/2024\/10\/Capa-Eventos-MedCof-Plus-1-2048x732.png 2048w, https:\/\/www.grupomedcof.com.br\/blog\/wp-content\/uploads\/2024\/10\/Capa-Eventos-MedCof-Plus-1-1175x420.png 1175w, https:\/\/www.grupomedcof.com.br\/blog\/wp-content\/uploads\/2024\/10\/Capa-Eventos-MedCof-Plus-1-150x54.png 150w, https:\/\/www.grupomedcof.com.br\/blog\/wp-content\/uploads\/2024\/10\/Capa-Eventos-MedCof-Plus-1-696x249.png 696w, https:\/\/www.grupomedcof.com.br\/blog\/wp-content\/uploads\/2024\/10\/Capa-Eventos-MedCof-Plus-1-1068x382.png 1068w, https:\/\/www.grupomedcof.com.br\/blog\/wp-content\/uploads\/2024\/10\/Capa-Eventos-MedCof-Plus-1-1920x686.png 1920w\" sizes=\"auto, (max-width: 1024px) 100vw, 1024px\" \/><\/a><\/figure>\n\n\n\n<h2 class=\"wp-block-heading\" id=\"h-cronograma-bolsistas-agsus\"><span class=\"ez-toc-section\" id=\"Cronograma_Bolsistas_AgSUS\"><\/span><strong>Cronograma Bolsistas AgSUS<\/strong><span class=\"ez-toc-section-end\"><\/span><\/h2>\n\n\n\n<ul class=\"wp-block-list\">\n<li><strong>Novembro de 2024:<\/strong>\u00a0An\u00fancio;<\/li>\n\n\n\n<li><strong>Dezembro de 2024 a Abril de 2025:<\/strong>\u00a0Conclus\u00e3o da etapa de especializa\u00e7\u00e3o de 3 mil bolsistas;<\/li>\n\n\n\n<li><strong>Abril de 2025:<\/strong>\u00a01\u00aa prova classificat\u00f3ria e eliminat\u00f3ria para conclus\u00e3o do processo seletivo dos bolsistas;<\/li>\n\n\n\n<li><strong>Junho de 2025:<\/strong>\u00a0Resultado final da prova e contrata\u00e7\u00e3o na modalidade celetista dos bolsistas aprovados;<\/li>\n\n\n\n<li><strong>Agosto de 2025 a Fevereiro de 2026:\u00a0<\/strong>Conclus\u00e3o da etapa de especializa\u00e7\u00e3o de 700 bolsistas;<\/li>\n\n\n\n<li><strong>Mar\u00e7o de 2026:\u00a0<\/strong>2\u00aa prova classificat\u00f3ria e eliminat\u00f3ria para conclus\u00e3o do processo seletivo dos bolsistas;<\/li>\n\n\n\n<li><strong>Maio de 2026:<\/strong>\u00a0Resultado final da prova e contrata\u00e7\u00e3o na modalidade celetista dos bolsistas aprovados.<\/li>\n<\/ul>\n\n\n\n<h2 class=\"wp-block-heading\" id=\"h-cronograma-mais-medicos\"><span class=\"ez-toc-section\" id=\"Cronograma_Mais_Medicos\"><\/span><strong>Cronograma Mais M\u00e9dicos<\/strong><span class=\"ez-toc-section-end\"><\/span><\/h2>\n\n\n\n<ul class=\"wp-block-list\">\n<li><strong>Dezembro de 2024<\/strong>: 3\u00aa chamada do 38\u00ba Ciclo \u2013 in\u00edcio das atividades do Perfil 1;<\/li>\n\n\n\n<li><strong>Janeiro de 2025<\/strong>: 4\u00aa chamada do 38\u00ba Ciclo \u2013 in\u00edcio das atividades do Perfil 1;<\/li>\n\n\n\n<li><strong>Mar\u00e7o de 2025<\/strong>: MAAv \u2013 M\u00f3dulo de Acolhimento e Avalia\u00e7\u00e3o 3\u00aa e 4\u00aa chamadas (Perfil 2);<\/li>\n\n\n\n<li><strong>Mar\u00e7o de 2025<\/strong>: Novo edital de ades\u00e3o\/renova\u00e7\u00e3o de vagas de munic\u00edpios;<\/li>\n\n\n\n<li><strong>Abril de 2025:<\/strong>\u00a0Novo edital de m\u00e9dicos \u2013 Mais M\u00e9dicos forma\u00e7\u00e3o (bolsistas);<\/li>\n\n\n\n<li><strong>Maio de 2025<\/strong>: Novo processo seletivo para M\u00e9dicos de Fam\u00edlia e Comunidade via AgSUS \u2013 Mais M\u00e9dicos Estrat\u00e9gia.<\/li>\n<\/ul>\n\n\n\n<h2 class=\"wp-block-heading\" id=\"o-m\u00e9todo-que-te-aprova\"><span class=\"ez-toc-section\" id=\"O_metodo_que_te_aprova\"><\/span><strong>O m\u00e9todo que te aprova!<\/strong><span class=\"ez-toc-section-end\"><\/span><\/h2>\n\n\n\n<p>Quer alcan\u00e7ar a aprova\u00e7\u00e3o nas provas de resid\u00eancia m\u00e9dica? Ent\u00e3o seja um&nbsp;<a href=\"https:\/\/www.grupomedcof.com.br\/home\/\" target=\"_blank\" rel=\"noreferrer noopener\">MedCoffer<\/a>! Aqui te ajudaremos na busca da aprova\u00e7\u00e3o com conte\u00fados de qualidade e uma&nbsp;<a href=\"https:\/\/www.grupomedcof.com.br\/blog\/presenca-da-medcof-nas-aprovacoes-em-residencia-medica-no-brasil\/\" target=\"_blank\" rel=\"noreferrer noopener\">metodologia que j\u00e1 aprovou mais de 10 mil residentes no pa\u00eds!&nbsp;<\/a>Por fim, acesse o nosso<a href=\"https:\/\/www.youtube.com\/@GrupoMedcof\/featured\" target=\"_blank\" rel=\"noreferrer noopener\">&nbsp;<strong>canal do youtube&nbsp;<\/strong><\/a>para ver o nosso material.<\/p>\n\n\n\n<figure class=\"wp-block-embed is-type-video is-provider-youtube wp-block-embed-youtube wp-embed-aspect-16-9 wp-has-aspect-ratio\"><div class=\"wp-block-embed__wrapper\">\n<div class=\"youtube-embed\" data-video_id=\"mh8RT_jjVEg\"><iframe loading=\"lazy\" title=\"Conforto M\u00e9dico - Como Apresenta\u00e7\u00e3o e Storytelling pode mudar O jogo com Dr. Adriel Araujo - Ep #12\" width=\"696\" height=\"392\" src=\"https:\/\/www.youtube.com\/embed\/mh8RT_jjVEg?feature=oembed&#038;enablejsapi=1\" frameborder=\"0\" allow=\"accelerometer; autoplay; clipboard-write; encrypted-media; gyroscope; picture-in-picture; web-share\" referrerpolicy=\"strict-origin-when-cross-origin\" allowfullscreen><\/iframe><\/div>\n<\/div><\/figure>\n","protected":false},"excerpt":{"rendered":"<p>A ministra de sa\u00fade, N\u00edsia Trindade, divulgou a integra\u00e7\u00e3o entre os programas \u201cMais M\u00e9dicos\u201d e \u201cM\u00e9dicos pelo Brasil\u201d. Confira os detalhes! <\/p>\n","protected":false},"author":20,"featured_media":31926,"comment_status":"open","ping_status":"open","sticky":false,"template":"","format":"standard","meta":{"footnotes":""},"categories":[173],"tags":[201,2323,235,805],"ppma_author":[3616],"class_list":{"0":"post-31923","1":"post","2":"type-post","3":"status-publish","4":"format-standard","5":"has-post-thumbnail","7":"category-novidades","8":"tag-mais-medicos","9":"tag-medicos-pelo-brasil","10":"tag-ministerio-da-saude","11":"tag-sus"},"yoast_head":"<!-- This site is optimized with the Yoast SEO Premium plugin v24.3 (Yoast SEO v27.4) - https:\/\/yoast.com\/product\/yoast-seo-premium-wordpress\/ -->\n<title>Integra\u00e7\u00e3o dos Programas Mais M\u00e9dicos e M\u00e9dicos pelo Brasil | MedCof<\/title>\n<meta name=\"description\" content=\"A ministra de sa\u00fade, N\u00edsia Trindade, divulgou a integra\u00e7\u00e3o entre os programas \u201cMais M\u00e9dicos\u201d e \u201cM\u00e9dicos pelo Brasil\u201d. Confira os detalhes!\" \/>\n<meta name=\"robots\" content=\"index, follow, max-snippet:-1, max-image-preview:large, max-video-preview:-1\" \/>\n<link rel=\"canonical\" href=\"https:\/\/www.grupomedcof.com.br\/blog\/ministerio-da-saude-divulga-integracao-dos-programas-mais-medicos-e-medicos-pelo-brasil\/\" \/>\n<meta property=\"og:locale\" content=\"pt_BR\" \/>\n<meta property=\"og:type\" content=\"article\" \/>\n<meta property=\"og:title\" content=\"Minist\u00e9rio da Sa\u00fade divulga integra\u00e7\u00e3o dos programas Mais M\u00e9dicos e M\u00e9dicos pelo Brasil\" \/>\n<meta property=\"og:description\" content=\"A ministra de sa\u00fade, N\u00edsia Trindade, divulgou a integra\u00e7\u00e3o entre os programas \u201cMais M\u00e9dicos\u201d e \u201cM\u00e9dicos pelo Brasil\u201d. Confira os detalhes!\" \/>\n<meta property=\"og:url\" content=\"https:\/\/www.grupomedcof.com.br\/blog\/ministerio-da-saude-divulga-integracao-dos-programas-mais-medicos-e-medicos-pelo-brasil\/\" \/>\n<meta property=\"og:site_name\" content=\"Blog de Medcof: conte\u00fados, editais, revalida e mais!\" \/>\n<meta property=\"article:publisher\" content=\"https:\/\/www.facebook.com\/MedCofQbank\/\" \/>\n<meta property=\"article:published_time\" content=\"2024-11-27T13:41:10+00:00\" \/>\n<meta property=\"article:modified_time\" content=\"2026-04-24T15:00:35+00:00\" \/>\n<meta property=\"og:image\" content=\"https:\/\/www.grupomedcof.com.br\/blog\/wp-content\/uploads\/2024\/11\/Blog-MedCof-15-scaled.jpg\" \/>\n\t<meta property=\"og:image:width\" content=\"2560\" \/>\n\t<meta property=\"og:image:height\" content=\"1440\" \/>\n\t<meta property=\"og:image:type\" content=\"image\/jpeg\" \/>\n<meta name=\"author\" content=\"Leila Menzel\" \/>\n<meta name=\"twitter:card\" content=\"summary_large_image\" \/>\n<meta name=\"twitter:label1\" content=\"Escrito por\" \/>\n\t<meta name=\"twitter:data1\" content=\"Leila Menzel\" \/>\n\t<meta name=\"twitter:label2\" content=\"Est. tempo de leitura\" \/>\n\t<meta name=\"twitter:data2\" content=\"4 minutos\" \/>\n<script type=\"application\/ld+json\" class=\"yoast-schema-graph\">{\"@context\":\"https:\\\/\\\/schema.org\",\"@graph\":[{\"@type\":\"Article\",\"@id\":\"https:\\\/\\\/www.grupomedcof.com.br\\\/blog\\\/ministerio-da-saude-divulga-integracao-dos-programas-mais-medicos-e-medicos-pelo-brasil\\\/#article\",\"isPartOf\":{\"@id\":\"https:\\\/\\\/www.grupomedcof.com.br\\\/blog\\\/ministerio-da-saude-divulga-integracao-dos-programas-mais-medicos-e-medicos-pelo-brasil\\\/\"},\"author\":{\"name\":\"Leila Menzel\",\"@id\":\"https:\\\/\\\/www.grupomedcof.com.br\\\/blog\\\/#\\\/schema\\\/person\\\/9a44c2184a836bf5ae6967fdb3a1451e\"},\"headline\":\"Minist\u00e9rio da Sa\u00fade divulga integra\u00e7\u00e3o dos programas Mais M\u00e9dicos e M\u00e9dicos pelo Brasil\",\"datePublished\":\"2024-11-27T13:41:10+00:00\",\"dateModified\":\"2026-04-24T15:00:35+00:00\",\"mainEntityOfPage\":{\"@id\":\"https:\\\/\\\/www.grupomedcof.com.br\\\/blog\\\/ministerio-da-saude-divulga-integracao-dos-programas-mais-medicos-e-medicos-pelo-brasil\\\/\"},\"wordCount\":690,\"commentCount\":0,\"publisher\":{\"@id\":\"https:\\\/\\\/www.grupomedcof.com.br\\\/blog\\\/#organization\"},\"image\":{\"@id\":\"https:\\\/\\\/www.grupomedcof.com.br\\\/blog\\\/ministerio-da-saude-divulga-integracao-dos-programas-mais-medicos-e-medicos-pelo-brasil\\\/#primaryimage\"},\"thumbnailUrl\":\"https:\\\/\\\/www.grupomedcof.com.br\\\/blog\\\/wp-content\\\/uploads\\\/2024\\\/11\\\/Blog-MedCof-15-scaled.jpg\",\"keywords\":[\"Mais M\u00e9dicos\",\"M\u00e9dicos pelo Brasil\",\"Minist\u00e9rio da Sa\u00fade\",\"SUS\"],\"articleSection\":[\"Novidades\"],\"inLanguage\":\"pt-BR\"},{\"@type\":\"WebPage\",\"@id\":\"https:\\\/\\\/www.grupomedcof.com.br\\\/blog\\\/ministerio-da-saude-divulga-integracao-dos-programas-mais-medicos-e-medicos-pelo-brasil\\\/\",\"url\":\"https:\\\/\\\/www.grupomedcof.com.br\\\/blog\\\/ministerio-da-saude-divulga-integracao-dos-programas-mais-medicos-e-medicos-pelo-brasil\\\/\",\"name\":\"Integra\u00e7\u00e3o dos Programas Mais M\u00e9dicos e M\u00e9dicos pelo Brasil | MedCof\",\"isPartOf\":{\"@id\":\"https:\\\/\\\/www.grupomedcof.com.br\\\/blog\\\/#website\"},\"primaryImageOfPage\":{\"@id\":\"https:\\\/\\\/www.grupomedcof.com.br\\\/blog\\\/ministerio-da-saude-divulga-integracao-dos-programas-mais-medicos-e-medicos-pelo-brasil\\\/#primaryimage\"},\"image\":{\"@id\":\"https:\\\/\\\/www.grupomedcof.com.br\\\/blog\\\/ministerio-da-saude-divulga-integracao-dos-programas-mais-medicos-e-medicos-pelo-brasil\\\/#primaryimage\"},\"thumbnailUrl\":\"https:\\\/\\\/www.grupomedcof.com.br\\\/blog\\\/wp-content\\\/uploads\\\/2024\\\/11\\\/Blog-MedCof-15-scaled.jpg\",\"datePublished\":\"2024-11-27T13:41:10+00:00\",\"dateModified\":\"2026-04-24T15:00:35+00:00\",\"description\":\"A ministra de sa\u00fade, N\u00edsia Trindade, divulgou a integra\u00e7\u00e3o entre os programas \u201cMais M\u00e9dicos\u201d e \u201cM\u00e9dicos pelo Brasil\u201d. Confira os detalhes!\",\"breadcrumb\":{\"@id\":\"https:\\\/\\\/www.grupomedcof.com.br\\\/blog\\\/ministerio-da-saude-divulga-integracao-dos-programas-mais-medicos-e-medicos-pelo-brasil\\\/#breadcrumb\"},\"inLanguage\":\"pt-BR\",\"potentialAction\":[{\"@type\":\"ReadAction\",\"target\":[\"https:\\\/\\\/www.grupomedcof.com.br\\\/blog\\\/ministerio-da-saude-divulga-integracao-dos-programas-mais-medicos-e-medicos-pelo-brasil\\\/\"]}]},{\"@type\":\"ImageObject\",\"inLanguage\":\"pt-BR\",\"@id\":\"https:\\\/\\\/www.grupomedcof.com.br\\\/blog\\\/ministerio-da-saude-divulga-integracao-dos-programas-mais-medicos-e-medicos-pelo-brasil\\\/#primaryimage\",\"url\":\"https:\\\/\\\/www.grupomedcof.com.br\\\/blog\\\/wp-content\\\/uploads\\\/2024\\\/11\\\/Blog-MedCof-15-scaled.jpg\",\"contentUrl\":\"https:\\\/\\\/www.grupomedcof.com.br\\\/blog\\\/wp-content\\\/uploads\\\/2024\\\/11\\\/Blog-MedCof-15-scaled.jpg\",\"width\":2560,\"height\":1440},{\"@type\":\"BreadcrumbList\",\"@id\":\"https:\\\/\\\/www.grupomedcof.com.br\\\/blog\\\/ministerio-da-saude-divulga-integracao-dos-programas-mais-medicos-e-medicos-pelo-brasil\\\/#breadcrumb\",\"itemListElement\":[{\"@type\":\"ListItem\",\"position\":1,\"name\":\"In\u00edcio\",\"item\":\"https:\\\/\\\/www.grupomedcof.com.br\\\/blog\\\/\"},{\"@type\":\"ListItem\",\"position\":2,\"name\":\"Minist\u00e9rio da Sa\u00fade divulga integra\u00e7\u00e3o dos programas Mais M\u00e9dicos e M\u00e9dicos pelo Brasil\"}]},{\"@type\":\"WebSite\",\"@id\":\"https:\\\/\\\/www.grupomedcof.com.br\\\/blog\\\/#website\",\"url\":\"https:\\\/\\\/www.grupomedcof.com.br\\\/blog\\\/\",\"name\":\"Blog de Medcof: conte\u00fados, editais, revalida e mais!\",\"description\":\"Acesso o blog de MedCof! Seu portal de conte\u00fados sobre resid\u00eancia m\u00e9dica, an\u00e1lise e editais e muito mais. Clique e confira!\",\"publisher\":{\"@id\":\"https:\\\/\\\/www.grupomedcof.com.br\\\/blog\\\/#organization\"},\"alternateName\":\"Blog de Medcof: conte\u00fados, editais, revalida e mais!\",\"potentialAction\":[{\"@type\":\"SearchAction\",\"target\":{\"@type\":\"EntryPoint\",\"urlTemplate\":\"https:\\\/\\\/www.grupomedcof.com.br\\\/blog\\\/?s={search_term_string}\"},\"query-input\":{\"@type\":\"PropertyValueSpecification\",\"valueRequired\":true,\"valueName\":\"search_term_string\"}}],\"inLanguage\":\"pt-BR\"},{\"@type\":\"Organization\",\"@id\":\"https:\\\/\\\/www.grupomedcof.com.br\\\/blog\\\/#organization\",\"name\":\"Grupo MedCof\",\"url\":\"https:\\\/\\\/www.grupomedcof.com.br\\\/blog\\\/\",\"logo\":{\"@type\":\"ImageObject\",\"inLanguage\":\"pt-BR\",\"@id\":\"https:\\\/\\\/www.grupomedcof.com.br\\\/blog\\\/#\\\/schema\\\/logo\\\/image\\\/\",\"url\":\"https:\\\/\\\/www.grupomedcof.com.br\\\/blog\\\/wp-content\\\/uploads\\\/2022\\\/01\\\/logo-medcof.png\",\"contentUrl\":\"https:\\\/\\\/www.grupomedcof.com.br\\\/blog\\\/wp-content\\\/uploads\\\/2022\\\/01\\\/logo-medcof.png\",\"width\":768,\"height\":269,\"caption\":\"Grupo MedCof\"},\"image\":{\"@id\":\"https:\\\/\\\/www.grupomedcof.com.br\\\/blog\\\/#\\\/schema\\\/logo\\\/image\\\/\"},\"sameAs\":[\"https:\\\/\\\/www.facebook.com\\\/MedCofQbank\\\/\",\"https:\\\/\\\/www.instagram.com\\\/grupomedcof\\\/\",\"https:\\\/\\\/br.linkedin.com\\\/company\\\/medcof\",\"https:\\\/\\\/www.youtube.com\\\/channel\\\/UCdHMuOHKICxcHwecxN8P-AA\"]},{\"@type\":\"Person\",\"@id\":\"https:\\\/\\\/www.grupomedcof.com.br\\\/blog\\\/#\\\/schema\\\/person\\\/9a44c2184a836bf5ae6967fdb3a1451e\",\"name\":\"Leila Menzel\",\"image\":{\"@type\":\"ImageObject\",\"inLanguage\":\"pt-BR\",\"@id\":\"https:\\\/\\\/www.grupomedcof.com.br\\\/blog\\\/wp-content\\\/uploads\\\/2025\\\/09\\\/cropped-eu-96x96.jpeg19a74936d997c0a8b3031618467fa1d0\",\"url\":\"https:\\\/\\\/www.grupomedcof.com.br\\\/blog\\\/wp-content\\\/uploads\\\/2025\\\/09\\\/cropped-eu-96x96.jpeg\",\"contentUrl\":\"https:\\\/\\\/www.grupomedcof.com.br\\\/blog\\\/wp-content\\\/uploads\\\/2025\\\/09\\\/cropped-eu-96x96.jpeg\",\"caption\":\"Leila Menzel\"},\"description\":\"Estudante do 6\u00b0 semestre de jornalismo, amo e escrevo poesias e viajo em livros de romances clich\u00eas.\",\"url\":\"https:\\\/\\\/www.grupomedcof.com.br\\\/blog\\\/author\\\/leila-menzel\\\/\"}]}<\/script>\n<!-- \/ Yoast SEO Premium plugin. -->","yoast_head_json":{"title":"Integra\u00e7\u00e3o dos Programas Mais M\u00e9dicos e M\u00e9dicos pelo Brasil | MedCof","description":"A ministra de sa\u00fade, N\u00edsia Trindade, divulgou a integra\u00e7\u00e3o entre os programas \u201cMais M\u00e9dicos\u201d e \u201cM\u00e9dicos pelo Brasil\u201d. Confira os detalhes!","robots":{"index":"index","follow":"follow","max-snippet":"max-snippet:-1","max-image-preview":"max-image-preview:large","max-video-preview":"max-video-preview:-1"},"canonical":"https:\/\/www.grupomedcof.com.br\/blog\/ministerio-da-saude-divulga-integracao-dos-programas-mais-medicos-e-medicos-pelo-brasil\/","og_locale":"pt_BR","og_type":"article","og_title":"Minist\u00e9rio da Sa\u00fade divulga integra\u00e7\u00e3o dos programas Mais M\u00e9dicos e M\u00e9dicos pelo Brasil","og_description":"A ministra de sa\u00fade, N\u00edsia Trindade, divulgou a integra\u00e7\u00e3o entre os programas \u201cMais M\u00e9dicos\u201d e \u201cM\u00e9dicos pelo Brasil\u201d. Confira os detalhes!","og_url":"https:\/\/www.grupomedcof.com.br\/blog\/ministerio-da-saude-divulga-integracao-dos-programas-mais-medicos-e-medicos-pelo-brasil\/","og_site_name":"Blog de Medcof: conte\u00fados, editais, revalida e mais!","article_publisher":"https:\/\/www.facebook.com\/MedCofQbank\/","article_published_time":"2024-11-27T13:41:10+00:00","article_modified_time":"2026-04-24T15:00:35+00:00","og_image":[{"width":2560,"height":1440,"url":"https:\/\/www.grupomedcof.com.br\/blog\/wp-content\/uploads\/2024\/11\/Blog-MedCof-15-scaled.jpg","type":"image\/jpeg"}],"author":"Leila Menzel","twitter_card":"summary_large_image","twitter_misc":{"Escrito por":"Leila Menzel","Est. tempo de leitura":"4 minutos"},"schema":{"@context":"https:\/\/schema.org","@graph":[{"@type":"Article","@id":"https:\/\/www.grupomedcof.com.br\/blog\/ministerio-da-saude-divulga-integracao-dos-programas-mais-medicos-e-medicos-pelo-brasil\/#article","isPartOf":{"@id":"https:\/\/www.grupomedcof.com.br\/blog\/ministerio-da-saude-divulga-integracao-dos-programas-mais-medicos-e-medicos-pelo-brasil\/"},"author":{"name":"Leila Menzel","@id":"https:\/\/www.grupomedcof.com.br\/blog\/#\/schema\/person\/9a44c2184a836bf5ae6967fdb3a1451e"},"headline":"Minist\u00e9rio da Sa\u00fade divulga integra\u00e7\u00e3o dos programas Mais M\u00e9dicos e M\u00e9dicos pelo Brasil","datePublished":"2024-11-27T13:41:10+00:00","dateModified":"2026-04-24T15:00:35+00:00","mainEntityOfPage":{"@id":"https:\/\/www.grupomedcof.com.br\/blog\/ministerio-da-saude-divulga-integracao-dos-programas-mais-medicos-e-medicos-pelo-brasil\/"},"wordCount":690,"commentCount":0,"publisher":{"@id":"https:\/\/www.grupomedcof.com.br\/blog\/#organization"},"image":{"@id":"https:\/\/www.grupomedcof.com.br\/blog\/ministerio-da-saude-divulga-integracao-dos-programas-mais-medicos-e-medicos-pelo-brasil\/#primaryimage"},"thumbnailUrl":"https:\/\/www.grupomedcof.com.br\/blog\/wp-content\/uploads\/2024\/11\/Blog-MedCof-15-scaled.jpg","keywords":["Mais M\u00e9dicos","M\u00e9dicos pelo Brasil","Minist\u00e9rio da Sa\u00fade","SUS"],"articleSection":["Novidades"],"inLanguage":"pt-BR"},{"@type":"WebPage","@id":"https:\/\/www.grupomedcof.com.br\/blog\/ministerio-da-saude-divulga-integracao-dos-programas-mais-medicos-e-medicos-pelo-brasil\/","url":"https:\/\/www.grupomedcof.com.br\/blog\/ministerio-da-saude-divulga-integracao-dos-programas-mais-medicos-e-medicos-pelo-brasil\/","name":"Integra\u00e7\u00e3o dos Programas Mais M\u00e9dicos e M\u00e9dicos pelo Brasil | MedCof","isPartOf":{"@id":"https:\/\/www.grupomedcof.com.br\/blog\/#website"},"primaryImageOfPage":{"@id":"https:\/\/www.grupomedcof.com.br\/blog\/ministerio-da-saude-divulga-integracao-dos-programas-mais-medicos-e-medicos-pelo-brasil\/#primaryimage"},"image":{"@id":"https:\/\/www.grupomedcof.com.br\/blog\/ministerio-da-saude-divulga-integracao-dos-programas-mais-medicos-e-medicos-pelo-brasil\/#primaryimage"},"thumbnailUrl":"https:\/\/www.grupomedcof.com.br\/blog\/wp-content\/uploads\/2024\/11\/Blog-MedCof-15-scaled.jpg","datePublished":"2024-11-27T13:41:10+00:00","dateModified":"2026-04-24T15:00:35+00:00","description":"A ministra de sa\u00fade, N\u00edsia Trindade, divulgou a integra\u00e7\u00e3o entre os programas \u201cMais M\u00e9dicos\u201d e \u201cM\u00e9dicos pelo Brasil\u201d. Confira os detalhes!","breadcrumb":{"@id":"https:\/\/www.grupomedcof.com.br\/blog\/ministerio-da-saude-divulga-integracao-dos-programas-mais-medicos-e-medicos-pelo-brasil\/#breadcrumb"},"inLanguage":"pt-BR","potentialAction":[{"@type":"ReadAction","target":["https:\/\/www.grupomedcof.com.br\/blog\/ministerio-da-saude-divulga-integracao-dos-programas-mais-medicos-e-medicos-pelo-brasil\/"]}]},{"@type":"ImageObject","inLanguage":"pt-BR","@id":"https:\/\/www.grupomedcof.com.br\/blog\/ministerio-da-saude-divulga-integracao-dos-programas-mais-medicos-e-medicos-pelo-brasil\/#primaryimage","url":"https:\/\/www.grupomedcof.com.br\/blog\/wp-content\/uploads\/2024\/11\/Blog-MedCof-15-scaled.jpg","contentUrl":"https:\/\/www.grupomedcof.com.br\/blog\/wp-content\/uploads\/2024\/11\/Blog-MedCof-15-scaled.jpg","width":2560,"height":1440},{"@type":"BreadcrumbList","@id":"https:\/\/www.grupomedcof.com.br\/blog\/ministerio-da-saude-divulga-integracao-dos-programas-mais-medicos-e-medicos-pelo-brasil\/#breadcrumb","itemListElement":[{"@type":"ListItem","position":1,"name":"In\u00edcio","item":"https:\/\/www.grupomedcof.com.br\/blog\/"},{"@type":"ListItem","position":2,"name":"Minist\u00e9rio da Sa\u00fade divulga integra\u00e7\u00e3o dos programas Mais M\u00e9dicos e M\u00e9dicos pelo Brasil"}]},{"@type":"WebSite","@id":"https:\/\/www.grupomedcof.com.br\/blog\/#website","url":"https:\/\/www.grupomedcof.com.br\/blog\/","name":"Blog de Medcof: conte\u00fados, editais, revalida e mais!","description":"Acesso o blog de MedCof! Seu portal de conte\u00fados sobre resid\u00eancia m\u00e9dica, an\u00e1lise e editais e muito mais. Clique e confira!","publisher":{"@id":"https:\/\/www.grupomedcof.com.br\/blog\/#organization"},"alternateName":"Blog de Medcof: conte\u00fados, editais, revalida e mais!","potentialAction":[{"@type":"SearchAction","target":{"@type":"EntryPoint","urlTemplate":"https:\/\/www.grupomedcof.com.br\/blog\/?s={search_term_string}"},"query-input":{"@type":"PropertyValueSpecification","valueRequired":true,"valueName":"search_term_string"}}],"inLanguage":"pt-BR"},{"@type":"Organization","@id":"https:\/\/www.grupomedcof.com.br\/blog\/#organization","name":"Grupo MedCof","url":"https:\/\/www.grupomedcof.com.br\/blog\/","logo":{"@type":"ImageObject","inLanguage":"pt-BR","@id":"https:\/\/www.grupomedcof.com.br\/blog\/#\/schema\/logo\/image\/","url":"https:\/\/www.grupomedcof.com.br\/blog\/wp-content\/uploads\/2022\/01\/logo-medcof.png","contentUrl":"https:\/\/www.grupomedcof.com.br\/blog\/wp-content\/uploads\/2022\/01\/logo-medcof.png","width":768,"height":269,"caption":"Grupo MedCof"},"image":{"@id":"https:\/\/www.grupomedcof.com.br\/blog\/#\/schema\/logo\/image\/"},"sameAs":["https:\/\/www.facebook.com\/MedCofQbank\/","https:\/\/www.instagram.com\/grupomedcof\/","https:\/\/br.linkedin.com\/company\/medcof","https:\/\/www.youtube.com\/channel\/UCdHMuOHKICxcHwecxN8P-AA"]},{"@type":"Person","@id":"https:\/\/www.grupomedcof.com.br\/blog\/#\/schema\/person\/9a44c2184a836bf5ae6967fdb3a1451e","name":"Leila Menzel","image":{"@type":"ImageObject","inLanguage":"pt-BR","@id":"https:\/\/www.grupomedcof.com.br\/blog\/wp-content\/uploads\/2025\/09\/cropped-eu-96x96.jpeg19a74936d997c0a8b3031618467fa1d0","url":"https:\/\/www.grupomedcof.com.br\/blog\/wp-content\/uploads\/2025\/09\/cropped-eu-96x96.jpeg","contentUrl":"https:\/\/www.grupomedcof.com.br\/blog\/wp-content\/uploads\/2025\/09\/cropped-eu-96x96.jpeg","caption":"Leila Menzel"},"description":"Estudante do 6\u00b0 semestre de jornalismo, amo e escrevo poesias e viajo em livros de romances clich\u00eas.","url":"https:\/\/www.grupomedcof.com.br\/blog\/author\/leila-menzel\/"}]}},"authors":[{"term_id":3616,"user_id":20,"is_guest":0,"slug":"leila-menzel","display_name":"Leila Menzel","avatar_url":"https:\/\/www.grupomedcof.com.br\/blog\/wp-content\/uploads\/2025\/09\/cropped-eu-96x96.jpeg","0":null,"1":"","2":"","3":"","4":"","5":"","6":"","7":"","8":""}],"_links":{"self":[{"href":"https:\/\/www.grupomedcof.com.br\/blog\/wp-json\/wp\/v2\/posts\/31923","targetHints":{"allow":["GET"]}}],"collection":[{"href":"https:\/\/www.grupomedcof.com.br\/blog\/wp-json\/wp\/v2\/posts"}],"about":[{"href":"https:\/\/www.grupomedcof.com.br\/blog\/wp-json\/wp\/v2\/types\/post"}],"author":[{"embeddable":true,"href":"https:\/\/www.grupomedcof.com.br\/blog\/wp-json\/wp\/v2\/users\/20"}],"replies":[{"embeddable":true,"href":"https:\/\/www.grupomedcof.com.br\/blog\/wp-json\/wp\/v2\/comments?post=31923"}],"version-history":[{"count":1,"href":"https:\/\/www.grupomedcof.com.br\/blog\/wp-json\/wp\/v2\/posts\/31923\/revisions"}],"predecessor-version":[{"id":43361,"href":"https:\/\/www.grupomedcof.com.br\/blog\/wp-json\/wp\/v2\/posts\/31923\/revisions\/43361"}],"wp:featuredmedia":[{"embeddable":true,"href":"https:\/\/www.grupomedcof.com.br\/blog\/wp-json\/wp\/v2\/media\/31926"}],"wp:attachment":[{"href":"https:\/\/www.grupomedcof.com.br\/blog\/wp-json\/wp\/v2\/media?parent=31923"}],"wp:term":[{"taxonomy":"category","embeddable":true,"href":"https:\/\/www.grupomedcof.com.br\/blog\/wp-json\/wp\/v2\/categories?post=31923"},{"taxonomy":"post_tag","embeddable":true,"href":"https:\/\/www.grupomedcof.com.br\/blog\/wp-json\/wp\/v2\/tags?post=31923"},{"taxonomy":"author","embeddable":true,"href":"https:\/\/www.grupomedcof.com.br\/blog\/wp-json\/wp\/v2\/ppma_author?post=31923"}],"curies":[{"name":"wp","href":"https:\/\/api.w.org\/{rel}","templated":true}]}}