{"id":31992,"date":"2024-11-29T11:42:00","date_gmt":"2024-11-29T14:42:00","guid":{"rendered":"https:\/\/www.grupomedcof.com.br\/blog\/?p=31992"},"modified":"2024-11-29T11:42:09","modified_gmt":"2024-11-29T14:42:09","slug":"dicas-para-residencia-em-cirurgia-quais-sao-as-indicacoes-cirurgicas-para-doenca-coronariana","status":"publish","type":"post","link":"https:\/\/www.grupomedcof.com.br\/blog\/dicas-para-residencia-em-cirurgia-quais-sao-as-indicacoes-cirurgicas-para-doenca-coronariana\/","title":{"rendered":"Dicas para resid\u00eancia em Cirurgia: Quais s\u00e3o as indica\u00e7\u00f5es Cir\u00fargicas para Doen\u00e7a Coronariana"},"content":{"rendered":"<div id=\"ez-toc-container\" class=\"ez-toc-v2_0_74 counter-hierarchy ez-toc-counter ez-toc-transparent ez-toc-container-direction\">\n<div class=\"ez-toc-title-container\">\n<p class=\"ez-toc-title\" style=\"cursor:inherit\">Sum\u00e1rio<\/p>\n<span class=\"ez-toc-title-toggle\"><a href=\"#\" class=\"ez-toc-pull-right ez-toc-btn ez-toc-btn-xs ez-toc-btn-default ez-toc-toggle\" aria-label=\"Alternar tabela de conte\u00fado\"><span class=\"ez-toc-js-icon-con\"><span class=\"\"><span class=\"eztoc-hide\" style=\"display:none;\">Toggle<\/span><span class=\"ez-toc-icon-toggle-span\"><svg style=\"fill: #999;color:#999\" xmlns=\"http:\/\/www.w3.org\/2000\/svg\" class=\"list-377408\" width=\"20px\" height=\"20px\" viewBox=\"0 0 24 24\" fill=\"none\"><path d=\"M6 6H4v2h2V6zm14 0H8v2h12V6zM4 11h2v2H4v-2zm16 0H8v2h12v-2zM4 16h2v2H4v-2zm16 0H8v2h12v-2z\" fill=\"currentColor\"><\/path><\/svg><svg style=\"fill: #999;color:#999\" class=\"arrow-unsorted-368013\" xmlns=\"http:\/\/www.w3.org\/2000\/svg\" width=\"10px\" height=\"10px\" viewBox=\"0 0 24 24\" version=\"1.2\" baseProfile=\"tiny\"><path d=\"M18.2 9.3l-6.2-6.3-6.2 6.3c-.2.2-.3.4-.3.7s.1.5.3.7c.2.2.4.3.7.3h11c.3 0 .5-.1.7-.3.2-.2.3-.5.3-.7s-.1-.5-.3-.7zM5.8 14.7l6.2 6.3 6.2-6.3c.2-.2.3-.5.3-.7s-.1-.5-.3-.7c-.2-.2-.4-.3-.7-.3h-11c-.3 0-.5.1-.7.3-.2.2-.3.5-.3.7s.1.5.3.7z\"\/><\/svg><\/span><\/span><\/span><\/a><\/span><\/div>\n<nav><ul class='ez-toc-list ez-toc-list-level-1 ' ><li class='ez-toc-page-1 ez-toc-heading-level-2'><a class=\"ez-toc-link ez-toc-heading-1\" href=\"https:\/\/www.grupomedcof.com.br\/blog\/dicas-para-residencia-em-cirurgia-quais-sao-as-indicacoes-cirurgicas-para-doenca-coronariana\/#Contextualizando\" >Contextualizando\u00a0<\/a><ul class='ez-toc-list-level-3' ><li class='ez-toc-heading-level-3'><a class=\"ez-toc-link ez-toc-heading-2\" href=\"https:\/\/www.grupomedcof.com.br\/blog\/dicas-para-residencia-em-cirurgia-quais-sao-as-indicacoes-cirurgicas-para-doenca-coronariana\/#Avaliacao_anatomica_e_funcional\" >Avalia\u00e7\u00e3o anat\u00f4mica e funcional\u00a0<\/a><\/li><li class='ez-toc-page-1 ez-toc-heading-level-3'><a class=\"ez-toc-link ez-toc-heading-3\" href=\"https:\/\/www.grupomedcof.com.br\/blog\/dicas-para-residencia-em-cirurgia-quais-sao-as-indicacoes-cirurgicas-para-doenca-coronariana\/#Diagnostico_diferencial\" >Diagn\u00f3stico diferencial\u00a0<\/a><\/li><\/ul><\/li><li class='ez-toc-page-1 ez-toc-heading-level-2'><a class=\"ez-toc-link ez-toc-heading-4\" href=\"https:\/\/www.grupomedcof.com.br\/blog\/dicas-para-residencia-em-cirurgia-quais-sao-as-indicacoes-cirurgicas-para-doenca-coronariana\/#Indicacoes_Cirurgicas\" >Indica\u00e7\u00f5es Cir\u00fargicas\u00a0<\/a><ul class='ez-toc-list-level-3' ><li class='ez-toc-heading-level-3'><a class=\"ez-toc-link ez-toc-heading-5\" href=\"https:\/\/www.grupomedcof.com.br\/blog\/dicas-para-residencia-em-cirurgia-quais-sao-as-indicacoes-cirurgicas-para-doenca-coronariana\/#Objetivos_a_serem_seguidos\" >Objetivos a serem seguidos<\/a><\/li><li class='ez-toc-page-1 ez-toc-heading-level-3'><a class=\"ez-toc-link ez-toc-heading-6\" href=\"https:\/\/www.grupomedcof.com.br\/blog\/dicas-para-residencia-em-cirurgia-quais-sao-as-indicacoes-cirurgicas-para-doenca-coronariana\/#Condicoes_do_paciente\" >Condi\u00e7\u00f5es do paciente<\/a><\/li><li class='ez-toc-page-1 ez-toc-heading-level-3'><a class=\"ez-toc-link ez-toc-heading-7\" href=\"https:\/\/www.grupomedcof.com.br\/blog\/dicas-para-residencia-em-cirurgia-quais-sao-as-indicacoes-cirurgicas-para-doenca-coronariana\/#Doencas_associadas\" >Doen\u00e7as associadas\u00a0<\/a><\/li><\/ul><\/li><li class='ez-toc-page-1 ez-toc-heading-level-2'><a class=\"ez-toc-link ez-toc-heading-8\" href=\"https:\/\/www.grupomedcof.com.br\/blog\/dicas-para-residencia-em-cirurgia-quais-sao-as-indicacoes-cirurgicas-para-doenca-coronariana\/#Mas_qual_a_diferenca_entre_a_cirurgia_e_a_ICP_intervencao_coronariana_percutanea\" >Mas qual a diferen\u00e7a entre a cirurgia e a ICP (interven\u00e7\u00e3o coronariana percut\u00e2nea)?<\/a><\/li><li class='ez-toc-page-1 ez-toc-heading-level-2'><a class=\"ez-toc-link ez-toc-heading-9\" href=\"https:\/\/www.grupomedcof.com.br\/blog\/dicas-para-residencia-em-cirurgia-quais-sao-as-indicacoes-cirurgicas-para-doenca-coronariana\/#O_metodo_que_te_aprova\" >O m\u00e9todo que te aprova!<\/a><\/li><\/ul><\/nav><\/div>\n\n<figure class=\"wp-block-image size-large\"><img loading=\"lazy\" decoding=\"async\" width=\"1024\" height=\"576\" src=\"https:\/\/www.grupomedcof.com.br\/blog\/wp-content\/uploads\/2024\/11\/Blog-MedCof-16-1024x576.jpg\" alt=\"\" class=\"wp-image-31994\" srcset=\"https:\/\/www.grupomedcof.com.br\/blog\/wp-content\/uploads\/2024\/11\/Blog-MedCof-16-1024x576.jpg 1024w, https:\/\/www.grupomedcof.com.br\/blog\/wp-content\/uploads\/2024\/11\/Blog-MedCof-16-300x169.jpg 300w, https:\/\/www.grupomedcof.com.br\/blog\/wp-content\/uploads\/2024\/11\/Blog-MedCof-16-768x432.jpg 768w, https:\/\/www.grupomedcof.com.br\/blog\/wp-content\/uploads\/2024\/11\/Blog-MedCof-16-1536x864.jpg 1536w, https:\/\/www.grupomedcof.com.br\/blog\/wp-content\/uploads\/2024\/11\/Blog-MedCof-16-2048x1152.jpg 2048w, https:\/\/www.grupomedcof.com.br\/blog\/wp-content\/uploads\/2024\/11\/Blog-MedCof-16-747x420.jpg 747w, https:\/\/www.grupomedcof.com.br\/blog\/wp-content\/uploads\/2024\/11\/Blog-MedCof-16-150x84.jpg 150w, https:\/\/www.grupomedcof.com.br\/blog\/wp-content\/uploads\/2024\/11\/Blog-MedCof-16-696x392.jpg 696w, https:\/\/www.grupomedcof.com.br\/blog\/wp-content\/uploads\/2024\/11\/Blog-MedCof-16-1068x601.jpg 1068w, https:\/\/www.grupomedcof.com.br\/blog\/wp-content\/uploads\/2024\/11\/Blog-MedCof-16-1920x1080.jpg 1920w\" sizes=\"auto, (max-width: 1024px) 100vw, 1024px\" \/><\/figure>\n\n\n\n<h2 class=\"wp-block-heading\" id=\"h-contextualizando\"><span class=\"ez-toc-section\" id=\"Contextualizando\"><\/span><strong>Contextualizando\u00a0<\/strong><span class=\"ez-toc-section-end\"><\/span><\/h2>\n\n\n\n<p>A <strong>doen\u00e7a coronariana<\/strong> \u00e9 uma das <strong>doen\u00e7as cardiovasculares<\/strong> mais prevalentes no mundo com <strong>potencial de mortalidade.<\/strong> Ela est\u00e1 relacionada com desfecho composto de AVC n\u00e3o fatal, infarto n\u00e3o fatal e morte por causa cardiovascular.\u00a0<\/p>\n\n\n\n<h3 class=\"wp-block-heading\" id=\"h-avaliacao-anatomica-e-funcional\"><span class=\"ez-toc-section\" id=\"Avaliacao_anatomica_e_funcional\"><\/span><strong>Avalia\u00e7\u00e3o anat\u00f4mica e funcional\u00a0<\/strong><span class=\"ez-toc-section-end\"><\/span><\/h3>\n\n\n\n<p>Podemos utilizar PET-CT\/cintilografia para avaliar a localiza\u00e7\u00e3o do territ\u00f3rio isqu\u00eamico nas falhas de capta\u00e7\u00e3o e a estratifica\u00e7\u00e3o do risco (por isquemia significativa,&nbsp; caso afirmativo, usamos um exame mais invasivo \u27a1 cateterismo coronariano).&nbsp;<\/p>\n\n\n\n<p>Al\u00e9m disso,&nbsp; podemos recorrer a TC coron\u00e1ria para pacientes em diagn\u00f3stico de doen\u00e7a coronariana e que apresentam dor tor\u00e1cica t\u00edpica ou at\u00edpica ou que se considere poder representar um equivalente isqu\u00eamico. Ela \u00e9 usada na avalia\u00e7\u00e3o de pacientes p\u00f3s-cirurgia de revasculariza\u00e7\u00e3o do mioc\u00e1rdio ou ICP com presen\u00e7a de sintomas para avalia\u00e7\u00e3o da pat\u00eancia dos enxertos ou stents.&nbsp;<\/p>\n\n\n\n<p>O padr\u00e3o-ouro para o diagn\u00f3stico e para guiar as interven\u00e7\u00f5es \u00e9 o cateterismo coronariano. Por meio dele, avaliamos os pacientes com a doen\u00e7a coronariana e a persist\u00eancia de sintomas de dor tor\u00e1cica apesar do tratamento cl\u00ednico (incluindo o surgimento de sintomas de insufici\u00eancia card\u00edaca e disfun\u00e7\u00e3o ventricular).<\/p>\n\n\n\n<h3 class=\"wp-block-heading\" id=\"h-diagnostico-diferencial\"><span class=\"ez-toc-section\" id=\"Diagnostico_diferencial\"><\/span><strong>Diagn\u00f3stico diferencial\u00a0<\/strong><span class=\"ez-toc-section-end\"><\/span><\/h3>\n\n\n\n<p>Similar \u00e0 disfun\u00e7\u00e3o ventricular, a doen\u00e7a coronariana pode ser diferenciada por ECO (fra\u00e7\u00e3o de eje\u00e7\u00e3o &lt; 50%, com sintomas de insufici\u00eancia card\u00edaca ou n\u00e3o) e, ent\u00e3o, cateterismo.\u00a0<\/p>\n\n\n\n<h2 class=\"wp-block-heading\" id=\"h-indicacoes-cirurgicas\"><span class=\"ez-toc-section\" id=\"Indicacoes_Cirurgicas\"><\/span><strong>Indica\u00e7\u00f5es Cir\u00fargicas\u00a0<\/strong><span class=\"ez-toc-section-end\"><\/span><\/h2>\n\n\n\n<h3 class=\"wp-block-heading\" id=\"h-objetivos-a-serem-seguidos\"><span class=\"ez-toc-section\" id=\"Objetivos_a_serem_seguidos\"><\/span><strong>Objetivos a serem seguidos<\/strong><span class=\"ez-toc-section-end\"><\/span><\/h3>\n\n\n\n<p>A interven\u00e7\u00e3o cir\u00fargica deve sempre ser focada em melhorar os sintomas, prevenir danos eventuais e melhorar a condi\u00e7\u00e3o de sobrevida, por isso a import\u00e2ncia dos exames diagn\u00f3sticos da condi\u00e7\u00e3o atual do paciente.\u00a0<\/p>\n\n\n\n<h3 class=\"wp-block-heading\" id=\"h-condicoes-do-paciente\"><span class=\"ez-toc-section\" id=\"Condicoes_do_paciente\"><\/span><strong>Condi\u00e7\u00f5es do paciente<\/strong><span class=\"ez-toc-section-end\"><\/span><\/h3>\n\n\n\n<p>A interven\u00e7\u00e3o cir\u00fargica \u00e9 primordial nos casos de:&nbsp;<\/p>\n\n\n\n<ul class=\"wp-block-list\">\n<li>Les\u00e3o de tronco da coron\u00e1ria esquerda >\u00a0 50%<\/li>\n\n\n\n<li>Les\u00e3o proximal da art\u00e9ria descendente anterior > 50%<\/li>\n\n\n\n<li>2 ou 3 casos com estenose > 50% associada a disfun\u00e7\u00e3o ventricular (&lt;35%) e com \u00e1rea de isquemia extensa (>10%)\u00a0<\/li>\n\n\n\n<li>Art\u00e9ria coron\u00e1ria derradeira com estenose > 50%<\/li>\n\n\n\n<li>Estenose coron\u00e1ria significativa na presen\u00e7a de angina limitante ou equivalente ansioso refrat\u00e1rio ao tratamento cl\u00ednico.\u00a0<\/li>\n<\/ul>\n\n\n\n<h3 class=\"wp-block-heading\" id=\"h-doencas-associadas\"><span class=\"ez-toc-section\" id=\"Doencas_associadas\"><\/span><strong>Doen\u00e7as associadas\u00a0<\/strong><span class=\"ez-toc-section-end\"><\/span><\/h3>\n\n\n\n<ul class=\"wp-block-list\">\n<li>Doen\u00e7a coronariana multiarterial (SYNTAX > 33 ou presen\u00e7a de Diabetes Mellitus)<\/li>\n\n\n\n<li>Doen\u00e7a coronariana associada a disfun\u00e7\u00e3o ventricular (FE &lt; 35%)<\/li>\n\n\n\n<li>Cirurgia card\u00edaca por causas diversas ( como cirurgia valvar com presen\u00e7a de doen\u00e7a coronariana).<\/li>\n<\/ul>\n\n\n\n<h2 class=\"wp-block-heading\" id=\"h-mas-qual-a-diferenca-entre-a-cirurgia-e-a-icp-intervencao-coronariana-percutanea\"><span class=\"ez-toc-section\" id=\"Mas_qual_a_diferenca_entre_a_cirurgia_e_a_ICP_intervencao_coronariana_percutanea\"><\/span><strong>Mas qual a diferen\u00e7a entre a cirurgia e a ICP (interven\u00e7\u00e3o coronariana percut\u00e2nea)?<\/strong><span class=\"ez-toc-section-end\"><\/span><\/h2>\n\n\n\n<p>A cirurgia restaura o fluxo distalmente \u00e0s les\u00f5es proximais e protege contra eventos isqu\u00eamicos futuros. J\u00e1 a ICP trata o segmento coronariano onde o stent \u00e9 implantado, ocasionando uma maior taxa de infarto e necessidade de reinterven\u00e7\u00e3o.<\/p>\n\n\n\n<figure class=\"wp-block-image\"><img decoding=\"async\" src=\"https:\/\/lh7-rt.googleusercontent.com\/docsz\/AD_4nXejb2rkkzsDBJO68asn_CkUWsA5oaCIGr-JHM0mJ9PzJvG_UzcY1hH8dxDU5skiXRufdpKnw5P2dRDIy24uCPLmNdlksbSxl7ROc2kEiRQrkRF04R5sOz5HF65Uk-xEaT_VIe8mGw?key=B-Bs03tkey188s7tntQzJv2_\" alt=\"\"\/><figcaption class=\"wp-element-caption\">Fonte: Acervo de Aulas do Grupo MedCof.<\/figcaption><\/figure>\n\n\n\n<p>Falando diretamente da angioplastia, lembramos que ela trata o segmento com les\u00e3o obstrutiva, mas n\u00e3o as les\u00f5es que limitam o fluxo. Por isso a indica\u00e7\u00e3o da interven\u00e7\u00e3o cir\u00fargica na preven\u00e7\u00e3o da colateriza\u00e7\u00e3o (eventos isqu\u00eamicos futuros).&nbsp;&nbsp;<\/p>\n\n\n\n<h2 class=\"wp-block-heading\" id=\"o-m\u00e9todo-que-te-aprova\"><span class=\"ez-toc-section\" id=\"O_metodo_que_te_aprova\"><\/span><strong>O m\u00e9todo que te aprova!<\/strong><span class=\"ez-toc-section-end\"><\/span><\/h2>\n\n\n\n<p>Quer alcan\u00e7ar a aprova\u00e7\u00e3o nas provas de resid\u00eancia m\u00e9dica? Ent\u00e3o seja um&nbsp;<a href=\"https:\/\/www.grupomedcof.com.br\/home\/\" target=\"_blank\" rel=\"noreferrer noopener\">MedCoffer<\/a>! Aqui te ajudaremos na busca da aprova\u00e7\u00e3o com conte\u00fados de qualidade e uma&nbsp;<a href=\"https:\/\/www.grupomedcof.com.br\/blog\/presenca-da-medcof-nas-aprovacoes-em-residencia-medica-no-brasil\/\" target=\"_blank\" rel=\"noreferrer noopener\">metodologia que j\u00e1 aprovou mais de 10 mil residentes no pa\u00eds!&nbsp;<\/a>Por fim, acesse o nosso<a href=\"https:\/\/www.youtube.com\/@GrupoMedcof\/featured\" target=\"_blank\" rel=\"noreferrer noopener\">&nbsp;<strong>canal do youtube&nbsp;<\/strong><\/a>para ver o nosso material.<\/p>\n\n\n\n<figure class=\"wp-block-embed is-type-video is-provider-youtube wp-block-embed-youtube wp-embed-aspect-16-9 wp-has-aspect-ratio\"><div class=\"wp-block-embed__wrapper\">\n<div class=\"youtube-embed\" data-video_id=\"mlaCwI2tYr4\"><iframe loading=\"lazy\" title=\"Coronariopatia Cr\u00f4nica: Entenda os Sintomas e Tratamentos. Com Dra. J\u00falia Tormim\" width=\"696\" height=\"392\" src=\"https:\/\/www.youtube.com\/embed\/mlaCwI2tYr4?feature=oembed&#038;enablejsapi=1\" frameborder=\"0\" allow=\"accelerometer; autoplay; clipboard-write; encrypted-media; gyroscope; picture-in-picture; web-share\" referrerpolicy=\"strict-origin-when-cross-origin\" allowfullscreen><\/iframe><\/div>\n<\/div><\/figure>\n","protected":false},"excerpt":{"rendered":"<p>A doen\u00e7a coronariana \u00e9 uma das doen\u00e7as cardiovasculares mais prevalentes no mundo com potencial de mortalidade. Entenda!<\/p>\n","protected":false},"author":21,"featured_media":31994,"comment_status":"open","ping_status":"open","sticky":false,"template":"","format":"standard","meta":{"footnotes":""},"categories":[211],"tags":[2327,2326,2328],"ppma_author":[3617],"class_list":{"0":"post-31992","1":"post","2":"type-post","3":"status-publish","4":"format-standard","5":"has-post-thumbnail","7":"category-cardiologia","8":"tag-doencas-cardiovasculares","9":"tag-indicacoes-cirurgicas-doenca-coronariana","10":"tag-intervencao-cirurgica"},"yoast_head":"<!-- This site is optimized with the Yoast SEO Premium plugin v24.3 (Yoast SEO v27.4) - https:\/\/yoast.com\/product\/yoast-seo-premium-wordpress\/ -->\n<title>Dicas para resid\u00eancia em Cirurgia: Quais s\u00e3o as indica\u00e7\u00f5es Cir\u00fargicas para Doen\u00e7a Coronariana - Blog de Medcof: conte\u00fados, editais, revalida e mais!<\/title>\n<meta name=\"description\" content=\"A doen\u00e7a coronariana \u00e9 uma das doen\u00e7as cardiovasculares mais prevalentes no mundo com potencial de mortalidade. Entenda!\" \/>\n<meta name=\"robots\" content=\"index, follow, max-snippet:-1, max-image-preview:large, max-video-preview:-1\" \/>\n<link rel=\"canonical\" href=\"https:\/\/www.grupomedcof.com.br\/blog\/dicas-para-residencia-em-cirurgia-quais-sao-as-indicacoes-cirurgicas-para-doenca-coronariana\/\" \/>\n<meta property=\"og:locale\" content=\"pt_BR\" \/>\n<meta property=\"og:type\" content=\"article\" \/>\n<meta property=\"og:title\" content=\"Dicas para resid\u00eancia em Cirurgia: Quais s\u00e3o as indica\u00e7\u00f5es Cir\u00fargicas para Doen\u00e7a Coronariana\" \/>\n<meta property=\"og:description\" content=\"A doen\u00e7a coronariana \u00e9 uma das doen\u00e7as cardiovasculares mais prevalentes no mundo com potencial de mortalidade. Entenda!\" \/>\n<meta property=\"og:url\" content=\"https:\/\/www.grupomedcof.com.br\/blog\/dicas-para-residencia-em-cirurgia-quais-sao-as-indicacoes-cirurgicas-para-doenca-coronariana\/\" \/>\n<meta property=\"og:site_name\" content=\"Blog de Medcof: conte\u00fados, editais, revalida e mais!\" \/>\n<meta property=\"article:publisher\" content=\"https:\/\/www.facebook.com\/MedCofQbank\/\" \/>\n<meta property=\"article:published_time\" content=\"2024-11-29T14:42:00+00:00\" \/>\n<meta property=\"article:modified_time\" content=\"2024-11-29T14:42:09+00:00\" \/>\n<meta property=\"og:image\" content=\"https:\/\/www.grupomedcof.com.br\/blog\/wp-content\/uploads\/2024\/11\/Blog-MedCof-16-scaled.jpg\" \/>\n\t<meta property=\"og:image:width\" content=\"2560\" \/>\n\t<meta property=\"og:image:height\" content=\"1440\" \/>\n\t<meta property=\"og:image:type\" content=\"image\/jpeg\" \/>\n<meta name=\"author\" content=\"Kiara Adelino\" \/>\n<meta name=\"twitter:card\" content=\"summary_large_image\" \/>\n<meta name=\"twitter:label1\" content=\"Escrito por\" \/>\n\t<meta name=\"twitter:data1\" content=\"Kiara Adelino\" \/>\n\t<meta name=\"twitter:label2\" content=\"Est. tempo de leitura\" \/>\n\t<meta name=\"twitter:data2\" content=\"4 minutos\" \/>\n<script type=\"application\/ld+json\" class=\"yoast-schema-graph\">{\"@context\":\"https:\\\/\\\/schema.org\",\"@graph\":[{\"@type\":\"Article\",\"@id\":\"https:\\\/\\\/www.grupomedcof.com.br\\\/blog\\\/dicas-para-residencia-em-cirurgia-quais-sao-as-indicacoes-cirurgicas-para-doenca-coronariana\\\/#article\",\"isPartOf\":{\"@id\":\"https:\\\/\\\/www.grupomedcof.com.br\\\/blog\\\/dicas-para-residencia-em-cirurgia-quais-sao-as-indicacoes-cirurgicas-para-doenca-coronariana\\\/\"},\"author\":{\"name\":\"Kiara Adelino\",\"@id\":\"https:\\\/\\\/www.grupomedcof.com.br\\\/blog\\\/#\\\/schema\\\/person\\\/db19a651f86c5fc202d6eee744fd3292\"},\"headline\":\"Dicas para resid\u00eancia em Cirurgia: Quais s\u00e3o as indica\u00e7\u00f5es Cir\u00fargicas para Doen\u00e7a Coronariana\",\"datePublished\":\"2024-11-29T14:42:00+00:00\",\"dateModified\":\"2024-11-29T14:42:09+00:00\",\"mainEntityOfPage\":{\"@id\":\"https:\\\/\\\/www.grupomedcof.com.br\\\/blog\\\/dicas-para-residencia-em-cirurgia-quais-sao-as-indicacoes-cirurgicas-para-doenca-coronariana\\\/\"},\"wordCount\":608,\"commentCount\":0,\"publisher\":{\"@id\":\"https:\\\/\\\/www.grupomedcof.com.br\\\/blog\\\/#organization\"},\"image\":{\"@id\":\"https:\\\/\\\/www.grupomedcof.com.br\\\/blog\\\/dicas-para-residencia-em-cirurgia-quais-sao-as-indicacoes-cirurgicas-para-doenca-coronariana\\\/#primaryimage\"},\"thumbnailUrl\":\"https:\\\/\\\/www.grupomedcof.com.br\\\/blog\\\/wp-content\\\/uploads\\\/2024\\\/11\\\/Blog-MedCof-16-scaled.jpg\",\"keywords\":[\"Doen\u00e7as Cardiovasculares\",\"Indica\u00e7\u00f5es Cir\u00fargicas Doen\u00e7a Coronariana\",\"Interven\u00e7\u00e3o Cir\u00fargica\"],\"articleSection\":[\"Cardiologia\"],\"inLanguage\":\"pt-BR\"},{\"@type\":\"WebPage\",\"@id\":\"https:\\\/\\\/www.grupomedcof.com.br\\\/blog\\\/dicas-para-residencia-em-cirurgia-quais-sao-as-indicacoes-cirurgicas-para-doenca-coronariana\\\/\",\"url\":\"https:\\\/\\\/www.grupomedcof.com.br\\\/blog\\\/dicas-para-residencia-em-cirurgia-quais-sao-as-indicacoes-cirurgicas-para-doenca-coronariana\\\/\",\"name\":\"Dicas para resid\u00eancia em Cirurgia: Quais s\u00e3o as indica\u00e7\u00f5es Cir\u00fargicas para Doen\u00e7a Coronariana - Blog de Medcof: conte\u00fados, editais, revalida e mais!\",\"isPartOf\":{\"@id\":\"https:\\\/\\\/www.grupomedcof.com.br\\\/blog\\\/#website\"},\"primaryImageOfPage\":{\"@id\":\"https:\\\/\\\/www.grupomedcof.com.br\\\/blog\\\/dicas-para-residencia-em-cirurgia-quais-sao-as-indicacoes-cirurgicas-para-doenca-coronariana\\\/#primaryimage\"},\"image\":{\"@id\":\"https:\\\/\\\/www.grupomedcof.com.br\\\/blog\\\/dicas-para-residencia-em-cirurgia-quais-sao-as-indicacoes-cirurgicas-para-doenca-coronariana\\\/#primaryimage\"},\"thumbnailUrl\":\"https:\\\/\\\/www.grupomedcof.com.br\\\/blog\\\/wp-content\\\/uploads\\\/2024\\\/11\\\/Blog-MedCof-16-scaled.jpg\",\"datePublished\":\"2024-11-29T14:42:00+00:00\",\"dateModified\":\"2024-11-29T14:42:09+00:00\",\"description\":\"A doen\u00e7a coronariana \u00e9 uma das doen\u00e7as cardiovasculares mais prevalentes no mundo com potencial de mortalidade. Entenda!\",\"breadcrumb\":{\"@id\":\"https:\\\/\\\/www.grupomedcof.com.br\\\/blog\\\/dicas-para-residencia-em-cirurgia-quais-sao-as-indicacoes-cirurgicas-para-doenca-coronariana\\\/#breadcrumb\"},\"inLanguage\":\"pt-BR\",\"potentialAction\":[{\"@type\":\"ReadAction\",\"target\":[\"https:\\\/\\\/www.grupomedcof.com.br\\\/blog\\\/dicas-para-residencia-em-cirurgia-quais-sao-as-indicacoes-cirurgicas-para-doenca-coronariana\\\/\"]}]},{\"@type\":\"ImageObject\",\"inLanguage\":\"pt-BR\",\"@id\":\"https:\\\/\\\/www.grupomedcof.com.br\\\/blog\\\/dicas-para-residencia-em-cirurgia-quais-sao-as-indicacoes-cirurgicas-para-doenca-coronariana\\\/#primaryimage\",\"url\":\"https:\\\/\\\/www.grupomedcof.com.br\\\/blog\\\/wp-content\\\/uploads\\\/2024\\\/11\\\/Blog-MedCof-16-scaled.jpg\",\"contentUrl\":\"https:\\\/\\\/www.grupomedcof.com.br\\\/blog\\\/wp-content\\\/uploads\\\/2024\\\/11\\\/Blog-MedCof-16-scaled.jpg\",\"width\":2560,\"height\":1440},{\"@type\":\"BreadcrumbList\",\"@id\":\"https:\\\/\\\/www.grupomedcof.com.br\\\/blog\\\/dicas-para-residencia-em-cirurgia-quais-sao-as-indicacoes-cirurgicas-para-doenca-coronariana\\\/#breadcrumb\",\"itemListElement\":[{\"@type\":\"ListItem\",\"position\":1,\"name\":\"In\u00edcio\",\"item\":\"https:\\\/\\\/www.grupomedcof.com.br\\\/blog\\\/\"},{\"@type\":\"ListItem\",\"position\":2,\"name\":\"Dicas para resid\u00eancia em Cirurgia: Quais s\u00e3o as indica\u00e7\u00f5es Cir\u00fargicas para Doen\u00e7a Coronariana\"}]},{\"@type\":\"WebSite\",\"@id\":\"https:\\\/\\\/www.grupomedcof.com.br\\\/blog\\\/#website\",\"url\":\"https:\\\/\\\/www.grupomedcof.com.br\\\/blog\\\/\",\"name\":\"Blog de Medcof: conte\u00fados, editais, revalida e mais!\",\"description\":\"Acesso o blog de MedCof! Seu portal de conte\u00fados sobre resid\u00eancia m\u00e9dica, an\u00e1lise e editais e muito mais. Clique e confira!\",\"publisher\":{\"@id\":\"https:\\\/\\\/www.grupomedcof.com.br\\\/blog\\\/#organization\"},\"alternateName\":\"Blog de Medcof: conte\u00fados, editais, revalida e mais!\",\"potentialAction\":[{\"@type\":\"SearchAction\",\"target\":{\"@type\":\"EntryPoint\",\"urlTemplate\":\"https:\\\/\\\/www.grupomedcof.com.br\\\/blog\\\/?s={search_term_string}\"},\"query-input\":{\"@type\":\"PropertyValueSpecification\",\"valueRequired\":true,\"valueName\":\"search_term_string\"}}],\"inLanguage\":\"pt-BR\"},{\"@type\":\"Organization\",\"@id\":\"https:\\\/\\\/www.grupomedcof.com.br\\\/blog\\\/#organization\",\"name\":\"Grupo MedCof\",\"url\":\"https:\\\/\\\/www.grupomedcof.com.br\\\/blog\\\/\",\"logo\":{\"@type\":\"ImageObject\",\"inLanguage\":\"pt-BR\",\"@id\":\"https:\\\/\\\/www.grupomedcof.com.br\\\/blog\\\/#\\\/schema\\\/logo\\\/image\\\/\",\"url\":\"https:\\\/\\\/www.grupomedcof.com.br\\\/blog\\\/wp-content\\\/uploads\\\/2022\\\/01\\\/logo-medcof.png\",\"contentUrl\":\"https:\\\/\\\/www.grupomedcof.com.br\\\/blog\\\/wp-content\\\/uploads\\\/2022\\\/01\\\/logo-medcof.png\",\"width\":768,\"height\":269,\"caption\":\"Grupo MedCof\"},\"image\":{\"@id\":\"https:\\\/\\\/www.grupomedcof.com.br\\\/blog\\\/#\\\/schema\\\/logo\\\/image\\\/\"},\"sameAs\":[\"https:\\\/\\\/www.facebook.com\\\/MedCofQbank\\\/\",\"https:\\\/\\\/www.instagram.com\\\/grupomedcof\\\/\",\"https:\\\/\\\/br.linkedin.com\\\/company\\\/medcof\",\"https:\\\/\\\/www.youtube.com\\\/channel\\\/UCdHMuOHKICxcHwecxN8P-AA\"]},{\"@type\":\"Person\",\"@id\":\"https:\\\/\\\/www.grupomedcof.com.br\\\/blog\\\/#\\\/schema\\\/person\\\/db19a651f86c5fc202d6eee744fd3292\",\"name\":\"Kiara Adelino\",\"image\":{\"@type\":\"ImageObject\",\"inLanguage\":\"pt-BR\",\"@id\":\"https:\\\/\\\/www.grupomedcof.com.br\\\/blog\\\/wp-content\\\/uploads\\\/2024\\\/08\\\/cropped-Kiara-Adelino2-96x96.jpega85663bdda67261f8f06f86e555e1e49\",\"url\":\"https:\\\/\\\/www.grupomedcof.com.br\\\/blog\\\/wp-content\\\/uploads\\\/2024\\\/08\\\/cropped-Kiara-Adelino2-96x96.jpeg\",\"contentUrl\":\"https:\\\/\\\/www.grupomedcof.com.br\\\/blog\\\/wp-content\\\/uploads\\\/2024\\\/08\\\/cropped-Kiara-Adelino2-96x96.jpeg\",\"caption\":\"Kiara Adelino\"},\"description\":\"Estudante do 5\u00b0 semestre de Medicina. Gosto bastante de aprender coisas novas, principalmente na \u00e1rea de Neurologia e Anatomia humana.\",\"url\":\"https:\\\/\\\/www.grupomedcof.com.br\\\/blog\\\/author\\\/kiara-adelino\\\/\"}]}<\/script>\n<!-- \/ Yoast SEO Premium plugin. -->","yoast_head_json":{"title":"Dicas para resid\u00eancia em Cirurgia: Quais s\u00e3o as indica\u00e7\u00f5es Cir\u00fargicas para Doen\u00e7a Coronariana - Blog de Medcof: conte\u00fados, editais, revalida e mais!","description":"A doen\u00e7a coronariana \u00e9 uma das doen\u00e7as cardiovasculares mais prevalentes no mundo com potencial de mortalidade. Entenda!","robots":{"index":"index","follow":"follow","max-snippet":"max-snippet:-1","max-image-preview":"max-image-preview:large","max-video-preview":"max-video-preview:-1"},"canonical":"https:\/\/www.grupomedcof.com.br\/blog\/dicas-para-residencia-em-cirurgia-quais-sao-as-indicacoes-cirurgicas-para-doenca-coronariana\/","og_locale":"pt_BR","og_type":"article","og_title":"Dicas para resid\u00eancia em Cirurgia: Quais s\u00e3o as indica\u00e7\u00f5es Cir\u00fargicas para Doen\u00e7a Coronariana","og_description":"A doen\u00e7a coronariana \u00e9 uma das doen\u00e7as cardiovasculares mais prevalentes no mundo com potencial de mortalidade. Entenda!","og_url":"https:\/\/www.grupomedcof.com.br\/blog\/dicas-para-residencia-em-cirurgia-quais-sao-as-indicacoes-cirurgicas-para-doenca-coronariana\/","og_site_name":"Blog de Medcof: conte\u00fados, editais, revalida e mais!","article_publisher":"https:\/\/www.facebook.com\/MedCofQbank\/","article_published_time":"2024-11-29T14:42:00+00:00","article_modified_time":"2024-11-29T14:42:09+00:00","og_image":[{"width":2560,"height":1440,"url":"https:\/\/www.grupomedcof.com.br\/blog\/wp-content\/uploads\/2024\/11\/Blog-MedCof-16-scaled.jpg","type":"image\/jpeg"}],"author":"Kiara Adelino","twitter_card":"summary_large_image","twitter_misc":{"Escrito por":"Kiara Adelino","Est. tempo de leitura":"4 minutos"},"schema":{"@context":"https:\/\/schema.org","@graph":[{"@type":"Article","@id":"https:\/\/www.grupomedcof.com.br\/blog\/dicas-para-residencia-em-cirurgia-quais-sao-as-indicacoes-cirurgicas-para-doenca-coronariana\/#article","isPartOf":{"@id":"https:\/\/www.grupomedcof.com.br\/blog\/dicas-para-residencia-em-cirurgia-quais-sao-as-indicacoes-cirurgicas-para-doenca-coronariana\/"},"author":{"name":"Kiara Adelino","@id":"https:\/\/www.grupomedcof.com.br\/blog\/#\/schema\/person\/db19a651f86c5fc202d6eee744fd3292"},"headline":"Dicas para resid\u00eancia em Cirurgia: Quais s\u00e3o as indica\u00e7\u00f5es Cir\u00fargicas para Doen\u00e7a Coronariana","datePublished":"2024-11-29T14:42:00+00:00","dateModified":"2024-11-29T14:42:09+00:00","mainEntityOfPage":{"@id":"https:\/\/www.grupomedcof.com.br\/blog\/dicas-para-residencia-em-cirurgia-quais-sao-as-indicacoes-cirurgicas-para-doenca-coronariana\/"},"wordCount":608,"commentCount":0,"publisher":{"@id":"https:\/\/www.grupomedcof.com.br\/blog\/#organization"},"image":{"@id":"https:\/\/www.grupomedcof.com.br\/blog\/dicas-para-residencia-em-cirurgia-quais-sao-as-indicacoes-cirurgicas-para-doenca-coronariana\/#primaryimage"},"thumbnailUrl":"https:\/\/www.grupomedcof.com.br\/blog\/wp-content\/uploads\/2024\/11\/Blog-MedCof-16-scaled.jpg","keywords":["Doen\u00e7as Cardiovasculares","Indica\u00e7\u00f5es Cir\u00fargicas Doen\u00e7a Coronariana","Interven\u00e7\u00e3o Cir\u00fargica"],"articleSection":["Cardiologia"],"inLanguage":"pt-BR"},{"@type":"WebPage","@id":"https:\/\/www.grupomedcof.com.br\/blog\/dicas-para-residencia-em-cirurgia-quais-sao-as-indicacoes-cirurgicas-para-doenca-coronariana\/","url":"https:\/\/www.grupomedcof.com.br\/blog\/dicas-para-residencia-em-cirurgia-quais-sao-as-indicacoes-cirurgicas-para-doenca-coronariana\/","name":"Dicas para resid\u00eancia em Cirurgia: Quais s\u00e3o as indica\u00e7\u00f5es Cir\u00fargicas para Doen\u00e7a Coronariana - Blog de Medcof: conte\u00fados, editais, revalida e mais!","isPartOf":{"@id":"https:\/\/www.grupomedcof.com.br\/blog\/#website"},"primaryImageOfPage":{"@id":"https:\/\/www.grupomedcof.com.br\/blog\/dicas-para-residencia-em-cirurgia-quais-sao-as-indicacoes-cirurgicas-para-doenca-coronariana\/#primaryimage"},"image":{"@id":"https:\/\/www.grupomedcof.com.br\/blog\/dicas-para-residencia-em-cirurgia-quais-sao-as-indicacoes-cirurgicas-para-doenca-coronariana\/#primaryimage"},"thumbnailUrl":"https:\/\/www.grupomedcof.com.br\/blog\/wp-content\/uploads\/2024\/11\/Blog-MedCof-16-scaled.jpg","datePublished":"2024-11-29T14:42:00+00:00","dateModified":"2024-11-29T14:42:09+00:00","description":"A doen\u00e7a coronariana \u00e9 uma das doen\u00e7as cardiovasculares mais prevalentes no mundo com potencial de mortalidade. Entenda!","breadcrumb":{"@id":"https:\/\/www.grupomedcof.com.br\/blog\/dicas-para-residencia-em-cirurgia-quais-sao-as-indicacoes-cirurgicas-para-doenca-coronariana\/#breadcrumb"},"inLanguage":"pt-BR","potentialAction":[{"@type":"ReadAction","target":["https:\/\/www.grupomedcof.com.br\/blog\/dicas-para-residencia-em-cirurgia-quais-sao-as-indicacoes-cirurgicas-para-doenca-coronariana\/"]}]},{"@type":"ImageObject","inLanguage":"pt-BR","@id":"https:\/\/www.grupomedcof.com.br\/blog\/dicas-para-residencia-em-cirurgia-quais-sao-as-indicacoes-cirurgicas-para-doenca-coronariana\/#primaryimage","url":"https:\/\/www.grupomedcof.com.br\/blog\/wp-content\/uploads\/2024\/11\/Blog-MedCof-16-scaled.jpg","contentUrl":"https:\/\/www.grupomedcof.com.br\/blog\/wp-content\/uploads\/2024\/11\/Blog-MedCof-16-scaled.jpg","width":2560,"height":1440},{"@type":"BreadcrumbList","@id":"https:\/\/www.grupomedcof.com.br\/blog\/dicas-para-residencia-em-cirurgia-quais-sao-as-indicacoes-cirurgicas-para-doenca-coronariana\/#breadcrumb","itemListElement":[{"@type":"ListItem","position":1,"name":"In\u00edcio","item":"https:\/\/www.grupomedcof.com.br\/blog\/"},{"@type":"ListItem","position":2,"name":"Dicas para resid\u00eancia em Cirurgia: Quais s\u00e3o as indica\u00e7\u00f5es Cir\u00fargicas para Doen\u00e7a Coronariana"}]},{"@type":"WebSite","@id":"https:\/\/www.grupomedcof.com.br\/blog\/#website","url":"https:\/\/www.grupomedcof.com.br\/blog\/","name":"Blog de Medcof: conte\u00fados, editais, revalida e mais!","description":"Acesso o blog de MedCof! Seu portal de conte\u00fados sobre resid\u00eancia m\u00e9dica, an\u00e1lise e editais e muito mais. Clique e confira!","publisher":{"@id":"https:\/\/www.grupomedcof.com.br\/blog\/#organization"},"alternateName":"Blog de Medcof: conte\u00fados, editais, revalida e mais!","potentialAction":[{"@type":"SearchAction","target":{"@type":"EntryPoint","urlTemplate":"https:\/\/www.grupomedcof.com.br\/blog\/?s={search_term_string}"},"query-input":{"@type":"PropertyValueSpecification","valueRequired":true,"valueName":"search_term_string"}}],"inLanguage":"pt-BR"},{"@type":"Organization","@id":"https:\/\/www.grupomedcof.com.br\/blog\/#organization","name":"Grupo MedCof","url":"https:\/\/www.grupomedcof.com.br\/blog\/","logo":{"@type":"ImageObject","inLanguage":"pt-BR","@id":"https:\/\/www.grupomedcof.com.br\/blog\/#\/schema\/logo\/image\/","url":"https:\/\/www.grupomedcof.com.br\/blog\/wp-content\/uploads\/2022\/01\/logo-medcof.png","contentUrl":"https:\/\/www.grupomedcof.com.br\/blog\/wp-content\/uploads\/2022\/01\/logo-medcof.png","width":768,"height":269,"caption":"Grupo MedCof"},"image":{"@id":"https:\/\/www.grupomedcof.com.br\/blog\/#\/schema\/logo\/image\/"},"sameAs":["https:\/\/www.facebook.com\/MedCofQbank\/","https:\/\/www.instagram.com\/grupomedcof\/","https:\/\/br.linkedin.com\/company\/medcof","https:\/\/www.youtube.com\/channel\/UCdHMuOHKICxcHwecxN8P-AA"]},{"@type":"Person","@id":"https:\/\/www.grupomedcof.com.br\/blog\/#\/schema\/person\/db19a651f86c5fc202d6eee744fd3292","name":"Kiara Adelino","image":{"@type":"ImageObject","inLanguage":"pt-BR","@id":"https:\/\/www.grupomedcof.com.br\/blog\/wp-content\/uploads\/2024\/08\/cropped-Kiara-Adelino2-96x96.jpega85663bdda67261f8f06f86e555e1e49","url":"https:\/\/www.grupomedcof.com.br\/blog\/wp-content\/uploads\/2024\/08\/cropped-Kiara-Adelino2-96x96.jpeg","contentUrl":"https:\/\/www.grupomedcof.com.br\/blog\/wp-content\/uploads\/2024\/08\/cropped-Kiara-Adelino2-96x96.jpeg","caption":"Kiara Adelino"},"description":"Estudante do 5\u00b0 semestre de Medicina. Gosto bastante de aprender coisas novas, principalmente na \u00e1rea de Neurologia e Anatomia humana.","url":"https:\/\/www.grupomedcof.com.br\/blog\/author\/kiara-adelino\/"}]}},"authors":[{"term_id":3617,"user_id":21,"is_guest":0,"slug":"kiara-adelino","display_name":"Kiara Adelino","avatar_url":"https:\/\/www.grupomedcof.com.br\/blog\/wp-content\/uploads\/2024\/08\/cropped-Kiara-Adelino2-96x96.jpeg","0":null,"1":"","2":"","3":"","4":"","5":"","6":"","7":"","8":""}],"_links":{"self":[{"href":"https:\/\/www.grupomedcof.com.br\/blog\/wp-json\/wp\/v2\/posts\/31992","targetHints":{"allow":["GET"]}}],"collection":[{"href":"https:\/\/www.grupomedcof.com.br\/blog\/wp-json\/wp\/v2\/posts"}],"about":[{"href":"https:\/\/www.grupomedcof.com.br\/blog\/wp-json\/wp\/v2\/types\/post"}],"author":[{"embeddable":true,"href":"https:\/\/www.grupomedcof.com.br\/blog\/wp-json\/wp\/v2\/users\/21"}],"replies":[{"embeddable":true,"href":"https:\/\/www.grupomedcof.com.br\/blog\/wp-json\/wp\/v2\/comments?post=31992"}],"version-history":[{"count":0,"href":"https:\/\/www.grupomedcof.com.br\/blog\/wp-json\/wp\/v2\/posts\/31992\/revisions"}],"wp:featuredmedia":[{"embeddable":true,"href":"https:\/\/www.grupomedcof.com.br\/blog\/wp-json\/wp\/v2\/media\/31994"}],"wp:attachment":[{"href":"https:\/\/www.grupomedcof.com.br\/blog\/wp-json\/wp\/v2\/media?parent=31992"}],"wp:term":[{"taxonomy":"category","embeddable":true,"href":"https:\/\/www.grupomedcof.com.br\/blog\/wp-json\/wp\/v2\/categories?post=31992"},{"taxonomy":"post_tag","embeddable":true,"href":"https:\/\/www.grupomedcof.com.br\/blog\/wp-json\/wp\/v2\/tags?post=31992"},{"taxonomy":"author","embeddable":true,"href":"https:\/\/www.grupomedcof.com.br\/blog\/wp-json\/wp\/v2\/ppma_author?post=31992"}],"curies":[{"name":"wp","href":"https:\/\/api.w.org\/{rel}","templated":true}]}}