{"id":32148,"date":"2024-12-04T10:00:23","date_gmt":"2024-12-04T13:00:23","guid":{"rendered":"https:\/\/www.grupomedcof.com.br\/blog\/?p=32148"},"modified":"2024-12-04T10:02:58","modified_gmt":"2024-12-04T13:02:58","slug":"entenda-a-diferenca-entre-analgesia-e-sedacao","status":"publish","type":"post","link":"https:\/\/www.grupomedcof.com.br\/blog\/entenda-a-diferenca-entre-analgesia-e-sedacao\/","title":{"rendered":"Entenda a diferen\u00e7a entre Analgesia e Seda\u00e7\u00e3o"},"content":{"rendered":"<div id=\"ez-toc-container\" class=\"ez-toc-v2_0_74 counter-hierarchy ez-toc-counter ez-toc-transparent ez-toc-container-direction\">\n<div class=\"ez-toc-title-container\">\n<p class=\"ez-toc-title\" style=\"cursor:inherit\">Sum\u00e1rio<\/p>\n<span class=\"ez-toc-title-toggle\"><a href=\"#\" class=\"ez-toc-pull-right ez-toc-btn ez-toc-btn-xs ez-toc-btn-default ez-toc-toggle\" aria-label=\"Alternar tabela de conte\u00fado\"><span class=\"ez-toc-js-icon-con\"><span class=\"\"><span class=\"eztoc-hide\" style=\"display:none;\">Toggle<\/span><span class=\"ez-toc-icon-toggle-span\"><svg style=\"fill: #999;color:#999\" xmlns=\"http:\/\/www.w3.org\/2000\/svg\" class=\"list-377408\" width=\"20px\" height=\"20px\" viewBox=\"0 0 24 24\" fill=\"none\"><path d=\"M6 6H4v2h2V6zm14 0H8v2h12V6zM4 11h2v2H4v-2zm16 0H8v2h12v-2zM4 16h2v2H4v-2zm16 0H8v2h12v-2z\" fill=\"currentColor\"><\/path><\/svg><svg style=\"fill: #999;color:#999\" class=\"arrow-unsorted-368013\" xmlns=\"http:\/\/www.w3.org\/2000\/svg\" width=\"10px\" height=\"10px\" viewBox=\"0 0 24 24\" version=\"1.2\" baseProfile=\"tiny\"><path d=\"M18.2 9.3l-6.2-6.3-6.2 6.3c-.2.2-.3.4-.3.7s.1.5.3.7c.2.2.4.3.7.3h11c.3 0 .5-.1.7-.3.2-.2.3-.5.3-.7s-.1-.5-.3-.7zM5.8 14.7l6.2 6.3 6.2-6.3c.2-.2.3-.5.3-.7s-.1-.5-.3-.7c-.2-.2-.4-.3-.7-.3h-11c-.3 0-.5.1-.7.3-.2.2-.3.5-.3.7s.1.5.3.7z\"\/><\/svg><\/span><\/span><\/span><\/a><\/span><\/div>\n<nav><ul class='ez-toc-list ez-toc-list-level-1 ' ><li class='ez-toc-page-1 ez-toc-heading-level-2'><a class=\"ez-toc-link ez-toc-heading-1\" href=\"https:\/\/www.grupomedcof.com.br\/blog\/entenda-a-diferenca-entre-analgesia-e-sedacao\/#Por_que_estudar\" >Por que estudar?<\/a><\/li><li class='ez-toc-page-1 ez-toc-heading-level-2'><a class=\"ez-toc-link ez-toc-heading-2\" href=\"https:\/\/www.grupomedcof.com.br\/blog\/entenda-a-diferenca-entre-analgesia-e-sedacao\/#Analgesia\" >Analgesia<\/a><ul class='ez-toc-list-level-3' ><li class='ez-toc-heading-level-3'><a class=\"ez-toc-link ez-toc-heading-3\" href=\"https:\/\/www.grupomedcof.com.br\/blog\/entenda-a-diferenca-entre-analgesia-e-sedacao\/#Tipos_de_analgesia\" >Tipos de analgesia<\/a><\/li><\/ul><\/li><li class='ez-toc-page-1 ez-toc-heading-level-2'><a class=\"ez-toc-link ez-toc-heading-4\" href=\"https:\/\/www.grupomedcof.com.br\/blog\/entenda-a-diferenca-entre-analgesia-e-sedacao\/#Sedacao\" >Seda\u00e7\u00e3o<\/a><ul class='ez-toc-list-level-3' ><li class='ez-toc-heading-level-3'><a class=\"ez-toc-link ez-toc-heading-5\" href=\"https:\/\/www.grupomedcof.com.br\/blog\/entenda-a-diferenca-entre-analgesia-e-sedacao\/#Escalas_de_sedacao\" >Escalas de seda\u00e7\u00e3o&nbsp;<\/a><\/li><li class='ez-toc-page-1 ez-toc-heading-level-3'><a class=\"ez-toc-link ez-toc-heading-6\" href=\"https:\/\/www.grupomedcof.com.br\/blog\/entenda-a-diferenca-entre-analgesia-e-sedacao\/#Monitoracao\" >Monitora\u00e7\u00e3o<\/a><\/li><li class='ez-toc-page-1 ez-toc-heading-level-3'><a class=\"ez-toc-link ez-toc-heading-7\" href=\"https:\/\/www.grupomedcof.com.br\/blog\/entenda-a-diferenca-entre-analgesia-e-sedacao\/#Conceitos-chave\" >Conceitos-chave<\/a><\/li><li class='ez-toc-page-1 ez-toc-heading-level-3'><a class=\"ez-toc-link ez-toc-heading-8\" href=\"https:\/\/www.grupomedcof.com.br\/blog\/entenda-a-diferenca-entre-analgesia-e-sedacao\/#Drogas_sedativas\" >Drogas sedativas&nbsp;<\/a><\/li><\/ul><\/li><li class='ez-toc-page-1 ez-toc-heading-level-2'><a class=\"ez-toc-link ez-toc-heading-9\" href=\"https:\/\/www.grupomedcof.com.br\/blog\/entenda-a-diferenca-entre-analgesia-e-sedacao\/#Prepare-se_conosco\" >Prepare-se conosco!<\/a><\/li><\/ul><\/nav><\/div>\n\n<figure class=\"wp-block-image size-large\"><img loading=\"lazy\" decoding=\"async\" width=\"1024\" height=\"576\" src=\"https:\/\/www.grupomedcof.com.br\/blog\/wp-content\/uploads\/2024\/12\/Blog-MedCof-18-1024x576.jpg\" alt=\"\" class=\"wp-image-32150\" srcset=\"https:\/\/www.grupomedcof.com.br\/blog\/wp-content\/uploads\/2024\/12\/Blog-MedCof-18-1024x576.jpg 1024w, https:\/\/www.grupomedcof.com.br\/blog\/wp-content\/uploads\/2024\/12\/Blog-MedCof-18-300x169.jpg 300w, https:\/\/www.grupomedcof.com.br\/blog\/wp-content\/uploads\/2024\/12\/Blog-MedCof-18-768x432.jpg 768w, https:\/\/www.grupomedcof.com.br\/blog\/wp-content\/uploads\/2024\/12\/Blog-MedCof-18-1536x864.jpg 1536w, https:\/\/www.grupomedcof.com.br\/blog\/wp-content\/uploads\/2024\/12\/Blog-MedCof-18-2048x1152.jpg 2048w, https:\/\/www.grupomedcof.com.br\/blog\/wp-content\/uploads\/2024\/12\/Blog-MedCof-18-747x420.jpg 747w, https:\/\/www.grupomedcof.com.br\/blog\/wp-content\/uploads\/2024\/12\/Blog-MedCof-18-150x84.jpg 150w, https:\/\/www.grupomedcof.com.br\/blog\/wp-content\/uploads\/2024\/12\/Blog-MedCof-18-696x392.jpg 696w, https:\/\/www.grupomedcof.com.br\/blog\/wp-content\/uploads\/2024\/12\/Blog-MedCof-18-1068x601.jpg 1068w, https:\/\/www.grupomedcof.com.br\/blog\/wp-content\/uploads\/2024\/12\/Blog-MedCof-18-1920x1080.jpg 1920w\" sizes=\"auto, (max-width: 1024px) 100vw, 1024px\" \/><\/figure>\n\n\n\n<h2 class=\"wp-block-heading\" id=\"h-por-que-estudar\"><span class=\"ez-toc-section\" id=\"Por_que_estudar\"><\/span><strong>Por que estudar?<\/strong><span class=\"ez-toc-section-end\"><\/span><\/h2>\n\n\n\n<p>A <strong>sedoanalgesia<\/strong> \u00e9 uma ferramenta essencial na pr\u00e1tica m\u00e9dica, contribuindo para a seguran\u00e7a e o bem-estar dos pacientes. Ela deve ser administrada por profissionais de sa\u00fade qualificados e em um ambiente adequado. A aplica\u00e7\u00e3o correta dela \u00e9 fundamental para o conforto do paciente durante os procedimentos operat\u00f3rios, facilita\u00e7\u00e3o de exames e cirurgias, recupera\u00e7\u00e3o mais r\u00e1pida e bem estar fisiol\u00f3gico geral do paciente. Por esses motivos, aprender detalhes e caracter\u00edsticas b\u00e1sicas da analgesia e da seda\u00e7\u00e3o \u00e9 de extrema import\u00e2ncia.<\/p>\n\n\n\n<h2 class=\"wp-block-heading\"><span class=\"ez-toc-section\" id=\"Analgesia\"><\/span><strong>Analgesia<\/strong><span class=\"ez-toc-section-end\"><\/span><\/h2>\n\n\n\n<p><strong>Analgesia \u00e9 o al\u00edvio da dor.<\/strong> Atrav\u00e9s de medicamentos ou outros m\u00e9todos, ela busca reduzir ou eliminar a sensa\u00e7\u00e3o dolorosa, melhorando a qualidade de vida do paciente. Sabemos que a dor \u00e9 uma experi\u00eancia desagrad\u00e1vel que afeta v\u00e1rias \u00e1reas da vida do paciente, podendo levar a s\u00e9rias complica\u00e7\u00f5es, como limita\u00e7\u00f5es motoras e\/ou depress\u00e3o.<\/p>\n\n\n\n<h3 class=\"wp-block-heading\" id=\"h-tipos-de-analgesia\"><span class=\"ez-toc-section\" id=\"Tipos_de_analgesia\"><\/span><strong>Tipos de analgesia<\/strong><span class=\"ez-toc-section-end\"><\/span><\/h3>\n\n\n\n<h4 class=\"wp-block-heading\" id=\"h-nao-farmacologica-nbsp\"><strong>N\u00e3o farmacol\u00f3gica&nbsp;<\/strong><\/h4>\n\n\n\n<p>Os m\u00e9todos n\u00e3o farmacol\u00f3gicos focam em promover um bem estar modulando o ambiente as intera\u00e7\u00f5es sociais do paciente. Para isso, podemos:&nbsp;<\/p>\n\n\n\n<ul class=\"wp-block-list\">\n<li>Reduzir ru\u00eddos e luminosidade;<\/li>\n\n\n\n<li>Promover o correto ciclo sono-vig\u00edlia;&nbsp;<\/li>\n\n\n\n<li>Boa comunica\u00e7\u00e3o com o paciente e a fam\u00edlia;&nbsp;<\/li>\n\n\n\n<li>Presen\u00e7a dos familiares que gerem confian\u00e7a e conforto;&nbsp;<\/li>\n\n\n\n<li>T\u00e9cnicas de videoterapia e musicoterapia.Farmacol\u00f3gica&nbsp;<\/li>\n<\/ul>\n\n\n\n<p>A efici\u00eancia das t\u00e9cnicas pode ser avaliada por meio de escalas autorreferidas (o paciente, quando em possibilidade de comunica\u00e7\u00e3o, avalia sua condi\u00e7\u00e3o de dor em n\u00fameros, compara\u00e7\u00f5es, intensidade, etc) ou pelo profissional de sa\u00fade (a escala mais usada \u00e9 a FLAC, avaliando as express\u00f5es faciais do paciente).&nbsp;<\/p>\n\n\n\n<figure class=\"wp-block-image\"><img decoding=\"async\" src=\"https:\/\/lh7-rt.googleusercontent.com\/docsz\/AD_4nXfQfjSLr5JlSPyx3haMfMsiDWbyU3UUJhbsZWYi8Lpc7Vc8PXWplHkYMD9faJFlqhTNftLViNliVry6lLto3veHnG3FNRKJVNj0pva_2Ktcay0nNFubr0-S9JWy7TvsGPL_7UNe?key=xI9v-ARPxxgs0WTmP87fNncs\" alt=\"\"\/><figcaption class=\"wp-element-caption\">Fonte: Acervo de Aulas do Grupo MedCof.<\/figcaption><\/figure>\n\n\n\n<h4 class=\"wp-block-heading\" id=\"h-farmacologica\"><strong>Farmacol\u00f3gica<\/strong><\/h4>\n\n\n\n<p>A conduta de tratamento da dor deve ser administrada conforme o escalonamento da dor:&nbsp;<\/p>\n\n\n\n<ul class=\"wp-block-list\">\n<li>Dor fraca: analg\u00e9sico simples, adjuvante (AINES, gabapentina, antidepressivos);<\/li>\n\n\n\n<li>Dor moderada: opioides fracos (tramadol e code\u00edna);<\/li>\n\n\n\n<li>Dor forte: morfina e fentanil.<\/li>\n<\/ul>\n\n\n\n<p>Alguns analg\u00e9sicos simples e bastantes usados s\u00e3o a dipirona (antit\u00e9rmico e analg\u00e9sico), o paracetamol (a\u00e7\u00e3o mais central e depende do metabolismo hep\u00e1tico), AAS (anti-inflamat\u00f3rio e anti agregante plaquet\u00e1rio) e outros AINEs (como cetoprofeno e ibuprofeno).&nbsp;<\/p>\n\n\n\n<figure class=\"wp-block-image size-large\"><a href=\"https:\/\/www.grupomedcof.com.br\/cofletters\/\"><img loading=\"lazy\" decoding=\"async\" width=\"1024\" height=\"366\" src=\"https:\/\/www.grupomedcof.com.br\/blog\/wp-content\/uploads\/2024\/10\/Capa-Eventos-MedCof-Plus-1-1024x366.png\" alt=\"\" class=\"wp-image-30896\" srcset=\"https:\/\/www.grupomedcof.com.br\/blog\/wp-content\/uploads\/2024\/10\/Capa-Eventos-MedCof-Plus-1-1024x366.png 1024w, https:\/\/www.grupomedcof.com.br\/blog\/wp-content\/uploads\/2024\/10\/Capa-Eventos-MedCof-Plus-1-300x107.png 300w, https:\/\/www.grupomedcof.com.br\/blog\/wp-content\/uploads\/2024\/10\/Capa-Eventos-MedCof-Plus-1-768x275.png 768w, https:\/\/www.grupomedcof.com.br\/blog\/wp-content\/uploads\/2024\/10\/Capa-Eventos-MedCof-Plus-1-1536x549.png 1536w, https:\/\/www.grupomedcof.com.br\/blog\/wp-content\/uploads\/2024\/10\/Capa-Eventos-MedCof-Plus-1-2048x732.png 2048w, https:\/\/www.grupomedcof.com.br\/blog\/wp-content\/uploads\/2024\/10\/Capa-Eventos-MedCof-Plus-1-1175x420.png 1175w, https:\/\/www.grupomedcof.com.br\/blog\/wp-content\/uploads\/2024\/10\/Capa-Eventos-MedCof-Plus-1-150x54.png 150w, https:\/\/www.grupomedcof.com.br\/blog\/wp-content\/uploads\/2024\/10\/Capa-Eventos-MedCof-Plus-1-696x249.png 696w, https:\/\/www.grupomedcof.com.br\/blog\/wp-content\/uploads\/2024\/10\/Capa-Eventos-MedCof-Plus-1-1068x382.png 1068w, https:\/\/www.grupomedcof.com.br\/blog\/wp-content\/uploads\/2024\/10\/Capa-Eventos-MedCof-Plus-1-1920x686.png 1920w\" sizes=\"auto, (max-width: 1024px) 100vw, 1024px\" \/><\/a><\/figure>\n\n\n\n<h2 class=\"wp-block-heading\" id=\"h-sedacao\"><span class=\"ez-toc-section\" id=\"Sedacao\"><\/span><strong>Seda\u00e7\u00e3o<\/strong><span class=\"ez-toc-section-end\"><\/span><\/h2>\n\n\n\n<p>Feita por profissionais preparados e com um acompanhamento cont\u00ednuo, a seda\u00e7\u00e3o \u00e9 feita em<strong> casos de dor muito intensa e\/ou procedimentos m\u00e9dicos dif\u00edceis<\/strong>. Para ela ser administrada, acompanhamos as condi\u00e7\u00f5es org\u00e2nicas do paciente e os sedativos dispon\u00edveis para o profissional.<\/p>\n\n\n\n<h3 class=\"wp-block-heading\" id=\"h-escalas-de-sedacao-nbsp\"><span class=\"ez-toc-section\" id=\"Escalas_de_sedacao\"><\/span><strong>Escalas de seda\u00e7\u00e3o&nbsp;<\/strong><span class=\"ez-toc-section-end\"><\/span><\/h3>\n\n\n\n<h4 class=\"wp-block-heading\" id=\"h-comfort-b\"><strong>Comfort B<\/strong><\/h4>\n\n\n\n<p>A escala mais utilizada atualmente, visa avaliar o paciente a partir de crit\u00e9rios comportamentais (quando sem sinais vitais): n\u00edvel de consci\u00eancia, calma\/agita\u00e7\u00e3o, resposta respirat\u00f3ria, movimento f\u00edsico, choro, t\u00f4nus muscular e tens\u00e3o facial.<\/p>\n\n\n\n<h4 class=\"wp-block-heading\" id=\"h-escala-de-rass\"><strong>Escala de RASS<\/strong><\/h4>\n\n\n\n<p>Avalia\u00e7\u00e3o num\u00e9rica, essa tem um intervalo de seda\u00e7\u00e3o mais fixo: ideal entre -2 a +1<\/p>\n\n\n\n<figure class=\"wp-block-table\"><table class=\"has-fixed-layout\"><tbody><tr><td>+4<\/td><td>Combativo&nbsp;<\/td><\/tr><tr><td>+3<\/td><td>Muito agitado&nbsp;<\/td><\/tr><tr><td>+2<\/td><td>Agitado&nbsp;<\/td><\/tr><tr><td>+1<\/td><td>Inquieto&nbsp;<\/td><\/tr><tr><td>0<\/td><td>Alerta e calmo<\/td><\/tr><tr><td>-1<\/td><td>Torporoso<\/td><\/tr><tr><td>-2<\/td><td>Seda\u00e7\u00e3o leve<\/td><\/tr><tr><td>-3<\/td><td>Sedado moderado&nbsp;<\/td><\/tr><tr><td>-4<\/td><td>Sedado profundo&nbsp;<\/td><\/tr><tr><td>-5<\/td><td>Coma&nbsp;<\/td><\/tr><\/tbody><\/table><\/figure>\n\n\n\n<h3 class=\"wp-block-heading\" id=\"h-monitoracao\"><span class=\"ez-toc-section\" id=\"Monitoracao\"><\/span><strong>Monitora\u00e7\u00e3o<\/strong><span class=\"ez-toc-section-end\"><\/span><\/h3>\n\n\n\n<p>Os meios indiretos de avaliar a seda\u00e7\u00e3o s\u00e3o a eletro encefalopatia ou a polissonografia. Mais diretamente, usamos as escalas acima citadas.&nbsp;<\/p>\n\n\n\n<h3 class=\"wp-block-heading\" id=\"h-conceitos-chave\"><span class=\"ez-toc-section\" id=\"Conceitos-chave\"><\/span><strong>Conceitos-chave<\/strong><span class=\"ez-toc-section-end\"><\/span><\/h3>\n\n\n\n<p>A toler\u00e2ncia est\u00e1 relacionada \u00e0 necessidade de doses progressivamente mais altas a fim de atingir o mesmo efeito terap\u00eautico.&nbsp;<\/p>\n\n\n\n<p>A abstin\u00eancia \u00e9 o conjunto de sinais e sintomas ap\u00f3s a redu\u00e7\u00e3o ou interrup\u00e7\u00e3o abrupta da infus\u00e3o de sedoanalgesia.&nbsp;<\/p>\n\n\n\n<p>O rod\u00edzio da seda\u00e7\u00e3o determina o tempo m\u00e1ximo de uso de certo medicamento sedativo para reduzir a toler\u00e2ncia e abstin\u00eancia, substituindo-o por outro com mesma fun\u00e7\u00e3o.<\/p>\n\n\n\n<h3 class=\"wp-block-heading\" id=\"h-drogas-sedativas-nbsp\"><span class=\"ez-toc-section\" id=\"Drogas_sedativas\"><\/span><strong>Drogas sedativas&nbsp;<\/strong><span class=\"ez-toc-section-end\"><\/span><\/h3>\n\n\n\n<p>As principais drogas para seda\u00e7\u00e3o usadas s\u00e3o:<\/p>\n\n\n\n<ul class=\"wp-block-list\">\n<li><strong>Dexmedetomidina: <\/strong>Droga do tipo Alfa-2 agonista, tem poder sedativo, analg\u00e9sico e ansiol\u00edtico. Ela pode causar toler\u00e2ncia, por isso cabe citar como droga equivalente a clonidina.&nbsp; Al\u00e9m disso, n\u00e3o existe ant\u00eddoto para esse f\u00e1rmaco.<\/li>\n\n\n\n<li><strong>Cetamina:<\/strong> Medicamento do tipo anti-NMDA, \u00e9 sedativo e analg\u00e9sico. Os poss\u00edveis efeitos colaterais s\u00e3o dissocia\u00e7\u00e3o\/alucina\u00e7\u00e3o, laringoespasmo, eleva\u00e7\u00e3o da produ\u00e7\u00e3o de secre\u00e7\u00f5es e da press\u00e3o intraocular. Para essa droga, n\u00e3o encontramos equivalentes ou ant\u00eddotos, fator que amplia o n\u00edvel de abstin\u00eancia dela.&nbsp;<\/li>\n\n\n\n<li><strong>Propofol:<\/strong> Esse \u00e9 um agonista do GABA, com in\u00edcio de a\u00e7\u00e3o r\u00e1pida e meia-vida curta. Ela possui ve\u00edculo lip\u00eddico, por isso a import\u00e2ncia de monitora\u00e7\u00e3o de toxicidade com dosagem de triglicer\u00eddeos e fun\u00e7\u00e3o renal. Para ela, n\u00e3o encontramos equivalentes ou ant\u00eddotos.<br><\/li>\n<\/ul>\n\n\n\n<h2 class=\"wp-block-heading\" id=\"prepare-se-conosco\"><span class=\"ez-toc-section\" id=\"Prepare-se_conosco\"><\/span><strong>Prepare-se conosco!<\/strong><span class=\"ez-toc-section-end\"><\/span><\/h2>\n\n\n\n<p>Quer se preparar para as provas de resid\u00eancia m\u00e9dica de 2025? Ent\u00e3o prepare-se com o&nbsp;<a href=\"https:\/\/www.grupomedcof.com.br\/home\/\" target=\"_blank\" rel=\"noreferrer noopener\">Grupo MedCof<\/a>&nbsp;e confira o v\u00eddeo no qual nossos especialistas tiram d\u00favidas sobre as&nbsp;<a href=\"https:\/\/www.grupomedcof.com.br\/blog\/presenca-da-medcof-nas-aprovacoes-em-residencia-medica-no-brasil\/\" target=\"_blank\" rel=\"noreferrer noopener\">principais resid\u00eancias!<\/a><\/p>\n\n\n\n<figure class=\"wp-block-embed is-type-video is-provider-youtube wp-block-embed-youtube wp-embed-aspect-16-9 wp-has-aspect-ratio\"><div class=\"wp-block-embed__wrapper\">\n<div class=\"youtube-embed\" data-video_id=\"4PNzCTC1tGg\"><iframe loading=\"lazy\" title=\"Analgesia e Seda\u00e7\u00e3o em Procedimentos M\u00e9dicos. Com Dr. Douglas Toledo\" width=\"696\" height=\"392\" src=\"https:\/\/www.youtube.com\/embed\/4PNzCTC1tGg?feature=oembed&#038;enablejsapi=1\" frameborder=\"0\" allow=\"accelerometer; autoplay; clipboard-write; encrypted-media; gyroscope; picture-in-picture; web-share\" referrerpolicy=\"strict-origin-when-cross-origin\" allowfullscreen><\/iframe><\/div>\n<\/div><\/figure>\n","protected":false},"excerpt":{"rendered":"<p>A sedoanalgesia \u00e9 uma ferramenta essencial na pr\u00e1tica m\u00e9dica, contribuindo para a seguran\u00e7a e o bem-estar dos pacientes. Entenda!<\/p>\n","protected":false},"author":21,"featured_media":32150,"comment_status":"open","ping_status":"open","sticky":false,"template":"","format":"standard","meta":{"footnotes":""},"categories":[243],"tags":[2340,2345,2343,2344,2341],"ppma_author":[3617],"class_list":{"0":"post-32148","1":"post","2":"type-post","3":"status-publish","4":"format-standard","5":"has-post-thumbnail","7":"category-anestesiologia","8":"tag-analgesia","9":"tag-drogas-sedativas","10":"tag-escala-de-rass","11":"tag-monitoracao","12":"tag-tipos-de-analgesia"},"yoast_head":"<!-- This site is optimized with the Yoast SEO Premium plugin v24.3 (Yoast SEO v27.5) - https:\/\/yoast.com\/product\/yoast-seo-premium-wordpress\/ -->\n<title>Entenda a diferen\u00e7a entre Analgesia e Seda\u00e7\u00e3o - Blog de Medcof: conte\u00fados, editais, revalida e mais!<\/title>\n<meta name=\"description\" content=\"A sedoanalgesia \u00e9 uma ferramenta essencial na pr\u00e1tica m\u00e9dica, contribuindo para a seguran\u00e7a e o bem-estar dos pacientes. Entenda!\" \/>\n<meta name=\"robots\" content=\"index, follow, max-snippet:-1, max-image-preview:large, max-video-preview:-1\" \/>\n<link rel=\"canonical\" href=\"https:\/\/www.grupomedcof.com.br\/blog\/entenda-a-diferenca-entre-analgesia-e-sedacao\/\" \/>\n<meta property=\"og:locale\" content=\"pt_BR\" \/>\n<meta property=\"og:type\" content=\"article\" \/>\n<meta property=\"og:title\" content=\"Entenda a diferen\u00e7a entre Analgesia e Seda\u00e7\u00e3o\" \/>\n<meta property=\"og:description\" content=\"A sedoanalgesia \u00e9 uma ferramenta essencial na pr\u00e1tica m\u00e9dica, contribuindo para a seguran\u00e7a e o bem-estar dos pacientes. Entenda!\" \/>\n<meta property=\"og:url\" content=\"https:\/\/www.grupomedcof.com.br\/blog\/entenda-a-diferenca-entre-analgesia-e-sedacao\/\" \/>\n<meta property=\"og:site_name\" content=\"Blog de Medcof: conte\u00fados, editais, revalida e mais!\" \/>\n<meta property=\"article:publisher\" content=\"https:\/\/www.facebook.com\/MedCofQbank\/\" \/>\n<meta property=\"article:published_time\" content=\"2024-12-04T13:00:23+00:00\" \/>\n<meta property=\"article:modified_time\" content=\"2024-12-04T13:02:58+00:00\" \/>\n<meta property=\"og:image\" content=\"https:\/\/www.grupomedcof.com.br\/blog\/wp-content\/uploads\/2024\/12\/Blog-MedCof-18-scaled.jpg\" \/>\n\t<meta property=\"og:image:width\" content=\"2560\" \/>\n\t<meta property=\"og:image:height\" content=\"1440\" \/>\n\t<meta property=\"og:image:type\" content=\"image\/jpeg\" \/>\n<meta name=\"author\" content=\"Kiara Adelino\" \/>\n<meta name=\"twitter:card\" content=\"summary_large_image\" \/>\n<meta name=\"twitter:label1\" content=\"Escrito por\" \/>\n\t<meta name=\"twitter:data1\" content=\"Kiara Adelino\" \/>\n\t<meta name=\"twitter:label2\" content=\"Est. tempo de leitura\" \/>\n\t<meta name=\"twitter:data2\" content=\"5 minutos\" \/>\n<script type=\"application\/ld+json\" class=\"yoast-schema-graph\">{\"@context\":\"https:\\\/\\\/schema.org\",\"@graph\":[{\"@type\":\"Article\",\"@id\":\"https:\\\/\\\/www.grupomedcof.com.br\\\/blog\\\/entenda-a-diferenca-entre-analgesia-e-sedacao\\\/#article\",\"isPartOf\":{\"@id\":\"https:\\\/\\\/www.grupomedcof.com.br\\\/blog\\\/entenda-a-diferenca-entre-analgesia-e-sedacao\\\/\"},\"author\":{\"name\":\"Kiara Adelino\",\"@id\":\"https:\\\/\\\/www.grupomedcof.com.br\\\/blog\\\/#\\\/schema\\\/person\\\/db19a651f86c5fc202d6eee744fd3292\"},\"headline\":\"Entenda a diferen\u00e7a entre Analgesia e Seda\u00e7\u00e3o\",\"datePublished\":\"2024-12-04T13:00:23+00:00\",\"dateModified\":\"2024-12-04T13:02:58+00:00\",\"mainEntityOfPage\":{\"@id\":\"https:\\\/\\\/www.grupomedcof.com.br\\\/blog\\\/entenda-a-diferenca-entre-analgesia-e-sedacao\\\/\"},\"wordCount\":846,\"commentCount\":0,\"publisher\":{\"@id\":\"https:\\\/\\\/www.grupomedcof.com.br\\\/blog\\\/#organization\"},\"image\":{\"@id\":\"https:\\\/\\\/www.grupomedcof.com.br\\\/blog\\\/entenda-a-diferenca-entre-analgesia-e-sedacao\\\/#primaryimage\"},\"thumbnailUrl\":\"https:\\\/\\\/www.grupomedcof.com.br\\\/blog\\\/wp-content\\\/uploads\\\/2024\\\/12\\\/Blog-MedCof-18-scaled.jpg\",\"keywords\":[\"Analgesia\",\"Drogas sedativas\",\"Escala de RASS\",\"Monitora\u00e7\u00e3o\",\"Tipos de analgesia\"],\"articleSection\":[\"Anestesiologia\"],\"inLanguage\":\"pt-BR\"},{\"@type\":\"WebPage\",\"@id\":\"https:\\\/\\\/www.grupomedcof.com.br\\\/blog\\\/entenda-a-diferenca-entre-analgesia-e-sedacao\\\/\",\"url\":\"https:\\\/\\\/www.grupomedcof.com.br\\\/blog\\\/entenda-a-diferenca-entre-analgesia-e-sedacao\\\/\",\"name\":\"Entenda a diferen\u00e7a entre Analgesia e Seda\u00e7\u00e3o - Blog de Medcof: conte\u00fados, editais, revalida e mais!\",\"isPartOf\":{\"@id\":\"https:\\\/\\\/www.grupomedcof.com.br\\\/blog\\\/#website\"},\"primaryImageOfPage\":{\"@id\":\"https:\\\/\\\/www.grupomedcof.com.br\\\/blog\\\/entenda-a-diferenca-entre-analgesia-e-sedacao\\\/#primaryimage\"},\"image\":{\"@id\":\"https:\\\/\\\/www.grupomedcof.com.br\\\/blog\\\/entenda-a-diferenca-entre-analgesia-e-sedacao\\\/#primaryimage\"},\"thumbnailUrl\":\"https:\\\/\\\/www.grupomedcof.com.br\\\/blog\\\/wp-content\\\/uploads\\\/2024\\\/12\\\/Blog-MedCof-18-scaled.jpg\",\"datePublished\":\"2024-12-04T13:00:23+00:00\",\"dateModified\":\"2024-12-04T13:02:58+00:00\",\"description\":\"A sedoanalgesia \u00e9 uma ferramenta essencial na pr\u00e1tica m\u00e9dica, contribuindo para a seguran\u00e7a e o bem-estar dos pacientes. Entenda!\",\"breadcrumb\":{\"@id\":\"https:\\\/\\\/www.grupomedcof.com.br\\\/blog\\\/entenda-a-diferenca-entre-analgesia-e-sedacao\\\/#breadcrumb\"},\"inLanguage\":\"pt-BR\",\"potentialAction\":[{\"@type\":\"ReadAction\",\"target\":[\"https:\\\/\\\/www.grupomedcof.com.br\\\/blog\\\/entenda-a-diferenca-entre-analgesia-e-sedacao\\\/\"]}]},{\"@type\":\"ImageObject\",\"inLanguage\":\"pt-BR\",\"@id\":\"https:\\\/\\\/www.grupomedcof.com.br\\\/blog\\\/entenda-a-diferenca-entre-analgesia-e-sedacao\\\/#primaryimage\",\"url\":\"https:\\\/\\\/www.grupomedcof.com.br\\\/blog\\\/wp-content\\\/uploads\\\/2024\\\/12\\\/Blog-MedCof-18-scaled.jpg\",\"contentUrl\":\"https:\\\/\\\/www.grupomedcof.com.br\\\/blog\\\/wp-content\\\/uploads\\\/2024\\\/12\\\/Blog-MedCof-18-scaled.jpg\",\"width\":2560,\"height\":1440},{\"@type\":\"BreadcrumbList\",\"@id\":\"https:\\\/\\\/www.grupomedcof.com.br\\\/blog\\\/entenda-a-diferenca-entre-analgesia-e-sedacao\\\/#breadcrumb\",\"itemListElement\":[{\"@type\":\"ListItem\",\"position\":1,\"name\":\"In\u00edcio\",\"item\":\"https:\\\/\\\/www.grupomedcof.com.br\\\/blog\\\/\"},{\"@type\":\"ListItem\",\"position\":2,\"name\":\"Entenda a diferen\u00e7a entre Analgesia e Seda\u00e7\u00e3o\"}]},{\"@type\":\"WebSite\",\"@id\":\"https:\\\/\\\/www.grupomedcof.com.br\\\/blog\\\/#website\",\"url\":\"https:\\\/\\\/www.grupomedcof.com.br\\\/blog\\\/\",\"name\":\"Blog de Medcof: conte\u00fados, editais, revalida e mais!\",\"description\":\"Acesso o blog de MedCof! Seu portal de conte\u00fados sobre resid\u00eancia m\u00e9dica, an\u00e1lise e editais e muito mais. Clique e confira!\",\"publisher\":{\"@id\":\"https:\\\/\\\/www.grupomedcof.com.br\\\/blog\\\/#organization\"},\"alternateName\":\"Blog de Medcof: conte\u00fados, editais, revalida e mais!\",\"potentialAction\":[{\"@type\":\"SearchAction\",\"target\":{\"@type\":\"EntryPoint\",\"urlTemplate\":\"https:\\\/\\\/www.grupomedcof.com.br\\\/blog\\\/?s={search_term_string}\"},\"query-input\":{\"@type\":\"PropertyValueSpecification\",\"valueRequired\":true,\"valueName\":\"search_term_string\"}}],\"inLanguage\":\"pt-BR\"},{\"@type\":\"Organization\",\"@id\":\"https:\\\/\\\/www.grupomedcof.com.br\\\/blog\\\/#organization\",\"name\":\"Grupo MedCof\",\"url\":\"https:\\\/\\\/www.grupomedcof.com.br\\\/blog\\\/\",\"logo\":{\"@type\":\"ImageObject\",\"inLanguage\":\"pt-BR\",\"@id\":\"https:\\\/\\\/www.grupomedcof.com.br\\\/blog\\\/#\\\/schema\\\/logo\\\/image\\\/\",\"url\":\"https:\\\/\\\/www.grupomedcof.com.br\\\/blog\\\/wp-content\\\/uploads\\\/2022\\\/01\\\/logo-medcof.png\",\"contentUrl\":\"https:\\\/\\\/www.grupomedcof.com.br\\\/blog\\\/wp-content\\\/uploads\\\/2022\\\/01\\\/logo-medcof.png\",\"width\":768,\"height\":269,\"caption\":\"Grupo MedCof\"},\"image\":{\"@id\":\"https:\\\/\\\/www.grupomedcof.com.br\\\/blog\\\/#\\\/schema\\\/logo\\\/image\\\/\"},\"sameAs\":[\"https:\\\/\\\/www.facebook.com\\\/MedCofQbank\\\/\",\"https:\\\/\\\/www.instagram.com\\\/grupomedcof\\\/\",\"https:\\\/\\\/br.linkedin.com\\\/company\\\/medcof\",\"https:\\\/\\\/www.youtube.com\\\/channel\\\/UCdHMuOHKICxcHwecxN8P-AA\"]},{\"@type\":\"Person\",\"@id\":\"https:\\\/\\\/www.grupomedcof.com.br\\\/blog\\\/#\\\/schema\\\/person\\\/db19a651f86c5fc202d6eee744fd3292\",\"name\":\"Kiara Adelino\",\"image\":{\"@type\":\"ImageObject\",\"inLanguage\":\"pt-BR\",\"@id\":\"https:\\\/\\\/www.grupomedcof.com.br\\\/blog\\\/wp-content\\\/uploads\\\/2024\\\/08\\\/cropped-Kiara-Adelino2-96x96.jpega85663bdda67261f8f06f86e555e1e49\",\"url\":\"https:\\\/\\\/www.grupomedcof.com.br\\\/blog\\\/wp-content\\\/uploads\\\/2024\\\/08\\\/cropped-Kiara-Adelino2-96x96.jpeg\",\"contentUrl\":\"https:\\\/\\\/www.grupomedcof.com.br\\\/blog\\\/wp-content\\\/uploads\\\/2024\\\/08\\\/cropped-Kiara-Adelino2-96x96.jpeg\",\"caption\":\"Kiara Adelino\"},\"description\":\"Estudante do 5\u00b0 semestre de Medicina. Gosto bastante de aprender coisas novas, principalmente na \u00e1rea de Neurologia e Anatomia humana.\",\"url\":\"https:\\\/\\\/www.grupomedcof.com.br\\\/blog\\\/author\\\/kiara-adelino\\\/\"}]}<\/script>\n<!-- \/ Yoast SEO Premium plugin. -->","yoast_head_json":{"title":"Entenda a diferen\u00e7a entre Analgesia e Seda\u00e7\u00e3o - Blog de Medcof: conte\u00fados, editais, revalida e mais!","description":"A sedoanalgesia \u00e9 uma ferramenta essencial na pr\u00e1tica m\u00e9dica, contribuindo para a seguran\u00e7a e o bem-estar dos pacientes. Entenda!","robots":{"index":"index","follow":"follow","max-snippet":"max-snippet:-1","max-image-preview":"max-image-preview:large","max-video-preview":"max-video-preview:-1"},"canonical":"https:\/\/www.grupomedcof.com.br\/blog\/entenda-a-diferenca-entre-analgesia-e-sedacao\/","og_locale":"pt_BR","og_type":"article","og_title":"Entenda a diferen\u00e7a entre Analgesia e Seda\u00e7\u00e3o","og_description":"A sedoanalgesia \u00e9 uma ferramenta essencial na pr\u00e1tica m\u00e9dica, contribuindo para a seguran\u00e7a e o bem-estar dos pacientes. Entenda!","og_url":"https:\/\/www.grupomedcof.com.br\/blog\/entenda-a-diferenca-entre-analgesia-e-sedacao\/","og_site_name":"Blog de Medcof: conte\u00fados, editais, revalida e mais!","article_publisher":"https:\/\/www.facebook.com\/MedCofQbank\/","article_published_time":"2024-12-04T13:00:23+00:00","article_modified_time":"2024-12-04T13:02:58+00:00","og_image":[{"width":2560,"height":1440,"url":"https:\/\/www.grupomedcof.com.br\/blog\/wp-content\/uploads\/2024\/12\/Blog-MedCof-18-scaled.jpg","type":"image\/jpeg"}],"author":"Kiara Adelino","twitter_card":"summary_large_image","twitter_misc":{"Escrito por":"Kiara Adelino","Est. tempo de leitura":"5 minutos"},"schema":{"@context":"https:\/\/schema.org","@graph":[{"@type":"Article","@id":"https:\/\/www.grupomedcof.com.br\/blog\/entenda-a-diferenca-entre-analgesia-e-sedacao\/#article","isPartOf":{"@id":"https:\/\/www.grupomedcof.com.br\/blog\/entenda-a-diferenca-entre-analgesia-e-sedacao\/"},"author":{"name":"Kiara Adelino","@id":"https:\/\/www.grupomedcof.com.br\/blog\/#\/schema\/person\/db19a651f86c5fc202d6eee744fd3292"},"headline":"Entenda a diferen\u00e7a entre Analgesia e Seda\u00e7\u00e3o","datePublished":"2024-12-04T13:00:23+00:00","dateModified":"2024-12-04T13:02:58+00:00","mainEntityOfPage":{"@id":"https:\/\/www.grupomedcof.com.br\/blog\/entenda-a-diferenca-entre-analgesia-e-sedacao\/"},"wordCount":846,"commentCount":0,"publisher":{"@id":"https:\/\/www.grupomedcof.com.br\/blog\/#organization"},"image":{"@id":"https:\/\/www.grupomedcof.com.br\/blog\/entenda-a-diferenca-entre-analgesia-e-sedacao\/#primaryimage"},"thumbnailUrl":"https:\/\/www.grupomedcof.com.br\/blog\/wp-content\/uploads\/2024\/12\/Blog-MedCof-18-scaled.jpg","keywords":["Analgesia","Drogas sedativas","Escala de RASS","Monitora\u00e7\u00e3o","Tipos de analgesia"],"articleSection":["Anestesiologia"],"inLanguage":"pt-BR"},{"@type":"WebPage","@id":"https:\/\/www.grupomedcof.com.br\/blog\/entenda-a-diferenca-entre-analgesia-e-sedacao\/","url":"https:\/\/www.grupomedcof.com.br\/blog\/entenda-a-diferenca-entre-analgesia-e-sedacao\/","name":"Entenda a diferen\u00e7a entre Analgesia e Seda\u00e7\u00e3o - Blog de Medcof: conte\u00fados, editais, revalida e mais!","isPartOf":{"@id":"https:\/\/www.grupomedcof.com.br\/blog\/#website"},"primaryImageOfPage":{"@id":"https:\/\/www.grupomedcof.com.br\/blog\/entenda-a-diferenca-entre-analgesia-e-sedacao\/#primaryimage"},"image":{"@id":"https:\/\/www.grupomedcof.com.br\/blog\/entenda-a-diferenca-entre-analgesia-e-sedacao\/#primaryimage"},"thumbnailUrl":"https:\/\/www.grupomedcof.com.br\/blog\/wp-content\/uploads\/2024\/12\/Blog-MedCof-18-scaled.jpg","datePublished":"2024-12-04T13:00:23+00:00","dateModified":"2024-12-04T13:02:58+00:00","description":"A sedoanalgesia \u00e9 uma ferramenta essencial na pr\u00e1tica m\u00e9dica, contribuindo para a seguran\u00e7a e o bem-estar dos pacientes. Entenda!","breadcrumb":{"@id":"https:\/\/www.grupomedcof.com.br\/blog\/entenda-a-diferenca-entre-analgesia-e-sedacao\/#breadcrumb"},"inLanguage":"pt-BR","potentialAction":[{"@type":"ReadAction","target":["https:\/\/www.grupomedcof.com.br\/blog\/entenda-a-diferenca-entre-analgesia-e-sedacao\/"]}]},{"@type":"ImageObject","inLanguage":"pt-BR","@id":"https:\/\/www.grupomedcof.com.br\/blog\/entenda-a-diferenca-entre-analgesia-e-sedacao\/#primaryimage","url":"https:\/\/www.grupomedcof.com.br\/blog\/wp-content\/uploads\/2024\/12\/Blog-MedCof-18-scaled.jpg","contentUrl":"https:\/\/www.grupomedcof.com.br\/blog\/wp-content\/uploads\/2024\/12\/Blog-MedCof-18-scaled.jpg","width":2560,"height":1440},{"@type":"BreadcrumbList","@id":"https:\/\/www.grupomedcof.com.br\/blog\/entenda-a-diferenca-entre-analgesia-e-sedacao\/#breadcrumb","itemListElement":[{"@type":"ListItem","position":1,"name":"In\u00edcio","item":"https:\/\/www.grupomedcof.com.br\/blog\/"},{"@type":"ListItem","position":2,"name":"Entenda a diferen\u00e7a entre Analgesia e Seda\u00e7\u00e3o"}]},{"@type":"WebSite","@id":"https:\/\/www.grupomedcof.com.br\/blog\/#website","url":"https:\/\/www.grupomedcof.com.br\/blog\/","name":"Blog de Medcof: conte\u00fados, editais, revalida e mais!","description":"Acesso o blog de MedCof! Seu portal de conte\u00fados sobre resid\u00eancia m\u00e9dica, an\u00e1lise e editais e muito mais. Clique e confira!","publisher":{"@id":"https:\/\/www.grupomedcof.com.br\/blog\/#organization"},"alternateName":"Blog de Medcof: conte\u00fados, editais, revalida e mais!","potentialAction":[{"@type":"SearchAction","target":{"@type":"EntryPoint","urlTemplate":"https:\/\/www.grupomedcof.com.br\/blog\/?s={search_term_string}"},"query-input":{"@type":"PropertyValueSpecification","valueRequired":true,"valueName":"search_term_string"}}],"inLanguage":"pt-BR"},{"@type":"Organization","@id":"https:\/\/www.grupomedcof.com.br\/blog\/#organization","name":"Grupo MedCof","url":"https:\/\/www.grupomedcof.com.br\/blog\/","logo":{"@type":"ImageObject","inLanguage":"pt-BR","@id":"https:\/\/www.grupomedcof.com.br\/blog\/#\/schema\/logo\/image\/","url":"https:\/\/www.grupomedcof.com.br\/blog\/wp-content\/uploads\/2022\/01\/logo-medcof.png","contentUrl":"https:\/\/www.grupomedcof.com.br\/blog\/wp-content\/uploads\/2022\/01\/logo-medcof.png","width":768,"height":269,"caption":"Grupo MedCof"},"image":{"@id":"https:\/\/www.grupomedcof.com.br\/blog\/#\/schema\/logo\/image\/"},"sameAs":["https:\/\/www.facebook.com\/MedCofQbank\/","https:\/\/www.instagram.com\/grupomedcof\/","https:\/\/br.linkedin.com\/company\/medcof","https:\/\/www.youtube.com\/channel\/UCdHMuOHKICxcHwecxN8P-AA"]},{"@type":"Person","@id":"https:\/\/www.grupomedcof.com.br\/blog\/#\/schema\/person\/db19a651f86c5fc202d6eee744fd3292","name":"Kiara Adelino","image":{"@type":"ImageObject","inLanguage":"pt-BR","@id":"https:\/\/www.grupomedcof.com.br\/blog\/wp-content\/uploads\/2024\/08\/cropped-Kiara-Adelino2-96x96.jpega85663bdda67261f8f06f86e555e1e49","url":"https:\/\/www.grupomedcof.com.br\/blog\/wp-content\/uploads\/2024\/08\/cropped-Kiara-Adelino2-96x96.jpeg","contentUrl":"https:\/\/www.grupomedcof.com.br\/blog\/wp-content\/uploads\/2024\/08\/cropped-Kiara-Adelino2-96x96.jpeg","caption":"Kiara Adelino"},"description":"Estudante do 5\u00b0 semestre de Medicina. Gosto bastante de aprender coisas novas, principalmente na \u00e1rea de Neurologia e Anatomia humana.","url":"https:\/\/www.grupomedcof.com.br\/blog\/author\/kiara-adelino\/"}]}},"authors":[{"term_id":3617,"user_id":21,"is_guest":0,"slug":"kiara-adelino","display_name":"Kiara Adelino","avatar_url":"https:\/\/www.grupomedcof.com.br\/blog\/wp-content\/uploads\/2024\/08\/cropped-Kiara-Adelino2-96x96.jpeg","0":null,"1":"","2":"","3":"","4":"","5":"","6":"","7":"","8":""}],"_links":{"self":[{"href":"https:\/\/www.grupomedcof.com.br\/blog\/wp-json\/wp\/v2\/posts\/32148","targetHints":{"allow":["GET"]}}],"collection":[{"href":"https:\/\/www.grupomedcof.com.br\/blog\/wp-json\/wp\/v2\/posts"}],"about":[{"href":"https:\/\/www.grupomedcof.com.br\/blog\/wp-json\/wp\/v2\/types\/post"}],"author":[{"embeddable":true,"href":"https:\/\/www.grupomedcof.com.br\/blog\/wp-json\/wp\/v2\/users\/21"}],"replies":[{"embeddable":true,"href":"https:\/\/www.grupomedcof.com.br\/blog\/wp-json\/wp\/v2\/comments?post=32148"}],"version-history":[{"count":0,"href":"https:\/\/www.grupomedcof.com.br\/blog\/wp-json\/wp\/v2\/posts\/32148\/revisions"}],"wp:featuredmedia":[{"embeddable":true,"href":"https:\/\/www.grupomedcof.com.br\/blog\/wp-json\/wp\/v2\/media\/32150"}],"wp:attachment":[{"href":"https:\/\/www.grupomedcof.com.br\/blog\/wp-json\/wp\/v2\/media?parent=32148"}],"wp:term":[{"taxonomy":"category","embeddable":true,"href":"https:\/\/www.grupomedcof.com.br\/blog\/wp-json\/wp\/v2\/categories?post=32148"},{"taxonomy":"post_tag","embeddable":true,"href":"https:\/\/www.grupomedcof.com.br\/blog\/wp-json\/wp\/v2\/tags?post=32148"},{"taxonomy":"author","embeddable":true,"href":"https:\/\/www.grupomedcof.com.br\/blog\/wp-json\/wp\/v2\/ppma_author?post=32148"}],"curies":[{"name":"wp","href":"https:\/\/api.w.org\/{rel}","templated":true}]}}