{"id":32234,"date":"2024-12-06T10:25:27","date_gmt":"2024-12-06T13:25:27","guid":{"rendered":"https:\/\/www.grupomedcof.com.br\/blog\/?p=32234"},"modified":"2026-04-24T14:37:57","modified_gmt":"2026-04-24T17:37:57","slug":"conceitos-basicos-sobre-o-trauma-cervical-entenda-sobre-suas-especificidades","status":"publish","type":"post","link":"https:\/\/www.grupomedcof.com.br\/blog\/conceitos-basicos-sobre-o-trauma-cervical-entenda-sobre-suas-especificidades\/","title":{"rendered":"Conceitos B\u00e1sicos sobre o trauma cervical: Entenda sobre suas especificidades\u00a0"},"content":{"rendered":"<div id=\"ez-toc-container\" class=\"ez-toc-v2_0_74 counter-hierarchy ez-toc-counter ez-toc-transparent ez-toc-container-direction\">\n<div class=\"ez-toc-title-container\">\n<p class=\"ez-toc-title\" style=\"cursor:inherit\">Sum\u00e1rio<\/p>\n<span class=\"ez-toc-title-toggle\"><a href=\"#\" class=\"ez-toc-pull-right ez-toc-btn ez-toc-btn-xs ez-toc-btn-default ez-toc-toggle\" aria-label=\"Alternar tabela de conte\u00fado\"><span class=\"ez-toc-js-icon-con\"><span class=\"\"><span class=\"eztoc-hide\" style=\"display:none;\">Toggle<\/span><span class=\"ez-toc-icon-toggle-span\"><svg style=\"fill: #999;color:#999\" xmlns=\"http:\/\/www.w3.org\/2000\/svg\" class=\"list-377408\" width=\"20px\" height=\"20px\" viewBox=\"0 0 24 24\" fill=\"none\"><path d=\"M6 6H4v2h2V6zm14 0H8v2h12V6zM4 11h2v2H4v-2zm16 0H8v2h12v-2zM4 16h2v2H4v-2zm16 0H8v2h12v-2z\" fill=\"currentColor\"><\/path><\/svg><svg style=\"fill: #999;color:#999\" class=\"arrow-unsorted-368013\" xmlns=\"http:\/\/www.w3.org\/2000\/svg\" width=\"10px\" height=\"10px\" viewBox=\"0 0 24 24\" version=\"1.2\" baseProfile=\"tiny\"><path d=\"M18.2 9.3l-6.2-6.3-6.2 6.3c-.2.2-.3.4-.3.7s.1.5.3.7c.2.2.4.3.7.3h11c.3 0 .5-.1.7-.3.2-.2.3-.5.3-.7s-.1-.5-.3-.7zM5.8 14.7l6.2 6.3 6.2-6.3c.2-.2.3-.5.3-.7s-.1-.5-.3-.7c-.2-.2-.4-.3-.7-.3h-11c-.3 0-.5.1-.7.3-.2.2-.3.5-.3.7s.1.5.3.7z\"\/><\/svg><\/span><\/span><\/span><\/a><\/span><\/div>\n<nav><ul class='ez-toc-list ez-toc-list-level-1 ' ><li class='ez-toc-page-1 ez-toc-heading-level-2'><a class=\"ez-toc-link ez-toc-heading-1\" href=\"https:\/\/www.grupomedcof.com.br\/blog\/conceitos-basicos-sobre-o-trauma-cervical-entenda-sobre-suas-especificidades\/#Contextualizando\" >Contextualizando&nbsp;<\/a><\/li><li class='ez-toc-page-1 ez-toc-heading-level-2'><a class=\"ez-toc-link ez-toc-heading-2\" href=\"https:\/\/www.grupomedcof.com.br\/blog\/conceitos-basicos-sobre-o-trauma-cervical-entenda-sobre-suas-especificidades\/#Zonas_de_trauma\" >Zonas de trauma&nbsp;<\/a><\/li><li class='ez-toc-page-1 ez-toc-heading-level-2'><a class=\"ez-toc-link ez-toc-heading-3\" href=\"https:\/\/www.grupomedcof.com.br\/blog\/conceitos-basicos-sobre-o-trauma-cervical-entenda-sobre-suas-especificidades\/#Sinais\" >Sinais&nbsp;<\/a><\/li><li class='ez-toc-page-1 ez-toc-heading-level-2'><a class=\"ez-toc-link ez-toc-heading-4\" href=\"https:\/\/www.grupomedcof.com.br\/blog\/conceitos-basicos-sobre-o-trauma-cervical-entenda-sobre-suas-especificidades\/#Conduta_Medica\" >Conduta M\u00e9dica\u00a0<\/a><\/li><li class='ez-toc-page-1 ez-toc-heading-level-2'><a class=\"ez-toc-link ez-toc-heading-5\" href=\"https:\/\/www.grupomedcof.com.br\/blog\/conceitos-basicos-sobre-o-trauma-cervical-entenda-sobre-suas-especificidades\/#O_metodo_que_te_aprova\" >O m\u00e9todo que te aprova!<\/a><\/li><\/ul><\/nav><\/div>\n\n<figure class=\"wp-block-image size-large\"><img loading=\"lazy\" decoding=\"async\" width=\"1024\" height=\"576\" src=\"https:\/\/www.grupomedcof.com.br\/blog\/wp-content\/uploads\/2024\/12\/Blog-MedCof-20-1024x576.jpg\" alt=\"\" class=\"wp-image-32236\" srcset=\"https:\/\/www.grupomedcof.com.br\/blog\/wp-content\/uploads\/2024\/12\/Blog-MedCof-20-1024x576.jpg 1024w, https:\/\/www.grupomedcof.com.br\/blog\/wp-content\/uploads\/2024\/12\/Blog-MedCof-20-300x169.jpg 300w, https:\/\/www.grupomedcof.com.br\/blog\/wp-content\/uploads\/2024\/12\/Blog-MedCof-20-768x432.jpg 768w, https:\/\/www.grupomedcof.com.br\/blog\/wp-content\/uploads\/2024\/12\/Blog-MedCof-20-1536x864.jpg 1536w, https:\/\/www.grupomedcof.com.br\/blog\/wp-content\/uploads\/2024\/12\/Blog-MedCof-20-2048x1152.jpg 2048w, https:\/\/www.grupomedcof.com.br\/blog\/wp-content\/uploads\/2024\/12\/Blog-MedCof-20-747x420.jpg 747w, https:\/\/www.grupomedcof.com.br\/blog\/wp-content\/uploads\/2024\/12\/Blog-MedCof-20-150x84.jpg 150w, https:\/\/www.grupomedcof.com.br\/blog\/wp-content\/uploads\/2024\/12\/Blog-MedCof-20-696x392.jpg 696w, https:\/\/www.grupomedcof.com.br\/blog\/wp-content\/uploads\/2024\/12\/Blog-MedCof-20-1068x601.jpg 1068w, https:\/\/www.grupomedcof.com.br\/blog\/wp-content\/uploads\/2024\/12\/Blog-MedCof-20-1920x1080.jpg 1920w\" sizes=\"auto, (max-width: 1024px) 100vw, 1024px\" \/><\/figure>\n\n\n\n<h2 class=\"wp-block-heading\" id=\"h-contextualizando-nbsp\"><span class=\"ez-toc-section\" id=\"Contextualizando\"><\/span><strong>Contextualizando&nbsp;<\/strong><span class=\"ez-toc-section-end\"><\/span><\/h2>\n\n\n\n<p>O <strong>trauma cervical<\/strong> \u00e9 considerado um dos mais danosos entre os tipos de trauma, j\u00e1 que acomete estruturas nobres. Os casos de trauma cervical correspondem a 5 a 10% do total e podem afetar os 5 principais sistemas:\u00a0 vascular, respirat\u00f3rio, digestivo, neurol\u00f3gico\/\u00f3sseo e endocrino. Embora n\u00e3o haja um consenso liter\u00e1rio quanto \u00e0s classifica\u00e7\u00f5es, podemos citar como mais importante mecanismos de traumas: contuso e penetrante. Sendo assintom\u00e1tico, o mecanismo contuso \u00e9 mais raro e geralmente associado a acidentes automobil\u00edsticos e enforcamento (raramente causa les\u00f5es graves, geralmente acomete a coluna cervical). Tamb\u00e9m assintom\u00e1tico, o mecanismo penetrante, mais estudado e conhecido, \u00e9 associado a FAB ou FAF.<\/p>\n\n\n\n<p>&nbsp;A abordagem m\u00e9dica \u00e9 feita por zonas e levando em conta se \u00e9 ou n\u00e3o sintom\u00e1tico.&nbsp;<\/p>\n\n\n\n<h2 class=\"wp-block-heading\"><span class=\"ez-toc-section\" id=\"Zonas_de_trauma\"><\/span><strong>Zonas de trauma&nbsp;<\/strong><span class=\"ez-toc-section-end\"><\/span><\/h2>\n\n\n\n<p>Classificadas em 1, 2 e 3 de baixo para cima.<\/p>\n\n\n\n<figure class=\"wp-block-image is-resized\"><img decoding=\"async\" src=\"https:\/\/lh7-rt.googleusercontent.com\/docsz\/AD_4nXeq0W4hD6ZvY-nrNNL6wOCszUVbPTzIJ5QlpYK-aYBVwi-Reo0-7f-zUm3oBh2vgIkNJ1FN3VzkriUqMWhUf8g6U00dFa_CIyHLyeKYsyGfyOY2lA1hMJUT1QQNFrIcKLAmB_c9tQ?key=-S9yHuo6daVaRHaE_ENLb40S\" alt=\"\" style=\"width:376px;height:auto\"\/><figcaption class=\"wp-element-caption\">Fonte: Acervo de Aulas do Grupo MedCof.<br><\/figcaption><\/figure>\n\n\n\n<ul class=\"wp-block-list\">\n<li>Zona 1: f\u00farcula esternal at\u00e9 cartilagem cric\u00f3ide\u00a0<\/li>\n\n\n\n<li>Zona 2: cartilagem cric\u00f3ide at\u00e9 \u00e2ngulo da mand\u00edbula\u00a0<\/li>\n\n\n\n<li>Zona 3: \u00e2ngulo da mand\u00edbula at\u00e9 a base do cr\u00e2nio\u00a0<\/li>\n<\/ul>\n\n\n\n<h2 class=\"wp-block-heading\"><span class=\"ez-toc-section\" id=\"Sinais\"><\/span><strong>Sinais&nbsp;<\/strong><span class=\"ez-toc-section-end\"><\/span><\/h2>\n\n\n\n<p>Diferenciados em sinais de emerg\u00eancia\/gravidade e sintomas moderados, podem ser assim divididos:<\/p>\n\n\n\n<figure class=\"wp-block-table\"><table class=\"has-fixed-layout\"><tbody><tr><td><strong>De emerg\u00eancia&nbsp;<\/strong><\/td><td><strong>Moderados<\/strong>&nbsp;<\/td><\/tr><tr><td>Hemorragia incontrol\u00e1vel&nbsp;<\/td><td>Hemorragia pequena<\/td><\/tr><tr><td>Hematoma em expans\u00e3o ou puls\u00e1til&nbsp;<\/td><td>Hematoma n\u00e3o expansivo&nbsp;<\/td><\/tr><tr><td>Hemoptise ou hemat\u00eamese massiva&nbsp;<\/td><td>Hemoptise ou hemat\u00eamese pequena&nbsp;<\/td><\/tr><tr><td>Choque&nbsp;<\/td><td>Hipotens\u00e3o responsivo a volume&nbsp;<\/td><\/tr><tr><td>Insufici\u00eancia Respirat\u00f3ria&nbsp;<\/td><td>Hipotens\u00e3o responsiva a volume&nbsp;<\/td><\/tr><tr><td>D\u00e9ficit neurol\u00f3gico compat\u00edvel com Isquemia&nbsp;<\/td><td>Enfisema subcut\u00e2neo&nbsp;<\/td><\/tr><tr><td>Ferida \u201csoprante\u201d<\/td><td>Disfonia \u00e9 Disgafia&nbsp;<\/td><\/tr><\/tbody><\/table><\/figure>\n\n\n\n<h2 class=\"wp-block-heading\" id=\"h-conduta-medica\"><span class=\"ez-toc-section\" id=\"Conduta_Medica\"><\/span><strong>Conduta M\u00e9dica\u00a0<\/strong><span class=\"ez-toc-section-end\"><\/span><\/h2>\n\n\n\n<p>Sempre iniciamos com a ordem de a\u00e7\u00e3o ABCDE\/ATLS&nbsp; para promover um controle de via a\u00e9rea (principal intuito). Posteriormente, o manejo varia conforme zonas, sintomas e apresenta\u00e7\u00e3o.&nbsp;<\/p>\n\n\n\n<p>De modo geral, os sinais de emerg\u00eancia nos guiam para uma interven\u00e7\u00e3o cir\u00fargica e os sinais moderados a uma angioTC de triagem para defini\u00e7\u00e3o melhor da conduta. Se a angiotomografia for inconclusiva, nos guiamos pelas zonas.&nbsp;<\/p>\n\n\n\n<ul class=\"wp-block-list\">\n<li>Zona 1: investigar melhor, podemos abrir m\u00e3o de angiograma, esofagograma, endoscopia, laringoscopia\u2026<\/li>\n\n\n\n<li>Zona 2: cir\u00fargico\u00a0<\/li>\n\n\n\n<li>Zona 3: arteriografia\u00a0<\/li>\n<\/ul>\n\n\n\n<p>O manejo cir\u00fargico n\u00e3o deve nunca explorar ferida fora do centro cir\u00fargico! Se for operar, devemos realizar uma cervicotomia ampla, acompanhando o ECM. Na zona I, o mais indicado \u00e9 a esternotomia\/toracotomia, na zona II a luxa\u00e7\u00e3o de mand\u00edbula e em casos de sangramentos profundos, passar por sonda Foley para tamponar sangramento at\u00e9 chegar no centro cir\u00fargico.<\/p>\n\n\n\n<h2 class=\"wp-block-heading\" id=\"o-m\u00e9todo-que-te-aprova\"><span class=\"ez-toc-section\" id=\"O_metodo_que_te_aprova\"><\/span><strong>O m\u00e9todo que te aprova!<\/strong><span class=\"ez-toc-section-end\"><\/span><\/h2>\n\n\n\n<p>Quer alcan\u00e7ar a aprova\u00e7\u00e3o nas provas de resid\u00eancia m\u00e9dica? Ent\u00e3o seja um&nbsp;<a href=\"https:\/\/www.grupomedcof.com.br\/home\/\" target=\"_blank\" rel=\"noreferrer noopener\">MedCoffer<\/a>! Aqui te ajudaremos na busca da aprova\u00e7\u00e3o com conte\u00fados de qualidade e uma&nbsp;<a href=\"https:\/\/www.grupomedcof.com.br\/blog\/presenca-da-medcof-nas-aprovacoes-em-residencia-medica-no-brasil\/\" target=\"_blank\" rel=\"noreferrer noopener\">metodologia que j\u00e1 aprovou mais de 10 mil residentes no pa\u00eds!&nbsp;<\/a>Por fim, acesse o nosso<a href=\"https:\/\/www.youtube.com\/@GrupoMedcof\/featured\" target=\"_blank\" rel=\"noreferrer noopener\">&nbsp;<strong>canal do youtube&nbsp;<\/strong><\/a>para ver o nosso material.<\/p>\n\n\n\n<figure class=\"wp-block-embed is-type-video is-provider-youtube wp-block-embed-youtube wp-embed-aspect-16-9 wp-has-aspect-ratio\"><div class=\"wp-block-embed__wrapper\">\n<div class=\"youtube-embed\" data-video_id=\"IdVwwjq3v3k\"><iframe loading=\"lazy\" title=\"COFEXPRESS - Trauma Raquimedular. Com Dr. Henrique Lunardelli\" width=\"696\" height=\"392\" src=\"https:\/\/www.youtube.com\/embed\/IdVwwjq3v3k?feature=oembed&#038;enablejsapi=1\" frameborder=\"0\" allow=\"accelerometer; autoplay; clipboard-write; encrypted-media; gyroscope; picture-in-picture; web-share\" referrerpolicy=\"strict-origin-when-cross-origin\" allowfullscreen><\/iframe><\/div>\n<\/div><\/figure>\n","protected":false},"excerpt":{"rendered":"<p>O trauma cervical \u00e9 considerado um dos mais danosos entre os tipos de trauma, j\u00e1 que acomete estruturas nobres. Entenda!<\/p>\n","protected":false},"author":21,"featured_media":32236,"comment_status":"open","ping_status":"open","sticky":false,"template":"","format":"standard","meta":{"footnotes":""},"categories":[135],"tags":[2351,2154,68,2349,2350],"ppma_author":[3617],"class_list":{"0":"post-32234","1":"post","2":"type-post","3":"status-publish","4":"format-standard","5":"has-post-thumbnail","7":"category-cirurgia-geral","8":"tag-conceitos-basicos-trauma-cervical","9":"tag-conduta-medica","10":"tag-residencia-medica","11":"tag-trauma-cervical","12":"tag-zonas-de-trauma"},"yoast_head":"<!-- This site is optimized with the Yoast SEO Premium plugin v24.3 (Yoast SEO v27.4) - https:\/\/yoast.com\/product\/yoast-seo-premium-wordpress\/ -->\n<title>Trauma Cervical: Conceitos e Especificidades | MedCof<\/title>\n<meta name=\"description\" content=\"O trauma cervical \u00e9 considerado um dos mais danosos entre os tipos de trauma, j\u00e1 que acomete estruturas nobres. Entenda!\" \/>\n<meta name=\"robots\" content=\"index, follow, max-snippet:-1, max-image-preview:large, max-video-preview:-1\" \/>\n<link rel=\"canonical\" href=\"https:\/\/www.grupomedcof.com.br\/blog\/conceitos-basicos-sobre-o-trauma-cervical-entenda-sobre-suas-especificidades\/\" \/>\n<meta property=\"og:locale\" content=\"pt_BR\" \/>\n<meta property=\"og:type\" content=\"article\" \/>\n<meta property=\"og:title\" content=\"Conceitos B\u00e1sicos sobre o trauma cervical: Entenda sobre suas especificidades\u00a0\" \/>\n<meta property=\"og:description\" content=\"O trauma cervical \u00e9 considerado um dos mais danosos entre os tipos de trauma, j\u00e1 que acomete estruturas nobres. Entenda!\" \/>\n<meta property=\"og:url\" content=\"https:\/\/www.grupomedcof.com.br\/blog\/conceitos-basicos-sobre-o-trauma-cervical-entenda-sobre-suas-especificidades\/\" \/>\n<meta property=\"og:site_name\" content=\"Blog de Medcof: conte\u00fados, editais, revalida e mais!\" \/>\n<meta property=\"article:publisher\" content=\"https:\/\/www.facebook.com\/MedCofQbank\/\" \/>\n<meta property=\"article:published_time\" content=\"2024-12-06T13:25:27+00:00\" \/>\n<meta property=\"article:modified_time\" content=\"2026-04-24T17:37:57+00:00\" \/>\n<meta property=\"og:image\" content=\"https:\/\/www.grupomedcof.com.br\/blog\/wp-content\/uploads\/2024\/12\/Blog-MedCof-20-scaled.jpg\" \/>\n\t<meta property=\"og:image:width\" content=\"2560\" \/>\n\t<meta property=\"og:image:height\" content=\"1440\" \/>\n\t<meta property=\"og:image:type\" content=\"image\/jpeg\" \/>\n<meta name=\"author\" content=\"Kiara Adelino\" \/>\n<meta name=\"twitter:card\" content=\"summary_large_image\" \/>\n<meta name=\"twitter:label1\" content=\"Escrito por\" \/>\n\t<meta name=\"twitter:data1\" content=\"Kiara Adelino\" \/>\n\t<meta name=\"twitter:label2\" content=\"Est. tempo de leitura\" \/>\n\t<meta name=\"twitter:data2\" content=\"3 minutos\" \/>\n<script type=\"application\/ld+json\" class=\"yoast-schema-graph\">{\"@context\":\"https:\\\/\\\/schema.org\",\"@graph\":[{\"@type\":\"Article\",\"@id\":\"https:\\\/\\\/www.grupomedcof.com.br\\\/blog\\\/conceitos-basicos-sobre-o-trauma-cervical-entenda-sobre-suas-especificidades\\\/#article\",\"isPartOf\":{\"@id\":\"https:\\\/\\\/www.grupomedcof.com.br\\\/blog\\\/conceitos-basicos-sobre-o-trauma-cervical-entenda-sobre-suas-especificidades\\\/\"},\"author\":{\"name\":\"Kiara Adelino\",\"@id\":\"https:\\\/\\\/www.grupomedcof.com.br\\\/blog\\\/#\\\/schema\\\/person\\\/db19a651f86c5fc202d6eee744fd3292\"},\"headline\":\"Conceitos B\u00e1sicos sobre o trauma cervical: Entenda sobre suas especificidades\u00a0\",\"datePublished\":\"2024-12-06T13:25:27+00:00\",\"dateModified\":\"2026-04-24T17:37:57+00:00\",\"mainEntityOfPage\":{\"@id\":\"https:\\\/\\\/www.grupomedcof.com.br\\\/blog\\\/conceitos-basicos-sobre-o-trauma-cervical-entenda-sobre-suas-especificidades\\\/\"},\"wordCount\":510,\"commentCount\":0,\"publisher\":{\"@id\":\"https:\\\/\\\/www.grupomedcof.com.br\\\/blog\\\/#organization\"},\"image\":{\"@id\":\"https:\\\/\\\/www.grupomedcof.com.br\\\/blog\\\/conceitos-basicos-sobre-o-trauma-cervical-entenda-sobre-suas-especificidades\\\/#primaryimage\"},\"thumbnailUrl\":\"https:\\\/\\\/www.grupomedcof.com.br\\\/blog\\\/wp-content\\\/uploads\\\/2024\\\/12\\\/Blog-MedCof-20-scaled.jpg\",\"keywords\":[\"Conceitos B\u00e1sicos Trauma Cervical\",\"Conduta M\u00e9dica\",\"Resid\u00eancia M\u00e9dica\",\"Trauma Cervical\",\"Zonas de trauma\"],\"articleSection\":[\"Cirurgia Geral\"],\"inLanguage\":\"pt-BR\"},{\"@type\":\"WebPage\",\"@id\":\"https:\\\/\\\/www.grupomedcof.com.br\\\/blog\\\/conceitos-basicos-sobre-o-trauma-cervical-entenda-sobre-suas-especificidades\\\/\",\"url\":\"https:\\\/\\\/www.grupomedcof.com.br\\\/blog\\\/conceitos-basicos-sobre-o-trauma-cervical-entenda-sobre-suas-especificidades\\\/\",\"name\":\"Trauma Cervical: Conceitos e Especificidades | MedCof\",\"isPartOf\":{\"@id\":\"https:\\\/\\\/www.grupomedcof.com.br\\\/blog\\\/#website\"},\"primaryImageOfPage\":{\"@id\":\"https:\\\/\\\/www.grupomedcof.com.br\\\/blog\\\/conceitos-basicos-sobre-o-trauma-cervical-entenda-sobre-suas-especificidades\\\/#primaryimage\"},\"image\":{\"@id\":\"https:\\\/\\\/www.grupomedcof.com.br\\\/blog\\\/conceitos-basicos-sobre-o-trauma-cervical-entenda-sobre-suas-especificidades\\\/#primaryimage\"},\"thumbnailUrl\":\"https:\\\/\\\/www.grupomedcof.com.br\\\/blog\\\/wp-content\\\/uploads\\\/2024\\\/12\\\/Blog-MedCof-20-scaled.jpg\",\"datePublished\":\"2024-12-06T13:25:27+00:00\",\"dateModified\":\"2026-04-24T17:37:57+00:00\",\"description\":\"O trauma cervical \u00e9 considerado um dos mais danosos entre os tipos de trauma, j\u00e1 que acomete estruturas nobres. Entenda!\",\"breadcrumb\":{\"@id\":\"https:\\\/\\\/www.grupomedcof.com.br\\\/blog\\\/conceitos-basicos-sobre-o-trauma-cervical-entenda-sobre-suas-especificidades\\\/#breadcrumb\"},\"inLanguage\":\"pt-BR\",\"potentialAction\":[{\"@type\":\"ReadAction\",\"target\":[\"https:\\\/\\\/www.grupomedcof.com.br\\\/blog\\\/conceitos-basicos-sobre-o-trauma-cervical-entenda-sobre-suas-especificidades\\\/\"]}]},{\"@type\":\"ImageObject\",\"inLanguage\":\"pt-BR\",\"@id\":\"https:\\\/\\\/www.grupomedcof.com.br\\\/blog\\\/conceitos-basicos-sobre-o-trauma-cervical-entenda-sobre-suas-especificidades\\\/#primaryimage\",\"url\":\"https:\\\/\\\/www.grupomedcof.com.br\\\/blog\\\/wp-content\\\/uploads\\\/2024\\\/12\\\/Blog-MedCof-20-scaled.jpg\",\"contentUrl\":\"https:\\\/\\\/www.grupomedcof.com.br\\\/blog\\\/wp-content\\\/uploads\\\/2024\\\/12\\\/Blog-MedCof-20-scaled.jpg\",\"width\":2560,\"height\":1440},{\"@type\":\"BreadcrumbList\",\"@id\":\"https:\\\/\\\/www.grupomedcof.com.br\\\/blog\\\/conceitos-basicos-sobre-o-trauma-cervical-entenda-sobre-suas-especificidades\\\/#breadcrumb\",\"itemListElement\":[{\"@type\":\"ListItem\",\"position\":1,\"name\":\"In\u00edcio\",\"item\":\"https:\\\/\\\/www.grupomedcof.com.br\\\/blog\\\/\"},{\"@type\":\"ListItem\",\"position\":2,\"name\":\"Conceitos B\u00e1sicos sobre o trauma cervical: Entenda sobre suas especificidades\u00a0\"}]},{\"@type\":\"WebSite\",\"@id\":\"https:\\\/\\\/www.grupomedcof.com.br\\\/blog\\\/#website\",\"url\":\"https:\\\/\\\/www.grupomedcof.com.br\\\/blog\\\/\",\"name\":\"Blog de Medcof: conte\u00fados, editais, revalida e mais!\",\"description\":\"Acesso o blog de MedCof! Seu portal de conte\u00fados sobre resid\u00eancia m\u00e9dica, an\u00e1lise e editais e muito mais. Clique e confira!\",\"publisher\":{\"@id\":\"https:\\\/\\\/www.grupomedcof.com.br\\\/blog\\\/#organization\"},\"alternateName\":\"Blog de Medcof: conte\u00fados, editais, revalida e mais!\",\"potentialAction\":[{\"@type\":\"SearchAction\",\"target\":{\"@type\":\"EntryPoint\",\"urlTemplate\":\"https:\\\/\\\/www.grupomedcof.com.br\\\/blog\\\/?s={search_term_string}\"},\"query-input\":{\"@type\":\"PropertyValueSpecification\",\"valueRequired\":true,\"valueName\":\"search_term_string\"}}],\"inLanguage\":\"pt-BR\"},{\"@type\":\"Organization\",\"@id\":\"https:\\\/\\\/www.grupomedcof.com.br\\\/blog\\\/#organization\",\"name\":\"Grupo MedCof\",\"url\":\"https:\\\/\\\/www.grupomedcof.com.br\\\/blog\\\/\",\"logo\":{\"@type\":\"ImageObject\",\"inLanguage\":\"pt-BR\",\"@id\":\"https:\\\/\\\/www.grupomedcof.com.br\\\/blog\\\/#\\\/schema\\\/logo\\\/image\\\/\",\"url\":\"https:\\\/\\\/www.grupomedcof.com.br\\\/blog\\\/wp-content\\\/uploads\\\/2022\\\/01\\\/logo-medcof.png\",\"contentUrl\":\"https:\\\/\\\/www.grupomedcof.com.br\\\/blog\\\/wp-content\\\/uploads\\\/2022\\\/01\\\/logo-medcof.png\",\"width\":768,\"height\":269,\"caption\":\"Grupo MedCof\"},\"image\":{\"@id\":\"https:\\\/\\\/www.grupomedcof.com.br\\\/blog\\\/#\\\/schema\\\/logo\\\/image\\\/\"},\"sameAs\":[\"https:\\\/\\\/www.facebook.com\\\/MedCofQbank\\\/\",\"https:\\\/\\\/www.instagram.com\\\/grupomedcof\\\/\",\"https:\\\/\\\/br.linkedin.com\\\/company\\\/medcof\",\"https:\\\/\\\/www.youtube.com\\\/channel\\\/UCdHMuOHKICxcHwecxN8P-AA\"]},{\"@type\":\"Person\",\"@id\":\"https:\\\/\\\/www.grupomedcof.com.br\\\/blog\\\/#\\\/schema\\\/person\\\/db19a651f86c5fc202d6eee744fd3292\",\"name\":\"Kiara Adelino\",\"image\":{\"@type\":\"ImageObject\",\"inLanguage\":\"pt-BR\",\"@id\":\"https:\\\/\\\/www.grupomedcof.com.br\\\/blog\\\/wp-content\\\/uploads\\\/2024\\\/08\\\/cropped-Kiara-Adelino2-96x96.jpega85663bdda67261f8f06f86e555e1e49\",\"url\":\"https:\\\/\\\/www.grupomedcof.com.br\\\/blog\\\/wp-content\\\/uploads\\\/2024\\\/08\\\/cropped-Kiara-Adelino2-96x96.jpeg\",\"contentUrl\":\"https:\\\/\\\/www.grupomedcof.com.br\\\/blog\\\/wp-content\\\/uploads\\\/2024\\\/08\\\/cropped-Kiara-Adelino2-96x96.jpeg\",\"caption\":\"Kiara Adelino\"},\"description\":\"Estudante do 5\u00b0 semestre de Medicina. Gosto bastante de aprender coisas novas, principalmente na \u00e1rea de Neurologia e Anatomia humana.\",\"url\":\"https:\\\/\\\/www.grupomedcof.com.br\\\/blog\\\/author\\\/kiara-adelino\\\/\"}]}<\/script>\n<!-- \/ Yoast SEO Premium plugin. -->","yoast_head_json":{"title":"Trauma Cervical: Conceitos e Especificidades | MedCof","description":"O trauma cervical \u00e9 considerado um dos mais danosos entre os tipos de trauma, j\u00e1 que acomete estruturas nobres. Entenda!","robots":{"index":"index","follow":"follow","max-snippet":"max-snippet:-1","max-image-preview":"max-image-preview:large","max-video-preview":"max-video-preview:-1"},"canonical":"https:\/\/www.grupomedcof.com.br\/blog\/conceitos-basicos-sobre-o-trauma-cervical-entenda-sobre-suas-especificidades\/","og_locale":"pt_BR","og_type":"article","og_title":"Conceitos B\u00e1sicos sobre o trauma cervical: Entenda sobre suas especificidades\u00a0","og_description":"O trauma cervical \u00e9 considerado um dos mais danosos entre os tipos de trauma, j\u00e1 que acomete estruturas nobres. Entenda!","og_url":"https:\/\/www.grupomedcof.com.br\/blog\/conceitos-basicos-sobre-o-trauma-cervical-entenda-sobre-suas-especificidades\/","og_site_name":"Blog de Medcof: conte\u00fados, editais, revalida e mais!","article_publisher":"https:\/\/www.facebook.com\/MedCofQbank\/","article_published_time":"2024-12-06T13:25:27+00:00","article_modified_time":"2026-04-24T17:37:57+00:00","og_image":[{"width":2560,"height":1440,"url":"https:\/\/www.grupomedcof.com.br\/blog\/wp-content\/uploads\/2024\/12\/Blog-MedCof-20-scaled.jpg","type":"image\/jpeg"}],"author":"Kiara Adelino","twitter_card":"summary_large_image","twitter_misc":{"Escrito por":"Kiara Adelino","Est. tempo de leitura":"3 minutos"},"schema":{"@context":"https:\/\/schema.org","@graph":[{"@type":"Article","@id":"https:\/\/www.grupomedcof.com.br\/blog\/conceitos-basicos-sobre-o-trauma-cervical-entenda-sobre-suas-especificidades\/#article","isPartOf":{"@id":"https:\/\/www.grupomedcof.com.br\/blog\/conceitos-basicos-sobre-o-trauma-cervical-entenda-sobre-suas-especificidades\/"},"author":{"name":"Kiara Adelino","@id":"https:\/\/www.grupomedcof.com.br\/blog\/#\/schema\/person\/db19a651f86c5fc202d6eee744fd3292"},"headline":"Conceitos B\u00e1sicos sobre o trauma cervical: Entenda sobre suas especificidades\u00a0","datePublished":"2024-12-06T13:25:27+00:00","dateModified":"2026-04-24T17:37:57+00:00","mainEntityOfPage":{"@id":"https:\/\/www.grupomedcof.com.br\/blog\/conceitos-basicos-sobre-o-trauma-cervical-entenda-sobre-suas-especificidades\/"},"wordCount":510,"commentCount":0,"publisher":{"@id":"https:\/\/www.grupomedcof.com.br\/blog\/#organization"},"image":{"@id":"https:\/\/www.grupomedcof.com.br\/blog\/conceitos-basicos-sobre-o-trauma-cervical-entenda-sobre-suas-especificidades\/#primaryimage"},"thumbnailUrl":"https:\/\/www.grupomedcof.com.br\/blog\/wp-content\/uploads\/2024\/12\/Blog-MedCof-20-scaled.jpg","keywords":["Conceitos B\u00e1sicos Trauma Cervical","Conduta M\u00e9dica","Resid\u00eancia M\u00e9dica","Trauma Cervical","Zonas de trauma"],"articleSection":["Cirurgia Geral"],"inLanguage":"pt-BR"},{"@type":"WebPage","@id":"https:\/\/www.grupomedcof.com.br\/blog\/conceitos-basicos-sobre-o-trauma-cervical-entenda-sobre-suas-especificidades\/","url":"https:\/\/www.grupomedcof.com.br\/blog\/conceitos-basicos-sobre-o-trauma-cervical-entenda-sobre-suas-especificidades\/","name":"Trauma Cervical: Conceitos e Especificidades | MedCof","isPartOf":{"@id":"https:\/\/www.grupomedcof.com.br\/blog\/#website"},"primaryImageOfPage":{"@id":"https:\/\/www.grupomedcof.com.br\/blog\/conceitos-basicos-sobre-o-trauma-cervical-entenda-sobre-suas-especificidades\/#primaryimage"},"image":{"@id":"https:\/\/www.grupomedcof.com.br\/blog\/conceitos-basicos-sobre-o-trauma-cervical-entenda-sobre-suas-especificidades\/#primaryimage"},"thumbnailUrl":"https:\/\/www.grupomedcof.com.br\/blog\/wp-content\/uploads\/2024\/12\/Blog-MedCof-20-scaled.jpg","datePublished":"2024-12-06T13:25:27+00:00","dateModified":"2026-04-24T17:37:57+00:00","description":"O trauma cervical \u00e9 considerado um dos mais danosos entre os tipos de trauma, j\u00e1 que acomete estruturas nobres. Entenda!","breadcrumb":{"@id":"https:\/\/www.grupomedcof.com.br\/blog\/conceitos-basicos-sobre-o-trauma-cervical-entenda-sobre-suas-especificidades\/#breadcrumb"},"inLanguage":"pt-BR","potentialAction":[{"@type":"ReadAction","target":["https:\/\/www.grupomedcof.com.br\/blog\/conceitos-basicos-sobre-o-trauma-cervical-entenda-sobre-suas-especificidades\/"]}]},{"@type":"ImageObject","inLanguage":"pt-BR","@id":"https:\/\/www.grupomedcof.com.br\/blog\/conceitos-basicos-sobre-o-trauma-cervical-entenda-sobre-suas-especificidades\/#primaryimage","url":"https:\/\/www.grupomedcof.com.br\/blog\/wp-content\/uploads\/2024\/12\/Blog-MedCof-20-scaled.jpg","contentUrl":"https:\/\/www.grupomedcof.com.br\/blog\/wp-content\/uploads\/2024\/12\/Blog-MedCof-20-scaled.jpg","width":2560,"height":1440},{"@type":"BreadcrumbList","@id":"https:\/\/www.grupomedcof.com.br\/blog\/conceitos-basicos-sobre-o-trauma-cervical-entenda-sobre-suas-especificidades\/#breadcrumb","itemListElement":[{"@type":"ListItem","position":1,"name":"In\u00edcio","item":"https:\/\/www.grupomedcof.com.br\/blog\/"},{"@type":"ListItem","position":2,"name":"Conceitos B\u00e1sicos sobre o trauma cervical: Entenda sobre suas especificidades\u00a0"}]},{"@type":"WebSite","@id":"https:\/\/www.grupomedcof.com.br\/blog\/#website","url":"https:\/\/www.grupomedcof.com.br\/blog\/","name":"Blog de Medcof: conte\u00fados, editais, revalida e mais!","description":"Acesso o blog de MedCof! Seu portal de conte\u00fados sobre resid\u00eancia m\u00e9dica, an\u00e1lise e editais e muito mais. Clique e confira!","publisher":{"@id":"https:\/\/www.grupomedcof.com.br\/blog\/#organization"},"alternateName":"Blog de Medcof: conte\u00fados, editais, revalida e mais!","potentialAction":[{"@type":"SearchAction","target":{"@type":"EntryPoint","urlTemplate":"https:\/\/www.grupomedcof.com.br\/blog\/?s={search_term_string}"},"query-input":{"@type":"PropertyValueSpecification","valueRequired":true,"valueName":"search_term_string"}}],"inLanguage":"pt-BR"},{"@type":"Organization","@id":"https:\/\/www.grupomedcof.com.br\/blog\/#organization","name":"Grupo MedCof","url":"https:\/\/www.grupomedcof.com.br\/blog\/","logo":{"@type":"ImageObject","inLanguage":"pt-BR","@id":"https:\/\/www.grupomedcof.com.br\/blog\/#\/schema\/logo\/image\/","url":"https:\/\/www.grupomedcof.com.br\/blog\/wp-content\/uploads\/2022\/01\/logo-medcof.png","contentUrl":"https:\/\/www.grupomedcof.com.br\/blog\/wp-content\/uploads\/2022\/01\/logo-medcof.png","width":768,"height":269,"caption":"Grupo MedCof"},"image":{"@id":"https:\/\/www.grupomedcof.com.br\/blog\/#\/schema\/logo\/image\/"},"sameAs":["https:\/\/www.facebook.com\/MedCofQbank\/","https:\/\/www.instagram.com\/grupomedcof\/","https:\/\/br.linkedin.com\/company\/medcof","https:\/\/www.youtube.com\/channel\/UCdHMuOHKICxcHwecxN8P-AA"]},{"@type":"Person","@id":"https:\/\/www.grupomedcof.com.br\/blog\/#\/schema\/person\/db19a651f86c5fc202d6eee744fd3292","name":"Kiara Adelino","image":{"@type":"ImageObject","inLanguage":"pt-BR","@id":"https:\/\/www.grupomedcof.com.br\/blog\/wp-content\/uploads\/2024\/08\/cropped-Kiara-Adelino2-96x96.jpega85663bdda67261f8f06f86e555e1e49","url":"https:\/\/www.grupomedcof.com.br\/blog\/wp-content\/uploads\/2024\/08\/cropped-Kiara-Adelino2-96x96.jpeg","contentUrl":"https:\/\/www.grupomedcof.com.br\/blog\/wp-content\/uploads\/2024\/08\/cropped-Kiara-Adelino2-96x96.jpeg","caption":"Kiara Adelino"},"description":"Estudante do 5\u00b0 semestre de Medicina. Gosto bastante de aprender coisas novas, principalmente na \u00e1rea de Neurologia e Anatomia humana.","url":"https:\/\/www.grupomedcof.com.br\/blog\/author\/kiara-adelino\/"}]}},"authors":[{"term_id":3617,"user_id":21,"is_guest":0,"slug":"kiara-adelino","display_name":"Kiara Adelino","avatar_url":"https:\/\/www.grupomedcof.com.br\/blog\/wp-content\/uploads\/2024\/08\/cropped-Kiara-Adelino2-96x96.jpeg","0":null,"1":"","2":"","3":"","4":"","5":"","6":"","7":"","8":""}],"_links":{"self":[{"href":"https:\/\/www.grupomedcof.com.br\/blog\/wp-json\/wp\/v2\/posts\/32234","targetHints":{"allow":["GET"]}}],"collection":[{"href":"https:\/\/www.grupomedcof.com.br\/blog\/wp-json\/wp\/v2\/posts"}],"about":[{"href":"https:\/\/www.grupomedcof.com.br\/blog\/wp-json\/wp\/v2\/types\/post"}],"author":[{"embeddable":true,"href":"https:\/\/www.grupomedcof.com.br\/blog\/wp-json\/wp\/v2\/users\/21"}],"replies":[{"embeddable":true,"href":"https:\/\/www.grupomedcof.com.br\/blog\/wp-json\/wp\/v2\/comments?post=32234"}],"version-history":[{"count":1,"href":"https:\/\/www.grupomedcof.com.br\/blog\/wp-json\/wp\/v2\/posts\/32234\/revisions"}],"predecessor-version":[{"id":43364,"href":"https:\/\/www.grupomedcof.com.br\/blog\/wp-json\/wp\/v2\/posts\/32234\/revisions\/43364"}],"wp:featuredmedia":[{"embeddable":true,"href":"https:\/\/www.grupomedcof.com.br\/blog\/wp-json\/wp\/v2\/media\/32236"}],"wp:attachment":[{"href":"https:\/\/www.grupomedcof.com.br\/blog\/wp-json\/wp\/v2\/media?parent=32234"}],"wp:term":[{"taxonomy":"category","embeddable":true,"href":"https:\/\/www.grupomedcof.com.br\/blog\/wp-json\/wp\/v2\/categories?post=32234"},{"taxonomy":"post_tag","embeddable":true,"href":"https:\/\/www.grupomedcof.com.br\/blog\/wp-json\/wp\/v2\/tags?post=32234"},{"taxonomy":"author","embeddable":true,"href":"https:\/\/www.grupomedcof.com.br\/blog\/wp-json\/wp\/v2\/ppma_author?post=32234"}],"curies":[{"name":"wp","href":"https:\/\/api.w.org\/{rel}","templated":true}]}}