{"id":32241,"date":"2024-12-06T14:22:27","date_gmt":"2024-12-06T17:22:27","guid":{"rendered":"https:\/\/www.grupomedcof.com.br\/blog\/?p=32241"},"modified":"2024-12-06T14:22:28","modified_gmt":"2024-12-06T17:22:28","slug":"edital-hospital-santa-virginia","status":"publish","type":"post","link":"https:\/\/www.grupomedcof.com.br\/blog\/edital-hospital-santa-virginia\/","title":{"rendered":"Edital Hospital Santa Virg\u00ednia para Resid\u00eancia M\u00e9dica 2024\/2025"},"content":{"rendered":"<div id=\"ez-toc-container\" class=\"ez-toc-v2_0_74 counter-hierarchy ez-toc-counter ez-toc-transparent ez-toc-container-direction\">\n<div class=\"ez-toc-title-container\">\n<p class=\"ez-toc-title\" style=\"cursor:inherit\">Sum\u00e1rio<\/p>\n<span class=\"ez-toc-title-toggle\"><a href=\"#\" class=\"ez-toc-pull-right ez-toc-btn ez-toc-btn-xs ez-toc-btn-default ez-toc-toggle\" aria-label=\"Alternar tabela de conte\u00fado\"><span class=\"ez-toc-js-icon-con\"><span class=\"\"><span class=\"eztoc-hide\" style=\"display:none;\">Toggle<\/span><span class=\"ez-toc-icon-toggle-span\"><svg style=\"fill: #999;color:#999\" xmlns=\"http:\/\/www.w3.org\/2000\/svg\" class=\"list-377408\" width=\"20px\" height=\"20px\" viewBox=\"0 0 24 24\" fill=\"none\"><path d=\"M6 6H4v2h2V6zm14 0H8v2h12V6zM4 11h2v2H4v-2zm16 0H8v2h12v-2zM4 16h2v2H4v-2zm16 0H8v2h12v-2z\" fill=\"currentColor\"><\/path><\/svg><svg style=\"fill: #999;color:#999\" class=\"arrow-unsorted-368013\" xmlns=\"http:\/\/www.w3.org\/2000\/svg\" width=\"10px\" height=\"10px\" viewBox=\"0 0 24 24\" version=\"1.2\" baseProfile=\"tiny\"><path d=\"M18.2 9.3l-6.2-6.3-6.2 6.3c-.2.2-.3.4-.3.7s.1.5.3.7c.2.2.4.3.7.3h11c.3 0 .5-.1.7-.3.2-.2.3-.5.3-.7s-.1-.5-.3-.7zM5.8 14.7l6.2 6.3 6.2-6.3c.2-.2.3-.5.3-.7s-.1-.5-.3-.7c-.2-.2-.4-.3-.7-.3h-11c-.3 0-.5.1-.7.3-.2.2-.3.5-.3.7s.1.5.3.7z\"\/><\/svg><\/span><\/span><\/span><\/a><\/span><\/div>\n<nav><ul class='ez-toc-list ez-toc-list-level-1 ' ><li class='ez-toc-page-1 ez-toc-heading-level-2'><a class=\"ez-toc-link ez-toc-heading-1\" href=\"https:\/\/www.grupomedcof.com.br\/blog\/edital-hospital-santa-virginia\/#Criterios_de_selecao_e_etapas\" >Crit\u00e9rios de sele\u00e7\u00e3o e etapas<\/a><ul class='ez-toc-list-level-3' ><li class='ez-toc-heading-level-3'><a class=\"ez-toc-link ez-toc-heading-2\" href=\"https:\/\/www.grupomedcof.com.br\/blog\/edital-hospital-santa-virginia\/#Inscricoes\" >Inscri\u00e7\u00f5es<\/a><\/li><li class='ez-toc-page-1 ez-toc-heading-level-3'><a class=\"ez-toc-link ez-toc-heading-3\" href=\"https:\/\/www.grupomedcof.com.br\/blog\/edital-hospital-santa-virginia\/#Prova_Objetiva\" >Prova Objetiva<\/a><\/li><li class='ez-toc-page-1 ez-toc-heading-level-3'><a class=\"ez-toc-link ez-toc-heading-4\" href=\"https:\/\/www.grupomedcof.com.br\/blog\/edital-hospital-santa-virginia\/#Analise_curricular\" >An\u00e1lise curricular<\/a><\/li><\/ul><\/li><li class='ez-toc-page-1 ez-toc-heading-level-2'><a class=\"ez-toc-link ez-toc-heading-5\" href=\"https:\/\/www.grupomedcof.com.br\/blog\/edital-hospital-santa-virginia\/#Vagas_disponiveis\" >Vagas dispon\u00edveis<\/a><ul class='ez-toc-list-level-3' ><li class='ez-toc-heading-level-3'><a class=\"ez-toc-link ez-toc-heading-6\" href=\"https:\/\/www.grupomedcof.com.br\/blog\/edital-hospital-santa-virginia\/#Acesso_direto\" >Acesso direto<\/a><\/li><li class='ez-toc-page-1 ez-toc-heading-level-3'><a class=\"ez-toc-link ez-toc-heading-7\" href=\"https:\/\/www.grupomedcof.com.br\/blog\/edital-hospital-santa-virginia\/#Areas_de_Atuacao\" >\u00c1reas de Atua\u00e7\u00e3o<\/a><\/li><\/ul><\/li><li class='ez-toc-page-1 ez-toc-heading-level-2'><a class=\"ez-toc-link ez-toc-heading-8\" href=\"https:\/\/www.grupomedcof.com.br\/blog\/edital-hospital-santa-virginia\/#Cronograma_HSV_20242025\" >Cronograma HSV 2024\/2025<\/a><\/li><li class='ez-toc-page-1 ez-toc-heading-level-2'><a class=\"ez-toc-link ez-toc-heading-9\" href=\"https:\/\/www.grupomedcof.com.br\/blog\/edital-hospital-santa-virginia\/#Edital_HSV_20242025\" >Edital HSV 2024\/2025<\/a><\/li><li class='ez-toc-page-1 ez-toc-heading-level-2'><a class=\"ez-toc-link ez-toc-heading-10\" href=\"https:\/\/www.grupomedcof.com.br\/blog\/edital-hospital-santa-virginia\/#Seja_um_MedCoffer\" >Seja um MedCoffer!<\/a><\/li><\/ul><\/nav><\/div>\n\n<figure class=\"wp-block-image size-large\"><img loading=\"lazy\" decoding=\"async\" width=\"1024\" height=\"576\" src=\"https:\/\/www.grupomedcof.com.br\/blog\/wp-content\/uploads\/2024\/12\/Modelo-instituicoes-42-1024x576.png\" alt=\"\" class=\"wp-image-32246\" srcset=\"https:\/\/www.grupomedcof.com.br\/blog\/wp-content\/uploads\/2024\/12\/Modelo-instituicoes-42-1024x576.png 1024w, https:\/\/www.grupomedcof.com.br\/blog\/wp-content\/uploads\/2024\/12\/Modelo-instituicoes-42-300x169.png 300w, https:\/\/www.grupomedcof.com.br\/blog\/wp-content\/uploads\/2024\/12\/Modelo-instituicoes-42-768x432.png 768w, https:\/\/www.grupomedcof.com.br\/blog\/wp-content\/uploads\/2024\/12\/Modelo-instituicoes-42-1536x864.png 1536w, https:\/\/www.grupomedcof.com.br\/blog\/wp-content\/uploads\/2024\/12\/Modelo-instituicoes-42-747x420.png 747w, https:\/\/www.grupomedcof.com.br\/blog\/wp-content\/uploads\/2024\/12\/Modelo-instituicoes-42-150x84.png 150w, https:\/\/www.grupomedcof.com.br\/blog\/wp-content\/uploads\/2024\/12\/Modelo-instituicoes-42-696x392.png 696w, https:\/\/www.grupomedcof.com.br\/blog\/wp-content\/uploads\/2024\/12\/Modelo-instituicoes-42-1068x601.png 1068w, https:\/\/www.grupomedcof.com.br\/blog\/wp-content\/uploads\/2024\/12\/Modelo-instituicoes-42.png 1920w\" sizes=\"auto, (max-width: 1024px) 100vw, 1024px\" \/><\/figure>\n\n\n\n<p>O <strong>Hospital Santa Virg\u00ednia (HSV)<\/strong>, juntamente com o <strong>Edudata<\/strong>, banca respons\u00e1vel pelo processo seletivo, divulgou, no dia 02 de dezembro de 2024, o edital para os seus programas de resid\u00eancia m\u00e9dica com in\u00edcio em 2025. As&nbsp;<strong>inscri\u00e7\u00f5es<\/strong>&nbsp;acontecem no per\u00edodo de <strong>16 de dezembro de 2024 a 16 de janeiro de 2025<\/strong>. Confira as principais informa\u00e7\u00f5es sobre o processo seletivo!<\/p>\n\n\n\n<h2 class=\"wp-block-heading\" id=\"h-criterios-de-selecao-e-etapas\"><span class=\"ez-toc-section\" id=\"Criterios_de_selecao_e_etapas\"><\/span><strong>Crit\u00e9rios de sele\u00e7\u00e3o e etapas<\/strong><span class=\"ez-toc-section-end\"><\/span><\/h2>\n\n\n\n<p>Nesta edi\u00e7\u00e3o, a institui\u00e7\u00e3o est\u00e1 ofertando <strong>11 vagas<\/strong> no total, divididas entre especialidades de acesso direto e com pr\u00e9-requisitos.<\/p>\n\n\n\n<p>O processo seletivo ser\u00e1 composto por&nbsp;<strong>2 fases<\/strong>&nbsp;avaliativas, sendo elas uma&nbsp;<strong>prova objetiva<\/strong>&nbsp;e uma&nbsp;<strong>an\u00e1lise curricular<\/strong>.<\/p>\n\n\n\n<h3 class=\"wp-block-heading\" id=\"h-inscricoes\"><span class=\"ez-toc-section\" id=\"Inscricoes\"><\/span><strong>Inscri\u00e7\u00f5es<\/strong><span class=\"ez-toc-section-end\"><\/span><\/h3>\n\n\n\n<p>Como dito anteriormente, as inscri\u00e7\u00f5es acontecem no per\u00edodo de <strong>16 de dezembro de 2024 a 16 de janeiro de 2025<\/strong>, exclusivamente pela internet, no site oficial do <strong><a href=\"https:\/\/www.edudata.com.br\/santavirginia25\/santavirginia25_portal.asp\">Edudata<\/a><\/strong>. <\/p>\n\n\n\n<p>Al\u00e9m disso, para serem deferidas, ser\u00e1 necess\u00e1ria a realiza\u00e7\u00e3o do pagamento da <strong>taxa de inscri\u00e7\u00e3o<\/strong>, a qual foi estabelecida no valor de <strong>R$650,00<\/strong>. A taxa tem como <strong>prazo m\u00e1ximo<\/strong> para pagamento, <strong>um dia ap\u00f3s a finaliza\u00e7\u00e3o do per\u00edodo de inscri\u00e7\u00f5es<\/strong>, ou seja, at\u00e9 o dia <strong>17 de janeiro de 2025<\/strong>.<\/p>\n\n\n\n<h3 class=\"wp-block-heading\" id=\"h-prova-objetiva\"><span class=\"ez-toc-section\" id=\"Prova_Objetiva\"><\/span><strong>Prova Objetiva<\/strong><span class=\"ez-toc-section-end\"><\/span><\/h3>\n\n\n\n<p>Com sua realiza\u00e7\u00e3o prevista para o dia <strong>26 de janeiro de 2025<\/strong>, a prova objetiva \u00e9 a&nbsp;<strong>1\u00aa fase<\/strong>&nbsp;do processo seletivo do HSV. Ser\u00e1 aplicada&nbsp;<strong>presencialmente<\/strong>, na cidade de S\u00e3o Paulo\/SP, em local disponibilizado para consulta tamb\u00e9m no site oficial da <strong><a href=\"https:\/\/www.edudata.com.br\/santavirginia25\/santavirginia25_portal.asp\">banca respons\u00e1vel<\/a><\/strong>. A prova tem seu in\u00edcio previsto para \u00e0s <strong>9h (hor\u00e1rio de Bras\u00edlia)<\/strong>.<\/p>\n\n\n\n<h3 class=\"wp-block-heading\" id=\"h-analise-curricular\"><span class=\"ez-toc-section\" id=\"Analise_curricular\"><\/span><strong>An\u00e1lise curricular<\/strong><span class=\"ez-toc-section-end\"><\/span><\/h3>\n\n\n\n<p>A an\u00e1lise curricular \u00e9 a <strong>2\u00aa e \u00faltima fase avaliativa<\/strong> do processo seletivo do HSV. Os candidatos t\u00eam de enviar o seu&nbsp;<strong><em>curriculum vitae<\/em><\/strong>, o qual ser\u00e1 analisado e ter\u00e1 pontos atribu\u00eddos a cada atividade realizada.<\/p>\n\n\n\n<p>Os curr\u00edculos devem ser enviados&nbsp;<strong>exclusivamente pela internet<\/strong>, no site oficial da banca respons\u00e1vel pelo processo seletivo. <\/p>\n\n\n\n<h2 class=\"wp-block-heading\" id=\"h-vagas-disponiveis\"><span class=\"ez-toc-section\" id=\"Vagas_disponiveis\"><\/span><strong>Vagas dispon\u00edveis<\/strong><span class=\"ez-toc-section-end\"><\/span><\/h2>\n\n\n\n<h3 class=\"wp-block-heading\" id=\"h-acesso-direto\"><span class=\"ez-toc-section\" id=\"Acesso_direto\"><\/span><strong>Acesso direto<\/strong><span class=\"ez-toc-section-end\"><\/span><\/h3>\n\n\n\n<figure class=\"wp-block-table\"><table class=\"has-fixed-layout\"><tbody><tr><td><strong>Especialidade<\/strong><\/td><td><strong>N\u00ba de vagas<\/strong><\/td><\/tr><tr><td>Anestesiologia<\/td><td>2<\/td><\/tr><tr><td>Cirurgia Geral<\/td><td>2<\/td><\/tr><tr><td>Cl\u00ednica M\u00e9dica<\/td><td>2<\/td><\/tr><tr><td>Dermatologia<\/td><td>2<\/td><\/tr><tr><td>Medicina Intensiva<\/td><td>2<\/td><\/tr><\/tbody><\/table><\/figure>\n\n\n\n<h3 class=\"wp-block-heading\" id=\"h-areas-de-atuacao\"><span class=\"ez-toc-section\" id=\"Areas_de_Atuacao\"><\/span><strong>\u00c1reas de Atua\u00e7\u00e3o<\/strong><span class=\"ez-toc-section-end\"><\/span><\/h3>\n\n\n\n<figure class=\"wp-block-table\"><table class=\"has-fixed-layout\"><tbody><tr><td><strong>Especialidade<\/strong><\/td><td><strong>N\u00ba de vagas<\/strong><\/td><\/tr><tr><td>Urologia<\/td><td>1<\/td><\/tr><\/tbody><\/table><\/figure>\n\n\n\n<h2 class=\"wp-block-heading\" id=\"h-cronograma-hsv-2024-2025\"><span class=\"ez-toc-section\" id=\"Cronograma_HSV_20242025\"><\/span><strong>Cronograma HSV 2024\/2025<\/strong><span class=\"ez-toc-section-end\"><\/span><\/h2>\n\n\n\n<figure class=\"wp-block-table\"><table class=\"has-fixed-layout\"><tbody><tr><td>Inscri\u00e7\u00f5es<\/td><td>16\/12\/2024 a 16\/01\/2025<\/td><\/tr><tr><td>Prazo final para pagamento da taxa de inscri\u00e7\u00e3o<\/td><td>17\/01\/2025<\/td><\/tr><tr><td>Prova Objetiva<\/td><td>26\/01\/2025<\/td><\/tr><tr><td>Divulga\u00e7\u00e3o do Gabarito da Prova Objetiva<\/td><td>26\/01\/2025<\/td><\/tr><tr><td>Divulga\u00e7\u00e3o do Resultado da Prova Objetiva<\/td><td>03\/02\/2025<\/td><\/tr><tr><td>Envio do Curriculum Vitae<\/td><td>03\/02 a 06\/02\/2025<\/td><\/tr><tr><td>Resultado Preliminar da An\u00e1lise do Curriculum Vitae<\/td><td>13\/02\/2025<\/td><\/tr><tr><td>Resultado Final<\/td><td>17\/02\/2025<\/td><\/tr><tr><td>Convoca\u00e7\u00e3o para Matr\u00edcula<\/td><td>17\/02\/2025<\/td><\/tr><tr><td>Per\u00edodo de matr\u00edculas<\/td><td>19\/02\/2025<\/td><\/tr><tr><td>Convoca\u00e7\u00e3o para Vagas Remanescentes<\/td><td>20\/02\/2025<\/td><\/tr><tr><td>In\u00edcio dos programas<\/td><td>01\/03\/2025<\/td><\/tr><\/tbody><\/table><\/figure>\n\n\n\n<figure class=\"wp-block-image size-large\"><a href=\"https:\/\/www.grupomedcof.com.br\/cofletters\/\"><img loading=\"lazy\" decoding=\"async\" width=\"1024\" height=\"366\" src=\"https:\/\/www.grupomedcof.com.br\/blog\/wp-content\/uploads\/2024\/10\/Capa-Eventos-MedCof-Plus-1-1024x366.png\" alt=\"\" class=\"wp-image-30896\" srcset=\"https:\/\/www.grupomedcof.com.br\/blog\/wp-content\/uploads\/2024\/10\/Capa-Eventos-MedCof-Plus-1-1024x366.png 1024w, https:\/\/www.grupomedcof.com.br\/blog\/wp-content\/uploads\/2024\/10\/Capa-Eventos-MedCof-Plus-1-300x107.png 300w, https:\/\/www.grupomedcof.com.br\/blog\/wp-content\/uploads\/2024\/10\/Capa-Eventos-MedCof-Plus-1-768x275.png 768w, https:\/\/www.grupomedcof.com.br\/blog\/wp-content\/uploads\/2024\/10\/Capa-Eventos-MedCof-Plus-1-1536x549.png 1536w, https:\/\/www.grupomedcof.com.br\/blog\/wp-content\/uploads\/2024\/10\/Capa-Eventos-MedCof-Plus-1-2048x732.png 2048w, https:\/\/www.grupomedcof.com.br\/blog\/wp-content\/uploads\/2024\/10\/Capa-Eventos-MedCof-Plus-1-1175x420.png 1175w, https:\/\/www.grupomedcof.com.br\/blog\/wp-content\/uploads\/2024\/10\/Capa-Eventos-MedCof-Plus-1-150x54.png 150w, https:\/\/www.grupomedcof.com.br\/blog\/wp-content\/uploads\/2024\/10\/Capa-Eventos-MedCof-Plus-1-696x249.png 696w, https:\/\/www.grupomedcof.com.br\/blog\/wp-content\/uploads\/2024\/10\/Capa-Eventos-MedCof-Plus-1-1068x382.png 1068w, https:\/\/www.grupomedcof.com.br\/blog\/wp-content\/uploads\/2024\/10\/Capa-Eventos-MedCof-Plus-1-1920x686.png 1920w\" sizes=\"auto, (max-width: 1024px) 100vw, 1024px\" \/><\/a><\/figure>\n\n\n\n<h2 class=\"wp-block-heading\" id=\"h-edital-hsv-2024-2025\"><span class=\"ez-toc-section\" id=\"Edital_HSV_20242025\"><\/span><strong>Edital HSV 2024\/2025<\/strong><span class=\"ez-toc-section-end\"><\/span><\/h2>\n\n\n\n<div data-wp-interactive=\"core\/file\" class=\"wp-block-file\"><object data-wp-bind--hidden=\"!state.hasPdfPreview\" hidden class=\"wp-block-file__embed\" data=\"https:\/\/www.grupomedcof.com.br\/blog\/wp-content\/uploads\/2024\/12\/1_HSV_RM2025_EDITAL.pdf\" type=\"application\/pdf\" style=\"width:100%;height:600px\" aria-label=\"Incorporado de Edital HSV 2025.\"><\/object><a id=\"wp-block-file--media-a5821936-171e-4594-96e2-75b908c4d0b4\" href=\"https:\/\/www.grupomedcof.com.br\/blog\/wp-content\/uploads\/2024\/12\/1_HSV_RM2025_EDITAL.pdf\">Edital HSV 2025<\/a><a href=\"https:\/\/www.grupomedcof.com.br\/blog\/wp-content\/uploads\/2024\/12\/1_HSV_RM2025_EDITAL.pdf\" class=\"wp-block-file__button wp-element-button\" download aria-describedby=\"wp-block-file--media-a5821936-171e-4594-96e2-75b908c4d0b4\">Baixar<\/a><\/div>\n\n\n\n<h2 class=\"wp-block-heading\" id=\"seja-um-medcoffer\"><span class=\"ez-toc-section\" id=\"Seja_um_MedCoffer\"><\/span><strong>Seja um MedCoffer!<\/strong><span class=\"ez-toc-section-end\"><\/span><\/h2>\n\n\n\n<p>Quer alcan\u00e7ar a aprova\u00e7\u00e3o nas provas de resid\u00eancia m\u00e9dica? Ent\u00e3o seja um&nbsp;<a href=\"https:\/\/www.grupomedcof.com.br\/home\/\" target=\"_blank\" rel=\"noreferrer noopener\"><strong>MedCoffer<\/strong><\/a>! Aqui te ajudaremos na busca da aprova\u00e7\u00e3o com conte\u00fados de qualidade e uma&nbsp;<a href=\"https:\/\/www.grupomedcof.com.br\/blog\/presenca-da-medcof-nas-aprovacoes-em-residencia-medica-no-brasil\/\" target=\"_blank\" rel=\"noreferrer noopener\"><strong>metodologia que j\u00e1 aprovou mais de 10 mil residentes no pa\u00eds<\/strong><\/a>!&nbsp;Por fim, acesse o nosso<a href=\"https:\/\/www.youtube.com\/@GrupoMedcof\/featured\" target=\"_blank\" rel=\"noreferrer noopener\">&nbsp;<strong>canal do youtube&nbsp;<\/strong><\/a>para ver o nosso material.<\/p>\n\n\n\n<figure class=\"wp-block-embed is-type-video is-provider-youtube wp-block-embed-youtube wp-embed-aspect-16-9 wp-has-aspect-ratio\"><div class=\"wp-block-embed__wrapper\">\n<iframe loading=\"lazy\" title=\"COFEXPRESS - Les\u00f5es elementares. Com Dra. Stella Meireles\" width=\"696\" height=\"392\" src=\"https:\/\/www.youtube.com\/embed\/zQLiwhey1CM?feature=oembed\" frameborder=\"0\" allow=\"accelerometer; autoplay; clipboard-write; encrypted-media; gyroscope; picture-in-picture; web-share\" referrerpolicy=\"strict-origin-when-cross-origin\" allowfullscreen><\/iframe>\n<\/div><\/figure>\n","protected":false},"excerpt":{"rendered":"<p>O Hospital Santa Virg\u00ednia (HSV), juntamente com o Edudata, banca respons\u00e1vel pelo processo seletivo, divulgou, no dia 02 de dezembro de 2024, o edital para os seus programas de resid\u00eancia m\u00e9dica com in\u00edcio em 2025. As\u00a0inscri\u00e7\u00f5es\u00a0acontecem no per\u00edodo de 16 de dezembro de 2024 a 16 de janeiro de 2025. Confira as principais informa\u00e7\u00f5es sobre o processo seletivo!<\/p>\n","protected":false},"author":23,"featured_media":32246,"comment_status":"open","ping_status":"open","sticky":false,"template":"","format":"standard","meta":{"footnotes":""},"categories":[2023],"tags":[1568,117,68],"ppma_author":[3618],"class_list":{"0":"post-32241","1":"post","2":"type-post","3":"status-publish","4":"format-standard","5":"has-post-thumbnail","7":"category-editais","8":"tag-edital","9":"tag-provas-de-residencia","10":"tag-residencia-medica"},"yoast_head":"<!-- This site is optimized with the Yoast SEO Premium plugin v24.3 (Yoast SEO v27.4) - https:\/\/yoast.com\/product\/yoast-seo-premium-wordpress\/ -->\n<title>Resid\u00eancia M\u00e9dica 2025: Edital Hospital Santa Virg\u00ednia | Grupo MedCof<\/title>\n<meta name=\"description\" content=\"O Hospital Santa Virg\u00ednia divulgou seu edital para os programas de resid\u00eancia m\u00e9dica com in\u00edcio em 2025. Confira!\" \/>\n<meta name=\"robots\" content=\"index, follow, max-snippet:-1, max-image-preview:large, max-video-preview:-1\" \/>\n<link rel=\"canonical\" href=\"https:\/\/www.grupomedcof.com.br\/blog\/edital-hospital-santa-virginia\/\" \/>\n<meta property=\"og:locale\" content=\"pt_BR\" \/>\n<meta property=\"og:type\" content=\"article\" \/>\n<meta property=\"og:title\" content=\"Edital Hospital Santa Virg\u00ednia para Resid\u00eancia M\u00e9dica 2024\/2025\" \/>\n<meta property=\"og:description\" content=\"O Hospital Santa Virg\u00ednia divulgou seu edital para os programas de resid\u00eancia m\u00e9dica com in\u00edcio em 2025. Confira!\" \/>\n<meta property=\"og:url\" content=\"https:\/\/www.grupomedcof.com.br\/blog\/edital-hospital-santa-virginia\/\" \/>\n<meta property=\"og:site_name\" content=\"Blog de Medcof: conte\u00fados, editais, revalida e mais!\" \/>\n<meta property=\"article:publisher\" content=\"https:\/\/www.facebook.com\/MedCofQbank\/\" \/>\n<meta property=\"article:published_time\" content=\"2024-12-06T17:22:27+00:00\" \/>\n<meta property=\"article:modified_time\" content=\"2024-12-06T17:22:28+00:00\" \/>\n<meta property=\"og:image\" content=\"https:\/\/www.grupomedcof.com.br\/blog\/wp-content\/uploads\/2024\/12\/Modelo-instituicoes-42.png\" \/>\n\t<meta property=\"og:image:width\" content=\"1920\" \/>\n\t<meta property=\"og:image:height\" content=\"1080\" \/>\n\t<meta property=\"og:image:type\" content=\"image\/png\" \/>\n<meta name=\"author\" content=\"Lu\u00edsa Porto\" \/>\n<meta name=\"twitter:card\" content=\"summary_large_image\" \/>\n<meta name=\"twitter:label1\" content=\"Escrito por\" \/>\n\t<meta name=\"twitter:data1\" content=\"Lu\u00edsa Porto\" \/>\n\t<meta name=\"twitter:label2\" content=\"Est. tempo de leitura\" \/>\n\t<meta name=\"twitter:data2\" content=\"4 minutos\" \/>\n<script type=\"application\/ld+json\" class=\"yoast-schema-graph\">{\"@context\":\"https:\\\/\\\/schema.org\",\"@graph\":[{\"@type\":\"Article\",\"@id\":\"https:\\\/\\\/www.grupomedcof.com.br\\\/blog\\\/edital-hospital-santa-virginia\\\/#article\",\"isPartOf\":{\"@id\":\"https:\\\/\\\/www.grupomedcof.com.br\\\/blog\\\/edital-hospital-santa-virginia\\\/\"},\"author\":{\"name\":\"Lu\u00edsa Porto\",\"@id\":\"https:\\\/\\\/www.grupomedcof.com.br\\\/blog\\\/#\\\/schema\\\/person\\\/d755ffce500bd0766bbf0e4e6572518f\"},\"headline\":\"Edital Hospital Santa Virg\u00ednia para Resid\u00eancia M\u00e9dica 2024\\\/2025\",\"datePublished\":\"2024-12-06T17:22:27+00:00\",\"dateModified\":\"2024-12-06T17:22:28+00:00\",\"mainEntityOfPage\":{\"@id\":\"https:\\\/\\\/www.grupomedcof.com.br\\\/blog\\\/edital-hospital-santa-virginia\\\/\"},\"wordCount\":506,\"commentCount\":0,\"publisher\":{\"@id\":\"https:\\\/\\\/www.grupomedcof.com.br\\\/blog\\\/#organization\"},\"image\":{\"@id\":\"https:\\\/\\\/www.grupomedcof.com.br\\\/blog\\\/edital-hospital-santa-virginia\\\/#primaryimage\"},\"thumbnailUrl\":\"https:\\\/\\\/www.grupomedcof.com.br\\\/blog\\\/wp-content\\\/uploads\\\/2024\\\/12\\\/Modelo-instituicoes-42.png\",\"keywords\":[\"Edital\",\"Provas de Resid\u00eancia\",\"Resid\u00eancia M\u00e9dica\"],\"articleSection\":[\"Editais\"],\"inLanguage\":\"pt-BR\"},{\"@type\":\"WebPage\",\"@id\":\"https:\\\/\\\/www.grupomedcof.com.br\\\/blog\\\/edital-hospital-santa-virginia\\\/\",\"url\":\"https:\\\/\\\/www.grupomedcof.com.br\\\/blog\\\/edital-hospital-santa-virginia\\\/\",\"name\":\"Resid\u00eancia M\u00e9dica 2025: Edital Hospital Santa Virg\u00ednia | Grupo MedCof\",\"isPartOf\":{\"@id\":\"https:\\\/\\\/www.grupomedcof.com.br\\\/blog\\\/#website\"},\"primaryImageOfPage\":{\"@id\":\"https:\\\/\\\/www.grupomedcof.com.br\\\/blog\\\/edital-hospital-santa-virginia\\\/#primaryimage\"},\"image\":{\"@id\":\"https:\\\/\\\/www.grupomedcof.com.br\\\/blog\\\/edital-hospital-santa-virginia\\\/#primaryimage\"},\"thumbnailUrl\":\"https:\\\/\\\/www.grupomedcof.com.br\\\/blog\\\/wp-content\\\/uploads\\\/2024\\\/12\\\/Modelo-instituicoes-42.png\",\"datePublished\":\"2024-12-06T17:22:27+00:00\",\"dateModified\":\"2024-12-06T17:22:28+00:00\",\"description\":\"O Hospital Santa Virg\u00ednia divulgou seu edital para os programas de resid\u00eancia m\u00e9dica com in\u00edcio em 2025. Confira!\",\"breadcrumb\":{\"@id\":\"https:\\\/\\\/www.grupomedcof.com.br\\\/blog\\\/edital-hospital-santa-virginia\\\/#breadcrumb\"},\"inLanguage\":\"pt-BR\",\"potentialAction\":[{\"@type\":\"ReadAction\",\"target\":[\"https:\\\/\\\/www.grupomedcof.com.br\\\/blog\\\/edital-hospital-santa-virginia\\\/\"]}]},{\"@type\":\"ImageObject\",\"inLanguage\":\"pt-BR\",\"@id\":\"https:\\\/\\\/www.grupomedcof.com.br\\\/blog\\\/edital-hospital-santa-virginia\\\/#primaryimage\",\"url\":\"https:\\\/\\\/www.grupomedcof.com.br\\\/blog\\\/wp-content\\\/uploads\\\/2024\\\/12\\\/Modelo-instituicoes-42.png\",\"contentUrl\":\"https:\\\/\\\/www.grupomedcof.com.br\\\/blog\\\/wp-content\\\/uploads\\\/2024\\\/12\\\/Modelo-instituicoes-42.png\",\"width\":1920,\"height\":1080},{\"@type\":\"BreadcrumbList\",\"@id\":\"https:\\\/\\\/www.grupomedcof.com.br\\\/blog\\\/edital-hospital-santa-virginia\\\/#breadcrumb\",\"itemListElement\":[{\"@type\":\"ListItem\",\"position\":1,\"name\":\"In\u00edcio\",\"item\":\"https:\\\/\\\/www.grupomedcof.com.br\\\/blog\\\/\"},{\"@type\":\"ListItem\",\"position\":2,\"name\":\"Edital Hospital Santa Virg\u00ednia para Resid\u00eancia M\u00e9dica 2024\\\/2025\"}]},{\"@type\":\"WebSite\",\"@id\":\"https:\\\/\\\/www.grupomedcof.com.br\\\/blog\\\/#website\",\"url\":\"https:\\\/\\\/www.grupomedcof.com.br\\\/blog\\\/\",\"name\":\"Blog de Medcof: conte\u00fados, editais, revalida e mais!\",\"description\":\"Acesso o blog de MedCof! Seu portal de conte\u00fados sobre resid\u00eancia m\u00e9dica, an\u00e1lise e editais e muito mais. Clique e confira!\",\"publisher\":{\"@id\":\"https:\\\/\\\/www.grupomedcof.com.br\\\/blog\\\/#organization\"},\"alternateName\":\"Blog de Medcof: conte\u00fados, editais, revalida e mais!\",\"potentialAction\":[{\"@type\":\"SearchAction\",\"target\":{\"@type\":\"EntryPoint\",\"urlTemplate\":\"https:\\\/\\\/www.grupomedcof.com.br\\\/blog\\\/?s={search_term_string}\"},\"query-input\":{\"@type\":\"PropertyValueSpecification\",\"valueRequired\":true,\"valueName\":\"search_term_string\"}}],\"inLanguage\":\"pt-BR\"},{\"@type\":\"Organization\",\"@id\":\"https:\\\/\\\/www.grupomedcof.com.br\\\/blog\\\/#organization\",\"name\":\"Grupo MedCof\",\"url\":\"https:\\\/\\\/www.grupomedcof.com.br\\\/blog\\\/\",\"logo\":{\"@type\":\"ImageObject\",\"inLanguage\":\"pt-BR\",\"@id\":\"https:\\\/\\\/www.grupomedcof.com.br\\\/blog\\\/#\\\/schema\\\/logo\\\/image\\\/\",\"url\":\"https:\\\/\\\/www.grupomedcof.com.br\\\/blog\\\/wp-content\\\/uploads\\\/2022\\\/01\\\/logo-medcof.png\",\"contentUrl\":\"https:\\\/\\\/www.grupomedcof.com.br\\\/blog\\\/wp-content\\\/uploads\\\/2022\\\/01\\\/logo-medcof.png\",\"width\":768,\"height\":269,\"caption\":\"Grupo MedCof\"},\"image\":{\"@id\":\"https:\\\/\\\/www.grupomedcof.com.br\\\/blog\\\/#\\\/schema\\\/logo\\\/image\\\/\"},\"sameAs\":[\"https:\\\/\\\/www.facebook.com\\\/MedCofQbank\\\/\",\"https:\\\/\\\/www.instagram.com\\\/grupomedcof\\\/\",\"https:\\\/\\\/br.linkedin.com\\\/company\\\/medcof\",\"https:\\\/\\\/www.youtube.com\\\/channel\\\/UCdHMuOHKICxcHwecxN8P-AA\"]},{\"@type\":\"Person\",\"@id\":\"https:\\\/\\\/www.grupomedcof.com.br\\\/blog\\\/#\\\/schema\\\/person\\\/d755ffce500bd0766bbf0e4e6572518f\",\"name\":\"Lu\u00edsa Porto\",\"image\":{\"@type\":\"ImageObject\",\"inLanguage\":\"pt-BR\",\"@id\":\"https:\\\/\\\/www.grupomedcof.com.br\\\/blog\\\/wp-content\\\/uploads\\\/2025\\\/05\\\/cropped-WhatsApp-Image-2025-05-05-at-19.22.15-96x96.jpegd989589e3fd3e4fb9efe9268a95bbcc4\",\"url\":\"https:\\\/\\\/www.grupomedcof.com.br\\\/blog\\\/wp-content\\\/uploads\\\/2025\\\/05\\\/cropped-WhatsApp-Image-2025-05-05-at-19.22.15-96x96.jpeg\",\"contentUrl\":\"https:\\\/\\\/www.grupomedcof.com.br\\\/blog\\\/wp-content\\\/uploads\\\/2025\\\/05\\\/cropped-WhatsApp-Image-2025-05-05-at-19.22.15-96x96.jpeg\",\"caption\":\"Lu\u00edsa Porto\"},\"description\":\"Estudante de Jornalismo do 6\u00ba semestre, encantada pela \u00e1rea da comunica\u00e7\u00e3o e f\u00e3 de automobilismo\",\"url\":\"https:\\\/\\\/www.grupomedcof.com.br\\\/blog\\\/author\\\/porto\\\/\"}]}<\/script>\n<!-- \/ Yoast SEO Premium plugin. -->","yoast_head_json":{"title":"Resid\u00eancia M\u00e9dica 2025: Edital Hospital Santa Virg\u00ednia | Grupo MedCof","description":"O Hospital Santa Virg\u00ednia divulgou seu edital para os programas de resid\u00eancia m\u00e9dica com in\u00edcio em 2025. Confira!","robots":{"index":"index","follow":"follow","max-snippet":"max-snippet:-1","max-image-preview":"max-image-preview:large","max-video-preview":"max-video-preview:-1"},"canonical":"https:\/\/www.grupomedcof.com.br\/blog\/edital-hospital-santa-virginia\/","og_locale":"pt_BR","og_type":"article","og_title":"Edital Hospital Santa Virg\u00ednia para Resid\u00eancia M\u00e9dica 2024\/2025","og_description":"O Hospital Santa Virg\u00ednia divulgou seu edital para os programas de resid\u00eancia m\u00e9dica com in\u00edcio em 2025. Confira!","og_url":"https:\/\/www.grupomedcof.com.br\/blog\/edital-hospital-santa-virginia\/","og_site_name":"Blog de Medcof: conte\u00fados, editais, revalida e mais!","article_publisher":"https:\/\/www.facebook.com\/MedCofQbank\/","article_published_time":"2024-12-06T17:22:27+00:00","article_modified_time":"2024-12-06T17:22:28+00:00","og_image":[{"width":1920,"height":1080,"url":"https:\/\/www.grupomedcof.com.br\/blog\/wp-content\/uploads\/2024\/12\/Modelo-instituicoes-42.png","type":"image\/png"}],"author":"Lu\u00edsa Porto","twitter_card":"summary_large_image","twitter_misc":{"Escrito por":"Lu\u00edsa Porto","Est. tempo de leitura":"4 minutos"},"schema":{"@context":"https:\/\/schema.org","@graph":[{"@type":"Article","@id":"https:\/\/www.grupomedcof.com.br\/blog\/edital-hospital-santa-virginia\/#article","isPartOf":{"@id":"https:\/\/www.grupomedcof.com.br\/blog\/edital-hospital-santa-virginia\/"},"author":{"name":"Lu\u00edsa Porto","@id":"https:\/\/www.grupomedcof.com.br\/blog\/#\/schema\/person\/d755ffce500bd0766bbf0e4e6572518f"},"headline":"Edital Hospital Santa Virg\u00ednia para Resid\u00eancia M\u00e9dica 2024\/2025","datePublished":"2024-12-06T17:22:27+00:00","dateModified":"2024-12-06T17:22:28+00:00","mainEntityOfPage":{"@id":"https:\/\/www.grupomedcof.com.br\/blog\/edital-hospital-santa-virginia\/"},"wordCount":506,"commentCount":0,"publisher":{"@id":"https:\/\/www.grupomedcof.com.br\/blog\/#organization"},"image":{"@id":"https:\/\/www.grupomedcof.com.br\/blog\/edital-hospital-santa-virginia\/#primaryimage"},"thumbnailUrl":"https:\/\/www.grupomedcof.com.br\/blog\/wp-content\/uploads\/2024\/12\/Modelo-instituicoes-42.png","keywords":["Edital","Provas de Resid\u00eancia","Resid\u00eancia M\u00e9dica"],"articleSection":["Editais"],"inLanguage":"pt-BR"},{"@type":"WebPage","@id":"https:\/\/www.grupomedcof.com.br\/blog\/edital-hospital-santa-virginia\/","url":"https:\/\/www.grupomedcof.com.br\/blog\/edital-hospital-santa-virginia\/","name":"Resid\u00eancia M\u00e9dica 2025: Edital Hospital Santa Virg\u00ednia | Grupo MedCof","isPartOf":{"@id":"https:\/\/www.grupomedcof.com.br\/blog\/#website"},"primaryImageOfPage":{"@id":"https:\/\/www.grupomedcof.com.br\/blog\/edital-hospital-santa-virginia\/#primaryimage"},"image":{"@id":"https:\/\/www.grupomedcof.com.br\/blog\/edital-hospital-santa-virginia\/#primaryimage"},"thumbnailUrl":"https:\/\/www.grupomedcof.com.br\/blog\/wp-content\/uploads\/2024\/12\/Modelo-instituicoes-42.png","datePublished":"2024-12-06T17:22:27+00:00","dateModified":"2024-12-06T17:22:28+00:00","description":"O Hospital Santa Virg\u00ednia divulgou seu edital para os programas de resid\u00eancia m\u00e9dica com in\u00edcio em 2025. Confira!","breadcrumb":{"@id":"https:\/\/www.grupomedcof.com.br\/blog\/edital-hospital-santa-virginia\/#breadcrumb"},"inLanguage":"pt-BR","potentialAction":[{"@type":"ReadAction","target":["https:\/\/www.grupomedcof.com.br\/blog\/edital-hospital-santa-virginia\/"]}]},{"@type":"ImageObject","inLanguage":"pt-BR","@id":"https:\/\/www.grupomedcof.com.br\/blog\/edital-hospital-santa-virginia\/#primaryimage","url":"https:\/\/www.grupomedcof.com.br\/blog\/wp-content\/uploads\/2024\/12\/Modelo-instituicoes-42.png","contentUrl":"https:\/\/www.grupomedcof.com.br\/blog\/wp-content\/uploads\/2024\/12\/Modelo-instituicoes-42.png","width":1920,"height":1080},{"@type":"BreadcrumbList","@id":"https:\/\/www.grupomedcof.com.br\/blog\/edital-hospital-santa-virginia\/#breadcrumb","itemListElement":[{"@type":"ListItem","position":1,"name":"In\u00edcio","item":"https:\/\/www.grupomedcof.com.br\/blog\/"},{"@type":"ListItem","position":2,"name":"Edital Hospital Santa Virg\u00ednia para Resid\u00eancia M\u00e9dica 2024\/2025"}]},{"@type":"WebSite","@id":"https:\/\/www.grupomedcof.com.br\/blog\/#website","url":"https:\/\/www.grupomedcof.com.br\/blog\/","name":"Blog de Medcof: conte\u00fados, editais, revalida e mais!","description":"Acesso o blog de MedCof! Seu portal de conte\u00fados sobre resid\u00eancia m\u00e9dica, an\u00e1lise e editais e muito mais. Clique e confira!","publisher":{"@id":"https:\/\/www.grupomedcof.com.br\/blog\/#organization"},"alternateName":"Blog de Medcof: conte\u00fados, editais, revalida e mais!","potentialAction":[{"@type":"SearchAction","target":{"@type":"EntryPoint","urlTemplate":"https:\/\/www.grupomedcof.com.br\/blog\/?s={search_term_string}"},"query-input":{"@type":"PropertyValueSpecification","valueRequired":true,"valueName":"search_term_string"}}],"inLanguage":"pt-BR"},{"@type":"Organization","@id":"https:\/\/www.grupomedcof.com.br\/blog\/#organization","name":"Grupo MedCof","url":"https:\/\/www.grupomedcof.com.br\/blog\/","logo":{"@type":"ImageObject","inLanguage":"pt-BR","@id":"https:\/\/www.grupomedcof.com.br\/blog\/#\/schema\/logo\/image\/","url":"https:\/\/www.grupomedcof.com.br\/blog\/wp-content\/uploads\/2022\/01\/logo-medcof.png","contentUrl":"https:\/\/www.grupomedcof.com.br\/blog\/wp-content\/uploads\/2022\/01\/logo-medcof.png","width":768,"height":269,"caption":"Grupo MedCof"},"image":{"@id":"https:\/\/www.grupomedcof.com.br\/blog\/#\/schema\/logo\/image\/"},"sameAs":["https:\/\/www.facebook.com\/MedCofQbank\/","https:\/\/www.instagram.com\/grupomedcof\/","https:\/\/br.linkedin.com\/company\/medcof","https:\/\/www.youtube.com\/channel\/UCdHMuOHKICxcHwecxN8P-AA"]},{"@type":"Person","@id":"https:\/\/www.grupomedcof.com.br\/blog\/#\/schema\/person\/d755ffce500bd0766bbf0e4e6572518f","name":"Lu\u00edsa Porto","image":{"@type":"ImageObject","inLanguage":"pt-BR","@id":"https:\/\/www.grupomedcof.com.br\/blog\/wp-content\/uploads\/2025\/05\/cropped-WhatsApp-Image-2025-05-05-at-19.22.15-96x96.jpegd989589e3fd3e4fb9efe9268a95bbcc4","url":"https:\/\/www.grupomedcof.com.br\/blog\/wp-content\/uploads\/2025\/05\/cropped-WhatsApp-Image-2025-05-05-at-19.22.15-96x96.jpeg","contentUrl":"https:\/\/www.grupomedcof.com.br\/blog\/wp-content\/uploads\/2025\/05\/cropped-WhatsApp-Image-2025-05-05-at-19.22.15-96x96.jpeg","caption":"Lu\u00edsa Porto"},"description":"Estudante de Jornalismo do 6\u00ba semestre, encantada pela \u00e1rea da comunica\u00e7\u00e3o e f\u00e3 de automobilismo","url":"https:\/\/www.grupomedcof.com.br\/blog\/author\/porto\/"}]}},"authors":[{"term_id":3618,"user_id":23,"is_guest":0,"slug":"porto","display_name":"Lu\u00edsa Porto","avatar_url":"https:\/\/www.grupomedcof.com.br\/blog\/wp-content\/uploads\/2025\/05\/cropped-WhatsApp-Image-2025-05-05-at-19.22.15-96x96.jpeg","0":null,"1":"","2":"","3":"","4":"","5":"","6":"","7":"","8":""}],"_links":{"self":[{"href":"https:\/\/www.grupomedcof.com.br\/blog\/wp-json\/wp\/v2\/posts\/32241","targetHints":{"allow":["GET"]}}],"collection":[{"href":"https:\/\/www.grupomedcof.com.br\/blog\/wp-json\/wp\/v2\/posts"}],"about":[{"href":"https:\/\/www.grupomedcof.com.br\/blog\/wp-json\/wp\/v2\/types\/post"}],"author":[{"embeddable":true,"href":"https:\/\/www.grupomedcof.com.br\/blog\/wp-json\/wp\/v2\/users\/23"}],"replies":[{"embeddable":true,"href":"https:\/\/www.grupomedcof.com.br\/blog\/wp-json\/wp\/v2\/comments?post=32241"}],"version-history":[{"count":0,"href":"https:\/\/www.grupomedcof.com.br\/blog\/wp-json\/wp\/v2\/posts\/32241\/revisions"}],"wp:featuredmedia":[{"embeddable":true,"href":"https:\/\/www.grupomedcof.com.br\/blog\/wp-json\/wp\/v2\/media\/32246"}],"wp:attachment":[{"href":"https:\/\/www.grupomedcof.com.br\/blog\/wp-json\/wp\/v2\/media?parent=32241"}],"wp:term":[{"taxonomy":"category","embeddable":true,"href":"https:\/\/www.grupomedcof.com.br\/blog\/wp-json\/wp\/v2\/categories?post=32241"},{"taxonomy":"post_tag","embeddable":true,"href":"https:\/\/www.grupomedcof.com.br\/blog\/wp-json\/wp\/v2\/tags?post=32241"},{"taxonomy":"author","embeddable":true,"href":"https:\/\/www.grupomedcof.com.br\/blog\/wp-json\/wp\/v2\/ppma_author?post=32241"}],"curies":[{"name":"wp","href":"https:\/\/api.w.org\/{rel}","templated":true}]}}