{"id":32256,"date":"2024-12-06T15:00:44","date_gmt":"2024-12-06T18:00:44","guid":{"rendered":"https:\/\/www.grupomedcof.com.br\/blog\/?p=32256"},"modified":"2025-04-28T17:39:57","modified_gmt":"2025-04-28T20:39:57","slug":"edital-ufmg","status":"publish","type":"post","link":"https:\/\/www.grupomedcof.com.br\/blog\/edital-ufmg\/","title":{"rendered":"Edital Resid\u00eancia M\u00e9dica UFMG 2025: confira vagas, requisitos e cronograma"},"content":{"rendered":"<div id=\"ez-toc-container\" class=\"ez-toc-v2_0_74 counter-hierarchy ez-toc-counter ez-toc-transparent ez-toc-container-direction\">\n<div class=\"ez-toc-title-container\">\n<p class=\"ez-toc-title\" style=\"cursor:inherit\">Sum\u00e1rio<\/p>\n<span class=\"ez-toc-title-toggle\"><a href=\"#\" class=\"ez-toc-pull-right ez-toc-btn ez-toc-btn-xs ez-toc-btn-default ez-toc-toggle\" aria-label=\"Alternar tabela de conte\u00fado\"><span class=\"ez-toc-js-icon-con\"><span class=\"\"><span class=\"eztoc-hide\" style=\"display:none;\">Toggle<\/span><span class=\"ez-toc-icon-toggle-span\"><svg style=\"fill: #999;color:#999\" xmlns=\"http:\/\/www.w3.org\/2000\/svg\" class=\"list-377408\" width=\"20px\" height=\"20px\" viewBox=\"0 0 24 24\" fill=\"none\"><path d=\"M6 6H4v2h2V6zm14 0H8v2h12V6zM4 11h2v2H4v-2zm16 0H8v2h12v-2zM4 16h2v2H4v-2zm16 0H8v2h12v-2z\" fill=\"currentColor\"><\/path><\/svg><svg style=\"fill: #999;color:#999\" class=\"arrow-unsorted-368013\" xmlns=\"http:\/\/www.w3.org\/2000\/svg\" width=\"10px\" height=\"10px\" viewBox=\"0 0 24 24\" version=\"1.2\" baseProfile=\"tiny\"><path d=\"M18.2 9.3l-6.2-6.3-6.2 6.3c-.2.2-.3.4-.3.7s.1.5.3.7c.2.2.4.3.7.3h11c.3 0 .5-.1.7-.3.2-.2.3-.5.3-.7s-.1-.5-.3-.7zM5.8 14.7l6.2 6.3 6.2-6.3c.2-.2.3-.5.3-.7s-.1-.5-.3-.7c-.2-.2-.4-.3-.7-.3h-11c-.3 0-.5.1-.7.3-.2.2-.3.5-.3.7s.1.5.3.7z\"\/><\/svg><\/span><\/span><\/span><\/a><\/span><\/div>\n<nav><ul class='ez-toc-list ez-toc-list-level-1 ' ><li class='ez-toc-page-1 ez-toc-heading-level-2'><a class=\"ez-toc-link ez-toc-heading-1\" href=\"https:\/\/www.grupomedcof.com.br\/blog\/edital-ufmg\/#Sobre_a_UFMG\" >Sobre a UFMG<\/a><\/li><li class='ez-toc-page-1 ez-toc-heading-level-2'><a class=\"ez-toc-link ez-toc-heading-2\" href=\"https:\/\/www.grupomedcof.com.br\/blog\/edital-ufmg\/#Criterios_de_selecao_e_etapas\" >Crit\u00e9rios de sele\u00e7\u00e3o e etapas<\/a><ul class='ez-toc-list-level-3' ><li class='ez-toc-heading-level-3'><a class=\"ez-toc-link ez-toc-heading-3\" href=\"https:\/\/www.grupomedcof.com.br\/blog\/edital-ufmg\/#Inscricoes\" >Inscri\u00e7\u00f5es<\/a><\/li><li class='ez-toc-page-1 ez-toc-heading-level-3'><a class=\"ez-toc-link ez-toc-heading-4\" href=\"https:\/\/www.grupomedcof.com.br\/blog\/edital-ufmg\/#Prova_objetiva\" >Prova objetiva<\/a><\/li><li class='ez-toc-page-1 ez-toc-heading-level-3'><a class=\"ez-toc-link ez-toc-heading-5\" href=\"https:\/\/www.grupomedcof.com.br\/blog\/edital-ufmg\/#Analise_curricular\" >An\u00e1lise curricular<\/a><\/li><\/ul><\/li><li class='ez-toc-page-1 ez-toc-heading-level-2'><a class=\"ez-toc-link ez-toc-heading-6\" href=\"https:\/\/www.grupomedcof.com.br\/blog\/edital-ufmg\/#Vagas_disponiveis\" >Vagas dispon\u00edveis<\/a><\/li><li class='ez-toc-page-1 ez-toc-heading-level-2'><a class=\"ez-toc-link ez-toc-heading-7\" href=\"https:\/\/www.grupomedcof.com.br\/blog\/edital-ufmg\/#Cronograma_residencia_medica_ENARE\" >Cronograma resid\u00eancia m\u00e9dica ENARE<\/a><\/li><li class='ez-toc-page-1 ez-toc-heading-level-2'><a class=\"ez-toc-link ez-toc-heading-8\" href=\"https:\/\/www.grupomedcof.com.br\/blog\/edital-ufmg\/#Edital_ENARE\" >Edital ENARE<\/a><\/li><li class='ez-toc-page-1 ez-toc-heading-level-2'><a class=\"ez-toc-link ez-toc-heading-9\" href=\"https:\/\/www.grupomedcof.com.br\/blog\/edital-ufmg\/#Seja_um_MedCoffer\" >Seja um MedCoffer!<\/a><\/li><\/ul><\/nav><\/div>\n\n<figure class=\"wp-block-image size-large\"><img loading=\"lazy\" decoding=\"async\" width=\"1024\" height=\"576\" src=\"https:\/\/www.grupomedcof.com.br\/blog\/wp-content\/uploads\/2024\/12\/Modelo-instituicoes-43-1024x576.png\" alt=\"\" class=\"wp-image-32261\" srcset=\"https:\/\/www.grupomedcof.com.br\/blog\/wp-content\/uploads\/2024\/12\/Modelo-instituicoes-43-1024x576.png 1024w, https:\/\/www.grupomedcof.com.br\/blog\/wp-content\/uploads\/2024\/12\/Modelo-instituicoes-43-300x169.png 300w, https:\/\/www.grupomedcof.com.br\/blog\/wp-content\/uploads\/2024\/12\/Modelo-instituicoes-43-768x432.png 768w, https:\/\/www.grupomedcof.com.br\/blog\/wp-content\/uploads\/2024\/12\/Modelo-instituicoes-43-1536x864.png 1536w, https:\/\/www.grupomedcof.com.br\/blog\/wp-content\/uploads\/2024\/12\/Modelo-instituicoes-43-747x420.png 747w, https:\/\/www.grupomedcof.com.br\/blog\/wp-content\/uploads\/2024\/12\/Modelo-instituicoes-43-150x84.png 150w, https:\/\/www.grupomedcof.com.br\/blog\/wp-content\/uploads\/2024\/12\/Modelo-instituicoes-43-696x392.png 696w, https:\/\/www.grupomedcof.com.br\/blog\/wp-content\/uploads\/2024\/12\/Modelo-instituicoes-43-1068x601.png 1068w, https:\/\/www.grupomedcof.com.br\/blog\/wp-content\/uploads\/2024\/12\/Modelo-instituicoes-43.png 1920w\" sizes=\"auto, (max-width: 1024px) 100vw, 1024px\" \/><\/figure>\n\n\n\n<p>A resid\u00eancia m\u00e9dica da <strong>Universidade Federal de Minas Gerais (UFMG)<\/strong> teve suas vagas ofertadas atrav\u00e9s do <strong>Exame Nacional de Resid\u00eancia (Enare)<\/strong>. O processo seletivo do Enare j\u00e1 foi encerrado, por\u00e9m, confira as principais informa\u00e7\u00f5es sobre a resid\u00eancia.<\/p>\n\n\n\n<h2 class=\"wp-block-heading\" id=\"h-sobre-a-ufmg\"><span class=\"ez-toc-section\" id=\"Sobre_a_UFMG\"><\/span><strong>Sobre a UFMG<\/strong><span class=\"ez-toc-section-end\"><\/span><\/h2>\n\n\n\n<p>A UFMG \u00e9 reconhecida por ser considerada pelos sistemas de avalia\u00e7\u00e3o do ensino superior no Brasil, uma das melhores universidades do pa\u00eds.<\/p>\n\n\n\n<p>Os programas de resid\u00eancia m\u00e9dica da universidade s\u00e3o realizados no <strong>Hospital das Cl\u00ednicas da UFMG (HC-UFMG)<\/strong>. O HC-UFMG \u00e9 um dos maiores centros de sa\u00fade de Minas Gerais, atuando como hospital universit\u00e1rio e refer\u00eancia em atendimento de alta complexidade. \u00c9 vinculado ao SUS e \u00e0 UFMG, oferecendo assist\u00eancia m\u00e9dica, forma\u00e7\u00e3o de profissionais de sa\u00fade e pesquisa. Com mais de 500 leitos, abrange diversas especialidades e servi\u00e7os, como transplanteInscri\u00e7\u00f5ess, tratamento de c\u00e2ncer e doen\u00e7as raras.<\/p>\n\n\n\n<p>A resid\u00eancia m\u00e9dica no Hospital das Cl\u00ednicas da UFMG \u00e9 refer\u00eancia em forma\u00e7\u00e3o especializada, oferecendo programas em diversas \u00e1reas da medicina. Os residentes t\u00eam acesso a estrutura moderna, casos cl\u00ednicos complexos e supervis\u00e3o qualificada, combinando pr\u00e1tica intensiva com ensino te\u00f3rico de excel\u00eancia.<\/p>\n\n\n\n<h2 class=\"wp-block-heading\" id=\"h-criterios-de-selecao-e-etapas\"><span class=\"ez-toc-section\" id=\"Criterios_de_selecao_e_etapas\"><\/span><strong>Crit\u00e9rios de sele\u00e7\u00e3o e etapas<\/strong><span class=\"ez-toc-section-end\"><\/span><\/h2>\n\n\n\n<p>A UFMG ofertou <strong>229 vagas<\/strong> no total, distribu\u00eddas entre especialidades de <strong>acesso direto<\/strong>, com <strong>pr\u00e9-requisito<\/strong>, <strong>ano adicional<\/strong> e <strong>\u00e1reas de atua\u00e7\u00e3o<\/strong>.<\/p>\n\n\n\n<p>O processo seletivo do Enare contou com <strong>2 fases avaliativas<\/strong>, sendo a primeira a <strong>Prova Objetiva<\/strong> e a segunda a <strong>An\u00e1lise Curricular<\/strong>.<\/p>\n\n\n\n<h3 class=\"wp-block-heading\" id=\"h-inscricoes\"><span class=\"ez-toc-section\" id=\"Inscricoes\"><\/span><strong>Inscri\u00e7\u00f5es<\/strong><span class=\"ez-toc-section-end\"><\/span><\/h3>\n\n\n\n<p>As inscri\u00e7\u00f5es do Enare, j\u00e1 encerradas, ocorreram inicialmente entre os dias <strong>07 de agosto e 05 de setembro de 2024<\/strong>, tendo sido prorrogadas at\u00e9 o dia <strong>09 de setembro<\/strong> e, ap\u00f3s esse per\u00edodo, foram formalmente finalizadas.<\/p>\n\n\n\n<p>Al\u00e9m disso, para serem deferidas, foi necess\u00e1ria a realiza\u00e7\u00e3o do pagamento da taxa de inscri\u00e7\u00e3o, a qual foi estabelecida em <strong>R$300,00<\/strong>.<\/p>\n\n\n\n<h3 class=\"wp-block-heading\" id=\"h-prova-objetiva\"><span class=\"ez-toc-section\" id=\"Prova_objetiva\"><\/span><strong>Prova objetiva<\/strong><span class=\"ez-toc-section-end\"><\/span><\/h3>\n\n\n\n<p>A prova objetiva do Enare aconteceu no dia <a href=\"https:\/\/www.grupomedcof.com.br\/blog\/residencia-medica-2024-2025-calendario-de-provas\/\"><strong>20 de outubro de 2024<\/strong><\/a> e contou com mais de <strong>50 mil candidatos <\/strong>por todo o pa\u00eds.<\/p>\n\n\n\n<p>Para as especialidades de acesso direto, a prova contou com <strong>100 quest\u00f5es<\/strong> objetivas, abordando assuntos sobre as <strong>5 grandes \u00e1reas m\u00e9dicas<\/strong> (Cirurgia Geral, Cl\u00ednica M\u00e9dica, Ginecologia e Obstetr\u00edcia, Medicina Social e Preventiva e Pediatria).<\/p>\n\n\n\n<p>J\u00e1 para as especialidades que cont\u00e9m pr\u00e9-requisitos, a prova contou com <strong>80 quest\u00f5es<\/strong> objetivas, abordando temas referentes ao programa de pr\u00e9-requisito escolhido.<\/p>\n\n\n\n<h3 class=\"wp-block-heading\" id=\"h-analise-curricular\"><span class=\"ez-toc-section\" id=\"Analise_curricular\"><\/span><strong>An\u00e1lise curricular<\/strong><span class=\"ez-toc-section-end\"><\/span><\/h3>\n\n\n\n<p>A an\u00e1lise curricular \u00e9 a <strong>2\u00aa fase<\/strong> avaliativa do processo seletivo do Enare. Os candidatos tiveram de enviar o seu <strong><em>curriculum vitae<\/em><\/strong>, o qual ser\u00e1 analisado e ter\u00e1 pontos atribu\u00eddos a cada atividade realizada.<\/p>\n\n\n\n<p>Os curr\u00edculos foram enviados no per\u00edodo de <strong>07 de agosto a 05 de setembro de 2024<\/strong> e o resultado final da etapa ser\u00e1 divulgado no dia <strong>07 de janeiro de 2025<\/strong>.<\/p>\n\n\n\n<h2 class=\"wp-block-heading\" id=\"h-vagas-disponiveis\"><span class=\"ez-toc-section\" id=\"Vagas_disponiveis\"><\/span><strong>Vagas dispon\u00edveis<\/strong><span class=\"ez-toc-section-end\"><\/span><\/h2>\n\n\n\n<figure class=\"wp-block-table\"><table class=\"has-fixed-layout\"><tbody><tr><td><strong>Especialidade<\/strong><\/td><td><strong>N\u00ba de vagas<\/strong><\/td><\/tr><tr><td>Anestesiologia<\/td><td>10<\/td><\/tr><tr><td>Cirurgia Cardiovascular<\/td><td>01<\/td><\/tr><tr><td>Cirurgia Geral<\/td><td>05<\/td><\/tr><tr><td>Cl\u00ednica M\u00e9dica<\/td><td>12<\/td><\/tr><tr><td>Dermatologia<\/td><td>04<\/td><\/tr><tr><td>Gen\u00e9tica M\u00e9dica<\/td><td>02<\/td><\/tr><tr><td>Ginecologia e Obstetr\u00edcia<\/td><td>10<\/td><\/tr><tr><td>Infectologia<\/td><td>03<\/td><\/tr><tr><td>Medicina de Emerg\u00eancia<\/td><td>09<\/td><\/tr><tr><td>Medicina de Fam\u00edlia e Comunidade<\/td><td>14<\/td><\/tr><tr><td>Medicina do Trabalho<\/td><td>04<\/td><\/tr><tr><td>Medicina Intensiva<\/td><td>04<\/td><\/tr><tr><td>Medicina Nuclear<\/td><td>02<\/td><\/tr><tr><td>Neurocirurgia<\/td><td>02<\/td><\/tr><tr><td>Neurologia<\/td><td>06<\/td><\/tr><tr><td>Oftalmologia<\/td><td>08<\/td><\/tr><tr><td>Ortopedia e Traumatologia<\/td><td>05<\/td><\/tr><tr><td>Patologia<\/td><td>02<\/td><\/tr><tr><td>Patologia Cl\u00ednica\/Medicina Laboratorial<\/td><td>02<\/td><\/tr><\/tbody><\/table><\/figure>\n\n\n\n<figure class=\"wp-block-table\"><table class=\"has-fixed-layout\"><tbody><tr><td>Pediatria<\/td><td>19<\/td><\/tr><tr><td>Psiquiatria<\/td><td>03<\/td><\/tr><tr><td>Radiologia e Diagn\u00f3stico por Imagem<\/td><td>06<\/td><\/tr><tr><td>Cardiologia<\/td><td>06<\/td><\/tr><tr><td>Cirurgia de Cabe\u00e7a e Pesco\u00e7o<\/td><td>01<\/td><\/tr><tr><td>Cirurgia do Aparelho Digestivo<\/td><td>04<\/td><\/tr><tr><td>Cirurgia Pedi\u00e1trica<\/td><td>02<\/td><\/tr><tr><td>Cirurgia Pl\u00e1stica<\/td><td>03<\/td><\/tr><tr><td>Cirurgia Tor\u00e1cica<\/td><td>01<\/td><\/tr><tr><td>Cirurgia Vascular<\/td><td>03<\/td><\/tr><tr><td>Coloproctologia<\/td><td>01<\/td><\/tr><tr><td>Endocrinologia e Metabologia<\/td><td>03<\/td><\/tr><tr><td>Endoscopia<\/td><td>02<\/td><\/tr><tr><td>Gastroenterologia<\/td><td>02<\/td><\/tr><tr><td>Geriatria<\/td><td>04<\/td><\/tr><tr><td>Hematologia e Hemoterapia<\/td><td>04<\/td><\/tr><tr><td>Mastologia<\/td><td>02<\/td><\/tr><tr><td>Nefrologia<\/td><td>04<\/td><\/tr><tr><td>Oncologia Cl\u00ednica<\/td><td>02<\/td><\/tr><tr><td>Pneumologia<\/td><td>02<\/td><\/tr><\/tbody><\/table><\/figure>\n\n\n\n<figure class=\"wp-block-table\"><table class=\"has-fixed-layout\"><tbody><tr><td>Reumatologia<\/td><td>04<\/td><\/tr><tr><td>Urologia<\/td><td>03<\/td><\/tr><tr><td>Radiologia e Diagn\u00f3stico por Imagem &#8211; R4<\/td><td>02<\/td><\/tr><tr><td>Alergia e Imunologia Pedi\u00e1trica<\/td><td>02<\/td><\/tr><tr><td>Cardiologia Pedi\u00e1trica<\/td><td>02<\/td><\/tr><tr><td>Ecocardiografia<\/td><td>02<\/td><\/tr><tr><td>Endocrinologia Pedi\u00e1trica<\/td><td>03<\/td><\/tr><tr><td>Gastroenterologia Pedi\u00e1trica<\/td><td>02<\/td><\/tr><tr><td>Hematologia e Hemoterapia Pedi\u00e1trica<\/td><td>02<\/td><\/tr><tr><td>Infectologia Pedi\u00e1trica<\/td><td>01<\/td><\/tr><tr><td>Medicina do Adolescente<\/td><td>02<\/td><\/tr><tr><td>Medicina Fetal<\/td><td>02<\/td><\/tr><tr><td>Medicina Intensiva Pedi\u00e1trica<\/td><td>01<\/td><\/tr><tr><td>Nefrologia Pedi\u00e1trica<\/td><td>02<\/td><\/tr><tr><td>Neonatologia<\/td><td>02<\/td><\/tr><tr><td>Neurologia Pedi\u00e1trica<\/td><td>02<\/td><\/tr><tr><td>Oncologia Pedi\u00e1trica<\/td><td>02<\/td><\/tr><tr><td>Pneumologia Pedi\u00e1trica<\/td><td>03<\/td><\/tr><tr><td>Psicogeriatria<\/td><td>02<\/td><\/tr><tr><td>Psiquiatria da Inf\u00e2ncia e Adolesc\u00eancia<\/td><td>02<\/td><\/tr><tr><td>Reprodu\u00e7\u00e3o Assistida<\/td><td>02<\/td><\/tr><tr><td>Ultrassonografia em Ginecologia e Obstetr\u00edcia<\/td><td>01<\/td><\/tr><\/tbody><\/table><\/figure>\n\n\n\n<h2 class=\"wp-block-heading\" id=\"h-cronograma-residencia-medica-enare\"><span class=\"ez-toc-section\" id=\"Cronograma_residencia_medica_ENARE\"><\/span><strong>Cronograma resid\u00eancia m\u00e9dica ENARE<\/strong><span class=\"ez-toc-section-end\"><\/span><\/h2>\n\n\n\n<figure class=\"wp-block-table\"><table class=\"has-fixed-layout\"><tbody><tr><td>Inscri\u00e7\u00e3o<\/td><td>07\/08 a 05\/09\/2024<\/td><\/tr><tr><td>Divulga\u00e7\u00e3o do hor\u00e1rio e local da prova<\/td><td>14\/10\/2024<\/td><\/tr><tr><td>Prova Objetiva<\/td><td>20\/10\/2024<\/td><\/tr><tr><td>Resultado da Prova Objetiva<\/td><td>20\/12\/2024<\/td><\/tr><tr><td>Prazo para envio de curr\u00edculo para 2\u00aa fase<\/td><td>7\/08 \u00e0 5\/09\/2024<\/td><\/tr><tr><td>Resultado da an\u00e1lise curricular<\/td><td>07\/01\/2025<\/td><\/tr><tr><td>Divulga\u00e7\u00e3o da Nota Final<\/td><td>09\/01\/2025<\/td><\/tr><\/tbody><\/table><\/figure>\n\n\n\n<h2 class=\"wp-block-heading\" id=\"h-edital-enare\"><span class=\"ez-toc-section\" id=\"Edital_ENARE\"><\/span><strong>Edital ENARE<\/strong><span class=\"ez-toc-section-end\"><\/span><\/h2>\n\n\n\n<div data-wp-interactive=\"core\/file\" class=\"wp-block-file\"><object data-wp-bind--hidden=\"!state.hasPdfPreview\" hidden class=\"wp-block-file__embed\" data=\"https:\/\/www.grupomedcof.com.br\/blog\/wp-content\/uploads\/2024\/12\/edital_01_enare_24_25_res_medica_v-f-17-07-24.pdf\" type=\"application\/pdf\" style=\"width:100%;height:600px\" aria-label=\"Incorporado de Edital ENARE.\"><\/object><a id=\"wp-block-file--media-0ba8c8aa-11aa-4f02-9740-927c8df9c286\" href=\"https:\/\/www.grupomedcof.com.br\/blog\/wp-content\/uploads\/2024\/12\/edital_01_enare_24_25_res_medica_v-f-17-07-24.pdf\">Edital ENARE<\/a><a href=\"https:\/\/www.grupomedcof.com.br\/blog\/wp-content\/uploads\/2024\/12\/edital_01_enare_24_25_res_medica_v-f-17-07-24.pdf\" class=\"wp-block-file__button wp-element-button\" download aria-describedby=\"wp-block-file--media-0ba8c8aa-11aa-4f02-9740-927c8df9c286\">Baixar<\/a><\/div>\n\n\n\n<h2 class=\"wp-block-heading\" id=\"h-seja-um-medcoffer\"><span class=\"ez-toc-section\" id=\"Seja_um_MedCoffer\"><\/span><strong>Seja um MedCoffer!<\/strong><span class=\"ez-toc-section-end\"><\/span><\/h2>\n\n\n\n<p>Quer garantir a sua aprova\u00e7\u00e3o nas provas de resid\u00eancia m\u00e9dica? Ent\u00e3o conhe\u00e7a o <strong>Grupo MedCof <\/strong>e a <a href=\"https:\/\/www.grupomedcof.com.br\/home\/\"><strong>metodologia<\/strong><\/a> que j\u00e1 aprovou<a href=\"https:\/\/www.grupomedcof.com.br\/blog\/presenca-da-medcof-nas-aprovacoes-em-residencia-medica-no-brasil\/\"> <strong>mais de 10 mil residentes<\/strong> <\/a>pelo pa\u00eds!<\/p>\n\n\n\n<figure class=\"wp-block-embed is-type-video is-provider-youtube wp-block-embed-youtube wp-embed-aspect-16-9 wp-has-aspect-ratio\"><div class=\"wp-block-embed__wrapper\">\n<div class=\"youtube-embed\" data-video_id=\"\"><iframe loading=\"lazy\" title=\"Corre\u00e7\u00e3o ENARE R1 2025 -  Gabarito Prova de resid\u00eancia m\u00e9dica ENARE 2025 R1 Acesso Direto\" width=\"696\" height=\"392\" src=\"https:\/\/www.youtube.com\/embed\/Sdunt3LdAWA?feature=oembed&#038;enablejsapi=1\" frameborder=\"0\" allow=\"accelerometer; autoplay; clipboard-write; encrypted-media; gyroscope; picture-in-picture; web-share\" referrerpolicy=\"strict-origin-when-cross-origin\" allowfullscreen><\/iframe><\/div>\n<\/div><\/figure>\n","protected":false},"excerpt":{"rendered":"<p>A resid\u00eancia m\u00e9dica da Universidade Federal de Minas Gerais (UFMG) teve suas vagas ofertadas atrav\u00e9s do Exame Nacional de Resid\u00eancia (Enare). O processo seletivo do Enare j\u00e1 foi encerrado, por\u00e9m, confira as principais informa\u00e7\u00f5es sobre a resid\u00eancia.<\/p>\n","protected":false},"author":23,"featured_media":32261,"comment_status":"open","ping_status":"open","sticky":false,"template":"","format":"standard","meta":{"footnotes":""},"categories":[2023],"tags":[1568,117,68],"ppma_author":[3618],"class_list":{"0":"post-32256","1":"post","2":"type-post","3":"status-publish","4":"format-standard","5":"has-post-thumbnail","7":"category-editais","8":"tag-edital","9":"tag-provas-de-residencia","10":"tag-residencia-medica"},"yoast_head":"<!-- This site is optimized with the Yoast SEO Premium plugin v24.3 (Yoast SEO v27.4) - https:\/\/yoast.com\/product\/yoast-seo-premium-wordpress\/ -->\n<title>Edital UFMG 2025: prova de resid\u00eancia m\u00e9dica<\/title>\n<meta name=\"description\" content=\"Confira o edital da resid\u00eancia m\u00e9dica UFMG 2025 e impulsione sua carreira com uma forma\u00e7\u00e3o de excel\u00eancia. Garanta sua inscri\u00e7\u00e3o agora!\" \/>\n<meta name=\"robots\" content=\"index, follow, max-snippet:-1, max-image-preview:large, max-video-preview:-1\" \/>\n<link rel=\"canonical\" href=\"https:\/\/www.grupomedcof.com.br\/blog\/edital-ufmg\/\" \/>\n<meta property=\"og:locale\" content=\"pt_BR\" \/>\n<meta property=\"og:type\" content=\"article\" \/>\n<meta property=\"og:title\" content=\"Edital Resid\u00eancia M\u00e9dica UFMG 2025: confira vagas, requisitos e cronograma\" \/>\n<meta property=\"og:description\" content=\"Confira o edital da resid\u00eancia m\u00e9dica UFMG 2025 e impulsione sua carreira com uma forma\u00e7\u00e3o de excel\u00eancia. Garanta sua inscri\u00e7\u00e3o agora!\" \/>\n<meta property=\"og:url\" content=\"https:\/\/www.grupomedcof.com.br\/blog\/edital-ufmg\/\" \/>\n<meta property=\"og:site_name\" content=\"Blog de Medcof: conte\u00fados, editais, revalida e mais!\" \/>\n<meta property=\"article:publisher\" content=\"https:\/\/www.facebook.com\/MedCofQbank\/\" \/>\n<meta property=\"article:published_time\" content=\"2024-12-06T18:00:44+00:00\" \/>\n<meta property=\"article:modified_time\" content=\"2025-04-28T20:39:57+00:00\" \/>\n<meta property=\"og:image\" content=\"https:\/\/www.grupomedcof.com.br\/blog\/wp-content\/uploads\/2024\/12\/Modelo-instituicoes-43.png\" \/>\n\t<meta property=\"og:image:width\" content=\"1920\" \/>\n\t<meta property=\"og:image:height\" content=\"1080\" \/>\n\t<meta property=\"og:image:type\" content=\"image\/png\" \/>\n<meta name=\"author\" content=\"Lu\u00edsa Porto\" \/>\n<meta name=\"twitter:card\" content=\"summary_large_image\" \/>\n<meta name=\"twitter:label1\" content=\"Escrito por\" \/>\n\t<meta name=\"twitter:data1\" content=\"Lu\u00edsa Porto\" \/>\n\t<meta name=\"twitter:label2\" content=\"Est. tempo de leitura\" \/>\n\t<meta name=\"twitter:data2\" content=\"5 minutos\" \/>\n<script type=\"application\/ld+json\" class=\"yoast-schema-graph\">{\"@context\":\"https:\\\/\\\/schema.org\",\"@graph\":[{\"@type\":\"Article\",\"@id\":\"https:\\\/\\\/www.grupomedcof.com.br\\\/blog\\\/edital-ufmg\\\/#article\",\"isPartOf\":{\"@id\":\"https:\\\/\\\/www.grupomedcof.com.br\\\/blog\\\/edital-ufmg\\\/\"},\"author\":{\"name\":\"Lu\u00edsa Porto\",\"@id\":\"https:\\\/\\\/www.grupomedcof.com.br\\\/blog\\\/#\\\/schema\\\/person\\\/d755ffce500bd0766bbf0e4e6572518f\"},\"headline\":\"Edital Resid\u00eancia M\u00e9dica UFMG 2025: confira vagas, requisitos e cronograma\",\"datePublished\":\"2024-12-06T18:00:44+00:00\",\"dateModified\":\"2025-04-28T20:39:57+00:00\",\"mainEntityOfPage\":{\"@id\":\"https:\\\/\\\/www.grupomedcof.com.br\\\/blog\\\/edital-ufmg\\\/\"},\"wordCount\":752,\"commentCount\":0,\"publisher\":{\"@id\":\"https:\\\/\\\/www.grupomedcof.com.br\\\/blog\\\/#organization\"},\"image\":{\"@id\":\"https:\\\/\\\/www.grupomedcof.com.br\\\/blog\\\/edital-ufmg\\\/#primaryimage\"},\"thumbnailUrl\":\"https:\\\/\\\/www.grupomedcof.com.br\\\/blog\\\/wp-content\\\/uploads\\\/2024\\\/12\\\/Modelo-instituicoes-43.png\",\"keywords\":[\"Edital\",\"Provas de Resid\u00eancia\",\"Resid\u00eancia M\u00e9dica\"],\"articleSection\":[\"Editais\"],\"inLanguage\":\"pt-BR\"},{\"@type\":\"WebPage\",\"@id\":\"https:\\\/\\\/www.grupomedcof.com.br\\\/blog\\\/edital-ufmg\\\/\",\"url\":\"https:\\\/\\\/www.grupomedcof.com.br\\\/blog\\\/edital-ufmg\\\/\",\"name\":\"Edital UFMG 2025: prova de resid\u00eancia m\u00e9dica\",\"isPartOf\":{\"@id\":\"https:\\\/\\\/www.grupomedcof.com.br\\\/blog\\\/#website\"},\"primaryImageOfPage\":{\"@id\":\"https:\\\/\\\/www.grupomedcof.com.br\\\/blog\\\/edital-ufmg\\\/#primaryimage\"},\"image\":{\"@id\":\"https:\\\/\\\/www.grupomedcof.com.br\\\/blog\\\/edital-ufmg\\\/#primaryimage\"},\"thumbnailUrl\":\"https:\\\/\\\/www.grupomedcof.com.br\\\/blog\\\/wp-content\\\/uploads\\\/2024\\\/12\\\/Modelo-instituicoes-43.png\",\"datePublished\":\"2024-12-06T18:00:44+00:00\",\"dateModified\":\"2025-04-28T20:39:57+00:00\",\"description\":\"Confira o edital da resid\u00eancia m\u00e9dica UFMG 2025 e impulsione sua carreira com uma forma\u00e7\u00e3o de excel\u00eancia. Garanta sua inscri\u00e7\u00e3o agora!\",\"breadcrumb\":{\"@id\":\"https:\\\/\\\/www.grupomedcof.com.br\\\/blog\\\/edital-ufmg\\\/#breadcrumb\"},\"inLanguage\":\"pt-BR\",\"potentialAction\":[{\"@type\":\"ReadAction\",\"target\":[\"https:\\\/\\\/www.grupomedcof.com.br\\\/blog\\\/edital-ufmg\\\/\"]}]},{\"@type\":\"ImageObject\",\"inLanguage\":\"pt-BR\",\"@id\":\"https:\\\/\\\/www.grupomedcof.com.br\\\/blog\\\/edital-ufmg\\\/#primaryimage\",\"url\":\"https:\\\/\\\/www.grupomedcof.com.br\\\/blog\\\/wp-content\\\/uploads\\\/2024\\\/12\\\/Modelo-instituicoes-43.png\",\"contentUrl\":\"https:\\\/\\\/www.grupomedcof.com.br\\\/blog\\\/wp-content\\\/uploads\\\/2024\\\/12\\\/Modelo-instituicoes-43.png\",\"width\":1920,\"height\":1080},{\"@type\":\"BreadcrumbList\",\"@id\":\"https:\\\/\\\/www.grupomedcof.com.br\\\/blog\\\/edital-ufmg\\\/#breadcrumb\",\"itemListElement\":[{\"@type\":\"ListItem\",\"position\":1,\"name\":\"In\u00edcio\",\"item\":\"https:\\\/\\\/www.grupomedcof.com.br\\\/blog\\\/\"},{\"@type\":\"ListItem\",\"position\":2,\"name\":\"Edital Resid\u00eancia M\u00e9dica UFMG 2025: confira vagas, requisitos e cronograma\"}]},{\"@type\":\"WebSite\",\"@id\":\"https:\\\/\\\/www.grupomedcof.com.br\\\/blog\\\/#website\",\"url\":\"https:\\\/\\\/www.grupomedcof.com.br\\\/blog\\\/\",\"name\":\"Blog de Medcof: conte\u00fados, editais, revalida e mais!\",\"description\":\"Acesso o blog de MedCof! Seu portal de conte\u00fados sobre resid\u00eancia m\u00e9dica, an\u00e1lise e editais e muito mais. Clique e confira!\",\"publisher\":{\"@id\":\"https:\\\/\\\/www.grupomedcof.com.br\\\/blog\\\/#organization\"},\"alternateName\":\"Blog de Medcof: conte\u00fados, editais, revalida e mais!\",\"potentialAction\":[{\"@type\":\"SearchAction\",\"target\":{\"@type\":\"EntryPoint\",\"urlTemplate\":\"https:\\\/\\\/www.grupomedcof.com.br\\\/blog\\\/?s={search_term_string}\"},\"query-input\":{\"@type\":\"PropertyValueSpecification\",\"valueRequired\":true,\"valueName\":\"search_term_string\"}}],\"inLanguage\":\"pt-BR\"},{\"@type\":\"Organization\",\"@id\":\"https:\\\/\\\/www.grupomedcof.com.br\\\/blog\\\/#organization\",\"name\":\"Grupo MedCof\",\"url\":\"https:\\\/\\\/www.grupomedcof.com.br\\\/blog\\\/\",\"logo\":{\"@type\":\"ImageObject\",\"inLanguage\":\"pt-BR\",\"@id\":\"https:\\\/\\\/www.grupomedcof.com.br\\\/blog\\\/#\\\/schema\\\/logo\\\/image\\\/\",\"url\":\"https:\\\/\\\/www.grupomedcof.com.br\\\/blog\\\/wp-content\\\/uploads\\\/2022\\\/01\\\/logo-medcof.png\",\"contentUrl\":\"https:\\\/\\\/www.grupomedcof.com.br\\\/blog\\\/wp-content\\\/uploads\\\/2022\\\/01\\\/logo-medcof.png\",\"width\":768,\"height\":269,\"caption\":\"Grupo MedCof\"},\"image\":{\"@id\":\"https:\\\/\\\/www.grupomedcof.com.br\\\/blog\\\/#\\\/schema\\\/logo\\\/image\\\/\"},\"sameAs\":[\"https:\\\/\\\/www.facebook.com\\\/MedCofQbank\\\/\",\"https:\\\/\\\/www.instagram.com\\\/grupomedcof\\\/\",\"https:\\\/\\\/br.linkedin.com\\\/company\\\/medcof\",\"https:\\\/\\\/www.youtube.com\\\/channel\\\/UCdHMuOHKICxcHwecxN8P-AA\"]},{\"@type\":\"Person\",\"@id\":\"https:\\\/\\\/www.grupomedcof.com.br\\\/blog\\\/#\\\/schema\\\/person\\\/d755ffce500bd0766bbf0e4e6572518f\",\"name\":\"Lu\u00edsa Porto\",\"image\":{\"@type\":\"ImageObject\",\"inLanguage\":\"pt-BR\",\"@id\":\"https:\\\/\\\/www.grupomedcof.com.br\\\/blog\\\/wp-content\\\/uploads\\\/2025\\\/05\\\/cropped-WhatsApp-Image-2025-05-05-at-19.22.15-96x96.jpegd989589e3fd3e4fb9efe9268a95bbcc4\",\"url\":\"https:\\\/\\\/www.grupomedcof.com.br\\\/blog\\\/wp-content\\\/uploads\\\/2025\\\/05\\\/cropped-WhatsApp-Image-2025-05-05-at-19.22.15-96x96.jpeg\",\"contentUrl\":\"https:\\\/\\\/www.grupomedcof.com.br\\\/blog\\\/wp-content\\\/uploads\\\/2025\\\/05\\\/cropped-WhatsApp-Image-2025-05-05-at-19.22.15-96x96.jpeg\",\"caption\":\"Lu\u00edsa Porto\"},\"description\":\"Estudante de Jornalismo do 6\u00ba semestre, encantada pela \u00e1rea da comunica\u00e7\u00e3o e f\u00e3 de automobilismo\",\"url\":\"https:\\\/\\\/www.grupomedcof.com.br\\\/blog\\\/author\\\/porto\\\/\"}]}<\/script>\n<!-- \/ Yoast SEO Premium plugin. -->","yoast_head_json":{"title":"Edital UFMG 2025: prova de resid\u00eancia m\u00e9dica","description":"Confira o edital da resid\u00eancia m\u00e9dica UFMG 2025 e impulsione sua carreira com uma forma\u00e7\u00e3o de excel\u00eancia. Garanta sua inscri\u00e7\u00e3o agora!","robots":{"index":"index","follow":"follow","max-snippet":"max-snippet:-1","max-image-preview":"max-image-preview:large","max-video-preview":"max-video-preview:-1"},"canonical":"https:\/\/www.grupomedcof.com.br\/blog\/edital-ufmg\/","og_locale":"pt_BR","og_type":"article","og_title":"Edital Resid\u00eancia M\u00e9dica UFMG 2025: confira vagas, requisitos e cronograma","og_description":"Confira o edital da resid\u00eancia m\u00e9dica UFMG 2025 e impulsione sua carreira com uma forma\u00e7\u00e3o de excel\u00eancia. Garanta sua inscri\u00e7\u00e3o agora!","og_url":"https:\/\/www.grupomedcof.com.br\/blog\/edital-ufmg\/","og_site_name":"Blog de Medcof: conte\u00fados, editais, revalida e mais!","article_publisher":"https:\/\/www.facebook.com\/MedCofQbank\/","article_published_time":"2024-12-06T18:00:44+00:00","article_modified_time":"2025-04-28T20:39:57+00:00","og_image":[{"width":1920,"height":1080,"url":"https:\/\/www.grupomedcof.com.br\/blog\/wp-content\/uploads\/2024\/12\/Modelo-instituicoes-43.png","type":"image\/png"}],"author":"Lu\u00edsa Porto","twitter_card":"summary_large_image","twitter_misc":{"Escrito por":"Lu\u00edsa Porto","Est. tempo de leitura":"5 minutos"},"schema":{"@context":"https:\/\/schema.org","@graph":[{"@type":"Article","@id":"https:\/\/www.grupomedcof.com.br\/blog\/edital-ufmg\/#article","isPartOf":{"@id":"https:\/\/www.grupomedcof.com.br\/blog\/edital-ufmg\/"},"author":{"name":"Lu\u00edsa Porto","@id":"https:\/\/www.grupomedcof.com.br\/blog\/#\/schema\/person\/d755ffce500bd0766bbf0e4e6572518f"},"headline":"Edital Resid\u00eancia M\u00e9dica UFMG 2025: confira vagas, requisitos e cronograma","datePublished":"2024-12-06T18:00:44+00:00","dateModified":"2025-04-28T20:39:57+00:00","mainEntityOfPage":{"@id":"https:\/\/www.grupomedcof.com.br\/blog\/edital-ufmg\/"},"wordCount":752,"commentCount":0,"publisher":{"@id":"https:\/\/www.grupomedcof.com.br\/blog\/#organization"},"image":{"@id":"https:\/\/www.grupomedcof.com.br\/blog\/edital-ufmg\/#primaryimage"},"thumbnailUrl":"https:\/\/www.grupomedcof.com.br\/blog\/wp-content\/uploads\/2024\/12\/Modelo-instituicoes-43.png","keywords":["Edital","Provas de Resid\u00eancia","Resid\u00eancia M\u00e9dica"],"articleSection":["Editais"],"inLanguage":"pt-BR"},{"@type":"WebPage","@id":"https:\/\/www.grupomedcof.com.br\/blog\/edital-ufmg\/","url":"https:\/\/www.grupomedcof.com.br\/blog\/edital-ufmg\/","name":"Edital UFMG 2025: prova de resid\u00eancia m\u00e9dica","isPartOf":{"@id":"https:\/\/www.grupomedcof.com.br\/blog\/#website"},"primaryImageOfPage":{"@id":"https:\/\/www.grupomedcof.com.br\/blog\/edital-ufmg\/#primaryimage"},"image":{"@id":"https:\/\/www.grupomedcof.com.br\/blog\/edital-ufmg\/#primaryimage"},"thumbnailUrl":"https:\/\/www.grupomedcof.com.br\/blog\/wp-content\/uploads\/2024\/12\/Modelo-instituicoes-43.png","datePublished":"2024-12-06T18:00:44+00:00","dateModified":"2025-04-28T20:39:57+00:00","description":"Confira o edital da resid\u00eancia m\u00e9dica UFMG 2025 e impulsione sua carreira com uma forma\u00e7\u00e3o de excel\u00eancia. Garanta sua inscri\u00e7\u00e3o agora!","breadcrumb":{"@id":"https:\/\/www.grupomedcof.com.br\/blog\/edital-ufmg\/#breadcrumb"},"inLanguage":"pt-BR","potentialAction":[{"@type":"ReadAction","target":["https:\/\/www.grupomedcof.com.br\/blog\/edital-ufmg\/"]}]},{"@type":"ImageObject","inLanguage":"pt-BR","@id":"https:\/\/www.grupomedcof.com.br\/blog\/edital-ufmg\/#primaryimage","url":"https:\/\/www.grupomedcof.com.br\/blog\/wp-content\/uploads\/2024\/12\/Modelo-instituicoes-43.png","contentUrl":"https:\/\/www.grupomedcof.com.br\/blog\/wp-content\/uploads\/2024\/12\/Modelo-instituicoes-43.png","width":1920,"height":1080},{"@type":"BreadcrumbList","@id":"https:\/\/www.grupomedcof.com.br\/blog\/edital-ufmg\/#breadcrumb","itemListElement":[{"@type":"ListItem","position":1,"name":"In\u00edcio","item":"https:\/\/www.grupomedcof.com.br\/blog\/"},{"@type":"ListItem","position":2,"name":"Edital Resid\u00eancia M\u00e9dica UFMG 2025: confira vagas, requisitos e cronograma"}]},{"@type":"WebSite","@id":"https:\/\/www.grupomedcof.com.br\/blog\/#website","url":"https:\/\/www.grupomedcof.com.br\/blog\/","name":"Blog de Medcof: conte\u00fados, editais, revalida e mais!","description":"Acesso o blog de MedCof! Seu portal de conte\u00fados sobre resid\u00eancia m\u00e9dica, an\u00e1lise e editais e muito mais. Clique e confira!","publisher":{"@id":"https:\/\/www.grupomedcof.com.br\/blog\/#organization"},"alternateName":"Blog de Medcof: conte\u00fados, editais, revalida e mais!","potentialAction":[{"@type":"SearchAction","target":{"@type":"EntryPoint","urlTemplate":"https:\/\/www.grupomedcof.com.br\/blog\/?s={search_term_string}"},"query-input":{"@type":"PropertyValueSpecification","valueRequired":true,"valueName":"search_term_string"}}],"inLanguage":"pt-BR"},{"@type":"Organization","@id":"https:\/\/www.grupomedcof.com.br\/blog\/#organization","name":"Grupo MedCof","url":"https:\/\/www.grupomedcof.com.br\/blog\/","logo":{"@type":"ImageObject","inLanguage":"pt-BR","@id":"https:\/\/www.grupomedcof.com.br\/blog\/#\/schema\/logo\/image\/","url":"https:\/\/www.grupomedcof.com.br\/blog\/wp-content\/uploads\/2022\/01\/logo-medcof.png","contentUrl":"https:\/\/www.grupomedcof.com.br\/blog\/wp-content\/uploads\/2022\/01\/logo-medcof.png","width":768,"height":269,"caption":"Grupo MedCof"},"image":{"@id":"https:\/\/www.grupomedcof.com.br\/blog\/#\/schema\/logo\/image\/"},"sameAs":["https:\/\/www.facebook.com\/MedCofQbank\/","https:\/\/www.instagram.com\/grupomedcof\/","https:\/\/br.linkedin.com\/company\/medcof","https:\/\/www.youtube.com\/channel\/UCdHMuOHKICxcHwecxN8P-AA"]},{"@type":"Person","@id":"https:\/\/www.grupomedcof.com.br\/blog\/#\/schema\/person\/d755ffce500bd0766bbf0e4e6572518f","name":"Lu\u00edsa Porto","image":{"@type":"ImageObject","inLanguage":"pt-BR","@id":"https:\/\/www.grupomedcof.com.br\/blog\/wp-content\/uploads\/2025\/05\/cropped-WhatsApp-Image-2025-05-05-at-19.22.15-96x96.jpegd989589e3fd3e4fb9efe9268a95bbcc4","url":"https:\/\/www.grupomedcof.com.br\/blog\/wp-content\/uploads\/2025\/05\/cropped-WhatsApp-Image-2025-05-05-at-19.22.15-96x96.jpeg","contentUrl":"https:\/\/www.grupomedcof.com.br\/blog\/wp-content\/uploads\/2025\/05\/cropped-WhatsApp-Image-2025-05-05-at-19.22.15-96x96.jpeg","caption":"Lu\u00edsa Porto"},"description":"Estudante de Jornalismo do 6\u00ba semestre, encantada pela \u00e1rea da comunica\u00e7\u00e3o e f\u00e3 de automobilismo","url":"https:\/\/www.grupomedcof.com.br\/blog\/author\/porto\/"}]}},"authors":[{"term_id":3618,"user_id":23,"is_guest":0,"slug":"porto","display_name":"Lu\u00edsa Porto","avatar_url":"https:\/\/www.grupomedcof.com.br\/blog\/wp-content\/uploads\/2025\/05\/cropped-WhatsApp-Image-2025-05-05-at-19.22.15-96x96.jpeg","0":null,"1":"","2":"","3":"","4":"","5":"","6":"","7":"","8":""}],"_links":{"self":[{"href":"https:\/\/www.grupomedcof.com.br\/blog\/wp-json\/wp\/v2\/posts\/32256","targetHints":{"allow":["GET"]}}],"collection":[{"href":"https:\/\/www.grupomedcof.com.br\/blog\/wp-json\/wp\/v2\/posts"}],"about":[{"href":"https:\/\/www.grupomedcof.com.br\/blog\/wp-json\/wp\/v2\/types\/post"}],"author":[{"embeddable":true,"href":"https:\/\/www.grupomedcof.com.br\/blog\/wp-json\/wp\/v2\/users\/23"}],"replies":[{"embeddable":true,"href":"https:\/\/www.grupomedcof.com.br\/blog\/wp-json\/wp\/v2\/comments?post=32256"}],"version-history":[{"count":0,"href":"https:\/\/www.grupomedcof.com.br\/blog\/wp-json\/wp\/v2\/posts\/32256\/revisions"}],"wp:featuredmedia":[{"embeddable":true,"href":"https:\/\/www.grupomedcof.com.br\/blog\/wp-json\/wp\/v2\/media\/32261"}],"wp:attachment":[{"href":"https:\/\/www.grupomedcof.com.br\/blog\/wp-json\/wp\/v2\/media?parent=32256"}],"wp:term":[{"taxonomy":"category","embeddable":true,"href":"https:\/\/www.grupomedcof.com.br\/blog\/wp-json\/wp\/v2\/categories?post=32256"},{"taxonomy":"post_tag","embeddable":true,"href":"https:\/\/www.grupomedcof.com.br\/blog\/wp-json\/wp\/v2\/tags?post=32256"},{"taxonomy":"author","embeddable":true,"href":"https:\/\/www.grupomedcof.com.br\/blog\/wp-json\/wp\/v2\/ppma_author?post=32256"}],"curies":[{"name":"wp","href":"https:\/\/api.w.org\/{rel}","templated":true}]}}