{"id":32285,"date":"2026-02-04T09:35:42","date_gmt":"2026-02-04T12:35:42","guid":{"rendered":"https:\/\/www.grupomedcof.com.br\/blog\/?p=32285"},"modified":"2026-02-04T09:35:45","modified_gmt":"2026-02-04T12:35:45","slug":"residencia-medica-unesp-tudo-sobre-o-seletivo","status":"publish","type":"post","link":"https:\/\/www.grupomedcof.com.br\/blog\/residencia-medica-unesp-tudo-sobre-o-seletivo\/","title":{"rendered":"Resid\u00eancia M\u00e9dica UNESP 2025\/2026: confira o resultado final!"},"content":{"rendered":"<div id=\"ez-toc-container\" class=\"ez-toc-v2_0_74 counter-hierarchy ez-toc-counter ez-toc-transparent ez-toc-container-direction\">\n<div class=\"ez-toc-title-container\">\n<p class=\"ez-toc-title\" style=\"cursor:inherit\">Sum\u00e1rio<\/p>\n<span class=\"ez-toc-title-toggle\"><a href=\"#\" class=\"ez-toc-pull-right ez-toc-btn ez-toc-btn-xs ez-toc-btn-default ez-toc-toggle\" aria-label=\"Alternar tabela de conte\u00fado\"><span class=\"ez-toc-js-icon-con\"><span class=\"\"><span class=\"eztoc-hide\" style=\"display:none;\">Toggle<\/span><span class=\"ez-toc-icon-toggle-span\"><svg style=\"fill: #999;color:#999\" xmlns=\"http:\/\/www.w3.org\/2000\/svg\" class=\"list-377408\" width=\"20px\" height=\"20px\" viewBox=\"0 0 24 24\" fill=\"none\"><path d=\"M6 6H4v2h2V6zm14 0H8v2h12V6zM4 11h2v2H4v-2zm16 0H8v2h12v-2zM4 16h2v2H4v-2zm16 0H8v2h12v-2z\" fill=\"currentColor\"><\/path><\/svg><svg style=\"fill: #999;color:#999\" class=\"arrow-unsorted-368013\" xmlns=\"http:\/\/www.w3.org\/2000\/svg\" width=\"10px\" height=\"10px\" viewBox=\"0 0 24 24\" version=\"1.2\" baseProfile=\"tiny\"><path d=\"M18.2 9.3l-6.2-6.3-6.2 6.3c-.2.2-.3.4-.3.7s.1.5.3.7c.2.2.4.3.7.3h11c.3 0 .5-.1.7-.3.2-.2.3-.5.3-.7s-.1-.5-.3-.7zM5.8 14.7l6.2 6.3 6.2-6.3c.2-.2.3-.5.3-.7s-.1-.5-.3-.7c-.2-.2-.4-.3-.7-.3h-11c-.3 0-.5.1-.7.3-.2.2-.3.5-.3.7s.1.5.3.7z\"\/><\/svg><\/span><\/span><\/span><\/a><\/span><\/div>\n<nav><ul class='ez-toc-list ez-toc-list-level-1 ' ><li class='ez-toc-page-1 ez-toc-heading-level-2'><a class=\"ez-toc-link ez-toc-heading-1\" href=\"https:\/\/www.grupomedcof.com.br\/blog\/residencia-medica-unesp-tudo-sobre-o-seletivo\/#Edital_UNESP_2026\" >Edital UNESP 2026<\/a><ul class='ez-toc-list-level-3' ><li class='ez-toc-heading-level-3'><a class=\"ez-toc-link ez-toc-heading-2\" href=\"https:\/\/www.grupomedcof.com.br\/blog\/residencia-medica-unesp-tudo-sobre-o-seletivo\/#Inscricoes\" >Inscri\u00e7\u00f5es<\/a><\/li><\/ul><\/li><li class='ez-toc-page-1 ez-toc-heading-level-2'><a class=\"ez-toc-link ez-toc-heading-3\" href=\"https:\/\/www.grupomedcof.com.br\/blog\/residencia-medica-unesp-tudo-sobre-o-seletivo\/#Prova_Objetiva_UNESP_20252026\" >Prova Objetiva UNESP 2025\/2026<\/a><\/li><li class='ez-toc-page-1 ez-toc-heading-level-2'><a class=\"ez-toc-link ez-toc-heading-4\" href=\"https:\/\/www.grupomedcof.com.br\/blog\/residencia-medica-unesp-tudo-sobre-o-seletivo\/#Gabaritos_UNESP_20252026\" >Gabaritos UNESP 2025\/2026<\/a><\/li><li class='ez-toc-page-1 ez-toc-heading-level-2'><a class=\"ez-toc-link ez-toc-heading-5\" href=\"https:\/\/www.grupomedcof.com.br\/blog\/residencia-medica-unesp-tudo-sobre-o-seletivo\/#Correcoes_das_provas_UNESP_20252026\" >Corre\u00e7\u00f5es das provas UNESP 2025\/2026<\/a><\/li><li class='ez-toc-page-1 ez-toc-heading-level-2'><a class=\"ez-toc-link ez-toc-heading-6\" href=\"https:\/\/www.grupomedcof.com.br\/blog\/residencia-medica-unesp-tudo-sobre-o-seletivo\/#Recursos\" >Recursos<\/a><\/li><li class='ez-toc-page-1 ez-toc-heading-level-2'><a class=\"ez-toc-link ez-toc-heading-7\" href=\"https:\/\/www.grupomedcof.com.br\/blog\/residencia-medica-unesp-tudo-sobre-o-seletivo\/#Resultado_da_Prova_Objetiva_e_Convocacao_para_Analise_Curricular\" >Resultado da Prova Objetiva e Convoca\u00e7\u00e3o para An\u00e1lise Curricular<\/a><\/li><li class='ez-toc-page-1 ez-toc-heading-level-2'><a class=\"ez-toc-link ez-toc-heading-8\" href=\"https:\/\/www.grupomedcof.com.br\/blog\/residencia-medica-unesp-tudo-sobre-o-seletivo\/#Segunda_Fase_Unesp_%E2%80%93_Analise_Curricular\" >Segunda Fase Unesp &#8211; An\u00e1lise Curricular<\/a><\/li><li class='ez-toc-page-1 ez-toc-heading-level-2'><a class=\"ez-toc-link ez-toc-heading-9\" href=\"https:\/\/www.grupomedcof.com.br\/blog\/residencia-medica-unesp-tudo-sobre-o-seletivo\/#Concorrencia_Unesp_20252026\" >Concorr\u00eancia&nbsp;Unesp&nbsp;2025\/2026<\/a><ul class='ez-toc-list-level-3' ><li class='ez-toc-heading-level-3'><a class=\"ez-toc-link ez-toc-heading-10\" href=\"https:\/\/www.grupomedcof.com.br\/blog\/residencia-medica-unesp-tudo-sobre-o-seletivo\/#Acesso_Direto\" >Acesso Direto<\/a><\/li><li class='ez-toc-page-1 ez-toc-heading-level-3'><a class=\"ez-toc-link ez-toc-heading-11\" href=\"https:\/\/www.grupomedcof.com.br\/blog\/residencia-medica-unesp-tudo-sobre-o-seletivo\/#Pre-requisito\" >Pr\u00e9-requisito<\/a><\/li><\/ul><\/li><li class='ez-toc-page-1 ez-toc-heading-level-2'><a class=\"ez-toc-link ez-toc-heading-12\" href=\"https:\/\/www.grupomedcof.com.br\/blog\/residencia-medica-unesp-tudo-sobre-o-seletivo\/#Resultado_Preliminar_do_processo_seletivo\" >Resultado Preliminar do processo seletivo<\/a><\/li><li class='ez-toc-page-1 ez-toc-heading-level-2'><a class=\"ez-toc-link ez-toc-heading-13\" href=\"https:\/\/www.grupomedcof.com.br\/blog\/residencia-medica-unesp-tudo-sobre-o-seletivo\/#Resultado_Final_UNESP_20252026\" >Resultado Final UNESP 2025\/2026<\/a><\/li><li class='ez-toc-page-1 ez-toc-heading-level-2'><a class=\"ez-toc-link ez-toc-heading-14\" href=\"https:\/\/www.grupomedcof.com.br\/blog\/residencia-medica-unesp-tudo-sobre-o-seletivo\/#Cronograma_Unesp_20252026\" >Cronograma Unesp 2025\/2026<\/a><\/li><li class='ez-toc-page-1 ez-toc-heading-level-2'><a class=\"ez-toc-link ez-toc-heading-15\" href=\"https:\/\/www.grupomedcof.com.br\/blog\/residencia-medica-unesp-tudo-sobre-o-seletivo\/#Seja_um_MedCofer\" >Seja um MedCofer<\/a><\/li><\/ul><\/nav><\/div>\n\n<figure class=\"wp-block-image size-large\"><img loading=\"lazy\" decoding=\"async\" width=\"1024\" height=\"576\" src=\"https:\/\/www.grupomedcof.com.br\/blog\/wp-content\/uploads\/2024\/12\/Modelo-instituicoes-39-1024x576.jpg\" alt=\"\" class=\"wp-image-32343\" srcset=\"https:\/\/www.grupomedcof.com.br\/blog\/wp-content\/uploads\/2024\/12\/Modelo-instituicoes-39-1024x576.jpg 1024w, https:\/\/www.grupomedcof.com.br\/blog\/wp-content\/uploads\/2024\/12\/Modelo-instituicoes-39-300x169.jpg 300w, https:\/\/www.grupomedcof.com.br\/blog\/wp-content\/uploads\/2024\/12\/Modelo-instituicoes-39-768x432.jpg 768w, https:\/\/www.grupomedcof.com.br\/blog\/wp-content\/uploads\/2024\/12\/Modelo-instituicoes-39-1536x864.jpg 1536w, https:\/\/www.grupomedcof.com.br\/blog\/wp-content\/uploads\/2024\/12\/Modelo-instituicoes-39-2048x1152.jpg 2048w, https:\/\/www.grupomedcof.com.br\/blog\/wp-content\/uploads\/2024\/12\/Modelo-instituicoes-39-747x420.jpg 747w, https:\/\/www.grupomedcof.com.br\/blog\/wp-content\/uploads\/2024\/12\/Modelo-instituicoes-39-150x84.jpg 150w, https:\/\/www.grupomedcof.com.br\/blog\/wp-content\/uploads\/2024\/12\/Modelo-instituicoes-39-696x392.jpg 696w, https:\/\/www.grupomedcof.com.br\/blog\/wp-content\/uploads\/2024\/12\/Modelo-instituicoes-39-1068x601.jpg 1068w, https:\/\/www.grupomedcof.com.br\/blog\/wp-content\/uploads\/2024\/12\/Modelo-instituicoes-39-1920x1080.jpg 1920w\" sizes=\"auto, (max-width: 1024px) 100vw, 1024px\" \/><\/figure>\n\n\n\n<p>Saiba todos os detalhes sobre o processo seletivo da UNESP 2025!<\/p>\n\n\n\n<h2 class=\"wp-block-heading\" id=\"h-edital-unesp-2026\"><span class=\"ez-toc-section\" id=\"Edital_UNESP_2026\"><\/span><strong>Edital UNESP 2026<\/strong><span class=\"ez-toc-section-end\"><\/span><\/h2>\n\n\n\n<p>O edital da UNESP foi divulgado por meio do&nbsp;<strong>Di\u00e1rio Oficial do Estado de S\u00e3o Paulo<\/strong> em meados de outubro de 2025.<\/p>\n\n\n\n<div class=\"wp-block-buttons is-layout-flex wp-block-buttons-is-layout-flex\">\n<div class=\"wp-block-button\"><a class=\"wp-block-button__link wp-element-button\" href=\"https:\/\/www.grupomedcof.com.br\/blog\/edital-residencia-medica-unesp\/\" target=\"_blank\" rel=\"noreferrer noopener\">Edital UNESP 2025\/2026<\/a><\/div>\n<\/div>\n\n\n\n<h3 class=\"wp-block-heading\" id=\"inscri\u00e7\u00f5es\"><span class=\"ez-toc-section\" id=\"Inscricoes\"><\/span><strong>Inscri\u00e7\u00f5es<\/strong><span class=\"ez-toc-section-end\"><\/span><\/h3>\n\n\n\n<p>Mediante o pagamento da taxa no valor de&nbsp;<strong>R$618,00<\/strong>, as inscri\u00e7\u00f5es ocorreram no per\u00edodo do dia&nbsp;<strong>09 ao dia 20 de outubro de 2025<\/strong>.<\/p>\n\n\n\n<h2 class=\"wp-block-heading\" id=\"h-prova-objetiva-unesp-2025-2026\"><span class=\"ez-toc-section\" id=\"Prova_Objetiva_UNESP_20252026\"><\/span><strong>Prova Objetiva UNESP 2025\/2026<\/strong><span class=\"ez-toc-section-end\"><\/span><\/h2>\n\n\n\n<p>A prova te\u00f3rico objetiva do processo seletivo da UNESP ocorreu no dia<strong>&nbsp;29 de novembro de 2025<\/strong>.<\/p>\n\n\n\n<p>A estrutura\u00e7\u00e3o das provas foi elaborada de acordo com o tipo de programa escolhido pelo participante. Confira abaixo as especifica\u00e7\u00f5es aplicadas a prova da UNESP:<\/p>\n\n\n\n<ul class=\"wp-block-list\">\n<li><strong>Acesso Direto:<\/strong>&nbsp;100 quest\u00f5es abordando assuntos das 5 grandes \u00e1reas m\u00e9dicas;<\/li>\n\n\n\n<li><strong>Pr\u00e9-requisito:<\/strong>&nbsp;100 quest\u00f5es de m\u00faltipla escolha de acordo com a especialidade escolhida;<\/li>\n\n\n\n<li><strong>Mastologia (grupo 5):<\/strong>&nbsp;25 quest\u00f5es de m\u00faltipla escolha com base no pr\u00e9-requisito exigido;<\/li>\n\n\n\n<li><strong>Endoscopia (grupo 3) e Cirurgia da M\u00e3o (grupo 4):<\/strong>&nbsp;60 quest\u00f5es de m\u00faltipla escolha com base no pr\u00e9-requisito exigido.<\/li>\n<\/ul>\n\n\n\n<h2 class=\"wp-block-heading\" id=\"h-gabaritos-unesp-2025-2026\"><span class=\"ez-toc-section\" id=\"Gabaritos_UNESP_20252026\"><\/span><strong>Gabaritos UNESP 2025\/2026<\/strong><span class=\"ez-toc-section-end\"><\/span><\/h2>\n\n\n\n<p>O gabarito preliminar da UNESP foi disponibilizado logo ap\u00f3s a aplica\u00e7\u00e3o da prova.<\/p>\n\n\n\n<div class=\"wp-block-buttons is-layout-flex wp-block-buttons-is-layout-flex\">\n<div class=\"wp-block-button\"><a class=\"wp-block-button__link wp-element-button\" href=\"https:\/\/www.grupomedcof.com.br\/blog\/gabarito-unesp\/\" target=\"_blank\" rel=\"noreferrer noopener\">Gabarito UNESP 2026<\/a><\/div>\n<\/div>\n\n\n\n<h2 class=\"wp-block-heading\" id=\"corre\u00e7\u00f5es-das-provas-usp-sp-2025\"><span class=\"ez-toc-section\" id=\"Correcoes_das_provas_UNESP_20252026\"><\/span><strong>Corre\u00e7\u00f5es das provas UNESP 2025\/2026<\/strong><span class=\"ez-toc-section-end\"><\/span><\/h2>\n\n\n\n<p>E como sempre, o&nbsp;<strong><a href=\"https:\/\/www.grupomedcof.com.br\/home\/\">Grupo MedCof<\/a><\/strong>&nbsp;esteve ao seu lado: logo ap\u00f3s a prova, nossa equipe realizou&nbsp;<strong>lives de corre\u00e7\u00e3o comentada<\/strong>, com resolu\u00e7\u00f5es detalhadas, an\u00e1lise estrat\u00e9gica e os principais pontos de aten\u00e7\u00e3o.<\/p>\n\n\n\n<figure class=\"wp-block-embed is-type-video is-provider-youtube wp-block-embed-youtube wp-embed-aspect-16-9 wp-has-aspect-ratio\"><div class=\"wp-block-embed__wrapper\">\n<div class=\"youtube-embed\" data-video_id=\"VqUmlruLZNg\"><iframe loading=\"lazy\" title=\"GABARITO UNESP Acesso Direto | Resid\u00eancia M\u00e9dica 2026 \u2013 Corre\u00e7\u00e3o da Prova UNESP Acesso Direto\" width=\"696\" height=\"392\" src=\"https:\/\/www.youtube.com\/embed\/VqUmlruLZNg?feature=oembed&#038;enablejsapi=1\" frameborder=\"0\" allow=\"accelerometer; autoplay; clipboard-write; encrypted-media; gyroscope; picture-in-picture; web-share\" referrerpolicy=\"strict-origin-when-cross-origin\" allowfullscreen><\/iframe><\/div>\n<\/div><\/figure>\n\n\n\n<h2 class=\"wp-block-heading\" id=\"h-recursos\"><span class=\"ez-toc-section\" id=\"Recursos\"><\/span><strong>Recursos<\/strong><span class=\"ez-toc-section-end\"><\/span><\/h2>\n\n\n\n<p>O per\u00edodo de recursos aconteceu entre os dias 02 e 03 de dezembro e no dia 05 de dezembro foi publicado o edital com todos os resultados dos recursos interpostos. <\/p>\n\n\n\n<h2 class=\"wp-block-heading\" id=\"h-resultado-da-prova-objetiva-e-convocacao-para-analise-curricular\"><span class=\"ez-toc-section\" id=\"Resultado_da_Prova_Objetiva_e_Convocacao_para_Analise_Curricular\"><\/span><strong>Resultado da Prova Objetiva e Convoca\u00e7\u00e3o para An\u00e1lise Curricular<\/strong><span class=\"ez-toc-section-end\"><\/span><\/h2>\n\n\n\n<p>O resultado da prova objetiva foi divulgado no dia 05 de dezembro de 2025, junto com a <strong>convoca\u00e7\u00e3o<\/strong> <strong>dos classificados para a segunda etapa<\/strong>, a an\u00e1lise curricular. <\/p>\n\n\n\n<div class=\"wp-block-buttons is-layout-flex wp-block-buttons-is-layout-flex\">\n<div class=\"wp-block-button\"><a class=\"wp-block-button__link wp-element-button\" href=\"https:\/\/www.vunesp.com.br\/Conta\/Login?ReturnUrl=%2fAreaCandidato%2fPosicionar%2fFMHO2501%2fResultado\" target=\"_blank\" rel=\"noreferrer noopener\">Convoca\u00e7\u00e3o 2\u00aa etapa<\/a><\/div>\n<\/div>\n\n\n\n<p>Os&nbsp;<strong>candidatos convocados para a 2\u00aa etapa<\/strong>&nbsp;devem realizar o envio em arquivo \u00fanico do&nbsp;<strong>curr\u00edculo<\/strong>&nbsp;e&nbsp;<strong>demais documentos<\/strong>&nbsp;para a&nbsp;<strong>An\u00e1lise Curricular<\/strong>&nbsp;entre os dias&nbsp;<strong>06 e 09 de dezembro de 2025<\/strong>.<a href=\"https:\/\/www.grupomedcof.com.br\/blog\/edital-residencia-medica-unesp\/\" target=\"_blank\" rel=\"noreferrer noopener\"><\/a>\u200b\u200b <\/p>\n\n\n\n<p>A&nbsp;<strong>an\u00e1lise curricular<\/strong>&nbsp;ocorrer\u00e1 de&nbsp;<strong>10 a 15 de dezembro de 2025<\/strong>, com peso de 10% na nota final do processo seletivo, exceto para&nbsp;<strong>Ortopedia e Traumatologia<\/strong>, cujo processo conta apenas com prova objetiva.<\/p>\n\n\n\n<h2 class=\"wp-block-heading\" id=\"h-segunda-fase-unesp-analise-curricular\"><span class=\"ez-toc-section\" id=\"Segunda_Fase_Unesp_%E2%80%93_Analise_Curricular\"><\/span><strong>Segunda Fase Unesp &#8211; An\u00e1lise Curricular<\/strong><span class=\"ez-toc-section-end\"><\/span><\/h2>\n\n\n\n<p>A&nbsp;<strong>an\u00e1lise curricular<\/strong>&nbsp;ocorrer\u00e1 entre os dias&nbsp;<strong>10 e 15 de dezembro de 2025<\/strong>. Para que seja efetivada esta etapa, os participantes devem enviar toda a documenta\u00e7\u00e3o necess\u00e1ria entre os dias&nbsp;<strong>06 e 09 de dezembro de 2025.<\/strong><\/p>\n\n\n\n<p>Lembrando, foram convocados para essa segunda etapa somente os candidatos que obtiveram uma pontua\u00e7\u00e3o suficiente na prova objetiva. Vale lembrar que os programas de&nbsp;<strong>Ortopedia e Traumatologia, Cirurgia da M\u00e3o, Cirurgia Oncol\u00f3gica e Cirurgia Pl\u00e1stica<\/strong>&nbsp;<strong>n\u00e3o ter\u00e3o<\/strong>&nbsp;essa etapa, tendo apenas a&nbsp;<strong>prova objetiva<\/strong>.<\/p>\n\n\n\n<figure class=\"wp-block-image size-large\"><a href=\"https:\/\/www.grupomedcof.com.br\/cofletters\/?clientId=&amp;utm_campaign=newsletter&amp;utm_medium=banner&amp;utm_source=blog&amp;utm_content=inscricao#https:\/\/www.grupomedcof.com.br\/blog\/\" target=\"_blank\" rel=\" noreferrer noopener\"><img loading=\"lazy\" decoding=\"async\" width=\"1024\" height=\"320\" src=\"https:\/\/www.grupomedcof.com.br\/blog\/wp-content\/uploads\/2025\/11\/Banner-MedCof-Plus-2200x460-11-1343x420-1-1024x320.png\" alt=\"\" class=\"wp-image-39227\" srcset=\"https:\/\/www.grupomedcof.com.br\/blog\/wp-content\/uploads\/2025\/11\/Banner-MedCof-Plus-2200x460-11-1343x420-1-1024x320.png 1024w, https:\/\/www.grupomedcof.com.br\/blog\/wp-content\/uploads\/2025\/11\/Banner-MedCof-Plus-2200x460-11-1343x420-1-300x94.png 300w, https:\/\/www.grupomedcof.com.br\/blog\/wp-content\/uploads\/2025\/11\/Banner-MedCof-Plus-2200x460-11-1343x420-1-768x240.png 768w, https:\/\/www.grupomedcof.com.br\/blog\/wp-content\/uploads\/2025\/11\/Banner-MedCof-Plus-2200x460-11-1343x420-1-150x47.png 150w, https:\/\/www.grupomedcof.com.br\/blog\/wp-content\/uploads\/2025\/11\/Banner-MedCof-Plus-2200x460-11-1343x420-1-696x218.png 696w, https:\/\/www.grupomedcof.com.br\/blog\/wp-content\/uploads\/2025\/11\/Banner-MedCof-Plus-2200x460-11-1343x420-1-1068x334.png 1068w, https:\/\/www.grupomedcof.com.br\/blog\/wp-content\/uploads\/2025\/11\/Banner-MedCof-Plus-2200x460-11-1343x420-1.png 1343w\" sizes=\"auto, (max-width: 1024px) 100vw, 1024px\" \/><\/a><\/figure>\n\n\n\n<h2 class=\"wp-block-heading\" id=\"h-concorrencia-nbsp-unesp-nbsp-2025-2026\"><span class=\"ez-toc-section\" id=\"Concorrencia_Unesp_20252026\"><\/span><strong>Concorr\u00eancia<\/strong>&nbsp;<strong>Unesp<\/strong>&nbsp;<strong>2025\/2026<\/strong><span class=\"ez-toc-section-end\"><\/span><\/h2>\n\n\n\n<p>Nesta edi\u00e7\u00e3o, a Unesp obteve&nbsp;<strong>4.557 candidatos inscritos<\/strong>&nbsp;no processo seletivo, contando com&nbsp;<strong>196 vagas<\/strong>&nbsp;ofertadas, acarretando em uma rela\u00e7\u00e3o geral de&nbsp;<strong>23,<\/strong>25&nbsp;<strong>candidatos por vaga<\/strong>.<\/p>\n\n\n\n<p>Sendo assim, veja na tabela abaixo toda a rela\u00e7\u00e3o completa de todas as vagas, inscritos em cada especialidade e a <a href=\"https:\/\/www.grupomedcof.com.br\/blog\/confira-a-concorrencia-da-unesp-2025-2026\/\" target=\"_blank\" rel=\"noreferrer noopener\">concorr\u00eancia do processo seletiva da UNESP 2025\/2026:<\/a><\/p>\n\n\n\n<h3 class=\"wp-block-heading\" id=\"h-acesso-direto\"><span class=\"ez-toc-section\" id=\"Acesso_Direto\"><\/span><strong>Acesso Direto<\/strong><span class=\"ez-toc-section-end\"><\/span><\/h3>\n\n\n\n<figure class=\"wp-block-table\"><table class=\"has-fixed-layout\"><thead><tr><th class=\"has-text-align-left\" data-align=\"left\">Especialidades<\/th><th class=\"has-text-align-left\" data-align=\"left\">Vagas<\/th><th class=\"has-text-align-left\" data-align=\"left\">Inscritos<\/th><th class=\"has-text-align-left\" data-align=\"left\"><strong>Concorr\u00eancia<\/strong><br><strong>(Candidato\/vaga)<\/strong><\/th><\/tr><\/thead><tbody><tr><td>Anestesiologia<\/td><td>8<\/td><td>299<\/td><td>37,3<\/td><\/tr><tr><td>Cirurgia Cardiovascular<\/td><td>2<\/td><td>31<\/td><td>15,5<\/td><\/tr><tr><td>Cirurgia Geral<\/td><td>13<\/td><td>498<\/td><td>38,3<\/td><\/tr><tr><td>Cl\u00ednica M\u00e9dica<\/td><td>30<\/td><td>663<\/td><td>22,1<\/td><\/tr><tr><td>Dermatologia<\/td><td>6<\/td><td>350<\/td><td>58,3<\/td><\/tr><tr><td>Ginecologia e Obstetr\u00edca<\/td><td>10<\/td><td>352<\/td><td>32,5<\/td><\/tr><tr><td>Infectologia<\/td><td>4<\/td><td>33<\/td><td>8,2<\/td><\/tr><tr><td>Medicina de Emerg\u00eancia<\/td><td>4<\/td><td>29<\/td><td>7,2<\/td><\/tr><tr><td>Medicina de Fam\u00edlia e Comunidade<\/td><td>4<\/td><td>29<\/td><td>7,2<\/td><\/tr><tr><td>Medicina Intensiva<\/td><td>2<\/td><td>23<\/td><td>11,5<\/td><\/tr><tr><td>Medicina Nuclear<\/td><td>1<\/td><td>7<\/td><td>7<\/td><\/tr><tr><td>Neurocirurgia<\/td><td>2<\/td><td>112<\/td><td>56<\/td><\/tr><tr><td>Neurologia<\/td><td>5<\/td><td>150<\/td><td>30<\/td><\/tr><tr><td>Oftalmologia<\/td><td>7<\/td><td>279<\/td><td>39,8<\/td><\/tr><tr><td>Ortopedia e Traumatologia<\/td><td>6<\/td><td>203<\/td><td>33,8<\/td><\/tr><tr><td>Otorrinolaringologia<\/td><td>4<\/td><td>211<\/td><td>52,7<\/td><\/tr><tr><td>Patologia<\/td><td>3<\/td><td>51<\/td><td>17<\/td><\/tr><tr><td>Pediatria<\/td><td>17<\/td><td>318<\/td><td>18,7<\/td><\/tr><tr><td>Psiquiatria<\/td><td>6<\/td><td>341<\/td><td>56,8<\/td><\/tr><tr><td>Radiologia e Diagn\u00f3stico por imagem<\/td><td>7<\/td><td>175<\/td><td>25<\/td><\/tr><\/tbody><\/table><\/figure>\n\n\n\n<h3 class=\"wp-block-heading\" id=\"h-pre-requisito\"><span class=\"ez-toc-section\" id=\"Pre-requisito\"><\/span><strong>Pr\u00e9-requisito<\/strong><span class=\"ez-toc-section-end\"><\/span><\/h3>\n\n\n\n<figure class=\"wp-block-table\"><table class=\"has-fixed-layout\"><tbody><tr><td><strong>Especialidades<\/strong><\/td><td><strong>Vagas<\/strong><\/td><td><strong>Inscritos<\/strong><\/td><td><strong>Concorr\u00eancia<\/strong><br><strong>(Candidato\/vaga)<\/strong><\/td><\/tr><tr><td>Cardiologia<\/td><td>7<\/td><td>40<\/td><td>5,7<\/td><\/tr><tr><td>Cirurgia da M\u00e3o<\/td><td>1<\/td><td>4<\/td><td>4<\/td><\/tr><tr><td>Cirurgia do Aparelho Digestivo<\/td><td>4<\/td><td>11<\/td><td>2,7<\/td><\/tr><tr><td>Cirurgia Oncol\u00f3gica<\/td><td>1<\/td><td>1<\/td><td>1<\/td><\/tr><tr><td>Cirurgia Pedi\u00e1trica<\/td><td>1<\/td><td>7<\/td><td>7<\/td><\/tr><tr><td>Cirurgia Pl\u00e1stica<\/td><td>2<\/td><td>80<\/td><td>40<\/td><\/tr><tr><td>Cirurgia Tor\u00e1cica<\/td><td>1<\/td><td>3<\/td><td>3<\/td><\/tr><tr><td>Cirurgia Vascular<\/td><td>3<\/td><td>11<\/td><td>3,6<\/td><\/tr><tr><td>Endocrinologia e Metabologia<\/td><td>3<\/td><td>55<\/td><td>18,3<\/td><\/tr><tr><td>Endoscopia<\/td><td>2<\/td><td>14<\/td><td>7<\/td><\/tr><tr><td>Gastroenterologia<\/td><td>4<\/td><td>39<\/td><td>9,7<\/td><\/tr><tr><td>Geriatria<\/td><td>4<\/td><td>28<\/td><td>7<\/td><\/tr><tr><td>Hematologia e Hemoterapia<\/td><td>4<\/td><td>22<\/td><td>5,5<\/td><\/tr><tr><td>Mastologia<\/td><td>2<\/td><td>6<\/td><td>3<\/td><\/tr><tr><td>Nefrologia<\/td><td>8<\/td><td>21<\/td><td>2,6<\/td><\/tr><tr><td>Oncologia Cl\u00ednica<\/td><td>1<\/td><td>7<\/td><td>7<\/td><\/tr><tr><td>Pneumologia<\/td><td>3<\/td><td>18<\/td><td>6<\/td><\/tr><tr><td>Reumatologia<\/td><td>2<\/td><td>16<\/td><td>8<\/td><\/tr><tr><td>Urologia<\/td><td>2<\/td><td>20<\/td><td>10<\/td><\/tr><\/tbody><\/table><\/figure>\n\n\n\n<h2 class=\"wp-block-heading\" id=\"h-resultado-preliminar-do-processo-seletivo\"><span class=\"ez-toc-section\" id=\"Resultado_Preliminar_do_processo_seletivo\"><\/span><strong>Resultado Preliminar do processo seletivo<\/strong><span class=\"ez-toc-section-end\"><\/span><\/h2>\n\n\n\n<p>O <strong>resultado preliminar <\/strong>da sele\u00e7\u00e3o para <strong>ampla concorr\u00eancia <\/strong>foi divulgado no dia 19 de janeiro de 2026, atrav\u00e9s do <strong>Sistema de Avalia\u00e7\u00e3o da Resid\u00eancia M\u00e9dica da institui\u00e7\u00e3o<\/strong> por meio do n\u00famero de inscri\u00e7\u00e3o no seletivo ou CPF cadastrado.<\/p>\n\n\n\n<div class=\"wp-block-buttons is-content-justification-center is-layout-flex wp-container-core-buttons-is-layout-16018d1d wp-block-buttons-is-layout-flex\">\n<div class=\"wp-block-button\"><a class=\"wp-block-button__link wp-element-button\" href=\"https:\/\/sarm.fmb.unesp.br\/consulta\/index.php\" target=\"_blank\" rel=\"noreferrer noopener\">Veja o resultado aqui!<\/a><\/div>\n<\/div>\n\n\n\n<p>Os recursos aconteceram entre os dias <strong>19 e 20 de janeiro de 2026<\/strong>, das 9h \u00e0s 11h e das 14h \u00e0s 17h.<\/p>\n\n\n\n<p>Os <strong>crit\u00e9rios de desempate <\/strong>ser\u00e3o:<\/p>\n\n\n\n<ol class=\"wp-block-list\">\n<li>Maior nota na prova escrita objetiva;<\/li>\n\n\n\n<li>Maior nota na an\u00e1lise do curriculum;<\/li>\n\n\n\n<li>Maior idade.<\/li>\n<\/ol>\n\n\n\n<h2 class=\"wp-block-heading\" id=\"h-resultado-final-unesp-2025-2026\"><span class=\"ez-toc-section\" id=\"Resultado_Final_UNESP_20252026\"><\/span><strong>Resultado Final UNESP 2025\/2026<\/strong><span class=\"ez-toc-section-end\"><\/span><\/h2>\n\n\n\n<p>O resultado final foi publicado no dia 30 de janeiro de 2026. A consulta pode ser feita pelo Sistema de Avalia\u00e7\u00e3o da Resid\u00eancia M\u00e9dica da institui\u00e7\u00e3o por meio do n\u00famero de inscri\u00e7\u00e3o no seletivo ou CPF cadastrado.<\/p>\n\n\n\n<div class=\"wp-block-buttons is-layout-flex wp-block-buttons-is-layout-flex\">\n<div class=\"wp-block-button\"><a class=\"wp-block-button__link wp-element-button\" href=\"https:\/\/sarm.fmb.unesp.br\/consulta\/index.php\" target=\"_blank\" rel=\"noreferrer noopener\">Resultado Final UNESP 2026<\/a><\/div>\n<\/div>\n\n\n\n<h2 class=\"wp-block-heading\" id=\"h-cronograma-unesp-2025-2026\"><span class=\"ez-toc-section\" id=\"Cronograma_Unesp_20252026\"><\/span><strong>Cronograma Unesp 2025\/2026<\/strong><span class=\"ez-toc-section-end\"><\/span><\/h2>\n\n\n\n<figure class=\"wp-block-table\"><table class=\"has-fixed-layout\"><tbody><tr><td><strong>Inscri\u00e7\u00f5es<\/strong><\/td><td>09\/10\/2025 (10h) a 20\/10\/2025 (16h)<\/td><\/tr><tr><td><strong>Taxa de inscri\u00e7\u00e3o<\/strong><\/td><td>R$ 618,00<\/td><\/tr><tr><td><strong>Pagamento<\/strong><\/td><td>At\u00e9 20\/10\/2025 (hor\u00e1rio banc\u00e1rio)<\/td><\/tr><tr><td><strong>Prova objetiva<\/strong><\/td><td>29\/11\/2025 (s\u00e1bado), \u00e0s 14h<\/td><\/tr><tr><td><strong>Gabarito preliminar<\/strong><\/td><td>01\/12\/2025<\/td><\/tr><tr><td><strong>Recursos ao gabarito<\/strong><\/td><td>02\/12\/2025 (9h) a 03\/12\/2025 (16h)<\/td><\/tr><tr><td><strong>Resultado da 1\u00aa etapa (convocados para 2\u00aa fase)<\/strong><\/td><td>05\/12\/2025 (a partir das 14h)<\/td><\/tr><tr><td><strong>Envio do curr\u00edculo<\/strong><\/td><td>06\/12\/2025 (9h) a 09\/12\/2025 (17h)<\/td><\/tr><tr><td><strong>An\u00e1lise curricular<\/strong><\/td><td>10 a 15\/12\/2025<\/td><\/tr><tr><td><strong>Resultado preliminar final (ampla concorr\u00eancia)<\/strong><\/td><td>At\u00e9 16\/01\/2026<\/td><\/tr><tr><td><strong>Recursos ampla<\/strong><\/td><td>19 e 20\/01\/2026<\/td><\/tr><tr><td><strong>Resultado preliminar final (PPI)<\/strong><\/td><td>23\/01\/2026<\/td><\/tr><tr><td><strong>Recursos PPI<\/strong><\/td><td>26 e 27\/01\/2026<\/td><\/tr><tr><td><strong>Resultado definitivo<\/strong><\/td><td>At\u00e9 30\/01\/2026<\/td><\/tr><tr><td><strong>Declara\u00e7\u00e3o de interesse em vagas remanescentes<\/strong><\/td><td>02\/02\/2026 (10h) a 05\/02\/2026 (16h)<\/td><\/tr><tr><td><strong>Matr\u00edcula (1\u00aa chamada)<\/strong><\/td><td>10 e 11\/02\/2026<\/td><\/tr><tr><td><strong>In\u00edcio da resid\u00eancia<\/strong><\/td><td>01\/03\/2026<\/td><\/tr><tr><td><strong>Etapas do processo seletivo<\/strong><\/td><td>Prova objetiva (peso 90%); An\u00e1lise curricular (peso 10%); Ortopedia e Traumatologia: apenas prova objetiva (peso 100%)<\/td><\/tr><\/tbody><\/table><\/figure>\n\n\n\n<h2 class=\"wp-block-heading\" id=\"seja-um-medcoffer\"><span class=\"ez-toc-section\" id=\"Seja_um_MedCofer\"><\/span><strong>Seja um MedCofer<\/strong><span class=\"ez-toc-section-end\"><\/span><\/h2>\n\n\n\n<p>E a\u00ed? Se deu bem nessa prova da&nbsp;<strong>UNESP<\/strong>? Esperamos que sim! Para conquistar a aprova\u00e7\u00e3o nas provas de resid\u00eancia, seja um&nbsp;<strong>MedCofer<\/strong>! Aqui te ajudaremos na busca da aprova\u00e7\u00e3o com conte\u00fados de qualidade e uma&nbsp;<a href=\"https:\/\/www.grupomedcof.com.br\/blog\/presenca-da-medcof-nas-aprovacoes-em-residencia-medica-no-brasil\/\" target=\"_blank\" rel=\"noreferrer noopener\"><strong>metodologia que j\u00e1 aprovou mais de 35 mil residentes no pa\u00eds<\/strong><\/a>!<\/p>\n\n\n\n<figure class=\"wp-block-embed is-type-video is-provider-youtube wp-block-embed-youtube wp-embed-aspect-16-9 wp-has-aspect-ratio\"><div class=\"wp-block-embed__wrapper\">\n<div class=\"youtube-embed\" data-video_id=\"Ie8KRaXYTts\"><iframe loading=\"lazy\" title=\"Miss\u00f5es MedCof UNESP 2026 | S\u00e3o Paulo | Revis\u00e3o Final da UNESP 2026\" width=\"696\" height=\"392\" src=\"https:\/\/www.youtube.com\/embed\/Ie8KRaXYTts?feature=oembed&#038;enablejsapi=1\" frameborder=\"0\" allow=\"accelerometer; autoplay; clipboard-write; encrypted-media; gyroscope; picture-in-picture; web-share\" referrerpolicy=\"strict-origin-when-cross-origin\" allowfullscreen><\/iframe><\/div>\n<\/div><\/figure>\n","protected":false},"excerpt":{"rendered":"<p>A Resid\u00eancia M\u00e9dica da UNESP divulgou os gabaritos oficiais e os recursos das provas j\u00e1 est\u00e3o dispon\u00edveis. Acesse agora e confira todos os detalhes!<\/p>\n","protected":false},"author":20,"featured_media":32343,"comment_status":"open","ping_status":"open","sticky":false,"template":"","format":"standard","meta":{"footnotes":""},"categories":[287,10,174],"tags":[2320,1918,117,233,1574],"ppma_author":[3616],"class_list":{"0":"post-32285","1":"post","2":"type-post","3":"status-publish","4":"format-standard","5":"has-post-thumbnail","7":"category-destaques-medcof","8":"category-raio-x-editais","9":"category-residencia-medica","10":"tag-correcao-de-prova","11":"tag-gabarito","12":"tag-provas-de-residencia","13":"tag-unesp","14":"tag-unesp-2025"},"yoast_head":"<!-- This site is optimized with the Yoast SEO Premium plugin v24.3 (Yoast SEO v27.4) - https:\/\/yoast.com\/product\/yoast-seo-premium-wordpress\/ -->\n<title>Resid\u00eancia M\u00e9dica UNESP: Gabarito, Corre\u00e7\u00e3o e mais!<\/title>\n<meta name=\"description\" content=\"A Resid\u00eancia M\u00e9dica da UNESP divulgou os gabaritos oficiais e os recursos das provas j\u00e1 est\u00e3o dispon\u00edveis. Acesse agora e confira todos os detalhes!\" \/>\n<meta name=\"robots\" content=\"index, follow, max-snippet:-1, max-image-preview:large, max-video-preview:-1\" \/>\n<link rel=\"canonical\" href=\"https:\/\/www.grupomedcof.com.br\/blog\/residencia-medica-unesp-tudo-sobre-o-seletivo\/\" \/>\n<meta property=\"og:locale\" content=\"pt_BR\" \/>\n<meta property=\"og:type\" content=\"article\" \/>\n<meta property=\"og:title\" content=\"Resid\u00eancia M\u00e9dica UNESP 2025\/2026: confira o resultado final!\" \/>\n<meta property=\"og:description\" content=\"A Resid\u00eancia M\u00e9dica da UNESP divulgou os gabaritos oficiais e os recursos das provas j\u00e1 est\u00e3o dispon\u00edveis. Acesse agora e confira todos os detalhes!\" \/>\n<meta property=\"og:url\" content=\"https:\/\/www.grupomedcof.com.br\/blog\/residencia-medica-unesp-tudo-sobre-o-seletivo\/\" \/>\n<meta property=\"og:site_name\" content=\"Blog de Medcof: conte\u00fados, editais, revalida e mais!\" \/>\n<meta property=\"article:publisher\" content=\"https:\/\/www.facebook.com\/MedCofQbank\/\" \/>\n<meta property=\"article:published_time\" content=\"2026-02-04T12:35:42+00:00\" \/>\n<meta property=\"article:modified_time\" content=\"2026-02-04T12:35:45+00:00\" \/>\n<meta property=\"og:image\" content=\"https:\/\/www.grupomedcof.com.br\/blog\/wp-content\/uploads\/2024\/12\/Modelo-instituicoes-39-scaled.jpg\" \/>\n\t<meta property=\"og:image:width\" content=\"2560\" \/>\n\t<meta property=\"og:image:height\" content=\"1440\" \/>\n\t<meta property=\"og:image:type\" content=\"image\/jpeg\" \/>\n<meta name=\"author\" content=\"Leila Menzel\" \/>\n<meta name=\"twitter:card\" content=\"summary_large_image\" \/>\n<meta name=\"twitter:label1\" content=\"Escrito por\" \/>\n\t<meta name=\"twitter:data1\" content=\"Leila Menzel\" \/>\n\t<meta name=\"twitter:label2\" content=\"Est. tempo de leitura\" \/>\n\t<meta name=\"twitter:data2\" content=\"7 minutos\" \/>\n<script type=\"application\/ld+json\" class=\"yoast-schema-graph\">{\"@context\":\"https:\\\/\\\/schema.org\",\"@graph\":[{\"@type\":\"Article\",\"@id\":\"https:\\\/\\\/www.grupomedcof.com.br\\\/blog\\\/residencia-medica-unesp-tudo-sobre-o-seletivo\\\/#article\",\"isPartOf\":{\"@id\":\"https:\\\/\\\/www.grupomedcof.com.br\\\/blog\\\/residencia-medica-unesp-tudo-sobre-o-seletivo\\\/\"},\"author\":{\"name\":\"Leila Menzel\",\"@id\":\"https:\\\/\\\/www.grupomedcof.com.br\\\/blog\\\/#\\\/schema\\\/person\\\/9a44c2184a836bf5ae6967fdb3a1451e\"},\"headline\":\"Resid\u00eancia M\u00e9dica UNESP 2025\\\/2026: confira o resultado final!\",\"datePublished\":\"2026-02-04T12:35:42+00:00\",\"dateModified\":\"2026-02-04T12:35:45+00:00\",\"mainEntityOfPage\":{\"@id\":\"https:\\\/\\\/www.grupomedcof.com.br\\\/blog\\\/residencia-medica-unesp-tudo-sobre-o-seletivo\\\/\"},\"wordCount\":985,\"commentCount\":0,\"publisher\":{\"@id\":\"https:\\\/\\\/www.grupomedcof.com.br\\\/blog\\\/#organization\"},\"image\":{\"@id\":\"https:\\\/\\\/www.grupomedcof.com.br\\\/blog\\\/residencia-medica-unesp-tudo-sobre-o-seletivo\\\/#primaryimage\"},\"thumbnailUrl\":\"https:\\\/\\\/www.grupomedcof.com.br\\\/blog\\\/wp-content\\\/uploads\\\/2024\\\/12\\\/Modelo-instituicoes-39-scaled.jpg\",\"keywords\":[\"Corre\u00e7\u00e3o de prova\",\"Gabarito\",\"Provas de Resid\u00eancia\",\"UNESP\",\"UNESP 2025\"],\"articleSection\":[\"Destaques MedCof\",\"Raio-X Editais\",\"Resid\u00eancia m\u00e9dica: editais, resultados, temas quentes e mais\"],\"inLanguage\":\"pt-BR\"},{\"@type\":\"WebPage\",\"@id\":\"https:\\\/\\\/www.grupomedcof.com.br\\\/blog\\\/residencia-medica-unesp-tudo-sobre-o-seletivo\\\/\",\"url\":\"https:\\\/\\\/www.grupomedcof.com.br\\\/blog\\\/residencia-medica-unesp-tudo-sobre-o-seletivo\\\/\",\"name\":\"Resid\u00eancia M\u00e9dica UNESP: Gabarito, Corre\u00e7\u00e3o e mais!\",\"isPartOf\":{\"@id\":\"https:\\\/\\\/www.grupomedcof.com.br\\\/blog\\\/#website\"},\"primaryImageOfPage\":{\"@id\":\"https:\\\/\\\/www.grupomedcof.com.br\\\/blog\\\/residencia-medica-unesp-tudo-sobre-o-seletivo\\\/#primaryimage\"},\"image\":{\"@id\":\"https:\\\/\\\/www.grupomedcof.com.br\\\/blog\\\/residencia-medica-unesp-tudo-sobre-o-seletivo\\\/#primaryimage\"},\"thumbnailUrl\":\"https:\\\/\\\/www.grupomedcof.com.br\\\/blog\\\/wp-content\\\/uploads\\\/2024\\\/12\\\/Modelo-instituicoes-39-scaled.jpg\",\"datePublished\":\"2026-02-04T12:35:42+00:00\",\"dateModified\":\"2026-02-04T12:35:45+00:00\",\"description\":\"A Resid\u00eancia M\u00e9dica da UNESP divulgou os gabaritos oficiais e os recursos das provas j\u00e1 est\u00e3o dispon\u00edveis. Acesse agora e confira todos os detalhes!\",\"breadcrumb\":{\"@id\":\"https:\\\/\\\/www.grupomedcof.com.br\\\/blog\\\/residencia-medica-unesp-tudo-sobre-o-seletivo\\\/#breadcrumb\"},\"inLanguage\":\"pt-BR\",\"potentialAction\":[{\"@type\":\"ReadAction\",\"target\":[\"https:\\\/\\\/www.grupomedcof.com.br\\\/blog\\\/residencia-medica-unesp-tudo-sobre-o-seletivo\\\/\"]}]},{\"@type\":\"ImageObject\",\"inLanguage\":\"pt-BR\",\"@id\":\"https:\\\/\\\/www.grupomedcof.com.br\\\/blog\\\/residencia-medica-unesp-tudo-sobre-o-seletivo\\\/#primaryimage\",\"url\":\"https:\\\/\\\/www.grupomedcof.com.br\\\/blog\\\/wp-content\\\/uploads\\\/2024\\\/12\\\/Modelo-instituicoes-39-scaled.jpg\",\"contentUrl\":\"https:\\\/\\\/www.grupomedcof.com.br\\\/blog\\\/wp-content\\\/uploads\\\/2024\\\/12\\\/Modelo-instituicoes-39-scaled.jpg\",\"width\":2560,\"height\":1440},{\"@type\":\"BreadcrumbList\",\"@id\":\"https:\\\/\\\/www.grupomedcof.com.br\\\/blog\\\/residencia-medica-unesp-tudo-sobre-o-seletivo\\\/#breadcrumb\",\"itemListElement\":[{\"@type\":\"ListItem\",\"position\":1,\"name\":\"In\u00edcio\",\"item\":\"https:\\\/\\\/www.grupomedcof.com.br\\\/blog\\\/\"},{\"@type\":\"ListItem\",\"position\":2,\"name\":\"Resid\u00eancia M\u00e9dica UNESP 2025\\\/2026: confira o resultado final!\"}]},{\"@type\":\"WebSite\",\"@id\":\"https:\\\/\\\/www.grupomedcof.com.br\\\/blog\\\/#website\",\"url\":\"https:\\\/\\\/www.grupomedcof.com.br\\\/blog\\\/\",\"name\":\"Blog de Medcof: conte\u00fados, editais, revalida e mais!\",\"description\":\"Acesso o blog de MedCof! Seu portal de conte\u00fados sobre resid\u00eancia m\u00e9dica, an\u00e1lise e editais e muito mais. Clique e confira!\",\"publisher\":{\"@id\":\"https:\\\/\\\/www.grupomedcof.com.br\\\/blog\\\/#organization\"},\"alternateName\":\"Blog de Medcof: conte\u00fados, editais, revalida e mais!\",\"potentialAction\":[{\"@type\":\"SearchAction\",\"target\":{\"@type\":\"EntryPoint\",\"urlTemplate\":\"https:\\\/\\\/www.grupomedcof.com.br\\\/blog\\\/?s={search_term_string}\"},\"query-input\":{\"@type\":\"PropertyValueSpecification\",\"valueRequired\":true,\"valueName\":\"search_term_string\"}}],\"inLanguage\":\"pt-BR\"},{\"@type\":\"Organization\",\"@id\":\"https:\\\/\\\/www.grupomedcof.com.br\\\/blog\\\/#organization\",\"name\":\"Grupo MedCof\",\"url\":\"https:\\\/\\\/www.grupomedcof.com.br\\\/blog\\\/\",\"logo\":{\"@type\":\"ImageObject\",\"inLanguage\":\"pt-BR\",\"@id\":\"https:\\\/\\\/www.grupomedcof.com.br\\\/blog\\\/#\\\/schema\\\/logo\\\/image\\\/\",\"url\":\"https:\\\/\\\/www.grupomedcof.com.br\\\/blog\\\/wp-content\\\/uploads\\\/2022\\\/01\\\/logo-medcof.png\",\"contentUrl\":\"https:\\\/\\\/www.grupomedcof.com.br\\\/blog\\\/wp-content\\\/uploads\\\/2022\\\/01\\\/logo-medcof.png\",\"width\":768,\"height\":269,\"caption\":\"Grupo MedCof\"},\"image\":{\"@id\":\"https:\\\/\\\/www.grupomedcof.com.br\\\/blog\\\/#\\\/schema\\\/logo\\\/image\\\/\"},\"sameAs\":[\"https:\\\/\\\/www.facebook.com\\\/MedCofQbank\\\/\",\"https:\\\/\\\/www.instagram.com\\\/grupomedcof\\\/\",\"https:\\\/\\\/br.linkedin.com\\\/company\\\/medcof\",\"https:\\\/\\\/www.youtube.com\\\/channel\\\/UCdHMuOHKICxcHwecxN8P-AA\"]},{\"@type\":\"Person\",\"@id\":\"https:\\\/\\\/www.grupomedcof.com.br\\\/blog\\\/#\\\/schema\\\/person\\\/9a44c2184a836bf5ae6967fdb3a1451e\",\"name\":\"Leila Menzel\",\"image\":{\"@type\":\"ImageObject\",\"inLanguage\":\"pt-BR\",\"@id\":\"https:\\\/\\\/www.grupomedcof.com.br\\\/blog\\\/wp-content\\\/uploads\\\/2025\\\/09\\\/cropped-eu-96x96.jpeg19a74936d997c0a8b3031618467fa1d0\",\"url\":\"https:\\\/\\\/www.grupomedcof.com.br\\\/blog\\\/wp-content\\\/uploads\\\/2025\\\/09\\\/cropped-eu-96x96.jpeg\",\"contentUrl\":\"https:\\\/\\\/www.grupomedcof.com.br\\\/blog\\\/wp-content\\\/uploads\\\/2025\\\/09\\\/cropped-eu-96x96.jpeg\",\"caption\":\"Leila Menzel\"},\"description\":\"Estudante do 6\u00b0 semestre de jornalismo, amo e escrevo poesias e viajo em livros de romances clich\u00eas.\",\"url\":\"https:\\\/\\\/www.grupomedcof.com.br\\\/blog\\\/author\\\/leila-menzel\\\/\"}]}<\/script>\n<!-- \/ Yoast SEO Premium plugin. -->","yoast_head_json":{"title":"Resid\u00eancia M\u00e9dica UNESP: Gabarito, Corre\u00e7\u00e3o e mais!","description":"A Resid\u00eancia M\u00e9dica da UNESP divulgou os gabaritos oficiais e os recursos das provas j\u00e1 est\u00e3o dispon\u00edveis. Acesse agora e confira todos os detalhes!","robots":{"index":"index","follow":"follow","max-snippet":"max-snippet:-1","max-image-preview":"max-image-preview:large","max-video-preview":"max-video-preview:-1"},"canonical":"https:\/\/www.grupomedcof.com.br\/blog\/residencia-medica-unesp-tudo-sobre-o-seletivo\/","og_locale":"pt_BR","og_type":"article","og_title":"Resid\u00eancia M\u00e9dica UNESP 2025\/2026: confira o resultado final!","og_description":"A Resid\u00eancia M\u00e9dica da UNESP divulgou os gabaritos oficiais e os recursos das provas j\u00e1 est\u00e3o dispon\u00edveis. Acesse agora e confira todos os detalhes!","og_url":"https:\/\/www.grupomedcof.com.br\/blog\/residencia-medica-unesp-tudo-sobre-o-seletivo\/","og_site_name":"Blog de Medcof: conte\u00fados, editais, revalida e mais!","article_publisher":"https:\/\/www.facebook.com\/MedCofQbank\/","article_published_time":"2026-02-04T12:35:42+00:00","article_modified_time":"2026-02-04T12:35:45+00:00","og_image":[{"width":2560,"height":1440,"url":"https:\/\/www.grupomedcof.com.br\/blog\/wp-content\/uploads\/2024\/12\/Modelo-instituicoes-39-scaled.jpg","type":"image\/jpeg"}],"author":"Leila Menzel","twitter_card":"summary_large_image","twitter_misc":{"Escrito por":"Leila Menzel","Est. tempo de leitura":"7 minutos"},"schema":{"@context":"https:\/\/schema.org","@graph":[{"@type":"Article","@id":"https:\/\/www.grupomedcof.com.br\/blog\/residencia-medica-unesp-tudo-sobre-o-seletivo\/#article","isPartOf":{"@id":"https:\/\/www.grupomedcof.com.br\/blog\/residencia-medica-unesp-tudo-sobre-o-seletivo\/"},"author":{"name":"Leila Menzel","@id":"https:\/\/www.grupomedcof.com.br\/blog\/#\/schema\/person\/9a44c2184a836bf5ae6967fdb3a1451e"},"headline":"Resid\u00eancia M\u00e9dica UNESP 2025\/2026: confira o resultado final!","datePublished":"2026-02-04T12:35:42+00:00","dateModified":"2026-02-04T12:35:45+00:00","mainEntityOfPage":{"@id":"https:\/\/www.grupomedcof.com.br\/blog\/residencia-medica-unesp-tudo-sobre-o-seletivo\/"},"wordCount":985,"commentCount":0,"publisher":{"@id":"https:\/\/www.grupomedcof.com.br\/blog\/#organization"},"image":{"@id":"https:\/\/www.grupomedcof.com.br\/blog\/residencia-medica-unesp-tudo-sobre-o-seletivo\/#primaryimage"},"thumbnailUrl":"https:\/\/www.grupomedcof.com.br\/blog\/wp-content\/uploads\/2024\/12\/Modelo-instituicoes-39-scaled.jpg","keywords":["Corre\u00e7\u00e3o de prova","Gabarito","Provas de Resid\u00eancia","UNESP","UNESP 2025"],"articleSection":["Destaques MedCof","Raio-X Editais","Resid\u00eancia m\u00e9dica: editais, resultados, temas quentes e mais"],"inLanguage":"pt-BR"},{"@type":"WebPage","@id":"https:\/\/www.grupomedcof.com.br\/blog\/residencia-medica-unesp-tudo-sobre-o-seletivo\/","url":"https:\/\/www.grupomedcof.com.br\/blog\/residencia-medica-unesp-tudo-sobre-o-seletivo\/","name":"Resid\u00eancia M\u00e9dica UNESP: Gabarito, Corre\u00e7\u00e3o e mais!","isPartOf":{"@id":"https:\/\/www.grupomedcof.com.br\/blog\/#website"},"primaryImageOfPage":{"@id":"https:\/\/www.grupomedcof.com.br\/blog\/residencia-medica-unesp-tudo-sobre-o-seletivo\/#primaryimage"},"image":{"@id":"https:\/\/www.grupomedcof.com.br\/blog\/residencia-medica-unesp-tudo-sobre-o-seletivo\/#primaryimage"},"thumbnailUrl":"https:\/\/www.grupomedcof.com.br\/blog\/wp-content\/uploads\/2024\/12\/Modelo-instituicoes-39-scaled.jpg","datePublished":"2026-02-04T12:35:42+00:00","dateModified":"2026-02-04T12:35:45+00:00","description":"A Resid\u00eancia M\u00e9dica da UNESP divulgou os gabaritos oficiais e os recursos das provas j\u00e1 est\u00e3o dispon\u00edveis. Acesse agora e confira todos os detalhes!","breadcrumb":{"@id":"https:\/\/www.grupomedcof.com.br\/blog\/residencia-medica-unesp-tudo-sobre-o-seletivo\/#breadcrumb"},"inLanguage":"pt-BR","potentialAction":[{"@type":"ReadAction","target":["https:\/\/www.grupomedcof.com.br\/blog\/residencia-medica-unesp-tudo-sobre-o-seletivo\/"]}]},{"@type":"ImageObject","inLanguage":"pt-BR","@id":"https:\/\/www.grupomedcof.com.br\/blog\/residencia-medica-unesp-tudo-sobre-o-seletivo\/#primaryimage","url":"https:\/\/www.grupomedcof.com.br\/blog\/wp-content\/uploads\/2024\/12\/Modelo-instituicoes-39-scaled.jpg","contentUrl":"https:\/\/www.grupomedcof.com.br\/blog\/wp-content\/uploads\/2024\/12\/Modelo-instituicoes-39-scaled.jpg","width":2560,"height":1440},{"@type":"BreadcrumbList","@id":"https:\/\/www.grupomedcof.com.br\/blog\/residencia-medica-unesp-tudo-sobre-o-seletivo\/#breadcrumb","itemListElement":[{"@type":"ListItem","position":1,"name":"In\u00edcio","item":"https:\/\/www.grupomedcof.com.br\/blog\/"},{"@type":"ListItem","position":2,"name":"Resid\u00eancia M\u00e9dica UNESP 2025\/2026: confira o resultado final!"}]},{"@type":"WebSite","@id":"https:\/\/www.grupomedcof.com.br\/blog\/#website","url":"https:\/\/www.grupomedcof.com.br\/blog\/","name":"Blog de Medcof: conte\u00fados, editais, revalida e mais!","description":"Acesso o blog de MedCof! Seu portal de conte\u00fados sobre resid\u00eancia m\u00e9dica, an\u00e1lise e editais e muito mais. Clique e confira!","publisher":{"@id":"https:\/\/www.grupomedcof.com.br\/blog\/#organization"},"alternateName":"Blog de Medcof: conte\u00fados, editais, revalida e mais!","potentialAction":[{"@type":"SearchAction","target":{"@type":"EntryPoint","urlTemplate":"https:\/\/www.grupomedcof.com.br\/blog\/?s={search_term_string}"},"query-input":{"@type":"PropertyValueSpecification","valueRequired":true,"valueName":"search_term_string"}}],"inLanguage":"pt-BR"},{"@type":"Organization","@id":"https:\/\/www.grupomedcof.com.br\/blog\/#organization","name":"Grupo MedCof","url":"https:\/\/www.grupomedcof.com.br\/blog\/","logo":{"@type":"ImageObject","inLanguage":"pt-BR","@id":"https:\/\/www.grupomedcof.com.br\/blog\/#\/schema\/logo\/image\/","url":"https:\/\/www.grupomedcof.com.br\/blog\/wp-content\/uploads\/2022\/01\/logo-medcof.png","contentUrl":"https:\/\/www.grupomedcof.com.br\/blog\/wp-content\/uploads\/2022\/01\/logo-medcof.png","width":768,"height":269,"caption":"Grupo MedCof"},"image":{"@id":"https:\/\/www.grupomedcof.com.br\/blog\/#\/schema\/logo\/image\/"},"sameAs":["https:\/\/www.facebook.com\/MedCofQbank\/","https:\/\/www.instagram.com\/grupomedcof\/","https:\/\/br.linkedin.com\/company\/medcof","https:\/\/www.youtube.com\/channel\/UCdHMuOHKICxcHwecxN8P-AA"]},{"@type":"Person","@id":"https:\/\/www.grupomedcof.com.br\/blog\/#\/schema\/person\/9a44c2184a836bf5ae6967fdb3a1451e","name":"Leila Menzel","image":{"@type":"ImageObject","inLanguage":"pt-BR","@id":"https:\/\/www.grupomedcof.com.br\/blog\/wp-content\/uploads\/2025\/09\/cropped-eu-96x96.jpeg19a74936d997c0a8b3031618467fa1d0","url":"https:\/\/www.grupomedcof.com.br\/blog\/wp-content\/uploads\/2025\/09\/cropped-eu-96x96.jpeg","contentUrl":"https:\/\/www.grupomedcof.com.br\/blog\/wp-content\/uploads\/2025\/09\/cropped-eu-96x96.jpeg","caption":"Leila Menzel"},"description":"Estudante do 6\u00b0 semestre de jornalismo, amo e escrevo poesias e viajo em livros de romances clich\u00eas.","url":"https:\/\/www.grupomedcof.com.br\/blog\/author\/leila-menzel\/"}]}},"authors":[{"term_id":3616,"user_id":20,"is_guest":0,"slug":"leila-menzel","display_name":"Leila Menzel","avatar_url":"https:\/\/www.grupomedcof.com.br\/blog\/wp-content\/uploads\/2025\/09\/cropped-eu-96x96.jpeg","0":null,"1":"","2":"","3":"","4":"","5":"","6":"","7":"","8":""}],"_links":{"self":[{"href":"https:\/\/www.grupomedcof.com.br\/blog\/wp-json\/wp\/v2\/posts\/32285","targetHints":{"allow":["GET"]}}],"collection":[{"href":"https:\/\/www.grupomedcof.com.br\/blog\/wp-json\/wp\/v2\/posts"}],"about":[{"href":"https:\/\/www.grupomedcof.com.br\/blog\/wp-json\/wp\/v2\/types\/post"}],"author":[{"embeddable":true,"href":"https:\/\/www.grupomedcof.com.br\/blog\/wp-json\/wp\/v2\/users\/20"}],"replies":[{"embeddable":true,"href":"https:\/\/www.grupomedcof.com.br\/blog\/wp-json\/wp\/v2\/comments?post=32285"}],"version-history":[{"count":3,"href":"https:\/\/www.grupomedcof.com.br\/blog\/wp-json\/wp\/v2\/posts\/32285\/revisions"}],"predecessor-version":[{"id":41506,"href":"https:\/\/www.grupomedcof.com.br\/blog\/wp-json\/wp\/v2\/posts\/32285\/revisions\/41506"}],"wp:featuredmedia":[{"embeddable":true,"href":"https:\/\/www.grupomedcof.com.br\/blog\/wp-json\/wp\/v2\/media\/32343"}],"wp:attachment":[{"href":"https:\/\/www.grupomedcof.com.br\/blog\/wp-json\/wp\/v2\/media?parent=32285"}],"wp:term":[{"taxonomy":"category","embeddable":true,"href":"https:\/\/www.grupomedcof.com.br\/blog\/wp-json\/wp\/v2\/categories?post=32285"},{"taxonomy":"post_tag","embeddable":true,"href":"https:\/\/www.grupomedcof.com.br\/blog\/wp-json\/wp\/v2\/tags?post=32285"},{"taxonomy":"author","embeddable":true,"href":"https:\/\/www.grupomedcof.com.br\/blog\/wp-json\/wp\/v2\/ppma_author?post=32285"}],"curies":[{"name":"wp","href":"https:\/\/api.w.org\/{rel}","templated":true}]}}