{"id":32359,"date":"2024-12-10T11:23:45","date_gmt":"2024-12-10T14:23:45","guid":{"rendered":"https:\/\/www.grupomedcof.com.br\/blog\/?p=32359"},"modified":"2026-04-24T15:48:44","modified_gmt":"2026-04-24T18:48:44","slug":"reconheca-os-mecanismos-fisiologicos-da-hipersensibilidade-a-alergia","status":"publish","type":"post","link":"https:\/\/www.grupomedcof.com.br\/blog\/reconheca-os-mecanismos-fisiologicos-da-hipersensibilidade-a-alergia\/","title":{"rendered":"Reconhe\u00e7a os mecanismos fisiol\u00f3gicos da hipersensibilidade: a alergia"},"content":{"rendered":"<div id=\"ez-toc-container\" class=\"ez-toc-v2_0_74 counter-hierarchy ez-toc-counter ez-toc-transparent ez-toc-container-direction\">\n<div class=\"ez-toc-title-container\">\n<p class=\"ez-toc-title\" style=\"cursor:inherit\">Sum\u00e1rio<\/p>\n<span class=\"ez-toc-title-toggle\"><a href=\"#\" class=\"ez-toc-pull-right ez-toc-btn ez-toc-btn-xs ez-toc-btn-default ez-toc-toggle\" aria-label=\"Alternar tabela de conte\u00fado\"><span class=\"ez-toc-js-icon-con\"><span class=\"\"><span class=\"eztoc-hide\" style=\"display:none;\">Toggle<\/span><span class=\"ez-toc-icon-toggle-span\"><svg style=\"fill: #999;color:#999\" xmlns=\"http:\/\/www.w3.org\/2000\/svg\" class=\"list-377408\" width=\"20px\" height=\"20px\" viewBox=\"0 0 24 24\" fill=\"none\"><path d=\"M6 6H4v2h2V6zm14 0H8v2h12V6zM4 11h2v2H4v-2zm16 0H8v2h12v-2zM4 16h2v2H4v-2zm16 0H8v2h12v-2z\" fill=\"currentColor\"><\/path><\/svg><svg style=\"fill: #999;color:#999\" class=\"arrow-unsorted-368013\" xmlns=\"http:\/\/www.w3.org\/2000\/svg\" width=\"10px\" height=\"10px\" viewBox=\"0 0 24 24\" version=\"1.2\" baseProfile=\"tiny\"><path d=\"M18.2 9.3l-6.2-6.3-6.2 6.3c-.2.2-.3.4-.3.7s.1.5.3.7c.2.2.4.3.7.3h11c.3 0 .5-.1.7-.3.2-.2.3-.5.3-.7s-.1-.5-.3-.7zM5.8 14.7l6.2 6.3 6.2-6.3c.2-.2.3-.5.3-.7s-.1-.5-.3-.7c-.2-.2-.4-.3-.7-.3h-11c-.3 0-.5.1-.7.3-.2.2-.3.5-.3.7s.1.5.3.7z\"\/><\/svg><\/span><\/span><\/span><\/a><\/span><\/div>\n<nav><ul class='ez-toc-list ez-toc-list-level-1 ' ><li class='ez-toc-page-1 ez-toc-heading-level-2'><a class=\"ez-toc-link ez-toc-heading-1\" href=\"https:\/\/www.grupomedcof.com.br\/blog\/reconheca-os-mecanismos-fisiologicos-da-hipersensibilidade-a-alergia\/#Introducao\" >Introdu\u00e7\u00e3o\u00a0<\/a><\/li><li class='ez-toc-page-1 ez-toc-heading-level-2'><a class=\"ez-toc-link ez-toc-heading-2\" href=\"https:\/\/www.grupomedcof.com.br\/blog\/reconheca-os-mecanismos-fisiologicos-da-hipersensibilidade-a-alergia\/#Mecanismos\" >Mecanismos\u00a0<\/a><\/li><li class='ez-toc-page-1 ez-toc-heading-level-2'><a class=\"ez-toc-link ez-toc-heading-3\" href=\"https:\/\/www.grupomedcof.com.br\/blog\/reconheca-os-mecanismos-fisiologicos-da-hipersensibilidade-a-alergia\/#Conceitos_importantes\" >Conceitos importantes\u00a0<\/a><ul class='ez-toc-list-level-3' ><li class='ez-toc-heading-level-3'><a class=\"ez-toc-link ez-toc-heading-4\" href=\"https:\/\/www.grupomedcof.com.br\/blog\/reconheca-os-mecanismos-fisiologicos-da-hipersensibilidade-a-alergia\/#Anafilaxia\" >Anafilaxia\u00a0<\/a><\/li><\/ul><\/li><li class='ez-toc-page-1 ez-toc-heading-level-2'><a class=\"ez-toc-link ez-toc-heading-5\" href=\"https:\/\/www.grupomedcof.com.br\/blog\/reconheca-os-mecanismos-fisiologicos-da-hipersensibilidade-a-alergia\/#Reacoes_bifasicas\" >Rea\u00e7\u00f5es bif\u00e1sicas\u00a0<\/a><\/li><li class='ez-toc-page-1 ez-toc-heading-level-2'><a class=\"ez-toc-link ez-toc-heading-6\" href=\"https:\/\/www.grupomedcof.com.br\/blog\/reconheca-os-mecanismos-fisiologicos-da-hipersensibilidade-a-alergia\/#Diagnostico\" >Diagn\u00f3stico\u00a0<\/a><\/li><li class='ez-toc-page-1 ez-toc-heading-level-2'><a class=\"ez-toc-link ez-toc-heading-7\" href=\"https:\/\/www.grupomedcof.com.br\/blog\/reconheca-os-mecanismos-fisiologicos-da-hipersensibilidade-a-alergia\/#Fluxogramas_importantes\" >Fluxogramas importantes\u00a0<\/a><\/li><li class='ez-toc-page-1 ez-toc-heading-level-2'><a class=\"ez-toc-link ez-toc-heading-8\" href=\"https:\/\/www.grupomedcof.com.br\/blog\/reconheca-os-mecanismos-fisiologicos-da-hipersensibilidade-a-alergia\/#Prepare-se_conosco\" >Prepare-se conosco!<\/a><\/li><\/ul><\/nav><\/div>\n\n<figure class=\"wp-block-image size-large\"><img loading=\"lazy\" decoding=\"async\" width=\"1024\" height=\"576\" src=\"https:\/\/www.grupomedcof.com.br\/blog\/wp-content\/uploads\/2024\/12\/Blog-MedCof-21-1024x576.jpg\" alt=\"\" class=\"wp-image-32360\" srcset=\"https:\/\/www.grupomedcof.com.br\/blog\/wp-content\/uploads\/2024\/12\/Blog-MedCof-21-1024x576.jpg 1024w, https:\/\/www.grupomedcof.com.br\/blog\/wp-content\/uploads\/2024\/12\/Blog-MedCof-21-300x169.jpg 300w, https:\/\/www.grupomedcof.com.br\/blog\/wp-content\/uploads\/2024\/12\/Blog-MedCof-21-768x432.jpg 768w, https:\/\/www.grupomedcof.com.br\/blog\/wp-content\/uploads\/2024\/12\/Blog-MedCof-21-1536x864.jpg 1536w, https:\/\/www.grupomedcof.com.br\/blog\/wp-content\/uploads\/2024\/12\/Blog-MedCof-21-2048x1152.jpg 2048w, https:\/\/www.grupomedcof.com.br\/blog\/wp-content\/uploads\/2024\/12\/Blog-MedCof-21-747x420.jpg 747w, https:\/\/www.grupomedcof.com.br\/blog\/wp-content\/uploads\/2024\/12\/Blog-MedCof-21-150x84.jpg 150w, https:\/\/www.grupomedcof.com.br\/blog\/wp-content\/uploads\/2024\/12\/Blog-MedCof-21-696x392.jpg 696w, https:\/\/www.grupomedcof.com.br\/blog\/wp-content\/uploads\/2024\/12\/Blog-MedCof-21-1068x601.jpg 1068w, https:\/\/www.grupomedcof.com.br\/blog\/wp-content\/uploads\/2024\/12\/Blog-MedCof-21-1920x1080.jpg 1920w\" sizes=\"auto, (max-width: 1024px) 100vw, 1024px\" \/><\/figure>\n\n\n\n<h2 class=\"wp-block-heading\" id=\"h-introducao\"><span class=\"ez-toc-section\" id=\"Introducao\"><\/span><strong>Introdu\u00e7\u00e3o\u00a0<\/strong><span class=\"ez-toc-section-end\"><\/span><\/h2>\n\n\n\n<p>A <strong>alergia <\/strong>pode ser caracterizada como uma resposta exagerada do sistema imunol\u00f3gico a subst\u00e2ncias normalmente inofensivas (al\u00e9rgenos). Ao se expor ao al\u00e9rgeno (como p\u00f3len, alimentos, etc) o corpo do paciente produz anticorpos IgE, que se ligam aos mast\u00f3citos, causando a sensibiliza\u00e7\u00e3o. Mas atente-se ao detalhe, os mast\u00f3citos podem degranular sem IgE tamb\u00e9m (por infec\u00e7\u00f5es, anticorpos, neoplasias, opioides, quinolonas, AINES e contraste isolado).\u00a0<\/p>\n\n\n\n<h2 class=\"wp-block-heading\" id=\"h-mecanismos\"><span class=\"ez-toc-section\" id=\"Mecanismos\"><\/span><strong>Mecanismos\u00a0<\/strong><span class=\"ez-toc-section-end\"><\/span><\/h2>\n\n\n\n<p>Podemos dividir os mecanismos de hipersensibilidade em 4:<\/p>\n\n\n\n<ol class=\"wp-block-list\">\n<li><strong>Anafilaticos\/imediata\u00a0<\/strong><\/li>\n<\/ol>\n\n\n\n<p>O mecanismo efetor desse tipo s\u00e3o os IgE, mast\u00f3citos e bas\u00f3filos. Clinicamente, encontramos os prot\u00f3tipos de urtic\u00e1ria, anafilaxia, angioedema e broncoespasmo.<\/p>\n\n\n\n<ol start=\"2\" class=\"wp-block-list\">\n<li><strong>Citotoxicidade celular dependente de anticorpo<\/strong><\/li>\n<\/ol>\n\n\n\n<p>Esse mecanismo \u00e9 mais associado a IgM, IgG, sistema complemento, facocitose e c\u00e9lulas NK, resultando em&nbsp; nefrites, citopenias, pneumonites, etc.&nbsp;<\/p>\n\n\n\n<ol start=\"3\" class=\"wp-block-list\">\n<li><strong>Imunocomplexos<\/strong><\/li>\n<\/ol>\n\n\n\n<p>Tamb\u00e9m relacionado a IgM, IgG, sistema complemento e fagocitose, essa modalidade pode ocasionar doen\u00e7a do soro, febre, urtic\u00e1ria, vasculites e glomerulonefrite.&nbsp;<\/p>\n\n\n\n<ol start=\"4\" class=\"wp-block-list\">\n<li><strong>Celular<\/strong><\/li>\n<\/ol>\n\n\n\n<p>Esse mecanismo tem como efetores os linf\u00f3citos T, citocinas, mononucleares e c\u00e9lulas de Langerhans, causando dermatite de contato, fotoalergias, eritema fixo, exantemas, DRESS, SSJ\/NET e PEGA.&nbsp;<\/p>\n\n\n\n<h2 class=\"wp-block-heading\" id=\"h-conceitos-importantes\"><span class=\"ez-toc-section\" id=\"Conceitos_importantes\"><\/span><strong>Conceitos importantes\u00a0<\/strong><span class=\"ez-toc-section-end\"><\/span><\/h2>\n\n\n\n<h3 class=\"wp-block-heading\" id=\"h-anafilaxia\"><span class=\"ez-toc-section\" id=\"Anafilaxia\"><\/span><strong>Anafilaxia\u00a0<\/strong><span class=\"ez-toc-section-end\"><\/span><\/h3>\n\n\n\n<p>Nome escolhido para definir uma rea\u00e7\u00e3o sist\u00eamica aguda grave que seja potencialmente fatal. Ela apresenta mecanismos, apresenta\u00e7\u00f5es cl\u00ednicas e gravidade variada, mas sempre resulta da libera\u00e7\u00e3o repentina de mediadores de mast\u00f3citos e bas\u00f3filos ativados, ap\u00f3s contato com uma subst\u00e2ncia causadora espec\u00edfica. Devido a essas caracter\u00edsticas, podemos enquadr\u00e1-la em uma emerg\u00eancia m\u00e9dica, com subdiagnosticos e subtratamento.&nbsp;<\/p>\n\n\n\n<p>A principal c\u00e9lula efetora \u00e9 o mast\u00f3cito, que degranula facilmente e libera uma s\u00e9rie de subst\u00e2ncias, como proteoglicanos, triptase e histamina (causadora dos principais sintomas da crise de anafilaxia).&nbsp;<\/p>\n\n\n\n<p>Os sintomas variam conforme a \u00e1rea de atua\u00e7\u00e3o do mast\u00f3cito:&nbsp;<\/p>\n\n\n\n<figure class=\"wp-block-table\"><table class=\"has-fixed-layout\"><tbody><tr><td><strong>Respirat\u00f3rios Superiores&nbsp;<\/strong><\/td><td><strong>Respirat\u00f3rio geral&nbsp;<\/strong><\/td><td><strong>Digestivo<\/strong><\/td><td><strong>Cardiovascular<\/strong><\/td><td><strong>Pele<\/strong><\/td><\/tr><tr><td>Rinorreia<\/td><td>Tosse<\/td><td>N\u00e1usea&nbsp;<\/td><td>Hipotens\u00e3o&nbsp;<\/td><td>Eritema&nbsp;<\/td><\/tr><tr><td>Coriza<\/td><td>Dispneia&nbsp;<\/td><td>V\u00f4mito&nbsp;<\/td><td>Taquicardia&nbsp;<\/td><td>Urticaria&nbsp;<\/td><\/tr><tr><td>Angioedema<\/td><td>Broncoconstri\u00e7\u00e3o&nbsp;<\/td><td>Dor abdominal&nbsp;<\/td><td>Vasodilatacao&nbsp;<\/td><td>Angioedema&nbsp;<\/td><\/tr><tr><td>Estridor&nbsp;<\/td><td>Hipoxia&nbsp;<\/td><td>Diarreia&nbsp;<\/td><td>Aumento da Permeabilidade vascular&nbsp;<\/td><td><\/td><\/tr><\/tbody><\/table><\/figure>\n\n\n\n<h2 class=\"wp-block-heading\" id=\"h-reacoes-bifasicas\"><span class=\"ez-toc-section\" id=\"Reacoes_bifasicas\"><\/span><strong>Rea\u00e7\u00f5es bif\u00e1sicas\u00a0<\/strong><span class=\"ez-toc-section-end\"><\/span><\/h2>\n\n\n\n<p>Caracter\u00edstica das rea\u00e7\u00f5es de anafilaxia, a rea\u00e7\u00e3o bif\u00e1sica se divide em duas manifesta\u00e7\u00f5es al\u00e9rgicas bem demarcadas, ou seja, com resposta prim\u00e1ria e secund\u00e1ria. At\u00e9 20% das rea\u00e7\u00f5es s\u00e3o bif\u00e1sicas e, geralmente, s\u00e3o devido a alimentos. O intervalo entre os sinais e sintomas pode variar de 8 a 72h e vale dizer que n\u00e3o existem sinais ou sintomas preditivos da recorr\u00eancia do quadro. \u00c9 importante ressaltar que n\u00e3o devemos liberar o paciente ap\u00f3s o primeiro tratamento!<\/p>\n\n\n\n<figure class=\"wp-block-image\"><img decoding=\"async\" src=\"https:\/\/lh7-rt.googleusercontent.com\/docsz\/AD_4nXeZki51Jx7djUqi_fICBazY4cSPJFZvBM9b_lKXvfA_5dZlCADeS-rEJG_pSp5f3tkYhgE3meKx2Xm7OTdX16B6h3jhqFaxeIO49vg2fw27140J8C50YdFprzCbi1SBWNNhu0VKuA?key=TikAUWaBo8LOIU3q6BrMwM1B\" alt=\"\"\/><figcaption class=\"wp-element-caption\">Fonte: Acervo de Aulas do Grupo MedCof.<\/figcaption><\/figure>\n\n\n\n<h2 class=\"wp-block-heading\" id=\"h-diagnostico\"><span class=\"ez-toc-section\" id=\"Diagnostico\"><\/span><strong>Diagn\u00f3stico\u00a0<\/strong><span class=\"ez-toc-section-end\"><\/span><\/h2>\n\n\n\n<p>Deve-se considerar anafilaxia como diagn\u00f3stico muito prov\u00e1vel quando existe uma rea\u00e7\u00e3o sist\u00eamica grave na presen\u00e7a de pelo menos um de tr\u00eas crit\u00e9rios cl\u00ednicos:<\/p>\n\n\n\n<ul class=\"wp-block-list\">\n<li>In\u00edcio s\u00fabito com envolvimento da pele e\/ou mucosas e pelo menos um\u00a0 entre o compromisso respirat\u00f3rio e hipotens\u00e3o ou sintoma associado de disfun\u00e7\u00e3o de \u00f3rg\u00e3o terminal\u00a0<\/li>\n\n\n\n<li>Ocorr\u00eancia de forma s\u00fabita ap\u00f3s exposi\u00e7\u00e3o a um alerg\u00e9nio prov\u00e1vel de pelo menos um entre envolvimento de pele e\/ou mucosas, compromisso respirat\u00f3rio, hipotens\u00e3o ou sintoma associado e sintomas gastrointestinais s\u00fabitos.\u00a0<\/li>\n\n\n\n<li>Hipotens\u00e3o ap\u00f3s exposi\u00e7\u00e3o a um alergenio conhecido para aquele doente em lactantes e crian\u00e7as com baixo PAS e adultos com PAS &lt; 90 mmHg.\u00a0<\/li>\n<\/ul>\n\n\n\n<h2 class=\"wp-block-heading\" id=\"h-fluxogramas-importantes\"><span class=\"ez-toc-section\" id=\"Fluxogramas_importantes\"><\/span><strong>Fluxogramas importantes\u00a0<\/strong><span class=\"ez-toc-section-end\"><\/span><\/h2>\n\n\n\n<p>Alguns fatores influenciam na anafilaxia, por isso vale relembr\u00e1-los:<\/p>\n\n\n\n<figure class=\"wp-block-image\"><img decoding=\"async\" src=\"https:\/\/lh7-rt.googleusercontent.com\/docsz\/AD_4nXd7WvxV57IhnyYk956P7RedMcEwrle6IvHERgUVMgapfVAFu_niFmMmkdkifvuV-Tyyub9XjNJiXLFAO8JQEUe1okarTu3f3WOi0qEJD-RpW4ApFnvaMaqff6fWv7cL4mZk2qT9yw?key=TikAUWaBo8LOIU3q6BrMwM1B\" alt=\"\"\/><\/figure>\n\n\n\n<p>Al\u00e9m disso, vale lembrar os fatores de risco para a gravidade da anafilaxia.<\/p>\n\n\n\n<figure class=\"wp-block-image\"><img decoding=\"async\" src=\"https:\/\/lh7-rt.googleusercontent.com\/docsz\/AD_4nXfMqKOuRiqtsB6Hdv1fdgfsDAROUYszntGoHztvCEQ3GHAet4hiM10nTz_RbHI9gBeFKlMI37aN3L4e3sk1ABOkAduTNtgFyBM8nO_2abVomaTb0VTFGC-_yNrea95WvcYWBjJZSA?key=TikAUWaBo8LOIU3q6BrMwM1B\" alt=\"\"\/><\/figure>\n\n\n\n<h2 class=\"wp-block-heading\" id=\"prepare-se-conosco\"><span class=\"ez-toc-section\" id=\"Prepare-se_conosco\"><\/span><strong>Prepare-se conosco!<\/strong><span class=\"ez-toc-section-end\"><\/span><\/h2>\n\n\n\n<p>Quer se preparar para as provas de resid\u00eancia m\u00e9dica de 2025? Ent\u00e3o prepare-se com o&nbsp;<a href=\"https:\/\/www.grupomedcof.com.br\/home\/\" target=\"_blank\" rel=\"noreferrer noopener\">Grupo MedCof<\/a>&nbsp;e confira o v\u00eddeo no qual nossos especialistas tiram d\u00favidas sobre as&nbsp;<a href=\"https:\/\/www.grupomedcof.com.br\/blog\/presenca-da-medcof-nas-aprovacoes-em-residencia-medica-no-brasil\/\" target=\"_blank\" rel=\"noreferrer noopener\">principais resid\u00eancias!<\/a><\/p>\n\n\n\n<figure class=\"wp-block-embed is-type-video is-provider-youtube wp-block-embed-youtube wp-embed-aspect-16-9 wp-has-aspect-ratio\"><div class=\"wp-block-embed__wrapper\">\n<div class=\"youtube-embed\" data-video_id=\"Ul571PJnMpE\"><iframe loading=\"lazy\" title=\"COFEXPRESS - Rea\u00e7\u00f5es de hipersensibilidade. Com Dr. Alex Prado\" width=\"696\" height=\"392\" src=\"https:\/\/www.youtube.com\/embed\/Ul571PJnMpE?feature=oembed&#038;enablejsapi=1\" frameborder=\"0\" allow=\"accelerometer; autoplay; clipboard-write; encrypted-media; gyroscope; picture-in-picture; web-share\" referrerpolicy=\"strict-origin-when-cross-origin\" allowfullscreen><\/iframe><\/div>\n<\/div><\/figure>\n\n\n\n<p><\/p>\n","protected":false},"excerpt":{"rendered":"<p>A alergia pode ser caracterizada como uma resposta exagerada do sistema imunol\u00f3gico a subst\u00e2ncias normalmente inofensivas (al\u00e9rgenos). Veja!<\/p>\n","protected":false},"author":21,"featured_media":32360,"comment_status":"open","ping_status":"open","sticky":false,"template":"","format":"standard","meta":{"footnotes":""},"categories":[115],"tags":[2155,2357,1058,2356,2355],"ppma_author":[3617],"class_list":{"0":"post-32359","1":"post","2":"type-post","3":"status-publish","4":"format-standard","5":"has-post-thumbnail","7":"category-clinica-medica","8":"tag-anafilaxia","9":"tag-conceitos","10":"tag-diagnostico","11":"tag-fluxogramas","12":"tag-reacoes-bifasicas"},"yoast_head":"<!-- This site is optimized with the Yoast SEO Premium plugin v24.3 (Yoast SEO v27.4) - https:\/\/yoast.com\/product\/yoast-seo-premium-wordpress\/ -->\n<title>Mecanismos de Hipersensibilidade e Alergia: Entenda | Medcof<\/title>\n<meta name=\"description\" content=\"A alergia pode ser caracterizada como uma resposta exagerada do sistema imunol\u00f3gico a subst\u00e2ncias normalmente inofensivas (al\u00e9rgenos). Veja!\" \/>\n<meta name=\"robots\" content=\"index, follow, max-snippet:-1, max-image-preview:large, max-video-preview:-1\" \/>\n<link rel=\"canonical\" href=\"https:\/\/www.grupomedcof.com.br\/blog\/reconheca-os-mecanismos-fisiologicos-da-hipersensibilidade-a-alergia\/\" \/>\n<meta property=\"og:locale\" content=\"pt_BR\" \/>\n<meta property=\"og:type\" content=\"article\" \/>\n<meta property=\"og:title\" content=\"Reconhe\u00e7a os mecanismos fisiol\u00f3gicos da hipersensibilidade: a alergia\" \/>\n<meta property=\"og:description\" content=\"A alergia pode ser caracterizada como uma resposta exagerada do sistema imunol\u00f3gico a subst\u00e2ncias normalmente inofensivas (al\u00e9rgenos). Veja!\" \/>\n<meta property=\"og:url\" content=\"https:\/\/www.grupomedcof.com.br\/blog\/reconheca-os-mecanismos-fisiologicos-da-hipersensibilidade-a-alergia\/\" \/>\n<meta property=\"og:site_name\" content=\"Blog de Medcof: conte\u00fados, editais, revalida e mais!\" \/>\n<meta property=\"article:publisher\" content=\"https:\/\/www.facebook.com\/MedCofQbank\/\" \/>\n<meta property=\"article:published_time\" content=\"2024-12-10T14:23:45+00:00\" \/>\n<meta property=\"article:modified_time\" content=\"2026-04-24T18:48:44+00:00\" \/>\n<meta property=\"og:image\" content=\"https:\/\/www.grupomedcof.com.br\/blog\/wp-content\/uploads\/2024\/12\/Blog-MedCof-21-scaled.jpg\" \/>\n\t<meta property=\"og:image:width\" content=\"2560\" \/>\n\t<meta property=\"og:image:height\" content=\"1440\" \/>\n\t<meta property=\"og:image:type\" content=\"image\/jpeg\" \/>\n<meta name=\"author\" content=\"Kiara Adelino\" \/>\n<meta name=\"twitter:card\" content=\"summary_large_image\" \/>\n<meta name=\"twitter:label1\" content=\"Escrito por\" \/>\n\t<meta name=\"twitter:data1\" content=\"Kiara Adelino\" \/>\n\t<meta name=\"twitter:label2\" content=\"Est. tempo de leitura\" \/>\n\t<meta name=\"twitter:data2\" content=\"4 minutos\" \/>\n<script type=\"application\/ld+json\" class=\"yoast-schema-graph\">{\"@context\":\"https:\\\/\\\/schema.org\",\"@graph\":[{\"@type\":\"Article\",\"@id\":\"https:\\\/\\\/www.grupomedcof.com.br\\\/blog\\\/reconheca-os-mecanismos-fisiologicos-da-hipersensibilidade-a-alergia\\\/#article\",\"isPartOf\":{\"@id\":\"https:\\\/\\\/www.grupomedcof.com.br\\\/blog\\\/reconheca-os-mecanismos-fisiologicos-da-hipersensibilidade-a-alergia\\\/\"},\"author\":{\"name\":\"Kiara Adelino\",\"@id\":\"https:\\\/\\\/www.grupomedcof.com.br\\\/blog\\\/#\\\/schema\\\/person\\\/db19a651f86c5fc202d6eee744fd3292\"},\"headline\":\"Reconhe\u00e7a os mecanismos fisiol\u00f3gicos da hipersensibilidade: a alergia\",\"datePublished\":\"2024-12-10T14:23:45+00:00\",\"dateModified\":\"2026-04-24T18:48:44+00:00\",\"mainEntityOfPage\":{\"@id\":\"https:\\\/\\\/www.grupomedcof.com.br\\\/blog\\\/reconheca-os-mecanismos-fisiologicos-da-hipersensibilidade-a-alergia\\\/\"},\"wordCount\":683,\"commentCount\":0,\"publisher\":{\"@id\":\"https:\\\/\\\/www.grupomedcof.com.br\\\/blog\\\/#organization\"},\"image\":{\"@id\":\"https:\\\/\\\/www.grupomedcof.com.br\\\/blog\\\/reconheca-os-mecanismos-fisiologicos-da-hipersensibilidade-a-alergia\\\/#primaryimage\"},\"thumbnailUrl\":\"https:\\\/\\\/www.grupomedcof.com.br\\\/blog\\\/wp-content\\\/uploads\\\/2024\\\/12\\\/Blog-MedCof-21-scaled.jpg\",\"keywords\":[\"Anafilaxia\",\"Conceitos\",\"diagn\u00f3stico\",\"Fluxogramas\",\"Rea\u00e7\u00f5es bif\u00e1sicas\"],\"articleSection\":[\"Cl\u00ednica M\u00e9dica\"],\"inLanguage\":\"pt-BR\"},{\"@type\":\"WebPage\",\"@id\":\"https:\\\/\\\/www.grupomedcof.com.br\\\/blog\\\/reconheca-os-mecanismos-fisiologicos-da-hipersensibilidade-a-alergia\\\/\",\"url\":\"https:\\\/\\\/www.grupomedcof.com.br\\\/blog\\\/reconheca-os-mecanismos-fisiologicos-da-hipersensibilidade-a-alergia\\\/\",\"name\":\"Mecanismos de Hipersensibilidade e Alergia: Entenda | Medcof\",\"isPartOf\":{\"@id\":\"https:\\\/\\\/www.grupomedcof.com.br\\\/blog\\\/#website\"},\"primaryImageOfPage\":{\"@id\":\"https:\\\/\\\/www.grupomedcof.com.br\\\/blog\\\/reconheca-os-mecanismos-fisiologicos-da-hipersensibilidade-a-alergia\\\/#primaryimage\"},\"image\":{\"@id\":\"https:\\\/\\\/www.grupomedcof.com.br\\\/blog\\\/reconheca-os-mecanismos-fisiologicos-da-hipersensibilidade-a-alergia\\\/#primaryimage\"},\"thumbnailUrl\":\"https:\\\/\\\/www.grupomedcof.com.br\\\/blog\\\/wp-content\\\/uploads\\\/2024\\\/12\\\/Blog-MedCof-21-scaled.jpg\",\"datePublished\":\"2024-12-10T14:23:45+00:00\",\"dateModified\":\"2026-04-24T18:48:44+00:00\",\"description\":\"A alergia pode ser caracterizada como uma resposta exagerada do sistema imunol\u00f3gico a subst\u00e2ncias normalmente inofensivas (al\u00e9rgenos). Veja!\",\"breadcrumb\":{\"@id\":\"https:\\\/\\\/www.grupomedcof.com.br\\\/blog\\\/reconheca-os-mecanismos-fisiologicos-da-hipersensibilidade-a-alergia\\\/#breadcrumb\"},\"inLanguage\":\"pt-BR\",\"potentialAction\":[{\"@type\":\"ReadAction\",\"target\":[\"https:\\\/\\\/www.grupomedcof.com.br\\\/blog\\\/reconheca-os-mecanismos-fisiologicos-da-hipersensibilidade-a-alergia\\\/\"]}]},{\"@type\":\"ImageObject\",\"inLanguage\":\"pt-BR\",\"@id\":\"https:\\\/\\\/www.grupomedcof.com.br\\\/blog\\\/reconheca-os-mecanismos-fisiologicos-da-hipersensibilidade-a-alergia\\\/#primaryimage\",\"url\":\"https:\\\/\\\/www.grupomedcof.com.br\\\/blog\\\/wp-content\\\/uploads\\\/2024\\\/12\\\/Blog-MedCof-21-scaled.jpg\",\"contentUrl\":\"https:\\\/\\\/www.grupomedcof.com.br\\\/blog\\\/wp-content\\\/uploads\\\/2024\\\/12\\\/Blog-MedCof-21-scaled.jpg\",\"width\":2560,\"height\":1440},{\"@type\":\"BreadcrumbList\",\"@id\":\"https:\\\/\\\/www.grupomedcof.com.br\\\/blog\\\/reconheca-os-mecanismos-fisiologicos-da-hipersensibilidade-a-alergia\\\/#breadcrumb\",\"itemListElement\":[{\"@type\":\"ListItem\",\"position\":1,\"name\":\"In\u00edcio\",\"item\":\"https:\\\/\\\/www.grupomedcof.com.br\\\/blog\\\/\"},{\"@type\":\"ListItem\",\"position\":2,\"name\":\"Reconhe\u00e7a os mecanismos fisiol\u00f3gicos da hipersensibilidade: a alergia\"}]},{\"@type\":\"WebSite\",\"@id\":\"https:\\\/\\\/www.grupomedcof.com.br\\\/blog\\\/#website\",\"url\":\"https:\\\/\\\/www.grupomedcof.com.br\\\/blog\\\/\",\"name\":\"Blog de Medcof: conte\u00fados, editais, revalida e mais!\",\"description\":\"Acesso o blog de MedCof! Seu portal de conte\u00fados sobre resid\u00eancia m\u00e9dica, an\u00e1lise e editais e muito mais. Clique e confira!\",\"publisher\":{\"@id\":\"https:\\\/\\\/www.grupomedcof.com.br\\\/blog\\\/#organization\"},\"alternateName\":\"Blog de Medcof: conte\u00fados, editais, revalida e mais!\",\"potentialAction\":[{\"@type\":\"SearchAction\",\"target\":{\"@type\":\"EntryPoint\",\"urlTemplate\":\"https:\\\/\\\/www.grupomedcof.com.br\\\/blog\\\/?s={search_term_string}\"},\"query-input\":{\"@type\":\"PropertyValueSpecification\",\"valueRequired\":true,\"valueName\":\"search_term_string\"}}],\"inLanguage\":\"pt-BR\"},{\"@type\":\"Organization\",\"@id\":\"https:\\\/\\\/www.grupomedcof.com.br\\\/blog\\\/#organization\",\"name\":\"Grupo MedCof\",\"url\":\"https:\\\/\\\/www.grupomedcof.com.br\\\/blog\\\/\",\"logo\":{\"@type\":\"ImageObject\",\"inLanguage\":\"pt-BR\",\"@id\":\"https:\\\/\\\/www.grupomedcof.com.br\\\/blog\\\/#\\\/schema\\\/logo\\\/image\\\/\",\"url\":\"https:\\\/\\\/www.grupomedcof.com.br\\\/blog\\\/wp-content\\\/uploads\\\/2022\\\/01\\\/logo-medcof.png\",\"contentUrl\":\"https:\\\/\\\/www.grupomedcof.com.br\\\/blog\\\/wp-content\\\/uploads\\\/2022\\\/01\\\/logo-medcof.png\",\"width\":768,\"height\":269,\"caption\":\"Grupo MedCof\"},\"image\":{\"@id\":\"https:\\\/\\\/www.grupomedcof.com.br\\\/blog\\\/#\\\/schema\\\/logo\\\/image\\\/\"},\"sameAs\":[\"https:\\\/\\\/www.facebook.com\\\/MedCofQbank\\\/\",\"https:\\\/\\\/www.instagram.com\\\/grupomedcof\\\/\",\"https:\\\/\\\/br.linkedin.com\\\/company\\\/medcof\",\"https:\\\/\\\/www.youtube.com\\\/channel\\\/UCdHMuOHKICxcHwecxN8P-AA\"]},{\"@type\":\"Person\",\"@id\":\"https:\\\/\\\/www.grupomedcof.com.br\\\/blog\\\/#\\\/schema\\\/person\\\/db19a651f86c5fc202d6eee744fd3292\",\"name\":\"Kiara Adelino\",\"image\":{\"@type\":\"ImageObject\",\"inLanguage\":\"pt-BR\",\"@id\":\"https:\\\/\\\/www.grupomedcof.com.br\\\/blog\\\/wp-content\\\/uploads\\\/2024\\\/08\\\/cropped-Kiara-Adelino2-96x96.jpega85663bdda67261f8f06f86e555e1e49\",\"url\":\"https:\\\/\\\/www.grupomedcof.com.br\\\/blog\\\/wp-content\\\/uploads\\\/2024\\\/08\\\/cropped-Kiara-Adelino2-96x96.jpeg\",\"contentUrl\":\"https:\\\/\\\/www.grupomedcof.com.br\\\/blog\\\/wp-content\\\/uploads\\\/2024\\\/08\\\/cropped-Kiara-Adelino2-96x96.jpeg\",\"caption\":\"Kiara Adelino\"},\"description\":\"Estudante do 5\u00b0 semestre de Medicina. Gosto bastante de aprender coisas novas, principalmente na \u00e1rea de Neurologia e Anatomia humana.\",\"url\":\"https:\\\/\\\/www.grupomedcof.com.br\\\/blog\\\/author\\\/kiara-adelino\\\/\"}]}<\/script>\n<!-- \/ Yoast SEO Premium plugin. -->","yoast_head_json":{"title":"Mecanismos de Hipersensibilidade e Alergia: Entenda | Medcof","description":"A alergia pode ser caracterizada como uma resposta exagerada do sistema imunol\u00f3gico a subst\u00e2ncias normalmente inofensivas (al\u00e9rgenos). Veja!","robots":{"index":"index","follow":"follow","max-snippet":"max-snippet:-1","max-image-preview":"max-image-preview:large","max-video-preview":"max-video-preview:-1"},"canonical":"https:\/\/www.grupomedcof.com.br\/blog\/reconheca-os-mecanismos-fisiologicos-da-hipersensibilidade-a-alergia\/","og_locale":"pt_BR","og_type":"article","og_title":"Reconhe\u00e7a os mecanismos fisiol\u00f3gicos da hipersensibilidade: a alergia","og_description":"A alergia pode ser caracterizada como uma resposta exagerada do sistema imunol\u00f3gico a subst\u00e2ncias normalmente inofensivas (al\u00e9rgenos). Veja!","og_url":"https:\/\/www.grupomedcof.com.br\/blog\/reconheca-os-mecanismos-fisiologicos-da-hipersensibilidade-a-alergia\/","og_site_name":"Blog de Medcof: conte\u00fados, editais, revalida e mais!","article_publisher":"https:\/\/www.facebook.com\/MedCofQbank\/","article_published_time":"2024-12-10T14:23:45+00:00","article_modified_time":"2026-04-24T18:48:44+00:00","og_image":[{"width":2560,"height":1440,"url":"https:\/\/www.grupomedcof.com.br\/blog\/wp-content\/uploads\/2024\/12\/Blog-MedCof-21-scaled.jpg","type":"image\/jpeg"}],"author":"Kiara Adelino","twitter_card":"summary_large_image","twitter_misc":{"Escrito por":"Kiara Adelino","Est. tempo de leitura":"4 minutos"},"schema":{"@context":"https:\/\/schema.org","@graph":[{"@type":"Article","@id":"https:\/\/www.grupomedcof.com.br\/blog\/reconheca-os-mecanismos-fisiologicos-da-hipersensibilidade-a-alergia\/#article","isPartOf":{"@id":"https:\/\/www.grupomedcof.com.br\/blog\/reconheca-os-mecanismos-fisiologicos-da-hipersensibilidade-a-alergia\/"},"author":{"name":"Kiara Adelino","@id":"https:\/\/www.grupomedcof.com.br\/blog\/#\/schema\/person\/db19a651f86c5fc202d6eee744fd3292"},"headline":"Reconhe\u00e7a os mecanismos fisiol\u00f3gicos da hipersensibilidade: a alergia","datePublished":"2024-12-10T14:23:45+00:00","dateModified":"2026-04-24T18:48:44+00:00","mainEntityOfPage":{"@id":"https:\/\/www.grupomedcof.com.br\/blog\/reconheca-os-mecanismos-fisiologicos-da-hipersensibilidade-a-alergia\/"},"wordCount":683,"commentCount":0,"publisher":{"@id":"https:\/\/www.grupomedcof.com.br\/blog\/#organization"},"image":{"@id":"https:\/\/www.grupomedcof.com.br\/blog\/reconheca-os-mecanismos-fisiologicos-da-hipersensibilidade-a-alergia\/#primaryimage"},"thumbnailUrl":"https:\/\/www.grupomedcof.com.br\/blog\/wp-content\/uploads\/2024\/12\/Blog-MedCof-21-scaled.jpg","keywords":["Anafilaxia","Conceitos","diagn\u00f3stico","Fluxogramas","Rea\u00e7\u00f5es bif\u00e1sicas"],"articleSection":["Cl\u00ednica M\u00e9dica"],"inLanguage":"pt-BR"},{"@type":"WebPage","@id":"https:\/\/www.grupomedcof.com.br\/blog\/reconheca-os-mecanismos-fisiologicos-da-hipersensibilidade-a-alergia\/","url":"https:\/\/www.grupomedcof.com.br\/blog\/reconheca-os-mecanismos-fisiologicos-da-hipersensibilidade-a-alergia\/","name":"Mecanismos de Hipersensibilidade e Alergia: Entenda | Medcof","isPartOf":{"@id":"https:\/\/www.grupomedcof.com.br\/blog\/#website"},"primaryImageOfPage":{"@id":"https:\/\/www.grupomedcof.com.br\/blog\/reconheca-os-mecanismos-fisiologicos-da-hipersensibilidade-a-alergia\/#primaryimage"},"image":{"@id":"https:\/\/www.grupomedcof.com.br\/blog\/reconheca-os-mecanismos-fisiologicos-da-hipersensibilidade-a-alergia\/#primaryimage"},"thumbnailUrl":"https:\/\/www.grupomedcof.com.br\/blog\/wp-content\/uploads\/2024\/12\/Blog-MedCof-21-scaled.jpg","datePublished":"2024-12-10T14:23:45+00:00","dateModified":"2026-04-24T18:48:44+00:00","description":"A alergia pode ser caracterizada como uma resposta exagerada do sistema imunol\u00f3gico a subst\u00e2ncias normalmente inofensivas (al\u00e9rgenos). Veja!","breadcrumb":{"@id":"https:\/\/www.grupomedcof.com.br\/blog\/reconheca-os-mecanismos-fisiologicos-da-hipersensibilidade-a-alergia\/#breadcrumb"},"inLanguage":"pt-BR","potentialAction":[{"@type":"ReadAction","target":["https:\/\/www.grupomedcof.com.br\/blog\/reconheca-os-mecanismos-fisiologicos-da-hipersensibilidade-a-alergia\/"]}]},{"@type":"ImageObject","inLanguage":"pt-BR","@id":"https:\/\/www.grupomedcof.com.br\/blog\/reconheca-os-mecanismos-fisiologicos-da-hipersensibilidade-a-alergia\/#primaryimage","url":"https:\/\/www.grupomedcof.com.br\/blog\/wp-content\/uploads\/2024\/12\/Blog-MedCof-21-scaled.jpg","contentUrl":"https:\/\/www.grupomedcof.com.br\/blog\/wp-content\/uploads\/2024\/12\/Blog-MedCof-21-scaled.jpg","width":2560,"height":1440},{"@type":"BreadcrumbList","@id":"https:\/\/www.grupomedcof.com.br\/blog\/reconheca-os-mecanismos-fisiologicos-da-hipersensibilidade-a-alergia\/#breadcrumb","itemListElement":[{"@type":"ListItem","position":1,"name":"In\u00edcio","item":"https:\/\/www.grupomedcof.com.br\/blog\/"},{"@type":"ListItem","position":2,"name":"Reconhe\u00e7a os mecanismos fisiol\u00f3gicos da hipersensibilidade: a alergia"}]},{"@type":"WebSite","@id":"https:\/\/www.grupomedcof.com.br\/blog\/#website","url":"https:\/\/www.grupomedcof.com.br\/blog\/","name":"Blog de Medcof: conte\u00fados, editais, revalida e mais!","description":"Acesso o blog de MedCof! Seu portal de conte\u00fados sobre resid\u00eancia m\u00e9dica, an\u00e1lise e editais e muito mais. Clique e confira!","publisher":{"@id":"https:\/\/www.grupomedcof.com.br\/blog\/#organization"},"alternateName":"Blog de Medcof: conte\u00fados, editais, revalida e mais!","potentialAction":[{"@type":"SearchAction","target":{"@type":"EntryPoint","urlTemplate":"https:\/\/www.grupomedcof.com.br\/blog\/?s={search_term_string}"},"query-input":{"@type":"PropertyValueSpecification","valueRequired":true,"valueName":"search_term_string"}}],"inLanguage":"pt-BR"},{"@type":"Organization","@id":"https:\/\/www.grupomedcof.com.br\/blog\/#organization","name":"Grupo MedCof","url":"https:\/\/www.grupomedcof.com.br\/blog\/","logo":{"@type":"ImageObject","inLanguage":"pt-BR","@id":"https:\/\/www.grupomedcof.com.br\/blog\/#\/schema\/logo\/image\/","url":"https:\/\/www.grupomedcof.com.br\/blog\/wp-content\/uploads\/2022\/01\/logo-medcof.png","contentUrl":"https:\/\/www.grupomedcof.com.br\/blog\/wp-content\/uploads\/2022\/01\/logo-medcof.png","width":768,"height":269,"caption":"Grupo MedCof"},"image":{"@id":"https:\/\/www.grupomedcof.com.br\/blog\/#\/schema\/logo\/image\/"},"sameAs":["https:\/\/www.facebook.com\/MedCofQbank\/","https:\/\/www.instagram.com\/grupomedcof\/","https:\/\/br.linkedin.com\/company\/medcof","https:\/\/www.youtube.com\/channel\/UCdHMuOHKICxcHwecxN8P-AA"]},{"@type":"Person","@id":"https:\/\/www.grupomedcof.com.br\/blog\/#\/schema\/person\/db19a651f86c5fc202d6eee744fd3292","name":"Kiara Adelino","image":{"@type":"ImageObject","inLanguage":"pt-BR","@id":"https:\/\/www.grupomedcof.com.br\/blog\/wp-content\/uploads\/2024\/08\/cropped-Kiara-Adelino2-96x96.jpega85663bdda67261f8f06f86e555e1e49","url":"https:\/\/www.grupomedcof.com.br\/blog\/wp-content\/uploads\/2024\/08\/cropped-Kiara-Adelino2-96x96.jpeg","contentUrl":"https:\/\/www.grupomedcof.com.br\/blog\/wp-content\/uploads\/2024\/08\/cropped-Kiara-Adelino2-96x96.jpeg","caption":"Kiara Adelino"},"description":"Estudante do 5\u00b0 semestre de Medicina. Gosto bastante de aprender coisas novas, principalmente na \u00e1rea de Neurologia e Anatomia humana.","url":"https:\/\/www.grupomedcof.com.br\/blog\/author\/kiara-adelino\/"}]}},"authors":[{"term_id":3617,"user_id":21,"is_guest":0,"slug":"kiara-adelino","display_name":"Kiara Adelino","avatar_url":"https:\/\/www.grupomedcof.com.br\/blog\/wp-content\/uploads\/2024\/08\/cropped-Kiara-Adelino2-96x96.jpeg","0":null,"1":"","2":"","3":"","4":"","5":"","6":"","7":"","8":""}],"_links":{"self":[{"href":"https:\/\/www.grupomedcof.com.br\/blog\/wp-json\/wp\/v2\/posts\/32359","targetHints":{"allow":["GET"]}}],"collection":[{"href":"https:\/\/www.grupomedcof.com.br\/blog\/wp-json\/wp\/v2\/posts"}],"about":[{"href":"https:\/\/www.grupomedcof.com.br\/blog\/wp-json\/wp\/v2\/types\/post"}],"author":[{"embeddable":true,"href":"https:\/\/www.grupomedcof.com.br\/blog\/wp-json\/wp\/v2\/users\/21"}],"replies":[{"embeddable":true,"href":"https:\/\/www.grupomedcof.com.br\/blog\/wp-json\/wp\/v2\/comments?post=32359"}],"version-history":[{"count":1,"href":"https:\/\/www.grupomedcof.com.br\/blog\/wp-json\/wp\/v2\/posts\/32359\/revisions"}],"predecessor-version":[{"id":43430,"href":"https:\/\/www.grupomedcof.com.br\/blog\/wp-json\/wp\/v2\/posts\/32359\/revisions\/43430"}],"wp:featuredmedia":[{"embeddable":true,"href":"https:\/\/www.grupomedcof.com.br\/blog\/wp-json\/wp\/v2\/media\/32360"}],"wp:attachment":[{"href":"https:\/\/www.grupomedcof.com.br\/blog\/wp-json\/wp\/v2\/media?parent=32359"}],"wp:term":[{"taxonomy":"category","embeddable":true,"href":"https:\/\/www.grupomedcof.com.br\/blog\/wp-json\/wp\/v2\/categories?post=32359"},{"taxonomy":"post_tag","embeddable":true,"href":"https:\/\/www.grupomedcof.com.br\/blog\/wp-json\/wp\/v2\/tags?post=32359"},{"taxonomy":"author","embeddable":true,"href":"https:\/\/www.grupomedcof.com.br\/blog\/wp-json\/wp\/v2\/ppma_author?post=32359"}],"curies":[{"name":"wp","href":"https:\/\/api.w.org\/{rel}","templated":true}]}}