{"id":32364,"date":"2024-12-11T08:25:00","date_gmt":"2024-12-11T11:25:00","guid":{"rendered":"https:\/\/www.grupomedcof.com.br\/blog\/?p=32364"},"modified":"2024-12-10T11:36:03","modified_gmt":"2024-12-10T14:36:03","slug":"mecanismos-patologicos-da-tuberculose-extrapulmonar","status":"publish","type":"post","link":"https:\/\/www.grupomedcof.com.br\/blog\/mecanismos-patologicos-da-tuberculose-extrapulmonar\/","title":{"rendered":"Mecanismos Patol\u00f3gicos da Tuberculose Extrapulmonar"},"content":{"rendered":"<div id=\"ez-toc-container\" class=\"ez-toc-v2_0_74 counter-hierarchy ez-toc-counter ez-toc-transparent ez-toc-container-direction\">\n<div class=\"ez-toc-title-container\">\n<p class=\"ez-toc-title\" style=\"cursor:inherit\">Sum\u00e1rio<\/p>\n<span class=\"ez-toc-title-toggle\"><a href=\"#\" class=\"ez-toc-pull-right ez-toc-btn ez-toc-btn-xs ez-toc-btn-default ez-toc-toggle\" aria-label=\"Alternar tabela de conte\u00fado\"><span class=\"ez-toc-js-icon-con\"><span class=\"\"><span class=\"eztoc-hide\" style=\"display:none;\">Toggle<\/span><span class=\"ez-toc-icon-toggle-span\"><svg style=\"fill: #999;color:#999\" xmlns=\"http:\/\/www.w3.org\/2000\/svg\" class=\"list-377408\" width=\"20px\" height=\"20px\" viewBox=\"0 0 24 24\" fill=\"none\"><path d=\"M6 6H4v2h2V6zm14 0H8v2h12V6zM4 11h2v2H4v-2zm16 0H8v2h12v-2zM4 16h2v2H4v-2zm16 0H8v2h12v-2z\" fill=\"currentColor\"><\/path><\/svg><svg style=\"fill: #999;color:#999\" class=\"arrow-unsorted-368013\" xmlns=\"http:\/\/www.w3.org\/2000\/svg\" width=\"10px\" height=\"10px\" viewBox=\"0 0 24 24\" version=\"1.2\" baseProfile=\"tiny\"><path d=\"M18.2 9.3l-6.2-6.3-6.2 6.3c-.2.2-.3.4-.3.7s.1.5.3.7c.2.2.4.3.7.3h11c.3 0 .5-.1.7-.3.2-.2.3-.5.3-.7s-.1-.5-.3-.7zM5.8 14.7l6.2 6.3 6.2-6.3c.2-.2.3-.5.3-.7s-.1-.5-.3-.7c-.2-.2-.4-.3-.7-.3h-11c-.3 0-.5.1-.7.3-.2.2-.3.5-.3.7s.1.5.3.7z\"\/><\/svg><\/span><\/span><\/span><\/a><\/span><\/div>\n<nav><ul class='ez-toc-list ez-toc-list-level-1 ' ><li class='ez-toc-page-1 ez-toc-heading-level-2'><a class=\"ez-toc-link ez-toc-heading-1\" href=\"https:\/\/www.grupomedcof.com.br\/blog\/mecanismos-patologicos-da-tuberculose-extrapulmonar\/#Conceitos_Basicos\" >Conceitos B\u00e1sicos&nbsp;<\/a><\/li><li class='ez-toc-page-1 ez-toc-heading-level-2'><a class=\"ez-toc-link ez-toc-heading-2\" href=\"https:\/\/www.grupomedcof.com.br\/blog\/mecanismos-patologicos-da-tuberculose-extrapulmonar\/#Tipos\" >Tipos<\/a><\/li><li class='ez-toc-page-1 ez-toc-heading-level-2'><a class=\"ez-toc-link ez-toc-heading-3\" href=\"https:\/\/www.grupomedcof.com.br\/blog\/mecanismos-patologicos-da-tuberculose-extrapulmonar\/#O_metodo_que_te_aprova\" >O m\u00e9todo que te aprova!<\/a><\/li><\/ul><\/nav><\/div>\n\n<figure class=\"wp-block-image size-large\"><img loading=\"lazy\" decoding=\"async\" width=\"1024\" height=\"576\" src=\"https:\/\/www.grupomedcof.com.br\/blog\/wp-content\/uploads\/2024\/12\/Blog-MedCof-22-1024x576.jpg\" alt=\"\" class=\"wp-image-32365\" srcset=\"https:\/\/www.grupomedcof.com.br\/blog\/wp-content\/uploads\/2024\/12\/Blog-MedCof-22-1024x576.jpg 1024w, https:\/\/www.grupomedcof.com.br\/blog\/wp-content\/uploads\/2024\/12\/Blog-MedCof-22-300x169.jpg 300w, https:\/\/www.grupomedcof.com.br\/blog\/wp-content\/uploads\/2024\/12\/Blog-MedCof-22-768x432.jpg 768w, https:\/\/www.grupomedcof.com.br\/blog\/wp-content\/uploads\/2024\/12\/Blog-MedCof-22-1536x864.jpg 1536w, https:\/\/www.grupomedcof.com.br\/blog\/wp-content\/uploads\/2024\/12\/Blog-MedCof-22-2048x1152.jpg 2048w, https:\/\/www.grupomedcof.com.br\/blog\/wp-content\/uploads\/2024\/12\/Blog-MedCof-22-747x420.jpg 747w, https:\/\/www.grupomedcof.com.br\/blog\/wp-content\/uploads\/2024\/12\/Blog-MedCof-22-150x84.jpg 150w, https:\/\/www.grupomedcof.com.br\/blog\/wp-content\/uploads\/2024\/12\/Blog-MedCof-22-696x392.jpg 696w, https:\/\/www.grupomedcof.com.br\/blog\/wp-content\/uploads\/2024\/12\/Blog-MedCof-22-1068x601.jpg 1068w, https:\/\/www.grupomedcof.com.br\/blog\/wp-content\/uploads\/2024\/12\/Blog-MedCof-22-1920x1080.jpg 1920w\" sizes=\"auto, (max-width: 1024px) 100vw, 1024px\" \/><\/figure>\n\n\n\n<h2 class=\"wp-block-heading\" id=\"h-conceitos-basicos-nbsp\"><span class=\"ez-toc-section\" id=\"Conceitos_Basicos\"><\/span><strong>Conceitos B\u00e1sicos&nbsp;<\/strong><span class=\"ez-toc-section-end\"><\/span><\/h2>\n\n\n\n<p>A <strong>tuberculose extrapulmonar<\/strong> ocorre quando a bact\u00e9ria Mycobacterium tuberculosis infecta \u00f3rg\u00e3os al\u00e9m dos pulm\u00f5es. Apesar dos pulm\u00f5es serem o ponto de entrada mais comum, a bact\u00e9ria pode se espalhar pelo corpo atrav\u00e9s da corrente sangu\u00ednea, atingindo diversos \u00f3rg\u00e3os e sistemas.<\/p>\n\n\n\n<p>Todas as formas extrapulmonares s\u00e3o paucibacilares, ou seja, a carga de bacilos \u00e9 baixa, principalmente de TRM-TB, pBAAR e culturas frequentemente negativas).&nbsp;<\/p>\n\n\n\n<figure class=\"wp-block-image\"><img decoding=\"async\" src=\"https:\/\/lh7-rt.googleusercontent.com\/docsz\/AD_4nXfQxqHgj2FeiYSXRU_JtRhcHBDRsEEennKAoSK14LigRUs8FnJKHaKENVAdqpQXXxOE1ScB0Hw1gRdVPJFas83BdWlllahesO-RAIZGbD902oQbppmHre3igSQEWm9yGhwWouowhQ?key=GpLBN3_nZ2ia_RSqjsAiPGyC\" alt=\"\"\/><figcaption class=\"wp-element-caption\">Fonte: <a href=\"https:\/\/pin.it\/2LP1rVltT\">https:\/\/pin.it\/2LP1rVltT<\/a>\u00a0<\/figcaption><\/figure>\n\n\n\n<h2 class=\"wp-block-heading\"><span class=\"ez-toc-section\" id=\"Tipos\"><\/span><strong>Tipos<\/strong><span class=\"ez-toc-section-end\"><\/span><\/h2>\n\n\n\n<ul class=\"wp-block-list\">\n<li><strong>Pleural<\/strong>\u00a0<\/li>\n<\/ul>\n\n\n\n<p>Dentre os casos extrapulmonares, esse representa 64%. Ele \u00e9 a principal causa de derrame pleural, unilateral em jovens. Podemos identificar um quadro subagudo de tosse seca, dor pleur\u00edtica, dispneia e eventualmente tosse. Se houver ruptura de foco prim\u00e1rio subpleural, j\u00e1 podemos suspeitar da TB pleural, j\u00e1 que poucos bacilos no espa\u00e7o pleural j\u00e1 desencadeiam resposta inflamat\u00f3ria granulomatosa.&nbsp;&nbsp;<\/p>\n\n\n\n<p>O diagn\u00f3stico se alicer\u00e7a em an\u00e1lises do ADA, j\u00e1 que valores acima de 40 representa casos muito prov\u00e1veis.&nbsp;<\/p>\n\n\n\n<p>Em casos amarelo c\u00edtrico, exsudato linfomonociticon (nos primeiros 5 dias pode ser PMN), alta celularidade, alta prote\u00edna, glicose pouco baixa e pH normal n\u00e3o devemos drenar! Contudo, em empiema tuberculoso (com rompimento de cavita\u00e7\u00e3o subpleural, com extravasamento de l\u00edquido),&nbsp; pBAAR e culturas+, aspecto purulento e pH \u00e1cido, a drenagem \u00e9 recomendada.&nbsp;&nbsp;<\/p>\n\n\n\n<ul class=\"wp-block-list\">\n<li><strong>\u00d3ssea<\/strong>\u00a0<\/li>\n<\/ul>\n\n\n\n<p>Chamada tamb\u00e9m espondilodiscite tuberculosa ou mal de Pott, esse tipo de extravasamento acomete a coluna lombar e tor\u00e1cica (em especial a baixa) na maioria dos casos. Os sinais neurol\u00f3gicos s\u00e3o localizat\u00f3rios e progressivos ( como paraparesia\/plegia). A diferen\u00e7a da neoplasia \u00e9 a n\u00e3o invas\u00e3o aos ped\u00edculos, apesar da les\u00e3o l\u00edtica n\u00e3o respeitar os discos vertebrais.&nbsp;<\/p>\n\n\n\n<figure class=\"wp-block-image\"><img decoding=\"async\" src=\"https:\/\/lh7-rt.googleusercontent.com\/docsz\/AD_4nXf_zCCkd2R1Tn6kLZRvOahVGbfOrjB7sYYQplC5VTANd4cMqDVAZqFV_7rvaBuurN2zh3Ba1nFC-Ep-E1EwDMOcJ0Pvu2yQFK84pmD78Rgt7qRGvxHZ4ie7rx8EqQqH7g?key=GpLBN3_nZ2ia_RSqjsAiPGyC\" alt=\"\"\/><\/figure>\n\n\n\n<p>Fonte: Acervo de Aulas do Grupo MedCof.<\/p>\n\n\n\n<p>O diagn\u00f3stico se d\u00e1 em radiografia, cirurgia com bi\u00f3psia e pun\u00e7\u00e3o com radio interven\u00e7\u00e3o. Depois de diagnosticado, devemos estender a fase de manuten\u00e7\u00e3o, com tratamento total de 1 ano. Durante esse per\u00edodo, devemos tomar muito com os Anti-TNFs! Os anticorpos monoclonais espec\u00edficos TNF-a s\u00e3o Infliximab, Adalimumab, Golimumab e Centrolizumab. A TNF-a \u00e9 importante para manuten\u00e7\u00e3o do granuloma e a utiliza\u00e7\u00e3o destas medica\u00e7\u00f5es pode desencadear quadros de TB, inclusive disseminada.&nbsp;<\/p>\n\n\n\n<ul class=\"wp-block-list\">\n<li><strong>Ganglionar<\/strong>\u00a0<\/li>\n<\/ul>\n\n\n\n<p>Esse tipo se caracteriza pela presen\u00e7a de \u00fanico ou m\u00faltiplos n\u00f3dulos na mesma cadeia. O PPD \u00e9 fortemente reator, corroborando com o diagn\u00f3stico. Histologicamente, encontramos granulomas em pacientes imunocompetentes e pBAAR em paciente imunossuprimido.&nbsp;<\/p>\n\n\n\n<ul class=\"wp-block-list\">\n<li><strong>Meningo-tuberculose<\/strong><\/li>\n<\/ul>\n\n\n\n<p>Essa \u00e9 a principal causa de meningite subaguda, podendo ter sintomas de encef\u00e1lico e acometimento de pares cranianos, al\u00e9m de hidrocefalia aguda. A vasculite pode culminar em infarto cerebral e hidrocefalia aguda.&nbsp;<\/p>\n\n\n\n<p>Devemos iniciar um tratamento prolongado na fase de manuten\u00e7\u00e3o, com o paciente internado. A corticoterapia \u00e9 usada para impedir piora inicial nas 4 semanas, com dexametasona injet\u00e1vel e prednisona por exemplo.&nbsp;<\/p>\n\n\n\n<h2 class=\"wp-block-heading\" id=\"o-m\u00e9todo-que-te-aprova\"><span class=\"ez-toc-section\" id=\"O_metodo_que_te_aprova\"><\/span><strong>O m\u00e9todo que te aprova!<\/strong><span class=\"ez-toc-section-end\"><\/span><\/h2>\n\n\n\n<p>Quer alcan\u00e7ar a aprova\u00e7\u00e3o nas provas de resid\u00eancia m\u00e9dica? Ent\u00e3o seja um&nbsp;<a href=\"https:\/\/www.grupomedcof.com.br\/home\/\" target=\"_blank\" rel=\"noreferrer noopener\">MedCoffer<\/a>! Aqui te ajudaremos na busca da aprova\u00e7\u00e3o com conte\u00fados de qualidade e uma&nbsp;<a href=\"https:\/\/www.grupomedcof.com.br\/blog\/presenca-da-medcof-nas-aprovacoes-em-residencia-medica-no-brasil\/\" target=\"_blank\" rel=\"noreferrer noopener\">metodologia que j\u00e1 aprovou mais de 10 mil residentes no pa\u00eds!&nbsp;<\/a>Por fim, acesse o nosso<a href=\"https:\/\/www.youtube.com\/@GrupoMedcof\/featured\" target=\"_blank\" rel=\"noreferrer noopener\">&nbsp;<strong>canal do youtube&nbsp;<\/strong><\/a>para ver o nosso material.<\/p>\n\n\n\n<figure class=\"wp-block-embed is-type-video is-provider-youtube wp-block-embed-youtube wp-embed-aspect-16-9 wp-has-aspect-ratio\"><div class=\"wp-block-embed__wrapper\">\n<div class=\"youtube-embed\" data-video_id=\"rhKSujN8PF0\"><iframe loading=\"lazy\" title=\"RAIO X - R1 Acesso Direto SUS-SP 2025\" width=\"696\" height=\"392\" src=\"https:\/\/www.youtube.com\/embed\/rhKSujN8PF0?feature=oembed&#038;enablejsapi=1\" frameborder=\"0\" allow=\"accelerometer; autoplay; clipboard-write; encrypted-media; gyroscope; picture-in-picture; web-share\" referrerpolicy=\"strict-origin-when-cross-origin\" allowfullscreen><\/iframe><\/div>\n<\/div><\/figure>\n","protected":false},"excerpt":{"rendered":"<p>A tuberculose extrapulmonar ocorre quando a bact\u00e9ria Mycobacterium tuberculosis infecta \u00f3rg\u00e3os al\u00e9m dos pulm\u00f5es. Entenda!<\/p>\n","protected":false},"author":21,"featured_media":32365,"comment_status":"open","ping_status":"open","sticky":false,"template":"","format":"standard","meta":{"footnotes":""},"categories":[115],"tags":[2360,2359,68,1139],"ppma_author":[3617],"class_list":{"0":"post-32364","1":"post","2":"type-post","3":"status-publish","4":"format-standard","5":"has-post-thumbnail","7":"category-clinica-medica","8":"tag-ganglionar","9":"tag-ossea","10":"tag-residencia-medica","11":"tag-tuberculose"},"yoast_head":"<!-- This site is optimized with the Yoast SEO Premium plugin v24.3 (Yoast SEO v27.4) - https:\/\/yoast.com\/product\/yoast-seo-premium-wordpress\/ -->\n<title>Mecanismos Patol\u00f3gicos da Tuberculose Extrapulmonar - Blog de Medcof: conte\u00fados, editais, revalida e mais!<\/title>\n<meta name=\"description\" content=\"A tuberculose extrapulmonar ocorre quando a bact\u00e9ria Mycobacterium tuberculosis infecta \u00f3rg\u00e3os al\u00e9m dos pulm\u00f5es. Entenda!\" \/>\n<meta name=\"robots\" content=\"index, follow, max-snippet:-1, max-image-preview:large, max-video-preview:-1\" \/>\n<link rel=\"canonical\" href=\"https:\/\/www.grupomedcof.com.br\/blog\/mecanismos-patologicos-da-tuberculose-extrapulmonar\/\" \/>\n<meta property=\"og:locale\" content=\"pt_BR\" \/>\n<meta property=\"og:type\" content=\"article\" \/>\n<meta property=\"og:title\" content=\"Mecanismos Patol\u00f3gicos da Tuberculose Extrapulmonar\" \/>\n<meta property=\"og:description\" content=\"A tuberculose extrapulmonar ocorre quando a bact\u00e9ria Mycobacterium tuberculosis infecta \u00f3rg\u00e3os al\u00e9m dos pulm\u00f5es. Entenda!\" \/>\n<meta property=\"og:url\" content=\"https:\/\/www.grupomedcof.com.br\/blog\/mecanismos-patologicos-da-tuberculose-extrapulmonar\/\" \/>\n<meta property=\"og:site_name\" content=\"Blog de Medcof: conte\u00fados, editais, revalida e mais!\" \/>\n<meta property=\"article:publisher\" content=\"https:\/\/www.facebook.com\/MedCofQbank\/\" \/>\n<meta property=\"article:published_time\" content=\"2024-12-11T11:25:00+00:00\" \/>\n<meta property=\"og:image\" content=\"https:\/\/www.grupomedcof.com.br\/blog\/wp-content\/uploads\/2024\/12\/Blog-MedCof-22-scaled.jpg\" \/>\n\t<meta property=\"og:image:width\" content=\"2560\" \/>\n\t<meta property=\"og:image:height\" content=\"1440\" \/>\n\t<meta property=\"og:image:type\" content=\"image\/jpeg\" \/>\n<meta name=\"author\" content=\"Kiara Adelino\" \/>\n<meta name=\"twitter:card\" content=\"summary_large_image\" \/>\n<meta name=\"twitter:label1\" content=\"Escrito por\" \/>\n\t<meta name=\"twitter:data1\" content=\"Kiara Adelino\" \/>\n\t<meta name=\"twitter:label2\" content=\"Est. tempo de leitura\" \/>\n\t<meta name=\"twitter:data2\" content=\"4 minutos\" \/>\n<script type=\"application\/ld+json\" class=\"yoast-schema-graph\">{\"@context\":\"https:\\\/\\\/schema.org\",\"@graph\":[{\"@type\":\"Article\",\"@id\":\"https:\\\/\\\/www.grupomedcof.com.br\\\/blog\\\/mecanismos-patologicos-da-tuberculose-extrapulmonar\\\/#article\",\"isPartOf\":{\"@id\":\"https:\\\/\\\/www.grupomedcof.com.br\\\/blog\\\/mecanismos-patologicos-da-tuberculose-extrapulmonar\\\/\"},\"author\":{\"name\":\"Kiara Adelino\",\"@id\":\"https:\\\/\\\/www.grupomedcof.com.br\\\/blog\\\/#\\\/schema\\\/person\\\/db19a651f86c5fc202d6eee744fd3292\"},\"headline\":\"Mecanismos Patol\u00f3gicos da Tuberculose Extrapulmonar\",\"datePublished\":\"2024-12-11T11:25:00+00:00\",\"mainEntityOfPage\":{\"@id\":\"https:\\\/\\\/www.grupomedcof.com.br\\\/blog\\\/mecanismos-patologicos-da-tuberculose-extrapulmonar\\\/\"},\"wordCount\":566,\"commentCount\":0,\"publisher\":{\"@id\":\"https:\\\/\\\/www.grupomedcof.com.br\\\/blog\\\/#organization\"},\"image\":{\"@id\":\"https:\\\/\\\/www.grupomedcof.com.br\\\/blog\\\/mecanismos-patologicos-da-tuberculose-extrapulmonar\\\/#primaryimage\"},\"thumbnailUrl\":\"https:\\\/\\\/www.grupomedcof.com.br\\\/blog\\\/wp-content\\\/uploads\\\/2024\\\/12\\\/Blog-MedCof-22-scaled.jpg\",\"keywords\":[\"Ganglionar\",\"\u00d3ssea\",\"Resid\u00eancia M\u00e9dica\",\"tuberculose\"],\"articleSection\":[\"Cl\u00ednica M\u00e9dica\"],\"inLanguage\":\"pt-BR\"},{\"@type\":\"WebPage\",\"@id\":\"https:\\\/\\\/www.grupomedcof.com.br\\\/blog\\\/mecanismos-patologicos-da-tuberculose-extrapulmonar\\\/\",\"url\":\"https:\\\/\\\/www.grupomedcof.com.br\\\/blog\\\/mecanismos-patologicos-da-tuberculose-extrapulmonar\\\/\",\"name\":\"Mecanismos Patol\u00f3gicos da Tuberculose Extrapulmonar - Blog de Medcof: conte\u00fados, editais, revalida e mais!\",\"isPartOf\":{\"@id\":\"https:\\\/\\\/www.grupomedcof.com.br\\\/blog\\\/#website\"},\"primaryImageOfPage\":{\"@id\":\"https:\\\/\\\/www.grupomedcof.com.br\\\/blog\\\/mecanismos-patologicos-da-tuberculose-extrapulmonar\\\/#primaryimage\"},\"image\":{\"@id\":\"https:\\\/\\\/www.grupomedcof.com.br\\\/blog\\\/mecanismos-patologicos-da-tuberculose-extrapulmonar\\\/#primaryimage\"},\"thumbnailUrl\":\"https:\\\/\\\/www.grupomedcof.com.br\\\/blog\\\/wp-content\\\/uploads\\\/2024\\\/12\\\/Blog-MedCof-22-scaled.jpg\",\"datePublished\":\"2024-12-11T11:25:00+00:00\",\"description\":\"A tuberculose extrapulmonar ocorre quando a bact\u00e9ria Mycobacterium tuberculosis infecta \u00f3rg\u00e3os al\u00e9m dos pulm\u00f5es. Entenda!\",\"breadcrumb\":{\"@id\":\"https:\\\/\\\/www.grupomedcof.com.br\\\/blog\\\/mecanismos-patologicos-da-tuberculose-extrapulmonar\\\/#breadcrumb\"},\"inLanguage\":\"pt-BR\",\"potentialAction\":[{\"@type\":\"ReadAction\",\"target\":[\"https:\\\/\\\/www.grupomedcof.com.br\\\/blog\\\/mecanismos-patologicos-da-tuberculose-extrapulmonar\\\/\"]}]},{\"@type\":\"ImageObject\",\"inLanguage\":\"pt-BR\",\"@id\":\"https:\\\/\\\/www.grupomedcof.com.br\\\/blog\\\/mecanismos-patologicos-da-tuberculose-extrapulmonar\\\/#primaryimage\",\"url\":\"https:\\\/\\\/www.grupomedcof.com.br\\\/blog\\\/wp-content\\\/uploads\\\/2024\\\/12\\\/Blog-MedCof-22-scaled.jpg\",\"contentUrl\":\"https:\\\/\\\/www.grupomedcof.com.br\\\/blog\\\/wp-content\\\/uploads\\\/2024\\\/12\\\/Blog-MedCof-22-scaled.jpg\",\"width\":2560,\"height\":1440},{\"@type\":\"BreadcrumbList\",\"@id\":\"https:\\\/\\\/www.grupomedcof.com.br\\\/blog\\\/mecanismos-patologicos-da-tuberculose-extrapulmonar\\\/#breadcrumb\",\"itemListElement\":[{\"@type\":\"ListItem\",\"position\":1,\"name\":\"In\u00edcio\",\"item\":\"https:\\\/\\\/www.grupomedcof.com.br\\\/blog\\\/\"},{\"@type\":\"ListItem\",\"position\":2,\"name\":\"Mecanismos Patol\u00f3gicos da Tuberculose Extrapulmonar\"}]},{\"@type\":\"WebSite\",\"@id\":\"https:\\\/\\\/www.grupomedcof.com.br\\\/blog\\\/#website\",\"url\":\"https:\\\/\\\/www.grupomedcof.com.br\\\/blog\\\/\",\"name\":\"Blog de Medcof: conte\u00fados, editais, revalida e mais!\",\"description\":\"Acesso o blog de MedCof! Seu portal de conte\u00fados sobre resid\u00eancia m\u00e9dica, an\u00e1lise e editais e muito mais. Clique e confira!\",\"publisher\":{\"@id\":\"https:\\\/\\\/www.grupomedcof.com.br\\\/blog\\\/#organization\"},\"alternateName\":\"Blog de Medcof: conte\u00fados, editais, revalida e mais!\",\"potentialAction\":[{\"@type\":\"SearchAction\",\"target\":{\"@type\":\"EntryPoint\",\"urlTemplate\":\"https:\\\/\\\/www.grupomedcof.com.br\\\/blog\\\/?s={search_term_string}\"},\"query-input\":{\"@type\":\"PropertyValueSpecification\",\"valueRequired\":true,\"valueName\":\"search_term_string\"}}],\"inLanguage\":\"pt-BR\"},{\"@type\":\"Organization\",\"@id\":\"https:\\\/\\\/www.grupomedcof.com.br\\\/blog\\\/#organization\",\"name\":\"Grupo MedCof\",\"url\":\"https:\\\/\\\/www.grupomedcof.com.br\\\/blog\\\/\",\"logo\":{\"@type\":\"ImageObject\",\"inLanguage\":\"pt-BR\",\"@id\":\"https:\\\/\\\/www.grupomedcof.com.br\\\/blog\\\/#\\\/schema\\\/logo\\\/image\\\/\",\"url\":\"https:\\\/\\\/www.grupomedcof.com.br\\\/blog\\\/wp-content\\\/uploads\\\/2022\\\/01\\\/logo-medcof.png\",\"contentUrl\":\"https:\\\/\\\/www.grupomedcof.com.br\\\/blog\\\/wp-content\\\/uploads\\\/2022\\\/01\\\/logo-medcof.png\",\"width\":768,\"height\":269,\"caption\":\"Grupo MedCof\"},\"image\":{\"@id\":\"https:\\\/\\\/www.grupomedcof.com.br\\\/blog\\\/#\\\/schema\\\/logo\\\/image\\\/\"},\"sameAs\":[\"https:\\\/\\\/www.facebook.com\\\/MedCofQbank\\\/\",\"https:\\\/\\\/www.instagram.com\\\/grupomedcof\\\/\",\"https:\\\/\\\/br.linkedin.com\\\/company\\\/medcof\",\"https:\\\/\\\/www.youtube.com\\\/channel\\\/UCdHMuOHKICxcHwecxN8P-AA\"]},{\"@type\":\"Person\",\"@id\":\"https:\\\/\\\/www.grupomedcof.com.br\\\/blog\\\/#\\\/schema\\\/person\\\/db19a651f86c5fc202d6eee744fd3292\",\"name\":\"Kiara Adelino\",\"image\":{\"@type\":\"ImageObject\",\"inLanguage\":\"pt-BR\",\"@id\":\"https:\\\/\\\/www.grupomedcof.com.br\\\/blog\\\/wp-content\\\/uploads\\\/2024\\\/08\\\/cropped-Kiara-Adelino2-96x96.jpega85663bdda67261f8f06f86e555e1e49\",\"url\":\"https:\\\/\\\/www.grupomedcof.com.br\\\/blog\\\/wp-content\\\/uploads\\\/2024\\\/08\\\/cropped-Kiara-Adelino2-96x96.jpeg\",\"contentUrl\":\"https:\\\/\\\/www.grupomedcof.com.br\\\/blog\\\/wp-content\\\/uploads\\\/2024\\\/08\\\/cropped-Kiara-Adelino2-96x96.jpeg\",\"caption\":\"Kiara Adelino\"},\"description\":\"Estudante do 5\u00b0 semestre de Medicina. Gosto bastante de aprender coisas novas, principalmente na \u00e1rea de Neurologia e Anatomia humana.\",\"url\":\"https:\\\/\\\/www.grupomedcof.com.br\\\/blog\\\/author\\\/kiara-adelino\\\/\"}]}<\/script>\n<!-- \/ Yoast SEO Premium plugin. -->","yoast_head_json":{"title":"Mecanismos Patol\u00f3gicos da Tuberculose Extrapulmonar - Blog de Medcof: conte\u00fados, editais, revalida e mais!","description":"A tuberculose extrapulmonar ocorre quando a bact\u00e9ria Mycobacterium tuberculosis infecta \u00f3rg\u00e3os al\u00e9m dos pulm\u00f5es. Entenda!","robots":{"index":"index","follow":"follow","max-snippet":"max-snippet:-1","max-image-preview":"max-image-preview:large","max-video-preview":"max-video-preview:-1"},"canonical":"https:\/\/www.grupomedcof.com.br\/blog\/mecanismos-patologicos-da-tuberculose-extrapulmonar\/","og_locale":"pt_BR","og_type":"article","og_title":"Mecanismos Patol\u00f3gicos da Tuberculose Extrapulmonar","og_description":"A tuberculose extrapulmonar ocorre quando a bact\u00e9ria Mycobacterium tuberculosis infecta \u00f3rg\u00e3os al\u00e9m dos pulm\u00f5es. Entenda!","og_url":"https:\/\/www.grupomedcof.com.br\/blog\/mecanismos-patologicos-da-tuberculose-extrapulmonar\/","og_site_name":"Blog de Medcof: conte\u00fados, editais, revalida e mais!","article_publisher":"https:\/\/www.facebook.com\/MedCofQbank\/","article_published_time":"2024-12-11T11:25:00+00:00","og_image":[{"width":2560,"height":1440,"url":"https:\/\/www.grupomedcof.com.br\/blog\/wp-content\/uploads\/2024\/12\/Blog-MedCof-22-scaled.jpg","type":"image\/jpeg"}],"author":"Kiara Adelino","twitter_card":"summary_large_image","twitter_misc":{"Escrito por":"Kiara Adelino","Est. tempo de leitura":"4 minutos"},"schema":{"@context":"https:\/\/schema.org","@graph":[{"@type":"Article","@id":"https:\/\/www.grupomedcof.com.br\/blog\/mecanismos-patologicos-da-tuberculose-extrapulmonar\/#article","isPartOf":{"@id":"https:\/\/www.grupomedcof.com.br\/blog\/mecanismos-patologicos-da-tuberculose-extrapulmonar\/"},"author":{"name":"Kiara Adelino","@id":"https:\/\/www.grupomedcof.com.br\/blog\/#\/schema\/person\/db19a651f86c5fc202d6eee744fd3292"},"headline":"Mecanismos Patol\u00f3gicos da Tuberculose Extrapulmonar","datePublished":"2024-12-11T11:25:00+00:00","mainEntityOfPage":{"@id":"https:\/\/www.grupomedcof.com.br\/blog\/mecanismos-patologicos-da-tuberculose-extrapulmonar\/"},"wordCount":566,"commentCount":0,"publisher":{"@id":"https:\/\/www.grupomedcof.com.br\/blog\/#organization"},"image":{"@id":"https:\/\/www.grupomedcof.com.br\/blog\/mecanismos-patologicos-da-tuberculose-extrapulmonar\/#primaryimage"},"thumbnailUrl":"https:\/\/www.grupomedcof.com.br\/blog\/wp-content\/uploads\/2024\/12\/Blog-MedCof-22-scaled.jpg","keywords":["Ganglionar","\u00d3ssea","Resid\u00eancia M\u00e9dica","tuberculose"],"articleSection":["Cl\u00ednica M\u00e9dica"],"inLanguage":"pt-BR"},{"@type":"WebPage","@id":"https:\/\/www.grupomedcof.com.br\/blog\/mecanismos-patologicos-da-tuberculose-extrapulmonar\/","url":"https:\/\/www.grupomedcof.com.br\/blog\/mecanismos-patologicos-da-tuberculose-extrapulmonar\/","name":"Mecanismos Patol\u00f3gicos da Tuberculose Extrapulmonar - Blog de Medcof: conte\u00fados, editais, revalida e mais!","isPartOf":{"@id":"https:\/\/www.grupomedcof.com.br\/blog\/#website"},"primaryImageOfPage":{"@id":"https:\/\/www.grupomedcof.com.br\/blog\/mecanismos-patologicos-da-tuberculose-extrapulmonar\/#primaryimage"},"image":{"@id":"https:\/\/www.grupomedcof.com.br\/blog\/mecanismos-patologicos-da-tuberculose-extrapulmonar\/#primaryimage"},"thumbnailUrl":"https:\/\/www.grupomedcof.com.br\/blog\/wp-content\/uploads\/2024\/12\/Blog-MedCof-22-scaled.jpg","datePublished":"2024-12-11T11:25:00+00:00","description":"A tuberculose extrapulmonar ocorre quando a bact\u00e9ria Mycobacterium tuberculosis infecta \u00f3rg\u00e3os al\u00e9m dos pulm\u00f5es. Entenda!","breadcrumb":{"@id":"https:\/\/www.grupomedcof.com.br\/blog\/mecanismos-patologicos-da-tuberculose-extrapulmonar\/#breadcrumb"},"inLanguage":"pt-BR","potentialAction":[{"@type":"ReadAction","target":["https:\/\/www.grupomedcof.com.br\/blog\/mecanismos-patologicos-da-tuberculose-extrapulmonar\/"]}]},{"@type":"ImageObject","inLanguage":"pt-BR","@id":"https:\/\/www.grupomedcof.com.br\/blog\/mecanismos-patologicos-da-tuberculose-extrapulmonar\/#primaryimage","url":"https:\/\/www.grupomedcof.com.br\/blog\/wp-content\/uploads\/2024\/12\/Blog-MedCof-22-scaled.jpg","contentUrl":"https:\/\/www.grupomedcof.com.br\/blog\/wp-content\/uploads\/2024\/12\/Blog-MedCof-22-scaled.jpg","width":2560,"height":1440},{"@type":"BreadcrumbList","@id":"https:\/\/www.grupomedcof.com.br\/blog\/mecanismos-patologicos-da-tuberculose-extrapulmonar\/#breadcrumb","itemListElement":[{"@type":"ListItem","position":1,"name":"In\u00edcio","item":"https:\/\/www.grupomedcof.com.br\/blog\/"},{"@type":"ListItem","position":2,"name":"Mecanismos Patol\u00f3gicos da Tuberculose Extrapulmonar"}]},{"@type":"WebSite","@id":"https:\/\/www.grupomedcof.com.br\/blog\/#website","url":"https:\/\/www.grupomedcof.com.br\/blog\/","name":"Blog de Medcof: conte\u00fados, editais, revalida e mais!","description":"Acesso o blog de MedCof! Seu portal de conte\u00fados sobre resid\u00eancia m\u00e9dica, an\u00e1lise e editais e muito mais. Clique e confira!","publisher":{"@id":"https:\/\/www.grupomedcof.com.br\/blog\/#organization"},"alternateName":"Blog de Medcof: conte\u00fados, editais, revalida e mais!","potentialAction":[{"@type":"SearchAction","target":{"@type":"EntryPoint","urlTemplate":"https:\/\/www.grupomedcof.com.br\/blog\/?s={search_term_string}"},"query-input":{"@type":"PropertyValueSpecification","valueRequired":true,"valueName":"search_term_string"}}],"inLanguage":"pt-BR"},{"@type":"Organization","@id":"https:\/\/www.grupomedcof.com.br\/blog\/#organization","name":"Grupo MedCof","url":"https:\/\/www.grupomedcof.com.br\/blog\/","logo":{"@type":"ImageObject","inLanguage":"pt-BR","@id":"https:\/\/www.grupomedcof.com.br\/blog\/#\/schema\/logo\/image\/","url":"https:\/\/www.grupomedcof.com.br\/blog\/wp-content\/uploads\/2022\/01\/logo-medcof.png","contentUrl":"https:\/\/www.grupomedcof.com.br\/blog\/wp-content\/uploads\/2022\/01\/logo-medcof.png","width":768,"height":269,"caption":"Grupo MedCof"},"image":{"@id":"https:\/\/www.grupomedcof.com.br\/blog\/#\/schema\/logo\/image\/"},"sameAs":["https:\/\/www.facebook.com\/MedCofQbank\/","https:\/\/www.instagram.com\/grupomedcof\/","https:\/\/br.linkedin.com\/company\/medcof","https:\/\/www.youtube.com\/channel\/UCdHMuOHKICxcHwecxN8P-AA"]},{"@type":"Person","@id":"https:\/\/www.grupomedcof.com.br\/blog\/#\/schema\/person\/db19a651f86c5fc202d6eee744fd3292","name":"Kiara Adelino","image":{"@type":"ImageObject","inLanguage":"pt-BR","@id":"https:\/\/www.grupomedcof.com.br\/blog\/wp-content\/uploads\/2024\/08\/cropped-Kiara-Adelino2-96x96.jpega85663bdda67261f8f06f86e555e1e49","url":"https:\/\/www.grupomedcof.com.br\/blog\/wp-content\/uploads\/2024\/08\/cropped-Kiara-Adelino2-96x96.jpeg","contentUrl":"https:\/\/www.grupomedcof.com.br\/blog\/wp-content\/uploads\/2024\/08\/cropped-Kiara-Adelino2-96x96.jpeg","caption":"Kiara Adelino"},"description":"Estudante do 5\u00b0 semestre de Medicina. Gosto bastante de aprender coisas novas, principalmente na \u00e1rea de Neurologia e Anatomia humana.","url":"https:\/\/www.grupomedcof.com.br\/blog\/author\/kiara-adelino\/"}]}},"authors":[{"term_id":3617,"user_id":21,"is_guest":0,"slug":"kiara-adelino","display_name":"Kiara Adelino","avatar_url":"https:\/\/www.grupomedcof.com.br\/blog\/wp-content\/uploads\/2024\/08\/cropped-Kiara-Adelino2-96x96.jpeg","0":null,"1":"","2":"","3":"","4":"","5":"","6":"","7":"","8":""}],"_links":{"self":[{"href":"https:\/\/www.grupomedcof.com.br\/blog\/wp-json\/wp\/v2\/posts\/32364","targetHints":{"allow":["GET"]}}],"collection":[{"href":"https:\/\/www.grupomedcof.com.br\/blog\/wp-json\/wp\/v2\/posts"}],"about":[{"href":"https:\/\/www.grupomedcof.com.br\/blog\/wp-json\/wp\/v2\/types\/post"}],"author":[{"embeddable":true,"href":"https:\/\/www.grupomedcof.com.br\/blog\/wp-json\/wp\/v2\/users\/21"}],"replies":[{"embeddable":true,"href":"https:\/\/www.grupomedcof.com.br\/blog\/wp-json\/wp\/v2\/comments?post=32364"}],"version-history":[{"count":0,"href":"https:\/\/www.grupomedcof.com.br\/blog\/wp-json\/wp\/v2\/posts\/32364\/revisions"}],"wp:featuredmedia":[{"embeddable":true,"href":"https:\/\/www.grupomedcof.com.br\/blog\/wp-json\/wp\/v2\/media\/32365"}],"wp:attachment":[{"href":"https:\/\/www.grupomedcof.com.br\/blog\/wp-json\/wp\/v2\/media?parent=32364"}],"wp:term":[{"taxonomy":"category","embeddable":true,"href":"https:\/\/www.grupomedcof.com.br\/blog\/wp-json\/wp\/v2\/categories?post=32364"},{"taxonomy":"post_tag","embeddable":true,"href":"https:\/\/www.grupomedcof.com.br\/blog\/wp-json\/wp\/v2\/tags?post=32364"},{"taxonomy":"author","embeddable":true,"href":"https:\/\/www.grupomedcof.com.br\/blog\/wp-json\/wp\/v2\/ppma_author?post=32364"}],"curies":[{"name":"wp","href":"https:\/\/api.w.org\/{rel}","templated":true}]}}