{"id":32370,"date":"2024-11-29T14:04:47","date_gmt":"2024-11-29T17:04:47","guid":{"rendered":"https:\/\/www.grupomedcof.com.br\/blog\/?p=32370"},"modified":"2024-12-10T14:05:03","modified_gmt":"2024-12-10T17:05:03","slug":"edital-psu-mg-psu-go-e-scmr-para-residencia-medica-2024-2025","status":"publish","type":"post","link":"https:\/\/www.grupomedcof.com.br\/blog\/edital-psu-mg-psu-go-e-scmr-para-residencia-medica-2024-2025\/","title":{"rendered":"Edital PSU-MG, PSU-GO e SCMR para Resid\u00eancia M\u00e9dica 2024\/2025"},"content":{"rendered":"<div id=\"ez-toc-container\" class=\"ez-toc-v2_0_74 counter-hierarchy ez-toc-counter ez-toc-transparent ez-toc-container-direction\">\n<div class=\"ez-toc-title-container\">\n<p class=\"ez-toc-title\" style=\"cursor:inherit\">Sum\u00e1rio<\/p>\n<span class=\"ez-toc-title-toggle\"><a href=\"#\" class=\"ez-toc-pull-right ez-toc-btn ez-toc-btn-xs ez-toc-btn-default ez-toc-toggle\" aria-label=\"Alternar tabela de conte\u00fado\"><span class=\"ez-toc-js-icon-con\"><span class=\"\"><span class=\"eztoc-hide\" style=\"display:none;\">Toggle<\/span><span class=\"ez-toc-icon-toggle-span\"><svg style=\"fill: #999;color:#999\" xmlns=\"http:\/\/www.w3.org\/2000\/svg\" class=\"list-377408\" width=\"20px\" height=\"20px\" viewBox=\"0 0 24 24\" fill=\"none\"><path d=\"M6 6H4v2h2V6zm14 0H8v2h12V6zM4 11h2v2H4v-2zm16 0H8v2h12v-2zM4 16h2v2H4v-2zm16 0H8v2h12v-2z\" fill=\"currentColor\"><\/path><\/svg><svg style=\"fill: #999;color:#999\" class=\"arrow-unsorted-368013\" xmlns=\"http:\/\/www.w3.org\/2000\/svg\" width=\"10px\" height=\"10px\" viewBox=\"0 0 24 24\" version=\"1.2\" baseProfile=\"tiny\"><path d=\"M18.2 9.3l-6.2-6.3-6.2 6.3c-.2.2-.3.4-.3.7s.1.5.3.7c.2.2.4.3.7.3h11c.3 0 .5-.1.7-.3.2-.2.3-.5.3-.7s-.1-.5-.3-.7zM5.8 14.7l6.2 6.3 6.2-6.3c.2-.2.3-.5.3-.7s-.1-.5-.3-.7c-.2-.2-.4-.3-.7-.3h-11c-.3 0-.5.1-.7.3-.2.2-.3.5-.3.7s.1.5.3.7z\"\/><\/svg><\/span><\/span><\/span><\/a><\/span><\/div>\n<nav><ul class='ez-toc-list ez-toc-list-level-1 ' ><li class='ez-toc-page-1 ez-toc-heading-level-2'><a class=\"ez-toc-link ez-toc-heading-1\" href=\"https:\/\/www.grupomedcof.com.br\/blog\/edital-psu-mg-psu-go-e-scmr-para-residencia-medica-2024-2025\/#Sobre_o_PSU-MG_PSU-GO_e_SCMR\" >Sobre o PSU-MG, PSU-GO e SCMR<\/a><\/li><li class='ez-toc-page-1 ez-toc-heading-level-2'><a class=\"ez-toc-link ez-toc-heading-2\" href=\"https:\/\/www.grupomedcof.com.br\/blog\/edital-psu-mg-psu-go-e-scmr-para-residencia-medica-2024-2025\/#Criterios_de_selecao_e_etapas\" >Crit\u00e9rios de sele\u00e7\u00e3o e etapas<\/a><ul class='ez-toc-list-level-3' ><li class='ez-toc-heading-level-3'><a class=\"ez-toc-link ez-toc-heading-3\" href=\"https:\/\/www.grupomedcof.com.br\/blog\/edital-psu-mg-psu-go-e-scmr-para-residencia-medica-2024-2025\/#Inscricoes\" >Inscri\u00e7\u00f5es<\/a><\/li><li class='ez-toc-page-1 ez-toc-heading-level-3'><a class=\"ez-toc-link ez-toc-heading-4\" href=\"https:\/\/www.grupomedcof.com.br\/blog\/edital-psu-mg-psu-go-e-scmr-para-residencia-medica-2024-2025\/#Prova_objetiva\" >Prova objetiva<\/a><\/li><li class='ez-toc-page-1 ez-toc-heading-level-3'><a class=\"ez-toc-link ez-toc-heading-5\" href=\"https:\/\/www.grupomedcof.com.br\/blog\/edital-psu-mg-psu-go-e-scmr-para-residencia-medica-2024-2025\/#Analise_curricular\" >An\u00e1lise curricular<\/a><\/li><\/ul><\/li><li class='ez-toc-page-1 ez-toc-heading-level-2'><a class=\"ez-toc-link ez-toc-heading-6\" href=\"https:\/\/www.grupomedcof.com.br\/blog\/edital-psu-mg-psu-go-e-scmr-para-residencia-medica-2024-2025\/#Vagas_disponiveis\" >Vagas dispon\u00edveis<\/a><ul class='ez-toc-list-level-3' ><li class='ez-toc-heading-level-3'><a class=\"ez-toc-link ez-toc-heading-7\" href=\"https:\/\/www.grupomedcof.com.br\/blog\/edital-psu-mg-psu-go-e-scmr-para-residencia-medica-2024-2025\/#PSU-MG\" >PSU-MG<\/a><\/li><li class='ez-toc-page-1 ez-toc-heading-level-3'><a class=\"ez-toc-link ez-toc-heading-8\" href=\"https:\/\/www.grupomedcof.com.br\/blog\/edital-psu-mg-psu-go-e-scmr-para-residencia-medica-2024-2025\/#PSU-GO\" >PSU-GO<\/a><\/li><li class='ez-toc-page-1 ez-toc-heading-level-3'><a class=\"ez-toc-link ez-toc-heading-9\" href=\"https:\/\/www.grupomedcof.com.br\/blog\/edital-psu-mg-psu-go-e-scmr-para-residencia-medica-2024-2025\/#SCMR\" >SCMR<\/a><\/li><\/ul><\/li><li class='ez-toc-page-1 ez-toc-heading-level-2'><a class=\"ez-toc-link ez-toc-heading-10\" href=\"https:\/\/www.grupomedcof.com.br\/blog\/edital-psu-mg-psu-go-e-scmr-para-residencia-medica-2024-2025\/#Instituicoes_participantes_PSU-MG\" >Institui\u00e7\u00f5es participantes PSU-MG<\/a><\/li><li class='ez-toc-page-1 ez-toc-heading-level-2'><a class=\"ez-toc-link ez-toc-heading-11\" href=\"https:\/\/www.grupomedcof.com.br\/blog\/edital-psu-mg-psu-go-e-scmr-para-residencia-medica-2024-2025\/#Instituicoes_participantes_PSU-GO\" >Institui\u00e7\u00f5es participantes PSU-GO<\/a><\/li><li class='ez-toc-page-1 ez-toc-heading-level-2'><a class=\"ez-toc-link ez-toc-heading-12\" href=\"https:\/\/www.grupomedcof.com.br\/blog\/edital-psu-mg-psu-go-e-scmr-para-residencia-medica-2024-2025\/#Cronogramas\" >Cronogramas<\/a><ul class='ez-toc-list-level-3' ><li class='ez-toc-heading-level-3'><a class=\"ez-toc-link ez-toc-heading-13\" href=\"https:\/\/www.grupomedcof.com.br\/blog\/edital-psu-mg-psu-go-e-scmr-para-residencia-medica-2024-2025\/#PSU-MG-2\" >PSU-MG<\/a><\/li><li class='ez-toc-page-1 ez-toc-heading-level-3'><a class=\"ez-toc-link ez-toc-heading-14\" href=\"https:\/\/www.grupomedcof.com.br\/blog\/edital-psu-mg-psu-go-e-scmr-para-residencia-medica-2024-2025\/#PSU-GO-2\" >PSU-GO<\/a><\/li><li class='ez-toc-page-1 ez-toc-heading-level-3'><a class=\"ez-toc-link ez-toc-heading-15\" href=\"https:\/\/www.grupomedcof.com.br\/blog\/edital-psu-mg-psu-go-e-scmr-para-residencia-medica-2024-2025\/#SCMR-2\" >SCMR<\/a><\/li><\/ul><\/li><li class='ez-toc-page-1 ez-toc-heading-level-2'><a class=\"ez-toc-link ez-toc-heading-16\" href=\"https:\/\/www.grupomedcof.com.br\/blog\/edital-psu-mg-psu-go-e-scmr-para-residencia-medica-2024-2025\/#Editais\" >Editais<\/a><ul class='ez-toc-list-level-3' ><li class='ez-toc-heading-level-3'><a class=\"ez-toc-link ez-toc-heading-17\" href=\"https:\/\/www.grupomedcof.com.br\/blog\/edital-psu-mg-psu-go-e-scmr-para-residencia-medica-2024-2025\/#PSU-MG-3\" >PSU-MG<\/a><\/li><li class='ez-toc-page-1 ez-toc-heading-level-3'><a class=\"ez-toc-link ez-toc-heading-18\" href=\"https:\/\/www.grupomedcof.com.br\/blog\/edital-psu-mg-psu-go-e-scmr-para-residencia-medica-2024-2025\/#PSU-GO-3\" >PSU-GO<\/a><\/li><li class='ez-toc-page-1 ez-toc-heading-level-3'><a class=\"ez-toc-link ez-toc-heading-19\" href=\"https:\/\/www.grupomedcof.com.br\/blog\/edital-psu-mg-psu-go-e-scmr-para-residencia-medica-2024-2025\/#SCMRP\" >SCMRP<\/a><\/li><\/ul><\/li><li class='ez-toc-page-1 ez-toc-heading-level-2'><a class=\"ez-toc-link ez-toc-heading-20\" href=\"https:\/\/www.grupomedcof.com.br\/blog\/edital-psu-mg-psu-go-e-scmr-para-residencia-medica-2024-2025\/#Seja_um_MedCoffer\" >Seja um MedCoffer<\/a><\/li><\/ul><\/nav><\/div>\n\n<figure class=\"wp-block-image size-large\"><img loading=\"lazy\" decoding=\"async\" width=\"1024\" height=\"576\" src=\"https:\/\/www.grupomedcof.com.br\/blog\/wp-content\/uploads\/2024\/12\/Modelo-instituicoes-45-1024x576.png\" alt=\"\" class=\"wp-image-32386\" srcset=\"https:\/\/www.grupomedcof.com.br\/blog\/wp-content\/uploads\/2024\/12\/Modelo-instituicoes-45-1024x576.png 1024w, https:\/\/www.grupomedcof.com.br\/blog\/wp-content\/uploads\/2024\/12\/Modelo-instituicoes-45-300x169.png 300w, https:\/\/www.grupomedcof.com.br\/blog\/wp-content\/uploads\/2024\/12\/Modelo-instituicoes-45-768x432.png 768w, https:\/\/www.grupomedcof.com.br\/blog\/wp-content\/uploads\/2024\/12\/Modelo-instituicoes-45-1536x864.png 1536w, https:\/\/www.grupomedcof.com.br\/blog\/wp-content\/uploads\/2024\/12\/Modelo-instituicoes-45-747x420.png 747w, https:\/\/www.grupomedcof.com.br\/blog\/wp-content\/uploads\/2024\/12\/Modelo-instituicoes-45-150x84.png 150w, https:\/\/www.grupomedcof.com.br\/blog\/wp-content\/uploads\/2024\/12\/Modelo-instituicoes-45-696x392.png 696w, https:\/\/www.grupomedcof.com.br\/blog\/wp-content\/uploads\/2024\/12\/Modelo-instituicoes-45-1068x601.png 1068w, https:\/\/www.grupomedcof.com.br\/blog\/wp-content\/uploads\/2024\/12\/Modelo-instituicoes-45.png 1920w\" sizes=\"auto, (max-width: 1024px) 100vw, 1024px\" \/><\/figure>\n\n\n\n<h2 class=\"wp-block-heading\" id=\"h-sobre-o-psu-mg-psu-go-e-scmr\"><span class=\"ez-toc-section\" id=\"Sobre_o_PSU-MG_PSU-GO_e_SCMR\"><\/span><strong>Sobre o PSU-MG, PSU-GO e SCMR<\/strong><span class=\"ez-toc-section-end\"><\/span><\/h2>\n\n\n\n<p>Tanto o <a href=\"https:\/\/www.grupomedcof.com.br\/blog\/edital-residencia-medica-psu-mg\/\"><strong>Processo Seletivo Unificado de Minas Gerais<\/strong><\/a>, quanto o de <a href=\"https:\/\/www.grupomedcof.com.br\/blog\/edital-psu-go-publicado\/\"><strong>Goi\u00e1s<\/strong><\/a> e a <a href=\"https:\/\/www.grupomedcof.com.br\/blog\/santa-casa-de-rondonopolis-edital-publicado\/\"><strong>Santa Casa de Rondon\u00f3polis<\/strong><\/a> s\u00e3o administrados pela<strong> <\/strong><a href=\"https:\/\/www.aremg.org.br\/sobre-aremg\"><strong>Associa\u00e7\u00e3o de Apoio a Resid\u00eancia M\u00e9dica de Minas Gerais (AREMG)<\/strong><\/a>, institui\u00e7\u00e3o essa que \u00e9 respons\u00e1vel pelo est\u00edmulo, promo\u00e7\u00e3o e realiza\u00e7\u00e3o de todos os processos seletivos.<\/p>\n\n\n\n<p>O PSU-MG e PSU-GO constituem um dos maiores processos seletivos para resid\u00eancia m\u00e9dica do pa\u00eds, sendo estes compostos por diversas institui\u00e7\u00f5es que fornecem, por meio de suas estruturas, programas resid\u00eancia m\u00e9dica, sendo de acesso direto e de entrada com pr\u00e9-requisito.<\/p>\n\n\n\n<p>A resid\u00eancia m\u00e9dica da Santa Casa de Rondon\u00f3polis oferece programas de especializa\u00e7\u00e3o com foco em forma\u00e7\u00e3o pr\u00e1tica e te\u00f3rica de alta qualidade. \u00c9 voltada para diversas \u00e1reas m\u00e9dicas, com infraestrutura hospitalar ampla e equipe experiente para atender \u00e0s demandas dos residentes.<\/p>\n\n\n\n<h2 class=\"wp-block-heading\" id=\"h-criterios-de-selecao-e-etapas\"><span class=\"ez-toc-section\" id=\"Criterios_de_selecao_e_etapas\"><\/span><strong>Crit\u00e9rios de sele\u00e7\u00e3o e etapas<\/strong><span class=\"ez-toc-section-end\"><\/span><\/h2>\n\n\n\n<p>Os tr\u00eas processos seletivos contam com duas fases avaliativas, sendo elas uma prova objetiva e uma an\u00e1lise curricular<\/p>\n\n\n\n<h3 class=\"wp-block-heading\" id=\"h-inscricoes\"><span class=\"ez-toc-section\" id=\"Inscricoes\"><\/span><strong>Inscri\u00e7\u00f5es<\/strong><span class=\"ez-toc-section-end\"><\/span><\/h3>\n\n\n\n<p>No processo do PSU-MG, primeiramente, as inscri\u00e7\u00f5es aconteceram entre os dias <strong>30 de setembro e 14 de outubro de 2024<\/strong>. Por\u00e9m, devido a divulga\u00e7\u00e3o de um edital complementar, o processo seletivo teve suas inscri\u00e7\u00f5es prorrogadas at\u00e9 o dia <strong>21 de outubro de 2024<\/strong>. Al\u00e9m disso, <a href=\"https:\/\/www.grupomedcof.com.br\/blog\/aremg-publica-editais-complementares-do-psu-go-e-psu-mg-2024-2025\/\"><strong>duas institui\u00e7\u00f5es em espec\u00edfico<\/strong><\/a> do processo divulgaram editais complementares, assim, abrindo mais um per\u00edodo de inscri\u00e7\u00f5es apenas para ambas, o qual ocorreu entre os dias <strong>05 e 07 de novembro<\/strong>.<\/p>\n\n\n\n<p>J\u00e1 o PSU-GO, o per\u00edodo de inscri\u00e7\u00f5es era de <strong>27 de setembro a 15 de outubro de 2024<\/strong>, por\u00e9m, devido \u00e0 mudan\u00e7as e divulga\u00e7\u00e3o de editais complementares, os candidatos puderam se inscrever do dias <strong>27 de setembro ao dia 21 de outubro de 2024<\/strong>. E, assim como o PSU-MG, <a href=\"https:\/\/www.grupomedcof.com.br\/blog\/aremg-publica-editais-complementares-do-psu-go-e-psu-mg-2024-2025\/\"><strong>duas institui\u00e7\u00f5es em espec\u00edfico<\/strong><\/a> do processo divulgaram editais complementares, assim, abrindo mais um per\u00edodo de inscri\u00e7\u00f5es apenas para ambas, o qual ocorreu entre os dias <strong>05 e 07 de novembro<\/strong>.<\/p>\n\n\n\n<p>Por fim, as inscri\u00e7\u00f5es para o processo seletivo da Santa Casa de Rondon\u00f3polis aconteceram entre <strong>30 de setembro e 21 de outubro de 2024<\/strong>.<\/p>\n\n\n\n<p>Al\u00e9m disso, para a efetiva\u00e7\u00e3o da inscri\u00e7\u00e3o aos processos, os participantes tiveram de realizar o pagamento da taxa de inscri\u00e7\u00e3o, estabelecidas nos seguintes valores:<\/p>\n\n\n\n<ul class=\"wp-block-list\">\n<li>R$240,00 para o PSU-MG<\/li>\n\n\n\n<li>R$510,00 para o PSU-GO<\/li>\n\n\n\n<li>R$500 para a SCMR<\/li>\n<\/ul>\n\n\n\n<h3 class=\"wp-block-heading\" id=\"h-prova-objetiva\"><span class=\"ez-toc-section\" id=\"Prova_objetiva\"><\/span><strong>Prova objetiva<\/strong><span class=\"ez-toc-section-end\"><\/span><\/h3>\n\n\n\n<p>Mesmo sendo de uma mesma organizadora, as provas objetivas dos processos seletivos foram aplicadas em datas diferentes.<\/p>\n\n\n\n<p>A primeira a ocorrer, foi a primeira etapa do <strong>PSU-GO<\/strong>, que contou com o dia<strong> 24 de novembro de 2024<\/strong> para a aplica\u00e7\u00e3o da prova objetiva. Enquanto, para o <strong>PSU-MG<\/strong> e <strong>SCMR<\/strong>, os participantes realizaram a sua primeira fase no dia <strong>01 de dezembro de 2024<\/strong>.<\/p>\n\n\n\n<h3 class=\"wp-block-heading\" id=\"h-analise-curricular\"><span class=\"ez-toc-section\" id=\"Analise_curricular\"><\/span><strong>An\u00e1lise curricular<\/strong><span class=\"ez-toc-section-end\"><\/span><\/h3>\n\n\n\n<p>Para a segunda etapa constituinte do processo seletivo do <strong>PSU-MG<\/strong>, os participantes precisaram enviar seus documentos durante o per\u00edodo de inscri\u00e7\u00e3o do programa, para que pudessem ser avaliados pelas institui\u00e7\u00f5es escolhidas. Para este processo, o resultado \u00e9 esperado que seja divulgado no dia <strong>21 de janeiro de 2025<\/strong>.<\/p>\n\n\n\n<p>O <strong>PSU-GO<\/strong> seguiu o mesmo direcionamento, ou seja, enfatizou o envio dos documentos durante o per\u00edodo de inscri\u00e7\u00e3o, por\u00e9m a veicula\u00e7\u00e3o do resultado ser\u00e1 antes da do PSU-MG, agendada para o dia <strong>16 de janeiro de 2025<\/strong>.<\/p>\n\n\n\n<p>J\u00e1 a <strong>SCMR<\/strong> teve o prazo final para envio dos curr\u00edculos at\u00e9 um dia ap\u00f3s a finaliza\u00e7\u00e3o das inscri\u00e7\u00f5es, ou seja, at\u00e9 o dia 22 de outubro foi poss\u00edvel realizar o envio.<\/p>\n\n\n\n<h2 class=\"wp-block-heading\" id=\"h-vagas-disponiveis\"><span class=\"ez-toc-section\" id=\"Vagas_disponiveis\"><\/span><strong>Vagas dispon\u00edveis<\/strong><span class=\"ez-toc-section-end\"><\/span><\/h2>\n\n\n\n<h3 class=\"wp-block-heading\" id=\"h-psu-mg\"><span class=\"ez-toc-section\" id=\"PSU-MG\"><\/span><strong>PSU-MG<\/strong><span class=\"ez-toc-section-end\"><\/span><\/h3>\n\n\n\n<figure class=\"wp-block-table\"><table class=\"has-fixed-layout\"><tbody><tr><td><strong>Institui\u00e7\u00e3o<\/strong><\/td><td><strong>Especialidade<\/strong><\/td><td><strong>Vagas<\/strong><\/td><\/tr><tr><td>Associa\u00e7\u00e3o Evang\u00e9lica Beneficente de Minas Gerais\/Hospital Evang\u00e9lico de Belo Horizonte<\/td><td>Oftalmologia<\/td><td>2<\/td><\/tr><tr><td>Hospital Madre Teresa \u2013 BH<\/td><td>Otorrinolaringologia<\/td><td>1<\/td><\/tr><tr><td>Hospital Mater Dei \u2013 Unidade Contorno<\/td><td>Cirurgia Geral<\/td><td>1<\/td><\/tr><tr><td>Hospital Fel\u00edcio Rocho<\/td><td>Otorrinolaringologia<\/td><td>2<\/td><\/tr><tr><td>Hospital Infantil S\u00e3o Camilo \u2013 UNIMED<\/td><td>Pediatria<\/td><td>2<\/td><\/tr><tr><td>Complexo Hospitalar Uberl\u00e2ndia S.A<\/td><td>Otorrinolaringologia<\/td><td>1<\/td><\/tr><tr><td>Hospital Mater Dei \u2013 Unidade Santo Agostinho<\/td><td>Cirurgia Geral<\/td><td>2<\/td><\/tr><tr><td>Hospital Fel\u00edcio Rocho<\/td><td>Cirurgia Geral<\/td><td>4<\/td><\/tr><tr><td>Hospital Otorrino Center LTDA<\/td><td>Otorrinolaringologia<\/td><td>1<\/td><\/tr><tr><td>Instituto Materno Infantil de Minas Gerais \u2013 Hospital Vila da Serra<\/td><td>Anestesiologia<\/td><td>2<\/td><\/tr><tr><td>Hospital Madre Teresa \u2013 BH<\/td><td>Anestesiologia<\/td><td>3<\/td><\/tr><tr><td>Associa\u00e7\u00e3o Evang\u00e9lica Beneficente de Minas Gerais\/Hospital Evang\u00e9lico de Belo Horizonte<\/td><td>Cirurgia Geral<\/td><td>2<\/td><\/tr><tr><td>HOSPITAL UNIMED \u2013 UNIDADE BETIM<\/td><td>Anestesiologia<\/td><td>1<\/td><\/tr><tr><td>Hospital das Cl\u00ednicas Samuel Lib\u00e2nio<\/td><td>Psiquiatria<\/td><td>2<\/td><\/tr><tr><td>Hospital Madre Teresa \u2013 BH<\/td><td>Neurocirurgia<\/td><td>1<\/td><\/tr><tr><td>Hospital da Baleia \u2013 Funda\u00e7\u00e3o Benjamin Guimar\u00e3es<\/td><td>Cirurgia Geral<\/td><td>4<\/td><\/tr><tr><td>Associa\u00e7\u00e3o Evang\u00e9lica Beneficente de Minas Gerais\/Hospital Evang\u00e9lico de Belo Horizonte<\/td><td>Anestesiologia<\/td><td>1<\/td><\/tr><tr><td>Hospital Fel\u00edcio Rocho<\/td><td>Anestesiologia<\/td><td>4<\/td><\/tr><tr><td>Hospital Belo Horizonte<\/td><td>Anestesiologia<\/td><td>2<\/td><\/tr><tr><td>ISO Olhos \u2013 Instituto de Sa\u00fade Ocular<\/td><td>Oftalmologia<\/td><td>2<\/td><\/tr><tr><td>Hospital Metropolitano Doutor C\u00e9lio de Castro<\/td><td>Cirurgia Geral<\/td><td>4<\/td><\/tr><tr><td>Instituto Materno Infantil de Minas Gerais \u2013 Hospital Vila da Serra<\/td><td>Cirurgia Geral<\/td><td>2<\/td><\/tr><tr><td>Hospital P\u00fablico Regional de Betim<\/td><td>Psiquiatria<\/td><td>4<\/td><\/tr><tr><td>Hospital Lifecenter Sistema de Sa\u00fade S\/A<\/td><td>Anestesiologia<\/td><td>2<\/td><\/tr><tr><td>Hospital Semper<\/td><td>Cirurgia Geral<\/td><td>2<\/td><\/tr><tr><td>HOSPITAL UNIMED BH\u2013 UNIDADE CONTORNO<\/td><td>Neurocirurgia<\/td><td>1<\/td><\/tr><tr><td>Hospital Semper<\/td><td>Anestesiologia<\/td><td>2<\/td><\/tr><tr><td>Associa\u00e7\u00e3o Mario Penna \u2013 Hospital Luxemburgo<\/td><td>Anestesiologia<\/td><td>5<\/td><\/tr><tr><td>Associa\u00e7\u00e3o Evang\u00e9lica Beneficente de Minas Gerais\/Hospital Evang\u00e9lico de Belo Horizonte<\/td><td>Neurocirurgia<\/td><td>1<\/td><\/tr><tr><td>Hospital Bom Samaritano \u2013 Governador Valadares<\/td><td>Oftalmologia<\/td><td>2<\/td><\/tr><tr><td>Hospital Mater Dei \u2013 Unidade Contorno<\/td><td>Cl\u00ednica M\u00e9dica<\/td><td>5<\/td><\/tr><tr><td>Hospital Mater Dei \u2013 Unidade Santo Agostinho<\/td><td>Cl\u00ednica M\u00e9dica<\/td><td>3<\/td><\/tr><tr><td>Universidade Federal do Triangulo Mineiro \u2013 Uberaba<\/td><td>Neurocirurgia<\/td><td>1<\/td><\/tr><tr><td>Associa\u00e7\u00e3o Mario Penna \u2013 Hospital Luxemburgo<\/td><td>Cirurgia Geral<\/td><td>6<\/td><\/tr><tr><td>Hospital Socor<\/td><td>Neurocirurgia<\/td><td>1<\/td><\/tr><tr><td>Hospital Universit\u00e1rio da Universidade de Uberaba \u2013 UNIUBE (M\u00e1rio Palm\u00e9rio)<\/td><td>Psiquiatria<\/td><td>3<\/td><\/tr><tr><td>Hospital Bom Samaritano \u2013 Governador Valadares<\/td><td>Otorrinolaringologia<\/td><td>2<\/td><\/tr><tr><td>Instituto Materno Infantil de Minas Gerais \u2013 Hospital Vila da Serra<\/td><td>Ginecologia e Obstetr\u00edcia<\/td><td>4<\/td><\/tr><tr><td>Universidade Federal do Triangulo Mineiro \u2013 Uberaba<\/td><td>Dermatologia<\/td><td>2<\/td><\/tr><tr><td>Hospital Lifecenter Sistema de Sa\u00fade S\/A<\/td><td>Cirurgia Geral<\/td><td>2<\/td><\/tr><tr><td>Instituto Viva Mais<\/td><td>Oftalmologia<\/td><td>4<\/td><\/tr><tr><td>Maternidade Octaviano Neves (ULTRA SOM SERVI\u00c7OS MEDICOS S.A.)<\/td><td>Ginecologia e Obstetr\u00edcia<\/td><td>5<\/td><\/tr><tr><td>Santa Casa de Miseric\u00f3rdia de Juiz de Fora MG<\/td><td>Anestesiologia<\/td><td>2<\/td><\/tr><tr><td>Hospital Socor<\/td><td>Neurologia<\/td><td>2<\/td><\/tr><tr><td>Hospital Belo Horizonte<\/td><td>Pediatria<\/td><td>3<\/td><\/tr><tr><td>Instituto Materno Infantil de Minas Gerais \u2013 Hospital Vila da Serra<\/td><td>Pediatria<\/td><td>5<\/td><\/tr><tr><td>Hospital Municipal Jos\u00e9 Lucas Filho \u2013 Contagem<\/td><td>Cirurgia Geral<\/td><td>4<\/td><\/tr><tr><td>Hospital Metropolitano Doutor C\u00e9lio de Castro<\/td><td>Cl\u00ednica M\u00e9dica<\/td><td>4<\/td><\/tr><tr><td>Holhos Minas Oftalmologia Ltda<\/td><td>Oftalmologia<\/td><td>2<\/td><\/tr><tr><td>Hospital P\u00fablico Regional de Betim<\/td><td>Cirurgia Geral<\/td><td>4<\/td><\/tr><tr><td>Santa Casa de Miseric\u00f3rdia de Juiz de Fora MG<\/td><td>Ginecologia e Obstetr\u00edcia<\/td><td>2<\/td><\/tr><tr><td>Hospital Fel\u00edcio Rocho<\/td><td>Cl\u00ednica M\u00e9dica<\/td><td>10<\/td><\/tr><tr><td>Hospital Madre Teresa \u2013 BH<\/td><td>Neurologia<\/td><td>3<\/td><\/tr><tr><td>Universidade Federal dos Vales do Jequitinhonha e Mucuri<\/td><td>Neurocirurgia<\/td><td>1<\/td><\/tr><tr><td>Funda\u00e7\u00e3o de Desenvolvimento da Pesquisa \u2013 Hospital Risoleta Tolentino Neves<\/td><td>Neurologia<\/td><td>3<\/td><\/tr><tr><td>Hospital Fel\u00edcio Rocho<\/td><td>Radiologia e Diagn\u00f3stico por Imagem<\/td><td>2<\/td><\/tr><tr><td>Irmandade Nossa Senhora das Merc\u00eas de Montes Claros \u2013 Santa Casa<\/td><td>Neurocirurgia<\/td><td>1<\/td><\/tr><tr><td>Hospital de Cl\u00ednicas de Itajub\u00e1 \u2013 AISI<\/td><td>Oftalmologia<\/td><td>2<\/td><\/tr><tr><td>Hospital Lifecenter Sistema de Sa\u00fade S\/A<\/td><td>Neurologia<\/td><td>2<\/td><\/tr><tr><td>Hospital das Cl\u00ednicas Samuel Lib\u00e2nio<\/td><td>Cirurgia Pl\u00e1stica<\/td><td>1<\/td><\/tr><tr><td>Hospital Municipal Jos\u00e9 Lucas Filho \u2013 Contagem<\/td><td>Anestesiologia<\/td><td>4<\/td><\/tr><tr><td>Hospital Universit\u00e1rio Alzira Velano<\/td><td>Neurocirurgia<\/td><td>1<\/td><\/tr><tr><td>Hospital das Cl\u00ednicas Samuel Lib\u00e2nio<\/td><td>Neurocirurgia<\/td><td>1<\/td><\/tr><tr><td>Hospital Sofia Feldman<\/td><td>Ginecologia e Obstetr\u00edcia<\/td><td>8<\/td><\/tr><tr><td>Universidade Federal do Triangulo Mineiro \u2013 Uberaba<\/td><td>Cirurgia Pl\u00e1stica<\/td><td>1<\/td><\/tr><tr><td>Santa Casa de Itanhandu<\/td><td>Oftalmologia<\/td><td>2<\/td><\/tr><tr><td>Hospital Universit\u00e1rio da Universidade de Uberaba \u2013 UNIUBE (M\u00e1rio Palm\u00e9rio)<\/td><td>Cirurgia Geral<\/td><td>2<\/td><\/tr><tr><td>Hospital da Baleia \u2013 Funda\u00e7\u00e3o Benjamin Guimar\u00e3es<\/td><td>Cl\u00ednica M\u00e9dica<\/td><td>3<\/td><\/tr><tr><td>Hospital Madre Teresa \u2013 BH<\/td><td>Ortopedia e Traumatologia<\/td><td>3<\/td><\/tr><tr><td>Hospital P\u00fablico Regional de Betim<\/td><td>Anestesiologia<\/td><td>4<\/td><\/tr><tr><td>Santa Casa de Miseric\u00f3rdia de Juiz de Fora MG<\/td><td>Cirurgia Geral<\/td><td>4<\/td><\/tr><tr><td>Universidade Federal do Triangulo Mineiro \u2013 Uberaba<\/td><td>Oftalmologia<\/td><td>5<\/td><\/tr><tr><td>Hospital Mater Dei \u2013 Unidade Santo Agostinho<\/td><td>Pediatria<\/td><td>8<\/td><\/tr><tr><td>Hospital Madre Teresa \u2013 BH<\/td><td>Cl\u00ednica M\u00e9dica<\/td><td>11<\/td><\/tr><tr><td>Hospital Municipal Jos\u00e9 Lucas Filho \u2013 Contagem<\/td><td>Ginecologia e Obstetr\u00edcia<\/td><td>6<\/td><\/tr><tr><td>Irmandade Nossa Senhora das Merc\u00eas de Montes Claros \u2013 Santa Casa<\/td><td>Cirurgia Pl\u00e1stica<\/td><td>1<\/td><\/tr><tr><td>Hospital Universit\u00e1rio da Universidade de Uberaba \u2013 UNIUBE (M\u00e1rio Palm\u00e9rio)<\/td><td>Anestesiologia<\/td><td>2<\/td><\/tr><tr><td>Neocenter SA<\/td><td>Pediatria<\/td><td>3<\/td><\/tr><tr><td>Funda\u00e7\u00e3o de Desenvolvimento da Pesquisa \u2013 Hospital Risoleta Tolentino Neves<\/td><td>Ortopedia e Traumatologia<\/td><td>1<\/td><\/tr><tr><td>Hospital de Cl\u00ednicas de Itajub\u00e1 \u2013 AISI<\/td><td>Neurologia<\/td><td>1<\/td><\/tr><tr><td>Instituto Materno Infantil de Minas Gerais \u2013 Hospital Vila da Serra<\/td><td>Cl\u00ednica M\u00e9dica<\/td><td>4<\/td><\/tr><tr><td>Hospital Fel\u00edcio Rocho<\/td><td>Ortopedia e Traumatologia<\/td><td>3<\/td><\/tr><tr><td>Hospital da Baleia \u2013 Funda\u00e7\u00e3o Benjamin Guimar\u00e3es<\/td><td>Cirurgia Pl\u00e1stica<\/td><td>2<\/td><\/tr><tr><td>Hospital Mater Dei \u2013 Unidade Santo Agostinho<\/td><td>Ginecologia e Obstetr\u00edcia<\/td><td>10<\/td><\/tr><tr><td>Hospital P\u00fablico Regional de Betim<\/td><td>Ginecologia e Obstetr\u00edcia<\/td><td>6<\/td><\/tr><tr><td>Hospital Belo Horizonte<\/td><td>Cl\u00ednica M\u00e9dica<\/td><td>6<\/td><\/tr><tr><td>Associa\u00e7\u00e3o Mario Penna \u2013 Hospital Luxemburgo<\/td><td>Cl\u00ednica M\u00e9dica<\/td><td>9<\/td><\/tr><tr><td>Irmandade do Hospital da Santa Casa de Po\u00e7os de Caldas<\/td><td>Ginecologia e Obstetr\u00edcia<\/td><td>2<\/td><\/tr><tr><td>Universidade Federal de Ouro Preto<\/td><td>Cirurgia Geral<\/td><td>2<\/td><\/tr><tr><td>Hospital Mater Dei \u2013 Unidade Contorno<\/td><td>Radiologia e Diagn\u00f3stico por Imagem<\/td><td>4<\/td><\/tr><tr><td>Hospital da Baleia \u2013 Funda\u00e7\u00e3o Benjamin Guimar\u00e3es<\/td><td>Ortopedia e Traumatologia<\/td><td>3<\/td><\/tr><tr><td>Universidade Federal do Triangulo Mineiro \u2013 Uberaba<\/td><td>Anestesiologia<\/td><td>5<\/td><\/tr><tr><td>Hospital Lifecenter Sistema de Sa\u00fade S\/A<\/td><td>Cl\u00ednica M\u00e9dica<\/td><td>4<\/td><\/tr><tr><td>Hospital Marcio Cunha \u2013 Funda\u00e7\u00e3o S\u00e3o Francisco Xavier \u2013 Ipatinga<\/td><td>Anestesiologia<\/td><td>5<\/td><\/tr><tr><td>Associa\u00e7\u00e3o Evang\u00e9lica Beneficente de Minas Gerais\/Hospital Evang\u00e9lico de Belo Horizonte<\/td><td>Cl\u00ednica M\u00e9dica<\/td><td>6<\/td><\/tr><tr><td>Universidade Federal do Triangulo Mineiro \u2013 Uberaba<\/td><td>Cirurgia Geral<\/td><td>7<\/td><\/tr><tr><td>Irmandade do Hospital da Santa Casa de Po\u00e7os de Caldas<\/td><td>Anestesiologia<\/td><td>2<\/td><\/tr><tr><td>Complexo de Sa\u00fade S\u00e3o Jo\u00e3o de Deus<\/td><td>Anestesiologia<\/td><td>3<\/td><\/tr><tr><td>Irmandade de Nossa Senhora das Gra\u00e7as \u2013 Sete Lagoas<\/td><td>Cirurgia Geral<\/td><td>1<\/td><\/tr><tr><td>Funda\u00e7\u00e3o de Desenvolvimento da Pesquisa \u2013 Hospital Risoleta Tolentino Neves<\/td><td>Cl\u00ednica M\u00e9dica<\/td><td>12<\/td><\/tr><tr><td>Hospital Mater Dei \u2013 Unidade Santo Agostinho<\/td><td>Ortopedia e Traumatologia<\/td><td>4<\/td><\/tr><tr><td>Hospital das Cl\u00ednicas Samuel Lib\u00e2nio<\/td><td>Anestesiologia<\/td><td>3<\/td><\/tr><tr><td>Santa Casa de Miseric\u00f3rdia de Passos<\/td><td>Anestesiologia<\/td><td>4<\/td><\/tr><tr><td>Hospital Mater Dei Santa Genoveva<\/td><td>Radiologia e Diagn\u00f3stico por Imagem<\/td><td>2<\/td><\/tr><tr><td>Complexo de Sa\u00fade S\u00e3o Jo\u00e3o de Deus<\/td><td>Ginecologia e Obstetr\u00edcia<\/td><td>2<\/td><\/tr><tr><td>Hospital Fel\u00edcio Rocho<\/td><td>Cirurgia Cardiovascular<\/td><td>1<\/td><\/tr><tr><td>Hospital Marcio Cunha \u2013 Funda\u00e7\u00e3o S\u00e3o Francisco Xavier \u2013 Ipatinga<\/td><td>Cirurgia Geral<\/td><td>2<\/td><\/tr><tr><td>Hospital e Maternidade S\u00e3o Jos\u00e9 \u2013 Conselheiro Lafaiete<\/td><td>Anestesiologia<\/td><td>1<\/td><\/tr><tr><td>Hospital Municipal Jos\u00e9 Lucas Filho \u2013 Contagem<\/td><td>Pediatria<\/td><td>6<\/td><\/tr><tr><td>Hospital Universit\u00e1rio Alzira Velano<\/td><td>Anestesiologia<\/td><td>3<\/td><\/tr><tr><td>Hospital das Cl\u00ednicas Samuel Lib\u00e2nio<\/td><td>Neurologia<\/td><td>2<\/td><\/tr><tr><td>Santa Casa de Miseric\u00f3rdia de Passos<\/td><td>Cirurgia Geral<\/td><td>4<\/td><\/tr><tr><td>Santa Casa de Miseric\u00f3rdia de Juiz de Fora MG<\/td><td>Cl\u00ednica M\u00e9dica<\/td><td>6<\/td><\/tr><tr><td>Funda\u00e7\u00e3o Jos\u00e9 Bonif\u00e1cio Lafayette de Andrada<\/td><td>Anestesiologia<\/td><td>2<\/td><\/tr><tr><td>Hospital da Baleia \u2013 Funda\u00e7\u00e3o Benjamin Guimar\u00e3es<\/td><td>Urologia<\/td><td>1<\/td><\/tr><tr><td>Hospital Socor<\/td><td>Ortopedia e Traumatologia<\/td><td>2<\/td><\/tr><tr><td>Hospital Universit\u00e1rio Alzira Velano<\/td><td>Radiologia e Diagn\u00f3stico por Imagem<\/td><td>2<\/td><\/tr><tr><td>Associa\u00e7\u00e3o Evang\u00e9lica Beneficente de Minas Gerais\/Hospital Evang\u00e9lico de Belo Horizonte<\/td><td>Urologia<\/td><td>1<\/td><\/tr><tr><td>Complexo de Sa\u00fade S\u00e3o Jo\u00e3o de Deus<\/td><td>Cirurgia Geral<\/td><td>4<\/td><\/tr><tr><td>Funda\u00e7\u00e3o Hospital Ouro Branco<\/td><td>Anestesiologia<\/td><td>1<\/td><\/tr><tr><td>Hospital Universit\u00e1rio Alzira Velano<\/td><td>Cirurgia Geral<\/td><td>2<\/td><\/tr><tr><td>Irmandade Nossa Senhora das Merc\u00eas de Montes Claros \u2013 Santa Casa<\/td><td>Cirurgia Geral<\/td><td>4<\/td><\/tr><tr><td>Hospital das Cl\u00ednicas Samuel Lib\u00e2nio<\/td><td>Cirurgia Geral<\/td><td>6<\/td><\/tr><tr><td>Hospital Madre Teresa \u2013 BH<\/td><td>Radiologia e Diagn\u00f3stico por Imagem<\/td><td>6<\/td><\/tr><tr><td>Irmandade Nossa Senhora das Merc\u00eas de Montes Claros \u2013 Santa Casa<\/td><td>Ginecologia e Obstetr\u00edcia<\/td><td>3<\/td><\/tr><tr><td>Casa de Caridade de Muria\u00e9 \u2013 Hospital S\u00e3o Paulo<\/td><td>Cirurgia Geral<\/td><td>1<\/td><\/tr><tr><td>Funda\u00e7\u00e3o Cristiano Varella \u2013 Hospital do C\u00e2ncer de Muria\u00e9<\/td><td>Radiologia e Diagn\u00f3stico por Imagem<\/td><td>2<\/td><\/tr><tr><td>Hospital Universit\u00e1rio da Universidade de Uberaba \u2013 UNIUBE (M\u00e1rio Palm\u00e9rio)<\/td><td>Ginecologia e Obstetr\u00edcia<\/td><td>4<\/td><\/tr><tr><td>Universidade Federal do Triangulo Mineiro \u2013 Uberaba<\/td><td>Neurologia<\/td><td>3<\/td><\/tr><tr><td>Instituto \u00c2nima<\/td><td>Cirurgia Geral<\/td><td>1<\/td><\/tr><tr><td>Maternidade Unimed Vitoria<\/td><td>Ginecologia e Obstetr\u00edcia<\/td><td>1<\/td><\/tr><tr><td>Universidade Federal de Vi\u00e7osa<\/td><td>Ginecologia e Obstetr\u00edcia<\/td><td>2<\/td><\/tr><tr><td>Sete Lagoas Prefeitura \u2013 Secretaria Municipal de Sa\u00fade<\/td><td>Cirurgia Geral<\/td><td>2<\/td><\/tr><tr><td>Irmandade do Hospital da Santa Casa de Po\u00e7os de Caldas<\/td><td>Cirurgia Geral<\/td><td>4<\/td><\/tr><tr><td>Santa Casa de Miseric\u00f3rdia de Juiz de Fora MG<\/td><td>Pediatria<\/td><td>5<\/td><\/tr><tr><td>Irmandade Nossa Senhora das Merc\u00eas de Montes Claros \u2013 Santa Casa<\/td><td>Anestesiologia<\/td><td>4<\/td><\/tr><tr><td>Associa\u00e7\u00e3o Evang\u00e9lica Beneficente de Minas Gerais\/Hospital Evang\u00e9lico de Belo Horizonte<\/td><td>Ortopedia e Traumatologia<\/td><td>4<\/td><\/tr><tr><td>Hospital Fel\u00edcio Rocho<\/td><td>Gastroenterologia<\/td><td>2<\/td><\/tr><tr><td>Hospital Mater Dei Santa Genoveva<\/td><td>Cl\u00ednica M\u00e9dica<\/td><td>2<\/td><\/tr><tr><td>Hospital de Cl\u00ednicas de Itajub\u00e1 \u2013 AISI<\/td><td>Anestesiologia<\/td><td>1<\/td><\/tr><tr><td>Hospital Madre Teresa \u2013 BH<\/td><td>Endocrinologia e Metabologia<\/td><td>2<\/td><\/tr><tr><td>Santa Casa de Miseric\u00f3rdia de Passos<\/td><td>Ginecologia e Obstetr\u00edcia<\/td><td>4<\/td><\/tr><tr><td>Santa Casa de Miseric\u00f3rdia de S\u00e3o Sebasti\u00e3o do Para\u00edso<\/td><td>Anestesiologia<\/td><td>3<\/td><\/tr><tr><td>Hospital Universit\u00e1rio da Universidade de Uberaba \u2013 UNIUBE (M\u00e1rio Palm\u00e9rio)<\/td><td>Cl\u00ednica M\u00e9dica<\/td><td>4<\/td><\/tr><tr><td>Universidade Federal do Triangulo Mineiro \u2013 Uberaba<\/td><td>Radiologia e Diagn\u00f3stico por Imagem<\/td><td>4<\/td><\/tr><tr><td>Hospital Universit\u00e1rio Alzira Velano<\/td><td>Ginecologia e Obstetr\u00edcia<\/td><td>2<\/td><\/tr><tr><td>Universidade Federal do Triangulo Mineiro \u2013 Uberaba<\/td><td>Ginecologia e Obstetr\u00edcia<\/td><td>8<\/td><\/tr><tr><td>Hospital das Cl\u00ednicas Samuel Lib\u00e2nio<\/td><td>Ginecologia e Obstetr\u00edcia<\/td><td>5<\/td><\/tr><tr><td>Hospital Nossa Senhora de Lourdes<\/td><td>Pediatria<\/td><td>2<\/td><\/tr><tr><td>Irmandade de Nossa Senhora das Gra\u00e7as \u2013 Sete Lagoas<\/td><td>Cl\u00ednica M\u00e9dica<\/td><td>2<\/td><\/tr><tr><td>Funda\u00e7\u00e3o Jos\u00e9 Bonif\u00e1cio Lafayette de Andrada<\/td><td>Cirurgia Geral<\/td><td>2<\/td><\/tr><tr><td>Centro Barbacenense de Assist\u00eancia M\u00e9dica e Social \u2013 Hospital Ibiapaba<\/td><td>Anestesiologia<\/td><td>2<\/td><\/tr><tr><td>Hospital Bom Samaritano \u2013 Governador Valadares<\/td><td>Cirurgia Geral<\/td><td>2<\/td><\/tr><tr><td>Hospital Marcio Cunha \u2013 Funda\u00e7\u00e3o S\u00e3o Francisco Xavier \u2013 Ipatinga<\/td><td>Ginecologia e Obstetr\u00edcia<\/td><td>3<\/td><\/tr><tr><td>Hospital e Cl\u00ednicas Santa Paula Ltda \u2013 Pouso Alegre<\/td><td>Anestesiologia<\/td><td>2<\/td><\/tr><tr><td>Hospital Universit\u00e1rio da Universidade de Uberaba \u2013 UNIUBE (M\u00e1rio Palm\u00e9rio)<\/td><td>Pediatria<\/td><td>4<\/td><\/tr><tr><td>Hospital C\u00e9sar Leite \u2013 Manhua\u00e7u<\/td><td>Cirurgia Geral<\/td><td>1<\/td><\/tr><tr><td>Hospital Lifecenter Sistema de Sa\u00fade S\/A<\/td><td>Urologia<\/td><td>1<\/td><\/tr><tr><td>Hospital Mater Dei \u2013 Unidade Santo Agostinho<\/td><td>Cirurgia Vascular<\/td><td>1<\/td><\/tr><tr><td>Secretaria Municipal de Saude de Governador Valadares<\/td><td>Ginecologia e Obstetr\u00edcia<\/td><td>4<\/td><\/tr><tr><td>Santa Casa de Miseric\u00f3rdia de Juiz de Fora MG<\/td><td>Ortopedia e Traumatologia<\/td><td>2<\/td><\/tr><tr><td>Irmandade de Nossa Senhora das Gra\u00e7as \u2013 Sete Lagoas<\/td><td>Ginecologia e Obstetr\u00edcia<\/td><td>3<\/td><\/tr><tr><td>Hospital das Cl\u00ednicas Samuel Lib\u00e2nio<\/td><td>Radiologia e Diagn\u00f3stico por Imagem<\/td><td>3<\/td><\/tr><tr><td>Hospital de Cl\u00ednicas de Itajub\u00e1 \u2013 AISI<\/td><td>Cirurgia Geral<\/td><td>3<\/td><\/tr><tr><td>Hospital Fel\u00edcio Rocho<\/td><td>Infectologia<\/td><td>1<\/td><\/tr><tr><td>Irmandade de Nossa Senhora das Gra\u00e7as \u2013 Sete Lagoas<\/td><td>Pediatria<\/td><td>3<\/td><\/tr><tr><td>Universidade Federal do Triangulo Mineiro \u2013 Uberaba<\/td><td>Pediatria<\/td><td>9<\/td><\/tr><tr><td>Funda\u00e7\u00e3o Hospitalar de Montes Claros \u2013 Hospital Aroldo Tourinho<\/td><td>Ortopedia e Traumatologia<\/td><td>2<\/td><\/tr><tr><td>Complexo de Sa\u00fade S\u00e3o Jo\u00e3o de Deus<\/td><td>Pediatria<\/td><td>4<\/td><\/tr><tr><td>Hospital de Cl\u00ednicas de Itajub\u00e1 \u2013 AISI<\/td><td>Ginecologia e Obstetr\u00edcia<\/td><td>2<\/td><\/tr><tr><td>Hospital Universit\u00e1rio Alzira Velano<\/td><td>Pediatria<\/td><td>4<\/td><\/tr><tr><td>Santa Casa de Miseric\u00f3rdia de Araguari<\/td><td>Pediatria<\/td><td>4<\/td><\/tr><tr><td>Santa Casa de Miseric\u00f3rdia de S\u00e3o Sebasti\u00e3o do Para\u00edso<\/td><td>Cirurgia Geral<\/td><td>2<\/td><\/tr><tr><td>Casa de Caridade de Muria\u00e9 \u2013 Hospital S\u00e3o Paulo<\/td><td>Cl\u00ednica M\u00e9dica<\/td><td>2<\/td><\/tr><tr><td>Complexo de Sa\u00fade S\u00e3o Jo\u00e3o de Deus<\/td><td>Cl\u00ednica M\u00e9dica<\/td><td>6<\/td><\/tr><tr><td>Irmandade do Hospital da Santa Casa de Po\u00e7os de Caldas<\/td><td>Pediatria<\/td><td>4<\/td><\/tr><tr><td>Irmandade Nossa Senhora das Merc\u00eas de Montes Claros \u2013 Santa Casa<\/td><td>Ortopedia e Traumatologia<\/td><td>2<\/td><\/tr><tr><td>Secretaria Municipal de Saude de Governador Valadares<\/td><td>Ortopedia e Traumatologia<\/td><td>2<\/td><\/tr><tr><td>Hospital Municipal Jos\u00e9 Lucas Filho \u2013 Contagem<\/td><td>Cl\u00ednica M\u00e9dica<\/td><td>8<\/td><\/tr><tr><td>Hospital Marcio Cunha \u2013 Funda\u00e7\u00e3o S\u00e3o Francisco Xavier \u2013 Ipatinga<\/td><td>Cl\u00ednica M\u00e9dica<\/td><td>5<\/td><\/tr><tr><td>Irmandade do Hospital de Nossa Senhora das Dores \u2013 Ponte Nova<\/td><td>Ginecologia e Obstetr\u00edcia<\/td><td>2<\/td><\/tr><tr><td>Santa Casa de Miseric\u00f3rdia de Barbacena<\/td><td>Pediatria<\/td><td>2<\/td><\/tr><tr><td>Associa\u00e7\u00e3o Beneficente Cat\u00f3lica \/ Hospital Santa Isabel \u2013 Ub\u00e1<\/td><td>Cirurgia Geral<\/td><td>2<\/td><\/tr><tr><td>Hospital Fel\u00edcio Rocho<\/td><td>Cirurgia Vascular<\/td><td>1<\/td><\/tr><tr><td>Funda\u00e7\u00e3o Filantr\u00f3pica e Beneficente de Sa\u00fade Arnaldo Gavazza Filho \u2013 Ponte Nova<\/td><td>Cl\u00ednica M\u00e9dica<\/td><td>2<\/td><\/tr><tr><td>Secretaria Municipal de Saude de Governador Valadares<\/td><td>Pediatria<\/td><td>4<\/td><\/tr><tr><td>Hospital C\u00e9sar Leite \u2013 Manhua\u00e7u<\/td><td>Ginecologia e Obstetr\u00edcia<\/td><td>3<\/td><\/tr><tr><td>Secretaria Municipal de Saude de Governador Valadares<\/td><td>Cirurgia Geral<\/td><td>4<\/td><\/tr><tr><td>Universidade Federal do Triangulo Mineiro \u2013 Uberaba<\/td><td>Ortopedia e Traumatologia<\/td><td>5<\/td><\/tr><tr><td>Hospital Fel\u00edcio Rocho<\/td><td>Hematologia e Hemoterapia<\/td><td>1<\/td><\/tr><tr><td>Santa Casa de Miseric\u00f3rdia de Passos<\/td><td>Pediatria<\/td><td>4<\/td><\/tr><tr><td>Santa Casa de Miseric\u00f3rdia de Araguari<\/td><td>Cl\u00ednica M\u00e9dica<\/td><td>3<\/td><\/tr><tr><td>Associa\u00e7\u00e3o Mario Penna \u2013 Hospital Luxemburgo<\/td><td>Urologia<\/td><td>2<\/td><\/tr><tr><td>Hospital Marcio Cunha \u2013 Funda\u00e7\u00e3o S\u00e3o Francisco Xavier \u2013 Ipatinga<\/td><td>Ortopedia e Traumatologia<\/td><td>3<\/td><\/tr><tr><td>Universidade Federal de S\u00e3o Jo\u00e3o Del Rei<\/td><td>Cl\u00ednica M\u00e9dica<\/td><td>4<\/td><\/tr><tr><td>Funda\u00e7\u00e3o Hospitalar de Montes Claros \u2013 Hospital Aroldo Tourinho<\/td><td>Cl\u00ednica M\u00e9dica<\/td><td>4<\/td><\/tr><tr><td>Hospital de Cl\u00ednicas de Itajub\u00e1 \u2013 AISI<\/td><td>Radiologia e Diagn\u00f3stico por Imagem<\/td><td>3<\/td><\/tr><tr><td>Casa de Caridade de Muria\u00e9 \u2013 Hospital S\u00e3o Paulo<\/td><td>Ginecologia e Obstetr\u00edcia<\/td><td>4<\/td><\/tr><tr><td>Hospital Marcio Cunha \u2013 Funda\u00e7\u00e3o S\u00e3o Francisco Xavier \u2013 Ipatinga<\/td><td>Pediatria<\/td><td>4<\/td><\/tr><tr><td>Hospital Universit\u00e1rio Alzira Velano<\/td><td>Ortopedia e Traumatologia<\/td><td>2<\/td><\/tr><tr><td>Hospital Universit\u00e1rio da Universidade de Uberaba \u2013 UNIUBE (M\u00e1rio Palm\u00e9rio)<\/td><td>Ortopedia e Traumatologia<\/td><td>4<\/td><\/tr><tr><td>Santa Casa de Miseric\u00f3rdia de S\u00e3o Sebasti\u00e3o do Para\u00edso<\/td><td>Pediatria<\/td><td>2<\/td><\/tr><tr><td>Universidade Federal do Triangulo Mineiro \u2013 Uberaba<\/td><td>Cl\u00ednica M\u00e9dica<\/td><td>14<\/td><\/tr><tr><td>Santa Casa de Miseric\u00f3rdia de Passos<\/td><td>Cl\u00ednica M\u00e9dica<\/td><td>6<\/td><\/tr><tr><td>Universidade Federal de Vi\u00e7osa<\/td><td>Pediatria<\/td><td>4<\/td><\/tr><tr><td>Irmandade Nossa Senhora das Merc\u00eas de Montes Claros \u2013 Santa Casa<\/td><td>Pediatria<\/td><td>6<\/td><\/tr><tr><td>Secretaria Municipal de Saude de Governador Valadares<\/td><td>Cl\u00ednica M\u00e9dica<\/td><td>4<\/td><\/tr><tr><td>Universidade Federal dos Vales do Jequitinhonha e Mucuri<\/td><td>Ginecologia e Obstetr\u00edcia<\/td><td>2<\/td><\/tr><tr><td>Associa\u00e7\u00e3o Beneficente Cat\u00f3lica \/ Hospital Santa Isabel \u2013 Ub\u00e1<\/td><td>Ginecologia e Obstetr\u00edcia<\/td><td>2<\/td><\/tr><tr><td>Casa de Caridade de Muria\u00e9 \u2013 Hospital S\u00e3o Paulo<\/td><td>Ortopedia e Traumatologia<\/td><td>1<\/td><\/tr><tr><td>Santa Casa de Miseric\u00f3rdia de Juiz de Fora MG<\/td><td>Cirurgia Cardiovascular<\/td><td>1<\/td><\/tr><tr><td>Santa Casa de Miseric\u00f3rdia de Passos<\/td><td>Cirurgia Cardiovascular<\/td><td>1<\/td><\/tr><tr><td>Universidade Federal de Ouro Preto<\/td><td>Cl\u00ednica M\u00e9dica<\/td><td>6<\/td><\/tr><tr><td>Universidade Federal do Triangulo Mineiro \u2013 Uberaba<\/td><td>Gastroenterologia<\/td><td>1<\/td><\/tr><tr><td>Hospital das Cl\u00ednicas Samuel Lib\u00e2nio<\/td><td>Pediatria<\/td><td>6<\/td><\/tr><tr><td>Hospital Maternidade e Pronto Socorro Santa Lucia \u2013 Po\u00e7os de Caldas<\/td><td>Cl\u00ednica M\u00e9dica<\/td><td>4<\/td><\/tr><tr><td>Hospital das Cl\u00ednicas Samuel Lib\u00e2nio<\/td><td>Cl\u00ednica M\u00e9dica<\/td><td>10<\/td><\/tr><tr><td>Universidade Federal de Vi\u00e7osa<\/td><td>Cl\u00ednica M\u00e9dica<\/td><td>6<\/td><\/tr><tr><td>Hospital das Cl\u00ednicas Samuel Lib\u00e2nio<\/td><td>Cirurgia Cardiovascular<\/td><td>1<\/td><\/tr><tr><td>Hospital de Cl\u00ednicas de Itajub\u00e1 \u2013 AISI<\/td><td>Cl\u00ednica M\u00e9dica<\/td><td>5<\/td><\/tr><tr><td>Associa\u00e7\u00e3o de Assist\u00eancia Social da Santa Casa de Miseric\u00f3rdia de Arax\u00e1<\/td><td>Cl\u00ednica M\u00e9dica<\/td><td>2<\/td><\/tr><tr><td>Hospital Fel\u00edcio Rocho<\/td><td>Medicina Intensiva<\/td><td>2<\/td><\/tr><tr><td>Hospital Universit\u00e1rio Alzira Velano<\/td><td>Cl\u00ednica M\u00e9dica<\/td><td>6<\/td><\/tr><tr><td>Funda\u00e7\u00e3o Filantr\u00f3pica e Beneficente de Sa\u00fade Arnaldo Gavazza Filho \u2013 Ponte Nova<\/td><td>Cirurgia Geral<\/td><td>1<\/td><\/tr><tr><td>Hospital Fel\u00edcio Rocho<\/td><td>Urologia<\/td><td>3<\/td><\/tr><tr><td>Santa Casa de Miseric\u00f3rdia de Juiz de Fora MG<\/td><td>Endocrinologia e Metabologia<\/td><td>2<\/td><\/tr><tr><td>Associa\u00e7\u00e3o Beneficente Cat\u00f3lica \/ Hospital Santa Isabel \u2013 Ub\u00e1<\/td><td>Cl\u00ednica M\u00e9dica<\/td><td>3<\/td><\/tr><tr><td>Irmandade do Hospital da Santa Casa de Po\u00e7os de Caldas<\/td><td>Cl\u00ednica M\u00e9dica<\/td><td>6<\/td><\/tr><tr><td>Hospital Municipal Carlos Chagas \u2013 Funda\u00e7\u00e3o S\u00e3o Francisco Xavier<\/td><td>Cl\u00ednica M\u00e9dica<\/td><td>2<\/td><\/tr><tr><td>Irmandade do Hospital de Nossa Senhora das Dores \u2013 Ponte Nova<\/td><td>Cl\u00ednica M\u00e9dica<\/td><td>2<\/td><\/tr><tr><td>Associa\u00e7\u00e3o Beneficente Cat\u00f3lica \/ Hospital Santa Isabel \u2013 Ub\u00e1<\/td><td>Pediatria<\/td><td>2<\/td><\/tr><tr><td>Universidade Federal dos Vales do Jequitinhonha e Mucuri<\/td><td>Pediatria<\/td><td>2<\/td><\/tr><tr><td>Hospital das Cl\u00ednicas Samuel Lib\u00e2nio<\/td><td>Ortopedia e Traumatologia<\/td><td>3<\/td><\/tr><tr><td>Hospital Madre Teresa \u2013 BH<\/td><td>Medicina Intensiva<\/td><td>3<\/td><\/tr><tr><td>Irmandade Nossa Senhora das Merc\u00eas de Montes Claros \u2013 Santa Casa<\/td><td>Cl\u00ednica M\u00e9dica<\/td><td>6<\/td><\/tr><tr><td>Sociedade Mineira de Cultura \u2013 PUC Minas \u2013 Contagem<\/td><td>Medicina de Fam\u00edlia e Comunidade<\/td><td>6<\/td><\/tr><tr><td>Casa de Caridade de Muria\u00e9 \u2013 Hospital S\u00e3o Paulo<\/td><td>Pediatria<\/td><td>4<\/td><\/tr><tr><td>Hospital da Baleia \u2013 Funda\u00e7\u00e3o Benjamin Guimar\u00e3es<\/td><td>Radioterapia<\/td><td>1<\/td><\/tr><tr><td>Hospital e Maternidade S\u00e3o Jos\u00e9 \u2013 Conselheiro Lafaiete<\/td><td>Cirurgia Geral<\/td><td>1<\/td><\/tr><tr><td>Hospital Marcio Cunha \u2013 Funda\u00e7\u00e3o S\u00e3o Francisco Xavier \u2013 Ipatinga<\/td><td>Medicina do Trabalho<\/td><td>2<\/td><\/tr><tr><td>Hospital Mater Dei \u2013 Unidade Contorno<\/td><td>Medicina de Emerg\u00eancia<\/td><td>2<\/td><\/tr><tr><td>Santa Casa de Miseric\u00f3rdia de S\u00e3o Sebasti\u00e3o do Para\u00edso<\/td><td>Cirurgia Cardiovascular<\/td><td>1<\/td><\/tr><tr><td>Hospital C\u00e9sar Leite \u2013 Manhua\u00e7u<\/td><td>Pediatria<\/td><td>3<\/td><\/tr><tr><td>Hospital Nossa Senhora de Lourdes<\/td><td>Cl\u00ednica M\u00e9dica<\/td><td>3<\/td><\/tr><tr><td>Associa\u00e7\u00e3o Mario Penna \u2013 Hospital Luxemburgo<\/td><td>Hematologia e Hemoterapia<\/td><td>2<\/td><\/tr><tr><td>Funda\u00e7\u00e3o Deraldo Guimar\u00e3es \u2013 Almenara<\/td><td>Cirurgia Geral<\/td><td>2<\/td><\/tr><tr><td>Funda\u00e7\u00e3o Educacional de Caratinga FUNEC \/ Hospital Irm\u00e3 Denise \u2013 CASU<\/td><td>Pediatria<\/td><td>2<\/td><\/tr><tr><td>Hospital de Cl\u00ednicas de Itajub\u00e1 \u2013 AISI<\/td><td>Ortopedia e Traumatologia<\/td><td>2<\/td><\/tr><tr><td>Associa\u00e7\u00e3o Hospitalar Santa Ros\u00e1lia<\/td><td>Cirurgia Geral<\/td><td>2<\/td><\/tr><tr><td>Associa\u00e7\u00e3o Mario Penna \u2013 Hospital Luxemburgo<\/td><td>Radioterapia<\/td><td>1<\/td><\/tr><tr><td>Funda\u00e7\u00e3o Hospital Ouro Branco<\/td><td>Cl\u00ednica M\u00e9dica<\/td><td>2<\/td><\/tr><tr><td>Hospital Fel\u00edcio Rocho<\/td><td>Mastologia<\/td><td>1<\/td><\/tr><tr><td>Hospital Mater Dei \u2013 Unidade Santo Agostinho<\/td><td>Radioterapia<\/td><td>1<\/td><\/tr><tr><td>Hospital C\u00e9sar Leite \u2013 Manhua\u00e7u<\/td><td>Cl\u00ednica M\u00e9dica<\/td><td>3<\/td><\/tr><tr><td>Hospital Madre Teresa \u2013 BH<\/td><td>Cardiologia<\/td><td>6<\/td><\/tr><tr><td>Hospital Mater Dei \u2013 Unidade Santo Agostinho<\/td><td>Cardiologia<\/td><td>5<\/td><\/tr><tr><td>Associa\u00e7\u00e3o Evang\u00e9lica Beneficente de Minas Gerais\/Hospital Evang\u00e9lico de Belo Horizonte<\/td><td>Cardiologia<\/td><td>2<\/td><\/tr><tr><td>Santa Casa de Miseric\u00f3rdia de S\u00e3o Sebasti\u00e3o do Para\u00edso<\/td><td>Ortopedia e Traumatologia<\/td><td>2<\/td><\/tr><tr><td>Universidade Federal do Triangulo Mineiro \u2013 Uberaba<\/td><td>Patologia<\/td><td>2<\/td><\/tr><tr><td>Universidade Federal do Triangulo Mineiro \u2013 Uberaba<\/td><td>Endocrinologia e Metabologia<\/td><td>3<\/td><\/tr><tr><td>Hospital Mater Dei \u2013 Unidade Santo Agostinho<\/td><td>Medicina Intensiva<\/td><td>5<\/td><\/tr><tr><td>Hospital Fel\u00edcio Rocho<\/td><td>Coloproctologia<\/td><td>2<\/td><\/tr><tr><td>Universidade Federal do Triangulo Mineiro \u2013 Uberaba<\/td><td>Coloproctologia<\/td><td>1<\/td><\/tr><tr><td>Universidade Federal dos Vales do Jequitinhonha e Mucuri<\/td><td>Ortopedia e Traumatologia<\/td><td>2<\/td><\/tr><tr><td>Hospital Mater Dei \u2013 Unidade Santo Agostinho<\/td><td>Geriatria<\/td><td>4<\/td><\/tr><tr><td>Hospital e Maternidade Santa Rita<\/td><td>Cl\u00ednica M\u00e9dica<\/td><td>7<\/td><\/tr><tr><td>Santa Casa de Miseric\u00f3rdia de S\u00e3o Sebasti\u00e3o do Para\u00edso<\/td><td>Cl\u00ednica M\u00e9dica<\/td><td>6<\/td><\/tr><tr><td>Funda\u00e7\u00e3o Cristiano Varella \u2013 Hospital do C\u00e2ncer de Muria\u00e9<\/td><td>Radioterapia<\/td><td>1<\/td><\/tr><tr><td>Hospital das Cl\u00ednicas Samuel Lib\u00e2nio<\/td><td>Coloproctologia<\/td><td>1<\/td><\/tr><tr><td>Associa\u00e7\u00e3o Evang\u00e9lica Beneficente de Minas Gerais\/Hospital Evang\u00e9lico de Belo Horizonte<\/td><td>Nefrologia<\/td><td>3<\/td><\/tr><tr><td>Associa\u00e7\u00e3o Mario Penna \u2013 Hospital Luxemburgo<\/td><td>Medicina Intensiva<\/td><td>5<\/td><\/tr><tr><td>Casa de Caridade de Carangola<\/td><td>Cl\u00ednica M\u00e9dica<\/td><td>2<\/td><\/tr><tr><td>Instituto Materno Infantil de Minas Gerais \u2013 Hospital Vila da Serra<\/td><td>Medicina Intensiva<\/td><td>2<\/td><\/tr><tr><td>Universidade Federal do Triangulo Mineiro \u2013 Uberaba<\/td><td>Medicina Intensiva<\/td><td>2<\/td><\/tr><tr><td>Funda\u00e7\u00e3o Educacional de Caratinga FUNEC \/ Hospital Irm\u00e3 Denise \u2013 CASU<\/td><td>Cl\u00ednica M\u00e9dica<\/td><td>4<\/td><\/tr><tr><td>Universidade Federal dos Vales do Jequitinhonha e Mucuri<\/td><td>Cl\u00ednica M\u00e9dica<\/td><td>6<\/td><\/tr><tr><td>Hospital Metropolitano Doutor C\u00e9lio de Castro<\/td><td>Medicina Intensiva<\/td><td>4<\/td><\/tr><tr><td>Hospital Universit\u00e1rio da Universidade de Uberaba \u2013 UNIUBE (M\u00e1rio Palm\u00e9rio)<\/td><td>Medicina Intensiva<\/td><td>2<\/td><\/tr><tr><td>Complexo Hospitalar Uberl\u00e2ndia S.A<\/td><td>Medicina Intensiva<\/td><td>4<\/td><\/tr><tr><td>Sociedade Mineira de Cultura \u2013 PUC Minas \u2013 Po\u00e7os de Caldas<\/td><td>Medicina de Fam\u00edlia e Comunidade<\/td><td>6<\/td><\/tr><tr><td>Hospital Fel\u00edcio Rocho<\/td><td>Oncologia Cl\u00ednica<\/td><td>2<\/td><\/tr><tr><td>Hospital Marcio Cunha \u2013 Funda\u00e7\u00e3o S\u00e3o Francisco Xavier \u2013 Ipatinga<\/td><td>Cardiologia<\/td><td>2<\/td><\/tr><tr><td>Hospital Nossa Senhora Auxiliadora<\/td><td>Ginecologia e Obstetr\u00edcia<\/td><td>2<\/td><\/tr><tr><td>Universidade Federal de S\u00e3o Jo\u00e3o Del Rei<\/td><td>Medicina de Fam\u00edlia e Comunidade<\/td><td>3<\/td><\/tr><tr><td>Funda\u00e7\u00e3o de Desenvolvimento da Pesquisa \u2013 Hospital Risoleta Tolentino Neves<\/td><td>Medicina Intensiva<\/td><td>2<\/td><\/tr><tr><td>Hospital das Cl\u00ednicas Samuel Lib\u00e2nio<\/td><td>Urologia<\/td><td>1<\/td><\/tr><tr><td>Hospital Mater Dei \u2013 Unidade Santo Agostinho<\/td><td>Mastologia<\/td><td>1<\/td><\/tr><tr><td>Hospital Mater Dei \u2013 Unidade Santo Agostinho<\/td><td>Reprodu\u00e7\u00e3o Humana\/Assistida<\/td><td>1<\/td><\/tr><tr><td>Santa Casa de Miseric\u00f3rdia de Juiz de Fora MG<\/td><td>Cardiologia<\/td><td>2<\/td><\/tr><tr><td>Universidade Federal de Vi\u00e7osa<\/td><td>Medicina de Fam\u00edlia e Comunidade<\/td><td>2<\/td><\/tr><tr><td>Universidade Federal do Triangulo Mineiro \u2013 Uberaba<\/td><td>Infectologia<\/td><td>2<\/td><\/tr><tr><td>Hospital Fel\u00edcio Rocho<\/td><td>Cardiologia<\/td><td>10<\/td><\/tr><tr><td>Universidade Federal de Ouro Preto<\/td><td>Medicina de Fam\u00edlia e Comunidade<\/td><td>10<\/td><\/tr><tr><td>Hospital da Baleia \u2013 Funda\u00e7\u00e3o Benjamin Guimar\u00e3es<\/td><td>Oncologia Cl\u00ednica<\/td><td>2<\/td><\/tr><tr><td>Associa\u00e7\u00e3o Hospitalar Santa Ros\u00e1lia<\/td><td>Cl\u00ednica M\u00e9dica<\/td><td>4<\/td><\/tr><tr><td>Hospital Fel\u00edcio Rocho<\/td><td>Nefrologia<\/td><td>4<\/td><\/tr><tr><td>Associa\u00e7\u00e3o Evang\u00e9lica Beneficente de Minas Gerais\/Hospital Evang\u00e9lico de Belo Horizonte<\/td><td>Medicina Intensiva<\/td><td>1<\/td><\/tr><tr><td>Funda\u00e7\u00e3o Deraldo Guimar\u00e3es \u2013 Almenara<\/td><td>Cl\u00ednica M\u00e9dica<\/td><td>2<\/td><\/tr><tr><td>Hospital da Baleia \u2013 Funda\u00e7\u00e3o Benjamin Guimar\u00e3es<\/td><td>Mastologia<\/td><td>1<\/td><\/tr><tr><td>Hospital das Cl\u00ednicas Samuel Lib\u00e2nio<\/td><td>Cirurgia Vascular<\/td><td>1<\/td><\/tr><tr><td>Hospital de Cl\u00ednicas de Itajub\u00e1 \u2013 AISI<\/td><td>Cirurgia Vascular<\/td><td>1<\/td><\/tr><tr><td>Hospital Fel\u00edcio Rocho<\/td><td>Medicina Paliativa<\/td><td>1<\/td><\/tr><tr><td>Hospital Lifecenter Sistema de Sa\u00fade S\/A<\/td><td>Cirurgia da M\u00e3o<\/td><td>1<\/td><\/tr><tr><td>Hospital Mater Dei \u2013 Unidade Santo Agostinho<\/td><td>ENDOSCOPIA GINECOLOGICA<\/td><td>1<\/td><\/tr><tr><td>Hospital P\u00fablico Regional de Betim<\/td><td>Cirurgia Vascular<\/td><td>2<\/td><\/tr><tr><td>Santa Casa de Miseric\u00f3rdia de S\u00e3o Sebasti\u00e3o do Para\u00edso<\/td><td>Cirurgia Vascular<\/td><td>1<\/td><\/tr><tr><td>Hospital das Cl\u00ednicas Samuel Lib\u00e2nio<\/td><td>Cardiologia<\/td><td>3<\/td><\/tr><tr><td>Instituto \u00c2nima<\/td><td>Cl\u00ednica M\u00e9dica<\/td><td>3<\/td><\/tr><tr><td>Associa\u00e7\u00e3o Mario Penna \u2013 Hospital Luxemburgo<\/td><td>Mastologia<\/td><td>2<\/td><\/tr><tr><td>Hospital Mater Dei \u2013 Unidade Santo Agostinho<\/td><td>Oncologia Cl\u00ednica<\/td><td>2<\/td><\/tr><tr><td>Associa\u00e7\u00e3o Mario Penna \u2013 Hospital Luxemburgo<\/td><td>Cirurgia Oncol\u00f3gica<\/td><td>2<\/td><\/tr><tr><td>Casa de Caridade de Carangola<\/td><td>Medicina Intensiva<\/td><td>1<\/td><\/tr><tr><td>Funda\u00e7\u00e3o Filantr\u00f3pica e Beneficente de Sa\u00fade Arnaldo Gavazza Filho \u2013 Ponte Nova<\/td><td>Medicina Intensiva<\/td><td>2<\/td><\/tr><tr><td>Hospital da Baleia \u2013 Funda\u00e7\u00e3o Benjamin Guimar\u00e3es<\/td><td>Oncologia Pedi\u00e1trica<\/td><td>1<\/td><\/tr><tr><td>Hospital Lifecenter Sistema de Sa\u00fade S\/A<\/td><td>Medicina Intensiva<\/td><td>3<\/td><\/tr><tr><td>Instituto Materno Infantil de Minas Gerais \u2013 Hospital Vila da Serra<\/td><td>Oncologia Cl\u00ednica<\/td><td>2<\/td><\/tr><tr><td>Santa Casa de Miseric\u00f3rdia de Passos<\/td><td>Radioterapia<\/td><td>1<\/td><\/tr><tr><td>Universidade Federal do Triangulo Mineiro \u2013 Uberaba<\/td><td>Hematologia e Hemoterapia<\/td><td>2<\/td><\/tr><tr><td>Funda\u00e7\u00e3o Cristiano Varella \u2013 Hospital do C\u00e2ncer de Muria\u00e9<\/td><td>Cirurgia Oncol\u00f3gica<\/td><td>2<\/td><\/tr><tr><td>Hospital Bom Samaritano \u2013 Governador Valadares<\/td><td>Cardiologia<\/td><td>2<\/td><\/tr><tr><td>Hospital das Cl\u00ednicas Samuel Lib\u00e2nio<\/td><td>Medicina Intensiva<\/td><td>2<\/td><\/tr><tr><td>Hospital Universit\u00e1rio da Universidade de Uberaba \u2013 UNIUBE (M\u00e1rio Palm\u00e9rio)<\/td><td>Medicina de Fam\u00edlia e Comunidade<\/td><td>2<\/td><\/tr><tr><td>Irmandade de Nossa Senhora das Gra\u00e7as \u2013 Sete Lagoas<\/td><td>Medicina Intensiva<\/td><td>2<\/td><\/tr><tr><td>Santa Casa de Miseric\u00f3rdia de Passos<\/td><td>Cardiologia<\/td><td>2<\/td><\/tr><tr><td>Universidade Federal do Triangulo Mineiro \u2013 Uberaba<\/td><td>Cardiologia<\/td><td>2<\/td><\/tr><tr><td>Universidade Federal do Triangulo Mineiro \u2013 Uberaba<\/td><td>Urologia<\/td><td>2<\/td><\/tr><tr><td>Complexo de Sa\u00fade S\u00e3o Jo\u00e3o de Deus<\/td><td>Medicina Intensiva<\/td><td>3<\/td><\/tr><tr><td>Funda\u00e7\u00e3o Educacional de Patos de Minas<\/td><td>Medicina de Fam\u00edlia e Comunidade<\/td><td>10<\/td><\/tr><tr><td>Associa\u00e7\u00e3o Mario Penna \u2013 Hospital Luxemburgo<\/td><td>Oncologia Cl\u00ednica<\/td><td>4<\/td><\/tr><tr><td>Santa Casa de Miseric\u00f3rdia Nossa Senhora do Patroc\u00ednio<\/td><td>Cl\u00ednica M\u00e9dica<\/td><td>5<\/td><\/tr><tr><td>Casa de Caridade de Carangola<\/td><td>Cardiologia<\/td><td>1<\/td><\/tr><tr><td>Hospital Marcio Cunha \u2013 Funda\u00e7\u00e3o S\u00e3o Francisco Xavier \u2013 Ipatinga<\/td><td>Medicina Intensiva<\/td><td>3<\/td><\/tr><tr><td>Hospital Mater Dei \u2013 Unidade Santo Agostinho<\/td><td>Medicina Fetal<\/td><td>1<\/td><\/tr><tr><td>Hospital Mater Dei \u2013 Unidade Santo Agostinho<\/td><td>Ultrassonografia em Ginecologia e Obstetr\u00edcia<\/td><td>3<\/td><\/tr><tr><td>Irmandade de Nossa Senhora das Gra\u00e7as \u2013 Sete Lagoas<\/td><td>Cardiologia<\/td><td>2<\/td><\/tr><tr><td>Irmandade do Hospital de Nossa Senhora das Dores \u2013 Ponte Nova<\/td><td>Pediatria<\/td><td>4<\/td><\/tr><tr><td>Irmandade do Hospital de Nossa Senhora das Dores \u2013 Ponte Nova<\/td><td>Urologia<\/td><td>1<\/td><\/tr><tr><td>Neocenter SA<\/td><td>NEONATOLOGIA<\/td><td>1<\/td><\/tr><tr><td>Universidade Federal do Triangulo Mineiro \u2013 Uberaba<\/td><td>Mastologia<\/td><td>1<\/td><\/tr><tr><td>Universidade Federal do Triangulo Mineiro \u2013 Uberaba<\/td><td>Medicina de Fam\u00edlia e Comunidade<\/td><td>4<\/td><\/tr><tr><td>Universidade Federal do Triangulo Mineiro \u2013 Uberaba<\/td><td>Medicina Fetal<\/td><td>2<\/td><\/tr><tr><td>Hospital Bom Samaritano \u2013 Governador Valadares<\/td><td>Medicina Intensiva<\/td><td>4<\/td><\/tr><tr><td>Hospital Marcio Cunha \u2013 Funda\u00e7\u00e3o S\u00e3o Francisco Xavier \u2013 Ipatinga<\/td><td>Radioterapia<\/td><td>2<\/td><\/tr><tr><td>Hospital Mater Dei Santa Genoveva<\/td><td>Medicina Intensiva<\/td><td>2<\/td><\/tr><tr><td>Hospital Universit\u00e1rio Alzira Velano<\/td><td>Medicina Intensiva<\/td><td>2<\/td><\/tr><tr><td>Irmandade Nossa Senhora das Merc\u00eas de Montes Claros \u2013 Santa Casa<\/td><td>Medicina Intensiva<\/td><td>2<\/td><\/tr><tr><td>Santa Casa de Miseric\u00f3rdia de Juiz de Fora MG<\/td><td>Nefrologia<\/td><td>2<\/td><\/tr><tr><td>Associa\u00e7\u00e3o de Combate ao C\u00e2ncer do Brasil Central \u2013 Hospital H\u00e9lio Angotti<\/td><td>Mastologia<\/td><td>1<\/td><\/tr><tr><td>Associa\u00e7\u00e3o Mario Penna \u2013 Hospital Luxemburgo<\/td><td>Cirurgia de Cabe\u00e7a e Pesco\u00e7o<\/td><td>1<\/td><\/tr><tr><td>Complexo de Sa\u00fade S\u00e3o Jo\u00e3o de Deus<\/td><td>Cardiologia<\/td><td>1<\/td><\/tr><tr><td>Complexo de Sa\u00fade S\u00e3o Jo\u00e3o de Deus<\/td><td>Medicina de Emerg\u00eancia<\/td><td>2<\/td><\/tr><tr><td>Hospital das Cl\u00ednicas Samuel Lib\u00e2nio<\/td><td>Mastologia<\/td><td>1<\/td><\/tr><tr><td>Hospital das Cl\u00ednicas Samuel Lib\u00e2nio<\/td><td>Oncologia Cl\u00ednica<\/td><td>1<\/td><\/tr><tr><td>Hospital de Cl\u00ednicas de Itajub\u00e1 \u2013 AISI<\/td><td>Cardiologia<\/td><td>1<\/td><\/tr><tr><td>Hospital de Cl\u00ednicas de Itajub\u00e1 \u2013 AISI<\/td><td>Medicina Intensiva<\/td><td>1<\/td><\/tr><tr><td>Irmandade do Hospital da Santa Casa de Po\u00e7os de Caldas<\/td><td>Medicina Intensiva<\/td><td>2<\/td><\/tr><tr><td>Santa Casa de Miseric\u00f3rdia de Passos<\/td><td>Medicina de Emerg\u00eancia<\/td><td>2<\/td><\/tr><tr><td>Santa Casa de Miseric\u00f3rdia de S\u00e3o Sebasti\u00e3o do Para\u00edso<\/td><td>Urologia<\/td><td>1<\/td><\/tr><tr><td>Universidade Federal do Triangulo Mineiro \u2013 Uberaba<\/td><td>ENDOCRINOLOGIA PEDI\u00c1TRICA<\/td><td>1<\/td><\/tr><tr><td>Universidade Federal do Triangulo Mineiro \u2013 Uberaba<\/td><td>Nefrologia<\/td><td>2<\/td><\/tr><tr><td>Funda\u00e7\u00e3o de Desenvolvimento da Pesquisa \u2013 Hospital Risoleta Tolentino Neves<\/td><td>Medicina Paliativa<\/td><td>3<\/td><\/tr><tr><td>Centro Barbacenense de Assist\u00eancia M\u00e9dica e Social \u2013 Hospital Ibiapaba<\/td><td>Cirurgia Oncol\u00f3gica<\/td><td>2<\/td><\/tr><tr><td>Centro Barbacenense de Assist\u00eancia M\u00e9dica e Social \u2013 Hospital Ibiapaba<\/td><td>Medicina Intensiva<\/td><td>2<\/td><\/tr><tr><td>Funda\u00e7\u00e3o Cristiano Varella \u2013 Hospital do C\u00e2ncer de Muria\u00e9<\/td><td>Oncologia Cl\u00ednica<\/td><td>2<\/td><\/tr><tr><td>Hospital Marcio Cunha \u2013 Funda\u00e7\u00e3o S\u00e3o Francisco Xavier \u2013 Ipatinga<\/td><td>Medicina de Emerg\u00eancia<\/td><td>2<\/td><\/tr><tr><td>Hospital Maternidade e Pronto Socorro Santa Lucia \u2013 Po\u00e7os de Caldas<\/td><td>Medicina Intensiva<\/td><td>2<\/td><\/tr><tr><td>Universidade Federal do Triangulo Mineiro \u2013 Uberaba<\/td><td>Cirurgia do Aparelho Digestivo<\/td><td>2<\/td><\/tr><tr><td>Universidade Federal do Triangulo Mineiro \u2013 Uberaba<\/td><td>Reumatologia<\/td><td>2<\/td><\/tr><tr><td>Secretaria Municipal de Saude de Governador Valadares<\/td><td>Medicina de Fam\u00edlia e Comunidade<\/td><td>16<\/td><\/tr><tr><td>Associa\u00e7\u00e3o de Combate ao C\u00e2ncer do Brasil Central \u2013 Hospital H\u00e9lio Angotti<\/td><td>Cirurgia Oncol\u00f3gica<\/td><td>1<\/td><\/tr><tr><td>Centro Barbacenense de Assist\u00eancia M\u00e9dica e Social \u2013 Hospital Ibiapaba<\/td><td>Cardiologia<\/td><td>2<\/td><\/tr><tr><td>Hospital Bom Samaritano \u2013 Governador Valadares<\/td><td>Nefrologia<\/td><td>2<\/td><\/tr><tr><td>Hospital de Cl\u00ednicas de Itajub\u00e1 \u2013 AISI<\/td><td>Medicina de Fam\u00edlia e Comunidade<\/td><td>1<\/td><\/tr><tr><td>Instituto Materno Infantil de Minas Gerais \u2013 Hospital Vila da Serra<\/td><td>MEDICINA INTENSIVA PEDIATRICA<\/td><td>2<\/td><\/tr><tr><td>Irmandade de Nossa Senhora das Gra\u00e7as \u2013 Sete Lagoas<\/td><td>Nefrologia<\/td><td>2<\/td><\/tr><tr><td>Santa Casa de Miseric\u00f3rdia de Passos<\/td><td>Cardiologia Pedi\u00e1trica<\/td><td>1<\/td><\/tr><tr><td>Santa Casa de Miseric\u00f3rdia de Passos<\/td><td>Cirurgia Oncol\u00f3gica<\/td><td>1<\/td><\/tr><tr><td>Santa Casa de Miseric\u00f3rdia de Passos<\/td><td>Oncologia Cl\u00ednica<\/td><td>2<\/td><\/tr><tr><td>Hospital das Cl\u00ednicas Samuel Lib\u00e2nio<\/td><td>Medicina de Fam\u00edlia e Comunidade<\/td><td>5<\/td><\/tr><tr><td>Hospital Marcio Cunha \u2013 Funda\u00e7\u00e3o S\u00e3o Francisco Xavier \u2013 Ipatinga<\/td><td>Medicina de Fam\u00edlia e Comunidade<\/td><td>5<\/td><\/tr><tr><td>Instituto \u00c2nima<\/td><td>Medicina de Fam\u00edlia e Comunidade<\/td><td>10<\/td><\/tr><tr><td>Hospital Municipal Carlos Chagas \u2013 Funda\u00e7\u00e3o S\u00e3o Francisco Xavier<\/td><td>Medicina Intensiva<\/td><td>2<\/td><\/tr><tr><td>Hospital Universit\u00e1rio Alzira Velano<\/td><td>Medicina de Fam\u00edlia e Comunidade<\/td><td>2<\/td><\/tr><tr><td>Irmandade Nossa Senhora das Merc\u00eas de Montes Claros \u2013 Santa Casa<\/td><td>Cardiologia<\/td><td>2<\/td><\/tr><tr><td>Neocenter SA<\/td><td>MEDICINA INTENSIVA PEDIATRICA<\/td><td>2<\/td><\/tr><tr><td>Secretaria Municipal de Saude de Governador Valadares<\/td><td>MEDICINA INTENSIVA PEDIATRICA<\/td><td>2<\/td><\/tr><tr><td>Irmandade Nossa Senhora das Merc\u00eas de Montes Claros \u2013 Santa Casa<\/td><td>Medicina de Emerg\u00eancia<\/td><td>6<\/td><\/tr><tr><td>Hospital P\u00fablico Regional de Betim<\/td><td>Homeopatia<\/td><td>4<\/td><\/tr><tr><td>Casa de Caridade de Muria\u00e9 \u2013 Hospital S\u00e3o Paulo<\/td><td>NEONATOLOGIA<\/td><td>1<\/td><\/tr><tr><td>Complexo de Sa\u00fade S\u00e3o Jo\u00e3o de Deus<\/td><td>Nefrologia<\/td><td>2<\/td><\/tr><tr><td>Hospital Bom Samaritano \u2013 Governador Valadares<\/td><td>Medicina Paliativa<\/td><td>2<\/td><\/tr><tr><td>Hospital de Cl\u00ednicas de Itajub\u00e1 \u2013 AISI<\/td><td>Nefrologia<\/td><td>1<\/td><\/tr><tr><td>Hospital Marcio Cunha \u2013 Funda\u00e7\u00e3o S\u00e3o Francisco Xavier \u2013 Ipatinga<\/td><td>NEONATOLOGIA<\/td><td>2<\/td><\/tr><tr><td>Hospital Marcio Cunha \u2013 Funda\u00e7\u00e3o S\u00e3o Francisco Xavier \u2013 Ipatinga<\/td><td>Oncologia Cl\u00ednica<\/td><td>2<\/td><\/tr><tr><td>Hospital Universit\u00e1rio Alzira Velano<\/td><td>Nefrologia<\/td><td>1<\/td><\/tr><tr><td>Universidade Federal do Triangulo Mineiro \u2013 Uberaba<\/td><td>NEONATOLOGIA<\/td><td>1<\/td><\/tr><tr><td>Funda\u00e7\u00e3o de Desenvolvimento da Pesquisa \u2013 Hospital Risoleta Tolentino Neves<\/td><td>Cirurgia do Trauma<\/td><td>8<\/td><\/tr><tr><td>Hospital Sofia Feldman<\/td><td>NEONATOLOGIA<\/td><td>5<\/td><\/tr><tr><td>Complexo de Sa\u00fade S\u00e3o Jo\u00e3o de Deus<\/td><td>NEONATOLOGIA<\/td><td>2<\/td><\/tr><tr><td>Irmandade Nossa Senhora das Merc\u00eas de Montes Claros \u2013 Santa Casa<\/td><td>Nefrologia<\/td><td>2<\/td><\/tr><tr><td>Santa Casa de Miseric\u00f3rdia de Juiz de Fora MG<\/td><td>NEONATOLOGIA<\/td><td>2<\/td><\/tr><tr><td>Santa Casa de Miseric\u00f3rdia de Passos<\/td><td>MEDICINA INTENSIVA PEDIATRICA<\/td><td>2<\/td><\/tr><tr><td>Secretaria Municipal de Saude de Governador Valadares<\/td><td>NEONATOLOGIA<\/td><td>2<\/td><\/tr><tr><td>Associa\u00e7\u00e3o de Combate ao C\u00e2ncer do Brasil Central \u2013 Hospital H\u00e9lio Angotti<\/td><td>Oncologia Cl\u00ednica<\/td><td>2<\/td><\/tr><tr><td>Complexo de Sa\u00fade S\u00e3o Jo\u00e3o de Deus<\/td><td>Oncologia Cl\u00ednica<\/td><td>2<\/td><\/tr><tr><td>Funda\u00e7\u00e3o Educacional de Caratinga FUNEC \/ Hospital Irm\u00e3 Denise \u2013 CASU<\/td><td>Medicina de Fam\u00edlia e Comunidade<\/td><td>2<\/td><\/tr><tr><td>Hospital Bom Samaritano \u2013 Governador Valadares<\/td><td>Oncologia Cl\u00ednica<\/td><td>2<\/td><\/tr><tr><td>Hospital Metropolitano Doutor C\u00e9lio de Castro<\/td><td>Infectologia Hospitalar<\/td><td>1<\/td><\/tr><tr><td>Santa Casa de Miseric\u00f3rdia de S\u00e3o Sebasti\u00e3o do Para\u00edso<\/td><td>Medicina Paliativa<\/td><td>2<\/td><\/tr><tr><td>Universidade Federal do Triangulo Mineiro \u2013 Uberaba<\/td><td>Emerg\u00eancia Pedi\u00e1trica<\/td><td>3<\/td><\/tr><tr><td>Universidade Federal do Triangulo Mineiro \u2013 Uberaba<\/td><td>HEMATOLOGIA E HEMOTERAPIA PEDIATRICA<\/td><td>1<\/td><\/tr><tr><td>Universidade Federal do Triangulo Mineiro \u2013 Uberaba<\/td><td>MEDICINA INTENSIVA PEDIATRICA<\/td><td>3<\/td><\/tr><tr><td>Hospital e Maternidade Santa Rita<\/td><td>Neurocirurgia<\/td><td>0<\/td><\/tr><tr><td>Santa Casa de Miseric\u00f3rdia de Araguari<\/td><td>Medicina de Fam\u00edlia e Comunidade<\/td><td>0<\/td><\/tr><\/tbody><\/table><\/figure>\n\n\n\n<h3 class=\"wp-block-heading\" id=\"h-psu-go\"><span class=\"ez-toc-section\" id=\"PSU-GO\"><\/span><strong>PSU-GO<\/strong><span class=\"ez-toc-section-end\"><\/span><\/h3>\n\n\n\n<figure class=\"wp-block-table\"><table class=\"has-fixed-layout\"><tbody><tr><td><strong>Institui\u00e7\u00e3o<\/strong><\/td><td><strong>Especialidades<\/strong><\/td><td><strong>Vagas<\/strong><\/td><\/tr><tr><td>\u00c2nima Centro Hospitalar<\/td><td>Medicina Intensiva<\/td><td>2<\/td><\/tr><tr><td>Centro Universit\u00e1rio de Mineiros (UNIFIMES)<\/td><td>Ginecologia e Obstetr\u00edcia<\/td><td>2<\/td><\/tr><tr><td>CHS APRENDIZAGEM \u2013 Hospital Municipal Alfredo Abrah\u00e3o<\/td><td>Anestesiologia<\/td><td>2<\/td><\/tr><tr><td>CHS APRENDIZAGEM \u2013 Hospital Municipal Alfredo Abrah\u00e3o<\/td><td>Cirurgia Geral<\/td><td>2<\/td><\/tr><tr><td>CHS APRENDIZAGEM \u2013 Hospital Municipal Alfredo Abrah\u00e3o<\/td><td>Cl\u00ednica M\u00e9dica<\/td><td>2<\/td><\/tr><tr><td>CHS APRENDIZAGEM \u2013 Hospital Municipal Alfredo Abrah\u00e3o<\/td><td>Ginecologia e Obstetr\u00edcia<\/td><td>2<\/td><\/tr><tr><td>CHS APRENDIZAGEM \u2013 Hospital Municipal Alfredo Abrah\u00e3o<\/td><td>Medicina Intensiva<\/td><td>2<\/td><\/tr><tr><td>Faculdade Zarns de Itumbiara-GO<\/td><td>Cl\u00ednica M\u00e9dica<\/td><td>3<\/td><\/tr><tr><td>Faculdade Zarns de Itumbiara-GO<\/td><td>Medicina de Fam\u00edlia e Comunidade<\/td><td>3<\/td><\/tr><tr><td>Hospital das Cl\u00ednicas da UFG<\/td><td>Anestesiologia<\/td><td>4<\/td><\/tr><tr><td>Hospital das Cl\u00ednicas da UFG<\/td><td>Cardiologia<\/td><td>2<\/td><\/tr><tr><td>Hospital das Cl\u00ednicas da UFG<\/td><td>Cirurgia da M\u00e3o<\/td><td>1<\/td><\/tr><tr><td>Hospital das Cl\u00ednicas da UFG<\/td><td>Cirurgia do Aparelho Digestivo<\/td><td>2<\/td><\/tr><tr><td>Hospital das Cl\u00ednicas da UFG<\/td><td>Cirurgia Geral<\/td><td>2<\/td><\/tr><tr><td>Hospital das Cl\u00ednicas da UFG<\/td><td>Cirurgia Pl\u00e1stica<\/td><td>1<\/td><\/tr><tr><td>Hospital das Cl\u00ednicas da UFG<\/td><td>Cirurgia Vascular<\/td><td>2<\/td><\/tr><tr><td>Hospital das Cl\u00ednicas da UFG<\/td><td>Cl\u00ednica M\u00e9dica<\/td><td>12<\/td><\/tr><tr><td>Hospital das Cl\u00ednicas da UFG<\/td><td>Coloproctologia<\/td><td>2<\/td><\/tr><tr><td>Hospital das Cl\u00ednicas da UFG<\/td><td>Dermatologia<\/td><td>4<\/td><\/tr><tr><td>Hospital das Cl\u00ednicas da UFG<\/td><td>Endocrinologia e Metabologia<\/td><td>2<\/td><\/tr><tr><td>Hospital das Cl\u00ednicas da UFG<\/td><td>Gastroenterologia<\/td><td>2<\/td><\/tr><tr><td>Hospital das Cl\u00ednicas da UFG<\/td><td>Ginecologia e Obstetr\u00edcia<\/td><td>6<\/td><\/tr><tr><td>Hospital das Cl\u00ednicas da UFG<\/td><td>Hematologia e Hemoterapia<\/td><td>2<\/td><\/tr><tr><td>Hospital das Cl\u00ednicas da UFG<\/td><td>Infectologia<\/td><td>2<\/td><\/tr><tr><td>Hospital das Cl\u00ednicas da UFG<\/td><td>Mastologia<\/td><td>2<\/td><\/tr><tr><td>Hospital das Cl\u00ednicas da UFG<\/td><td>Medicina do Adolescente<\/td><td>0<\/td><\/tr><tr><td>Hospital das Cl\u00ednicas da UFG<\/td><td>Medicina Intensiva<\/td><td>3<\/td><\/tr><tr><td>Hospital das Cl\u00ednicas da UFG<\/td><td>Nefrologia<\/td><td>3<\/td><\/tr><tr><td>Hospital das Cl\u00ednicas da UFG<\/td><td>Nefrologia Pedi\u00e1trica<\/td><td>1<\/td><\/tr><tr><td>Hospital das Cl\u00ednicas da UFG<\/td><td>Neonatologia<\/td><td>2<\/td><\/tr><tr><td>Hospital das Cl\u00ednicas da UFG<\/td><td>Neurocirurgia<\/td><td>2<\/td><\/tr><tr><td>Hospital das Cl\u00ednicas da UFG<\/td><td>Neurologia<\/td><td>2<\/td><\/tr><tr><td>Hospital das Cl\u00ednicas da UFG<\/td><td>Oftalmologia<\/td><td>6<\/td><\/tr><tr><td>Hospital das Cl\u00ednicas da UFG<\/td><td>Oncologia Cl\u00ednica<\/td><td>1<\/td><\/tr><tr><td>Hospital das Cl\u00ednicas da UFG<\/td><td>Ortopedia e Traumatologia<\/td><td>4<\/td><\/tr><tr><td>Hospital das Cl\u00ednicas da UFG<\/td><td>Otorrinolaringologia<\/td><td>2<\/td><\/tr><tr><td>Hospital das Cl\u00ednicas da UFG<\/td><td>Patologia<\/td><td>2<\/td><\/tr><tr><td>Hospital das Cl\u00ednicas da UFG<\/td><td>Pediatria<\/td><td>9<\/td><\/tr><tr><td>Hospital das Cl\u00ednicas da UFG<\/td><td>Pneumologia<\/td><td>2<\/td><\/tr><tr><td>Hospital das Cl\u00ednicas da UFG<\/td><td>Pneumologia Pedi\u00e1trica<\/td><td>2<\/td><\/tr><tr><td>Hospital das Cl\u00ednicas da UFG<\/td><td>Psiquiatria<\/td><td>2<\/td><\/tr><tr><td>Hospital das Cl\u00ednicas da UFG<\/td><td>R4 Opcional em Neurologia<\/td><td>2<\/td><\/tr><tr><td>Hospital das Cl\u00ednicas da UFG<\/td><td>Radiologia e Diagn\u00f3stico por Imagem<\/td><td>4<\/td><\/tr><tr><td>Hospital das Cl\u00ednicas da UFG<\/td><td>Reprodu\u00e7\u00e3o Humana\/Assistida<\/td><td>2<\/td><\/tr><tr><td>Hospital das Cl\u00ednicas da UFG<\/td><td>Reumatologia<\/td><td>2<\/td><\/tr><tr><td>Hospital das Cl\u00ednicas da UFG<\/td><td>Ultrassonografia em Ginecologia e Obstetr\u00edcia<\/td><td>2<\/td><\/tr><tr><td>Hospital das Cl\u00ednicas da UFG<\/td><td>Urologia<\/td><td>1<\/td><\/tr><tr><td>Hospital de C\u00e2ncer Ara\u00fajo Jorge<\/td><td>Cirurgia de Cabe\u00e7a e Pesco\u00e7o<\/td><td>1<\/td><\/tr><tr><td>Hospital de C\u00e2ncer Ara\u00fajo Jorge<\/td><td>Cirurgia Oncol\u00f3gica<\/td><td>4<\/td><\/tr><tr><td>Hospital de C\u00e2ncer Ara\u00fajo Jorge<\/td><td>Oncologia Cl\u00ednica<\/td><td>2<\/td><\/tr><tr><td>Hospital de C\u00e2ncer Ara\u00fajo Jorge<\/td><td>Radioterapia<\/td><td>1<\/td><\/tr><tr><td>Hospital do Cora\u00e7\u00e3o Anis Rassi<\/td><td>Cardiologia<\/td><td>2<\/td><\/tr><tr><td>Hospital e Maternidade Aristina C\u00e2ndida<\/td><td>Ginecologia e Obstetr\u00edcia<\/td><td>4<\/td><\/tr><tr><td>Hospital e Maternidade Dona Iris<\/td><td>Ginecologia e Obstetr\u00edcia<\/td><td>7<\/td><\/tr><tr><td>Hospital e Maternidade Dona Iris<\/td><td>Mastologia<\/td><td>1<\/td><\/tr><tr><td>Hospital e Maternidade Dona Iris<\/td><td>Medicina de Fam\u00edlia e Comunidade<\/td><td>9<\/td><\/tr><tr><td>Hospital e Maternidade Dona Iris<\/td><td>Neonatologia<\/td><td>3<\/td><\/tr><tr><td>Hospital e Maternidade Dona Iris<\/td><td>Pediatria<\/td><td>6<\/td><\/tr><tr><td>Hospital Esp\u00edrita Eur\u00edpedes Barsanulfo<\/td><td>Psiquiatria<\/td><td>6<\/td><\/tr><tr><td>Hospital Mater Dei Premium Goi\u00e2nia<\/td><td>Ginecologia e Obstetr\u00edcia<\/td><td>1<\/td><\/tr><tr><td>Hospital Mater Dei Premium Goi\u00e2nia<\/td><td>Pediatria<\/td><td>1<\/td><\/tr><tr><td>Hospital Santa Helena<\/td><td>Angiorradiologia e Cirurgia Endovascular<\/td><td>1<\/td><\/tr><tr><td>Hospital Santa Helena<\/td><td>Cardiologia<\/td><td>1<\/td><\/tr><tr><td>Hospital Santa Helena<\/td><td>Cirurgia Vascular<\/td><td>1<\/td><\/tr><tr><td>Hospital Santa M\u00f4nica<\/td><td>Medicina Intensiva<\/td><td>0<\/td><\/tr><tr><td>Hospital Santa M\u00f4nica<\/td><td>Neurocirurgia<\/td><td>0<\/td><\/tr><tr><td>Hospital S\u00e3o Francisco de Assis<\/td><td>Cirurgia Vascular<\/td><td>1<\/td><\/tr><tr><td>Santa Casa de Miseric\u00f3rdia de Goi\u00e2nia<\/td><td>Anestesiologia<\/td><td>3<\/td><\/tr><tr><td>Santa Casa de Miseric\u00f3rdia de Goi\u00e2nia<\/td><td>Cardiologia<\/td><td>4<\/td><\/tr><tr><td>Santa Casa de Miseric\u00f3rdia de Goi\u00e2nia<\/td><td>Cirurgia Cardiovascular<\/td><td>1<\/td><\/tr><tr><td>Santa Casa de Miseric\u00f3rdia de Goi\u00e2nia<\/td><td>Cirurgia do Aparelho Digestivo<\/td><td>2<\/td><\/tr><tr><td>Santa Casa de Miseric\u00f3rdia de Goi\u00e2nia<\/td><td>Cirurgia Geral<\/td><td>3<\/td><\/tr><tr><td>Santa Casa de Miseric\u00f3rdia de Goi\u00e2nia<\/td><td>Cirurgia Pl\u00e1stica<\/td><td>1<\/td><\/tr><tr><td>Santa Casa de Miseric\u00f3rdia de Goi\u00e2nia<\/td><td>Cirurgia Vascular<\/td><td>2<\/td><\/tr><tr><td>Santa Casa de Miseric\u00f3rdia de Goi\u00e2nia<\/td><td>Cl\u00ednica M\u00e9dica<\/td><td>10<\/td><\/tr><tr><td>Santa Casa de Miseric\u00f3rdia de Goi\u00e2nia<\/td><td>Mastologia<\/td><td>1<\/td><\/tr><tr><td>Santa Casa de Miseric\u00f3rdia de Goi\u00e2nia<\/td><td>Medicina Intensiva<\/td><td>4<\/td><\/tr><tr><td>Santa Casa de Miseric\u00f3rdia de Goi\u00e2nia<\/td><td>Nefrologia<\/td><td>2<\/td><\/tr><tr><td>Santa Casa de Miseric\u00f3rdia de Goi\u00e2nia<\/td><td>Neurologia<\/td><td>2<\/td><\/tr><tr><td>Santa Casa de Miseric\u00f3rdia de Goi\u00e2nia<\/td><td>Urologia<\/td><td>2<\/td><\/tr><tr><td>Universidade de Rio Verde \u2013 UniRV<\/td><td>Cirurgia Geral<\/td><td>2<\/td><\/tr><tr><td>Universidade de Rio Verde \u2013 UniRV<\/td><td>Cl\u00ednica M\u00e9dica<\/td><td>7<\/td><\/tr><tr><td>Universidade de Rio Verde \u2013 UniRV<\/td><td>Ginecologia e Obstetr\u00edcia<\/td><td>7<\/td><\/tr><tr><td>Universidade de Rio Verde \u2013 UniRV<\/td><td>Medicina de Fam\u00edlia e Comunidade<\/td><td>4<\/td><\/tr><tr><td>Universidade de Rio Verde \u2013 UniRV<\/td><td>Medicina Intensiva<\/td><td>2<\/td><\/tr><tr><td>Universidade de Rio Verde \u2013 UniRV<\/td><td>Ortopedia e Traumatologia<\/td><td>2<\/td><\/tr><tr><td>Universidade de Rio Verde \u2013 UniRV<\/td><td>Pediatria<\/td><td>4<\/td><\/tr><tr><td>Universidade Evang\u00e9lica de Goi\u00e1s\/UniEVANG\u00c9LICA<\/td><td>Anestesiologia<\/td><td>3<\/td><\/tr><tr><td>Universidade Evang\u00e9lica de Goi\u00e1s\/UniEVANG\u00c9LICA<\/td><td>Cardiologia<\/td><td>4<\/td><\/tr><tr><td>Universidade Evang\u00e9lica de Goi\u00e1s\/UniEVANG\u00c9LICA<\/td><td>Cirurgia Geral<\/td><td>1<\/td><\/tr><tr><td>Universidade Evang\u00e9lica de Goi\u00e1s\/UniEVANG\u00c9LICA<\/td><td>Cl\u00ednica M\u00e9dica<\/td><td>10<\/td><\/tr><tr><td>Universidade Evang\u00e9lica de Goi\u00e1s\/UniEVANG\u00c9LICA<\/td><td>Ginecologia e Obstetr\u00edcia<\/td><td>2<\/td><\/tr><tr><td>Universidade Evang\u00e9lica de Goi\u00e1s\/UniEVANG\u00c9LICA<\/td><td>Medicina de Emerg\u00eancia<\/td><td>1<\/td><\/tr><tr><td>Universidade Evang\u00e9lica de Goi\u00e1s\/UniEVANG\u00c9LICA<\/td><td>Medicina de Fam\u00edlia e Comunidade<\/td><td>12<\/td><\/tr><tr><td>Universidade Evang\u00e9lica de Goi\u00e1s\/UniEVANG\u00c9LICA<\/td><td>Neonatologia<\/td><td>2<\/td><\/tr><tr><td>Universidade Evang\u00e9lica de Goi\u00e1s\/UniEVANG\u00c9LICA<\/td><td>Oncologia Cl\u00ednica<\/td><td>2<\/td><\/tr><tr><td>Universidade Evang\u00e9lica de Goi\u00e1s\/UniEVANG\u00c9LICA<\/td><td>Ortopedia e Traumatologia<\/td><td>2<\/td><\/tr><tr><td>Universidade Evang\u00e9lica de Goi\u00e1s\/UniEVANG\u00c9LICA<\/td><td>Pediatria<\/td><td>3<\/td><\/tr><tr><td>Universidade Evang\u00e9lica de Goi\u00e1s\/UniEVANG\u00c9LICA<\/td><td>Psiquiatria<\/td><td>2<\/td><\/tr><tr><td>Universidade Federal de Jata\u00ed \u2013 UFJ<\/td><td>Cl\u00ednica M\u00e9dica<\/td><td>4<\/td><\/tr><tr><td>Universidade Federal de Jata\u00ed \u2013 UFJ<\/td><td>Medicina Intensiva<\/td><td>1<\/td><\/tr><\/tbody><\/table><\/figure>\n\n\n\n<h3 class=\"wp-block-heading\" id=\"h-scmr\"><span class=\"ez-toc-section\" id=\"SCMR\"><\/span><strong>SCMR<\/strong><span class=\"ez-toc-section-end\"><\/span><\/h3>\n\n\n\n<figure class=\"wp-block-table\"><table class=\"has-fixed-layout\"><tbody><tr><td><strong>Especialidade<\/strong><\/td><td><strong>Vagas<\/strong><\/td><\/tr><tr><td>Ginecologia e Obstetr\u00edcia<\/td><td>4<\/td><\/tr><\/tbody><\/table><\/figure>\n\n\n\n<h2 class=\"wp-block-heading\" id=\"h-instituicoes-participantes-psu-mg\"><span class=\"ez-toc-section\" id=\"Instituicoes_participantes_PSU-MG\"><\/span><strong>Institui\u00e7\u00f5es participantes PSU-MG<\/strong><span class=\"ez-toc-section-end\"><\/span><\/h2>\n\n\n\n<p>Desse modo, confira as dezenas de institui\u00e7\u00f5es que participar\u00e3o do <strong>PSU-MG<\/strong> nesta edi\u00e7\u00e3o:<\/p>\n\n\n\n<ul class=\"wp-block-list\">\n<li>Associa\u00e7\u00e3o Beneficente Catolica \u2013 Hospital Santa Isabel<\/li>\n\n\n\n<li>Associa\u00e7\u00e3o de Assistencia Social da Santa Casa de Misericordia de Arax\u00e1<\/li>\n\n\n\n<li>Associa\u00e7\u00e3o de Combate ao Cancer do Brasil Central Hospital Helio Angotti<\/li>\n\n\n\n<li>Associa\u00e7\u00e3o Evang\u00e9lica Beneficente de Minas Gerais \u2013 Hospital Evang\u00e9lico<\/li>\n\n\n\n<li>Associa\u00e7\u00e3o Hospitalar Santa Ros\u00e1lia<\/li>\n\n\n\n<li>Associa\u00e7\u00e3o M\u00e1rio Penna \u2013 Hospital Luxemburgo<\/li>\n\n\n\n<li>Casa de Caridade de Carangola<\/li>\n\n\n\n<li>Casa de Caridade de Muria\u00e9 \u2013 Hospital S\u00e3o Paulo<\/li>\n\n\n\n<li>Centro Barbacenense de Assistencia Medica e Social \u2013 Hospital Ibiapaba<\/li>\n\n\n\n<li>Complexo de Sa\u00fade S\u00e3o Jo\u00e3o de Deus<\/li>\n\n\n\n<li>Complexo Hospitalar Uberlandia<\/li>\n\n\n\n<li>Funda\u00e7\u00e3o Cristiano Varella \u2013 Hospital do Cancer de Muria\u00e9<\/li>\n\n\n\n<li>Funda\u00e7\u00e3o Deraldo Guimar\u00e3es<\/li>\n\n\n\n<li>Funda\u00e7\u00e3o Educacional de Caratinga<\/li>\n\n\n\n<li>Funda\u00e7\u00e3o Educacional de Patos de Minas<\/li>\n\n\n\n<li>Funda\u00e7\u00e3o Filantr\u00f3pica e Beneficente de Sa\u00fade Arnaldo Gavazza Filho<\/li>\n\n\n\n<li>Funda\u00e7\u00e3o Hospitalar de Montes Claros Hospital Aroldo Tourinho<\/li>\n\n\n\n<li>Funda\u00e7\u00e3o Jos\u00e9 Bonif\u00e1cio Lafayette de Andrada<\/li>\n\n\n\n<li>Funda\u00e7\u00e3o S\u00e3o Francisco Xavier Hospital Municipal Carlos Chagas<\/li>\n\n\n\n<li>Holhos Minas Oftalmologia Ltda<\/li>\n\n\n\n<li>Hospital Belo Horizonte<\/li>\n\n\n\n<li>Hospital Bom Samaritano<\/li>\n\n\n\n<li>Hospital Cesar Leite<\/li>\n\n\n\n<li>Hospital da Baleia \u2013 Funda\u00e7\u00e3o Benjamin Guimar\u00e3es<\/li>\n\n\n\n<li>Hospital das Clinicas Samuel Libanio<\/li>\n\n\n\n<li>Hospital de Clinicas de Itajuba<\/li>\n\n\n\n<li>Hospital e Clinica Santa Paula<\/li>\n\n\n\n<li>Hospital e Maternidade Santa Rita<\/li>\n\n\n\n<li>Hospital e Maternidade S\u00e3o Jos\u00e9<\/li>\n\n\n\n<li>Hospital Felicio Rocho<\/li>\n\n\n\n<li>Hospital Funda\u00e7\u00e3o Ouro Branco<\/li>\n\n\n\n<li>Hospital Lifecenter Sistema de Saude<\/li>\n\n\n\n<li>Hospital Madre Teresa<\/li>\n\n\n\n<li>Hospital Marcio Cunha<\/li>\n\n\n\n<li>Hospital Mater Dei \u2013 Unidade Santo Agostinho<\/li>\n\n\n\n<li>Hospital Mater Dei Santa Genoveva de Uberlandia<\/li>\n\n\n\n<li>Hospital Mater Dei Unidade Contorno<\/li>\n\n\n\n<li>Hospital Maternidade e Pronto Socorro Santa Lucia<\/li>\n\n\n\n<li>Hospital Metropolitano Doutor C\u00e9lio de Castro<\/li>\n\n\n\n<li>Hospital Municipal Jos\u00e9 Lucas Filho<\/li>\n\n\n\n<li>Hospital Nossa Senhora Auxiliadora<\/li>\n\n\n\n<li>Hospital Nossa Senhora de Lourdes<\/li>\n\n\n\n<li>Hospital Otorrino Center<\/li>\n\n\n\n<li>Hospital Publico Regional de Betim<\/li>\n\n\n\n<li>Hospital Risoleta Tolentino Neves \u2013 FUNDEP<\/li>\n\n\n\n<li>Hospital Semper<\/li>\n\n\n\n<li>Hospital Socor<\/li>\n\n\n\n<li>Hospital Sofia Feldman<\/li>\n\n\n\n<li>Hospital Universitario Alzira Velano<\/li>\n\n\n\n<li>Hospital Universitario da Universidade de Uberaba \u2013 UNIUBE<\/li>\n\n\n\n<li>Instituto \u00c2nima<\/li>\n\n\n\n<li>Instituto de Medicina Preventiva Viva Mais<\/li>\n\n\n\n<li>Instituto Materno Infantil de Minas Gerais \u2013 Hospital Vila da Serra<\/li>\n\n\n\n<li>Irmandade de Nossa Senhora das Gra\u00e7as<\/li>\n\n\n\n<li>Irmandade do Hospital da Santa Casa de Po\u00e7os de Caldas<\/li>\n\n\n\n<li>Irmandade do Hospital de Nossa Senhora das Dores<\/li>\n\n\n\n<li>Irmandade Nossa Senhora das Merces de Montes Claros \u2013 Santa Casa<\/li>\n\n\n\n<li>ISO Olhos Instituto de Saude Ocular LTDA<\/li>\n\n\n\n<li>Maternidade Octaviano Neves (HAPVIDA ASSISTENCIA MEDICA S.A)<\/li>\n\n\n\n<li>Neocenter<\/li>\n\n\n\n<li>Santa Casa de Itanhandu<\/li>\n\n\n\n<li>Santa Casa de Misericordia de Araguari<\/li>\n\n\n\n<li>Santa Casa de Misericordia de Barbacena<\/li>\n\n\n\n<li>Santa Casa de Misericordia de Juiz de Fora<\/li>\n\n\n\n<li>Santa Casa de Misericordia de Passos<\/li>\n\n\n\n<li>Santa Casa de Misericordia de S\u00e3o Sebasti\u00e3o do Para\u00edso<\/li>\n\n\n\n<li>Santa Casa de Misericordia Nossa Senhora do Patrocinio<\/li>\n\n\n\n<li>Secretaria Municipal de Saude de Governador Valadares<\/li>\n\n\n\n<li>Secretaria Municipal de Sa\u00fade de Sete Lagoas<\/li>\n\n\n\n<li>Sociedade Mineira de Cultura \u2013 PUC Contagem<\/li>\n\n\n\n<li>Sociedade Mineira de Cultura \u2013 PUC Po\u00e7os de Caldas<\/li>\n\n\n\n<li>Unimed Belo Horizonte Cooperativa de Trabalho Medico<\/li>\n\n\n\n<li>Unimed Vitoria Cooperativa de Trabalho Medico<\/li>\n\n\n\n<li>Universidade Federal de Ouro Preto<\/li>\n\n\n\n<li>Universidade Federal de Sao Joao del-Rei<\/li>\n\n\n\n<li>Universidade Federal de Vi\u00e7osa<\/li>\n\n\n\n<li>Universidade Federal do Triangulo Mineiro<\/li>\n\n\n\n<li>Universidade Federal dos Vales do Jequitinhonha e Mucuri<\/li>\n<\/ul>\n\n\n\n<h2 class=\"wp-block-heading\" id=\"h-instituicoes-participantes-psu-go\"><span class=\"ez-toc-section\" id=\"Instituicoes_participantes_PSU-GO\"><\/span><strong>Institui\u00e7\u00f5es participantes PSU-GO<\/strong><span class=\"ez-toc-section-end\"><\/span><\/h2>\n\n\n\n<p>Neste ano, o PSU-GO contar\u00e1 com a participa\u00e7\u00e3o de <strong>18 institui\u00e7\u00f5es<\/strong> em seu processo seletivo, confira abaixo todas elas:<\/p>\n\n\n\n<ul class=\"wp-block-list\">\n<li>\u00c2nima Centro Hospitalar<\/li>\n\n\n\n<li>Centro Universit\u00e1rio de Mineiros (UNFIEMES)<\/li>\n\n\n\n<li>Cl\u00ednica Santa M\u00f4nica<\/li>\n\n\n\n<li>CHS Aprendizagem \u2013 Hospital Alfredo Abrah\u00e3o<\/li>\n\n\n\n<li>Hospital Ara\u00fajo Jorge \u2013 Associa\u00e7\u00e3o de combate ao c\u00e2ncer<\/li>\n\n\n\n<li>Hospital das Cl\u00ednicas da UFG<\/li>\n\n\n\n<li>Hospital do Cora\u00e7\u00e3o Anis Rassi<\/li>\n\n\n\n<li>Hospital e Maternidade Aristina C\u00e2ndida<\/li>\n\n\n\n<li>Hospital e Maternidade Dona Iris<\/li>\n\n\n\n<li>Hospital Esp\u00edrita Eur\u00edpedes Barsanulfo<\/li>\n\n\n\n<li>Faculdade Zarns de Itumbiara<\/li>\n\n\n\n<li>Hospital Premium<\/li>\n\n\n\n<li>Hospital Santa Helena<\/li>\n\n\n\n<li>Hospital S\u00e3o Francisco de Assis (HSFA)<\/li>\n\n\n\n<li>Santa Casa de Miseric\u00f3rdia de Goi\u00e2nia<\/li>\n\n\n\n<li>Universidade Evang\u00e9lica de Goi\u00e1s (UniEVANG\u00c9LICA)<\/li>\n\n\n\n<li>Universidade de Rio Verde<\/li>\n\n\n\n<li>Universidade Federal de Jata\u00ed<\/li>\n<\/ul>\n\n\n\n<h2 class=\"wp-block-heading\" id=\"h-cronogramas\"><span class=\"ez-toc-section\" id=\"Cronogramas\"><\/span><strong>Cronogramas<\/strong><span class=\"ez-toc-section-end\"><\/span><\/h2>\n\n\n\n<p>Contudo, confira os cronogramas dos processos seletivos:<\/p>\n\n\n\n<h3 class=\"wp-block-heading\" id=\"h-psu-mg-0\"><span class=\"ez-toc-section\" id=\"PSU-MG-2\"><\/span><strong>PSU-MG<\/strong><span class=\"ez-toc-section-end\"><\/span><\/h3>\n\n\n\n<figure class=\"wp-block-table\"><table class=\"has-fixed-layout\"><tbody><tr><td>Inscri\u00e7\u00e3o<\/td><td>30\/09 a 07\/11\/2024<\/td><\/tr><tr><td>Local de prova<\/td><td>Belo Horizonte, Uberaba e Goi\u00e2nia<\/td><\/tr><tr><td>Comprovante de inscri\u00e7\u00e3o<\/td><td>07 a 14\/11\/2024<\/td><\/tr><tr><td>Data da prova escrita e divulga\u00e7\u00e3o do gabarito<\/td><td>01\/12\/2024<\/td><\/tr><tr><td>Recursos ao gabarito<\/td><td>At\u00e9 48h ap\u00f3s divulga\u00e7\u00e3o<\/td><\/tr><tr><td>Previs\u00e3o de divulga\u00e7\u00e3o do resultado da prova<\/td><td>19\/12\/2024<\/td><\/tr><tr><td>Previs\u00e3o do resultado da avalia\u00e7\u00e3o curricular<\/td><td>21\/01\/2025<\/td><\/tr><tr><td>Previs\u00e3o nota final<\/td><td>28\/01\/2025<\/td><\/tr><tr><td>Previs\u00e3o resultado final e convoca\u00e7\u00e3o<\/td><td>30\/01\/2025<\/td><\/tr><tr><td>Matr\u00edculas<\/td><td>30\/01 a 03\/02\/2025<\/td><\/tr><\/tbody><\/table><\/figure>\n\n\n\n<h3 class=\"wp-block-heading\" id=\"h-psu-go-0\"><span class=\"ez-toc-section\" id=\"PSU-GO-2\"><\/span><strong>PSU-GO<\/strong><span class=\"ez-toc-section-end\"><\/span><\/h3>\n\n\n\n<figure class=\"wp-block-table\"><table class=\"has-fixed-layout\"><tbody><tr><td>Inscri\u00e7\u00f5es<\/td><td>27\/09 a 07\/11\/2024<\/td><\/tr><tr><td>Per\u00edodo para solicita\u00e7\u00e3o de isen\u00e7\u00e3o da taxa de inscri\u00e7\u00e3o<\/td><td>17 a 19\/09\/2024<\/td><\/tr><tr><td>Envio de documentos para an\u00e1lise curricular<\/td><td>27\/09 a 15\/10\/2024<\/td><\/tr><tr><td>Divulga\u00e7\u00e3o dos locais de prova<\/td><td>22 a 28\/10\/2024<\/td><\/tr><tr><td>Prova objetiva<\/td><td>24\/11\/2024<\/td><\/tr><tr><td>Divulga\u00e7\u00e3o do gabarito da prova objetiva<\/td><td>24\/11\/2024<\/td><\/tr><tr><td>Per\u00edodo de recursos contra o gabarito da prova objetiva<\/td><td>25 e 26\/11\/2024<\/td><\/tr><tr><td>Resultado da prova objetiva<\/td><td>10\/12\/2024<\/td><\/tr><tr><td>Resultado preliminar da avalia\u00e7\u00e3o curricular<\/td><td>16\/01\/2025<\/td><\/tr><tr><td>Nota final com ordem de prefer\u00eancia<\/td><td>28\/01\/2025<\/td><\/tr><tr><td>Data e horas finais para altera\u00e7\u00e3o de ordem de prefer\u00eancia<\/td><td>29\/01\/2025 16:00<\/td><\/tr><tr><td>Resultado final e convoca\u00e7\u00e3o<\/td><td>29\/01\/2025<\/td><\/tr><tr><td>Confirma\u00e7\u00e3o de Interesse\/Desist\u00eancia\/Lista de aprovados<\/td><td>29\/01 a 03\/02\/2025<\/td><\/tr><tr><td>Per\u00edodo de matr\u00edculas<\/td><td>29\/01 a 03\/02\/2025<\/td><\/tr><tr><td>Convoca\u00e7\u00e3o de excedentes por desist\u00eancia e libera\u00e7\u00e3o de vagas<\/td><td>03\/02 a 15\/03\/2025<\/td><\/tr><tr><td>In\u00edcio dos programas<\/td><td>01\/03\/2025<\/td><\/tr><\/tbody><\/table><\/figure>\n\n\n\n<h3 class=\"wp-block-heading\" id=\"h-scmr-0\"><span class=\"ez-toc-section\" id=\"SCMR-2\"><\/span><strong>SCMR<\/strong><span class=\"ez-toc-section-end\"><\/span><\/h3>\n\n\n\n<figure class=\"wp-block-table\"><table class=\"has-fixed-layout\"><tbody><tr><td>Inscri\u00e7\u00f5es e envio do curr\u00edculo<\/td><td>30\/09 a 14\/10\/2024<\/td><\/tr><tr><td>Impress\u00e3o do comprovante de inscri\u00e7\u00e3o<\/td><td>07\/11 a 14\/11\/2024<\/td><\/tr><tr><td>Prova escrita<\/td><td>01\/12\/2024<\/td><\/tr><tr><td>Divulga\u00e7\u00e3o do gabarito<\/td><td>01\/12\/2024<\/td><\/tr><tr><td>Previs\u00e3o de divulga\u00e7\u00e3o do resultado da prova<\/td><td>19\/12\/2024<\/td><\/tr><tr><td>Previs\u00e3o de divulga\u00e7\u00e3o do resultado da an\u00e1lise curricular<\/td><td>21\/01\/2025<\/td><\/tr><tr><td>Nota final com ordem de prefer\u00eancia<\/td><td>28\/01\/2025<\/td><\/tr><tr><td>Data e hora finais para a altera\u00e7\u00e3o da ordem de prefer\u00eancia<\/td><td>29\/01\/2025 at\u00e9 16h<\/td><\/tr><tr><td>Resultado final (convoca\u00e7\u00e3o)<\/td><td>30\/01\/2025<\/td><\/tr><tr><td>Confirma\u00e7\u00e3o de interesse\/desist\u00eancia aprovados\/matr\u00edculas<\/td><td>30\/01 a 03\/02\/2025<\/td><\/tr><tr><td>Convoca\u00e7\u00e3o de excedentes por desist\u00eancia com libera\u00e7\u00e3o de vagas<\/td><td>03\/02 a 15\/03\/2025<\/td><\/tr><tr><td>In\u00edcio dos programas<\/td><td>01\/03\/2025<\/td><\/tr><\/tbody><\/table><\/figure>\n\n\n\n<h2 class=\"wp-block-heading\" id=\"h-editais\"><span class=\"ez-toc-section\" id=\"Editais\"><\/span><strong>Editais<\/strong><span class=\"ez-toc-section-end\"><\/span><\/h2>\n\n\n\n<h3 class=\"wp-block-heading\" id=\"h-psu-mg-1\"><span class=\"ez-toc-section\" id=\"PSU-MG-3\"><\/span><strong>PSU-MG<\/strong><span class=\"ez-toc-section-end\"><\/span><\/h3>\n\n\n\n<div data-wp-interactive=\"core\/file\" class=\"wp-block-file\"><object data-wp-bind--hidden=\"!state.hasPdfPreview\" hidden class=\"wp-block-file__embed\" data=\"https:\/\/www.grupomedcof.com.br\/blog\/wp-content\/uploads\/2024\/12\/ApresentacaoPSU2025-20240926143008.pdf\" type=\"application\/pdf\" style=\"width:100%;height:600px\" aria-label=\"Incorporado de Edital PSU-MG.\"><\/object><a id=\"wp-block-file--media-58d91062-2ade-40ec-9063-7e39e91d69d9\" href=\"https:\/\/www.grupomedcof.com.br\/blog\/wp-content\/uploads\/2024\/12\/ApresentacaoPSU2025-20240926143008.pdf\">Edital PSU-MG<\/a><a href=\"https:\/\/www.grupomedcof.com.br\/blog\/wp-content\/uploads\/2024\/12\/ApresentacaoPSU2025-20240926143008.pdf\" class=\"wp-block-file__button wp-element-button\" download aria-describedby=\"wp-block-file--media-58d91062-2ade-40ec-9063-7e39e91d69d9\">Baixar<\/a><\/div>\n\n\n\n<h3 class=\"wp-block-heading\" id=\"h-psu-go-1\"><span class=\"ez-toc-section\" id=\"PSU-GO-3\"><\/span><strong>PSU-GO<\/strong><span class=\"ez-toc-section-end\"><\/span><\/h3>\n\n\n\n<div data-wp-interactive=\"core\/file\" class=\"wp-block-file\"><object data-wp-bind--hidden=\"!state.hasPdfPreview\" hidden class=\"wp-block-file__embed\" data=\"https:\/\/www.grupomedcof.com.br\/blog\/wp-content\/uploads\/2024\/12\/ApresentacaoPSUGoias2025-20240910150038.pdf\" type=\"application\/pdf\" style=\"width:100%;height:600px\" aria-label=\"Incorporado de Edital PSU-GO.\"><\/object><a id=\"wp-block-file--media-90720fd0-4e9f-4328-9374-e1fef0639cd6\" href=\"https:\/\/www.grupomedcof.com.br\/blog\/wp-content\/uploads\/2024\/12\/ApresentacaoPSUGoias2025-20240910150038.pdf\">Edital PSU-GO<\/a><a href=\"https:\/\/www.grupomedcof.com.br\/blog\/wp-content\/uploads\/2024\/12\/ApresentacaoPSUGoias2025-20240910150038.pdf\" class=\"wp-block-file__button wp-element-button\" download aria-describedby=\"wp-block-file--media-90720fd0-4e9f-4328-9374-e1fef0639cd6\">Baixar<\/a><\/div>\n\n\n\n<h3 class=\"wp-block-heading\" id=\"h-scmrp\"><span class=\"ez-toc-section\" id=\"SCMRP\"><\/span><strong>SCMRP<\/strong><span class=\"ez-toc-section-end\"><\/span><\/h3>\n\n\n\n<div data-wp-interactive=\"core\/file\" class=\"wp-block-file\"><object data-wp-bind--hidden=\"!state.hasPdfPreview\" hidden class=\"wp-block-file__embed\" data=\"https:\/\/www.grupomedcof.com.br\/blog\/wp-content\/uploads\/2024\/12\/EditalSantaCasadeMisericordiaeMaternidadedeRondonopolis2025-20240913171725-1.pdf\" type=\"application\/pdf\" style=\"width:100%;height:600px\" aria-label=\"Incorporado de Edital SCMRP.\"><\/object><a id=\"wp-block-file--media-2bc58741-3f81-47e4-bb4e-abfd5a25b589\" href=\"https:\/\/www.grupomedcof.com.br\/blog\/wp-content\/uploads\/2024\/12\/EditalSantaCasadeMisericordiaeMaternidadedeRondonopolis2025-20240913171725-1.pdf\">Edital SCMRP<\/a><a href=\"https:\/\/www.grupomedcof.com.br\/blog\/wp-content\/uploads\/2024\/12\/EditalSantaCasadeMisericordiaeMaternidadedeRondonopolis2025-20240913171725-1.pdf\" class=\"wp-block-file__button wp-element-button\" download aria-describedby=\"wp-block-file--media-2bc58741-3f81-47e4-bb4e-abfd5a25b589\">Baixar<\/a><\/div>\n\n\n\n<h2 class=\"wp-block-heading\" id=\"h-seja-um-medcoffer\"><span class=\"ez-toc-section\" id=\"Seja_um_MedCoffer\"><\/span><strong>Seja um MedCoffer<\/strong><span class=\"ez-toc-section-end\"><\/span><\/h2>\n\n\n\n<p>Quer alcan\u00e7ar a aprova\u00e7\u00e3o nas provas de resid\u00eancia m\u00e9dica? Ent\u00e3o seja um MedCoffer! Aqui te ajudaremos na busca da aprova\u00e7\u00e3o com conte\u00fados de qualidade e uma metodologia que j\u00e1 aprovou mais de 10 mil residentes no pa\u00eds!<\/p>\n\n\n\n<p>Por fim, acesse o nosso <strong><a href=\"https:\/\/www.youtube.com\/@GrupoMedcof\">canal do youtube<\/a><\/strong> para ver o nosso material.<\/p>\n\n\n\n<figure class=\"wp-block-embed is-type-video is-provider-youtube wp-block-embed-youtube wp-embed-aspect-16-9 wp-has-aspect-ratio\"><div class=\"wp-block-embed__wrapper\">\n<iframe loading=\"lazy\" title=\"MedCof Academy - Atendimento ao trauma - ABCDE com Dra Junia Sueoka\" width=\"696\" height=\"392\" src=\"https:\/\/www.youtube.com\/embed\/G3Hshy1WvPI?feature=oembed\" frameborder=\"0\" allow=\"accelerometer; autoplay; clipboard-write; encrypted-media; gyroscope; picture-in-picture; web-share\" referrerpolicy=\"strict-origin-when-cross-origin\" allowfullscreen><\/iframe>\n<\/div><\/figure>\n","protected":false},"excerpt":{"rendered":"<p>Confira os editais e todas as informa\u00e7\u00f5es das resid\u00eancias m\u00e9dicas da banda da AREMG de 2025: PSU-MG, PSU-GO e SCMR. <\/p>\n","protected":false},"author":22,"featured_media":32386,"comment_status":"open","ping_status":"open","sticky":false,"template":"","format":"standard","meta":{"footnotes":""},"categories":[2023],"tags":[1433,1568,117,261,1542,45,1507,68],"ppma_author":[3621],"class_list":{"0":"post-32370","1":"post","2":"type-post","3":"status-publish","4":"format-standard","5":"has-post-thumbnail","7":"category-editais","8":"tag-aremg","9":"tag-edital","10":"tag-provas-de-residencia","11":"tag-psu-go","12":"tag-psu-go-2025","13":"tag-psu-mg","14":"tag-psu-mg-2025","15":"tag-residencia-medica"},"yoast_head":"<!-- This site is optimized with the Yoast SEO Premium plugin v24.3 (Yoast SEO v27.4) - https:\/\/yoast.com\/product\/yoast-seo-premium-wordpress\/ -->\n<title>Resid\u00eancias M\u00e9dicas AREMG | Grupo MedCof<\/title>\n<meta name=\"description\" content=\"Confira os editais e todas as informa\u00e7\u00f5es das resid\u00eancias m\u00e9dicas da banda da AREMG de 2025: PSU-MG, PSU-GO e SCMR.\" \/>\n<meta name=\"robots\" content=\"index, follow, max-snippet:-1, max-image-preview:large, max-video-preview:-1\" \/>\n<link rel=\"canonical\" href=\"https:\/\/www.grupomedcof.com.br\/blog\/edital-psu-mg-psu-go-e-scmr-para-residencia-medica-2024-2025\/\" \/>\n<meta property=\"og:locale\" content=\"pt_BR\" \/>\n<meta property=\"og:type\" content=\"article\" \/>\n<meta property=\"og:title\" content=\"Edital PSU-MG, PSU-GO e SCMR para Resid\u00eancia M\u00e9dica 2024\/2025\" \/>\n<meta property=\"og:description\" content=\"Confira os editais e todas as informa\u00e7\u00f5es das resid\u00eancias m\u00e9dicas da banda da AREMG de 2025: PSU-MG, PSU-GO e SCMR.\" \/>\n<meta property=\"og:url\" content=\"https:\/\/www.grupomedcof.com.br\/blog\/edital-psu-mg-psu-go-e-scmr-para-residencia-medica-2024-2025\/\" \/>\n<meta property=\"og:site_name\" content=\"Blog de Medcof: conte\u00fados, editais, revalida e mais!\" \/>\n<meta property=\"article:publisher\" content=\"https:\/\/www.facebook.com\/MedCofQbank\/\" \/>\n<meta property=\"article:published_time\" content=\"2024-11-29T17:04:47+00:00\" \/>\n<meta property=\"article:modified_time\" content=\"2024-12-10T17:05:03+00:00\" \/>\n<meta property=\"og:image\" content=\"https:\/\/www.grupomedcof.com.br\/blog\/wp-content\/uploads\/2024\/12\/Modelo-instituicoes-45.png\" \/>\n\t<meta property=\"og:image:width\" content=\"1920\" \/>\n\t<meta property=\"og:image:height\" content=\"1080\" \/>\n\t<meta property=\"og:image:type\" content=\"image\/png\" \/>\n<meta name=\"author\" content=\"Ettore Falcone\" \/>\n<meta name=\"twitter:card\" content=\"summary_large_image\" \/>\n<meta name=\"twitter:label1\" content=\"Escrito por\" \/>\n\t<meta name=\"twitter:data1\" content=\"Ettore Falcone\" \/>\n\t<meta name=\"twitter:label2\" content=\"Est. tempo de leitura\" \/>\n\t<meta name=\"twitter:data2\" content=\"35 minutos\" \/>\n<script type=\"application\/ld+json\" class=\"yoast-schema-graph\">{\"@context\":\"https:\\\/\\\/schema.org\",\"@graph\":[{\"@type\":\"Article\",\"@id\":\"https:\\\/\\\/www.grupomedcof.com.br\\\/blog\\\/edital-psu-mg-psu-go-e-scmr-para-residencia-medica-2024-2025\\\/#article\",\"isPartOf\":{\"@id\":\"https:\\\/\\\/www.grupomedcof.com.br\\\/blog\\\/edital-psu-mg-psu-go-e-scmr-para-residencia-medica-2024-2025\\\/\"},\"author\":{\"name\":\"Ettore Falcone\",\"@id\":\"https:\\\/\\\/www.grupomedcof.com.br\\\/blog\\\/#\\\/schema\\\/person\\\/ad0add4bd130988a15b8256e3db09359\"},\"headline\":\"Edital PSU-MG, PSU-GO e SCMR para Resid\u00eancia M\u00e9dica 2024\\\/2025\",\"datePublished\":\"2024-11-29T17:04:47+00:00\",\"dateModified\":\"2024-12-10T17:05:03+00:00\",\"mainEntityOfPage\":{\"@id\":\"https:\\\/\\\/www.grupomedcof.com.br\\\/blog\\\/edital-psu-mg-psu-go-e-scmr-para-residencia-medica-2024-2025\\\/\"},\"wordCount\":6652,\"commentCount\":0,\"publisher\":{\"@id\":\"https:\\\/\\\/www.grupomedcof.com.br\\\/blog\\\/#organization\"},\"image\":{\"@id\":\"https:\\\/\\\/www.grupomedcof.com.br\\\/blog\\\/edital-psu-mg-psu-go-e-scmr-para-residencia-medica-2024-2025\\\/#primaryimage\"},\"thumbnailUrl\":\"https:\\\/\\\/www.grupomedcof.com.br\\\/blog\\\/wp-content\\\/uploads\\\/2024\\\/12\\\/Modelo-instituicoes-45.png\",\"keywords\":[\"AREMG\",\"Edital\",\"Provas de Resid\u00eancia\",\"PSU-GO\",\"PSU-GO 2025\",\"PSU-MG\",\"PSU-MG 2025\",\"Resid\u00eancia M\u00e9dica\"],\"articleSection\":[\"Editais\"],\"inLanguage\":\"pt-BR\"},{\"@type\":\"WebPage\",\"@id\":\"https:\\\/\\\/www.grupomedcof.com.br\\\/blog\\\/edital-psu-mg-psu-go-e-scmr-para-residencia-medica-2024-2025\\\/\",\"url\":\"https:\\\/\\\/www.grupomedcof.com.br\\\/blog\\\/edital-psu-mg-psu-go-e-scmr-para-residencia-medica-2024-2025\\\/\",\"name\":\"Resid\u00eancias M\u00e9dicas AREMG | Grupo MedCof\",\"isPartOf\":{\"@id\":\"https:\\\/\\\/www.grupomedcof.com.br\\\/blog\\\/#website\"},\"primaryImageOfPage\":{\"@id\":\"https:\\\/\\\/www.grupomedcof.com.br\\\/blog\\\/edital-psu-mg-psu-go-e-scmr-para-residencia-medica-2024-2025\\\/#primaryimage\"},\"image\":{\"@id\":\"https:\\\/\\\/www.grupomedcof.com.br\\\/blog\\\/edital-psu-mg-psu-go-e-scmr-para-residencia-medica-2024-2025\\\/#primaryimage\"},\"thumbnailUrl\":\"https:\\\/\\\/www.grupomedcof.com.br\\\/blog\\\/wp-content\\\/uploads\\\/2024\\\/12\\\/Modelo-instituicoes-45.png\",\"datePublished\":\"2024-11-29T17:04:47+00:00\",\"dateModified\":\"2024-12-10T17:05:03+00:00\",\"description\":\"Confira os editais e todas as informa\u00e7\u00f5es das resid\u00eancias m\u00e9dicas da banda da AREMG de 2025: PSU-MG, PSU-GO e SCMR.\",\"breadcrumb\":{\"@id\":\"https:\\\/\\\/www.grupomedcof.com.br\\\/blog\\\/edital-psu-mg-psu-go-e-scmr-para-residencia-medica-2024-2025\\\/#breadcrumb\"},\"inLanguage\":\"pt-BR\",\"potentialAction\":[{\"@type\":\"ReadAction\",\"target\":[\"https:\\\/\\\/www.grupomedcof.com.br\\\/blog\\\/edital-psu-mg-psu-go-e-scmr-para-residencia-medica-2024-2025\\\/\"]}]},{\"@type\":\"ImageObject\",\"inLanguage\":\"pt-BR\",\"@id\":\"https:\\\/\\\/www.grupomedcof.com.br\\\/blog\\\/edital-psu-mg-psu-go-e-scmr-para-residencia-medica-2024-2025\\\/#primaryimage\",\"url\":\"https:\\\/\\\/www.grupomedcof.com.br\\\/blog\\\/wp-content\\\/uploads\\\/2024\\\/12\\\/Modelo-instituicoes-45.png\",\"contentUrl\":\"https:\\\/\\\/www.grupomedcof.com.br\\\/blog\\\/wp-content\\\/uploads\\\/2024\\\/12\\\/Modelo-instituicoes-45.png\",\"width\":1920,\"height\":1080},{\"@type\":\"BreadcrumbList\",\"@id\":\"https:\\\/\\\/www.grupomedcof.com.br\\\/blog\\\/edital-psu-mg-psu-go-e-scmr-para-residencia-medica-2024-2025\\\/#breadcrumb\",\"itemListElement\":[{\"@type\":\"ListItem\",\"position\":1,\"name\":\"In\u00edcio\",\"item\":\"https:\\\/\\\/www.grupomedcof.com.br\\\/blog\\\/\"},{\"@type\":\"ListItem\",\"position\":2,\"name\":\"Edital PSU-MG, PSU-GO e SCMR para Resid\u00eancia M\u00e9dica 2024\\\/2025\"}]},{\"@type\":\"WebSite\",\"@id\":\"https:\\\/\\\/www.grupomedcof.com.br\\\/blog\\\/#website\",\"url\":\"https:\\\/\\\/www.grupomedcof.com.br\\\/blog\\\/\",\"name\":\"Blog de Medcof: conte\u00fados, editais, revalida e mais!\",\"description\":\"Acesso o blog de MedCof! Seu portal de conte\u00fados sobre resid\u00eancia m\u00e9dica, an\u00e1lise e editais e muito mais. Clique e confira!\",\"publisher\":{\"@id\":\"https:\\\/\\\/www.grupomedcof.com.br\\\/blog\\\/#organization\"},\"alternateName\":\"Blog de Medcof: conte\u00fados, editais, revalida e mais!\",\"potentialAction\":[{\"@type\":\"SearchAction\",\"target\":{\"@type\":\"EntryPoint\",\"urlTemplate\":\"https:\\\/\\\/www.grupomedcof.com.br\\\/blog\\\/?s={search_term_string}\"},\"query-input\":{\"@type\":\"PropertyValueSpecification\",\"valueRequired\":true,\"valueName\":\"search_term_string\"}}],\"inLanguage\":\"pt-BR\"},{\"@type\":\"Organization\",\"@id\":\"https:\\\/\\\/www.grupomedcof.com.br\\\/blog\\\/#organization\",\"name\":\"Grupo MedCof\",\"url\":\"https:\\\/\\\/www.grupomedcof.com.br\\\/blog\\\/\",\"logo\":{\"@type\":\"ImageObject\",\"inLanguage\":\"pt-BR\",\"@id\":\"https:\\\/\\\/www.grupomedcof.com.br\\\/blog\\\/#\\\/schema\\\/logo\\\/image\\\/\",\"url\":\"https:\\\/\\\/www.grupomedcof.com.br\\\/blog\\\/wp-content\\\/uploads\\\/2022\\\/01\\\/logo-medcof.png\",\"contentUrl\":\"https:\\\/\\\/www.grupomedcof.com.br\\\/blog\\\/wp-content\\\/uploads\\\/2022\\\/01\\\/logo-medcof.png\",\"width\":768,\"height\":269,\"caption\":\"Grupo MedCof\"},\"image\":{\"@id\":\"https:\\\/\\\/www.grupomedcof.com.br\\\/blog\\\/#\\\/schema\\\/logo\\\/image\\\/\"},\"sameAs\":[\"https:\\\/\\\/www.facebook.com\\\/MedCofQbank\\\/\",\"https:\\\/\\\/www.instagram.com\\\/grupomedcof\\\/\",\"https:\\\/\\\/br.linkedin.com\\\/company\\\/medcof\",\"https:\\\/\\\/www.youtube.com\\\/channel\\\/UCdHMuOHKICxcHwecxN8P-AA\"]},{\"@type\":\"Person\",\"@id\":\"https:\\\/\\\/www.grupomedcof.com.br\\\/blog\\\/#\\\/schema\\\/person\\\/ad0add4bd130988a15b8256e3db09359\",\"name\":\"Ettore Falcone\",\"image\":{\"@type\":\"ImageObject\",\"inLanguage\":\"pt-BR\",\"@id\":\"https:\\\/\\\/www.grupomedcof.com.br\\\/blog\\\/wp-content\\\/uploads\\\/2025\\\/11\\\/cropped-Imagem-do-WhatsApp-de-2025-11-27-as-10.40.59_de7ecb99-96x96.jpgcf2a84df9a5145806f5b1e554c54b779\",\"url\":\"https:\\\/\\\/www.grupomedcof.com.br\\\/blog\\\/wp-content\\\/uploads\\\/2025\\\/11\\\/cropped-Imagem-do-WhatsApp-de-2025-11-27-as-10.40.59_de7ecb99-96x96.jpg\",\"contentUrl\":\"https:\\\/\\\/www.grupomedcof.com.br\\\/blog\\\/wp-content\\\/uploads\\\/2025\\\/11\\\/cropped-Imagem-do-WhatsApp-de-2025-11-27-as-10.40.59_de7ecb99-96x96.jpg\",\"caption\":\"Ettore Falcone\"},\"description\":\"Jornalista formado, apaixonado por gastronomia, cinema e literatura. Sempre interessado em aprender algo novo e descobrir coisas novas todos os dias.\",\"url\":\"https:\\\/\\\/www.grupomedcof.com.br\\\/blog\\\/author\\\/ettore-falcone\\\/\"}]}<\/script>\n<!-- \/ Yoast SEO Premium plugin. -->","yoast_head_json":{"title":"Resid\u00eancias M\u00e9dicas AREMG | Grupo MedCof","description":"Confira os editais e todas as informa\u00e7\u00f5es das resid\u00eancias m\u00e9dicas da banda da AREMG de 2025: PSU-MG, PSU-GO e SCMR.","robots":{"index":"index","follow":"follow","max-snippet":"max-snippet:-1","max-image-preview":"max-image-preview:large","max-video-preview":"max-video-preview:-1"},"canonical":"https:\/\/www.grupomedcof.com.br\/blog\/edital-psu-mg-psu-go-e-scmr-para-residencia-medica-2024-2025\/","og_locale":"pt_BR","og_type":"article","og_title":"Edital PSU-MG, PSU-GO e SCMR para Resid\u00eancia M\u00e9dica 2024\/2025","og_description":"Confira os editais e todas as informa\u00e7\u00f5es das resid\u00eancias m\u00e9dicas da banda da AREMG de 2025: PSU-MG, PSU-GO e SCMR.","og_url":"https:\/\/www.grupomedcof.com.br\/blog\/edital-psu-mg-psu-go-e-scmr-para-residencia-medica-2024-2025\/","og_site_name":"Blog de Medcof: conte\u00fados, editais, revalida e mais!","article_publisher":"https:\/\/www.facebook.com\/MedCofQbank\/","article_published_time":"2024-11-29T17:04:47+00:00","article_modified_time":"2024-12-10T17:05:03+00:00","og_image":[{"width":1920,"height":1080,"url":"https:\/\/www.grupomedcof.com.br\/blog\/wp-content\/uploads\/2024\/12\/Modelo-instituicoes-45.png","type":"image\/png"}],"author":"Ettore Falcone","twitter_card":"summary_large_image","twitter_misc":{"Escrito por":"Ettore Falcone","Est. tempo de leitura":"35 minutos"},"schema":{"@context":"https:\/\/schema.org","@graph":[{"@type":"Article","@id":"https:\/\/www.grupomedcof.com.br\/blog\/edital-psu-mg-psu-go-e-scmr-para-residencia-medica-2024-2025\/#article","isPartOf":{"@id":"https:\/\/www.grupomedcof.com.br\/blog\/edital-psu-mg-psu-go-e-scmr-para-residencia-medica-2024-2025\/"},"author":{"name":"Ettore Falcone","@id":"https:\/\/www.grupomedcof.com.br\/blog\/#\/schema\/person\/ad0add4bd130988a15b8256e3db09359"},"headline":"Edital PSU-MG, PSU-GO e SCMR para Resid\u00eancia M\u00e9dica 2024\/2025","datePublished":"2024-11-29T17:04:47+00:00","dateModified":"2024-12-10T17:05:03+00:00","mainEntityOfPage":{"@id":"https:\/\/www.grupomedcof.com.br\/blog\/edital-psu-mg-psu-go-e-scmr-para-residencia-medica-2024-2025\/"},"wordCount":6652,"commentCount":0,"publisher":{"@id":"https:\/\/www.grupomedcof.com.br\/blog\/#organization"},"image":{"@id":"https:\/\/www.grupomedcof.com.br\/blog\/edital-psu-mg-psu-go-e-scmr-para-residencia-medica-2024-2025\/#primaryimage"},"thumbnailUrl":"https:\/\/www.grupomedcof.com.br\/blog\/wp-content\/uploads\/2024\/12\/Modelo-instituicoes-45.png","keywords":["AREMG","Edital","Provas de Resid\u00eancia","PSU-GO","PSU-GO 2025","PSU-MG","PSU-MG 2025","Resid\u00eancia M\u00e9dica"],"articleSection":["Editais"],"inLanguage":"pt-BR"},{"@type":"WebPage","@id":"https:\/\/www.grupomedcof.com.br\/blog\/edital-psu-mg-psu-go-e-scmr-para-residencia-medica-2024-2025\/","url":"https:\/\/www.grupomedcof.com.br\/blog\/edital-psu-mg-psu-go-e-scmr-para-residencia-medica-2024-2025\/","name":"Resid\u00eancias M\u00e9dicas AREMG | Grupo MedCof","isPartOf":{"@id":"https:\/\/www.grupomedcof.com.br\/blog\/#website"},"primaryImageOfPage":{"@id":"https:\/\/www.grupomedcof.com.br\/blog\/edital-psu-mg-psu-go-e-scmr-para-residencia-medica-2024-2025\/#primaryimage"},"image":{"@id":"https:\/\/www.grupomedcof.com.br\/blog\/edital-psu-mg-psu-go-e-scmr-para-residencia-medica-2024-2025\/#primaryimage"},"thumbnailUrl":"https:\/\/www.grupomedcof.com.br\/blog\/wp-content\/uploads\/2024\/12\/Modelo-instituicoes-45.png","datePublished":"2024-11-29T17:04:47+00:00","dateModified":"2024-12-10T17:05:03+00:00","description":"Confira os editais e todas as informa\u00e7\u00f5es das resid\u00eancias m\u00e9dicas da banda da AREMG de 2025: PSU-MG, PSU-GO e SCMR.","breadcrumb":{"@id":"https:\/\/www.grupomedcof.com.br\/blog\/edital-psu-mg-psu-go-e-scmr-para-residencia-medica-2024-2025\/#breadcrumb"},"inLanguage":"pt-BR","potentialAction":[{"@type":"ReadAction","target":["https:\/\/www.grupomedcof.com.br\/blog\/edital-psu-mg-psu-go-e-scmr-para-residencia-medica-2024-2025\/"]}]},{"@type":"ImageObject","inLanguage":"pt-BR","@id":"https:\/\/www.grupomedcof.com.br\/blog\/edital-psu-mg-psu-go-e-scmr-para-residencia-medica-2024-2025\/#primaryimage","url":"https:\/\/www.grupomedcof.com.br\/blog\/wp-content\/uploads\/2024\/12\/Modelo-instituicoes-45.png","contentUrl":"https:\/\/www.grupomedcof.com.br\/blog\/wp-content\/uploads\/2024\/12\/Modelo-instituicoes-45.png","width":1920,"height":1080},{"@type":"BreadcrumbList","@id":"https:\/\/www.grupomedcof.com.br\/blog\/edital-psu-mg-psu-go-e-scmr-para-residencia-medica-2024-2025\/#breadcrumb","itemListElement":[{"@type":"ListItem","position":1,"name":"In\u00edcio","item":"https:\/\/www.grupomedcof.com.br\/blog\/"},{"@type":"ListItem","position":2,"name":"Edital PSU-MG, PSU-GO e SCMR para Resid\u00eancia M\u00e9dica 2024\/2025"}]},{"@type":"WebSite","@id":"https:\/\/www.grupomedcof.com.br\/blog\/#website","url":"https:\/\/www.grupomedcof.com.br\/blog\/","name":"Blog de Medcof: conte\u00fados, editais, revalida e mais!","description":"Acesso o blog de MedCof! Seu portal de conte\u00fados sobre resid\u00eancia m\u00e9dica, an\u00e1lise e editais e muito mais. Clique e confira!","publisher":{"@id":"https:\/\/www.grupomedcof.com.br\/blog\/#organization"},"alternateName":"Blog de Medcof: conte\u00fados, editais, revalida e mais!","potentialAction":[{"@type":"SearchAction","target":{"@type":"EntryPoint","urlTemplate":"https:\/\/www.grupomedcof.com.br\/blog\/?s={search_term_string}"},"query-input":{"@type":"PropertyValueSpecification","valueRequired":true,"valueName":"search_term_string"}}],"inLanguage":"pt-BR"},{"@type":"Organization","@id":"https:\/\/www.grupomedcof.com.br\/blog\/#organization","name":"Grupo MedCof","url":"https:\/\/www.grupomedcof.com.br\/blog\/","logo":{"@type":"ImageObject","inLanguage":"pt-BR","@id":"https:\/\/www.grupomedcof.com.br\/blog\/#\/schema\/logo\/image\/","url":"https:\/\/www.grupomedcof.com.br\/blog\/wp-content\/uploads\/2022\/01\/logo-medcof.png","contentUrl":"https:\/\/www.grupomedcof.com.br\/blog\/wp-content\/uploads\/2022\/01\/logo-medcof.png","width":768,"height":269,"caption":"Grupo MedCof"},"image":{"@id":"https:\/\/www.grupomedcof.com.br\/blog\/#\/schema\/logo\/image\/"},"sameAs":["https:\/\/www.facebook.com\/MedCofQbank\/","https:\/\/www.instagram.com\/grupomedcof\/","https:\/\/br.linkedin.com\/company\/medcof","https:\/\/www.youtube.com\/channel\/UCdHMuOHKICxcHwecxN8P-AA"]},{"@type":"Person","@id":"https:\/\/www.grupomedcof.com.br\/blog\/#\/schema\/person\/ad0add4bd130988a15b8256e3db09359","name":"Ettore Falcone","image":{"@type":"ImageObject","inLanguage":"pt-BR","@id":"https:\/\/www.grupomedcof.com.br\/blog\/wp-content\/uploads\/2025\/11\/cropped-Imagem-do-WhatsApp-de-2025-11-27-as-10.40.59_de7ecb99-96x96.jpgcf2a84df9a5145806f5b1e554c54b779","url":"https:\/\/www.grupomedcof.com.br\/blog\/wp-content\/uploads\/2025\/11\/cropped-Imagem-do-WhatsApp-de-2025-11-27-as-10.40.59_de7ecb99-96x96.jpg","contentUrl":"https:\/\/www.grupomedcof.com.br\/blog\/wp-content\/uploads\/2025\/11\/cropped-Imagem-do-WhatsApp-de-2025-11-27-as-10.40.59_de7ecb99-96x96.jpg","caption":"Ettore Falcone"},"description":"Jornalista formado, apaixonado por gastronomia, cinema e literatura. Sempre interessado em aprender algo novo e descobrir coisas novas todos os dias.","url":"https:\/\/www.grupomedcof.com.br\/blog\/author\/ettore-falcone\/"}]}},"authors":[{"term_id":3621,"user_id":22,"is_guest":0,"slug":"ettore-falcone","display_name":"Ettore Falcone","avatar_url":"https:\/\/www.grupomedcof.com.br\/blog\/wp-content\/uploads\/2025\/11\/cropped-Imagem-do-WhatsApp-de-2025-11-27-as-10.40.59_de7ecb99-96x96.jpg","0":null,"1":"","2":"","3":"","4":"","5":"","6":"","7":"","8":""}],"_links":{"self":[{"href":"https:\/\/www.grupomedcof.com.br\/blog\/wp-json\/wp\/v2\/posts\/32370","targetHints":{"allow":["GET"]}}],"collection":[{"href":"https:\/\/www.grupomedcof.com.br\/blog\/wp-json\/wp\/v2\/posts"}],"about":[{"href":"https:\/\/www.grupomedcof.com.br\/blog\/wp-json\/wp\/v2\/types\/post"}],"author":[{"embeddable":true,"href":"https:\/\/www.grupomedcof.com.br\/blog\/wp-json\/wp\/v2\/users\/22"}],"replies":[{"embeddable":true,"href":"https:\/\/www.grupomedcof.com.br\/blog\/wp-json\/wp\/v2\/comments?post=32370"}],"version-history":[{"count":0,"href":"https:\/\/www.grupomedcof.com.br\/blog\/wp-json\/wp\/v2\/posts\/32370\/revisions"}],"wp:featuredmedia":[{"embeddable":true,"href":"https:\/\/www.grupomedcof.com.br\/blog\/wp-json\/wp\/v2\/media\/32386"}],"wp:attachment":[{"href":"https:\/\/www.grupomedcof.com.br\/blog\/wp-json\/wp\/v2\/media?parent=32370"}],"wp:term":[{"taxonomy":"category","embeddable":true,"href":"https:\/\/www.grupomedcof.com.br\/blog\/wp-json\/wp\/v2\/categories?post=32370"},{"taxonomy":"post_tag","embeddable":true,"href":"https:\/\/www.grupomedcof.com.br\/blog\/wp-json\/wp\/v2\/tags?post=32370"},{"taxonomy":"author","embeddable":true,"href":"https:\/\/www.grupomedcof.com.br\/blog\/wp-json\/wp\/v2\/ppma_author?post=32370"}],"curies":[{"name":"wp","href":"https:\/\/api.w.org\/{rel}","templated":true}]}}