{"id":32373,"date":"2024-12-13T10:24:04","date_gmt":"2024-12-13T13:24:04","guid":{"rendered":"https:\/\/www.grupomedcof.com.br\/blog\/?p=32373"},"modified":"2024-12-13T10:24:04","modified_gmt":"2024-12-13T13:24:04","slug":"fibromialgia-um-tipo-de-dor-cronica-negligenciada","status":"publish","type":"post","link":"https:\/\/www.grupomedcof.com.br\/blog\/fibromialgia-um-tipo-de-dor-cronica-negligenciada\/","title":{"rendered":"Fibromialgia: Um tipo de dor cr\u00f4nica negligenciada"},"content":{"rendered":"<div id=\"ez-toc-container\" class=\"ez-toc-v2_0_74 counter-hierarchy ez-toc-counter ez-toc-transparent ez-toc-container-direction\">\n<div class=\"ez-toc-title-container\">\n<p class=\"ez-toc-title\" style=\"cursor:inherit\">Sum\u00e1rio<\/p>\n<span class=\"ez-toc-title-toggle\"><a href=\"#\" class=\"ez-toc-pull-right ez-toc-btn ez-toc-btn-xs ez-toc-btn-default ez-toc-toggle\" aria-label=\"Alternar tabela de conte\u00fado\"><span class=\"ez-toc-js-icon-con\"><span class=\"\"><span class=\"eztoc-hide\" style=\"display:none;\">Toggle<\/span><span class=\"ez-toc-icon-toggle-span\"><svg style=\"fill: #999;color:#999\" xmlns=\"http:\/\/www.w3.org\/2000\/svg\" class=\"list-377408\" width=\"20px\" height=\"20px\" viewBox=\"0 0 24 24\" fill=\"none\"><path d=\"M6 6H4v2h2V6zm14 0H8v2h12V6zM4 11h2v2H4v-2zm16 0H8v2h12v-2zM4 16h2v2H4v-2zm16 0H8v2h12v-2z\" fill=\"currentColor\"><\/path><\/svg><svg style=\"fill: #999;color:#999\" class=\"arrow-unsorted-368013\" xmlns=\"http:\/\/www.w3.org\/2000\/svg\" width=\"10px\" height=\"10px\" viewBox=\"0 0 24 24\" version=\"1.2\" baseProfile=\"tiny\"><path d=\"M18.2 9.3l-6.2-6.3-6.2 6.3c-.2.2-.3.4-.3.7s.1.5.3.7c.2.2.4.3.7.3h11c.3 0 .5-.1.7-.3.2-.2.3-.5.3-.7s-.1-.5-.3-.7zM5.8 14.7l6.2 6.3 6.2-6.3c.2-.2.3-.5.3-.7s-.1-.5-.3-.7c-.2-.2-.4-.3-.7-.3h-11c-.3 0-.5.1-.7.3-.2.2-.3.5-.3.7s.1.5.3.7z\"\/><\/svg><\/span><\/span><\/span><\/a><\/span><\/div>\n<nav><ul class='ez-toc-list ez-toc-list-level-1 ' ><li class='ez-toc-page-1 ez-toc-heading-level-2'><a class=\"ez-toc-link ez-toc-heading-1\" href=\"https:\/\/www.grupomedcof.com.br\/blog\/fibromialgia-um-tipo-de-dor-cronica-negligenciada\/#Conceitos_Basicos\" >Conceitos B\u00e1sicos&nbsp;<\/a><\/li><li class='ez-toc-page-1 ez-toc-heading-level-2'><a class=\"ez-toc-link ez-toc-heading-2\" href=\"https:\/\/www.grupomedcof.com.br\/blog\/fibromialgia-um-tipo-de-dor-cronica-negligenciada\/#Fisiopatologia\" >Fisiopatologia&nbsp;<\/a><\/li><li class='ez-toc-page-1 ez-toc-heading-level-2'><a class=\"ez-toc-link ez-toc-heading-3\" href=\"https:\/\/www.grupomedcof.com.br\/blog\/fibromialgia-um-tipo-de-dor-cronica-negligenciada\/#Clinicamente\" >Clinicamente&nbsp;<\/a><\/li><li class='ez-toc-page-1 ez-toc-heading-level-2'><a class=\"ez-toc-link ez-toc-heading-4\" href=\"https:\/\/www.grupomedcof.com.br\/blog\/fibromialgia-um-tipo-de-dor-cronica-negligenciada\/#Diagnostico\" >Diagn\u00f3stico&nbsp;<\/a><\/li><li class='ez-toc-page-1 ez-toc-heading-level-2'><a class=\"ez-toc-link ez-toc-heading-5\" href=\"https:\/\/www.grupomedcof.com.br\/blog\/fibromialgia-um-tipo-de-dor-cronica-negligenciada\/#Tratamento\" >Tratamento&nbsp;<\/a><\/li><li class='ez-toc-page-1 ez-toc-heading-level-2'><a class=\"ez-toc-link ez-toc-heading-6\" href=\"https:\/\/www.grupomedcof.com.br\/blog\/fibromialgia-um-tipo-de-dor-cronica-negligenciada\/#Prepare-se_conosco\" >Prepare-se conosco!<\/a><\/li><\/ul><\/nav><\/div>\n\n<figure class=\"wp-block-image size-large\"><img loading=\"lazy\" decoding=\"async\" width=\"1024\" height=\"576\" src=\"https:\/\/www.grupomedcof.com.br\/blog\/wp-content\/uploads\/2024\/12\/Blog-MedCof-24-1024x576.jpg\" alt=\"\" class=\"wp-image-32379\" srcset=\"https:\/\/www.grupomedcof.com.br\/blog\/wp-content\/uploads\/2024\/12\/Blog-MedCof-24-1024x576.jpg 1024w, https:\/\/www.grupomedcof.com.br\/blog\/wp-content\/uploads\/2024\/12\/Blog-MedCof-24-300x169.jpg 300w, https:\/\/www.grupomedcof.com.br\/blog\/wp-content\/uploads\/2024\/12\/Blog-MedCof-24-768x432.jpg 768w, https:\/\/www.grupomedcof.com.br\/blog\/wp-content\/uploads\/2024\/12\/Blog-MedCof-24-1536x864.jpg 1536w, https:\/\/www.grupomedcof.com.br\/blog\/wp-content\/uploads\/2024\/12\/Blog-MedCof-24-2048x1152.jpg 2048w, https:\/\/www.grupomedcof.com.br\/blog\/wp-content\/uploads\/2024\/12\/Blog-MedCof-24-747x420.jpg 747w, https:\/\/www.grupomedcof.com.br\/blog\/wp-content\/uploads\/2024\/12\/Blog-MedCof-24-150x84.jpg 150w, https:\/\/www.grupomedcof.com.br\/blog\/wp-content\/uploads\/2024\/12\/Blog-MedCof-24-696x392.jpg 696w, https:\/\/www.grupomedcof.com.br\/blog\/wp-content\/uploads\/2024\/12\/Blog-MedCof-24-1068x601.jpg 1068w, https:\/\/www.grupomedcof.com.br\/blog\/wp-content\/uploads\/2024\/12\/Blog-MedCof-24-1920x1080.jpg 1920w\" sizes=\"auto, (max-width: 1024px) 100vw, 1024px\" \/><\/figure>\n\n\n\n<h2 class=\"wp-block-heading\" id=\"h-conceitos-basicos-nbsp\"><span class=\"ez-toc-section\" id=\"Conceitos_Basicos\"><\/span><strong>Conceitos B\u00e1sicos&nbsp;<\/strong><span class=\"ez-toc-section-end\"><\/span><\/h2>\n\n\n\n<p>Caracterizada como uma <strong>s\u00edndrome dolorosa cr\u00f4nica<\/strong>, a <strong>fibromialgia<\/strong> se manifesta com dor generalizada e fadiga constante. De acordo com dados do Minist\u00e9rio da Sa\u00fade, at\u00e9 2,5% da popula\u00e7\u00e3o brasileira apresenta essa s\u00edndrome, predominantemente as mulheres (com uma propor\u00e7\u00e3o de 6 a 8 mulheres para cada homem). Al\u00e9m disso, os pacientes est\u00e3o na faixa et\u00e1ria de 25 a 65 anos, sendo que aqueles com doen\u00e7as cr\u00f4nicas est\u00e3o mais dispostos, ainda mais se tiverem correla\u00e7\u00e3o familiar.\u00a0\u00a0<\/p>\n\n\n\n<h2 class=\"wp-block-heading\" id=\"h-fisiopatologia-nbsp\"><span class=\"ez-toc-section\" id=\"Fisiopatologia\"><\/span><strong>Fisiopatologia&nbsp;<\/strong><span class=\"ez-toc-section-end\"><\/span><\/h2>\n\n\n\n<p>Nessa s\u00edndrome, podemos identificar uma sensibiliza\u00e7\u00e3o central, gerando uma resposta inadequada aos est\u00edmulos perif\u00e9ricos. Essa sensibiliza\u00e7\u00e3o pode estar associada \u00e0 hiperatividade glutamat\u00e9rgica e ao aumento da subst\u00e2ncia P. Al\u00e9m disso, \u00e9 gerado um redu\u00e7\u00e3o dos n\u00edveis de noradrenalina e de serotonina.&nbsp;&nbsp;<\/p>\n\n\n\n<p>Diante da an\u00e1lise fisiol\u00f3gica da dor, podemos caracterizar a percep\u00e7\u00e3o do paciente, mediante a exacerba\u00e7\u00e3o dos est\u00edmulos perif\u00e9ricos e de hiperalgesia e alodinia.&nbsp;&nbsp;<\/p>\n\n\n\n<h2 class=\"wp-block-heading\" id=\"h-clinicamente-nbsp\"><span class=\"ez-toc-section\" id=\"Clinicamente\"><\/span><strong>Clinicamente&nbsp;<\/strong><span class=\"ez-toc-section-end\"><\/span><\/h2>\n\n\n\n<p>Sob a an\u00e1lise do quadro cl\u00ednico, a dor pode ser caracterizada por ser difusa (sem localiza\u00e7\u00e3o espec\u00edfica), generalizada e cr\u00f4nica (ou seja, tempo maior que 3 meses). Os pacientes relatam uma intensidade moderada a forte, com instala\u00e7\u00e3o lenta e, em alguns casos, outros fatores associados (como as parestesias). Um fator importante a ser analisado, \u00e9 a piora da dor quando h\u00e1 frio ou estresse.&nbsp;&nbsp;<\/p>\n\n\n\n<p>Al\u00e9m do sintoma mais destacado que \u00e9 a dor, podemos identificar sono n\u00e3o-farmacol\u00f3gico (quando o paciente relata dificuldade para adormecer ou continuar dormindo), fadiga e os sintomas cognitivos (com altera\u00e7\u00e3o da mem\u00f3ria, altera\u00e7\u00f5es na concentra\u00e7\u00e3o e dificuldades em an\u00e1lise l\u00f3gica).<\/p>\n\n\n\n<h2 class=\"wp-block-heading\" id=\"h-diagnostico-nbsp\"><span class=\"ez-toc-section\" id=\"Diagnostico\"><\/span><strong>Diagn\u00f3stico&nbsp;<\/strong><span class=\"ez-toc-section-end\"><\/span><\/h2>\n\n\n\n<p>Para analisar a presen\u00e7a ou n\u00e3o dos sintomas caracter\u00edsticos, podemos utilizar os crit\u00e9rios ACR 2010\/2011 para avalia\u00e7\u00e3o da dor.&nbsp;<\/p>\n\n\n\n<figure class=\"wp-block-image\"><img decoding=\"async\" src=\"https:\/\/lh7-rt.googleusercontent.com\/docsz\/AD_4nXdyoTfJ0rFlB60AxTPu0JY8V342D2vggepV3tREeM5DdmRhEeeIatBa8sHyxkg0UZmsRBoQPBrexgKZB_ijT5k-bBwA9fWIIpXjOtXo8TMUP7p-xyzMGIYxLZykvWK2DYcFLtPE2g?key=eJp0dBBRbbt8n4KTuqKftvee\" alt=\"\"\/><figcaption class=\"wp-element-caption\">Fonte: Acervo de Aulas do Grupo MedCof.<\/figcaption><\/figure>\n\n\n\n<p>Para chegarmos a um diagn\u00f3stico de fibromialgia, o IDG tem que ser maior ou igual a 7 e o EGR maior ou igual a 5, e tamb\u00e9m podemos incluir os casos de IDG entre 3 a 6 e EGS maior ou igual a 9.&nbsp;<\/p>\n\n\n\n<h2 class=\"wp-block-heading\" id=\"h-tratamento-nbsp\"><span class=\"ez-toc-section\" id=\"Tratamento\"><\/span><strong>Tratamento&nbsp;<\/strong><span class=\"ez-toc-section-end\"><\/span><\/h2>\n\n\n\n<p>O bem estar do paciente \u00e9 a meta fundamental do processo terap\u00eautico, devido \u00e0 sensibilidade \u00e0 dor que influencia em todas as \u00e1reas de vida dele.&nbsp; A terapia n\u00e3o farmacol\u00f3gica inclui educa\u00e7\u00e3o sobre a s\u00edndrome, rotina de exerc\u00edcios (em torno de 150 minutos por semana) e terapia cognitivo-comportamental, tendo em vista os outros sintomas associados. Ademais, a terapia farmacol\u00f3gica inclui o uso de duloxetina, venlafaxina, pregabalina, antidepressivos tric\u00edclicos e tramadol, a depender do caso do paciente.&nbsp;<\/p>\n\n\n\n<h2 class=\"wp-block-heading\" id=\"prepare-se-conosco\"><span class=\"ez-toc-section\" id=\"Prepare-se_conosco\"><\/span><strong>Prepare-se conosco!<\/strong><span class=\"ez-toc-section-end\"><\/span><\/h2>\n\n\n\n<p>Quer se preparar para as provas de resid\u00eancia m\u00e9dica de 2025? Ent\u00e3o prepare-se com o&nbsp;<a href=\"https:\/\/www.grupomedcof.com.br\/home\/\" target=\"_blank\" rel=\"noreferrer noopener\">Grupo MedCof<\/a>&nbsp;e confira o v\u00eddeo no qual nossos especialistas tiram d\u00favidas sobre as&nbsp;<a href=\"https:\/\/www.grupomedcof.com.br\/blog\/presenca-da-medcof-nas-aprovacoes-em-residencia-medica-no-brasil\/\" target=\"_blank\" rel=\"noreferrer noopener\">principais resid\u00eancias!<\/a><\/p>\n\n\n\n<figure class=\"wp-block-embed is-type-video is-provider-youtube wp-block-embed-youtube wp-embed-aspect-16-9 wp-has-aspect-ratio\"><div class=\"wp-block-embed__wrapper\">\n<div class=\"youtube-embed\" data-video_id=\"J52i1HpCXHU\"><iframe loading=\"lazy\" title=\"Desmistificando a Fibromialgia: Causas e Tratamentos. Com Dr. Henrique Dalmolin\" width=\"696\" height=\"392\" src=\"https:\/\/www.youtube.com\/embed\/J52i1HpCXHU?feature=oembed&#038;enablejsapi=1\" frameborder=\"0\" allow=\"accelerometer; autoplay; clipboard-write; encrypted-media; gyroscope; picture-in-picture; web-share\" referrerpolicy=\"strict-origin-when-cross-origin\" allowfullscreen><\/iframe><\/div>\n<\/div><\/figure>\n","protected":false},"excerpt":{"rendered":"<p>Caracterizada como uma s\u00edndrome dolorosa cr\u00f4nica, a fibromialgia se manifesta com dor generalizada e fadiga constante. Entenda!<\/p>\n","protected":false},"author":21,"featured_media":32379,"comment_status":"open","ping_status":"open","sticky":false,"template":"","format":"standard","meta":{"footnotes":""},"categories":[115],"tags":[2365,2366,984],"ppma_author":[3617],"class_list":{"0":"post-32373","1":"post","2":"type-post","3":"status-publish","4":"format-standard","5":"has-post-thumbnail","7":"category-clinica-medica","8":"tag-dor-cronica","9":"tag-fibromialgia","10":"tag-negligencia"},"yoast_head":"<!-- This site is optimized with the Yoast SEO Premium plugin v24.3 (Yoast SEO v27.4) - https:\/\/yoast.com\/product\/yoast-seo-premium-wordpress\/ -->\n<title>Fibromialgia: Um tipo de dor cr\u00f4nica negligenciada - Blog de Medcof: conte\u00fados, editais, revalida e mais!<\/title>\n<meta name=\"description\" content=\"Caracterizada como uma s\u00edndrome dolorosa cr\u00f4nica, a fibromialgia se manifesta com dor generalizada e fadiga constante. Entenda!\" \/>\n<meta name=\"robots\" content=\"index, follow, max-snippet:-1, max-image-preview:large, max-video-preview:-1\" \/>\n<link rel=\"canonical\" href=\"https:\/\/www.grupomedcof.com.br\/blog\/fibromialgia-um-tipo-de-dor-cronica-negligenciada\/\" \/>\n<meta property=\"og:locale\" content=\"pt_BR\" \/>\n<meta property=\"og:type\" content=\"article\" \/>\n<meta property=\"og:title\" content=\"Fibromialgia: Um tipo de dor cr\u00f4nica negligenciada\" \/>\n<meta property=\"og:description\" content=\"Caracterizada como uma s\u00edndrome dolorosa cr\u00f4nica, a fibromialgia se manifesta com dor generalizada e fadiga constante. Entenda!\" \/>\n<meta property=\"og:url\" content=\"https:\/\/www.grupomedcof.com.br\/blog\/fibromialgia-um-tipo-de-dor-cronica-negligenciada\/\" \/>\n<meta property=\"og:site_name\" content=\"Blog de Medcof: conte\u00fados, editais, revalida e mais!\" \/>\n<meta property=\"article:publisher\" content=\"https:\/\/www.facebook.com\/MedCofQbank\/\" \/>\n<meta property=\"article:published_time\" content=\"2024-12-13T13:24:04+00:00\" \/>\n<meta property=\"og:image\" content=\"https:\/\/www.grupomedcof.com.br\/blog\/wp-content\/uploads\/2024\/12\/Blog-MedCof-24-scaled.jpg\" \/>\n\t<meta property=\"og:image:width\" content=\"2560\" \/>\n\t<meta property=\"og:image:height\" content=\"1440\" \/>\n\t<meta property=\"og:image:type\" content=\"image\/jpeg\" \/>\n<meta name=\"author\" content=\"Kiara Adelino\" \/>\n<meta name=\"twitter:card\" content=\"summary_large_image\" \/>\n<meta name=\"twitter:label1\" content=\"Escrito por\" \/>\n\t<meta name=\"twitter:data1\" content=\"Kiara Adelino\" \/>\n\t<meta name=\"twitter:label2\" content=\"Est. tempo de leitura\" \/>\n\t<meta name=\"twitter:data2\" content=\"3 minutos\" \/>\n<script type=\"application\/ld+json\" class=\"yoast-schema-graph\">{\"@context\":\"https:\\\/\\\/schema.org\",\"@graph\":[{\"@type\":\"Article\",\"@id\":\"https:\\\/\\\/www.grupomedcof.com.br\\\/blog\\\/fibromialgia-um-tipo-de-dor-cronica-negligenciada\\\/#article\",\"isPartOf\":{\"@id\":\"https:\\\/\\\/www.grupomedcof.com.br\\\/blog\\\/fibromialgia-um-tipo-de-dor-cronica-negligenciada\\\/\"},\"author\":{\"name\":\"Kiara Adelino\",\"@id\":\"https:\\\/\\\/www.grupomedcof.com.br\\\/blog\\\/#\\\/schema\\\/person\\\/db19a651f86c5fc202d6eee744fd3292\"},\"headline\":\"Fibromialgia: Um tipo de dor cr\u00f4nica negligenciada\",\"datePublished\":\"2024-12-13T13:24:04+00:00\",\"mainEntityOfPage\":{\"@id\":\"https:\\\/\\\/www.grupomedcof.com.br\\\/blog\\\/fibromialgia-um-tipo-de-dor-cronica-negligenciada\\\/\"},\"wordCount\":509,\"commentCount\":0,\"publisher\":{\"@id\":\"https:\\\/\\\/www.grupomedcof.com.br\\\/blog\\\/#organization\"},\"image\":{\"@id\":\"https:\\\/\\\/www.grupomedcof.com.br\\\/blog\\\/fibromialgia-um-tipo-de-dor-cronica-negligenciada\\\/#primaryimage\"},\"thumbnailUrl\":\"https:\\\/\\\/www.grupomedcof.com.br\\\/blog\\\/wp-content\\\/uploads\\\/2024\\\/12\\\/Blog-MedCof-24-scaled.jpg\",\"keywords\":[\"Dor cr\u00f4nica\",\"Fibromialgia\",\"neglig\u00eancia\"],\"articleSection\":[\"Cl\u00ednica M\u00e9dica\"],\"inLanguage\":\"pt-BR\"},{\"@type\":\"WebPage\",\"@id\":\"https:\\\/\\\/www.grupomedcof.com.br\\\/blog\\\/fibromialgia-um-tipo-de-dor-cronica-negligenciada\\\/\",\"url\":\"https:\\\/\\\/www.grupomedcof.com.br\\\/blog\\\/fibromialgia-um-tipo-de-dor-cronica-negligenciada\\\/\",\"name\":\"Fibromialgia: Um tipo de dor cr\u00f4nica negligenciada - Blog de Medcof: conte\u00fados, editais, revalida e mais!\",\"isPartOf\":{\"@id\":\"https:\\\/\\\/www.grupomedcof.com.br\\\/blog\\\/#website\"},\"primaryImageOfPage\":{\"@id\":\"https:\\\/\\\/www.grupomedcof.com.br\\\/blog\\\/fibromialgia-um-tipo-de-dor-cronica-negligenciada\\\/#primaryimage\"},\"image\":{\"@id\":\"https:\\\/\\\/www.grupomedcof.com.br\\\/blog\\\/fibromialgia-um-tipo-de-dor-cronica-negligenciada\\\/#primaryimage\"},\"thumbnailUrl\":\"https:\\\/\\\/www.grupomedcof.com.br\\\/blog\\\/wp-content\\\/uploads\\\/2024\\\/12\\\/Blog-MedCof-24-scaled.jpg\",\"datePublished\":\"2024-12-13T13:24:04+00:00\",\"description\":\"Caracterizada como uma s\u00edndrome dolorosa cr\u00f4nica, a fibromialgia se manifesta com dor generalizada e fadiga constante. Entenda!\",\"breadcrumb\":{\"@id\":\"https:\\\/\\\/www.grupomedcof.com.br\\\/blog\\\/fibromialgia-um-tipo-de-dor-cronica-negligenciada\\\/#breadcrumb\"},\"inLanguage\":\"pt-BR\",\"potentialAction\":[{\"@type\":\"ReadAction\",\"target\":[\"https:\\\/\\\/www.grupomedcof.com.br\\\/blog\\\/fibromialgia-um-tipo-de-dor-cronica-negligenciada\\\/\"]}]},{\"@type\":\"ImageObject\",\"inLanguage\":\"pt-BR\",\"@id\":\"https:\\\/\\\/www.grupomedcof.com.br\\\/blog\\\/fibromialgia-um-tipo-de-dor-cronica-negligenciada\\\/#primaryimage\",\"url\":\"https:\\\/\\\/www.grupomedcof.com.br\\\/blog\\\/wp-content\\\/uploads\\\/2024\\\/12\\\/Blog-MedCof-24-scaled.jpg\",\"contentUrl\":\"https:\\\/\\\/www.grupomedcof.com.br\\\/blog\\\/wp-content\\\/uploads\\\/2024\\\/12\\\/Blog-MedCof-24-scaled.jpg\",\"width\":2560,\"height\":1440},{\"@type\":\"BreadcrumbList\",\"@id\":\"https:\\\/\\\/www.grupomedcof.com.br\\\/blog\\\/fibromialgia-um-tipo-de-dor-cronica-negligenciada\\\/#breadcrumb\",\"itemListElement\":[{\"@type\":\"ListItem\",\"position\":1,\"name\":\"In\u00edcio\",\"item\":\"https:\\\/\\\/www.grupomedcof.com.br\\\/blog\\\/\"},{\"@type\":\"ListItem\",\"position\":2,\"name\":\"Fibromialgia: Um tipo de dor cr\u00f4nica negligenciada\"}]},{\"@type\":\"WebSite\",\"@id\":\"https:\\\/\\\/www.grupomedcof.com.br\\\/blog\\\/#website\",\"url\":\"https:\\\/\\\/www.grupomedcof.com.br\\\/blog\\\/\",\"name\":\"Blog de Medcof: conte\u00fados, editais, revalida e mais!\",\"description\":\"Acesso o blog de MedCof! Seu portal de conte\u00fados sobre resid\u00eancia m\u00e9dica, an\u00e1lise e editais e muito mais. Clique e confira!\",\"publisher\":{\"@id\":\"https:\\\/\\\/www.grupomedcof.com.br\\\/blog\\\/#organization\"},\"alternateName\":\"Blog de Medcof: conte\u00fados, editais, revalida e mais!\",\"potentialAction\":[{\"@type\":\"SearchAction\",\"target\":{\"@type\":\"EntryPoint\",\"urlTemplate\":\"https:\\\/\\\/www.grupomedcof.com.br\\\/blog\\\/?s={search_term_string}\"},\"query-input\":{\"@type\":\"PropertyValueSpecification\",\"valueRequired\":true,\"valueName\":\"search_term_string\"}}],\"inLanguage\":\"pt-BR\"},{\"@type\":\"Organization\",\"@id\":\"https:\\\/\\\/www.grupomedcof.com.br\\\/blog\\\/#organization\",\"name\":\"Grupo MedCof\",\"url\":\"https:\\\/\\\/www.grupomedcof.com.br\\\/blog\\\/\",\"logo\":{\"@type\":\"ImageObject\",\"inLanguage\":\"pt-BR\",\"@id\":\"https:\\\/\\\/www.grupomedcof.com.br\\\/blog\\\/#\\\/schema\\\/logo\\\/image\\\/\",\"url\":\"https:\\\/\\\/www.grupomedcof.com.br\\\/blog\\\/wp-content\\\/uploads\\\/2022\\\/01\\\/logo-medcof.png\",\"contentUrl\":\"https:\\\/\\\/www.grupomedcof.com.br\\\/blog\\\/wp-content\\\/uploads\\\/2022\\\/01\\\/logo-medcof.png\",\"width\":768,\"height\":269,\"caption\":\"Grupo MedCof\"},\"image\":{\"@id\":\"https:\\\/\\\/www.grupomedcof.com.br\\\/blog\\\/#\\\/schema\\\/logo\\\/image\\\/\"},\"sameAs\":[\"https:\\\/\\\/www.facebook.com\\\/MedCofQbank\\\/\",\"https:\\\/\\\/www.instagram.com\\\/grupomedcof\\\/\",\"https:\\\/\\\/br.linkedin.com\\\/company\\\/medcof\",\"https:\\\/\\\/www.youtube.com\\\/channel\\\/UCdHMuOHKICxcHwecxN8P-AA\"]},{\"@type\":\"Person\",\"@id\":\"https:\\\/\\\/www.grupomedcof.com.br\\\/blog\\\/#\\\/schema\\\/person\\\/db19a651f86c5fc202d6eee744fd3292\",\"name\":\"Kiara Adelino\",\"image\":{\"@type\":\"ImageObject\",\"inLanguage\":\"pt-BR\",\"@id\":\"https:\\\/\\\/www.grupomedcof.com.br\\\/blog\\\/wp-content\\\/uploads\\\/2024\\\/08\\\/cropped-Kiara-Adelino2-96x96.jpega85663bdda67261f8f06f86e555e1e49\",\"url\":\"https:\\\/\\\/www.grupomedcof.com.br\\\/blog\\\/wp-content\\\/uploads\\\/2024\\\/08\\\/cropped-Kiara-Adelino2-96x96.jpeg\",\"contentUrl\":\"https:\\\/\\\/www.grupomedcof.com.br\\\/blog\\\/wp-content\\\/uploads\\\/2024\\\/08\\\/cropped-Kiara-Adelino2-96x96.jpeg\",\"caption\":\"Kiara Adelino\"},\"description\":\"Estudante do 5\u00b0 semestre de Medicina. Gosto bastante de aprender coisas novas, principalmente na \u00e1rea de Neurologia e Anatomia humana.\",\"url\":\"https:\\\/\\\/www.grupomedcof.com.br\\\/blog\\\/author\\\/kiara-adelino\\\/\"}]}<\/script>\n<!-- \/ Yoast SEO Premium plugin. -->","yoast_head_json":{"title":"Fibromialgia: Um tipo de dor cr\u00f4nica negligenciada - Blog de Medcof: conte\u00fados, editais, revalida e mais!","description":"Caracterizada como uma s\u00edndrome dolorosa cr\u00f4nica, a fibromialgia se manifesta com dor generalizada e fadiga constante. Entenda!","robots":{"index":"index","follow":"follow","max-snippet":"max-snippet:-1","max-image-preview":"max-image-preview:large","max-video-preview":"max-video-preview:-1"},"canonical":"https:\/\/www.grupomedcof.com.br\/blog\/fibromialgia-um-tipo-de-dor-cronica-negligenciada\/","og_locale":"pt_BR","og_type":"article","og_title":"Fibromialgia: Um tipo de dor cr\u00f4nica negligenciada","og_description":"Caracterizada como uma s\u00edndrome dolorosa cr\u00f4nica, a fibromialgia se manifesta com dor generalizada e fadiga constante. Entenda!","og_url":"https:\/\/www.grupomedcof.com.br\/blog\/fibromialgia-um-tipo-de-dor-cronica-negligenciada\/","og_site_name":"Blog de Medcof: conte\u00fados, editais, revalida e mais!","article_publisher":"https:\/\/www.facebook.com\/MedCofQbank\/","article_published_time":"2024-12-13T13:24:04+00:00","og_image":[{"width":2560,"height":1440,"url":"https:\/\/www.grupomedcof.com.br\/blog\/wp-content\/uploads\/2024\/12\/Blog-MedCof-24-scaled.jpg","type":"image\/jpeg"}],"author":"Kiara Adelino","twitter_card":"summary_large_image","twitter_misc":{"Escrito por":"Kiara Adelino","Est. tempo de leitura":"3 minutos"},"schema":{"@context":"https:\/\/schema.org","@graph":[{"@type":"Article","@id":"https:\/\/www.grupomedcof.com.br\/blog\/fibromialgia-um-tipo-de-dor-cronica-negligenciada\/#article","isPartOf":{"@id":"https:\/\/www.grupomedcof.com.br\/blog\/fibromialgia-um-tipo-de-dor-cronica-negligenciada\/"},"author":{"name":"Kiara Adelino","@id":"https:\/\/www.grupomedcof.com.br\/blog\/#\/schema\/person\/db19a651f86c5fc202d6eee744fd3292"},"headline":"Fibromialgia: Um tipo de dor cr\u00f4nica negligenciada","datePublished":"2024-12-13T13:24:04+00:00","mainEntityOfPage":{"@id":"https:\/\/www.grupomedcof.com.br\/blog\/fibromialgia-um-tipo-de-dor-cronica-negligenciada\/"},"wordCount":509,"commentCount":0,"publisher":{"@id":"https:\/\/www.grupomedcof.com.br\/blog\/#organization"},"image":{"@id":"https:\/\/www.grupomedcof.com.br\/blog\/fibromialgia-um-tipo-de-dor-cronica-negligenciada\/#primaryimage"},"thumbnailUrl":"https:\/\/www.grupomedcof.com.br\/blog\/wp-content\/uploads\/2024\/12\/Blog-MedCof-24-scaled.jpg","keywords":["Dor cr\u00f4nica","Fibromialgia","neglig\u00eancia"],"articleSection":["Cl\u00ednica M\u00e9dica"],"inLanguage":"pt-BR"},{"@type":"WebPage","@id":"https:\/\/www.grupomedcof.com.br\/blog\/fibromialgia-um-tipo-de-dor-cronica-negligenciada\/","url":"https:\/\/www.grupomedcof.com.br\/blog\/fibromialgia-um-tipo-de-dor-cronica-negligenciada\/","name":"Fibromialgia: Um tipo de dor cr\u00f4nica negligenciada - Blog de Medcof: conte\u00fados, editais, revalida e mais!","isPartOf":{"@id":"https:\/\/www.grupomedcof.com.br\/blog\/#website"},"primaryImageOfPage":{"@id":"https:\/\/www.grupomedcof.com.br\/blog\/fibromialgia-um-tipo-de-dor-cronica-negligenciada\/#primaryimage"},"image":{"@id":"https:\/\/www.grupomedcof.com.br\/blog\/fibromialgia-um-tipo-de-dor-cronica-negligenciada\/#primaryimage"},"thumbnailUrl":"https:\/\/www.grupomedcof.com.br\/blog\/wp-content\/uploads\/2024\/12\/Blog-MedCof-24-scaled.jpg","datePublished":"2024-12-13T13:24:04+00:00","description":"Caracterizada como uma s\u00edndrome dolorosa cr\u00f4nica, a fibromialgia se manifesta com dor generalizada e fadiga constante. Entenda!","breadcrumb":{"@id":"https:\/\/www.grupomedcof.com.br\/blog\/fibromialgia-um-tipo-de-dor-cronica-negligenciada\/#breadcrumb"},"inLanguage":"pt-BR","potentialAction":[{"@type":"ReadAction","target":["https:\/\/www.grupomedcof.com.br\/blog\/fibromialgia-um-tipo-de-dor-cronica-negligenciada\/"]}]},{"@type":"ImageObject","inLanguage":"pt-BR","@id":"https:\/\/www.grupomedcof.com.br\/blog\/fibromialgia-um-tipo-de-dor-cronica-negligenciada\/#primaryimage","url":"https:\/\/www.grupomedcof.com.br\/blog\/wp-content\/uploads\/2024\/12\/Blog-MedCof-24-scaled.jpg","contentUrl":"https:\/\/www.grupomedcof.com.br\/blog\/wp-content\/uploads\/2024\/12\/Blog-MedCof-24-scaled.jpg","width":2560,"height":1440},{"@type":"BreadcrumbList","@id":"https:\/\/www.grupomedcof.com.br\/blog\/fibromialgia-um-tipo-de-dor-cronica-negligenciada\/#breadcrumb","itemListElement":[{"@type":"ListItem","position":1,"name":"In\u00edcio","item":"https:\/\/www.grupomedcof.com.br\/blog\/"},{"@type":"ListItem","position":2,"name":"Fibromialgia: Um tipo de dor cr\u00f4nica negligenciada"}]},{"@type":"WebSite","@id":"https:\/\/www.grupomedcof.com.br\/blog\/#website","url":"https:\/\/www.grupomedcof.com.br\/blog\/","name":"Blog de Medcof: conte\u00fados, editais, revalida e mais!","description":"Acesso o blog de MedCof! Seu portal de conte\u00fados sobre resid\u00eancia m\u00e9dica, an\u00e1lise e editais e muito mais. Clique e confira!","publisher":{"@id":"https:\/\/www.grupomedcof.com.br\/blog\/#organization"},"alternateName":"Blog de Medcof: conte\u00fados, editais, revalida e mais!","potentialAction":[{"@type":"SearchAction","target":{"@type":"EntryPoint","urlTemplate":"https:\/\/www.grupomedcof.com.br\/blog\/?s={search_term_string}"},"query-input":{"@type":"PropertyValueSpecification","valueRequired":true,"valueName":"search_term_string"}}],"inLanguage":"pt-BR"},{"@type":"Organization","@id":"https:\/\/www.grupomedcof.com.br\/blog\/#organization","name":"Grupo MedCof","url":"https:\/\/www.grupomedcof.com.br\/blog\/","logo":{"@type":"ImageObject","inLanguage":"pt-BR","@id":"https:\/\/www.grupomedcof.com.br\/blog\/#\/schema\/logo\/image\/","url":"https:\/\/www.grupomedcof.com.br\/blog\/wp-content\/uploads\/2022\/01\/logo-medcof.png","contentUrl":"https:\/\/www.grupomedcof.com.br\/blog\/wp-content\/uploads\/2022\/01\/logo-medcof.png","width":768,"height":269,"caption":"Grupo MedCof"},"image":{"@id":"https:\/\/www.grupomedcof.com.br\/blog\/#\/schema\/logo\/image\/"},"sameAs":["https:\/\/www.facebook.com\/MedCofQbank\/","https:\/\/www.instagram.com\/grupomedcof\/","https:\/\/br.linkedin.com\/company\/medcof","https:\/\/www.youtube.com\/channel\/UCdHMuOHKICxcHwecxN8P-AA"]},{"@type":"Person","@id":"https:\/\/www.grupomedcof.com.br\/blog\/#\/schema\/person\/db19a651f86c5fc202d6eee744fd3292","name":"Kiara Adelino","image":{"@type":"ImageObject","inLanguage":"pt-BR","@id":"https:\/\/www.grupomedcof.com.br\/blog\/wp-content\/uploads\/2024\/08\/cropped-Kiara-Adelino2-96x96.jpega85663bdda67261f8f06f86e555e1e49","url":"https:\/\/www.grupomedcof.com.br\/blog\/wp-content\/uploads\/2024\/08\/cropped-Kiara-Adelino2-96x96.jpeg","contentUrl":"https:\/\/www.grupomedcof.com.br\/blog\/wp-content\/uploads\/2024\/08\/cropped-Kiara-Adelino2-96x96.jpeg","caption":"Kiara Adelino"},"description":"Estudante do 5\u00b0 semestre de Medicina. Gosto bastante de aprender coisas novas, principalmente na \u00e1rea de Neurologia e Anatomia humana.","url":"https:\/\/www.grupomedcof.com.br\/blog\/author\/kiara-adelino\/"}]}},"authors":[{"term_id":3617,"user_id":21,"is_guest":0,"slug":"kiara-adelino","display_name":"Kiara Adelino","avatar_url":"https:\/\/www.grupomedcof.com.br\/blog\/wp-content\/uploads\/2024\/08\/cropped-Kiara-Adelino2-96x96.jpeg","0":null,"1":"","2":"","3":"","4":"","5":"","6":"","7":"","8":""}],"_links":{"self":[{"href":"https:\/\/www.grupomedcof.com.br\/blog\/wp-json\/wp\/v2\/posts\/32373","targetHints":{"allow":["GET"]}}],"collection":[{"href":"https:\/\/www.grupomedcof.com.br\/blog\/wp-json\/wp\/v2\/posts"}],"about":[{"href":"https:\/\/www.grupomedcof.com.br\/blog\/wp-json\/wp\/v2\/types\/post"}],"author":[{"embeddable":true,"href":"https:\/\/www.grupomedcof.com.br\/blog\/wp-json\/wp\/v2\/users\/21"}],"replies":[{"embeddable":true,"href":"https:\/\/www.grupomedcof.com.br\/blog\/wp-json\/wp\/v2\/comments?post=32373"}],"version-history":[{"count":0,"href":"https:\/\/www.grupomedcof.com.br\/blog\/wp-json\/wp\/v2\/posts\/32373\/revisions"}],"wp:featuredmedia":[{"embeddable":true,"href":"https:\/\/www.grupomedcof.com.br\/blog\/wp-json\/wp\/v2\/media\/32379"}],"wp:attachment":[{"href":"https:\/\/www.grupomedcof.com.br\/blog\/wp-json\/wp\/v2\/media?parent=32373"}],"wp:term":[{"taxonomy":"category","embeddable":true,"href":"https:\/\/www.grupomedcof.com.br\/blog\/wp-json\/wp\/v2\/categories?post=32373"},{"taxonomy":"post_tag","embeddable":true,"href":"https:\/\/www.grupomedcof.com.br\/blog\/wp-json\/wp\/v2\/tags?post=32373"},{"taxonomy":"author","embeddable":true,"href":"https:\/\/www.grupomedcof.com.br\/blog\/wp-json\/wp\/v2\/ppma_author?post=32373"}],"curies":[{"name":"wp","href":"https:\/\/api.w.org\/{rel}","templated":true}]}}