{"id":32391,"date":"2026-04-13T10:50:22","date_gmt":"2026-04-13T13:50:22","guid":{"rendered":"https:\/\/www.grupomedcof.com.br\/blog\/?p=32391"},"modified":"2026-04-13T10:50:24","modified_gmt":"2026-04-13T13:50:24","slug":"residencia-medica-puc-sp","status":"publish","type":"post","link":"https:\/\/www.grupomedcof.com.br\/blog\/residencia-medica-puc-sp\/","title":{"rendered":"Resid\u00eancia M\u00e9dica PUC-SP 2025\/2026: vagas, concorr\u00eancia, notas de corte e mais!"},"content":{"rendered":"<div id=\"ez-toc-container\" class=\"ez-toc-v2_0_74 counter-hierarchy ez-toc-counter ez-toc-transparent ez-toc-container-direction\">\n<div class=\"ez-toc-title-container\">\n<p class=\"ez-toc-title\" style=\"cursor:inherit\">Sum\u00e1rio<\/p>\n<span class=\"ez-toc-title-toggle\"><a href=\"#\" class=\"ez-toc-pull-right ez-toc-btn ez-toc-btn-xs ez-toc-btn-default ez-toc-toggle\" aria-label=\"Alternar tabela de conte\u00fado\"><span class=\"ez-toc-js-icon-con\"><span class=\"\"><span class=\"eztoc-hide\" style=\"display:none;\">Toggle<\/span><span class=\"ez-toc-icon-toggle-span\"><svg style=\"fill: #999;color:#999\" xmlns=\"http:\/\/www.w3.org\/2000\/svg\" class=\"list-377408\" width=\"20px\" height=\"20px\" viewBox=\"0 0 24 24\" fill=\"none\"><path d=\"M6 6H4v2h2V6zm14 0H8v2h12V6zM4 11h2v2H4v-2zm16 0H8v2h12v-2zM4 16h2v2H4v-2zm16 0H8v2h12v-2z\" fill=\"currentColor\"><\/path><\/svg><svg style=\"fill: #999;color:#999\" class=\"arrow-unsorted-368013\" xmlns=\"http:\/\/www.w3.org\/2000\/svg\" width=\"10px\" height=\"10px\" viewBox=\"0 0 24 24\" version=\"1.2\" baseProfile=\"tiny\"><path d=\"M18.2 9.3l-6.2-6.3-6.2 6.3c-.2.2-.3.4-.3.7s.1.5.3.7c.2.2.4.3.7.3h11c.3 0 .5-.1.7-.3.2-.2.3-.5.3-.7s-.1-.5-.3-.7zM5.8 14.7l6.2 6.3 6.2-6.3c.2-.2.3-.5.3-.7s-.1-.5-.3-.7c-.2-.2-.4-.3-.7-.3h-11c-.3 0-.5.1-.7.3-.2.2-.3.5-.3.7s.1.5.3.7z\"\/><\/svg><\/span><\/span><\/span><\/a><\/span><\/div>\n<nav><ul class='ez-toc-list ez-toc-list-level-1 ' ><li class='ez-toc-page-1 ez-toc-heading-level-2'><a class=\"ez-toc-link ez-toc-heading-1\" href=\"https:\/\/www.grupomedcof.com.br\/blog\/residencia-medica-puc-sp\/#Edital_PUC-SP_20252026\" >Edital PUC-SP 2025\/2026<\/a><ul class='ez-toc-list-level-3' ><li class='ez-toc-heading-level-3'><a class=\"ez-toc-link ez-toc-heading-2\" href=\"https:\/\/www.grupomedcof.com.br\/blog\/residencia-medica-puc-sp\/#Inscricoes\" >Inscri\u00e7\u00f5es<\/a><\/li><li class='ez-toc-page-1 ez-toc-heading-level-3'><a class=\"ez-toc-link ez-toc-heading-3\" href=\"https:\/\/www.grupomedcof.com.br\/blog\/residencia-medica-puc-sp\/#Prova_objetiva\" >Prova objetiva<\/a><\/li><li class='ez-toc-page-1 ez-toc-heading-level-3'><a class=\"ez-toc-link ez-toc-heading-4\" href=\"https:\/\/www.grupomedcof.com.br\/blog\/residencia-medica-puc-sp\/#Analise_curricular\" >An\u00e1lise curricular<\/a><\/li><\/ul><\/li><li class='ez-toc-page-1 ez-toc-heading-level-2'><a class=\"ez-toc-link ez-toc-heading-5\" href=\"https:\/\/www.grupomedcof.com.br\/blog\/residencia-medica-puc-sp\/#Vagas_ofertadas\" >Vagas ofertadas<\/a><ul class='ez-toc-list-level-3' ><li class='ez-toc-heading-level-3'><a class=\"ez-toc-link ez-toc-heading-6\" href=\"https:\/\/www.grupomedcof.com.br\/blog\/residencia-medica-puc-sp\/#Acesso_Direto\" >Acesso Direto<\/a><\/li><li class='ez-toc-page-1 ez-toc-heading-level-3'><a class=\"ez-toc-link ez-toc-heading-7\" href=\"https:\/\/www.grupomedcof.com.br\/blog\/residencia-medica-puc-sp\/#Pre-Requisito\" >Pr\u00e9-Requisito<\/a><\/li><\/ul><\/li><li class='ez-toc-page-1 ez-toc-heading-level-2'><a class=\"ez-toc-link ez-toc-heading-8\" href=\"https:\/\/www.grupomedcof.com.br\/blog\/residencia-medica-puc-sp\/#Relacao_CandidatoVaga_Concorrencia_PUC-SP\" >Rela\u00e7\u00e3o Candidato\/Vaga (Concorr\u00eancia)&nbsp;PUC-SP<\/a><ul class='ez-toc-list-level-3' ><li class='ez-toc-heading-level-3'><a class=\"ez-toc-link ez-toc-heading-9\" href=\"https:\/\/www.grupomedcof.com.br\/blog\/residencia-medica-puc-sp\/#Acesso_Direto-2\" >Acesso Direto<\/a><\/li><\/ul><\/li><li class='ez-toc-page-1 ez-toc-heading-level-2'><a class=\"ez-toc-link ez-toc-heading-10\" href=\"https:\/\/www.grupomedcof.com.br\/blog\/residencia-medica-puc-sp\/#Resultado_da_1a_etapa_e_convocacao_para_analise_curricular\" >Resultado da 1\u00aa etapa e convoca\u00e7\u00e3o para an\u00e1lise curricular<\/a><\/li><li class='ez-toc-page-1 ez-toc-heading-level-2'><a class=\"ez-toc-link ez-toc-heading-11\" href=\"https:\/\/www.grupomedcof.com.br\/blog\/residencia-medica-puc-sp\/#Resultado_Final_PUC-SP_2026\" >Resultado Final PUC-SP 2026<\/a><\/li><li class='ez-toc-page-1 ez-toc-heading-level-2'><a class=\"ez-toc-link ez-toc-heading-12\" href=\"https:\/\/www.grupomedcof.com.br\/blog\/residencia-medica-puc-sp\/#Criterios_de_desempate\" >Crit\u00e9rios de desempate<\/a><\/li><li class='ez-toc-page-1 ez-toc-heading-level-2'><a class=\"ez-toc-link ez-toc-heading-13\" href=\"https:\/\/www.grupomedcof.com.br\/blog\/residencia-medica-puc-sp\/#Nota_de_corte_de_residencia_medica_da_PUC-SP\" >Nota de corte de resid\u00eancia m\u00e9dica da PUC-SP<\/a><\/li><li class='ez-toc-page-1 ez-toc-heading-level-2'><a class=\"ez-toc-link ez-toc-heading-14\" href=\"https:\/\/www.grupomedcof.com.br\/blog\/residencia-medica-puc-sp\/#O_metodo_que_te_aprova\" >O m\u00e9todo que te aprova!<\/a><\/li><\/ul><\/nav><\/div>\n\n<figure class=\"wp-block-image size-large\"><img loading=\"lazy\" decoding=\"async\" width=\"1024\" height=\"576\" src=\"https:\/\/www.grupomedcof.com.br\/blog\/wp-content\/uploads\/2024\/12\/Modelo-instituicoes-42-1024x576.jpg\" alt=\"\" class=\"wp-image-32401\" srcset=\"https:\/\/www.grupomedcof.com.br\/blog\/wp-content\/uploads\/2024\/12\/Modelo-instituicoes-42-1024x576.jpg 1024w, https:\/\/www.grupomedcof.com.br\/blog\/wp-content\/uploads\/2024\/12\/Modelo-instituicoes-42-300x169.jpg 300w, https:\/\/www.grupomedcof.com.br\/blog\/wp-content\/uploads\/2024\/12\/Modelo-instituicoes-42-768x432.jpg 768w, https:\/\/www.grupomedcof.com.br\/blog\/wp-content\/uploads\/2024\/12\/Modelo-instituicoes-42-1536x864.jpg 1536w, https:\/\/www.grupomedcof.com.br\/blog\/wp-content\/uploads\/2024\/12\/Modelo-instituicoes-42-2048x1152.jpg 2048w, https:\/\/www.grupomedcof.com.br\/blog\/wp-content\/uploads\/2024\/12\/Modelo-instituicoes-42-747x420.jpg 747w, https:\/\/www.grupomedcof.com.br\/blog\/wp-content\/uploads\/2024\/12\/Modelo-instituicoes-42-150x84.jpg 150w, https:\/\/www.grupomedcof.com.br\/blog\/wp-content\/uploads\/2024\/12\/Modelo-instituicoes-42-696x392.jpg 696w, https:\/\/www.grupomedcof.com.br\/blog\/wp-content\/uploads\/2024\/12\/Modelo-instituicoes-42-1068x601.jpg 1068w, https:\/\/www.grupomedcof.com.br\/blog\/wp-content\/uploads\/2024\/12\/Modelo-instituicoes-42-1920x1080.jpg 1920w\" sizes=\"auto, (max-width: 1024px) 100vw, 1024px\" \/><\/figure>\n\n\n\n<div class=\"wp-block-group\"><div class=\"wp-block-group__inner-container is-layout-constrained wp-block-group-is-layout-constrained\">\n<p>Confira, detalhadamente, todas as etapas do processo seletivo da <strong>Pontif\u00edcia Universidade Cat\u00f3lica de S\u00e3o Paulo (PUC-SP)<\/strong> 2026!<\/p>\n\n\n\n<h2 class=\"wp-block-heading\" id=\"h-edital-puc-sp-2025-2026\"><span class=\"ez-toc-section\" id=\"Edital_PUC-SP_20252026\"><\/span><strong>Edital PUC-SP 2025\/2026<\/strong><span class=\"ez-toc-section-end\"><\/span><\/h2>\n\n\n\n<p>O <a href=\"https:\/\/www.grupomedcof.com.br\/blog\/edital-residencia-medica-puc-sp\/\" target=\"_blank\" rel=\"noreferrer noopener\">edital da PUC-SP<\/a> foi divulgado no dia <strong>26 de setembro de 2025,<\/strong> trazendo informa\u00e7\u00f5es sobre datas, vagas, etapas e prazos!<\/p>\n\n\n\n<p>Nesta edi\u00e7\u00e3o, a institui\u00e7\u00e3o ofertou&nbsp;<strong>96 vagas<\/strong>&nbsp;no total, distribu\u00eddas entre especialidades de acesso direto e que necessitam de pr\u00e9-requisito.<\/p>\n\n\n\n<p>Al\u00e9m disso, processo seletivo para os programas de resid\u00eancia m\u00e9dica da PUC-SP contou com&nbsp;<strong>2 fases<\/strong>&nbsp;avaliativas, sendo uma uma&nbsp;<strong>prova objetiva<\/strong>&nbsp;e uma&nbsp;<strong>an\u00e1lise curricular<\/strong>.<\/p>\n\n\n\n<h3 class=\"wp-block-heading\" id=\"inscri\u00e7\u00f5es\"><span class=\"ez-toc-section\" id=\"Inscricoes\"><\/span><strong>Inscri\u00e7\u00f5es<\/strong><span class=\"ez-toc-section-end\"><\/span><\/h3>\n\n\n\n<p>As inscri\u00e7\u00f5es para o processo seletivo da PUC-SP aconteceram no per\u00edodo de&nbsp;<strong><strong>13 de outubro e 07 de novembro de 2025<\/strong><\/strong>. Elas ocorreram&nbsp;<strong>exclusivamente pela internet<\/strong>, no site oficial da banca respons\u00e1vel pelo processo, a&nbsp;<a href=\"https:\/\/www.nucvest.com.br\/pucsp\/residencia-medica\/2025\/abad\/index.html\"><strong>NucVest<\/strong><\/a>.<\/p>\n\n\n\n<p>Al\u00e9m disso, para serem deferidas, foi necess\u00e1rio realizar o pagamento da taxa de inscri\u00e7\u00e3o, a qual foi estabelecida no valor de&nbsp;<strong>R$800,00<\/strong>.<\/p>\n\n\n\n<h3 class=\"wp-block-heading\" id=\"prova-objetiva\"><span class=\"ez-toc-section\" id=\"Prova_objetiva\"><\/span><strong>Prova objetiva<\/strong><span class=\"ez-toc-section-end\"><\/span><\/h3>\n\n\n\n<p>Realizada no dia&nbsp;<a href=\"https:\/\/www.grupomedcof.com.br\/blog\/residencia-medica-2024-2025-calendario-de-provas\/\"><strong>16 de novembro<\/strong><\/a>, a prova objetiva da PUC-SP foi a&nbsp;<strong>1\u00aa fase<\/strong>&nbsp;do processo seletivo.<\/p>\n\n\n\n<p>Para as especialidades de&nbsp;<strong>acesso direto<\/strong>, a prova contou com&nbsp;<strong>100 quest\u00f5es<\/strong>&nbsp;objetivas e abordou temas sobre as&nbsp;<strong>5 grandes \u00e1reas da medicina<\/strong>&nbsp;(Cirurgia Geral, Cl\u00ednica M\u00e9dica, Ginecologia e Obstetr\u00edcia, Medicina Social e Preventiva e Pediatria).<\/p>\n\n\n\n<p>J\u00e1 para as especialidades com&nbsp;<strong>pr\u00e9-requisito<\/strong>&nbsp;necess\u00e1rio, a prova contou com&nbsp;<strong>50 quest\u00f5es<\/strong>&nbsp;objetivas e abordou temas sobre a&nbsp;<strong>\u00e1rea escolhida<\/strong>&nbsp;pelo candidato.<\/p>\n\n\n\n<h3 class=\"wp-block-heading\" id=\"an\u00e1lise-curricular\"><span class=\"ez-toc-section\" id=\"Analise_curricular\"><\/span><strong>An\u00e1lise curricular<\/strong><span class=\"ez-toc-section-end\"><\/span><\/h3>\n\n\n\n<p>A an\u00e1lise curricular \u00e9 a&nbsp;<strong>2\u00aa fase<\/strong>&nbsp;avaliativa do processo seletivo da PUC-SP. Os candidatos t\u00eam de enviar o seu&nbsp;<strong><em>curriculum vitae<\/em><\/strong>&nbsp;durante a inscri\u00e7\u00e3o, o qual ser\u00e1 analisado entre os&nbsp;<strong>dias 05 e 09 de dezembro de 2025<\/strong>.<\/p>\n\n\n\n<h2 class=\"wp-block-heading\" id=\"h-vagas-ofertadas\"><span class=\"ez-toc-section\" id=\"Vagas_ofertadas\"><\/span><strong>Vagas ofertadas<\/strong><span class=\"ez-toc-section-end\"><\/span><\/h2>\n\n\n\n<p>Confira as 96 vagas ofertadas:<\/p>\n\n\n\n<h3 class=\"wp-block-heading\" id=\"h-acesso-direto\"><span class=\"ez-toc-section\" id=\"Acesso_Direto\"><\/span><strong>Acesso Direto<\/strong><span class=\"ez-toc-section-end\"><\/span><\/h3>\n\n\n\n<figure class=\"wp-block-table\"><table class=\"has-fixed-layout\"><tbody><tr><td><strong>Especialidades<\/strong><\/td><td><strong>Vagas<\/strong><\/td><\/tr><tr><td>Cirurgia Geral<\/td><td>7<\/td><\/tr><tr><td>Cl\u00ednica M\u00e9dica<\/td><td>19<\/td><\/tr><tr><td>Ginecologia e Obstetr\u00edcia<\/td><td>10<\/td><\/tr><tr><td>Pediatria<\/td><td>8<\/td><\/tr><tr><td>Anestesiologia<\/td><td>6<\/td><\/tr><tr><td>Dermatologia<\/td><td>1<\/td><\/tr><tr><td>Infectologia<\/td><td>2<\/td><\/tr><tr><td>Medicina da Fam\u00edlia e Comunidade<\/td><td>2<\/td><\/tr><tr><td>Ortopedia e Traumatologia<\/td><td>7<\/td><\/tr><tr><td>Otorrinolaringologia<\/td><td>2<\/td><\/tr><tr><td>Psiquiatria<\/td><td>3<\/td><\/tr><tr><td>Radiologia e Diagn\u00f3stico por Imagem<\/td><td>3<\/td><\/tr><\/tbody><\/table><\/figure>\n\n\n\n<h3 class=\"wp-block-heading\" id=\"h-pre-requisito\"><span class=\"ez-toc-section\" id=\"Pre-Requisito\"><\/span><strong>Pr\u00e9-Requisito<\/strong><span class=\"ez-toc-section-end\"><\/span><\/h3>\n\n\n\n<figure class=\"wp-block-table\"><table class=\"has-fixed-layout\"><tbody><tr><td><strong>Especialidades<\/strong><\/td><td><strong>Vagas<\/strong><\/td><\/tr><tr><td>Oncologia Cl\u00ednica<\/td><td>3<\/td><\/tr><tr><td>Endocrinologia e Metabologia<\/td><td>2<\/td><\/tr><tr><td>Nefrologia<\/td><td>2<\/td><\/tr><tr><td>Pneumologia<\/td><td>1<\/td><\/tr><tr><td>Reumatologia<\/td><td>2<\/td><\/tr><tr><td>Hematologia e Hemoterapia<\/td><td>3<\/td><\/tr><tr><td>Cirurgia Pl\u00e1stica<\/td><td>2<\/td><\/tr><tr><td>Urologia<\/td><td>2<\/td><\/tr><tr><td>Cirurgia Vascular<\/td><td>3<\/td><\/tr><tr><td>Cirurgia do Trauma<\/td><td>2<\/td><\/tr><tr><td>Cirurgia da M\u00e3o<\/td><td>1<\/td><\/tr><tr><td>Neonatologia<\/td><td>2<\/td><\/tr><tr><td>Medicina Intensiva Pedi\u00e1trica<\/td><td>1<\/td><\/tr><\/tbody><\/table><\/figure>\n<\/div><\/div>\n\n\n\n<div class=\"wp-block-group\"><div class=\"wp-block-group__inner-container is-layout-constrained wp-block-group-is-layout-constrained\">\n<h2 class=\"wp-block-heading\" id=\"rela\u00e7\u00e3o-candidato-vaga-e-concorr\u00eancia-puc-sp\"><span class=\"ez-toc-section\" id=\"Relacao_CandidatoVaga_Concorrencia_PUC-SP\"><\/span><strong>Rela\u00e7\u00e3o Candidato\/Vaga (Concorr\u00eancia<\/strong>)&nbsp;<strong>PUC-SP<\/strong><span class=\"ez-toc-section-end\"><\/span><\/h2>\n\n\n\n<p>Nesta edi\u00e7\u00e3o, a PUC-SP obteve&nbsp;<strong>2.135&nbsp;candidatos inscritos<\/strong>&nbsp;no processo seletivo, contando com&nbsp;<strong>91 vagas<\/strong>&nbsp;ofertadas, acarretando em uma rela\u00e7\u00e3o geral de&nbsp;<strong>23,46&nbsp;candidatos por vaga<\/strong>.&nbsp;<\/p>\n\n\n\n<p>Sendo assim, veja na tabela abaixo toda a rela\u00e7\u00e3o completa da <a href=\"https:\/\/www.grupomedcof.com.br\/blog\/concorrencia-residencia-medica-puc-sp\/\" target=\"_blank\" rel=\"noreferrer noopener\">concorr\u00eancia<\/a> de cada especialidade ofertada na edi\u00e7\u00e3o:<\/p>\n\n\n\n<h3 class=\"wp-block-heading\" id=\"h-acesso-direto-0\"><span class=\"ez-toc-section\" id=\"Acesso_Direto-2\"><\/span><strong>Acesso Direto<\/strong><span class=\"ez-toc-section-end\"><\/span><\/h3>\n\n\n\n<figure class=\"wp-block-table\"><table class=\"has-fixed-layout\"><thead><tr><th class=\"has-text-align-left\" data-align=\"left\">Especialidades<\/th><th class=\"has-text-align-left\" data-align=\"left\"><strong>Concorr\u00eancia 2024\/2025<\/strong><\/th><th class=\"has-text-align-left\" data-align=\"left\">Concorr\u00eancia 2025\/2026<\/th><\/tr><\/thead><tbody><tr><td>Anestesiologia<\/td><td>25,33<\/td><td>31,83<\/td><\/tr><tr><td>Dermatologia<\/td><td>62,00<\/td><td>71,00<\/td><\/tr><tr><td>Infectologia<\/td><td>8,50<\/td><td>6,00<\/td><\/tr><tr><td>Medicina de Fam\u00edlia e Comunidade<\/td><td>7,50<\/td><td>14,50<\/td><\/tr><tr><td>Ortopedia e Traumatologia<\/td><td>16,00<\/td><td>24,42<\/td><\/tr><tr><td>Otorrinolaringologia<\/td><td>46,00<\/td><td>53,00<\/td><\/tr><tr><td>Psiquiatria<\/td><td>55,66<\/td><td>56,33<\/td><\/tr><tr><td>Radiologia e Diagn\u00f3stico por Imagem<\/td><td>30,66<\/td><td>25,33<\/td><\/tr><tr><td>Cirurgia Geral<\/td><td>38,42<\/td><td>49,42<\/td><\/tr><tr><td>Cl\u00ednica M\u00e9dica<\/td><td>14,66<\/td><td>17,73<\/td><\/tr><tr><td>Ginecologia e Obstetr\u00edcia<\/td><td>36,50<\/td><td>31,70<\/td><\/tr><tr><td>Pediatria<\/td><td>13,87<\/td><td>20,87<\/td><\/tr><\/tbody><\/table><\/figure>\n\n\n\n<figure class=\"wp-block-image size-large\"><a href=\"https:\/\/www.grupomedcof.com.br\/cofletters\/\" target=\"_blank\" rel=\" noreferrer noopener\"><img loading=\"lazy\" decoding=\"async\" width=\"1024\" height=\"320\" src=\"https:\/\/www.grupomedcof.com.br\/blog\/wp-content\/uploads\/2025\/02\/Banner-MedCof-Plus-2200x460-11-1024x320.png\" alt=\"\" class=\"wp-image-33723\" srcset=\"https:\/\/www.grupomedcof.com.br\/blog\/wp-content\/uploads\/2025\/02\/Banner-MedCof-Plus-2200x460-11-1024x320.png 1024w, https:\/\/www.grupomedcof.com.br\/blog\/wp-content\/uploads\/2025\/02\/Banner-MedCof-Plus-2200x460-11-300x94.png 300w, https:\/\/www.grupomedcof.com.br\/blog\/wp-content\/uploads\/2025\/02\/Banner-MedCof-Plus-2200x460-11-768x240.png 768w, https:\/\/www.grupomedcof.com.br\/blog\/wp-content\/uploads\/2025\/02\/Banner-MedCof-Plus-2200x460-11-1536x480.png 1536w, https:\/\/www.grupomedcof.com.br\/blog\/wp-content\/uploads\/2025\/02\/Banner-MedCof-Plus-2200x460-11-2048x640.png 2048w, https:\/\/www.grupomedcof.com.br\/blog\/wp-content\/uploads\/2025\/02\/Banner-MedCof-Plus-2200x460-11-1343x420.png 1343w, https:\/\/www.grupomedcof.com.br\/blog\/wp-content\/uploads\/2025\/02\/Banner-MedCof-Plus-2200x460-11-150x47.png 150w, https:\/\/www.grupomedcof.com.br\/blog\/wp-content\/uploads\/2025\/02\/Banner-MedCof-Plus-2200x460-11-696x218.png 696w, https:\/\/www.grupomedcof.com.br\/blog\/wp-content\/uploads\/2025\/02\/Banner-MedCof-Plus-2200x460-11-1068x334.png 1068w, https:\/\/www.grupomedcof.com.br\/blog\/wp-content\/uploads\/2025\/02\/Banner-MedCof-Plus-2200x460-11-1920x600.png 1920w\" sizes=\"auto, (max-width: 1024px) 100vw, 1024px\" \/><\/a><\/figure>\n<\/div><\/div>\n\n\n\n<div class=\"wp-block-group\"><div class=\"wp-block-group__inner-container is-layout-constrained wp-block-group-is-layout-constrained\">\n<h2 class=\"wp-block-heading\" id=\"h-resultado-da-1\u00aa-etapa-e-convocacao-para-analise-curricular\"><span class=\"ez-toc-section\" id=\"Resultado_da_1a_etapa_e_convocacao_para_analise_curricular\"><\/span><strong>Resultado da 1\u00aa etapa e convoca\u00e7\u00e3o para an\u00e1lise curricular<\/strong><span class=\"ez-toc-section-end\"><\/span><\/h2>\n\n\n\n<p>Divulgado em 02 de dezembro, o documento tamb\u00e9m traz a&nbsp;<strong>lista de candidatos convocados para a segunda fase<\/strong>, que ser\u00e1 composta pela&nbsp;<strong>an\u00e1lise curricular<\/strong>. <\/p>\n\n\n\n<div class=\"wp-block-buttons is-layout-flex wp-block-buttons-is-layout-flex\">\n<div class=\"wp-block-button\"><a class=\"wp-block-button__link wp-element-button\" href=\"https:\/\/www.grupomedcof.com.br\/blog\/wp-content\/uploads\/2024\/12\/Convocados-PUC-SP-AD-2026.pdf\" target=\"_blank\" rel=\"noreferrer noopener\">Convocados para segunda fase &#8211; R1<\/a><\/div>\n\n\n\n<div class=\"wp-block-button\"><a class=\"wp-block-button__link wp-element-button\" href=\"https:\/\/www.grupomedcof.com.br\/blog\/wp-content\/uploads\/2024\/12\/Convocados-PUC-SP-PR-2026.pdf\" target=\"_blank\" rel=\"noreferrer noopener\">Convocados para segunda fase &#8211; R+<\/a><\/div>\n<\/div>\n<\/div><\/div>\n\n\n\n<p>Os candidatos que desejaram&nbsp;<strong>contestar o resultado da 1\u00aa fase<\/strong>&nbsp;puderam enviar recurso por e-mail para&nbsp;<strong>residenciamedica@fundasp.org.br<\/strong> at\u00e9 o dia <strong>03 de dezembro<\/strong>. Assim, as respostas aos recursos foram enviadas diretamente ao e-mail do candidato&nbsp;<strong>no dia 5 de dezembro<\/strong>.<\/p>\n\n\n\n<p>J\u00e1 os aprovados na 1\u00aa fase tiveram que encaminhar a documenta\u00e7\u00e3o comprobat\u00f3ria para a&nbsp;<strong>An\u00e1lise Curricular<\/strong>&nbsp;<strong>entre 05 e 09 de dezembro de 2025<\/strong>.<\/p>\n\n\n\n<h2 class=\"wp-block-heading\" id=\"h-resultado-final-puc-sp-2026\"><span class=\"ez-toc-section\" id=\"Resultado_Final_PUC-SP_2026\"><\/span><strong>Resultado Final PUC-SP 2026<\/strong><span class=\"ez-toc-section-end\"><\/span><\/h2>\n\n\n\n<p>O documento foi divulgado no dia 15 de janeiro de 2026, trazendo os resultados de <strong>2\u00aa fase<\/strong>&nbsp;e a&nbsp;<strong>classifica\u00e7\u00e3o final geral<\/strong>&nbsp;da sele\u00e7\u00e3o.<\/p>\n\n\n\n<div class=\"wp-block-buttons is-layout-flex wp-block-buttons-is-layout-flex\">\n<div class=\"wp-block-button\"><a class=\"wp-block-button__link wp-element-button\" href=\"https:\/\/www.grupomedcof.com.br\/blog\/wp-content\/uploads\/2025\/12\/Resultado-Final-PUC-SP-2026-AD.pdf\" target=\"_blank\" rel=\"noreferrer noopener\">Resultado Final PUC-SP Acesso Direto 2026<\/a><\/div>\n\n\n\n<div class=\"wp-block-button\"><a class=\"wp-block-button__link wp-element-button\" href=\"https:\/\/www.grupomedcof.com.br\/blog\/wp-content\/uploads\/2025\/12\/Resultado-Final-PUC-SP-2026-PR.pdf\" target=\"_blank\" rel=\"noreferrer noopener\">Resultado Final PUC-SP 2026 Pr\u00e9-Requisito<\/a><\/div>\n<\/div>\n\n\n\n<p>O resultado final recebeu <strong>recursos at\u00e9 o dia 16 de janeiro<\/strong>.<\/p>\n\n\n\n<h2 class=\"wp-block-heading\" id=\"h-criterios-de-desempate\"><span class=\"ez-toc-section\" id=\"Criterios_de_desempate\"><\/span><strong>Crit\u00e9rios de desempate <\/strong><span class=\"ez-toc-section-end\"><\/span><\/h2>\n\n\n\n<p>O <strong>resultado das interposi\u00e7\u00f5es foi liberado em 22 de janeiro de 2026<\/strong> e recebeu pontua\u00e7\u00e3o adicional de 10% os candidatos que apresentarem comprova\u00e7\u00e3o de realiza\u00e7\u00e3o do PRMGFC at\u00e9 o \u00faltimo dia de inscri\u00e7\u00e3o.<\/p>\n\n\n\n<p>Dessa forma, em caso de empate, os crit\u00e9rios de desempate ser\u00e3o:<\/p>\n\n\n\n<ul class=\"wp-block-list\">\n<li>Maior nota na prova objetiva;<\/li>\n\n\n\n<li>Maior nota no curr\u00edculo;<\/li>\n\n\n\n<li>Maior idade; <\/li>\n\n\n\n<li>Menor n\u00famero de inscri\u00e7\u00e3o no seletivo.<\/li>\n<\/ul>\n\n\n\n<h2 class=\"wp-block-heading\" id=\"h-nota-de-corte-de-residencia-medica-da-puc-sp\"><span class=\"ez-toc-section\" id=\"Nota_de_corte_de_residencia_medica_da_PUC-SP\"><\/span><strong>Nota de corte de resid\u00eancia m\u00e9dica da PUC-SP<\/strong><span class=\"ez-toc-section-end\"><\/span><\/h2>\n\n\n\n<figure class=\"wp-block-table\"><table class=\"has-fixed-layout\"><tbody><tr><td><strong>Especialidades<\/strong><\/td><td><strong>Nota de corte 2025<\/strong><\/td><td><strong>Nota de corte 2026<\/strong><\/td><\/tr><tr><td>Anestesiologia<\/td><td>76,07<\/td><td>74,50<\/td><\/tr><tr><td>Cirurgia da M\u00e3o<\/td><td>69,13<\/td><td>75,63<\/td><\/tr><tr><td>Cirurgia do Trauma<\/td><td>51,55<\/td><td>\u2013<\/td><\/tr><tr><td>Cirurgia Geral<\/td><td>75,63<\/td><td>73,60<\/td><\/tr><tr><td>Cirurgia Pl\u00e1stica<\/td><td>73,17<\/td><td>74,80<\/td><\/tr><tr><td>Cirurgia Vascular<\/td><td>68,13<\/td><td>61,03<\/td><\/tr><tr><td>Cl\u00ednica M\u00e9dica<\/td><td>74,8<\/td><td>69,31<\/td><\/tr><tr><td>Dermatologia<\/td><td>84,53<\/td><td>77,36<\/td><\/tr><tr><td>Endocrinologia e Metabologia<\/td><td>81,52<\/td><td>85,13<\/td><\/tr><tr><td>Hematologia e Hemoterapia<\/td><td>67,85<\/td><td>77,31<\/td><\/tr><tr><td>Infectologia<\/td><td>70,28<\/td><td>62,10<\/td><\/tr><tr><td>Medicina de Fam\u00edlia e Comunidade<\/td><td>67,47<\/td><td>72,53<\/td><\/tr><tr><td>Nefrologia<\/td><td>74,12<\/td><td>73,16<\/td><\/tr><tr><td>Neonatologia<\/td><td>81,15<\/td><td>74,96<\/td><\/tr><tr><td>Obstetr\u00edcia e Ginecologia<\/td><td>76,08<\/td><td>71,60<\/td><\/tr><tr><td>Oncologia Cl\u00ednica<\/td><td>65,83<\/td><td>72,10<\/td><\/tr><tr><td>Ortopedia e Traumatologia<\/td><td>66,32<\/td><td>68,26<\/td><\/tr><tr><td>Otorrinolaringologia<\/td><td>82,17<\/td><td>76,00<\/td><\/tr><tr><td>Pediatria<\/td><td>71,43<\/td><td>68,33<\/td><\/tr><tr><td>Pneumologia<\/td><td>74,67<\/td><td>80,16<\/td><\/tr><tr><td>Psiquiatria<\/td><td>76,83<\/td><td>75,50<\/td><\/tr><tr><td>Radiologia e Diagn\u00f3stico por Imagem<\/td><td>\u2013<\/td><td>73,33<\/td><\/tr><tr><td>Reumatologia<\/td><td>\u2013<\/td><td>75,26<\/td><\/tr><tr><td>Urologia<\/td><td>\u2013<\/td><td>68,46<\/td><\/tr><\/tbody><\/table><\/figure>\n\n\n\n<h2 class=\"wp-block-heading\" id=\"o-m\u00e9todo-que-te-aprova\"><span class=\"ez-toc-section\" id=\"O_metodo_que_te_aprova\"><\/span><strong>O m\u00e9todo que te aprova!<\/strong><span class=\"ez-toc-section-end\"><\/span><\/h2>\n\n\n\n<p>Quer alcan\u00e7ar a aprova\u00e7\u00e3o nas provas de resid\u00eancia m\u00e9dica? Ent\u00e3o seja um&nbsp;<a href=\"https:\/\/www.grupomedcof.com.br\/home\/\" target=\"_blank\" rel=\"noreferrer noopener\">MedCofer<\/a>! Aqui te ajudaremos na busca da aprova\u00e7\u00e3o com conte\u00fados de qualidade e uma&nbsp;<a href=\"https:\/\/www.grupomedcof.com.br\/blog\/presenca-da-medcof-nas-aprovacoes-em-residencia-medica-no-brasil\/\" target=\"_blank\" rel=\"noreferrer noopener\">metodologia que j\u00e1 aprovou mais de 35 mil residentes no pa\u00eds!&nbsp;<\/a>Por fim, acesse o nosso<a href=\"https:\/\/www.youtube.com\/@GrupoMedcof\/featured\" target=\"_blank\" rel=\"noreferrer noopener\">&nbsp;<strong>canal do youtube&nbsp;<\/strong><\/a>para ver o nosso material.<\/p>\n\n\n\n<figure class=\"wp-block-embed is-type-video is-provider-youtube wp-block-embed-youtube wp-embed-aspect-16-9 wp-has-aspect-ratio\"><div class=\"wp-block-embed__wrapper\">\n<div class=\"youtube-embed\" data-video_id=\"sNI6UVpmoqI\"><iframe loading=\"lazy\" title=\"COFEXPRESS - Perioperat\u00f3rio: Complica\u00e7\u00f5es gerais. Com Dr. Henrique Lunardelli\" width=\"696\" height=\"392\" src=\"https:\/\/www.youtube.com\/embed\/sNI6UVpmoqI?feature=oembed&#038;enablejsapi=1\" frameborder=\"0\" allow=\"accelerometer; autoplay; clipboard-write; encrypted-media; gyroscope; picture-in-picture; web-share\" referrerpolicy=\"strict-origin-when-cross-origin\" allowfullscreen><\/iframe><\/div>\n<\/div><\/figure>\n","protected":false},"excerpt":{"rendered":"<p>Confira, detalhadamente, todas as etapas do processo seletivo da Pontif\u00edcia Universidade Cat\u00f3lica de S\u00e3o Paulo (PUC-SP) 2025!<\/p>\n","protected":false},"author":20,"featured_media":32401,"comment_status":"open","ping_status":"open","sticky":false,"template":"","format":"standard","meta":{"footnotes":""},"categories":[10],"tags":[2269,2367,2369,2368],"ppma_author":[3616],"class_list":{"0":"post-32391","1":"post","2":"type-post","3":"status-publish","4":"format-standard","5":"has-post-thumbnail","7":"category-raio-x-editais","8":"tag-concorrencia-puc-sp","9":"tag-edital-puc-sp","10":"tag-gabarito-puc-sp","11":"tag-vagas-puc-sp"},"yoast_head":"<!-- This site is optimized with the Yoast SEO Premium plugin v24.3 (Yoast SEO v27.4) - https:\/\/yoast.com\/product\/yoast-seo-premium-wordpress\/ -->\n<title>Resid\u00eancia M\u00e9dica PUC-SP 2025\/2026: vagas, concorr\u00eancia, notas de corte e mais! - Blog de Medcof: conte\u00fados, editais, revalida e mais!<\/title>\n<meta name=\"description\" content=\"Confira, detalhadamente, todas as etapas do processo seletivo da Pontif\u00edcia Universidade Cat\u00f3lica de S\u00e3o Paulo (PUC-SP) 2026!\" \/>\n<meta name=\"robots\" content=\"index, follow, max-snippet:-1, max-image-preview:large, max-video-preview:-1\" \/>\n<link rel=\"canonical\" href=\"https:\/\/www.grupomedcof.com.br\/blog\/residencia-medica-puc-sp\/\" \/>\n<meta property=\"og:locale\" content=\"pt_BR\" \/>\n<meta property=\"og:type\" content=\"article\" \/>\n<meta property=\"og:title\" content=\"Resid\u00eancia M\u00e9dica PUC-SP 2025\/2026: vagas, concorr\u00eancia, notas de corte e mais!\" \/>\n<meta property=\"og:description\" content=\"Confira, detalhadamente, todas as etapas do processo seletivo da Pontif\u00edcia Universidade Cat\u00f3lica de S\u00e3o Paulo (PUC-SP) 2026!\" \/>\n<meta property=\"og:url\" content=\"https:\/\/www.grupomedcof.com.br\/blog\/residencia-medica-puc-sp\/\" \/>\n<meta property=\"og:site_name\" content=\"Blog de Medcof: conte\u00fados, editais, revalida e mais!\" \/>\n<meta property=\"article:publisher\" content=\"https:\/\/www.facebook.com\/MedCofQbank\/\" \/>\n<meta property=\"article:published_time\" content=\"2026-04-13T13:50:22+00:00\" \/>\n<meta property=\"article:modified_time\" content=\"2026-04-13T13:50:24+00:00\" \/>\n<meta property=\"og:image\" content=\"https:\/\/www.grupomedcof.com.br\/blog\/wp-content\/uploads\/2024\/12\/Modelo-instituicoes-42-scaled.jpg\" \/>\n\t<meta property=\"og:image:width\" content=\"2560\" \/>\n\t<meta property=\"og:image:height\" content=\"1440\" \/>\n\t<meta property=\"og:image:type\" content=\"image\/jpeg\" \/>\n<meta name=\"author\" content=\"Leila Menzel\" \/>\n<meta name=\"twitter:card\" content=\"summary_large_image\" \/>\n<meta name=\"twitter:label1\" content=\"Escrito por\" \/>\n\t<meta name=\"twitter:data1\" content=\"Leila Menzel\" \/>\n\t<meta name=\"twitter:label2\" content=\"Est. tempo de leitura\" \/>\n\t<meta name=\"twitter:data2\" content=\"6 minutos\" \/>\n<script type=\"application\/ld+json\" class=\"yoast-schema-graph\">{\"@context\":\"https:\\\/\\\/schema.org\",\"@graph\":[{\"@type\":\"Article\",\"@id\":\"https:\\\/\\\/www.grupomedcof.com.br\\\/blog\\\/residencia-medica-puc-sp\\\/#article\",\"isPartOf\":{\"@id\":\"https:\\\/\\\/www.grupomedcof.com.br\\\/blog\\\/residencia-medica-puc-sp\\\/\"},\"author\":{\"name\":\"Leila Menzel\",\"@id\":\"https:\\\/\\\/www.grupomedcof.com.br\\\/blog\\\/#\\\/schema\\\/person\\\/9a44c2184a836bf5ae6967fdb3a1451e\"},\"headline\":\"Resid\u00eancia M\u00e9dica PUC-SP 2025\\\/2026: vagas, concorr\u00eancia, notas de corte e mais!\",\"datePublished\":\"2026-04-13T13:50:22+00:00\",\"dateModified\":\"2026-04-13T13:50:24+00:00\",\"mainEntityOfPage\":{\"@id\":\"https:\\\/\\\/www.grupomedcof.com.br\\\/blog\\\/residencia-medica-puc-sp\\\/\"},\"wordCount\":884,\"commentCount\":0,\"publisher\":{\"@id\":\"https:\\\/\\\/www.grupomedcof.com.br\\\/blog\\\/#organization\"},\"image\":{\"@id\":\"https:\\\/\\\/www.grupomedcof.com.br\\\/blog\\\/residencia-medica-puc-sp\\\/#primaryimage\"},\"thumbnailUrl\":\"https:\\\/\\\/www.grupomedcof.com.br\\\/blog\\\/wp-content\\\/uploads\\\/2024\\\/12\\\/Modelo-instituicoes-42-scaled.jpg\",\"keywords\":[\"Concorr\u00eancia PUC-SP\",\"Edital PUC-SP\",\"Gabarito PUC-SP\",\"Vagas PUC-SP\"],\"articleSection\":[\"Raio-X Editais\"],\"inLanguage\":\"pt-BR\"},{\"@type\":\"WebPage\",\"@id\":\"https:\\\/\\\/www.grupomedcof.com.br\\\/blog\\\/residencia-medica-puc-sp\\\/\",\"url\":\"https:\\\/\\\/www.grupomedcof.com.br\\\/blog\\\/residencia-medica-puc-sp\\\/\",\"name\":\"Resid\u00eancia M\u00e9dica PUC-SP 2025\\\/2026: vagas, concorr\u00eancia, notas de corte e mais! - Blog de Medcof: conte\u00fados, editais, revalida e mais!\",\"isPartOf\":{\"@id\":\"https:\\\/\\\/www.grupomedcof.com.br\\\/blog\\\/#website\"},\"primaryImageOfPage\":{\"@id\":\"https:\\\/\\\/www.grupomedcof.com.br\\\/blog\\\/residencia-medica-puc-sp\\\/#primaryimage\"},\"image\":{\"@id\":\"https:\\\/\\\/www.grupomedcof.com.br\\\/blog\\\/residencia-medica-puc-sp\\\/#primaryimage\"},\"thumbnailUrl\":\"https:\\\/\\\/www.grupomedcof.com.br\\\/blog\\\/wp-content\\\/uploads\\\/2024\\\/12\\\/Modelo-instituicoes-42-scaled.jpg\",\"datePublished\":\"2026-04-13T13:50:22+00:00\",\"dateModified\":\"2026-04-13T13:50:24+00:00\",\"description\":\"Confira, detalhadamente, todas as etapas do processo seletivo da Pontif\u00edcia Universidade Cat\u00f3lica de S\u00e3o Paulo (PUC-SP) 2026!\",\"breadcrumb\":{\"@id\":\"https:\\\/\\\/www.grupomedcof.com.br\\\/blog\\\/residencia-medica-puc-sp\\\/#breadcrumb\"},\"inLanguage\":\"pt-BR\",\"potentialAction\":[{\"@type\":\"ReadAction\",\"target\":[\"https:\\\/\\\/www.grupomedcof.com.br\\\/blog\\\/residencia-medica-puc-sp\\\/\"]}]},{\"@type\":\"ImageObject\",\"inLanguage\":\"pt-BR\",\"@id\":\"https:\\\/\\\/www.grupomedcof.com.br\\\/blog\\\/residencia-medica-puc-sp\\\/#primaryimage\",\"url\":\"https:\\\/\\\/www.grupomedcof.com.br\\\/blog\\\/wp-content\\\/uploads\\\/2024\\\/12\\\/Modelo-instituicoes-42-scaled.jpg\",\"contentUrl\":\"https:\\\/\\\/www.grupomedcof.com.br\\\/blog\\\/wp-content\\\/uploads\\\/2024\\\/12\\\/Modelo-instituicoes-42-scaled.jpg\",\"width\":2560,\"height\":1440},{\"@type\":\"BreadcrumbList\",\"@id\":\"https:\\\/\\\/www.grupomedcof.com.br\\\/blog\\\/residencia-medica-puc-sp\\\/#breadcrumb\",\"itemListElement\":[{\"@type\":\"ListItem\",\"position\":1,\"name\":\"In\u00edcio\",\"item\":\"https:\\\/\\\/www.grupomedcof.com.br\\\/blog\\\/\"},{\"@type\":\"ListItem\",\"position\":2,\"name\":\"Resid\u00eancia M\u00e9dica PUC-SP 2025\\\/2026: vagas, concorr\u00eancia, notas de corte e mais!\"}]},{\"@type\":\"WebSite\",\"@id\":\"https:\\\/\\\/www.grupomedcof.com.br\\\/blog\\\/#website\",\"url\":\"https:\\\/\\\/www.grupomedcof.com.br\\\/blog\\\/\",\"name\":\"Blog de Medcof: conte\u00fados, editais, revalida e mais!\",\"description\":\"Acesso o blog de MedCof! Seu portal de conte\u00fados sobre resid\u00eancia m\u00e9dica, an\u00e1lise e editais e muito mais. Clique e confira!\",\"publisher\":{\"@id\":\"https:\\\/\\\/www.grupomedcof.com.br\\\/blog\\\/#organization\"},\"alternateName\":\"Blog de Medcof: conte\u00fados, editais, revalida e mais!\",\"potentialAction\":[{\"@type\":\"SearchAction\",\"target\":{\"@type\":\"EntryPoint\",\"urlTemplate\":\"https:\\\/\\\/www.grupomedcof.com.br\\\/blog\\\/?s={search_term_string}\"},\"query-input\":{\"@type\":\"PropertyValueSpecification\",\"valueRequired\":true,\"valueName\":\"search_term_string\"}}],\"inLanguage\":\"pt-BR\"},{\"@type\":\"Organization\",\"@id\":\"https:\\\/\\\/www.grupomedcof.com.br\\\/blog\\\/#organization\",\"name\":\"Grupo MedCof\",\"url\":\"https:\\\/\\\/www.grupomedcof.com.br\\\/blog\\\/\",\"logo\":{\"@type\":\"ImageObject\",\"inLanguage\":\"pt-BR\",\"@id\":\"https:\\\/\\\/www.grupomedcof.com.br\\\/blog\\\/#\\\/schema\\\/logo\\\/image\\\/\",\"url\":\"https:\\\/\\\/www.grupomedcof.com.br\\\/blog\\\/wp-content\\\/uploads\\\/2022\\\/01\\\/logo-medcof.png\",\"contentUrl\":\"https:\\\/\\\/www.grupomedcof.com.br\\\/blog\\\/wp-content\\\/uploads\\\/2022\\\/01\\\/logo-medcof.png\",\"width\":768,\"height\":269,\"caption\":\"Grupo MedCof\"},\"image\":{\"@id\":\"https:\\\/\\\/www.grupomedcof.com.br\\\/blog\\\/#\\\/schema\\\/logo\\\/image\\\/\"},\"sameAs\":[\"https:\\\/\\\/www.facebook.com\\\/MedCofQbank\\\/\",\"https:\\\/\\\/www.instagram.com\\\/grupomedcof\\\/\",\"https:\\\/\\\/br.linkedin.com\\\/company\\\/medcof\",\"https:\\\/\\\/www.youtube.com\\\/channel\\\/UCdHMuOHKICxcHwecxN8P-AA\"]},{\"@type\":\"Person\",\"@id\":\"https:\\\/\\\/www.grupomedcof.com.br\\\/blog\\\/#\\\/schema\\\/person\\\/9a44c2184a836bf5ae6967fdb3a1451e\",\"name\":\"Leila Menzel\",\"image\":{\"@type\":\"ImageObject\",\"inLanguage\":\"pt-BR\",\"@id\":\"https:\\\/\\\/www.grupomedcof.com.br\\\/blog\\\/wp-content\\\/uploads\\\/2025\\\/09\\\/cropped-eu-96x96.jpeg19a74936d997c0a8b3031618467fa1d0\",\"url\":\"https:\\\/\\\/www.grupomedcof.com.br\\\/blog\\\/wp-content\\\/uploads\\\/2025\\\/09\\\/cropped-eu-96x96.jpeg\",\"contentUrl\":\"https:\\\/\\\/www.grupomedcof.com.br\\\/blog\\\/wp-content\\\/uploads\\\/2025\\\/09\\\/cropped-eu-96x96.jpeg\",\"caption\":\"Leila Menzel\"},\"description\":\"Estudante do 6\u00b0 semestre de jornalismo, amo e escrevo poesias e viajo em livros de romances clich\u00eas.\",\"url\":\"https:\\\/\\\/www.grupomedcof.com.br\\\/blog\\\/author\\\/leila-menzel\\\/\"}]}<\/script>\n<!-- \/ Yoast SEO Premium plugin. -->","yoast_head_json":{"title":"Resid\u00eancia M\u00e9dica PUC-SP 2025\/2026: vagas, concorr\u00eancia, notas de corte e mais! - Blog de Medcof: conte\u00fados, editais, revalida e mais!","description":"Confira, detalhadamente, todas as etapas do processo seletivo da Pontif\u00edcia Universidade Cat\u00f3lica de S\u00e3o Paulo (PUC-SP) 2026!","robots":{"index":"index","follow":"follow","max-snippet":"max-snippet:-1","max-image-preview":"max-image-preview:large","max-video-preview":"max-video-preview:-1"},"canonical":"https:\/\/www.grupomedcof.com.br\/blog\/residencia-medica-puc-sp\/","og_locale":"pt_BR","og_type":"article","og_title":"Resid\u00eancia M\u00e9dica PUC-SP 2025\/2026: vagas, concorr\u00eancia, notas de corte e mais!","og_description":"Confira, detalhadamente, todas as etapas do processo seletivo da Pontif\u00edcia Universidade Cat\u00f3lica de S\u00e3o Paulo (PUC-SP) 2026!","og_url":"https:\/\/www.grupomedcof.com.br\/blog\/residencia-medica-puc-sp\/","og_site_name":"Blog de Medcof: conte\u00fados, editais, revalida e mais!","article_publisher":"https:\/\/www.facebook.com\/MedCofQbank\/","article_published_time":"2026-04-13T13:50:22+00:00","article_modified_time":"2026-04-13T13:50:24+00:00","og_image":[{"width":2560,"height":1440,"url":"https:\/\/www.grupomedcof.com.br\/blog\/wp-content\/uploads\/2024\/12\/Modelo-instituicoes-42-scaled.jpg","type":"image\/jpeg"}],"author":"Leila Menzel","twitter_card":"summary_large_image","twitter_misc":{"Escrito por":"Leila Menzel","Est. tempo de leitura":"6 minutos"},"schema":{"@context":"https:\/\/schema.org","@graph":[{"@type":"Article","@id":"https:\/\/www.grupomedcof.com.br\/blog\/residencia-medica-puc-sp\/#article","isPartOf":{"@id":"https:\/\/www.grupomedcof.com.br\/blog\/residencia-medica-puc-sp\/"},"author":{"name":"Leila Menzel","@id":"https:\/\/www.grupomedcof.com.br\/blog\/#\/schema\/person\/9a44c2184a836bf5ae6967fdb3a1451e"},"headline":"Resid\u00eancia M\u00e9dica PUC-SP 2025\/2026: vagas, concorr\u00eancia, notas de corte e mais!","datePublished":"2026-04-13T13:50:22+00:00","dateModified":"2026-04-13T13:50:24+00:00","mainEntityOfPage":{"@id":"https:\/\/www.grupomedcof.com.br\/blog\/residencia-medica-puc-sp\/"},"wordCount":884,"commentCount":0,"publisher":{"@id":"https:\/\/www.grupomedcof.com.br\/blog\/#organization"},"image":{"@id":"https:\/\/www.grupomedcof.com.br\/blog\/residencia-medica-puc-sp\/#primaryimage"},"thumbnailUrl":"https:\/\/www.grupomedcof.com.br\/blog\/wp-content\/uploads\/2024\/12\/Modelo-instituicoes-42-scaled.jpg","keywords":["Concorr\u00eancia PUC-SP","Edital PUC-SP","Gabarito PUC-SP","Vagas PUC-SP"],"articleSection":["Raio-X Editais"],"inLanguage":"pt-BR"},{"@type":"WebPage","@id":"https:\/\/www.grupomedcof.com.br\/blog\/residencia-medica-puc-sp\/","url":"https:\/\/www.grupomedcof.com.br\/blog\/residencia-medica-puc-sp\/","name":"Resid\u00eancia M\u00e9dica PUC-SP 2025\/2026: vagas, concorr\u00eancia, notas de corte e mais! - Blog de Medcof: conte\u00fados, editais, revalida e mais!","isPartOf":{"@id":"https:\/\/www.grupomedcof.com.br\/blog\/#website"},"primaryImageOfPage":{"@id":"https:\/\/www.grupomedcof.com.br\/blog\/residencia-medica-puc-sp\/#primaryimage"},"image":{"@id":"https:\/\/www.grupomedcof.com.br\/blog\/residencia-medica-puc-sp\/#primaryimage"},"thumbnailUrl":"https:\/\/www.grupomedcof.com.br\/blog\/wp-content\/uploads\/2024\/12\/Modelo-instituicoes-42-scaled.jpg","datePublished":"2026-04-13T13:50:22+00:00","dateModified":"2026-04-13T13:50:24+00:00","description":"Confira, detalhadamente, todas as etapas do processo seletivo da Pontif\u00edcia Universidade Cat\u00f3lica de S\u00e3o Paulo (PUC-SP) 2026!","breadcrumb":{"@id":"https:\/\/www.grupomedcof.com.br\/blog\/residencia-medica-puc-sp\/#breadcrumb"},"inLanguage":"pt-BR","potentialAction":[{"@type":"ReadAction","target":["https:\/\/www.grupomedcof.com.br\/blog\/residencia-medica-puc-sp\/"]}]},{"@type":"ImageObject","inLanguage":"pt-BR","@id":"https:\/\/www.grupomedcof.com.br\/blog\/residencia-medica-puc-sp\/#primaryimage","url":"https:\/\/www.grupomedcof.com.br\/blog\/wp-content\/uploads\/2024\/12\/Modelo-instituicoes-42-scaled.jpg","contentUrl":"https:\/\/www.grupomedcof.com.br\/blog\/wp-content\/uploads\/2024\/12\/Modelo-instituicoes-42-scaled.jpg","width":2560,"height":1440},{"@type":"BreadcrumbList","@id":"https:\/\/www.grupomedcof.com.br\/blog\/residencia-medica-puc-sp\/#breadcrumb","itemListElement":[{"@type":"ListItem","position":1,"name":"In\u00edcio","item":"https:\/\/www.grupomedcof.com.br\/blog\/"},{"@type":"ListItem","position":2,"name":"Resid\u00eancia M\u00e9dica PUC-SP 2025\/2026: vagas, concorr\u00eancia, notas de corte e mais!"}]},{"@type":"WebSite","@id":"https:\/\/www.grupomedcof.com.br\/blog\/#website","url":"https:\/\/www.grupomedcof.com.br\/blog\/","name":"Blog de Medcof: conte\u00fados, editais, revalida e mais!","description":"Acesso o blog de MedCof! Seu portal de conte\u00fados sobre resid\u00eancia m\u00e9dica, an\u00e1lise e editais e muito mais. Clique e confira!","publisher":{"@id":"https:\/\/www.grupomedcof.com.br\/blog\/#organization"},"alternateName":"Blog de Medcof: conte\u00fados, editais, revalida e mais!","potentialAction":[{"@type":"SearchAction","target":{"@type":"EntryPoint","urlTemplate":"https:\/\/www.grupomedcof.com.br\/blog\/?s={search_term_string}"},"query-input":{"@type":"PropertyValueSpecification","valueRequired":true,"valueName":"search_term_string"}}],"inLanguage":"pt-BR"},{"@type":"Organization","@id":"https:\/\/www.grupomedcof.com.br\/blog\/#organization","name":"Grupo MedCof","url":"https:\/\/www.grupomedcof.com.br\/blog\/","logo":{"@type":"ImageObject","inLanguage":"pt-BR","@id":"https:\/\/www.grupomedcof.com.br\/blog\/#\/schema\/logo\/image\/","url":"https:\/\/www.grupomedcof.com.br\/blog\/wp-content\/uploads\/2022\/01\/logo-medcof.png","contentUrl":"https:\/\/www.grupomedcof.com.br\/blog\/wp-content\/uploads\/2022\/01\/logo-medcof.png","width":768,"height":269,"caption":"Grupo MedCof"},"image":{"@id":"https:\/\/www.grupomedcof.com.br\/blog\/#\/schema\/logo\/image\/"},"sameAs":["https:\/\/www.facebook.com\/MedCofQbank\/","https:\/\/www.instagram.com\/grupomedcof\/","https:\/\/br.linkedin.com\/company\/medcof","https:\/\/www.youtube.com\/channel\/UCdHMuOHKICxcHwecxN8P-AA"]},{"@type":"Person","@id":"https:\/\/www.grupomedcof.com.br\/blog\/#\/schema\/person\/9a44c2184a836bf5ae6967fdb3a1451e","name":"Leila Menzel","image":{"@type":"ImageObject","inLanguage":"pt-BR","@id":"https:\/\/www.grupomedcof.com.br\/blog\/wp-content\/uploads\/2025\/09\/cropped-eu-96x96.jpeg19a74936d997c0a8b3031618467fa1d0","url":"https:\/\/www.grupomedcof.com.br\/blog\/wp-content\/uploads\/2025\/09\/cropped-eu-96x96.jpeg","contentUrl":"https:\/\/www.grupomedcof.com.br\/blog\/wp-content\/uploads\/2025\/09\/cropped-eu-96x96.jpeg","caption":"Leila Menzel"},"description":"Estudante do 6\u00b0 semestre de jornalismo, amo e escrevo poesias e viajo em livros de romances clich\u00eas.","url":"https:\/\/www.grupomedcof.com.br\/blog\/author\/leila-menzel\/"}]}},"authors":[{"term_id":3616,"user_id":20,"is_guest":0,"slug":"leila-menzel","display_name":"Leila Menzel","avatar_url":"https:\/\/www.grupomedcof.com.br\/blog\/wp-content\/uploads\/2025\/09\/cropped-eu-96x96.jpeg","0":null,"1":"","2":"","3":"","4":"","5":"","6":"","7":"","8":""}],"_links":{"self":[{"href":"https:\/\/www.grupomedcof.com.br\/blog\/wp-json\/wp\/v2\/posts\/32391","targetHints":{"allow":["GET"]}}],"collection":[{"href":"https:\/\/www.grupomedcof.com.br\/blog\/wp-json\/wp\/v2\/posts"}],"about":[{"href":"https:\/\/www.grupomedcof.com.br\/blog\/wp-json\/wp\/v2\/types\/post"}],"author":[{"embeddable":true,"href":"https:\/\/www.grupomedcof.com.br\/blog\/wp-json\/wp\/v2\/users\/20"}],"replies":[{"embeddable":true,"href":"https:\/\/www.grupomedcof.com.br\/blog\/wp-json\/wp\/v2\/comments?post=32391"}],"version-history":[{"count":3,"href":"https:\/\/www.grupomedcof.com.br\/blog\/wp-json\/wp\/v2\/posts\/32391\/revisions"}],"predecessor-version":[{"id":42982,"href":"https:\/\/www.grupomedcof.com.br\/blog\/wp-json\/wp\/v2\/posts\/32391\/revisions\/42982"}],"wp:featuredmedia":[{"embeddable":true,"href":"https:\/\/www.grupomedcof.com.br\/blog\/wp-json\/wp\/v2\/media\/32401"}],"wp:attachment":[{"href":"https:\/\/www.grupomedcof.com.br\/blog\/wp-json\/wp\/v2\/media?parent=32391"}],"wp:term":[{"taxonomy":"category","embeddable":true,"href":"https:\/\/www.grupomedcof.com.br\/blog\/wp-json\/wp\/v2\/categories?post=32391"},{"taxonomy":"post_tag","embeddable":true,"href":"https:\/\/www.grupomedcof.com.br\/blog\/wp-json\/wp\/v2\/tags?post=32391"},{"taxonomy":"author","embeddable":true,"href":"https:\/\/www.grupomedcof.com.br\/blog\/wp-json\/wp\/v2\/ppma_author?post=32391"}],"curies":[{"name":"wp","href":"https:\/\/api.w.org\/{rel}","templated":true}]}}