{"id":32462,"date":"2024-12-12T14:54:58","date_gmt":"2024-12-12T17:54:58","guid":{"rendered":"https:\/\/www.grupomedcof.com.br\/blog\/?p=32462"},"modified":"2024-12-12T14:54:59","modified_gmt":"2024-12-12T17:54:59","slug":"a-importancia-do-dezembro-vermelho","status":"publish","type":"post","link":"https:\/\/www.grupomedcof.com.br\/blog\/a-importancia-do-dezembro-vermelho\/","title":{"rendered":"A import\u00e2ncia do Dezembro Vermelho"},"content":{"rendered":"<div id=\"ez-toc-container\" class=\"ez-toc-v2_0_74 counter-hierarchy ez-toc-counter ez-toc-transparent ez-toc-container-direction\">\n<div class=\"ez-toc-title-container\">\n<p class=\"ez-toc-title\" style=\"cursor:inherit\">Sum\u00e1rio<\/p>\n<span class=\"ez-toc-title-toggle\"><a href=\"#\" class=\"ez-toc-pull-right ez-toc-btn ez-toc-btn-xs ez-toc-btn-default ez-toc-toggle\" aria-label=\"Alternar tabela de conte\u00fado\"><span class=\"ez-toc-js-icon-con\"><span class=\"\"><span class=\"eztoc-hide\" style=\"display:none;\">Toggle<\/span><span class=\"ez-toc-icon-toggle-span\"><svg style=\"fill: #999;color:#999\" xmlns=\"http:\/\/www.w3.org\/2000\/svg\" class=\"list-377408\" width=\"20px\" height=\"20px\" viewBox=\"0 0 24 24\" fill=\"none\"><path d=\"M6 6H4v2h2V6zm14 0H8v2h12V6zM4 11h2v2H4v-2zm16 0H8v2h12v-2zM4 16h2v2H4v-2zm16 0H8v2h12v-2z\" fill=\"currentColor\"><\/path><\/svg><svg style=\"fill: #999;color:#999\" class=\"arrow-unsorted-368013\" xmlns=\"http:\/\/www.w3.org\/2000\/svg\" width=\"10px\" height=\"10px\" viewBox=\"0 0 24 24\" version=\"1.2\" baseProfile=\"tiny\"><path d=\"M18.2 9.3l-6.2-6.3-6.2 6.3c-.2.2-.3.4-.3.7s.1.5.3.7c.2.2.4.3.7.3h11c.3 0 .5-.1.7-.3.2-.2.3-.5.3-.7s-.1-.5-.3-.7zM5.8 14.7l6.2 6.3 6.2-6.3c.2-.2.3-.5.3-.7s-.1-.5-.3-.7c-.2-.2-.4-.3-.7-.3h-11c-.3 0-.5.1-.7.3-.2.2-.3.5-.3.7s.1.5.3.7z\"\/><\/svg><\/span><\/span><\/span><\/a><\/span><\/div>\n<nav><ul class='ez-toc-list ez-toc-list-level-1 ' ><li class='ez-toc-page-1 ez-toc-heading-level-2'><a class=\"ez-toc-link ez-toc-heading-1\" href=\"https:\/\/www.grupomedcof.com.br\/blog\/a-importancia-do-dezembro-vermelho\/#Conceitos_base\" >Conceitos base<\/a><\/li><li class='ez-toc-page-1 ez-toc-heading-level-2'><a class=\"ez-toc-link ez-toc-heading-2\" href=\"https:\/\/www.grupomedcof.com.br\/blog\/a-importancia-do-dezembro-vermelho\/#O_que_e_o_HIV\" >O que \u00e9 o HIV?<\/a><\/li><li class='ez-toc-page-1 ez-toc-heading-level-2'><a class=\"ez-toc-link ez-toc-heading-3\" href=\"https:\/\/www.grupomedcof.com.br\/blog\/a-importancia-do-dezembro-vermelho\/#Diagnostico\" >Diagn\u00f3stico\u00a0<\/a><\/li><li class='ez-toc-page-1 ez-toc-heading-level-2'><a class=\"ez-toc-link ez-toc-heading-4\" href=\"https:\/\/www.grupomedcof.com.br\/blog\/a-importancia-do-dezembro-vermelho\/#Tratamento\" >Tratamento<\/a><\/li><li class='ez-toc-page-1 ez-toc-heading-level-2'><a class=\"ez-toc-link ez-toc-heading-5\" href=\"https:\/\/www.grupomedcof.com.br\/blog\/a-importancia-do-dezembro-vermelho\/#Novidades_no_tratamento\" >Novidades no tratamento<\/a><\/li><li class='ez-toc-page-1 ez-toc-heading-level-2'><a class=\"ez-toc-link ez-toc-heading-6\" href=\"https:\/\/www.grupomedcof.com.br\/blog\/a-importancia-do-dezembro-vermelho\/#Vacinacao_e_co-infeccao\" >Vacina\u00e7\u00e3o e co-infec\u00e7\u00e3o\u00a0<\/a><\/li><li class='ez-toc-page-1 ez-toc-heading-level-2'><a class=\"ez-toc-link ez-toc-heading-7\" href=\"https:\/\/www.grupomedcof.com.br\/blog\/a-importancia-do-dezembro-vermelho\/#Conquiste_a_Aprovacao\" >Conquiste a Aprova\u00e7\u00e3o<\/a><\/li><\/ul><\/nav><\/div>\n\n<figure class=\"wp-block-image size-large\"><img loading=\"lazy\" decoding=\"async\" width=\"1024\" height=\"576\" src=\"https:\/\/www.grupomedcof.com.br\/blog\/wp-content\/uploads\/2024\/12\/Blog-MedCof-26-1024x576.jpg\" alt=\"\" class=\"wp-image-32464\" srcset=\"https:\/\/www.grupomedcof.com.br\/blog\/wp-content\/uploads\/2024\/12\/Blog-MedCof-26-1024x576.jpg 1024w, https:\/\/www.grupomedcof.com.br\/blog\/wp-content\/uploads\/2024\/12\/Blog-MedCof-26-300x169.jpg 300w, https:\/\/www.grupomedcof.com.br\/blog\/wp-content\/uploads\/2024\/12\/Blog-MedCof-26-768x432.jpg 768w, https:\/\/www.grupomedcof.com.br\/blog\/wp-content\/uploads\/2024\/12\/Blog-MedCof-26-1536x864.jpg 1536w, https:\/\/www.grupomedcof.com.br\/blog\/wp-content\/uploads\/2024\/12\/Blog-MedCof-26-2048x1152.jpg 2048w, https:\/\/www.grupomedcof.com.br\/blog\/wp-content\/uploads\/2024\/12\/Blog-MedCof-26-747x420.jpg 747w, https:\/\/www.grupomedcof.com.br\/blog\/wp-content\/uploads\/2024\/12\/Blog-MedCof-26-150x84.jpg 150w, https:\/\/www.grupomedcof.com.br\/blog\/wp-content\/uploads\/2024\/12\/Blog-MedCof-26-696x392.jpg 696w, https:\/\/www.grupomedcof.com.br\/blog\/wp-content\/uploads\/2024\/12\/Blog-MedCof-26-1068x601.jpg 1068w, https:\/\/www.grupomedcof.com.br\/blog\/wp-content\/uploads\/2024\/12\/Blog-MedCof-26-1920x1080.jpg 1920w\" sizes=\"auto, (max-width: 1024px) 100vw, 1024px\" \/><\/figure>\n\n\n\n<h2 class=\"wp-block-heading\" id=\"h-conceitos-base\"><span class=\"ez-toc-section\" id=\"Conceitos_base\"><\/span><strong>Conceitos base<\/strong><span class=\"ez-toc-section-end\"><\/span><\/h2>\n\n\n\n<p><strong>Dezembro<\/strong> foi o m\u00eas escolhido para a <strong>conscientiza\u00e7\u00e3o acerca da infec\u00e7\u00e3o em HIV\/Aids<\/strong> e <strong>outras doen\u00e7as sexualmente transmiss\u00edveis.<\/strong> A import\u00e2ncia dessa conscientiza\u00e7\u00e3o \u00e9 embasada na continua\u00e7\u00e3o de marcantes \u00edndices de infec\u00e7\u00e3o apesar das moderniza\u00e7\u00f5es na preven\u00e7\u00e3o, al\u00e9m dos s\u00e9rios problemas advindos das manifesta\u00e7\u00f5es oportunistas nas pessoas infectadas.\u00a0<\/p>\n\n\n\n<h2 class=\"wp-block-heading\"><span class=\"ez-toc-section\" id=\"O_que_e_o_HIV\"><\/span><strong>O que \u00e9 o HIV?<\/strong><span class=\"ez-toc-section-end\"><\/span><\/h2>\n\n\n\n<p><strong>HIV<\/strong> \u00e9 uma sigla para <strong>Human Immunodeficiency Virus<\/strong> (V\u00edrus de Imunodefici\u00eancia Humana)\u00a0que se caracteriza pela invas\u00e3o do v\u00edrus envelopado de RNA aos linf\u00f3citos TCD4+. A infec\u00e7\u00e3o se d\u00e1 por <strong>cont\u00e1gio sexual<\/strong> (em todas suas modalidades),<strong> transfus\u00e3o de hemocomponentes<\/strong> (como hem\u00e1cias, plaquetas e leuc\u00f3citos), <strong>transmiss\u00e3o vertical <\/strong>(durante a gesta\u00e7\u00e3o, parto ou amamenta\u00e7\u00e3o) e <strong>transmiss\u00e3o percut\u00e2nea <\/strong>(como acidentes com materiais biol\u00f3gicos).\u00a0\u00a0\u00a0<\/p>\n\n\n\n<figure class=\"wp-block-image\"><img decoding=\"async\" src=\"https:\/\/lh7-rt.googleusercontent.com\/docsz\/AD_4nXcz8VlzRSOE6TSLFETsCq2pJ3jFt946soQiLOgH0TBqZw9FDh0UaJmHsWDzT1JZbGn7l81SJ2PpohCwoKdWKUFBcgNEfk09zTwaFnngxN-b4urq2Sf4gvkRy_fSqvDv9ph--Qx8yA?key=8vVoMqJH6yzWT5DmeFHZOr70\" alt=\"\"\/><\/figure>\n\n\n\n<h2 class=\"wp-block-heading\" id=\"h-diagnostico\"><span class=\"ez-toc-section\" id=\"Diagnostico\"><\/span><strong>Diagn\u00f3stico\u00a0<\/strong><span class=\"ez-toc-section-end\"><\/span><\/h2>\n\n\n\n<p>Seguindo os estudos da Hist\u00f3ria Natural da Doen\u00e7a, sabemos que ap\u00f3s o contato o v\u00edrus pode se manter incubado por um per\u00edodo de 7 a 15 dias (diferente do eclipse viral, onde nenhum teste \u00e9 positivo).&nbsp;<\/p>\n\n\n\n<p>Ap\u00f3s isso, podemos nos deparar com a SRA (<strong>S\u00edndrome Retroviral Aguda<\/strong>), quando a manifesta\u00e7\u00e3o \u00e9 aguda e dura em m\u00e9dia de 2 semanas (acomete apenas 50% das pessoas infectadas pelo HIV e n\u00e3o houve reconhecimento do v\u00edrus pelo sistema imune ainda). Essa s\u00edndrome apresenta como principais achados cl\u00ednicos a febre, fadiga, adenomegalia generalizada, rash cut\u00e2neo e outros sintomas. Por fim, vale ressaltar a lat\u00eancia cl\u00ednica com queda anual de cerca de 50 CD4 ao ano.<\/p>\n\n\n\n<p>Desse modo, a infec\u00e7\u00e3o pode culminar a AIDS (S\u00edndrome da Imunodefici\u00eancia Adquirida). Para esse caso, o per\u00edodo de lat\u00eancia cl\u00ednica dura de 3 a 4 semanas ap\u00f3s o cont\u00e1gio. Os testes sorol\u00f3gicos poss\u00edveis podem ser do tipo r\u00e1pido (demora 1 a 3 meses para positivas depois do cont\u00e1gio), imunoensaio (ELISA, que demoram at\u00e9 20 dias para positivar) e de terceira gera\u00e7\u00e3o (que demoram de 24 a 28 dias para positivas, mas n\u00e3o identificam a prote\u00edna de membrana p24). A AIDS se caracteriza por uma manifesta\u00e7\u00e3o generalizada de infec\u00e7\u00f5es oportunistas.\u00a0<\/p>\n\n\n\n<h2 class=\"wp-block-heading\"><span class=\"ez-toc-section\" id=\"Tratamento\"><\/span><strong>Tratamento<\/strong><span class=\"ez-toc-section-end\"><\/span><\/h2>\n\n\n\n<p>Como dito, a import\u00e2ncia da conscientiza\u00e7\u00e3o reside na perman\u00eancia de n\u00edveis marcantes de infec\u00e7\u00e3o entre a popula\u00e7\u00e3o, mesmo diante das t\u00e9cnicas de tratamento dos doentes e preven\u00e7\u00e3o. Por isso, vamos explorar mais a fundo os tipos de tratamento.<\/p>\n\n\n\n<p>O alvo molecular de tratamento \u00e9 a terapia combinada, j\u00e1 que o v\u00edrus do HIV utiliza-se da transcriptase reversa. Atuando sobre a integrase, temos o Raltegravir, Dolutegravir e Cabotegravir. Outras s\u00e3o inibidores de protease como o Darunavir, Atazanavir e Lopinavir (que podem causar icter\u00edcia e est\u00e3o sempre associados a booster de ritonavir). Al\u00e9m disso, existem uma s\u00e9rie de medica\u00e7\u00f5es nucleot\u00eddicas ou n\u00e3o que atuam sobre a transcriptase diretamente, como Tenofovir (TDF), Nevirapina (NVP), Lamivudina (3TC) e Efavirenz (EFZ).&nbsp;<\/p>\n\n\n\n<p>O tratamento deve ser iniciado imediatamente ap\u00f3s o diagn\u00f3stico, com exce\u00e7\u00e3o dos casos em que o paciente tamb\u00e9m \u00e9 simultaneamente diagnosticado com tuberculose e outras infec\u00e7\u00f5es oportunistas.&nbsp;&nbsp;<\/p>\n\n\n\n<h2 class=\"wp-block-heading\" id=\"h-novidades-no-tratamento\"><span class=\"ez-toc-section\" id=\"Novidades_no_tratamento\"><\/span><strong>Novidades no tratamento<\/strong><span class=\"ez-toc-section-end\"><\/span><\/h2>\n\n\n\n<p>Atualmente, temos um novo conceito acerca do tratamento do HIV: a <strong>terapia dupla<\/strong>. Esse tratamento \u00e9 feito com Lamivudina (3TC) e Dolutegravir (DTG), sendo que o paciente n\u00e3o pode ter hepatite B, tuberculose, falha pr\u00e9via e precisa apresentar 2 cargas virais indetect\u00e1veis por mais de 6 meses de intervalo (1 ano de tratamento).&nbsp;<\/p>\n\n\n\n<figure class=\"wp-block-image\"><img decoding=\"async\" src=\"https:\/\/lh7-rt.googleusercontent.com\/docsz\/AD_4nXcysOaQB9VjvzP7CH0DemB9pifPkMPnSmYYS00Mtd_wSDXNOA6xJR0j61BxTcDxh0ZA-1JRhwGRz5-MEu-uWnMFAZTWPkoh6Dmf73fpYLqngxfKuc8qulMvI7f8ku_VB0ZRF6v51A?key=8vVoMqJH6yzWT5DmeFHZOr70\" alt=\"\"\/><\/figure>\n\n\n\n<h2 class=\"wp-block-heading\" id=\"h-vacinacao-e-co-infeccao\"><span class=\"ez-toc-section\" id=\"Vacinacao_e_co-infeccao\"><\/span><strong>Vacina\u00e7\u00e3o e co-infec\u00e7\u00e3o\u00a0<\/strong><span class=\"ez-toc-section-end\"><\/span><\/h2>\n\n\n\n<p>A vacina \u00e9 a maneira mais eficaz de prevenir o HPV, por isso deve ser promovida a toda a popula\u00e7\u00e3o a partir dos 9 anos de idade em meninas e 11 em meninos.<\/p>\n\n\n\n<p>A co-infec\u00e7\u00e3o por HIV+tuberculose \u00e9 a principal causa de morte no mundo de pacientes soropositivos.&nbsp; Nesses casos, fazemos screening anual com IGRA\/ PPD+RX de t\u00f3rax se CD&gt;350.&nbsp;<\/p>\n\n\n\n<h2 class=\"wp-block-heading\" id=\"conquiste-a-aprova\u00e7\u00e3o\"><span class=\"ez-toc-section\" id=\"Conquiste_a_Aprovacao\"><\/span><strong>Conquiste a Aprova\u00e7\u00e3o<\/strong><span class=\"ez-toc-section-end\"><\/span><\/h2>\n\n\n\n<p>As provas de resid\u00eancia m\u00e9dica est\u00e3o cada vez mais perto e para garantir a sua aprova\u00e7\u00e3o, n\u00f3s criamos uma&nbsp;nova modalidade de<a href=\"https:\/\/www.grupomedcof.com.br\/blog\/hiit-medcof-o-curso-intensivo-para-residencia-medica\/\" target=\"_blank\" rel=\"noreferrer noopener\">&nbsp;intensivo<\/a>&nbsp;que \u00e9 capaz de revisar todo conte\u00fado necess\u00e1rio em apenas&nbsp;04 semanas! O<a href=\"https:\/\/www.grupomedcof.com.br\/hiit-target-2023-links\/\" target=\"_blank\" rel=\"noreferrer noopener\">&nbsp;HIIT Target<\/a>&nbsp;\u00e9 mais novo preparat\u00f3rio com conte\u00fado focado na institui\u00e7\u00e3o de seu interesse.<\/p>\n\n\n\n<p>Acesse o site do<a href=\"https:\/\/www.grupomedcof.com.br\/#cursos\" target=\"_blank\" rel=\"noreferrer noopener\">&nbsp;Grupo MedCof&nbsp;<\/a>e&nbsp;conhe\u00e7a a metodologia que j\u00e1 aprovou&nbsp;<a href=\"https:\/\/www.grupomedcof.com.br\/blog\/presenca-da-medcof-nas-aprovacoes-em-residencia-medica-no-brasil\/\" target=\"_blank\" rel=\"noreferrer noopener\">10 mil residentes em todo o pa\u00eds!<\/a><\/p>\n\n\n\n<figure class=\"wp-block-embed is-type-video is-provider-youtube wp-block-embed-youtube wp-embed-aspect-16-9 wp-has-aspect-ratio\"><div class=\"wp-block-embed__wrapper\">\n<div class=\"youtube-embed\" data-video_id=\"Sqxg5gvK3pc\"><iframe loading=\"lazy\" title=\"Alerta ATUALIZA\u00c7\u00c3O \u203c\ufe0f\u203c\ufe0fVacina para o HPV\" width=\"696\" height=\"392\" src=\"https:\/\/www.youtube.com\/embed\/Sqxg5gvK3pc?feature=oembed&#038;enablejsapi=1\" frameborder=\"0\" allow=\"accelerometer; autoplay; clipboard-write; encrypted-media; gyroscope; picture-in-picture; web-share\" referrerpolicy=\"strict-origin-when-cross-origin\" allowfullscreen><\/iframe><\/div>\n<\/div><\/figure>\n","protected":false},"excerpt":{"rendered":"<p>Dezembro foi o m\u00eas escolhido para a conscientiza\u00e7\u00e3o acerca da infec\u00e7\u00e3o em HIV\/Aids e outras doen\u00e7as sexualmente transmiss\u00edveis. Entenda!<\/p>\n","protected":false},"author":21,"featured_media":32464,"comment_status":"open","ping_status":"open","sticky":false,"template":"","format":"standard","meta":{"footnotes":""},"categories":[195],"tags":[2377,1058,198,2378,869],"ppma_author":[3617],"class_list":{"0":"post-32462","1":"post","2":"type-post","3":"status-publish","4":"format-standard","5":"has-post-thumbnail","7":"category-infectologia","8":"tag-aids","9":"tag-diagnostico","10":"tag-hiv","11":"tag-novidades-no-tratamento","12":"tag-tratamento"},"yoast_head":"<!-- This site is optimized with the Yoast SEO Premium plugin v24.3 (Yoast SEO v27.4) - https:\/\/yoast.com\/product\/yoast-seo-premium-wordpress\/ -->\n<title>A import\u00e2ncia do Dezembro Vermelho - Blog de Medcof: conte\u00fados, editais, revalida e mais!<\/title>\n<meta name=\"description\" content=\"Dezembro foi o m\u00eas escolhido para a conscientiza\u00e7\u00e3o acerca da infec\u00e7\u00e3o em HIV\/Aids e outras doen\u00e7as sexualmente transmiss\u00edveis. Entenda!\" \/>\n<meta name=\"robots\" content=\"index, follow, max-snippet:-1, max-image-preview:large, max-video-preview:-1\" \/>\n<link rel=\"canonical\" href=\"https:\/\/www.grupomedcof.com.br\/blog\/a-importancia-do-dezembro-vermelho\/\" \/>\n<meta property=\"og:locale\" content=\"pt_BR\" \/>\n<meta property=\"og:type\" content=\"article\" \/>\n<meta property=\"og:title\" content=\"A import\u00e2ncia do Dezembro Vermelho\" \/>\n<meta property=\"og:description\" content=\"Dezembro foi o m\u00eas escolhido para a conscientiza\u00e7\u00e3o acerca da infec\u00e7\u00e3o em HIV\/Aids e outras doen\u00e7as sexualmente transmiss\u00edveis. Entenda!\" \/>\n<meta property=\"og:url\" content=\"https:\/\/www.grupomedcof.com.br\/blog\/a-importancia-do-dezembro-vermelho\/\" \/>\n<meta property=\"og:site_name\" content=\"Blog de Medcof: conte\u00fados, editais, revalida e mais!\" \/>\n<meta property=\"article:publisher\" content=\"https:\/\/www.facebook.com\/MedCofQbank\/\" \/>\n<meta property=\"article:published_time\" content=\"2024-12-12T17:54:58+00:00\" \/>\n<meta property=\"article:modified_time\" content=\"2024-12-12T17:54:59+00:00\" \/>\n<meta property=\"og:image\" content=\"https:\/\/www.grupomedcof.com.br\/blog\/wp-content\/uploads\/2024\/12\/Blog-MedCof-26-scaled.jpg\" \/>\n\t<meta property=\"og:image:width\" content=\"2560\" \/>\n\t<meta property=\"og:image:height\" content=\"1440\" \/>\n\t<meta property=\"og:image:type\" content=\"image\/jpeg\" \/>\n<meta name=\"author\" content=\"Kiara Adelino\" \/>\n<meta name=\"twitter:card\" content=\"summary_large_image\" \/>\n<meta name=\"twitter:label1\" content=\"Escrito por\" \/>\n\t<meta name=\"twitter:data1\" content=\"Kiara Adelino\" \/>\n\t<meta name=\"twitter:label2\" content=\"Est. tempo de leitura\" \/>\n\t<meta name=\"twitter:data2\" content=\"5 minutos\" \/>\n<script type=\"application\/ld+json\" class=\"yoast-schema-graph\">{\"@context\":\"https:\\\/\\\/schema.org\",\"@graph\":[{\"@type\":\"Article\",\"@id\":\"https:\\\/\\\/www.grupomedcof.com.br\\\/blog\\\/a-importancia-do-dezembro-vermelho\\\/#article\",\"isPartOf\":{\"@id\":\"https:\\\/\\\/www.grupomedcof.com.br\\\/blog\\\/a-importancia-do-dezembro-vermelho\\\/\"},\"author\":{\"name\":\"Kiara Adelino\",\"@id\":\"https:\\\/\\\/www.grupomedcof.com.br\\\/blog\\\/#\\\/schema\\\/person\\\/db19a651f86c5fc202d6eee744fd3292\"},\"headline\":\"A import\u00e2ncia do Dezembro Vermelho\",\"datePublished\":\"2024-12-12T17:54:58+00:00\",\"dateModified\":\"2024-12-12T17:54:59+00:00\",\"mainEntityOfPage\":{\"@id\":\"https:\\\/\\\/www.grupomedcof.com.br\\\/blog\\\/a-importancia-do-dezembro-vermelho\\\/\"},\"wordCount\":763,\"commentCount\":0,\"publisher\":{\"@id\":\"https:\\\/\\\/www.grupomedcof.com.br\\\/blog\\\/#organization\"},\"image\":{\"@id\":\"https:\\\/\\\/www.grupomedcof.com.br\\\/blog\\\/a-importancia-do-dezembro-vermelho\\\/#primaryimage\"},\"thumbnailUrl\":\"https:\\\/\\\/www.grupomedcof.com.br\\\/blog\\\/wp-content\\\/uploads\\\/2024\\\/12\\\/Blog-MedCof-26-scaled.jpg\",\"keywords\":[\"AIDS\",\"diagn\u00f3stico\",\"HIV\",\"Novidades no tratamento\",\"tratamento\"],\"articleSection\":[\"Infectologia\"],\"inLanguage\":\"pt-BR\"},{\"@type\":\"WebPage\",\"@id\":\"https:\\\/\\\/www.grupomedcof.com.br\\\/blog\\\/a-importancia-do-dezembro-vermelho\\\/\",\"url\":\"https:\\\/\\\/www.grupomedcof.com.br\\\/blog\\\/a-importancia-do-dezembro-vermelho\\\/\",\"name\":\"A import\u00e2ncia do Dezembro Vermelho - Blog de Medcof: conte\u00fados, editais, revalida e mais!\",\"isPartOf\":{\"@id\":\"https:\\\/\\\/www.grupomedcof.com.br\\\/blog\\\/#website\"},\"primaryImageOfPage\":{\"@id\":\"https:\\\/\\\/www.grupomedcof.com.br\\\/blog\\\/a-importancia-do-dezembro-vermelho\\\/#primaryimage\"},\"image\":{\"@id\":\"https:\\\/\\\/www.grupomedcof.com.br\\\/blog\\\/a-importancia-do-dezembro-vermelho\\\/#primaryimage\"},\"thumbnailUrl\":\"https:\\\/\\\/www.grupomedcof.com.br\\\/blog\\\/wp-content\\\/uploads\\\/2024\\\/12\\\/Blog-MedCof-26-scaled.jpg\",\"datePublished\":\"2024-12-12T17:54:58+00:00\",\"dateModified\":\"2024-12-12T17:54:59+00:00\",\"description\":\"Dezembro foi o m\u00eas escolhido para a conscientiza\u00e7\u00e3o acerca da infec\u00e7\u00e3o em HIV\\\/Aids e outras doen\u00e7as sexualmente transmiss\u00edveis. Entenda!\",\"breadcrumb\":{\"@id\":\"https:\\\/\\\/www.grupomedcof.com.br\\\/blog\\\/a-importancia-do-dezembro-vermelho\\\/#breadcrumb\"},\"inLanguage\":\"pt-BR\",\"potentialAction\":[{\"@type\":\"ReadAction\",\"target\":[\"https:\\\/\\\/www.grupomedcof.com.br\\\/blog\\\/a-importancia-do-dezembro-vermelho\\\/\"]}]},{\"@type\":\"ImageObject\",\"inLanguage\":\"pt-BR\",\"@id\":\"https:\\\/\\\/www.grupomedcof.com.br\\\/blog\\\/a-importancia-do-dezembro-vermelho\\\/#primaryimage\",\"url\":\"https:\\\/\\\/www.grupomedcof.com.br\\\/blog\\\/wp-content\\\/uploads\\\/2024\\\/12\\\/Blog-MedCof-26-scaled.jpg\",\"contentUrl\":\"https:\\\/\\\/www.grupomedcof.com.br\\\/blog\\\/wp-content\\\/uploads\\\/2024\\\/12\\\/Blog-MedCof-26-scaled.jpg\",\"width\":2560,\"height\":1440},{\"@type\":\"BreadcrumbList\",\"@id\":\"https:\\\/\\\/www.grupomedcof.com.br\\\/blog\\\/a-importancia-do-dezembro-vermelho\\\/#breadcrumb\",\"itemListElement\":[{\"@type\":\"ListItem\",\"position\":1,\"name\":\"In\u00edcio\",\"item\":\"https:\\\/\\\/www.grupomedcof.com.br\\\/blog\\\/\"},{\"@type\":\"ListItem\",\"position\":2,\"name\":\"A import\u00e2ncia do Dezembro Vermelho\"}]},{\"@type\":\"WebSite\",\"@id\":\"https:\\\/\\\/www.grupomedcof.com.br\\\/blog\\\/#website\",\"url\":\"https:\\\/\\\/www.grupomedcof.com.br\\\/blog\\\/\",\"name\":\"Blog de Medcof: conte\u00fados, editais, revalida e mais!\",\"description\":\"Acesso o blog de MedCof! Seu portal de conte\u00fados sobre resid\u00eancia m\u00e9dica, an\u00e1lise e editais e muito mais. Clique e confira!\",\"publisher\":{\"@id\":\"https:\\\/\\\/www.grupomedcof.com.br\\\/blog\\\/#organization\"},\"alternateName\":\"Blog de Medcof: conte\u00fados, editais, revalida e mais!\",\"potentialAction\":[{\"@type\":\"SearchAction\",\"target\":{\"@type\":\"EntryPoint\",\"urlTemplate\":\"https:\\\/\\\/www.grupomedcof.com.br\\\/blog\\\/?s={search_term_string}\"},\"query-input\":{\"@type\":\"PropertyValueSpecification\",\"valueRequired\":true,\"valueName\":\"search_term_string\"}}],\"inLanguage\":\"pt-BR\"},{\"@type\":\"Organization\",\"@id\":\"https:\\\/\\\/www.grupomedcof.com.br\\\/blog\\\/#organization\",\"name\":\"Grupo MedCof\",\"url\":\"https:\\\/\\\/www.grupomedcof.com.br\\\/blog\\\/\",\"logo\":{\"@type\":\"ImageObject\",\"inLanguage\":\"pt-BR\",\"@id\":\"https:\\\/\\\/www.grupomedcof.com.br\\\/blog\\\/#\\\/schema\\\/logo\\\/image\\\/\",\"url\":\"https:\\\/\\\/www.grupomedcof.com.br\\\/blog\\\/wp-content\\\/uploads\\\/2022\\\/01\\\/logo-medcof.png\",\"contentUrl\":\"https:\\\/\\\/www.grupomedcof.com.br\\\/blog\\\/wp-content\\\/uploads\\\/2022\\\/01\\\/logo-medcof.png\",\"width\":768,\"height\":269,\"caption\":\"Grupo MedCof\"},\"image\":{\"@id\":\"https:\\\/\\\/www.grupomedcof.com.br\\\/blog\\\/#\\\/schema\\\/logo\\\/image\\\/\"},\"sameAs\":[\"https:\\\/\\\/www.facebook.com\\\/MedCofQbank\\\/\",\"https:\\\/\\\/www.instagram.com\\\/grupomedcof\\\/\",\"https:\\\/\\\/br.linkedin.com\\\/company\\\/medcof\",\"https:\\\/\\\/www.youtube.com\\\/channel\\\/UCdHMuOHKICxcHwecxN8P-AA\"]},{\"@type\":\"Person\",\"@id\":\"https:\\\/\\\/www.grupomedcof.com.br\\\/blog\\\/#\\\/schema\\\/person\\\/db19a651f86c5fc202d6eee744fd3292\",\"name\":\"Kiara Adelino\",\"image\":{\"@type\":\"ImageObject\",\"inLanguage\":\"pt-BR\",\"@id\":\"https:\\\/\\\/www.grupomedcof.com.br\\\/blog\\\/wp-content\\\/uploads\\\/2024\\\/08\\\/cropped-Kiara-Adelino2-96x96.jpega85663bdda67261f8f06f86e555e1e49\",\"url\":\"https:\\\/\\\/www.grupomedcof.com.br\\\/blog\\\/wp-content\\\/uploads\\\/2024\\\/08\\\/cropped-Kiara-Adelino2-96x96.jpeg\",\"contentUrl\":\"https:\\\/\\\/www.grupomedcof.com.br\\\/blog\\\/wp-content\\\/uploads\\\/2024\\\/08\\\/cropped-Kiara-Adelino2-96x96.jpeg\",\"caption\":\"Kiara Adelino\"},\"description\":\"Estudante do 5\u00b0 semestre de Medicina. Gosto bastante de aprender coisas novas, principalmente na \u00e1rea de Neurologia e Anatomia humana.\",\"url\":\"https:\\\/\\\/www.grupomedcof.com.br\\\/blog\\\/author\\\/kiara-adelino\\\/\"}]}<\/script>\n<!-- \/ Yoast SEO Premium plugin. -->","yoast_head_json":{"title":"A import\u00e2ncia do Dezembro Vermelho - Blog de Medcof: conte\u00fados, editais, revalida e mais!","description":"Dezembro foi o m\u00eas escolhido para a conscientiza\u00e7\u00e3o acerca da infec\u00e7\u00e3o em HIV\/Aids e outras doen\u00e7as sexualmente transmiss\u00edveis. Entenda!","robots":{"index":"index","follow":"follow","max-snippet":"max-snippet:-1","max-image-preview":"max-image-preview:large","max-video-preview":"max-video-preview:-1"},"canonical":"https:\/\/www.grupomedcof.com.br\/blog\/a-importancia-do-dezembro-vermelho\/","og_locale":"pt_BR","og_type":"article","og_title":"A import\u00e2ncia do Dezembro Vermelho","og_description":"Dezembro foi o m\u00eas escolhido para a conscientiza\u00e7\u00e3o acerca da infec\u00e7\u00e3o em HIV\/Aids e outras doen\u00e7as sexualmente transmiss\u00edveis. Entenda!","og_url":"https:\/\/www.grupomedcof.com.br\/blog\/a-importancia-do-dezembro-vermelho\/","og_site_name":"Blog de Medcof: conte\u00fados, editais, revalida e mais!","article_publisher":"https:\/\/www.facebook.com\/MedCofQbank\/","article_published_time":"2024-12-12T17:54:58+00:00","article_modified_time":"2024-12-12T17:54:59+00:00","og_image":[{"width":2560,"height":1440,"url":"https:\/\/www.grupomedcof.com.br\/blog\/wp-content\/uploads\/2024\/12\/Blog-MedCof-26-scaled.jpg","type":"image\/jpeg"}],"author":"Kiara Adelino","twitter_card":"summary_large_image","twitter_misc":{"Escrito por":"Kiara Adelino","Est. tempo de leitura":"5 minutos"},"schema":{"@context":"https:\/\/schema.org","@graph":[{"@type":"Article","@id":"https:\/\/www.grupomedcof.com.br\/blog\/a-importancia-do-dezembro-vermelho\/#article","isPartOf":{"@id":"https:\/\/www.grupomedcof.com.br\/blog\/a-importancia-do-dezembro-vermelho\/"},"author":{"name":"Kiara Adelino","@id":"https:\/\/www.grupomedcof.com.br\/blog\/#\/schema\/person\/db19a651f86c5fc202d6eee744fd3292"},"headline":"A import\u00e2ncia do Dezembro Vermelho","datePublished":"2024-12-12T17:54:58+00:00","dateModified":"2024-12-12T17:54:59+00:00","mainEntityOfPage":{"@id":"https:\/\/www.grupomedcof.com.br\/blog\/a-importancia-do-dezembro-vermelho\/"},"wordCount":763,"commentCount":0,"publisher":{"@id":"https:\/\/www.grupomedcof.com.br\/blog\/#organization"},"image":{"@id":"https:\/\/www.grupomedcof.com.br\/blog\/a-importancia-do-dezembro-vermelho\/#primaryimage"},"thumbnailUrl":"https:\/\/www.grupomedcof.com.br\/blog\/wp-content\/uploads\/2024\/12\/Blog-MedCof-26-scaled.jpg","keywords":["AIDS","diagn\u00f3stico","HIV","Novidades no tratamento","tratamento"],"articleSection":["Infectologia"],"inLanguage":"pt-BR"},{"@type":"WebPage","@id":"https:\/\/www.grupomedcof.com.br\/blog\/a-importancia-do-dezembro-vermelho\/","url":"https:\/\/www.grupomedcof.com.br\/blog\/a-importancia-do-dezembro-vermelho\/","name":"A import\u00e2ncia do Dezembro Vermelho - Blog de Medcof: conte\u00fados, editais, revalida e mais!","isPartOf":{"@id":"https:\/\/www.grupomedcof.com.br\/blog\/#website"},"primaryImageOfPage":{"@id":"https:\/\/www.grupomedcof.com.br\/blog\/a-importancia-do-dezembro-vermelho\/#primaryimage"},"image":{"@id":"https:\/\/www.grupomedcof.com.br\/blog\/a-importancia-do-dezembro-vermelho\/#primaryimage"},"thumbnailUrl":"https:\/\/www.grupomedcof.com.br\/blog\/wp-content\/uploads\/2024\/12\/Blog-MedCof-26-scaled.jpg","datePublished":"2024-12-12T17:54:58+00:00","dateModified":"2024-12-12T17:54:59+00:00","description":"Dezembro foi o m\u00eas escolhido para a conscientiza\u00e7\u00e3o acerca da infec\u00e7\u00e3o em HIV\/Aids e outras doen\u00e7as sexualmente transmiss\u00edveis. Entenda!","breadcrumb":{"@id":"https:\/\/www.grupomedcof.com.br\/blog\/a-importancia-do-dezembro-vermelho\/#breadcrumb"},"inLanguage":"pt-BR","potentialAction":[{"@type":"ReadAction","target":["https:\/\/www.grupomedcof.com.br\/blog\/a-importancia-do-dezembro-vermelho\/"]}]},{"@type":"ImageObject","inLanguage":"pt-BR","@id":"https:\/\/www.grupomedcof.com.br\/blog\/a-importancia-do-dezembro-vermelho\/#primaryimage","url":"https:\/\/www.grupomedcof.com.br\/blog\/wp-content\/uploads\/2024\/12\/Blog-MedCof-26-scaled.jpg","contentUrl":"https:\/\/www.grupomedcof.com.br\/blog\/wp-content\/uploads\/2024\/12\/Blog-MedCof-26-scaled.jpg","width":2560,"height":1440},{"@type":"BreadcrumbList","@id":"https:\/\/www.grupomedcof.com.br\/blog\/a-importancia-do-dezembro-vermelho\/#breadcrumb","itemListElement":[{"@type":"ListItem","position":1,"name":"In\u00edcio","item":"https:\/\/www.grupomedcof.com.br\/blog\/"},{"@type":"ListItem","position":2,"name":"A import\u00e2ncia do Dezembro Vermelho"}]},{"@type":"WebSite","@id":"https:\/\/www.grupomedcof.com.br\/blog\/#website","url":"https:\/\/www.grupomedcof.com.br\/blog\/","name":"Blog de Medcof: conte\u00fados, editais, revalida e mais!","description":"Acesso o blog de MedCof! Seu portal de conte\u00fados sobre resid\u00eancia m\u00e9dica, an\u00e1lise e editais e muito mais. Clique e confira!","publisher":{"@id":"https:\/\/www.grupomedcof.com.br\/blog\/#organization"},"alternateName":"Blog de Medcof: conte\u00fados, editais, revalida e mais!","potentialAction":[{"@type":"SearchAction","target":{"@type":"EntryPoint","urlTemplate":"https:\/\/www.grupomedcof.com.br\/blog\/?s={search_term_string}"},"query-input":{"@type":"PropertyValueSpecification","valueRequired":true,"valueName":"search_term_string"}}],"inLanguage":"pt-BR"},{"@type":"Organization","@id":"https:\/\/www.grupomedcof.com.br\/blog\/#organization","name":"Grupo MedCof","url":"https:\/\/www.grupomedcof.com.br\/blog\/","logo":{"@type":"ImageObject","inLanguage":"pt-BR","@id":"https:\/\/www.grupomedcof.com.br\/blog\/#\/schema\/logo\/image\/","url":"https:\/\/www.grupomedcof.com.br\/blog\/wp-content\/uploads\/2022\/01\/logo-medcof.png","contentUrl":"https:\/\/www.grupomedcof.com.br\/blog\/wp-content\/uploads\/2022\/01\/logo-medcof.png","width":768,"height":269,"caption":"Grupo MedCof"},"image":{"@id":"https:\/\/www.grupomedcof.com.br\/blog\/#\/schema\/logo\/image\/"},"sameAs":["https:\/\/www.facebook.com\/MedCofQbank\/","https:\/\/www.instagram.com\/grupomedcof\/","https:\/\/br.linkedin.com\/company\/medcof","https:\/\/www.youtube.com\/channel\/UCdHMuOHKICxcHwecxN8P-AA"]},{"@type":"Person","@id":"https:\/\/www.grupomedcof.com.br\/blog\/#\/schema\/person\/db19a651f86c5fc202d6eee744fd3292","name":"Kiara Adelino","image":{"@type":"ImageObject","inLanguage":"pt-BR","@id":"https:\/\/www.grupomedcof.com.br\/blog\/wp-content\/uploads\/2024\/08\/cropped-Kiara-Adelino2-96x96.jpega85663bdda67261f8f06f86e555e1e49","url":"https:\/\/www.grupomedcof.com.br\/blog\/wp-content\/uploads\/2024\/08\/cropped-Kiara-Adelino2-96x96.jpeg","contentUrl":"https:\/\/www.grupomedcof.com.br\/blog\/wp-content\/uploads\/2024\/08\/cropped-Kiara-Adelino2-96x96.jpeg","caption":"Kiara Adelino"},"description":"Estudante do 5\u00b0 semestre de Medicina. Gosto bastante de aprender coisas novas, principalmente na \u00e1rea de Neurologia e Anatomia humana.","url":"https:\/\/www.grupomedcof.com.br\/blog\/author\/kiara-adelino\/"}]}},"authors":[{"term_id":3617,"user_id":21,"is_guest":0,"slug":"kiara-adelino","display_name":"Kiara Adelino","avatar_url":"https:\/\/www.grupomedcof.com.br\/blog\/wp-content\/uploads\/2024\/08\/cropped-Kiara-Adelino2-96x96.jpeg","0":null,"1":"","2":"","3":"","4":"","5":"","6":"","7":"","8":""}],"_links":{"self":[{"href":"https:\/\/www.grupomedcof.com.br\/blog\/wp-json\/wp\/v2\/posts\/32462","targetHints":{"allow":["GET"]}}],"collection":[{"href":"https:\/\/www.grupomedcof.com.br\/blog\/wp-json\/wp\/v2\/posts"}],"about":[{"href":"https:\/\/www.grupomedcof.com.br\/blog\/wp-json\/wp\/v2\/types\/post"}],"author":[{"embeddable":true,"href":"https:\/\/www.grupomedcof.com.br\/blog\/wp-json\/wp\/v2\/users\/21"}],"replies":[{"embeddable":true,"href":"https:\/\/www.grupomedcof.com.br\/blog\/wp-json\/wp\/v2\/comments?post=32462"}],"version-history":[{"count":0,"href":"https:\/\/www.grupomedcof.com.br\/blog\/wp-json\/wp\/v2\/posts\/32462\/revisions"}],"wp:featuredmedia":[{"embeddable":true,"href":"https:\/\/www.grupomedcof.com.br\/blog\/wp-json\/wp\/v2\/media\/32464"}],"wp:attachment":[{"href":"https:\/\/www.grupomedcof.com.br\/blog\/wp-json\/wp\/v2\/media?parent=32462"}],"wp:term":[{"taxonomy":"category","embeddable":true,"href":"https:\/\/www.grupomedcof.com.br\/blog\/wp-json\/wp\/v2\/categories?post=32462"},{"taxonomy":"post_tag","embeddable":true,"href":"https:\/\/www.grupomedcof.com.br\/blog\/wp-json\/wp\/v2\/tags?post=32462"},{"taxonomy":"author","embeddable":true,"href":"https:\/\/www.grupomedcof.com.br\/blog\/wp-json\/wp\/v2\/ppma_author?post=32462"}],"curies":[{"name":"wp","href":"https:\/\/api.w.org\/{rel}","templated":true}]}}