{"id":3257,"date":"2026-04-17T08:54:31","date_gmt":"2026-04-17T11:54:31","guid":{"rendered":"https:\/\/www.grupomedcof.com.br\/blog\/?p=3257"},"modified":"2026-04-17T08:54:33","modified_gmt":"2026-04-17T11:54:33","slug":"residencia-medica-psu-al","status":"publish","type":"post","link":"https:\/\/www.grupomedcof.com.br\/blog\/residencia-medica-psu-al\/","title":{"rendered":"Resid\u00eancia M\u00e9dica PSU-AL 2026: vagas, notas de corte, resultado final e mais!"},"content":{"rendered":"<div id=\"ez-toc-container\" class=\"ez-toc-v2_0_74 counter-hierarchy ez-toc-counter ez-toc-transparent ez-toc-container-direction\">\n<div class=\"ez-toc-title-container\">\n<p class=\"ez-toc-title\" style=\"cursor:inherit\">Sum\u00e1rio<\/p>\n<span class=\"ez-toc-title-toggle\"><a href=\"#\" class=\"ez-toc-pull-right ez-toc-btn ez-toc-btn-xs ez-toc-btn-default ez-toc-toggle\" aria-label=\"Alternar tabela de conte\u00fado\"><span class=\"ez-toc-js-icon-con\"><span class=\"\"><span class=\"eztoc-hide\" style=\"display:none;\">Toggle<\/span><span class=\"ez-toc-icon-toggle-span\"><svg style=\"fill: #999;color:#999\" xmlns=\"http:\/\/www.w3.org\/2000\/svg\" class=\"list-377408\" width=\"20px\" height=\"20px\" viewBox=\"0 0 24 24\" fill=\"none\"><path d=\"M6 6H4v2h2V6zm14 0H8v2h12V6zM4 11h2v2H4v-2zm16 0H8v2h12v-2zM4 16h2v2H4v-2zm16 0H8v2h12v-2z\" fill=\"currentColor\"><\/path><\/svg><svg style=\"fill: #999;color:#999\" class=\"arrow-unsorted-368013\" xmlns=\"http:\/\/www.w3.org\/2000\/svg\" width=\"10px\" height=\"10px\" viewBox=\"0 0 24 24\" version=\"1.2\" baseProfile=\"tiny\"><path d=\"M18.2 9.3l-6.2-6.3-6.2 6.3c-.2.2-.3.4-.3.7s.1.5.3.7c.2.2.4.3.7.3h11c.3 0 .5-.1.7-.3.2-.2.3-.5.3-.7s-.1-.5-.3-.7zM5.8 14.7l6.2 6.3 6.2-6.3c.2-.2.3-.5.3-.7s-.1-.5-.3-.7c-.2-.2-.4-.3-.7-.3h-11c-.3 0-.5.1-.7.3-.2.2-.3.5-.3.7s.1.5.3.7z\"\/><\/svg><\/span><\/span><\/span><\/a><\/span><\/div>\n<nav><ul class='ez-toc-list ez-toc-list-level-1 ' ><li class='ez-toc-page-1 ez-toc-heading-level-2'><a class=\"ez-toc-link ez-toc-heading-1\" href=\"https:\/\/www.grupomedcof.com.br\/blog\/residencia-medica-psu-al\/#Edital_PSU-AL\" >Edital PSU-AL<\/a><\/li><li class='ez-toc-page-1 ez-toc-heading-level-2'><a class=\"ez-toc-link ez-toc-heading-2\" href=\"https:\/\/www.grupomedcof.com.br\/blog\/residencia-medica-psu-al\/#Inscricoes\" >Inscri\u00e7\u00f5es<\/a><\/li><li class='ez-toc-page-1 ez-toc-heading-level-2'><a class=\"ez-toc-link ez-toc-heading-3\" href=\"https:\/\/www.grupomedcof.com.br\/blog\/residencia-medica-psu-al\/#Processo_Seletivo\" >Processo Seletivo<\/a><ul class='ez-toc-list-level-3' ><li class='ez-toc-heading-level-3'><a class=\"ez-toc-link ez-toc-heading-4\" href=\"https:\/\/www.grupomedcof.com.br\/blog\/residencia-medica-psu-al\/#Prova_Objetiva\" >Prova Objetiva<\/a><\/li><\/ul><\/li><li class='ez-toc-page-1 ez-toc-heading-level-2'><a class=\"ez-toc-link ez-toc-heading-5\" href=\"https:\/\/www.grupomedcof.com.br\/blog\/residencia-medica-psu-al\/#Instituicoes_participantes_PSU-AL_2026\" >Institui\u00e7\u00f5es participantes PSU-AL 2026<\/a><\/li><li class='ez-toc-page-1 ez-toc-heading-level-2'><a class=\"ez-toc-link ez-toc-heading-6\" href=\"https:\/\/www.grupomedcof.com.br\/blog\/residencia-medica-psu-al\/#Vagas_PSU-AL_20252026\" >Vagas PSU-AL 2025\/2026<\/a><\/li><li class='ez-toc-page-1 ez-toc-heading-level-2'><a class=\"ez-toc-link ez-toc-heading-7\" href=\"https:\/\/www.grupomedcof.com.br\/blog\/residencia-medica-psu-al\/#Vagas_por_instituicaoespecialidades\" >Vagas por institui\u00e7\u00e3o\/especialidades<\/a><ul class='ez-toc-list-level-3' ><li class='ez-toc-heading-level-3'><a class=\"ez-toc-link ez-toc-heading-8\" href=\"https:\/\/www.grupomedcof.com.br\/blog\/residencia-medica-psu-al\/#Anestesiologia\" >Anestesiologia<\/a><\/li><li class='ez-toc-page-1 ez-toc-heading-level-3'><a class=\"ez-toc-link ez-toc-heading-9\" href=\"https:\/\/www.grupomedcof.com.br\/blog\/residencia-medica-psu-al\/#Cirurgia_Geral\" >Cirurgia Geral<\/a><\/li><li class='ez-toc-page-1 ez-toc-heading-level-3'><a class=\"ez-toc-link ez-toc-heading-10\" href=\"https:\/\/www.grupomedcof.com.br\/blog\/residencia-medica-psu-al\/#Clinica_Medica\" >Cl\u00ednica M\u00e9dica<\/a><\/li><li class='ez-toc-page-1 ez-toc-heading-level-3'><a class=\"ez-toc-link ez-toc-heading-11\" href=\"https:\/\/www.grupomedcof.com.br\/blog\/residencia-medica-psu-al\/#Ginecologia_e_Obstetricia\" >Ginecologia e Obstetr\u00edcia<\/a><\/li><li class='ez-toc-page-1 ez-toc-heading-level-3'><a class=\"ez-toc-link ez-toc-heading-12\" href=\"https:\/\/www.grupomedcof.com.br\/blog\/residencia-medica-psu-al\/#Homeopatia\" >Homeopatia<\/a><\/li><li class='ez-toc-page-1 ez-toc-heading-level-3'><a class=\"ez-toc-link ez-toc-heading-13\" href=\"https:\/\/www.grupomedcof.com.br\/blog\/residencia-medica-psu-al\/#Medicina_de_Familia_e_Comunidade\" >Medicina de Fam\u00edlia e Comunidade<\/a><\/li><li class='ez-toc-page-1 ez-toc-heading-level-3'><a class=\"ez-toc-link ez-toc-heading-14\" href=\"https:\/\/www.grupomedcof.com.br\/blog\/residencia-medica-psu-al\/#Medicina_do_Trabalho\" >Medicina do Trabalho<\/a><\/li><li class='ez-toc-page-1 ez-toc-heading-level-3'><a class=\"ez-toc-link ez-toc-heading-15\" href=\"https:\/\/www.grupomedcof.com.br\/blog\/residencia-medica-psu-al\/#Ortopedia_e_Traumatologia\" >Ortopedia e Traumatologia<\/a><\/li><li class='ez-toc-page-1 ez-toc-heading-level-3'><a class=\"ez-toc-link ez-toc-heading-16\" href=\"https:\/\/www.grupomedcof.com.br\/blog\/residencia-medica-psu-al\/#Pediatria\" >Pediatria<\/a><\/li><\/ul><\/li><li class='ez-toc-page-1 ez-toc-heading-level-2'><a class=\"ez-toc-link ez-toc-heading-17\" href=\"https:\/\/www.grupomedcof.com.br\/blog\/residencia-medica-psu-al\/#Cronograma_PSU-AL_20252026\" >Cronograma PSU-AL 2025\/2026<\/a><\/li><li class='ez-toc-page-1 ez-toc-heading-level-2'><a class=\"ez-toc-link ez-toc-heading-18\" href=\"https:\/\/www.grupomedcof.com.br\/blog\/residencia-medica-psu-al\/#Gabarito_Preliminar_PSU-AL\" >Gabarito Preliminar PSU-AL<\/a><\/li><li class='ez-toc-page-1 ez-toc-heading-level-2'><a class=\"ez-toc-link ez-toc-heading-19\" href=\"https:\/\/www.grupomedcof.com.br\/blog\/residencia-medica-psu-al\/#Correcao_da_prova_PSU-AL\" >Corre\u00e7\u00e3o da prova PSU-AL<\/a><\/li><li class='ez-toc-page-1 ez-toc-heading-level-2'><a class=\"ez-toc-link ez-toc-heading-20\" href=\"https:\/\/www.grupomedcof.com.br\/blog\/residencia-medica-psu-al\/#Concorrencia_PSU-AL_2026\" >Concorr\u00eancia PSU-AL 2026<\/a><\/li><li class='ez-toc-page-1 ez-toc-heading-level-2'><a class=\"ez-toc-link ez-toc-heading-21\" href=\"https:\/\/www.grupomedcof.com.br\/blog\/residencia-medica-psu-al\/#Resultado_Residencia_Medica_PSU-AL_20252026\" >Resultado Resid\u00eancia M\u00e9dica PSU-AL 2025\/2026<\/a><\/li><li class='ez-toc-page-1 ez-toc-heading-level-2'><a class=\"ez-toc-link ez-toc-heading-22\" href=\"https:\/\/www.grupomedcof.com.br\/blog\/residencia-medica-psu-al\/#Nota_de_corte_PSU-AL_2026\" >Nota de corte PSU-AL 2026<\/a><\/li><li class='ez-toc-page-1 ez-toc-heading-level-2'><a class=\"ez-toc-link ez-toc-heading-23\" href=\"https:\/\/www.grupomedcof.com.br\/blog\/residencia-medica-psu-al\/#Como_conquistar_a_aprovacao_na_residencia\" >Como conquistar a aprova\u00e7\u00e3o na resid\u00eancia?<\/a><\/li><\/ul><\/nav><\/div>\n\n<figure class=\"wp-block-image size-large\"><img loading=\"lazy\" decoding=\"async\" width=\"1024\" height=\"576\" src=\"https:\/\/www.grupomedcof.com.br\/blog\/wp-content\/uploads\/2022\/10\/Modelo-instituicoes-2025-02-27T152417.408-1024x576.jpg\" alt=\"\" class=\"wp-image-34101\" srcset=\"https:\/\/www.grupomedcof.com.br\/blog\/wp-content\/uploads\/2022\/10\/Modelo-instituicoes-2025-02-27T152417.408-1024x576.jpg 1024w, https:\/\/www.grupomedcof.com.br\/blog\/wp-content\/uploads\/2022\/10\/Modelo-instituicoes-2025-02-27T152417.408-300x169.jpg 300w, https:\/\/www.grupomedcof.com.br\/blog\/wp-content\/uploads\/2022\/10\/Modelo-instituicoes-2025-02-27T152417.408-768x432.jpg 768w, https:\/\/www.grupomedcof.com.br\/blog\/wp-content\/uploads\/2022\/10\/Modelo-instituicoes-2025-02-27T152417.408-1536x864.jpg 1536w, https:\/\/www.grupomedcof.com.br\/blog\/wp-content\/uploads\/2022\/10\/Modelo-instituicoes-2025-02-27T152417.408-747x420.jpg 747w, https:\/\/www.grupomedcof.com.br\/blog\/wp-content\/uploads\/2022\/10\/Modelo-instituicoes-2025-02-27T152417.408-150x84.jpg 150w, https:\/\/www.grupomedcof.com.br\/blog\/wp-content\/uploads\/2022\/10\/Modelo-instituicoes-2025-02-27T152417.408-696x392.jpg 696w, https:\/\/www.grupomedcof.com.br\/blog\/wp-content\/uploads\/2022\/10\/Modelo-instituicoes-2025-02-27T152417.408-1068x601.jpg 1068w, https:\/\/www.grupomedcof.com.br\/blog\/wp-content\/uploads\/2022\/10\/Modelo-instituicoes-2025-02-27T152417.408.jpg 1920w\" sizes=\"auto, (max-width: 1024px) 100vw, 1024px\" \/><\/figure>\n\n\n\n<p>Relembre como foi a sele\u00e7\u00e3o de resid\u00eancia m\u00e9dica do&nbsp;<strong>Processo Seletivo Unificado de Alagoas<\/strong> (PSU-AL), e se prepare para a pr\u00f3xima prova!<\/p>\n\n\n\n<h2 class=\"wp-block-heading\" id=\"h-edital-psu-al\"><span class=\"ez-toc-section\" id=\"Edital_PSU-AL\"><\/span><strong>Edital PSU-AL<\/strong><span class=\"ez-toc-section-end\"><\/span><\/h2>\n\n\n\n<p>A divulga\u00e7\u00e3o do <strong><a href=\"https:\/\/www.grupomedcof.com.br\/blog\/edital-residencia-medica-psu-al\/\" target=\"_blank\" rel=\"noreferrer noopener\">edital<\/a><\/strong> do PSU-AL ocorreu em dezembro de 2025, atrav\u00e9s do site da sele\u00e7\u00e3o.<\/p>\n\n\n\n<p>Assim, no edital, os candidatos receberam informa\u00e7\u00f5es sobre datas, inscri\u00e7\u00f5es, processo seletivo, vagas ofertadas, taxa de inscri\u00e7\u00e3o e matr\u00edculas.<\/p>\n\n\n\n<h2 class=\"wp-block-heading\" id=\"h-inscricoes\"><span class=\"ez-toc-section\" id=\"Inscricoes\"><\/span><strong>Inscri\u00e7\u00f5es<\/strong><span class=\"ez-toc-section-end\"><\/span><\/h2>\n\n\n\n<p>Os candidatos tiveram o per\u00edodo de&nbsp;<strong><strong>12 de dezembro de 2025 e 20 de janeiro de 2026<\/strong><\/strong>&nbsp;para se inscrever, mediante o pagamento da taxa de inscri\u00e7\u00e3o no valor de&nbsp;<strong>R$650,00.<\/strong><\/p>\n\n\n\n<h2 class=\"wp-block-heading\" id=\"h-processo-seletivo\"><span class=\"ez-toc-section\" id=\"Processo_Seletivo\"><\/span><strong>Processo Seletivo<\/strong><span class=\"ez-toc-section-end\"><\/span><\/h2>\n\n\n\n<p>A sele\u00e7\u00e3o do PSU-AL \u00e9 realizada por meio de uma fase \u00fanica. <\/p>\n\n\n\n<h3 class=\"wp-block-heading\" id=\"h-prova-objetiva\"><span class=\"ez-toc-section\" id=\"Prova_Objetiva\"><\/span><strong>Prova Objetiva<\/strong><span class=\"ez-toc-section-end\"><\/span><\/h3>\n\n\n\n<p>A prova objetiva, fase \u00fanica do processo, ocorrereu no dia\u00a0<strong>25 de janeiro de 2026<\/strong>, na cidade de Macei\u00f3, em Alagoas, \u00e0s 14h.<\/p>\n\n\n\n<p>Para os candidatos aos programas de\u00a0<strong>especialidades de Acesso Direto<\/strong>, a prova \u00e9 de car\u00e1ter classificat\u00f3ria e eliminat\u00f3ria, composta por\u00a0<strong>20 Situa\u00e7\u00f5es-Problema,<\/strong>\u00a0cada uma com tr\u00eas quest\u00f5es objetivas de m\u00faltipla escolha, abordando os temas das cinco grandes \u00e1reas.<\/p>\n\n\n\n<p>J\u00e1 para os candidatos aos programas de\u00a0<strong>especialidades com exig\u00eancia de Pr\u00e9-Requisito ou \u00c1reas de Atua\u00e7\u00e3o ou Anos Adicionais,<\/strong>\u00a0a prova \u00e9 composta por\u00a0<strong>6 Situa\u00e7\u00f5es-Problema<\/strong>, cada uma com tr\u00eas quest\u00f5es objetivas de m\u00faltipla escolha.<\/p>\n\n\n\n<h2 class=\"wp-block-heading\" id=\"h-instituicoes-participantes-psu-al-2026\"><span class=\"ez-toc-section\" id=\"Instituicoes_participantes_PSU-AL_2026\"><\/span><strong>Institui\u00e7\u00f5es participantes PSU-AL 2026<\/strong><span class=\"ez-toc-section-end\"><\/span><\/h2>\n\n\n\n<p>Ao todo, o PSU-AL 2026 conta com a participa\u00e7\u00e3o de oito institui\u00e7\u00f5es. S\u00e3o elas:<\/p>\n\n\n\n<ul class=\"wp-block-list\">\n<li>ASSOCIA\u00c7\u00c3O BENEFICENTE DE PALMEIRA DOS \u00cdNDIOS;<\/li>\n\n\n\n<li>FUNDA\u00c7\u00c3O EDUCACIONAL JAYME DE ALTAVILA;<\/li>\n\n\n\n<li>HOSPITAL CHAMA;<\/li>\n\n\n\n<li>HOSPITAL DA CIDADE;<\/li>\n\n\n\n<li>HOSPITAL GERAL DO ESTADO PROFESSOR OSVALDO BRAND\u00c3O VILELA;<\/li>\n\n\n\n<li>HOSPITAL VIDA;<\/li>\n\n\n\n<li>SANTA CASA DE MISERIC\u00d3RDIA DE S\u00c3O MIGUEL DOS CAMPOS;<\/li>\n\n\n\n<li>SOCIEDADE BENEFICENTE NOSSA SENHORA DO BOM CONSELHO.<\/li>\n<\/ul>\n\n\n\n<h2 class=\"wp-block-heading\" id=\"h-vagas-psu-al-2025-2026\"><span class=\"ez-toc-section\" id=\"Vagas_PSU-AL_20252026\"><\/span><strong>Vagas PSU-AL 2025\/2026<\/strong><span class=\"ez-toc-section-end\"><\/span><\/h2>\n\n\n\n<figure class=\"wp-block-table\"><table class=\"has-fixed-layout\"><thead><tr><th class=\"has-text-align-left\" data-align=\"left\">Especialidades<\/th><th class=\"has-text-align-left\" data-align=\"left\">Vagas<\/th><\/tr><\/thead><tbody><tr><td>Anestesiologia<\/td><td>3<\/td><\/tr><tr><td>Cardiologia<\/td><td>4<\/td><\/tr><tr><td>Cirurgia Geral<\/td><td>2<\/td><\/tr><tr><td>Cl\u00ednica M\u00e9dica<\/td><td>17<\/td><\/tr><tr><td>Ginecologia e Obstetr\u00edcia<\/td><td>4<\/td><\/tr><tr><td>Homeopatia<\/td><td>2<\/td><\/tr><tr><td>Medicina de Fam\u00edlia e Comunidade<\/td><td>20<\/td><\/tr><tr><td>Medicina do Trabalho<\/td><td>2<\/td><\/tr><tr><td>Ortopedia e Traumatologia<\/td><td>2<\/td><\/tr><tr><td>Pediatria<\/td><td>2<\/td><\/tr><tr><td>Ultrassonografia Geral<\/td><td>3<\/td><\/tr><\/tbody><\/table><\/figure>\n\n\n\n<figure class=\"wp-block-image size-large\"><a href=\"https:\/\/www.grupomedcof.com.br\/cofletters\/\" target=\"_blank\" rel=\" noreferrer noopener\"><img loading=\"lazy\" decoding=\"async\" width=\"1024\" height=\"320\" src=\"https:\/\/www.grupomedcof.com.br\/blog\/wp-content\/uploads\/2025\/02\/Banner-MedCof-Plus-2200x460-11-1024x320.png\" alt=\"\" class=\"wp-image-33723\" srcset=\"https:\/\/www.grupomedcof.com.br\/blog\/wp-content\/uploads\/2025\/02\/Banner-MedCof-Plus-2200x460-11-1024x320.png 1024w, https:\/\/www.grupomedcof.com.br\/blog\/wp-content\/uploads\/2025\/02\/Banner-MedCof-Plus-2200x460-11-300x94.png 300w, https:\/\/www.grupomedcof.com.br\/blog\/wp-content\/uploads\/2025\/02\/Banner-MedCof-Plus-2200x460-11-768x240.png 768w, https:\/\/www.grupomedcof.com.br\/blog\/wp-content\/uploads\/2025\/02\/Banner-MedCof-Plus-2200x460-11-1536x480.png 1536w, https:\/\/www.grupomedcof.com.br\/blog\/wp-content\/uploads\/2025\/02\/Banner-MedCof-Plus-2200x460-11-2048x640.png 2048w, https:\/\/www.grupomedcof.com.br\/blog\/wp-content\/uploads\/2025\/02\/Banner-MedCof-Plus-2200x460-11-1343x420.png 1343w, https:\/\/www.grupomedcof.com.br\/blog\/wp-content\/uploads\/2025\/02\/Banner-MedCof-Plus-2200x460-11-150x47.png 150w, https:\/\/www.grupomedcof.com.br\/blog\/wp-content\/uploads\/2025\/02\/Banner-MedCof-Plus-2200x460-11-696x218.png 696w, https:\/\/www.grupomedcof.com.br\/blog\/wp-content\/uploads\/2025\/02\/Banner-MedCof-Plus-2200x460-11-1068x334.png 1068w, https:\/\/www.grupomedcof.com.br\/blog\/wp-content\/uploads\/2025\/02\/Banner-MedCof-Plus-2200x460-11-1920x600.png 1920w\" sizes=\"auto, (max-width: 1024px) 100vw, 1024px\" \/><\/a><\/figure>\n\n\n\n<h2 class=\"wp-block-heading\" id=\"h-vagas-por-instituicao-especialidades\"><span class=\"ez-toc-section\" id=\"Vagas_por_instituicaoespecialidades\"><\/span><strong>Vagas por institui\u00e7\u00e3o\/especialidades<\/strong><span class=\"ez-toc-section-end\"><\/span><\/h2>\n\n\n\n<h3 class=\"wp-block-heading\" id=\"h-anestesiologia\"><span class=\"ez-toc-section\" id=\"Anestesiologia\"><\/span><strong>Anestesiologia<\/strong><span class=\"ez-toc-section-end\"><\/span><\/h3>\n\n\n\n<figure class=\"wp-block-table\"><table class=\"has-fixed-layout\"><tbody><tr><td><strong>Institui\u00e7\u00e3o<\/strong><\/td><td><strong>Vagas<\/strong><\/td><\/tr><tr><td>HOSPITAL GERAL DO ESTADO PROFESSOR OSVALDO BRAND\u00c3O VILELA<\/td><td>3<\/td><\/tr><\/tbody><\/table><\/figure>\n\n\n\n<h3 class=\"wp-block-heading\" id=\"h-cirurgia-geral\"><span class=\"ez-toc-section\" id=\"Cirurgia_Geral\"><\/span><strong>Cirurgia Geral<\/strong><span class=\"ez-toc-section-end\"><\/span><\/h3>\n\n\n\n<figure class=\"wp-block-table\"><table class=\"has-fixed-layout\"><tbody><tr><td><strong>Institui\u00e7\u00e3o<\/strong><\/td><td><strong>Vagas<\/strong><\/td><\/tr><tr><td>SOCIEDADE BENEFICENTE NOSSA SENHORA DO BOM CONSELHO<\/td><td>2<\/td><\/tr><\/tbody><\/table><\/figure>\n\n\n\n<h3 class=\"wp-block-heading\" id=\"h-clinica-medica\"><span class=\"ez-toc-section\" id=\"Clinica_Medica\"><\/span><strong>Cl\u00ednica M\u00e9dica<\/strong><span class=\"ez-toc-section-end\"><\/span><\/h3>\n\n\n\n<figure class=\"wp-block-table\"><table class=\"has-fixed-layout\"><tbody><tr><td><strong>Institui\u00e7\u00e3o<\/strong><\/td><td><strong>Vagas<\/strong><\/td><\/tr><tr><td>ASSOCIA\u00c7\u00c3O BENEFICENTE DE PALMEIRA DOS \u00cdNDIOS<\/td><td>2<\/td><\/tr><tr><td>HOSPITAL CHAMA<\/td><td>4<\/td><\/tr><tr><td>HOSPITAL DA CIDADE<\/td><td>4<\/td><\/tr><tr><td>HOSPITAL VIDA<\/td><td>2<\/td><\/tr><tr><td>SANTA CASA DE MISERIC\u00d3RDIA DE S\u00c3O MIGUEL DOS CAMPOS<\/td><td>2<\/td><\/tr><tr><td>OCIEDADE BENEFICENTE NOSSA SENHORA DO BOM CONSELHO<\/td><td>3<\/td><\/tr><\/tbody><\/table><\/figure>\n\n\n\n<h3 class=\"wp-block-heading\" id=\"h-ginecologia-e-obstetricia\"><span class=\"ez-toc-section\" id=\"Ginecologia_e_Obstetricia\"><\/span><strong>Ginecologia e Obstetr\u00edcia<\/strong><span class=\"ez-toc-section-end\"><\/span><\/h3>\n\n\n\n<figure class=\"wp-block-table\"><table class=\"has-fixed-layout\"><tbody><tr><td><strong>Institui\u00e7\u00e3o<\/strong><\/td><td><strong>Vagas<\/strong><\/td><\/tr><tr><td>SANTA CASA DE MISERIC\u00d3RDIA DE S\u00c3O MIGUEL DOS CAMPOS<\/td><td>2<\/td><\/tr><tr><td>SOCIEDADE BENEFICENTE NOSSA SENHORA DO BOM CONSELHO<\/td><td>2<\/td><\/tr><\/tbody><\/table><\/figure>\n\n\n\n<h3 class=\"wp-block-heading\" id=\"h-homeopatia\"><span class=\"ez-toc-section\" id=\"Homeopatia\"><\/span><strong>Homeopatia<\/strong><span class=\"ez-toc-section-end\"><\/span><\/h3>\n\n\n\n<figure class=\"wp-block-table\"><table class=\"has-fixed-layout\"><tbody><tr><td><strong>Institui\u00e7\u00e3o<\/strong><\/td><td><strong>Vagas<\/strong><\/td><\/tr><tr><td>FUNDA\u00c7\u00c3O EDUCACIONAL JAYME DE ALTAVILA<\/td><td>2<\/td><\/tr><\/tbody><\/table><\/figure>\n\n\n\n<h3 class=\"wp-block-heading\" id=\"h-medicina-de-familia-e-comunidade\"><span class=\"ez-toc-section\" id=\"Medicina_de_Familia_e_Comunidade\"><\/span><strong>Medicina de Fam\u00edlia e Comunidade<\/strong><span class=\"ez-toc-section-end\"><\/span><\/h3>\n\n\n\n<figure class=\"wp-block-table\"><table class=\"has-fixed-layout\"><tbody><tr><td><strong>Institui\u00e7\u00e3o<\/strong><\/td><td><strong>Vagas<\/strong><\/td><\/tr><tr><td>FUNDA\u00c7\u00c3O EDUCACIONAL JAYME DE ALTAVILA<\/td><td>20<\/td><\/tr><\/tbody><\/table><\/figure>\n\n\n\n<h3 class=\"wp-block-heading\" id=\"h-medicina-do-trabalho\"><span class=\"ez-toc-section\" id=\"Medicina_do_Trabalho\"><\/span><strong>Medicina do Trabalho<\/strong><span class=\"ez-toc-section-end\"><\/span><\/h3>\n\n\n\n<figure class=\"wp-block-table\"><table class=\"has-fixed-layout\"><tbody><tr><td><strong>Institui\u00e7\u00e3o<\/strong><\/td><td><strong>Vagas<\/strong><\/td><\/tr><tr><td>FUNDA\u00c7\u00c3O EDUCACIONAL JAYME DE ALTAVILA<\/td><td>2<\/td><\/tr><\/tbody><\/table><\/figure>\n\n\n\n<h3 class=\"wp-block-heading\" id=\"h-ortopedia-e-traumatologia\"><span class=\"ez-toc-section\" id=\"Ortopedia_e_Traumatologia\"><\/span><strong>Ortopedia e Traumatologia<\/strong><span class=\"ez-toc-section-end\"><\/span><\/h3>\n\n\n\n<figure class=\"wp-block-table\"><table class=\"has-fixed-layout\"><tbody><tr><td><strong>Institui\u00e7\u00e3o<\/strong><\/td><td><strong>Vagas<\/strong><\/td><\/tr><tr><td>HOSPITAL CHAMA<\/td><td>2<\/td><\/tr><\/tbody><\/table><\/figure>\n\n\n\n<h3 class=\"wp-block-heading\" id=\"h-pediatria\"><span class=\"ez-toc-section\" id=\"Pediatria\"><\/span><strong>Pediatria<\/strong><span class=\"ez-toc-section-end\"><\/span><\/h3>\n\n\n\n<figure class=\"wp-block-table\"><table class=\"has-fixed-layout\"><tbody><tr><td><strong>Institui\u00e7\u00e3o<\/strong><\/td><td><strong>Vagas<\/strong><\/td><\/tr><tr><td>ASSOCIA\u00c7\u00c3O BENEFICENTE DE PALMEIRA DOS \u00cdNDIOS<\/td><td>2<\/td><\/tr><\/tbody><\/table><\/figure>\n\n\n\n<h2 class=\"wp-block-heading\" id=\"h-cronograma-psu-al-2025-2026\"><span class=\"ez-toc-section\" id=\"Cronograma_PSU-AL_20252026\"><\/span><strong>Cronograma PSU-AL 2025\/2026<\/strong><span class=\"ez-toc-section-end\"><\/span><\/h2>\n\n\n\n<figure class=\"wp-block-table\"><table class=\"has-fixed-layout\"><tbody><tr><td><strong>Inscri\u00e7\u00f5es &#8211; retificado<\/strong><\/td><td>12\/12\/2025 a 20\/01\/2026<\/td><\/tr><tr><td><strong>Divulga\u00e7\u00e3o do edital completo<\/strong><\/td><td>12\/12\/2025<\/td><\/tr><tr><td><strong>Aplica\u00e7\u00e3o da prova objetiva<\/strong><\/td><td>25\/01\/2026<\/td><\/tr><tr><td><strong>Gabarito preliminar<\/strong><\/td><td>27\/01\/2026<\/td><\/tr><tr><td><strong>Recursos<\/strong><\/td><td>27 e 28\/01\/2026<\/td><\/tr><tr><td><strong>Confirma\u00e7\u00e3o de interesse<\/strong><\/td><td>1\u00b0 per\u00edodo: 04 e 05\/02\/2026<\/td><\/tr><\/tbody><\/table><\/figure>\n\n\n\n<h2 class=\"wp-block-heading\" id=\"h-gabarito-preliminar-psu-al\"><span class=\"ez-toc-section\" id=\"Gabarito_Preliminar_PSU-AL\"><\/span><strong>Gabarito Preliminar PSU-AL   <\/strong><span class=\"ez-toc-section-end\"><\/span><\/h2>\n\n\n\n<p>A <strong>Associa\u00e7\u00e3o Alagoana de Apoio \u00e0 Educa\u00e7\u00e3o M\u00e9dica (ALAEM) <\/strong>divulgou, nesta ter\u00e7a-feira (27), as provas e o gabarito preliminar do PSU-AL. Confira abaixo:<\/p>\n\n\n\n<div data-wp-interactive=\"core\/file\" class=\"wp-block-file\"><object data-wp-bind--hidden=\"!state.hasPdfPreview\" hidden class=\"wp-block-file__embed\" data=\"https:\/\/www.grupomedcof.com.br\/blog\/wp-content\/uploads\/2026\/01\/gabaritopsual-MEDCOF.pdf\" type=\"application\/pdf\" style=\"width:100%;height:600px\" aria-label=\"Incorporado de gabaritopsual-MEDCOF.\"><\/object><a id=\"wp-block-file--media-1fbb43c8-87c4-4b36-930c-f8260f312d93\" href=\"https:\/\/www.grupomedcof.com.br\/blog\/wp-content\/uploads\/2026\/01\/gabaritopsual-MEDCOF.pdf\">gabaritopsual-MEDCOF<\/a><a href=\"https:\/\/www.grupomedcof.com.br\/blog\/wp-content\/uploads\/2026\/01\/gabaritopsual-MEDCOF.pdf\" class=\"wp-block-file__button wp-element-button\" download aria-describedby=\"wp-block-file--media-1fbb43c8-87c4-4b36-930c-f8260f312d93\">Baixar<\/a><\/div>\n\n\n\n<p>O prazo para entrar com recurso contra o gabarito e os padr\u00f5es de resposta foi de 27 de janeiro at\u00e9 as 12h do dia 28 de janeiro de 2026. <\/p>\n\n\n\n<h2 class=\"wp-block-heading\" id=\"h-correcao-da-prova-psu-al\"><span class=\"ez-toc-section\" id=\"Correcao_da_prova_PSU-AL\"><\/span><strong>Corre\u00e7\u00e3o da prova PSU-AL<\/strong><span class=\"ez-toc-section-end\"><\/span><\/h2>\n\n\n\n<p>E como sempre, o&nbsp;<strong><a href=\"https:\/\/www.grupomedcof.com.br\/home\/\">Grupo MedCof<\/a><\/strong>&nbsp;estar\u00e1 ao seu lado: logo ap\u00f3s a prova, nossa equipe realizou lives de corre\u00e7\u00e3o comentadas, com resolu\u00e7\u00f5es detalhadas, an\u00e1lise estrat\u00e9gica e os principais pontos de aten\u00e7\u00e3o. Confira!<\/p>\n\n\n\n<figure class=\"wp-block-embed is-type-video is-provider-youtube wp-block-embed-youtube wp-embed-aspect-16-9 wp-has-aspect-ratio\"><div class=\"wp-block-embed__wrapper\">\n<div class=\"youtube-embed\" data-video_id=\"W3VSRq9cU5A\"><iframe loading=\"lazy\" title=\"GABARITO PSU-AL R1 Acesso Direto | Resid\u00eancia M\u00e9dica 2026 \u2013 Corre\u00e7\u00e3o da Prova PSU-AL Acesso Direto\" width=\"696\" height=\"392\" src=\"https:\/\/www.youtube.com\/embed\/W3VSRq9cU5A?feature=oembed&#038;enablejsapi=1\" frameborder=\"0\" allow=\"accelerometer; autoplay; clipboard-write; encrypted-media; gyroscope; picture-in-picture; web-share\" referrerpolicy=\"strict-origin-when-cross-origin\" allowfullscreen><\/iframe><\/div>\n<\/div><\/figure>\n\n\n\n<h2 class=\"wp-block-heading\" id=\"h-concorrencia-psu-al-2026\"><span class=\"ez-toc-section\" id=\"Concorrencia_PSU-AL_2026\"><\/span><strong>Concorr\u00eancia PSU-AL 2026<\/strong><span class=\"ez-toc-section-end\"><\/span><\/h2>\n\n\n\n<p>Com <strong>64 vagas ofertadas e 661 candidatos inscritos,<\/strong> o processo seletivo de resid\u00eancia m\u00e9dica do PSU-AL 2025\/2026 conta com uma rela\u00e7\u00e3o geral de <strong>10,2 candidatos por vaga. <\/strong>Confira a seguir a tabela com a concorr\u00eancia por especialidade:<\/p>\n\n\n\n<figure class=\"wp-block-table\"><table class=\"has-fixed-layout\"><thead><tr><th>Especialidades<\/th><th>Vagas<\/th><th>Inscritos<\/th><th>Concorr\u00eancia (candidato\/vaga)<\/th><\/tr><\/thead><tbody><tr><td>Anestesiologia<\/td><td>3<\/td><td>119<\/td><td>39,67<\/td><\/tr><tr><td>Cardiologia<\/td><td>4<\/td><td>9<\/td><td>2,25<\/td><\/tr><tr><td>Cirurgia Geral<\/td><td>2<\/td><td>62<\/td><td>31,00<\/td><\/tr><tr><td>Cl\u00ednica M\u00e9dica<\/td><td>19<\/td><td>149<\/td><td>7,84<\/td><\/tr><tr><td>Ginecologia e Obstetr\u00edcia<\/td><td>4<\/td><td>64<\/td><td>16,00<\/td><\/tr><tr><td>Homeopatia<\/td><td>2<\/td><td>4<\/td><td>2,00<\/td><\/tr><tr><td>Medicina de Fam\u00edlia e Comunidade<\/td><td>20<\/td><td>157<\/td><td>7,85<\/td><\/tr><tr><td>Medicina do Trabalho<\/td><td>2<\/td><td>21<\/td><td>10,50<\/td><\/tr><tr><td>Ortopedia e Traumatologia<\/td><td>2<\/td><td>40<\/td><td>20,00<\/td><\/tr><tr><td>Pediatria<\/td><td>3<\/td><td>26<\/td><td>8,67<\/td><\/tr><tr><td>Ultrassonografia Geral<\/td><td>3<\/td><td>10<\/td><td>3,33<\/td><\/tr><\/tbody><\/table><\/figure>\n\n\n\n<div class=\"wp-block-buttons is-layout-flex wp-block-buttons-is-layout-flex\">\n<div class=\"wp-block-button\"><a class=\"wp-block-button__link wp-element-button\" href=\"https:\/\/strixeducacao.com.br\/wp-content\/uploads\/2026\/01\/ALAEM_2026_ANEXO-V_Cronograma_20260119-1.pdf\" target=\"_blank\" rel=\"noreferrer noopener\">Cronograma completo<\/a><\/div>\n<\/div>\n\n\n\n<h2 class=\"wp-block-heading\" id=\"h-resultado-residencia-medica-psu-al-2025-2026\"><span class=\"ez-toc-section\" id=\"Resultado_Residencia_Medica_PSU-AL_20252026\"><\/span><strong>Resultado Resid\u00eancia M\u00e9dica PSU-AL 2025\/2026<\/strong><span class=\"ez-toc-section-end\"><\/span><\/h2>\n\n\n\n<p>Finalmente,<strong>&nbsp;<\/strong>o&nbsp;<strong>Resultado final<\/strong>&nbsp;do&nbsp;<strong>Processo Seletivo Unificado de Alagoas 2026<\/strong>&nbsp;foi liberado no dia 13 de fevereiro de 2026.<\/p>\n\n\n\n<div class=\"wp-block-buttons is-layout-flex wp-block-buttons-is-layout-flex\">\n<div class=\"wp-block-button\"><a class=\"wp-block-button__link wp-element-button\" href=\"https:\/\/www.grupomedcof.com.br\/blog\/wp-content\/uploads\/2024\/08\/Resultado-Final-PSU-AL-AD-2026.pdf\" target=\"_blank\" rel=\"noreferrer noopener\">Resultado Final Acesso Direto<\/a><\/div>\n\n\n\n<div class=\"wp-block-button td_btn_large\"><a class=\"wp-block-button__link wp-element-button\" href=\"https:\/\/www.grupomedcof.com.br\/blog\/wp-content\/uploads\/2024\/08\/Resultado-Final-PSU-AL-PR-2026.pdf\" target=\"_blank\" rel=\"noreferrer noopener\">Resultado Final Pr\u00e9-Requisito<\/a><\/div>\n<\/div>\n\n\n\n<p>A&nbsp;<strong>nota final<\/strong> foi definida pela&nbsp;<strong>pontua\u00e7\u00e3o obtida na prova objetiva<\/strong>&nbsp;+ bonifica\u00e7\u00e3o. Foram eliminados os candidatos que n\u00e3o obtiveram nota igual ou superior a 50% da Nota M\u00e1xima Poss\u00edvel na prova. Em casos de&nbsp;<strong>empate<\/strong>, o crit\u00e9rio considerado foi a idade dos candidatos, dando&nbsp;<strong>prefer\u00eancia para os mais velhos<\/strong>.<\/p>\n\n\n\n<div class=\"wp-block-buttons is-layout-flex wp-block-buttons-is-layout-flex\">\n<div class=\"wp-block-button\"><a class=\"wp-block-button__link wp-element-button\" href=\"https:\/\/www.grupomedcof.com.br\/blog\/wp-content\/uploads\/2026\/02\/Matricula-Acesso-Direto-AC-PSU-AL.pdf\" target=\"_blank\" rel=\"noreferrer noopener\">Convocados para matr\u00edcula &#8211; Acesso Direto &#8211; Ampla concorr\u00eancia<\/a><\/div>\n\n\n\n<div class=\"wp-block-button\"><a class=\"wp-block-button__link wp-element-button\" href=\"https:\/\/www.grupomedcof.com.br\/blog\/wp-content\/uploads\/2026\/02\/Matricula-Acesso-Direto-Pessoas-Negras-PSU-AL.pdf\" target=\"_blank\" rel=\"noreferrer noopener\">Convocados para matr\u00edcula &#8211; Acesso Direto &#8211; Pessoas Negras<\/a><\/div>\n\n\n\n<div class=\"wp-block-button\"><a class=\"wp-block-button__link wp-element-button\" href=\"https:\/\/www.grupomedcof.com.br\/blog\/wp-content\/uploads\/2026\/02\/Matricula-PR-AC-PSU-AL.pdf\" target=\"_blank\" rel=\"noreferrer noopener\">Convocados para matr\u00edcula &#8211; Pr\u00e9-Requisito &#8211; Ampla concorr\u00eancia<\/a><\/div>\n\n\n\n<div class=\"wp-block-button\"><a class=\"wp-block-button__link wp-element-button\" href=\"https:\/\/www.grupomedcof.com.br\/blog\/wp-content\/uploads\/2026\/02\/Matricula-PR-Pessoas-Negras-PSU-AL.pdf\" target=\"_blank\" rel=\"noreferrer noopener\">Convocados para matr\u00edcula &#8211; Pr\u00e9-Requisito &#8211; Pessoas Negras<\/a><\/div>\n<\/div>\n\n\n\n<h2 class=\"wp-block-heading\" id=\"h-nota-de-corte-psu-al-2026\"><span class=\"ez-toc-section\" id=\"Nota_de_corte_PSU-AL_2026\"><\/span><strong>Nota de corte PSU-AL 2026<\/strong><span class=\"ez-toc-section-end\"><\/span><\/h2>\n\n\n\n<figure class=\"wp-block-table\"><table><tbody><tr><td><strong>Especialidades<\/strong><\/td><td><strong>Notas de corte 2024\/2025<\/strong><\/td><td><strong>Notas de corte 2025\/2026<\/strong><\/td><\/tr><tr><td>Anestesiologia<\/td><td>16<\/td><td>18,20<\/td><\/tr><tr><td>Cirurgia Geral<\/td><td>15,1<\/td><td>16,90<\/td><\/tr><tr><td>Cl\u00ednica M\u00e9dica<\/td><td>15,4<\/td><td>13,80<\/td><\/tr><tr><td>Ginecologia e Obstetr\u00edcia<\/td><td>14,1<\/td><td>13,50<\/td><\/tr><tr><td>Homeopatia<\/td><td>13,8<\/td><td>10,7<\/td><\/tr><tr><td>Medicina de Emerg\u00eancia<\/td><td>13,4<\/td><td>&#8211;<\/td><\/tr><tr><td>Medicina de Fam\u00edlia e Comunidade<\/td><td>11,1<\/td><td>15,40<\/td><\/tr><tr><td>Medicina do Trabalho<\/td><td>10,7<\/td><td>15,80<\/td><\/tr><tr><td>Medicina F\u00edsica e Reabilita\u00e7\u00e3o<\/td><td>\u2013<\/td><td>&#8211;<\/td><\/tr><tr><td>Medicina Intensiva<\/td><td>12,2<\/td><td>&#8211;<\/td><\/tr><tr><td>Neurologia<\/td><td>12,1<\/td><td>&#8211;<\/td><\/tr><tr><td>Ortopedia e Traumatologia<\/td><td>12<\/td><td>15,00<\/td><\/tr><tr><td>Otorrinolaringologia<\/td><td>\u2013<\/td><td>&#8211;<\/td><\/tr><tr><td>Pediatria<\/td><td>11,1<\/td><td>13,90<\/td><\/tr><tr><td>Radiologia e Diagn\u00f3stico por Imagem<\/td><td>5,1<\/td><td>&#8211;<\/td><\/tr><tr><td>Cardiologia<\/td><td>5,1<\/td><td>4,60<\/td><\/tr><tr><td>Emerg\u00eancia Pedi\u00e1trica<\/td><td>6<\/td><td>&#8211;<\/td><\/tr><tr><td>Endoscopia<\/td><td>\u2013<\/td><td>&#8211;<\/td><\/tr><tr><td>Ultrassonografia Geral<\/td><td>&#8211;<\/td><td>4,50<\/td><\/tr><\/tbody><\/table><\/figure>\n\n\n\n<h2 class=\"wp-block-heading\" id=\"h-como-conquistar-a-aprovacao-na-residencia\"><span class=\"ez-toc-section\" id=\"Como_conquistar_a_aprovacao_na_residencia\"><\/span><strong>Como conquistar a aprova\u00e7\u00e3o na resid\u00eancia?<\/strong><span class=\"ez-toc-section-end\"><\/span><\/h2>\n\n\n\n<p>Quer se preparar para as provas de resid\u00eancia m\u00e9dica de 2027? Ent\u00e3o prepare-se com o&nbsp;<a href=\"https:\/\/www.grupomedcof.com.br\/home\/\">Grupo MedCof<\/a>&nbsp;e confira o v\u00eddeo no qual nossos especialistas tiram d\u00favidas sobre as&nbsp;<a href=\"https:\/\/grupomedcof.com.br\/blog\/presenca-da-medcof-nas-aprovacoes-em-residencia-medica-no-brasil\/\">principais resid\u00eancias!<\/a><\/p>\n\n\n\n<figure class=\"wp-block-embed is-type-video is-provider-youtube wp-block-embed-youtube wp-embed-aspect-16-9 wp-has-aspect-ratio\"><div class=\"wp-block-embed__wrapper\">\n<div class=\"youtube-embed\" data-video_id=\"k4nifrUtJY0\"><iframe loading=\"lazy\" title=\"SingularCast T2 Ep.11 - N\u00e3o se distraia com a beleza de caminhos que n\u00e3o s\u00e3o seus com Dr. Vitor\" width=\"696\" height=\"392\" src=\"https:\/\/www.youtube.com\/embed\/k4nifrUtJY0?feature=oembed&#038;enablejsapi=1\" frameborder=\"0\" allow=\"accelerometer; autoplay; clipboard-write; encrypted-media; gyroscope; picture-in-picture; web-share\" referrerpolicy=\"strict-origin-when-cross-origin\" allowfullscreen><\/iframe><\/div>\n<\/div><\/figure>\n","protected":false},"excerpt":{"rendered":"<p>Confira o gabarito preliminar, a corre\u00e7\u00e3o comentada e mais informa\u00e7\u00f5es sobre o Processo Seletivo Unificado de Alagoas (PSU-AL 2026).<\/p>\n","protected":false},"author":18,"featured_media":34101,"comment_status":"open","ping_status":"open","sticky":false,"template":"","format":"standard","meta":{"footnotes":""},"categories":[10],"tags":[1568,293,2659],"ppma_author":[3611],"class_list":{"0":"post-3257","1":"post","2":"type-post","3":"status-publish","4":"format-standard","5":"has-post-thumbnail","7":"category-raio-x-editais","8":"tag-edital","9":"tag-psu-al","10":"tag-psu-al-2025"},"yoast_head":"<!-- This site is optimized with the Yoast SEO Premium plugin v24.3 (Yoast SEO v27.5) - https:\/\/yoast.com\/product\/yoast-seo-premium-wordpress\/ -->\n<title>Resid\u00eancia M\u00e9dica PSU-AL 2026: vagas, notas de corte, resultado final e mais! - Blog de Medcof: conte\u00fados, editais, revalida e mais!<\/title>\n<meta name=\"description\" content=\"Confira o gabarito preliminar, a corre\u00e7\u00e3o comentada e mais informa\u00e7\u00f5es sobre o Processo Seletivo Unificado de Alagoas (PSU-AL 2026).\" \/>\n<meta name=\"robots\" content=\"index, follow, max-snippet:-1, max-image-preview:large, max-video-preview:-1\" \/>\n<link rel=\"canonical\" href=\"https:\/\/www.grupomedcof.com.br\/blog\/residencia-medica-psu-al\/\" \/>\n<meta property=\"og:locale\" content=\"pt_BR\" \/>\n<meta property=\"og:type\" content=\"article\" \/>\n<meta property=\"og:title\" content=\"Resid\u00eancia M\u00e9dica PSU-AL 2026: vagas, notas de corte, resultado final e mais!\" \/>\n<meta property=\"og:description\" content=\"Confira o gabarito preliminar, a corre\u00e7\u00e3o comentada e mais informa\u00e7\u00f5es sobre o Processo Seletivo Unificado de Alagoas (PSU-AL 2026).\" \/>\n<meta property=\"og:url\" content=\"https:\/\/www.grupomedcof.com.br\/blog\/residencia-medica-psu-al\/\" \/>\n<meta property=\"og:site_name\" content=\"Blog de Medcof: conte\u00fados, editais, revalida e mais!\" \/>\n<meta property=\"article:publisher\" content=\"https:\/\/www.facebook.com\/MedCofQbank\/\" \/>\n<meta property=\"article:published_time\" content=\"2026-04-17T11:54:31+00:00\" \/>\n<meta property=\"article:modified_time\" content=\"2026-04-17T11:54:33+00:00\" \/>\n<meta property=\"og:image\" content=\"https:\/\/www.grupomedcof.com.br\/blog\/wp-content\/uploads\/2022\/10\/Modelo-instituicoes-2025-02-27T152417.408.jpg\" \/>\n\t<meta property=\"og:image:width\" content=\"1920\" \/>\n\t<meta property=\"og:image:height\" content=\"1080\" \/>\n\t<meta property=\"og:image:type\" content=\"image\/jpeg\" \/>\n<meta name=\"author\" content=\"Leila Menzel\" \/>\n<meta name=\"twitter:card\" content=\"summary_large_image\" \/>\n<meta name=\"twitter:label1\" content=\"Escrito por\" \/>\n\t<meta name=\"twitter:data1\" content=\"Leila Menzel\" \/>\n\t<meta name=\"twitter:label2\" content=\"Est. tempo de leitura\" \/>\n\t<meta name=\"twitter:data2\" content=\"6 minutos\" \/>\n<script type=\"application\/ld+json\" class=\"yoast-schema-graph\">{\"@context\":\"https:\\\/\\\/schema.org\",\"@graph\":[{\"@type\":\"Article\",\"@id\":\"https:\\\/\\\/www.grupomedcof.com.br\\\/blog\\\/residencia-medica-psu-al\\\/#article\",\"isPartOf\":{\"@id\":\"https:\\\/\\\/www.grupomedcof.com.br\\\/blog\\\/residencia-medica-psu-al\\\/\"},\"author\":{\"name\":\"Leila Menzel\",\"@id\":\"https:\\\/\\\/www.grupomedcof.com.br\\\/blog\\\/#\\\/schema\\\/person\\\/2a5527209c17e7eb35bd6a4ebd5c7956\"},\"headline\":\"Resid\u00eancia M\u00e9dica PSU-AL 2026: vagas, notas de corte, resultado final e mais!\",\"datePublished\":\"2026-04-17T11:54:31+00:00\",\"dateModified\":\"2026-04-17T11:54:33+00:00\",\"mainEntityOfPage\":{\"@id\":\"https:\\\/\\\/www.grupomedcof.com.br\\\/blog\\\/residencia-medica-psu-al\\\/\"},\"wordCount\":970,\"commentCount\":0,\"publisher\":{\"@id\":\"https:\\\/\\\/www.grupomedcof.com.br\\\/blog\\\/#organization\"},\"image\":{\"@id\":\"https:\\\/\\\/www.grupomedcof.com.br\\\/blog\\\/residencia-medica-psu-al\\\/#primaryimage\"},\"thumbnailUrl\":\"https:\\\/\\\/www.grupomedcof.com.br\\\/blog\\\/wp-content\\\/uploads\\\/2022\\\/10\\\/Modelo-instituicoes-2025-02-27T152417.408.jpg\",\"keywords\":[\"Edital\",\"PSU-AL\",\"PSU-AL 2025\"],\"articleSection\":[\"Raio-X Editais\"],\"inLanguage\":\"pt-BR\"},{\"@type\":\"WebPage\",\"@id\":\"https:\\\/\\\/www.grupomedcof.com.br\\\/blog\\\/residencia-medica-psu-al\\\/\",\"url\":\"https:\\\/\\\/www.grupomedcof.com.br\\\/blog\\\/residencia-medica-psu-al\\\/\",\"name\":\"Resid\u00eancia M\u00e9dica PSU-AL 2026: vagas, notas de corte, resultado final e mais! - Blog de Medcof: conte\u00fados, editais, revalida e mais!\",\"isPartOf\":{\"@id\":\"https:\\\/\\\/www.grupomedcof.com.br\\\/blog\\\/#website\"},\"primaryImageOfPage\":{\"@id\":\"https:\\\/\\\/www.grupomedcof.com.br\\\/blog\\\/residencia-medica-psu-al\\\/#primaryimage\"},\"image\":{\"@id\":\"https:\\\/\\\/www.grupomedcof.com.br\\\/blog\\\/residencia-medica-psu-al\\\/#primaryimage\"},\"thumbnailUrl\":\"https:\\\/\\\/www.grupomedcof.com.br\\\/blog\\\/wp-content\\\/uploads\\\/2022\\\/10\\\/Modelo-instituicoes-2025-02-27T152417.408.jpg\",\"datePublished\":\"2026-04-17T11:54:31+00:00\",\"dateModified\":\"2026-04-17T11:54:33+00:00\",\"description\":\"Confira o gabarito preliminar, a corre\u00e7\u00e3o comentada e mais informa\u00e7\u00f5es sobre o Processo Seletivo Unificado de Alagoas (PSU-AL 2026).\",\"breadcrumb\":{\"@id\":\"https:\\\/\\\/www.grupomedcof.com.br\\\/blog\\\/residencia-medica-psu-al\\\/#breadcrumb\"},\"inLanguage\":\"pt-BR\",\"potentialAction\":[{\"@type\":\"ReadAction\",\"target\":[\"https:\\\/\\\/www.grupomedcof.com.br\\\/blog\\\/residencia-medica-psu-al\\\/\"]}]},{\"@type\":\"ImageObject\",\"inLanguage\":\"pt-BR\",\"@id\":\"https:\\\/\\\/www.grupomedcof.com.br\\\/blog\\\/residencia-medica-psu-al\\\/#primaryimage\",\"url\":\"https:\\\/\\\/www.grupomedcof.com.br\\\/blog\\\/wp-content\\\/uploads\\\/2022\\\/10\\\/Modelo-instituicoes-2025-02-27T152417.408.jpg\",\"contentUrl\":\"https:\\\/\\\/www.grupomedcof.com.br\\\/blog\\\/wp-content\\\/uploads\\\/2022\\\/10\\\/Modelo-instituicoes-2025-02-27T152417.408.jpg\",\"width\":1920,\"height\":1080},{\"@type\":\"BreadcrumbList\",\"@id\":\"https:\\\/\\\/www.grupomedcof.com.br\\\/blog\\\/residencia-medica-psu-al\\\/#breadcrumb\",\"itemListElement\":[{\"@type\":\"ListItem\",\"position\":1,\"name\":\"In\u00edcio\",\"item\":\"https:\\\/\\\/www.grupomedcof.com.br\\\/blog\\\/\"},{\"@type\":\"ListItem\",\"position\":2,\"name\":\"Resid\u00eancia M\u00e9dica PSU-AL 2026: vagas, notas de corte, resultado final e mais!\"}]},{\"@type\":\"WebSite\",\"@id\":\"https:\\\/\\\/www.grupomedcof.com.br\\\/blog\\\/#website\",\"url\":\"https:\\\/\\\/www.grupomedcof.com.br\\\/blog\\\/\",\"name\":\"Blog de Medcof: conte\u00fados, editais, revalida e mais!\",\"description\":\"Acesso o blog de MedCof! Seu portal de conte\u00fados sobre resid\u00eancia m\u00e9dica, an\u00e1lise e editais e muito mais. Clique e confira!\",\"publisher\":{\"@id\":\"https:\\\/\\\/www.grupomedcof.com.br\\\/blog\\\/#organization\"},\"alternateName\":\"Blog de Medcof: conte\u00fados, editais, revalida e mais!\",\"potentialAction\":[{\"@type\":\"SearchAction\",\"target\":{\"@type\":\"EntryPoint\",\"urlTemplate\":\"https:\\\/\\\/www.grupomedcof.com.br\\\/blog\\\/?s={search_term_string}\"},\"query-input\":{\"@type\":\"PropertyValueSpecification\",\"valueRequired\":true,\"valueName\":\"search_term_string\"}}],\"inLanguage\":\"pt-BR\"},{\"@type\":\"Organization\",\"@id\":\"https:\\\/\\\/www.grupomedcof.com.br\\\/blog\\\/#organization\",\"name\":\"Grupo MedCof\",\"url\":\"https:\\\/\\\/www.grupomedcof.com.br\\\/blog\\\/\",\"logo\":{\"@type\":\"ImageObject\",\"inLanguage\":\"pt-BR\",\"@id\":\"https:\\\/\\\/www.grupomedcof.com.br\\\/blog\\\/#\\\/schema\\\/logo\\\/image\\\/\",\"url\":\"https:\\\/\\\/www.grupomedcof.com.br\\\/blog\\\/wp-content\\\/uploads\\\/2022\\\/01\\\/logo-medcof.png\",\"contentUrl\":\"https:\\\/\\\/www.grupomedcof.com.br\\\/blog\\\/wp-content\\\/uploads\\\/2022\\\/01\\\/logo-medcof.png\",\"width\":768,\"height\":269,\"caption\":\"Grupo MedCof\"},\"image\":{\"@id\":\"https:\\\/\\\/www.grupomedcof.com.br\\\/blog\\\/#\\\/schema\\\/logo\\\/image\\\/\"},\"sameAs\":[\"https:\\\/\\\/www.facebook.com\\\/MedCofQbank\\\/\",\"https:\\\/\\\/www.instagram.com\\\/grupomedcof\\\/\",\"https:\\\/\\\/br.linkedin.com\\\/company\\\/medcof\",\"https:\\\/\\\/www.youtube.com\\\/channel\\\/UCdHMuOHKICxcHwecxN8P-AA\"]},{\"@type\":\"Person\",\"@id\":\"https:\\\/\\\/www.grupomedcof.com.br\\\/blog\\\/#\\\/schema\\\/person\\\/2a5527209c17e7eb35bd6a4ebd5c7956\",\"name\":\"Leila Menzel\",\"image\":{\"@type\":\"ImageObject\",\"inLanguage\":\"pt-BR\",\"@id\":\"https:\\\/\\\/www.grupomedcof.com.br\\\/blog\\\/wp-content\\\/uploads\\\/2023\\\/04\\\/cropped-cropped-cropped-logo-96x96.png15459389df217b605b4f0cce419ac81a\",\"url\":\"https:\\\/\\\/www.grupomedcof.com.br\\\/blog\\\/wp-content\\\/uploads\\\/2023\\\/04\\\/cropped-cropped-cropped-logo-96x96.png\",\"contentUrl\":\"https:\\\/\\\/www.grupomedcof.com.br\\\/blog\\\/wp-content\\\/uploads\\\/2023\\\/04\\\/cropped-cropped-cropped-logo-96x96.png\",\"caption\":\"Leila Menzel\"},\"description\":\"Estudante do 6\u00b0 semestre de jornalismo, amo e escrevo poesias e viajo em livros de romances clich\u00eas.\",\"url\":\"https:\\\/\\\/www.grupomedcof.com.br\\\/blog\\\/author\\\/leila\\\/\"}]}<\/script>\n<!-- \/ Yoast SEO Premium plugin. -->","yoast_head_json":{"title":"Resid\u00eancia M\u00e9dica PSU-AL 2026: vagas, notas de corte, resultado final e mais! - Blog de Medcof: conte\u00fados, editais, revalida e mais!","description":"Confira o gabarito preliminar, a corre\u00e7\u00e3o comentada e mais informa\u00e7\u00f5es sobre o Processo Seletivo Unificado de Alagoas (PSU-AL 2026).","robots":{"index":"index","follow":"follow","max-snippet":"max-snippet:-1","max-image-preview":"max-image-preview:large","max-video-preview":"max-video-preview:-1"},"canonical":"https:\/\/www.grupomedcof.com.br\/blog\/residencia-medica-psu-al\/","og_locale":"pt_BR","og_type":"article","og_title":"Resid\u00eancia M\u00e9dica PSU-AL 2026: vagas, notas de corte, resultado final e mais!","og_description":"Confira o gabarito preliminar, a corre\u00e7\u00e3o comentada e mais informa\u00e7\u00f5es sobre o Processo Seletivo Unificado de Alagoas (PSU-AL 2026).","og_url":"https:\/\/www.grupomedcof.com.br\/blog\/residencia-medica-psu-al\/","og_site_name":"Blog de Medcof: conte\u00fados, editais, revalida e mais!","article_publisher":"https:\/\/www.facebook.com\/MedCofQbank\/","article_published_time":"2026-04-17T11:54:31+00:00","article_modified_time":"2026-04-17T11:54:33+00:00","og_image":[{"width":1920,"height":1080,"url":"https:\/\/www.grupomedcof.com.br\/blog\/wp-content\/uploads\/2022\/10\/Modelo-instituicoes-2025-02-27T152417.408.jpg","type":"image\/jpeg"}],"author":"Leila Menzel","twitter_card":"summary_large_image","twitter_misc":{"Escrito por":"Leila Menzel","Est. tempo de leitura":"6 minutos"},"schema":{"@context":"https:\/\/schema.org","@graph":[{"@type":"Article","@id":"https:\/\/www.grupomedcof.com.br\/blog\/residencia-medica-psu-al\/#article","isPartOf":{"@id":"https:\/\/www.grupomedcof.com.br\/blog\/residencia-medica-psu-al\/"},"author":{"name":"Leila Menzel","@id":"https:\/\/www.grupomedcof.com.br\/blog\/#\/schema\/person\/2a5527209c17e7eb35bd6a4ebd5c7956"},"headline":"Resid\u00eancia M\u00e9dica PSU-AL 2026: vagas, notas de corte, resultado final e mais!","datePublished":"2026-04-17T11:54:31+00:00","dateModified":"2026-04-17T11:54:33+00:00","mainEntityOfPage":{"@id":"https:\/\/www.grupomedcof.com.br\/blog\/residencia-medica-psu-al\/"},"wordCount":970,"commentCount":0,"publisher":{"@id":"https:\/\/www.grupomedcof.com.br\/blog\/#organization"},"image":{"@id":"https:\/\/www.grupomedcof.com.br\/blog\/residencia-medica-psu-al\/#primaryimage"},"thumbnailUrl":"https:\/\/www.grupomedcof.com.br\/blog\/wp-content\/uploads\/2022\/10\/Modelo-instituicoes-2025-02-27T152417.408.jpg","keywords":["Edital","PSU-AL","PSU-AL 2025"],"articleSection":["Raio-X Editais"],"inLanguage":"pt-BR"},{"@type":"WebPage","@id":"https:\/\/www.grupomedcof.com.br\/blog\/residencia-medica-psu-al\/","url":"https:\/\/www.grupomedcof.com.br\/blog\/residencia-medica-psu-al\/","name":"Resid\u00eancia M\u00e9dica PSU-AL 2026: vagas, notas de corte, resultado final e mais! - Blog de Medcof: conte\u00fados, editais, revalida e mais!","isPartOf":{"@id":"https:\/\/www.grupomedcof.com.br\/blog\/#website"},"primaryImageOfPage":{"@id":"https:\/\/www.grupomedcof.com.br\/blog\/residencia-medica-psu-al\/#primaryimage"},"image":{"@id":"https:\/\/www.grupomedcof.com.br\/blog\/residencia-medica-psu-al\/#primaryimage"},"thumbnailUrl":"https:\/\/www.grupomedcof.com.br\/blog\/wp-content\/uploads\/2022\/10\/Modelo-instituicoes-2025-02-27T152417.408.jpg","datePublished":"2026-04-17T11:54:31+00:00","dateModified":"2026-04-17T11:54:33+00:00","description":"Confira o gabarito preliminar, a corre\u00e7\u00e3o comentada e mais informa\u00e7\u00f5es sobre o Processo Seletivo Unificado de Alagoas (PSU-AL 2026).","breadcrumb":{"@id":"https:\/\/www.grupomedcof.com.br\/blog\/residencia-medica-psu-al\/#breadcrumb"},"inLanguage":"pt-BR","potentialAction":[{"@type":"ReadAction","target":["https:\/\/www.grupomedcof.com.br\/blog\/residencia-medica-psu-al\/"]}]},{"@type":"ImageObject","inLanguage":"pt-BR","@id":"https:\/\/www.grupomedcof.com.br\/blog\/residencia-medica-psu-al\/#primaryimage","url":"https:\/\/www.grupomedcof.com.br\/blog\/wp-content\/uploads\/2022\/10\/Modelo-instituicoes-2025-02-27T152417.408.jpg","contentUrl":"https:\/\/www.grupomedcof.com.br\/blog\/wp-content\/uploads\/2022\/10\/Modelo-instituicoes-2025-02-27T152417.408.jpg","width":1920,"height":1080},{"@type":"BreadcrumbList","@id":"https:\/\/www.grupomedcof.com.br\/blog\/residencia-medica-psu-al\/#breadcrumb","itemListElement":[{"@type":"ListItem","position":1,"name":"In\u00edcio","item":"https:\/\/www.grupomedcof.com.br\/blog\/"},{"@type":"ListItem","position":2,"name":"Resid\u00eancia M\u00e9dica PSU-AL 2026: vagas, notas de corte, resultado final e mais!"}]},{"@type":"WebSite","@id":"https:\/\/www.grupomedcof.com.br\/blog\/#website","url":"https:\/\/www.grupomedcof.com.br\/blog\/","name":"Blog de Medcof: conte\u00fados, editais, revalida e mais!","description":"Acesso o blog de MedCof! Seu portal de conte\u00fados sobre resid\u00eancia m\u00e9dica, an\u00e1lise e editais e muito mais. Clique e confira!","publisher":{"@id":"https:\/\/www.grupomedcof.com.br\/blog\/#organization"},"alternateName":"Blog de Medcof: conte\u00fados, editais, revalida e mais!","potentialAction":[{"@type":"SearchAction","target":{"@type":"EntryPoint","urlTemplate":"https:\/\/www.grupomedcof.com.br\/blog\/?s={search_term_string}"},"query-input":{"@type":"PropertyValueSpecification","valueRequired":true,"valueName":"search_term_string"}}],"inLanguage":"pt-BR"},{"@type":"Organization","@id":"https:\/\/www.grupomedcof.com.br\/blog\/#organization","name":"Grupo MedCof","url":"https:\/\/www.grupomedcof.com.br\/blog\/","logo":{"@type":"ImageObject","inLanguage":"pt-BR","@id":"https:\/\/www.grupomedcof.com.br\/blog\/#\/schema\/logo\/image\/","url":"https:\/\/www.grupomedcof.com.br\/blog\/wp-content\/uploads\/2022\/01\/logo-medcof.png","contentUrl":"https:\/\/www.grupomedcof.com.br\/blog\/wp-content\/uploads\/2022\/01\/logo-medcof.png","width":768,"height":269,"caption":"Grupo MedCof"},"image":{"@id":"https:\/\/www.grupomedcof.com.br\/blog\/#\/schema\/logo\/image\/"},"sameAs":["https:\/\/www.facebook.com\/MedCofQbank\/","https:\/\/www.instagram.com\/grupomedcof\/","https:\/\/br.linkedin.com\/company\/medcof","https:\/\/www.youtube.com\/channel\/UCdHMuOHKICxcHwecxN8P-AA"]},{"@type":"Person","@id":"https:\/\/www.grupomedcof.com.br\/blog\/#\/schema\/person\/2a5527209c17e7eb35bd6a4ebd5c7956","name":"Leila Menzel","image":{"@type":"ImageObject","inLanguage":"pt-BR","@id":"https:\/\/www.grupomedcof.com.br\/blog\/wp-content\/uploads\/2023\/04\/cropped-cropped-cropped-logo-96x96.png15459389df217b605b4f0cce419ac81a","url":"https:\/\/www.grupomedcof.com.br\/blog\/wp-content\/uploads\/2023\/04\/cropped-cropped-cropped-logo-96x96.png","contentUrl":"https:\/\/www.grupomedcof.com.br\/blog\/wp-content\/uploads\/2023\/04\/cropped-cropped-cropped-logo-96x96.png","caption":"Leila Menzel"},"description":"Estudante do 6\u00b0 semestre de jornalismo, amo e escrevo poesias e viajo em livros de romances clich\u00eas.","url":"https:\/\/www.grupomedcof.com.br\/blog\/author\/leila\/"}]}},"authors":[{"term_id":3611,"user_id":18,"is_guest":0,"slug":"leila","display_name":"Leila Menzel","avatar_url":"https:\/\/www.grupomedcof.com.br\/blog\/wp-content\/uploads\/2023\/04\/cropped-cropped-cropped-logo-96x96.png","0":null,"1":"","2":"","3":"","4":"","5":"","6":"","7":"","8":""}],"_links":{"self":[{"href":"https:\/\/www.grupomedcof.com.br\/blog\/wp-json\/wp\/v2\/posts\/3257","targetHints":{"allow":["GET"]}}],"collection":[{"href":"https:\/\/www.grupomedcof.com.br\/blog\/wp-json\/wp\/v2\/posts"}],"about":[{"href":"https:\/\/www.grupomedcof.com.br\/blog\/wp-json\/wp\/v2\/types\/post"}],"author":[{"embeddable":true,"href":"https:\/\/www.grupomedcof.com.br\/blog\/wp-json\/wp\/v2\/users\/18"}],"replies":[{"embeddable":true,"href":"https:\/\/www.grupomedcof.com.br\/blog\/wp-json\/wp\/v2\/comments?post=3257"}],"version-history":[{"count":6,"href":"https:\/\/www.grupomedcof.com.br\/blog\/wp-json\/wp\/v2\/posts\/3257\/revisions"}],"predecessor-version":[{"id":43168,"href":"https:\/\/www.grupomedcof.com.br\/blog\/wp-json\/wp\/v2\/posts\/3257\/revisions\/43168"}],"wp:featuredmedia":[{"embeddable":true,"href":"https:\/\/www.grupomedcof.com.br\/blog\/wp-json\/wp\/v2\/media\/34101"}],"wp:attachment":[{"href":"https:\/\/www.grupomedcof.com.br\/blog\/wp-json\/wp\/v2\/media?parent=3257"}],"wp:term":[{"taxonomy":"category","embeddable":true,"href":"https:\/\/www.grupomedcof.com.br\/blog\/wp-json\/wp\/v2\/categories?post=3257"},{"taxonomy":"post_tag","embeddable":true,"href":"https:\/\/www.grupomedcof.com.br\/blog\/wp-json\/wp\/v2\/tags?post=3257"},{"taxonomy":"author","embeddable":true,"href":"https:\/\/www.grupomedcof.com.br\/blog\/wp-json\/wp\/v2\/ppma_author?post=3257"}],"curies":[{"name":"wp","href":"https:\/\/api.w.org\/{rel}","templated":true}]}}