{"id":32583,"date":"2024-12-18T14:54:57","date_gmt":"2024-12-18T17:54:57","guid":{"rendered":"https:\/\/www.grupomedcof.com.br\/blog\/?p=32583"},"modified":"2026-04-24T17:36:57","modified_gmt":"2026-04-24T20:36:57","slug":"reconheca-a-guillain-barre-no-seu-consultorio","status":"publish","type":"post","link":"https:\/\/www.grupomedcof.com.br\/blog\/reconheca-a-guillain-barre-no-seu-consultorio\/","title":{"rendered":"Reconhe\u00e7a a s\u00edndrome de Guillain-Barr\u00e9 no seu consult\u00f3rio"},"content":{"rendered":"<div id=\"ez-toc-container\" class=\"ez-toc-v2_0_74 counter-hierarchy ez-toc-counter ez-toc-transparent ez-toc-container-direction\">\n<div class=\"ez-toc-title-container\">\n<p class=\"ez-toc-title\" style=\"cursor:inherit\">Sum\u00e1rio<\/p>\n<span class=\"ez-toc-title-toggle\"><a href=\"#\" class=\"ez-toc-pull-right ez-toc-btn ez-toc-btn-xs ez-toc-btn-default ez-toc-toggle\" aria-label=\"Alternar tabela de conte\u00fado\"><span class=\"ez-toc-js-icon-con\"><span class=\"\"><span class=\"eztoc-hide\" style=\"display:none;\">Toggle<\/span><span class=\"ez-toc-icon-toggle-span\"><svg style=\"fill: #999;color:#999\" xmlns=\"http:\/\/www.w3.org\/2000\/svg\" class=\"list-377408\" width=\"20px\" height=\"20px\" viewBox=\"0 0 24 24\" fill=\"none\"><path d=\"M6 6H4v2h2V6zm14 0H8v2h12V6zM4 11h2v2H4v-2zm16 0H8v2h12v-2zM4 16h2v2H4v-2zm16 0H8v2h12v-2z\" fill=\"currentColor\"><\/path><\/svg><svg style=\"fill: #999;color:#999\" class=\"arrow-unsorted-368013\" xmlns=\"http:\/\/www.w3.org\/2000\/svg\" width=\"10px\" height=\"10px\" viewBox=\"0 0 24 24\" version=\"1.2\" baseProfile=\"tiny\"><path d=\"M18.2 9.3l-6.2-6.3-6.2 6.3c-.2.2-.3.4-.3.7s.1.5.3.7c.2.2.4.3.7.3h11c.3 0 .5-.1.7-.3.2-.2.3-.5.3-.7s-.1-.5-.3-.7zM5.8 14.7l6.2 6.3 6.2-6.3c.2-.2.3-.5.3-.7s-.1-.5-.3-.7c-.2-.2-.4-.3-.7-.3h-11c-.3 0-.5.1-.7.3-.2.2-.3.5-.3.7s.1.5.3.7z\"\/><\/svg><\/span><\/span><\/span><\/a><\/span><\/div>\n<nav><ul class='ez-toc-list ez-toc-list-level-1 ' ><li class='ez-toc-page-1 ez-toc-heading-level-2'><a class=\"ez-toc-link ez-toc-heading-1\" href=\"https:\/\/www.grupomedcof.com.br\/blog\/reconheca-a-guillain-barre-no-seu-consultorio\/#Contextualizando\" >Contextualizando<\/a><\/li><li class='ez-toc-page-1 ez-toc-heading-level-2'><a class=\"ez-toc-link ez-toc-heading-2\" href=\"https:\/\/www.grupomedcof.com.br\/blog\/reconheca-a-guillain-barre-no-seu-consultorio\/#Quadro_Clinico\" >Quadro Cl\u00ednico&nbsp;<\/a><ul class='ez-toc-list-level-3' ><li class='ez-toc-heading-level-3'><a class=\"ez-toc-link ez-toc-heading-3\" href=\"https:\/\/www.grupomedcof.com.br\/blog\/reconheca-a-guillain-barre-no-seu-consultorio\/#Anamnese\" >Anamnese<\/a><\/li><\/ul><\/li><li class='ez-toc-page-1 ez-toc-heading-level-2'><a class=\"ez-toc-link ez-toc-heading-4\" href=\"https:\/\/www.grupomedcof.com.br\/blog\/reconheca-a-guillain-barre-no-seu-consultorio\/#Diagnostico\" >Diagn\u00f3stico<\/a><\/li><li class='ez-toc-page-1 ez-toc-heading-level-2'><a class=\"ez-toc-link ez-toc-heading-5\" href=\"https:\/\/www.grupomedcof.com.br\/blog\/reconheca-a-guillain-barre-no-seu-consultorio\/#Diagnosticos_diferenciais\" >Diagn\u00f3sticos diferenciais&nbsp;<\/a><\/li><li class='ez-toc-page-1 ez-toc-heading-level-2'><a class=\"ez-toc-link ez-toc-heading-6\" href=\"https:\/\/www.grupomedcof.com.br\/blog\/reconheca-a-guillain-barre-no-seu-consultorio\/#Sua_aprovacao_na_residencia_medica\" >Sua aprova\u00e7\u00e3o na resid\u00eancia m\u00e9dica<\/a><\/li><\/ul><\/nav><\/div>\n\n<figure class=\"wp-block-image size-large\"><img loading=\"lazy\" decoding=\"async\" width=\"1024\" height=\"576\" src=\"https:\/\/www.grupomedcof.com.br\/blog\/wp-content\/uploads\/2024\/12\/Blog-MedCof-34-1024x576.png\" alt=\"\" class=\"wp-image-32585\" srcset=\"https:\/\/www.grupomedcof.com.br\/blog\/wp-content\/uploads\/2024\/12\/Blog-MedCof-34-1024x576.png 1024w, https:\/\/www.grupomedcof.com.br\/blog\/wp-content\/uploads\/2024\/12\/Blog-MedCof-34-300x169.png 300w, https:\/\/www.grupomedcof.com.br\/blog\/wp-content\/uploads\/2024\/12\/Blog-MedCof-34-768x432.png 768w, https:\/\/www.grupomedcof.com.br\/blog\/wp-content\/uploads\/2024\/12\/Blog-MedCof-34-1536x864.png 1536w, https:\/\/www.grupomedcof.com.br\/blog\/wp-content\/uploads\/2024\/12\/Blog-MedCof-34-2048x1152.png 2048w, https:\/\/www.grupomedcof.com.br\/blog\/wp-content\/uploads\/2024\/12\/Blog-MedCof-34-747x420.png 747w, https:\/\/www.grupomedcof.com.br\/blog\/wp-content\/uploads\/2024\/12\/Blog-MedCof-34-150x84.png 150w, https:\/\/www.grupomedcof.com.br\/blog\/wp-content\/uploads\/2024\/12\/Blog-MedCof-34-696x392.png 696w, https:\/\/www.grupomedcof.com.br\/blog\/wp-content\/uploads\/2024\/12\/Blog-MedCof-34-1068x601.png 1068w, https:\/\/www.grupomedcof.com.br\/blog\/wp-content\/uploads\/2024\/12\/Blog-MedCof-34-1920x1080.png 1920w\" sizes=\"auto, (max-width: 1024px) 100vw, 1024px\" \/><\/figure>\n\n\n\n<h2 class=\"wp-block-heading\" id=\"h-contextualizando\"><span class=\"ez-toc-section\" id=\"Contextualizando\"><\/span><strong>Contextualizando<\/strong><span class=\"ez-toc-section-end\"><\/span><\/h2>\n\n\n\n<p>A <strong>s\u00edndrome de Guillain-Barr\u00e9 <\/strong>se caracteriza por ser uma doen\u00e7a inflamat\u00f3ria e autoimune do sistema nervoso perif\u00e9rico, cuja manifesta\u00e7\u00e3o mais frequente \u00e9 a PFA (paralisia fl\u00e1cida aguda). Um comum nessa condi\u00e7\u00e3o \u00e9 polirradiculoneurite desmielinizante inflamat\u00f3ria aguda. Essa s\u00edndrome \u00e9 mais comum em homens, principalmente aqueles em idade avan\u00e7ada, sendo que 20% evoluem para insufici\u00eancia respirat\u00f3ria aguda.&nbsp;<\/p>\n\n\n\n<p>Ela normalmente \u00e9 desencadeada por infec\u00e7\u00e3o do trato gastrointestinal e respirat\u00f3rio por esp\u00e9cies do tipo Campylobacter jejuni, mycoplasma pneumoniae e citomegalov\u00edrus. Outros poss\u00edveis fatores desencadeantes s\u00e3o as rea\u00e7\u00f5es a vacinas, traumas, cirurgias e causas durante a gesta\u00e7\u00e3o.<\/p>\n\n\n\n<p>&nbsp;Fisiopatologicamente, podemos observar uma les\u00e3o na unidade motora (mais especificamente no nervo perif\u00e9rico e na raiz nervosa) que causa fraqueza muscular e altera\u00e7\u00e3o sensitiva. Al\u00e9m disso, os anticorpos atacam a bainha de mielina, causando inflama\u00e7\u00e3o e les\u00e3o nervosa.<\/p>\n\n\n\n<figure class=\"wp-block-image\"><img decoding=\"async\" src=\"https:\/\/lh7-rt.googleusercontent.com\/docsz\/AD_4nXcFFmWia4k2FbWtkMhaZUaIC2Dn-dlSbDD2Tkh1PqoYdoO2a4_duo1WwQogULidLvirlb-WAhxM--vrW4tElbhtOki8pz3oTczxG_Qc0ofBLPFnNKxlwXlZ8D2_rlkexvydZZPGTg?key=eOIq_7Fb3IV2Ek_1NNozQOam\" alt=\"\"\/><figcaption class=\"wp-element-caption\">Fonte: Acervo de Aulas do Grupo MedCof.<\/figcaption><\/figure>\n\n\n\n<h2 class=\"wp-block-heading\" id=\"h-quadro-clinico-nbsp\"><span class=\"ez-toc-section\" id=\"Quadro_Clinico\"><\/span><strong>Quadro Cl\u00ednico&nbsp;<\/strong><span class=\"ez-toc-section-end\"><\/span><\/h2>\n\n\n\n<h3 class=\"wp-block-heading\" id=\"h-anamnese\"><span class=\"ez-toc-section\" id=\"Anamnese\"><\/span><strong>Anamnese<\/strong><span class=\"ez-toc-section-end\"><\/span><\/h3>\n\n\n\n<p>O reconhecimento de pacientes com essa s\u00edndrome requer algumas perguntas b\u00e1sicas, como: infec\u00e7\u00e3o de vias a\u00e9reas ou gastrointestinal cerca de 2-3 semanas antes (caso seja em menos de 24h ou a mais de 4 semanas, podemos descartar Guillain-Barr\u00e9), sintomas ascendentes de parecia, hipoestesia e paraparesia\/tetraparesia, acometimento sim\u00e9trico, paralisia bilateral (o nervo f\u00e1cil \u00e9 comumente afetado) e alguns outros sintomas menos comuns, como insufici\u00eancia respirat\u00f3ria aguda e reflexos hipoativos\/abolidos.&nbsp;<\/p>\n\n\n\n<h2 class=\"wp-block-heading\" id=\"h-diagnostico\"><span class=\"ez-toc-section\" id=\"Diagnostico\"><\/span><strong>Diagn\u00f3stico<\/strong><span class=\"ez-toc-section-end\"><\/span><\/h2>\n\n\n\n<p>Para chegarmos no diagn\u00f3stico dessa s\u00edndrome precisamos seguir os <strong>Crit\u00e9rios de Brighton-2011, <\/strong>que nos mostra os n\u00edveis de certeza diagn\u00f3stica<strong>:<\/strong><\/p>\n\n\n\n<ul class=\"wp-block-list\">\n<li><strong>N\u00edvel 1<\/strong><\/li>\n<\/ul>\n\n\n\n<p>Fraqueza sim\u00e9trica bilateral dos membros, reflexos osteotend\u00edneos abolidos ou diminu\u00eddos nos membros afetados, curso monof\u00e1sico da doen\u00e7a E intervalo entre in\u00edcio e nadir da fraqueza entre 12h e 28 dias (e subsequente plat\u00f4 cl\u00ednico), achados neurofisiol\u00f3gicos (Eletroneuromiografia) consistentes com S\u00edndrome de Guillain-Barr\u00e9, dissocia\u00e7\u00e3o albuminocitol\u00f3gica no L\u00edquor (\u2193c\u00e9lula, \u2191 prote\u00edna) * &#8211; Pode estar ausente na primeira semana, aus\u00eancia de diagn\u00f3stico alternativo para a fraqueza.<\/p>\n\n\n\n<ul class=\"wp-block-list\">\n<li><strong>Red Flags<\/strong><\/li>\n<\/ul>\n\n\n\n<p>Caso tenhamos os seguintes achados, temos que nos atentar a pensar em outros diagn\u00f3sticos: fraqueza assim\u00e9trica, disfun\u00e7\u00e3o intestinal e urin\u00e1ria (reten\u00e7\u00e3o) no in\u00edcio do quadro, n\u00edvel sens\u00edvel descrito no exame f\u00edsico e valores menores que 50 c\u00e9lulas no l\u00edquor.<\/p>\n\n\n\n<h2 class=\"wp-block-heading\" id=\"h-diagnosticos-diferenciais-nbsp\"><span class=\"ez-toc-section\" id=\"Diagnosticos_diferenciais\"><\/span><strong>Diagn\u00f3sticos diferenciais&nbsp;<\/strong><span class=\"ez-toc-section-end\"><\/span><\/h2>\n\n\n\n<p>Por ser pouco frequente, pode ser confundida com algumas outras doen\u00e7as e s\u00edndromes, como:&nbsp;<\/p>\n\n\n\n<ul class=\"wp-block-list\">\n<li>Porfiria Intermitente Aguda<\/li>\n<\/ul>\n\n\n\n<p>Essa condi\u00e7\u00e3o tem como principais sintomas tetraplegia fl\u00e1cida aguda\/subaguda, sintomas psiqui\u00e1tricos, dor abdominal e epis\u00f3dios de fraqueza pr\u00e9vios ou desencadeados por medica\u00e7\u00e3o.&nbsp;&nbsp;<\/p>\n\n\n\n<ul class=\"wp-block-list\">\n<li>Mielopatias&nbsp;<\/li>\n<\/ul>\n\n\n\n<p>Nesse caso, temos evolu\u00e7\u00f5es mais r\u00e1pidas, disfun\u00e7\u00e3o esfincteriana precoce, n\u00edvel sensitivo ao exame f\u00edsico e reflexos profundos exaltados.&nbsp;&nbsp;&nbsp;<\/p>\n\n\n\n<ul class=\"wp-block-list\">\n<li>Botulismo<\/li>\n<\/ul>\n\n\n\n<p>Essa doen\u00e7a pode ser associada pela tetraparesia descendente, iniciada por nervos cranianos \u201coculares\u201d. Ela se caracteriza por ser uma doen\u00e7a pr\u00e9-sin\u00e1ptica da jun\u00e7\u00e3o neuromuscular e deve ser notificada.&nbsp;<\/p>\n\n\n\n<ul class=\"wp-block-list\">\n<li>Poliomielite&nbsp;<\/li>\n<\/ul>\n\n\n\n<p>Causada por enterov\u00edrus (da P\u00f3lio) , tem como alvo o corno anterior da medula espinhal. Podemos identificar paralisia assim\u00e9trica e l\u00edquor infeccioso.&nbsp;<\/p>\n\n\n\n<h2 class=\"wp-block-heading\" id=\"sua-aprova\u00e7\u00e3o-na-usp-rp-2025\"><span class=\"ez-toc-section\" id=\"Sua_aprovacao_na_residencia_medica\"><\/span><strong>Sua aprova\u00e7\u00e3o na resid\u00eancia m\u00e9dica<\/strong><span class=\"ez-toc-section-end\"><\/span><\/h2>\n\n\n\n<p>A\u00a0<strong><a href=\"https:\/\/www.grupomedcof.com.br\/home\/?page=cursos\">Medcof<\/a>\u00a0<\/strong>te ajuda a mandar bem nas provas de resid\u00eancia m\u00e9dica! Com o nosso cat\u00e1logo repleto de cursos, te guiaremos na jornada \u00e0\u00a0Resid\u00eancia M\u00e9dica\u00a0dos sonhos! Confira os nossos\u00a0cursos e\u00a0<a href=\"https:\/\/www.grupomedcof.com.br\/blog\/presenca-da-medcof-nas-aprovacoes-em-residencia-medica-no-brasil\/\" target=\"_blank\" rel=\"noreferrer noopener\"><strong>seja mais um aprovado<\/strong><\/a>\u00a0nas melhores institui\u00e7\u00f5es do pa\u00eds!<\/p>\n\n\n\n<figure class=\"wp-block-embed is-type-video is-provider-youtube wp-block-embed-youtube wp-embed-aspect-16-9 wp-has-aspect-ratio\"><div class=\"wp-block-embed__wrapper\">\n<div class=\"youtube-embed\" data-video_id=\"R71aVyvNG2A\"><iframe loading=\"lazy\" title=\"RAIO X - R+ Cirurgia SES-PE 2025\" width=\"696\" height=\"392\" src=\"https:\/\/www.youtube.com\/embed\/R71aVyvNG2A?feature=oembed&#038;enablejsapi=1\" frameborder=\"0\" allow=\"accelerometer; autoplay; clipboard-write; encrypted-media; gyroscope; picture-in-picture; web-share\" referrerpolicy=\"strict-origin-when-cross-origin\" allowfullscreen><\/iframe><\/div>\n<\/div><\/figure>\n","protected":false},"excerpt":{"rendered":"<p>A s\u00edndrome de Guillain-Barr\u00e9 se caracteriza por ser uma doen\u00e7a inflamat\u00f3ria e autoimune do sistema nervoso perif\u00e9rico. Entenda!<\/p>\n","protected":false},"author":21,"featured_media":32585,"comment_status":"open","ping_status":"open","sticky":false,"template":"","format":"standard","meta":{"footnotes":""},"categories":[115],"tags":[2389],"ppma_author":[3617],"class_list":{"0":"post-32583","1":"post","2":"type-post","3":"status-publish","4":"format-standard","5":"has-post-thumbnail","7":"category-clinica-medica","8":"tag-guillain-barre"},"yoast_head":"<!-- This site is optimized with the Yoast SEO Premium plugin v24.3 (Yoast SEO v27.4) - https:\/\/yoast.com\/product\/yoast-seo-premium-wordpress\/ -->\n<title>S\u00edndrome de Guillain-Barr\u00e9: Diagn\u00f3stico no Consult\u00f3rio | Medcof<\/title>\n<meta name=\"description\" content=\"A s\u00edndrome de Guillain-Barr\u00e9 se caracteriza por ser uma doen\u00e7a inflamat\u00f3ria e autoimune do sistema nervoso perif\u00e9rico. Entenda!\" \/>\n<meta name=\"robots\" content=\"index, follow, max-snippet:-1, max-image-preview:large, max-video-preview:-1\" \/>\n<link rel=\"canonical\" href=\"https:\/\/www.grupomedcof.com.br\/blog\/reconheca-a-guillain-barre-no-seu-consultorio\/\" \/>\n<meta property=\"og:locale\" content=\"pt_BR\" \/>\n<meta property=\"og:type\" content=\"article\" \/>\n<meta property=\"og:title\" content=\"Reconhe\u00e7a a s\u00edndrome de Guillain-Barr\u00e9 no seu consult\u00f3rio\" \/>\n<meta property=\"og:description\" content=\"A s\u00edndrome de Guillain-Barr\u00e9 se caracteriza por ser uma doen\u00e7a inflamat\u00f3ria e autoimune do sistema nervoso perif\u00e9rico. Entenda!\" \/>\n<meta property=\"og:url\" content=\"https:\/\/www.grupomedcof.com.br\/blog\/reconheca-a-guillain-barre-no-seu-consultorio\/\" \/>\n<meta property=\"og:site_name\" content=\"Blog de Medcof: conte\u00fados, editais, revalida e mais!\" \/>\n<meta property=\"article:publisher\" content=\"https:\/\/www.facebook.com\/MedCofQbank\/\" \/>\n<meta property=\"article:published_time\" content=\"2024-12-18T17:54:57+00:00\" \/>\n<meta property=\"article:modified_time\" content=\"2026-04-24T20:36:57+00:00\" \/>\n<meta property=\"og:image\" content=\"https:\/\/www.grupomedcof.com.br\/blog\/wp-content\/uploads\/2024\/12\/Blog-MedCof-34-1024x576.png\" \/>\n\t<meta property=\"og:image:width\" content=\"1024\" \/>\n\t<meta property=\"og:image:height\" content=\"576\" \/>\n\t<meta property=\"og:image:type\" content=\"image\/png\" \/>\n<meta name=\"author\" content=\"Kiara Adelino\" \/>\n<meta name=\"twitter:card\" content=\"summary_large_image\" \/>\n<meta name=\"twitter:label1\" content=\"Escrito por\" \/>\n\t<meta name=\"twitter:data1\" content=\"Kiara Adelino\" \/>\n\t<meta name=\"twitter:label2\" content=\"Est. tempo de leitura\" \/>\n\t<meta name=\"twitter:data2\" content=\"4 minutos\" \/>\n<script type=\"application\/ld+json\" class=\"yoast-schema-graph\">{\"@context\":\"https:\\\/\\\/schema.org\",\"@graph\":[{\"@type\":\"Article\",\"@id\":\"https:\\\/\\\/www.grupomedcof.com.br\\\/blog\\\/reconheca-a-guillain-barre-no-seu-consultorio\\\/#article\",\"isPartOf\":{\"@id\":\"https:\\\/\\\/www.grupomedcof.com.br\\\/blog\\\/reconheca-a-guillain-barre-no-seu-consultorio\\\/\"},\"author\":{\"name\":\"Kiara Adelino\",\"@id\":\"https:\\\/\\\/www.grupomedcof.com.br\\\/blog\\\/#\\\/schema\\\/person\\\/db19a651f86c5fc202d6eee744fd3292\"},\"headline\":\"Reconhe\u00e7a a s\u00edndrome de Guillain-Barr\u00e9 no seu consult\u00f3rio\",\"datePublished\":\"2024-12-18T17:54:57+00:00\",\"dateModified\":\"2026-04-24T20:36:57+00:00\",\"mainEntityOfPage\":{\"@id\":\"https:\\\/\\\/www.grupomedcof.com.br\\\/blog\\\/reconheca-a-guillain-barre-no-seu-consultorio\\\/\"},\"wordCount\":623,\"commentCount\":0,\"publisher\":{\"@id\":\"https:\\\/\\\/www.grupomedcof.com.br\\\/blog\\\/#organization\"},\"image\":{\"@id\":\"https:\\\/\\\/www.grupomedcof.com.br\\\/blog\\\/reconheca-a-guillain-barre-no-seu-consultorio\\\/#primaryimage\"},\"thumbnailUrl\":\"https:\\\/\\\/www.grupomedcof.com.br\\\/blog\\\/wp-content\\\/uploads\\\/2024\\\/12\\\/Blog-MedCof-34.png\",\"keywords\":[\"Guillain-Barr\u00e9\"],\"articleSection\":[\"Cl\u00ednica M\u00e9dica\"],\"inLanguage\":\"pt-BR\"},{\"@type\":\"WebPage\",\"@id\":\"https:\\\/\\\/www.grupomedcof.com.br\\\/blog\\\/reconheca-a-guillain-barre-no-seu-consultorio\\\/\",\"url\":\"https:\\\/\\\/www.grupomedcof.com.br\\\/blog\\\/reconheca-a-guillain-barre-no-seu-consultorio\\\/\",\"name\":\"S\u00edndrome de Guillain-Barr\u00e9: Diagn\u00f3stico no Consult\u00f3rio | Medcof\",\"isPartOf\":{\"@id\":\"https:\\\/\\\/www.grupomedcof.com.br\\\/blog\\\/#website\"},\"primaryImageOfPage\":{\"@id\":\"https:\\\/\\\/www.grupomedcof.com.br\\\/blog\\\/reconheca-a-guillain-barre-no-seu-consultorio\\\/#primaryimage\"},\"image\":{\"@id\":\"https:\\\/\\\/www.grupomedcof.com.br\\\/blog\\\/reconheca-a-guillain-barre-no-seu-consultorio\\\/#primaryimage\"},\"thumbnailUrl\":\"https:\\\/\\\/www.grupomedcof.com.br\\\/blog\\\/wp-content\\\/uploads\\\/2024\\\/12\\\/Blog-MedCof-34.png\",\"datePublished\":\"2024-12-18T17:54:57+00:00\",\"dateModified\":\"2026-04-24T20:36:57+00:00\",\"description\":\"A s\u00edndrome de Guillain-Barr\u00e9 se caracteriza por ser uma doen\u00e7a inflamat\u00f3ria e autoimune do sistema nervoso perif\u00e9rico. Entenda!\",\"breadcrumb\":{\"@id\":\"https:\\\/\\\/www.grupomedcof.com.br\\\/blog\\\/reconheca-a-guillain-barre-no-seu-consultorio\\\/#breadcrumb\"},\"inLanguage\":\"pt-BR\",\"potentialAction\":[{\"@type\":\"ReadAction\",\"target\":[\"https:\\\/\\\/www.grupomedcof.com.br\\\/blog\\\/reconheca-a-guillain-barre-no-seu-consultorio\\\/\"]}]},{\"@type\":\"ImageObject\",\"inLanguage\":\"pt-BR\",\"@id\":\"https:\\\/\\\/www.grupomedcof.com.br\\\/blog\\\/reconheca-a-guillain-barre-no-seu-consultorio\\\/#primaryimage\",\"url\":\"https:\\\/\\\/www.grupomedcof.com.br\\\/blog\\\/wp-content\\\/uploads\\\/2024\\\/12\\\/Blog-MedCof-34.png\",\"contentUrl\":\"https:\\\/\\\/www.grupomedcof.com.br\\\/blog\\\/wp-content\\\/uploads\\\/2024\\\/12\\\/Blog-MedCof-34.png\",\"width\":2560,\"height\":1440},{\"@type\":\"BreadcrumbList\",\"@id\":\"https:\\\/\\\/www.grupomedcof.com.br\\\/blog\\\/reconheca-a-guillain-barre-no-seu-consultorio\\\/#breadcrumb\",\"itemListElement\":[{\"@type\":\"ListItem\",\"position\":1,\"name\":\"In\u00edcio\",\"item\":\"https:\\\/\\\/www.grupomedcof.com.br\\\/blog\\\/\"},{\"@type\":\"ListItem\",\"position\":2,\"name\":\"Reconhe\u00e7a a s\u00edndrome de Guillain-Barr\u00e9 no seu consult\u00f3rio\"}]},{\"@type\":\"WebSite\",\"@id\":\"https:\\\/\\\/www.grupomedcof.com.br\\\/blog\\\/#website\",\"url\":\"https:\\\/\\\/www.grupomedcof.com.br\\\/blog\\\/\",\"name\":\"Blog de Medcof: conte\u00fados, editais, revalida e mais!\",\"description\":\"Acesso o blog de MedCof! Seu portal de conte\u00fados sobre resid\u00eancia m\u00e9dica, an\u00e1lise e editais e muito mais. Clique e confira!\",\"publisher\":{\"@id\":\"https:\\\/\\\/www.grupomedcof.com.br\\\/blog\\\/#organization\"},\"alternateName\":\"Blog de Medcof: conte\u00fados, editais, revalida e mais!\",\"potentialAction\":[{\"@type\":\"SearchAction\",\"target\":{\"@type\":\"EntryPoint\",\"urlTemplate\":\"https:\\\/\\\/www.grupomedcof.com.br\\\/blog\\\/?s={search_term_string}\"},\"query-input\":{\"@type\":\"PropertyValueSpecification\",\"valueRequired\":true,\"valueName\":\"search_term_string\"}}],\"inLanguage\":\"pt-BR\"},{\"@type\":\"Organization\",\"@id\":\"https:\\\/\\\/www.grupomedcof.com.br\\\/blog\\\/#organization\",\"name\":\"Grupo MedCof\",\"url\":\"https:\\\/\\\/www.grupomedcof.com.br\\\/blog\\\/\",\"logo\":{\"@type\":\"ImageObject\",\"inLanguage\":\"pt-BR\",\"@id\":\"https:\\\/\\\/www.grupomedcof.com.br\\\/blog\\\/#\\\/schema\\\/logo\\\/image\\\/\",\"url\":\"https:\\\/\\\/www.grupomedcof.com.br\\\/blog\\\/wp-content\\\/uploads\\\/2022\\\/01\\\/logo-medcof.png\",\"contentUrl\":\"https:\\\/\\\/www.grupomedcof.com.br\\\/blog\\\/wp-content\\\/uploads\\\/2022\\\/01\\\/logo-medcof.png\",\"width\":768,\"height\":269,\"caption\":\"Grupo MedCof\"},\"image\":{\"@id\":\"https:\\\/\\\/www.grupomedcof.com.br\\\/blog\\\/#\\\/schema\\\/logo\\\/image\\\/\"},\"sameAs\":[\"https:\\\/\\\/www.facebook.com\\\/MedCofQbank\\\/\",\"https:\\\/\\\/www.instagram.com\\\/grupomedcof\\\/\",\"https:\\\/\\\/br.linkedin.com\\\/company\\\/medcof\",\"https:\\\/\\\/www.youtube.com\\\/channel\\\/UCdHMuOHKICxcHwecxN8P-AA\"]},{\"@type\":\"Person\",\"@id\":\"https:\\\/\\\/www.grupomedcof.com.br\\\/blog\\\/#\\\/schema\\\/person\\\/db19a651f86c5fc202d6eee744fd3292\",\"name\":\"Kiara Adelino\",\"image\":{\"@type\":\"ImageObject\",\"inLanguage\":\"pt-BR\",\"@id\":\"https:\\\/\\\/www.grupomedcof.com.br\\\/blog\\\/wp-content\\\/uploads\\\/2024\\\/08\\\/cropped-Kiara-Adelino2-96x96.jpega85663bdda67261f8f06f86e555e1e49\",\"url\":\"https:\\\/\\\/www.grupomedcof.com.br\\\/blog\\\/wp-content\\\/uploads\\\/2024\\\/08\\\/cropped-Kiara-Adelino2-96x96.jpeg\",\"contentUrl\":\"https:\\\/\\\/www.grupomedcof.com.br\\\/blog\\\/wp-content\\\/uploads\\\/2024\\\/08\\\/cropped-Kiara-Adelino2-96x96.jpeg\",\"caption\":\"Kiara Adelino\"},\"description\":\"Estudante do 5\u00b0 semestre de Medicina. Gosto bastante de aprender coisas novas, principalmente na \u00e1rea de Neurologia e Anatomia humana.\",\"url\":\"https:\\\/\\\/www.grupomedcof.com.br\\\/blog\\\/author\\\/kiara-adelino\\\/\"}]}<\/script>\n<!-- \/ Yoast SEO Premium plugin. -->","yoast_head_json":{"title":"S\u00edndrome de Guillain-Barr\u00e9: Diagn\u00f3stico no Consult\u00f3rio | Medcof","description":"A s\u00edndrome de Guillain-Barr\u00e9 se caracteriza por ser uma doen\u00e7a inflamat\u00f3ria e autoimune do sistema nervoso perif\u00e9rico. Entenda!","robots":{"index":"index","follow":"follow","max-snippet":"max-snippet:-1","max-image-preview":"max-image-preview:large","max-video-preview":"max-video-preview:-1"},"canonical":"https:\/\/www.grupomedcof.com.br\/blog\/reconheca-a-guillain-barre-no-seu-consultorio\/","og_locale":"pt_BR","og_type":"article","og_title":"Reconhe\u00e7a a s\u00edndrome de Guillain-Barr\u00e9 no seu consult\u00f3rio","og_description":"A s\u00edndrome de Guillain-Barr\u00e9 se caracteriza por ser uma doen\u00e7a inflamat\u00f3ria e autoimune do sistema nervoso perif\u00e9rico. Entenda!","og_url":"https:\/\/www.grupomedcof.com.br\/blog\/reconheca-a-guillain-barre-no-seu-consultorio\/","og_site_name":"Blog de Medcof: conte\u00fados, editais, revalida e mais!","article_publisher":"https:\/\/www.facebook.com\/MedCofQbank\/","article_published_time":"2024-12-18T17:54:57+00:00","article_modified_time":"2026-04-24T20:36:57+00:00","og_image":[{"width":1024,"height":576,"url":"https:\/\/www.grupomedcof.com.br\/blog\/wp-content\/uploads\/2024\/12\/Blog-MedCof-34-1024x576.png","type":"image\/png"}],"author":"Kiara Adelino","twitter_card":"summary_large_image","twitter_misc":{"Escrito por":"Kiara Adelino","Est. tempo de leitura":"4 minutos"},"schema":{"@context":"https:\/\/schema.org","@graph":[{"@type":"Article","@id":"https:\/\/www.grupomedcof.com.br\/blog\/reconheca-a-guillain-barre-no-seu-consultorio\/#article","isPartOf":{"@id":"https:\/\/www.grupomedcof.com.br\/blog\/reconheca-a-guillain-barre-no-seu-consultorio\/"},"author":{"name":"Kiara Adelino","@id":"https:\/\/www.grupomedcof.com.br\/blog\/#\/schema\/person\/db19a651f86c5fc202d6eee744fd3292"},"headline":"Reconhe\u00e7a a s\u00edndrome de Guillain-Barr\u00e9 no seu consult\u00f3rio","datePublished":"2024-12-18T17:54:57+00:00","dateModified":"2026-04-24T20:36:57+00:00","mainEntityOfPage":{"@id":"https:\/\/www.grupomedcof.com.br\/blog\/reconheca-a-guillain-barre-no-seu-consultorio\/"},"wordCount":623,"commentCount":0,"publisher":{"@id":"https:\/\/www.grupomedcof.com.br\/blog\/#organization"},"image":{"@id":"https:\/\/www.grupomedcof.com.br\/blog\/reconheca-a-guillain-barre-no-seu-consultorio\/#primaryimage"},"thumbnailUrl":"https:\/\/www.grupomedcof.com.br\/blog\/wp-content\/uploads\/2024\/12\/Blog-MedCof-34.png","keywords":["Guillain-Barr\u00e9"],"articleSection":["Cl\u00ednica M\u00e9dica"],"inLanguage":"pt-BR"},{"@type":"WebPage","@id":"https:\/\/www.grupomedcof.com.br\/blog\/reconheca-a-guillain-barre-no-seu-consultorio\/","url":"https:\/\/www.grupomedcof.com.br\/blog\/reconheca-a-guillain-barre-no-seu-consultorio\/","name":"S\u00edndrome de Guillain-Barr\u00e9: Diagn\u00f3stico no Consult\u00f3rio | Medcof","isPartOf":{"@id":"https:\/\/www.grupomedcof.com.br\/blog\/#website"},"primaryImageOfPage":{"@id":"https:\/\/www.grupomedcof.com.br\/blog\/reconheca-a-guillain-barre-no-seu-consultorio\/#primaryimage"},"image":{"@id":"https:\/\/www.grupomedcof.com.br\/blog\/reconheca-a-guillain-barre-no-seu-consultorio\/#primaryimage"},"thumbnailUrl":"https:\/\/www.grupomedcof.com.br\/blog\/wp-content\/uploads\/2024\/12\/Blog-MedCof-34.png","datePublished":"2024-12-18T17:54:57+00:00","dateModified":"2026-04-24T20:36:57+00:00","description":"A s\u00edndrome de Guillain-Barr\u00e9 se caracteriza por ser uma doen\u00e7a inflamat\u00f3ria e autoimune do sistema nervoso perif\u00e9rico. Entenda!","breadcrumb":{"@id":"https:\/\/www.grupomedcof.com.br\/blog\/reconheca-a-guillain-barre-no-seu-consultorio\/#breadcrumb"},"inLanguage":"pt-BR","potentialAction":[{"@type":"ReadAction","target":["https:\/\/www.grupomedcof.com.br\/blog\/reconheca-a-guillain-barre-no-seu-consultorio\/"]}]},{"@type":"ImageObject","inLanguage":"pt-BR","@id":"https:\/\/www.grupomedcof.com.br\/blog\/reconheca-a-guillain-barre-no-seu-consultorio\/#primaryimage","url":"https:\/\/www.grupomedcof.com.br\/blog\/wp-content\/uploads\/2024\/12\/Blog-MedCof-34.png","contentUrl":"https:\/\/www.grupomedcof.com.br\/blog\/wp-content\/uploads\/2024\/12\/Blog-MedCof-34.png","width":2560,"height":1440},{"@type":"BreadcrumbList","@id":"https:\/\/www.grupomedcof.com.br\/blog\/reconheca-a-guillain-barre-no-seu-consultorio\/#breadcrumb","itemListElement":[{"@type":"ListItem","position":1,"name":"In\u00edcio","item":"https:\/\/www.grupomedcof.com.br\/blog\/"},{"@type":"ListItem","position":2,"name":"Reconhe\u00e7a a s\u00edndrome de Guillain-Barr\u00e9 no seu consult\u00f3rio"}]},{"@type":"WebSite","@id":"https:\/\/www.grupomedcof.com.br\/blog\/#website","url":"https:\/\/www.grupomedcof.com.br\/blog\/","name":"Blog de Medcof: conte\u00fados, editais, revalida e mais!","description":"Acesso o blog de MedCof! Seu portal de conte\u00fados sobre resid\u00eancia m\u00e9dica, an\u00e1lise e editais e muito mais. Clique e confira!","publisher":{"@id":"https:\/\/www.grupomedcof.com.br\/blog\/#organization"},"alternateName":"Blog de Medcof: conte\u00fados, editais, revalida e mais!","potentialAction":[{"@type":"SearchAction","target":{"@type":"EntryPoint","urlTemplate":"https:\/\/www.grupomedcof.com.br\/blog\/?s={search_term_string}"},"query-input":{"@type":"PropertyValueSpecification","valueRequired":true,"valueName":"search_term_string"}}],"inLanguage":"pt-BR"},{"@type":"Organization","@id":"https:\/\/www.grupomedcof.com.br\/blog\/#organization","name":"Grupo MedCof","url":"https:\/\/www.grupomedcof.com.br\/blog\/","logo":{"@type":"ImageObject","inLanguage":"pt-BR","@id":"https:\/\/www.grupomedcof.com.br\/blog\/#\/schema\/logo\/image\/","url":"https:\/\/www.grupomedcof.com.br\/blog\/wp-content\/uploads\/2022\/01\/logo-medcof.png","contentUrl":"https:\/\/www.grupomedcof.com.br\/blog\/wp-content\/uploads\/2022\/01\/logo-medcof.png","width":768,"height":269,"caption":"Grupo MedCof"},"image":{"@id":"https:\/\/www.grupomedcof.com.br\/blog\/#\/schema\/logo\/image\/"},"sameAs":["https:\/\/www.facebook.com\/MedCofQbank\/","https:\/\/www.instagram.com\/grupomedcof\/","https:\/\/br.linkedin.com\/company\/medcof","https:\/\/www.youtube.com\/channel\/UCdHMuOHKICxcHwecxN8P-AA"]},{"@type":"Person","@id":"https:\/\/www.grupomedcof.com.br\/blog\/#\/schema\/person\/db19a651f86c5fc202d6eee744fd3292","name":"Kiara Adelino","image":{"@type":"ImageObject","inLanguage":"pt-BR","@id":"https:\/\/www.grupomedcof.com.br\/blog\/wp-content\/uploads\/2024\/08\/cropped-Kiara-Adelino2-96x96.jpega85663bdda67261f8f06f86e555e1e49","url":"https:\/\/www.grupomedcof.com.br\/blog\/wp-content\/uploads\/2024\/08\/cropped-Kiara-Adelino2-96x96.jpeg","contentUrl":"https:\/\/www.grupomedcof.com.br\/blog\/wp-content\/uploads\/2024\/08\/cropped-Kiara-Adelino2-96x96.jpeg","caption":"Kiara Adelino"},"description":"Estudante do 5\u00b0 semestre de Medicina. Gosto bastante de aprender coisas novas, principalmente na \u00e1rea de Neurologia e Anatomia humana.","url":"https:\/\/www.grupomedcof.com.br\/blog\/author\/kiara-adelino\/"}]}},"authors":[{"term_id":3617,"user_id":21,"is_guest":0,"slug":"kiara-adelino","display_name":"Kiara Adelino","avatar_url":"https:\/\/www.grupomedcof.com.br\/blog\/wp-content\/uploads\/2024\/08\/cropped-Kiara-Adelino2-96x96.jpeg","0":null,"1":"","2":"","3":"","4":"","5":"","6":"","7":"","8":""}],"_links":{"self":[{"href":"https:\/\/www.grupomedcof.com.br\/blog\/wp-json\/wp\/v2\/posts\/32583","targetHints":{"allow":["GET"]}}],"collection":[{"href":"https:\/\/www.grupomedcof.com.br\/blog\/wp-json\/wp\/v2\/posts"}],"about":[{"href":"https:\/\/www.grupomedcof.com.br\/blog\/wp-json\/wp\/v2\/types\/post"}],"author":[{"embeddable":true,"href":"https:\/\/www.grupomedcof.com.br\/blog\/wp-json\/wp\/v2\/users\/21"}],"replies":[{"embeddable":true,"href":"https:\/\/www.grupomedcof.com.br\/blog\/wp-json\/wp\/v2\/comments?post=32583"}],"version-history":[{"count":1,"href":"https:\/\/www.grupomedcof.com.br\/blog\/wp-json\/wp\/v2\/posts\/32583\/revisions"}],"predecessor-version":[{"id":43520,"href":"https:\/\/www.grupomedcof.com.br\/blog\/wp-json\/wp\/v2\/posts\/32583\/revisions\/43520"}],"wp:featuredmedia":[{"embeddable":true,"href":"https:\/\/www.grupomedcof.com.br\/blog\/wp-json\/wp\/v2\/media\/32585"}],"wp:attachment":[{"href":"https:\/\/www.grupomedcof.com.br\/blog\/wp-json\/wp\/v2\/media?parent=32583"}],"wp:term":[{"taxonomy":"category","embeddable":true,"href":"https:\/\/www.grupomedcof.com.br\/blog\/wp-json\/wp\/v2\/categories?post=32583"},{"taxonomy":"post_tag","embeddable":true,"href":"https:\/\/www.grupomedcof.com.br\/blog\/wp-json\/wp\/v2\/tags?post=32583"},{"taxonomy":"author","embeddable":true,"href":"https:\/\/www.grupomedcof.com.br\/blog\/wp-json\/wp\/v2\/ppma_author?post=32583"}],"curies":[{"name":"wp","href":"https:\/\/api.w.org\/{rel}","templated":true}]}}