{"id":32625,"date":"2024-12-21T15:17:52","date_gmt":"2024-12-21T18:17:52","guid":{"rendered":"https:\/\/www.grupomedcof.com.br\/blog\/?p=32625"},"modified":"2024-12-23T15:06:38","modified_gmt":"2024-12-23T18:06:38","slug":"saude-do-trabalhador-e-trauma-abdominal-contuso-detalhes-que-podem-cair-na-sua-prova-de-residencia","status":"publish","type":"post","link":"https:\/\/www.grupomedcof.com.br\/blog\/saude-do-trabalhador-e-trauma-abdominal-contuso-detalhes-que-podem-cair-na-sua-prova-de-residencia\/","title":{"rendered":"Sa\u00fade do trabalhador e trauma abdominal contuso: detalhes que podem cair na sua prova de resid\u00eancia"},"content":{"rendered":"<div id=\"ez-toc-container\" class=\"ez-toc-v2_0_74 counter-hierarchy ez-toc-counter ez-toc-transparent ez-toc-container-direction\">\n<div class=\"ez-toc-title-container\">\n<p class=\"ez-toc-title\" style=\"cursor:inherit\">Sum\u00e1rio<\/p>\n<span class=\"ez-toc-title-toggle\"><a href=\"#\" class=\"ez-toc-pull-right ez-toc-btn ez-toc-btn-xs ez-toc-btn-default ez-toc-toggle\" aria-label=\"Alternar tabela de conte\u00fado\"><span class=\"ez-toc-js-icon-con\"><span class=\"\"><span class=\"eztoc-hide\" style=\"display:none;\">Toggle<\/span><span class=\"ez-toc-icon-toggle-span\"><svg style=\"fill: #999;color:#999\" xmlns=\"http:\/\/www.w3.org\/2000\/svg\" class=\"list-377408\" width=\"20px\" height=\"20px\" viewBox=\"0 0 24 24\" fill=\"none\"><path d=\"M6 6H4v2h2V6zm14 0H8v2h12V6zM4 11h2v2H4v-2zm16 0H8v2h12v-2zM4 16h2v2H4v-2zm16 0H8v2h12v-2z\" fill=\"currentColor\"><\/path><\/svg><svg style=\"fill: #999;color:#999\" class=\"arrow-unsorted-368013\" xmlns=\"http:\/\/www.w3.org\/2000\/svg\" width=\"10px\" height=\"10px\" viewBox=\"0 0 24 24\" version=\"1.2\" baseProfile=\"tiny\"><path d=\"M18.2 9.3l-6.2-6.3-6.2 6.3c-.2.2-.3.4-.3.7s.1.5.3.7c.2.2.4.3.7.3h11c.3 0 .5-.1.7-.3.2-.2.3-.5.3-.7s-.1-.5-.3-.7zM5.8 14.7l6.2 6.3 6.2-6.3c.2-.2.3-.5.3-.7s-.1-.5-.3-.7c-.2-.2-.4-.3-.7-.3h-11c-.3 0-.5.1-.7.3-.2.2-.3.5-.3.7s.1.5.3.7z\"\/><\/svg><\/span><\/span><\/span><\/a><\/span><\/div>\n<nav><ul class='ez-toc-list ez-toc-list-level-1 ' ><li class='ez-toc-page-1 ez-toc-heading-level-2'><a class=\"ez-toc-link ez-toc-heading-1\" href=\"https:\/\/www.grupomedcof.com.br\/blog\/saude-do-trabalhador-e-trauma-abdominal-contuso-detalhes-que-podem-cair-na-sua-prova-de-residencia\/#Compreendendo_o_Trauma_Abdominal_Contuso\" >Compreendendo o Trauma Abdominal Contuso<\/a><\/li><li class='ez-toc-page-1 ez-toc-heading-level-2'><a class=\"ez-toc-link ez-toc-heading-2\" href=\"https:\/\/www.grupomedcof.com.br\/blog\/saude-do-trabalhador-e-trauma-abdominal-contuso-detalhes-que-podem-cair-na-sua-prova-de-residencia\/#Saude_do_Trabalhador_e_Prevencao_de_Traumas\" >Sa\u00fade do Trabalhador e Preven\u00e7\u00e3o de Traumas<\/a><\/li><li class='ez-toc-page-1 ez-toc-heading-level-2'><a class=\"ez-toc-link ez-toc-heading-3\" href=\"https:\/\/www.grupomedcof.com.br\/blog\/saude-do-trabalhador-e-trauma-abdominal-contuso-detalhes-que-podem-cair-na-sua-prova-de-residencia\/#Abordagem_Multidisciplinar_e_Gestao_de_Casos\" >Abordagem Multidisciplinar e Gest\u00e3o de Casos<\/a><\/li><li class='ez-toc-page-1 ez-toc-heading-level-2'><a class=\"ez-toc-link ez-toc-heading-4\" href=\"https:\/\/www.grupomedcof.com.br\/blog\/saude-do-trabalhador-e-trauma-abdominal-contuso-detalhes-que-podem-cair-na-sua-prova-de-residencia\/#O_metodo_que_te_aprova\" >O m\u00e9todo que te aprova!<\/a><\/li><\/ul><\/nav><\/div>\n\n<figure class=\"wp-block-image size-large\"><img loading=\"lazy\" decoding=\"async\" width=\"1024\" height=\"576\" src=\"https:\/\/www.grupomedcof.com.br\/blog\/wp-content\/uploads\/2024\/12\/Blog-MedCof-35-1024x576.jpg\" alt=\"\" class=\"wp-image-32628\" srcset=\"https:\/\/www.grupomedcof.com.br\/blog\/wp-content\/uploads\/2024\/12\/Blog-MedCof-35-1024x576.jpg 1024w, https:\/\/www.grupomedcof.com.br\/blog\/wp-content\/uploads\/2024\/12\/Blog-MedCof-35-300x169.jpg 300w, https:\/\/www.grupomedcof.com.br\/blog\/wp-content\/uploads\/2024\/12\/Blog-MedCof-35-768x432.jpg 768w, https:\/\/www.grupomedcof.com.br\/blog\/wp-content\/uploads\/2024\/12\/Blog-MedCof-35-1536x864.jpg 1536w, https:\/\/www.grupomedcof.com.br\/blog\/wp-content\/uploads\/2024\/12\/Blog-MedCof-35-2048x1152.jpg 2048w, https:\/\/www.grupomedcof.com.br\/blog\/wp-content\/uploads\/2024\/12\/Blog-MedCof-35-747x420.jpg 747w, https:\/\/www.grupomedcof.com.br\/blog\/wp-content\/uploads\/2024\/12\/Blog-MedCof-35-150x84.jpg 150w, https:\/\/www.grupomedcof.com.br\/blog\/wp-content\/uploads\/2024\/12\/Blog-MedCof-35-696x392.jpg 696w, https:\/\/www.grupomedcof.com.br\/blog\/wp-content\/uploads\/2024\/12\/Blog-MedCof-35-1068x601.jpg 1068w, https:\/\/www.grupomedcof.com.br\/blog\/wp-content\/uploads\/2024\/12\/Blog-MedCof-35-1920x1080.jpg 1920w\" sizes=\"auto, (max-width: 1024px) 100vw, 1024px\" \/><\/figure>\n\n\n\n<p>Quando falamos de resid\u00eancia m\u00e9dica em Cirurgia, um dos t\u00f3picos que merecem especial aten\u00e7\u00e3o \u00e9 o <strong>trauma abdominal contuso,<\/strong> particularmente no contexto da sa\u00fade do trabalhador. Por isso, o MedCof preparou um super resumo com os principais aspectos desse tema, oferecendo insights valiosos para as provas de Resid\u00eancia M\u00e9dica.<\/p>\n\n\n\n<h2 class=\"wp-block-heading\" id=\"h-compreendendo-o-trauma-abdominal-contuso\"><span class=\"ez-toc-section\" id=\"Compreendendo_o_Trauma_Abdominal_Contuso\"><\/span><strong>Compreendendo o Trauma Abdominal Contuso<\/strong><span class=\"ez-toc-section-end\"><\/span><\/h2>\n\n\n\n<p>O trauma abdominal contuso \u00e9 uma condi\u00e7\u00e3o comum que pode resultar de acidentes de trabalho, especialmente em setores que envolvem riscos f\u00edsicos significativos. A identifica\u00e7\u00e3o e o manejo adequados desse tipo de trauma s\u00e3o essenciais para minimizar complica\u00e7\u00f5es e melhorar os resultados para os pacientes.<\/p>\n\n\n\n<figure class=\"wp-block-image\"><img decoding=\"async\" src=\"https:\/\/lh7-rt.googleusercontent.com\/docsz\/AD_4nXcPIIYpbY-bzPRRg0oWF0651qCJmXGw7PDiLV8l_iupbzNyco6tygE9yWBS9ib6984e0nNmvLgsBIFqw_koiNwGrMLQfBha7dij_BIcQstyKeCIn9LlIsdcPEYtWkzMdRL9nfQe7A?key=04GPeOVdXbq7emVbKsTDyuYu\" alt=\"\"\/><figcaption class=\"wp-element-caption\">Fonte: <a href=\"https:\/\/pin.it\/4bI4Cm1zp\">https:\/\/pin.it\/4bI4Cm1zp<\/a><\/figcaption><\/figure>\n\n\n\n<ul class=\"wp-block-list\">\n<li><strong>Diagn\u00f3stico e Avalia\u00e7\u00e3o Inicial:<\/strong> O diagn\u00f3stico de trauma abdominal contuso pode ser desafiador devido \u00e0 natureza muitas vezes silenciosa e insidiosa da les\u00e3o. Exames f\u00edsicos detalhados s\u00e3o fundamentais, mas podem ser limitados pela presen\u00e7a de outros traumas ou pela condi\u00e7\u00e3o cl\u00ednica do paciente. A utiliza\u00e7\u00e3o de exames de imagem, como a tomografia computadorizada (TC), \u00e9 recomendada principalmente em pacientes est\u00e1veis, permitindo uma avalia\u00e7\u00e3o mais precisa de les\u00f5es internas.<\/li>\n<\/ul>\n\n\n\n<ul class=\"wp-block-list\">\n<li><strong>Indica\u00e7\u00f5es para Interven\u00e7\u00e3o Cir\u00fargica:<\/strong> A decis\u00e3o de realizar uma laparotomia em casos de trauma abdominal contuso deve ser baseada em crit\u00e9rios claros. Indica\u00e7\u00f5es absolutas incluem instabilidade hemodin\u00e2mica e peritonite persistente. Outras indica\u00e7\u00f5es, como pneumoperit\u00f4nio ou sinais de hemorragia interna, devem ser avaliadas no contexto cl\u00ednico espec\u00edfico de cada paciente.<br><\/li>\n<\/ul>\n\n\n\n<ul class=\"wp-block-list\">\n<li><strong>FAST (Focused Assessment with Sonography for Trauma):<\/strong> O exame FAST \u00e9 uma ferramenta valiosa no ambiente de emerg\u00eancia para a r\u00e1pida identifica\u00e7\u00e3o de fluidos livres na cavidade abdominal. No entanto, \u00e9 importante reconhecer suas limita\u00e7\u00f5es, como a possibilidade de resultados falso-negativos, especialmente em les\u00f5es de retroperit\u00f4nio.<\/li>\n<\/ul>\n\n\n\n<h2 class=\"wp-block-heading\" id=\"h-saude-do-trabalhador-e-prevencao-de-traumas\"><span class=\"ez-toc-section\" id=\"Saude_do_Trabalhador_e_Prevencao_de_Traumas\"><\/span><strong>Sa\u00fade do Trabalhador e Preven\u00e7\u00e3o de Traumas<\/strong><span class=\"ez-toc-section-end\"><\/span><\/h2>\n\n\n\n<p>No contexto da sa\u00fade do trabalhador, a preven\u00e7\u00e3o de traumas abdominais \u00e9 de extrema import\u00e2ncia. A implementa\u00e7\u00e3o de medidas de seguran\u00e7a no local de trabalho pode reduzir significativamente a incid\u00eancia de tais les\u00f5es.<\/p>\n\n\n\n<p>Os profissionais de sa\u00fade, incluindo equipes de Sa\u00fade da Fam\u00edlia, t\u00eam um papel crucial na identifica\u00e7\u00e3o de riscos ocupacionais e na promo\u00e7\u00e3o de ambientes de trabalho seguros. Isso inclui a conscientiza\u00e7\u00e3o sobre o uso de equipamentos de prote\u00e7\u00e3o individual (EPIs) e a promo\u00e7\u00e3o de pr\u00e1ticas de trabalho seguras.<\/p>\n\n\n\n<figure class=\"wp-block-image\"><img decoding=\"async\" src=\"https:\/\/lh7-rt.googleusercontent.com\/docsz\/AD_4nXeiG3nkh3hD-oL3DlNNiGeFcVXQ5bnYNhmwz3A8ZvOLHyzQsoaLfHC9qIbte722Jk8-Xbs4W-c-yd_3ayPOvLMC-dgzT2SLTpNaeoc7fsqXlJ-jdMLVO0CxHS4opPAPf9DECUPcOA?key=04GPeOVdXbq7emVbKsTDyuYu\" alt=\"\"\/><figcaption class=\"wp-element-caption\">FONTE: <a href=\"https:\/\/pin.it\/3dnWz1qVm\">https:\/\/pin.it\/3dnWz1qVm<\/a><\/figcaption><\/figure>\n\n\n\n<ul class=\"wp-block-list\">\n<li><strong>Trabalho Precoce e Sa\u00fade do Trabalhador:<\/strong> \u00c9 essencial que os profissionais de sa\u00fade estejam atentos a casos de trabalho precoce, especialmente em crian\u00e7as e adolescentes. A identifica\u00e7\u00e3o e o registro de trabalho infantil s\u00e3o fundamentais para garantir a prote\u00e7\u00e3o e o desenvolvimento saud\u00e1vel desses jovens.<\/li>\n<\/ul>\n\n\n\n<h2 class=\"wp-block-heading\" id=\"h-abordagem-multidisciplinar-e-gestao-de-casos\"><span class=\"ez-toc-section\" id=\"Abordagem_Multidisciplinar_e_Gestao_de_Casos\"><\/span><strong>Abordagem Multidisciplinar e Gest\u00e3o de Casos<\/strong><span class=\"ez-toc-section-end\"><\/span><\/h2>\n\n\n\n<p>O manejo eficaz de traumas abdominais contusos e a promo\u00e7\u00e3o da sa\u00fade do trabalhador requerem uma abordagem multidisciplinar. A colabora\u00e7\u00e3o entre diferentes profissionais de sa\u00fade \u00e9 essencial para fornecer um cuidado abrangente e eficaz.<\/p>\n\n\n\n<ul class=\"wp-block-list\">\n<li><strong>Colabora\u00e7\u00e3o Interdisciplinar:<\/strong> M\u00e9dicos, enfermeiros, assistentes sociais e outros profissionais de sa\u00fade devem trabalhar juntos para desenvolver planos de cuidado que atendam \u00e0s necessidades individuais dos pacientes. Isso inclui a coordena\u00e7\u00e3o de cuidados p\u00f3s-operat\u00f3rios e a reabilita\u00e7\u00e3o, quando necess\u00e1rio.<br><\/li>\n<\/ul>\n\n\n\n<ul class=\"wp-block-list\">\n<li><strong>Educa\u00e7\u00e3o e Treinamento Cont\u00ednuos:<\/strong> A atualiza\u00e7\u00e3o cont\u00ednua sobre as melhores pr\u00e1ticas e diretrizes no manejo de traumas e sa\u00fade do trabalhador \u00e9 crucial. Participar de treinamentos e workshops pode aprimorar as habilidades cl\u00ednicas e o conhecimento dos residentes, preparando-os melhor para enfrentar desafios na pr\u00e1tica cl\u00ednica.<\/li>\n<\/ul>\n\n\n\n<h2 class=\"wp-block-heading\" id=\"o-m\u00e9todo-que-te-aprova\"><span class=\"ez-toc-section\" id=\"O_metodo_que_te_aprova\"><\/span><strong>O m\u00e9todo que te aprova!<\/strong><span class=\"ez-toc-section-end\"><\/span><\/h2>\n\n\n\n<p>Quer alcan\u00e7ar a aprova\u00e7\u00e3o nas provas de resid\u00eancia m\u00e9dica? Ent\u00e3o seja um&nbsp;<a href=\"https:\/\/www.grupomedcof.com.br\/home\/\" target=\"_blank\" rel=\"noreferrer noopener\">MedCoffer<\/a>! Aqui te ajudaremos na busca da aprova\u00e7\u00e3o com conte\u00fados de qualidade e uma&nbsp;<a href=\"https:\/\/www.grupomedcof.com.br\/blog\/presenca-da-medcof-nas-aprovacoes-em-residencia-medica-no-brasil\/\" target=\"_blank\" rel=\"noreferrer noopener\">metodologia que j\u00e1 aprovou mais de 10 mil residentes no pa\u00eds!&nbsp;<\/a>Por fim, acesse o nosso<a href=\"https:\/\/www.youtube.com\/@GrupoMedcof\/featured\" target=\"_blank\" rel=\"noreferrer noopener\">&nbsp;<strong>canal do youtube&nbsp;<\/strong><\/a>para ver o nosso material.<\/p>\n\n\n\n<figure class=\"wp-block-embed is-type-video is-provider-youtube wp-block-embed-youtube wp-embed-aspect-16-9 wp-has-aspect-ratio\"><div class=\"wp-block-embed__wrapper\">\n<div class=\"youtube-embed\" data-video_id=\"Hk0KDAYH7wM\"><iframe loading=\"lazy\" title=\"Les\u00f5es na Pelve: Tudo que Voc\u00ea Precisa Saber sobre o Trauma. Com Dr. Henrique Lunardelli\" width=\"696\" height=\"392\" src=\"https:\/\/www.youtube.com\/embed\/Hk0KDAYH7wM?feature=oembed&#038;enablejsapi=1\" frameborder=\"0\" allow=\"accelerometer; autoplay; clipboard-write; encrypted-media; gyroscope; picture-in-picture; web-share\" referrerpolicy=\"strict-origin-when-cross-origin\" allowfullscreen><\/iframe><\/div>\n<\/div><\/figure>\n","protected":false},"excerpt":{"rendered":"<p>Quando falamos de resid\u00eancia m\u00e9dica em Cirurgia, um dos t\u00f3picos que merecem especial aten\u00e7\u00e3o \u00e9 o trauma abdominal contuso. Veja pontos principais!<\/p>\n","protected":false},"author":21,"featured_media":32628,"comment_status":"open","ping_status":"open","sticky":false,"template":"","format":"standard","meta":{"footnotes":""},"categories":[135],"tags":[2398,2399],"ppma_author":[3617],"class_list":{"0":"post-32625","1":"post","2":"type-post","3":"status-publish","4":"format-standard","5":"has-post-thumbnail","7":"category-cirurgia-geral","8":"tag-saude-do-trabalhador","9":"tag-traumas"},"yoast_head":"<!-- This site is optimized with the Yoast SEO Premium plugin v24.3 (Yoast SEO v27.4) - https:\/\/yoast.com\/product\/yoast-seo-premium-wordpress\/ -->\n<title>Sa\u00fade do trabalhador e trauma abdominal contuso<\/title>\n<meta name=\"description\" content=\"Quando falamos de resid\u00eancia m\u00e9dica em Cirurgia, um dos t\u00f3picos que merecem especial aten\u00e7\u00e3o \u00e9 o trauma abdominal contuso. Veja pontos principais!\" \/>\n<meta name=\"robots\" content=\"index, follow, max-snippet:-1, max-image-preview:large, max-video-preview:-1\" \/>\n<link rel=\"canonical\" href=\"https:\/\/www.grupomedcof.com.br\/blog\/saude-do-trabalhador-e-trauma-abdominal-contuso-detalhes-que-podem-cair-na-sua-prova-de-residencia\/\" \/>\n<meta property=\"og:locale\" content=\"pt_BR\" \/>\n<meta property=\"og:type\" content=\"article\" \/>\n<meta property=\"og:title\" content=\"Sa\u00fade do trabalhador e trauma abdominal contuso: detalhes que podem cair na sua prova de resid\u00eancia\" \/>\n<meta property=\"og:description\" content=\"Quando falamos de resid\u00eancia m\u00e9dica em Cirurgia, um dos t\u00f3picos que merecem especial aten\u00e7\u00e3o \u00e9 o trauma abdominal contuso. Veja pontos principais!\" \/>\n<meta property=\"og:url\" content=\"https:\/\/www.grupomedcof.com.br\/blog\/saude-do-trabalhador-e-trauma-abdominal-contuso-detalhes-que-podem-cair-na-sua-prova-de-residencia\/\" \/>\n<meta property=\"og:site_name\" content=\"Blog de Medcof: conte\u00fados, editais, revalida e mais!\" \/>\n<meta property=\"article:publisher\" content=\"https:\/\/www.facebook.com\/MedCofQbank\/\" \/>\n<meta property=\"article:published_time\" content=\"2024-12-21T18:17:52+00:00\" \/>\n<meta property=\"article:modified_time\" content=\"2024-12-23T18:06:38+00:00\" \/>\n<meta property=\"og:image\" content=\"https:\/\/www.grupomedcof.com.br\/blog\/wp-content\/uploads\/2024\/12\/Blog-MedCof-35-scaled.jpg\" \/>\n\t<meta property=\"og:image:width\" content=\"2560\" \/>\n\t<meta property=\"og:image:height\" content=\"1440\" \/>\n\t<meta property=\"og:image:type\" content=\"image\/jpeg\" \/>\n<meta name=\"author\" content=\"Kiara Adelino\" \/>\n<meta name=\"twitter:card\" content=\"summary_large_image\" \/>\n<meta name=\"twitter:label1\" content=\"Escrito por\" \/>\n\t<meta name=\"twitter:data1\" content=\"Kiara Adelino\" \/>\n\t<meta name=\"twitter:label2\" content=\"Est. tempo de leitura\" \/>\n\t<meta name=\"twitter:data2\" content=\"4 minutos\" \/>\n<script type=\"application\/ld+json\" class=\"yoast-schema-graph\">{\"@context\":\"https:\\\/\\\/schema.org\",\"@graph\":[{\"@type\":\"Article\",\"@id\":\"https:\\\/\\\/www.grupomedcof.com.br\\\/blog\\\/saude-do-trabalhador-e-trauma-abdominal-contuso-detalhes-que-podem-cair-na-sua-prova-de-residencia\\\/#article\",\"isPartOf\":{\"@id\":\"https:\\\/\\\/www.grupomedcof.com.br\\\/blog\\\/saude-do-trabalhador-e-trauma-abdominal-contuso-detalhes-que-podem-cair-na-sua-prova-de-residencia\\\/\"},\"author\":{\"name\":\"Kiara Adelino\",\"@id\":\"https:\\\/\\\/www.grupomedcof.com.br\\\/blog\\\/#\\\/schema\\\/person\\\/db19a651f86c5fc202d6eee744fd3292\"},\"headline\":\"Sa\u00fade do trabalhador e trauma abdominal contuso: detalhes que podem cair na sua prova de resid\u00eancia\",\"datePublished\":\"2024-12-21T18:17:52+00:00\",\"dateModified\":\"2024-12-23T18:06:38+00:00\",\"mainEntityOfPage\":{\"@id\":\"https:\\\/\\\/www.grupomedcof.com.br\\\/blog\\\/saude-do-trabalhador-e-trauma-abdominal-contuso-detalhes-que-podem-cair-na-sua-prova-de-residencia\\\/\"},\"wordCount\":707,\"commentCount\":0,\"publisher\":{\"@id\":\"https:\\\/\\\/www.grupomedcof.com.br\\\/blog\\\/#organization\"},\"image\":{\"@id\":\"https:\\\/\\\/www.grupomedcof.com.br\\\/blog\\\/saude-do-trabalhador-e-trauma-abdominal-contuso-detalhes-que-podem-cair-na-sua-prova-de-residencia\\\/#primaryimage\"},\"thumbnailUrl\":\"https:\\\/\\\/www.grupomedcof.com.br\\\/blog\\\/wp-content\\\/uploads\\\/2024\\\/12\\\/Blog-MedCof-35-scaled.jpg\",\"keywords\":[\"Sa\u00fade do Trabalhador\",\"Traumas\"],\"articleSection\":[\"Cirurgia Geral\"],\"inLanguage\":\"pt-BR\"},{\"@type\":\"WebPage\",\"@id\":\"https:\\\/\\\/www.grupomedcof.com.br\\\/blog\\\/saude-do-trabalhador-e-trauma-abdominal-contuso-detalhes-que-podem-cair-na-sua-prova-de-residencia\\\/\",\"url\":\"https:\\\/\\\/www.grupomedcof.com.br\\\/blog\\\/saude-do-trabalhador-e-trauma-abdominal-contuso-detalhes-que-podem-cair-na-sua-prova-de-residencia\\\/\",\"name\":\"Sa\u00fade do trabalhador e trauma abdominal contuso\",\"isPartOf\":{\"@id\":\"https:\\\/\\\/www.grupomedcof.com.br\\\/blog\\\/#website\"},\"primaryImageOfPage\":{\"@id\":\"https:\\\/\\\/www.grupomedcof.com.br\\\/blog\\\/saude-do-trabalhador-e-trauma-abdominal-contuso-detalhes-que-podem-cair-na-sua-prova-de-residencia\\\/#primaryimage\"},\"image\":{\"@id\":\"https:\\\/\\\/www.grupomedcof.com.br\\\/blog\\\/saude-do-trabalhador-e-trauma-abdominal-contuso-detalhes-que-podem-cair-na-sua-prova-de-residencia\\\/#primaryimage\"},\"thumbnailUrl\":\"https:\\\/\\\/www.grupomedcof.com.br\\\/blog\\\/wp-content\\\/uploads\\\/2024\\\/12\\\/Blog-MedCof-35-scaled.jpg\",\"datePublished\":\"2024-12-21T18:17:52+00:00\",\"dateModified\":\"2024-12-23T18:06:38+00:00\",\"description\":\"Quando falamos de resid\u00eancia m\u00e9dica em Cirurgia, um dos t\u00f3picos que merecem especial aten\u00e7\u00e3o \u00e9 o trauma abdominal contuso. Veja pontos principais!\",\"breadcrumb\":{\"@id\":\"https:\\\/\\\/www.grupomedcof.com.br\\\/blog\\\/saude-do-trabalhador-e-trauma-abdominal-contuso-detalhes-que-podem-cair-na-sua-prova-de-residencia\\\/#breadcrumb\"},\"inLanguage\":\"pt-BR\",\"potentialAction\":[{\"@type\":\"ReadAction\",\"target\":[\"https:\\\/\\\/www.grupomedcof.com.br\\\/blog\\\/saude-do-trabalhador-e-trauma-abdominal-contuso-detalhes-que-podem-cair-na-sua-prova-de-residencia\\\/\"]}]},{\"@type\":\"ImageObject\",\"inLanguage\":\"pt-BR\",\"@id\":\"https:\\\/\\\/www.grupomedcof.com.br\\\/blog\\\/saude-do-trabalhador-e-trauma-abdominal-contuso-detalhes-que-podem-cair-na-sua-prova-de-residencia\\\/#primaryimage\",\"url\":\"https:\\\/\\\/www.grupomedcof.com.br\\\/blog\\\/wp-content\\\/uploads\\\/2024\\\/12\\\/Blog-MedCof-35-scaled.jpg\",\"contentUrl\":\"https:\\\/\\\/www.grupomedcof.com.br\\\/blog\\\/wp-content\\\/uploads\\\/2024\\\/12\\\/Blog-MedCof-35-scaled.jpg\",\"width\":2560,\"height\":1440},{\"@type\":\"BreadcrumbList\",\"@id\":\"https:\\\/\\\/www.grupomedcof.com.br\\\/blog\\\/saude-do-trabalhador-e-trauma-abdominal-contuso-detalhes-que-podem-cair-na-sua-prova-de-residencia\\\/#breadcrumb\",\"itemListElement\":[{\"@type\":\"ListItem\",\"position\":1,\"name\":\"In\u00edcio\",\"item\":\"https:\\\/\\\/www.grupomedcof.com.br\\\/blog\\\/\"},{\"@type\":\"ListItem\",\"position\":2,\"name\":\"Sa\u00fade do trabalhador e trauma abdominal contuso: detalhes que podem cair na sua prova de resid\u00eancia\"}]},{\"@type\":\"WebSite\",\"@id\":\"https:\\\/\\\/www.grupomedcof.com.br\\\/blog\\\/#website\",\"url\":\"https:\\\/\\\/www.grupomedcof.com.br\\\/blog\\\/\",\"name\":\"Blog de Medcof: conte\u00fados, editais, revalida e mais!\",\"description\":\"Acesso o blog de MedCof! Seu portal de conte\u00fados sobre resid\u00eancia m\u00e9dica, an\u00e1lise e editais e muito mais. Clique e confira!\",\"publisher\":{\"@id\":\"https:\\\/\\\/www.grupomedcof.com.br\\\/blog\\\/#organization\"},\"alternateName\":\"Blog de Medcof: conte\u00fados, editais, revalida e mais!\",\"potentialAction\":[{\"@type\":\"SearchAction\",\"target\":{\"@type\":\"EntryPoint\",\"urlTemplate\":\"https:\\\/\\\/www.grupomedcof.com.br\\\/blog\\\/?s={search_term_string}\"},\"query-input\":{\"@type\":\"PropertyValueSpecification\",\"valueRequired\":true,\"valueName\":\"search_term_string\"}}],\"inLanguage\":\"pt-BR\"},{\"@type\":\"Organization\",\"@id\":\"https:\\\/\\\/www.grupomedcof.com.br\\\/blog\\\/#organization\",\"name\":\"Grupo MedCof\",\"url\":\"https:\\\/\\\/www.grupomedcof.com.br\\\/blog\\\/\",\"logo\":{\"@type\":\"ImageObject\",\"inLanguage\":\"pt-BR\",\"@id\":\"https:\\\/\\\/www.grupomedcof.com.br\\\/blog\\\/#\\\/schema\\\/logo\\\/image\\\/\",\"url\":\"https:\\\/\\\/www.grupomedcof.com.br\\\/blog\\\/wp-content\\\/uploads\\\/2022\\\/01\\\/logo-medcof.png\",\"contentUrl\":\"https:\\\/\\\/www.grupomedcof.com.br\\\/blog\\\/wp-content\\\/uploads\\\/2022\\\/01\\\/logo-medcof.png\",\"width\":768,\"height\":269,\"caption\":\"Grupo MedCof\"},\"image\":{\"@id\":\"https:\\\/\\\/www.grupomedcof.com.br\\\/blog\\\/#\\\/schema\\\/logo\\\/image\\\/\"},\"sameAs\":[\"https:\\\/\\\/www.facebook.com\\\/MedCofQbank\\\/\",\"https:\\\/\\\/www.instagram.com\\\/grupomedcof\\\/\",\"https:\\\/\\\/br.linkedin.com\\\/company\\\/medcof\",\"https:\\\/\\\/www.youtube.com\\\/channel\\\/UCdHMuOHKICxcHwecxN8P-AA\"]},{\"@type\":\"Person\",\"@id\":\"https:\\\/\\\/www.grupomedcof.com.br\\\/blog\\\/#\\\/schema\\\/person\\\/db19a651f86c5fc202d6eee744fd3292\",\"name\":\"Kiara Adelino\",\"image\":{\"@type\":\"ImageObject\",\"inLanguage\":\"pt-BR\",\"@id\":\"https:\\\/\\\/www.grupomedcof.com.br\\\/blog\\\/wp-content\\\/uploads\\\/2024\\\/08\\\/cropped-Kiara-Adelino2-96x96.jpega85663bdda67261f8f06f86e555e1e49\",\"url\":\"https:\\\/\\\/www.grupomedcof.com.br\\\/blog\\\/wp-content\\\/uploads\\\/2024\\\/08\\\/cropped-Kiara-Adelino2-96x96.jpeg\",\"contentUrl\":\"https:\\\/\\\/www.grupomedcof.com.br\\\/blog\\\/wp-content\\\/uploads\\\/2024\\\/08\\\/cropped-Kiara-Adelino2-96x96.jpeg\",\"caption\":\"Kiara Adelino\"},\"description\":\"Estudante do 5\u00b0 semestre de Medicina. Gosto bastante de aprender coisas novas, principalmente na \u00e1rea de Neurologia e Anatomia humana.\",\"url\":\"https:\\\/\\\/www.grupomedcof.com.br\\\/blog\\\/author\\\/kiara-adelino\\\/\"}]}<\/script>\n<!-- \/ Yoast SEO Premium plugin. -->","yoast_head_json":{"title":"Sa\u00fade do trabalhador e trauma abdominal contuso","description":"Quando falamos de resid\u00eancia m\u00e9dica em Cirurgia, um dos t\u00f3picos que merecem especial aten\u00e7\u00e3o \u00e9 o trauma abdominal contuso. Veja pontos principais!","robots":{"index":"index","follow":"follow","max-snippet":"max-snippet:-1","max-image-preview":"max-image-preview:large","max-video-preview":"max-video-preview:-1"},"canonical":"https:\/\/www.grupomedcof.com.br\/blog\/saude-do-trabalhador-e-trauma-abdominal-contuso-detalhes-que-podem-cair-na-sua-prova-de-residencia\/","og_locale":"pt_BR","og_type":"article","og_title":"Sa\u00fade do trabalhador e trauma abdominal contuso: detalhes que podem cair na sua prova de resid\u00eancia","og_description":"Quando falamos de resid\u00eancia m\u00e9dica em Cirurgia, um dos t\u00f3picos que merecem especial aten\u00e7\u00e3o \u00e9 o trauma abdominal contuso. Veja pontos principais!","og_url":"https:\/\/www.grupomedcof.com.br\/blog\/saude-do-trabalhador-e-trauma-abdominal-contuso-detalhes-que-podem-cair-na-sua-prova-de-residencia\/","og_site_name":"Blog de Medcof: conte\u00fados, editais, revalida e mais!","article_publisher":"https:\/\/www.facebook.com\/MedCofQbank\/","article_published_time":"2024-12-21T18:17:52+00:00","article_modified_time":"2024-12-23T18:06:38+00:00","og_image":[{"width":2560,"height":1440,"url":"https:\/\/www.grupomedcof.com.br\/blog\/wp-content\/uploads\/2024\/12\/Blog-MedCof-35-scaled.jpg","type":"image\/jpeg"}],"author":"Kiara Adelino","twitter_card":"summary_large_image","twitter_misc":{"Escrito por":"Kiara Adelino","Est. tempo de leitura":"4 minutos"},"schema":{"@context":"https:\/\/schema.org","@graph":[{"@type":"Article","@id":"https:\/\/www.grupomedcof.com.br\/blog\/saude-do-trabalhador-e-trauma-abdominal-contuso-detalhes-que-podem-cair-na-sua-prova-de-residencia\/#article","isPartOf":{"@id":"https:\/\/www.grupomedcof.com.br\/blog\/saude-do-trabalhador-e-trauma-abdominal-contuso-detalhes-que-podem-cair-na-sua-prova-de-residencia\/"},"author":{"name":"Kiara Adelino","@id":"https:\/\/www.grupomedcof.com.br\/blog\/#\/schema\/person\/db19a651f86c5fc202d6eee744fd3292"},"headline":"Sa\u00fade do trabalhador e trauma abdominal contuso: detalhes que podem cair na sua prova de resid\u00eancia","datePublished":"2024-12-21T18:17:52+00:00","dateModified":"2024-12-23T18:06:38+00:00","mainEntityOfPage":{"@id":"https:\/\/www.grupomedcof.com.br\/blog\/saude-do-trabalhador-e-trauma-abdominal-contuso-detalhes-que-podem-cair-na-sua-prova-de-residencia\/"},"wordCount":707,"commentCount":0,"publisher":{"@id":"https:\/\/www.grupomedcof.com.br\/blog\/#organization"},"image":{"@id":"https:\/\/www.grupomedcof.com.br\/blog\/saude-do-trabalhador-e-trauma-abdominal-contuso-detalhes-que-podem-cair-na-sua-prova-de-residencia\/#primaryimage"},"thumbnailUrl":"https:\/\/www.grupomedcof.com.br\/blog\/wp-content\/uploads\/2024\/12\/Blog-MedCof-35-scaled.jpg","keywords":["Sa\u00fade do Trabalhador","Traumas"],"articleSection":["Cirurgia Geral"],"inLanguage":"pt-BR"},{"@type":"WebPage","@id":"https:\/\/www.grupomedcof.com.br\/blog\/saude-do-trabalhador-e-trauma-abdominal-contuso-detalhes-que-podem-cair-na-sua-prova-de-residencia\/","url":"https:\/\/www.grupomedcof.com.br\/blog\/saude-do-trabalhador-e-trauma-abdominal-contuso-detalhes-que-podem-cair-na-sua-prova-de-residencia\/","name":"Sa\u00fade do trabalhador e trauma abdominal contuso","isPartOf":{"@id":"https:\/\/www.grupomedcof.com.br\/blog\/#website"},"primaryImageOfPage":{"@id":"https:\/\/www.grupomedcof.com.br\/blog\/saude-do-trabalhador-e-trauma-abdominal-contuso-detalhes-que-podem-cair-na-sua-prova-de-residencia\/#primaryimage"},"image":{"@id":"https:\/\/www.grupomedcof.com.br\/blog\/saude-do-trabalhador-e-trauma-abdominal-contuso-detalhes-que-podem-cair-na-sua-prova-de-residencia\/#primaryimage"},"thumbnailUrl":"https:\/\/www.grupomedcof.com.br\/blog\/wp-content\/uploads\/2024\/12\/Blog-MedCof-35-scaled.jpg","datePublished":"2024-12-21T18:17:52+00:00","dateModified":"2024-12-23T18:06:38+00:00","description":"Quando falamos de resid\u00eancia m\u00e9dica em Cirurgia, um dos t\u00f3picos que merecem especial aten\u00e7\u00e3o \u00e9 o trauma abdominal contuso. Veja pontos principais!","breadcrumb":{"@id":"https:\/\/www.grupomedcof.com.br\/blog\/saude-do-trabalhador-e-trauma-abdominal-contuso-detalhes-que-podem-cair-na-sua-prova-de-residencia\/#breadcrumb"},"inLanguage":"pt-BR","potentialAction":[{"@type":"ReadAction","target":["https:\/\/www.grupomedcof.com.br\/blog\/saude-do-trabalhador-e-trauma-abdominal-contuso-detalhes-que-podem-cair-na-sua-prova-de-residencia\/"]}]},{"@type":"ImageObject","inLanguage":"pt-BR","@id":"https:\/\/www.grupomedcof.com.br\/blog\/saude-do-trabalhador-e-trauma-abdominal-contuso-detalhes-que-podem-cair-na-sua-prova-de-residencia\/#primaryimage","url":"https:\/\/www.grupomedcof.com.br\/blog\/wp-content\/uploads\/2024\/12\/Blog-MedCof-35-scaled.jpg","contentUrl":"https:\/\/www.grupomedcof.com.br\/blog\/wp-content\/uploads\/2024\/12\/Blog-MedCof-35-scaled.jpg","width":2560,"height":1440},{"@type":"BreadcrumbList","@id":"https:\/\/www.grupomedcof.com.br\/blog\/saude-do-trabalhador-e-trauma-abdominal-contuso-detalhes-que-podem-cair-na-sua-prova-de-residencia\/#breadcrumb","itemListElement":[{"@type":"ListItem","position":1,"name":"In\u00edcio","item":"https:\/\/www.grupomedcof.com.br\/blog\/"},{"@type":"ListItem","position":2,"name":"Sa\u00fade do trabalhador e trauma abdominal contuso: detalhes que podem cair na sua prova de resid\u00eancia"}]},{"@type":"WebSite","@id":"https:\/\/www.grupomedcof.com.br\/blog\/#website","url":"https:\/\/www.grupomedcof.com.br\/blog\/","name":"Blog de Medcof: conte\u00fados, editais, revalida e mais!","description":"Acesso o blog de MedCof! Seu portal de conte\u00fados sobre resid\u00eancia m\u00e9dica, an\u00e1lise e editais e muito mais. Clique e confira!","publisher":{"@id":"https:\/\/www.grupomedcof.com.br\/blog\/#organization"},"alternateName":"Blog de Medcof: conte\u00fados, editais, revalida e mais!","potentialAction":[{"@type":"SearchAction","target":{"@type":"EntryPoint","urlTemplate":"https:\/\/www.grupomedcof.com.br\/blog\/?s={search_term_string}"},"query-input":{"@type":"PropertyValueSpecification","valueRequired":true,"valueName":"search_term_string"}}],"inLanguage":"pt-BR"},{"@type":"Organization","@id":"https:\/\/www.grupomedcof.com.br\/blog\/#organization","name":"Grupo MedCof","url":"https:\/\/www.grupomedcof.com.br\/blog\/","logo":{"@type":"ImageObject","inLanguage":"pt-BR","@id":"https:\/\/www.grupomedcof.com.br\/blog\/#\/schema\/logo\/image\/","url":"https:\/\/www.grupomedcof.com.br\/blog\/wp-content\/uploads\/2022\/01\/logo-medcof.png","contentUrl":"https:\/\/www.grupomedcof.com.br\/blog\/wp-content\/uploads\/2022\/01\/logo-medcof.png","width":768,"height":269,"caption":"Grupo MedCof"},"image":{"@id":"https:\/\/www.grupomedcof.com.br\/blog\/#\/schema\/logo\/image\/"},"sameAs":["https:\/\/www.facebook.com\/MedCofQbank\/","https:\/\/www.instagram.com\/grupomedcof\/","https:\/\/br.linkedin.com\/company\/medcof","https:\/\/www.youtube.com\/channel\/UCdHMuOHKICxcHwecxN8P-AA"]},{"@type":"Person","@id":"https:\/\/www.grupomedcof.com.br\/blog\/#\/schema\/person\/db19a651f86c5fc202d6eee744fd3292","name":"Kiara Adelino","image":{"@type":"ImageObject","inLanguage":"pt-BR","@id":"https:\/\/www.grupomedcof.com.br\/blog\/wp-content\/uploads\/2024\/08\/cropped-Kiara-Adelino2-96x96.jpega85663bdda67261f8f06f86e555e1e49","url":"https:\/\/www.grupomedcof.com.br\/blog\/wp-content\/uploads\/2024\/08\/cropped-Kiara-Adelino2-96x96.jpeg","contentUrl":"https:\/\/www.grupomedcof.com.br\/blog\/wp-content\/uploads\/2024\/08\/cropped-Kiara-Adelino2-96x96.jpeg","caption":"Kiara Adelino"},"description":"Estudante do 5\u00b0 semestre de Medicina. Gosto bastante de aprender coisas novas, principalmente na \u00e1rea de Neurologia e Anatomia humana.","url":"https:\/\/www.grupomedcof.com.br\/blog\/author\/kiara-adelino\/"}]}},"authors":[{"term_id":3617,"user_id":21,"is_guest":0,"slug":"kiara-adelino","display_name":"Kiara Adelino","avatar_url":"https:\/\/www.grupomedcof.com.br\/blog\/wp-content\/uploads\/2024\/08\/cropped-Kiara-Adelino2-96x96.jpeg","0":null,"1":"","2":"","3":"","4":"","5":"","6":"","7":"","8":""}],"_links":{"self":[{"href":"https:\/\/www.grupomedcof.com.br\/blog\/wp-json\/wp\/v2\/posts\/32625","targetHints":{"allow":["GET"]}}],"collection":[{"href":"https:\/\/www.grupomedcof.com.br\/blog\/wp-json\/wp\/v2\/posts"}],"about":[{"href":"https:\/\/www.grupomedcof.com.br\/blog\/wp-json\/wp\/v2\/types\/post"}],"author":[{"embeddable":true,"href":"https:\/\/www.grupomedcof.com.br\/blog\/wp-json\/wp\/v2\/users\/21"}],"replies":[{"embeddable":true,"href":"https:\/\/www.grupomedcof.com.br\/blog\/wp-json\/wp\/v2\/comments?post=32625"}],"version-history":[{"count":0,"href":"https:\/\/www.grupomedcof.com.br\/blog\/wp-json\/wp\/v2\/posts\/32625\/revisions"}],"wp:featuredmedia":[{"embeddable":true,"href":"https:\/\/www.grupomedcof.com.br\/blog\/wp-json\/wp\/v2\/media\/32628"}],"wp:attachment":[{"href":"https:\/\/www.grupomedcof.com.br\/blog\/wp-json\/wp\/v2\/media?parent=32625"}],"wp:term":[{"taxonomy":"category","embeddable":true,"href":"https:\/\/www.grupomedcof.com.br\/blog\/wp-json\/wp\/v2\/categories?post=32625"},{"taxonomy":"post_tag","embeddable":true,"href":"https:\/\/www.grupomedcof.com.br\/blog\/wp-json\/wp\/v2\/tags?post=32625"},{"taxonomy":"author","embeddable":true,"href":"https:\/\/www.grupomedcof.com.br\/blog\/wp-json\/wp\/v2\/ppma_author?post=32625"}],"curies":[{"name":"wp","href":"https:\/\/api.w.org\/{rel}","templated":true}]}}