{"id":32699,"date":"2024-12-23T13:29:08","date_gmt":"2024-12-23T16:29:08","guid":{"rendered":"https:\/\/www.grupomedcof.com.br\/blog\/?p=32699"},"modified":"2024-12-23T13:29:09","modified_gmt":"2024-12-23T16:29:09","slug":"revalida-inep-aprovacao-passa-a-ser-obrigatoria-para-revalidacao-de-diplomas","status":"publish","type":"post","link":"https:\/\/www.grupomedcof.com.br\/blog\/revalida-inep-aprovacao-passa-a-ser-obrigatoria-para-revalidacao-de-diplomas\/","title":{"rendered":"Revalida Inep: Aprova\u00e7\u00e3o passa a ser obrigat\u00f3ria para Revalida\u00e7\u00e3o de Diplomas"},"content":{"rendered":"<div id=\"ez-toc-container\" class=\"ez-toc-v2_0_74 counter-hierarchy ez-toc-counter ez-toc-transparent ez-toc-container-direction\">\n<div class=\"ez-toc-title-container\">\n<p class=\"ez-toc-title\" style=\"cursor:inherit\">Sum\u00e1rio<\/p>\n<span class=\"ez-toc-title-toggle\"><a href=\"#\" class=\"ez-toc-pull-right ez-toc-btn ez-toc-btn-xs ez-toc-btn-default ez-toc-toggle\" aria-label=\"Alternar tabela de conte\u00fado\"><span class=\"ez-toc-js-icon-con\"><span class=\"\"><span class=\"eztoc-hide\" style=\"display:none;\">Toggle<\/span><span class=\"ez-toc-icon-toggle-span\"><svg style=\"fill: #999;color:#999\" xmlns=\"http:\/\/www.w3.org\/2000\/svg\" class=\"list-377408\" width=\"20px\" height=\"20px\" viewBox=\"0 0 24 24\" fill=\"none\"><path d=\"M6 6H4v2h2V6zm14 0H8v2h12V6zM4 11h2v2H4v-2zm16 0H8v2h12v-2zM4 16h2v2H4v-2zm16 0H8v2h12v-2z\" fill=\"currentColor\"><\/path><\/svg><svg style=\"fill: #999;color:#999\" class=\"arrow-unsorted-368013\" xmlns=\"http:\/\/www.w3.org\/2000\/svg\" width=\"10px\" height=\"10px\" viewBox=\"0 0 24 24\" version=\"1.2\" baseProfile=\"tiny\"><path d=\"M18.2 9.3l-6.2-6.3-6.2 6.3c-.2.2-.3.4-.3.7s.1.5.3.7c.2.2.4.3.7.3h11c.3 0 .5-.1.7-.3.2-.2.3-.5.3-.7s-.1-.5-.3-.7zM5.8 14.7l6.2 6.3 6.2-6.3c.2-.2.3-.5.3-.7s-.1-.5-.3-.7c-.2-.2-.4-.3-.7-.3h-11c-.3 0-.5.1-.7.3-.2.2-.3.5-.3.7s.1.5.3.7z\"\/><\/svg><\/span><\/span><\/span><\/a><\/span><\/div>\n<nav><ul class='ez-toc-list ez-toc-list-level-1 ' ><li class='ez-toc-page-1 ez-toc-heading-level-2'><a class=\"ez-toc-link ez-toc-heading-1\" href=\"https:\/\/www.grupomedcof.com.br\/blog\/revalida-inep-aprovacao-passa-a-ser-obrigatoria-para-revalidacao-de-diplomas\/#Resolucao_CNECES_No_2_e_o_fim_da_modalidade_simplificada\" >Resolu\u00e7\u00e3o CNE\/CES N\u00ba 2 e o fim da modalidade simplificada<\/a><\/li><li class='ez-toc-page-1 ez-toc-heading-level-2'><a class=\"ez-toc-link ez-toc-heading-2\" href=\"https:\/\/www.grupomedcof.com.br\/blog\/revalida-inep-aprovacao-passa-a-ser-obrigatoria-para-revalidacao-de-diplomas\/#Mudanca_nas_inscricoes\" >Mudan\u00e7a nas inscri\u00e7\u00f5es<\/a><\/li><li class='ez-toc-page-1 ez-toc-heading-level-2'><a class=\"ez-toc-link ez-toc-heading-3\" href=\"https:\/\/www.grupomedcof.com.br\/blog\/revalida-inep-aprovacao-passa-a-ser-obrigatoria-para-revalidacao-de-diplomas\/#Como_funciona_o_Revalida\" >Como funciona o Revalida?<\/a><\/li><li class='ez-toc-page-1 ez-toc-heading-level-2'><a class=\"ez-toc-link ez-toc-heading-4\" href=\"https:\/\/www.grupomedcof.com.br\/blog\/revalida-inep-aprovacao-passa-a-ser-obrigatoria-para-revalidacao-de-diplomas\/#O_metodo_que_te_aprova\" >O m\u00e9todo que te aprova!<\/a><\/li><\/ul><\/nav><\/div>\n\n<figure class=\"wp-block-image size-large\"><img loading=\"lazy\" decoding=\"async\" width=\"1024\" height=\"576\" src=\"https:\/\/www.grupomedcof.com.br\/blog\/wp-content\/uploads\/2024\/12\/Modelo-instituicoes-52-1024x576.jpg\" alt=\"\" class=\"wp-image-32704\" srcset=\"https:\/\/www.grupomedcof.com.br\/blog\/wp-content\/uploads\/2024\/12\/Modelo-instituicoes-52-1024x576.jpg 1024w, https:\/\/www.grupomedcof.com.br\/blog\/wp-content\/uploads\/2024\/12\/Modelo-instituicoes-52-300x169.jpg 300w, https:\/\/www.grupomedcof.com.br\/blog\/wp-content\/uploads\/2024\/12\/Modelo-instituicoes-52-768x432.jpg 768w, https:\/\/www.grupomedcof.com.br\/blog\/wp-content\/uploads\/2024\/12\/Modelo-instituicoes-52-1536x864.jpg 1536w, https:\/\/www.grupomedcof.com.br\/blog\/wp-content\/uploads\/2024\/12\/Modelo-instituicoes-52-2048x1152.jpg 2048w, https:\/\/www.grupomedcof.com.br\/blog\/wp-content\/uploads\/2024\/12\/Modelo-instituicoes-52-747x420.jpg 747w, https:\/\/www.grupomedcof.com.br\/blog\/wp-content\/uploads\/2024\/12\/Modelo-instituicoes-52-150x84.jpg 150w, https:\/\/www.grupomedcof.com.br\/blog\/wp-content\/uploads\/2024\/12\/Modelo-instituicoes-52-696x392.jpg 696w, https:\/\/www.grupomedcof.com.br\/blog\/wp-content\/uploads\/2024\/12\/Modelo-instituicoes-52-1068x601.jpg 1068w, https:\/\/www.grupomedcof.com.br\/blog\/wp-content\/uploads\/2024\/12\/Modelo-instituicoes-52-1920x1080.jpg 1920w\" sizes=\"auto, (max-width: 1024px) 100vw, 1024px\" \/><\/figure>\n\n\n\n<p>Uma nova resolu\u00e7\u00e3o foi publicada pelo Conselho Nacional de Educa\u00e7\u00e3o (CNE), atrav\u00e9s do Di\u00e1rio Oficial da Uni\u00e3o. O documento traz a<strong>\u00a0exig\u00eancia de aprova\u00e7\u00e3o no Revalida como \u00fanica forma de revalida\u00e7\u00e3o do diploma no Brasil<\/strong>, bem como os novos\u00a0<strong>procedimentos pr\u00e9vios junto \u00e0s universidades p\u00fablicas revalidadoras<\/strong>\u00a0a fim de que o candidato receba uma<strong>\u00a0carta de habilita\u00e7\u00e3o para se inscrever no Revalida<\/strong>. Confira!<\/p>\n\n\n\n<h2 class=\"wp-block-heading\" id=\"h-resolucao-cne-ces-n\u00ba-2-e-o-fim-da-modalidade-simplificada\"><span class=\"ez-toc-section\" id=\"Resolucao_CNECES_No_2_e_o_fim_da_modalidade_simplificada\"><\/span><strong>Resolu\u00e7\u00e3o CNE\/CES N\u00ba 2<\/strong> <strong>e o fim da modalidade simplificada<\/strong><span class=\"ez-toc-section-end\"><\/span><\/h2>\n\n\n\n<p>Conforme mencionado, a resolu\u00e7\u00e3o exige a <strong>aprova\u00e7\u00e3o no exame do Revalida como \u00fanica forma de validar os diplomas <\/strong>de pessoas estrangeiras no Brasil, al\u00e9m de determinar <strong>novos procedimentos<\/strong> pr\u00e9vios para o candidato receber uma <strong>carta de habilita\u00e7\u00e3o<\/strong> para inscrever-se no Revalida.<\/p>\n\n\n\n<p>Ap\u00f3s essa publica\u00e7\u00e3o, elimina-se a possibilidade de revalida\u00e7\u00e3o simplificada, sendo obrigat\u00f3ria a aprova\u00e7\u00e3o no <strong>Exame Nacional de Revalida\u00e7\u00e3o de Diplomas M\u00e9dicos Expedidos por Institui\u00e7\u00f5es de Educa\u00e7\u00e3o Superior Estrangeira (Revalida)\u00a0<\/strong>para atuar em territ\u00f3rio brasileiro como m\u00e9dicos. Confira a seguir o documento oficial:<\/p>\n\n\n\n<div data-wp-interactive=\"core\/file\" class=\"wp-block-file\"><object data-wp-bind--hidden=\"!state.hasPdfPreview\" hidden class=\"wp-block-file__embed\" data=\"https:\/\/www.grupomedcof.com.br\/blog\/wp-content\/uploads\/2024\/12\/RESOLUCAO-CNE_CES-No-2-DE-19-DE-DEZEMBRO-DE-2024-RESOLUCAO-CNE_CES-No-2-DE-19-DE-DEZEMBRO-DE-2024-DOU-Imprensa-Nacional.pdf\" type=\"application\/pdf\" style=\"width:100%;height:600px\" aria-label=\"Incorporado de RESOLUCAO-CNE_CES-No-2-DE-19-DE-DEZEMBRO-DE-2024-RESOLUCAO-CNE_CES-No-2-DE-19-DE-DEZEMBRO-DE-2024-DOU-Imprensa-Nacional.\"><\/object><a id=\"wp-block-file--media-a7dead31-e48a-4908-ab13-8210e0802ca1\" href=\"https:\/\/www.grupomedcof.com.br\/blog\/wp-content\/uploads\/2024\/12\/RESOLUCAO-CNE_CES-No-2-DE-19-DE-DEZEMBRO-DE-2024-RESOLUCAO-CNE_CES-No-2-DE-19-DE-DEZEMBRO-DE-2024-DOU-Imprensa-Nacional.pdf\">RESOLUCAO-CNE_CES-No-2-DE-19-DE-DEZEMBRO-DE-2024-RESOLUCAO-CNE_CES-No-2-DE-19-DE-DEZEMBRO-DE-2024-DOU-Imprensa-Nacional<\/a><a href=\"https:\/\/www.grupomedcof.com.br\/blog\/wp-content\/uploads\/2024\/12\/RESOLUCAO-CNE_CES-No-2-DE-19-DE-DEZEMBRO-DE-2024-RESOLUCAO-CNE_CES-No-2-DE-19-DE-DEZEMBRO-DE-2024-DOU-Imprensa-Nacional.pdf\" class=\"wp-block-file__button wp-element-button\" download aria-describedby=\"wp-block-file--media-a7dead31-e48a-4908-ab13-8210e0802ca1\">Baixar<\/a><\/div>\n\n\n\n<h2 class=\"wp-block-heading\" id=\"h-mudanca-nas-inscricoes\"><span class=\"ez-toc-section\" id=\"Mudanca_nas_inscricoes\"><\/span><strong>Mudan\u00e7a nas inscri\u00e7\u00f5es<\/strong><span class=\"ez-toc-section-end\"><\/span><\/h2>\n\n\n\n<p>Conforme a resolu\u00e7\u00e3o, os candidatos ter\u00e3o que iniciar o processo de revalida\u00e7\u00e3o apresentando a documenta\u00e7\u00e3o em uma\u00a0<strong>universidade p\u00fablica brasileira que possua curso de Medicina reconhecido<\/strong>.\u00a0De acordo com o artigo 12 da resolu\u00e7\u00e3o, de in\u00edcio, os participantes dever\u00e3o protocolar os<strong>\u00a0seguintes documentos:<\/strong><\/p>\n\n\n\n<ol class=\"wp-block-list\">\n<li>Documentos de identifica\u00e7\u00e3o pessoal;<\/li>\n\n\n\n<li>C\u00f3pia do diploma estrangeiro, devidamente registrado pela institui\u00e7\u00e3o de origem e em conformidade com a legisla\u00e7\u00e3o local;<\/li>\n\n\n\n<li>Outros documentos que possam ser exigidos pela universidade p\u00fablica revalidadora.<\/li>\n<\/ol>\n\n\n\n<p>Assim, ap\u00f3s a aprova\u00e7\u00e3o no exame, a universidade ter\u00e1 at\u00e9 60 dias para finalizar o processo de revalida\u00e7\u00e3o. Vale ressaltar que a tramita\u00e7\u00e3o do procedimento depender\u00e1 da capacidade de atendimento informada pela institui\u00e7\u00e3o.<\/p>\n\n\n\n<figure class=\"wp-block-image size-large\"><a href=\"https:\/\/www.grupomedcof.com.br\/cofletters\/\"><img loading=\"lazy\" decoding=\"async\" width=\"1024\" height=\"366\" src=\"https:\/\/www.grupomedcof.com.br\/blog\/wp-content\/uploads\/2024\/10\/Capa-Eventos-MedCof-Plus-1-1024x366.png\" alt=\"\" class=\"wp-image-30896\" srcset=\"https:\/\/www.grupomedcof.com.br\/blog\/wp-content\/uploads\/2024\/10\/Capa-Eventos-MedCof-Plus-1-1024x366.png 1024w, https:\/\/www.grupomedcof.com.br\/blog\/wp-content\/uploads\/2024\/10\/Capa-Eventos-MedCof-Plus-1-300x107.png 300w, https:\/\/www.grupomedcof.com.br\/blog\/wp-content\/uploads\/2024\/10\/Capa-Eventos-MedCof-Plus-1-768x275.png 768w, https:\/\/www.grupomedcof.com.br\/blog\/wp-content\/uploads\/2024\/10\/Capa-Eventos-MedCof-Plus-1-1536x549.png 1536w, https:\/\/www.grupomedcof.com.br\/blog\/wp-content\/uploads\/2024\/10\/Capa-Eventos-MedCof-Plus-1-2048x732.png 2048w, https:\/\/www.grupomedcof.com.br\/blog\/wp-content\/uploads\/2024\/10\/Capa-Eventos-MedCof-Plus-1-1175x420.png 1175w, https:\/\/www.grupomedcof.com.br\/blog\/wp-content\/uploads\/2024\/10\/Capa-Eventos-MedCof-Plus-1-150x54.png 150w, https:\/\/www.grupomedcof.com.br\/blog\/wp-content\/uploads\/2024\/10\/Capa-Eventos-MedCof-Plus-1-696x249.png 696w, https:\/\/www.grupomedcof.com.br\/blog\/wp-content\/uploads\/2024\/10\/Capa-Eventos-MedCof-Plus-1-1068x382.png 1068w, https:\/\/www.grupomedcof.com.br\/blog\/wp-content\/uploads\/2024\/10\/Capa-Eventos-MedCof-Plus-1-1920x686.png 1920w\" sizes=\"auto, (max-width: 1024px) 100vw, 1024px\" \/><\/a><\/figure>\n\n\n\n<h2 class=\"wp-block-heading\" id=\"h-como-funciona-o-revalida\"><span class=\"ez-toc-section\" id=\"Como_funciona_o_Revalida\"><\/span><strong>Como funciona o Revalida?<\/strong><span class=\"ez-toc-section-end\"><\/span><\/h2>\n\n\n\n<p>Para participar do processo, os profissionais formados em medicina em institui\u00e7\u00f5es de educa\u00e7\u00e3o superior estrangeiras devem atender aos seguintes requisitos:&nbsp;<\/p>\n\n\n\n<ul class=\"wp-block-list\">\n<li>Ser brasileiro(a) ou estrangeiro em situa\u00e7\u00e3o legal de resid\u00eancia no Brasil;<\/li>\n\n\n\n<li>Ter registro no Cadastro de Pessoas F\u00edsicas (CPF) emitido pela Receita Federal do Brasil;<\/li>\n\n\n\n<li>Ser portador de diploma m\u00e9dico expedido por institui\u00e7\u00e3o de ensino superior estrangeira, reconhecida no pa\u00eds de origem pelo seu minist\u00e9rio da educa\u00e7\u00e3o ou \u00f3rg\u00e3o equivalente, autenticado pela autoridade consular brasileira;<\/li>\n\n\n\n<li>Enviar imagem do curr\u00edculo frente e verso no momento da inscri\u00e7\u00e3o.<\/li>\n<\/ul>\n\n\n\n<p>Desse modo, o processo seletivo ocorre duas vezes ao ano e divide-se em duas etapas: a prova escrita e a prova de habilidades cl\u00ednicas. O exame \u00e9 fundamentado na demonstra\u00e7\u00e3o de conhecimentos, habilidades e compet\u00eancias necess\u00e1rias ao exerc\u00edcio da medicina. Confira <a href=\"https:\/\/www.grupomedcof.com.br\/blog\/revalida-saiba-tudo-sobre-a-revalidacao-da-residencia-medica\/\" target=\"_blank\" rel=\"noreferrer noopener\">aqui<\/a> como funciona todo o processo!<\/p>\n\n\n\n<h2 class=\"wp-block-heading\" id=\"o-m\u00e9todo-que-te-aprova\"><span class=\"ez-toc-section\" id=\"O_metodo_que_te_aprova\"><\/span><strong>O m\u00e9todo que te aprova!<\/strong><span class=\"ez-toc-section-end\"><\/span><\/h2>\n\n\n\n<p>Quer alcan\u00e7ar a aprova\u00e7\u00e3o nas provas de resid\u00eancia m\u00e9dica? Ent\u00e3o seja um&nbsp;<a href=\"https:\/\/www.grupomedcof.com.br\/home\/\" target=\"_blank\" rel=\"noreferrer noopener\"><strong>MedCoffer<\/strong><\/a>! Aqui, te ajudaremos na busca da aprova\u00e7\u00e3o com conte\u00fados de qualidade e uma&nbsp;<a href=\"https:\/\/www.grupomedcof.com.br\/blog\/presenca-da-medcof-nas-aprovacoes-em-residencia-medica-no-brasil\/\" target=\"_blank\" rel=\"noreferrer noopener\"><strong>metodologia que j\u00e1 aprovou mais de 10 mil residentes no pa\u00eds<\/strong><\/a>! Por fim, acesse o nosso<a href=\"https:\/\/www.youtube.com\/@GrupoMedcof\/featured\" target=\"_blank\" rel=\"noreferrer noopener\">&nbsp;<strong>canal do youtube&nbsp;<\/strong><\/a>para ver o nosso material.<\/p>\n\n\n\n<figure class=\"wp-block-embed is-type-video is-provider-youtube wp-block-embed-youtube wp-embed-aspect-16-9 wp-has-aspect-ratio\"><div class=\"wp-block-embed__wrapper\">\n<div class=\"youtube-embed\" data-video_id=\"mCbhRjAS3EY\"><iframe loading=\"lazy\" title=\"Resenha de Prova - Revalida 24.2 (Prova Pr\u00e1tica)\" width=\"696\" height=\"392\" src=\"https:\/\/www.youtube.com\/embed\/mCbhRjAS3EY?feature=oembed&#038;enablejsapi=1\" frameborder=\"0\" allow=\"accelerometer; autoplay; clipboard-write; encrypted-media; gyroscope; picture-in-picture; web-share\" referrerpolicy=\"strict-origin-when-cross-origin\" allowfullscreen><\/iframe><\/div>\n<\/div><\/figure>\n","protected":false},"excerpt":{"rendered":"<p>Veja a nova resolu\u00e7\u00e3o publicada no Di\u00e1rio Oficial da Uni\u00e3o que obriga a aprova\u00e7\u00e3o no exame de revalida\u00e7\u00e3o de diplomas!<\/p>\n","protected":false},"author":20,"featured_media":32704,"comment_status":"open","ping_status":"open","sticky":false,"template":"","format":"standard","meta":{"footnotes":""},"categories":[221],"tags":[2237,2404,809,1434,138],"ppma_author":[3616],"class_list":{"0":"post-32699","1":"post","2":"type-post","3":"status-publish","4":"format-standard","5":"has-post-thumbnail","7":"category-revalida","8":"tag-resolucao","9":"tag-resolucao-cne-ces-no-2","10":"tag-revalida","11":"tag-revalida-inep","12":"tag-revalidacao-de-diploma"},"yoast_head":"<!-- This site is optimized with the Yoast SEO Premium plugin v24.3 (Yoast SEO v27.4) - https:\/\/yoast.com\/product\/yoast-seo-premium-wordpress\/ -->\n<title>Aprova\u00e7\u00e3o passa a ser obrigat\u00f3ria para Revalida\u00e7\u00e3o de Diplomas<\/title>\n<meta name=\"description\" content=\"Veja a nova resolu\u00e7\u00e3o publicada no Di\u00e1rio Oficial da Uni\u00e3o que obriga a aprova\u00e7\u00e3o no exame de revalida\u00e7\u00e3o de diplomas!\" \/>\n<meta name=\"robots\" content=\"index, follow, max-snippet:-1, max-image-preview:large, max-video-preview:-1\" \/>\n<link rel=\"canonical\" href=\"https:\/\/www.grupomedcof.com.br\/blog\/revalida-inep-aprovacao-passa-a-ser-obrigatoria-para-revalidacao-de-diplomas\/\" \/>\n<meta property=\"og:locale\" content=\"pt_BR\" \/>\n<meta property=\"og:type\" content=\"article\" \/>\n<meta property=\"og:title\" content=\"Revalida Inep: Aprova\u00e7\u00e3o passa a ser obrigat\u00f3ria para Revalida\u00e7\u00e3o de Diplomas\" \/>\n<meta property=\"og:description\" content=\"Veja a nova resolu\u00e7\u00e3o publicada no Di\u00e1rio Oficial da Uni\u00e3o que obriga a aprova\u00e7\u00e3o no exame de revalida\u00e7\u00e3o de diplomas!\" \/>\n<meta property=\"og:url\" content=\"https:\/\/www.grupomedcof.com.br\/blog\/revalida-inep-aprovacao-passa-a-ser-obrigatoria-para-revalidacao-de-diplomas\/\" \/>\n<meta property=\"og:site_name\" content=\"Blog de Medcof: conte\u00fados, editais, revalida e mais!\" \/>\n<meta property=\"article:publisher\" content=\"https:\/\/www.facebook.com\/MedCofQbank\/\" \/>\n<meta property=\"article:published_time\" content=\"2024-12-23T16:29:08+00:00\" \/>\n<meta property=\"article:modified_time\" content=\"2024-12-23T16:29:09+00:00\" \/>\n<meta property=\"og:image\" content=\"https:\/\/www.grupomedcof.com.br\/blog\/wp-content\/uploads\/2024\/12\/Modelo-instituicoes-52-scaled.jpg\" \/>\n\t<meta property=\"og:image:width\" content=\"2560\" \/>\n\t<meta property=\"og:image:height\" content=\"1440\" \/>\n\t<meta property=\"og:image:type\" content=\"image\/jpeg\" \/>\n<meta name=\"author\" content=\"Leila Menzel\" \/>\n<meta name=\"twitter:card\" content=\"summary_large_image\" \/>\n<meta name=\"twitter:label1\" content=\"Escrito por\" \/>\n\t<meta name=\"twitter:data1\" content=\"Leila Menzel\" \/>\n\t<meta name=\"twitter:label2\" content=\"Est. tempo de leitura\" \/>\n\t<meta name=\"twitter:data2\" content=\"4 minutos\" \/>\n<script type=\"application\/ld+json\" class=\"yoast-schema-graph\">{\"@context\":\"https:\\\/\\\/schema.org\",\"@graph\":[{\"@type\":\"Article\",\"@id\":\"https:\\\/\\\/www.grupomedcof.com.br\\\/blog\\\/revalida-inep-aprovacao-passa-a-ser-obrigatoria-para-revalidacao-de-diplomas\\\/#article\",\"isPartOf\":{\"@id\":\"https:\\\/\\\/www.grupomedcof.com.br\\\/blog\\\/revalida-inep-aprovacao-passa-a-ser-obrigatoria-para-revalidacao-de-diplomas\\\/\"},\"author\":{\"name\":\"Leila Menzel\",\"@id\":\"https:\\\/\\\/www.grupomedcof.com.br\\\/blog\\\/#\\\/schema\\\/person\\\/9a44c2184a836bf5ae6967fdb3a1451e\"},\"headline\":\"Revalida Inep: Aprova\u00e7\u00e3o passa a ser obrigat\u00f3ria para Revalida\u00e7\u00e3o de Diplomas\",\"datePublished\":\"2024-12-23T16:29:08+00:00\",\"dateModified\":\"2024-12-23T16:29:09+00:00\",\"mainEntityOfPage\":{\"@id\":\"https:\\\/\\\/www.grupomedcof.com.br\\\/blog\\\/revalida-inep-aprovacao-passa-a-ser-obrigatoria-para-revalidacao-de-diplomas\\\/\"},\"wordCount\":567,\"commentCount\":0,\"publisher\":{\"@id\":\"https:\\\/\\\/www.grupomedcof.com.br\\\/blog\\\/#organization\"},\"image\":{\"@id\":\"https:\\\/\\\/www.grupomedcof.com.br\\\/blog\\\/revalida-inep-aprovacao-passa-a-ser-obrigatoria-para-revalidacao-de-diplomas\\\/#primaryimage\"},\"thumbnailUrl\":\"https:\\\/\\\/www.grupomedcof.com.br\\\/blog\\\/wp-content\\\/uploads\\\/2024\\\/12\\\/Modelo-instituicoes-52-scaled.jpg\",\"keywords\":[\"Resolu\u00e7\u00e3o\",\"Resolu\u00e7\u00e3o CNE\\\/CES N\u00ba 2\",\"revalida\",\"Revalida Inep\",\"Revalida\u00e7\u00e3o de Diploma\"],\"articleSection\":[\"Revalida: informa\u00e7\u00f5es confi\u00e1veis e atualizadas\"],\"inLanguage\":\"pt-BR\"},{\"@type\":\"WebPage\",\"@id\":\"https:\\\/\\\/www.grupomedcof.com.br\\\/blog\\\/revalida-inep-aprovacao-passa-a-ser-obrigatoria-para-revalidacao-de-diplomas\\\/\",\"url\":\"https:\\\/\\\/www.grupomedcof.com.br\\\/blog\\\/revalida-inep-aprovacao-passa-a-ser-obrigatoria-para-revalidacao-de-diplomas\\\/\",\"name\":\"Aprova\u00e7\u00e3o passa a ser obrigat\u00f3ria para Revalida\u00e7\u00e3o de Diplomas\",\"isPartOf\":{\"@id\":\"https:\\\/\\\/www.grupomedcof.com.br\\\/blog\\\/#website\"},\"primaryImageOfPage\":{\"@id\":\"https:\\\/\\\/www.grupomedcof.com.br\\\/blog\\\/revalida-inep-aprovacao-passa-a-ser-obrigatoria-para-revalidacao-de-diplomas\\\/#primaryimage\"},\"image\":{\"@id\":\"https:\\\/\\\/www.grupomedcof.com.br\\\/blog\\\/revalida-inep-aprovacao-passa-a-ser-obrigatoria-para-revalidacao-de-diplomas\\\/#primaryimage\"},\"thumbnailUrl\":\"https:\\\/\\\/www.grupomedcof.com.br\\\/blog\\\/wp-content\\\/uploads\\\/2024\\\/12\\\/Modelo-instituicoes-52-scaled.jpg\",\"datePublished\":\"2024-12-23T16:29:08+00:00\",\"dateModified\":\"2024-12-23T16:29:09+00:00\",\"description\":\"Veja a nova resolu\u00e7\u00e3o publicada no Di\u00e1rio Oficial da Uni\u00e3o que obriga a aprova\u00e7\u00e3o no exame de revalida\u00e7\u00e3o de diplomas!\",\"breadcrumb\":{\"@id\":\"https:\\\/\\\/www.grupomedcof.com.br\\\/blog\\\/revalida-inep-aprovacao-passa-a-ser-obrigatoria-para-revalidacao-de-diplomas\\\/#breadcrumb\"},\"inLanguage\":\"pt-BR\",\"potentialAction\":[{\"@type\":\"ReadAction\",\"target\":[\"https:\\\/\\\/www.grupomedcof.com.br\\\/blog\\\/revalida-inep-aprovacao-passa-a-ser-obrigatoria-para-revalidacao-de-diplomas\\\/\"]}]},{\"@type\":\"ImageObject\",\"inLanguage\":\"pt-BR\",\"@id\":\"https:\\\/\\\/www.grupomedcof.com.br\\\/blog\\\/revalida-inep-aprovacao-passa-a-ser-obrigatoria-para-revalidacao-de-diplomas\\\/#primaryimage\",\"url\":\"https:\\\/\\\/www.grupomedcof.com.br\\\/blog\\\/wp-content\\\/uploads\\\/2024\\\/12\\\/Modelo-instituicoes-52-scaled.jpg\",\"contentUrl\":\"https:\\\/\\\/www.grupomedcof.com.br\\\/blog\\\/wp-content\\\/uploads\\\/2024\\\/12\\\/Modelo-instituicoes-52-scaled.jpg\",\"width\":2560,\"height\":1440},{\"@type\":\"BreadcrumbList\",\"@id\":\"https:\\\/\\\/www.grupomedcof.com.br\\\/blog\\\/revalida-inep-aprovacao-passa-a-ser-obrigatoria-para-revalidacao-de-diplomas\\\/#breadcrumb\",\"itemListElement\":[{\"@type\":\"ListItem\",\"position\":1,\"name\":\"In\u00edcio\",\"item\":\"https:\\\/\\\/www.grupomedcof.com.br\\\/blog\\\/\"},{\"@type\":\"ListItem\",\"position\":2,\"name\":\"Revalida Inep: Aprova\u00e7\u00e3o passa a ser obrigat\u00f3ria para Revalida\u00e7\u00e3o de Diplomas\"}]},{\"@type\":\"WebSite\",\"@id\":\"https:\\\/\\\/www.grupomedcof.com.br\\\/blog\\\/#website\",\"url\":\"https:\\\/\\\/www.grupomedcof.com.br\\\/blog\\\/\",\"name\":\"Blog de Medcof: conte\u00fados, editais, revalida e mais!\",\"description\":\"Acesso o blog de MedCof! Seu portal de conte\u00fados sobre resid\u00eancia m\u00e9dica, an\u00e1lise e editais e muito mais. Clique e confira!\",\"publisher\":{\"@id\":\"https:\\\/\\\/www.grupomedcof.com.br\\\/blog\\\/#organization\"},\"alternateName\":\"Blog de Medcof: conte\u00fados, editais, revalida e mais!\",\"potentialAction\":[{\"@type\":\"SearchAction\",\"target\":{\"@type\":\"EntryPoint\",\"urlTemplate\":\"https:\\\/\\\/www.grupomedcof.com.br\\\/blog\\\/?s={search_term_string}\"},\"query-input\":{\"@type\":\"PropertyValueSpecification\",\"valueRequired\":true,\"valueName\":\"search_term_string\"}}],\"inLanguage\":\"pt-BR\"},{\"@type\":\"Organization\",\"@id\":\"https:\\\/\\\/www.grupomedcof.com.br\\\/blog\\\/#organization\",\"name\":\"Grupo MedCof\",\"url\":\"https:\\\/\\\/www.grupomedcof.com.br\\\/blog\\\/\",\"logo\":{\"@type\":\"ImageObject\",\"inLanguage\":\"pt-BR\",\"@id\":\"https:\\\/\\\/www.grupomedcof.com.br\\\/blog\\\/#\\\/schema\\\/logo\\\/image\\\/\",\"url\":\"https:\\\/\\\/www.grupomedcof.com.br\\\/blog\\\/wp-content\\\/uploads\\\/2022\\\/01\\\/logo-medcof.png\",\"contentUrl\":\"https:\\\/\\\/www.grupomedcof.com.br\\\/blog\\\/wp-content\\\/uploads\\\/2022\\\/01\\\/logo-medcof.png\",\"width\":768,\"height\":269,\"caption\":\"Grupo MedCof\"},\"image\":{\"@id\":\"https:\\\/\\\/www.grupomedcof.com.br\\\/blog\\\/#\\\/schema\\\/logo\\\/image\\\/\"},\"sameAs\":[\"https:\\\/\\\/www.facebook.com\\\/MedCofQbank\\\/\",\"https:\\\/\\\/www.instagram.com\\\/grupomedcof\\\/\",\"https:\\\/\\\/br.linkedin.com\\\/company\\\/medcof\",\"https:\\\/\\\/www.youtube.com\\\/channel\\\/UCdHMuOHKICxcHwecxN8P-AA\"]},{\"@type\":\"Person\",\"@id\":\"https:\\\/\\\/www.grupomedcof.com.br\\\/blog\\\/#\\\/schema\\\/person\\\/9a44c2184a836bf5ae6967fdb3a1451e\",\"name\":\"Leila Menzel\",\"image\":{\"@type\":\"ImageObject\",\"inLanguage\":\"pt-BR\",\"@id\":\"https:\\\/\\\/www.grupomedcof.com.br\\\/blog\\\/wp-content\\\/uploads\\\/2025\\\/09\\\/cropped-eu-96x96.jpeg19a74936d997c0a8b3031618467fa1d0\",\"url\":\"https:\\\/\\\/www.grupomedcof.com.br\\\/blog\\\/wp-content\\\/uploads\\\/2025\\\/09\\\/cropped-eu-96x96.jpeg\",\"contentUrl\":\"https:\\\/\\\/www.grupomedcof.com.br\\\/blog\\\/wp-content\\\/uploads\\\/2025\\\/09\\\/cropped-eu-96x96.jpeg\",\"caption\":\"Leila Menzel\"},\"description\":\"Estudante do 6\u00b0 semestre de jornalismo, amo e escrevo poesias e viajo em livros de romances clich\u00eas.\",\"url\":\"https:\\\/\\\/www.grupomedcof.com.br\\\/blog\\\/author\\\/leila-menzel\\\/\"}]}<\/script>\n<!-- \/ Yoast SEO Premium plugin. -->","yoast_head_json":{"title":"Aprova\u00e7\u00e3o passa a ser obrigat\u00f3ria para Revalida\u00e7\u00e3o de Diplomas","description":"Veja a nova resolu\u00e7\u00e3o publicada no Di\u00e1rio Oficial da Uni\u00e3o que obriga a aprova\u00e7\u00e3o no exame de revalida\u00e7\u00e3o de diplomas!","robots":{"index":"index","follow":"follow","max-snippet":"max-snippet:-1","max-image-preview":"max-image-preview:large","max-video-preview":"max-video-preview:-1"},"canonical":"https:\/\/www.grupomedcof.com.br\/blog\/revalida-inep-aprovacao-passa-a-ser-obrigatoria-para-revalidacao-de-diplomas\/","og_locale":"pt_BR","og_type":"article","og_title":"Revalida Inep: Aprova\u00e7\u00e3o passa a ser obrigat\u00f3ria para Revalida\u00e7\u00e3o de Diplomas","og_description":"Veja a nova resolu\u00e7\u00e3o publicada no Di\u00e1rio Oficial da Uni\u00e3o que obriga a aprova\u00e7\u00e3o no exame de revalida\u00e7\u00e3o de diplomas!","og_url":"https:\/\/www.grupomedcof.com.br\/blog\/revalida-inep-aprovacao-passa-a-ser-obrigatoria-para-revalidacao-de-diplomas\/","og_site_name":"Blog de Medcof: conte\u00fados, editais, revalida e mais!","article_publisher":"https:\/\/www.facebook.com\/MedCofQbank\/","article_published_time":"2024-12-23T16:29:08+00:00","article_modified_time":"2024-12-23T16:29:09+00:00","og_image":[{"width":2560,"height":1440,"url":"https:\/\/www.grupomedcof.com.br\/blog\/wp-content\/uploads\/2024\/12\/Modelo-instituicoes-52-scaled.jpg","type":"image\/jpeg"}],"author":"Leila Menzel","twitter_card":"summary_large_image","twitter_misc":{"Escrito por":"Leila Menzel","Est. tempo de leitura":"4 minutos"},"schema":{"@context":"https:\/\/schema.org","@graph":[{"@type":"Article","@id":"https:\/\/www.grupomedcof.com.br\/blog\/revalida-inep-aprovacao-passa-a-ser-obrigatoria-para-revalidacao-de-diplomas\/#article","isPartOf":{"@id":"https:\/\/www.grupomedcof.com.br\/blog\/revalida-inep-aprovacao-passa-a-ser-obrigatoria-para-revalidacao-de-diplomas\/"},"author":{"name":"Leila Menzel","@id":"https:\/\/www.grupomedcof.com.br\/blog\/#\/schema\/person\/9a44c2184a836bf5ae6967fdb3a1451e"},"headline":"Revalida Inep: Aprova\u00e7\u00e3o passa a ser obrigat\u00f3ria para Revalida\u00e7\u00e3o de Diplomas","datePublished":"2024-12-23T16:29:08+00:00","dateModified":"2024-12-23T16:29:09+00:00","mainEntityOfPage":{"@id":"https:\/\/www.grupomedcof.com.br\/blog\/revalida-inep-aprovacao-passa-a-ser-obrigatoria-para-revalidacao-de-diplomas\/"},"wordCount":567,"commentCount":0,"publisher":{"@id":"https:\/\/www.grupomedcof.com.br\/blog\/#organization"},"image":{"@id":"https:\/\/www.grupomedcof.com.br\/blog\/revalida-inep-aprovacao-passa-a-ser-obrigatoria-para-revalidacao-de-diplomas\/#primaryimage"},"thumbnailUrl":"https:\/\/www.grupomedcof.com.br\/blog\/wp-content\/uploads\/2024\/12\/Modelo-instituicoes-52-scaled.jpg","keywords":["Resolu\u00e7\u00e3o","Resolu\u00e7\u00e3o CNE\/CES N\u00ba 2","revalida","Revalida Inep","Revalida\u00e7\u00e3o de Diploma"],"articleSection":["Revalida: informa\u00e7\u00f5es confi\u00e1veis e atualizadas"],"inLanguage":"pt-BR"},{"@type":"WebPage","@id":"https:\/\/www.grupomedcof.com.br\/blog\/revalida-inep-aprovacao-passa-a-ser-obrigatoria-para-revalidacao-de-diplomas\/","url":"https:\/\/www.grupomedcof.com.br\/blog\/revalida-inep-aprovacao-passa-a-ser-obrigatoria-para-revalidacao-de-diplomas\/","name":"Aprova\u00e7\u00e3o passa a ser obrigat\u00f3ria para Revalida\u00e7\u00e3o de Diplomas","isPartOf":{"@id":"https:\/\/www.grupomedcof.com.br\/blog\/#website"},"primaryImageOfPage":{"@id":"https:\/\/www.grupomedcof.com.br\/blog\/revalida-inep-aprovacao-passa-a-ser-obrigatoria-para-revalidacao-de-diplomas\/#primaryimage"},"image":{"@id":"https:\/\/www.grupomedcof.com.br\/blog\/revalida-inep-aprovacao-passa-a-ser-obrigatoria-para-revalidacao-de-diplomas\/#primaryimage"},"thumbnailUrl":"https:\/\/www.grupomedcof.com.br\/blog\/wp-content\/uploads\/2024\/12\/Modelo-instituicoes-52-scaled.jpg","datePublished":"2024-12-23T16:29:08+00:00","dateModified":"2024-12-23T16:29:09+00:00","description":"Veja a nova resolu\u00e7\u00e3o publicada no Di\u00e1rio Oficial da Uni\u00e3o que obriga a aprova\u00e7\u00e3o no exame de revalida\u00e7\u00e3o de diplomas!","breadcrumb":{"@id":"https:\/\/www.grupomedcof.com.br\/blog\/revalida-inep-aprovacao-passa-a-ser-obrigatoria-para-revalidacao-de-diplomas\/#breadcrumb"},"inLanguage":"pt-BR","potentialAction":[{"@type":"ReadAction","target":["https:\/\/www.grupomedcof.com.br\/blog\/revalida-inep-aprovacao-passa-a-ser-obrigatoria-para-revalidacao-de-diplomas\/"]}]},{"@type":"ImageObject","inLanguage":"pt-BR","@id":"https:\/\/www.grupomedcof.com.br\/blog\/revalida-inep-aprovacao-passa-a-ser-obrigatoria-para-revalidacao-de-diplomas\/#primaryimage","url":"https:\/\/www.grupomedcof.com.br\/blog\/wp-content\/uploads\/2024\/12\/Modelo-instituicoes-52-scaled.jpg","contentUrl":"https:\/\/www.grupomedcof.com.br\/blog\/wp-content\/uploads\/2024\/12\/Modelo-instituicoes-52-scaled.jpg","width":2560,"height":1440},{"@type":"BreadcrumbList","@id":"https:\/\/www.grupomedcof.com.br\/blog\/revalida-inep-aprovacao-passa-a-ser-obrigatoria-para-revalidacao-de-diplomas\/#breadcrumb","itemListElement":[{"@type":"ListItem","position":1,"name":"In\u00edcio","item":"https:\/\/www.grupomedcof.com.br\/blog\/"},{"@type":"ListItem","position":2,"name":"Revalida Inep: Aprova\u00e7\u00e3o passa a ser obrigat\u00f3ria para Revalida\u00e7\u00e3o de Diplomas"}]},{"@type":"WebSite","@id":"https:\/\/www.grupomedcof.com.br\/blog\/#website","url":"https:\/\/www.grupomedcof.com.br\/blog\/","name":"Blog de Medcof: conte\u00fados, editais, revalida e mais!","description":"Acesso o blog de MedCof! Seu portal de conte\u00fados sobre resid\u00eancia m\u00e9dica, an\u00e1lise e editais e muito mais. Clique e confira!","publisher":{"@id":"https:\/\/www.grupomedcof.com.br\/blog\/#organization"},"alternateName":"Blog de Medcof: conte\u00fados, editais, revalida e mais!","potentialAction":[{"@type":"SearchAction","target":{"@type":"EntryPoint","urlTemplate":"https:\/\/www.grupomedcof.com.br\/blog\/?s={search_term_string}"},"query-input":{"@type":"PropertyValueSpecification","valueRequired":true,"valueName":"search_term_string"}}],"inLanguage":"pt-BR"},{"@type":"Organization","@id":"https:\/\/www.grupomedcof.com.br\/blog\/#organization","name":"Grupo MedCof","url":"https:\/\/www.grupomedcof.com.br\/blog\/","logo":{"@type":"ImageObject","inLanguage":"pt-BR","@id":"https:\/\/www.grupomedcof.com.br\/blog\/#\/schema\/logo\/image\/","url":"https:\/\/www.grupomedcof.com.br\/blog\/wp-content\/uploads\/2022\/01\/logo-medcof.png","contentUrl":"https:\/\/www.grupomedcof.com.br\/blog\/wp-content\/uploads\/2022\/01\/logo-medcof.png","width":768,"height":269,"caption":"Grupo MedCof"},"image":{"@id":"https:\/\/www.grupomedcof.com.br\/blog\/#\/schema\/logo\/image\/"},"sameAs":["https:\/\/www.facebook.com\/MedCofQbank\/","https:\/\/www.instagram.com\/grupomedcof\/","https:\/\/br.linkedin.com\/company\/medcof","https:\/\/www.youtube.com\/channel\/UCdHMuOHKICxcHwecxN8P-AA"]},{"@type":"Person","@id":"https:\/\/www.grupomedcof.com.br\/blog\/#\/schema\/person\/9a44c2184a836bf5ae6967fdb3a1451e","name":"Leila Menzel","image":{"@type":"ImageObject","inLanguage":"pt-BR","@id":"https:\/\/www.grupomedcof.com.br\/blog\/wp-content\/uploads\/2025\/09\/cropped-eu-96x96.jpeg19a74936d997c0a8b3031618467fa1d0","url":"https:\/\/www.grupomedcof.com.br\/blog\/wp-content\/uploads\/2025\/09\/cropped-eu-96x96.jpeg","contentUrl":"https:\/\/www.grupomedcof.com.br\/blog\/wp-content\/uploads\/2025\/09\/cropped-eu-96x96.jpeg","caption":"Leila Menzel"},"description":"Estudante do 6\u00b0 semestre de jornalismo, amo e escrevo poesias e viajo em livros de romances clich\u00eas.","url":"https:\/\/www.grupomedcof.com.br\/blog\/author\/leila-menzel\/"}]}},"authors":[{"term_id":3616,"user_id":20,"is_guest":0,"slug":"leila-menzel","display_name":"Leila Menzel","avatar_url":"https:\/\/www.grupomedcof.com.br\/blog\/wp-content\/uploads\/2025\/09\/cropped-eu-96x96.jpeg","0":null,"1":"","2":"","3":"","4":"","5":"","6":"","7":"","8":""}],"_links":{"self":[{"href":"https:\/\/www.grupomedcof.com.br\/blog\/wp-json\/wp\/v2\/posts\/32699","targetHints":{"allow":["GET"]}}],"collection":[{"href":"https:\/\/www.grupomedcof.com.br\/blog\/wp-json\/wp\/v2\/posts"}],"about":[{"href":"https:\/\/www.grupomedcof.com.br\/blog\/wp-json\/wp\/v2\/types\/post"}],"author":[{"embeddable":true,"href":"https:\/\/www.grupomedcof.com.br\/blog\/wp-json\/wp\/v2\/users\/20"}],"replies":[{"embeddable":true,"href":"https:\/\/www.grupomedcof.com.br\/blog\/wp-json\/wp\/v2\/comments?post=32699"}],"version-history":[{"count":0,"href":"https:\/\/www.grupomedcof.com.br\/blog\/wp-json\/wp\/v2\/posts\/32699\/revisions"}],"wp:featuredmedia":[{"embeddable":true,"href":"https:\/\/www.grupomedcof.com.br\/blog\/wp-json\/wp\/v2\/media\/32704"}],"wp:attachment":[{"href":"https:\/\/www.grupomedcof.com.br\/blog\/wp-json\/wp\/v2\/media?parent=32699"}],"wp:term":[{"taxonomy":"category","embeddable":true,"href":"https:\/\/www.grupomedcof.com.br\/blog\/wp-json\/wp\/v2\/categories?post=32699"},{"taxonomy":"post_tag","embeddable":true,"href":"https:\/\/www.grupomedcof.com.br\/blog\/wp-json\/wp\/v2\/tags?post=32699"},{"taxonomy":"author","embeddable":true,"href":"https:\/\/www.grupomedcof.com.br\/blog\/wp-json\/wp\/v2\/ppma_author?post=32699"}],"curies":[{"name":"wp","href":"https:\/\/api.w.org\/{rel}","templated":true}]}}