{"id":32717,"date":"2025-05-20T14:31:00","date_gmt":"2025-05-20T17:31:00","guid":{"rendered":"https:\/\/www.grupomedcof.com.br\/blog\/?p=32717"},"modified":"2025-05-20T15:04:22","modified_gmt":"2025-05-20T18:04:22","slug":"conheca-a-dispepsia-uma-condicao-relacionada-a-ma-digestao-em-pacientes-de-idade-avancada","status":"publish","type":"post","link":"https:\/\/www.grupomedcof.com.br\/blog\/conheca-a-dispepsia-uma-condicao-relacionada-a-ma-digestao-em-pacientes-de-idade-avancada\/","title":{"rendered":"Dispepsia: saiba o que \u00e9, sintomas, causas, como tratar e diagn\u00f3stico"},"content":{"rendered":"<div id=\"ez-toc-container\" class=\"ez-toc-v2_0_74 counter-hierarchy ez-toc-counter ez-toc-transparent ez-toc-container-direction\">\n<div class=\"ez-toc-title-container\">\n<p class=\"ez-toc-title\" style=\"cursor:inherit\">Sum\u00e1rio<\/p>\n<span class=\"ez-toc-title-toggle\"><a href=\"#\" class=\"ez-toc-pull-right ez-toc-btn ez-toc-btn-xs ez-toc-btn-default ez-toc-toggle\" aria-label=\"Alternar tabela de conte\u00fado\"><span class=\"ez-toc-js-icon-con\"><span class=\"\"><span class=\"eztoc-hide\" style=\"display:none;\">Toggle<\/span><span class=\"ez-toc-icon-toggle-span\"><svg style=\"fill: #999;color:#999\" xmlns=\"http:\/\/www.w3.org\/2000\/svg\" class=\"list-377408\" width=\"20px\" height=\"20px\" viewBox=\"0 0 24 24\" fill=\"none\"><path d=\"M6 6H4v2h2V6zm14 0H8v2h12V6zM4 11h2v2H4v-2zm16 0H8v2h12v-2zM4 16h2v2H4v-2zm16 0H8v2h12v-2z\" fill=\"currentColor\"><\/path><\/svg><svg style=\"fill: #999;color:#999\" class=\"arrow-unsorted-368013\" xmlns=\"http:\/\/www.w3.org\/2000\/svg\" width=\"10px\" height=\"10px\" viewBox=\"0 0 24 24\" version=\"1.2\" baseProfile=\"tiny\"><path d=\"M18.2 9.3l-6.2-6.3-6.2 6.3c-.2.2-.3.4-.3.7s.1.5.3.7c.2.2.4.3.7.3h11c.3 0 .5-.1.7-.3.2-.2.3-.5.3-.7s-.1-.5-.3-.7zM5.8 14.7l6.2 6.3 6.2-6.3c.2-.2.3-.5.3-.7s-.1-.5-.3-.7c-.2-.2-.4-.3-.7-.3h-11c-.3 0-.5.1-.7.3-.2.2-.3.5-.3.7s.1.5.3.7z\"\/><\/svg><\/span><\/span><\/span><\/a><\/span><\/div>\n<nav><ul class='ez-toc-list ez-toc-list-level-1 ' ><li class='ez-toc-page-1 ez-toc-heading-level-2'><a class=\"ez-toc-link ez-toc-heading-1\" href=\"https:\/\/www.grupomedcof.com.br\/blog\/conheca-a-dispepsia-uma-condicao-relacionada-a-ma-digestao-em-pacientes-de-idade-avancada\/#Sintomas_da_dispepsia\" >Sintomas da dispepsia<\/a><ul class='ez-toc-list-level-3' ><li class='ez-toc-heading-level-3'><a class=\"ez-toc-link ez-toc-heading-2\" href=\"https:\/\/www.grupomedcof.com.br\/blog\/conheca-a-dispepsia-uma-condicao-relacionada-a-ma-digestao-em-pacientes-de-idade-avancada\/#Sintomas_classicos\" >Sintomas cl\u00e1ssicos<\/a><\/li><li class='ez-toc-page-1 ez-toc-heading-level-3'><a class=\"ez-toc-link ez-toc-heading-3\" href=\"https:\/\/www.grupomedcof.com.br\/blog\/conheca-a-dispepsia-uma-condicao-relacionada-a-ma-digestao-em-pacientes-de-idade-avancada\/#Sintomas_atipicos\" >Sintomas at\u00edpicos<\/a><\/li><li class='ez-toc-page-1 ez-toc-heading-level-3'><a class=\"ez-toc-link ez-toc-heading-4\" href=\"https:\/\/www.grupomedcof.com.br\/blog\/conheca-a-dispepsia-uma-condicao-relacionada-a-ma-digestao-em-pacientes-de-idade-avancada\/#Influencia_de_comorbidades\" >Influ\u00eancia de comorbidades<\/a><\/li><\/ul><\/li><li class='ez-toc-page-1 ez-toc-heading-level-2'><a class=\"ez-toc-link ez-toc-heading-5\" href=\"https:\/\/www.grupomedcof.com.br\/blog\/conheca-a-dispepsia-uma-condicao-relacionada-a-ma-digestao-em-pacientes-de-idade-avancada\/#Causas_da_dispepsia\" >Causas da dispepsia<\/a><ul class='ez-toc-list-level-3' ><li class='ez-toc-heading-level-3'><a class=\"ez-toc-link ez-toc-heading-6\" href=\"https:\/\/www.grupomedcof.com.br\/blog\/conheca-a-dispepsia-uma-condicao-relacionada-a-ma-digestao-em-pacientes-de-idade-avancada\/#Dispepsia_funcional\" >Dispepsia funcional<\/a><\/li><li class='ez-toc-page-1 ez-toc-heading-level-3'><a class=\"ez-toc-link ez-toc-heading-7\" href=\"https:\/\/www.grupomedcof.com.br\/blog\/conheca-a-dispepsia-uma-condicao-relacionada-a-ma-digestao-em-pacientes-de-idade-avancada\/#Doencas_organicas\" >Doen\u00e7as org\u00e2nicas<\/a><\/li><li class='ez-toc-page-1 ez-toc-heading-level-3'><a class=\"ez-toc-link ez-toc-heading-8\" href=\"https:\/\/www.grupomedcof.com.br\/blog\/conheca-a-dispepsia-uma-condicao-relacionada-a-ma-digestao-em-pacientes-de-idade-avancada\/#Alimentacao\" >Alimenta\u00e7\u00e3o<\/a><\/li><li class='ez-toc-page-1 ez-toc-heading-level-3'><a class=\"ez-toc-link ez-toc-heading-9\" href=\"https:\/\/www.grupomedcof.com.br\/blog\/conheca-a-dispepsia-uma-condicao-relacionada-a-ma-digestao-em-pacientes-de-idade-avancada\/#Estresse_e_ansiedade\" >Estresse e ansiedade<\/a><\/li><li class='ez-toc-page-1 ez-toc-heading-level-3'><a class=\"ez-toc-link ez-toc-heading-10\" href=\"https:\/\/www.grupomedcof.com.br\/blog\/conheca-a-dispepsia-uma-condicao-relacionada-a-ma-digestao-em-pacientes-de-idade-avancada\/#Envelhecimento_do_sistema_digestivo\" >Envelhecimento do sistema digestivo<\/a><\/li><li class='ez-toc-page-1 ez-toc-heading-level-3'><a class=\"ez-toc-link ez-toc-heading-11\" href=\"https:\/\/www.grupomedcof.com.br\/blog\/conheca-a-dispepsia-uma-condicao-relacionada-a-ma-digestao-em-pacientes-de-idade-avancada\/#Medicamentos\" >Medicamentos<\/a><\/li><\/ul><\/li><li class='ez-toc-page-1 ez-toc-heading-level-2'><a class=\"ez-toc-link ez-toc-heading-12\" href=\"https:\/\/www.grupomedcof.com.br\/blog\/conheca-a-dispepsia-uma-condicao-relacionada-a-ma-digestao-em-pacientes-de-idade-avancada\/#Tipos_de_dispepsia\" >Tipos de dispepsia<\/a><ul class='ez-toc-list-level-3' ><li class='ez-toc-heading-level-3'><a class=\"ez-toc-link ez-toc-heading-13\" href=\"https:\/\/www.grupomedcof.com.br\/blog\/conheca-a-dispepsia-uma-condicao-relacionada-a-ma-digestao-em-pacientes-de-idade-avancada\/#Dispepsia_funcional-2\" >Dispepsia funcional<\/a><\/li><li class='ez-toc-page-1 ez-toc-heading-level-3'><a class=\"ez-toc-link ez-toc-heading-14\" href=\"https:\/\/www.grupomedcof.com.br\/blog\/conheca-a-dispepsia-uma-condicao-relacionada-a-ma-digestao-em-pacientes-de-idade-avancada\/#Dispepsia_organica\" >Dispepsia org\u00e2nica<\/a><\/li><\/ul><\/li><li class='ez-toc-page-1 ez-toc-heading-level-2'><a class=\"ez-toc-link ez-toc-heading-15\" href=\"https:\/\/www.grupomedcof.com.br\/blog\/conheca-a-dispepsia-uma-condicao-relacionada-a-ma-digestao-em-pacientes-de-idade-avancada\/#Diferencas_entre_dispepsia_e_outras_condicoes_digestivas_comuns\" >Diferen\u00e7as entre dispepsia e outras condi\u00e7\u00f5es digestivas comuns<\/a><\/li><li class='ez-toc-page-1 ez-toc-heading-level-2'><a class=\"ez-toc-link ez-toc-heading-16\" href=\"https:\/\/www.grupomedcof.com.br\/blog\/conheca-a-dispepsia-uma-condicao-relacionada-a-ma-digestao-em-pacientes-de-idade-avancada\/#Qual_a_diferenca_entre_gastrite_e_dispepsia\" >&lt;H3&gt; Qual a diferen\u00e7a entre gastrite e dispepsia?<\/a><\/li><li class='ez-toc-page-1 ez-toc-heading-level-2'><a class=\"ez-toc-link ez-toc-heading-17\" href=\"https:\/\/www.grupomedcof.com.br\/blog\/conheca-a-dispepsia-uma-condicao-relacionada-a-ma-digestao-em-pacientes-de-idade-avancada\/#Diagnostico_da_dispepsia\" >Diagn\u00f3stico da dispepsia<\/a><ul class='ez-toc-list-level-3' ><li class='ez-toc-heading-level-3'><a class=\"ez-toc-link ez-toc-heading-18\" href=\"https:\/\/www.grupomedcof.com.br\/blog\/conheca-a-dispepsia-uma-condicao-relacionada-a-ma-digestao-em-pacientes-de-idade-avancada\/#Exames_comuns\" >Exames comuns<\/a><\/li><li class='ez-toc-page-1 ez-toc-heading-level-3'><a class=\"ez-toc-link ez-toc-heading-19\" href=\"https:\/\/www.grupomedcof.com.br\/blog\/conheca-a-dispepsia-uma-condicao-relacionada-a-ma-digestao-em-pacientes-de-idade-avancada\/#Exames_complementares\" >Exames complementares<\/a><\/li><li class='ez-toc-page-1 ez-toc-heading-level-3'><a class=\"ez-toc-link ez-toc-heading-20\" href=\"https:\/\/www.grupomedcof.com.br\/blog\/conheca-a-dispepsia-uma-condicao-relacionada-a-ma-digestao-em-pacientes-de-idade-avancada\/#Limitacoes_no_diagnostico\" >Limita\u00e7\u00f5es no diagn\u00f3stico<\/a><\/li><li class='ez-toc-page-1 ez-toc-heading-level-3'><a class=\"ez-toc-link ez-toc-heading-21\" href=\"https:\/\/www.grupomedcof.com.br\/blog\/conheca-a-dispepsia-uma-condicao-relacionada-a-ma-digestao-em-pacientes-de-idade-avancada\/#Abordagem_clinica\" >Abordagem cl\u00ednica<\/a><\/li><\/ul><\/li><li class='ez-toc-page-1 ez-toc-heading-level-2'><a class=\"ez-toc-link ez-toc-heading-22\" href=\"https:\/\/www.grupomedcof.com.br\/blog\/conheca-a-dispepsia-uma-condicao-relacionada-a-ma-digestao-em-pacientes-de-idade-avancada\/#Como_tratar_a_dispepsia\" >&lt;H2&gt; Como tratar a dispepsia?<\/a><ul class='ez-toc-list-level-3' ><li class='ez-toc-heading-level-3'><a class=\"ez-toc-link ez-toc-heading-23\" href=\"https:\/\/www.grupomedcof.com.br\/blog\/conheca-a-dispepsia-uma-condicao-relacionada-a-ma-digestao-em-pacientes-de-idade-avancada\/#Pilares_do_tratamento\" >Pilares do tratamento<\/a><\/li><\/ul><\/li><li class='ez-toc-page-1 ez-toc-heading-level-2'><a class=\"ez-toc-link ez-toc-heading-24\" href=\"https:\/\/www.grupomedcof.com.br\/blog\/conheca-a-dispepsia-uma-condicao-relacionada-a-ma-digestao-em-pacientes-de-idade-avancada\/#Como_a_dispepsia_afeta_a_qualidade_de_vida\" >Como a dispepsia afeta a qualidade de vida?<\/a><\/li><li class='ez-toc-page-1 ez-toc-heading-level-2'><a class=\"ez-toc-link ez-toc-heading-25\" href=\"https:\/\/www.grupomedcof.com.br\/blog\/conheca-a-dispepsia-uma-condicao-relacionada-a-ma-digestao-em-pacientes-de-idade-avancada\/#Como_prevenir_a_dispepsia\" >Como prevenir a dispepsia?<\/a><\/li><li class='ez-toc-page-1 ez-toc-heading-level-2'><a class=\"ez-toc-link ez-toc-heading-26\" href=\"https:\/\/www.grupomedcof.com.br\/blog\/conheca-a-dispepsia-uma-condicao-relacionada-a-ma-digestao-em-pacientes-de-idade-avancada\/#Conheca_mais_sobre_dispepsia_com_MedCof\" >Conhe\u00e7a mais sobre dispepsia com MedCof!<\/a><\/li><\/ul><\/nav><\/div>\n\n<p>A <strong>dispepsia<\/strong> \u00e9 uma condi\u00e7\u00e3o caracterizada por <strong>dor<\/strong> ou <strong>desconforto<\/strong> na <strong>parte superior do abd\u00f4men<\/strong>, geralmente associada \u00e0 <strong>digest\u00e3o lenta ou dif\u00edcil<\/strong>. Neste artigo, voc\u00ea vai entender os sintomas, causas, tipos, diagn\u00f3stico, tratamento e formas de preven\u00e7\u00e3o da dispepsia.<\/p>\n\n\n\n<figure class=\"wp-block-image size-large\"><img loading=\"lazy\" decoding=\"async\" width=\"1024\" height=\"576\" src=\"https:\/\/www.grupomedcof.com.br\/blog\/wp-content\/uploads\/2024\/12\/Blog-MedCof-39-1024x576.jpg\" alt=\"\" class=\"wp-image-32719\" srcset=\"https:\/\/www.grupomedcof.com.br\/blog\/wp-content\/uploads\/2024\/12\/Blog-MedCof-39-1024x576.jpg 1024w, https:\/\/www.grupomedcof.com.br\/blog\/wp-content\/uploads\/2024\/12\/Blog-MedCof-39-300x169.jpg 300w, https:\/\/www.grupomedcof.com.br\/blog\/wp-content\/uploads\/2024\/12\/Blog-MedCof-39-768x432.jpg 768w, https:\/\/www.grupomedcof.com.br\/blog\/wp-content\/uploads\/2024\/12\/Blog-MedCof-39-1536x864.jpg 1536w, https:\/\/www.grupomedcof.com.br\/blog\/wp-content\/uploads\/2024\/12\/Blog-MedCof-39-2048x1152.jpg 2048w, https:\/\/www.grupomedcof.com.br\/blog\/wp-content\/uploads\/2024\/12\/Blog-MedCof-39-747x420.jpg 747w, https:\/\/www.grupomedcof.com.br\/blog\/wp-content\/uploads\/2024\/12\/Blog-MedCof-39-150x84.jpg 150w, https:\/\/www.grupomedcof.com.br\/blog\/wp-content\/uploads\/2024\/12\/Blog-MedCof-39-696x392.jpg 696w, https:\/\/www.grupomedcof.com.br\/blog\/wp-content\/uploads\/2024\/12\/Blog-MedCof-39-1068x601.jpg 1068w, https:\/\/www.grupomedcof.com.br\/blog\/wp-content\/uploads\/2024\/12\/Blog-MedCof-39-1920x1080.jpg 1920w\" sizes=\"auto, (max-width: 1024px) 100vw, 1024px\" \/><\/figure>\n\n\n\n<h2 class=\"wp-block-heading\" id=\"h-sintomas-da-dispepsia\"><span class=\"ez-toc-section\" id=\"Sintomas_da_dispepsia\"><\/span><strong>Sintomas da dispepsia<\/strong><span class=\"ez-toc-section-end\"><\/span><\/h2>\n\n\n\n<p>Os sintomas da dispepsia variam em <strong>intensidade e frequ\u00eancia<\/strong>. Em geral, surgem logo ap\u00f3s a ingest\u00e3o de <strong>alimentos que comprometem a digest\u00e3o e o bem-estar<\/strong> do paciente.<\/p>\n\n\n\n<h3 class=\"wp-block-heading\"><span class=\"ez-toc-section\" id=\"Sintomas_classicos\"><\/span><strong>Sintomas cl\u00e1ssicos<\/strong><span class=\"ez-toc-section-end\"><\/span><\/h3>\n\n\n\n<ul class=\"wp-block-list\">\n<li>Dor ou queima\u00e7\u00e3o na parte superior do abd\u00f4men (epig\u00e1strio);<\/li>\n\n\n\n<li>Sensa\u00e7\u00e3o de est\u00f4mago cheio logo ap\u00f3s comer pouco;<\/li>\n\n\n\n<li>Estufamento e arrotos frequentes;<\/li>\n\n\n\n<li>N\u00e1useas ocasionais.<\/li>\n<\/ul>\n\n\n\n<h3 class=\"wp-block-heading\"><span class=\"ez-toc-section\" id=\"Sintomas_atipicos\"><\/span><strong>Sintomas at\u00edpicos<\/strong><span class=\"ez-toc-section-end\"><\/span><\/h3>\n\n\n\n<ul class=\"wp-block-list\">\n<li>Sensa\u00e7\u00e3o de amargor na boca;<\/li>\n\n\n\n<li>Gosto met\u00e1lico persistente;<\/li>\n\n\n\n<li>Dificuldade para engolir (disfagia leve);<\/li>\n\n\n\n<li>Tosse seca ap\u00f3s as refei\u00e7\u00f5es.<\/li>\n<\/ul>\n\n\n\n<h3 class=\"wp-block-heading\"><span class=\"ez-toc-section\" id=\"Influencia_de_comorbidades\"><\/span><strong>Influ\u00eancia de comorbidades<\/strong><span class=\"ez-toc-section-end\"><\/span><\/h3>\n\n\n\n<p>Pacientes com <strong>refluxo, diabetes, obesidade ou dist\u00farbios da tire\u00f3ide<\/strong> podem apresentar sintomas de dispepsia com maior frequ\u00eancia e intensidade, tomando o diagn\u00f3stico mais desafiador.<\/p>\n\n\n\n<h2 class=\"wp-block-heading\"><span class=\"ez-toc-section\" id=\"Causas_da_dispepsia\"><\/span><strong>Causas da dispepsia<\/strong><span class=\"ez-toc-section-end\"><\/span><\/h2>\n\n\n\n<p>A dispepsia pode ter <strong>diferentes causas<\/strong>, desde <strong>altera\u00e7\u00f5es funcionais<\/strong> at\u00e9 <strong>doen\u00e7as estruturais<\/strong>. O <strong>estilo de vida<\/strong> tamb\u00e9m influencia diretamente no surgimento dos sintomas.<\/p>\n\n\n\n<h3 class=\"wp-block-heading\"><span class=\"ez-toc-section\" id=\"Dispepsia_funcional\"><\/span><strong>Dispepsia funcional<\/strong><span class=\"ez-toc-section-end\"><\/span><\/h3>\n\n\n\n<p>Quando os sintomas <strong>n\u00e3o t\u00eam causa aparente<\/strong> ap\u00f3s investiga\u00e7\u00e3o cl\u00ednica. \u00c9 o tipo <strong>mais comum<\/strong> e pode estar ligado \u00e0 <strong>sensibilidade visceral<\/strong> e <strong>mobilidade g\u00e1strica alterada<\/strong>.<\/p>\n\n\n\n<h3 class=\"wp-block-heading\"><span class=\"ez-toc-section\" id=\"Doencas_organicas\"><\/span><strong>Doen\u00e7as org\u00e2nicas<\/strong><span class=\"ez-toc-section-end\"><\/span><\/h3>\n\n\n\n<p>Causada por <strong>altera\u00e7\u00f5es identific\u00e1veis<\/strong>, como <a href=\"https:\/\/www.grupomedcof.com.br\/blog\/doenca-ulcerosa-peptica-sinais-e-sintomas-diagnostico-fatores-de-risco-e-mais\/\"><strong>\u00falceras<\/strong><\/a>, <strong>gastrites<\/strong>, <strong>refluxo gastroesof\u00e1gico<\/strong>, infec\u00e7\u00e3o por <strong><em>H. pylori<\/em><\/strong> ou <strong>tumores g\u00e1stricos<\/strong>.<\/p>\n\n\n\n<h3 class=\"wp-block-heading\"><span class=\"ez-toc-section\" id=\"Alimentacao\"><\/span><strong>Alimenta\u00e7\u00e3o<\/strong><span class=\"ez-toc-section-end\"><\/span><\/h3>\n\n\n\n<p>Alimentos gordurosos, frituras, bebidas gaseificadas, cafe\u00edna e excesso de \u00e1lcool podem <strong>desencadear epis\u00f3dios de dispepsia<\/strong>.<\/p>\n\n\n\n<h3 class=\"wp-block-heading\"><span class=\"ez-toc-section\" id=\"Estresse_e_ansiedade\"><\/span><strong>Estresse e ansiedade<\/strong><span class=\"ez-toc-section-end\"><\/span><\/h3>\n\n\n\n<p>O sistema digestivo \u00e9 <strong>altamente sens\u00edvel ao estado emocional<\/strong>. Transtornos de ansiedade s\u00e3o frequentemente associados \u00e0 dispepsia funcional.<\/p>\n\n\n\n<h3 class=\"wp-block-heading\"><span class=\"ez-toc-section\" id=\"Envelhecimento_do_sistema_digestivo\"><\/span><strong>Envelhecimento do sistema digestivo<\/strong><span class=\"ez-toc-section-end\"><\/span><\/h3>\n\n\n\n<p>Com a idade, a digest\u00e3o se torna <strong>mais lenta e menos eficiente<\/strong>, favorecendo o aparecimento da dispepsia em idosos.<\/p>\n\n\n\n<h3 class=\"wp-block-heading\"><span class=\"ez-toc-section\" id=\"Medicamentos\"><\/span><strong>Medicamentos<\/strong><span class=\"ez-toc-section-end\"><\/span><\/h3>\n\n\n\n<p>Anti-inflamat\u00f3rios e n\u00e3o ester\u00f3ides (AINEs), antibi\u00f3ticos e cortic\u00f3ides est\u00e3o entre os rem\u00e9dios que <strong>podem irritar o est\u00f4mago<\/strong> e provocar sintomas disp\u00e9pticos.<\/p>\n\n\n\n<figure class=\"wp-block-image size-large\"><img loading=\"lazy\" decoding=\"async\" width=\"1024\" height=\"576\" src=\"https:\/\/www.grupomedcof.com.br\/blog\/wp-content\/uploads\/2024\/12\/Blog-MedCof-20-1-1024x576.jpg\" alt=\"\" class=\"wp-image-35851\" srcset=\"https:\/\/www.grupomedcof.com.br\/blog\/wp-content\/uploads\/2024\/12\/Blog-MedCof-20-1-1024x576.jpg 1024w, https:\/\/www.grupomedcof.com.br\/blog\/wp-content\/uploads\/2024\/12\/Blog-MedCof-20-1-300x169.jpg 300w, https:\/\/www.grupomedcof.com.br\/blog\/wp-content\/uploads\/2024\/12\/Blog-MedCof-20-1-768x432.jpg 768w, https:\/\/www.grupomedcof.com.br\/blog\/wp-content\/uploads\/2024\/12\/Blog-MedCof-20-1-1536x864.jpg 1536w, https:\/\/www.grupomedcof.com.br\/blog\/wp-content\/uploads\/2024\/12\/Blog-MedCof-20-1-747x420.jpg 747w, https:\/\/www.grupomedcof.com.br\/blog\/wp-content\/uploads\/2024\/12\/Blog-MedCof-20-1-150x84.jpg 150w, https:\/\/www.grupomedcof.com.br\/blog\/wp-content\/uploads\/2024\/12\/Blog-MedCof-20-1-696x392.jpg 696w, https:\/\/www.grupomedcof.com.br\/blog\/wp-content\/uploads\/2024\/12\/Blog-MedCof-20-1-1068x601.jpg 1068w, https:\/\/www.grupomedcof.com.br\/blog\/wp-content\/uploads\/2024\/12\/Blog-MedCof-20-1.jpg 1920w\" sizes=\"auto, (max-width: 1024px) 100vw, 1024px\" \/><\/figure>\n\n\n\n<h2 class=\"wp-block-heading\"><span class=\"ez-toc-section\" id=\"Tipos_de_dispepsia\"><\/span><strong>Tipos de dispepsia<\/strong><span class=\"ez-toc-section-end\"><\/span><\/h2>\n\n\n\n<p>A dispepsia \u00e9 classificada de acordo com a <strong>presen\u00e7a ou n\u00e3o de uma causa identific\u00e1vel<\/strong>.<\/p>\n\n\n\n<h3 class=\"wp-block-heading\"><span class=\"ez-toc-section\" id=\"Dispepsia_funcional-2\"><\/span><strong>Dispepsia funcional<\/strong><span class=\"ez-toc-section-end\"><\/span><\/h3>\n\n\n\n<p>N\u00e3o h\u00e1 altera\u00e7\u00f5es vis\u00edveis nos exames, mesmo com sintomas persistentes. Subdivide-se em dois principais subtipos:<\/p>\n\n\n\n<ul class=\"wp-block-list\">\n<li>Tipo com <strong>dor epig\u00e1strica<\/strong> predominante;<\/li>\n\n\n\n<li>Tipo com <strong>desconforto p\u00f3s-prandial<\/strong> predominante.<\/li>\n<\/ul>\n\n\n\n<h3 class=\"wp-block-heading\"><span class=\"ez-toc-section\" id=\"Dispepsia_organica\"><\/span><strong>Dispepsia org\u00e2nica<\/strong><span class=\"ez-toc-section-end\"><\/span><\/h3>\n\n\n\n<p>H\u00e1 uma causa identificada, como <strong>gastrite<\/strong>, <strong>\u00falcera p\u00e9ptica<\/strong> ou <strong>neoplasias<\/strong>. O tratamento \u00e9 direcionado \u00e0 patologia de base.<\/p>\n\n\n\n<h2 class=\"wp-block-heading\"><span class=\"ez-toc-section\" id=\"Diferencas_entre_dispepsia_e_outras_condicoes_digestivas_comuns\"><\/span><strong>Diferen\u00e7as entre dispepsia e outras condi\u00e7\u00f5es digestivas comuns<\/strong><span class=\"ez-toc-section-end\"><\/span><\/h2>\n\n\n\n<p>Apesar de semelhantes, a dispepsia se diferencia de outras doen\u00e7as <a href=\"https:\/\/www.grupomedcof.com.br\/blog\/gastroenterologia\/\"><strong>gastrointestinais<\/strong><\/a> pelo <strong>padr\u00e3o de sintomas e causas envolvidas<\/strong>.<\/p>\n\n\n\n<h2 class=\"wp-block-heading\"><span class=\"ez-toc-section\" id=\"Qual_a_diferenca_entre_gastrite_e_dispepsia\"><\/span><strong>&lt;H3&gt; Qual a diferen\u00e7a entre gastrite e dispepsia?<\/strong><span class=\"ez-toc-section-end\"><\/span><\/h2>\n\n\n\n<p>A gastrite \u00e9 uma <strong>inflama\u00e7\u00e3o da mucosa g\u00e1strica<\/strong>, frequentemente <strong>detectada em exames<\/strong> como <a href=\"https:\/\/www.grupomedcof.com.br\/blog\/endoscopia\/\"><strong>endoscopia<\/strong><\/a>. J\u00e1 a dispepsia pode existir mesmo <strong>sem altera\u00e7\u00f5es vis\u00edveis no est\u00f4mago<\/strong>.<\/p>\n\n\n\n<p>Ambas causam <strong>dor e queima\u00e7\u00e3o<\/strong>, mas a <strong>dispepsia funcional n\u00e3o envolve inflama\u00e7\u00e3o<\/strong>, enquanto a <strong>gastrite<\/strong>, <strong>sim<\/strong>.<\/p>\n\n\n\n<figure class=\"wp-block-image size-large\"><img loading=\"lazy\" decoding=\"async\" width=\"1024\" height=\"576\" src=\"https:\/\/www.grupomedcof.com.br\/blog\/wp-content\/uploads\/2024\/12\/Blog-MedCof-21-1-1024x576.jpg\" alt=\"\" class=\"wp-image-35852\" srcset=\"https:\/\/www.grupomedcof.com.br\/blog\/wp-content\/uploads\/2024\/12\/Blog-MedCof-21-1-1024x576.jpg 1024w, https:\/\/www.grupomedcof.com.br\/blog\/wp-content\/uploads\/2024\/12\/Blog-MedCof-21-1-300x169.jpg 300w, https:\/\/www.grupomedcof.com.br\/blog\/wp-content\/uploads\/2024\/12\/Blog-MedCof-21-1-768x432.jpg 768w, https:\/\/www.grupomedcof.com.br\/blog\/wp-content\/uploads\/2024\/12\/Blog-MedCof-21-1-1536x864.jpg 1536w, https:\/\/www.grupomedcof.com.br\/blog\/wp-content\/uploads\/2024\/12\/Blog-MedCof-21-1-747x420.jpg 747w, https:\/\/www.grupomedcof.com.br\/blog\/wp-content\/uploads\/2024\/12\/Blog-MedCof-21-1-150x84.jpg 150w, https:\/\/www.grupomedcof.com.br\/blog\/wp-content\/uploads\/2024\/12\/Blog-MedCof-21-1-696x392.jpg 696w, https:\/\/www.grupomedcof.com.br\/blog\/wp-content\/uploads\/2024\/12\/Blog-MedCof-21-1-1068x601.jpg 1068w, https:\/\/www.grupomedcof.com.br\/blog\/wp-content\/uploads\/2024\/12\/Blog-MedCof-21-1.jpg 1920w\" sizes=\"auto, (max-width: 1024px) 100vw, 1024px\" \/><\/figure>\n\n\n\n<h2 class=\"wp-block-heading\"><span class=\"ez-toc-section\" id=\"Diagnostico_da_dispepsia\"><\/span><strong>Diagn\u00f3stico da dispepsia<\/strong><span class=\"ez-toc-section-end\"><\/span><\/h2>\n\n\n\n<p>O diagn\u00f3stico envolve uma <strong>abordagem cl\u00ednica<\/strong> detalhada, focada na <strong>hist\u00f3ria do paciente<\/strong> e <strong>sintomas<\/strong>, al\u00e9m de <strong>exames espec\u00edficos<\/strong>.<\/p>\n\n\n\n<h3 class=\"wp-block-heading\"><span class=\"ez-toc-section\" id=\"Exames_comuns\"><\/span><strong>Exames comuns<\/strong><span class=\"ez-toc-section-end\"><\/span><\/h3>\n\n\n\n<ul class=\"wp-block-list\">\n<li>Endoscopia digestiva alta;<\/li>\n\n\n\n<li>Testes para <em>H. pylori<\/em>;<\/li>\n\n\n\n<li>Ultrassonografia abdominal<\/li>\n<\/ul>\n\n\n\n<h3 class=\"wp-block-heading\"><span class=\"ez-toc-section\" id=\"Exames_complementares\"><\/span><strong>Exames complementares<\/strong><span class=\"ez-toc-section-end\"><\/span><\/h3>\n\n\n\n<p>Em <strong>casos persistentes<\/strong> ou com <strong>sinais de alerta<\/strong> (emagrecimento, v\u00f4mitos, sangramentos), pode-se solicitar <strong>tomografia, exames laboratoriais e bi\u00f3psias g\u00e1stricas<\/strong>.<\/p>\n\n\n\n<h3 class=\"wp-block-heading\"><span class=\"ez-toc-section\" id=\"Limitacoes_no_diagnostico\"><\/span><strong>Limita\u00e7\u00f5es no diagn\u00f3stico<\/strong><span class=\"ez-toc-section-end\"><\/span><\/h3>\n\n\n\n<p>Nem sempre os exames revelam a <strong>causa dos sintomas<\/strong>. Nestes casos, considera-se a hip\u00f3tese de <strong>dispepsia funcional<\/strong>.<\/p>\n\n\n\n<h3 class=\"wp-block-heading\"><span class=\"ez-toc-section\" id=\"Abordagem_clinica\"><\/span><strong>Abordagem cl\u00ednica<\/strong><span class=\"ez-toc-section-end\"><\/span><\/h3>\n\n\n\n<p>A <strong>anamnese detalhada<\/strong> e a <strong>exclus\u00e3o de sinais de gravidade<\/strong> s\u00e3o essenciais. O acompanhamento deve ser individualizado.<\/p>\n\n\n\n<p><strong>[INSERIR AQUI UM BANNER COM CTA PARA CONVERS\u00c3O]<\/strong><\/p>\n\n\n\n<h2 class=\"wp-block-heading\"><span class=\"ez-toc-section\" id=\"Como_tratar_a_dispepsia\"><\/span><strong>&lt;H2&gt; Como tratar a dispepsia?<\/strong><span class=\"ez-toc-section-end\"><\/span><\/h2>\n\n\n\n<p>O <strong>tratamento da dispepsia<\/strong> exige uma <strong>abordagem multifatorial<\/strong>, que combina medicamentos, ajustes alimentares e mudan\u00e7as no estilo de vida<\/p>\n\n\n\n<h3 class=\"wp-block-heading\"><span class=\"ez-toc-section\" id=\"Pilares_do_tratamento\"><\/span><strong>Pilares do tratamento<\/strong><span class=\"ez-toc-section-end\"><\/span><\/h3>\n\n\n\n<ul class=\"wp-block-list\">\n<li><strong>Medicamentos<\/strong>: inibidores de bomba de pr\u00f3tons (omeprazol), anti\u00e1cidos, procin\u00e9ticos e ansiol\u00edticos, quando necess\u00e1rio.<\/li>\n\n\n\n<li><strong>Alimenta\u00e7\u00e3o<\/strong>: evitar refei\u00e7\u00f5es volumosas, alimentos gordurosos, \u00e1lcool e cafe\u00edna.<\/li>\n\n\n\n<li><strong>H\u00e1bitos saud\u00e1veis<\/strong>: comer devagar, manter hor\u00e1rios regulares e reduzir o estresse.<\/li>\n\n\n\n<li><strong>Psicoterapia<\/strong>: em casos relacionados a ansiedade e depress\u00e3o, o suporte psicol\u00f3gico \u00e9 recomendado.<\/li>\n<\/ul>\n\n\n\n<h2 class=\"wp-block-heading\"><span class=\"ez-toc-section\" id=\"Como_a_dispepsia_afeta_a_qualidade_de_vida\"><\/span><strong>Como a dispepsia afeta a qualidade de vida?<\/strong><span class=\"ez-toc-section-end\"><\/span><\/h2>\n\n\n\n<p>A dispepsia pode impactar negativamente a <strong>rotina alimentar<\/strong>, levando \u00e0 <strong>restri\u00e7\u00e3o de alimentos, medo de comer e perda de apetite<\/strong>. A ingest\u00e3o de l\u00edquidos tamb\u00e9m pode ser reduzida por causa do estufamento.<\/p>\n\n\n\n<p>No aspecto psicol\u00f3gico, o desconforto constante pode causar <strong>irritabilidade, ansiedade social e isolamento durante eventos com refei\u00e7\u00f5es<\/strong>.<\/p>\n\n\n\n<figure class=\"wp-block-image size-large\"><img loading=\"lazy\" decoding=\"async\" width=\"1024\" height=\"576\" src=\"https:\/\/www.grupomedcof.com.br\/blog\/wp-content\/uploads\/2024\/12\/Blog-MedCof-22-1-1024x576.jpg\" alt=\"\" class=\"wp-image-35853\" srcset=\"https:\/\/www.grupomedcof.com.br\/blog\/wp-content\/uploads\/2024\/12\/Blog-MedCof-22-1-1024x576.jpg 1024w, https:\/\/www.grupomedcof.com.br\/blog\/wp-content\/uploads\/2024\/12\/Blog-MedCof-22-1-300x169.jpg 300w, https:\/\/www.grupomedcof.com.br\/blog\/wp-content\/uploads\/2024\/12\/Blog-MedCof-22-1-768x432.jpg 768w, https:\/\/www.grupomedcof.com.br\/blog\/wp-content\/uploads\/2024\/12\/Blog-MedCof-22-1-1536x864.jpg 1536w, https:\/\/www.grupomedcof.com.br\/blog\/wp-content\/uploads\/2024\/12\/Blog-MedCof-22-1-747x420.jpg 747w, https:\/\/www.grupomedcof.com.br\/blog\/wp-content\/uploads\/2024\/12\/Blog-MedCof-22-1-150x84.jpg 150w, https:\/\/www.grupomedcof.com.br\/blog\/wp-content\/uploads\/2024\/12\/Blog-MedCof-22-1-696x392.jpg 696w, https:\/\/www.grupomedcof.com.br\/blog\/wp-content\/uploads\/2024\/12\/Blog-MedCof-22-1-1068x601.jpg 1068w, https:\/\/www.grupomedcof.com.br\/blog\/wp-content\/uploads\/2024\/12\/Blog-MedCof-22-1.jpg 1920w\" sizes=\"auto, (max-width: 1024px) 100vw, 1024px\" \/><\/figure>\n\n\n\n<h2 class=\"wp-block-heading\"><span class=\"ez-toc-section\" id=\"Como_prevenir_a_dispepsia\"><\/span><strong>Como prevenir a dispepsia?<\/strong><span class=\"ez-toc-section-end\"><\/span><\/h2>\n\n\n\n<p>Algumas <strong>medidas simples<\/strong> ajudam a <strong>evitar a dispepsia<\/strong>:<\/p>\n\n\n\n<ul class=\"wp-block-list\">\n<li>Comer devagar e mastigar bem os alimentos;<\/li>\n\n\n\n<li>Evitar deitar logo ap\u00f3s as refei\u00e7\u00f5es;<\/li>\n\n\n\n<li>Fracionar a alimenta\u00e7\u00e3o ao longo do dia;<\/li>\n\n\n\n<li>Reduzir o consumo de \u00e1lcool, caf\u00e9 e alimentos gordurosos;<\/li>\n\n\n\n<li>Praticar atividades f\u00edsicas;<\/li>\n\n\n\n<li>Controlar o estresse e cuidar da sa\u00fade mental;<\/li>\n\n\n\n<li>Evitar uso abusivo de medicamentos gastroagressivos.<\/li>\n<\/ul>\n\n\n\n<h2 class=\"wp-block-heading\"><span class=\"ez-toc-section\" id=\"Conheca_mais_sobre_dispepsia_com_MedCof\"><\/span><strong>Conhe\u00e7a mais sobre dispepsia com MedCof!<\/strong><span class=\"ez-toc-section-end\"><\/span><\/h2>\n\n\n\n<p>Quer alcan\u00e7ar a aprova\u00e7\u00e3o nas provas de resid\u00eancia m\u00e9dica? Ent\u00e3o voc\u00ea precisa <a href=\"https:\/\/www.grupomedcof.com.br\/home\/?page=sobre-nos\"><strong>conhecer<\/strong><\/a> o <strong>Grupo MedCof<\/strong>!<br>Sendo um <a href=\"https:\/\/www.grupomedcof.com.br\/home\/\"><strong>MedCofer<\/strong><\/a>, te ajudaremos na busca da aprova\u00e7\u00e3o com conte\u00fados de qualidade e uma metodologia que j\u00e1 aprovou mais de 10 mil residentes no pa\u00eds!<\/p>\n\n\n\n<figure class=\"wp-block-embed is-type-video is-provider-youtube wp-block-embed-youtube wp-embed-aspect-16-9 wp-has-aspect-ratio\"><div class=\"wp-block-embed__wrapper\">\n<div class=\"youtube-embed\" data-video_id=\"Z_b7dYUkSm4\"><iframe loading=\"lazy\" title=\"Entendendo o P\u00e2ncreas e as Vias Biliares: P\u00f3lipos na Ves\u00edcula Biliar. Com Dr. Carlos Obregon\" width=\"696\" height=\"392\" src=\"https:\/\/www.youtube.com\/embed\/Z_b7dYUkSm4?feature=oembed&#038;enablejsapi=1\" frameborder=\"0\" allow=\"accelerometer; autoplay; clipboard-write; encrypted-media; gyroscope; picture-in-picture; web-share\" referrerpolicy=\"strict-origin-when-cross-origin\" allowfullscreen><\/iframe><\/div>\n<\/div><\/figure>\n","protected":false},"excerpt":{"rendered":"<p>A dispepsia \u00e9 definida como um conjunto de sintomas relacionados \u00e0 m\u00e1 digest\u00e3o, incluindo dor epig\u00e1strica, plenitude p\u00f3s-prandial, pirose, n\u00e1useas e v\u00f4mitos. <\/p>\n","protected":false},"author":23,"featured_media":32719,"comment_status":"open","ping_status":"open","sticky":false,"template":"","format":"standard","meta":{"footnotes":""},"categories":[69],"tags":[2405,2407,2406],"ppma_author":[3618],"class_list":{"0":"post-32717","1":"post","2":"type-post","3":"status-publish","4":"format-standard","5":"has-post-thumbnail","7":"category-gastroenterologia","8":"tag-dispepsia","9":"tag-patologia","10":"tag-sinais-de-alarme"},"yoast_head":"<!-- This site is optimized with the Yoast SEO Premium plugin v24.3 (Yoast SEO v27.4) - https:\/\/yoast.com\/product\/yoast-seo-premium-wordpress\/ -->\n<title>Dispepsia: descubra o que \u00e9, sintomas, causas e como tratar<\/title>\n<meta name=\"description\" content=\"Dispepsia pode afetar a qualidade de vida, especialmente na terceira idade. Entenda os sinais, quando buscar ajuda m\u00e9dica, diagn\u00f3stico e tratamento eficaz.\" \/>\n<meta name=\"robots\" content=\"index, follow, max-snippet:-1, max-image-preview:large, max-video-preview:-1\" \/>\n<link rel=\"canonical\" href=\"https:\/\/www.grupomedcof.com.br\/blog\/conheca-a-dispepsia-uma-condicao-relacionada-a-ma-digestao-em-pacientes-de-idade-avancada\/\" \/>\n<meta property=\"og:locale\" content=\"pt_BR\" \/>\n<meta property=\"og:type\" content=\"article\" \/>\n<meta property=\"og:title\" content=\"Dispepsia: saiba o que \u00e9, sintomas, causas, como tratar e diagn\u00f3stico\" \/>\n<meta property=\"og:description\" content=\"Dispepsia pode afetar a qualidade de vida, especialmente na terceira idade. Entenda os sinais, quando buscar ajuda m\u00e9dica, diagn\u00f3stico e tratamento eficaz.\" \/>\n<meta property=\"og:url\" content=\"https:\/\/www.grupomedcof.com.br\/blog\/conheca-a-dispepsia-uma-condicao-relacionada-a-ma-digestao-em-pacientes-de-idade-avancada\/\" \/>\n<meta property=\"og:site_name\" content=\"Blog de Medcof: conte\u00fados, editais, revalida e mais!\" \/>\n<meta property=\"article:publisher\" content=\"https:\/\/www.facebook.com\/MedCofQbank\/\" \/>\n<meta property=\"article:published_time\" content=\"2025-05-20T17:31:00+00:00\" \/>\n<meta property=\"article:modified_time\" content=\"2025-05-20T18:04:22+00:00\" \/>\n<meta property=\"og:image\" content=\"https:\/\/www.grupomedcof.com.br\/blog\/wp-content\/uploads\/2024\/12\/Blog-MedCof-39-scaled.jpg\" \/>\n\t<meta property=\"og:image:width\" content=\"2560\" \/>\n\t<meta property=\"og:image:height\" content=\"1440\" \/>\n\t<meta property=\"og:image:type\" content=\"image\/jpeg\" \/>\n<meta name=\"author\" content=\"Lu\u00edsa Porto\" \/>\n<meta name=\"twitter:card\" content=\"summary_large_image\" \/>\n<meta name=\"twitter:label1\" content=\"Escrito por\" \/>\n\t<meta name=\"twitter:data1\" content=\"Lu\u00edsa Porto\" \/>\n\t<meta name=\"twitter:label2\" content=\"Est. tempo de leitura\" \/>\n\t<meta name=\"twitter:data2\" content=\"6 minutos\" \/>\n<script type=\"application\/ld+json\" class=\"yoast-schema-graph\">{\"@context\":\"https:\\\/\\\/schema.org\",\"@graph\":[{\"@type\":\"Article\",\"@id\":\"https:\\\/\\\/www.grupomedcof.com.br\\\/blog\\\/conheca-a-dispepsia-uma-condicao-relacionada-a-ma-digestao-em-pacientes-de-idade-avancada\\\/#article\",\"isPartOf\":{\"@id\":\"https:\\\/\\\/www.grupomedcof.com.br\\\/blog\\\/conheca-a-dispepsia-uma-condicao-relacionada-a-ma-digestao-em-pacientes-de-idade-avancada\\\/\"},\"author\":{\"name\":\"Lu\u00edsa Porto\",\"@id\":\"https:\\\/\\\/www.grupomedcof.com.br\\\/blog\\\/#\\\/schema\\\/person\\\/d755ffce500bd0766bbf0e4e6572518f\"},\"headline\":\"Dispepsia: saiba o que \u00e9, sintomas, causas, como tratar e diagn\u00f3stico\",\"datePublished\":\"2025-05-20T17:31:00+00:00\",\"dateModified\":\"2025-05-20T18:04:22+00:00\",\"mainEntityOfPage\":{\"@id\":\"https:\\\/\\\/www.grupomedcof.com.br\\\/blog\\\/conheca-a-dispepsia-uma-condicao-relacionada-a-ma-digestao-em-pacientes-de-idade-avancada\\\/\"},\"wordCount\":914,\"commentCount\":0,\"publisher\":{\"@id\":\"https:\\\/\\\/www.grupomedcof.com.br\\\/blog\\\/#organization\"},\"image\":{\"@id\":\"https:\\\/\\\/www.grupomedcof.com.br\\\/blog\\\/conheca-a-dispepsia-uma-condicao-relacionada-a-ma-digestao-em-pacientes-de-idade-avancada\\\/#primaryimage\"},\"thumbnailUrl\":\"https:\\\/\\\/www.grupomedcof.com.br\\\/blog\\\/wp-content\\\/uploads\\\/2024\\\/12\\\/Blog-MedCof-39-scaled.jpg\",\"keywords\":[\"Dispepsia\",\"Patologia\",\"Sinais de alarme\"],\"articleSection\":[\"Gastroenterologia\"],\"inLanguage\":\"pt-BR\"},{\"@type\":\"WebPage\",\"@id\":\"https:\\\/\\\/www.grupomedcof.com.br\\\/blog\\\/conheca-a-dispepsia-uma-condicao-relacionada-a-ma-digestao-em-pacientes-de-idade-avancada\\\/\",\"url\":\"https:\\\/\\\/www.grupomedcof.com.br\\\/blog\\\/conheca-a-dispepsia-uma-condicao-relacionada-a-ma-digestao-em-pacientes-de-idade-avancada\\\/\",\"name\":\"Dispepsia: descubra o que \u00e9, sintomas, causas e como tratar\",\"isPartOf\":{\"@id\":\"https:\\\/\\\/www.grupomedcof.com.br\\\/blog\\\/#website\"},\"primaryImageOfPage\":{\"@id\":\"https:\\\/\\\/www.grupomedcof.com.br\\\/blog\\\/conheca-a-dispepsia-uma-condicao-relacionada-a-ma-digestao-em-pacientes-de-idade-avancada\\\/#primaryimage\"},\"image\":{\"@id\":\"https:\\\/\\\/www.grupomedcof.com.br\\\/blog\\\/conheca-a-dispepsia-uma-condicao-relacionada-a-ma-digestao-em-pacientes-de-idade-avancada\\\/#primaryimage\"},\"thumbnailUrl\":\"https:\\\/\\\/www.grupomedcof.com.br\\\/blog\\\/wp-content\\\/uploads\\\/2024\\\/12\\\/Blog-MedCof-39-scaled.jpg\",\"datePublished\":\"2025-05-20T17:31:00+00:00\",\"dateModified\":\"2025-05-20T18:04:22+00:00\",\"description\":\"Dispepsia pode afetar a qualidade de vida, especialmente na terceira idade. Entenda os sinais, quando buscar ajuda m\u00e9dica, diagn\u00f3stico e tratamento eficaz.\",\"breadcrumb\":{\"@id\":\"https:\\\/\\\/www.grupomedcof.com.br\\\/blog\\\/conheca-a-dispepsia-uma-condicao-relacionada-a-ma-digestao-em-pacientes-de-idade-avancada\\\/#breadcrumb\"},\"inLanguage\":\"pt-BR\",\"potentialAction\":[{\"@type\":\"ReadAction\",\"target\":[\"https:\\\/\\\/www.grupomedcof.com.br\\\/blog\\\/conheca-a-dispepsia-uma-condicao-relacionada-a-ma-digestao-em-pacientes-de-idade-avancada\\\/\"]}]},{\"@type\":\"ImageObject\",\"inLanguage\":\"pt-BR\",\"@id\":\"https:\\\/\\\/www.grupomedcof.com.br\\\/blog\\\/conheca-a-dispepsia-uma-condicao-relacionada-a-ma-digestao-em-pacientes-de-idade-avancada\\\/#primaryimage\",\"url\":\"https:\\\/\\\/www.grupomedcof.com.br\\\/blog\\\/wp-content\\\/uploads\\\/2024\\\/12\\\/Blog-MedCof-39-scaled.jpg\",\"contentUrl\":\"https:\\\/\\\/www.grupomedcof.com.br\\\/blog\\\/wp-content\\\/uploads\\\/2024\\\/12\\\/Blog-MedCof-39-scaled.jpg\",\"width\":2560,\"height\":1440,\"caption\":\"Demonstra\u00e7\u00e3o da regi\u00e3o do est\u00f4mago em uma pessoa com dispepsia\"},{\"@type\":\"BreadcrumbList\",\"@id\":\"https:\\\/\\\/www.grupomedcof.com.br\\\/blog\\\/conheca-a-dispepsia-uma-condicao-relacionada-a-ma-digestao-em-pacientes-de-idade-avancada\\\/#breadcrumb\",\"itemListElement\":[{\"@type\":\"ListItem\",\"position\":1,\"name\":\"In\u00edcio\",\"item\":\"https:\\\/\\\/www.grupomedcof.com.br\\\/blog\\\/\"},{\"@type\":\"ListItem\",\"position\":2,\"name\":\"Dispepsia: saiba o que \u00e9, sintomas, causas, como tratar e diagn\u00f3stico\"}]},{\"@type\":\"WebSite\",\"@id\":\"https:\\\/\\\/www.grupomedcof.com.br\\\/blog\\\/#website\",\"url\":\"https:\\\/\\\/www.grupomedcof.com.br\\\/blog\\\/\",\"name\":\"Blog de Medcof: conte\u00fados, editais, revalida e mais!\",\"description\":\"Acesso o blog de MedCof! Seu portal de conte\u00fados sobre resid\u00eancia m\u00e9dica, an\u00e1lise e editais e muito mais. Clique e confira!\",\"publisher\":{\"@id\":\"https:\\\/\\\/www.grupomedcof.com.br\\\/blog\\\/#organization\"},\"alternateName\":\"Blog de Medcof: conte\u00fados, editais, revalida e mais!\",\"potentialAction\":[{\"@type\":\"SearchAction\",\"target\":{\"@type\":\"EntryPoint\",\"urlTemplate\":\"https:\\\/\\\/www.grupomedcof.com.br\\\/blog\\\/?s={search_term_string}\"},\"query-input\":{\"@type\":\"PropertyValueSpecification\",\"valueRequired\":true,\"valueName\":\"search_term_string\"}}],\"inLanguage\":\"pt-BR\"},{\"@type\":\"Organization\",\"@id\":\"https:\\\/\\\/www.grupomedcof.com.br\\\/blog\\\/#organization\",\"name\":\"Grupo MedCof\",\"url\":\"https:\\\/\\\/www.grupomedcof.com.br\\\/blog\\\/\",\"logo\":{\"@type\":\"ImageObject\",\"inLanguage\":\"pt-BR\",\"@id\":\"https:\\\/\\\/www.grupomedcof.com.br\\\/blog\\\/#\\\/schema\\\/logo\\\/image\\\/\",\"url\":\"https:\\\/\\\/www.grupomedcof.com.br\\\/blog\\\/wp-content\\\/uploads\\\/2022\\\/01\\\/logo-medcof.png\",\"contentUrl\":\"https:\\\/\\\/www.grupomedcof.com.br\\\/blog\\\/wp-content\\\/uploads\\\/2022\\\/01\\\/logo-medcof.png\",\"width\":768,\"height\":269,\"caption\":\"Grupo MedCof\"},\"image\":{\"@id\":\"https:\\\/\\\/www.grupomedcof.com.br\\\/blog\\\/#\\\/schema\\\/logo\\\/image\\\/\"},\"sameAs\":[\"https:\\\/\\\/www.facebook.com\\\/MedCofQbank\\\/\",\"https:\\\/\\\/www.instagram.com\\\/grupomedcof\\\/\",\"https:\\\/\\\/br.linkedin.com\\\/company\\\/medcof\",\"https:\\\/\\\/www.youtube.com\\\/channel\\\/UCdHMuOHKICxcHwecxN8P-AA\"]},{\"@type\":\"Person\",\"@id\":\"https:\\\/\\\/www.grupomedcof.com.br\\\/blog\\\/#\\\/schema\\\/person\\\/d755ffce500bd0766bbf0e4e6572518f\",\"name\":\"Lu\u00edsa Porto\",\"image\":{\"@type\":\"ImageObject\",\"inLanguage\":\"pt-BR\",\"@id\":\"https:\\\/\\\/www.grupomedcof.com.br\\\/blog\\\/wp-content\\\/uploads\\\/2025\\\/05\\\/cropped-WhatsApp-Image-2025-05-05-at-19.22.15-96x96.jpegd989589e3fd3e4fb9efe9268a95bbcc4\",\"url\":\"https:\\\/\\\/www.grupomedcof.com.br\\\/blog\\\/wp-content\\\/uploads\\\/2025\\\/05\\\/cropped-WhatsApp-Image-2025-05-05-at-19.22.15-96x96.jpeg\",\"contentUrl\":\"https:\\\/\\\/www.grupomedcof.com.br\\\/blog\\\/wp-content\\\/uploads\\\/2025\\\/05\\\/cropped-WhatsApp-Image-2025-05-05-at-19.22.15-96x96.jpeg\",\"caption\":\"Lu\u00edsa Porto\"},\"description\":\"Estudante de Jornalismo do 6\u00ba semestre, encantada pela \u00e1rea da comunica\u00e7\u00e3o e f\u00e3 de automobilismo\",\"url\":\"https:\\\/\\\/www.grupomedcof.com.br\\\/blog\\\/author\\\/porto\\\/\"}]}<\/script>\n<!-- \/ Yoast SEO Premium plugin. -->","yoast_head_json":{"title":"Dispepsia: descubra o que \u00e9, sintomas, causas e como tratar","description":"Dispepsia pode afetar a qualidade de vida, especialmente na terceira idade. Entenda os sinais, quando buscar ajuda m\u00e9dica, diagn\u00f3stico e tratamento eficaz.","robots":{"index":"index","follow":"follow","max-snippet":"max-snippet:-1","max-image-preview":"max-image-preview:large","max-video-preview":"max-video-preview:-1"},"canonical":"https:\/\/www.grupomedcof.com.br\/blog\/conheca-a-dispepsia-uma-condicao-relacionada-a-ma-digestao-em-pacientes-de-idade-avancada\/","og_locale":"pt_BR","og_type":"article","og_title":"Dispepsia: saiba o que \u00e9, sintomas, causas, como tratar e diagn\u00f3stico","og_description":"Dispepsia pode afetar a qualidade de vida, especialmente na terceira idade. Entenda os sinais, quando buscar ajuda m\u00e9dica, diagn\u00f3stico e tratamento eficaz.","og_url":"https:\/\/www.grupomedcof.com.br\/blog\/conheca-a-dispepsia-uma-condicao-relacionada-a-ma-digestao-em-pacientes-de-idade-avancada\/","og_site_name":"Blog de Medcof: conte\u00fados, editais, revalida e mais!","article_publisher":"https:\/\/www.facebook.com\/MedCofQbank\/","article_published_time":"2025-05-20T17:31:00+00:00","article_modified_time":"2025-05-20T18:04:22+00:00","og_image":[{"width":2560,"height":1440,"url":"https:\/\/www.grupomedcof.com.br\/blog\/wp-content\/uploads\/2024\/12\/Blog-MedCof-39-scaled.jpg","type":"image\/jpeg"}],"author":"Lu\u00edsa Porto","twitter_card":"summary_large_image","twitter_misc":{"Escrito por":"Lu\u00edsa Porto","Est. tempo de leitura":"6 minutos"},"schema":{"@context":"https:\/\/schema.org","@graph":[{"@type":"Article","@id":"https:\/\/www.grupomedcof.com.br\/blog\/conheca-a-dispepsia-uma-condicao-relacionada-a-ma-digestao-em-pacientes-de-idade-avancada\/#article","isPartOf":{"@id":"https:\/\/www.grupomedcof.com.br\/blog\/conheca-a-dispepsia-uma-condicao-relacionada-a-ma-digestao-em-pacientes-de-idade-avancada\/"},"author":{"name":"Lu\u00edsa Porto","@id":"https:\/\/www.grupomedcof.com.br\/blog\/#\/schema\/person\/d755ffce500bd0766bbf0e4e6572518f"},"headline":"Dispepsia: saiba o que \u00e9, sintomas, causas, como tratar e diagn\u00f3stico","datePublished":"2025-05-20T17:31:00+00:00","dateModified":"2025-05-20T18:04:22+00:00","mainEntityOfPage":{"@id":"https:\/\/www.grupomedcof.com.br\/blog\/conheca-a-dispepsia-uma-condicao-relacionada-a-ma-digestao-em-pacientes-de-idade-avancada\/"},"wordCount":914,"commentCount":0,"publisher":{"@id":"https:\/\/www.grupomedcof.com.br\/blog\/#organization"},"image":{"@id":"https:\/\/www.grupomedcof.com.br\/blog\/conheca-a-dispepsia-uma-condicao-relacionada-a-ma-digestao-em-pacientes-de-idade-avancada\/#primaryimage"},"thumbnailUrl":"https:\/\/www.grupomedcof.com.br\/blog\/wp-content\/uploads\/2024\/12\/Blog-MedCof-39-scaled.jpg","keywords":["Dispepsia","Patologia","Sinais de alarme"],"articleSection":["Gastroenterologia"],"inLanguage":"pt-BR"},{"@type":"WebPage","@id":"https:\/\/www.grupomedcof.com.br\/blog\/conheca-a-dispepsia-uma-condicao-relacionada-a-ma-digestao-em-pacientes-de-idade-avancada\/","url":"https:\/\/www.grupomedcof.com.br\/blog\/conheca-a-dispepsia-uma-condicao-relacionada-a-ma-digestao-em-pacientes-de-idade-avancada\/","name":"Dispepsia: descubra o que \u00e9, sintomas, causas e como tratar","isPartOf":{"@id":"https:\/\/www.grupomedcof.com.br\/blog\/#website"},"primaryImageOfPage":{"@id":"https:\/\/www.grupomedcof.com.br\/blog\/conheca-a-dispepsia-uma-condicao-relacionada-a-ma-digestao-em-pacientes-de-idade-avancada\/#primaryimage"},"image":{"@id":"https:\/\/www.grupomedcof.com.br\/blog\/conheca-a-dispepsia-uma-condicao-relacionada-a-ma-digestao-em-pacientes-de-idade-avancada\/#primaryimage"},"thumbnailUrl":"https:\/\/www.grupomedcof.com.br\/blog\/wp-content\/uploads\/2024\/12\/Blog-MedCof-39-scaled.jpg","datePublished":"2025-05-20T17:31:00+00:00","dateModified":"2025-05-20T18:04:22+00:00","description":"Dispepsia pode afetar a qualidade de vida, especialmente na terceira idade. Entenda os sinais, quando buscar ajuda m\u00e9dica, diagn\u00f3stico e tratamento eficaz.","breadcrumb":{"@id":"https:\/\/www.grupomedcof.com.br\/blog\/conheca-a-dispepsia-uma-condicao-relacionada-a-ma-digestao-em-pacientes-de-idade-avancada\/#breadcrumb"},"inLanguage":"pt-BR","potentialAction":[{"@type":"ReadAction","target":["https:\/\/www.grupomedcof.com.br\/blog\/conheca-a-dispepsia-uma-condicao-relacionada-a-ma-digestao-em-pacientes-de-idade-avancada\/"]}]},{"@type":"ImageObject","inLanguage":"pt-BR","@id":"https:\/\/www.grupomedcof.com.br\/blog\/conheca-a-dispepsia-uma-condicao-relacionada-a-ma-digestao-em-pacientes-de-idade-avancada\/#primaryimage","url":"https:\/\/www.grupomedcof.com.br\/blog\/wp-content\/uploads\/2024\/12\/Blog-MedCof-39-scaled.jpg","contentUrl":"https:\/\/www.grupomedcof.com.br\/blog\/wp-content\/uploads\/2024\/12\/Blog-MedCof-39-scaled.jpg","width":2560,"height":1440,"caption":"Demonstra\u00e7\u00e3o da regi\u00e3o do est\u00f4mago em uma pessoa com dispepsia"},{"@type":"BreadcrumbList","@id":"https:\/\/www.grupomedcof.com.br\/blog\/conheca-a-dispepsia-uma-condicao-relacionada-a-ma-digestao-em-pacientes-de-idade-avancada\/#breadcrumb","itemListElement":[{"@type":"ListItem","position":1,"name":"In\u00edcio","item":"https:\/\/www.grupomedcof.com.br\/blog\/"},{"@type":"ListItem","position":2,"name":"Dispepsia: saiba o que \u00e9, sintomas, causas, como tratar e diagn\u00f3stico"}]},{"@type":"WebSite","@id":"https:\/\/www.grupomedcof.com.br\/blog\/#website","url":"https:\/\/www.grupomedcof.com.br\/blog\/","name":"Blog de Medcof: conte\u00fados, editais, revalida e mais!","description":"Acesso o blog de MedCof! Seu portal de conte\u00fados sobre resid\u00eancia m\u00e9dica, an\u00e1lise e editais e muito mais. Clique e confira!","publisher":{"@id":"https:\/\/www.grupomedcof.com.br\/blog\/#organization"},"alternateName":"Blog de Medcof: conte\u00fados, editais, revalida e mais!","potentialAction":[{"@type":"SearchAction","target":{"@type":"EntryPoint","urlTemplate":"https:\/\/www.grupomedcof.com.br\/blog\/?s={search_term_string}"},"query-input":{"@type":"PropertyValueSpecification","valueRequired":true,"valueName":"search_term_string"}}],"inLanguage":"pt-BR"},{"@type":"Organization","@id":"https:\/\/www.grupomedcof.com.br\/blog\/#organization","name":"Grupo MedCof","url":"https:\/\/www.grupomedcof.com.br\/blog\/","logo":{"@type":"ImageObject","inLanguage":"pt-BR","@id":"https:\/\/www.grupomedcof.com.br\/blog\/#\/schema\/logo\/image\/","url":"https:\/\/www.grupomedcof.com.br\/blog\/wp-content\/uploads\/2022\/01\/logo-medcof.png","contentUrl":"https:\/\/www.grupomedcof.com.br\/blog\/wp-content\/uploads\/2022\/01\/logo-medcof.png","width":768,"height":269,"caption":"Grupo MedCof"},"image":{"@id":"https:\/\/www.grupomedcof.com.br\/blog\/#\/schema\/logo\/image\/"},"sameAs":["https:\/\/www.facebook.com\/MedCofQbank\/","https:\/\/www.instagram.com\/grupomedcof\/","https:\/\/br.linkedin.com\/company\/medcof","https:\/\/www.youtube.com\/channel\/UCdHMuOHKICxcHwecxN8P-AA"]},{"@type":"Person","@id":"https:\/\/www.grupomedcof.com.br\/blog\/#\/schema\/person\/d755ffce500bd0766bbf0e4e6572518f","name":"Lu\u00edsa Porto","image":{"@type":"ImageObject","inLanguage":"pt-BR","@id":"https:\/\/www.grupomedcof.com.br\/blog\/wp-content\/uploads\/2025\/05\/cropped-WhatsApp-Image-2025-05-05-at-19.22.15-96x96.jpegd989589e3fd3e4fb9efe9268a95bbcc4","url":"https:\/\/www.grupomedcof.com.br\/blog\/wp-content\/uploads\/2025\/05\/cropped-WhatsApp-Image-2025-05-05-at-19.22.15-96x96.jpeg","contentUrl":"https:\/\/www.grupomedcof.com.br\/blog\/wp-content\/uploads\/2025\/05\/cropped-WhatsApp-Image-2025-05-05-at-19.22.15-96x96.jpeg","caption":"Lu\u00edsa Porto"},"description":"Estudante de Jornalismo do 6\u00ba semestre, encantada pela \u00e1rea da comunica\u00e7\u00e3o e f\u00e3 de automobilismo","url":"https:\/\/www.grupomedcof.com.br\/blog\/author\/porto\/"}]}},"authors":[{"term_id":3618,"user_id":23,"is_guest":0,"slug":"porto","display_name":"Lu\u00edsa Porto","avatar_url":"https:\/\/www.grupomedcof.com.br\/blog\/wp-content\/uploads\/2025\/05\/cropped-WhatsApp-Image-2025-05-05-at-19.22.15-96x96.jpeg","0":null,"1":"","2":"","3":"","4":"","5":"","6":"","7":"","8":""}],"_links":{"self":[{"href":"https:\/\/www.grupomedcof.com.br\/blog\/wp-json\/wp\/v2\/posts\/32717","targetHints":{"allow":["GET"]}}],"collection":[{"href":"https:\/\/www.grupomedcof.com.br\/blog\/wp-json\/wp\/v2\/posts"}],"about":[{"href":"https:\/\/www.grupomedcof.com.br\/blog\/wp-json\/wp\/v2\/types\/post"}],"author":[{"embeddable":true,"href":"https:\/\/www.grupomedcof.com.br\/blog\/wp-json\/wp\/v2\/users\/23"}],"replies":[{"embeddable":true,"href":"https:\/\/www.grupomedcof.com.br\/blog\/wp-json\/wp\/v2\/comments?post=32717"}],"version-history":[{"count":1,"href":"https:\/\/www.grupomedcof.com.br\/blog\/wp-json\/wp\/v2\/posts\/32717\/revisions"}],"predecessor-version":[{"id":35854,"href":"https:\/\/www.grupomedcof.com.br\/blog\/wp-json\/wp\/v2\/posts\/32717\/revisions\/35854"}],"wp:featuredmedia":[{"embeddable":true,"href":"https:\/\/www.grupomedcof.com.br\/blog\/wp-json\/wp\/v2\/media\/32719"}],"wp:attachment":[{"href":"https:\/\/www.grupomedcof.com.br\/blog\/wp-json\/wp\/v2\/media?parent=32717"}],"wp:term":[{"taxonomy":"category","embeddable":true,"href":"https:\/\/www.grupomedcof.com.br\/blog\/wp-json\/wp\/v2\/categories?post=32717"},{"taxonomy":"post_tag","embeddable":true,"href":"https:\/\/www.grupomedcof.com.br\/blog\/wp-json\/wp\/v2\/tags?post=32717"},{"taxonomy":"author","embeddable":true,"href":"https:\/\/www.grupomedcof.com.br\/blog\/wp-json\/wp\/v2\/ppma_author?post=32717"}],"curies":[{"name":"wp","href":"https:\/\/api.w.org\/{rel}","templated":true}]}}