{"id":32727,"date":"2025-08-31T15:46:40","date_gmt":"2025-08-31T18:46:40","guid":{"rendered":"https:\/\/www.grupomedcof.com.br\/blog\/?p=32727"},"modified":"2025-12-01T17:59:41","modified_gmt":"2025-12-01T20:59:41","slug":"causas-e-efeitos-entenda-a-paralisia-facial","status":"publish","type":"post","link":"https:\/\/www.grupomedcof.com.br\/blog\/causas-e-efeitos-entenda-a-paralisia-facial\/","title":{"rendered":"Paralisia Facial: conhe\u00e7a as causas, sintomas, diagn\u00f3stico e manejo"},"content":{"rendered":"<div id=\"ez-toc-container\" class=\"ez-toc-v2_0_74 counter-hierarchy ez-toc-counter ez-toc-transparent ez-toc-container-direction\">\n<div class=\"ez-toc-title-container\">\n<p class=\"ez-toc-title\" style=\"cursor:inherit\">Sum\u00e1rio<\/p>\n<span class=\"ez-toc-title-toggle\"><a href=\"#\" class=\"ez-toc-pull-right ez-toc-btn ez-toc-btn-xs ez-toc-btn-default ez-toc-toggle\" aria-label=\"Alternar tabela de conte\u00fado\"><span class=\"ez-toc-js-icon-con\"><span class=\"\"><span class=\"eztoc-hide\" style=\"display:none;\">Toggle<\/span><span class=\"ez-toc-icon-toggle-span\"><svg style=\"fill: #999;color:#999\" xmlns=\"http:\/\/www.w3.org\/2000\/svg\" class=\"list-377408\" width=\"20px\" height=\"20px\" viewBox=\"0 0 24 24\" fill=\"none\"><path d=\"M6 6H4v2h2V6zm14 0H8v2h12V6zM4 11h2v2H4v-2zm16 0H8v2h12v-2zM4 16h2v2H4v-2zm16 0H8v2h12v-2z\" fill=\"currentColor\"><\/path><\/svg><svg style=\"fill: #999;color:#999\" class=\"arrow-unsorted-368013\" xmlns=\"http:\/\/www.w3.org\/2000\/svg\" width=\"10px\" height=\"10px\" viewBox=\"0 0 24 24\" version=\"1.2\" baseProfile=\"tiny\"><path d=\"M18.2 9.3l-6.2-6.3-6.2 6.3c-.2.2-.3.4-.3.7s.1.5.3.7c.2.2.4.3.7.3h11c.3 0 .5-.1.7-.3.2-.2.3-.5.3-.7s-.1-.5-.3-.7zM5.8 14.7l6.2 6.3 6.2-6.3c.2-.2.3-.5.3-.7s-.1-.5-.3-.7c-.2-.2-.4-.3-.7-.3h-11c-.3 0-.5.1-.7.3-.2.2-.3.5-.3.7s.1.5.3.7z\"\/><\/svg><\/span><\/span><\/span><\/a><\/span><\/div>\n<nav><ul class='ez-toc-list ez-toc-list-level-1 ' ><li class='ez-toc-page-1 ez-toc-heading-level-2'><a class=\"ez-toc-link ez-toc-heading-1\" href=\"https:\/\/www.grupomedcof.com.br\/blog\/causas-e-efeitos-entenda-a-paralisia-facial\/#Causas_e_fatores_de_risco_da_paralisia_facial\" >Causas e fatores de risco da paralisia facial<\/a><\/li><li class='ez-toc-page-1 ez-toc-heading-level-2'><a class=\"ez-toc-link ez-toc-heading-2\" href=\"https:\/\/www.grupomedcof.com.br\/blog\/causas-e-efeitos-entenda-a-paralisia-facial\/#Principais_sintomas_da_paralisia_facial\" >Principais sintomas da paralisia facial<\/a><\/li><li class='ez-toc-page-1 ez-toc-heading-level-2'><a class=\"ez-toc-link ez-toc-heading-3\" href=\"https:\/\/www.grupomedcof.com.br\/blog\/causas-e-efeitos-entenda-a-paralisia-facial\/#Diagnostico_da_paralisia_facial\" >Diagn\u00f3stico da paralisia facial<\/a><\/li><li class='ez-toc-page-1 ez-toc-heading-level-2'><a class=\"ez-toc-link ez-toc-heading-4\" href=\"https:\/\/www.grupomedcof.com.br\/blog\/causas-e-efeitos-entenda-a-paralisia-facial\/#Tratamento_medicamentoso_para_paralisia_facial\" >Tratamento medicamentoso para paralisia facial<\/a><ul class='ez-toc-list-level-3' ><li class='ez-toc-heading-level-3'><a class=\"ez-toc-link ez-toc-heading-5\" href=\"https:\/\/www.grupomedcof.com.br\/blog\/causas-e-efeitos-entenda-a-paralisia-facial\/#Cuidados_oculares_e_prevencao_de_complicacoes\" >Cuidados oculares e preven\u00e7\u00e3o de complica\u00e7\u00f5es<\/a><\/li><\/ul><\/li><li class='ez-toc-page-1 ez-toc-heading-level-2'><a class=\"ez-toc-link ez-toc-heading-6\" href=\"https:\/\/www.grupomedcof.com.br\/blog\/causas-e-efeitos-entenda-a-paralisia-facial\/#Tratamento_fisioterapeutico_e_fonoaudiologico_para_paralisia_facial\" >Tratamento fisioterap\u00eautico e fonoaudiol\u00f3gico para paralisia facial<\/a><\/li><li class='ez-toc-page-1 ez-toc-heading-level-2'><a class=\"ez-toc-link ez-toc-heading-7\" href=\"https:\/\/www.grupomedcof.com.br\/blog\/causas-e-efeitos-entenda-a-paralisia-facial\/#Abordagem_cirurgica_na_paralisia_facial\" >Abordagem cir\u00fargica na paralisia facial<\/a><\/li><li class='ez-toc-page-1 ez-toc-heading-level-2'><a class=\"ez-toc-link ez-toc-heading-8\" href=\"https:\/\/www.grupomedcof.com.br\/blog\/causas-e-efeitos-entenda-a-paralisia-facial\/#Complicacoes_da_paralisia_facial_nao_tratada\" >Complica\u00e7\u00f5es da paralisia facial n\u00e3o tratada<\/a><\/li><li class='ez-toc-page-1 ez-toc-heading-level-2'><a class=\"ez-toc-link ez-toc-heading-9\" href=\"https:\/\/www.grupomedcof.com.br\/blog\/causas-e-efeitos-entenda-a-paralisia-facial\/#Prevencao_da_paralisia_facial\" >Preven\u00e7\u00e3o da paralisia facial<\/a><\/li><li class='ez-toc-page-1 ez-toc-heading-level-2'><a class=\"ez-toc-link ez-toc-heading-10\" href=\"https:\/\/www.grupomedcof.com.br\/blog\/causas-e-efeitos-entenda-a-paralisia-facial\/#Consideracoes_e_Prognostico\" >Considera\u00e7\u00f5es e Progn\u00f3stico<\/a><ul class='ez-toc-list-level-3' ><li class='ez-toc-heading-level-3'><a class=\"ez-toc-link ez-toc-heading-11\" href=\"https:\/\/www.grupomedcof.com.br\/blog\/causas-e-efeitos-entenda-a-paralisia-facial\/#Consideracoes_especiais_em_grupos_especificos\" >Considera\u00e7\u00f5es especiais em grupos espec\u00edficos<\/a><\/li><\/ul><\/li><li class='ez-toc-page-1 ez-toc-heading-level-2'><a class=\"ez-toc-link ez-toc-heading-12\" href=\"https:\/\/www.grupomedcof.com.br\/blog\/causas-e-efeitos-entenda-a-paralisia-facial\/#Seja_um_MedCofer\" >Seja um MedCofer!<\/a><\/li><\/ul><\/nav><\/div>\n\n<figure class=\"wp-block-image size-large\"><img loading=\"lazy\" decoding=\"async\" width=\"1024\" height=\"576\" src=\"https:\/\/www.grupomedcof.com.br\/blog\/wp-content\/uploads\/2024\/12\/Blog-MedCof-35-1-1024x576.png\" alt=\"\" class=\"wp-image-32729\" srcset=\"https:\/\/www.grupomedcof.com.br\/blog\/wp-content\/uploads\/2024\/12\/Blog-MedCof-35-1-1024x576.png 1024w, https:\/\/www.grupomedcof.com.br\/blog\/wp-content\/uploads\/2024\/12\/Blog-MedCof-35-1-300x169.png 300w, https:\/\/www.grupomedcof.com.br\/blog\/wp-content\/uploads\/2024\/12\/Blog-MedCof-35-1-768x432.png 768w, https:\/\/www.grupomedcof.com.br\/blog\/wp-content\/uploads\/2024\/12\/Blog-MedCof-35-1-1536x864.png 1536w, https:\/\/www.grupomedcof.com.br\/blog\/wp-content\/uploads\/2024\/12\/Blog-MedCof-35-1-2048x1152.png 2048w, https:\/\/www.grupomedcof.com.br\/blog\/wp-content\/uploads\/2024\/12\/Blog-MedCof-35-1-747x420.png 747w, https:\/\/www.grupomedcof.com.br\/blog\/wp-content\/uploads\/2024\/12\/Blog-MedCof-35-1-150x84.png 150w, https:\/\/www.grupomedcof.com.br\/blog\/wp-content\/uploads\/2024\/12\/Blog-MedCof-35-1-696x392.png 696w, https:\/\/www.grupomedcof.com.br\/blog\/wp-content\/uploads\/2024\/12\/Blog-MedCof-35-1-1068x601.png 1068w, https:\/\/www.grupomedcof.com.br\/blog\/wp-content\/uploads\/2024\/12\/Blog-MedCof-35-1-1920x1080.png 1920w\" sizes=\"auto, (max-width: 1024px) 100vw, 1024px\" \/><\/figure>\n\n\n\n<p>A<strong> paralisia facial <\/strong>\u00e9 a <strong>perda de movimento de um lado da face<\/strong>, afetando express\u00f5es, fala e vis\u00e3o. Suas causas incluem <strong>infec\u00e7\u00f5es, traumas, tumores e doen\u00e7as neurol\u00f3gicas.<\/strong> Os sintomas envolvem <strong>fraqueza facial, dificuldade para fechar o olho, altera\u00e7\u00f5es na fala e paladar.<\/strong> O diagn\u00f3stico \u00e9<strong> cl\u00ednico<\/strong>, complementado por <strong>exames de imagem<\/strong> e <strong>laboratoriais, <\/strong>j\u00e1 o manejo inclui <strong>medica\u00e7\u00e3o, fisioterapia, prote\u00e7\u00e3o ocula<\/strong>r e, em casos graves, <strong>cirurgia.<\/strong><\/p>\n\n\n\n<h2 class=\"wp-block-heading\" id=\"h-causas-e-fatores-de-risco-da-paralisia-facial\"><span class=\"ez-toc-section\" id=\"Causas_e_fatores_de_risco_da_paralisia_facial\"><\/span><strong>Causas e fatores de risco da paralisia facial<\/strong><span class=\"ez-toc-section-end\"><\/span><\/h2>\n\n\n\n<p>A condi\u00e7\u00e3o pode ser desencadeada por diversas causas, sendo a<strong> Paralisia de Bell<\/strong> a mais comum. Entre os fatores de risco, destacam-se <strong>diabetes mellitus, gesta\u00e7\u00e3o no terceiro trimestre, hipertens\u00e3o e infec\u00e7\u00f5es virais recentes<\/strong>, que aumentam a susceptibilidade \u00e0 inflama\u00e7\u00e3o e compress\u00e3o do nervo facial. Outros fatores incluem <strong>traumas, tumores e condi\u00e7\u00f5es autoimunes, <\/strong>que devem ser avaliados em <strong>casos at\u00edpicos.<\/strong><\/p>\n\n\n\n<h2 class=\"wp-block-heading\" id=\"h-principais-sintomas-da-paralisia-facial\"><span class=\"ez-toc-section\" id=\"Principais_sintomas_da_paralisia_facial\"><\/span><strong>Principais sintomas da paralisia facial<\/strong><span class=\"ez-toc-section-end\"><\/span><\/h2>\n\n\n\n<p>Na <strong>paralisia facial perif\u00e9rica<\/strong>, h\u00e1 <strong>fraqueza ou paralisia de toda a hemiface<\/strong>, incluindo <strong>m\u00fasculos superiores e inferiores<\/strong>, com <strong>dificuldade para fechar o olho, sorrir, franzir a testa<\/strong>, altera\u00e7\u00f5es no <strong>paladar<\/strong> e <strong>hipersensibilidade sonora<\/strong>.Na <strong>paralisia facial central<\/strong>, a fraqueza geralmente afeta apenas a <strong>parte inferior da face<\/strong>, preservando <strong>m\u00fasculos da testa e fechamento ocular<\/strong>, e \u00e9 frequentemente associada a <strong>outras manifesta\u00e7\u00f5es neurol\u00f3gicas<\/strong>, como <strong>hemiparesia ou altera\u00e7\u00f5es de linguagem<\/strong>.<\/p>\n\n\n\n<h2 class=\"wp-block-heading\" id=\"h-diagnostico-da-paralisia-facial\"><span class=\"ez-toc-section\" id=\"Diagnostico_da_paralisia_facial\"><\/span><strong>Diagn\u00f3stico da paralisia facial<\/strong><span class=\"ez-toc-section-end\"><\/span><\/h2>\n\n\n\n<p>O <strong>diagn\u00f3stico da paralisia facial<\/strong> \u00e9 principalmente <strong>cl\u00ednico<\/strong>, baseado em <strong>exame neurol\u00f3gico detalhado<\/strong> e avalia\u00e7\u00e3o da <strong>fraqueza dos m\u00fasculos da face<\/strong>. \u00c9 fundamental <strong>diferenciar causas perif\u00e9ricas<\/strong>, que afetam <strong>toda a hemiface<\/strong>, de <strong>causas centrais<\/strong>, que geralmente comprometem apenas a <strong>parte inferior da face<\/strong> e podem associar-se a <strong>outros d\u00e9ficits neurol\u00f3gicos<\/strong>.<\/p>\n\n\n\n<p>Em casos selecionados, <strong>exames complementares<\/strong> podem ser solicitados: <strong>resson\u00e2ncia magn\u00e9tica (RM) ou tomografia computadorizada (TC) de cr\u00e2nio<\/strong> para descartar <strong>AVCs ou tumores<\/strong>, <strong>exames laboratoriais<\/strong> (glicemia, sorologias virais, autoanticorpos) para investigar causas sist\u00eamicas, e <strong>eletroneuromiografia<\/strong> para avaliar a <strong>extens\u00e3o e gravidade da les\u00e3o nervosa<\/strong>.<\/p>\n\n\n\n<h2 class=\"wp-block-heading\" id=\"h-tratamento-medicamentoso-para-paralisia-facial\"><span class=\"ez-toc-section\" id=\"Tratamento_medicamentoso_para_paralisia_facial\"><\/span><strong><strong>Tratamento medicamentoso para paralisia facial<\/strong><\/strong><span class=\"ez-toc-section-end\"><\/span><\/h2>\n\n\n\n<p>O <strong>tratamento medicamentoso<\/strong> da <strong>paralisia facial perif\u00e9rica<\/strong>, especialmente da <strong>Paralisia de Bell<\/strong>, inclui <strong>corticosteroides<\/strong> como primeira escolha para reduzir <strong>inflama\u00e7\u00e3o e edema do nervo facial<\/strong>. O uso de <strong>antivirais<\/strong> (como <strong>aciclovir e valaciclovir<\/strong>) pode ser considerado em casos suspeitos de <strong>infec\u00e7\u00e3o por herpes simplex<\/strong>, mas sua <strong>efic\u00e1cia isolada \u00e9 limitada<\/strong>, sendo mais \u00fatil quando associado a corticosteroides.<\/p>\n\n\n\n<p>A <strong>janela terap\u00eautica ideal<\/strong> para iniciar o tratamento \u00e9 nas <strong>primeiras 72 horas ap\u00f3s o in\u00edcio dos sintomas<\/strong>, com esquemas posol\u00f3gicos espec\u00edficos conforme protocolo cl\u00ednico. <strong>Tratamentos adjuvantes<\/strong> incluem <strong>vitaminas do complexo B<\/strong> e <strong>acupuntura<\/strong>, que podem auxiliar na recupera\u00e7\u00e3o funcional, embora apresentem <strong>n\u00edvel de evid\u00eancia moderado a baixo<\/strong>.<\/p>\n\n\n\n<figure class=\"wp-block-image\"><img decoding=\"async\" src=\"https:\/\/lh7-rt.googleusercontent.com\/docsz\/AD_4nXfX1DuK6oOI_WsYR5DxdZPA7ois0R5GygLpcHje34s4HqUeS3TDGDOsae2X9WJNtPVBoBpFp5nQATxldSWp8fPvJZPM1QaC0DrWxz_mRPKaErWXXUr8ZU2h-duekEuC4PYUWo-bhQ?key=Qi2sww3bt-KDay1UNnbu7_x6\" alt=\"\"\/><figcaption class=\"wp-element-caption\">Fonte: Acervo de Aulas do Grupo MedCof.<\/figcaption><\/figure>\n\n\n\n<h3 class=\"wp-block-heading\" id=\"h-cuidados-oculares-e-prevencao-de-complicacoes\"><span class=\"ez-toc-section\" id=\"Cuidados_oculares_e_prevencao_de_complicacoes\"><\/span><strong>Cuidados oculares e preven\u00e7\u00e3o de complica\u00e7\u00f5es<\/strong><span class=\"ez-toc-section-end\"><\/span><\/h3>\n\n\n\n<p>Pacientes com <strong>lagoftalmo<\/strong> (incapacidade de fechar totalmente o olho) precisam de <strong>prote\u00e7\u00e3o ocular rigorosa <\/strong>para evitar <strong>ceratite e \u00falceras de c\u00f3rnea<\/strong>. Medidas recomendadas incluem <strong>lubrificantes oculares frequentes, oclus\u00e3o palpebral noturna e uso de \u00f3culos protetores durante o dia.<\/strong><\/p>\n\n\n\n<p>\u00c9 importante monitorar<strong> sinais de alerta<\/strong>, como <strong>vermelhid\u00e3o intensa, dor ocular, secre\u00e7\u00e3o ou diminui\u00e7\u00e3o da vis\u00e3o<\/strong>, que requerem avalia\u00e7\u00e3o oftalmol\u00f3gica <strong>urgente<\/strong> para prevenir complica\u00e7\u00f5es permanentes.<\/p>\n\n\n\n<h2 class=\"wp-block-heading\" id=\"h-tratamento-fisioterapeutico-e-fonoaudiologico-para-paralisia-facial\"><span class=\"ez-toc-section\" id=\"Tratamento_fisioterapeutico_e_fonoaudiologico_para_paralisia_facial\"><\/span><strong>Tratamento fisioterap\u00eautico e fonoaudiol\u00f3gico para paralisia facial<\/strong><span class=\"ez-toc-section-end\"><\/span><\/h2>\n\n\n\n<p>A <strong>fisioterapia<\/strong> \u00e9 fundamental para <strong>recupera\u00e7\u00e3o funcional<\/strong> dos m\u00fasculos da face, prevenindo <strong>atrofia e sincinesias<\/strong>. T\u00e9cnicas utilizadas incluem <strong>exerc\u00edcios de fortalecimento muscular, estimula\u00e7\u00e3o el\u00e9trica neuromuscular, massagens faciais<\/strong> e <strong>treinamento de movimentos espec\u00edficos<\/strong>, visando restaurar a <strong>simetria e mobilidade facial<\/strong>.<\/p>\n\n\n\n<p>A <strong>fonoaudiologia<\/strong> \u00e9 essencial em casos com <strong>dificuldades de fala, articula\u00e7\u00e3o ou degluti\u00e7\u00e3o<\/strong>, oferecendo <strong>exerc\u00edcios de reeduca\u00e7\u00e3o motora oral, treino de respira\u00e7\u00e3o e degluti\u00e7\u00e3o segura<\/strong>, contribuindo para <strong>melhora da comunica\u00e7\u00e3o e preven\u00e7\u00e3o de aspira\u00e7\u00e3o<\/strong>.<\/p>\n\n\n\n<h2 class=\"wp-block-heading\" id=\"h-abordagem-cirurgica-na-paralisia-facial\"><span class=\"ez-toc-section\" id=\"Abordagem_cirurgica_na_paralisia_facial\"><\/span><strong>Abordagem cir\u00fargica na paralisia facial<\/strong><span class=\"ez-toc-section-end\"><\/span><\/h2>\n\n\n\n<p>A <strong>interven\u00e7\u00e3o cir\u00fargica<\/strong> \u00e9 indicada em casos de <strong>paralisia facial grave, persistente ou progressiva<\/strong>, quando h\u00e1 <strong>falha no tratamento conservador<\/strong> ou presen\u00e7a de <strong>trauma, tumores ou les\u00f5es nervosas extensas<\/strong>.<\/p>\n\n\n\n<p>Os <strong>tipos de cirurgia<\/strong> incluem:<\/p>\n\n\n\n<ul class=\"wp-block-list\">\n<li><strong>Descompress\u00e3o do nervo facial<\/strong>: indicada em compress\u00f5es agudas, como na Paralisia de Bell grave;<\/li>\n\n\n\n<li><strong>Neurorrafia ou enxerto nervoso<\/strong>: para reconstru\u00e7\u00e3o do nervo em casos de <strong>les\u00f5es traum\u00e1ticas<\/strong>;<\/li>\n\n\n\n<li><strong>Transfer\u00eancia muscular ou procedimentos de reabilita\u00e7\u00e3o est\u00e9tica<\/strong>: quando h\u00e1 <strong>atrofia muscular cr\u00f4nica<\/strong>, visando <strong>restaurar simetria e fun\u00e7\u00e3o facial<\/strong>.<\/li>\n<\/ul>\n\n\n\n<figure class=\"wp-block-image\"><img decoding=\"async\" src=\"https:\/\/lh7-rt.googleusercontent.com\/docsz\/AD_4nXc_HsIkh4s0nkLpA3333RBxgjUmYMfkNp57HcfGNE5AvSR8RQMwDyOJvCGPem9gUZ0ThUCH1GNnMMlfqvKPvNLwMhkv01CphNncRIRcUIUgCwVDlaIMgGfODB8j0VCM7F0c_876qA?key=_CbFy_qKtUEJtyIvRZ5Rrg\" alt=\"\"\/><figcaption class=\"wp-element-caption\"><strong>Justin Bieber via instagram | Fonte: O Globo<\/strong><\/figcaption><\/figure>\n\n\n\n<h2 class=\"wp-block-heading\" id=\"h-complicacoes-da-paralisia-facial-nao-tratada\"><span class=\"ez-toc-section\" id=\"Complicacoes_da_paralisia_facial_nao_tratada\"><\/span><strong>Complica\u00e7\u00f5es da paralisia facial n\u00e3o tratada<\/strong><span class=\"ez-toc-section-end\"><\/span><\/h2>\n\n\n\n<p>A <strong>paralisia facial n\u00e3o tratada<\/strong> pode levar a diversas complica\u00e7\u00f5es, como:<\/p>\n\n\n\n<ul class=\"wp-block-list\">\n<li><strong>Sincinesias<\/strong> (movimentos involunt\u00e1rios durante a recupera\u00e7\u00e3o);<\/li>\n\n\n\n<li><strong>Atrofia muscular e perda de simetria facial;<\/strong><\/li>\n\n\n\n<li><strong>Lagoftalmo<\/strong> com <strong>ceratite ou \u00falcera de c\u00f3rnea;<\/strong><\/li>\n\n\n\n<li><strong>Altera\u00e7\u00f5es de fala e degluti\u00e7\u00e3o;<\/strong><\/li>\n\n\n\n<li><strong>Impacto psicol\u00f3gico<\/strong>, incluindo <strong>ansiedade e depress\u00e3o.<\/strong><\/li>\n<\/ul>\n\n\n\n<p>O <a href=\"https:\/\/www.grupomedcof.com.br\/blog\/55-especialidades-medicas\/\"><strong>acompanhamento multiprofissional<\/strong> <\/a>\u00e9 essencial, envolvendo <strong>neurologia, otorrinolaringologia, fisioterapia e fonoaudiologia<\/strong>, garantindo <strong>recupera\u00e7\u00e3o funcional, preven\u00e7\u00e3o de complica\u00e7\u00f5es e suporte integral ao paciente<\/strong>.<\/p>\n\n\n\n<h2 class=\"wp-block-heading\" id=\"h-prevencao-da-paralisia-facial\"><span class=\"ez-toc-section\" id=\"Prevencao_da_paralisia_facial\"><\/span><strong>Preven\u00e7\u00e3o da paralisia facial<\/strong><span class=\"ez-toc-section-end\"><\/span><\/h2>\n\n\n\n<p>Embora <strong>nem todas as formas de paralisia facial sejam evit\u00e1veis<\/strong>, algumas medidas podem reduzir o risco. Entre elas est\u00e3o o <strong>controle rigoroso do diabetes<\/strong>, o <strong>tratamento adequado de infec\u00e7\u00f5es das vias a\u00e9reas superiores e otites<\/strong>, e a <strong>vacina\u00e7\u00e3o contra herpes z\u00f3ster em idosos<\/strong>. Al\u00e9m disso, o <strong>manejo precoce de fatores de risco cardiovasculares<\/strong> contribui para a preven\u00e7\u00e3o de <strong>AVCs<\/strong>, que podem provocar <strong>paralisia facial central<\/strong>.<\/p>\n\n\n\n<h2 class=\"wp-block-heading\" id=\"h-consideracoes-e-prognostico\"><span class=\"ez-toc-section\" id=\"Consideracoes_e_Prognostico\"><\/span><strong>Considera\u00e7\u00f5es e Progn\u00f3stico<\/strong><span class=\"ez-toc-section-end\"><\/span><\/h2>\n\n\n\n<p>O <strong>progn\u00f3stico da paralisia facial<\/strong> depende de fatores como <strong>idade do paciente, comorbidades (como diabetes), gravidade inicial da <\/strong><a href=\"https:\/\/www.grupomedcof.com.br\/blog\/sindrome-de-moebius-tudo-o-que-voce-precisa-saber\/\"><strong>paralisia<\/strong><\/a> e <strong>tempo para in\u00edcio do tratamento<\/strong>. Quanto mais precoce o manejo, maior a chance de <strong>recupera\u00e7\u00e3o completa<\/strong>.<\/p>\n\n\n\n<p>O <strong>curso temporal t\u00edpico<\/strong> envolve uma <strong>fase inicial de flacidez muscular<\/strong>, seguida por <strong>recupera\u00e7\u00e3o gradual da for\u00e7a<\/strong> ao longo de semanas a meses. Durante a regenera\u00e7\u00e3o, podem ocorrer <strong>sincinesias<\/strong> \u2014 movimentos involunt\u00e1rios associados \u00e0 contra\u00e7\u00e3o de m\u00fasculos diferentes \u2014 identificadas, por exemplo, quando o <strong>paciente sorri e o olho se fecha involuntariamente<\/strong>. O <strong>acompanhamento multiprofissional<\/strong> ajuda a minimizar esses efeitos e otimizar a fun\u00e7\u00e3o facial.<\/p>\n\n\n\n<h3 class=\"wp-block-heading\" id=\"h-consideracoes-especiais-em-grupos-especificos\"><span class=\"ez-toc-section\" id=\"Consideracoes_especiais_em_grupos_especificos\"><\/span><strong>Considera\u00e7\u00f5es especiais em grupos espec\u00edficos<\/strong><span class=\"ez-toc-section-end\"><\/span><\/h3>\n\n\n\n<p>Em <strong>pacientes pedi\u00e1tricos<\/strong>, a paralisia facial geralmente apresenta <strong>melhor progn\u00f3stico<\/strong>, mas exige <strong>avalia\u00e7\u00e3o cuidadosa para causas cong\u00eanitas ou infecciosas<\/strong> e acompanhamento de <strong>fisioterapia precoce<\/strong>.<\/p>\n\n\n\n<p>Em <strong>gestantes<\/strong>, especialmente no <strong>terceiro trimestre<\/strong>, o tratamento deve equilibrar <strong>efic\u00e1cia e seguran\u00e7a materno-fetal<\/strong>, priorizando <strong>corticosteroides em doses seguras<\/strong> e cuidados oculares rigorosos.<\/p>\n\n\n\n<p>Pacientes com <strong>diabetes, imunossupress\u00e3o ou outras comorbidades<\/strong> requerem <strong>monitoramento mais atento<\/strong>, devido ao risco aumentado de <strong>infec\u00e7\u00f5es, atraso na recupera\u00e7\u00e3o e complica\u00e7\u00f5es oculares<\/strong>.Em <strong>pacientes idosos<\/strong>, a recupera\u00e7\u00e3o tende a ser mais lenta, sendo essencial <strong>abordagem multiprofissional<\/strong>, controle rigoroso de <strong>fatores de risco cardiovasculares<\/strong> e <strong>preven\u00e7\u00e3o de complica\u00e7\u00f5es<\/strong> para preservar <strong>fun\u00e7\u00e3o e qualidade de vida<\/strong>.<\/p>\n\n\n\n<h2 class=\"wp-block-heading\" id=\"h-seja-um-medcofer\"><span class=\"ez-toc-section\" id=\"Seja_um_MedCofer\"><\/span><strong>Seja um MedCofer!<\/strong><span class=\"ez-toc-section-end\"><\/span><\/h2>\n\n\n\n<p>Na <a href=\"https:\/\/www.grupomedcof.com.br\/home\/\"><strong>MedCof<\/strong><\/a>, <strong>a<\/strong><a href=\"https:\/\/www.grupomedcof.com.br\/home\/sobre-nos\"><strong> prepara\u00e7\u00e3o vai muito al\u00e9m das provas<\/strong><\/a>. Nosso objetivo \u00e9 formar m\u00e9dicos s\u00f3lidos e confintes, oferecendo <strong>aprendizado completo nos pilares te\u00f3ricos, cl\u00ednicos e pr\u00e1ticos<\/strong>, fundamentais tanto para a <a href=\"https:\/\/www.grupomedcof.com.br\/blog\/o-que-e-residencia-medica\/\">resid\u00eancia<\/a> quanto para a pr\u00e1tica m\u00e9dica real.<\/p>\n\n\n\n<figure class=\"wp-block-embed is-type-video is-provider-youtube wp-block-embed-youtube wp-embed-aspect-16-9 wp-has-aspect-ratio\"><div class=\"wp-block-embed__wrapper\">\n<div class=\"youtube-embed\" data-video_id=\"i6ZWw61djio\"><iframe loading=\"lazy\" title=\"Cirurgia Pl\u00e1stica - Paralisia facial: Causas e Tratamentos. Com Dr. Rafael Pallerosi\" width=\"696\" height=\"392\" src=\"https:\/\/www.youtube.com\/embed\/i6ZWw61djio?feature=oembed&#038;enablejsapi=1\" frameborder=\"0\" allow=\"accelerometer; autoplay; clipboard-write; encrypted-media; gyroscope; picture-in-picture; web-share\" referrerpolicy=\"strict-origin-when-cross-origin\" allowfullscreen><\/iframe><\/div>\n<\/div><\/figure>\n","protected":false},"excerpt":{"rendered":"<p>A paralisia facial \u00e9 uma condi\u00e7\u00e3o neurol\u00f3gica que afeta a capacidade de controle dos m\u00fasculos faciais, resultando em perda de movimento em um lado do rosto.<\/p>\n","protected":false},"author":2,"featured_media":32728,"comment_status":"open","ping_status":"open","sticky":false,"template":"","format":"standard","meta":{"footnotes":""},"categories":[135],"tags":[2413],"ppma_author":[3612],"class_list":{"0":"post-32727","1":"post","2":"type-post","3":"status-publish","4":"format-standard","5":"has-post-thumbnail","7":"category-cirurgia-geral","8":"tag-paralisia-facial"},"yoast_head":"<!-- This site is optimized with the Yoast SEO Premium plugin v24.3 (Yoast SEO v27.4) - https:\/\/yoast.com\/product\/yoast-seo-premium-wordpress\/ -->\n<title>Paralisia Facial: veja suas causas e como realizar o diagn\u00f3stico<\/title>\n<meta name=\"description\" content=\"Saiba o que \u00e9 a paralisia facial, suas causas e tempo de dura\u00e7\u00e3o. Entenda os sintomas, formas de diagn\u00f3stico e tratamentos que ajudam na recupera\u00e7\u00e3o.\" \/>\n<meta name=\"robots\" content=\"index, follow, max-snippet:-1, max-image-preview:large, max-video-preview:-1\" \/>\n<link rel=\"canonical\" href=\"https:\/\/www.grupomedcof.com.br\/blog\/causas-e-efeitos-entenda-a-paralisia-facial\/\" \/>\n<meta property=\"og:locale\" content=\"pt_BR\" \/>\n<meta property=\"og:type\" content=\"article\" \/>\n<meta property=\"og:title\" content=\"Paralisia Facial: conhe\u00e7a as causas, sintomas, diagn\u00f3stico e manejo\" \/>\n<meta property=\"og:description\" content=\"Saiba o que \u00e9 a paralisia facial, suas causas e tempo de dura\u00e7\u00e3o. Entenda os sintomas, formas de diagn\u00f3stico e tratamentos que ajudam na recupera\u00e7\u00e3o.\" \/>\n<meta property=\"og:url\" content=\"https:\/\/www.grupomedcof.com.br\/blog\/causas-e-efeitos-entenda-a-paralisia-facial\/\" \/>\n<meta property=\"og:site_name\" content=\"Blog de Medcof: conte\u00fados, editais, revalida e mais!\" \/>\n<meta property=\"article:publisher\" content=\"https:\/\/www.facebook.com\/MedCofQbank\/\" \/>\n<meta property=\"article:published_time\" content=\"2025-08-31T18:46:40+00:00\" \/>\n<meta property=\"article:modified_time\" content=\"2025-12-01T20:59:41+00:00\" \/>\n<meta property=\"og:image\" content=\"https:\/\/www.grupomedcof.com.br\/blog\/wp-content\/uploads\/2024\/12\/Blog-MedCof-35-1024x576.png\" \/>\n\t<meta property=\"og:image:width\" content=\"1024\" \/>\n\t<meta property=\"og:image:height\" content=\"576\" \/>\n\t<meta property=\"og:image:type\" content=\"image\/png\" \/>\n<meta name=\"author\" content=\"Patr\u00edcia Oliveira\" \/>\n<meta name=\"twitter:card\" content=\"summary_large_image\" \/>\n<meta name=\"twitter:label1\" content=\"Escrito por\" \/>\n\t<meta name=\"twitter:data1\" content=\"Patr\u00edcia Oliveira\" \/>\n\t<meta name=\"twitter:label2\" content=\"Est. tempo de leitura\" \/>\n\t<meta name=\"twitter:data2\" content=\"7 minutos\" \/>\n<script type=\"application\/ld+json\" class=\"yoast-schema-graph\">{\"@context\":\"https:\\\/\\\/schema.org\",\"@graph\":[{\"@type\":\"Article\",\"@id\":\"https:\\\/\\\/www.grupomedcof.com.br\\\/blog\\\/causas-e-efeitos-entenda-a-paralisia-facial\\\/#article\",\"isPartOf\":{\"@id\":\"https:\\\/\\\/www.grupomedcof.com.br\\\/blog\\\/causas-e-efeitos-entenda-a-paralisia-facial\\\/\"},\"author\":{\"name\":\"Patr\u00edcia Oliveira\",\"@id\":\"https:\\\/\\\/www.grupomedcof.com.br\\\/blog\\\/#\\\/schema\\\/person\\\/7a655db4c3da9796e0166bf55a9ea53a\"},\"headline\":\"Paralisia Facial: conhe\u00e7a as causas, sintomas, diagn\u00f3stico e manejo\",\"datePublished\":\"2025-08-31T18:46:40+00:00\",\"dateModified\":\"2025-12-01T20:59:41+00:00\",\"mainEntityOfPage\":{\"@id\":\"https:\\\/\\\/www.grupomedcof.com.br\\\/blog\\\/causas-e-efeitos-entenda-a-paralisia-facial\\\/\"},\"wordCount\":1212,\"commentCount\":0,\"publisher\":{\"@id\":\"https:\\\/\\\/www.grupomedcof.com.br\\\/blog\\\/#organization\"},\"image\":{\"@id\":\"https:\\\/\\\/www.grupomedcof.com.br\\\/blog\\\/causas-e-efeitos-entenda-a-paralisia-facial\\\/#primaryimage\"},\"thumbnailUrl\":\"https:\\\/\\\/www.grupomedcof.com.br\\\/blog\\\/wp-content\\\/uploads\\\/2024\\\/12\\\/Blog-MedCof-35.png\",\"keywords\":[\"Paralisia Facial\"],\"articleSection\":[\"Cirurgia Geral\"],\"inLanguage\":\"pt-BR\"},{\"@type\":\"WebPage\",\"@id\":\"https:\\\/\\\/www.grupomedcof.com.br\\\/blog\\\/causas-e-efeitos-entenda-a-paralisia-facial\\\/\",\"url\":\"https:\\\/\\\/www.grupomedcof.com.br\\\/blog\\\/causas-e-efeitos-entenda-a-paralisia-facial\\\/\",\"name\":\"Paralisia Facial: veja suas causas e como realizar o diagn\u00f3stico\",\"isPartOf\":{\"@id\":\"https:\\\/\\\/www.grupomedcof.com.br\\\/blog\\\/#website\"},\"primaryImageOfPage\":{\"@id\":\"https:\\\/\\\/www.grupomedcof.com.br\\\/blog\\\/causas-e-efeitos-entenda-a-paralisia-facial\\\/#primaryimage\"},\"image\":{\"@id\":\"https:\\\/\\\/www.grupomedcof.com.br\\\/blog\\\/causas-e-efeitos-entenda-a-paralisia-facial\\\/#primaryimage\"},\"thumbnailUrl\":\"https:\\\/\\\/www.grupomedcof.com.br\\\/blog\\\/wp-content\\\/uploads\\\/2024\\\/12\\\/Blog-MedCof-35.png\",\"datePublished\":\"2025-08-31T18:46:40+00:00\",\"dateModified\":\"2025-12-01T20:59:41+00:00\",\"description\":\"Saiba o que \u00e9 a paralisia facial, suas causas e tempo de dura\u00e7\u00e3o. Entenda os sintomas, formas de diagn\u00f3stico e tratamentos que ajudam na recupera\u00e7\u00e3o.\",\"breadcrumb\":{\"@id\":\"https:\\\/\\\/www.grupomedcof.com.br\\\/blog\\\/causas-e-efeitos-entenda-a-paralisia-facial\\\/#breadcrumb\"},\"inLanguage\":\"pt-BR\",\"potentialAction\":[{\"@type\":\"ReadAction\",\"target\":[\"https:\\\/\\\/www.grupomedcof.com.br\\\/blog\\\/causas-e-efeitos-entenda-a-paralisia-facial\\\/\"]}]},{\"@type\":\"ImageObject\",\"inLanguage\":\"pt-BR\",\"@id\":\"https:\\\/\\\/www.grupomedcof.com.br\\\/blog\\\/causas-e-efeitos-entenda-a-paralisia-facial\\\/#primaryimage\",\"url\":\"https:\\\/\\\/www.grupomedcof.com.br\\\/blog\\\/wp-content\\\/uploads\\\/2024\\\/12\\\/Blog-MedCof-35.png\",\"contentUrl\":\"https:\\\/\\\/www.grupomedcof.com.br\\\/blog\\\/wp-content\\\/uploads\\\/2024\\\/12\\\/Blog-MedCof-35.png\",\"width\":2560,\"height\":1440},{\"@type\":\"BreadcrumbList\",\"@id\":\"https:\\\/\\\/www.grupomedcof.com.br\\\/blog\\\/causas-e-efeitos-entenda-a-paralisia-facial\\\/#breadcrumb\",\"itemListElement\":[{\"@type\":\"ListItem\",\"position\":1,\"name\":\"In\u00edcio\",\"item\":\"https:\\\/\\\/www.grupomedcof.com.br\\\/blog\\\/\"},{\"@type\":\"ListItem\",\"position\":2,\"name\":\"Paralisia Facial: conhe\u00e7a as causas, sintomas, diagn\u00f3stico e manejo\"}]},{\"@type\":\"WebSite\",\"@id\":\"https:\\\/\\\/www.grupomedcof.com.br\\\/blog\\\/#website\",\"url\":\"https:\\\/\\\/www.grupomedcof.com.br\\\/blog\\\/\",\"name\":\"Blog de Medcof: conte\u00fados, editais, revalida e mais!\",\"description\":\"Acesso o blog de MedCof! Seu portal de conte\u00fados sobre resid\u00eancia m\u00e9dica, an\u00e1lise e editais e muito mais. Clique e confira!\",\"publisher\":{\"@id\":\"https:\\\/\\\/www.grupomedcof.com.br\\\/blog\\\/#organization\"},\"alternateName\":\"Blog de Medcof: conte\u00fados, editais, revalida e mais!\",\"potentialAction\":[{\"@type\":\"SearchAction\",\"target\":{\"@type\":\"EntryPoint\",\"urlTemplate\":\"https:\\\/\\\/www.grupomedcof.com.br\\\/blog\\\/?s={search_term_string}\"},\"query-input\":{\"@type\":\"PropertyValueSpecification\",\"valueRequired\":true,\"valueName\":\"search_term_string\"}}],\"inLanguage\":\"pt-BR\"},{\"@type\":\"Organization\",\"@id\":\"https:\\\/\\\/www.grupomedcof.com.br\\\/blog\\\/#organization\",\"name\":\"Grupo MedCof\",\"url\":\"https:\\\/\\\/www.grupomedcof.com.br\\\/blog\\\/\",\"logo\":{\"@type\":\"ImageObject\",\"inLanguage\":\"pt-BR\",\"@id\":\"https:\\\/\\\/www.grupomedcof.com.br\\\/blog\\\/#\\\/schema\\\/logo\\\/image\\\/\",\"url\":\"https:\\\/\\\/www.grupomedcof.com.br\\\/blog\\\/wp-content\\\/uploads\\\/2022\\\/01\\\/logo-medcof.png\",\"contentUrl\":\"https:\\\/\\\/www.grupomedcof.com.br\\\/blog\\\/wp-content\\\/uploads\\\/2022\\\/01\\\/logo-medcof.png\",\"width\":768,\"height\":269,\"caption\":\"Grupo MedCof\"},\"image\":{\"@id\":\"https:\\\/\\\/www.grupomedcof.com.br\\\/blog\\\/#\\\/schema\\\/logo\\\/image\\\/\"},\"sameAs\":[\"https:\\\/\\\/www.facebook.com\\\/MedCofQbank\\\/\",\"https:\\\/\\\/www.instagram.com\\\/grupomedcof\\\/\",\"https:\\\/\\\/br.linkedin.com\\\/company\\\/medcof\",\"https:\\\/\\\/www.youtube.com\\\/channel\\\/UCdHMuOHKICxcHwecxN8P-AA\"]},{\"@type\":\"Person\",\"@id\":\"https:\\\/\\\/www.grupomedcof.com.br\\\/blog\\\/#\\\/schema\\\/person\\\/7a655db4c3da9796e0166bf55a9ea53a\",\"name\":\"Patr\u00edcia Oliveira\",\"image\":{\"@type\":\"ImageObject\",\"inLanguage\":\"pt-BR\",\"@id\":\"https:\\\/\\\/www.grupomedcof.com.br\\\/blog\\\/wp-content\\\/uploads\\\/2022\\\/03\\\/furacao-96x96.png19e0d43e5696aaa42a3bb896953b331f\",\"url\":\"https:\\\/\\\/www.grupomedcof.com.br\\\/blog\\\/wp-content\\\/uploads\\\/2022\\\/03\\\/furacao-96x96.png\",\"contentUrl\":\"https:\\\/\\\/www.grupomedcof.com.br\\\/blog\\\/wp-content\\\/uploads\\\/2022\\\/03\\\/furacao-96x96.png\",\"caption\":\"Patr\u00edcia Oliveira\"},\"sameAs\":[\"https:\\\/\\\/www.grupomedcof.com.br\\\/\"],\"url\":\"https:\\\/\\\/www.grupomedcof.com.br\\\/blog\\\/author\\\/patricia\\\/\"}]}<\/script>\n<!-- \/ Yoast SEO Premium plugin. -->","yoast_head_json":{"title":"Paralisia Facial: veja suas causas e como realizar o diagn\u00f3stico","description":"Saiba o que \u00e9 a paralisia facial, suas causas e tempo de dura\u00e7\u00e3o. Entenda os sintomas, formas de diagn\u00f3stico e tratamentos que ajudam na recupera\u00e7\u00e3o.","robots":{"index":"index","follow":"follow","max-snippet":"max-snippet:-1","max-image-preview":"max-image-preview:large","max-video-preview":"max-video-preview:-1"},"canonical":"https:\/\/www.grupomedcof.com.br\/blog\/causas-e-efeitos-entenda-a-paralisia-facial\/","og_locale":"pt_BR","og_type":"article","og_title":"Paralisia Facial: conhe\u00e7a as causas, sintomas, diagn\u00f3stico e manejo","og_description":"Saiba o que \u00e9 a paralisia facial, suas causas e tempo de dura\u00e7\u00e3o. Entenda os sintomas, formas de diagn\u00f3stico e tratamentos que ajudam na recupera\u00e7\u00e3o.","og_url":"https:\/\/www.grupomedcof.com.br\/blog\/causas-e-efeitos-entenda-a-paralisia-facial\/","og_site_name":"Blog de Medcof: conte\u00fados, editais, revalida e mais!","article_publisher":"https:\/\/www.facebook.com\/MedCofQbank\/","article_published_time":"2025-08-31T18:46:40+00:00","article_modified_time":"2025-12-01T20:59:41+00:00","og_image":[{"width":1024,"height":576,"url":"https:\/\/www.grupomedcof.com.br\/blog\/wp-content\/uploads\/2024\/12\/Blog-MedCof-35-1024x576.png","type":"image\/png"}],"author":"Patr\u00edcia Oliveira","twitter_card":"summary_large_image","twitter_misc":{"Escrito por":"Patr\u00edcia Oliveira","Est. tempo de leitura":"7 minutos"},"schema":{"@context":"https:\/\/schema.org","@graph":[{"@type":"Article","@id":"https:\/\/www.grupomedcof.com.br\/blog\/causas-e-efeitos-entenda-a-paralisia-facial\/#article","isPartOf":{"@id":"https:\/\/www.grupomedcof.com.br\/blog\/causas-e-efeitos-entenda-a-paralisia-facial\/"},"author":{"name":"Patr\u00edcia Oliveira","@id":"https:\/\/www.grupomedcof.com.br\/blog\/#\/schema\/person\/7a655db4c3da9796e0166bf55a9ea53a"},"headline":"Paralisia Facial: conhe\u00e7a as causas, sintomas, diagn\u00f3stico e manejo","datePublished":"2025-08-31T18:46:40+00:00","dateModified":"2025-12-01T20:59:41+00:00","mainEntityOfPage":{"@id":"https:\/\/www.grupomedcof.com.br\/blog\/causas-e-efeitos-entenda-a-paralisia-facial\/"},"wordCount":1212,"commentCount":0,"publisher":{"@id":"https:\/\/www.grupomedcof.com.br\/blog\/#organization"},"image":{"@id":"https:\/\/www.grupomedcof.com.br\/blog\/causas-e-efeitos-entenda-a-paralisia-facial\/#primaryimage"},"thumbnailUrl":"https:\/\/www.grupomedcof.com.br\/blog\/wp-content\/uploads\/2024\/12\/Blog-MedCof-35.png","keywords":["Paralisia Facial"],"articleSection":["Cirurgia Geral"],"inLanguage":"pt-BR"},{"@type":"WebPage","@id":"https:\/\/www.grupomedcof.com.br\/blog\/causas-e-efeitos-entenda-a-paralisia-facial\/","url":"https:\/\/www.grupomedcof.com.br\/blog\/causas-e-efeitos-entenda-a-paralisia-facial\/","name":"Paralisia Facial: veja suas causas e como realizar o diagn\u00f3stico","isPartOf":{"@id":"https:\/\/www.grupomedcof.com.br\/blog\/#website"},"primaryImageOfPage":{"@id":"https:\/\/www.grupomedcof.com.br\/blog\/causas-e-efeitos-entenda-a-paralisia-facial\/#primaryimage"},"image":{"@id":"https:\/\/www.grupomedcof.com.br\/blog\/causas-e-efeitos-entenda-a-paralisia-facial\/#primaryimage"},"thumbnailUrl":"https:\/\/www.grupomedcof.com.br\/blog\/wp-content\/uploads\/2024\/12\/Blog-MedCof-35.png","datePublished":"2025-08-31T18:46:40+00:00","dateModified":"2025-12-01T20:59:41+00:00","description":"Saiba o que \u00e9 a paralisia facial, suas causas e tempo de dura\u00e7\u00e3o. Entenda os sintomas, formas de diagn\u00f3stico e tratamentos que ajudam na recupera\u00e7\u00e3o.","breadcrumb":{"@id":"https:\/\/www.grupomedcof.com.br\/blog\/causas-e-efeitos-entenda-a-paralisia-facial\/#breadcrumb"},"inLanguage":"pt-BR","potentialAction":[{"@type":"ReadAction","target":["https:\/\/www.grupomedcof.com.br\/blog\/causas-e-efeitos-entenda-a-paralisia-facial\/"]}]},{"@type":"ImageObject","inLanguage":"pt-BR","@id":"https:\/\/www.grupomedcof.com.br\/blog\/causas-e-efeitos-entenda-a-paralisia-facial\/#primaryimage","url":"https:\/\/www.grupomedcof.com.br\/blog\/wp-content\/uploads\/2024\/12\/Blog-MedCof-35.png","contentUrl":"https:\/\/www.grupomedcof.com.br\/blog\/wp-content\/uploads\/2024\/12\/Blog-MedCof-35.png","width":2560,"height":1440},{"@type":"BreadcrumbList","@id":"https:\/\/www.grupomedcof.com.br\/blog\/causas-e-efeitos-entenda-a-paralisia-facial\/#breadcrumb","itemListElement":[{"@type":"ListItem","position":1,"name":"In\u00edcio","item":"https:\/\/www.grupomedcof.com.br\/blog\/"},{"@type":"ListItem","position":2,"name":"Paralisia Facial: conhe\u00e7a as causas, sintomas, diagn\u00f3stico e manejo"}]},{"@type":"WebSite","@id":"https:\/\/www.grupomedcof.com.br\/blog\/#website","url":"https:\/\/www.grupomedcof.com.br\/blog\/","name":"Blog de Medcof: conte\u00fados, editais, revalida e mais!","description":"Acesso o blog de MedCof! Seu portal de conte\u00fados sobre resid\u00eancia m\u00e9dica, an\u00e1lise e editais e muito mais. Clique e confira!","publisher":{"@id":"https:\/\/www.grupomedcof.com.br\/blog\/#organization"},"alternateName":"Blog de Medcof: conte\u00fados, editais, revalida e mais!","potentialAction":[{"@type":"SearchAction","target":{"@type":"EntryPoint","urlTemplate":"https:\/\/www.grupomedcof.com.br\/blog\/?s={search_term_string}"},"query-input":{"@type":"PropertyValueSpecification","valueRequired":true,"valueName":"search_term_string"}}],"inLanguage":"pt-BR"},{"@type":"Organization","@id":"https:\/\/www.grupomedcof.com.br\/blog\/#organization","name":"Grupo MedCof","url":"https:\/\/www.grupomedcof.com.br\/blog\/","logo":{"@type":"ImageObject","inLanguage":"pt-BR","@id":"https:\/\/www.grupomedcof.com.br\/blog\/#\/schema\/logo\/image\/","url":"https:\/\/www.grupomedcof.com.br\/blog\/wp-content\/uploads\/2022\/01\/logo-medcof.png","contentUrl":"https:\/\/www.grupomedcof.com.br\/blog\/wp-content\/uploads\/2022\/01\/logo-medcof.png","width":768,"height":269,"caption":"Grupo MedCof"},"image":{"@id":"https:\/\/www.grupomedcof.com.br\/blog\/#\/schema\/logo\/image\/"},"sameAs":["https:\/\/www.facebook.com\/MedCofQbank\/","https:\/\/www.instagram.com\/grupomedcof\/","https:\/\/br.linkedin.com\/company\/medcof","https:\/\/www.youtube.com\/channel\/UCdHMuOHKICxcHwecxN8P-AA"]},{"@type":"Person","@id":"https:\/\/www.grupomedcof.com.br\/blog\/#\/schema\/person\/7a655db4c3da9796e0166bf55a9ea53a","name":"Patr\u00edcia Oliveira","image":{"@type":"ImageObject","inLanguage":"pt-BR","@id":"https:\/\/www.grupomedcof.com.br\/blog\/wp-content\/uploads\/2022\/03\/furacao-96x96.png19e0d43e5696aaa42a3bb896953b331f","url":"https:\/\/www.grupomedcof.com.br\/blog\/wp-content\/uploads\/2022\/03\/furacao-96x96.png","contentUrl":"https:\/\/www.grupomedcof.com.br\/blog\/wp-content\/uploads\/2022\/03\/furacao-96x96.png","caption":"Patr\u00edcia Oliveira"},"sameAs":["https:\/\/www.grupomedcof.com.br\/"],"url":"https:\/\/www.grupomedcof.com.br\/blog\/author\/patricia\/"}]}},"authors":[{"term_id":3612,"user_id":2,"is_guest":0,"slug":"patricia","display_name":"Patr\u00edcia Oliveira","avatar_url":"https:\/\/www.grupomedcof.com.br\/blog\/wp-content\/uploads\/2022\/03\/furacao-96x96.png","0":null,"1":"","2":"","3":"","4":"","5":"","6":"","7":"","8":""}],"_links":{"self":[{"href":"https:\/\/www.grupomedcof.com.br\/blog\/wp-json\/wp\/v2\/posts\/32727","targetHints":{"allow":["GET"]}}],"collection":[{"href":"https:\/\/www.grupomedcof.com.br\/blog\/wp-json\/wp\/v2\/posts"}],"about":[{"href":"https:\/\/www.grupomedcof.com.br\/blog\/wp-json\/wp\/v2\/types\/post"}],"author":[{"embeddable":true,"href":"https:\/\/www.grupomedcof.com.br\/blog\/wp-json\/wp\/v2\/users\/2"}],"replies":[{"embeddable":true,"href":"https:\/\/www.grupomedcof.com.br\/blog\/wp-json\/wp\/v2\/comments?post=32727"}],"version-history":[{"count":1,"href":"https:\/\/www.grupomedcof.com.br\/blog\/wp-json\/wp\/v2\/posts\/32727\/revisions"}],"predecessor-version":[{"id":37377,"href":"https:\/\/www.grupomedcof.com.br\/blog\/wp-json\/wp\/v2\/posts\/32727\/revisions\/37377"}],"wp:featuredmedia":[{"embeddable":true,"href":"https:\/\/www.grupomedcof.com.br\/blog\/wp-json\/wp\/v2\/media\/32728"}],"wp:attachment":[{"href":"https:\/\/www.grupomedcof.com.br\/blog\/wp-json\/wp\/v2\/media?parent=32727"}],"wp:term":[{"taxonomy":"category","embeddable":true,"href":"https:\/\/www.grupomedcof.com.br\/blog\/wp-json\/wp\/v2\/categories?post=32727"},{"taxonomy":"post_tag","embeddable":true,"href":"https:\/\/www.grupomedcof.com.br\/blog\/wp-json\/wp\/v2\/tags?post=32727"},{"taxonomy":"author","embeddable":true,"href":"https:\/\/www.grupomedcof.com.br\/blog\/wp-json\/wp\/v2\/ppma_author?post=32727"}],"curies":[{"name":"wp","href":"https:\/\/api.w.org\/{rel}","templated":true}]}}