{"id":32804,"date":"2025-01-03T15:47:08","date_gmt":"2025-01-03T18:47:08","guid":{"rendered":"https:\/\/www.grupomedcof.com.br\/blog\/?p=32804"},"modified":"2025-01-03T15:47:09","modified_gmt":"2025-01-03T18:47:09","slug":"saiba-aplicar-o-mccp-metodo-clinico-centrado-na-pessoa","status":"publish","type":"post","link":"https:\/\/www.grupomedcof.com.br\/blog\/saiba-aplicar-o-mccp-metodo-clinico-centrado-na-pessoa\/","title":{"rendered":"Saiba aplicar o MCCP: M\u00e9todo Cl\u00ednico Centrado na Pessoa"},"content":{"rendered":"<div id=\"ez-toc-container\" class=\"ez-toc-v2_0_74 counter-hierarchy ez-toc-counter ez-toc-transparent ez-toc-container-direction\">\n<div class=\"ez-toc-title-container\">\n<p class=\"ez-toc-title\" style=\"cursor:inherit\">Sum\u00e1rio<\/p>\n<span class=\"ez-toc-title-toggle\"><a href=\"#\" class=\"ez-toc-pull-right ez-toc-btn ez-toc-btn-xs ez-toc-btn-default ez-toc-toggle\" aria-label=\"Alternar tabela de conte\u00fado\"><span class=\"ez-toc-js-icon-con\"><span class=\"\"><span class=\"eztoc-hide\" style=\"display:none;\">Toggle<\/span><span class=\"ez-toc-icon-toggle-span\"><svg style=\"fill: #999;color:#999\" xmlns=\"http:\/\/www.w3.org\/2000\/svg\" class=\"list-377408\" width=\"20px\" height=\"20px\" viewBox=\"0 0 24 24\" fill=\"none\"><path d=\"M6 6H4v2h2V6zm14 0H8v2h12V6zM4 11h2v2H4v-2zm16 0H8v2h12v-2zM4 16h2v2H4v-2zm16 0H8v2h12v-2z\" fill=\"currentColor\"><\/path><\/svg><svg style=\"fill: #999;color:#999\" class=\"arrow-unsorted-368013\" xmlns=\"http:\/\/www.w3.org\/2000\/svg\" width=\"10px\" height=\"10px\" viewBox=\"0 0 24 24\" version=\"1.2\" baseProfile=\"tiny\"><path d=\"M18.2 9.3l-6.2-6.3-6.2 6.3c-.2.2-.3.4-.3.7s.1.5.3.7c.2.2.4.3.7.3h11c.3 0 .5-.1.7-.3.2-.2.3-.5.3-.7s-.1-.5-.3-.7zM5.8 14.7l6.2 6.3 6.2-6.3c.2-.2.3-.5.3-.7s-.1-.5-.3-.7c-.2-.2-.4-.3-.7-.3h-11c-.3 0-.5.1-.7.3-.2.2-.3.5-.3.7s.1.5.3.7z\"\/><\/svg><\/span><\/span><\/span><\/a><\/span><\/div>\n<nav><ul class='ez-toc-list ez-toc-list-level-1 ' ><li class='ez-toc-page-1 ez-toc-heading-level-2'><a class=\"ez-toc-link ez-toc-heading-1\" href=\"https:\/\/www.grupomedcof.com.br\/blog\/saiba-aplicar-o-mccp-metodo-clinico-centrado-na-pessoa\/#O_que_e_o_MCCP\" >O que \u00e9 o MCCP?<\/a><\/li><li class='ez-toc-page-1 ez-toc-heading-level-2'><a class=\"ez-toc-link ez-toc-heading-2\" href=\"https:\/\/www.grupomedcof.com.br\/blog\/saiba-aplicar-o-mccp-metodo-clinico-centrado-na-pessoa\/#Introducao_ao_MCCP\" >Introdu\u00e7\u00e3o ao MCCP<\/a><\/li><li class='ez-toc-page-1 ez-toc-heading-level-2'><a class=\"ez-toc-link ez-toc-heading-3\" href=\"https:\/\/www.grupomedcof.com.br\/blog\/saiba-aplicar-o-mccp-metodo-clinico-centrado-na-pessoa\/#Componentes_do_MCCP\" >Componentes do MCCP<\/a><ul class='ez-toc-list-level-3' ><li class='ez-toc-heading-level-3'><a class=\"ez-toc-link ez-toc-heading-4\" href=\"https:\/\/www.grupomedcof.com.br\/blog\/saiba-aplicar-o-mccp-metodo-clinico-centrado-na-pessoa\/#Componente_1\" >Componente 1:<\/a><\/li><li class='ez-toc-page-1 ez-toc-heading-level-3'><a class=\"ez-toc-link ez-toc-heading-5\" href=\"https:\/\/www.grupomedcof.com.br\/blog\/saiba-aplicar-o-mccp-metodo-clinico-centrado-na-pessoa\/#Componente_2\" >Componente 2:<\/a><\/li><li class='ez-toc-page-1 ez-toc-heading-level-3'><a class=\"ez-toc-link ez-toc-heading-6\" href=\"https:\/\/www.grupomedcof.com.br\/blog\/saiba-aplicar-o-mccp-metodo-clinico-centrado-na-pessoa\/#Componente_3\" >Componente 3<\/a><\/li><li class='ez-toc-page-1 ez-toc-heading-level-3'><a class=\"ez-toc-link ez-toc-heading-7\" href=\"https:\/\/www.grupomedcof.com.br\/blog\/saiba-aplicar-o-mccp-metodo-clinico-centrado-na-pessoa\/#Componente_4\" >Componente 4<\/a><\/li><\/ul><\/li><li class='ez-toc-page-1 ez-toc-heading-level-2'><a class=\"ez-toc-link ez-toc-heading-8\" href=\"https:\/\/www.grupomedcof.com.br\/blog\/saiba-aplicar-o-mccp-metodo-clinico-centrado-na-pessoa\/#Beneficios_do_MCCP\" >Benef\u00edcios do MCCP<\/a><\/li><li class='ez-toc-page-1 ez-toc-heading-level-2'><a class=\"ez-toc-link ez-toc-heading-9\" href=\"https:\/\/www.grupomedcof.com.br\/blog\/saiba-aplicar-o-mccp-metodo-clinico-centrado-na-pessoa\/#Implementacao_na_Residencia_Medica\" >Implementa\u00e7\u00e3o na Resid\u00eancia M\u00e9dica<\/a><\/li><li class='ez-toc-page-1 ez-toc-heading-level-2'><a class=\"ez-toc-link ez-toc-heading-10\" href=\"https:\/\/www.grupomedcof.com.br\/blog\/saiba-aplicar-o-mccp-metodo-clinico-centrado-na-pessoa\/#Resumindo\" >Resumindo<\/a><\/li><li class='ez-toc-page-1 ez-toc-heading-level-2'><a class=\"ez-toc-link ez-toc-heading-11\" href=\"https:\/\/www.grupomedcof.com.br\/blog\/saiba-aplicar-o-mccp-metodo-clinico-centrado-na-pessoa\/#Seja_um_MedCoffer\" >Seja um MedCoffer<\/a><\/li><\/ul><\/nav><\/div>\n\n<figure class=\"wp-block-image size-full\"><img loading=\"lazy\" decoding=\"async\" width=\"735\" height=\"490\" src=\"https:\/\/www.grupomedcof.com.br\/blog\/wp-content\/uploads\/2025\/01\/e803c43198b72ded432fc98ba908200a.jpg\" alt=\"\" class=\"wp-image-32807\" srcset=\"https:\/\/www.grupomedcof.com.br\/blog\/wp-content\/uploads\/2025\/01\/e803c43198b72ded432fc98ba908200a.jpg 735w, https:\/\/www.grupomedcof.com.br\/blog\/wp-content\/uploads\/2025\/01\/e803c43198b72ded432fc98ba908200a-300x200.jpg 300w, https:\/\/www.grupomedcof.com.br\/blog\/wp-content\/uploads\/2025\/01\/e803c43198b72ded432fc98ba908200a-630x420.jpg 630w, https:\/\/www.grupomedcof.com.br\/blog\/wp-content\/uploads\/2025\/01\/e803c43198b72ded432fc98ba908200a-150x100.jpg 150w, https:\/\/www.grupomedcof.com.br\/blog\/wp-content\/uploads\/2025\/01\/e803c43198b72ded432fc98ba908200a-696x464.jpg 696w\" sizes=\"auto, (max-width: 735px) 100vw, 735px\" \/><\/figure>\n\n\n\n<h2 class=\"wp-block-heading\" id=\"h-o-que-e-o-mccp\"><span class=\"ez-toc-section\" id=\"O_que_e_o_MCCP\"><\/span><strong>O que \u00e9 o MCCP?<\/strong><span class=\"ez-toc-section-end\"><\/span><\/h2>\n\n\n\n<p>A pr\u00e1tica m\u00e9dica tem evolu\u00eddo significativamente, e um dos modelos que vem ganhando destaque na atualidade \u00e9 o M\u00e9todo Cl\u00ednico Centrado na Pessoa (MCCP). Este m\u00e9todo prop\u00f5e uma abordagem mais hol\u00edstica e humanizada, focando n\u00e3o apenas na doen\u00e7a, mas na experi\u00eancia do paciente como um todo.<\/p>\n\n\n\n<p>Devido a essa import\u00e2ncia, o Grupo MedCof resumiu os principais componentes do MCCP, seus benef\u00edcios e a import\u00e2ncia de sua implementa\u00e7\u00e3o na pr\u00e1tica m\u00e9dica di\u00e1ria, especialmente em programas de resid\u00eancia m\u00e9dica.<\/p>\n\n\n\n<h2 class=\"wp-block-heading\" id=\"h-introducao-ao-mccp\"><span class=\"ez-toc-section\" id=\"Introducao_ao_MCCP\"><\/span><strong>Introdu\u00e7\u00e3o ao MCCP<\/strong><span class=\"ez-toc-section-end\"><\/span><\/h2>\n\n\n\n<p>O MCCP \u00e9 um modelo integrado e sistem\u00e1tico que visa unir a pessoa e a doen\u00e7a em um contexto cl\u00ednico. Diferente das abordagens tradicionais, que muitas vezes se concentram exclusivamente na doen\u00e7a, o MCCP valoriza a compreens\u00e3o do paciente como um indiv\u00edduo completo, considerando suas emo\u00e7\u00f5es, ideias, funcionalidade e expectativas.<\/p>\n\n\n\n<p>Essa abordagem n\u00e3o s\u00f3 melhora a satisfa\u00e7\u00e3o do paciente, mas tamb\u00e9m promove melhores desfechos cl\u00ednicos.<\/p>\n\n\n\n<h2 class=\"wp-block-heading\" id=\"h-componentes-do-mccp\"><span class=\"ez-toc-section\" id=\"Componentes_do_MCCP\"><\/span><strong>Componentes do MCCP<\/strong><span class=\"ez-toc-section-end\"><\/span><\/h2>\n\n\n\n<p>O MCCP \u00e9 composto por quatro componentes principais:<\/p>\n\n\n\n<h3 class=\"wp-block-heading\" id=\"h-componente-1\"><span class=\"ez-toc-section\" id=\"Componente_1\"><\/span><strong>Componente 1:<\/strong><span class=\"ez-toc-section-end\"><\/span><\/h3>\n\n\n\n<p><strong>Explorando a Sa\u00fade, a Doen\u00e7a e a Experi\u00eancia da Doen\u00e7a<\/strong>: Este componente enfatiza a import\u00e2ncia de entender as percep\u00e7\u00f5es e experi\u00eancias \u00fanicas de sa\u00fade do paciente. Utiliza-se o acr\u00f3stico SIFE (Sentimentos, Ideias, Funcionalidade e Expectativas) para guiar a explora\u00e7\u00e3o dessas dimens\u00f5es. Este processo ajuda a diferenciar entre a doen\u00e7a propriamente dita e a experi\u00eancia pessoal da doen\u00e7a, oferecendo uma vis\u00e3o mais completa das necessidades do paciente.<\/p>\n\n\n\n<figure class=\"wp-block-image size-full\"><img loading=\"lazy\" decoding=\"async\" width=\"734\" height=\"384\" src=\"https:\/\/www.grupomedcof.com.br\/blog\/wp-content\/uploads\/2025\/01\/125b267091ec10a43bc2bae3ff0d981a.jpg\" alt=\"\" class=\"wp-image-32805\" srcset=\"https:\/\/www.grupomedcof.com.br\/blog\/wp-content\/uploads\/2025\/01\/125b267091ec10a43bc2bae3ff0d981a.jpg 734w, https:\/\/www.grupomedcof.com.br\/blog\/wp-content\/uploads\/2025\/01\/125b267091ec10a43bc2bae3ff0d981a-300x157.jpg 300w, https:\/\/www.grupomedcof.com.br\/blog\/wp-content\/uploads\/2025\/01\/125b267091ec10a43bc2bae3ff0d981a-150x78.jpg 150w, https:\/\/www.grupomedcof.com.br\/blog\/wp-content\/uploads\/2025\/01\/125b267091ec10a43bc2bae3ff0d981a-696x364.jpg 696w\" sizes=\"auto, (max-width: 734px) 100vw, 734px\" \/><\/figure>\n\n\n\n<h3 class=\"wp-block-heading\" id=\"h-componente-2\"><span class=\"ez-toc-section\" id=\"Componente_2\"><\/span><strong>Componente 2:<\/strong><span class=\"ez-toc-section-end\"><\/span><\/h3>\n\n\n\n<p><strong>Entendendo a Pessoa como um Todo:<\/strong> Aqui, o foco \u00e9 valorizar a hist\u00f3ria de vida do paciente, seu contexto familiar, social e cultural. Ferramentas como o genograma e o ecomapa s\u00e3o utilizadas para entender melhor o contexto do paciente, permitindo uma abordagem mais personalizada e eficaz.<\/p>\n\n\n\n<figure class=\"wp-block-image size-full\"><img loading=\"lazy\" decoding=\"async\" width=\"700\" height=\"822\" src=\"https:\/\/www.grupomedcof.com.br\/blog\/wp-content\/uploads\/2025\/01\/0ac5c89c317239b4bb8509560d9c2187.jpg\" alt=\"\" class=\"wp-image-32806\" srcset=\"https:\/\/www.grupomedcof.com.br\/blog\/wp-content\/uploads\/2025\/01\/0ac5c89c317239b4bb8509560d9c2187.jpg 700w, https:\/\/www.grupomedcof.com.br\/blog\/wp-content\/uploads\/2025\/01\/0ac5c89c317239b4bb8509560d9c2187-255x300.jpg 255w, https:\/\/www.grupomedcof.com.br\/blog\/wp-content\/uploads\/2025\/01\/0ac5c89c317239b4bb8509560d9c2187-358x420.jpg 358w, https:\/\/www.grupomedcof.com.br\/blog\/wp-content\/uploads\/2025\/01\/0ac5c89c317239b4bb8509560d9c2187-150x176.jpg 150w, https:\/\/www.grupomedcof.com.br\/blog\/wp-content\/uploads\/2025\/01\/0ac5c89c317239b4bb8509560d9c2187-300x352.jpg 300w, https:\/\/www.grupomedcof.com.br\/blog\/wp-content\/uploads\/2025\/01\/0ac5c89c317239b4bb8509560d9c2187-696x817.jpg 696w\" sizes=\"auto, (max-width: 700px) 100vw, 700px\" \/><\/figure>\n\n\n\n<h3 class=\"wp-block-heading\" id=\"h-componente-3\"><span class=\"ez-toc-section\" id=\"Componente_3\"><\/span><strong>Componente 3<\/strong><span class=\"ez-toc-section-end\"><\/span><\/h3>\n\n\n\n<p><strong>Elaborando um Plano Conjunto de Manejo dos Problemas:<\/strong> Este componente envolve a colabora\u00e7\u00e3o entre m\u00e9dico e paciente para identificar problemas, estabelecer metas e definir pap\u00e9is claros. A decis\u00e3o conjunta \u00e9 um aspecto crucial, garantindo que o paciente esteja engajado e comprometido com o plano de tratamento.<\/p>\n\n\n\n<h3 class=\"wp-block-heading\" id=\"h-componente-4\"><span class=\"ez-toc-section\" id=\"Componente_4\"><\/span><strong>Componente 4<\/strong><span class=\"ez-toc-section-end\"><\/span><\/h3>\n\n\n\n<p><strong>Intensificando a Rela\u00e7\u00e3o entre Pessoa e M\u00e9dico<\/strong>: O relacionamento m\u00e9dico-paciente \u00e9 fortalecido atrav\u00e9s de empatia, compaix\u00e3o e cuidado. A partilha de poder e o autoconhecimento s\u00e3o essenciais para evitar desgastes e promover um envolvimento emocional saud\u00e1vel. A continuidade e o v\u00ednculo ao longo do tempo s\u00e3o fundamentais para o sucesso desta abordagem.<\/p>\n\n\n\n<h2 class=\"wp-block-heading\" id=\"h-beneficios-do-mccp\"><span class=\"ez-toc-section\" id=\"Beneficios_do_MCCP\"><\/span><strong>Benef\u00edcios do MCCP<\/strong><span class=\"ez-toc-section-end\"><\/span><\/h2>\n\n\n\n<p>A implementa\u00e7\u00e3o do MCCP traz diversos benef\u00edcios tanto para os pacientes quanto para os profissionais de sa\u00fade. Dentre eles, podemos citar:<\/p>\n\n\n\n<ul class=\"wp-block-list\">\n<li><strong>Melhoria nos Desfechos Cl\u00ednicos:<\/strong> Estudos mostram que consultas centradas na pessoa podem melhorar o controle de doen\u00e7as cr\u00f4nicas, reduzir sintomas em doen\u00e7as mentais e diminuir a necessidade de medicamentos psicotr\u00f3picos.<\/li>\n\n\n\n<li><strong>Satisfa\u00e7\u00e3o do Paciente e do M\u00e9dico:<\/strong> Ao promover uma conex\u00e3o mais forte entre m\u00e9dicos e pacientes, o MCCP aumenta a satisfa\u00e7\u00e3o de ambos. Os pacientes se sentem mais ouvidos e respeitados, enquanto os m\u00e9dicos experimentam uma pr\u00e1tica mais gratificante.<\/li>\n\n\n\n<li><strong>Redu\u00e7\u00e3o de Encaminhamentos e Exames Desnecess\u00e1rios:<\/strong> Com uma compreens\u00e3o mais profunda das necessidades do paciente, h\u00e1 uma redu\u00e7\u00e3o na solicita\u00e7\u00e3o de exames complementares e encaminhamentos desnecess\u00e1rios, otimizando o uso dos recursos de sa\u00fade.<\/li>\n\n\n\n<li><strong>Melhora na Ades\u00e3o ao Tratamento e Cuidados Paliativos:<\/strong> A abordagem centrada na pessoa melhora a ades\u00e3o ao tratamento e os cuidados paliativos, resultando em melhores resultados para o paciente.<\/li>\n<\/ul>\n\n\n\n<h2 class=\"wp-block-heading\" id=\"h-implementacao-na-residencia-medica\"><span class=\"ez-toc-section\" id=\"Implementacao_na_Residencia_Medica\"><\/span><strong>Implementa\u00e7\u00e3o na Resid\u00eancia M\u00e9dica<\/strong><span class=\"ez-toc-section-end\"><\/span><\/h2>\n\n\n\n<p>Para os futuros residentes em medicina, a busca da ado\u00e7\u00e3o do MCCP pode ser uma experi\u00eancia transformadora. O treinamento em MCCP oferece aos futuros m\u00e9dicos habilidades essenciais para lidar com a complexidade dos cuidados de sa\u00fade modernos, isso inclui desenvolvimento de habilidades de comunica\u00e7\u00e3o (j\u00e1 que os futuros residentes aprendem a se comunicar de forma eficaz, ouvindo ativamente e respondendo \u00e0s preocupa\u00e7\u00f5es dos pacientes), capacidade de trabalhar em equipe (uma vez que a elabora\u00e7\u00e3o de planos de manejo conjuntos ensina os residentes a colaborar com outros profissionais de sa\u00fade e com os pr\u00f3prios pacientes) e a promo\u00e7\u00e3o de cuidados humanizados (o MCCP incentiva uma pr\u00e1tica m\u00e9dica mais compassiva e centrada no paciente, essencial para um atendimento de qualidade).<\/p>\n\n\n\n<h2 class=\"wp-block-heading\" id=\"h-resumindo\"><span class=\"ez-toc-section\" id=\"Resumindo\"><\/span><strong>Resumindo<\/strong><span class=\"ez-toc-section-end\"><\/span><\/h2>\n\n\n\n<p>O M\u00e9todo Cl\u00ednico Centrado na Pessoa representa uma evolu\u00e7\u00e3o significativa na pr\u00e1tica m\u00e9dica, colocando o paciente no centro do cuidado. Para residentes em medicina, adotar essa abordagem pode n\u00e3o apenas melhorar seus resultados cl\u00ednicos, mas tamb\u00e9m enriquecer sua pr\u00e1tica profissional, promovendo uma medicina mais humana e eficaz. Ao integrar o MCCP em seus programas de treinamento, as resid\u00eancias m\u00e9dicas podem preparar melhor os futuros m\u00e9dicos para atender \u00e0s complexas necessidades dos pacientes no s\u00e9culo XXI.<\/p>\n\n\n\n<h2 class=\"wp-block-heading\" id=\"seja-um-medcoffer\"><span class=\"ez-toc-section\" id=\"Seja_um_MedCoffer\"><\/span><strong>Seja um MedCoffer<\/strong><span class=\"ez-toc-section-end\"><\/span><\/h2>\n\n\n\n<p>Para conquistar a aprova\u00e7\u00e3o nas provas de resid\u00eancia, seja um&nbsp;<strong>MedCoffer<\/strong>! Aqui te ajudaremos na busca da aprova\u00e7\u00e3o com conte\u00fados de qualidade e uma&nbsp;<a href=\"https:\/\/www.grupomedcof.com.br\/blog\/presenca-da-medcof-nas-aprovacoes-em-residencia-medica-no-brasil\/\" target=\"_blank\" rel=\"noreferrer noopener\"><strong>metodologia que j\u00e1 aprovou mais de 10 mil residentes no pa\u00eds<\/strong><\/a>!<\/p>\n\n\n\n<figure class=\"wp-block-embed is-type-video is-provider-youtube wp-block-embed-youtube wp-embed-aspect-16-9 wp-has-aspect-ratio\"><div class=\"wp-block-embed__wrapper\">\n<iframe loading=\"lazy\" title=\"Como Funciona o M\u00e9todo Cl\u00ednico Centrado na Pessoa? Saiba Tudo! Com Dr. Carlos Rafael\" width=\"696\" height=\"392\" src=\"https:\/\/www.youtube.com\/embed\/TJHQp2FK04E?feature=oembed\" frameborder=\"0\" allow=\"accelerometer; autoplay; clipboard-write; encrypted-media; gyroscope; picture-in-picture; web-share\" referrerpolicy=\"strict-origin-when-cross-origin\" allowfullscreen><\/iframe>\n<\/div><\/figure>\n","protected":false},"excerpt":{"rendered":"<p>Principais componentes do MCCP, benef\u00edcios e a import\u00e2ncia de sua implementa\u00e7\u00e3o na medicina di\u00e1ria, especialmente em programas de resid\u00eancia m\u00e9dica.<\/p>\n","protected":false},"author":21,"featured_media":32807,"comment_status":"open","ping_status":"open","sticky":false,"template":"","format":"standard","meta":{"footnotes":""},"categories":[197,174],"tags":[210,93,199,68],"ppma_author":[3617],"class_list":{"0":"post-32804","1":"post","2":"type-post","3":"status-publish","4":"format-standard","5":"has-post-thumbnail","7":"category-preventiva","8":"category-residencia-medica","9":"tag-clinica-medica","10":"tag-especialidades-medicas","11":"tag-preventiva","12":"tag-residencia-medica"},"yoast_head":"<!-- This site is optimized with the Yoast SEO Premium plugin v24.3 (Yoast SEO v27.4) - https:\/\/yoast.com\/product\/yoast-seo-premium-wordpress\/ -->\n<title>MCCP: M\u00e9todo Cl\u00ednico Centrado na Pessoa | Grupo MedCof<\/title>\n<meta name=\"description\" content=\"Principais componentes do MCCP, benef\u00edcios e a import\u00e2ncia de sua implementa\u00e7\u00e3o na medicina di\u00e1ria, especialmente em programas de resid\u00eancia m\u00e9dica.\" \/>\n<meta name=\"robots\" content=\"index, follow, max-snippet:-1, max-image-preview:large, max-video-preview:-1\" \/>\n<link rel=\"canonical\" href=\"https:\/\/www.grupomedcof.com.br\/blog\/saiba-aplicar-o-mccp-metodo-clinico-centrado-na-pessoa\/\" \/>\n<meta property=\"og:locale\" content=\"pt_BR\" \/>\n<meta property=\"og:type\" content=\"article\" \/>\n<meta property=\"og:title\" content=\"Saiba aplicar o MCCP: M\u00e9todo Cl\u00ednico Centrado na Pessoa\" \/>\n<meta property=\"og:description\" content=\"Principais componentes do MCCP, benef\u00edcios e a import\u00e2ncia de sua implementa\u00e7\u00e3o na medicina di\u00e1ria, especialmente em programas de resid\u00eancia m\u00e9dica.\" \/>\n<meta property=\"og:url\" content=\"https:\/\/www.grupomedcof.com.br\/blog\/saiba-aplicar-o-mccp-metodo-clinico-centrado-na-pessoa\/\" \/>\n<meta property=\"og:site_name\" content=\"Blog de Medcof: conte\u00fados, editais, revalida e mais!\" \/>\n<meta property=\"article:publisher\" content=\"https:\/\/www.facebook.com\/MedCofQbank\/\" \/>\n<meta property=\"article:published_time\" content=\"2025-01-03T18:47:08+00:00\" \/>\n<meta property=\"article:modified_time\" content=\"2025-01-03T18:47:09+00:00\" \/>\n<meta property=\"og:image\" content=\"https:\/\/www.grupomedcof.com.br\/blog\/wp-content\/uploads\/2025\/01\/e803c43198b72ded432fc98ba908200a.jpg\" \/>\n\t<meta property=\"og:image:width\" content=\"735\" \/>\n\t<meta property=\"og:image:height\" content=\"490\" \/>\n\t<meta property=\"og:image:type\" content=\"image\/jpeg\" \/>\n<meta name=\"author\" content=\"Kiara Adelino\" \/>\n<meta name=\"twitter:card\" content=\"summary_large_image\" \/>\n<meta name=\"twitter:label1\" content=\"Escrito por\" \/>\n\t<meta name=\"twitter:data1\" content=\"Kiara Adelino\" \/>\n\t<meta name=\"twitter:label2\" content=\"Est. tempo de leitura\" \/>\n\t<meta name=\"twitter:data2\" content=\"6 minutos\" \/>\n<script type=\"application\/ld+json\" class=\"yoast-schema-graph\">{\"@context\":\"https:\\\/\\\/schema.org\",\"@graph\":[{\"@type\":\"Article\",\"@id\":\"https:\\\/\\\/www.grupomedcof.com.br\\\/blog\\\/saiba-aplicar-o-mccp-metodo-clinico-centrado-na-pessoa\\\/#article\",\"isPartOf\":{\"@id\":\"https:\\\/\\\/www.grupomedcof.com.br\\\/blog\\\/saiba-aplicar-o-mccp-metodo-clinico-centrado-na-pessoa\\\/\"},\"author\":{\"name\":\"Kiara Adelino\",\"@id\":\"https:\\\/\\\/www.grupomedcof.com.br\\\/blog\\\/#\\\/schema\\\/person\\\/db19a651f86c5fc202d6eee744fd3292\"},\"headline\":\"Saiba aplicar o MCCP: M\u00e9todo Cl\u00ednico Centrado na Pessoa\",\"datePublished\":\"2025-01-03T18:47:08+00:00\",\"dateModified\":\"2025-01-03T18:47:09+00:00\",\"mainEntityOfPage\":{\"@id\":\"https:\\\/\\\/www.grupomedcof.com.br\\\/blog\\\/saiba-aplicar-o-mccp-metodo-clinico-centrado-na-pessoa\\\/\"},\"wordCount\":901,\"commentCount\":0,\"publisher\":{\"@id\":\"https:\\\/\\\/www.grupomedcof.com.br\\\/blog\\\/#organization\"},\"image\":{\"@id\":\"https:\\\/\\\/www.grupomedcof.com.br\\\/blog\\\/saiba-aplicar-o-mccp-metodo-clinico-centrado-na-pessoa\\\/#primaryimage\"},\"thumbnailUrl\":\"https:\\\/\\\/www.grupomedcof.com.br\\\/blog\\\/wp-content\\\/uploads\\\/2025\\\/01\\\/e803c43198b72ded432fc98ba908200a.jpg\",\"keywords\":[\"Cl\u00ednica M\u00e9dica\",\"Especialidades m\u00e9dicas\",\"Preventiva\",\"Resid\u00eancia M\u00e9dica\"],\"articleSection\":[\"Preventiva\",\"Resid\u00eancia m\u00e9dica: editais, resultados, temas quentes e mais\"],\"inLanguage\":\"pt-BR\"},{\"@type\":\"WebPage\",\"@id\":\"https:\\\/\\\/www.grupomedcof.com.br\\\/blog\\\/saiba-aplicar-o-mccp-metodo-clinico-centrado-na-pessoa\\\/\",\"url\":\"https:\\\/\\\/www.grupomedcof.com.br\\\/blog\\\/saiba-aplicar-o-mccp-metodo-clinico-centrado-na-pessoa\\\/\",\"name\":\"MCCP: M\u00e9todo Cl\u00ednico Centrado na Pessoa | Grupo MedCof\",\"isPartOf\":{\"@id\":\"https:\\\/\\\/www.grupomedcof.com.br\\\/blog\\\/#website\"},\"primaryImageOfPage\":{\"@id\":\"https:\\\/\\\/www.grupomedcof.com.br\\\/blog\\\/saiba-aplicar-o-mccp-metodo-clinico-centrado-na-pessoa\\\/#primaryimage\"},\"image\":{\"@id\":\"https:\\\/\\\/www.grupomedcof.com.br\\\/blog\\\/saiba-aplicar-o-mccp-metodo-clinico-centrado-na-pessoa\\\/#primaryimage\"},\"thumbnailUrl\":\"https:\\\/\\\/www.grupomedcof.com.br\\\/blog\\\/wp-content\\\/uploads\\\/2025\\\/01\\\/e803c43198b72ded432fc98ba908200a.jpg\",\"datePublished\":\"2025-01-03T18:47:08+00:00\",\"dateModified\":\"2025-01-03T18:47:09+00:00\",\"description\":\"Principais componentes do MCCP, benef\u00edcios e a import\u00e2ncia de sua implementa\u00e7\u00e3o na medicina di\u00e1ria, especialmente em programas de resid\u00eancia m\u00e9dica.\",\"breadcrumb\":{\"@id\":\"https:\\\/\\\/www.grupomedcof.com.br\\\/blog\\\/saiba-aplicar-o-mccp-metodo-clinico-centrado-na-pessoa\\\/#breadcrumb\"},\"inLanguage\":\"pt-BR\",\"potentialAction\":[{\"@type\":\"ReadAction\",\"target\":[\"https:\\\/\\\/www.grupomedcof.com.br\\\/blog\\\/saiba-aplicar-o-mccp-metodo-clinico-centrado-na-pessoa\\\/\"]}]},{\"@type\":\"ImageObject\",\"inLanguage\":\"pt-BR\",\"@id\":\"https:\\\/\\\/www.grupomedcof.com.br\\\/blog\\\/saiba-aplicar-o-mccp-metodo-clinico-centrado-na-pessoa\\\/#primaryimage\",\"url\":\"https:\\\/\\\/www.grupomedcof.com.br\\\/blog\\\/wp-content\\\/uploads\\\/2025\\\/01\\\/e803c43198b72ded432fc98ba908200a.jpg\",\"contentUrl\":\"https:\\\/\\\/www.grupomedcof.com.br\\\/blog\\\/wp-content\\\/uploads\\\/2025\\\/01\\\/e803c43198b72ded432fc98ba908200a.jpg\",\"width\":735,\"height\":490},{\"@type\":\"BreadcrumbList\",\"@id\":\"https:\\\/\\\/www.grupomedcof.com.br\\\/blog\\\/saiba-aplicar-o-mccp-metodo-clinico-centrado-na-pessoa\\\/#breadcrumb\",\"itemListElement\":[{\"@type\":\"ListItem\",\"position\":1,\"name\":\"In\u00edcio\",\"item\":\"https:\\\/\\\/www.grupomedcof.com.br\\\/blog\\\/\"},{\"@type\":\"ListItem\",\"position\":2,\"name\":\"Saiba aplicar o MCCP: M\u00e9todo Cl\u00ednico Centrado na Pessoa\"}]},{\"@type\":\"WebSite\",\"@id\":\"https:\\\/\\\/www.grupomedcof.com.br\\\/blog\\\/#website\",\"url\":\"https:\\\/\\\/www.grupomedcof.com.br\\\/blog\\\/\",\"name\":\"Blog de Medcof: conte\u00fados, editais, revalida e mais!\",\"description\":\"Acesso o blog de MedCof! Seu portal de conte\u00fados sobre resid\u00eancia m\u00e9dica, an\u00e1lise e editais e muito mais. Clique e confira!\",\"publisher\":{\"@id\":\"https:\\\/\\\/www.grupomedcof.com.br\\\/blog\\\/#organization\"},\"alternateName\":\"Blog de Medcof: conte\u00fados, editais, revalida e mais!\",\"potentialAction\":[{\"@type\":\"SearchAction\",\"target\":{\"@type\":\"EntryPoint\",\"urlTemplate\":\"https:\\\/\\\/www.grupomedcof.com.br\\\/blog\\\/?s={search_term_string}\"},\"query-input\":{\"@type\":\"PropertyValueSpecification\",\"valueRequired\":true,\"valueName\":\"search_term_string\"}}],\"inLanguage\":\"pt-BR\"},{\"@type\":\"Organization\",\"@id\":\"https:\\\/\\\/www.grupomedcof.com.br\\\/blog\\\/#organization\",\"name\":\"Grupo MedCof\",\"url\":\"https:\\\/\\\/www.grupomedcof.com.br\\\/blog\\\/\",\"logo\":{\"@type\":\"ImageObject\",\"inLanguage\":\"pt-BR\",\"@id\":\"https:\\\/\\\/www.grupomedcof.com.br\\\/blog\\\/#\\\/schema\\\/logo\\\/image\\\/\",\"url\":\"https:\\\/\\\/www.grupomedcof.com.br\\\/blog\\\/wp-content\\\/uploads\\\/2022\\\/01\\\/logo-medcof.png\",\"contentUrl\":\"https:\\\/\\\/www.grupomedcof.com.br\\\/blog\\\/wp-content\\\/uploads\\\/2022\\\/01\\\/logo-medcof.png\",\"width\":768,\"height\":269,\"caption\":\"Grupo MedCof\"},\"image\":{\"@id\":\"https:\\\/\\\/www.grupomedcof.com.br\\\/blog\\\/#\\\/schema\\\/logo\\\/image\\\/\"},\"sameAs\":[\"https:\\\/\\\/www.facebook.com\\\/MedCofQbank\\\/\",\"https:\\\/\\\/www.instagram.com\\\/grupomedcof\\\/\",\"https:\\\/\\\/br.linkedin.com\\\/company\\\/medcof\",\"https:\\\/\\\/www.youtube.com\\\/channel\\\/UCdHMuOHKICxcHwecxN8P-AA\"]},{\"@type\":\"Person\",\"@id\":\"https:\\\/\\\/www.grupomedcof.com.br\\\/blog\\\/#\\\/schema\\\/person\\\/db19a651f86c5fc202d6eee744fd3292\",\"name\":\"Kiara Adelino\",\"image\":{\"@type\":\"ImageObject\",\"inLanguage\":\"pt-BR\",\"@id\":\"https:\\\/\\\/www.grupomedcof.com.br\\\/blog\\\/wp-content\\\/uploads\\\/2024\\\/08\\\/cropped-Kiara-Adelino2-96x96.jpega85663bdda67261f8f06f86e555e1e49\",\"url\":\"https:\\\/\\\/www.grupomedcof.com.br\\\/blog\\\/wp-content\\\/uploads\\\/2024\\\/08\\\/cropped-Kiara-Adelino2-96x96.jpeg\",\"contentUrl\":\"https:\\\/\\\/www.grupomedcof.com.br\\\/blog\\\/wp-content\\\/uploads\\\/2024\\\/08\\\/cropped-Kiara-Adelino2-96x96.jpeg\",\"caption\":\"Kiara Adelino\"},\"description\":\"Estudante do 5\u00b0 semestre de Medicina. Gosto bastante de aprender coisas novas, principalmente na \u00e1rea de Neurologia e Anatomia humana.\",\"url\":\"https:\\\/\\\/www.grupomedcof.com.br\\\/blog\\\/author\\\/kiara-adelino\\\/\"}]}<\/script>\n<!-- \/ Yoast SEO Premium plugin. -->","yoast_head_json":{"title":"MCCP: M\u00e9todo Cl\u00ednico Centrado na Pessoa | Grupo MedCof","description":"Principais componentes do MCCP, benef\u00edcios e a import\u00e2ncia de sua implementa\u00e7\u00e3o na medicina di\u00e1ria, especialmente em programas de resid\u00eancia m\u00e9dica.","robots":{"index":"index","follow":"follow","max-snippet":"max-snippet:-1","max-image-preview":"max-image-preview:large","max-video-preview":"max-video-preview:-1"},"canonical":"https:\/\/www.grupomedcof.com.br\/blog\/saiba-aplicar-o-mccp-metodo-clinico-centrado-na-pessoa\/","og_locale":"pt_BR","og_type":"article","og_title":"Saiba aplicar o MCCP: M\u00e9todo Cl\u00ednico Centrado na Pessoa","og_description":"Principais componentes do MCCP, benef\u00edcios e a import\u00e2ncia de sua implementa\u00e7\u00e3o na medicina di\u00e1ria, especialmente em programas de resid\u00eancia m\u00e9dica.","og_url":"https:\/\/www.grupomedcof.com.br\/blog\/saiba-aplicar-o-mccp-metodo-clinico-centrado-na-pessoa\/","og_site_name":"Blog de Medcof: conte\u00fados, editais, revalida e mais!","article_publisher":"https:\/\/www.facebook.com\/MedCofQbank\/","article_published_time":"2025-01-03T18:47:08+00:00","article_modified_time":"2025-01-03T18:47:09+00:00","og_image":[{"width":735,"height":490,"url":"https:\/\/www.grupomedcof.com.br\/blog\/wp-content\/uploads\/2025\/01\/e803c43198b72ded432fc98ba908200a.jpg","type":"image\/jpeg"}],"author":"Kiara Adelino","twitter_card":"summary_large_image","twitter_misc":{"Escrito por":"Kiara Adelino","Est. tempo de leitura":"6 minutos"},"schema":{"@context":"https:\/\/schema.org","@graph":[{"@type":"Article","@id":"https:\/\/www.grupomedcof.com.br\/blog\/saiba-aplicar-o-mccp-metodo-clinico-centrado-na-pessoa\/#article","isPartOf":{"@id":"https:\/\/www.grupomedcof.com.br\/blog\/saiba-aplicar-o-mccp-metodo-clinico-centrado-na-pessoa\/"},"author":{"name":"Kiara Adelino","@id":"https:\/\/www.grupomedcof.com.br\/blog\/#\/schema\/person\/db19a651f86c5fc202d6eee744fd3292"},"headline":"Saiba aplicar o MCCP: M\u00e9todo Cl\u00ednico Centrado na Pessoa","datePublished":"2025-01-03T18:47:08+00:00","dateModified":"2025-01-03T18:47:09+00:00","mainEntityOfPage":{"@id":"https:\/\/www.grupomedcof.com.br\/blog\/saiba-aplicar-o-mccp-metodo-clinico-centrado-na-pessoa\/"},"wordCount":901,"commentCount":0,"publisher":{"@id":"https:\/\/www.grupomedcof.com.br\/blog\/#organization"},"image":{"@id":"https:\/\/www.grupomedcof.com.br\/blog\/saiba-aplicar-o-mccp-metodo-clinico-centrado-na-pessoa\/#primaryimage"},"thumbnailUrl":"https:\/\/www.grupomedcof.com.br\/blog\/wp-content\/uploads\/2025\/01\/e803c43198b72ded432fc98ba908200a.jpg","keywords":["Cl\u00ednica M\u00e9dica","Especialidades m\u00e9dicas","Preventiva","Resid\u00eancia M\u00e9dica"],"articleSection":["Preventiva","Resid\u00eancia m\u00e9dica: editais, resultados, temas quentes e mais"],"inLanguage":"pt-BR"},{"@type":"WebPage","@id":"https:\/\/www.grupomedcof.com.br\/blog\/saiba-aplicar-o-mccp-metodo-clinico-centrado-na-pessoa\/","url":"https:\/\/www.grupomedcof.com.br\/blog\/saiba-aplicar-o-mccp-metodo-clinico-centrado-na-pessoa\/","name":"MCCP: M\u00e9todo Cl\u00ednico Centrado na Pessoa | Grupo MedCof","isPartOf":{"@id":"https:\/\/www.grupomedcof.com.br\/blog\/#website"},"primaryImageOfPage":{"@id":"https:\/\/www.grupomedcof.com.br\/blog\/saiba-aplicar-o-mccp-metodo-clinico-centrado-na-pessoa\/#primaryimage"},"image":{"@id":"https:\/\/www.grupomedcof.com.br\/blog\/saiba-aplicar-o-mccp-metodo-clinico-centrado-na-pessoa\/#primaryimage"},"thumbnailUrl":"https:\/\/www.grupomedcof.com.br\/blog\/wp-content\/uploads\/2025\/01\/e803c43198b72ded432fc98ba908200a.jpg","datePublished":"2025-01-03T18:47:08+00:00","dateModified":"2025-01-03T18:47:09+00:00","description":"Principais componentes do MCCP, benef\u00edcios e a import\u00e2ncia de sua implementa\u00e7\u00e3o na medicina di\u00e1ria, especialmente em programas de resid\u00eancia m\u00e9dica.","breadcrumb":{"@id":"https:\/\/www.grupomedcof.com.br\/blog\/saiba-aplicar-o-mccp-metodo-clinico-centrado-na-pessoa\/#breadcrumb"},"inLanguage":"pt-BR","potentialAction":[{"@type":"ReadAction","target":["https:\/\/www.grupomedcof.com.br\/blog\/saiba-aplicar-o-mccp-metodo-clinico-centrado-na-pessoa\/"]}]},{"@type":"ImageObject","inLanguage":"pt-BR","@id":"https:\/\/www.grupomedcof.com.br\/blog\/saiba-aplicar-o-mccp-metodo-clinico-centrado-na-pessoa\/#primaryimage","url":"https:\/\/www.grupomedcof.com.br\/blog\/wp-content\/uploads\/2025\/01\/e803c43198b72ded432fc98ba908200a.jpg","contentUrl":"https:\/\/www.grupomedcof.com.br\/blog\/wp-content\/uploads\/2025\/01\/e803c43198b72ded432fc98ba908200a.jpg","width":735,"height":490},{"@type":"BreadcrumbList","@id":"https:\/\/www.grupomedcof.com.br\/blog\/saiba-aplicar-o-mccp-metodo-clinico-centrado-na-pessoa\/#breadcrumb","itemListElement":[{"@type":"ListItem","position":1,"name":"In\u00edcio","item":"https:\/\/www.grupomedcof.com.br\/blog\/"},{"@type":"ListItem","position":2,"name":"Saiba aplicar o MCCP: M\u00e9todo Cl\u00ednico Centrado na Pessoa"}]},{"@type":"WebSite","@id":"https:\/\/www.grupomedcof.com.br\/blog\/#website","url":"https:\/\/www.grupomedcof.com.br\/blog\/","name":"Blog de Medcof: conte\u00fados, editais, revalida e mais!","description":"Acesso o blog de MedCof! Seu portal de conte\u00fados sobre resid\u00eancia m\u00e9dica, an\u00e1lise e editais e muito mais. Clique e confira!","publisher":{"@id":"https:\/\/www.grupomedcof.com.br\/blog\/#organization"},"alternateName":"Blog de Medcof: conte\u00fados, editais, revalida e mais!","potentialAction":[{"@type":"SearchAction","target":{"@type":"EntryPoint","urlTemplate":"https:\/\/www.grupomedcof.com.br\/blog\/?s={search_term_string}"},"query-input":{"@type":"PropertyValueSpecification","valueRequired":true,"valueName":"search_term_string"}}],"inLanguage":"pt-BR"},{"@type":"Organization","@id":"https:\/\/www.grupomedcof.com.br\/blog\/#organization","name":"Grupo MedCof","url":"https:\/\/www.grupomedcof.com.br\/blog\/","logo":{"@type":"ImageObject","inLanguage":"pt-BR","@id":"https:\/\/www.grupomedcof.com.br\/blog\/#\/schema\/logo\/image\/","url":"https:\/\/www.grupomedcof.com.br\/blog\/wp-content\/uploads\/2022\/01\/logo-medcof.png","contentUrl":"https:\/\/www.grupomedcof.com.br\/blog\/wp-content\/uploads\/2022\/01\/logo-medcof.png","width":768,"height":269,"caption":"Grupo MedCof"},"image":{"@id":"https:\/\/www.grupomedcof.com.br\/blog\/#\/schema\/logo\/image\/"},"sameAs":["https:\/\/www.facebook.com\/MedCofQbank\/","https:\/\/www.instagram.com\/grupomedcof\/","https:\/\/br.linkedin.com\/company\/medcof","https:\/\/www.youtube.com\/channel\/UCdHMuOHKICxcHwecxN8P-AA"]},{"@type":"Person","@id":"https:\/\/www.grupomedcof.com.br\/blog\/#\/schema\/person\/db19a651f86c5fc202d6eee744fd3292","name":"Kiara Adelino","image":{"@type":"ImageObject","inLanguage":"pt-BR","@id":"https:\/\/www.grupomedcof.com.br\/blog\/wp-content\/uploads\/2024\/08\/cropped-Kiara-Adelino2-96x96.jpega85663bdda67261f8f06f86e555e1e49","url":"https:\/\/www.grupomedcof.com.br\/blog\/wp-content\/uploads\/2024\/08\/cropped-Kiara-Adelino2-96x96.jpeg","contentUrl":"https:\/\/www.grupomedcof.com.br\/blog\/wp-content\/uploads\/2024\/08\/cropped-Kiara-Adelino2-96x96.jpeg","caption":"Kiara Adelino"},"description":"Estudante do 5\u00b0 semestre de Medicina. Gosto bastante de aprender coisas novas, principalmente na \u00e1rea de Neurologia e Anatomia humana.","url":"https:\/\/www.grupomedcof.com.br\/blog\/author\/kiara-adelino\/"}]}},"authors":[{"term_id":3617,"user_id":21,"is_guest":0,"slug":"kiara-adelino","display_name":"Kiara Adelino","avatar_url":"https:\/\/www.grupomedcof.com.br\/blog\/wp-content\/uploads\/2024\/08\/cropped-Kiara-Adelino2-96x96.jpeg","0":null,"1":"","2":"","3":"","4":"","5":"","6":"","7":"","8":""}],"_links":{"self":[{"href":"https:\/\/www.grupomedcof.com.br\/blog\/wp-json\/wp\/v2\/posts\/32804","targetHints":{"allow":["GET"]}}],"collection":[{"href":"https:\/\/www.grupomedcof.com.br\/blog\/wp-json\/wp\/v2\/posts"}],"about":[{"href":"https:\/\/www.grupomedcof.com.br\/blog\/wp-json\/wp\/v2\/types\/post"}],"author":[{"embeddable":true,"href":"https:\/\/www.grupomedcof.com.br\/blog\/wp-json\/wp\/v2\/users\/21"}],"replies":[{"embeddable":true,"href":"https:\/\/www.grupomedcof.com.br\/blog\/wp-json\/wp\/v2\/comments?post=32804"}],"version-history":[{"count":0,"href":"https:\/\/www.grupomedcof.com.br\/blog\/wp-json\/wp\/v2\/posts\/32804\/revisions"}],"wp:featuredmedia":[{"embeddable":true,"href":"https:\/\/www.grupomedcof.com.br\/blog\/wp-json\/wp\/v2\/media\/32807"}],"wp:attachment":[{"href":"https:\/\/www.grupomedcof.com.br\/blog\/wp-json\/wp\/v2\/media?parent=32804"}],"wp:term":[{"taxonomy":"category","embeddable":true,"href":"https:\/\/www.grupomedcof.com.br\/blog\/wp-json\/wp\/v2\/categories?post=32804"},{"taxonomy":"post_tag","embeddable":true,"href":"https:\/\/www.grupomedcof.com.br\/blog\/wp-json\/wp\/v2\/tags?post=32804"},{"taxonomy":"author","embeddable":true,"href":"https:\/\/www.grupomedcof.com.br\/blog\/wp-json\/wp\/v2\/ppma_author?post=32804"}],"curies":[{"name":"wp","href":"https:\/\/api.w.org\/{rel}","templated":true}]}}