{"id":32864,"date":"2025-01-08T09:21:27","date_gmt":"2025-01-08T12:21:27","guid":{"rendered":"https:\/\/www.grupomedcof.com.br\/blog\/?p=32864"},"modified":"2025-01-08T09:21:28","modified_gmt":"2025-01-08T12:21:28","slug":"descubra-o-que-esta-inserido-na-saude-suplementar-brasileira","status":"publish","type":"post","link":"https:\/\/www.grupomedcof.com.br\/blog\/descubra-o-que-esta-inserido-na-saude-suplementar-brasileira\/","title":{"rendered":"Descubra o que est\u00e1 inserido na sa\u00fade suplementar brasileira\u00a0"},"content":{"rendered":"<div id=\"ez-toc-container\" class=\"ez-toc-v2_0_74 counter-hierarchy ez-toc-counter ez-toc-transparent ez-toc-container-direction\">\n<div class=\"ez-toc-title-container\">\n<p class=\"ez-toc-title\" style=\"cursor:inherit\">Sum\u00e1rio<\/p>\n<span class=\"ez-toc-title-toggle\"><a href=\"#\" class=\"ez-toc-pull-right ez-toc-btn ez-toc-btn-xs ez-toc-btn-default ez-toc-toggle\" aria-label=\"Alternar tabela de conte\u00fado\"><span class=\"ez-toc-js-icon-con\"><span class=\"\"><span class=\"eztoc-hide\" style=\"display:none;\">Toggle<\/span><span class=\"ez-toc-icon-toggle-span\"><svg style=\"fill: #999;color:#999\" xmlns=\"http:\/\/www.w3.org\/2000\/svg\" class=\"list-377408\" width=\"20px\" height=\"20px\" viewBox=\"0 0 24 24\" fill=\"none\"><path d=\"M6 6H4v2h2V6zm14 0H8v2h12V6zM4 11h2v2H4v-2zm16 0H8v2h12v-2zM4 16h2v2H4v-2zm16 0H8v2h12v-2z\" fill=\"currentColor\"><\/path><\/svg><svg style=\"fill: #999;color:#999\" class=\"arrow-unsorted-368013\" xmlns=\"http:\/\/www.w3.org\/2000\/svg\" width=\"10px\" height=\"10px\" viewBox=\"0 0 24 24\" version=\"1.2\" baseProfile=\"tiny\"><path d=\"M18.2 9.3l-6.2-6.3-6.2 6.3c-.2.2-.3.4-.3.7s.1.5.3.7c.2.2.4.3.7.3h11c.3 0 .5-.1.7-.3.2-.2.3-.5.3-.7s-.1-.5-.3-.7zM5.8 14.7l6.2 6.3 6.2-6.3c.2-.2.3-.5.3-.7s-.1-.5-.3-.7c-.2-.2-.4-.3-.7-.3h-11c-.3 0-.5.1-.7.3-.2.2-.3.5-.3.7s.1.5.3.7z\"\/><\/svg><\/span><\/span><\/span><\/a><\/span><\/div>\n<nav><ul class='ez-toc-list ez-toc-list-level-1 ' ><li class='ez-toc-page-1 ez-toc-heading-level-2'><a class=\"ez-toc-link ez-toc-heading-1\" href=\"https:\/\/www.grupomedcof.com.br\/blog\/descubra-o-que-esta-inserido-na-saude-suplementar-brasileira\/#Estrutura_do_Sistema_de_Saude_Brasileiro\" >Estrutura do Sistema de Sa\u00fade Brasileiro<\/a><\/li><li class='ez-toc-page-1 ez-toc-heading-level-2'><a class=\"ez-toc-link ez-toc-heading-2\" href=\"https:\/\/www.grupomedcof.com.br\/blog\/descubra-o-que-esta-inserido-na-saude-suplementar-brasileira\/#Modalidades_de_Operadoras_de_Planos_de_Saude\" >Modalidades de Operadoras de Planos de Sa\u00fade<\/a><\/li><li class='ez-toc-page-1 ez-toc-heading-level-2'><a class=\"ez-toc-link ez-toc-heading-3\" href=\"https:\/\/www.grupomedcof.com.br\/blog\/descubra-o-que-esta-inserido-na-saude-suplementar-brasileira\/#Regulamentacao_e_Papel_da_ANS\" >Regulamenta\u00e7\u00e3o e Papel da ANS<\/a><\/li><li class='ez-toc-page-1 ez-toc-heading-level-2'><a class=\"ez-toc-link ez-toc-heading-4\" href=\"https:\/\/www.grupomedcof.com.br\/blog\/descubra-o-que-esta-inserido-na-saude-suplementar-brasileira\/#Desafios_Enfrentados_pelos_Planos_de_Saude\" >Desafios Enfrentados pelos Planos de Sa\u00fade<\/a><\/li><li class='ez-toc-page-1 ez-toc-heading-level-2'><a class=\"ez-toc-link ez-toc-heading-5\" href=\"https:\/\/www.grupomedcof.com.br\/blog\/descubra-o-que-esta-inserido-na-saude-suplementar-brasileira\/#Implicacoes_para_Residentes_de_Medicina\" >Implica\u00e7\u00f5es para Residentes de Medicina<\/a><\/li><li class='ez-toc-page-1 ez-toc-heading-level-2'><a class=\"ez-toc-link ez-toc-heading-6\" href=\"https:\/\/www.grupomedcof.com.br\/blog\/descubra-o-que-esta-inserido-na-saude-suplementar-brasileira\/#Seja_um_MedCoffer\" >Seja um MedCoffer<\/a><\/li><\/ul><\/nav><\/div>\n\n<figure class=\"wp-block-image size-full\"><img loading=\"lazy\" decoding=\"async\" width=\"735\" height=\"490\" src=\"https:\/\/www.grupomedcof.com.br\/blog\/wp-content\/uploads\/2025\/01\/image.jpeg\" alt=\"\" class=\"wp-image-32865\" srcset=\"https:\/\/www.grupomedcof.com.br\/blog\/wp-content\/uploads\/2025\/01\/image.jpeg 735w, https:\/\/www.grupomedcof.com.br\/blog\/wp-content\/uploads\/2025\/01\/image-300x200.jpeg 300w, https:\/\/www.grupomedcof.com.br\/blog\/wp-content\/uploads\/2025\/01\/image-630x420.jpeg 630w, https:\/\/www.grupomedcof.com.br\/blog\/wp-content\/uploads\/2025\/01\/image-150x100.jpeg 150w, https:\/\/www.grupomedcof.com.br\/blog\/wp-content\/uploads\/2025\/01\/image-696x464.jpeg 696w\" sizes=\"auto, (max-width: 735px) 100vw, 735px\" \/><figcaption class=\"wp-element-caption\">Fonte: <a href=\"https:\/\/pin.it\/4GqkFD0au\">https:\/\/pin.it\/4GqkFD0au<\/a>\u00a0<\/figcaption><\/figure>\n\n\n\n<p><\/p>\n\n\n\n<p>O sistema de sa\u00fade no Brasil \u00e9 complexo e multifacetado, dividindo-se entre o <strong>Sistema \u00danico de Sa\u00fade (SUS) e a sa\u00fade suplementar. <\/strong>Para os futuros residentes de medicina, compreender o funcionamento dos planos de sa\u00fade \u00e9 essencial, n\u00e3o apenas para fornecer um atendimento eficaz, mas tamb\u00e9m para navegar pelas nuances administrativas e legais que influenciam a pr\u00e1tica m\u00e9dica. Ent\u00e3o, vamos explorar a estrutura dos planos de sa\u00fade no Brasil, suas modalidades, regulamenta\u00e7\u00f5es e os desafios enfrentados por m\u00e9dicos e pacientes.<\/p>\n\n\n\n<h2 class=\"wp-block-heading\" id=\"h-estrutura-do-sistema-de-saude-brasileiro\"><span class=\"ez-toc-section\" id=\"Estrutura_do_Sistema_de_Saude_Brasileiro\"><\/span><strong>Estrutura do Sistema de Sa\u00fade Brasileiro<\/strong><span class=\"ez-toc-section-end\"><\/span><\/h2>\n\n\n\n<p>O sistema de sa\u00fade brasileiro \u00e9 composto por dois subsistemas principais:<\/p>\n\n\n\n<ol class=\"wp-block-list\">\n<li><strong>Subsistema P\u00fablico: SUS<\/strong><\/li>\n<\/ol>\n\n\n\n<p>O SUS \u00e9 o sistema p\u00fablico de sa\u00fade, oferecendo acesso universal e gratuito aos servi\u00e7os de sa\u00fade para todos os cidad\u00e3os. Ele \u00e9 financiado por impostos e gerido em n\u00edveis federal, estadual e municipal.<\/p>\n\n\n\n<ol start=\"2\" class=\"wp-block-list\">\n<li><strong>Subsistema Privado: Sa\u00fade Suplementar<\/strong><\/li>\n<\/ol>\n\n\n\n<p>A sa\u00fade suplementar complementa o SUS e inclui planos de sa\u00fade privados que cobrem cerca de 25% da popula\u00e7\u00e3o brasileira. Este subsistema \u00e9 composto por diversas modalidades de operadoras, cada uma com caracter\u00edsticas espec\u00edficas.<\/p>\n\n\n\n<h2 class=\"wp-block-heading\" id=\"h-modalidades-de-operadoras-de-planos-de-saude\"><span class=\"ez-toc-section\" id=\"Modalidades_de_Operadoras_de_Planos_de_Saude\"><\/span><strong>Modalidades de Operadoras de Planos de Sa\u00fade<\/strong><span class=\"ez-toc-section-end\"><\/span><\/h2>\n\n\n\n<p>Os planos de sa\u00fade no Brasil s\u00e3o divididos em modalidades com e sem fins lucrativos:<\/p>\n\n\n\n<ul class=\"wp-block-list\">\n<li>Com Fins Lucrativos:<\/li>\n<\/ul>\n\n\n\n<p>Medicina\/Odontologia de Grupo: Empresas que administram planos de sa\u00fade para indiv\u00edduos e coletivos, possuindo rede pr\u00f3pria ou credenciada. Exemplo: AMIL.<\/p>\n\n\n\n<p>Seguro de Sa\u00fade: Oferece reembolso de despesas m\u00e9dicas com livre escolha de servi\u00e7os, sem rede pr\u00f3pria. Exemplo: Bradesco Sa\u00fade.<\/p>\n\n\n\n<figure class=\"wp-block-image\"><img decoding=\"async\" src=\"https:\/\/lh7-rt.googleusercontent.com\/docsz\/AD_4nXd83Jchx7iNcP0xLUEDIH7KGk6O-429iZ7c4JgVQjRkDJCdaIBAkZOLaHopyTqaU7lpDt8OJ-XYu3-ufSqkkF_ZE9gu7G4Llj5d0oplwQYSG3pubTAhjZjzXQo8Sr7eZG6yPipK?key=mMTdAtv-LF2jWUVIRPMr2hS1\" alt=\"\"\/><figcaption class=\"wp-element-caption\">Fonte: <a href=\"https:\/\/pin.it\/1sI9mtE8m\">https:\/\/pin.it\/1sI9mtE8m<\/a>\u00a0<\/figcaption><\/figure>\n\n\n\n<ul class=\"wp-block-list\">\n<li>Sem Fins Lucrativos:<\/li>\n<\/ul>\n\n\n\n<p>Cooperativas M\u00e9dicas\/Odontol\u00f3gicas: M\u00e9dicos s\u00e3o s\u00f3cios e prestadores de servi\u00e7o, com rede pr\u00f3pria e credenciada. Exemplo: UNIMED.<\/p>\n\n\n\n<p>Autogest\u00e3o: Planos organizados por empresas para seus funcion\u00e1rios, podendo ter rede pr\u00f3pria. Exemplo: CASSI.<\/p>\n\n\n\n<p>Filantropia: Entidades que operam planos e prestam servi\u00e7os de interesse p\u00fablico, com vantagens fiscais. Exemplo: Santas Casas.<\/p>\n\n\n\n<h2 class=\"wp-block-heading\" id=\"h-regulamentacao-e-papel-da-ans\"><span class=\"ez-toc-section\" id=\"Regulamentacao_e_Papel_da_ANS\"><\/span><strong>Regulamenta\u00e7\u00e3o e Papel da ANS<\/strong><span class=\"ez-toc-section-end\"><\/span><\/h2>\n\n\n\n<p>A Ag\u00eancia Nacional de Sa\u00fade Suplementar (ANS), criada pela <strong>Lei 9.961\/2000,<\/strong> \u00e9 respons\u00e1vel pela regula\u00e7\u00e3o dos planos de sa\u00fade no Brasil. Suas principais fun\u00e7\u00f5es incluem elaborar o Rol de Procedimentos ( o que define os servi\u00e7os que devem ser cobertos pelos planos de sa\u00fade), normatizar doen\u00e7as e les\u00f5es preexistentes (j\u00e1 que estabelece regras para cobertura de condi\u00e7\u00f5es preexistentes) e ressarcimento ao SUS: (pois regula a compensa\u00e7\u00e3o financeira ao SUS por servi\u00e7os prestados a benefici\u00e1rios de planos de sa\u00fade).<\/p>\n\n\n\n<figure class=\"wp-block-image\"><img decoding=\"async\" src=\"https:\/\/lh7-rt.googleusercontent.com\/docsz\/AD_4nXepfLCO1VPO_LUVgR__xYue2aknnBD8Td7fYYfyujkoNFkeTupnabiUwY8u82iU0J8L5aBGdKxHkEUYBKXgYT6eMvwOuJJYud_SsVLixy1AjiO7j1SDFsdl9PUNRsfdSuvRaNhSWg?key=mMTdAtv-LF2jWUVIRPMr2hS1\" alt=\"\"\/><figcaption class=\"wp-element-caption\">Fonte: <a href=\"https:\/\/pin.it\/10aSPSRGD\">https:\/\/pin.it\/10aSPSRGD<\/a>\u00a0<\/figcaption><\/figure>\n\n\n\n<h2 class=\"wp-block-heading\" id=\"h-desafios-enfrentados-pelos-planos-de-saude\"><span class=\"ez-toc-section\" id=\"Desafios_Enfrentados_pelos_Planos_de_Saude\"><\/span><strong>Desafios Enfrentados pelos Planos de Sa\u00fade<\/strong><span class=\"ez-toc-section-end\"><\/span><\/h2>\n\n\n\n<p>Os planos de sa\u00fade enfrentam v\u00e1rios desafios no Brasil, que impactam diretamente a pr\u00e1tica m\u00e9dica, como crescentes custos de sa\u00fade, j\u00e1 que a infla\u00e7\u00e3o m\u00e9dica e o aumento da demanda por servi\u00e7os de sa\u00fade elevam os custos operacionais, a judicializa\u00e7\u00e3o da Sa\u00fade, tendo em vista a crescente judicializa\u00e7\u00e3o, onde pacientes buscam na justi\u00e7a a cobertura de tratamentos, pressionar as operadoras e a qualidade e acesso aos servi\u00e7os, de modo que garantir a qualidade dos servi\u00e7os e o acesso equitativo aos benefici\u00e1rios \u00e9 um desafio constante.<\/p>\n\n\n\n<h2 class=\"wp-block-heading\" id=\"h-implicacoes-para-residentes-de-medicina\"><span class=\"ez-toc-section\" id=\"Implicacoes_para_Residentes_de_Medicina\"><\/span><strong>Implica\u00e7\u00f5es para Residentes de Medicina<\/strong><span class=\"ez-toc-section-end\"><\/span><\/h2>\n\n\n\n<p>Para os futuros residentes de medicina, entender o funcionamento dos planos de sa\u00fade \u00e9 crucial por v\u00e1rias raz\u00f5es:<\/p>\n\n\n\n<ul class=\"wp-block-list\">\n<li>Gest\u00e3o de Pacientes: Compreender os diferentes tipos de planos ajuda na gest\u00e3o eficaz do tratamento dos pacientes.<\/li>\n\n\n\n<li>Aspectos Legais e \u00c9ticos: Conhecer as regulamenta\u00e7\u00f5es evita conflitos \u00e9ticos e legais na pr\u00e1tica cl\u00ednica.<\/li>\n\n\n\n<li>Intera\u00e7\u00e3o com o SUS: A intera\u00e7\u00e3o entre o SUS e a sa\u00fade suplementar afeta o encaminhamento e a continuidade do cuidado.<\/li>\n<\/ul>\n\n\n\n<h2 class=\"wp-block-heading\" id=\"seja-um-medcoffer\"><span class=\"ez-toc-section\" id=\"Seja_um_MedCoffer\"><\/span><strong>Seja um MedCoffer<\/strong><span class=\"ez-toc-section-end\"><\/span><\/h2>\n\n\n\n<p>Para conquistar a aprova\u00e7\u00e3o nas provas de resid\u00eancia, seja um&nbsp;<strong>MedCoffer<\/strong>! Aqui te ajudaremos na busca da aprova\u00e7\u00e3o com conte\u00fados de qualidade e uma&nbsp;<a href=\"https:\/\/www.grupomedcof.com.br\/blog\/presenca-da-medcof-nas-aprovacoes-em-residencia-medica-no-brasil\/\" target=\"_blank\" rel=\"noreferrer noopener\"><strong>metodologia que j\u00e1 aprovou mais de 10 mil residentes no pa\u00eds<\/strong><\/a>!<\/p>\n\n\n\n<figure class=\"wp-block-embed is-type-video is-provider-youtube wp-block-embed-youtube wp-embed-aspect-16-9 wp-has-aspect-ratio\"><div class=\"wp-block-embed__wrapper\">\n<div class=\"youtube-embed\" data-video_id=\"Ic2HwzHiHIQ\"><iframe loading=\"lazy\" title=\"COFEXPRESS - Sa\u00fade Suplementar. Com Dr. Tio Carl\u00e3o\" width=\"696\" height=\"392\" src=\"https:\/\/www.youtube.com\/embed\/Ic2HwzHiHIQ?start=3&#038;feature=oembed\" frameborder=\"0\" allow=\"accelerometer; autoplay; clipboard-write; encrypted-media; gyroscope; picture-in-picture; web-share\" referrerpolicy=\"strict-origin-when-cross-origin\" allowfullscreen><\/iframe><\/div>\n<\/div><\/figure>\n","protected":false},"excerpt":{"rendered":"<p>O sistema de sa\u00fade no Brasil \u00e9 complexo e multifacetado, dividindo-se entre o Sistema \u00danico de Sa\u00fade (SUS) e a sa\u00fade suplementar. Entenda!<\/p>\n","protected":false},"author":21,"featured_media":32865,"comment_status":"open","ping_status":"open","sticky":false,"template":"","format":"standard","meta":{"footnotes":""},"categories":[197],"tags":[2433,805],"ppma_author":[3617],"class_list":{"0":"post-32864","1":"post","2":"type-post","3":"status-publish","4":"format-standard","5":"has-post-thumbnail","7":"category-preventiva","8":"tag-saude-suplementar","9":"tag-sus"},"yoast_head":"<!-- This site is optimized with the Yoast SEO Premium plugin v24.3 (Yoast SEO v27.4) - https:\/\/yoast.com\/product\/yoast-seo-premium-wordpress\/ -->\n<title>Descubra o que est\u00e1 inserido na sa\u00fade suplementar brasileira\u00a0 - Blog de Medcof: conte\u00fados, editais, revalida e mais!<\/title>\n<meta name=\"description\" content=\"O sistema de sa\u00fade no Brasil \u00e9 complexo e multifacetado, dividindo-se entre o Sistema \u00danico de Sa\u00fade (SUS) e a sa\u00fade suplementar. Entenda!\" \/>\n<meta name=\"robots\" content=\"index, follow, max-snippet:-1, max-image-preview:large, max-video-preview:-1\" \/>\n<link rel=\"canonical\" href=\"https:\/\/www.grupomedcof.com.br\/blog\/descubra-o-que-esta-inserido-na-saude-suplementar-brasileira\/\" \/>\n<meta property=\"og:locale\" content=\"pt_BR\" \/>\n<meta property=\"og:type\" content=\"article\" \/>\n<meta property=\"og:title\" content=\"Descubra o que est\u00e1 inserido na sa\u00fade suplementar brasileira\u00a0\" \/>\n<meta property=\"og:description\" content=\"O sistema de sa\u00fade no Brasil \u00e9 complexo e multifacetado, dividindo-se entre o Sistema \u00danico de Sa\u00fade (SUS) e a sa\u00fade suplementar. Entenda!\" \/>\n<meta property=\"og:url\" content=\"https:\/\/www.grupomedcof.com.br\/blog\/descubra-o-que-esta-inserido-na-saude-suplementar-brasileira\/\" \/>\n<meta property=\"og:site_name\" content=\"Blog de Medcof: conte\u00fados, editais, revalida e mais!\" \/>\n<meta property=\"article:publisher\" content=\"https:\/\/www.facebook.com\/MedCofQbank\/\" \/>\n<meta property=\"article:published_time\" content=\"2025-01-08T12:21:27+00:00\" \/>\n<meta property=\"article:modified_time\" content=\"2025-01-08T12:21:28+00:00\" \/>\n<meta property=\"og:image\" content=\"https:\/\/www.grupomedcof.com.br\/blog\/wp-content\/uploads\/2025\/01\/image.jpeg\" \/>\n\t<meta property=\"og:image:width\" content=\"735\" \/>\n\t<meta property=\"og:image:height\" content=\"490\" \/>\n\t<meta property=\"og:image:type\" content=\"image\/jpeg\" \/>\n<meta name=\"author\" content=\"Kiara Adelino\" \/>\n<meta name=\"twitter:card\" content=\"summary_large_image\" \/>\n<meta name=\"twitter:label1\" content=\"Escrito por\" \/>\n\t<meta name=\"twitter:data1\" content=\"Kiara Adelino\" \/>\n\t<meta name=\"twitter:label2\" content=\"Est. tempo de leitura\" \/>\n\t<meta name=\"twitter:data2\" content=\"5 minutos\" \/>\n<script type=\"application\/ld+json\" class=\"yoast-schema-graph\">{\"@context\":\"https:\\\/\\\/schema.org\",\"@graph\":[{\"@type\":\"Article\",\"@id\":\"https:\\\/\\\/www.grupomedcof.com.br\\\/blog\\\/descubra-o-que-esta-inserido-na-saude-suplementar-brasileira\\\/#article\",\"isPartOf\":{\"@id\":\"https:\\\/\\\/www.grupomedcof.com.br\\\/blog\\\/descubra-o-que-esta-inserido-na-saude-suplementar-brasileira\\\/\"},\"author\":{\"name\":\"Kiara Adelino\",\"@id\":\"https:\\\/\\\/www.grupomedcof.com.br\\\/blog\\\/#\\\/schema\\\/person\\\/db19a651f86c5fc202d6eee744fd3292\"},\"headline\":\"Descubra o que est\u00e1 inserido na sa\u00fade suplementar brasileira\u00a0\",\"datePublished\":\"2025-01-08T12:21:27+00:00\",\"dateModified\":\"2025-01-08T12:21:28+00:00\",\"mainEntityOfPage\":{\"@id\":\"https:\\\/\\\/www.grupomedcof.com.br\\\/blog\\\/descubra-o-que-esta-inserido-na-saude-suplementar-brasileira\\\/\"},\"wordCount\":704,\"commentCount\":0,\"publisher\":{\"@id\":\"https:\\\/\\\/www.grupomedcof.com.br\\\/blog\\\/#organization\"},\"image\":{\"@id\":\"https:\\\/\\\/www.grupomedcof.com.br\\\/blog\\\/descubra-o-que-esta-inserido-na-saude-suplementar-brasileira\\\/#primaryimage\"},\"thumbnailUrl\":\"https:\\\/\\\/www.grupomedcof.com.br\\\/blog\\\/wp-content\\\/uploads\\\/2025\\\/01\\\/image.jpeg\",\"keywords\":[\"Sa\u00fade Suplementar\",\"SUS\"],\"articleSection\":[\"Preventiva\"],\"inLanguage\":\"pt-BR\"},{\"@type\":\"WebPage\",\"@id\":\"https:\\\/\\\/www.grupomedcof.com.br\\\/blog\\\/descubra-o-que-esta-inserido-na-saude-suplementar-brasileira\\\/\",\"url\":\"https:\\\/\\\/www.grupomedcof.com.br\\\/blog\\\/descubra-o-que-esta-inserido-na-saude-suplementar-brasileira\\\/\",\"name\":\"Descubra o que est\u00e1 inserido na sa\u00fade suplementar brasileira\u00a0 - Blog de Medcof: conte\u00fados, editais, revalida e mais!\",\"isPartOf\":{\"@id\":\"https:\\\/\\\/www.grupomedcof.com.br\\\/blog\\\/#website\"},\"primaryImageOfPage\":{\"@id\":\"https:\\\/\\\/www.grupomedcof.com.br\\\/blog\\\/descubra-o-que-esta-inserido-na-saude-suplementar-brasileira\\\/#primaryimage\"},\"image\":{\"@id\":\"https:\\\/\\\/www.grupomedcof.com.br\\\/blog\\\/descubra-o-que-esta-inserido-na-saude-suplementar-brasileira\\\/#primaryimage\"},\"thumbnailUrl\":\"https:\\\/\\\/www.grupomedcof.com.br\\\/blog\\\/wp-content\\\/uploads\\\/2025\\\/01\\\/image.jpeg\",\"datePublished\":\"2025-01-08T12:21:27+00:00\",\"dateModified\":\"2025-01-08T12:21:28+00:00\",\"description\":\"O sistema de sa\u00fade no Brasil \u00e9 complexo e multifacetado, dividindo-se entre o Sistema \u00danico de Sa\u00fade (SUS) e a sa\u00fade suplementar. Entenda!\",\"breadcrumb\":{\"@id\":\"https:\\\/\\\/www.grupomedcof.com.br\\\/blog\\\/descubra-o-que-esta-inserido-na-saude-suplementar-brasileira\\\/#breadcrumb\"},\"inLanguage\":\"pt-BR\",\"potentialAction\":[{\"@type\":\"ReadAction\",\"target\":[\"https:\\\/\\\/www.grupomedcof.com.br\\\/blog\\\/descubra-o-que-esta-inserido-na-saude-suplementar-brasileira\\\/\"]}]},{\"@type\":\"ImageObject\",\"inLanguage\":\"pt-BR\",\"@id\":\"https:\\\/\\\/www.grupomedcof.com.br\\\/blog\\\/descubra-o-que-esta-inserido-na-saude-suplementar-brasileira\\\/#primaryimage\",\"url\":\"https:\\\/\\\/www.grupomedcof.com.br\\\/blog\\\/wp-content\\\/uploads\\\/2025\\\/01\\\/image.jpeg\",\"contentUrl\":\"https:\\\/\\\/www.grupomedcof.com.br\\\/blog\\\/wp-content\\\/uploads\\\/2025\\\/01\\\/image.jpeg\",\"width\":735,\"height\":490},{\"@type\":\"BreadcrumbList\",\"@id\":\"https:\\\/\\\/www.grupomedcof.com.br\\\/blog\\\/descubra-o-que-esta-inserido-na-saude-suplementar-brasileira\\\/#breadcrumb\",\"itemListElement\":[{\"@type\":\"ListItem\",\"position\":1,\"name\":\"In\u00edcio\",\"item\":\"https:\\\/\\\/www.grupomedcof.com.br\\\/blog\\\/\"},{\"@type\":\"ListItem\",\"position\":2,\"name\":\"Descubra o que est\u00e1 inserido na sa\u00fade suplementar brasileira\u00a0\"}]},{\"@type\":\"WebSite\",\"@id\":\"https:\\\/\\\/www.grupomedcof.com.br\\\/blog\\\/#website\",\"url\":\"https:\\\/\\\/www.grupomedcof.com.br\\\/blog\\\/\",\"name\":\"Blog de Medcof: conte\u00fados, editais, revalida e mais!\",\"description\":\"Acesso o blog de MedCof! Seu portal de conte\u00fados sobre resid\u00eancia m\u00e9dica, an\u00e1lise e editais e muito mais. Clique e confira!\",\"publisher\":{\"@id\":\"https:\\\/\\\/www.grupomedcof.com.br\\\/blog\\\/#organization\"},\"alternateName\":\"Blog de Medcof: conte\u00fados, editais, revalida e mais!\",\"potentialAction\":[{\"@type\":\"SearchAction\",\"target\":{\"@type\":\"EntryPoint\",\"urlTemplate\":\"https:\\\/\\\/www.grupomedcof.com.br\\\/blog\\\/?s={search_term_string}\"},\"query-input\":{\"@type\":\"PropertyValueSpecification\",\"valueRequired\":true,\"valueName\":\"search_term_string\"}}],\"inLanguage\":\"pt-BR\"},{\"@type\":\"Organization\",\"@id\":\"https:\\\/\\\/www.grupomedcof.com.br\\\/blog\\\/#organization\",\"name\":\"Grupo MedCof\",\"url\":\"https:\\\/\\\/www.grupomedcof.com.br\\\/blog\\\/\",\"logo\":{\"@type\":\"ImageObject\",\"inLanguage\":\"pt-BR\",\"@id\":\"https:\\\/\\\/www.grupomedcof.com.br\\\/blog\\\/#\\\/schema\\\/logo\\\/image\\\/\",\"url\":\"https:\\\/\\\/www.grupomedcof.com.br\\\/blog\\\/wp-content\\\/uploads\\\/2022\\\/01\\\/logo-medcof.png\",\"contentUrl\":\"https:\\\/\\\/www.grupomedcof.com.br\\\/blog\\\/wp-content\\\/uploads\\\/2022\\\/01\\\/logo-medcof.png\",\"width\":768,\"height\":269,\"caption\":\"Grupo MedCof\"},\"image\":{\"@id\":\"https:\\\/\\\/www.grupomedcof.com.br\\\/blog\\\/#\\\/schema\\\/logo\\\/image\\\/\"},\"sameAs\":[\"https:\\\/\\\/www.facebook.com\\\/MedCofQbank\\\/\",\"https:\\\/\\\/www.instagram.com\\\/grupomedcof\\\/\",\"https:\\\/\\\/br.linkedin.com\\\/company\\\/medcof\",\"https:\\\/\\\/www.youtube.com\\\/channel\\\/UCdHMuOHKICxcHwecxN8P-AA\"]},{\"@type\":\"Person\",\"@id\":\"https:\\\/\\\/www.grupomedcof.com.br\\\/blog\\\/#\\\/schema\\\/person\\\/db19a651f86c5fc202d6eee744fd3292\",\"name\":\"Kiara Adelino\",\"image\":{\"@type\":\"ImageObject\",\"inLanguage\":\"pt-BR\",\"@id\":\"https:\\\/\\\/www.grupomedcof.com.br\\\/blog\\\/wp-content\\\/uploads\\\/2024\\\/08\\\/cropped-Kiara-Adelino2-96x96.jpega85663bdda67261f8f06f86e555e1e49\",\"url\":\"https:\\\/\\\/www.grupomedcof.com.br\\\/blog\\\/wp-content\\\/uploads\\\/2024\\\/08\\\/cropped-Kiara-Adelino2-96x96.jpeg\",\"contentUrl\":\"https:\\\/\\\/www.grupomedcof.com.br\\\/blog\\\/wp-content\\\/uploads\\\/2024\\\/08\\\/cropped-Kiara-Adelino2-96x96.jpeg\",\"caption\":\"Kiara Adelino\"},\"description\":\"Estudante do 5\u00b0 semestre de Medicina. Gosto bastante de aprender coisas novas, principalmente na \u00e1rea de Neurologia e Anatomia humana.\",\"url\":\"https:\\\/\\\/www.grupomedcof.com.br\\\/blog\\\/author\\\/kiara-adelino\\\/\"}]}<\/script>\n<!-- \/ Yoast SEO Premium plugin. -->","yoast_head_json":{"title":"Descubra o que est\u00e1 inserido na sa\u00fade suplementar brasileira\u00a0 - Blog de Medcof: conte\u00fados, editais, revalida e mais!","description":"O sistema de sa\u00fade no Brasil \u00e9 complexo e multifacetado, dividindo-se entre o Sistema \u00danico de Sa\u00fade (SUS) e a sa\u00fade suplementar. Entenda!","robots":{"index":"index","follow":"follow","max-snippet":"max-snippet:-1","max-image-preview":"max-image-preview:large","max-video-preview":"max-video-preview:-1"},"canonical":"https:\/\/www.grupomedcof.com.br\/blog\/descubra-o-que-esta-inserido-na-saude-suplementar-brasileira\/","og_locale":"pt_BR","og_type":"article","og_title":"Descubra o que est\u00e1 inserido na sa\u00fade suplementar brasileira\u00a0","og_description":"O sistema de sa\u00fade no Brasil \u00e9 complexo e multifacetado, dividindo-se entre o Sistema \u00danico de Sa\u00fade (SUS) e a sa\u00fade suplementar. Entenda!","og_url":"https:\/\/www.grupomedcof.com.br\/blog\/descubra-o-que-esta-inserido-na-saude-suplementar-brasileira\/","og_site_name":"Blog de Medcof: conte\u00fados, editais, revalida e mais!","article_publisher":"https:\/\/www.facebook.com\/MedCofQbank\/","article_published_time":"2025-01-08T12:21:27+00:00","article_modified_time":"2025-01-08T12:21:28+00:00","og_image":[{"width":735,"height":490,"url":"https:\/\/www.grupomedcof.com.br\/blog\/wp-content\/uploads\/2025\/01\/image.jpeg","type":"image\/jpeg"}],"author":"Kiara Adelino","twitter_card":"summary_large_image","twitter_misc":{"Escrito por":"Kiara Adelino","Est. tempo de leitura":"5 minutos"},"schema":{"@context":"https:\/\/schema.org","@graph":[{"@type":"Article","@id":"https:\/\/www.grupomedcof.com.br\/blog\/descubra-o-que-esta-inserido-na-saude-suplementar-brasileira\/#article","isPartOf":{"@id":"https:\/\/www.grupomedcof.com.br\/blog\/descubra-o-que-esta-inserido-na-saude-suplementar-brasileira\/"},"author":{"name":"Kiara Adelino","@id":"https:\/\/www.grupomedcof.com.br\/blog\/#\/schema\/person\/db19a651f86c5fc202d6eee744fd3292"},"headline":"Descubra o que est\u00e1 inserido na sa\u00fade suplementar brasileira\u00a0","datePublished":"2025-01-08T12:21:27+00:00","dateModified":"2025-01-08T12:21:28+00:00","mainEntityOfPage":{"@id":"https:\/\/www.grupomedcof.com.br\/blog\/descubra-o-que-esta-inserido-na-saude-suplementar-brasileira\/"},"wordCount":704,"commentCount":0,"publisher":{"@id":"https:\/\/www.grupomedcof.com.br\/blog\/#organization"},"image":{"@id":"https:\/\/www.grupomedcof.com.br\/blog\/descubra-o-que-esta-inserido-na-saude-suplementar-brasileira\/#primaryimage"},"thumbnailUrl":"https:\/\/www.grupomedcof.com.br\/blog\/wp-content\/uploads\/2025\/01\/image.jpeg","keywords":["Sa\u00fade Suplementar","SUS"],"articleSection":["Preventiva"],"inLanguage":"pt-BR"},{"@type":"WebPage","@id":"https:\/\/www.grupomedcof.com.br\/blog\/descubra-o-que-esta-inserido-na-saude-suplementar-brasileira\/","url":"https:\/\/www.grupomedcof.com.br\/blog\/descubra-o-que-esta-inserido-na-saude-suplementar-brasileira\/","name":"Descubra o que est\u00e1 inserido na sa\u00fade suplementar brasileira\u00a0 - Blog de Medcof: conte\u00fados, editais, revalida e mais!","isPartOf":{"@id":"https:\/\/www.grupomedcof.com.br\/blog\/#website"},"primaryImageOfPage":{"@id":"https:\/\/www.grupomedcof.com.br\/blog\/descubra-o-que-esta-inserido-na-saude-suplementar-brasileira\/#primaryimage"},"image":{"@id":"https:\/\/www.grupomedcof.com.br\/blog\/descubra-o-que-esta-inserido-na-saude-suplementar-brasileira\/#primaryimage"},"thumbnailUrl":"https:\/\/www.grupomedcof.com.br\/blog\/wp-content\/uploads\/2025\/01\/image.jpeg","datePublished":"2025-01-08T12:21:27+00:00","dateModified":"2025-01-08T12:21:28+00:00","description":"O sistema de sa\u00fade no Brasil \u00e9 complexo e multifacetado, dividindo-se entre o Sistema \u00danico de Sa\u00fade (SUS) e a sa\u00fade suplementar. Entenda!","breadcrumb":{"@id":"https:\/\/www.grupomedcof.com.br\/blog\/descubra-o-que-esta-inserido-na-saude-suplementar-brasileira\/#breadcrumb"},"inLanguage":"pt-BR","potentialAction":[{"@type":"ReadAction","target":["https:\/\/www.grupomedcof.com.br\/blog\/descubra-o-que-esta-inserido-na-saude-suplementar-brasileira\/"]}]},{"@type":"ImageObject","inLanguage":"pt-BR","@id":"https:\/\/www.grupomedcof.com.br\/blog\/descubra-o-que-esta-inserido-na-saude-suplementar-brasileira\/#primaryimage","url":"https:\/\/www.grupomedcof.com.br\/blog\/wp-content\/uploads\/2025\/01\/image.jpeg","contentUrl":"https:\/\/www.grupomedcof.com.br\/blog\/wp-content\/uploads\/2025\/01\/image.jpeg","width":735,"height":490},{"@type":"BreadcrumbList","@id":"https:\/\/www.grupomedcof.com.br\/blog\/descubra-o-que-esta-inserido-na-saude-suplementar-brasileira\/#breadcrumb","itemListElement":[{"@type":"ListItem","position":1,"name":"In\u00edcio","item":"https:\/\/www.grupomedcof.com.br\/blog\/"},{"@type":"ListItem","position":2,"name":"Descubra o que est\u00e1 inserido na sa\u00fade suplementar brasileira\u00a0"}]},{"@type":"WebSite","@id":"https:\/\/www.grupomedcof.com.br\/blog\/#website","url":"https:\/\/www.grupomedcof.com.br\/blog\/","name":"Blog de Medcof: conte\u00fados, editais, revalida e mais!","description":"Acesso o blog de MedCof! Seu portal de conte\u00fados sobre resid\u00eancia m\u00e9dica, an\u00e1lise e editais e muito mais. Clique e confira!","publisher":{"@id":"https:\/\/www.grupomedcof.com.br\/blog\/#organization"},"alternateName":"Blog de Medcof: conte\u00fados, editais, revalida e mais!","potentialAction":[{"@type":"SearchAction","target":{"@type":"EntryPoint","urlTemplate":"https:\/\/www.grupomedcof.com.br\/blog\/?s={search_term_string}"},"query-input":{"@type":"PropertyValueSpecification","valueRequired":true,"valueName":"search_term_string"}}],"inLanguage":"pt-BR"},{"@type":"Organization","@id":"https:\/\/www.grupomedcof.com.br\/blog\/#organization","name":"Grupo MedCof","url":"https:\/\/www.grupomedcof.com.br\/blog\/","logo":{"@type":"ImageObject","inLanguage":"pt-BR","@id":"https:\/\/www.grupomedcof.com.br\/blog\/#\/schema\/logo\/image\/","url":"https:\/\/www.grupomedcof.com.br\/blog\/wp-content\/uploads\/2022\/01\/logo-medcof.png","contentUrl":"https:\/\/www.grupomedcof.com.br\/blog\/wp-content\/uploads\/2022\/01\/logo-medcof.png","width":768,"height":269,"caption":"Grupo MedCof"},"image":{"@id":"https:\/\/www.grupomedcof.com.br\/blog\/#\/schema\/logo\/image\/"},"sameAs":["https:\/\/www.facebook.com\/MedCofQbank\/","https:\/\/www.instagram.com\/grupomedcof\/","https:\/\/br.linkedin.com\/company\/medcof","https:\/\/www.youtube.com\/channel\/UCdHMuOHKICxcHwecxN8P-AA"]},{"@type":"Person","@id":"https:\/\/www.grupomedcof.com.br\/blog\/#\/schema\/person\/db19a651f86c5fc202d6eee744fd3292","name":"Kiara Adelino","image":{"@type":"ImageObject","inLanguage":"pt-BR","@id":"https:\/\/www.grupomedcof.com.br\/blog\/wp-content\/uploads\/2024\/08\/cropped-Kiara-Adelino2-96x96.jpega85663bdda67261f8f06f86e555e1e49","url":"https:\/\/www.grupomedcof.com.br\/blog\/wp-content\/uploads\/2024\/08\/cropped-Kiara-Adelino2-96x96.jpeg","contentUrl":"https:\/\/www.grupomedcof.com.br\/blog\/wp-content\/uploads\/2024\/08\/cropped-Kiara-Adelino2-96x96.jpeg","caption":"Kiara Adelino"},"description":"Estudante do 5\u00b0 semestre de Medicina. Gosto bastante de aprender coisas novas, principalmente na \u00e1rea de Neurologia e Anatomia humana.","url":"https:\/\/www.grupomedcof.com.br\/blog\/author\/kiara-adelino\/"}]}},"authors":[{"term_id":3617,"user_id":21,"is_guest":0,"slug":"kiara-adelino","display_name":"Kiara Adelino","avatar_url":"https:\/\/www.grupomedcof.com.br\/blog\/wp-content\/uploads\/2024\/08\/cropped-Kiara-Adelino2-96x96.jpeg","0":null,"1":"","2":"","3":"","4":"","5":"","6":"","7":"","8":""}],"_links":{"self":[{"href":"https:\/\/www.grupomedcof.com.br\/blog\/wp-json\/wp\/v2\/posts\/32864","targetHints":{"allow":["GET"]}}],"collection":[{"href":"https:\/\/www.grupomedcof.com.br\/blog\/wp-json\/wp\/v2\/posts"}],"about":[{"href":"https:\/\/www.grupomedcof.com.br\/blog\/wp-json\/wp\/v2\/types\/post"}],"author":[{"embeddable":true,"href":"https:\/\/www.grupomedcof.com.br\/blog\/wp-json\/wp\/v2\/users\/21"}],"replies":[{"embeddable":true,"href":"https:\/\/www.grupomedcof.com.br\/blog\/wp-json\/wp\/v2\/comments?post=32864"}],"version-history":[{"count":0,"href":"https:\/\/www.grupomedcof.com.br\/blog\/wp-json\/wp\/v2\/posts\/32864\/revisions"}],"wp:featuredmedia":[{"embeddable":true,"href":"https:\/\/www.grupomedcof.com.br\/blog\/wp-json\/wp\/v2\/media\/32865"}],"wp:attachment":[{"href":"https:\/\/www.grupomedcof.com.br\/blog\/wp-json\/wp\/v2\/media?parent=32864"}],"wp:term":[{"taxonomy":"category","embeddable":true,"href":"https:\/\/www.grupomedcof.com.br\/blog\/wp-json\/wp\/v2\/categories?post=32864"},{"taxonomy":"post_tag","embeddable":true,"href":"https:\/\/www.grupomedcof.com.br\/blog\/wp-json\/wp\/v2\/tags?post=32864"},{"taxonomy":"author","embeddable":true,"href":"https:\/\/www.grupomedcof.com.br\/blog\/wp-json\/wp\/v2\/ppma_author?post=32864"}],"curies":[{"name":"wp","href":"https:\/\/api.w.org\/{rel}","templated":true}]}}