{"id":32867,"date":"2025-08-27T12:29:10","date_gmt":"2025-08-27T15:29:10","guid":{"rendered":"https:\/\/www.grupomedcof.com.br\/blog\/?p=32867"},"modified":"2025-08-27T12:29:13","modified_gmt":"2025-08-27T15:29:13","slug":"cancer-de-pulmao-treine-com-questoes","status":"publish","type":"post","link":"https:\/\/www.grupomedcof.com.br\/blog\/cancer-de-pulmao-treine-com-questoes\/","title":{"rendered":"C\u00e2ncer de pulm\u00e3o: sintomas, tipos, fatores de riscos e mais!"},"content":{"rendered":"<div id=\"ez-toc-container\" class=\"ez-toc-v2_0_74 counter-hierarchy ez-toc-counter ez-toc-transparent ez-toc-container-direction\">\n<div class=\"ez-toc-title-container\">\n<p class=\"ez-toc-title\" style=\"cursor:inherit\">Sum\u00e1rio<\/p>\n<span class=\"ez-toc-title-toggle\"><a href=\"#\" class=\"ez-toc-pull-right ez-toc-btn ez-toc-btn-xs ez-toc-btn-default ez-toc-toggle\" aria-label=\"Alternar tabela de conte\u00fado\"><span class=\"ez-toc-js-icon-con\"><span class=\"\"><span class=\"eztoc-hide\" style=\"display:none;\">Toggle<\/span><span class=\"ez-toc-icon-toggle-span\"><svg style=\"fill: #999;color:#999\" xmlns=\"http:\/\/www.w3.org\/2000\/svg\" class=\"list-377408\" width=\"20px\" height=\"20px\" viewBox=\"0 0 24 24\" fill=\"none\"><path d=\"M6 6H4v2h2V6zm14 0H8v2h12V6zM4 11h2v2H4v-2zm16 0H8v2h12v-2zM4 16h2v2H4v-2zm16 0H8v2h12v-2z\" fill=\"currentColor\"><\/path><\/svg><svg style=\"fill: #999;color:#999\" class=\"arrow-unsorted-368013\" xmlns=\"http:\/\/www.w3.org\/2000\/svg\" width=\"10px\" height=\"10px\" viewBox=\"0 0 24 24\" version=\"1.2\" baseProfile=\"tiny\"><path d=\"M18.2 9.3l-6.2-6.3-6.2 6.3c-.2.2-.3.4-.3.7s.1.5.3.7c.2.2.4.3.7.3h11c.3 0 .5-.1.7-.3.2-.2.3-.5.3-.7s-.1-.5-.3-.7zM5.8 14.7l6.2 6.3 6.2-6.3c.2-.2.3-.5.3-.7s-.1-.5-.3-.7c-.2-.2-.4-.3-.7-.3h-11c-.3 0-.5.1-.7.3-.2.2-.3.5-.3.7s.1.5.3.7z\"\/><\/svg><\/span><\/span><\/span><\/a><\/span><\/div>\n<nav><ul class='ez-toc-list ez-toc-list-level-1 ' ><li class='ez-toc-page-1 ez-toc-heading-level-2'><a class=\"ez-toc-link ez-toc-heading-1\" href=\"https:\/\/www.grupomedcof.com.br\/blog\/cancer-de-pulmao-treine-com-questoes\/#Quais_os_tipos_de_cancer_de_pulmao\" >Quais os tipos de c\u00e2ncer de pulm\u00e3o?\u00a0<\/a><\/li><li class='ez-toc-page-1 ez-toc-heading-level-2'><a class=\"ez-toc-link ez-toc-heading-2\" href=\"https:\/\/www.grupomedcof.com.br\/blog\/cancer-de-pulmao-treine-com-questoes\/#Quais_os_fatores_de_risco_para_o_desenvolvimento\" >Quais os fatores de risco para o desenvolvimento?<\/a><\/li><li class='ez-toc-page-1 ez-toc-heading-level-2'><a class=\"ez-toc-link ez-toc-heading-3\" href=\"https:\/\/www.grupomedcof.com.br\/blog\/cancer-de-pulmao-treine-com-questoes\/#Quais_os_principais_sintomas\" >Quais os principais sintomas?\u00a0<\/a><\/li><li class='ez-toc-page-1 ez-toc-heading-level-2'><a class=\"ez-toc-link ez-toc-heading-4\" href=\"https:\/\/www.grupomedcof.com.br\/blog\/cancer-de-pulmao-treine-com-questoes\/#Como_fazer_o_diagnostico\" >Como fazer o diagn\u00f3stico?<\/a><\/li><li class='ez-toc-page-1 ez-toc-heading-level-2'><a class=\"ez-toc-link ez-toc-heading-5\" href=\"https:\/\/www.grupomedcof.com.br\/blog\/cancer-de-pulmao-treine-com-questoes\/#E_como_classificar_um_nodulo_como_suspeito\" >E como classificar um n\u00f3dulo como suspeito?<\/a><\/li><li class='ez-toc-page-1 ez-toc-heading-level-2'><a class=\"ez-toc-link ez-toc-heading-6\" href=\"https:\/\/www.grupomedcof.com.br\/blog\/cancer-de-pulmao-treine-com-questoes\/#Protocolo_de_investigacao\" >Protocolo de investiga\u00e7\u00e3o<\/a><\/li><li class='ez-toc-page-1 ez-toc-heading-level-2'><a class=\"ez-toc-link ez-toc-heading-7\" href=\"https:\/\/www.grupomedcof.com.br\/blog\/cancer-de-pulmao-treine-com-questoes\/#Quais_os_metodos_de_biopsia\" >Quais os m\u00e9todos de bi\u00f3psia?<\/a><\/li><li class='ez-toc-page-1 ez-toc-heading-level-2'><a class=\"ez-toc-link ez-toc-heading-8\" href=\"https:\/\/www.grupomedcof.com.br\/blog\/cancer-de-pulmao-treine-com-questoes\/#Como_e_feito_o_tratamento\" >Como \u00e9 feito o tratamento?<\/a><\/li><li class='ez-toc-page-1 ez-toc-heading-level-2'><a class=\"ez-toc-link ez-toc-heading-9\" href=\"https:\/\/www.grupomedcof.com.br\/blog\/cancer-de-pulmao-treine-com-questoes\/#E_onde_ocorrem_as_metastases_pulmonares\" >E onde ocorrem as met\u00e1stases pulmonares?<\/a><\/li><li class='ez-toc-page-1 ez-toc-heading-level-2'><a class=\"ez-toc-link ez-toc-heading-10\" href=\"https:\/\/www.grupomedcof.com.br\/blog\/cancer-de-pulmao-treine-com-questoes\/#Treine_com_Questoes\" >Treine com Quest\u00f5es\u00a0<\/a><ul class='ez-toc-list-level-3' ><li class='ez-toc-heading-level-3'><a class=\"ez-toc-link ez-toc-heading-11\" href=\"https:\/\/www.grupomedcof.com.br\/blog\/cancer-de-pulmao-treine-com-questoes\/#Resposta\" >Resposta<\/a><\/li><li class='ez-toc-page-1 ez-toc-heading-level-3'><a class=\"ez-toc-link ez-toc-heading-12\" href=\"https:\/\/www.grupomedcof.com.br\/blog\/cancer-de-pulmao-treine-com-questoes\/#Resposta-2\" >Resposta<\/a><\/li><li class='ez-toc-page-1 ez-toc-heading-level-3'><a class=\"ez-toc-link ez-toc-heading-13\" href=\"https:\/\/www.grupomedcof.com.br\/blog\/cancer-de-pulmao-treine-com-questoes\/#Resposta-3\" >Resposta<\/a><\/li><li class='ez-toc-page-1 ez-toc-heading-level-3'><a class=\"ez-toc-link ez-toc-heading-14\" href=\"https:\/\/www.grupomedcof.com.br\/blog\/cancer-de-pulmao-treine-com-questoes\/#Resposta-4\" >Resposta<\/a><\/li><\/ul><\/li><li class='ez-toc-page-1 ez-toc-heading-level-2'><a class=\"ez-toc-link ez-toc-heading-15\" href=\"https:\/\/www.grupomedcof.com.br\/blog\/cancer-de-pulmao-treine-com-questoes\/#Seja_um_MedCofer\" >Seja um MedCofer<\/a><\/li><\/ul><\/nav><\/div>\n\n<figure class=\"wp-block-image size-full\"><img loading=\"lazy\" decoding=\"async\" width=\"2560\" height=\"1440\" src=\"https:\/\/www.grupomedcof.com.br\/blog\/wp-content\/uploads\/2025\/01\/Blog-MedCof-48-scaled.jpg\" alt=\"\" class=\"wp-image-32868\" srcset=\"https:\/\/www.grupomedcof.com.br\/blog\/wp-content\/uploads\/2025\/01\/Blog-MedCof-48-scaled.jpg 2560w, https:\/\/www.grupomedcof.com.br\/blog\/wp-content\/uploads\/2025\/01\/Blog-MedCof-48-300x169.jpg 300w, https:\/\/www.grupomedcof.com.br\/blog\/wp-content\/uploads\/2025\/01\/Blog-MedCof-48-1024x576.jpg 1024w, https:\/\/www.grupomedcof.com.br\/blog\/wp-content\/uploads\/2025\/01\/Blog-MedCof-48-768x432.jpg 768w, https:\/\/www.grupomedcof.com.br\/blog\/wp-content\/uploads\/2025\/01\/Blog-MedCof-48-1536x864.jpg 1536w, https:\/\/www.grupomedcof.com.br\/blog\/wp-content\/uploads\/2025\/01\/Blog-MedCof-48-2048x1152.jpg 2048w, https:\/\/www.grupomedcof.com.br\/blog\/wp-content\/uploads\/2025\/01\/Blog-MedCof-48-747x420.jpg 747w, https:\/\/www.grupomedcof.com.br\/blog\/wp-content\/uploads\/2025\/01\/Blog-MedCof-48-150x84.jpg 150w, https:\/\/www.grupomedcof.com.br\/blog\/wp-content\/uploads\/2025\/01\/Blog-MedCof-48-696x392.jpg 696w, https:\/\/www.grupomedcof.com.br\/blog\/wp-content\/uploads\/2025\/01\/Blog-MedCof-48-1068x601.jpg 1068w, https:\/\/www.grupomedcof.com.br\/blog\/wp-content\/uploads\/2025\/01\/Blog-MedCof-48-1920x1080.jpg 1920w\" sizes=\"auto, (max-width: 2560px) 100vw, 2560px\" \/><\/figure>\n\n\n\n<p>O <strong>c\u00e2ncer de pulm\u00e3o <\/strong>\u00e9 a <strong>neoplasia de maior incid\u00eancia e a principal causa de morte por c\u00e2ncer no mundo<\/strong>, superando a soma das mortes de pelo menos quatro c\u00e2nceres, como de c\u00f3lon, de f\u00edgado, de est\u00f4mago e de mama.<\/p>\n\n\n\n<h2 class=\"wp-block-heading\" id=\"h-quais-os-tipos-de-cancer-de-pulmao\"><span class=\"ez-toc-section\" id=\"Quais_os_tipos_de_cancer_de_pulmao\"><\/span><strong>Quais os tipos de c\u00e2ncer de pulm\u00e3o?\u00a0<\/strong><span class=\"ez-toc-section-end\"><\/span><\/h2>\n\n\n\n<p>A doen\u00e7a \u00e9 classificada principalmente em dois tipos: <strong>C\u00e2ncer de Pulm\u00e3o de N\u00e3o Pequenas C\u00e9lulas (CPNPC)<\/strong> e <strong>C\u00e2ncer de Pulm\u00e3o de Pequenas C\u00e9lulas (CPPC).<\/strong> O CPNPC \u00e9 respons\u00e1vel por 85% dos casos e inclui o <strong>adenocarcinoma, o carcinoma de c\u00e9lulas escamosas e o tumor carcin\u00f3ide<\/strong>. O CPPC, que corresponde a 15% dos casos, \u00e9 um <strong>tumor<\/strong> <strong>neuroend\u00f3crino altamente agressivo<\/strong>.<\/p>\n\n\n\n<figure class=\"wp-block-image size-large\"><img loading=\"lazy\" decoding=\"async\" width=\"1024\" height=\"768\" src=\"https:\/\/www.grupomedcof.com.br\/blog\/wp-content\/uploads\/2025\/01\/image-1-1024x768.jpeg\" alt=\"Ilustra\u00e7\u00e3o anat\u00f4mica e histol\u00f3gica do pulm\u00e3o humano, destacando os compartimentos central e perif\u00e9rico, br\u00f4nquios, bronqu\u00edolos, ductos alveolares e alv\u00e9olos, com c\u00e9lulas ciliadas, mucosas, basais e pneum\u00f3citos tipo I e II.\" class=\"wp-image-37400\" srcset=\"https:\/\/www.grupomedcof.com.br\/blog\/wp-content\/uploads\/2025\/01\/image-1-1024x768.jpeg 1024w, https:\/\/www.grupomedcof.com.br\/blog\/wp-content\/uploads\/2025\/01\/image-1-300x225.jpeg 300w, https:\/\/www.grupomedcof.com.br\/blog\/wp-content\/uploads\/2025\/01\/image-1-768x576.jpeg 768w, https:\/\/www.grupomedcof.com.br\/blog\/wp-content\/uploads\/2025\/01\/image-1-560x420.jpeg 560w, https:\/\/www.grupomedcof.com.br\/blog\/wp-content\/uploads\/2025\/01\/image-1-80x60.jpeg 80w, https:\/\/www.grupomedcof.com.br\/blog\/wp-content\/uploads\/2025\/01\/image-1-150x113.jpeg 150w, https:\/\/www.grupomedcof.com.br\/blog\/wp-content\/uploads\/2025\/01\/image-1-696x522.jpeg 696w, https:\/\/www.grupomedcof.com.br\/blog\/wp-content\/uploads\/2025\/01\/image-1-1068x801.jpeg 1068w, https:\/\/www.grupomedcof.com.br\/blog\/wp-content\/uploads\/2025\/01\/image-1.jpeg 1356w\" sizes=\"auto, (max-width: 1024px) 100vw, 1024px\" \/><figcaption class=\"wp-element-caption\">Diversidade histol\u00f3gica da anatomia pulmonar. | Acervo de Ilustra\u00e7\u00f5es do Grupo MedCof.\u00a0<\/figcaption><\/figure>\n\n\n\n<h2 class=\"wp-block-heading\" id=\"h-quais-os-fatores-de-risco-para-o-desenvolvimento\"><span class=\"ez-toc-section\" id=\"Quais_os_fatores_de_risco_para_o_desenvolvimento\"><\/span><strong>Quais os fatores de risco para o desenvolvimento?<\/strong><span class=\"ez-toc-section-end\"><\/span><\/h2>\n\n\n\n<p>O principal fator de risco para o c\u00e2ncer de pulm\u00e3o \u00e9 o <strong>tabagismo<\/strong>, associado a 80% das neoplasias prim\u00e1rias. <strong>Fumantes t\u00eam 20 vezes mais chances de morrer<\/strong> de c\u00e2ncer de pulm\u00e3o do que n\u00e3o-fumantes. O <strong>tabagismo passivo<\/strong> tamb\u00e9m \u00e9 um fator de risco significativo, respons\u00e1vel por 20% das mortes em n\u00e3o-fumantes e <strong>aumentando em duas vezes a chance de desenvolver a doen\u00e7a.<\/strong> Outros fatores de risco incluem a <strong>idade, sexo feminino, hist\u00f3ria familiar, DPOC e etnia asi\u00e1tica.<\/strong><\/p>\n\n\n\n<h2 class=\"wp-block-heading\" id=\"h-quais-os-principais-sintomas\"><span class=\"ez-toc-section\" id=\"Quais_os_principais_sintomas\"><\/span><strong>Quais os principais sintomas?\u00a0<\/strong><span class=\"ez-toc-section-end\"><\/span><\/h2>\n\n\n\n<p>Os sintomas do c\u00e2ncer de pulm\u00e3o geralmente aparecem em est\u00e1gios avan\u00e7ados e incluem:<\/p>\n\n\n\n<ul class=\"wp-block-list\">\n<li><strong>Invas\u00e3o<\/strong> da parede tor\u00e1cica ou da via a\u00e9rea.<\/li>\n\n\n\n<li><strong>Rouquid\u00e3o<\/strong>, que pode ser causada pela invas\u00e3o do nervo lar\u00edngeo recorrente.<\/li>\n\n\n\n<li><strong>Derrame pleural.<\/strong><\/li>\n\n\n\n<li><strong>S\u00edndrome da Veia Cava Superior<\/strong>, caracterizada por edema, pletora facial e circula\u00e7\u00e3o colateral venosa no t\u00f3rax, comum em tumores de pequenas c\u00e9lulas.<\/li>\n\n\n\n<li><strong>Tumor de Pancoast,<\/strong> que acomete o \u00e1pice pulmonar e causa dor no membro superior, parestesia e a <strong>S\u00edndrome de Claude Bernard-Horner<\/strong> (caracterizada por anidrose, ptose palpebral e miose).<\/li>\n<\/ul>\n\n\n\n<div class=\"wp-block-columns is-layout-flex wp-container-core-columns-is-layout-9d6595d7 wp-block-columns-is-layout-flex\">\n<div class=\"wp-block-column is-layout-flow wp-block-column-is-layout-flow\">\n<figure class=\"wp-block-image\"><img decoding=\"async\" src=\"https:\/\/lh7-rt.googleusercontent.com\/docsz\/AD_4nXfkLBEe__zAN2TUvGwYc_bXHLgi2U3uKnUYOGEN6ZqkB-ck5V9oVQ5CENoX6ab_AndIwC7JsQyeJxzf8qSVdB-76bKGPvuj9q1_o3MP-OPKfXdq_dzOgNeySyeDfqJyQOt62uVV?key=qZ6L8dsK5zF-X4gmG88PjQ\" alt=\"\"\/><figcaption class=\"wp-element-caption\">Paciente com S\u00edndrome da veia cava superior. Fonte: Acervo de Aulas do Grupo MedCof.<\/figcaption><\/figure>\n<\/div>\n\n\n\n<div class=\"wp-block-column is-layout-flow wp-block-column-is-layout-flow\">\n<figure class=\"wp-block-image\"><img decoding=\"async\" src=\"https:\/\/lh7-rt.googleusercontent.com\/docsz\/AD_4nXfFAk-pW0cTQSKrU0uf97dn2Mbo96Cj0PEmMJ2ra5Y9Vt0j15fm92itUZPZR8426IJs2lSHyGaE8XpZd0kvkrLLG8HHT-avyWzDCDuTX4pNOtg3iDJCO1Psw8C1fjpAxft3EHjBYg?key=qZ6L8dsK5zF-X4gmG88PjQ\" alt=\"\"\/><figcaption class=\"wp-element-caption\">Les\u00e3o tumoral ocluindo o br\u00f4nquio principal esquerdo. Fonte: Acervo de Aulas do Grupo MedCof.<br><\/figcaption><\/figure>\n<\/div>\n<\/div>\n\n\n\n<figure class=\"wp-block-image\"><img decoding=\"async\" src=\"https:\/\/lh7-rt.googleusercontent.com\/docsz\/AD_4nXeJnYxepuTnfXlzvxGu2N_-ZrAoYuq_8vAtoFHwtkTBxb46b6jtQQgdm_o3K0V7RqqDjgyXAdBcCIX6sdppmTDk0Qp01UwnWa-75-eELx4k10xoNIZJqXX1f6cI-z8e-FQzQkZAFQ?key=qZ6L8dsK5zF-X4gmG88PjQ\" alt=\"\"\/><figcaption class=\"wp-element-caption\">Ptose palpebral. Fonte: <a href=\"https:\/\/www.msdmanuals.com\/pt-pt\/profissional\/multimedia\/image\">https:\/\/www.msdmanuals.com\/pt-pt\/profissional\/multimedia\/image<\/a>\u00a0<\/figcaption><\/figure>\n\n\n\n<p>A <strong>sobrevida<\/strong> dos pacientes est\u00e1 <strong>inversamente relacionada ao est\u00e1gio<\/strong> da doen\u00e7a no diagn\u00f3stico.<\/p>\n\n\n\n<h2 class=\"wp-block-heading\" id=\"h-como-fazer-o-diagnostico\"><span class=\"ez-toc-section\" id=\"Como_fazer_o_diagnostico\"><\/span><strong>Como fazer o diagn\u00f3stico?<\/strong><span class=\"ez-toc-section-end\"><\/span><\/h2>\n\n\n\n<p>A detec\u00e7\u00e3o do c\u00e2ncer de pulm\u00e3o \u00e9 frequentemente <strong>incidental<\/strong>, a partir da descoberta de um <strong>n\u00f3dulo pulmonar<\/strong> em uma tomografia computadorizada (TC) de t\u00f3rax. Um n\u00f3dulo \u00e9 uma les\u00e3o arredondada de at\u00e9 3 cm; se for maior, \u00e9 classificada como uma <strong>massa pulmonar.<\/strong><\/p>\n\n\n\n<figure class=\"wp-block-image size-large\"><img loading=\"lazy\" decoding=\"async\" width=\"1024\" height=\"404\" src=\"https:\/\/www.grupomedcof.com.br\/blog\/wp-content\/uploads\/2025\/01\/image-2-1024x404.jpeg\" alt=\"Tomografia computadorizada do t\u00f3rax mostrando, \u00e0 esquerda, n\u00f3dulo pulmonar e, \u00e0 direita, massa pulmonar em diferentes regi\u00f5es do pulm\u00e3o humano.\" class=\"wp-image-37401\" srcset=\"https:\/\/www.grupomedcof.com.br\/blog\/wp-content\/uploads\/2025\/01\/image-2-1024x404.jpeg 1024w, https:\/\/www.grupomedcof.com.br\/blog\/wp-content\/uploads\/2025\/01\/image-2-300x118.jpeg 300w, https:\/\/www.grupomedcof.com.br\/blog\/wp-content\/uploads\/2025\/01\/image-2-768x303.jpeg 768w, https:\/\/www.grupomedcof.com.br\/blog\/wp-content\/uploads\/2025\/01\/image-2-1536x606.jpeg 1536w, https:\/\/www.grupomedcof.com.br\/blog\/wp-content\/uploads\/2025\/01\/image-2-1065x420.jpeg 1065w, https:\/\/www.grupomedcof.com.br\/blog\/wp-content\/uploads\/2025\/01\/image-2-150x59.jpeg 150w, https:\/\/www.grupomedcof.com.br\/blog\/wp-content\/uploads\/2025\/01\/image-2-696x274.jpeg 696w, https:\/\/www.grupomedcof.com.br\/blog\/wp-content\/uploads\/2025\/01\/image-2-1068x421.jpeg 1068w, https:\/\/www.grupomedcof.com.br\/blog\/wp-content\/uploads\/2025\/01\/image-2.jpeg 1600w\" sizes=\"auto, (max-width: 1024px) 100vw, 1024px\" \/><figcaption class=\"wp-element-caption\">\u00c0 esquerda: n\u00f3dulo. \u00c0 direita: massa pulmonar. | Acervo de Aulas do Grupo MedCof.<\/figcaption><\/figure>\n\n\n\n<h2 class=\"wp-block-heading\" id=\"h-e-como-classificar-um-nodulo-como-suspeito\"><span class=\"ez-toc-section\" id=\"E_como_classificar_um_nodulo_como_suspeito\"><\/span><strong>E como classificar um n\u00f3dulo como suspeito?<\/strong><span class=\"ez-toc-section-end\"><\/span><\/h2>\n\n\n\n<p>As caracter\u00edsticas do <a href=\"https:\/\/www.grupomedcof.com.br\/blog\/revisando-conceitos-chaves-da-primeira-fase-do-cancer-de-pulmao\/\" target=\"_blank\" rel=\"noreferrer noopener\">n\u00f3dulo<\/a> e do paciente definem o <strong>risco de malignidade<\/strong>:<\/p>\n\n\n\n<ul class=\"wp-block-list\">\n<li>Tamanho: <strong>Quanto maior o n\u00f3dulo, maior o risco<\/strong>. N\u00f3dulos >20 mm t\u00eam 75% de chance de malignidade.<\/li>\n\n\n\n<li>Bordas: <strong>Bordas espiculadas ou a presen\u00e7a de retra\u00e7\u00e3o pleural<\/strong> s\u00e3o t\u00edpicas de c\u00e2ncer.<\/li>\n\n\n\n<li>Crescimento: <strong>N\u00f3dulos que crescem s\u00e3o suspeitos de c\u00e2ncer<\/strong>, mas um <strong>crescimento muito r\u00e1pido pode indicar infec\u00e7\u00e3o<\/strong>. A compara\u00e7\u00e3o com exames pr\u00e9vios \u00e9 uma ferramenta diagn\u00f3stica importante.<\/li>\n\n\n\n<li>Componente S\u00f3lido: N\u00f3dulos com <strong>componente de vidro fosco<\/strong>, especialmente a parte s\u00f3lida, t\u00eam <strong>maior risco de malignidade<\/strong>. O adenocarcinoma, por exemplo, pode come\u00e7ar como uma les\u00e3o em vidro fosco e se tornar s\u00f3lida com o tempo.<\/li>\n<\/ul>\n\n\n\n<h2 class=\"wp-block-heading\" id=\"h-protocolo-de-investigacao\"><span class=\"ez-toc-section\" id=\"Protocolo_de_investigacao\"><\/span><strong>Protocolo de investiga\u00e7\u00e3o<\/strong><span class=\"ez-toc-section-end\"><\/span><\/h2>\n\n\n\n<p>A conduta diante de um n\u00f3dulo pulmonar incidental depende de seu <strong>tipo, tamanho e risco do paciente:<\/strong><\/p>\n\n\n\n<ol class=\"wp-block-list\">\n<li><strong>N\u00f3dulos S\u00f3lidos:<\/strong><\/li>\n<\/ol>\n\n\n\n<ul class=\"wp-block-list\">\n<li>&lt;6 mm: Em pacientes de baixo risco, a conduta \u00e9 a alta. Em pacientes de alto risco (tabagistas, idosos), a TC \u00e9 repetida em 1 ano.<\/li>\n\n\n\n<li>6-8 mm: Repetir a TC em 6 meses.<\/li>\n\n\n\n<li>>8 mm: Indica-se bi\u00f3psia. Em casos de baixo risco, a TC pode ser repetida em 3 meses.<\/li>\n<\/ul>\n\n\n\n<ol start=\"2\" class=\"wp-block-list\">\n<li><strong>N\u00f3dulos Sub-s\u00f3lidos:<\/strong><\/li>\n<\/ol>\n\n\n\n<ul class=\"wp-block-list\">\n<li>&lt;6 mm e \u00fanicos: A conduta \u00e9 a alta. Se m\u00faltiplos, repetir a TC em 6 meses.<\/li>\n\n\n\n<li>>6 mm: Repetir a TC em 6 meses. Se o n\u00f3dulo crescer ou se solidificar, a bi\u00f3psia \u00e9 indicada.<\/li>\n<\/ul>\n\n\n\n<h2 class=\"wp-block-heading\" id=\"h-quais-os-metodos-de-biopsia\"><span class=\"ez-toc-section\" id=\"Quais_os_metodos_de_biopsia\"><\/span><strong>Quais os m\u00e9todos de bi\u00f3psia?<\/strong><span class=\"ez-toc-section-end\"><\/span><\/h2>\n\n\n\n<ul class=\"wp-block-list\">\n<li>Bi\u00f3psia Percut\u00e2nea: Guiada por TC, \u00e9 ideal para <strong>n\u00f3dulos perif\u00e9ricos com mais de 1 cm<\/strong>. Tem alta sensibilidade (95%) e a principal complica\u00e7\u00e3o \u00e9 o <strong>pneumot\u00f3rax<\/strong>.<\/li>\n\n\n\n<li>Bi\u00f3psia Transbr\u00f4nquica (Broncoscopia): Indicada para <strong>n\u00f3dulos centrais ou endobr\u00f4nquicos com mais de 2 cm<\/strong>. A sensibilidade \u00e9 de 80%.<\/li>\n\n\n\n<li>Bi\u00f3psia Cir\u00fargica: A \u00faltima op\u00e7\u00e3o, realizada por <strong>videotoracoscopia<\/strong> (VATS). Pode ser considerada <strong>sem bi\u00f3psia pr\u00e9via<\/strong> em <strong>les\u00f5es altamente suspeitas<\/strong> com estadiamento negativo e em pacientes de <strong>baixo risco cir\u00fargico<\/strong>.<\/li>\n<\/ul>\n\n\n\n<figure class=\"wp-block-image size-full\"><img loading=\"lazy\" decoding=\"async\" width=\"823\" height=\"610\" src=\"https:\/\/www.grupomedcof.com.br\/blog\/wp-content\/uploads\/2025\/01\/image-3.jpeg\" alt=\"Ilustra\u00e7\u00e3o m\u00e9dica mostrando o uso do broncosc\u00f3pio introduzido pela via oral at\u00e9 a traqueia e br\u00f4nquios para exame e manejo das vias a\u00e9reas e pulm\u00f5es.\" class=\"wp-image-37402\" srcset=\"https:\/\/www.grupomedcof.com.br\/blog\/wp-content\/uploads\/2025\/01\/image-3.jpeg 823w, https:\/\/www.grupomedcof.com.br\/blog\/wp-content\/uploads\/2025\/01\/image-3-300x222.jpeg 300w, https:\/\/www.grupomedcof.com.br\/blog\/wp-content\/uploads\/2025\/01\/image-3-768x569.jpeg 768w, https:\/\/www.grupomedcof.com.br\/blog\/wp-content\/uploads\/2025\/01\/image-3-567x420.jpeg 567w, https:\/\/www.grupomedcof.com.br\/blog\/wp-content\/uploads\/2025\/01\/image-3-80x60.jpeg 80w, https:\/\/www.grupomedcof.com.br\/blog\/wp-content\/uploads\/2025\/01\/image-3-150x111.jpeg 150w, https:\/\/www.grupomedcof.com.br\/blog\/wp-content\/uploads\/2025\/01\/image-3-485x360.jpeg 485w, https:\/\/www.grupomedcof.com.br\/blog\/wp-content\/uploads\/2025\/01\/image-3-696x516.jpeg 696w\" sizes=\"auto, (max-width: 823px) 100vw, 823px\" \/><figcaption class=\"wp-element-caption\">Manejo da Videolaparoscopia. F | Acervo de Aulas do Grupo MedCof.<\/figcaption><\/figure>\n\n\n\n<p>O estadiamento do c\u00e2ncer de pulm\u00e3o \u00e9 feito atrav\u00e9s da <strong>avalia\u00e7\u00e3o das cadeias linf\u00e1ticas<\/strong> e de <strong>met\u00e1stases \u00e0 dist\u00e2ncia<\/strong>, o que define o <strong>progn\u00f3stico do paciente<\/strong>. O estadiamento <strong>TNM<\/strong> \u00e9 crucial:<\/p>\n\n\n\n<ol class=\"wp-block-list\">\n<li>T (Tumor): Define o tamanho do tumor (T1: at\u00e9 3 cm; T2: at\u00e9 5 cm; T3: at\u00e9 7 cm; T4: mais de 7 cm).<\/li>\n\n\n\n<li>N (Linfonodos): O acometimento dos linfonodos \u00e9 a via de dissemina\u00e7\u00e3o mais importante. O N2 (linfonodos mediastinais) representa uma chance maior de doen\u00e7a sist\u00eamica.<\/li>\n\n\n\n<li>M (Met\u00e1stase): Representa doen\u00e7a sist\u00eamica conhecida. O derrame pleural, por exemplo, \u00e9 considerado met\u00e1stase. \u00d3rg\u00e3os como osso, f\u00edgado e c\u00e9rebro s\u00e3o frequentemente acometidos por met\u00e1stases hematog\u00eanicas.<\/li>\n<\/ol>\n\n\n\n<p>O estadiamento \u00e9 realizado atrav\u00e9s de exames n\u00e3o invasivos como a <strong>TC de t\u00f3rax e o PET-CT.<\/strong> Para a confirma\u00e7\u00e3o, exames invasivos como a <strong>EBUS-TBNA<\/strong> ou a <strong>mediastinoscopia<\/strong> podem ser necess\u00e1rios.<\/p>\n\n\n\n<h2 class=\"wp-block-heading\" id=\"h-como-e-feito-o-tratamento\"><span class=\"ez-toc-section\" id=\"Como_e_feito_o_tratamento\"><\/span><strong>Como \u00e9 feito o tratamento?<\/strong><span class=\"ez-toc-section-end\"><\/span><\/h2>\n\n\n\n<p>O tratamento pode ser <strong>local<\/strong> (cirurgia, radioterapia) ou <strong>sist\u00eamico<\/strong> (quimioterapia, terapia alvo, imunoterapia). A <strong>escolha da modalidade \u00e9 definida pelo estadiamento.<\/strong><\/p>\n\n\n\n<ul class=\"wp-block-list\">\n<li>Tratamento Cir\u00fargico: \u00c9 o m\u00e9todo <strong>padr\u00e3o-ouro<\/strong> para os est\u00e1gios iniciais, sem acometimento de linfonodos mediastinais. A <strong>ressec\u00e7\u00e3o completa<\/strong> ideal \u00e9 a <strong>Lobectomia<\/strong> com dissec\u00e7\u00e3o linfonodal mediastinal. A <strong>Segmentectomia anat\u00f4mica<\/strong> \u00e9 uma alternativa para casos selecionados, com resultados similares e menor mortalidade. A cirurgia pode ser <strong>minimamente invasiva<\/strong>, como a <strong>VATS<\/strong> ou a <strong>cirurgia rob\u00f3tica (RATS)<\/strong>.<\/li>\n\n\n\n<li>Tratamento Sist\u00eamico: Indicado <strong>a partir do est\u00e1gio IB<\/strong>. Inclui <strong>quimioterapia, imunoterapia e terapia alvo.<\/strong><\/li>\n\n\n\n<li>Radioterapia: A <strong>Radioterapia Estereot\u00e1xica Fracionada Corp\u00f3rea<\/strong> (SBRT) \u00e9 indicada para est\u00e1gios I e II em pacientes que n\u00e3o s\u00e3o candidatos \u00e0 cirurgia.<\/li>\n\n\n\n<li>Tratamento Combinado: Em muitos casos, o tratamento envolve a <strong>combina\u00e7\u00e3o de cirurgia com tratamento sist\u00eamico,<\/strong> ou <strong>radioterapia com tratamento sist\u00eamico.<\/strong><\/li>\n<\/ul>\n\n\n\n<h2 class=\"wp-block-heading\" id=\"h-e-onde-ocorrem-as-metastases-pulmonares\"><span class=\"ez-toc-section\" id=\"E_onde_ocorrem_as_metastases_pulmonares\"><\/span><strong>E onde ocorrem as met\u00e1stases pulmonares?<\/strong><span class=\"ez-toc-section-end\"><\/span><\/h2>\n\n\n\n<p>Met\u00e1stases pulmonares ocorrem com mais frequ\u00eancia a partir de <strong>tumores prim\u00e1rios da mama, c\u00f3lon, cabe\u00e7a, pesco\u00e7o e sarcomas<\/strong>. A ressec\u00e7\u00e3o de met\u00e1stases pode ser considerada quando o tumor prim\u00e1rio est\u00e1 controlado e todas as met\u00e1stases podem ser ressecadas.<\/p>\n\n\n\n<h2 class=\"wp-block-heading\" id=\"h-treine-com-questoes\"><span class=\"ez-toc-section\" id=\"Treine_com_Questoes\"><\/span><strong>Treine com Quest\u00f5es\u00a0<\/strong><span class=\"ez-toc-section-end\"><\/span><\/h2>\n\n\n\n<p>Cobradas com marcante recorr\u00eancia e atualidade, as quest\u00f5es sobre c\u00e2ncer de pulm\u00e3o normalmente trazem um caso cl\u00ednico que deve ser analisado. Vamos ver algumas assim:<\/p>\n\n\n\n<ol class=\"wp-block-list\">\n<li><strong>UNICAMP &#8211; 2024<\/strong><\/li>\n<\/ol>\n\n\n\n<p>Homem, 65 anos, com neoplasia prim\u00e1ria de pulm\u00e3o \u00e0 direita, apresenta tr\u00edade de Horner no momento do diagn\u00f3stico. H\u00e1 2 dias iniciou quadro de rouquid\u00e3o e \u00e0 laringoscopia observou-se paralisia da prega vocal esquerda. DIANTE DESTE QUADRO CL\u00cdNICO, PODEMOS CONSIDERAR QUE:&nbsp;<\/p>\n\n\n\n<p>a)&nbsp;Sugere comprometimento linfonodal N3<\/p>\n\n\n\n<p>b) A rouquid\u00e3o faz parte da s\u00edndrome de Horner<\/p>\n\n\n\n<p>c) H\u00e1 comprometimento neopl\u00e1sico do sistema nervoso parassimp\u00e1tico<\/p>\n\n\n\n<p>d) Sugere met\u00e1stase acometendo o nervo oculomotor&nbsp;<\/p>\n\n\n\n<h3 class=\"wp-block-heading\" id=\"h-resposta\"><span class=\"ez-toc-section\" id=\"Resposta\"><\/span><strong>Resposta<\/strong><span class=\"ez-toc-section-end\"><\/span><\/h3>\n\n\n\n<p>Essa primeira quest\u00e3o discute as caracter\u00edsticas das met\u00e1stases pulmonares. Vemos que ela destaca que um tempo livre de doen\u00e7a superior a 2 anos indica um comportamento tumoral menos agressivo. A dissemina\u00e7\u00e3o \u00e9 predominantemente hematog\u00eanica, e a ressec\u00e7\u00e3o simult\u00e2nea de met\u00e1stases pulmonares bilaterais \u00e9 vi\u00e1vel. A letra B pode ser eliminada pois a S\u00edndrome de Horner engloba anidros ipsilaterais, n\u00e3o contralateral.&nbsp; A letra V est\u00e1 errada pois a s\u00edndrome suprime o sistema nervoso simp\u00e1tico.&nbsp; A D tamb\u00e9m est\u00e1 incorreta&nbsp; pois a ptose palpebral \u00e9 parte tamb\u00e9m da s\u00edndrome. Por isso, o gabarito da quest\u00e3o \u00e9 <strong>letra A.&nbsp;<\/strong><\/p>\n\n\n\n<p>2. <strong>USP-SP &#8211; 2023<\/strong><\/p>\n\n\n\n<p>Frente ao diagn\u00f3stico de c\u00e2ncer de pulm\u00e3o de 2,1cm e sem suspeita de met\u00e1stase linfonodal hilar, mediastinal ou \u00e0 dist\u00e2ncia, qual extens\u00e3o da ressec\u00e7\u00e3o pulmonar \u00e9 recomendada?&nbsp;<\/p>\n\n\n\n<p>a) Segmentectomia pulmonar<\/p>\n\n\n\n<p>b) Ressec\u00e7\u00e3o em cunha envolvendo o c\u00e2ncer com uma margem de 1,0 cm<\/p>\n\n\n\n<p>c) Ressec\u00e7\u00e3o em cunha envolvendo o c\u00e2ncer com uma margem de 2,0 cm<\/p>\n\n\n\n<p>d) Lobectomia pulmonar<\/p>\n\n\n\n<h3 class=\"wp-block-heading\"><span class=\"ez-toc-section\" id=\"Resposta-2\"><\/span><strong>Resposta<\/strong><span class=\"ez-toc-section-end\"><\/span><\/h3>\n\n\n\n<p>Nesta quest\u00e3o, um paciente com c\u00e2ncer de pulm\u00e3o avan\u00e7ado demonstra a import\u00e2ncia do estadiamento preciso. O tratamento recomendado \u00e9 quimioterapia e radioterapia, refletindo a necessidade de uma abordagem sist\u00eamica para doen\u00e7as avan\u00e7adas. Este caso sublinha a import\u00e2ncia do tratamento multimodal em oncologia. Por fim, sabemos que o padr\u00e3o ouro para o c\u00e2ncer e a lobectomia pulmonar, por isso o gabarito dessa quest\u00e3o \u00e9 o <strong>Item D<\/strong>.<\/p>\n\n\n\n<p>3. UNICAMP &#8211; 2020<\/p>\n\n\n\n<p>Paciente com diagn\u00f3stico de adenocarcinoma pulmonar prim\u00e1rio. Realizou tomografia computadorizada: massa s\u00f3lida perif\u00e9rica em lobo inferior direito com 5 cm de di\u00e2metro, junto \u00e0 parede tor\u00e1cica com sinais de infiltra\u00e7\u00e3o da pleura parietal; linfonodos mediastinais homolaterais e contralaterais com 2,5 cm no menor eixo. Qual o tratamento adequado?&nbsp;<\/p>\n\n\n\n<p>a) Lobectomia inferior direita com ressec\u00e7\u00e3o da parede tor\u00e1cica<\/p>\n\n\n\n<p>b) Quimioterapia e radioterapia exclusiva<\/p>\n\n\n\n<p>c) Quimioterapia neoadjuvante seguida por cirurgia<\/p>\n\n\n\n<p>d) Radioterapia exclusiva<\/p>\n\n\n\n<h3 class=\"wp-block-heading\" id=\"h-resposta-0\"><span class=\"ez-toc-section\" id=\"Resposta-3\"><\/span><strong>Resposta<\/strong><span class=\"ez-toc-section-end\"><\/span><\/h3>\n\n\n\n<p>Aqui, a quest\u00e3o aborda as caracter\u00edsticas tomogr\u00e1ficas que sugerem malignidade em n\u00f3dulos pulmonares. Contornos espiculados s\u00e3o indicativos de malignidade, enquanto calcifica\u00e7\u00e3o em pipoca sugere benignidade. Para os futuros residentes, esta quest\u00e3o refor\u00e7a a import\u00e2ncia da interpreta\u00e7\u00e3o cuidadosa de imagens na pr\u00e1tica cl\u00ednica. Por se tratar de doen\u00e7a avan\u00e7ada, \u00e9 sabido que h\u00e1 necessidade de tratamento sist\u00eamico (quimioterapia) e localizado (radioterapia), n\u00e3o sendo candidato a cirurgia no momento, por isso gabarito da quest\u00e3o \u00e9 o <strong>Item B.<\/strong><\/p>\n\n\n\n<p>4. UNICAMP &#8211; 2024<\/p>\n\n\n\n<p>Mulher, 55a, com antecedente de colectomia direita por adenocarcinoma de c\u00f3lon apresenta ap\u00f3s um ano de seguimento, les\u00e3o \u00fanica de 2 cm em lobo inferior direito. QUAL A AFIRMA\u00c7\u00c3O EST\u00c1 CORRETA EM RELA\u00c7\u00c3O \u00c0S MET\u00c1STASES PULMONARES?<\/p>\n\n\n\n<p>a) A concomit\u00e2ncia de met\u00e1stases hep\u00e1tica contraindica a cirurgia nos casos de met\u00e1stase de carcinoma de c\u00f3lon<\/p>\n\n\n\n<p>b) O intervalo livre entre o tratamento do tumor prim\u00e1rio e o surgimento de met\u00e1stase menor do que um ano \u00e9 contraindica\u00e7\u00e3o de cirurgia<\/p>\n\n\n\n<p>c) O controle local da neoplasia prim\u00e1ria \u00e9 condi\u00e7\u00e3o fundamental para elegibilidade ao tratamento cir\u00fargico<\/p>\n\n\n\n<p>d) O comprometimento linfonodal mediastinal no estadiamento por imagem \u00e9 indicativo de cirurgia<\/p>\n\n\n\n<h3 class=\"wp-block-heading\" id=\"h-resposta-1\"><span class=\"ez-toc-section\" id=\"Resposta-4\"><\/span><strong>Resposta<\/strong><span class=\"ez-toc-section-end\"><\/span><\/h3>\n\n\n\n<p>A quarta quest\u00e3o explora a rela\u00e7\u00e3o entre rouquid\u00e3o e s\u00edndrome de Horner em um paciente com c\u00e2ncer de pulm\u00e3o. A rouquid\u00e3o sugere comprometimento linfonodal N 3, destacando a necessidade de considerar met\u00e1stases linfonodais ao avaliar sintomas neurol\u00f3gicos. Este caso enfatiza a import\u00e2ncia do exame f\u00edsico detalhado e da correla\u00e7\u00e3o cl\u00ednica. A letra A \u00e9 falsa pois ambas as les\u00f5es pulmonares e hep\u00e1ticas podem ser removidas, em casos espec\u00edficos. A letra B est\u00e1 incorreta pois&nbsp; \u00e9 contra indicado a ressec\u00e7\u00e3o de met\u00e1stase pulmonar em tumores prim\u00e1rios n\u00e3o tratados. Por fim, a letra D est\u00e1 errada pois \u00e9 necess\u00e1rio ressecar toda a doen\u00e7a para se considerar a metastasectomia. Ent\u00e3o, o gabarito da nossa quest\u00e3o \u00e9 o <strong>Item C.<\/strong><\/p>\n\n\n\n<h2 class=\"wp-block-heading\" id=\"seja-um-medcoffer\"><span class=\"ez-toc-section\" id=\"Seja_um_MedCofer\"><\/span><strong>Seja um MedCofer<\/strong><span class=\"ez-toc-section-end\"><\/span><\/h2>\n\n\n\n<p>Para conquistar a aprova\u00e7\u00e3o nas provas de resid\u00eancia, seja um\u00a0<strong>MedCofer<\/strong>! Aqui te ajudaremos na busca da aprova\u00e7\u00e3o com conte\u00fados de qualidade e uma\u00a0<a href=\"https:\/\/www.grupomedcof.com.br\/blog\/presenca-da-medcof-nas-aprovacoes-em-residencia-medica-no-brasil\/\" target=\"_blank\" rel=\"noreferrer noopener\"><strong>metodologia que j\u00e1 aprovou mais de 20 mil residentes no pa\u00eds<\/strong><\/a>!<\/p>\n\n\n\n<figure class=\"wp-block-embed is-type-video is-provider-youtube wp-block-embed-youtube wp-embed-aspect-16-9 wp-has-aspect-ratio\"><div class=\"wp-block-embed__wrapper\">\n<div class=\"youtube-embed\" data-video_id=\"VnM-ussn4TU\"><iframe loading=\"lazy\" title=\"N\u00f3dulo Pulmonar: O Que Voc\u00ea Precisa Saber. Com Dr. Rafael Miranda\" width=\"696\" height=\"392\" src=\"https:\/\/www.youtube.com\/embed\/VnM-ussn4TU?feature=oembed&#038;enablejsapi=1\" frameborder=\"0\" allow=\"accelerometer; autoplay; clipboard-write; encrypted-media; gyroscope; picture-in-picture; web-share\" referrerpolicy=\"strict-origin-when-cross-origin\" allowfullscreen><\/iframe><\/div>\n<\/div><\/figure>\n","protected":false},"excerpt":{"rendered":"<p>O c\u00e2ncer de pulm\u00e3o \u00e9 uma neoplasia\u00a0grave que se caracteriza pelo crescimento desordenado de c\u00e9lulas nos pulm\u00f5es. Entenda!<\/p>\n","protected":false},"author":21,"featured_media":32868,"comment_status":"open","ping_status":"open","sticky":false,"template":"","format":"standard","meta":{"footnotes":""},"categories":[74,214],"tags":[1791,1450],"ppma_author":[3617],"class_list":{"0":"post-32867","1":"post","2":"type-post","3":"status-publish","4":"format-standard","5":"has-post-thumbnail","7":"category-oncologia","8":"category-qbank","9":"tag-cancer-de-pulmao","10":"tag-questoes"},"yoast_head":"<!-- This site is optimized with the Yoast SEO Premium plugin v24.3 (Yoast SEO v27.4) - https:\/\/yoast.com\/product\/yoast-seo-premium-wordpress\/ -->\n<title>C\u00e2ncer de pulm\u00e3o: sintomas, tipos, fatores de riscos e mais! - Blog de Medcof: conte\u00fados, editais, revalida e mais!<\/title>\n<meta name=\"description\" content=\"O c\u00e2ncer de pulm\u00e3o \u00e9 uma neoplasia\u00a0grave que se caracteriza pelo crescimento desordenado de c\u00e9lulas nos pulm\u00f5es. Entenda!\" \/>\n<meta name=\"robots\" content=\"index, follow, max-snippet:-1, max-image-preview:large, max-video-preview:-1\" \/>\n<link rel=\"canonical\" href=\"https:\/\/www.grupomedcof.com.br\/blog\/cancer-de-pulmao-treine-com-questoes\/\" \/>\n<meta property=\"og:locale\" content=\"pt_BR\" \/>\n<meta property=\"og:type\" content=\"article\" \/>\n<meta property=\"og:title\" content=\"C\u00e2ncer de pulm\u00e3o: sintomas, tipos, fatores de riscos e mais!\" \/>\n<meta property=\"og:description\" content=\"O c\u00e2ncer de pulm\u00e3o \u00e9 uma neoplasia\u00a0grave que se caracteriza pelo crescimento desordenado de c\u00e9lulas nos pulm\u00f5es. Entenda!\" \/>\n<meta property=\"og:url\" content=\"https:\/\/www.grupomedcof.com.br\/blog\/cancer-de-pulmao-treine-com-questoes\/\" \/>\n<meta property=\"og:site_name\" content=\"Blog de Medcof: conte\u00fados, editais, revalida e mais!\" \/>\n<meta property=\"article:publisher\" content=\"https:\/\/www.facebook.com\/MedCofQbank\/\" \/>\n<meta property=\"article:published_time\" content=\"2025-08-27T15:29:10+00:00\" \/>\n<meta property=\"article:modified_time\" content=\"2025-08-27T15:29:13+00:00\" \/>\n<meta property=\"og:image\" content=\"https:\/\/www.grupomedcof.com.br\/blog\/wp-content\/uploads\/2025\/01\/Blog-MedCof-48-scaled.jpg\" \/>\n\t<meta property=\"og:image:width\" content=\"2560\" \/>\n\t<meta property=\"og:image:height\" content=\"1440\" \/>\n\t<meta property=\"og:image:type\" content=\"image\/jpeg\" \/>\n<meta name=\"author\" content=\"Kiara Adelino\" \/>\n<meta name=\"twitter:card\" content=\"summary_large_image\" \/>\n<meta name=\"twitter:label1\" content=\"Escrito por\" \/>\n\t<meta name=\"twitter:data1\" content=\"Kiara Adelino\" \/>\n\t<meta name=\"twitter:label2\" content=\"Est. tempo de leitura\" \/>\n\t<meta name=\"twitter:data2\" content=\"12 minutos\" \/>\n<script type=\"application\/ld+json\" class=\"yoast-schema-graph\">{\"@context\":\"https:\\\/\\\/schema.org\",\"@graph\":[{\"@type\":\"Article\",\"@id\":\"https:\\\/\\\/www.grupomedcof.com.br\\\/blog\\\/cancer-de-pulmao-treine-com-questoes\\\/#article\",\"isPartOf\":{\"@id\":\"https:\\\/\\\/www.grupomedcof.com.br\\\/blog\\\/cancer-de-pulmao-treine-com-questoes\\\/\"},\"author\":{\"name\":\"Kiara Adelino\",\"@id\":\"https:\\\/\\\/www.grupomedcof.com.br\\\/blog\\\/#\\\/schema\\\/person\\\/db19a651f86c5fc202d6eee744fd3292\"},\"headline\":\"C\u00e2ncer de pulm\u00e3o: sintomas, tipos, fatores de riscos e mais!\",\"datePublished\":\"2025-08-27T15:29:10+00:00\",\"dateModified\":\"2025-08-27T15:29:13+00:00\",\"mainEntityOfPage\":{\"@id\":\"https:\\\/\\\/www.grupomedcof.com.br\\\/blog\\\/cancer-de-pulmao-treine-com-questoes\\\/\"},\"wordCount\":2020,\"commentCount\":0,\"publisher\":{\"@id\":\"https:\\\/\\\/www.grupomedcof.com.br\\\/blog\\\/#organization\"},\"image\":{\"@id\":\"https:\\\/\\\/www.grupomedcof.com.br\\\/blog\\\/cancer-de-pulmao-treine-com-questoes\\\/#primaryimage\"},\"thumbnailUrl\":\"https:\\\/\\\/www.grupomedcof.com.br\\\/blog\\\/wp-content\\\/uploads\\\/2025\\\/01\\\/Blog-MedCof-48-scaled.jpg\",\"keywords\":[\"C\u00e2ncer de pulm\u00e3o\",\"Quest\u00f5es\"],\"articleSection\":[\"Oncologia\",\"Qbank\"],\"inLanguage\":\"pt-BR\"},{\"@type\":\"WebPage\",\"@id\":\"https:\\\/\\\/www.grupomedcof.com.br\\\/blog\\\/cancer-de-pulmao-treine-com-questoes\\\/\",\"url\":\"https:\\\/\\\/www.grupomedcof.com.br\\\/blog\\\/cancer-de-pulmao-treine-com-questoes\\\/\",\"name\":\"C\u00e2ncer de pulm\u00e3o: sintomas, tipos, fatores de riscos e mais! - Blog de Medcof: conte\u00fados, editais, revalida e mais!\",\"isPartOf\":{\"@id\":\"https:\\\/\\\/www.grupomedcof.com.br\\\/blog\\\/#website\"},\"primaryImageOfPage\":{\"@id\":\"https:\\\/\\\/www.grupomedcof.com.br\\\/blog\\\/cancer-de-pulmao-treine-com-questoes\\\/#primaryimage\"},\"image\":{\"@id\":\"https:\\\/\\\/www.grupomedcof.com.br\\\/blog\\\/cancer-de-pulmao-treine-com-questoes\\\/#primaryimage\"},\"thumbnailUrl\":\"https:\\\/\\\/www.grupomedcof.com.br\\\/blog\\\/wp-content\\\/uploads\\\/2025\\\/01\\\/Blog-MedCof-48-scaled.jpg\",\"datePublished\":\"2025-08-27T15:29:10+00:00\",\"dateModified\":\"2025-08-27T15:29:13+00:00\",\"description\":\"O c\u00e2ncer de pulm\u00e3o \u00e9 uma neoplasia\u00a0grave que se caracteriza pelo crescimento desordenado de c\u00e9lulas nos pulm\u00f5es. Entenda!\",\"breadcrumb\":{\"@id\":\"https:\\\/\\\/www.grupomedcof.com.br\\\/blog\\\/cancer-de-pulmao-treine-com-questoes\\\/#breadcrumb\"},\"inLanguage\":\"pt-BR\",\"potentialAction\":[{\"@type\":\"ReadAction\",\"target\":[\"https:\\\/\\\/www.grupomedcof.com.br\\\/blog\\\/cancer-de-pulmao-treine-com-questoes\\\/\"]}]},{\"@type\":\"ImageObject\",\"inLanguage\":\"pt-BR\",\"@id\":\"https:\\\/\\\/www.grupomedcof.com.br\\\/blog\\\/cancer-de-pulmao-treine-com-questoes\\\/#primaryimage\",\"url\":\"https:\\\/\\\/www.grupomedcof.com.br\\\/blog\\\/wp-content\\\/uploads\\\/2025\\\/01\\\/Blog-MedCof-48-scaled.jpg\",\"contentUrl\":\"https:\\\/\\\/www.grupomedcof.com.br\\\/blog\\\/wp-content\\\/uploads\\\/2025\\\/01\\\/Blog-MedCof-48-scaled.jpg\",\"width\":2560,\"height\":1440},{\"@type\":\"BreadcrumbList\",\"@id\":\"https:\\\/\\\/www.grupomedcof.com.br\\\/blog\\\/cancer-de-pulmao-treine-com-questoes\\\/#breadcrumb\",\"itemListElement\":[{\"@type\":\"ListItem\",\"position\":1,\"name\":\"In\u00edcio\",\"item\":\"https:\\\/\\\/www.grupomedcof.com.br\\\/blog\\\/\"},{\"@type\":\"ListItem\",\"position\":2,\"name\":\"C\u00e2ncer de pulm\u00e3o: sintomas, tipos, fatores de riscos e mais!\"}]},{\"@type\":\"WebSite\",\"@id\":\"https:\\\/\\\/www.grupomedcof.com.br\\\/blog\\\/#website\",\"url\":\"https:\\\/\\\/www.grupomedcof.com.br\\\/blog\\\/\",\"name\":\"Blog de Medcof: conte\u00fados, editais, revalida e mais!\",\"description\":\"Acesso o blog de MedCof! Seu portal de conte\u00fados sobre resid\u00eancia m\u00e9dica, an\u00e1lise e editais e muito mais. Clique e confira!\",\"publisher\":{\"@id\":\"https:\\\/\\\/www.grupomedcof.com.br\\\/blog\\\/#organization\"},\"alternateName\":\"Blog de Medcof: conte\u00fados, editais, revalida e mais!\",\"potentialAction\":[{\"@type\":\"SearchAction\",\"target\":{\"@type\":\"EntryPoint\",\"urlTemplate\":\"https:\\\/\\\/www.grupomedcof.com.br\\\/blog\\\/?s={search_term_string}\"},\"query-input\":{\"@type\":\"PropertyValueSpecification\",\"valueRequired\":true,\"valueName\":\"search_term_string\"}}],\"inLanguage\":\"pt-BR\"},{\"@type\":\"Organization\",\"@id\":\"https:\\\/\\\/www.grupomedcof.com.br\\\/blog\\\/#organization\",\"name\":\"Grupo MedCof\",\"url\":\"https:\\\/\\\/www.grupomedcof.com.br\\\/blog\\\/\",\"logo\":{\"@type\":\"ImageObject\",\"inLanguage\":\"pt-BR\",\"@id\":\"https:\\\/\\\/www.grupomedcof.com.br\\\/blog\\\/#\\\/schema\\\/logo\\\/image\\\/\",\"url\":\"https:\\\/\\\/www.grupomedcof.com.br\\\/blog\\\/wp-content\\\/uploads\\\/2022\\\/01\\\/logo-medcof.png\",\"contentUrl\":\"https:\\\/\\\/www.grupomedcof.com.br\\\/blog\\\/wp-content\\\/uploads\\\/2022\\\/01\\\/logo-medcof.png\",\"width\":768,\"height\":269,\"caption\":\"Grupo MedCof\"},\"image\":{\"@id\":\"https:\\\/\\\/www.grupomedcof.com.br\\\/blog\\\/#\\\/schema\\\/logo\\\/image\\\/\"},\"sameAs\":[\"https:\\\/\\\/www.facebook.com\\\/MedCofQbank\\\/\",\"https:\\\/\\\/www.instagram.com\\\/grupomedcof\\\/\",\"https:\\\/\\\/br.linkedin.com\\\/company\\\/medcof\",\"https:\\\/\\\/www.youtube.com\\\/channel\\\/UCdHMuOHKICxcHwecxN8P-AA\"]},{\"@type\":\"Person\",\"@id\":\"https:\\\/\\\/www.grupomedcof.com.br\\\/blog\\\/#\\\/schema\\\/person\\\/db19a651f86c5fc202d6eee744fd3292\",\"name\":\"Kiara Adelino\",\"image\":{\"@type\":\"ImageObject\",\"inLanguage\":\"pt-BR\",\"@id\":\"https:\\\/\\\/www.grupomedcof.com.br\\\/blog\\\/wp-content\\\/uploads\\\/2024\\\/08\\\/cropped-Kiara-Adelino2-96x96.jpega85663bdda67261f8f06f86e555e1e49\",\"url\":\"https:\\\/\\\/www.grupomedcof.com.br\\\/blog\\\/wp-content\\\/uploads\\\/2024\\\/08\\\/cropped-Kiara-Adelino2-96x96.jpeg\",\"contentUrl\":\"https:\\\/\\\/www.grupomedcof.com.br\\\/blog\\\/wp-content\\\/uploads\\\/2024\\\/08\\\/cropped-Kiara-Adelino2-96x96.jpeg\",\"caption\":\"Kiara Adelino\"},\"description\":\"Estudante do 5\u00b0 semestre de Medicina. Gosto bastante de aprender coisas novas, principalmente na \u00e1rea de Neurologia e Anatomia humana.\",\"url\":\"https:\\\/\\\/www.grupomedcof.com.br\\\/blog\\\/author\\\/kiara-adelino\\\/\"}]}<\/script>\n<!-- \/ Yoast SEO Premium plugin. -->","yoast_head_json":{"title":"C\u00e2ncer de pulm\u00e3o: sintomas, tipos, fatores de riscos e mais! - Blog de Medcof: conte\u00fados, editais, revalida e mais!","description":"O c\u00e2ncer de pulm\u00e3o \u00e9 uma neoplasia\u00a0grave que se caracteriza pelo crescimento desordenado de c\u00e9lulas nos pulm\u00f5es. Entenda!","robots":{"index":"index","follow":"follow","max-snippet":"max-snippet:-1","max-image-preview":"max-image-preview:large","max-video-preview":"max-video-preview:-1"},"canonical":"https:\/\/www.grupomedcof.com.br\/blog\/cancer-de-pulmao-treine-com-questoes\/","og_locale":"pt_BR","og_type":"article","og_title":"C\u00e2ncer de pulm\u00e3o: sintomas, tipos, fatores de riscos e mais!","og_description":"O c\u00e2ncer de pulm\u00e3o \u00e9 uma neoplasia\u00a0grave que se caracteriza pelo crescimento desordenado de c\u00e9lulas nos pulm\u00f5es. Entenda!","og_url":"https:\/\/www.grupomedcof.com.br\/blog\/cancer-de-pulmao-treine-com-questoes\/","og_site_name":"Blog de Medcof: conte\u00fados, editais, revalida e mais!","article_publisher":"https:\/\/www.facebook.com\/MedCofQbank\/","article_published_time":"2025-08-27T15:29:10+00:00","article_modified_time":"2025-08-27T15:29:13+00:00","og_image":[{"width":2560,"height":1440,"url":"https:\/\/www.grupomedcof.com.br\/blog\/wp-content\/uploads\/2025\/01\/Blog-MedCof-48-scaled.jpg","type":"image\/jpeg"}],"author":"Kiara Adelino","twitter_card":"summary_large_image","twitter_misc":{"Escrito por":"Kiara Adelino","Est. tempo de leitura":"12 minutos"},"schema":{"@context":"https:\/\/schema.org","@graph":[{"@type":"Article","@id":"https:\/\/www.grupomedcof.com.br\/blog\/cancer-de-pulmao-treine-com-questoes\/#article","isPartOf":{"@id":"https:\/\/www.grupomedcof.com.br\/blog\/cancer-de-pulmao-treine-com-questoes\/"},"author":{"name":"Kiara Adelino","@id":"https:\/\/www.grupomedcof.com.br\/blog\/#\/schema\/person\/db19a651f86c5fc202d6eee744fd3292"},"headline":"C\u00e2ncer de pulm\u00e3o: sintomas, tipos, fatores de riscos e mais!","datePublished":"2025-08-27T15:29:10+00:00","dateModified":"2025-08-27T15:29:13+00:00","mainEntityOfPage":{"@id":"https:\/\/www.grupomedcof.com.br\/blog\/cancer-de-pulmao-treine-com-questoes\/"},"wordCount":2020,"commentCount":0,"publisher":{"@id":"https:\/\/www.grupomedcof.com.br\/blog\/#organization"},"image":{"@id":"https:\/\/www.grupomedcof.com.br\/blog\/cancer-de-pulmao-treine-com-questoes\/#primaryimage"},"thumbnailUrl":"https:\/\/www.grupomedcof.com.br\/blog\/wp-content\/uploads\/2025\/01\/Blog-MedCof-48-scaled.jpg","keywords":["C\u00e2ncer de pulm\u00e3o","Quest\u00f5es"],"articleSection":["Oncologia","Qbank"],"inLanguage":"pt-BR"},{"@type":"WebPage","@id":"https:\/\/www.grupomedcof.com.br\/blog\/cancer-de-pulmao-treine-com-questoes\/","url":"https:\/\/www.grupomedcof.com.br\/blog\/cancer-de-pulmao-treine-com-questoes\/","name":"C\u00e2ncer de pulm\u00e3o: sintomas, tipos, fatores de riscos e mais! - Blog de Medcof: conte\u00fados, editais, revalida e mais!","isPartOf":{"@id":"https:\/\/www.grupomedcof.com.br\/blog\/#website"},"primaryImageOfPage":{"@id":"https:\/\/www.grupomedcof.com.br\/blog\/cancer-de-pulmao-treine-com-questoes\/#primaryimage"},"image":{"@id":"https:\/\/www.grupomedcof.com.br\/blog\/cancer-de-pulmao-treine-com-questoes\/#primaryimage"},"thumbnailUrl":"https:\/\/www.grupomedcof.com.br\/blog\/wp-content\/uploads\/2025\/01\/Blog-MedCof-48-scaled.jpg","datePublished":"2025-08-27T15:29:10+00:00","dateModified":"2025-08-27T15:29:13+00:00","description":"O c\u00e2ncer de pulm\u00e3o \u00e9 uma neoplasia\u00a0grave que se caracteriza pelo crescimento desordenado de c\u00e9lulas nos pulm\u00f5es. Entenda!","breadcrumb":{"@id":"https:\/\/www.grupomedcof.com.br\/blog\/cancer-de-pulmao-treine-com-questoes\/#breadcrumb"},"inLanguage":"pt-BR","potentialAction":[{"@type":"ReadAction","target":["https:\/\/www.grupomedcof.com.br\/blog\/cancer-de-pulmao-treine-com-questoes\/"]}]},{"@type":"ImageObject","inLanguage":"pt-BR","@id":"https:\/\/www.grupomedcof.com.br\/blog\/cancer-de-pulmao-treine-com-questoes\/#primaryimage","url":"https:\/\/www.grupomedcof.com.br\/blog\/wp-content\/uploads\/2025\/01\/Blog-MedCof-48-scaled.jpg","contentUrl":"https:\/\/www.grupomedcof.com.br\/blog\/wp-content\/uploads\/2025\/01\/Blog-MedCof-48-scaled.jpg","width":2560,"height":1440},{"@type":"BreadcrumbList","@id":"https:\/\/www.grupomedcof.com.br\/blog\/cancer-de-pulmao-treine-com-questoes\/#breadcrumb","itemListElement":[{"@type":"ListItem","position":1,"name":"In\u00edcio","item":"https:\/\/www.grupomedcof.com.br\/blog\/"},{"@type":"ListItem","position":2,"name":"C\u00e2ncer de pulm\u00e3o: sintomas, tipos, fatores de riscos e mais!"}]},{"@type":"WebSite","@id":"https:\/\/www.grupomedcof.com.br\/blog\/#website","url":"https:\/\/www.grupomedcof.com.br\/blog\/","name":"Blog de Medcof: conte\u00fados, editais, revalida e mais!","description":"Acesso o blog de MedCof! Seu portal de conte\u00fados sobre resid\u00eancia m\u00e9dica, an\u00e1lise e editais e muito mais. Clique e confira!","publisher":{"@id":"https:\/\/www.grupomedcof.com.br\/blog\/#organization"},"alternateName":"Blog de Medcof: conte\u00fados, editais, revalida e mais!","potentialAction":[{"@type":"SearchAction","target":{"@type":"EntryPoint","urlTemplate":"https:\/\/www.grupomedcof.com.br\/blog\/?s={search_term_string}"},"query-input":{"@type":"PropertyValueSpecification","valueRequired":true,"valueName":"search_term_string"}}],"inLanguage":"pt-BR"},{"@type":"Organization","@id":"https:\/\/www.grupomedcof.com.br\/blog\/#organization","name":"Grupo MedCof","url":"https:\/\/www.grupomedcof.com.br\/blog\/","logo":{"@type":"ImageObject","inLanguage":"pt-BR","@id":"https:\/\/www.grupomedcof.com.br\/blog\/#\/schema\/logo\/image\/","url":"https:\/\/www.grupomedcof.com.br\/blog\/wp-content\/uploads\/2022\/01\/logo-medcof.png","contentUrl":"https:\/\/www.grupomedcof.com.br\/blog\/wp-content\/uploads\/2022\/01\/logo-medcof.png","width":768,"height":269,"caption":"Grupo MedCof"},"image":{"@id":"https:\/\/www.grupomedcof.com.br\/blog\/#\/schema\/logo\/image\/"},"sameAs":["https:\/\/www.facebook.com\/MedCofQbank\/","https:\/\/www.instagram.com\/grupomedcof\/","https:\/\/br.linkedin.com\/company\/medcof","https:\/\/www.youtube.com\/channel\/UCdHMuOHKICxcHwecxN8P-AA"]},{"@type":"Person","@id":"https:\/\/www.grupomedcof.com.br\/blog\/#\/schema\/person\/db19a651f86c5fc202d6eee744fd3292","name":"Kiara Adelino","image":{"@type":"ImageObject","inLanguage":"pt-BR","@id":"https:\/\/www.grupomedcof.com.br\/blog\/wp-content\/uploads\/2024\/08\/cropped-Kiara-Adelino2-96x96.jpega85663bdda67261f8f06f86e555e1e49","url":"https:\/\/www.grupomedcof.com.br\/blog\/wp-content\/uploads\/2024\/08\/cropped-Kiara-Adelino2-96x96.jpeg","contentUrl":"https:\/\/www.grupomedcof.com.br\/blog\/wp-content\/uploads\/2024\/08\/cropped-Kiara-Adelino2-96x96.jpeg","caption":"Kiara Adelino"},"description":"Estudante do 5\u00b0 semestre de Medicina. Gosto bastante de aprender coisas novas, principalmente na \u00e1rea de Neurologia e Anatomia humana.","url":"https:\/\/www.grupomedcof.com.br\/blog\/author\/kiara-adelino\/"}]}},"authors":[{"term_id":3617,"user_id":21,"is_guest":0,"slug":"kiara-adelino","display_name":"Kiara Adelino","avatar_url":"https:\/\/www.grupomedcof.com.br\/blog\/wp-content\/uploads\/2024\/08\/cropped-Kiara-Adelino2-96x96.jpeg","0":null,"1":"","2":"","3":"","4":"","5":"","6":"","7":"","8":""}],"_links":{"self":[{"href":"https:\/\/www.grupomedcof.com.br\/blog\/wp-json\/wp\/v2\/posts\/32867","targetHints":{"allow":["GET"]}}],"collection":[{"href":"https:\/\/www.grupomedcof.com.br\/blog\/wp-json\/wp\/v2\/posts"}],"about":[{"href":"https:\/\/www.grupomedcof.com.br\/blog\/wp-json\/wp\/v2\/types\/post"}],"author":[{"embeddable":true,"href":"https:\/\/www.grupomedcof.com.br\/blog\/wp-json\/wp\/v2\/users\/21"}],"replies":[{"embeddable":true,"href":"https:\/\/www.grupomedcof.com.br\/blog\/wp-json\/wp\/v2\/comments?post=32867"}],"version-history":[{"count":1,"href":"https:\/\/www.grupomedcof.com.br\/blog\/wp-json\/wp\/v2\/posts\/32867\/revisions"}],"predecessor-version":[{"id":37403,"href":"https:\/\/www.grupomedcof.com.br\/blog\/wp-json\/wp\/v2\/posts\/32867\/revisions\/37403"}],"wp:featuredmedia":[{"embeddable":true,"href":"https:\/\/www.grupomedcof.com.br\/blog\/wp-json\/wp\/v2\/media\/32868"}],"wp:attachment":[{"href":"https:\/\/www.grupomedcof.com.br\/blog\/wp-json\/wp\/v2\/media?parent=32867"}],"wp:term":[{"taxonomy":"category","embeddable":true,"href":"https:\/\/www.grupomedcof.com.br\/blog\/wp-json\/wp\/v2\/categories?post=32867"},{"taxonomy":"post_tag","embeddable":true,"href":"https:\/\/www.grupomedcof.com.br\/blog\/wp-json\/wp\/v2\/tags?post=32867"},{"taxonomy":"author","embeddable":true,"href":"https:\/\/www.grupomedcof.com.br\/blog\/wp-json\/wp\/v2\/ppma_author?post=32867"}],"curies":[{"name":"wp","href":"https:\/\/api.w.org\/{rel}","templated":true}]}}