{"id":32905,"date":"2025-01-10T08:28:40","date_gmt":"2025-01-10T11:28:40","guid":{"rendered":"https:\/\/www.grupomedcof.com.br\/blog\/?p=32905"},"modified":"2025-01-09T10:34:52","modified_gmt":"2025-01-09T13:34:52","slug":"o-que-ja-se-sabe-sobre-o-metapneumovirus-humano","status":"publish","type":"post","link":"https:\/\/www.grupomedcof.com.br\/blog\/o-que-ja-se-sabe-sobre-o-metapneumovirus-humano\/","title":{"rendered":"O que j\u00e1 se sabe sobre o Metapneumov\u00edrus humano?\u00a0"},"content":{"rendered":"<div id=\"ez-toc-container\" class=\"ez-toc-v2_0_74 counter-hierarchy ez-toc-counter ez-toc-transparent ez-toc-container-direction\">\n<div class=\"ez-toc-title-container\">\n<p class=\"ez-toc-title\" style=\"cursor:inherit\">Sum\u00e1rio<\/p>\n<span class=\"ez-toc-title-toggle\"><a href=\"#\" class=\"ez-toc-pull-right ez-toc-btn ez-toc-btn-xs ez-toc-btn-default ez-toc-toggle\" aria-label=\"Alternar tabela de conte\u00fado\"><span class=\"ez-toc-js-icon-con\"><span class=\"\"><span class=\"eztoc-hide\" style=\"display:none;\">Toggle<\/span><span class=\"ez-toc-icon-toggle-span\"><svg style=\"fill: #999;color:#999\" xmlns=\"http:\/\/www.w3.org\/2000\/svg\" class=\"list-377408\" width=\"20px\" height=\"20px\" viewBox=\"0 0 24 24\" fill=\"none\"><path d=\"M6 6H4v2h2V6zm14 0H8v2h12V6zM4 11h2v2H4v-2zm16 0H8v2h12v-2zM4 16h2v2H4v-2zm16 0H8v2h12v-2z\" fill=\"currentColor\"><\/path><\/svg><svg style=\"fill: #999;color:#999\" class=\"arrow-unsorted-368013\" xmlns=\"http:\/\/www.w3.org\/2000\/svg\" width=\"10px\" height=\"10px\" viewBox=\"0 0 24 24\" version=\"1.2\" baseProfile=\"tiny\"><path d=\"M18.2 9.3l-6.2-6.3-6.2 6.3c-.2.2-.3.4-.3.7s.1.5.3.7c.2.2.4.3.7.3h11c.3 0 .5-.1.7-.3.2-.2.3-.5.3-.7s-.1-.5-.3-.7zM5.8 14.7l6.2 6.3 6.2-6.3c.2-.2.3-.5.3-.7s-.1-.5-.3-.7c-.2-.2-.4-.3-.7-.3h-11c-.3 0-.5.1-.7.3-.2.2-.3.5-.3.7s.1.5.3.7z\"\/><\/svg><\/span><\/span><\/span><\/a><\/span><\/div>\n<nav><ul class='ez-toc-list ez-toc-list-level-1 ' ><li class='ez-toc-page-1 ez-toc-heading-level-2'><a class=\"ez-toc-link ez-toc-heading-1\" href=\"https:\/\/www.grupomedcof.com.br\/blog\/o-que-ja-se-sabe-sobre-o-metapneumovirus-humano\/#Como_surgiu\" >Como surgiu?<\/a><\/li><li class='ez-toc-page-1 ez-toc-heading-level-2'><a class=\"ez-toc-link ez-toc-heading-2\" href=\"https:\/\/www.grupomedcof.com.br\/blog\/o-que-ja-se-sabe-sobre-o-metapneumovirus-humano\/#Metapneumovirus_humano_HMPV\" >Metapneumovirus humano (HMPV)&nbsp;<\/a><\/li><li class='ez-toc-page-1 ez-toc-heading-level-2'><a class=\"ez-toc-link ez-toc-heading-3\" href=\"https:\/\/www.grupomedcof.com.br\/blog\/o-que-ja-se-sabe-sobre-o-metapneumovirus-humano\/#Vigilancia\" >Vigil\u00e2ncia&nbsp;<\/a><\/li><li class='ez-toc-page-1 ez-toc-heading-level-2'><a class=\"ez-toc-link ez-toc-heading-4\" href=\"https:\/\/www.grupomedcof.com.br\/blog\/o-que-ja-se-sabe-sobre-o-metapneumovirus-humano\/#Epidemiologia\" >Epidemiologia&nbsp;<\/a><\/li><li class='ez-toc-page-1 ez-toc-heading-level-2'><a class=\"ez-toc-link ez-toc-heading-5\" href=\"https:\/\/www.grupomedcof.com.br\/blog\/o-que-ja-se-sabe-sobre-o-metapneumovirus-humano\/#Contaminacao\" >Contamina\u00e7\u00e3o<\/a><\/li><li class='ez-toc-page-1 ez-toc-heading-level-2'><a class=\"ez-toc-link ez-toc-heading-6\" href=\"https:\/\/www.grupomedcof.com.br\/blog\/o-que-ja-se-sabe-sobre-o-metapneumovirus-humano\/#O_metodo_que_te_aprova\" >O m\u00e9todo que te aprova!<\/a><\/li><\/ul><\/nav><\/div>\n\n<figure class=\"wp-block-image size-large\"><img loading=\"lazy\" decoding=\"async\" width=\"1024\" height=\"576\" src=\"https:\/\/www.grupomedcof.com.br\/blog\/wp-content\/uploads\/2025\/01\/Blog-MedCof-51-1024x576.jpg\" alt=\"\" class=\"wp-image-32906\" srcset=\"https:\/\/www.grupomedcof.com.br\/blog\/wp-content\/uploads\/2025\/01\/Blog-MedCof-51-1024x576.jpg 1024w, https:\/\/www.grupomedcof.com.br\/blog\/wp-content\/uploads\/2025\/01\/Blog-MedCof-51-300x169.jpg 300w, https:\/\/www.grupomedcof.com.br\/blog\/wp-content\/uploads\/2025\/01\/Blog-MedCof-51-768x432.jpg 768w, https:\/\/www.grupomedcof.com.br\/blog\/wp-content\/uploads\/2025\/01\/Blog-MedCof-51-1536x864.jpg 1536w, https:\/\/www.grupomedcof.com.br\/blog\/wp-content\/uploads\/2025\/01\/Blog-MedCof-51-2048x1152.jpg 2048w, https:\/\/www.grupomedcof.com.br\/blog\/wp-content\/uploads\/2025\/01\/Blog-MedCof-51-747x420.jpg 747w, https:\/\/www.grupomedcof.com.br\/blog\/wp-content\/uploads\/2025\/01\/Blog-MedCof-51-150x84.jpg 150w, https:\/\/www.grupomedcof.com.br\/blog\/wp-content\/uploads\/2025\/01\/Blog-MedCof-51-696x392.jpg 696w, https:\/\/www.grupomedcof.com.br\/blog\/wp-content\/uploads\/2025\/01\/Blog-MedCof-51-1068x601.jpg 1068w, https:\/\/www.grupomedcof.com.br\/blog\/wp-content\/uploads\/2025\/01\/Blog-MedCof-51-1920x1080.jpg 1920w\" sizes=\"auto, (max-width: 1024px) 100vw, 1024px\" \/><\/figure>\n\n\n\n<h2 class=\"wp-block-heading\" id=\"h-como-surgiu\"><span class=\"ez-toc-section\" id=\"Como_surgiu\"><\/span><strong>Como surgiu?<\/strong><span class=\"ez-toc-section-end\"><\/span><\/h2>\n\n\n\n<p>O <strong>HMPV (metapneumovirus humano)<\/strong>, apesar de estar em significativo destaque na atualidade, foi descoberto ainda no ano de 2001 na Holanda. Desde esse momento, o v\u00edrus j\u00e1 apareceu em v\u00e1rios outros pa\u00edses, como \u00cdndia, Inglaterra e no Brasil em 2004. Todavia, nos \u00faltimos meses, a China tem registrado um n\u00famero significativamente crescente de casos, o que direcionou as aten\u00e7\u00f5es mundiais a esse pa\u00eds que tamb\u00e9m originou um surto de Covid-19. Apesar da esta\u00e7\u00e3o de inverno que o pa\u00eds passa e, assim, da maior frequ\u00eancia&nbsp; de doen\u00e7as respirat\u00f3rias nesta data, a vigil\u00e2ncia epidemiol\u00f3gica deve dar destaque \u00e0 circula\u00e7\u00e3o do pat\u00f3geno em outros territ\u00f3rios.&nbsp;<\/p>\n\n\n\n<h2 class=\"wp-block-heading\" id=\"h-metapneumovirus-humano-hmpv-nbsp\"><span class=\"ez-toc-section\" id=\"Metapneumovirus_humano_HMPV\"><\/span><strong>Metapneumovirus humano (HMPV)&nbsp;<\/strong><span class=\"ez-toc-section-end\"><\/span><\/h2>\n\n\n\n<p>Esse \u00e9 um v\u00edrus de RNA pertencente \u00e0 fam\u00edlia Paramyxoviridae,\u00a0advindo de fam\u00edlias virais em avi\u00e1rios. De acordo com pesquisadores da OMS, o HMPV \u00e9 um v\u00edrus comum que pode causar<strong> tosse, febre, congest\u00e3o nasal e respira\u00e7\u00e3o ofegante<\/strong>, j\u00e1 que causa infec\u00e7\u00e3o nas vias a\u00e9reas superiores e inferiores. Alguns casos podem evoluir para s\u00edndrome respirat\u00f3ria aguda grave, que necessitam de interna\u00e7\u00e3o e, por isso, necessidade de vigil\u00e2ncia.<\/p>\n\n\n\n<figure class=\"wp-block-image\"><img decoding=\"async\" src=\"https:\/\/lh7-rt.googleusercontent.com\/docsz\/AD_4nXeVdQdZ1BigoQrpAq-w1DwNjqin9eaoXzGvgT_4eICF5dZQ9obDCmUrAnnFWnq4kH6XbpjWFoMyXhR6Wn3Pda4hWxLfMWK-Gu--5EhLvxbxBDB4OIiPkQ-4BRusBqXcQrDvwi5aHA?key=yRcC8uTD57OzO1iGadqugBDi\" alt=\"\"\/><figcaption class=\"wp-element-caption\">Fonte:<a href=\"https:\/\/pin.it\/354Sz7cO2\">https:\/\/pin.it\/354Sz7cO2<\/a><\/figcaption><\/figure>\n\n\n\n<h2 class=\"wp-block-heading\" id=\"h-vigilancia-nbsp\"><span class=\"ez-toc-section\" id=\"Vigilancia\"><\/span><strong>Vigil\u00e2ncia&nbsp;<\/strong><span class=\"ez-toc-section-end\"><\/span><\/h2>\n\n\n\n<p>O <a href=\"https:\/\/www.gov.br\/saude\/pt-br\/assuntos\/noticias\/2025\/janeiro\/ministerio-da-saude-monitora-surto-de-virus-respiratorio-na-china\" target=\"_blank\" rel=\"noreferrer noopener\">Minist\u00e9rio da Sa\u00fade<\/a> declarou recentemente que n\u00e3o h\u00e1 alerta internacional emitido pela Organiza\u00e7\u00e3o Mundial da Sa\u00fade. Contudo, no Brasil, as autoridades de vigil\u00e2ncia epidemiol\u00f3gica est\u00e3o se comunicando com as autoridades da OMS e de v\u00e1rios pa\u00edses, sobretudo da China, para monitorar os casos e tomar medidas necess\u00e1rias com anteced\u00eancia.\u00a0<\/p>\n\n\n\n<p>De acordo com as pr\u00f3prias autoridades chinesas, os n\u00fameros de casos de HMPV no pa\u00eds foram menores em rela\u00e7\u00e3o ao mesmo per\u00edodo do ano em 2023. Embora o risco de pandemia seja baixo, a soma do aumento com a gripe sazonal \u00e9 raz\u00e3o para refor\u00e7o das medidas de preven\u00e7\u00e3o e vigil\u00e2ncia constante dos casos registrados.<\/p>\n\n\n\n<figure class=\"wp-block-image\"><img decoding=\"async\" src=\"https:\/\/lh7-rt.googleusercontent.com\/docsz\/AD_4nXdSCisjb_-BuZLkew3N-BFKezrRiOofQOkzHHwFw5rZIvsqQyoHXmhDZPyk4_Z98z5eV8yZLZ-PXFnE_CHY2tjMwPMEL8glG3rj52bI0ZyzUbPLX4zlkCkxK_p6e6UhjrwunXD5QA?key=yRcC8uTD57OzO1iGadqugBDi\" alt=\"\"\/><figcaption class=\"wp-element-caption\">Fonte: <a href=\"https:\/\/pin.it\/5zHqrorvp\">https:\/\/pin.it\/5zHqrorvp<\/a>&nbsp;<\/figcaption><\/figure>\n\n\n\n<h2 class=\"wp-block-heading\" id=\"h-epidemiologia-nbsp\"><span class=\"ez-toc-section\" id=\"Epidemiologia\"><\/span><strong>Epidemiologia&nbsp;<\/strong><span class=\"ez-toc-section-end\"><\/span><\/h2>\n\n\n\n<p>Em m\u00e9dia, de 10 a 12% das doen\u00e7as das vias respirat\u00f3rias em crian\u00e7as s\u00e3o causadas pelo HMPV. Como j\u00e1 dito, o v\u00edrus \u00e9 comum e com sintomas leves, por isso podemos presumir que a maioria das pessoas ter\u00e1 algum dia esse v\u00edrus na inf\u00e2ncia e pode ser reinfeccionado ao longo da vida.&nbsp;<\/p>\n\n\n\n<figure class=\"wp-block-image\"><img decoding=\"async\" src=\"https:\/\/lh7-rt.googleusercontent.com\/docsz\/AD_4nXcruRDm7MBiAxAWtARoY0GsgdaTQJLtD67CghXig5g1d7Ft50fnY-vX0OLzVeVDsQ7m31_JXn23K0l7FKIbE2p7LgLjZjwOZH6tLO8q6mmqJ4lCzKPNI4RG2fdK8Z5Tlny7KCbqKg?key=yRcC8uTD57OzO1iGadqugBDi\" alt=\"\"\/><figcaption class=\"wp-element-caption\">Fonte: <a href=\"https:\/\/pin.it\/5ljle9oyF\">https:\/\/pin.it\/5ljle9oyF<\/a>&nbsp;<\/figcaption><\/figure>\n\n\n\n<h2 class=\"wp-block-heading\" id=\"h-contaminacao\"><span class=\"ez-toc-section\" id=\"Contaminacao\"><\/span><strong>Contamina\u00e7\u00e3o<\/strong><span class=\"ez-toc-section-end\"><\/span><\/h2>\n\n\n\n<p>Como outros v\u00edrus respirat\u00f3rios, a dissemina\u00e7\u00e3o do metapneumov\u00edrus humano se d\u00e1 por <strong>got\u00edculas de tosse ou espirro<\/strong>, pelo <strong>toque de superf\u00edcies contaminadas, como m\u00e3os e objetos tocados por muitas pessoas.<\/strong> Por isso, medidas simples podem prevenir a propaga\u00e7\u00e3o, como higiene adequada, isolamento dos doentes e evitar frequentar muito lotados.&nbsp;<\/p>\n\n\n\n<figure class=\"wp-block-image\"><img decoding=\"async\" src=\"https:\/\/lh7-rt.googleusercontent.com\/docsz\/AD_4nXd1ARjwArXdGPO55Ogwr85PowIR980fYs-UYAzMWDoPHSvzt0T0YfTAlDN70Yv9JzApxfHWr-Lo4QCsY-X9n3J0kbL1Ea1wBJGpTuq65SL2uc11oYIt759qAE7xa4tPWbxs1rSNcQ?key=yRcC8uTD57OzO1iGadqugBDi\" alt=\"\"\/><figcaption class=\"wp-element-caption\">Fonte: <a href=\"https:\/\/pin.it\/4MhdqVbKZ\">https:\/\/pin.it\/4MhdqVbKZ<\/a>&nbsp;<\/figcaption><\/figure>\n\n\n\n<h2 class=\"wp-block-heading\" id=\"o-m\u00e9todo-que-te-aprova\"><span class=\"ez-toc-section\" id=\"O_metodo_que_te_aprova\"><\/span><strong>O m\u00e9todo que te aprova!<\/strong><span class=\"ez-toc-section-end\"><\/span><\/h2>\n\n\n\n<p>Quer alcan\u00e7ar a aprova\u00e7\u00e3o nas provas de resid\u00eancia m\u00e9dica? Ent\u00e3o seja um&nbsp;<a href=\"https:\/\/www.grupomedcof.com.br\/home\/\" target=\"_blank\" rel=\"noreferrer noopener\">MedCoffer<\/a>! Aqui te ajudaremos na busca da aprova\u00e7\u00e3o com conte\u00fados de qualidade e uma&nbsp;<a href=\"https:\/\/www.grupomedcof.com.br\/blog\/presenca-da-medcof-nas-aprovacoes-em-residencia-medica-no-brasil\/\" target=\"_blank\" rel=\"noreferrer noopener\">metodologia que j\u00e1 aprovou mais de 10 mil residentes no pa\u00eds!&nbsp;<\/a>Por fim, acesse o nosso<a href=\"https:\/\/www.youtube.com\/@GrupoMedcof\/featured\" target=\"_blank\" rel=\"noreferrer noopener\">&nbsp;<strong>canal do youtube&nbsp;<\/strong><\/a>para ver o nosso material.<\/p>\n\n\n\n<figure class=\"wp-block-embed is-type-video is-provider-youtube wp-block-embed-youtube wp-embed-aspect-16-9 wp-has-aspect-ratio\"><div class=\"wp-block-embed__wrapper\">\n<div class=\"youtube-embed\" data-video_id=\"fv1j88DZyHo\"><iframe loading=\"lazy\" title=\"COFEXPRESS - Infec\u00e7\u00e3o de corrente sangu\u00ednea. Com Dr. Douglas Toledo\" width=\"696\" height=\"392\" src=\"https:\/\/www.youtube.com\/embed\/fv1j88DZyHo?feature=oembed&#038;enablejsapi=1\" frameborder=\"0\" allow=\"accelerometer; autoplay; clipboard-write; encrypted-media; gyroscope; picture-in-picture; web-share\" referrerpolicy=\"strict-origin-when-cross-origin\" allowfullscreen><\/iframe><\/div>\n<\/div><\/figure>\n","protected":false},"excerpt":{"rendered":"<p>O HMPV (metapneumovirus humano), apesar de estar em significativo destaque na atualidade, foi descoberto ainda no ano de 2001 na Holanda. Veja!<\/p>\n","protected":false},"author":21,"featured_media":32906,"comment_status":"open","ping_status":"open","sticky":false,"template":"","format":"standard","meta":{"footnotes":""},"categories":[173],"tags":[2438,2439],"ppma_author":[3617],"class_list":{"0":"post-32905","1":"post","2":"type-post","3":"status-publish","4":"format-standard","5":"has-post-thumbnail","7":"category-novidades","8":"tag-hmpv","9":"tag-metapneumovirus-humano"},"yoast_head":"<!-- This site is optimized with the Yoast SEO Premium plugin v24.3 (Yoast SEO v27.4) - https:\/\/yoast.com\/product\/yoast-seo-premium-wordpress\/ -->\n<title>O que j\u00e1 se sabe sobre o Metapneumov\u00edrus humano?\u00a0 - Blog de Medcof: conte\u00fados, editais, revalida e mais!<\/title>\n<meta name=\"description\" content=\"O HMPV (metapneumovirus humano), apesar de estar em significativo destaque na atualidade, foi descoberto ainda no ano de 2001 na Holanda. Veja!\" \/>\n<meta name=\"robots\" content=\"index, follow, max-snippet:-1, max-image-preview:large, max-video-preview:-1\" \/>\n<link rel=\"canonical\" href=\"https:\/\/www.grupomedcof.com.br\/blog\/o-que-ja-se-sabe-sobre-o-metapneumovirus-humano\/\" \/>\n<meta property=\"og:locale\" content=\"pt_BR\" \/>\n<meta property=\"og:type\" content=\"article\" \/>\n<meta property=\"og:title\" content=\"O que j\u00e1 se sabe sobre o Metapneumov\u00edrus humano?\u00a0\" \/>\n<meta property=\"og:description\" content=\"O HMPV (metapneumovirus humano), apesar de estar em significativo destaque na atualidade, foi descoberto ainda no ano de 2001 na Holanda. Veja!\" \/>\n<meta property=\"og:url\" content=\"https:\/\/www.grupomedcof.com.br\/blog\/o-que-ja-se-sabe-sobre-o-metapneumovirus-humano\/\" \/>\n<meta property=\"og:site_name\" content=\"Blog de Medcof: conte\u00fados, editais, revalida e mais!\" \/>\n<meta property=\"article:publisher\" content=\"https:\/\/www.facebook.com\/MedCofQbank\/\" \/>\n<meta property=\"article:published_time\" content=\"2025-01-10T11:28:40+00:00\" \/>\n<meta property=\"og:image\" content=\"https:\/\/www.grupomedcof.com.br\/blog\/wp-content\/uploads\/2025\/01\/Blog-MedCof-51-scaled.jpg\" \/>\n\t<meta property=\"og:image:width\" content=\"2560\" \/>\n\t<meta property=\"og:image:height\" content=\"1440\" \/>\n\t<meta property=\"og:image:type\" content=\"image\/jpeg\" \/>\n<meta name=\"author\" content=\"Kiara Adelino\" \/>\n<meta name=\"twitter:card\" content=\"summary_large_image\" \/>\n<meta name=\"twitter:label1\" content=\"Escrito por\" \/>\n\t<meta name=\"twitter:data1\" content=\"Kiara Adelino\" \/>\n\t<meta name=\"twitter:label2\" content=\"Est. tempo de leitura\" \/>\n\t<meta name=\"twitter:data2\" content=\"4 minutos\" \/>\n<script type=\"application\/ld+json\" class=\"yoast-schema-graph\">{\"@context\":\"https:\\\/\\\/schema.org\",\"@graph\":[{\"@type\":\"Article\",\"@id\":\"https:\\\/\\\/www.grupomedcof.com.br\\\/blog\\\/o-que-ja-se-sabe-sobre-o-metapneumovirus-humano\\\/#article\",\"isPartOf\":{\"@id\":\"https:\\\/\\\/www.grupomedcof.com.br\\\/blog\\\/o-que-ja-se-sabe-sobre-o-metapneumovirus-humano\\\/\"},\"author\":{\"name\":\"Kiara Adelino\",\"@id\":\"https:\\\/\\\/www.grupomedcof.com.br\\\/blog\\\/#\\\/schema\\\/person\\\/db19a651f86c5fc202d6eee744fd3292\"},\"headline\":\"O que j\u00e1 se sabe sobre o Metapneumov\u00edrus humano?\u00a0\",\"datePublished\":\"2025-01-10T11:28:40+00:00\",\"mainEntityOfPage\":{\"@id\":\"https:\\\/\\\/www.grupomedcof.com.br\\\/blog\\\/o-que-ja-se-sabe-sobre-o-metapneumovirus-humano\\\/\"},\"wordCount\":560,\"commentCount\":0,\"publisher\":{\"@id\":\"https:\\\/\\\/www.grupomedcof.com.br\\\/blog\\\/#organization\"},\"image\":{\"@id\":\"https:\\\/\\\/www.grupomedcof.com.br\\\/blog\\\/o-que-ja-se-sabe-sobre-o-metapneumovirus-humano\\\/#primaryimage\"},\"thumbnailUrl\":\"https:\\\/\\\/www.grupomedcof.com.br\\\/blog\\\/wp-content\\\/uploads\\\/2025\\\/01\\\/Blog-MedCof-51-scaled.jpg\",\"keywords\":[\"HMPV\",\"Metapneumovirus Humano\"],\"articleSection\":[\"Novidades\"],\"inLanguage\":\"pt-BR\"},{\"@type\":\"WebPage\",\"@id\":\"https:\\\/\\\/www.grupomedcof.com.br\\\/blog\\\/o-que-ja-se-sabe-sobre-o-metapneumovirus-humano\\\/\",\"url\":\"https:\\\/\\\/www.grupomedcof.com.br\\\/blog\\\/o-que-ja-se-sabe-sobre-o-metapneumovirus-humano\\\/\",\"name\":\"O que j\u00e1 se sabe sobre o Metapneumov\u00edrus humano?\u00a0 - Blog de Medcof: conte\u00fados, editais, revalida e mais!\",\"isPartOf\":{\"@id\":\"https:\\\/\\\/www.grupomedcof.com.br\\\/blog\\\/#website\"},\"primaryImageOfPage\":{\"@id\":\"https:\\\/\\\/www.grupomedcof.com.br\\\/blog\\\/o-que-ja-se-sabe-sobre-o-metapneumovirus-humano\\\/#primaryimage\"},\"image\":{\"@id\":\"https:\\\/\\\/www.grupomedcof.com.br\\\/blog\\\/o-que-ja-se-sabe-sobre-o-metapneumovirus-humano\\\/#primaryimage\"},\"thumbnailUrl\":\"https:\\\/\\\/www.grupomedcof.com.br\\\/blog\\\/wp-content\\\/uploads\\\/2025\\\/01\\\/Blog-MedCof-51-scaled.jpg\",\"datePublished\":\"2025-01-10T11:28:40+00:00\",\"description\":\"O HMPV (metapneumovirus humano), apesar de estar em significativo destaque na atualidade, foi descoberto ainda no ano de 2001 na Holanda. Veja!\",\"breadcrumb\":{\"@id\":\"https:\\\/\\\/www.grupomedcof.com.br\\\/blog\\\/o-que-ja-se-sabe-sobre-o-metapneumovirus-humano\\\/#breadcrumb\"},\"inLanguage\":\"pt-BR\",\"potentialAction\":[{\"@type\":\"ReadAction\",\"target\":[\"https:\\\/\\\/www.grupomedcof.com.br\\\/blog\\\/o-que-ja-se-sabe-sobre-o-metapneumovirus-humano\\\/\"]}]},{\"@type\":\"ImageObject\",\"inLanguage\":\"pt-BR\",\"@id\":\"https:\\\/\\\/www.grupomedcof.com.br\\\/blog\\\/o-que-ja-se-sabe-sobre-o-metapneumovirus-humano\\\/#primaryimage\",\"url\":\"https:\\\/\\\/www.grupomedcof.com.br\\\/blog\\\/wp-content\\\/uploads\\\/2025\\\/01\\\/Blog-MedCof-51-scaled.jpg\",\"contentUrl\":\"https:\\\/\\\/www.grupomedcof.com.br\\\/blog\\\/wp-content\\\/uploads\\\/2025\\\/01\\\/Blog-MedCof-51-scaled.jpg\",\"width\":2560,\"height\":1440},{\"@type\":\"BreadcrumbList\",\"@id\":\"https:\\\/\\\/www.grupomedcof.com.br\\\/blog\\\/o-que-ja-se-sabe-sobre-o-metapneumovirus-humano\\\/#breadcrumb\",\"itemListElement\":[{\"@type\":\"ListItem\",\"position\":1,\"name\":\"In\u00edcio\",\"item\":\"https:\\\/\\\/www.grupomedcof.com.br\\\/blog\\\/\"},{\"@type\":\"ListItem\",\"position\":2,\"name\":\"O que j\u00e1 se sabe sobre o Metapneumov\u00edrus humano?\u00a0\"}]},{\"@type\":\"WebSite\",\"@id\":\"https:\\\/\\\/www.grupomedcof.com.br\\\/blog\\\/#website\",\"url\":\"https:\\\/\\\/www.grupomedcof.com.br\\\/blog\\\/\",\"name\":\"Blog de Medcof: conte\u00fados, editais, revalida e mais!\",\"description\":\"Acesso o blog de MedCof! Seu portal de conte\u00fados sobre resid\u00eancia m\u00e9dica, an\u00e1lise e editais e muito mais. Clique e confira!\",\"publisher\":{\"@id\":\"https:\\\/\\\/www.grupomedcof.com.br\\\/blog\\\/#organization\"},\"alternateName\":\"Blog de Medcof: conte\u00fados, editais, revalida e mais!\",\"potentialAction\":[{\"@type\":\"SearchAction\",\"target\":{\"@type\":\"EntryPoint\",\"urlTemplate\":\"https:\\\/\\\/www.grupomedcof.com.br\\\/blog\\\/?s={search_term_string}\"},\"query-input\":{\"@type\":\"PropertyValueSpecification\",\"valueRequired\":true,\"valueName\":\"search_term_string\"}}],\"inLanguage\":\"pt-BR\"},{\"@type\":\"Organization\",\"@id\":\"https:\\\/\\\/www.grupomedcof.com.br\\\/blog\\\/#organization\",\"name\":\"Grupo MedCof\",\"url\":\"https:\\\/\\\/www.grupomedcof.com.br\\\/blog\\\/\",\"logo\":{\"@type\":\"ImageObject\",\"inLanguage\":\"pt-BR\",\"@id\":\"https:\\\/\\\/www.grupomedcof.com.br\\\/blog\\\/#\\\/schema\\\/logo\\\/image\\\/\",\"url\":\"https:\\\/\\\/www.grupomedcof.com.br\\\/blog\\\/wp-content\\\/uploads\\\/2022\\\/01\\\/logo-medcof.png\",\"contentUrl\":\"https:\\\/\\\/www.grupomedcof.com.br\\\/blog\\\/wp-content\\\/uploads\\\/2022\\\/01\\\/logo-medcof.png\",\"width\":768,\"height\":269,\"caption\":\"Grupo MedCof\"},\"image\":{\"@id\":\"https:\\\/\\\/www.grupomedcof.com.br\\\/blog\\\/#\\\/schema\\\/logo\\\/image\\\/\"},\"sameAs\":[\"https:\\\/\\\/www.facebook.com\\\/MedCofQbank\\\/\",\"https:\\\/\\\/www.instagram.com\\\/grupomedcof\\\/\",\"https:\\\/\\\/br.linkedin.com\\\/company\\\/medcof\",\"https:\\\/\\\/www.youtube.com\\\/channel\\\/UCdHMuOHKICxcHwecxN8P-AA\"]},{\"@type\":\"Person\",\"@id\":\"https:\\\/\\\/www.grupomedcof.com.br\\\/blog\\\/#\\\/schema\\\/person\\\/db19a651f86c5fc202d6eee744fd3292\",\"name\":\"Kiara Adelino\",\"image\":{\"@type\":\"ImageObject\",\"inLanguage\":\"pt-BR\",\"@id\":\"https:\\\/\\\/www.grupomedcof.com.br\\\/blog\\\/wp-content\\\/uploads\\\/2024\\\/08\\\/cropped-Kiara-Adelino2-96x96.jpega85663bdda67261f8f06f86e555e1e49\",\"url\":\"https:\\\/\\\/www.grupomedcof.com.br\\\/blog\\\/wp-content\\\/uploads\\\/2024\\\/08\\\/cropped-Kiara-Adelino2-96x96.jpeg\",\"contentUrl\":\"https:\\\/\\\/www.grupomedcof.com.br\\\/blog\\\/wp-content\\\/uploads\\\/2024\\\/08\\\/cropped-Kiara-Adelino2-96x96.jpeg\",\"caption\":\"Kiara Adelino\"},\"description\":\"Estudante do 5\u00b0 semestre de Medicina. Gosto bastante de aprender coisas novas, principalmente na \u00e1rea de Neurologia e Anatomia humana.\",\"url\":\"https:\\\/\\\/www.grupomedcof.com.br\\\/blog\\\/author\\\/kiara-adelino\\\/\"}]}<\/script>\n<!-- \/ Yoast SEO Premium plugin. -->","yoast_head_json":{"title":"O que j\u00e1 se sabe sobre o Metapneumov\u00edrus humano?\u00a0 - Blog de Medcof: conte\u00fados, editais, revalida e mais!","description":"O HMPV (metapneumovirus humano), apesar de estar em significativo destaque na atualidade, foi descoberto ainda no ano de 2001 na Holanda. Veja!","robots":{"index":"index","follow":"follow","max-snippet":"max-snippet:-1","max-image-preview":"max-image-preview:large","max-video-preview":"max-video-preview:-1"},"canonical":"https:\/\/www.grupomedcof.com.br\/blog\/o-que-ja-se-sabe-sobre-o-metapneumovirus-humano\/","og_locale":"pt_BR","og_type":"article","og_title":"O que j\u00e1 se sabe sobre o Metapneumov\u00edrus humano?\u00a0","og_description":"O HMPV (metapneumovirus humano), apesar de estar em significativo destaque na atualidade, foi descoberto ainda no ano de 2001 na Holanda. Veja!","og_url":"https:\/\/www.grupomedcof.com.br\/blog\/o-que-ja-se-sabe-sobre-o-metapneumovirus-humano\/","og_site_name":"Blog de Medcof: conte\u00fados, editais, revalida e mais!","article_publisher":"https:\/\/www.facebook.com\/MedCofQbank\/","article_published_time":"2025-01-10T11:28:40+00:00","og_image":[{"width":2560,"height":1440,"url":"https:\/\/www.grupomedcof.com.br\/blog\/wp-content\/uploads\/2025\/01\/Blog-MedCof-51-scaled.jpg","type":"image\/jpeg"}],"author":"Kiara Adelino","twitter_card":"summary_large_image","twitter_misc":{"Escrito por":"Kiara Adelino","Est. tempo de leitura":"4 minutos"},"schema":{"@context":"https:\/\/schema.org","@graph":[{"@type":"Article","@id":"https:\/\/www.grupomedcof.com.br\/blog\/o-que-ja-se-sabe-sobre-o-metapneumovirus-humano\/#article","isPartOf":{"@id":"https:\/\/www.grupomedcof.com.br\/blog\/o-que-ja-se-sabe-sobre-o-metapneumovirus-humano\/"},"author":{"name":"Kiara Adelino","@id":"https:\/\/www.grupomedcof.com.br\/blog\/#\/schema\/person\/db19a651f86c5fc202d6eee744fd3292"},"headline":"O que j\u00e1 se sabe sobre o Metapneumov\u00edrus humano?\u00a0","datePublished":"2025-01-10T11:28:40+00:00","mainEntityOfPage":{"@id":"https:\/\/www.grupomedcof.com.br\/blog\/o-que-ja-se-sabe-sobre-o-metapneumovirus-humano\/"},"wordCount":560,"commentCount":0,"publisher":{"@id":"https:\/\/www.grupomedcof.com.br\/blog\/#organization"},"image":{"@id":"https:\/\/www.grupomedcof.com.br\/blog\/o-que-ja-se-sabe-sobre-o-metapneumovirus-humano\/#primaryimage"},"thumbnailUrl":"https:\/\/www.grupomedcof.com.br\/blog\/wp-content\/uploads\/2025\/01\/Blog-MedCof-51-scaled.jpg","keywords":["HMPV","Metapneumovirus Humano"],"articleSection":["Novidades"],"inLanguage":"pt-BR"},{"@type":"WebPage","@id":"https:\/\/www.grupomedcof.com.br\/blog\/o-que-ja-se-sabe-sobre-o-metapneumovirus-humano\/","url":"https:\/\/www.grupomedcof.com.br\/blog\/o-que-ja-se-sabe-sobre-o-metapneumovirus-humano\/","name":"O que j\u00e1 se sabe sobre o Metapneumov\u00edrus humano?\u00a0 - Blog de Medcof: conte\u00fados, editais, revalida e mais!","isPartOf":{"@id":"https:\/\/www.grupomedcof.com.br\/blog\/#website"},"primaryImageOfPage":{"@id":"https:\/\/www.grupomedcof.com.br\/blog\/o-que-ja-se-sabe-sobre-o-metapneumovirus-humano\/#primaryimage"},"image":{"@id":"https:\/\/www.grupomedcof.com.br\/blog\/o-que-ja-se-sabe-sobre-o-metapneumovirus-humano\/#primaryimage"},"thumbnailUrl":"https:\/\/www.grupomedcof.com.br\/blog\/wp-content\/uploads\/2025\/01\/Blog-MedCof-51-scaled.jpg","datePublished":"2025-01-10T11:28:40+00:00","description":"O HMPV (metapneumovirus humano), apesar de estar em significativo destaque na atualidade, foi descoberto ainda no ano de 2001 na Holanda. Veja!","breadcrumb":{"@id":"https:\/\/www.grupomedcof.com.br\/blog\/o-que-ja-se-sabe-sobre-o-metapneumovirus-humano\/#breadcrumb"},"inLanguage":"pt-BR","potentialAction":[{"@type":"ReadAction","target":["https:\/\/www.grupomedcof.com.br\/blog\/o-que-ja-se-sabe-sobre-o-metapneumovirus-humano\/"]}]},{"@type":"ImageObject","inLanguage":"pt-BR","@id":"https:\/\/www.grupomedcof.com.br\/blog\/o-que-ja-se-sabe-sobre-o-metapneumovirus-humano\/#primaryimage","url":"https:\/\/www.grupomedcof.com.br\/blog\/wp-content\/uploads\/2025\/01\/Blog-MedCof-51-scaled.jpg","contentUrl":"https:\/\/www.grupomedcof.com.br\/blog\/wp-content\/uploads\/2025\/01\/Blog-MedCof-51-scaled.jpg","width":2560,"height":1440},{"@type":"BreadcrumbList","@id":"https:\/\/www.grupomedcof.com.br\/blog\/o-que-ja-se-sabe-sobre-o-metapneumovirus-humano\/#breadcrumb","itemListElement":[{"@type":"ListItem","position":1,"name":"In\u00edcio","item":"https:\/\/www.grupomedcof.com.br\/blog\/"},{"@type":"ListItem","position":2,"name":"O que j\u00e1 se sabe sobre o Metapneumov\u00edrus humano?\u00a0"}]},{"@type":"WebSite","@id":"https:\/\/www.grupomedcof.com.br\/blog\/#website","url":"https:\/\/www.grupomedcof.com.br\/blog\/","name":"Blog de Medcof: conte\u00fados, editais, revalida e mais!","description":"Acesso o blog de MedCof! Seu portal de conte\u00fados sobre resid\u00eancia m\u00e9dica, an\u00e1lise e editais e muito mais. Clique e confira!","publisher":{"@id":"https:\/\/www.grupomedcof.com.br\/blog\/#organization"},"alternateName":"Blog de Medcof: conte\u00fados, editais, revalida e mais!","potentialAction":[{"@type":"SearchAction","target":{"@type":"EntryPoint","urlTemplate":"https:\/\/www.grupomedcof.com.br\/blog\/?s={search_term_string}"},"query-input":{"@type":"PropertyValueSpecification","valueRequired":true,"valueName":"search_term_string"}}],"inLanguage":"pt-BR"},{"@type":"Organization","@id":"https:\/\/www.grupomedcof.com.br\/blog\/#organization","name":"Grupo MedCof","url":"https:\/\/www.grupomedcof.com.br\/blog\/","logo":{"@type":"ImageObject","inLanguage":"pt-BR","@id":"https:\/\/www.grupomedcof.com.br\/blog\/#\/schema\/logo\/image\/","url":"https:\/\/www.grupomedcof.com.br\/blog\/wp-content\/uploads\/2022\/01\/logo-medcof.png","contentUrl":"https:\/\/www.grupomedcof.com.br\/blog\/wp-content\/uploads\/2022\/01\/logo-medcof.png","width":768,"height":269,"caption":"Grupo MedCof"},"image":{"@id":"https:\/\/www.grupomedcof.com.br\/blog\/#\/schema\/logo\/image\/"},"sameAs":["https:\/\/www.facebook.com\/MedCofQbank\/","https:\/\/www.instagram.com\/grupomedcof\/","https:\/\/br.linkedin.com\/company\/medcof","https:\/\/www.youtube.com\/channel\/UCdHMuOHKICxcHwecxN8P-AA"]},{"@type":"Person","@id":"https:\/\/www.grupomedcof.com.br\/blog\/#\/schema\/person\/db19a651f86c5fc202d6eee744fd3292","name":"Kiara Adelino","image":{"@type":"ImageObject","inLanguage":"pt-BR","@id":"https:\/\/www.grupomedcof.com.br\/blog\/wp-content\/uploads\/2024\/08\/cropped-Kiara-Adelino2-96x96.jpega85663bdda67261f8f06f86e555e1e49","url":"https:\/\/www.grupomedcof.com.br\/blog\/wp-content\/uploads\/2024\/08\/cropped-Kiara-Adelino2-96x96.jpeg","contentUrl":"https:\/\/www.grupomedcof.com.br\/blog\/wp-content\/uploads\/2024\/08\/cropped-Kiara-Adelino2-96x96.jpeg","caption":"Kiara Adelino"},"description":"Estudante do 5\u00b0 semestre de Medicina. Gosto bastante de aprender coisas novas, principalmente na \u00e1rea de Neurologia e Anatomia humana.","url":"https:\/\/www.grupomedcof.com.br\/blog\/author\/kiara-adelino\/"}]}},"authors":[{"term_id":3617,"user_id":21,"is_guest":0,"slug":"kiara-adelino","display_name":"Kiara Adelino","avatar_url":"https:\/\/www.grupomedcof.com.br\/blog\/wp-content\/uploads\/2024\/08\/cropped-Kiara-Adelino2-96x96.jpeg","0":null,"1":"","2":"","3":"","4":"","5":"","6":"","7":"","8":""}],"_links":{"self":[{"href":"https:\/\/www.grupomedcof.com.br\/blog\/wp-json\/wp\/v2\/posts\/32905","targetHints":{"allow":["GET"]}}],"collection":[{"href":"https:\/\/www.grupomedcof.com.br\/blog\/wp-json\/wp\/v2\/posts"}],"about":[{"href":"https:\/\/www.grupomedcof.com.br\/blog\/wp-json\/wp\/v2\/types\/post"}],"author":[{"embeddable":true,"href":"https:\/\/www.grupomedcof.com.br\/blog\/wp-json\/wp\/v2\/users\/21"}],"replies":[{"embeddable":true,"href":"https:\/\/www.grupomedcof.com.br\/blog\/wp-json\/wp\/v2\/comments?post=32905"}],"version-history":[{"count":0,"href":"https:\/\/www.grupomedcof.com.br\/blog\/wp-json\/wp\/v2\/posts\/32905\/revisions"}],"wp:featuredmedia":[{"embeddable":true,"href":"https:\/\/www.grupomedcof.com.br\/blog\/wp-json\/wp\/v2\/media\/32906"}],"wp:attachment":[{"href":"https:\/\/www.grupomedcof.com.br\/blog\/wp-json\/wp\/v2\/media?parent=32905"}],"wp:term":[{"taxonomy":"category","embeddable":true,"href":"https:\/\/www.grupomedcof.com.br\/blog\/wp-json\/wp\/v2\/categories?post=32905"},{"taxonomy":"post_tag","embeddable":true,"href":"https:\/\/www.grupomedcof.com.br\/blog\/wp-json\/wp\/v2\/tags?post=32905"},{"taxonomy":"author","embeddable":true,"href":"https:\/\/www.grupomedcof.com.br\/blog\/wp-json\/wp\/v2\/ppma_author?post=32905"}],"curies":[{"name":"wp","href":"https:\/\/api.w.org\/{rel}","templated":true}]}}