{"id":32958,"date":"2025-01-13T09:33:35","date_gmt":"2025-01-13T12:33:35","guid":{"rendered":"https:\/\/www.grupomedcof.com.br\/blog\/?p=32958"},"modified":"2026-04-24T15:23:21","modified_gmt":"2026-04-24T18:23:21","slug":"cancer-de-cabeca-e-pescoco-saiba-como-o-cancer-nessa-regiao-afeta-o-corpo-humano","status":"publish","type":"post","link":"https:\/\/www.grupomedcof.com.br\/blog\/cancer-de-cabeca-e-pescoco-saiba-como-o-cancer-nessa-regiao-afeta-o-corpo-humano\/","title":{"rendered":"C\u00e2ncer de cabe\u00e7a e pesco\u00e7o: saiba como o c\u00e2ncer nessa regi\u00e3o afeta o corpo humano"},"content":{"rendered":"<div id=\"ez-toc-container\" class=\"ez-toc-v2_0_74 counter-hierarchy ez-toc-counter ez-toc-transparent ez-toc-container-direction\">\n<div class=\"ez-toc-title-container\">\n<p class=\"ez-toc-title\" style=\"cursor:inherit\">Sum\u00e1rio<\/p>\n<span class=\"ez-toc-title-toggle\"><a href=\"#\" class=\"ez-toc-pull-right ez-toc-btn ez-toc-btn-xs ez-toc-btn-default ez-toc-toggle\" aria-label=\"Alternar tabela de conte\u00fado\"><span class=\"ez-toc-js-icon-con\"><span class=\"\"><span class=\"eztoc-hide\" style=\"display:none;\">Toggle<\/span><span class=\"ez-toc-icon-toggle-span\"><svg style=\"fill: #999;color:#999\" xmlns=\"http:\/\/www.w3.org\/2000\/svg\" class=\"list-377408\" width=\"20px\" height=\"20px\" viewBox=\"0 0 24 24\" fill=\"none\"><path d=\"M6 6H4v2h2V6zm14 0H8v2h12V6zM4 11h2v2H4v-2zm16 0H8v2h12v-2zM4 16h2v2H4v-2zm16 0H8v2h12v-2z\" fill=\"currentColor\"><\/path><\/svg><svg style=\"fill: #999;color:#999\" class=\"arrow-unsorted-368013\" xmlns=\"http:\/\/www.w3.org\/2000\/svg\" width=\"10px\" height=\"10px\" viewBox=\"0 0 24 24\" version=\"1.2\" baseProfile=\"tiny\"><path d=\"M18.2 9.3l-6.2-6.3-6.2 6.3c-.2.2-.3.4-.3.7s.1.5.3.7c.2.2.4.3.7.3h11c.3 0 .5-.1.7-.3.2-.2.3-.5.3-.7s-.1-.5-.3-.7zM5.8 14.7l6.2 6.3 6.2-6.3c.2-.2.3-.5.3-.7s-.1-.5-.3-.7c-.2-.2-.4-.3-.7-.3h-11c-.3 0-.5.1-.7.3-.2.2-.3.5-.3.7s.1.5.3.7z\"\/><\/svg><\/span><\/span><\/span><\/a><\/span><\/div>\n<nav><ul class='ez-toc-list ez-toc-list-level-1 ' ><li class='ez-toc-page-1 ez-toc-heading-level-2'><a class=\"ez-toc-link ez-toc-heading-1\" href=\"https:\/\/www.grupomedcof.com.br\/blog\/cancer-de-cabeca-e-pescoco-saiba-como-o-cancer-nessa-regiao-afeta-o-corpo-humano\/#Epidemiologia_e_Etiologia\" >Epidemiologia e Etiologia<\/a><\/li><li class='ez-toc-page-1 ez-toc-heading-level-2'><a class=\"ez-toc-link ez-toc-heading-2\" href=\"https:\/\/www.grupomedcof.com.br\/blog\/cancer-de-cabeca-e-pescoco-saiba-como-o-cancer-nessa-regiao-afeta-o-corpo-humano\/#Caracteristicas_Clinicas\" >Caracter\u00edsticas Cl\u00ednicas<\/a><\/li><li class='ez-toc-page-1 ez-toc-heading-level-2'><a class=\"ez-toc-link ez-toc-heading-3\" href=\"https:\/\/www.grupomedcof.com.br\/blog\/cancer-de-cabeca-e-pescoco-saiba-como-o-cancer-nessa-regiao-afeta-o-corpo-humano\/#Diagnostico\" >Diagn\u00f3stico<\/a><\/li><li class='ez-toc-page-1 ez-toc-heading-level-2'><a class=\"ez-toc-link ez-toc-heading-4\" href=\"https:\/\/www.grupomedcof.com.br\/blog\/cancer-de-cabeca-e-pescoco-saiba-como-o-cancer-nessa-regiao-afeta-o-corpo-humano\/#Estadiamento\" >Estadiamento<\/a><\/li><li class='ez-toc-page-1 ez-toc-heading-level-2'><a class=\"ez-toc-link ez-toc-heading-5\" href=\"https:\/\/www.grupomedcof.com.br\/blog\/cancer-de-cabeca-e-pescoco-saiba-como-o-cancer-nessa-regiao-afeta-o-corpo-humano\/#Tratamento\" >Tratamento<\/a><\/li><li class='ez-toc-page-1 ez-toc-heading-level-2'><a class=\"ez-toc-link ez-toc-heading-6\" href=\"https:\/\/www.grupomedcof.com.br\/blog\/cancer-de-cabeca-e-pescoco-saiba-como-o-cancer-nessa-regiao-afeta-o-corpo-humano\/#Prognostico\" >Progn\u00f3stico<\/a><\/li><li class='ez-toc-page-1 ez-toc-heading-level-2'><a class=\"ez-toc-link ez-toc-heading-7\" href=\"https:\/\/www.grupomedcof.com.br\/blog\/cancer-de-cabeca-e-pescoco-saiba-como-o-cancer-nessa-regiao-afeta-o-corpo-humano\/#O_metodo_que_te_aprova\" >O m\u00e9todo que te aprova!<\/a><\/li><\/ul><\/nav><\/div>\n\n<figure class=\"wp-block-image size-large\"><img loading=\"lazy\" decoding=\"async\" width=\"1024\" height=\"576\" src=\"https:\/\/www.grupomedcof.com.br\/blog\/wp-content\/uploads\/2025\/01\/Blog-MedCof-58-1024x576.jpg\" alt=\"\" class=\"wp-image-32959\" srcset=\"https:\/\/www.grupomedcof.com.br\/blog\/wp-content\/uploads\/2025\/01\/Blog-MedCof-58-1024x576.jpg 1024w, https:\/\/www.grupomedcof.com.br\/blog\/wp-content\/uploads\/2025\/01\/Blog-MedCof-58-300x169.jpg 300w, https:\/\/www.grupomedcof.com.br\/blog\/wp-content\/uploads\/2025\/01\/Blog-MedCof-58-768x432.jpg 768w, https:\/\/www.grupomedcof.com.br\/blog\/wp-content\/uploads\/2025\/01\/Blog-MedCof-58-1536x864.jpg 1536w, https:\/\/www.grupomedcof.com.br\/blog\/wp-content\/uploads\/2025\/01\/Blog-MedCof-58-2048x1152.jpg 2048w, https:\/\/www.grupomedcof.com.br\/blog\/wp-content\/uploads\/2025\/01\/Blog-MedCof-58-747x420.jpg 747w, https:\/\/www.grupomedcof.com.br\/blog\/wp-content\/uploads\/2025\/01\/Blog-MedCof-58-150x84.jpg 150w, https:\/\/www.grupomedcof.com.br\/blog\/wp-content\/uploads\/2025\/01\/Blog-MedCof-58-696x392.jpg 696w, https:\/\/www.grupomedcof.com.br\/blog\/wp-content\/uploads\/2025\/01\/Blog-MedCof-58-1068x601.jpg 1068w, https:\/\/www.grupomedcof.com.br\/blog\/wp-content\/uploads\/2025\/01\/Blog-MedCof-58-1920x1080.jpg 1920w\" sizes=\"auto, (max-width: 1024px) 100vw, 1024px\" \/><\/figure>\n\n\n\n<p>O <strong>c\u00e2ncer de cabe\u00e7a e pesco\u00e7o<\/strong> abrange um conjunto diversificado de neoplasias que podem afetar \u00e1reas como a nasofaringe, orofaringe e outras regi\u00f5es adjacentes. Como essas regi\u00f5es est\u00e3o intrinsecamente relacionadas a diversas fun\u00e7\u00f5es do corpo, como fala, respira\u00e7\u00e3o e degluti\u00e7\u00e3o, \u00e9 importante entender como as neoplasias podem afetar a sa\u00fade do paciente. Vamos revisar as principais caracter\u00edsticas cl\u00ednicas, diagn\u00f3sticas e op\u00e7\u00f5es de tratamento para esses tipos de c\u00e2ncer, com base em dados epidemiol\u00f3gicos e avan\u00e7os recentes na compreens\u00e3o dessas patologias.<\/p>\n\n\n\n<figure class=\"wp-block-image\"><img decoding=\"async\" src=\"https:\/\/lh7-rt.googleusercontent.com\/docsz\/AD_4nXemRnTriL9ycTfmLtoRbvsmV6h6JdebfBH8bF59ZbCo4E4fJ9sc1TpuA0WeCsF-qUa72knwNb-FGH-z0wHzV1nWCS9O2Q3ekKoFwc0e2wvOOjEWxuROTQrflbXJl1vFZBSPbbQU0g?key=0NVqIYaTuWyasG8ADK8e3t_T\" alt=\"\"\/><figcaption class=\"wp-element-caption\">Fonte: <a href=\"https:\/\/icbs.ufal.br\/grupo\/mco\/sistemas\/faringe\/naso.html\">https:\/\/icbs.ufal.br\/grupo\/mco\/sistemas\/faringe\/naso.html<\/a>\u00a0<br><\/figcaption><\/figure>\n\n\n\n<h2 class=\"wp-block-heading\" id=\"h-epidemiologia-e-etiologia\"><span class=\"ez-toc-section\" id=\"Epidemiologia_e_Etiologia\"><\/span><strong>Epidemiologia e Etiologia<\/strong><span class=\"ez-toc-section-end\"><\/span><\/h2>\n\n\n\n<p>O c\u00e2ncer de <strong>nasofaringe<\/strong> apresenta uma distribui\u00e7\u00e3o geogr\u00e1fica peculiar, com alta incid\u00eancia no sul da China e baixa nos Estados Unidos e Europa Ocidental. Os fatores de risco para essa neoplasia incluem predisposi\u00e7\u00e3o gen\u00e9tica, consumo de alimentos conservados, tabagismo, etilismo e infec\u00e7\u00e3o por v\u00edrus Epstein-Barr (EBV). No Brasil, a incid\u00eancia \u00e9 de aproximadamente 0,33 casos por 100.000 habitantes.<\/p>\n\n\n\n<p>J\u00e1 o c\u00e2ncer de <strong>orofaringe<\/strong> tem sido associado ao v\u00edrus do papiloma humano (HPV), especialmente os subtipos 16 e 18. Este tipo de c\u00e2ncer tende a apresentar um melhor progn\u00f3stico em compara\u00e7\u00e3o com os casos relacionados ao tabagismo e etilismo. Um fato marcante \u00e9 que homens s\u00e3o mais afetados que mulheres, com uma rela\u00e7\u00e3o de 4:1, e a idade m\u00e9dia ao diagn\u00f3stico \u00e9 entre 30 e 55 anos.<\/p>\n\n\n\n<figure class=\"wp-block-image\"><img decoding=\"async\" src=\"https:\/\/lh7-rt.googleusercontent.com\/docsz\/AD_4nXeUdatLMZ987cbzRmNTufyUXqH2Zrg-cGXhnDhup1gxxoraGlGslYfBuIzeZi7vV9DQuZdpYCFskOkTHqDUFYYE3zsGvro5Ofx6HhDVHLS9AoOUwIY2fBzsUGwwuJkN_sz75YMAPQ?key=0NVqIYaTuWyasG8ADK8e3t_T\" alt=\"\"\/><figcaption class=\"wp-element-caption\">Exemplo de c\u00e2ncer de orofaringe. Fonte: Acervo de Aulas do Grupo<\/figcaption><\/figure>\n\n\n\n<h2 class=\"wp-block-heading\" id=\"h-caracteristicas-clinicas\"><span class=\"ez-toc-section\" id=\"Caracteristicas_Clinicas\"><\/span><strong>Caracter\u00edsticas Cl\u00ednicas<\/strong><span class=\"ez-toc-section-end\"><\/span><\/h2>\n\n\n\n<p>Os tumores de nasofaringe frequentemente se apresentam com sintomas como cefaleia, obstru\u00e7\u00e3o nasal, epistaxe, otite m\u00e9dia e, em muitos casos, met\u00e1stase linfonodal cervical ao diagn\u00f3stico. O c\u00e2ncer de orofaringe pode se manifestar como uma massa cervical assintom\u00e1tica, disfagia, odinofagia, otalgia e perda ponderal. A presen\u00e7a de les\u00f5es ulceradas e fri\u00e1veis na orofaringe tamb\u00e9m \u00e9 comum.<\/p>\n\n\n\n<figure class=\"wp-block-image\"><img decoding=\"async\" src=\"https:\/\/lh7-rt.googleusercontent.com\/docsz\/AD_4nXfw0EPozdgIoVsOvbDCwtj5S9WLH30V1dEcgfDzofhS58eFx6Uw1kJ6RbKRrA-hJeAP-kdSdaj5ZOVK249Ymq8BFMfq34uPKicrBKg3igIipKAV4jviGsYp6X3yDFEOnjnZsa9b?key=0NVqIYaTuWyasG8ADK8e3t_T\" alt=\"\"\/><figcaption class=\"wp-element-caption\">Fonte: Radiopaedia. <a href=\"http:\/\/www.rb.org.br\/detalhe_artigo.asp?id=1116&amp;idioma=Portugues\">http:\/\/www.rb.org.br\/detalhe_artigo.asp?id=1116&amp;idioma=Portugues<\/a>\u00a0<\/figcaption><\/figure>\n\n\n\n<h2 class=\"wp-block-heading\" id=\"h-diagnostico\"><span class=\"ez-toc-section\" id=\"Diagnostico\"><\/span><strong>Diagn\u00f3stico<\/strong><span class=\"ez-toc-section-end\"><\/span><\/h2>\n\n\n\n<p>O diagn\u00f3stico precoce \u00e9 crucial para o manejo eficaz desses c\u00e2nceres. A bi\u00f3psia do tumor prim\u00e1rio \u00e9 a abordagem preferencial, enquanto a pun\u00e7\u00e3o aspirativa por agulha fina (PAAF) \u00e9 utilizada para linfonodos cervicais. A imuno-histoqu\u00edmica para pesquisa de p16 \u00e9 essencial para diferenciar os casos relacionados ao HPV dos negativos. Exames de imagem, como tomografia computadorizada (TC) de cabe\u00e7a, pesco\u00e7o e t\u00f3rax, complementam a avalia\u00e7\u00e3o diagn\u00f3stica.<\/p>\n\n\n\n<h2 class=\"wp-block-heading\" id=\"h-estadiamento\"><span class=\"ez-toc-section\" id=\"Estadiamento\"><\/span><strong>Estadiamento<\/strong><span class=\"ez-toc-section-end\"><\/span><\/h2>\n\n\n\n<p>O estadiamento dos tumores \u00e9 fundamental para o planejamento terap\u00eautico. A 8\u00aa edi\u00e7\u00e3o do TNM reflete a biologia distinta dos c\u00e2nceres HPV positivo e negativo. Tumores HPV positivos geralmente apresentam um estadiamento mais favor\u00e1vel devido ao melhor progn\u00f3stico.<\/p>\n\n\n\n<figure class=\"wp-block-image\"><img decoding=\"async\" src=\"https:\/\/lh7-rt.googleusercontent.com\/docsz\/AD_4nXfHgOsHH6AaJPxssM61s6YhUDAodTUpluBsjCjPM1TXsi1EgJS2skZjeIUepHOiEjWavBsCxXpF8yJtxgdH8Td0pdNYDa86E9GykwFqaU7pMOoaOKnDMjXgi9bMlca-Ym2vsY9gLg?key=0NVqIYaTuWyasG8ADK8e3t_T\" alt=\"\"\/><\/figure>\n\n\n\n<h2 class=\"wp-block-heading\" id=\"h-tratamento\"><span class=\"ez-toc-section\" id=\"Tratamento\"><\/span><strong>Tratamento<\/strong><span class=\"ez-toc-section-end\"><\/span><\/h2>\n\n\n\n<p>O tratamento do c\u00e2ncer de nasofaringe, frequentemente relacionado ao EBV, \u00e9 predominantemente baseado em <strong>radioterapia<\/strong> (RT), devido \u00e0 dificuldade de acesso cir\u00fargico. A cirurgia de resgate \u00e9 considerada quando necess\u00e1rio. Para o c\u00e2ncer de orofaringe, especialmente os casos HPV positivos, o tratamento pode incluir cirurgia, RT e quimioterapia (QT), dependendo do est\u00e1gio e caracter\u00edsticas do tumor.<\/p>\n\n\n\n<p>Nos casos de c\u00e2ncer prim\u00e1rio oculto, onde o tumor prim\u00e1rio n\u00e3o \u00e9 identific\u00e1vel, o manejo envolve pesquisa detalhada com exames de imagem e PAAF. O tratamento pode variar entre abordagens cir\u00fargicas e RT\/QT combinadas, dependendo do estadiamento linfonodal.<\/p>\n\n\n\n<h2 class=\"wp-block-heading\" id=\"h-prognostico\"><span class=\"ez-toc-section\" id=\"Prognostico\"><\/span><strong>Progn\u00f3stico<\/strong><span class=\"ez-toc-section-end\"><\/span><\/h2>\n\n\n\n<p>O progn\u00f3stico varia significativamente entre os tipos de c\u00e2ncer e est\u00e1 intimamente ligado ao est\u00e1gio da doen\u00e7a no momento do diagn\u00f3stico. Tumores HPV positivos tendem a ter um progn\u00f3stico mais favor\u00e1vel, com taxas de sobrevida a longo prazo superiores a 80% em casos avan\u00e7ados. Em contraste, os c\u00e2nceres associados ao tabagismo e etilismo apresentam taxas de sobrevida global mais baixas.<\/p>\n\n\n\n<h2 class=\"wp-block-heading\" id=\"o-m\u00e9todo-que-te-aprova\"><span class=\"ez-toc-section\" id=\"O_metodo_que_te_aprova\"><\/span><strong>O m\u00e9todo que te aprova!<\/strong><span class=\"ez-toc-section-end\"><\/span><\/h2>\n\n\n\n<p>Quer alcan\u00e7ar a aprova\u00e7\u00e3o nas provas de resid\u00eancia m\u00e9dica? Ent\u00e3o seja um&nbsp;<a href=\"https:\/\/www.grupomedcof.com.br\/home\/\" target=\"_blank\" rel=\"noreferrer noopener\">MedCoffer<\/a>! Aqui te ajudaremos na busca da aprova\u00e7\u00e3o com conte\u00fados de qualidade e uma&nbsp;<a href=\"https:\/\/www.grupomedcof.com.br\/blog\/presenca-da-medcof-nas-aprovacoes-em-residencia-medica-no-brasil\/\" target=\"_blank\" rel=\"noreferrer noopener\">metodologia que j\u00e1 aprovou mais de 10 mil residentes no pa\u00eds!&nbsp;<\/a>Por fim, acesse o nosso<a href=\"https:\/\/www.youtube.com\/@GrupoMedcof\/featured\" target=\"_blank\" rel=\"noreferrer noopener\">&nbsp;<strong>canal do youtube&nbsp;<\/strong><\/a>para ver o nosso material.<\/p>\n\n\n\n<figure class=\"wp-block-embed is-type-video is-provider-youtube wp-block-embed-youtube wp-embed-aspect-16-9 wp-has-aspect-ratio\"><div class=\"wp-block-embed__wrapper\">\n<div class=\"youtube-embed\" data-video_id=\"fv1j88DZyHo\"><iframe loading=\"lazy\" title=\"COFEXPRESS - Infec\u00e7\u00e3o de corrente sangu\u00ednea. Com Dr. Douglas Toledo\" width=\"696\" height=\"392\" src=\"https:\/\/www.youtube.com\/embed\/fv1j88DZyHo?feature=oembed&#038;enablejsapi=1\" frameborder=\"0\" allow=\"accelerometer; autoplay; clipboard-write; encrypted-media; gyroscope; picture-in-picture; web-share\" referrerpolicy=\"strict-origin-when-cross-origin\" allowfullscreen><\/iframe><\/div>\n<\/div><\/figure>\n","protected":false},"excerpt":{"rendered":"<p>O c\u00e2ncer de cabe\u00e7a e pesco\u00e7o abrange um conjunto diversificado de neoplasias que podem afetar \u00e1reas como a nasofaringe. Entenda!<\/p>\n","protected":false},"author":21,"featured_media":32959,"comment_status":"open","ping_status":"open","sticky":false,"template":"","format":"standard","meta":{"footnotes":""},"categories":[115],"tags":[1525,2461,1058,869],"ppma_author":[3617],"class_list":{"0":"post-32958","1":"post","2":"type-post","3":"status-publish","4":"format-standard","5":"has-post-thumbnail","7":"category-clinica-medica","8":"tag-cancer","9":"tag-cancer-de-cabeca-e-pescoco","10":"tag-diagnostico","11":"tag-tratamento"},"yoast_head":"<!-- This site is optimized with the Yoast SEO Premium plugin v24.3 (Yoast SEO v27.4) - https:\/\/yoast.com\/product\/yoast-seo-premium-wordpress\/ -->\n<title>C\u00e2ncer de Cabe\u00e7a e Pesco\u00e7o: Como Afeta o Organismo | MedCof<\/title>\n<meta name=\"description\" content=\"O c\u00e2ncer de cabe\u00e7a e pesco\u00e7o abrange um conjunto diversificado de neoplasias que podem afetar \u00e1reas como a nasofaringe. Entenda!\" \/>\n<meta name=\"robots\" content=\"index, follow, max-snippet:-1, max-image-preview:large, max-video-preview:-1\" \/>\n<link rel=\"canonical\" href=\"https:\/\/www.grupomedcof.com.br\/blog\/cancer-de-cabeca-e-pescoco-saiba-como-o-cancer-nessa-regiao-afeta-o-corpo-humano\/\" \/>\n<meta property=\"og:locale\" content=\"pt_BR\" \/>\n<meta property=\"og:type\" content=\"article\" \/>\n<meta property=\"og:title\" content=\"C\u00e2ncer de cabe\u00e7a e pesco\u00e7o: saiba como o c\u00e2ncer nessa regi\u00e3o afeta o corpo humano\" \/>\n<meta property=\"og:description\" content=\"O c\u00e2ncer de cabe\u00e7a e pesco\u00e7o abrange um conjunto diversificado de neoplasias que podem afetar \u00e1reas como a nasofaringe. Entenda!\" \/>\n<meta property=\"og:url\" content=\"https:\/\/www.grupomedcof.com.br\/blog\/cancer-de-cabeca-e-pescoco-saiba-como-o-cancer-nessa-regiao-afeta-o-corpo-humano\/\" \/>\n<meta property=\"og:site_name\" content=\"Blog de Medcof: conte\u00fados, editais, revalida e mais!\" \/>\n<meta property=\"article:publisher\" content=\"https:\/\/www.facebook.com\/MedCofQbank\/\" \/>\n<meta property=\"article:published_time\" content=\"2025-01-13T12:33:35+00:00\" \/>\n<meta property=\"article:modified_time\" content=\"2026-04-24T18:23:21+00:00\" \/>\n<meta property=\"og:image\" content=\"https:\/\/www.grupomedcof.com.br\/blog\/wp-content\/uploads\/2025\/01\/Blog-MedCof-58-scaled.jpg\" \/>\n\t<meta property=\"og:image:width\" content=\"2560\" \/>\n\t<meta property=\"og:image:height\" content=\"1440\" \/>\n\t<meta property=\"og:image:type\" content=\"image\/jpeg\" \/>\n<meta name=\"author\" content=\"Kiara Adelino\" \/>\n<meta name=\"twitter:card\" content=\"summary_large_image\" \/>\n<meta name=\"twitter:label1\" content=\"Escrito por\" \/>\n\t<meta name=\"twitter:data1\" content=\"Kiara Adelino\" \/>\n\t<meta name=\"twitter:label2\" content=\"Est. tempo de leitura\" \/>\n\t<meta name=\"twitter:data2\" content=\"5 minutos\" \/>\n<script type=\"application\/ld+json\" class=\"yoast-schema-graph\">{\"@context\":\"https:\\\/\\\/schema.org\",\"@graph\":[{\"@type\":\"Article\",\"@id\":\"https:\\\/\\\/www.grupomedcof.com.br\\\/blog\\\/cancer-de-cabeca-e-pescoco-saiba-como-o-cancer-nessa-regiao-afeta-o-corpo-humano\\\/#article\",\"isPartOf\":{\"@id\":\"https:\\\/\\\/www.grupomedcof.com.br\\\/blog\\\/cancer-de-cabeca-e-pescoco-saiba-como-o-cancer-nessa-regiao-afeta-o-corpo-humano\\\/\"},\"author\":{\"name\":\"Kiara Adelino\",\"@id\":\"https:\\\/\\\/www.grupomedcof.com.br\\\/blog\\\/#\\\/schema\\\/person\\\/db19a651f86c5fc202d6eee744fd3292\"},\"headline\":\"C\u00e2ncer de cabe\u00e7a e pesco\u00e7o: saiba como o c\u00e2ncer nessa regi\u00e3o afeta o corpo humano\",\"datePublished\":\"2025-01-13T12:33:35+00:00\",\"dateModified\":\"2026-04-24T18:23:21+00:00\",\"mainEntityOfPage\":{\"@id\":\"https:\\\/\\\/www.grupomedcof.com.br\\\/blog\\\/cancer-de-cabeca-e-pescoco-saiba-como-o-cancer-nessa-regiao-afeta-o-corpo-humano\\\/\"},\"wordCount\":727,\"commentCount\":0,\"publisher\":{\"@id\":\"https:\\\/\\\/www.grupomedcof.com.br\\\/blog\\\/#organization\"},\"image\":{\"@id\":\"https:\\\/\\\/www.grupomedcof.com.br\\\/blog\\\/cancer-de-cabeca-e-pescoco-saiba-como-o-cancer-nessa-regiao-afeta-o-corpo-humano\\\/#primaryimage\"},\"thumbnailUrl\":\"https:\\\/\\\/www.grupomedcof.com.br\\\/blog\\\/wp-content\\\/uploads\\\/2025\\\/01\\\/Blog-MedCof-58-scaled.jpg\",\"keywords\":[\"C\u00e2ncer\",\"C\u00e2ncer de Cabe\u00e7a e Pesco\u00e7o\",\"diagn\u00f3stico\",\"tratamento\"],\"articleSection\":[\"Cl\u00ednica M\u00e9dica\"],\"inLanguage\":\"pt-BR\"},{\"@type\":\"WebPage\",\"@id\":\"https:\\\/\\\/www.grupomedcof.com.br\\\/blog\\\/cancer-de-cabeca-e-pescoco-saiba-como-o-cancer-nessa-regiao-afeta-o-corpo-humano\\\/\",\"url\":\"https:\\\/\\\/www.grupomedcof.com.br\\\/blog\\\/cancer-de-cabeca-e-pescoco-saiba-como-o-cancer-nessa-regiao-afeta-o-corpo-humano\\\/\",\"name\":\"C\u00e2ncer de Cabe\u00e7a e Pesco\u00e7o: Como Afeta o Organismo | MedCof\",\"isPartOf\":{\"@id\":\"https:\\\/\\\/www.grupomedcof.com.br\\\/blog\\\/#website\"},\"primaryImageOfPage\":{\"@id\":\"https:\\\/\\\/www.grupomedcof.com.br\\\/blog\\\/cancer-de-cabeca-e-pescoco-saiba-como-o-cancer-nessa-regiao-afeta-o-corpo-humano\\\/#primaryimage\"},\"image\":{\"@id\":\"https:\\\/\\\/www.grupomedcof.com.br\\\/blog\\\/cancer-de-cabeca-e-pescoco-saiba-como-o-cancer-nessa-regiao-afeta-o-corpo-humano\\\/#primaryimage\"},\"thumbnailUrl\":\"https:\\\/\\\/www.grupomedcof.com.br\\\/blog\\\/wp-content\\\/uploads\\\/2025\\\/01\\\/Blog-MedCof-58-scaled.jpg\",\"datePublished\":\"2025-01-13T12:33:35+00:00\",\"dateModified\":\"2026-04-24T18:23:21+00:00\",\"description\":\"O c\u00e2ncer de cabe\u00e7a e pesco\u00e7o abrange um conjunto diversificado de neoplasias que podem afetar \u00e1reas como a nasofaringe. Entenda!\",\"breadcrumb\":{\"@id\":\"https:\\\/\\\/www.grupomedcof.com.br\\\/blog\\\/cancer-de-cabeca-e-pescoco-saiba-como-o-cancer-nessa-regiao-afeta-o-corpo-humano\\\/#breadcrumb\"},\"inLanguage\":\"pt-BR\",\"potentialAction\":[{\"@type\":\"ReadAction\",\"target\":[\"https:\\\/\\\/www.grupomedcof.com.br\\\/blog\\\/cancer-de-cabeca-e-pescoco-saiba-como-o-cancer-nessa-regiao-afeta-o-corpo-humano\\\/\"]}]},{\"@type\":\"ImageObject\",\"inLanguage\":\"pt-BR\",\"@id\":\"https:\\\/\\\/www.grupomedcof.com.br\\\/blog\\\/cancer-de-cabeca-e-pescoco-saiba-como-o-cancer-nessa-regiao-afeta-o-corpo-humano\\\/#primaryimage\",\"url\":\"https:\\\/\\\/www.grupomedcof.com.br\\\/blog\\\/wp-content\\\/uploads\\\/2025\\\/01\\\/Blog-MedCof-58-scaled.jpg\",\"contentUrl\":\"https:\\\/\\\/www.grupomedcof.com.br\\\/blog\\\/wp-content\\\/uploads\\\/2025\\\/01\\\/Blog-MedCof-58-scaled.jpg\",\"width\":2560,\"height\":1440},{\"@type\":\"BreadcrumbList\",\"@id\":\"https:\\\/\\\/www.grupomedcof.com.br\\\/blog\\\/cancer-de-cabeca-e-pescoco-saiba-como-o-cancer-nessa-regiao-afeta-o-corpo-humano\\\/#breadcrumb\",\"itemListElement\":[{\"@type\":\"ListItem\",\"position\":1,\"name\":\"In\u00edcio\",\"item\":\"https:\\\/\\\/www.grupomedcof.com.br\\\/blog\\\/\"},{\"@type\":\"ListItem\",\"position\":2,\"name\":\"C\u00e2ncer de cabe\u00e7a e pesco\u00e7o: saiba como o c\u00e2ncer nessa regi\u00e3o afeta o corpo humano\"}]},{\"@type\":\"WebSite\",\"@id\":\"https:\\\/\\\/www.grupomedcof.com.br\\\/blog\\\/#website\",\"url\":\"https:\\\/\\\/www.grupomedcof.com.br\\\/blog\\\/\",\"name\":\"Blog de Medcof: conte\u00fados, editais, revalida e mais!\",\"description\":\"Acesso o blog de MedCof! Seu portal de conte\u00fados sobre resid\u00eancia m\u00e9dica, an\u00e1lise e editais e muito mais. Clique e confira!\",\"publisher\":{\"@id\":\"https:\\\/\\\/www.grupomedcof.com.br\\\/blog\\\/#organization\"},\"alternateName\":\"Blog de Medcof: conte\u00fados, editais, revalida e mais!\",\"potentialAction\":[{\"@type\":\"SearchAction\",\"target\":{\"@type\":\"EntryPoint\",\"urlTemplate\":\"https:\\\/\\\/www.grupomedcof.com.br\\\/blog\\\/?s={search_term_string}\"},\"query-input\":{\"@type\":\"PropertyValueSpecification\",\"valueRequired\":true,\"valueName\":\"search_term_string\"}}],\"inLanguage\":\"pt-BR\"},{\"@type\":\"Organization\",\"@id\":\"https:\\\/\\\/www.grupomedcof.com.br\\\/blog\\\/#organization\",\"name\":\"Grupo MedCof\",\"url\":\"https:\\\/\\\/www.grupomedcof.com.br\\\/blog\\\/\",\"logo\":{\"@type\":\"ImageObject\",\"inLanguage\":\"pt-BR\",\"@id\":\"https:\\\/\\\/www.grupomedcof.com.br\\\/blog\\\/#\\\/schema\\\/logo\\\/image\\\/\",\"url\":\"https:\\\/\\\/www.grupomedcof.com.br\\\/blog\\\/wp-content\\\/uploads\\\/2022\\\/01\\\/logo-medcof.png\",\"contentUrl\":\"https:\\\/\\\/www.grupomedcof.com.br\\\/blog\\\/wp-content\\\/uploads\\\/2022\\\/01\\\/logo-medcof.png\",\"width\":768,\"height\":269,\"caption\":\"Grupo MedCof\"},\"image\":{\"@id\":\"https:\\\/\\\/www.grupomedcof.com.br\\\/blog\\\/#\\\/schema\\\/logo\\\/image\\\/\"},\"sameAs\":[\"https:\\\/\\\/www.facebook.com\\\/MedCofQbank\\\/\",\"https:\\\/\\\/www.instagram.com\\\/grupomedcof\\\/\",\"https:\\\/\\\/br.linkedin.com\\\/company\\\/medcof\",\"https:\\\/\\\/www.youtube.com\\\/channel\\\/UCdHMuOHKICxcHwecxN8P-AA\"]},{\"@type\":\"Person\",\"@id\":\"https:\\\/\\\/www.grupomedcof.com.br\\\/blog\\\/#\\\/schema\\\/person\\\/db19a651f86c5fc202d6eee744fd3292\",\"name\":\"Kiara Adelino\",\"image\":{\"@type\":\"ImageObject\",\"inLanguage\":\"pt-BR\",\"@id\":\"https:\\\/\\\/www.grupomedcof.com.br\\\/blog\\\/wp-content\\\/uploads\\\/2024\\\/08\\\/cropped-Kiara-Adelino2-96x96.jpega85663bdda67261f8f06f86e555e1e49\",\"url\":\"https:\\\/\\\/www.grupomedcof.com.br\\\/blog\\\/wp-content\\\/uploads\\\/2024\\\/08\\\/cropped-Kiara-Adelino2-96x96.jpeg\",\"contentUrl\":\"https:\\\/\\\/www.grupomedcof.com.br\\\/blog\\\/wp-content\\\/uploads\\\/2024\\\/08\\\/cropped-Kiara-Adelino2-96x96.jpeg\",\"caption\":\"Kiara Adelino\"},\"description\":\"Estudante do 5\u00b0 semestre de Medicina. Gosto bastante de aprender coisas novas, principalmente na \u00e1rea de Neurologia e Anatomia humana.\",\"url\":\"https:\\\/\\\/www.grupomedcof.com.br\\\/blog\\\/author\\\/kiara-adelino\\\/\"}]}<\/script>\n<!-- \/ Yoast SEO Premium plugin. -->","yoast_head_json":{"title":"C\u00e2ncer de Cabe\u00e7a e Pesco\u00e7o: Como Afeta o Organismo | MedCof","description":"O c\u00e2ncer de cabe\u00e7a e pesco\u00e7o abrange um conjunto diversificado de neoplasias que podem afetar \u00e1reas como a nasofaringe. Entenda!","robots":{"index":"index","follow":"follow","max-snippet":"max-snippet:-1","max-image-preview":"max-image-preview:large","max-video-preview":"max-video-preview:-1"},"canonical":"https:\/\/www.grupomedcof.com.br\/blog\/cancer-de-cabeca-e-pescoco-saiba-como-o-cancer-nessa-regiao-afeta-o-corpo-humano\/","og_locale":"pt_BR","og_type":"article","og_title":"C\u00e2ncer de cabe\u00e7a e pesco\u00e7o: saiba como o c\u00e2ncer nessa regi\u00e3o afeta o corpo humano","og_description":"O c\u00e2ncer de cabe\u00e7a e pesco\u00e7o abrange um conjunto diversificado de neoplasias que podem afetar \u00e1reas como a nasofaringe. Entenda!","og_url":"https:\/\/www.grupomedcof.com.br\/blog\/cancer-de-cabeca-e-pescoco-saiba-como-o-cancer-nessa-regiao-afeta-o-corpo-humano\/","og_site_name":"Blog de Medcof: conte\u00fados, editais, revalida e mais!","article_publisher":"https:\/\/www.facebook.com\/MedCofQbank\/","article_published_time":"2025-01-13T12:33:35+00:00","article_modified_time":"2026-04-24T18:23:21+00:00","og_image":[{"width":2560,"height":1440,"url":"https:\/\/www.grupomedcof.com.br\/blog\/wp-content\/uploads\/2025\/01\/Blog-MedCof-58-scaled.jpg","type":"image\/jpeg"}],"author":"Kiara Adelino","twitter_card":"summary_large_image","twitter_misc":{"Escrito por":"Kiara Adelino","Est. tempo de leitura":"5 minutos"},"schema":{"@context":"https:\/\/schema.org","@graph":[{"@type":"Article","@id":"https:\/\/www.grupomedcof.com.br\/blog\/cancer-de-cabeca-e-pescoco-saiba-como-o-cancer-nessa-regiao-afeta-o-corpo-humano\/#article","isPartOf":{"@id":"https:\/\/www.grupomedcof.com.br\/blog\/cancer-de-cabeca-e-pescoco-saiba-como-o-cancer-nessa-regiao-afeta-o-corpo-humano\/"},"author":{"name":"Kiara Adelino","@id":"https:\/\/www.grupomedcof.com.br\/blog\/#\/schema\/person\/db19a651f86c5fc202d6eee744fd3292"},"headline":"C\u00e2ncer de cabe\u00e7a e pesco\u00e7o: saiba como o c\u00e2ncer nessa regi\u00e3o afeta o corpo humano","datePublished":"2025-01-13T12:33:35+00:00","dateModified":"2026-04-24T18:23:21+00:00","mainEntityOfPage":{"@id":"https:\/\/www.grupomedcof.com.br\/blog\/cancer-de-cabeca-e-pescoco-saiba-como-o-cancer-nessa-regiao-afeta-o-corpo-humano\/"},"wordCount":727,"commentCount":0,"publisher":{"@id":"https:\/\/www.grupomedcof.com.br\/blog\/#organization"},"image":{"@id":"https:\/\/www.grupomedcof.com.br\/blog\/cancer-de-cabeca-e-pescoco-saiba-como-o-cancer-nessa-regiao-afeta-o-corpo-humano\/#primaryimage"},"thumbnailUrl":"https:\/\/www.grupomedcof.com.br\/blog\/wp-content\/uploads\/2025\/01\/Blog-MedCof-58-scaled.jpg","keywords":["C\u00e2ncer","C\u00e2ncer de Cabe\u00e7a e Pesco\u00e7o","diagn\u00f3stico","tratamento"],"articleSection":["Cl\u00ednica M\u00e9dica"],"inLanguage":"pt-BR"},{"@type":"WebPage","@id":"https:\/\/www.grupomedcof.com.br\/blog\/cancer-de-cabeca-e-pescoco-saiba-como-o-cancer-nessa-regiao-afeta-o-corpo-humano\/","url":"https:\/\/www.grupomedcof.com.br\/blog\/cancer-de-cabeca-e-pescoco-saiba-como-o-cancer-nessa-regiao-afeta-o-corpo-humano\/","name":"C\u00e2ncer de Cabe\u00e7a e Pesco\u00e7o: Como Afeta o Organismo | MedCof","isPartOf":{"@id":"https:\/\/www.grupomedcof.com.br\/blog\/#website"},"primaryImageOfPage":{"@id":"https:\/\/www.grupomedcof.com.br\/blog\/cancer-de-cabeca-e-pescoco-saiba-como-o-cancer-nessa-regiao-afeta-o-corpo-humano\/#primaryimage"},"image":{"@id":"https:\/\/www.grupomedcof.com.br\/blog\/cancer-de-cabeca-e-pescoco-saiba-como-o-cancer-nessa-regiao-afeta-o-corpo-humano\/#primaryimage"},"thumbnailUrl":"https:\/\/www.grupomedcof.com.br\/blog\/wp-content\/uploads\/2025\/01\/Blog-MedCof-58-scaled.jpg","datePublished":"2025-01-13T12:33:35+00:00","dateModified":"2026-04-24T18:23:21+00:00","description":"O c\u00e2ncer de cabe\u00e7a e pesco\u00e7o abrange um conjunto diversificado de neoplasias que podem afetar \u00e1reas como a nasofaringe. Entenda!","breadcrumb":{"@id":"https:\/\/www.grupomedcof.com.br\/blog\/cancer-de-cabeca-e-pescoco-saiba-como-o-cancer-nessa-regiao-afeta-o-corpo-humano\/#breadcrumb"},"inLanguage":"pt-BR","potentialAction":[{"@type":"ReadAction","target":["https:\/\/www.grupomedcof.com.br\/blog\/cancer-de-cabeca-e-pescoco-saiba-como-o-cancer-nessa-regiao-afeta-o-corpo-humano\/"]}]},{"@type":"ImageObject","inLanguage":"pt-BR","@id":"https:\/\/www.grupomedcof.com.br\/blog\/cancer-de-cabeca-e-pescoco-saiba-como-o-cancer-nessa-regiao-afeta-o-corpo-humano\/#primaryimage","url":"https:\/\/www.grupomedcof.com.br\/blog\/wp-content\/uploads\/2025\/01\/Blog-MedCof-58-scaled.jpg","contentUrl":"https:\/\/www.grupomedcof.com.br\/blog\/wp-content\/uploads\/2025\/01\/Blog-MedCof-58-scaled.jpg","width":2560,"height":1440},{"@type":"BreadcrumbList","@id":"https:\/\/www.grupomedcof.com.br\/blog\/cancer-de-cabeca-e-pescoco-saiba-como-o-cancer-nessa-regiao-afeta-o-corpo-humano\/#breadcrumb","itemListElement":[{"@type":"ListItem","position":1,"name":"In\u00edcio","item":"https:\/\/www.grupomedcof.com.br\/blog\/"},{"@type":"ListItem","position":2,"name":"C\u00e2ncer de cabe\u00e7a e pesco\u00e7o: saiba como o c\u00e2ncer nessa regi\u00e3o afeta o corpo humano"}]},{"@type":"WebSite","@id":"https:\/\/www.grupomedcof.com.br\/blog\/#website","url":"https:\/\/www.grupomedcof.com.br\/blog\/","name":"Blog de Medcof: conte\u00fados, editais, revalida e mais!","description":"Acesso o blog de MedCof! Seu portal de conte\u00fados sobre resid\u00eancia m\u00e9dica, an\u00e1lise e editais e muito mais. Clique e confira!","publisher":{"@id":"https:\/\/www.grupomedcof.com.br\/blog\/#organization"},"alternateName":"Blog de Medcof: conte\u00fados, editais, revalida e mais!","potentialAction":[{"@type":"SearchAction","target":{"@type":"EntryPoint","urlTemplate":"https:\/\/www.grupomedcof.com.br\/blog\/?s={search_term_string}"},"query-input":{"@type":"PropertyValueSpecification","valueRequired":true,"valueName":"search_term_string"}}],"inLanguage":"pt-BR"},{"@type":"Organization","@id":"https:\/\/www.grupomedcof.com.br\/blog\/#organization","name":"Grupo MedCof","url":"https:\/\/www.grupomedcof.com.br\/blog\/","logo":{"@type":"ImageObject","inLanguage":"pt-BR","@id":"https:\/\/www.grupomedcof.com.br\/blog\/#\/schema\/logo\/image\/","url":"https:\/\/www.grupomedcof.com.br\/blog\/wp-content\/uploads\/2022\/01\/logo-medcof.png","contentUrl":"https:\/\/www.grupomedcof.com.br\/blog\/wp-content\/uploads\/2022\/01\/logo-medcof.png","width":768,"height":269,"caption":"Grupo MedCof"},"image":{"@id":"https:\/\/www.grupomedcof.com.br\/blog\/#\/schema\/logo\/image\/"},"sameAs":["https:\/\/www.facebook.com\/MedCofQbank\/","https:\/\/www.instagram.com\/grupomedcof\/","https:\/\/br.linkedin.com\/company\/medcof","https:\/\/www.youtube.com\/channel\/UCdHMuOHKICxcHwecxN8P-AA"]},{"@type":"Person","@id":"https:\/\/www.grupomedcof.com.br\/blog\/#\/schema\/person\/db19a651f86c5fc202d6eee744fd3292","name":"Kiara Adelino","image":{"@type":"ImageObject","inLanguage":"pt-BR","@id":"https:\/\/www.grupomedcof.com.br\/blog\/wp-content\/uploads\/2024\/08\/cropped-Kiara-Adelino2-96x96.jpega85663bdda67261f8f06f86e555e1e49","url":"https:\/\/www.grupomedcof.com.br\/blog\/wp-content\/uploads\/2024\/08\/cropped-Kiara-Adelino2-96x96.jpeg","contentUrl":"https:\/\/www.grupomedcof.com.br\/blog\/wp-content\/uploads\/2024\/08\/cropped-Kiara-Adelino2-96x96.jpeg","caption":"Kiara Adelino"},"description":"Estudante do 5\u00b0 semestre de Medicina. Gosto bastante de aprender coisas novas, principalmente na \u00e1rea de Neurologia e Anatomia humana.","url":"https:\/\/www.grupomedcof.com.br\/blog\/author\/kiara-adelino\/"}]}},"authors":[{"term_id":3617,"user_id":21,"is_guest":0,"slug":"kiara-adelino","display_name":"Kiara Adelino","avatar_url":"https:\/\/www.grupomedcof.com.br\/blog\/wp-content\/uploads\/2024\/08\/cropped-Kiara-Adelino2-96x96.jpeg","0":null,"1":"","2":"","3":"","4":"","5":"","6":"","7":"","8":""}],"_links":{"self":[{"href":"https:\/\/www.grupomedcof.com.br\/blog\/wp-json\/wp\/v2\/posts\/32958","targetHints":{"allow":["GET"]}}],"collection":[{"href":"https:\/\/www.grupomedcof.com.br\/blog\/wp-json\/wp\/v2\/posts"}],"about":[{"href":"https:\/\/www.grupomedcof.com.br\/blog\/wp-json\/wp\/v2\/types\/post"}],"author":[{"embeddable":true,"href":"https:\/\/www.grupomedcof.com.br\/blog\/wp-json\/wp\/v2\/users\/21"}],"replies":[{"embeddable":true,"href":"https:\/\/www.grupomedcof.com.br\/blog\/wp-json\/wp\/v2\/comments?post=32958"}],"version-history":[{"count":1,"href":"https:\/\/www.grupomedcof.com.br\/blog\/wp-json\/wp\/v2\/posts\/32958\/revisions"}],"predecessor-version":[{"id":43393,"href":"https:\/\/www.grupomedcof.com.br\/blog\/wp-json\/wp\/v2\/posts\/32958\/revisions\/43393"}],"wp:featuredmedia":[{"embeddable":true,"href":"https:\/\/www.grupomedcof.com.br\/blog\/wp-json\/wp\/v2\/media\/32959"}],"wp:attachment":[{"href":"https:\/\/www.grupomedcof.com.br\/blog\/wp-json\/wp\/v2\/media?parent=32958"}],"wp:term":[{"taxonomy":"category","embeddable":true,"href":"https:\/\/www.grupomedcof.com.br\/blog\/wp-json\/wp\/v2\/categories?post=32958"},{"taxonomy":"post_tag","embeddable":true,"href":"https:\/\/www.grupomedcof.com.br\/blog\/wp-json\/wp\/v2\/tags?post=32958"},{"taxonomy":"author","embeddable":true,"href":"https:\/\/www.grupomedcof.com.br\/blog\/wp-json\/wp\/v2\/ppma_author?post=32958"}],"curies":[{"name":"wp","href":"https:\/\/api.w.org\/{rel}","templated":true}]}}