{"id":32965,"date":"2025-01-14T07:23:45","date_gmt":"2025-01-14T10:23:45","guid":{"rendered":"https:\/\/www.grupomedcof.com.br\/blog\/?p=32965"},"modified":"2026-04-24T15:26:53","modified_gmt":"2026-04-24T18:26:53","slug":"sangramento-no-primeiro-trimestre-de-gravidez-saiba-as-possiveis-causas","status":"publish","type":"post","link":"https:\/\/www.grupomedcof.com.br\/blog\/sangramento-no-primeiro-trimestre-de-gravidez-saiba-as-possiveis-causas\/","title":{"rendered":"Sangramento no primeiro trimestre de gravidez:\u00a0Saiba as poss\u00edveis causas"},"content":{"rendered":"<div id=\"ez-toc-container\" class=\"ez-toc-v2_0_74 counter-hierarchy ez-toc-counter ez-toc-transparent ez-toc-container-direction\">\n<div class=\"ez-toc-title-container\">\n<p class=\"ez-toc-title\" style=\"cursor:inherit\">Sum\u00e1rio<\/p>\n<span class=\"ez-toc-title-toggle\"><a href=\"#\" class=\"ez-toc-pull-right ez-toc-btn ez-toc-btn-xs ez-toc-btn-default ez-toc-toggle\" aria-label=\"Alternar tabela de conte\u00fado\"><span class=\"ez-toc-js-icon-con\"><span class=\"\"><span class=\"eztoc-hide\" style=\"display:none;\">Toggle<\/span><span class=\"ez-toc-icon-toggle-span\"><svg style=\"fill: #999;color:#999\" xmlns=\"http:\/\/www.w3.org\/2000\/svg\" class=\"list-377408\" width=\"20px\" height=\"20px\" viewBox=\"0 0 24 24\" fill=\"none\"><path d=\"M6 6H4v2h2V6zm14 0H8v2h12V6zM4 11h2v2H4v-2zm16 0H8v2h12v-2zM4 16h2v2H4v-2zm16 0H8v2h12v-2z\" fill=\"currentColor\"><\/path><\/svg><svg style=\"fill: #999;color:#999\" class=\"arrow-unsorted-368013\" xmlns=\"http:\/\/www.w3.org\/2000\/svg\" width=\"10px\" height=\"10px\" viewBox=\"0 0 24 24\" version=\"1.2\" baseProfile=\"tiny\"><path d=\"M18.2 9.3l-6.2-6.3-6.2 6.3c-.2.2-.3.4-.3.7s.1.5.3.7c.2.2.4.3.7.3h11c.3 0 .5-.1.7-.3.2-.2.3-.5.3-.7s-.1-.5-.3-.7zM5.8 14.7l6.2 6.3 6.2-6.3c.2-.2.3-.5.3-.7s-.1-.5-.3-.7c-.2-.2-.4-.3-.7-.3h-11c-.3 0-.5.1-.7.3-.2.2-.3.5-.3.7s.1.5.3.7z\"\/><\/svg><\/span><\/span><\/span><\/a><\/span><\/div>\n<nav><ul class='ez-toc-list ez-toc-list-level-1 ' ><li class='ez-toc-page-1 ez-toc-heading-level-2'><a class=\"ez-toc-link ez-toc-heading-1\" href=\"https:\/\/www.grupomedcof.com.br\/blog\/sangramento-no-primeiro-trimestre-de-gravidez-saiba-as-possiveis-causas\/#Doenca_Trofoblastica_Gestacional_DTG\" >Doen\u00e7a Trofobl\u00e1stica Gestacional (DTG)<\/a><ul class='ez-toc-list-level-3' ><li class='ez-toc-heading-level-3'><a class=\"ez-toc-link ez-toc-heading-2\" href=\"https:\/\/www.grupomedcof.com.br\/blog\/sangramento-no-primeiro-trimestre-de-gravidez-saiba-as-possiveis-causas\/#Epidemiologia_e_Fatores_de_Risco\" >Epidemiologia e Fatores de Risco<\/a><\/li><li class='ez-toc-page-1 ez-toc-heading-level-3'><a class=\"ez-toc-link ez-toc-heading-3\" href=\"https:\/\/www.grupomedcof.com.br\/blog\/sangramento-no-primeiro-trimestre-de-gravidez-saiba-as-possiveis-causas\/#Quadro_Clinico\" >Quadro Cl\u00ednico<\/a><\/li><li class='ez-toc-page-1 ez-toc-heading-level-3'><a class=\"ez-toc-link ez-toc-heading-4\" href=\"https:\/\/www.grupomedcof.com.br\/blog\/sangramento-no-primeiro-trimestre-de-gravidez-saiba-as-possiveis-causas\/#Diagnostico_e_Tratamento\" >Diagn\u00f3stico e Tratamento<\/a><\/li><\/ul><\/li><li class='ez-toc-page-1 ez-toc-heading-level-2'><a class=\"ez-toc-link ez-toc-heading-5\" href=\"https:\/\/www.grupomedcof.com.br\/blog\/sangramento-no-primeiro-trimestre-de-gravidez-saiba-as-possiveis-causas\/#Gestacao_Ectopica\" >Gesta\u00e7\u00e3o Ect\u00f3pica<\/a><ul class='ez-toc-list-level-3' ><li class='ez-toc-heading-level-3'><a class=\"ez-toc-link ez-toc-heading-6\" href=\"https:\/\/www.grupomedcof.com.br\/blog\/sangramento-no-primeiro-trimestre-de-gravidez-saiba-as-possiveis-causas\/#Diagnostico_e_Tratamento-2\" >Diagn\u00f3stico e Tratamento<\/a><\/li><\/ul><\/li><li class='ez-toc-page-1 ez-toc-heading-level-2'><a class=\"ez-toc-link ez-toc-heading-7\" href=\"https:\/\/www.grupomedcof.com.br\/blog\/sangramento-no-primeiro-trimestre-de-gravidez-saiba-as-possiveis-causas\/#Abortamentos\" >Abortamentos<\/a><ul class='ez-toc-list-level-3' ><li class='ez-toc-heading-level-3'><a class=\"ez-toc-link ez-toc-heading-8\" href=\"https:\/\/www.grupomedcof.com.br\/blog\/sangramento-no-primeiro-trimestre-de-gravidez-saiba-as-possiveis-causas\/#Causas_e_Fatores_de_Risco\" >Causas e Fatores de Risco<\/a><\/li><li class='ez-toc-page-1 ez-toc-heading-level-3'><a class=\"ez-toc-link ez-toc-heading-9\" href=\"https:\/\/www.grupomedcof.com.br\/blog\/sangramento-no-primeiro-trimestre-de-gravidez-saiba-as-possiveis-causas\/#Manejo_e_Tratamento\" >Manejo e Tratamento<\/a><\/li><\/ul><\/li><li class='ez-toc-page-1 ez-toc-heading-level-2'><a class=\"ez-toc-link ez-toc-heading-10\" href=\"https:\/\/www.grupomedcof.com.br\/blog\/sangramento-no-primeiro-trimestre-de-gravidez-saiba-as-possiveis-causas\/#O_metodo_que_te_aprova\" >O m\u00e9todo que te aprova!<\/a><\/li><\/ul><\/nav><\/div>\n\n<figure class=\"wp-block-image size-large\"><img loading=\"lazy\" decoding=\"async\" width=\"1024\" height=\"576\" src=\"https:\/\/www.grupomedcof.com.br\/blog\/wp-content\/uploads\/2025\/01\/Blog-MedCof-59-1024x576.jpg\" alt=\"\" class=\"wp-image-32966\" srcset=\"https:\/\/www.grupomedcof.com.br\/blog\/wp-content\/uploads\/2025\/01\/Blog-MedCof-59-1024x576.jpg 1024w, https:\/\/www.grupomedcof.com.br\/blog\/wp-content\/uploads\/2025\/01\/Blog-MedCof-59-300x169.jpg 300w, https:\/\/www.grupomedcof.com.br\/blog\/wp-content\/uploads\/2025\/01\/Blog-MedCof-59-768x432.jpg 768w, https:\/\/www.grupomedcof.com.br\/blog\/wp-content\/uploads\/2025\/01\/Blog-MedCof-59-1536x864.jpg 1536w, https:\/\/www.grupomedcof.com.br\/blog\/wp-content\/uploads\/2025\/01\/Blog-MedCof-59-2048x1152.jpg 2048w, https:\/\/www.grupomedcof.com.br\/blog\/wp-content\/uploads\/2025\/01\/Blog-MedCof-59-747x420.jpg 747w, https:\/\/www.grupomedcof.com.br\/blog\/wp-content\/uploads\/2025\/01\/Blog-MedCof-59-150x84.jpg 150w, https:\/\/www.grupomedcof.com.br\/blog\/wp-content\/uploads\/2025\/01\/Blog-MedCof-59-696x392.jpg 696w, https:\/\/www.grupomedcof.com.br\/blog\/wp-content\/uploads\/2025\/01\/Blog-MedCof-59-1068x601.jpg 1068w, https:\/\/www.grupomedcof.com.br\/blog\/wp-content\/uploads\/2025\/01\/Blog-MedCof-59-1920x1080.jpg 1920w\" sizes=\"auto, (max-width: 1024px) 100vw, 1024px\" \/><\/figure>\n\n\n\n<p>A obstetr\u00edcia \u00e9 uma \u00e1rea m\u00e9dica complexa que lida com diversas condi\u00e7\u00f5es que podem afetar a sa\u00fade materna e fetal. Essas condi\u00e7\u00f5es, muitas vezes, se manifestam por meio de sangramentos e, se ocorrem no primeiro trimestre de gera\u00e7\u00e3o, podem nos guiar as causas deles, para que possamos orientar nosso cuidado de forma mais eficiente.Algumas das causa mais comuns s\u00e3o as doen\u00e7as trofobl\u00e1sticas gestacionais e os abortamentos, que se destacam pela sua relev\u00e2ncia cl\u00ednica e impacto na sa\u00fade reprodutiva das mulheres. Por isso, vamos explorar um pouco dessas condi\u00e7\u00f5es obst\u00e9tricas.\u00a0<\/p>\n\n\n\n<h2 class=\"wp-block-heading\" id=\"h-doenca-trofoblastica-gestacional-dtg\"><span class=\"ez-toc-section\" id=\"Doenca_Trofoblastica_Gestacional_DTG\"><\/span><strong>Doen\u00e7a Trofobl\u00e1stica Gestacional (DTG)<\/strong><span class=\"ez-toc-section-end\"><\/span><\/h2>\n\n\n\n<p>A doen\u00e7a trofobl\u00e1stica gestacional \u00e9 uma anomalia proliferativa que afeta as c\u00e9lulas do tecido trofobl\u00e1stico placent\u00e1rio. Ela \u00e9 caracterizada por uma prolifera\u00e7\u00e3o anormal das c\u00e9lulas que comp\u00f5em a placenta, resultando em uma s\u00e9rie de manifesta\u00e7\u00f5es cl\u00ednicas espec\u00edficas.<\/p>\n\n\n\n<figure class=\"wp-block-image\"><img decoding=\"async\" src=\"https:\/\/lh7-rt.googleusercontent.com\/docsz\/AD_4nXf2bECWFuB_dbUwB9hcvC-4kOsWQ6mRbGgQhsy_HC2PBOBbqrAI4CUpVrQ9JAOyA3NN_NZ8Mg4PPKn2Htj-rSfaFtrcqW4KtJVVAcCHB8gYmt1ZZy14lgklJrUjEyW0RolIYwoaFw?key=L2wlRRpR79A7Abfa7PBRANSV\" alt=\"\"\/><figcaption class=\"wp-element-caption\">USG com imagens de ves\u00edculas. Fonte: LIMA, L. DE L. A. et al. Correla\u00e7\u00f5es cl\u00ednico radiol\u00f3gicas em pacientes com doen\u00e7a trofobl\u00e1stica gestacional. Radiologia Brasileira, v. 49, n. 4, p. 241\u2013250, 2016.<\/figcaption><\/figure>\n\n\n\n<h3 class=\"wp-block-heading\" id=\"h-epidemiologia-e-fatores-de-risco\"><span class=\"ez-toc-section\" id=\"Epidemiologia_e_Fatores_de_Risco\"><\/span><strong>Epidemiologia e Fatores de Risco<\/strong><span class=\"ez-toc-section-end\"><\/span><\/h3>\n\n\n\n<p>A DTG ocorre em aproximadamente 1 a cada 200-400 gesta\u00e7\u00f5es. Os principais fatores de risco incluem idade materna avan\u00e7ada e hist\u00f3rico pr\u00e9vio de doen\u00e7a trofobl\u00e1stica gestacional. O marcador tumoral caracter\u00edstico dessa condi\u00e7\u00e3o \u00e9 o beta-hCG, que se apresenta persistentemente elevado.<\/p>\n\n\n\n<h3 class=\"wp-block-heading\" id=\"h-quadro-clinico\"><span class=\"ez-toc-section\" id=\"Quadro_Clinico\"><\/span><strong>Quadro Cl\u00ednico<\/strong><span class=\"ez-toc-section-end\"><\/span><\/h3>\n\n\n\n<p>Os sinais cl\u00ednicos incluem sangramento vaginal e um \u00fatero maior do que o esperado para a idade gestacional. Outras manifesta\u00e7\u00f5es podem incluir cistos tecalute\u00ednicos, n\u00e1useas, v\u00f4mitos, hipertireoidismo, pr\u00e9-ecl\u00e2mpsia precoce e ves\u00edculas hidr\u00f3picas vaginais.<\/p>\n\n\n\n<figure class=\"wp-block-image\"><img decoding=\"async\" src=\"https:\/\/lh7-rt.googleusercontent.com\/docsz\/AD_4nXf39I8_KEBfhnQsZVi4pogvKwoVtv3YiJuiB5mBlcdUJ_q7pQOlsdVhU3f21EF-Vht48e0qxcMR0VPqczUuGuDVMUe5DmwZCbvb0lDD3759J1xKTobXPS02KEK9X_VRBd7Zj2mESg?key=L2wlRRpR79A7Abfa7PBRANSV\" alt=\"\"\/><figcaption class=\"wp-element-caption\">Ultrassonografia transvaginal realizada em uma paciente com sangramento na 14\u00aa semana de gesta\u00e7\u00e3o. Exame mostrando \u00fatero aumentado de tamanho, com a cavidade endometrial preenchida por material amorfo, com m\u00faltiplas \u00e1reas anecog\u00eanicas, sugerindo mola hidatiforme completa. Notar aus\u00eancia de produto embrion\u00e1rio e seus anexos. Na an\u00e1lise dopplerfluxom\u00e9trica pode-se observar que n\u00e3o h\u00e1 fluxo vascular entre as ves\u00edculas, salientando sua caracter\u00edstica avascular.<br>Fonte: LIMA, L. DE L. A. et al. Correla\u00e7\u00f5es clinicorradiol\u00f3gicas em pacientes com doen\u00e7a trofobl\u00e1stica gestacional. Radiologia Brasileira<\/figcaption><\/figure>\n\n\n\n<h3 class=\"wp-block-heading\" id=\"h-diagnostico-e-tratamento\"><span class=\"ez-toc-section\" id=\"Diagnostico_e_Tratamento\"><\/span><strong>Diagn\u00f3stico e Tratamento<\/strong><span class=\"ez-toc-section-end\"><\/span><\/h3>\n\n\n\n<p>O diagn\u00f3stico \u00e9 baseado na eleva\u00e7\u00e3o dos n\u00edveis de beta-hCG e na presen\u00e7a de sinais cl\u00ednicos caracter\u00edsticos. O tratamento principal \u00e9 o esvaziamento uterino, seguido de monitoramento rigoroso dos n\u00edveis de beta-hCG para detectar poss\u00edveis maligniza\u00e7\u00f5es.<\/p>\n\n\n\n<h2 class=\"wp-block-heading\" id=\"h-gestacao-ectopica\"><span class=\"ez-toc-section\" id=\"Gestacao_Ectopica\"><\/span><strong>Gesta\u00e7\u00e3o Ect\u00f3pica<\/strong><span class=\"ez-toc-section-end\"><\/span><\/h2>\n\n\n\n<p>A gesta\u00e7\u00e3o ect\u00f3pica ocorre quando o embri\u00e3o se implanta fora da cavidade uterina, mais comumente nas trompas de Fal\u00f3pio. Os fatores de risco incluem hist\u00f3rico de gravidez ect\u00f3pica, doen\u00e7a inflamat\u00f3ria p\u00e9lvica, cirurgias tub\u00e1rias, entre outros.<\/p>\n\n\n\n<figure class=\"wp-block-image\"><img decoding=\"async\" src=\"https:\/\/lh7-rt.googleusercontent.com\/docsz\/AD_4nXdEKcDKi06BT3TWTncp118JFoH0hMLMkIksq64glc8_1NmruUW9X51IWoBIvLOxo0QedV6EKa-4wClHCQE7CS9FEvtqQ6InJP3w6TaqO1rcT1d3XapWhizNbOX2hAF0JM9eXcUXrA?key=L2wlRRpR79A7Abfa7PBRANSV\" alt=\"\"\/><figcaption class=\"wp-element-caption\">USG com imagem de saco anecog\u00eanico rodeado por anel hiperecog\u00eanico (seta). Fonte: Ultrassom &#8211; emerg\u00eancias em ginecologia e obstetr\u00edcia. Dispon\u00edvel em: &lt;https:\/\/pt.slideshare.net\/FernandaHiebraGonalv\/ultrassom-emergncias-em-ginecologia-e-obstetrcia>.<\/figcaption><\/figure>\n\n\n\n<h3 class=\"wp-block-heading\" id=\"h-diagnostico-e-tratamento-0\"><span class=\"ez-toc-section\" id=\"Diagnostico_e_Tratamento-2\"><\/span><strong>Diagn\u00f3stico e Tratamento<\/strong><span class=\"ez-toc-section-end\"><\/span><\/h3>\n\n\n\n<p>O diagn\u00f3stico \u00e9 confirmado com base nos n\u00edveis de beta-hCG e exames de imagem, como ultrassom. Normalmente temos 3 sinais que levam a suspeita dessa condi\u00e7\u00e3o: Dor, Atraso Menstrual e Sangramento Vaginal.&nbsp;<\/p>\n\n\n\n<p>Um lembrete importante: gesta\u00e7\u00e3o ect\u00f3pica <strong>n\u00e3o <\/strong>\u00e9 sin\u00f4nimo de gesta\u00e7\u00e3o tub\u00e1ria!<\/p>\n\n\n\n<p>Quanto mais precocemente obtivermos o diagn\u00f3stico, menos m\u00f3rbido \u00e9 o tratamento, que pode ser expectante, medicamentoso (com metotrexato) ou cir\u00fargico, dependendo do est\u00e1gio da gesta\u00e7\u00e3o e das condi\u00e7\u00f5es cl\u00ednicas da paciente.<\/p>\n\n\n\n<h2 class=\"wp-block-heading\" id=\"h-abortamentos\"><span class=\"ez-toc-section\" id=\"Abortamentos\"><\/span><strong>Abortamentos<\/strong><span class=\"ez-toc-section-end\"><\/span><\/h2>\n\n\n\n<p>Os abortamentos s\u00e3o definidos como a interrup\u00e7\u00e3o da gesta\u00e7\u00e3o antes de 20-22 semanas ou quando o feto pesa menos de 500 gramas. Eles s\u00e3o classificados em diferentes tipos, cada um com suas caracter\u00edsticas e abordagens de manejo.<\/p>\n\n\n\n<ul class=\"wp-block-list\">\n<li>Tipos de Abortamento<\/li>\n<\/ul>\n\n\n\n<ol class=\"wp-block-list\">\n<li>Amea\u00e7a de Abortamento: Caracterizado por sangramento vaginal com colo uterino fechado. O ultrassom pode mostrar um saco gestacional com ou sem embri\u00e3o.<\/li>\n\n\n\n<li>Abortamento Retido: Ocorre quando o embri\u00e3o ou feto est\u00e1 morto, mas os produtos da concep\u00e7\u00e3o n\u00e3o foram expelidos.<\/li>\n\n\n\n<li>Abortamento Incompleto: Parte dos produtos da concep\u00e7\u00e3o s\u00e3o expulsos, mas parte permanece no \u00fatero, resultando em sangramento e colo uterino aberto.<\/li>\n\n\n\n<li>Abortamento Completo: Todos os produtos da concep\u00e7\u00e3o s\u00e3o expulsos, o sangramento diminui e o colo uterino se fecha.<\/li>\n\n\n\n<li>Abortamento Infectado: Qualquer tipo de abortamento associado a infec\u00e7\u00e3o, requerendo esvaziamento uterino e antibioticoterapia.<\/li>\n<\/ol>\n\n\n\n<h3 class=\"wp-block-heading\" id=\"h-causas-e-fatores-de-risco\"><span class=\"ez-toc-section\" id=\"Causas_e_Fatores_de_Risco\"><\/span><strong>Causas e Fatores de Risco<\/strong><span class=\"ez-toc-section-end\"><\/span><\/h3>\n\n\n\n<p>As causas de abortamento s\u00e3o variadas e incluem anomalias cromoss\u00f4micas, fatores anat\u00f4micos, sist\u00eamicos\/metab\u00f3licos, e h\u00e1bitos de vida como tabagismo e uso de \u00e1lcool ou drogas. As anomalias cromoss\u00f4micas s\u00e3o respons\u00e1veis por cerca de 70% dos abortamentos.<\/p>\n\n\n\n<h3 class=\"wp-block-heading\" id=\"h-manejo-e-tratamento\"><span class=\"ez-toc-section\" id=\"Manejo_e_Tratamento\"><\/span><strong>Manejo e Tratamento<\/strong><span class=\"ez-toc-section-end\"><\/span><\/h3>\n\n\n\n<p>O manejo dos abortamentos depende do tipo e das condi\u00e7\u00f5es cl\u00ednicas da paciente. Na amea\u00e7a de abortamento, a vigil\u00e2ncia cl\u00ednica \u00e9 essencial. No caso de abortamento retido, pode-se optar por conduta expectante ou ativa, com uso de medicamentos como misoprostol ou procedimentos como a curetagem.<\/p>\n\n\n\n<h2 class=\"wp-block-heading\" id=\"o-m\u00e9todo-que-te-aprova\"><span class=\"ez-toc-section\" id=\"O_metodo_que_te_aprova\"><\/span><strong>O m\u00e9todo que te aprova!<\/strong><span class=\"ez-toc-section-end\"><\/span><\/h2>\n\n\n\n<p>Quer alcan\u00e7ar a aprova\u00e7\u00e3o nas provas de resid\u00eancia m\u00e9dica? Ent\u00e3o seja um&nbsp;<a href=\"https:\/\/www.grupomedcof.com.br\/home\/\" target=\"_blank\" rel=\"noreferrer noopener\">MedCoffer<\/a>! Aqui te ajudaremos na busca da aprova\u00e7\u00e3o com conte\u00fados de qualidade e uma&nbsp;<a href=\"https:\/\/www.grupomedcof.com.br\/blog\/presenca-da-medcof-nas-aprovacoes-em-residencia-medica-no-brasil\/\" target=\"_blank\" rel=\"noreferrer noopener\">metodologia que j\u00e1 aprovou mais de 10 mil residentes no pa\u00eds!&nbsp;<\/a>Por fim, acesse o nosso<a href=\"https:\/\/www.youtube.com\/@GrupoMedcof\/featured\" target=\"_blank\" rel=\"noreferrer noopener\">&nbsp;<strong>canal do youtube&nbsp;<\/strong><\/a>para ver o nosso material.<\/p>\n\n\n\n<figure class=\"wp-block-embed is-type-video is-provider-youtube wp-block-embed-youtube wp-embed-aspect-16-9 wp-has-aspect-ratio\"><div class=\"wp-block-embed__wrapper\">\n<div class=\"youtube-embed\" data-video_id=\"2PwXUaXqYQA\"><iframe loading=\"lazy\" title=\"Sangramentos da 1\u00aa metade da gesta\u00e7\u00e3o com a Dra. Alice Maganin - Semana HIIT - Obstetr\u00edcia\" width=\"696\" height=\"392\" src=\"https:\/\/www.youtube.com\/embed\/2PwXUaXqYQA?feature=oembed&#038;enablejsapi=1\" frameborder=\"0\" allow=\"accelerometer; autoplay; clipboard-write; encrypted-media; gyroscope; picture-in-picture; web-share\" referrerpolicy=\"strict-origin-when-cross-origin\" allowfullscreen><\/iframe><\/div>\n<\/div><\/figure>\n","protected":false},"excerpt":{"rendered":"<p>Confira as poss\u00edveis causas de sangramentos no primeiro trimestre da gravidez, como os abortamentos e a DTG!<\/p>\n","protected":false},"author":21,"featured_media":32966,"comment_status":"open","ping_status":"open","sticky":false,"template":"","format":"standard","meta":{"footnotes":""},"categories":[125],"tags":[2462,2463,1523,1521],"ppma_author":[3617],"class_list":{"0":"post-32965","1":"post","2":"type-post","3":"status-publish","4":"format-standard","5":"has-post-thumbnail","7":"category-ginecologia-e-obstetricia","8":"tag-abortamento","9":"tag-doenca-trofoblastica-gestacional","10":"tag-gestacao-ectopica","11":"tag-sangramentos-na-gravidez"},"yoast_head":"<!-- This site is optimized with the Yoast SEO Premium plugin v24.3 (Yoast SEO v27.5) - https:\/\/yoast.com\/product\/yoast-seo-premium-wordpress\/ -->\n<title>Sangramento no 1\u00ba Trimestre de Gravidez: Causas e Sinais | Medcof<\/title>\n<meta name=\"description\" content=\"Confira as poss\u00edveis causas de sangramentos no primeiro trimestre da gravidez, como os abortamentos e a DTG!\" \/>\n<meta name=\"robots\" content=\"index, follow, max-snippet:-1, max-image-preview:large, max-video-preview:-1\" \/>\n<link rel=\"canonical\" href=\"https:\/\/www.grupomedcof.com.br\/blog\/sangramento-no-primeiro-trimestre-de-gravidez-saiba-as-possiveis-causas\/\" \/>\n<meta property=\"og:locale\" content=\"pt_BR\" \/>\n<meta property=\"og:type\" content=\"article\" \/>\n<meta property=\"og:title\" content=\"Sangramento no primeiro trimestre de gravidez:\u00a0Saiba as poss\u00edveis causas\" \/>\n<meta property=\"og:description\" content=\"Confira as poss\u00edveis causas de sangramentos no primeiro trimestre da gravidez, como os abortamentos e a DTG!\" \/>\n<meta property=\"og:url\" content=\"https:\/\/www.grupomedcof.com.br\/blog\/sangramento-no-primeiro-trimestre-de-gravidez-saiba-as-possiveis-causas\/\" \/>\n<meta property=\"og:site_name\" content=\"Blog de Medcof: conte\u00fados, editais, revalida e mais!\" \/>\n<meta property=\"article:publisher\" content=\"https:\/\/www.facebook.com\/MedCofQbank\/\" \/>\n<meta property=\"article:published_time\" content=\"2025-01-14T10:23:45+00:00\" \/>\n<meta property=\"article:modified_time\" content=\"2026-04-24T18:26:53+00:00\" \/>\n<meta property=\"og:image\" content=\"https:\/\/www.grupomedcof.com.br\/blog\/wp-content\/uploads\/2025\/01\/Blog-MedCof-59-scaled.jpg\" \/>\n\t<meta property=\"og:image:width\" content=\"2560\" \/>\n\t<meta property=\"og:image:height\" content=\"1440\" \/>\n\t<meta property=\"og:image:type\" content=\"image\/jpeg\" \/>\n<meta name=\"author\" content=\"Kiara Adelino\" \/>\n<meta name=\"twitter:card\" content=\"summary_large_image\" \/>\n<meta name=\"twitter:label1\" content=\"Escrito por\" \/>\n\t<meta name=\"twitter:data1\" content=\"Kiara Adelino\" \/>\n\t<meta name=\"twitter:label2\" content=\"Est. tempo de leitura\" \/>\n\t<meta name=\"twitter:data2\" content=\"6 minutos\" \/>\n<script type=\"application\/ld+json\" class=\"yoast-schema-graph\">{\"@context\":\"https:\\\/\\\/schema.org\",\"@graph\":[{\"@type\":\"Article\",\"@id\":\"https:\\\/\\\/www.grupomedcof.com.br\\\/blog\\\/sangramento-no-primeiro-trimestre-de-gravidez-saiba-as-possiveis-causas\\\/#article\",\"isPartOf\":{\"@id\":\"https:\\\/\\\/www.grupomedcof.com.br\\\/blog\\\/sangramento-no-primeiro-trimestre-de-gravidez-saiba-as-possiveis-causas\\\/\"},\"author\":{\"name\":\"Kiara Adelino\",\"@id\":\"https:\\\/\\\/www.grupomedcof.com.br\\\/blog\\\/#\\\/schema\\\/person\\\/db19a651f86c5fc202d6eee744fd3292\"},\"headline\":\"Sangramento no primeiro trimestre de gravidez:\u00a0Saiba as poss\u00edveis causas\",\"datePublished\":\"2025-01-14T10:23:45+00:00\",\"dateModified\":\"2026-04-24T18:26:53+00:00\",\"mainEntityOfPage\":{\"@id\":\"https:\\\/\\\/www.grupomedcof.com.br\\\/blog\\\/sangramento-no-primeiro-trimestre-de-gravidez-saiba-as-possiveis-causas\\\/\"},\"wordCount\":932,\"commentCount\":0,\"publisher\":{\"@id\":\"https:\\\/\\\/www.grupomedcof.com.br\\\/blog\\\/#organization\"},\"image\":{\"@id\":\"https:\\\/\\\/www.grupomedcof.com.br\\\/blog\\\/sangramento-no-primeiro-trimestre-de-gravidez-saiba-as-possiveis-causas\\\/#primaryimage\"},\"thumbnailUrl\":\"https:\\\/\\\/www.grupomedcof.com.br\\\/blog\\\/wp-content\\\/uploads\\\/2025\\\/01\\\/Blog-MedCof-59-scaled.jpg\",\"keywords\":[\"Abortamento\",\"Doen\u00e7a Trofobl\u00e1stica Gestacional\",\"Gesta\u00e7\u00e3o Ect\u00f3pica\",\"Sangramentos na gravidez\"],\"articleSection\":[\"Ginecologia e Obstetr\u00edcia\"],\"inLanguage\":\"pt-BR\"},{\"@type\":\"WebPage\",\"@id\":\"https:\\\/\\\/www.grupomedcof.com.br\\\/blog\\\/sangramento-no-primeiro-trimestre-de-gravidez-saiba-as-possiveis-causas\\\/\",\"url\":\"https:\\\/\\\/www.grupomedcof.com.br\\\/blog\\\/sangramento-no-primeiro-trimestre-de-gravidez-saiba-as-possiveis-causas\\\/\",\"name\":\"Sangramento no 1\u00ba Trimestre de Gravidez: Causas e Sinais | Medcof\",\"isPartOf\":{\"@id\":\"https:\\\/\\\/www.grupomedcof.com.br\\\/blog\\\/#website\"},\"primaryImageOfPage\":{\"@id\":\"https:\\\/\\\/www.grupomedcof.com.br\\\/blog\\\/sangramento-no-primeiro-trimestre-de-gravidez-saiba-as-possiveis-causas\\\/#primaryimage\"},\"image\":{\"@id\":\"https:\\\/\\\/www.grupomedcof.com.br\\\/blog\\\/sangramento-no-primeiro-trimestre-de-gravidez-saiba-as-possiveis-causas\\\/#primaryimage\"},\"thumbnailUrl\":\"https:\\\/\\\/www.grupomedcof.com.br\\\/blog\\\/wp-content\\\/uploads\\\/2025\\\/01\\\/Blog-MedCof-59-scaled.jpg\",\"datePublished\":\"2025-01-14T10:23:45+00:00\",\"dateModified\":\"2026-04-24T18:26:53+00:00\",\"description\":\"Confira as poss\u00edveis causas de sangramentos no primeiro trimestre da gravidez, como os abortamentos e a DTG!\",\"breadcrumb\":{\"@id\":\"https:\\\/\\\/www.grupomedcof.com.br\\\/blog\\\/sangramento-no-primeiro-trimestre-de-gravidez-saiba-as-possiveis-causas\\\/#breadcrumb\"},\"inLanguage\":\"pt-BR\",\"potentialAction\":[{\"@type\":\"ReadAction\",\"target\":[\"https:\\\/\\\/www.grupomedcof.com.br\\\/blog\\\/sangramento-no-primeiro-trimestre-de-gravidez-saiba-as-possiveis-causas\\\/\"]}]},{\"@type\":\"ImageObject\",\"inLanguage\":\"pt-BR\",\"@id\":\"https:\\\/\\\/www.grupomedcof.com.br\\\/blog\\\/sangramento-no-primeiro-trimestre-de-gravidez-saiba-as-possiveis-causas\\\/#primaryimage\",\"url\":\"https:\\\/\\\/www.grupomedcof.com.br\\\/blog\\\/wp-content\\\/uploads\\\/2025\\\/01\\\/Blog-MedCof-59-scaled.jpg\",\"contentUrl\":\"https:\\\/\\\/www.grupomedcof.com.br\\\/blog\\\/wp-content\\\/uploads\\\/2025\\\/01\\\/Blog-MedCof-59-scaled.jpg\",\"width\":2560,\"height\":1440},{\"@type\":\"BreadcrumbList\",\"@id\":\"https:\\\/\\\/www.grupomedcof.com.br\\\/blog\\\/sangramento-no-primeiro-trimestre-de-gravidez-saiba-as-possiveis-causas\\\/#breadcrumb\",\"itemListElement\":[{\"@type\":\"ListItem\",\"position\":1,\"name\":\"In\u00edcio\",\"item\":\"https:\\\/\\\/www.grupomedcof.com.br\\\/blog\\\/\"},{\"@type\":\"ListItem\",\"position\":2,\"name\":\"Sangramento no primeiro trimestre de gravidez:\u00a0Saiba as poss\u00edveis causas\"}]},{\"@type\":\"WebSite\",\"@id\":\"https:\\\/\\\/www.grupomedcof.com.br\\\/blog\\\/#website\",\"url\":\"https:\\\/\\\/www.grupomedcof.com.br\\\/blog\\\/\",\"name\":\"Blog de Medcof: conte\u00fados, editais, revalida e mais!\",\"description\":\"Acesso o blog de MedCof! Seu portal de conte\u00fados sobre resid\u00eancia m\u00e9dica, an\u00e1lise e editais e muito mais. Clique e confira!\",\"publisher\":{\"@id\":\"https:\\\/\\\/www.grupomedcof.com.br\\\/blog\\\/#organization\"},\"alternateName\":\"Blog de Medcof: conte\u00fados, editais, revalida e mais!\",\"potentialAction\":[{\"@type\":\"SearchAction\",\"target\":{\"@type\":\"EntryPoint\",\"urlTemplate\":\"https:\\\/\\\/www.grupomedcof.com.br\\\/blog\\\/?s={search_term_string}\"},\"query-input\":{\"@type\":\"PropertyValueSpecification\",\"valueRequired\":true,\"valueName\":\"search_term_string\"}}],\"inLanguage\":\"pt-BR\"},{\"@type\":\"Organization\",\"@id\":\"https:\\\/\\\/www.grupomedcof.com.br\\\/blog\\\/#organization\",\"name\":\"Grupo MedCof\",\"url\":\"https:\\\/\\\/www.grupomedcof.com.br\\\/blog\\\/\",\"logo\":{\"@type\":\"ImageObject\",\"inLanguage\":\"pt-BR\",\"@id\":\"https:\\\/\\\/www.grupomedcof.com.br\\\/blog\\\/#\\\/schema\\\/logo\\\/image\\\/\",\"url\":\"https:\\\/\\\/www.grupomedcof.com.br\\\/blog\\\/wp-content\\\/uploads\\\/2022\\\/01\\\/logo-medcof.png\",\"contentUrl\":\"https:\\\/\\\/www.grupomedcof.com.br\\\/blog\\\/wp-content\\\/uploads\\\/2022\\\/01\\\/logo-medcof.png\",\"width\":768,\"height\":269,\"caption\":\"Grupo MedCof\"},\"image\":{\"@id\":\"https:\\\/\\\/www.grupomedcof.com.br\\\/blog\\\/#\\\/schema\\\/logo\\\/image\\\/\"},\"sameAs\":[\"https:\\\/\\\/www.facebook.com\\\/MedCofQbank\\\/\",\"https:\\\/\\\/www.instagram.com\\\/grupomedcof\\\/\",\"https:\\\/\\\/br.linkedin.com\\\/company\\\/medcof\",\"https:\\\/\\\/www.youtube.com\\\/channel\\\/UCdHMuOHKICxcHwecxN8P-AA\"]},{\"@type\":\"Person\",\"@id\":\"https:\\\/\\\/www.grupomedcof.com.br\\\/blog\\\/#\\\/schema\\\/person\\\/db19a651f86c5fc202d6eee744fd3292\",\"name\":\"Kiara Adelino\",\"image\":{\"@type\":\"ImageObject\",\"inLanguage\":\"pt-BR\",\"@id\":\"https:\\\/\\\/www.grupomedcof.com.br\\\/blog\\\/wp-content\\\/uploads\\\/2024\\\/08\\\/cropped-Kiara-Adelino2-96x96.jpega85663bdda67261f8f06f86e555e1e49\",\"url\":\"https:\\\/\\\/www.grupomedcof.com.br\\\/blog\\\/wp-content\\\/uploads\\\/2024\\\/08\\\/cropped-Kiara-Adelino2-96x96.jpeg\",\"contentUrl\":\"https:\\\/\\\/www.grupomedcof.com.br\\\/blog\\\/wp-content\\\/uploads\\\/2024\\\/08\\\/cropped-Kiara-Adelino2-96x96.jpeg\",\"caption\":\"Kiara Adelino\"},\"description\":\"Estudante do 5\u00b0 semestre de Medicina. Gosto bastante de aprender coisas novas, principalmente na \u00e1rea de Neurologia e Anatomia humana.\",\"url\":\"https:\\\/\\\/www.grupomedcof.com.br\\\/blog\\\/author\\\/kiara-adelino\\\/\"}]}<\/script>\n<!-- \/ Yoast SEO Premium plugin. -->","yoast_head_json":{"title":"Sangramento no 1\u00ba Trimestre de Gravidez: Causas e Sinais | Medcof","description":"Confira as poss\u00edveis causas de sangramentos no primeiro trimestre da gravidez, como os abortamentos e a DTG!","robots":{"index":"index","follow":"follow","max-snippet":"max-snippet:-1","max-image-preview":"max-image-preview:large","max-video-preview":"max-video-preview:-1"},"canonical":"https:\/\/www.grupomedcof.com.br\/blog\/sangramento-no-primeiro-trimestre-de-gravidez-saiba-as-possiveis-causas\/","og_locale":"pt_BR","og_type":"article","og_title":"Sangramento no primeiro trimestre de gravidez:\u00a0Saiba as poss\u00edveis causas","og_description":"Confira as poss\u00edveis causas de sangramentos no primeiro trimestre da gravidez, como os abortamentos e a DTG!","og_url":"https:\/\/www.grupomedcof.com.br\/blog\/sangramento-no-primeiro-trimestre-de-gravidez-saiba-as-possiveis-causas\/","og_site_name":"Blog de Medcof: conte\u00fados, editais, revalida e mais!","article_publisher":"https:\/\/www.facebook.com\/MedCofQbank\/","article_published_time":"2025-01-14T10:23:45+00:00","article_modified_time":"2026-04-24T18:26:53+00:00","og_image":[{"width":2560,"height":1440,"url":"https:\/\/www.grupomedcof.com.br\/blog\/wp-content\/uploads\/2025\/01\/Blog-MedCof-59-scaled.jpg","type":"image\/jpeg"}],"author":"Kiara Adelino","twitter_card":"summary_large_image","twitter_misc":{"Escrito por":"Kiara Adelino","Est. tempo de leitura":"6 minutos"},"schema":{"@context":"https:\/\/schema.org","@graph":[{"@type":"Article","@id":"https:\/\/www.grupomedcof.com.br\/blog\/sangramento-no-primeiro-trimestre-de-gravidez-saiba-as-possiveis-causas\/#article","isPartOf":{"@id":"https:\/\/www.grupomedcof.com.br\/blog\/sangramento-no-primeiro-trimestre-de-gravidez-saiba-as-possiveis-causas\/"},"author":{"name":"Kiara Adelino","@id":"https:\/\/www.grupomedcof.com.br\/blog\/#\/schema\/person\/db19a651f86c5fc202d6eee744fd3292"},"headline":"Sangramento no primeiro trimestre de gravidez:\u00a0Saiba as poss\u00edveis causas","datePublished":"2025-01-14T10:23:45+00:00","dateModified":"2026-04-24T18:26:53+00:00","mainEntityOfPage":{"@id":"https:\/\/www.grupomedcof.com.br\/blog\/sangramento-no-primeiro-trimestre-de-gravidez-saiba-as-possiveis-causas\/"},"wordCount":932,"commentCount":0,"publisher":{"@id":"https:\/\/www.grupomedcof.com.br\/blog\/#organization"},"image":{"@id":"https:\/\/www.grupomedcof.com.br\/blog\/sangramento-no-primeiro-trimestre-de-gravidez-saiba-as-possiveis-causas\/#primaryimage"},"thumbnailUrl":"https:\/\/www.grupomedcof.com.br\/blog\/wp-content\/uploads\/2025\/01\/Blog-MedCof-59-scaled.jpg","keywords":["Abortamento","Doen\u00e7a Trofobl\u00e1stica Gestacional","Gesta\u00e7\u00e3o Ect\u00f3pica","Sangramentos na gravidez"],"articleSection":["Ginecologia e Obstetr\u00edcia"],"inLanguage":"pt-BR"},{"@type":"WebPage","@id":"https:\/\/www.grupomedcof.com.br\/blog\/sangramento-no-primeiro-trimestre-de-gravidez-saiba-as-possiveis-causas\/","url":"https:\/\/www.grupomedcof.com.br\/blog\/sangramento-no-primeiro-trimestre-de-gravidez-saiba-as-possiveis-causas\/","name":"Sangramento no 1\u00ba Trimestre de Gravidez: Causas e Sinais | Medcof","isPartOf":{"@id":"https:\/\/www.grupomedcof.com.br\/blog\/#website"},"primaryImageOfPage":{"@id":"https:\/\/www.grupomedcof.com.br\/blog\/sangramento-no-primeiro-trimestre-de-gravidez-saiba-as-possiveis-causas\/#primaryimage"},"image":{"@id":"https:\/\/www.grupomedcof.com.br\/blog\/sangramento-no-primeiro-trimestre-de-gravidez-saiba-as-possiveis-causas\/#primaryimage"},"thumbnailUrl":"https:\/\/www.grupomedcof.com.br\/blog\/wp-content\/uploads\/2025\/01\/Blog-MedCof-59-scaled.jpg","datePublished":"2025-01-14T10:23:45+00:00","dateModified":"2026-04-24T18:26:53+00:00","description":"Confira as poss\u00edveis causas de sangramentos no primeiro trimestre da gravidez, como os abortamentos e a DTG!","breadcrumb":{"@id":"https:\/\/www.grupomedcof.com.br\/blog\/sangramento-no-primeiro-trimestre-de-gravidez-saiba-as-possiveis-causas\/#breadcrumb"},"inLanguage":"pt-BR","potentialAction":[{"@type":"ReadAction","target":["https:\/\/www.grupomedcof.com.br\/blog\/sangramento-no-primeiro-trimestre-de-gravidez-saiba-as-possiveis-causas\/"]}]},{"@type":"ImageObject","inLanguage":"pt-BR","@id":"https:\/\/www.grupomedcof.com.br\/blog\/sangramento-no-primeiro-trimestre-de-gravidez-saiba-as-possiveis-causas\/#primaryimage","url":"https:\/\/www.grupomedcof.com.br\/blog\/wp-content\/uploads\/2025\/01\/Blog-MedCof-59-scaled.jpg","contentUrl":"https:\/\/www.grupomedcof.com.br\/blog\/wp-content\/uploads\/2025\/01\/Blog-MedCof-59-scaled.jpg","width":2560,"height":1440},{"@type":"BreadcrumbList","@id":"https:\/\/www.grupomedcof.com.br\/blog\/sangramento-no-primeiro-trimestre-de-gravidez-saiba-as-possiveis-causas\/#breadcrumb","itemListElement":[{"@type":"ListItem","position":1,"name":"In\u00edcio","item":"https:\/\/www.grupomedcof.com.br\/blog\/"},{"@type":"ListItem","position":2,"name":"Sangramento no primeiro trimestre de gravidez:\u00a0Saiba as poss\u00edveis causas"}]},{"@type":"WebSite","@id":"https:\/\/www.grupomedcof.com.br\/blog\/#website","url":"https:\/\/www.grupomedcof.com.br\/blog\/","name":"Blog de Medcof: conte\u00fados, editais, revalida e mais!","description":"Acesso o blog de MedCof! Seu portal de conte\u00fados sobre resid\u00eancia m\u00e9dica, an\u00e1lise e editais e muito mais. Clique e confira!","publisher":{"@id":"https:\/\/www.grupomedcof.com.br\/blog\/#organization"},"alternateName":"Blog de Medcof: conte\u00fados, editais, revalida e mais!","potentialAction":[{"@type":"SearchAction","target":{"@type":"EntryPoint","urlTemplate":"https:\/\/www.grupomedcof.com.br\/blog\/?s={search_term_string}"},"query-input":{"@type":"PropertyValueSpecification","valueRequired":true,"valueName":"search_term_string"}}],"inLanguage":"pt-BR"},{"@type":"Organization","@id":"https:\/\/www.grupomedcof.com.br\/blog\/#organization","name":"Grupo MedCof","url":"https:\/\/www.grupomedcof.com.br\/blog\/","logo":{"@type":"ImageObject","inLanguage":"pt-BR","@id":"https:\/\/www.grupomedcof.com.br\/blog\/#\/schema\/logo\/image\/","url":"https:\/\/www.grupomedcof.com.br\/blog\/wp-content\/uploads\/2022\/01\/logo-medcof.png","contentUrl":"https:\/\/www.grupomedcof.com.br\/blog\/wp-content\/uploads\/2022\/01\/logo-medcof.png","width":768,"height":269,"caption":"Grupo MedCof"},"image":{"@id":"https:\/\/www.grupomedcof.com.br\/blog\/#\/schema\/logo\/image\/"},"sameAs":["https:\/\/www.facebook.com\/MedCofQbank\/","https:\/\/www.instagram.com\/grupomedcof\/","https:\/\/br.linkedin.com\/company\/medcof","https:\/\/www.youtube.com\/channel\/UCdHMuOHKICxcHwecxN8P-AA"]},{"@type":"Person","@id":"https:\/\/www.grupomedcof.com.br\/blog\/#\/schema\/person\/db19a651f86c5fc202d6eee744fd3292","name":"Kiara Adelino","image":{"@type":"ImageObject","inLanguage":"pt-BR","@id":"https:\/\/www.grupomedcof.com.br\/blog\/wp-content\/uploads\/2024\/08\/cropped-Kiara-Adelino2-96x96.jpega85663bdda67261f8f06f86e555e1e49","url":"https:\/\/www.grupomedcof.com.br\/blog\/wp-content\/uploads\/2024\/08\/cropped-Kiara-Adelino2-96x96.jpeg","contentUrl":"https:\/\/www.grupomedcof.com.br\/blog\/wp-content\/uploads\/2024\/08\/cropped-Kiara-Adelino2-96x96.jpeg","caption":"Kiara Adelino"},"description":"Estudante do 5\u00b0 semestre de Medicina. Gosto bastante de aprender coisas novas, principalmente na \u00e1rea de Neurologia e Anatomia humana.","url":"https:\/\/www.grupomedcof.com.br\/blog\/author\/kiara-adelino\/"}]}},"authors":[{"term_id":3617,"user_id":21,"is_guest":0,"slug":"kiara-adelino","display_name":"Kiara Adelino","avatar_url":"https:\/\/www.grupomedcof.com.br\/blog\/wp-content\/uploads\/2024\/08\/cropped-Kiara-Adelino2-96x96.jpeg","0":null,"1":"","2":"","3":"","4":"","5":"","6":"","7":"","8":""}],"_links":{"self":[{"href":"https:\/\/www.grupomedcof.com.br\/blog\/wp-json\/wp\/v2\/posts\/32965","targetHints":{"allow":["GET"]}}],"collection":[{"href":"https:\/\/www.grupomedcof.com.br\/blog\/wp-json\/wp\/v2\/posts"}],"about":[{"href":"https:\/\/www.grupomedcof.com.br\/blog\/wp-json\/wp\/v2\/types\/post"}],"author":[{"embeddable":true,"href":"https:\/\/www.grupomedcof.com.br\/blog\/wp-json\/wp\/v2\/users\/21"}],"replies":[{"embeddable":true,"href":"https:\/\/www.grupomedcof.com.br\/blog\/wp-json\/wp\/v2\/comments?post=32965"}],"version-history":[{"count":1,"href":"https:\/\/www.grupomedcof.com.br\/blog\/wp-json\/wp\/v2\/posts\/32965\/revisions"}],"predecessor-version":[{"id":43398,"href":"https:\/\/www.grupomedcof.com.br\/blog\/wp-json\/wp\/v2\/posts\/32965\/revisions\/43398"}],"wp:featuredmedia":[{"embeddable":true,"href":"https:\/\/www.grupomedcof.com.br\/blog\/wp-json\/wp\/v2\/media\/32966"}],"wp:attachment":[{"href":"https:\/\/www.grupomedcof.com.br\/blog\/wp-json\/wp\/v2\/media?parent=32965"}],"wp:term":[{"taxonomy":"category","embeddable":true,"href":"https:\/\/www.grupomedcof.com.br\/blog\/wp-json\/wp\/v2\/categories?post=32965"},{"taxonomy":"post_tag","embeddable":true,"href":"https:\/\/www.grupomedcof.com.br\/blog\/wp-json\/wp\/v2\/tags?post=32965"},{"taxonomy":"author","embeddable":true,"href":"https:\/\/www.grupomedcof.com.br\/blog\/wp-json\/wp\/v2\/ppma_author?post=32965"}],"curies":[{"name":"wp","href":"https:\/\/api.w.org\/{rel}","templated":true}]}}