{"id":33005,"date":"2025-01-16T07:25:05","date_gmt":"2025-01-16T10:25:05","guid":{"rendered":"https:\/\/www.grupomedcof.com.br\/blog\/?p=33005"},"modified":"2026-04-24T15:36:05","modified_gmt":"2026-04-24T18:36:05","slug":"uso-do-cateter-uma-possivel-causa-para-infeccoes-na-corrente-sanguinea","status":"publish","type":"post","link":"https:\/\/www.grupomedcof.com.br\/blog\/uso-do-cateter-uma-possivel-causa-para-infeccoes-na-corrente-sanguinea\/","title":{"rendered":"Uso do Cateter: uma poss\u00edvel causa para infec\u00e7\u00f5es na corrente sangu\u00ednea"},"content":{"rendered":"<div id=\"ez-toc-container\" class=\"ez-toc-v2_0_74 counter-hierarchy ez-toc-counter ez-toc-transparent ez-toc-container-direction\">\n<div class=\"ez-toc-title-container\">\n<p class=\"ez-toc-title\" style=\"cursor:inherit\">Sum\u00e1rio<\/p>\n<span class=\"ez-toc-title-toggle\"><a href=\"#\" class=\"ez-toc-pull-right ez-toc-btn ez-toc-btn-xs ez-toc-btn-default ez-toc-toggle\" aria-label=\"Alternar tabela de conte\u00fado\"><span class=\"ez-toc-js-icon-con\"><span class=\"\"><span class=\"eztoc-hide\" style=\"display:none;\">Toggle<\/span><span class=\"ez-toc-icon-toggle-span\"><svg style=\"fill: #999;color:#999\" xmlns=\"http:\/\/www.w3.org\/2000\/svg\" class=\"list-377408\" width=\"20px\" height=\"20px\" viewBox=\"0 0 24 24\" fill=\"none\"><path d=\"M6 6H4v2h2V6zm14 0H8v2h12V6zM4 11h2v2H4v-2zm16 0H8v2h12v-2zM4 16h2v2H4v-2zm16 0H8v2h12v-2z\" fill=\"currentColor\"><\/path><\/svg><svg style=\"fill: #999;color:#999\" class=\"arrow-unsorted-368013\" xmlns=\"http:\/\/www.w3.org\/2000\/svg\" width=\"10px\" height=\"10px\" viewBox=\"0 0 24 24\" version=\"1.2\" baseProfile=\"tiny\"><path d=\"M18.2 9.3l-6.2-6.3-6.2 6.3c-.2.2-.3.4-.3.7s.1.5.3.7c.2.2.4.3.7.3h11c.3 0 .5-.1.7-.3.2-.2.3-.5.3-.7s-.1-.5-.3-.7zM5.8 14.7l6.2 6.3 6.2-6.3c.2-.2.3-.5.3-.7s-.1-.5-.3-.7c-.2-.2-.4-.3-.7-.3h-11c-.3 0-.5.1-.7.3-.2.2-.3.5-.3.7s.1.5.3.7z\"\/><\/svg><\/span><\/span><\/span><\/a><\/span><\/div>\n<nav><ul class='ez-toc-list ez-toc-list-level-1 ' ><li class='ez-toc-page-1 ez-toc-heading-level-2'><a class=\"ez-toc-link ez-toc-heading-1\" href=\"https:\/\/www.grupomedcof.com.br\/blog\/uso-do-cateter-uma-possivel-causa-para-infeccoes-na-corrente-sanguinea\/#Abordagem_Inicial\" >Abordagem Inicial\u00a0<\/a><\/li><li class='ez-toc-page-1 ez-toc-heading-level-2'><a class=\"ez-toc-link ez-toc-heading-2\" href=\"https:\/\/www.grupomedcof.com.br\/blog\/uso-do-cateter-uma-possivel-causa-para-infeccoes-na-corrente-sanguinea\/#Conceitos_Basicos\" >Conceitos B\u00e1sicos\u00a0<\/a><\/li><li class='ez-toc-page-1 ez-toc-heading-level-2'><a class=\"ez-toc-link ez-toc-heading-3\" href=\"https:\/\/www.grupomedcof.com.br\/blog\/uso-do-cateter-uma-possivel-causa-para-infeccoes-na-corrente-sanguinea\/#Fatores_de_Risco\" >Fatores de Risco\u00a0<\/a><\/li><li class='ez-toc-page-1 ez-toc-heading-level-2'><a class=\"ez-toc-link ez-toc-heading-4\" href=\"https:\/\/www.grupomedcof.com.br\/blog\/uso-do-cateter-uma-possivel-causa-para-infeccoes-na-corrente-sanguinea\/#Diagnostico\" >Diagn\u00f3stico<\/a><\/li><li class='ez-toc-page-1 ez-toc-heading-level-2'><a class=\"ez-toc-link ez-toc-heading-5\" href=\"https:\/\/www.grupomedcof.com.br\/blog\/uso-do-cateter-uma-possivel-causa-para-infeccoes-na-corrente-sanguinea\/#Agentes_Etiologicos\" >Agentes Etiol\u00f3gicos<\/a><\/li><li class='ez-toc-page-1 ez-toc-heading-level-2'><a class=\"ez-toc-link ez-toc-heading-6\" href=\"https:\/\/www.grupomedcof.com.br\/blog\/uso-do-cateter-uma-possivel-causa-para-infeccoes-na-corrente-sanguinea\/#Prevencao\" >Preven\u00e7\u00e3o<\/a><\/li><li class='ez-toc-page-1 ez-toc-heading-level-2'><a class=\"ez-toc-link ez-toc-heading-7\" href=\"https:\/\/www.grupomedcof.com.br\/blog\/uso-do-cateter-uma-possivel-causa-para-infeccoes-na-corrente-sanguinea\/#Tratamento\" >Tratamento<\/a><\/li><li class='ez-toc-page-1 ez-toc-heading-level-2'><a class=\"ez-toc-link ez-toc-heading-8\" href=\"https:\/\/www.grupomedcof.com.br\/blog\/uso-do-cateter-uma-possivel-causa-para-infeccoes-na-corrente-sanguinea\/#Curiosidades_Infeccoes_Especificas\" >Curiosidades: Infec\u00e7\u00f5es Espec\u00edficas<\/a><\/li><li class='ez-toc-page-1 ez-toc-heading-level-2'><a class=\"ez-toc-link ez-toc-heading-9\" href=\"https:\/\/www.grupomedcof.com.br\/blog\/uso-do-cateter-uma-possivel-causa-para-infeccoes-na-corrente-sanguinea\/#O_metodo_que_te_aprova\" >O m\u00e9todo que te aprova!<\/a><\/li><\/ul><\/nav><\/div>\n\n<figure class=\"wp-block-image size-large\"><img loading=\"lazy\" decoding=\"async\" width=\"1024\" height=\"576\" src=\"https:\/\/www.grupomedcof.com.br\/blog\/wp-content\/uploads\/2025\/01\/Blog-MedCof-61-1024x576.jpg\" alt=\"\" class=\"wp-image-33006\" srcset=\"https:\/\/www.grupomedcof.com.br\/blog\/wp-content\/uploads\/2025\/01\/Blog-MedCof-61-1024x576.jpg 1024w, https:\/\/www.grupomedcof.com.br\/blog\/wp-content\/uploads\/2025\/01\/Blog-MedCof-61-300x169.jpg 300w, https:\/\/www.grupomedcof.com.br\/blog\/wp-content\/uploads\/2025\/01\/Blog-MedCof-61-768x432.jpg 768w, https:\/\/www.grupomedcof.com.br\/blog\/wp-content\/uploads\/2025\/01\/Blog-MedCof-61-1536x864.jpg 1536w, https:\/\/www.grupomedcof.com.br\/blog\/wp-content\/uploads\/2025\/01\/Blog-MedCof-61-2048x1152.jpg 2048w, https:\/\/www.grupomedcof.com.br\/blog\/wp-content\/uploads\/2025\/01\/Blog-MedCof-61-747x420.jpg 747w, https:\/\/www.grupomedcof.com.br\/blog\/wp-content\/uploads\/2025\/01\/Blog-MedCof-61-150x84.jpg 150w, https:\/\/www.grupomedcof.com.br\/blog\/wp-content\/uploads\/2025\/01\/Blog-MedCof-61-696x392.jpg 696w, https:\/\/www.grupomedcof.com.br\/blog\/wp-content\/uploads\/2025\/01\/Blog-MedCof-61-1068x601.jpg 1068w, https:\/\/www.grupomedcof.com.br\/blog\/wp-content\/uploads\/2025\/01\/Blog-MedCof-61-1920x1080.jpg 1920w\" sizes=\"auto, (max-width: 1024px) 100vw, 1024px\" \/><\/figure>\n\n\n\n<h2 class=\"wp-block-heading\" id=\"h-abordagem-inicial\"><span class=\"ez-toc-section\" id=\"Abordagem_Inicial\"><\/span><strong>Abordagem Inicial\u00a0<\/strong><span class=\"ez-toc-section-end\"><\/span><\/h2>\n\n\n\n<p>Infec\u00e7\u00f5es de corrente sangu\u00ednea relacionadas a cateter (ICSRC) s\u00e3o complica\u00e7\u00f5es significativas em ambientes hospitalares, especialmente em unidades de terapia intensiva (UTI). Por isso, precisamos entender essa situa\u00e7\u00e3o, a fim de evit\u00e1-la e de agir corretamente, caso ela j\u00e1 tenha sido instalada.<\/p>\n\n\n\n<h2 class=\"wp-block-heading\" id=\"h-conceitos-basicos\"><span class=\"ez-toc-section\" id=\"Conceitos_Basicos\"><\/span><strong>Conceitos B\u00e1sicos<\/strong>\u00a0<span class=\"ez-toc-section-end\"><\/span><\/h2>\n\n\n\n<p>As ICSRC s\u00e3o infec\u00e7\u00f5es associadas ao uso de cateteres venosos centrais, utilizados amplamente para administra\u00e7\u00e3o de medicamentos, nutri\u00e7\u00e3o parenteral e monitoramento hemodin\u00e2mico. Essas infec\u00e7\u00f5es podem resultar em complica\u00e7\u00f5es graves, incluindo sepse e aumento da mortalidade, al\u00e9m de prolongar o tempo de interna\u00e7\u00e3o e aumentar os custos hospitalares.<\/p>\n\n\n\n<figure class=\"wp-block-image size-large\"><a href=\"https:\/\/www.grupomedcof.com.br\/cofletters\/\"><img loading=\"lazy\" decoding=\"async\" width=\"1024\" height=\"366\" src=\"https:\/\/www.grupomedcof.com.br\/blog\/wp-content\/uploads\/2024\/10\/Capa-Eventos-MedCof-Plus-1-1024x366.png\" alt=\"\" class=\"wp-image-30896\" srcset=\"https:\/\/www.grupomedcof.com.br\/blog\/wp-content\/uploads\/2024\/10\/Capa-Eventos-MedCof-Plus-1-1024x366.png 1024w, https:\/\/www.grupomedcof.com.br\/blog\/wp-content\/uploads\/2024\/10\/Capa-Eventos-MedCof-Plus-1-300x107.png 300w, https:\/\/www.grupomedcof.com.br\/blog\/wp-content\/uploads\/2024\/10\/Capa-Eventos-MedCof-Plus-1-768x275.png 768w, https:\/\/www.grupomedcof.com.br\/blog\/wp-content\/uploads\/2024\/10\/Capa-Eventos-MedCof-Plus-1-1536x549.png 1536w, https:\/\/www.grupomedcof.com.br\/blog\/wp-content\/uploads\/2024\/10\/Capa-Eventos-MedCof-Plus-1-2048x732.png 2048w, https:\/\/www.grupomedcof.com.br\/blog\/wp-content\/uploads\/2024\/10\/Capa-Eventos-MedCof-Plus-1-1175x420.png 1175w, https:\/\/www.grupomedcof.com.br\/blog\/wp-content\/uploads\/2024\/10\/Capa-Eventos-MedCof-Plus-1-150x54.png 150w, https:\/\/www.grupomedcof.com.br\/blog\/wp-content\/uploads\/2024\/10\/Capa-Eventos-MedCof-Plus-1-696x249.png 696w, https:\/\/www.grupomedcof.com.br\/blog\/wp-content\/uploads\/2024\/10\/Capa-Eventos-MedCof-Plus-1-1068x382.png 1068w, https:\/\/www.grupomedcof.com.br\/blog\/wp-content\/uploads\/2024\/10\/Capa-Eventos-MedCof-Plus-1-1920x686.png 1920w\" sizes=\"auto, (max-width: 1024px) 100vw, 1024px\" \/><\/a><\/figure>\n\n\n\n<h2 class=\"wp-block-heading\" id=\"h-fatores-de-risco\"><span class=\"ez-toc-section\" id=\"Fatores_de_Risco\"><\/span><strong>Fatores de Risco\u00a0<\/strong><span class=\"ez-toc-section-end\"><\/span><\/h2>\n\n\n\n<p>Os fatores de risco para ICSRC incluem:<\/p>\n\n\n\n<ul class=\"wp-block-list\">\n<li>\u00a0Estado Imunol\u00f3gico do Paciente: Pacientes imunodeprimidos, desnutridos ou em di\u00e1lise apresentam maior risco.<\/li>\n\n\n\n<li>Dura\u00e7\u00e3o do uso do Cateter: Cateteres de longa perman\u00eancia t\u00eam maior probabilidade de infec\u00e7\u00e3o.<\/li>\n\n\n\n<li>Localiza\u00e7\u00e3o do Cateter: Inser\u00e7\u00f5es em veias femorais apresentam maior risco em compara\u00e7\u00e3o com veias subcl\u00e1vias e jugulares.<\/li>\n\n\n\n<li>Pr\u00e1ticas de Inser\u00e7\u00e3o e Manuten\u00e7\u00e3o: T\u00e9cnicas inadequadas de inser\u00e7\u00e3o e manuten\u00e7\u00e3o aumentam o risco de infec\u00e7\u00e3o.<\/li>\n<\/ul>\n\n\n\n<figure class=\"wp-block-image is-resized\"><img decoding=\"async\" src=\"https:\/\/lh7-rt.googleusercontent.com\/docsz\/AD_4nXfIDE-AP8eTml2ZcxW5WyNZNUiFg-NqXExNq0GUCcxWMx_lrbmQ3OEYK-UdUM7DcmkBWEIJnRnsbni9z6P6QgVh0ixUGF2yRjXrRSTwscWIZuk0ZKFpEBjA9CUDidOpOcK9n3c2Rw?key=ISnk9PmzWSaWfXmXqBIqmz_y\" alt=\"\" style=\"width:696px;height:auto\"\/><figcaption class=\"wp-element-caption\">Fonte: <a href=\"https:\/\/pin.it\/544VLHbNw\">https:\/\/pin.it\/544VLHbNw<\/a><\/figcaption><\/figure>\n\n\n\n<h2 class=\"wp-block-heading\" id=\"h-diagnostico\"><span class=\"ez-toc-section\" id=\"Diagnostico\"><\/span><strong>Diagn\u00f3stico<\/strong><span class=\"ez-toc-section-end\"><\/span><\/h2>\n\n\n\n<p>O diagn\u00f3stico de ICSRC envolve a identifica\u00e7\u00e3o de sinais cl\u00ednicos de infec\u00e7\u00e3o, como febre, calafrios e hipotens\u00e3o, associados ao uso de cateter. A confirma\u00e7\u00e3o diagn\u00f3stica \u00e9 feita por meio de hemoculturas ou cultura de ponta de cateter. Na primeira, fazemos coleta de amostras de sangue perif\u00e9rico e do cateter para cultura microbiana, j\u00e1 na segunda a coleta \u00e9 realizada ap\u00f3s a remo\u00e7\u00e3o do cateter, que pode ajudar a identificar o agente infeccioso.<\/p>\n\n\n\n<h2 class=\"wp-block-heading\" id=\"h-agentes-etiologicos\"><span class=\"ez-toc-section\" id=\"Agentes_Etiologicos\"><\/span><strong>Agentes Etiol\u00f3gicos<\/strong><span class=\"ez-toc-section-end\"><\/span><\/h2>\n\n\n\n<p>Os agentes mais comuns associados a ICSRC incluem:<\/p>\n\n\n\n<ul class=\"wp-block-list\">\n<li>\u00a0Bact\u00e9rias Gram-positivas: Como Staphylococcus aureus (incluindo MRSA) e Staphylococcus epidermidis.<\/li>\n\n\n\n<li>Bact\u00e9rias Gram-negativas: Menos comuns, mas incluem Pseudomonas aeruginosa e Enterobacteriaceae.<\/li>\n\n\n\n<li>Fungos: Candida spp. s\u00e3o frequentemente associados a infec\u00e7\u00f5es em pacientes imunocomprometidos.<\/li>\n<\/ul>\n\n\n\n<figure class=\"wp-block-image\"><img decoding=\"async\" src=\"https:\/\/lh7-rt.googleusercontent.com\/docsz\/AD_4nXeQ9geeBvHqSCsAIF3TBNA6VWmQlyIkJSWRybTMd5c8N8Q__-icdktXYiGmoU0fAIoXXvJzL9SyCt8sRXpD4eoXmIfxNGTk39JM6R2gH_gcRcYjR-GYfeH4b-CDhjJDsNDiUhOVuA?key=ISnk9PmzWSaWfXmXqBIqmz_y\" alt=\"\"\/><figcaption class=\"wp-element-caption\">Fonte: <a href=\"https:\/\/pin.it\/2It0TnsZu\">https:\/\/pin.it\/2It0TnsZu<\/a>\u00a0<\/figcaption><\/figure>\n\n\n\n<h2 class=\"wp-block-heading\" id=\"h-prevencao\"><span class=\"ez-toc-section\" id=\"Prevencao\"><\/span><strong>Preven\u00e7\u00e3o<\/strong><span class=\"ez-toc-section-end\"><\/span><\/h2>\n\n\n\n<p>A preven\u00e7\u00e3o de ICSRC \u00e9 crucial e envolve v\u00e1rias estrat\u00e9gias:<\/p>\n\n\n\n<ol class=\"wp-block-list\">\n<li>Assepsia Rigorosa: Uso de clorexidina alco\u00f3lica para a prepara\u00e7\u00e3o da pele antes da inser\u00e7\u00e3o do cateter.<\/li>\n\n\n\n<li>T\u00e9cnica Est\u00e9ril: Durante a inser\u00e7\u00e3o e manipula\u00e7\u00e3o do cateter.<\/li>\n\n\n\n<li>Manuten\u00e7\u00e3o Adequada: Inclui a troca regular de curativos e a limpeza do hub com \u00e1lcool 70% antes do uso.<\/li>\n\n\n\n<li>Educa\u00e7\u00e3o da Equipe: Treinamento cont\u00ednuo em pr\u00e1ticas de inser\u00e7\u00e3o e manuten\u00e7\u00e3o de cateter.<\/li>\n<\/ol>\n\n\n\n<h2 class=\"wp-block-heading\" id=\"h-tratamento\"><span class=\"ez-toc-section\" id=\"Tratamento\"><\/span><strong>Tratamento<\/strong><span class=\"ez-toc-section-end\"><\/span><\/h2>\n\n\n\n<p>O tratamento das ICSRC depende do agente etiol\u00f3gico e da gravidade da infec\u00e7\u00e3o, mas em linhas gerais, devemos retirada do Cateter em casos de infec\u00e7\u00e3o grave, devido a presen\u00e7a de bact\u00e9rias resistentes ou fungos, e quando h\u00e1 complica\u00e7\u00f5es como endocardite; fazer a antibioticoterapia, baseada nos resultados de cultura e sensibilidade (em infec\u00e7\u00f5es por MRSA, a vancomicina ou daptomicina s\u00e3o op\u00e7\u00f5es de escolha e em infec\u00e7\u00f5es por Pseudomonas, op\u00e7\u00f5es incluem ceftazidima, cefepime ou meropenem) e a Lockterapia, que consiste na infus\u00e3o de solu\u00e7\u00e3o antibi\u00f3tica no l\u00famen do cateter para tratar infec\u00e7\u00f5es localizadas.<\/p>\n\n\n\n<h2 class=\"wp-block-heading\" id=\"h-curiosidades-infeccoes-especificas\"><span class=\"ez-toc-section\" id=\"Curiosidades_Infeccoes_Especificas\"><\/span><strong>Curiosidades: Infec\u00e7\u00f5es Espec\u00edficas<\/strong><span class=\"ez-toc-section-end\"><\/span><\/h2>\n\n\n\n<p>Infec\u00e7\u00e3o por Staphylococcus aureus: Requer avalia\u00e7\u00e3o para endocardite com ecocardiograma, devido ao risco aumentado de complica\u00e7\u00f5es.<\/p>\n\n\n\n<p>Infec\u00e7\u00e3o por Candida: Necessita de remo\u00e7\u00e3o imediata do cateter e tratamento com equinocandinas, al\u00e9m de avalia\u00e7\u00e3o oftalmol\u00f3gica para endoftalmite.<\/p>\n\n\n\n<h2 class=\"wp-block-heading\" id=\"o-m\u00e9todo-que-te-aprova\"><span class=\"ez-toc-section\" id=\"O_metodo_que_te_aprova\"><\/span><strong>O m\u00e9todo que te aprova!<\/strong><span class=\"ez-toc-section-end\"><\/span><\/h2>\n\n\n\n<p>Quer alcan\u00e7ar a aprova\u00e7\u00e3o nas provas de resid\u00eancia m\u00e9dica? Ent\u00e3o seja um&nbsp;<a href=\"https:\/\/www.grupomedcof.com.br\/home\/\" target=\"_blank\" rel=\"noreferrer noopener\">MedCoffer<\/a>! Aqui te ajudaremos na busca da aprova\u00e7\u00e3o com conte\u00fados de qualidade e uma&nbsp;<a href=\"https:\/\/www.grupomedcof.com.br\/blog\/presenca-da-medcof-nas-aprovacoes-em-residencia-medica-no-brasil\/\" target=\"_blank\" rel=\"noreferrer noopener\">metodologia que j\u00e1 aprovou mais de 10 mil residentes no pa\u00eds!&nbsp;<\/a>Por fim, acesse o nosso<a href=\"https:\/\/www.youtube.com\/@GrupoMedcof\/featured\" target=\"_blank\" rel=\"noreferrer noopener\">&nbsp;<strong>canal do youtube&nbsp;<\/strong><\/a>para ver o nosso material.<\/p>\n\n\n\n<figure class=\"wp-block-embed is-type-video is-provider-youtube wp-block-embed-youtube wp-embed-aspect-16-9 wp-has-aspect-ratio\"><div class=\"wp-block-embed__wrapper\">\n<div class=\"youtube-embed\" data-video_id=\"a75rubUsO6o\"><iframe loading=\"lazy\" title=\"Tudo que Voc\u00ea Precisa Saber sobre Infec\u00e7\u00e3o de Corrente Sangu\u00ednea. Com Dr. Douglas Toledo\" width=\"696\" height=\"392\" src=\"https:\/\/www.youtube.com\/embed\/a75rubUsO6o?start=2&#038;feature=oembed\" frameborder=\"0\" allow=\"accelerometer; autoplay; clipboard-write; encrypted-media; gyroscope; picture-in-picture; web-share\" referrerpolicy=\"strict-origin-when-cross-origin\" allowfullscreen><\/iframe><\/div>\n<\/div><\/figure>\n","protected":false},"excerpt":{"rendered":"<p>Infec\u00e7\u00f5es de corrente sangu\u00ednea relacionadas a cateter (ICSRC) s\u00e3o complica\u00e7\u00f5es significativas em ambientes hospitalares. Entenda!<\/p>\n","protected":false},"author":21,"featured_media":33006,"comment_status":"open","ping_status":"open","sticky":false,"template":"","format":"standard","meta":{"footnotes":""},"categories":[115],"tags":[2469,1783,2470,2471,1415,2468],"ppma_author":[3617],"class_list":{"0":"post-33005","1":"post","2":"type-post","3":"status-publish","4":"format-standard","5":"has-post-thumbnail","7":"category-clinica-medica","8":"tag-agentes-etiologicos","9":"tag-fatores-de-risco","10":"tag-infeccoes-especificas","11":"tag-infeccoes-na-corrente-sanguinea","12":"tag-prevencao","13":"tag-uso-do-cateter"},"yoast_head":"<!-- This site is optimized with the Yoast SEO Premium plugin v24.3 (Yoast SEO v27.4) - https:\/\/yoast.com\/product\/yoast-seo-premium-wordpress\/ -->\n<title>Infec\u00e7\u00e3o por Cateter: Riscos na Corrente Sangu\u00ednea | Medcof<\/title>\n<meta name=\"description\" content=\"Infec\u00e7\u00f5es de corrente sangu\u00ednea relacionadas a cateter (ICSRC) s\u00e3o complica\u00e7\u00f5es significativas em ambientes hospitalares. Entenda!\" \/>\n<meta name=\"robots\" content=\"index, follow, max-snippet:-1, max-image-preview:large, max-video-preview:-1\" \/>\n<link rel=\"canonical\" href=\"https:\/\/www.grupomedcof.com.br\/blog\/uso-do-cateter-uma-possivel-causa-para-infeccoes-na-corrente-sanguinea\/\" \/>\n<meta property=\"og:locale\" content=\"pt_BR\" \/>\n<meta property=\"og:type\" content=\"article\" \/>\n<meta property=\"og:title\" content=\"Uso do Cateter: uma poss\u00edvel causa para infec\u00e7\u00f5es na corrente sangu\u00ednea\" \/>\n<meta property=\"og:description\" content=\"Infec\u00e7\u00f5es de corrente sangu\u00ednea relacionadas a cateter (ICSRC) s\u00e3o complica\u00e7\u00f5es significativas em ambientes hospitalares. Entenda!\" \/>\n<meta property=\"og:url\" content=\"https:\/\/www.grupomedcof.com.br\/blog\/uso-do-cateter-uma-possivel-causa-para-infeccoes-na-corrente-sanguinea\/\" \/>\n<meta property=\"og:site_name\" content=\"Blog de Medcof: conte\u00fados, editais, revalida e mais!\" \/>\n<meta property=\"article:publisher\" content=\"https:\/\/www.facebook.com\/MedCofQbank\/\" \/>\n<meta property=\"article:published_time\" content=\"2025-01-16T10:25:05+00:00\" \/>\n<meta property=\"article:modified_time\" content=\"2026-04-24T18:36:05+00:00\" \/>\n<meta property=\"og:image\" content=\"https:\/\/www.grupomedcof.com.br\/blog\/wp-content\/uploads\/2025\/01\/Blog-MedCof-61-scaled.jpg\" \/>\n\t<meta property=\"og:image:width\" content=\"2560\" \/>\n\t<meta property=\"og:image:height\" content=\"1440\" \/>\n\t<meta property=\"og:image:type\" content=\"image\/jpeg\" \/>\n<meta name=\"author\" content=\"Kiara Adelino\" \/>\n<meta name=\"twitter:card\" content=\"summary_large_image\" \/>\n<meta name=\"twitter:label1\" content=\"Escrito por\" \/>\n\t<meta name=\"twitter:data1\" content=\"Kiara Adelino\" \/>\n\t<meta name=\"twitter:label2\" content=\"Est. tempo de leitura\" \/>\n\t<meta name=\"twitter:data2\" content=\"4 minutos\" \/>\n<script type=\"application\/ld+json\" class=\"yoast-schema-graph\">{\"@context\":\"https:\\\/\\\/schema.org\",\"@graph\":[{\"@type\":\"Article\",\"@id\":\"https:\\\/\\\/www.grupomedcof.com.br\\\/blog\\\/uso-do-cateter-uma-possivel-causa-para-infeccoes-na-corrente-sanguinea\\\/#article\",\"isPartOf\":{\"@id\":\"https:\\\/\\\/www.grupomedcof.com.br\\\/blog\\\/uso-do-cateter-uma-possivel-causa-para-infeccoes-na-corrente-sanguinea\\\/\"},\"author\":{\"name\":\"Kiara Adelino\",\"@id\":\"https:\\\/\\\/www.grupomedcof.com.br\\\/blog\\\/#\\\/schema\\\/person\\\/db19a651f86c5fc202d6eee744fd3292\"},\"headline\":\"Uso do Cateter: uma poss\u00edvel causa para infec\u00e7\u00f5es na corrente sangu\u00ednea\",\"datePublished\":\"2025-01-16T10:25:05+00:00\",\"dateModified\":\"2026-04-24T18:36:05+00:00\",\"mainEntityOfPage\":{\"@id\":\"https:\\\/\\\/www.grupomedcof.com.br\\\/blog\\\/uso-do-cateter-uma-possivel-causa-para-infeccoes-na-corrente-sanguinea\\\/\"},\"wordCount\":667,\"commentCount\":0,\"publisher\":{\"@id\":\"https:\\\/\\\/www.grupomedcof.com.br\\\/blog\\\/#organization\"},\"image\":{\"@id\":\"https:\\\/\\\/www.grupomedcof.com.br\\\/blog\\\/uso-do-cateter-uma-possivel-causa-para-infeccoes-na-corrente-sanguinea\\\/#primaryimage\"},\"thumbnailUrl\":\"https:\\\/\\\/www.grupomedcof.com.br\\\/blog\\\/wp-content\\\/uploads\\\/2025\\\/01\\\/Blog-MedCof-61-scaled.jpg\",\"keywords\":[\"Agentes Etiol\u00f3gicos\",\"Fatores de risco\",\"Infec\u00e7\u00f5es Espec\u00edficas\",\"Infec\u00e7\u00f5es na corrente sangu\u00ednea\",\"Preven\u00e7\u00e3o\",\"Uso do Cateter\"],\"articleSection\":[\"Cl\u00ednica M\u00e9dica\"],\"inLanguage\":\"pt-BR\"},{\"@type\":\"WebPage\",\"@id\":\"https:\\\/\\\/www.grupomedcof.com.br\\\/blog\\\/uso-do-cateter-uma-possivel-causa-para-infeccoes-na-corrente-sanguinea\\\/\",\"url\":\"https:\\\/\\\/www.grupomedcof.com.br\\\/blog\\\/uso-do-cateter-uma-possivel-causa-para-infeccoes-na-corrente-sanguinea\\\/\",\"name\":\"Infec\u00e7\u00e3o por Cateter: Riscos na Corrente Sangu\u00ednea | Medcof\",\"isPartOf\":{\"@id\":\"https:\\\/\\\/www.grupomedcof.com.br\\\/blog\\\/#website\"},\"primaryImageOfPage\":{\"@id\":\"https:\\\/\\\/www.grupomedcof.com.br\\\/blog\\\/uso-do-cateter-uma-possivel-causa-para-infeccoes-na-corrente-sanguinea\\\/#primaryimage\"},\"image\":{\"@id\":\"https:\\\/\\\/www.grupomedcof.com.br\\\/blog\\\/uso-do-cateter-uma-possivel-causa-para-infeccoes-na-corrente-sanguinea\\\/#primaryimage\"},\"thumbnailUrl\":\"https:\\\/\\\/www.grupomedcof.com.br\\\/blog\\\/wp-content\\\/uploads\\\/2025\\\/01\\\/Blog-MedCof-61-scaled.jpg\",\"datePublished\":\"2025-01-16T10:25:05+00:00\",\"dateModified\":\"2026-04-24T18:36:05+00:00\",\"description\":\"Infec\u00e7\u00f5es de corrente sangu\u00ednea relacionadas a cateter (ICSRC) s\u00e3o complica\u00e7\u00f5es significativas em ambientes hospitalares. Entenda!\",\"breadcrumb\":{\"@id\":\"https:\\\/\\\/www.grupomedcof.com.br\\\/blog\\\/uso-do-cateter-uma-possivel-causa-para-infeccoes-na-corrente-sanguinea\\\/#breadcrumb\"},\"inLanguage\":\"pt-BR\",\"potentialAction\":[{\"@type\":\"ReadAction\",\"target\":[\"https:\\\/\\\/www.grupomedcof.com.br\\\/blog\\\/uso-do-cateter-uma-possivel-causa-para-infeccoes-na-corrente-sanguinea\\\/\"]}]},{\"@type\":\"ImageObject\",\"inLanguage\":\"pt-BR\",\"@id\":\"https:\\\/\\\/www.grupomedcof.com.br\\\/blog\\\/uso-do-cateter-uma-possivel-causa-para-infeccoes-na-corrente-sanguinea\\\/#primaryimage\",\"url\":\"https:\\\/\\\/www.grupomedcof.com.br\\\/blog\\\/wp-content\\\/uploads\\\/2025\\\/01\\\/Blog-MedCof-61-scaled.jpg\",\"contentUrl\":\"https:\\\/\\\/www.grupomedcof.com.br\\\/blog\\\/wp-content\\\/uploads\\\/2025\\\/01\\\/Blog-MedCof-61-scaled.jpg\",\"width\":2560,\"height\":1440},{\"@type\":\"BreadcrumbList\",\"@id\":\"https:\\\/\\\/www.grupomedcof.com.br\\\/blog\\\/uso-do-cateter-uma-possivel-causa-para-infeccoes-na-corrente-sanguinea\\\/#breadcrumb\",\"itemListElement\":[{\"@type\":\"ListItem\",\"position\":1,\"name\":\"In\u00edcio\",\"item\":\"https:\\\/\\\/www.grupomedcof.com.br\\\/blog\\\/\"},{\"@type\":\"ListItem\",\"position\":2,\"name\":\"Uso do Cateter: uma poss\u00edvel causa para infec\u00e7\u00f5es na corrente sangu\u00ednea\"}]},{\"@type\":\"WebSite\",\"@id\":\"https:\\\/\\\/www.grupomedcof.com.br\\\/blog\\\/#website\",\"url\":\"https:\\\/\\\/www.grupomedcof.com.br\\\/blog\\\/\",\"name\":\"Blog de Medcof: conte\u00fados, editais, revalida e mais!\",\"description\":\"Acesso o blog de MedCof! Seu portal de conte\u00fados sobre resid\u00eancia m\u00e9dica, an\u00e1lise e editais e muito mais. Clique e confira!\",\"publisher\":{\"@id\":\"https:\\\/\\\/www.grupomedcof.com.br\\\/blog\\\/#organization\"},\"alternateName\":\"Blog de Medcof: conte\u00fados, editais, revalida e mais!\",\"potentialAction\":[{\"@type\":\"SearchAction\",\"target\":{\"@type\":\"EntryPoint\",\"urlTemplate\":\"https:\\\/\\\/www.grupomedcof.com.br\\\/blog\\\/?s={search_term_string}\"},\"query-input\":{\"@type\":\"PropertyValueSpecification\",\"valueRequired\":true,\"valueName\":\"search_term_string\"}}],\"inLanguage\":\"pt-BR\"},{\"@type\":\"Organization\",\"@id\":\"https:\\\/\\\/www.grupomedcof.com.br\\\/blog\\\/#organization\",\"name\":\"Grupo MedCof\",\"url\":\"https:\\\/\\\/www.grupomedcof.com.br\\\/blog\\\/\",\"logo\":{\"@type\":\"ImageObject\",\"inLanguage\":\"pt-BR\",\"@id\":\"https:\\\/\\\/www.grupomedcof.com.br\\\/blog\\\/#\\\/schema\\\/logo\\\/image\\\/\",\"url\":\"https:\\\/\\\/www.grupomedcof.com.br\\\/blog\\\/wp-content\\\/uploads\\\/2022\\\/01\\\/logo-medcof.png\",\"contentUrl\":\"https:\\\/\\\/www.grupomedcof.com.br\\\/blog\\\/wp-content\\\/uploads\\\/2022\\\/01\\\/logo-medcof.png\",\"width\":768,\"height\":269,\"caption\":\"Grupo MedCof\"},\"image\":{\"@id\":\"https:\\\/\\\/www.grupomedcof.com.br\\\/blog\\\/#\\\/schema\\\/logo\\\/image\\\/\"},\"sameAs\":[\"https:\\\/\\\/www.facebook.com\\\/MedCofQbank\\\/\",\"https:\\\/\\\/www.instagram.com\\\/grupomedcof\\\/\",\"https:\\\/\\\/br.linkedin.com\\\/company\\\/medcof\",\"https:\\\/\\\/www.youtube.com\\\/channel\\\/UCdHMuOHKICxcHwecxN8P-AA\"]},{\"@type\":\"Person\",\"@id\":\"https:\\\/\\\/www.grupomedcof.com.br\\\/blog\\\/#\\\/schema\\\/person\\\/db19a651f86c5fc202d6eee744fd3292\",\"name\":\"Kiara Adelino\",\"image\":{\"@type\":\"ImageObject\",\"inLanguage\":\"pt-BR\",\"@id\":\"https:\\\/\\\/www.grupomedcof.com.br\\\/blog\\\/wp-content\\\/uploads\\\/2024\\\/08\\\/cropped-Kiara-Adelino2-96x96.jpega85663bdda67261f8f06f86e555e1e49\",\"url\":\"https:\\\/\\\/www.grupomedcof.com.br\\\/blog\\\/wp-content\\\/uploads\\\/2024\\\/08\\\/cropped-Kiara-Adelino2-96x96.jpeg\",\"contentUrl\":\"https:\\\/\\\/www.grupomedcof.com.br\\\/blog\\\/wp-content\\\/uploads\\\/2024\\\/08\\\/cropped-Kiara-Adelino2-96x96.jpeg\",\"caption\":\"Kiara Adelino\"},\"description\":\"Estudante do 5\u00b0 semestre de Medicina. Gosto bastante de aprender coisas novas, principalmente na \u00e1rea de Neurologia e Anatomia humana.\",\"url\":\"https:\\\/\\\/www.grupomedcof.com.br\\\/blog\\\/author\\\/kiara-adelino\\\/\"}]}<\/script>\n<!-- \/ Yoast SEO Premium plugin. -->","yoast_head_json":{"title":"Infec\u00e7\u00e3o por Cateter: Riscos na Corrente Sangu\u00ednea | Medcof","description":"Infec\u00e7\u00f5es de corrente sangu\u00ednea relacionadas a cateter (ICSRC) s\u00e3o complica\u00e7\u00f5es significativas em ambientes hospitalares. Entenda!","robots":{"index":"index","follow":"follow","max-snippet":"max-snippet:-1","max-image-preview":"max-image-preview:large","max-video-preview":"max-video-preview:-1"},"canonical":"https:\/\/www.grupomedcof.com.br\/blog\/uso-do-cateter-uma-possivel-causa-para-infeccoes-na-corrente-sanguinea\/","og_locale":"pt_BR","og_type":"article","og_title":"Uso do Cateter: uma poss\u00edvel causa para infec\u00e7\u00f5es na corrente sangu\u00ednea","og_description":"Infec\u00e7\u00f5es de corrente sangu\u00ednea relacionadas a cateter (ICSRC) s\u00e3o complica\u00e7\u00f5es significativas em ambientes hospitalares. Entenda!","og_url":"https:\/\/www.grupomedcof.com.br\/blog\/uso-do-cateter-uma-possivel-causa-para-infeccoes-na-corrente-sanguinea\/","og_site_name":"Blog de Medcof: conte\u00fados, editais, revalida e mais!","article_publisher":"https:\/\/www.facebook.com\/MedCofQbank\/","article_published_time":"2025-01-16T10:25:05+00:00","article_modified_time":"2026-04-24T18:36:05+00:00","og_image":[{"width":2560,"height":1440,"url":"https:\/\/www.grupomedcof.com.br\/blog\/wp-content\/uploads\/2025\/01\/Blog-MedCof-61-scaled.jpg","type":"image\/jpeg"}],"author":"Kiara Adelino","twitter_card":"summary_large_image","twitter_misc":{"Escrito por":"Kiara Adelino","Est. tempo de leitura":"4 minutos"},"schema":{"@context":"https:\/\/schema.org","@graph":[{"@type":"Article","@id":"https:\/\/www.grupomedcof.com.br\/blog\/uso-do-cateter-uma-possivel-causa-para-infeccoes-na-corrente-sanguinea\/#article","isPartOf":{"@id":"https:\/\/www.grupomedcof.com.br\/blog\/uso-do-cateter-uma-possivel-causa-para-infeccoes-na-corrente-sanguinea\/"},"author":{"name":"Kiara Adelino","@id":"https:\/\/www.grupomedcof.com.br\/blog\/#\/schema\/person\/db19a651f86c5fc202d6eee744fd3292"},"headline":"Uso do Cateter: uma poss\u00edvel causa para infec\u00e7\u00f5es na corrente sangu\u00ednea","datePublished":"2025-01-16T10:25:05+00:00","dateModified":"2026-04-24T18:36:05+00:00","mainEntityOfPage":{"@id":"https:\/\/www.grupomedcof.com.br\/blog\/uso-do-cateter-uma-possivel-causa-para-infeccoes-na-corrente-sanguinea\/"},"wordCount":667,"commentCount":0,"publisher":{"@id":"https:\/\/www.grupomedcof.com.br\/blog\/#organization"},"image":{"@id":"https:\/\/www.grupomedcof.com.br\/blog\/uso-do-cateter-uma-possivel-causa-para-infeccoes-na-corrente-sanguinea\/#primaryimage"},"thumbnailUrl":"https:\/\/www.grupomedcof.com.br\/blog\/wp-content\/uploads\/2025\/01\/Blog-MedCof-61-scaled.jpg","keywords":["Agentes Etiol\u00f3gicos","Fatores de risco","Infec\u00e7\u00f5es Espec\u00edficas","Infec\u00e7\u00f5es na corrente sangu\u00ednea","Preven\u00e7\u00e3o","Uso do Cateter"],"articleSection":["Cl\u00ednica M\u00e9dica"],"inLanguage":"pt-BR"},{"@type":"WebPage","@id":"https:\/\/www.grupomedcof.com.br\/blog\/uso-do-cateter-uma-possivel-causa-para-infeccoes-na-corrente-sanguinea\/","url":"https:\/\/www.grupomedcof.com.br\/blog\/uso-do-cateter-uma-possivel-causa-para-infeccoes-na-corrente-sanguinea\/","name":"Infec\u00e7\u00e3o por Cateter: Riscos na Corrente Sangu\u00ednea | Medcof","isPartOf":{"@id":"https:\/\/www.grupomedcof.com.br\/blog\/#website"},"primaryImageOfPage":{"@id":"https:\/\/www.grupomedcof.com.br\/blog\/uso-do-cateter-uma-possivel-causa-para-infeccoes-na-corrente-sanguinea\/#primaryimage"},"image":{"@id":"https:\/\/www.grupomedcof.com.br\/blog\/uso-do-cateter-uma-possivel-causa-para-infeccoes-na-corrente-sanguinea\/#primaryimage"},"thumbnailUrl":"https:\/\/www.grupomedcof.com.br\/blog\/wp-content\/uploads\/2025\/01\/Blog-MedCof-61-scaled.jpg","datePublished":"2025-01-16T10:25:05+00:00","dateModified":"2026-04-24T18:36:05+00:00","description":"Infec\u00e7\u00f5es de corrente sangu\u00ednea relacionadas a cateter (ICSRC) s\u00e3o complica\u00e7\u00f5es significativas em ambientes hospitalares. Entenda!","breadcrumb":{"@id":"https:\/\/www.grupomedcof.com.br\/blog\/uso-do-cateter-uma-possivel-causa-para-infeccoes-na-corrente-sanguinea\/#breadcrumb"},"inLanguage":"pt-BR","potentialAction":[{"@type":"ReadAction","target":["https:\/\/www.grupomedcof.com.br\/blog\/uso-do-cateter-uma-possivel-causa-para-infeccoes-na-corrente-sanguinea\/"]}]},{"@type":"ImageObject","inLanguage":"pt-BR","@id":"https:\/\/www.grupomedcof.com.br\/blog\/uso-do-cateter-uma-possivel-causa-para-infeccoes-na-corrente-sanguinea\/#primaryimage","url":"https:\/\/www.grupomedcof.com.br\/blog\/wp-content\/uploads\/2025\/01\/Blog-MedCof-61-scaled.jpg","contentUrl":"https:\/\/www.grupomedcof.com.br\/blog\/wp-content\/uploads\/2025\/01\/Blog-MedCof-61-scaled.jpg","width":2560,"height":1440},{"@type":"BreadcrumbList","@id":"https:\/\/www.grupomedcof.com.br\/blog\/uso-do-cateter-uma-possivel-causa-para-infeccoes-na-corrente-sanguinea\/#breadcrumb","itemListElement":[{"@type":"ListItem","position":1,"name":"In\u00edcio","item":"https:\/\/www.grupomedcof.com.br\/blog\/"},{"@type":"ListItem","position":2,"name":"Uso do Cateter: uma poss\u00edvel causa para infec\u00e7\u00f5es na corrente sangu\u00ednea"}]},{"@type":"WebSite","@id":"https:\/\/www.grupomedcof.com.br\/blog\/#website","url":"https:\/\/www.grupomedcof.com.br\/blog\/","name":"Blog de Medcof: conte\u00fados, editais, revalida e mais!","description":"Acesso o blog de MedCof! Seu portal de conte\u00fados sobre resid\u00eancia m\u00e9dica, an\u00e1lise e editais e muito mais. Clique e confira!","publisher":{"@id":"https:\/\/www.grupomedcof.com.br\/blog\/#organization"},"alternateName":"Blog de Medcof: conte\u00fados, editais, revalida e mais!","potentialAction":[{"@type":"SearchAction","target":{"@type":"EntryPoint","urlTemplate":"https:\/\/www.grupomedcof.com.br\/blog\/?s={search_term_string}"},"query-input":{"@type":"PropertyValueSpecification","valueRequired":true,"valueName":"search_term_string"}}],"inLanguage":"pt-BR"},{"@type":"Organization","@id":"https:\/\/www.grupomedcof.com.br\/blog\/#organization","name":"Grupo MedCof","url":"https:\/\/www.grupomedcof.com.br\/blog\/","logo":{"@type":"ImageObject","inLanguage":"pt-BR","@id":"https:\/\/www.grupomedcof.com.br\/blog\/#\/schema\/logo\/image\/","url":"https:\/\/www.grupomedcof.com.br\/blog\/wp-content\/uploads\/2022\/01\/logo-medcof.png","contentUrl":"https:\/\/www.grupomedcof.com.br\/blog\/wp-content\/uploads\/2022\/01\/logo-medcof.png","width":768,"height":269,"caption":"Grupo MedCof"},"image":{"@id":"https:\/\/www.grupomedcof.com.br\/blog\/#\/schema\/logo\/image\/"},"sameAs":["https:\/\/www.facebook.com\/MedCofQbank\/","https:\/\/www.instagram.com\/grupomedcof\/","https:\/\/br.linkedin.com\/company\/medcof","https:\/\/www.youtube.com\/channel\/UCdHMuOHKICxcHwecxN8P-AA"]},{"@type":"Person","@id":"https:\/\/www.grupomedcof.com.br\/blog\/#\/schema\/person\/db19a651f86c5fc202d6eee744fd3292","name":"Kiara Adelino","image":{"@type":"ImageObject","inLanguage":"pt-BR","@id":"https:\/\/www.grupomedcof.com.br\/blog\/wp-content\/uploads\/2024\/08\/cropped-Kiara-Adelino2-96x96.jpega85663bdda67261f8f06f86e555e1e49","url":"https:\/\/www.grupomedcof.com.br\/blog\/wp-content\/uploads\/2024\/08\/cropped-Kiara-Adelino2-96x96.jpeg","contentUrl":"https:\/\/www.grupomedcof.com.br\/blog\/wp-content\/uploads\/2024\/08\/cropped-Kiara-Adelino2-96x96.jpeg","caption":"Kiara Adelino"},"description":"Estudante do 5\u00b0 semestre de Medicina. Gosto bastante de aprender coisas novas, principalmente na \u00e1rea de Neurologia e Anatomia humana.","url":"https:\/\/www.grupomedcof.com.br\/blog\/author\/kiara-adelino\/"}]}},"authors":[{"term_id":3617,"user_id":21,"is_guest":0,"slug":"kiara-adelino","display_name":"Kiara Adelino","avatar_url":"https:\/\/www.grupomedcof.com.br\/blog\/wp-content\/uploads\/2024\/08\/cropped-Kiara-Adelino2-96x96.jpeg","0":null,"1":"","2":"","3":"","4":"","5":"","6":"","7":"","8":""}],"_links":{"self":[{"href":"https:\/\/www.grupomedcof.com.br\/blog\/wp-json\/wp\/v2\/posts\/33005","targetHints":{"allow":["GET"]}}],"collection":[{"href":"https:\/\/www.grupomedcof.com.br\/blog\/wp-json\/wp\/v2\/posts"}],"about":[{"href":"https:\/\/www.grupomedcof.com.br\/blog\/wp-json\/wp\/v2\/types\/post"}],"author":[{"embeddable":true,"href":"https:\/\/www.grupomedcof.com.br\/blog\/wp-json\/wp\/v2\/users\/21"}],"replies":[{"embeddable":true,"href":"https:\/\/www.grupomedcof.com.br\/blog\/wp-json\/wp\/v2\/comments?post=33005"}],"version-history":[{"count":1,"href":"https:\/\/www.grupomedcof.com.br\/blog\/wp-json\/wp\/v2\/posts\/33005\/revisions"}],"predecessor-version":[{"id":43410,"href":"https:\/\/www.grupomedcof.com.br\/blog\/wp-json\/wp\/v2\/posts\/33005\/revisions\/43410"}],"wp:featuredmedia":[{"embeddable":true,"href":"https:\/\/www.grupomedcof.com.br\/blog\/wp-json\/wp\/v2\/media\/33006"}],"wp:attachment":[{"href":"https:\/\/www.grupomedcof.com.br\/blog\/wp-json\/wp\/v2\/media?parent=33005"}],"wp:term":[{"taxonomy":"category","embeddable":true,"href":"https:\/\/www.grupomedcof.com.br\/blog\/wp-json\/wp\/v2\/categories?post=33005"},{"taxonomy":"post_tag","embeddable":true,"href":"https:\/\/www.grupomedcof.com.br\/blog\/wp-json\/wp\/v2\/tags?post=33005"},{"taxonomy":"author","embeddable":true,"href":"https:\/\/www.grupomedcof.com.br\/blog\/wp-json\/wp\/v2\/ppma_author?post=33005"}],"curies":[{"name":"wp","href":"https:\/\/api.w.org\/{rel}","templated":true}]}}