{"id":33047,"date":"2025-02-24T08:32:40","date_gmt":"2025-02-24T11:32:40","guid":{"rendered":"https:\/\/www.grupomedcof.com.br\/blog\/?p=33047"},"modified":"2025-02-24T08:32:40","modified_gmt":"2025-02-24T11:32:40","slug":"temfc-resultados","status":"publish","type":"post","link":"https:\/\/www.grupomedcof.com.br\/blog\/temfc-resultados\/","title":{"rendered":"TEMFC: confira o resultado final da prova"},"content":{"rendered":"<div id=\"ez-toc-container\" class=\"ez-toc-v2_0_74 counter-hierarchy ez-toc-counter ez-toc-transparent ez-toc-container-direction\">\n<div class=\"ez-toc-title-container\">\n<p class=\"ez-toc-title\" style=\"cursor:inherit\">Sum\u00e1rio<\/p>\n<span class=\"ez-toc-title-toggle\"><a href=\"#\" class=\"ez-toc-pull-right ez-toc-btn ez-toc-btn-xs ez-toc-btn-default ez-toc-toggle\" aria-label=\"Alternar tabela de conte\u00fado\"><span class=\"ez-toc-js-icon-con\"><span class=\"\"><span class=\"eztoc-hide\" style=\"display:none;\">Toggle<\/span><span class=\"ez-toc-icon-toggle-span\"><svg style=\"fill: #999;color:#999\" xmlns=\"http:\/\/www.w3.org\/2000\/svg\" class=\"list-377408\" width=\"20px\" height=\"20px\" viewBox=\"0 0 24 24\" fill=\"none\"><path d=\"M6 6H4v2h2V6zm14 0H8v2h12V6zM4 11h2v2H4v-2zm16 0H8v2h12v-2zM4 16h2v2H4v-2zm16 0H8v2h12v-2z\" fill=\"currentColor\"><\/path><\/svg><svg style=\"fill: #999;color:#999\" class=\"arrow-unsorted-368013\" xmlns=\"http:\/\/www.w3.org\/2000\/svg\" width=\"10px\" height=\"10px\" viewBox=\"0 0 24 24\" version=\"1.2\" baseProfile=\"tiny\"><path d=\"M18.2 9.3l-6.2-6.3-6.2 6.3c-.2.2-.3.4-.3.7s.1.5.3.7c.2.2.4.3.7.3h11c.3 0 .5-.1.7-.3.2-.2.3-.5.3-.7s-.1-.5-.3-.7zM5.8 14.7l6.2 6.3 6.2-6.3c.2-.2.3-.5.3-.7s-.1-.5-.3-.7c-.2-.2-.4-.3-.7-.3h-11c-.3 0-.5.1-.7.3-.2.2-.3.5-.3.7s.1.5.3.7z\"\/><\/svg><\/span><\/span><\/span><\/a><\/span><\/div>\n<nav><ul class='ez-toc-list ez-toc-list-level-1 ' ><li class='ez-toc-page-1 ez-toc-heading-level-2'><a class=\"ez-toc-link ez-toc-heading-1\" href=\"https:\/\/www.grupomedcof.com.br\/blog\/temfc-resultados\/#Resultado_Final\" >Resultado Final<\/a><\/li><li class='ez-toc-page-1 ez-toc-heading-level-2'><a class=\"ez-toc-link ez-toc-heading-2\" href=\"https:\/\/www.grupomedcof.com.br\/blog\/temfc-resultados\/#Resposta_aos_recursos_e_Resultado_de_prova\" >Resposta aos recursos e Resultado de prova<\/a><\/li><li class='ez-toc-page-1 ez-toc-heading-level-2'><a class=\"ez-toc-link ez-toc-heading-3\" href=\"https:\/\/www.grupomedcof.com.br\/blog\/temfc-resultados\/#Cronograma_TEMFC\" >Cronograma TEMFC<\/a><\/li><li class='ez-toc-page-1 ez-toc-heading-level-2'><a class=\"ez-toc-link ez-toc-heading-4\" href=\"https:\/\/www.grupomedcof.com.br\/blog\/temfc-resultados\/#Seja_um_MedCoffer\" >Seja um MedCoffer!<\/a><\/li><\/ul><\/nav><\/div>\n\n<figure class=\"wp-block-image size-large\"><img loading=\"lazy\" decoding=\"async\" width=\"1024\" height=\"576\" src=\"https:\/\/www.grupomedcof.com.br\/blog\/wp-content\/uploads\/2024\/09\/Modelo-instituicoes-2024-09-04T085324.976-1024x576.png\" alt=\"\" class=\"wp-image-29506\" srcset=\"https:\/\/www.grupomedcof.com.br\/blog\/wp-content\/uploads\/2024\/09\/Modelo-instituicoes-2024-09-04T085324.976-1024x576.png 1024w, https:\/\/www.grupomedcof.com.br\/blog\/wp-content\/uploads\/2024\/09\/Modelo-instituicoes-2024-09-04T085324.976-300x169.png 300w, https:\/\/www.grupomedcof.com.br\/blog\/wp-content\/uploads\/2024\/09\/Modelo-instituicoes-2024-09-04T085324.976-768x432.png 768w, https:\/\/www.grupomedcof.com.br\/blog\/wp-content\/uploads\/2024\/09\/Modelo-instituicoes-2024-09-04T085324.976-1536x864.png 1536w, https:\/\/www.grupomedcof.com.br\/blog\/wp-content\/uploads\/2024\/09\/Modelo-instituicoes-2024-09-04T085324.976-2048x1152.png 2048w, https:\/\/www.grupomedcof.com.br\/blog\/wp-content\/uploads\/2024\/09\/Modelo-instituicoes-2024-09-04T085324.976-747x420.png 747w, https:\/\/www.grupomedcof.com.br\/blog\/wp-content\/uploads\/2024\/09\/Modelo-instituicoes-2024-09-04T085324.976-150x84.png 150w, https:\/\/www.grupomedcof.com.br\/blog\/wp-content\/uploads\/2024\/09\/Modelo-instituicoes-2024-09-04T085324.976-696x392.png 696w, https:\/\/www.grupomedcof.com.br\/blog\/wp-content\/uploads\/2024\/09\/Modelo-instituicoes-2024-09-04T085324.976-1068x601.png 1068w, https:\/\/www.grupomedcof.com.br\/blog\/wp-content\/uploads\/2024\/09\/Modelo-instituicoes-2024-09-04T085324.976-1920x1080.png 1920w\" sizes=\"auto, (max-width: 1024px) 100vw, 1024px\" \/><\/figure>\n\n\n\n<p>Confira neste post os recursos e resultados da prova de <strong>T\u00edtulo de Especialista em Medicina de Fam\u00edlia e Comunidade<\/strong> <strong>(TEMFC).<\/strong> <\/p>\n\n\n\n<h2 class=\"wp-block-heading\" id=\"h-resultado-final\"><span class=\"ez-toc-section\" id=\"Resultado_Final\"><\/span><strong>Resultado Final<\/strong><span class=\"ez-toc-section-end\"><\/span><\/h2>\n\n\n\n<p>O resultado final foi divulgado no dia 21 de fevereiro de 2025. Para\u00a0<strong>emitir o Certificado<\/strong>\u00a0<strong>de \u00c1rea de Atua\u00e7\u00e3o<\/strong>, o candidato aprovado deve preencher o formul\u00e1rio cadastral de solicita\u00e7\u00e3o do T\u00edtulo de Especialista dentro da\u00a0<strong>\u00e1rea do candidato no site da SBMFC<\/strong>. Ap\u00f3s essa etapa, a AMB enviar\u00e1 um e-mail em at\u00e9 10 dias \u00fateis com as orienta\u00e7\u00f5es para o pagamento da taxa. Al\u00e9m disso, o candidato poder\u00e1 emitir a declara\u00e7\u00e3o de aprova\u00e7\u00e3o, dispon\u00edvel na mesma \u00e1rea. <\/p>\n\n\n\n<div class=\"wp-block-buttons is-content-justification-center is-layout-flex wp-container-core-buttons-is-layout-16018d1d wp-block-buttons-is-layout-flex\">\n<div class=\"wp-block-button\"><a class=\"wp-block-button__link wp-element-button\" href=\"file:\/\/\/C:\/Users\/MEDCOF-0415\/Downloads\/Resultado%20definitivo%20TEMFC%202025.pdf\" target=\"_blank\" rel=\"noreferrer noopener\">Resultado Final TEMFC<\/a><\/div>\n<\/div>\n\n\n\n<h2 class=\"wp-block-heading\" id=\"h-resposta-aos-recursos-e-resultado-de-prova\"><span class=\"ez-toc-section\" id=\"Resposta_aos_recursos_e_Resultado_de_prova\"><\/span><strong>Resposta aos recursos e Resultado de prova<\/strong><span class=\"ez-toc-section-end\"><\/span><\/h2>\n\n\n\n<p>A\u00a0<strong>Sociedade Brasileira de Medicina de Fam\u00edlia e Comunidade (SBMFC)<\/strong> divulgou no dia 15 de janeiro, o\u00a0<strong>gabarito definitivo<\/strong>\u00a0e o\u00a0<strong>resultado da prova<\/strong>\u00a0de Sufici\u00eancia para obten\u00e7\u00e3o da 35\u00aa edi\u00e7\u00e3o do\u00a0<strong>T\u00edtulo de Especialista em Medicina de Fam\u00edlia e Comunidade<\/strong> <strong>(TEMFC).<\/strong> <\/p>\n\n\n\n<p>O processo seletivo da 35\u00aa edi\u00e7\u00e3o do <strong>T\u00edtulo de Especialista em Medicina de Fam\u00edlia e Comunidade (TEMFC)<\/strong> ocorreu na metade do ano de 2024, iniciando com a publica\u00e7\u00e3o do <a href=\"https:\/\/www.grupomedcof.com.br\/blog\/prova-de-titulo-de-especialista-em-mfc-tem-edital-divulgado\/\" target=\"_blank\" rel=\"noreferrer noopener\">edital <\/a>em setembro. As inscri\u00e7\u00f5es ocorreram entre os dias 30 de agosto e 04 de outubro de 2024, e a prova foi aplicada no dia 08 de dezembro. Confira abaixo os documentos divulgados!<\/p>\n\n\n\n<div class=\"wp-block-buttons is-layout-flex wp-block-buttons-is-layout-flex\">\n<div class=\"wp-block-button\"><a class=\"wp-block-button__link wp-element-button\" href=\"https:\/\/www.grupomedcof.com.br\/blog\/wp-content\/uploads\/2025\/01\/RESPOSTA-AOS-RECURSOS-TEMFC-35.pdf\" target=\"_blank\" rel=\"noreferrer noopener\">Resposta aos recursos TEMFC <\/a><\/div>\n\n\n\n<div class=\"wp-block-button\"><a class=\"wp-block-button__link wp-element-button\" href=\"https:\/\/www.grupomedcof.com.br\/blog\/wp-content\/uploads\/2025\/01\/Resultado-Prova-Objetiva-apos-analise-dos-Recursos-15-01.pdf\" target=\"_blank\" rel=\"noreferrer noopener\">Resultado de prova<\/a><\/div>\n<\/div>\n\n\n\n<p>Desse modo, os candidatos que obtiveram <strong>nota igual ou superior a 56 pontos<\/strong> na prova objetiva <strong>n\u00e3o ter\u00e3o os curr\u00edculos analisados e j\u00e1 est\u00e3o aprovados no exame.<\/strong> O restante dos participantes habilitados para a 2\u00aa fase dever\u00e3o aguardar o resultado preliminar da An\u00e1lise Curricular, que ser\u00e1 divulgado no dia <strong>10 de fevereiro de 2025. <\/strong><\/p>\n\n\n\n<figure class=\"wp-block-image size-large\"><a href=\"https:\/\/www.grupomedcof.com.br\/cofletters\/\"><img loading=\"lazy\" decoding=\"async\" width=\"1024\" height=\"366\" src=\"https:\/\/www.grupomedcof.com.br\/blog\/wp-content\/uploads\/2024\/10\/Capa-Eventos-MedCof-Plus-1-1024x366.png\" alt=\"\" class=\"wp-image-30896\" srcset=\"https:\/\/www.grupomedcof.com.br\/blog\/wp-content\/uploads\/2024\/10\/Capa-Eventos-MedCof-Plus-1-1024x366.png 1024w, https:\/\/www.grupomedcof.com.br\/blog\/wp-content\/uploads\/2024\/10\/Capa-Eventos-MedCof-Plus-1-300x107.png 300w, https:\/\/www.grupomedcof.com.br\/blog\/wp-content\/uploads\/2024\/10\/Capa-Eventos-MedCof-Plus-1-768x275.png 768w, https:\/\/www.grupomedcof.com.br\/blog\/wp-content\/uploads\/2024\/10\/Capa-Eventos-MedCof-Plus-1-1536x549.png 1536w, https:\/\/www.grupomedcof.com.br\/blog\/wp-content\/uploads\/2024\/10\/Capa-Eventos-MedCof-Plus-1-2048x732.png 2048w, https:\/\/www.grupomedcof.com.br\/blog\/wp-content\/uploads\/2024\/10\/Capa-Eventos-MedCof-Plus-1-1175x420.png 1175w, https:\/\/www.grupomedcof.com.br\/blog\/wp-content\/uploads\/2024\/10\/Capa-Eventos-MedCof-Plus-1-150x54.png 150w, https:\/\/www.grupomedcof.com.br\/blog\/wp-content\/uploads\/2024\/10\/Capa-Eventos-MedCof-Plus-1-696x249.png 696w, https:\/\/www.grupomedcof.com.br\/blog\/wp-content\/uploads\/2024\/10\/Capa-Eventos-MedCof-Plus-1-1068x382.png 1068w, https:\/\/www.grupomedcof.com.br\/blog\/wp-content\/uploads\/2024\/10\/Capa-Eventos-MedCof-Plus-1-1920x686.png 1920w\" sizes=\"auto, (max-width: 1024px) 100vw, 1024px\" \/><\/a><\/figure>\n\n\n\n<h2 class=\"wp-block-heading\" id=\"cronograma-prova-de-t\u00edtulo\"><span class=\"ez-toc-section\" id=\"Cronograma_TEMFC\"><\/span><strong>Cronograma TEMFC<\/strong><span class=\"ez-toc-section-end\"><\/span><\/h2>\n\n\n\n<figure class=\"wp-block-table\"><table class=\"has-fixed-layout\"><tbody><tr><td><strong>Data<\/strong><\/td><td><strong>Atividade<\/strong><\/td><td><strong>Hor\u00e1rio<\/strong><\/td><td><strong>Local<\/strong><\/td><\/tr><tr><td>30\/08\/2024<\/td><td>Abertura das inscri\u00e7\u00f5es<\/td><td>\u2013<\/td><td>Site da SBMFC<\/td><\/tr><tr><td>04\/10\/2024<\/td><td>Encerramento das inscri\u00e7\u00f5es<\/td><td>At\u00e9 18h<\/td><td>Site da SBMFC<\/td><\/tr><tr><td>01\/11\/2024<\/td><td>Publica\u00e7\u00e3o da lista<br>preliminar de inscri\u00e7\u00f5es<br>homologadas<\/td><td>At\u00e9 \u00e0s 18h00<\/td><td>Site da SBMFC<\/td><\/tr><tr><td>04\/11\/2024<\/td><td>Data de in\u00edcio para<br>encaminhamento de<br>recurso em face da n\u00e3o<br>homologa\u00e7\u00e3o<\/td><td>A partir das 18h00<\/td><td>Site da SBMFC:<\/td><\/tr><tr><td>06\/11\/2024<\/td><td>Data limite para<br>encaminhamento de<br>recurso em face da n\u00e3o<br>homologa\u00e7\u00e3o<\/td><td>At\u00e9 \u00e0s 18h00<\/td><td>Site da SBMFC:<\/td><\/tr><tr><td>08\/11\/2024<\/td><td>Publica\u00e7\u00e3o da lista final<br>com as inscri\u00e7\u00f5es<br>homologadas<\/td><td>At\u00e9 \u00e0s 18h00<\/td><td>Site da SBMFC<\/td><\/tr><tr><td>11\/11\/2024<br>a<br>05\/12\/2024<\/td><td>Per\u00edodo para realiza\u00e7\u00e3o do<br>pr\u00e9-teste obrigat\u00f3rio.<\/td><td>\u2013<\/td><td>Hor\u00e1rios pr\u00e9-determinados pela EDUCAT, atrav\u00e9s de<br>agendamento dispon\u00edvel no endere\u00e7o<br>https:\/\/agendamento.educat.net.br<\/td><\/tr><tr><td>08\/12\/2024<\/td><td>Aplica\u00e7\u00e3o da prova te\u00f3rica<br>e te\u00f3rico-pr\u00e1tica<\/td><td>09h00 \u00e0s 14h00<\/td><td>Ambiente on-line de prova<\/td><\/tr><tr><td>09\/12\/2024<\/td><td>Divulga\u00e7\u00e3o do gabarito e<br>caderno de quest\u00f5es da<br>prova te\u00f3rica.<br>Divulga\u00e7\u00e3o do caderno de<br>quest\u00f5es e espelho de<br>corre\u00e7\u00e3o da prova te\u00f3ricopr\u00e1tica.<\/td><td>A partir das 14h00<\/td><td>Site da SBMFC<\/td><\/tr><tr><td>10\/12\/2024<\/td><td>Data de in\u00edcio para<br>encaminhamento de<br>recurso \u2013 provas te\u00f3rica e<br>te\u00f3rico-pr\u00e1tica<\/td><td>A partir da<br>divulga\u00e7\u00e3o do<br>gabarito e caderno<br>de quest\u00f5es<\/td><td>Site da SBMFC<\/td><\/tr><tr><td><br>12\/12\/2024<\/td><td>Data limite para<br>encaminhar recurso \u2013<br>provas te\u00f3rica e te\u00f3ricopr\u00e1tica<\/td><td>At\u00e9 \u00e0s 18h00<\/td><td>Site da SBMFC<\/td><\/tr><tr><td>13\/01\/2025<\/td><td>Publica\u00e7\u00e3o do gabarito<br>definitivo e do resultado<br>dos recursos\/resultado<br>final<\/td><td>At\u00e9 \u00e0s 18h00<\/td><td>Site da SBMFC<\/td><\/tr><tr><td>10\/02\/2025<\/td><td>Publica\u00e7\u00e3o do resultado<br>preliminar da an\u00e1lise dos<br>curr\u00edculos<\/td><td>At\u00e9 \u00e0s 18h00<\/td><td>Site da SBMFC<\/td><\/tr><tr><td>11\/02\/2025<\/td><td>Data de in\u00edcio para<br>interposi\u00e7\u00e3o de recursos<br>em face da an\u00e1lise<br>curricular<\/td><td>At\u00e9 \u00e0s 18h00<\/td><td>Site da SBMFC<\/td><\/tr><tr><td>12\/02\/2025<\/td><td>Data limite para<br>interposi\u00e7\u00e3o de recursos<br>em face da an\u00e1lise<br>curricular<\/td><td>At\u00e9 \u00e0s 18h00<\/td><td>Site da SBMFC<\/td><\/tr><tr><td>21\/02\/2025<\/td><td>Publica\u00e7\u00e3o do resultado<br>final do concurso TEMFC<br>34<\/td><td>At\u00e9 \u00e0s 18h00<\/td><td>Site da SBMFC<\/td><\/tr><\/tbody><\/table><\/figure>\n\n\n\n<h2 class=\"wp-block-heading\" id=\"seja-um-medcoffer\"><span class=\"ez-toc-section\" id=\"Seja_um_MedCoffer\"><\/span><strong>Seja um MedCoffer!<\/strong><span class=\"ez-toc-section-end\"><\/span><\/h2>\n\n\n\n<p>Quer conquistar o t\u00e3o sonhado T\u00edtulo de Especialista? Ent\u00e3o junte-se ao&nbsp;<a href=\"https:\/\/www.grupomedcof.com.br\/home\/\">Grupo MedCof!<\/a>&nbsp;Aqui te ajudaremos na busca da aprova\u00e7\u00e3o com conte\u00fados de qualidade e uma&nbsp;<a href=\"https:\/\/www.grupomedcof.com.br\/blog\/presenca-da-medcof-nas-aprovacoes-em-residencia-medica-no-brasil\/\" target=\"_blank\" rel=\"noreferrer noopener\"><strong>metodologia que j\u00e1 aprovou mais de 10 mil residentes no pa\u00eds<\/strong><\/a>!<\/p>\n\n\n\n<figure class=\"wp-block-embed is-type-video is-provider-youtube wp-block-embed-youtube wp-embed-aspect-16-9 wp-has-aspect-ratio\"><div class=\"wp-block-embed__wrapper\">\n<div class=\"youtube-embed\" data-video_id=\"GO8E14V48_A\"><iframe loading=\"lazy\" title=\"Medicina de Fam\u00edlia e Comunidade: as singularidades da resid\u00eancia m\u00e9dica com Dr. Darizon Filho EP.12\" width=\"696\" height=\"392\" src=\"https:\/\/www.youtube.com\/embed\/GO8E14V48_A?feature=oembed&#038;enablejsapi=1\" frameborder=\"0\" allow=\"accelerometer; autoplay; clipboard-write; encrypted-media; gyroscope; picture-in-picture; web-share\" referrerpolicy=\"strict-origin-when-cross-origin\" allowfullscreen><\/iframe><\/div>\n<\/div><\/figure>\n","protected":false},"excerpt":{"rendered":"<p>Confira neste post os recursos e resultados da prova de T\u00edtulo de Especialista em Medicina de Fam\u00edlia e Comunidade (TEMFC). <\/p>\n","protected":false},"author":20,"featured_media":29506,"comment_status":"open","ping_status":"open","sticky":false,"template":"","format":"standard","meta":{"footnotes":""},"categories":[1409],"tags":[253,1964,2472,2473],"ppma_author":[3616],"class_list":{"0":"post-33047","1":"post","2":"type-post","3":"status-publish","4":"format-standard","5":"has-post-thumbnail","7":"category-prova-de-titulo","8":"tag-medicina-de-familia-e-comunidade","9":"tag-prova-de-titulo","10":"tag-temfc","11":"tag-titulo-de-especialista-medicina-de-familia-e-comunidade"},"yoast_head":"<!-- This site is optimized with the Yoast SEO Premium plugin v24.3 (Yoast SEO v27.4) - https:\/\/yoast.com\/product\/yoast-seo-premium-wordpress\/ -->\n<title>TEMFC: confira o resultado final da prova - Blog de Medcof: conte\u00fados, editais, revalida e mais!<\/title>\n<meta name=\"description\" content=\"Confira neste post os recursos e resultados da prova de T\u00edtulo de Especialista em Medicina de Fam\u00edlia e Comunidade (TEMFC).\" \/>\n<meta name=\"robots\" content=\"index, follow, max-snippet:-1, max-image-preview:large, max-video-preview:-1\" \/>\n<link rel=\"canonical\" href=\"https:\/\/www.grupomedcof.com.br\/blog\/temfc-resultados\/\" \/>\n<meta property=\"og:locale\" content=\"pt_BR\" \/>\n<meta property=\"og:type\" content=\"article\" \/>\n<meta property=\"og:title\" content=\"TEMFC: confira o resultado final da prova\" \/>\n<meta property=\"og:description\" content=\"Confira neste post os recursos e resultados da prova de T\u00edtulo de Especialista em Medicina de Fam\u00edlia e Comunidade (TEMFC).\" \/>\n<meta property=\"og:url\" content=\"https:\/\/www.grupomedcof.com.br\/blog\/temfc-resultados\/\" \/>\n<meta property=\"og:site_name\" content=\"Blog de Medcof: conte\u00fados, editais, revalida e mais!\" \/>\n<meta property=\"article:publisher\" content=\"https:\/\/www.facebook.com\/MedCofQbank\/\" \/>\n<meta property=\"article:published_time\" content=\"2025-02-24T11:32:40+00:00\" \/>\n<meta property=\"og:image\" content=\"https:\/\/www.grupomedcof.com.br\/blog\/wp-content\/uploads\/2024\/09\/Modelo-instituicoes-2024-09-04T085324.976.png\" \/>\n\t<meta property=\"og:image:width\" content=\"2560\" \/>\n\t<meta property=\"og:image:height\" content=\"1440\" \/>\n\t<meta property=\"og:image:type\" content=\"image\/png\" \/>\n<meta name=\"author\" content=\"Leila Menzel\" \/>\n<meta name=\"twitter:card\" content=\"summary_large_image\" \/>\n<meta name=\"twitter:label1\" content=\"Escrito por\" \/>\n\t<meta name=\"twitter:data1\" content=\"Leila Menzel\" \/>\n\t<meta name=\"twitter:label2\" content=\"Est. tempo de leitura\" \/>\n\t<meta name=\"twitter:data2\" content=\"4 minutos\" \/>\n<script type=\"application\/ld+json\" class=\"yoast-schema-graph\">{\"@context\":\"https:\\\/\\\/schema.org\",\"@graph\":[{\"@type\":\"Article\",\"@id\":\"https:\\\/\\\/www.grupomedcof.com.br\\\/blog\\\/temfc-resultados\\\/#article\",\"isPartOf\":{\"@id\":\"https:\\\/\\\/www.grupomedcof.com.br\\\/blog\\\/temfc-resultados\\\/\"},\"author\":{\"name\":\"Leila Menzel\",\"@id\":\"https:\\\/\\\/www.grupomedcof.com.br\\\/blog\\\/#\\\/schema\\\/person\\\/9a44c2184a836bf5ae6967fdb3a1451e\"},\"headline\":\"TEMFC: confira o resultado final da prova\",\"datePublished\":\"2025-02-24T11:32:40+00:00\",\"mainEntityOfPage\":{\"@id\":\"https:\\\/\\\/www.grupomedcof.com.br\\\/blog\\\/temfc-resultados\\\/\"},\"wordCount\":634,\"commentCount\":0,\"publisher\":{\"@id\":\"https:\\\/\\\/www.grupomedcof.com.br\\\/blog\\\/#organization\"},\"image\":{\"@id\":\"https:\\\/\\\/www.grupomedcof.com.br\\\/blog\\\/temfc-resultados\\\/#primaryimage\"},\"thumbnailUrl\":\"https:\\\/\\\/www.grupomedcof.com.br\\\/blog\\\/wp-content\\\/uploads\\\/2024\\\/09\\\/Modelo-instituicoes-2024-09-04T085324.976.png\",\"keywords\":[\"Medicina de Fam\u00edlia e Comunidade\",\"Prova de T\u00edtulo\",\"TEMFC\",\"T\u00edtulo de Especialista Medicina de Fam\u00edlia e Comunidade\"],\"articleSection\":[\"Prova de T\u00edtulo: dicas e informa\u00e7\u00f5es confi\u00e1veis e atualizadas\"],\"inLanguage\":\"pt-BR\"},{\"@type\":\"WebPage\",\"@id\":\"https:\\\/\\\/www.grupomedcof.com.br\\\/blog\\\/temfc-resultados\\\/\",\"url\":\"https:\\\/\\\/www.grupomedcof.com.br\\\/blog\\\/temfc-resultados\\\/\",\"name\":\"TEMFC: confira o resultado final da prova - Blog de Medcof: conte\u00fados, editais, revalida e mais!\",\"isPartOf\":{\"@id\":\"https:\\\/\\\/www.grupomedcof.com.br\\\/blog\\\/#website\"},\"primaryImageOfPage\":{\"@id\":\"https:\\\/\\\/www.grupomedcof.com.br\\\/blog\\\/temfc-resultados\\\/#primaryimage\"},\"image\":{\"@id\":\"https:\\\/\\\/www.grupomedcof.com.br\\\/blog\\\/temfc-resultados\\\/#primaryimage\"},\"thumbnailUrl\":\"https:\\\/\\\/www.grupomedcof.com.br\\\/blog\\\/wp-content\\\/uploads\\\/2024\\\/09\\\/Modelo-instituicoes-2024-09-04T085324.976.png\",\"datePublished\":\"2025-02-24T11:32:40+00:00\",\"description\":\"Confira neste post os recursos e resultados da prova de T\u00edtulo de Especialista em Medicina de Fam\u00edlia e Comunidade (TEMFC).\",\"breadcrumb\":{\"@id\":\"https:\\\/\\\/www.grupomedcof.com.br\\\/blog\\\/temfc-resultados\\\/#breadcrumb\"},\"inLanguage\":\"pt-BR\",\"potentialAction\":[{\"@type\":\"ReadAction\",\"target\":[\"https:\\\/\\\/www.grupomedcof.com.br\\\/blog\\\/temfc-resultados\\\/\"]}]},{\"@type\":\"ImageObject\",\"inLanguage\":\"pt-BR\",\"@id\":\"https:\\\/\\\/www.grupomedcof.com.br\\\/blog\\\/temfc-resultados\\\/#primaryimage\",\"url\":\"https:\\\/\\\/www.grupomedcof.com.br\\\/blog\\\/wp-content\\\/uploads\\\/2024\\\/09\\\/Modelo-instituicoes-2024-09-04T085324.976.png\",\"contentUrl\":\"https:\\\/\\\/www.grupomedcof.com.br\\\/blog\\\/wp-content\\\/uploads\\\/2024\\\/09\\\/Modelo-instituicoes-2024-09-04T085324.976.png\",\"width\":2560,\"height\":1440},{\"@type\":\"BreadcrumbList\",\"@id\":\"https:\\\/\\\/www.grupomedcof.com.br\\\/blog\\\/temfc-resultados\\\/#breadcrumb\",\"itemListElement\":[{\"@type\":\"ListItem\",\"position\":1,\"name\":\"In\u00edcio\",\"item\":\"https:\\\/\\\/www.grupomedcof.com.br\\\/blog\\\/\"},{\"@type\":\"ListItem\",\"position\":2,\"name\":\"TEMFC: confira o resultado final da prova\"}]},{\"@type\":\"WebSite\",\"@id\":\"https:\\\/\\\/www.grupomedcof.com.br\\\/blog\\\/#website\",\"url\":\"https:\\\/\\\/www.grupomedcof.com.br\\\/blog\\\/\",\"name\":\"Blog de Medcof: conte\u00fados, editais, revalida e mais!\",\"description\":\"Acesso o blog de MedCof! Seu portal de conte\u00fados sobre resid\u00eancia m\u00e9dica, an\u00e1lise e editais e muito mais. Clique e confira!\",\"publisher\":{\"@id\":\"https:\\\/\\\/www.grupomedcof.com.br\\\/blog\\\/#organization\"},\"alternateName\":\"Blog de Medcof: conte\u00fados, editais, revalida e mais!\",\"potentialAction\":[{\"@type\":\"SearchAction\",\"target\":{\"@type\":\"EntryPoint\",\"urlTemplate\":\"https:\\\/\\\/www.grupomedcof.com.br\\\/blog\\\/?s={search_term_string}\"},\"query-input\":{\"@type\":\"PropertyValueSpecification\",\"valueRequired\":true,\"valueName\":\"search_term_string\"}}],\"inLanguage\":\"pt-BR\"},{\"@type\":\"Organization\",\"@id\":\"https:\\\/\\\/www.grupomedcof.com.br\\\/blog\\\/#organization\",\"name\":\"Grupo MedCof\",\"url\":\"https:\\\/\\\/www.grupomedcof.com.br\\\/blog\\\/\",\"logo\":{\"@type\":\"ImageObject\",\"inLanguage\":\"pt-BR\",\"@id\":\"https:\\\/\\\/www.grupomedcof.com.br\\\/blog\\\/#\\\/schema\\\/logo\\\/image\\\/\",\"url\":\"https:\\\/\\\/www.grupomedcof.com.br\\\/blog\\\/wp-content\\\/uploads\\\/2022\\\/01\\\/logo-medcof.png\",\"contentUrl\":\"https:\\\/\\\/www.grupomedcof.com.br\\\/blog\\\/wp-content\\\/uploads\\\/2022\\\/01\\\/logo-medcof.png\",\"width\":768,\"height\":269,\"caption\":\"Grupo MedCof\"},\"image\":{\"@id\":\"https:\\\/\\\/www.grupomedcof.com.br\\\/blog\\\/#\\\/schema\\\/logo\\\/image\\\/\"},\"sameAs\":[\"https:\\\/\\\/www.facebook.com\\\/MedCofQbank\\\/\",\"https:\\\/\\\/www.instagram.com\\\/grupomedcof\\\/\",\"https:\\\/\\\/br.linkedin.com\\\/company\\\/medcof\",\"https:\\\/\\\/www.youtube.com\\\/channel\\\/UCdHMuOHKICxcHwecxN8P-AA\"]},{\"@type\":\"Person\",\"@id\":\"https:\\\/\\\/www.grupomedcof.com.br\\\/blog\\\/#\\\/schema\\\/person\\\/9a44c2184a836bf5ae6967fdb3a1451e\",\"name\":\"Leila Menzel\",\"image\":{\"@type\":\"ImageObject\",\"inLanguage\":\"pt-BR\",\"@id\":\"https:\\\/\\\/www.grupomedcof.com.br\\\/blog\\\/wp-content\\\/uploads\\\/2025\\\/09\\\/cropped-eu-96x96.jpeg19a74936d997c0a8b3031618467fa1d0\",\"url\":\"https:\\\/\\\/www.grupomedcof.com.br\\\/blog\\\/wp-content\\\/uploads\\\/2025\\\/09\\\/cropped-eu-96x96.jpeg\",\"contentUrl\":\"https:\\\/\\\/www.grupomedcof.com.br\\\/blog\\\/wp-content\\\/uploads\\\/2025\\\/09\\\/cropped-eu-96x96.jpeg\",\"caption\":\"Leila Menzel\"},\"description\":\"Estudante do 6\u00b0 semestre de jornalismo, amo e escrevo poesias e viajo em livros de romances clich\u00eas.\",\"url\":\"https:\\\/\\\/www.grupomedcof.com.br\\\/blog\\\/author\\\/leila-menzel\\\/\"}]}<\/script>\n<!-- \/ Yoast SEO Premium plugin. -->","yoast_head_json":{"title":"TEMFC: confira o resultado final da prova - Blog de Medcof: conte\u00fados, editais, revalida e mais!","description":"Confira neste post os recursos e resultados da prova de T\u00edtulo de Especialista em Medicina de Fam\u00edlia e Comunidade (TEMFC).","robots":{"index":"index","follow":"follow","max-snippet":"max-snippet:-1","max-image-preview":"max-image-preview:large","max-video-preview":"max-video-preview:-1"},"canonical":"https:\/\/www.grupomedcof.com.br\/blog\/temfc-resultados\/","og_locale":"pt_BR","og_type":"article","og_title":"TEMFC: confira o resultado final da prova","og_description":"Confira neste post os recursos e resultados da prova de T\u00edtulo de Especialista em Medicina de Fam\u00edlia e Comunidade (TEMFC).","og_url":"https:\/\/www.grupomedcof.com.br\/blog\/temfc-resultados\/","og_site_name":"Blog de Medcof: conte\u00fados, editais, revalida e mais!","article_publisher":"https:\/\/www.facebook.com\/MedCofQbank\/","article_published_time":"2025-02-24T11:32:40+00:00","og_image":[{"width":2560,"height":1440,"url":"https:\/\/www.grupomedcof.com.br\/blog\/wp-content\/uploads\/2024\/09\/Modelo-instituicoes-2024-09-04T085324.976.png","type":"image\/png"}],"author":"Leila Menzel","twitter_card":"summary_large_image","twitter_misc":{"Escrito por":"Leila Menzel","Est. tempo de leitura":"4 minutos"},"schema":{"@context":"https:\/\/schema.org","@graph":[{"@type":"Article","@id":"https:\/\/www.grupomedcof.com.br\/blog\/temfc-resultados\/#article","isPartOf":{"@id":"https:\/\/www.grupomedcof.com.br\/blog\/temfc-resultados\/"},"author":{"name":"Leila Menzel","@id":"https:\/\/www.grupomedcof.com.br\/blog\/#\/schema\/person\/9a44c2184a836bf5ae6967fdb3a1451e"},"headline":"TEMFC: confira o resultado final da prova","datePublished":"2025-02-24T11:32:40+00:00","mainEntityOfPage":{"@id":"https:\/\/www.grupomedcof.com.br\/blog\/temfc-resultados\/"},"wordCount":634,"commentCount":0,"publisher":{"@id":"https:\/\/www.grupomedcof.com.br\/blog\/#organization"},"image":{"@id":"https:\/\/www.grupomedcof.com.br\/blog\/temfc-resultados\/#primaryimage"},"thumbnailUrl":"https:\/\/www.grupomedcof.com.br\/blog\/wp-content\/uploads\/2024\/09\/Modelo-instituicoes-2024-09-04T085324.976.png","keywords":["Medicina de Fam\u00edlia e Comunidade","Prova de T\u00edtulo","TEMFC","T\u00edtulo de Especialista Medicina de Fam\u00edlia e Comunidade"],"articleSection":["Prova de T\u00edtulo: dicas e informa\u00e7\u00f5es confi\u00e1veis e atualizadas"],"inLanguage":"pt-BR"},{"@type":"WebPage","@id":"https:\/\/www.grupomedcof.com.br\/blog\/temfc-resultados\/","url":"https:\/\/www.grupomedcof.com.br\/blog\/temfc-resultados\/","name":"TEMFC: confira o resultado final da prova - Blog de Medcof: conte\u00fados, editais, revalida e mais!","isPartOf":{"@id":"https:\/\/www.grupomedcof.com.br\/blog\/#website"},"primaryImageOfPage":{"@id":"https:\/\/www.grupomedcof.com.br\/blog\/temfc-resultados\/#primaryimage"},"image":{"@id":"https:\/\/www.grupomedcof.com.br\/blog\/temfc-resultados\/#primaryimage"},"thumbnailUrl":"https:\/\/www.grupomedcof.com.br\/blog\/wp-content\/uploads\/2024\/09\/Modelo-instituicoes-2024-09-04T085324.976.png","datePublished":"2025-02-24T11:32:40+00:00","description":"Confira neste post os recursos e resultados da prova de T\u00edtulo de Especialista em Medicina de Fam\u00edlia e Comunidade (TEMFC).","breadcrumb":{"@id":"https:\/\/www.grupomedcof.com.br\/blog\/temfc-resultados\/#breadcrumb"},"inLanguage":"pt-BR","potentialAction":[{"@type":"ReadAction","target":["https:\/\/www.grupomedcof.com.br\/blog\/temfc-resultados\/"]}]},{"@type":"ImageObject","inLanguage":"pt-BR","@id":"https:\/\/www.grupomedcof.com.br\/blog\/temfc-resultados\/#primaryimage","url":"https:\/\/www.grupomedcof.com.br\/blog\/wp-content\/uploads\/2024\/09\/Modelo-instituicoes-2024-09-04T085324.976.png","contentUrl":"https:\/\/www.grupomedcof.com.br\/blog\/wp-content\/uploads\/2024\/09\/Modelo-instituicoes-2024-09-04T085324.976.png","width":2560,"height":1440},{"@type":"BreadcrumbList","@id":"https:\/\/www.grupomedcof.com.br\/blog\/temfc-resultados\/#breadcrumb","itemListElement":[{"@type":"ListItem","position":1,"name":"In\u00edcio","item":"https:\/\/www.grupomedcof.com.br\/blog\/"},{"@type":"ListItem","position":2,"name":"TEMFC: confira o resultado final da prova"}]},{"@type":"WebSite","@id":"https:\/\/www.grupomedcof.com.br\/blog\/#website","url":"https:\/\/www.grupomedcof.com.br\/blog\/","name":"Blog de Medcof: conte\u00fados, editais, revalida e mais!","description":"Acesso o blog de MedCof! Seu portal de conte\u00fados sobre resid\u00eancia m\u00e9dica, an\u00e1lise e editais e muito mais. Clique e confira!","publisher":{"@id":"https:\/\/www.grupomedcof.com.br\/blog\/#organization"},"alternateName":"Blog de Medcof: conte\u00fados, editais, revalida e mais!","potentialAction":[{"@type":"SearchAction","target":{"@type":"EntryPoint","urlTemplate":"https:\/\/www.grupomedcof.com.br\/blog\/?s={search_term_string}"},"query-input":{"@type":"PropertyValueSpecification","valueRequired":true,"valueName":"search_term_string"}}],"inLanguage":"pt-BR"},{"@type":"Organization","@id":"https:\/\/www.grupomedcof.com.br\/blog\/#organization","name":"Grupo MedCof","url":"https:\/\/www.grupomedcof.com.br\/blog\/","logo":{"@type":"ImageObject","inLanguage":"pt-BR","@id":"https:\/\/www.grupomedcof.com.br\/blog\/#\/schema\/logo\/image\/","url":"https:\/\/www.grupomedcof.com.br\/blog\/wp-content\/uploads\/2022\/01\/logo-medcof.png","contentUrl":"https:\/\/www.grupomedcof.com.br\/blog\/wp-content\/uploads\/2022\/01\/logo-medcof.png","width":768,"height":269,"caption":"Grupo MedCof"},"image":{"@id":"https:\/\/www.grupomedcof.com.br\/blog\/#\/schema\/logo\/image\/"},"sameAs":["https:\/\/www.facebook.com\/MedCofQbank\/","https:\/\/www.instagram.com\/grupomedcof\/","https:\/\/br.linkedin.com\/company\/medcof","https:\/\/www.youtube.com\/channel\/UCdHMuOHKICxcHwecxN8P-AA"]},{"@type":"Person","@id":"https:\/\/www.grupomedcof.com.br\/blog\/#\/schema\/person\/9a44c2184a836bf5ae6967fdb3a1451e","name":"Leila Menzel","image":{"@type":"ImageObject","inLanguage":"pt-BR","@id":"https:\/\/www.grupomedcof.com.br\/blog\/wp-content\/uploads\/2025\/09\/cropped-eu-96x96.jpeg19a74936d997c0a8b3031618467fa1d0","url":"https:\/\/www.grupomedcof.com.br\/blog\/wp-content\/uploads\/2025\/09\/cropped-eu-96x96.jpeg","contentUrl":"https:\/\/www.grupomedcof.com.br\/blog\/wp-content\/uploads\/2025\/09\/cropped-eu-96x96.jpeg","caption":"Leila Menzel"},"description":"Estudante do 6\u00b0 semestre de jornalismo, amo e escrevo poesias e viajo em livros de romances clich\u00eas.","url":"https:\/\/www.grupomedcof.com.br\/blog\/author\/leila-menzel\/"}]}},"authors":[{"term_id":3616,"user_id":20,"is_guest":0,"slug":"leila-menzel","display_name":"Leila Menzel","avatar_url":"https:\/\/www.grupomedcof.com.br\/blog\/wp-content\/uploads\/2025\/09\/cropped-eu-96x96.jpeg","0":null,"1":"","2":"","3":"","4":"","5":"","6":"","7":"","8":""}],"_links":{"self":[{"href":"https:\/\/www.grupomedcof.com.br\/blog\/wp-json\/wp\/v2\/posts\/33047","targetHints":{"allow":["GET"]}}],"collection":[{"href":"https:\/\/www.grupomedcof.com.br\/blog\/wp-json\/wp\/v2\/posts"}],"about":[{"href":"https:\/\/www.grupomedcof.com.br\/blog\/wp-json\/wp\/v2\/types\/post"}],"author":[{"embeddable":true,"href":"https:\/\/www.grupomedcof.com.br\/blog\/wp-json\/wp\/v2\/users\/20"}],"replies":[{"embeddable":true,"href":"https:\/\/www.grupomedcof.com.br\/blog\/wp-json\/wp\/v2\/comments?post=33047"}],"version-history":[{"count":0,"href":"https:\/\/www.grupomedcof.com.br\/blog\/wp-json\/wp\/v2\/posts\/33047\/revisions"}],"wp:featuredmedia":[{"embeddable":true,"href":"https:\/\/www.grupomedcof.com.br\/blog\/wp-json\/wp\/v2\/media\/29506"}],"wp:attachment":[{"href":"https:\/\/www.grupomedcof.com.br\/blog\/wp-json\/wp\/v2\/media?parent=33047"}],"wp:term":[{"taxonomy":"category","embeddable":true,"href":"https:\/\/www.grupomedcof.com.br\/blog\/wp-json\/wp\/v2\/categories?post=33047"},{"taxonomy":"post_tag","embeddable":true,"href":"https:\/\/www.grupomedcof.com.br\/blog\/wp-json\/wp\/v2\/tags?post=33047"},{"taxonomy":"author","embeddable":true,"href":"https:\/\/www.grupomedcof.com.br\/blog\/wp-json\/wp\/v2\/ppma_author?post=33047"}],"curies":[{"name":"wp","href":"https:\/\/api.w.org\/{rel}","templated":true}]}}