{"id":33075,"date":"2026-04-16T16:02:12","date_gmt":"2026-04-16T19:02:12","guid":{"rendered":"https:\/\/www.grupomedcof.com.br\/blog\/?p=33075"},"modified":"2026-04-23T13:29:25","modified_gmt":"2026-04-23T16:29:25","slug":"sp-registra-a-primeira-morte-por-febre-amarela-em-2026","status":"publish","type":"post","link":"https:\/\/www.grupomedcof.com.br\/blog\/sp-registra-a-primeira-morte-por-febre-amarela-em-2026\/","title":{"rendered":"SP registra a primeira morte por febre amarela em 2026"},"content":{"rendered":"<div id=\"ez-toc-container\" class=\"ez-toc-v2_0_74 counter-hierarchy ez-toc-counter ez-toc-transparent ez-toc-container-direction\">\n<div class=\"ez-toc-title-container\">\n<p class=\"ez-toc-title\" style=\"cursor:inherit\">Sum\u00e1rio<\/p>\n<span class=\"ez-toc-title-toggle\"><a href=\"#\" class=\"ez-toc-pull-right ez-toc-btn ez-toc-btn-xs ez-toc-btn-default ez-toc-toggle\" aria-label=\"Alternar tabela de conte\u00fado\"><span class=\"ez-toc-js-icon-con\"><span class=\"\"><span class=\"eztoc-hide\" style=\"display:none;\">Toggle<\/span><span class=\"ez-toc-icon-toggle-span\"><svg style=\"fill: #999;color:#999\" xmlns=\"http:\/\/www.w3.org\/2000\/svg\" class=\"list-377408\" width=\"20px\" height=\"20px\" viewBox=\"0 0 24 24\" fill=\"none\"><path d=\"M6 6H4v2h2V6zm14 0H8v2h12V6zM4 11h2v2H4v-2zm16 0H8v2h12v-2zM4 16h2v2H4v-2zm16 0H8v2h12v-2z\" fill=\"currentColor\"><\/path><\/svg><svg style=\"fill: #999;color:#999\" class=\"arrow-unsorted-368013\" xmlns=\"http:\/\/www.w3.org\/2000\/svg\" width=\"10px\" height=\"10px\" viewBox=\"0 0 24 24\" version=\"1.2\" baseProfile=\"tiny\"><path d=\"M18.2 9.3l-6.2-6.3-6.2 6.3c-.2.2-.3.4-.3.7s.1.5.3.7c.2.2.4.3.7.3h11c.3 0 .5-.1.7-.3.2-.2.3-.5.3-.7s-.1-.5-.3-.7zM5.8 14.7l6.2 6.3 6.2-6.3c.2-.2.3-.5.3-.7s-.1-.5-.3-.7c-.2-.2-.4-.3-.7-.3h-11c-.3 0-.5.1-.7.3-.2.2-.3.5-.3.7s.1.5.3.7z\"\/><\/svg><\/span><\/span><\/span><\/a><\/span><\/div>\n<nav><ul class='ez-toc-list ez-toc-list-level-1 ' ><li class='ez-toc-page-1 ez-toc-heading-level-2'><a class=\"ez-toc-link ez-toc-heading-1\" href=\"https:\/\/www.grupomedcof.com.br\/blog\/sp-registra-a-primeira-morte-por-febre-amarela-em-2026\/#Primeiro_Caso_de_Febre_Amarela_de_2026\" >Primeiro Caso de Febre Amarela de 2026<\/a><\/li><li class='ez-toc-page-1 ez-toc-heading-level-2'><a class=\"ez-toc-link ez-toc-heading-2\" href=\"https:\/\/www.grupomedcof.com.br\/blog\/sp-registra-a-primeira-morte-por-febre-amarela-em-2026\/#O_que_e_a_Febre_Amarela\" >O que \u00e9 a Febre Amarela?<\/a><ul class='ez-toc-list-level-3' ><li class='ez-toc-heading-level-3'><a class=\"ez-toc-link ez-toc-heading-3\" href=\"https:\/\/www.grupomedcof.com.br\/blog\/sp-registra-a-primeira-morte-por-febre-amarela-em-2026\/#Sintomas\" >Sintomas<\/a><\/li><li class='ez-toc-page-1 ez-toc-heading-level-3'><a class=\"ez-toc-link ez-toc-heading-4\" href=\"https:\/\/www.grupomedcof.com.br\/blog\/sp-registra-a-primeira-morte-por-febre-amarela-em-2026\/#Tratamento\" >Tratamento<\/a><\/li><li class='ez-toc-page-1 ez-toc-heading-level-3'><a class=\"ez-toc-link ez-toc-heading-5\" href=\"https:\/\/www.grupomedcof.com.br\/blog\/sp-registra-a-primeira-morte-por-febre-amarela-em-2026\/#Vacinacao_contra_a_Febre_Amarela\" >Vacina\u00e7\u00e3o contra a Febre Amarela<\/a><\/li><\/ul><\/li><li class='ez-toc-page-1 ez-toc-heading-level-2'><a class=\"ez-toc-link ez-toc-heading-6\" href=\"https:\/\/www.grupomedcof.com.br\/blog\/sp-registra-a-primeira-morte-por-febre-amarela-em-2026\/#Febre_amarela_em_metropoles\" >Febre amarela em metr\u00f3poles<\/a><\/li><li class='ez-toc-page-1 ez-toc-heading-level-2'><a class=\"ez-toc-link ez-toc-heading-7\" href=\"https:\/\/www.grupomedcof.com.br\/blog\/sp-registra-a-primeira-morte-por-febre-amarela-em-2026\/#O_metodo_que_te_aprova\" >O m\u00e9todo que te aprova!<\/a><\/li><\/ul><\/nav><\/div>\n\n<figure class=\"wp-block-image size-large\"><img loading=\"lazy\" decoding=\"async\" width=\"1024\" height=\"576\" src=\"https:\/\/www.grupomedcof.com.br\/blog\/wp-content\/uploads\/2025\/01\/Blog-MedCof-37-1024x576.png\" alt=\"\" class=\"wp-image-33076\" srcset=\"https:\/\/www.grupomedcof.com.br\/blog\/wp-content\/uploads\/2025\/01\/Blog-MedCof-37-1024x576.png 1024w, https:\/\/www.grupomedcof.com.br\/blog\/wp-content\/uploads\/2025\/01\/Blog-MedCof-37-300x169.png 300w, https:\/\/www.grupomedcof.com.br\/blog\/wp-content\/uploads\/2025\/01\/Blog-MedCof-37-768x432.png 768w, https:\/\/www.grupomedcof.com.br\/blog\/wp-content\/uploads\/2025\/01\/Blog-MedCof-37-1536x864.png 1536w, https:\/\/www.grupomedcof.com.br\/blog\/wp-content\/uploads\/2025\/01\/Blog-MedCof-37-2048x1152.png 2048w, https:\/\/www.grupomedcof.com.br\/blog\/wp-content\/uploads\/2025\/01\/Blog-MedCof-37-747x420.png 747w, https:\/\/www.grupomedcof.com.br\/blog\/wp-content\/uploads\/2025\/01\/Blog-MedCof-37-150x84.png 150w, https:\/\/www.grupomedcof.com.br\/blog\/wp-content\/uploads\/2025\/01\/Blog-MedCof-37-696x392.png 696w, https:\/\/www.grupomedcof.com.br\/blog\/wp-content\/uploads\/2025\/01\/Blog-MedCof-37-1068x601.png 1068w, https:\/\/www.grupomedcof.com.br\/blog\/wp-content\/uploads\/2025\/01\/Blog-MedCof-37-1920x1080.png 1920w\" sizes=\"auto, (max-width: 1024px) 100vw, 1024px\" \/><\/figure>\n\n\n\n<p>Nesta quinta-feira (16), Secretaria de Estado da Sa\u00fade de S\u00e3o Paulo confirmou <strong>a primeira morte de Febre Amarela em 2026. <\/strong>A v\u00edtima era morador da cidade de Cunha, no Vale do Para\u00edba. Confira o texto e entenda mais!<\/p>\n\n\n\n<h2 class=\"wp-block-heading\" id=\"h-primeiro-caso-de-febre-amarela-de-2026\"><span class=\"ez-toc-section\" id=\"Primeiro_Caso_de_Febre_Amarela_de_2026\"><\/span><strong>Primeiro Caso de Febre Amarela de 2026<\/strong><span class=\"ez-toc-section-end\"><\/span><\/h2>\n\n\n\n<p>O caso ocorreu com um homem de 38 anos, <strong>n\u00e3o vacinado<\/strong>. Segundo a Prefeitura de Cunha, <strong>o paciente trabalhava em um setor de celulose<\/strong>, com plantio de eucalipto, e estava em atividade em outro munic\u00edpio do Vale do Para\u00edba. <\/p>\n\n\n\n<p>As autoridades ainda n\u00e3o conseguem afirmar se a infec\u00e7\u00e3o ocorreu em Cunha ou em outra cidade, <strong>devido a presen\u00e7a de outros pacientes com suspeita de febre amarela na mesma data.<\/strong><\/p>\n\n\n\n<p>Outros dois casos de febre amarela foram registrados em Cruzeiro, <strong>uma mulher de 23 anos e um homem de 52 anos &#8211; nenhum deles com hist\u00f3rico de vacina\u00e7\u00e3o contra o v\u00edrus.<\/strong> Os dois pacientes se recuperaram e receberam alta. <\/p>\n\n\n\n<h2 class=\"wp-block-heading\" id=\"h-o-que-e-a-febre-amarela\"><span class=\"ez-toc-section\" id=\"O_que_e_a_Febre_Amarela\"><\/span><strong>O que \u00e9 a Febre Amarela?<\/strong><span class=\"ez-toc-section-end\"><\/span><\/h2>\n\n\n\n<p>A <strong>Febre Amarela<\/strong> \u00e9 uma doen\u00e7a infecciosa febril aguda, imunopreven\u00edvel, <strong>transmitida pela picada de mosquitos infectados<\/strong>. Em \u00e1reas florestais, os principais vetores s\u00e3o mosquitos do g\u00eanero Haemagogus, enquanto no ambiente urbano, o <strong>Aedes aegypti<\/strong> \u00e9 respons\u00e1vel pela transmiss\u00e3o.<\/p>\n\n\n\n<p>\u00c9 uma doen\u00e7a de notifica\u00e7\u00e3o compuls\u00f3ria imediata,&nbsp;<strong>na qual todo evento suspeito deve ser prontamente comunicado\/notificado, em at\u00e9 24 horas ap\u00f3s a suspeita inicial,<\/strong> \u00e0s autoridades locais competentes pela via mais r\u00e1pida.<\/p>\n\n\n\n<h3 class=\"wp-block-heading\" id=\"h-sintomas\"><span class=\"ez-toc-section\" id=\"Sintomas\"><\/span><strong>Sintomas<\/strong><span class=\"ez-toc-section-end\"><\/span><\/h3>\n\n\n\n<p>Os sintomas iniciais incluem:<\/p>\n\n\n\n<ul class=\"wp-block-list\">\n<li>Febre s\u00fabita;<\/li>\n\n\n\n<li>Calafrios;<\/li>\n\n\n\n<li>Dor de cabe\u00e7a intensa;<\/li>\n\n\n\n<li>Dores no corpo e nas costas;<\/li>\n\n\n\n<li>N\u00e1useas;<\/li>\n\n\n\n<li>V\u00f4mitos;<\/li>\n\n\n\n<li>Fadiga;<\/li>\n\n\n\n<li>Fraqueza.<\/li>\n<\/ul>\n\n\n\n<p>Em <strong>casos graves<\/strong>, a pessoa infectada por febre amarela pode desenvolver outros sintomas, como: <\/p>\n\n\n\n<ul class=\"wp-block-list\">\n<li>Febre alta;<\/li>\n\n\n\n<li>Icter\u00edcia;<\/li>\n\n\n\n<li>Hemorragia;<\/li>\n\n\n\n<li>Eventualmente, choque e insufici\u00eancia de m\u00faltiplos \u00f3rg\u00e3os.<\/li>\n<\/ul>\n\n\n\n<p>De acordo com o <strong><a href=\"https:\/\/www.gov.br\/saude\/pt-br\/assuntos\/saude-de-a-a-z\/f\/febre-amarela\" target=\"_blank\" rel=\"noreferrer noopener\">Minist\u00e9rio da Sa\u00fade, <\/a><\/strong>cerca de &nbsp;20% a 50% das pessoas que desenvolvem febre amarela grave podem morrer.&nbsp;Por isso, \u00e9 extremamente importante procurar os m\u00e9dicos ap\u00f3s sintomas iniciais. <\/p>\n\n\n\n<h3 class=\"wp-block-heading\" id=\"h-tratamento\"><span class=\"ez-toc-section\" id=\"Tratamento\"><\/span><strong>Tratamento<\/strong><span class=\"ez-toc-section-end\"><\/span><\/h3>\n\n\n\n<p>O tratamento \u00e9 apenas sintom\u00e1tico, mantendo em repouso o paciente hospitalizado. Nas <strong>formas graves<\/strong>, a equipe m\u00e9dica deve atender o paciente em <strong>Unidade de Terapia Intensiva (UTI)<\/strong> para reduzir as complica\u00e7\u00f5es e o risco de \u00f3bito. Al\u00e9m disso, os profissionais devem evitar medicamentos como a <strong>Aspirina (AAS)<\/strong>, tendo em vista que o uso pode favorecer o aparecimento de manifesta\u00e7\u00f5es hemorr\u00e1gicas.<\/p>\n\n\n\n<h3 class=\"wp-block-heading\" id=\"h-vacinacao-contra-a-febre-amarela\"><span class=\"ez-toc-section\" id=\"Vacinacao_contra_a_Febre_Amarela\"><\/span><strong>Vacina\u00e7\u00e3o contra a Febre Amarela<\/strong><span class=\"ez-toc-section-end\"><\/span><\/h3>\n\n\n\n<p>O principal meio de preven\u00e7\u00e3o contra a doen\u00e7a \u00e9 a <strong>vacina\u00e7\u00e3o<\/strong>, segundo a <strong>Secretaria de Estado da Sa\u00fade de S\u00e3o Paulo (SES-SP)<\/strong>. A vacina \u00e9 oferecida para toda a popula\u00e7\u00e3o por meio do <strong>Sistema \u00danico de Sa\u00fade (SUS)<\/strong> desde 2017, por meio do esquema vacinal de uma <strong>\u00fanica dose<\/strong> ao longo da vida, em conformidade com as recomenda\u00e7\u00f5es da <strong>Organiza\u00e7\u00e3o Mundial da Sa\u00fade (OMS).<\/strong><\/p>\n\n\n\n<p>A&nbsp;<strong>vacina contra a febre amarela (VFA)<\/strong>&nbsp;\u00e9 altamente eficaz, proporcionando imunidade em 95% a 99% dos adultos vacinados e cerca de 90% das crian\u00e7as pequenas. Algumas rea\u00e7\u00f5es podem ser notadas ap\u00f3s a vacina\u00e7\u00e3o, como hipersensibilidade e as manifesta\u00e7\u00f5es da pr\u00f3pria doen\u00e7a com o desenvolvimento dos sinais e sintomas observados. <\/p>\n\n\n\n<figure class=\"wp-block-image size-large\"><a href=\"https:\/\/www.grupomedcof.com.br\/cofletters\/\"><img loading=\"lazy\" decoding=\"async\" width=\"1024\" height=\"366\" src=\"https:\/\/www.grupomedcof.com.br\/blog\/wp-content\/uploads\/2024\/10\/Capa-Eventos-MedCof-Plus-1-1024x366.png\" alt=\"\" class=\"wp-image-30896\" srcset=\"https:\/\/www.grupomedcof.com.br\/blog\/wp-content\/uploads\/2024\/10\/Capa-Eventos-MedCof-Plus-1-1024x366.png 1024w, https:\/\/www.grupomedcof.com.br\/blog\/wp-content\/uploads\/2024\/10\/Capa-Eventos-MedCof-Plus-1-300x107.png 300w, https:\/\/www.grupomedcof.com.br\/blog\/wp-content\/uploads\/2024\/10\/Capa-Eventos-MedCof-Plus-1-768x275.png 768w, https:\/\/www.grupomedcof.com.br\/blog\/wp-content\/uploads\/2024\/10\/Capa-Eventos-MedCof-Plus-1-1536x549.png 1536w, https:\/\/www.grupomedcof.com.br\/blog\/wp-content\/uploads\/2024\/10\/Capa-Eventos-MedCof-Plus-1-2048x732.png 2048w, https:\/\/www.grupomedcof.com.br\/blog\/wp-content\/uploads\/2024\/10\/Capa-Eventos-MedCof-Plus-1-1175x420.png 1175w, https:\/\/www.grupomedcof.com.br\/blog\/wp-content\/uploads\/2024\/10\/Capa-Eventos-MedCof-Plus-1-150x54.png 150w, https:\/\/www.grupomedcof.com.br\/blog\/wp-content\/uploads\/2024\/10\/Capa-Eventos-MedCof-Plus-1-696x249.png 696w, https:\/\/www.grupomedcof.com.br\/blog\/wp-content\/uploads\/2024\/10\/Capa-Eventos-MedCof-Plus-1-1068x382.png 1068w, https:\/\/www.grupomedcof.com.br\/blog\/wp-content\/uploads\/2024\/10\/Capa-Eventos-MedCof-Plus-1-1920x686.png 1920w\" sizes=\"auto, (max-width: 1024px) 100vw, 1024px\" \/><\/a><\/figure>\n\n\n\n<h2 class=\"wp-block-heading\" id=\"h-febre-amarela-em-metropoles\"><span class=\"ez-toc-section\" id=\"Febre_amarela_em_metropoles\"><\/span><strong>Febre amarela em metr\u00f3poles<\/strong><span class=\"ez-toc-section-end\"><\/span><\/h2>\n\n\n\n<p>Novas evid\u00eancias mostram que <strong>a febre amarela se espalha com maior intensidade em regi\u00f5es pr\u00f3ximas a grandes cidades.<\/strong> Os dados s\u00e3o do <a href=\"https:\/\/www.nature.com\/articles\/s41564-026-02302-w\" type=\"link\" id=\"https:\/\/www.nature.com\/articles\/s41564-026-02302-w\">estudo<\/a> da Faculdade de Medicina da Universidade de S\u00e3o Paulo (FMUSP), publicado na revista <em>Nature Microbiology<\/em>. <\/p>\n\n\n\n<p>A pesquisa analisou a din\u00e2mica de infec\u00e7\u00e3o em primatas na regi\u00e3o metropolitana de S\u00e3o Paulo,<strong> em locais onde a \u00e1rea urbana convive com fragmentos de mata.<\/strong> A partir disso foi identificado que <strong>uma \u00fanica infec\u00e7\u00e3o pode dar origem a mais de oito novos casos em condi\u00e7\u00f5es favor\u00e1veis.<\/strong><\/p>\n\n\n\n<p>Outra descoberta importante \u00e9 que os surtos podem ser desencadeados por uma \u00fanica linhagem do v\u00edrus. <strong>Essa linhagem se espalha rapidamente devido a alta densidade de mosquitos transmissores e a presen\u00e7a de hospedeiros suscet\u00edveis. <\/strong><\/p>\n\n\n\n<h2 class=\"wp-block-heading\" id=\"o-m\u00e9todo-que-te-aprova\"><span class=\"ez-toc-section\" id=\"O_metodo_que_te_aprova\"><\/span><strong>O m\u00e9todo que te aprova!<\/strong><span class=\"ez-toc-section-end\"><\/span><\/h2>\n\n\n\n<p>Quer alcan\u00e7ar a aprova\u00e7\u00e3o nas provas de resid\u00eancia m\u00e9dica? Ent\u00e3o seja um\u00a0<a href=\"https:\/\/www.grupomedcof.com.br\/home\/\" target=\"_blank\" rel=\"noreferrer noopener\"><strong>MedCofer<\/strong><\/a>! Aqui te ajudaremos na busca da aprova\u00e7\u00e3o com conte\u00fados de qualidade e uma\u00a0<a href=\"https:\/\/www.grupomedcof.com.br\/blog\/presenca-da-medcof-nas-aprovacoes-em-residencia-medica-no-brasil\/\" target=\"_blank\" rel=\"noreferrer noopener\"><strong>metodologia que j\u00e1 aprovou mais de 35 mil residentes no pa\u00eds!<\/strong>\u00a0<\/a>Por fim, acesse o nosso<a href=\"https:\/\/www.youtube.com\/@GrupoMedcof\/featured\" target=\"_blank\" rel=\"noreferrer noopener\">\u00a0<strong>canal do youtube\u00a0<\/strong><\/a>para ver o nosso material.<\/p>\n\n\n\n<figure class=\"wp-block-embed is-type-video is-provider-youtube wp-block-embed-youtube wp-embed-aspect-16-9 wp-has-aspect-ratio\"><div class=\"wp-block-embed__wrapper\">\n<div class=\"youtube-embed\" data-video_id=\"2JaDRtXdYcg\"><iframe loading=\"lazy\" title=\"Infectologia Pedi\u00e1trica: Entendendo as Arboviroses. Com Dra. Giovanna Tardin\" width=\"696\" height=\"392\" src=\"https:\/\/www.youtube.com\/embed\/2JaDRtXdYcg?start=3&#038;feature=oembed\" frameborder=\"0\" allow=\"accelerometer; autoplay; clipboard-write; encrypted-media; gyroscope; picture-in-picture; web-share\" referrerpolicy=\"strict-origin-when-cross-origin\" allowfullscreen><\/iframe><\/div>\n<\/div><\/figure>\n","protected":false},"excerpt":{"rendered":"<p>Na \u00faltima segunda-feira, 13 de janeiro, o Estado de S\u00e3o Paulo confirmou o primeiro caso de Febre Amarela em humanos de 2025. Entenda o caso!<\/p>\n","protected":false},"author":41,"featured_media":33076,"comment_status":"open","ping_status":"open","sticky":false,"template":"","format":"standard","meta":{"footnotes":""},"categories":[287,240,173],"tags":[2478,1565,975,2477],"ppma_author":[3629],"class_list":{"0":"post-33075","1":"post","2":"type-post","3":"status-publish","4":"format-standard","5":"has-post-thumbnail","7":"category-destaques-medcof","8":"category-noticias","9":"category-novidades","10":"tag-doencas-virais","11":"tag-febre-amarela","12":"tag-vacinacao","13":"tag-vacinacao-contra-febre-amarela"},"yoast_head":"<!-- This site is optimized with the Yoast SEO Premium plugin v24.3 (Yoast SEO v27.4) - https:\/\/yoast.com\/product\/yoast-seo-premium-wordpress\/ -->\n<title>SP registra a primeira morte por febre amarela em 2026 - Blog de Medcof: conte\u00fados, editais, revalida e mais!<\/title>\n<meta name=\"description\" content=\"Na quinta-feira, 16 de abril, o Estado de S\u00e3o Paulo confirmou a primeira morte de Febre Amarela em 2026. Entenda o caso!\" \/>\n<meta name=\"robots\" content=\"index, follow, max-snippet:-1, max-image-preview:large, max-video-preview:-1\" \/>\n<link rel=\"canonical\" href=\"https:\/\/www.grupomedcof.com.br\/blog\/sp-registra-a-primeira-morte-por-febre-amarela-em-2026\/\" \/>\n<meta property=\"og:locale\" content=\"pt_BR\" \/>\n<meta property=\"og:type\" content=\"article\" \/>\n<meta property=\"og:title\" content=\"SP registra a primeira morte por febre amarela em 2026\" \/>\n<meta property=\"og:description\" content=\"Na quinta-feira, 16 de abril, o Estado de S\u00e3o Paulo confirmou a primeira morte de Febre Amarela em 2026. Entenda o caso!\" \/>\n<meta property=\"og:url\" content=\"https:\/\/www.grupomedcof.com.br\/blog\/sp-registra-a-primeira-morte-por-febre-amarela-em-2026\/\" \/>\n<meta property=\"og:site_name\" content=\"Blog de Medcof: conte\u00fados, editais, revalida e mais!\" \/>\n<meta property=\"article:publisher\" content=\"https:\/\/www.facebook.com\/MedCofQbank\/\" \/>\n<meta property=\"article:published_time\" content=\"2026-04-16T19:02:12+00:00\" \/>\n<meta property=\"article:modified_time\" content=\"2026-04-23T16:29:25+00:00\" \/>\n<meta property=\"og:image\" content=\"https:\/\/www.grupomedcof.com.br\/blog\/wp-content\/uploads\/2025\/01\/Blog-MedCof-37-1024x576.png\" \/>\n\t<meta property=\"og:image:width\" content=\"1024\" \/>\n\t<meta property=\"og:image:height\" content=\"576\" \/>\n\t<meta property=\"og:image:type\" content=\"image\/png\" \/>\n<meta name=\"author\" content=\"Nana N\u00f3brega\" \/>\n<meta name=\"twitter:card\" content=\"summary_large_image\" \/>\n<meta name=\"twitter:label1\" content=\"Escrito por\" \/>\n\t<meta name=\"twitter:data1\" content=\"Nana N\u00f3brega\" \/>\n\t<meta name=\"twitter:label2\" content=\"Est. tempo de leitura\" \/>\n\t<meta name=\"twitter:data2\" content=\"5 minutos\" \/>\n<script type=\"application\/ld+json\" class=\"yoast-schema-graph\">{\"@context\":\"https:\\\/\\\/schema.org\",\"@graph\":[{\"@type\":\"Article\",\"@id\":\"https:\\\/\\\/www.grupomedcof.com.br\\\/blog\\\/sp-registra-a-primeira-morte-por-febre-amarela-em-2026\\\/#article\",\"isPartOf\":{\"@id\":\"https:\\\/\\\/www.grupomedcof.com.br\\\/blog\\\/sp-registra-a-primeira-morte-por-febre-amarela-em-2026\\\/\"},\"author\":{\"name\":\"Nana N\u00f3brega\",\"@id\":\"https:\\\/\\\/www.grupomedcof.com.br\\\/blog\\\/#\\\/schema\\\/person\\\/9fb2c4e0c5987a2a74b0cd7bfe7d5413\"},\"headline\":\"SP registra a primeira morte por febre amarela em 2026\",\"datePublished\":\"2026-04-16T19:02:12+00:00\",\"dateModified\":\"2026-04-23T16:29:25+00:00\",\"mainEntityOfPage\":{\"@id\":\"https:\\\/\\\/www.grupomedcof.com.br\\\/blog\\\/sp-registra-a-primeira-morte-por-febre-amarela-em-2026\\\/\"},\"wordCount\":752,\"commentCount\":0,\"publisher\":{\"@id\":\"https:\\\/\\\/www.grupomedcof.com.br\\\/blog\\\/#organization\"},\"image\":{\"@id\":\"https:\\\/\\\/www.grupomedcof.com.br\\\/blog\\\/sp-registra-a-primeira-morte-por-febre-amarela-em-2026\\\/#primaryimage\"},\"thumbnailUrl\":\"https:\\\/\\\/www.grupomedcof.com.br\\\/blog\\\/wp-content\\\/uploads\\\/2025\\\/01\\\/Blog-MedCof-37.png\",\"keywords\":[\"Doen\u00e7as virais\",\"Febre Amarela\",\"vacina\u00e7\u00e3o\",\"Vacina\u00e7\u00e3o contra Febre Amarela\"],\"articleSection\":[\"Destaques MedCof\",\"Not\u00edcias\",\"Novidades\"],\"inLanguage\":\"pt-BR\"},{\"@type\":\"WebPage\",\"@id\":\"https:\\\/\\\/www.grupomedcof.com.br\\\/blog\\\/sp-registra-a-primeira-morte-por-febre-amarela-em-2026\\\/\",\"url\":\"https:\\\/\\\/www.grupomedcof.com.br\\\/blog\\\/sp-registra-a-primeira-morte-por-febre-amarela-em-2026\\\/\",\"name\":\"SP registra a primeira morte por febre amarela em 2026 - Blog de Medcof: conte\u00fados, editais, revalida e mais!\",\"isPartOf\":{\"@id\":\"https:\\\/\\\/www.grupomedcof.com.br\\\/blog\\\/#website\"},\"primaryImageOfPage\":{\"@id\":\"https:\\\/\\\/www.grupomedcof.com.br\\\/blog\\\/sp-registra-a-primeira-morte-por-febre-amarela-em-2026\\\/#primaryimage\"},\"image\":{\"@id\":\"https:\\\/\\\/www.grupomedcof.com.br\\\/blog\\\/sp-registra-a-primeira-morte-por-febre-amarela-em-2026\\\/#primaryimage\"},\"thumbnailUrl\":\"https:\\\/\\\/www.grupomedcof.com.br\\\/blog\\\/wp-content\\\/uploads\\\/2025\\\/01\\\/Blog-MedCof-37.png\",\"datePublished\":\"2026-04-16T19:02:12+00:00\",\"dateModified\":\"2026-04-23T16:29:25+00:00\",\"description\":\"Na quinta-feira, 16 de abril, o Estado de S\u00e3o Paulo confirmou a primeira morte de Febre Amarela em 2026. Entenda o caso!\",\"breadcrumb\":{\"@id\":\"https:\\\/\\\/www.grupomedcof.com.br\\\/blog\\\/sp-registra-a-primeira-morte-por-febre-amarela-em-2026\\\/#breadcrumb\"},\"inLanguage\":\"pt-BR\",\"potentialAction\":[{\"@type\":\"ReadAction\",\"target\":[\"https:\\\/\\\/www.grupomedcof.com.br\\\/blog\\\/sp-registra-a-primeira-morte-por-febre-amarela-em-2026\\\/\"]}]},{\"@type\":\"ImageObject\",\"inLanguage\":\"pt-BR\",\"@id\":\"https:\\\/\\\/www.grupomedcof.com.br\\\/blog\\\/sp-registra-a-primeira-morte-por-febre-amarela-em-2026\\\/#primaryimage\",\"url\":\"https:\\\/\\\/www.grupomedcof.com.br\\\/blog\\\/wp-content\\\/uploads\\\/2025\\\/01\\\/Blog-MedCof-37.png\",\"contentUrl\":\"https:\\\/\\\/www.grupomedcof.com.br\\\/blog\\\/wp-content\\\/uploads\\\/2025\\\/01\\\/Blog-MedCof-37.png\",\"width\":2560,\"height\":1440,\"caption\":\"morte por febre amarela\"},{\"@type\":\"BreadcrumbList\",\"@id\":\"https:\\\/\\\/www.grupomedcof.com.br\\\/blog\\\/sp-registra-a-primeira-morte-por-febre-amarela-em-2026\\\/#breadcrumb\",\"itemListElement\":[{\"@type\":\"ListItem\",\"position\":1,\"name\":\"In\u00edcio\",\"item\":\"https:\\\/\\\/www.grupomedcof.com.br\\\/blog\\\/\"},{\"@type\":\"ListItem\",\"position\":2,\"name\":\"SP registra a primeira morte por febre amarela em 2026\"}]},{\"@type\":\"WebSite\",\"@id\":\"https:\\\/\\\/www.grupomedcof.com.br\\\/blog\\\/#website\",\"url\":\"https:\\\/\\\/www.grupomedcof.com.br\\\/blog\\\/\",\"name\":\"Blog de Medcof: conte\u00fados, editais, revalida e mais!\",\"description\":\"Acesso o blog de MedCof! Seu portal de conte\u00fados sobre resid\u00eancia m\u00e9dica, an\u00e1lise e editais e muito mais. Clique e confira!\",\"publisher\":{\"@id\":\"https:\\\/\\\/www.grupomedcof.com.br\\\/blog\\\/#organization\"},\"alternateName\":\"Blog de Medcof: conte\u00fados, editais, revalida e mais!\",\"potentialAction\":[{\"@type\":\"SearchAction\",\"target\":{\"@type\":\"EntryPoint\",\"urlTemplate\":\"https:\\\/\\\/www.grupomedcof.com.br\\\/blog\\\/?s={search_term_string}\"},\"query-input\":{\"@type\":\"PropertyValueSpecification\",\"valueRequired\":true,\"valueName\":\"search_term_string\"}}],\"inLanguage\":\"pt-BR\"},{\"@type\":\"Organization\",\"@id\":\"https:\\\/\\\/www.grupomedcof.com.br\\\/blog\\\/#organization\",\"name\":\"Grupo MedCof\",\"url\":\"https:\\\/\\\/www.grupomedcof.com.br\\\/blog\\\/\",\"logo\":{\"@type\":\"ImageObject\",\"inLanguage\":\"pt-BR\",\"@id\":\"https:\\\/\\\/www.grupomedcof.com.br\\\/blog\\\/#\\\/schema\\\/logo\\\/image\\\/\",\"url\":\"https:\\\/\\\/www.grupomedcof.com.br\\\/blog\\\/wp-content\\\/uploads\\\/2022\\\/01\\\/logo-medcof.png\",\"contentUrl\":\"https:\\\/\\\/www.grupomedcof.com.br\\\/blog\\\/wp-content\\\/uploads\\\/2022\\\/01\\\/logo-medcof.png\",\"width\":768,\"height\":269,\"caption\":\"Grupo MedCof\"},\"image\":{\"@id\":\"https:\\\/\\\/www.grupomedcof.com.br\\\/blog\\\/#\\\/schema\\\/logo\\\/image\\\/\"},\"sameAs\":[\"https:\\\/\\\/www.facebook.com\\\/MedCofQbank\\\/\",\"https:\\\/\\\/www.instagram.com\\\/grupomedcof\\\/\",\"https:\\\/\\\/br.linkedin.com\\\/company\\\/medcof\",\"https:\\\/\\\/www.youtube.com\\\/channel\\\/UCdHMuOHKICxcHwecxN8P-AA\"]},{\"@type\":\"Person\",\"@id\":\"https:\\\/\\\/www.grupomedcof.com.br\\\/blog\\\/#\\\/schema\\\/person\\\/9fb2c4e0c5987a2a74b0cd7bfe7d5413\",\"name\":\"Nana N\u00f3brega\",\"pronouns\":\"ele\\\/ela\",\"image\":{\"@type\":\"ImageObject\",\"inLanguage\":\"pt-BR\",\"@id\":\"https:\\\/\\\/www.grupomedcof.com.br\\\/blog\\\/wp-content\\\/uploads\\\/2026\\\/03\\\/cropped-cropped-WhatsApp-Image-2026-03-19-at-09.30.33.jpega4f3600081af811f8cb877d267a26dad\",\"url\":\"https:\\\/\\\/www.grupomedcof.com.br\\\/blog\\\/wp-content\\\/uploads\\\/2026\\\/03\\\/cropped-cropped-WhatsApp-Image-2026-03-19-at-09.30.33.jpeg\",\"contentUrl\":\"https:\\\/\\\/www.grupomedcof.com.br\\\/blog\\\/wp-content\\\/uploads\\\/2026\\\/03\\\/cropped-cropped-WhatsApp-Image-2026-03-19-at-09.30.33.jpeg\",\"caption\":\"Nana N\u00f3brega\"},\"description\":\"Jornalista e linguista. Especialista em acessibilidade para pessoas cegas e com baixa vis\u00e3o.\",\"jobTitle\":\"jornalista\",\"url\":\"https:\\\/\\\/www.grupomedcof.com.br\\\/blog\\\/author\\\/nana\\\/\"}]}<\/script>\n<!-- \/ Yoast SEO Premium plugin. -->","yoast_head_json":{"title":"SP registra a primeira morte por febre amarela em 2026 - Blog de Medcof: conte\u00fados, editais, revalida e mais!","description":"Na quinta-feira, 16 de abril, o Estado de S\u00e3o Paulo confirmou a primeira morte de Febre Amarela em 2026. Entenda o caso!","robots":{"index":"index","follow":"follow","max-snippet":"max-snippet:-1","max-image-preview":"max-image-preview:large","max-video-preview":"max-video-preview:-1"},"canonical":"https:\/\/www.grupomedcof.com.br\/blog\/sp-registra-a-primeira-morte-por-febre-amarela-em-2026\/","og_locale":"pt_BR","og_type":"article","og_title":"SP registra a primeira morte por febre amarela em 2026","og_description":"Na quinta-feira, 16 de abril, o Estado de S\u00e3o Paulo confirmou a primeira morte de Febre Amarela em 2026. Entenda o caso!","og_url":"https:\/\/www.grupomedcof.com.br\/blog\/sp-registra-a-primeira-morte-por-febre-amarela-em-2026\/","og_site_name":"Blog de Medcof: conte\u00fados, editais, revalida e mais!","article_publisher":"https:\/\/www.facebook.com\/MedCofQbank\/","article_published_time":"2026-04-16T19:02:12+00:00","article_modified_time":"2026-04-23T16:29:25+00:00","og_image":[{"width":1024,"height":576,"url":"https:\/\/www.grupomedcof.com.br\/blog\/wp-content\/uploads\/2025\/01\/Blog-MedCof-37-1024x576.png","type":"image\/png"}],"author":"Nana N\u00f3brega","twitter_card":"summary_large_image","twitter_misc":{"Escrito por":"Nana N\u00f3brega","Est. tempo de leitura":"5 minutos"},"schema":{"@context":"https:\/\/schema.org","@graph":[{"@type":"Article","@id":"https:\/\/www.grupomedcof.com.br\/blog\/sp-registra-a-primeira-morte-por-febre-amarela-em-2026\/#article","isPartOf":{"@id":"https:\/\/www.grupomedcof.com.br\/blog\/sp-registra-a-primeira-morte-por-febre-amarela-em-2026\/"},"author":{"name":"Nana N\u00f3brega","@id":"https:\/\/www.grupomedcof.com.br\/blog\/#\/schema\/person\/9fb2c4e0c5987a2a74b0cd7bfe7d5413"},"headline":"SP registra a primeira morte por febre amarela em 2026","datePublished":"2026-04-16T19:02:12+00:00","dateModified":"2026-04-23T16:29:25+00:00","mainEntityOfPage":{"@id":"https:\/\/www.grupomedcof.com.br\/blog\/sp-registra-a-primeira-morte-por-febre-amarela-em-2026\/"},"wordCount":752,"commentCount":0,"publisher":{"@id":"https:\/\/www.grupomedcof.com.br\/blog\/#organization"},"image":{"@id":"https:\/\/www.grupomedcof.com.br\/blog\/sp-registra-a-primeira-morte-por-febre-amarela-em-2026\/#primaryimage"},"thumbnailUrl":"https:\/\/www.grupomedcof.com.br\/blog\/wp-content\/uploads\/2025\/01\/Blog-MedCof-37.png","keywords":["Doen\u00e7as virais","Febre Amarela","vacina\u00e7\u00e3o","Vacina\u00e7\u00e3o contra Febre Amarela"],"articleSection":["Destaques MedCof","Not\u00edcias","Novidades"],"inLanguage":"pt-BR"},{"@type":"WebPage","@id":"https:\/\/www.grupomedcof.com.br\/blog\/sp-registra-a-primeira-morte-por-febre-amarela-em-2026\/","url":"https:\/\/www.grupomedcof.com.br\/blog\/sp-registra-a-primeira-morte-por-febre-amarela-em-2026\/","name":"SP registra a primeira morte por febre amarela em 2026 - Blog de Medcof: conte\u00fados, editais, revalida e mais!","isPartOf":{"@id":"https:\/\/www.grupomedcof.com.br\/blog\/#website"},"primaryImageOfPage":{"@id":"https:\/\/www.grupomedcof.com.br\/blog\/sp-registra-a-primeira-morte-por-febre-amarela-em-2026\/#primaryimage"},"image":{"@id":"https:\/\/www.grupomedcof.com.br\/blog\/sp-registra-a-primeira-morte-por-febre-amarela-em-2026\/#primaryimage"},"thumbnailUrl":"https:\/\/www.grupomedcof.com.br\/blog\/wp-content\/uploads\/2025\/01\/Blog-MedCof-37.png","datePublished":"2026-04-16T19:02:12+00:00","dateModified":"2026-04-23T16:29:25+00:00","description":"Na quinta-feira, 16 de abril, o Estado de S\u00e3o Paulo confirmou a primeira morte de Febre Amarela em 2026. Entenda o caso!","breadcrumb":{"@id":"https:\/\/www.grupomedcof.com.br\/blog\/sp-registra-a-primeira-morte-por-febre-amarela-em-2026\/#breadcrumb"},"inLanguage":"pt-BR","potentialAction":[{"@type":"ReadAction","target":["https:\/\/www.grupomedcof.com.br\/blog\/sp-registra-a-primeira-morte-por-febre-amarela-em-2026\/"]}]},{"@type":"ImageObject","inLanguage":"pt-BR","@id":"https:\/\/www.grupomedcof.com.br\/blog\/sp-registra-a-primeira-morte-por-febre-amarela-em-2026\/#primaryimage","url":"https:\/\/www.grupomedcof.com.br\/blog\/wp-content\/uploads\/2025\/01\/Blog-MedCof-37.png","contentUrl":"https:\/\/www.grupomedcof.com.br\/blog\/wp-content\/uploads\/2025\/01\/Blog-MedCof-37.png","width":2560,"height":1440,"caption":"morte por febre amarela"},{"@type":"BreadcrumbList","@id":"https:\/\/www.grupomedcof.com.br\/blog\/sp-registra-a-primeira-morte-por-febre-amarela-em-2026\/#breadcrumb","itemListElement":[{"@type":"ListItem","position":1,"name":"In\u00edcio","item":"https:\/\/www.grupomedcof.com.br\/blog\/"},{"@type":"ListItem","position":2,"name":"SP registra a primeira morte por febre amarela em 2026"}]},{"@type":"WebSite","@id":"https:\/\/www.grupomedcof.com.br\/blog\/#website","url":"https:\/\/www.grupomedcof.com.br\/blog\/","name":"Blog de Medcof: conte\u00fados, editais, revalida e mais!","description":"Acesso o blog de MedCof! Seu portal de conte\u00fados sobre resid\u00eancia m\u00e9dica, an\u00e1lise e editais e muito mais. Clique e confira!","publisher":{"@id":"https:\/\/www.grupomedcof.com.br\/blog\/#organization"},"alternateName":"Blog de Medcof: conte\u00fados, editais, revalida e mais!","potentialAction":[{"@type":"SearchAction","target":{"@type":"EntryPoint","urlTemplate":"https:\/\/www.grupomedcof.com.br\/blog\/?s={search_term_string}"},"query-input":{"@type":"PropertyValueSpecification","valueRequired":true,"valueName":"search_term_string"}}],"inLanguage":"pt-BR"},{"@type":"Organization","@id":"https:\/\/www.grupomedcof.com.br\/blog\/#organization","name":"Grupo MedCof","url":"https:\/\/www.grupomedcof.com.br\/blog\/","logo":{"@type":"ImageObject","inLanguage":"pt-BR","@id":"https:\/\/www.grupomedcof.com.br\/blog\/#\/schema\/logo\/image\/","url":"https:\/\/www.grupomedcof.com.br\/blog\/wp-content\/uploads\/2022\/01\/logo-medcof.png","contentUrl":"https:\/\/www.grupomedcof.com.br\/blog\/wp-content\/uploads\/2022\/01\/logo-medcof.png","width":768,"height":269,"caption":"Grupo MedCof"},"image":{"@id":"https:\/\/www.grupomedcof.com.br\/blog\/#\/schema\/logo\/image\/"},"sameAs":["https:\/\/www.facebook.com\/MedCofQbank\/","https:\/\/www.instagram.com\/grupomedcof\/","https:\/\/br.linkedin.com\/company\/medcof","https:\/\/www.youtube.com\/channel\/UCdHMuOHKICxcHwecxN8P-AA"]},{"@type":"Person","@id":"https:\/\/www.grupomedcof.com.br\/blog\/#\/schema\/person\/9fb2c4e0c5987a2a74b0cd7bfe7d5413","name":"Nana N\u00f3brega","pronouns":"ele\/ela","image":{"@type":"ImageObject","inLanguage":"pt-BR","@id":"https:\/\/www.grupomedcof.com.br\/blog\/wp-content\/uploads\/2026\/03\/cropped-cropped-WhatsApp-Image-2026-03-19-at-09.30.33.jpega4f3600081af811f8cb877d267a26dad","url":"https:\/\/www.grupomedcof.com.br\/blog\/wp-content\/uploads\/2026\/03\/cropped-cropped-WhatsApp-Image-2026-03-19-at-09.30.33.jpeg","contentUrl":"https:\/\/www.grupomedcof.com.br\/blog\/wp-content\/uploads\/2026\/03\/cropped-cropped-WhatsApp-Image-2026-03-19-at-09.30.33.jpeg","caption":"Nana N\u00f3brega"},"description":"Jornalista e linguista. Especialista em acessibilidade para pessoas cegas e com baixa vis\u00e3o.","jobTitle":"jornalista","url":"https:\/\/www.grupomedcof.com.br\/blog\/author\/nana\/"}]}},"authors":[{"term_id":3629,"user_id":41,"is_guest":0,"slug":"nana","display_name":"Nana N\u00f3brega","avatar_url":{"url":"https:\/\/www.grupomedcof.com.br\/blog\/wp-content\/uploads\/2026\/03\/cropped-cropped-WhatsApp-Image-2026-03-19-at-09.30.33.jpeg","url2x":"https:\/\/www.grupomedcof.com.br\/blog\/wp-content\/uploads\/2026\/03\/cropped-cropped-WhatsApp-Image-2026-03-19-at-09.30.33.jpeg"},"0":null,"1":"","2":"","3":"","4":"","5":"","6":"","7":"","8":""}],"_links":{"self":[{"href":"https:\/\/www.grupomedcof.com.br\/blog\/wp-json\/wp\/v2\/posts\/33075","targetHints":{"allow":["GET"]}}],"collection":[{"href":"https:\/\/www.grupomedcof.com.br\/blog\/wp-json\/wp\/v2\/posts"}],"about":[{"href":"https:\/\/www.grupomedcof.com.br\/blog\/wp-json\/wp\/v2\/types\/post"}],"author":[{"embeddable":true,"href":"https:\/\/www.grupomedcof.com.br\/blog\/wp-json\/wp\/v2\/users\/41"}],"replies":[{"embeddable":true,"href":"https:\/\/www.grupomedcof.com.br\/blog\/wp-json\/wp\/v2\/comments?post=33075"}],"version-history":[{"count":4,"href":"https:\/\/www.grupomedcof.com.br\/blog\/wp-json\/wp\/v2\/posts\/33075\/revisions"}],"predecessor-version":[{"id":43298,"href":"https:\/\/www.grupomedcof.com.br\/blog\/wp-json\/wp\/v2\/posts\/33075\/revisions\/43298"}],"wp:featuredmedia":[{"embeddable":true,"href":"https:\/\/www.grupomedcof.com.br\/blog\/wp-json\/wp\/v2\/media\/33076"}],"wp:attachment":[{"href":"https:\/\/www.grupomedcof.com.br\/blog\/wp-json\/wp\/v2\/media?parent=33075"}],"wp:term":[{"taxonomy":"category","embeddable":true,"href":"https:\/\/www.grupomedcof.com.br\/blog\/wp-json\/wp\/v2\/categories?post=33075"},{"taxonomy":"post_tag","embeddable":true,"href":"https:\/\/www.grupomedcof.com.br\/blog\/wp-json\/wp\/v2\/tags?post=33075"},{"taxonomy":"author","embeddable":true,"href":"https:\/\/www.grupomedcof.com.br\/blog\/wp-json\/wp\/v2\/ppma_author?post=33075"}],"curies":[{"name":"wp","href":"https:\/\/api.w.org\/{rel}","templated":true}]}}