{"id":33260,"date":"2025-01-30T17:05:19","date_gmt":"2025-01-30T20:05:19","guid":{"rendered":"https:\/\/www.grupomedcof.com.br\/blog\/?p=33260"},"modified":"2026-04-24T17:21:21","modified_gmt":"2026-04-24T20:21:21","slug":"disfagia-como-esse-disturbio-afeta-a-digestao-do-paciente","status":"publish","type":"post","link":"https:\/\/www.grupomedcof.com.br\/blog\/disfagia-como-esse-disturbio-afeta-a-digestao-do-paciente\/","title":{"rendered":"Disfagia: como esse dist\u00farbio afeta a digest\u00e3o do paciente"},"content":{"rendered":"<div id=\"ez-toc-container\" class=\"ez-toc-v2_0_74 counter-hierarchy ez-toc-counter ez-toc-transparent ez-toc-container-direction\">\n<div class=\"ez-toc-title-container\">\n<p class=\"ez-toc-title\" style=\"cursor:inherit\">Sum\u00e1rio<\/p>\n<span class=\"ez-toc-title-toggle\"><a href=\"#\" class=\"ez-toc-pull-right ez-toc-btn ez-toc-btn-xs ez-toc-btn-default ez-toc-toggle\" aria-label=\"Alternar tabela de conte\u00fado\"><span class=\"ez-toc-js-icon-con\"><span class=\"\"><span class=\"eztoc-hide\" style=\"display:none;\">Toggle<\/span><span class=\"ez-toc-icon-toggle-span\"><svg style=\"fill: #999;color:#999\" xmlns=\"http:\/\/www.w3.org\/2000\/svg\" class=\"list-377408\" width=\"20px\" height=\"20px\" viewBox=\"0 0 24 24\" fill=\"none\"><path d=\"M6 6H4v2h2V6zm14 0H8v2h12V6zM4 11h2v2H4v-2zm16 0H8v2h12v-2zM4 16h2v2H4v-2zm16 0H8v2h12v-2z\" fill=\"currentColor\"><\/path><\/svg><svg style=\"fill: #999;color:#999\" class=\"arrow-unsorted-368013\" xmlns=\"http:\/\/www.w3.org\/2000\/svg\" width=\"10px\" height=\"10px\" viewBox=\"0 0 24 24\" version=\"1.2\" baseProfile=\"tiny\"><path d=\"M18.2 9.3l-6.2-6.3-6.2 6.3c-.2.2-.3.4-.3.7s.1.5.3.7c.2.2.4.3.7.3h11c.3 0 .5-.1.7-.3.2-.2.3-.5.3-.7s-.1-.5-.3-.7zM5.8 14.7l6.2 6.3 6.2-6.3c.2-.2.3-.5.3-.7s-.1-.5-.3-.7c-.2-.2-.4-.3-.7-.3h-11c-.3 0-.5.1-.7.3-.2.2-.3.5-.3.7s.1.5.3.7z\"\/><\/svg><\/span><\/span><\/span><\/a><\/span><\/div>\n<nav><ul class='ez-toc-list ez-toc-list-level-1 ' ><li class='ez-toc-page-1 ez-toc-heading-level-2'><a class=\"ez-toc-link ez-toc-heading-1\" href=\"https:\/\/www.grupomedcof.com.br\/blog\/disfagia-como-esse-disturbio-afeta-a-digestao-do-paciente\/#Introducao\" >Introdu\u00e7\u00e3o<\/a><\/li><li class='ez-toc-page-1 ez-toc-heading-level-2'><a class=\"ez-toc-link ez-toc-heading-2\" href=\"https:\/\/www.grupomedcof.com.br\/blog\/disfagia-como-esse-disturbio-afeta-a-digestao-do-paciente\/#Disfagia\" >Disfagia<\/a><\/li><li class='ez-toc-page-1 ez-toc-heading-level-2'><a class=\"ez-toc-link ez-toc-heading-3\" href=\"https:\/\/www.grupomedcof.com.br\/blog\/disfagia-como-esse-disturbio-afeta-a-digestao-do-paciente\/#Diverticulo_de_Zenker\" >Divert\u00edculo de Zenker<\/a><\/li><li class='ez-toc-page-1 ez-toc-heading-level-2'><a class=\"ez-toc-link ez-toc-heading-4\" href=\"https:\/\/www.grupomedcof.com.br\/blog\/disfagia-como-esse-disturbio-afeta-a-digestao-do-paciente\/#Disfagia_Lusoria\" >Disfagia Lus\u00f3ria<\/a><\/li><li class='ez-toc-page-1 ez-toc-heading-level-2'><a class=\"ez-toc-link ez-toc-heading-5\" href=\"https:\/\/www.grupomedcof.com.br\/blog\/disfagia-como-esse-disturbio-afeta-a-digestao-do-paciente\/#Aneis_e_Membranas_Esofagicas\" >An\u00e9is e Membranas Esof\u00e1gicas<\/a><\/li><li class='ez-toc-page-1 ez-toc-heading-level-2'><a class=\"ez-toc-link ez-toc-heading-6\" href=\"https:\/\/www.grupomedcof.com.br\/blog\/disfagia-como-esse-disturbio-afeta-a-digestao-do-paciente\/#Esofagite_Eosinofilica\" >Esofagite Eosinof\u00edlica<\/a><\/li><li class='ez-toc-page-1 ez-toc-heading-level-2'><a class=\"ez-toc-link ez-toc-heading-7\" href=\"https:\/\/www.grupomedcof.com.br\/blog\/disfagia-como-esse-disturbio-afeta-a-digestao-do-paciente\/#Neoplasias_Esofagicas\" >Neoplasias Esof\u00e1gicas<\/a><\/li><li class='ez-toc-page-1 ez-toc-heading-level-2'><a class=\"ez-toc-link ez-toc-heading-8\" href=\"https:\/\/www.grupomedcof.com.br\/blog\/disfagia-como-esse-disturbio-afeta-a-digestao-do-paciente\/#O_metodo_que_te_aprova\" >O m\u00e9todo que te aprova!<\/a><\/li><\/ul><\/nav><\/div>\n\n<figure class=\"wp-block-image size-large\"><img loading=\"lazy\" decoding=\"async\" width=\"1024\" height=\"576\" src=\"https:\/\/www.grupomedcof.com.br\/blog\/wp-content\/uploads\/2025\/01\/Blog-MedCof-40-1-1024x576.png\" alt=\"\" class=\"wp-image-33275\" srcset=\"https:\/\/www.grupomedcof.com.br\/blog\/wp-content\/uploads\/2025\/01\/Blog-MedCof-40-1-1024x576.png 1024w, https:\/\/www.grupomedcof.com.br\/blog\/wp-content\/uploads\/2025\/01\/Blog-MedCof-40-1-300x169.png 300w, https:\/\/www.grupomedcof.com.br\/blog\/wp-content\/uploads\/2025\/01\/Blog-MedCof-40-1-768x432.png 768w, https:\/\/www.grupomedcof.com.br\/blog\/wp-content\/uploads\/2025\/01\/Blog-MedCof-40-1-1536x864.png 1536w, https:\/\/www.grupomedcof.com.br\/blog\/wp-content\/uploads\/2025\/01\/Blog-MedCof-40-1-2048x1152.png 2048w, https:\/\/www.grupomedcof.com.br\/blog\/wp-content\/uploads\/2025\/01\/Blog-MedCof-40-1-747x420.png 747w, https:\/\/www.grupomedcof.com.br\/blog\/wp-content\/uploads\/2025\/01\/Blog-MedCof-40-1-150x84.png 150w, https:\/\/www.grupomedcof.com.br\/blog\/wp-content\/uploads\/2025\/01\/Blog-MedCof-40-1-696x392.png 696w, https:\/\/www.grupomedcof.com.br\/blog\/wp-content\/uploads\/2025\/01\/Blog-MedCof-40-1-1068x601.png 1068w, https:\/\/www.grupomedcof.com.br\/blog\/wp-content\/uploads\/2025\/01\/Blog-MedCof-40-1-1920x1080.png 1920w\" sizes=\"auto, (max-width: 1024px) 100vw, 1024px\" \/><\/figure>\n\n\n\n<p>Os <strong>dist\u00farbios do es\u00f4fago<\/strong> representam um conjunto de condi\u00e7\u00f5es que afetam a degluti\u00e7\u00e3o e a qualidade de vida dos pacientes. Este artigo explora as principais condi\u00e7\u00f5es esof\u00e1gicas, com base no conte\u00fado do documento fornecido, destacando diagn\u00f3stico, tratamento e considera\u00e7\u00f5es cl\u00ednicas relevantes para residentes em medicina.<\/p>\n\n\n\n<h2 class=\"wp-block-heading\" id=\"h-introducao\"><span class=\"ez-toc-section\" id=\"Introducao\"><\/span><strong>Introdu\u00e7\u00e3o<\/strong><span class=\"ez-toc-section-end\"><\/span><\/h2>\n\n\n\n<p>O es\u00f4fago \u00e9 um \u00f3rg\u00e3o tubular que conecta a faringe ao est\u00f4mago, desempenhando um papel crucial no transporte de alimentos. Dist\u00farbios esof\u00e1gicos podem ser classificados como motores ou estruturais, cada qual com manifesta\u00e7\u00f5es cl\u00ednicas e abordagens terap\u00eauticas espec\u00edficas.<\/p>\n\n\n\n<h2 class=\"wp-block-heading\" id=\"h-disfagia\"><span class=\"ez-toc-section\" id=\"Disfagia\"><\/span><strong>Disfagia<\/strong><span class=\"ez-toc-section-end\"><\/span><\/h2>\n\n\n\n<p>A disfagia, ou dificuldade para engolir, \u00e9 um sintoma comum em dist\u00farbios esof\u00e1gicos. Pode ser causada por obstru\u00e7\u00e3o mec\u00e2nica ou disfun\u00e7\u00e3o motora. A avalia\u00e7\u00e3o inicial deve incluir uma anamnese detalhada e exame f\u00edsico, seguido por exames diagn\u00f3sticos como endoscopia e estudos de motilidade esof\u00e1gica. As altera\u00e7\u00f5es podem ser motoras por orofar\u00edngeas (esclerose sist\u00eamica) ou acalasias. Na primeira, observamos divert\u00edculos faringo esof\u00e1gicos, compress\u00e3o extr\u00ednseca e neoplasia de cabe\u00e7a e pesco\u00e7o, j\u00e1 na segunda podemos ver esofagite eosinof\u00edlica, estenose de es\u00f4fago e neoplasia de es\u00f4fago.&nbsp;<\/p>\n\n\n\n<h2 class=\"wp-block-heading\" id=\"h-diverticulo-de-zenker\"><span class=\"ez-toc-section\" id=\"Diverticulo_de_Zenker\"><\/span><strong>Divert\u00edculo de Zenker<\/strong><span class=\"ez-toc-section-end\"><\/span><\/h2>\n\n\n\n<p>O divert\u00edculo de Zenker \u00e9 um divert\u00edculo de puls\u00e3o que ocorre na regi\u00e3o hipofar\u00edngea, mais comum em idosos. Caracteriza-se por disfagia, regurgita\u00e7\u00e3o e halitose.<\/p>\n\n\n\n<p><strong>Diagn\u00f3stico:<\/strong> A esofagografia com contraste \u00e9 o principal exame diagn\u00f3stico.<\/p>\n\n\n\n<p><strong>Tratamento:<\/strong> A miotomia do m\u00fasculo cricofar\u00edngeo, com ou sem ressec\u00e7\u00e3o do divert\u00edculo, \u00e9 a abordagem cir\u00fargica padr\u00e3o.<\/p>\n\n\n\n<h2 class=\"wp-block-heading\" id=\"h-disfagia-lusoria\"><span class=\"ez-toc-section\" id=\"Disfagia_Lusoria\"><\/span><strong>Disfagia Lus\u00f3ria<\/strong><span class=\"ez-toc-section-end\"><\/span><\/h2>\n\n\n\n<p>A disfagia lus\u00f3ria \u00e9 causada pela compress\u00e3o extr\u00ednseca do es\u00f4fago por uma art\u00e9ria subcl\u00e1via direita aberrante. Os sintomas incluem disfagia intermitente e, ocasionalmente, dor tor\u00e1cica.<\/p>\n\n\n\n<figure class=\"wp-block-image\"><img decoding=\"async\" src=\"https:\/\/lh7-rt.googleusercontent.com\/docsz\/AD_4nXcWrRSMAf5H2Qt7e6jBCdMvwXA5_sYFEvxQCsLKXBznX61qhL7JH9C_f5JPsNXJdGrYdnwjnPTnAYb4wlqWb2pV_zNRz1lhGOEU-bfvnpUCHIPdEGkNugbKVaS9gqkvOgQ1OyzX?key=zyAVDD7rZ9NFjf_iTrz7W40M\" alt=\"\"\/><figcaption class=\"wp-element-caption\">A Disfagia Lus\u00f3ria \u00e9 causada por uma compress\u00e3o extr\u00ednseca puls\u00e1til no es\u00f4fago proximal, dada pela art\u00e9ria subcl\u00e1via an\u00f4mala. Fonte: <a href=\"https:\/\/endoscopiaterapeutica.com.br\/\">https:\/\/endoscopiaterapeutica.com.br\/<\/a>&nbsp;<br><\/figcaption><\/figure>\n\n\n\n<p>O diagn\u00f3stico \u00e9 feito por angiotomografia ou resson\u00e2ncia magn\u00e9tica, que s\u00e3o \u00fateis para visualizar a anomalia vascular. Por fim, o tratamento dever\u00e1 seguir, em casos sintom\u00e1ticos severos, a cirurgia para reposicionar a art\u00e9ria.<\/p>\n\n\n\n<h2 class=\"wp-block-heading\" id=\"h-aneis-e-membranas-esofagicas\"><span class=\"ez-toc-section\" id=\"Aneis_e_Membranas_Esofagicas\"><\/span><strong>An\u00e9is e Membranas Esof\u00e1gicas<\/strong><span class=\"ez-toc-section-end\"><\/span><\/h2>\n\n\n\n<p>Os an\u00e9is de Schatzki e as membranas esof\u00e1gicas s\u00e3o causas comuns de disfagia intermitente. O anel de Schatzki \u00e9 geralmente associado \u00e0 estenose p\u00e9ptica e ocorre no es\u00f4fago distal.<\/p>\n\n\n\n<figure class=\"wp-block-image\"><img decoding=\"async\" src=\"https:\/\/lh7-rt.googleusercontent.com\/docsz\/AD_4nXejBRNTTIPc6_feFZPz-iJ_u67ameDHkzhYRxrRUzFkanWsDdfz19zNsqidB1qboYYuF73Uu50vS24v0QXGkt2kr3Cumx9rt-7Ox6gaKyZZ9hGyUvy2Dxt_9VJziiaV40m6EUmipg?key=zyAVDD7rZ9NFjf_iTrz7W40M\" alt=\"\"\/><figcaption class=\"wp-element-caption\">Fonte: Radiopaedia.com&nbsp;<\/figcaption><\/figure>\n\n\n\n<p>O diagn\u00f3stico envolve a endoscopia ou esofagografia, que podem confirmar a presen\u00e7a de an\u00e9is ou membranas, e o tratamento condiz com a dilata\u00e7\u00e3o endosc\u00f3pica, frequentemente eficaz.<\/p>\n\n\n\n<h2 class=\"wp-block-heading\" id=\"h-esofagite-eosinofilica\"><span class=\"ez-toc-section\" id=\"Esofagite_Eosinofilica\"><\/span><strong>Esofagite Eosinof\u00edlica<\/strong><span class=\"ez-toc-section-end\"><\/span><\/h2>\n\n\n\n<p>A esofagite eosinof\u00edlica \u00e9 uma doen\u00e7a inflamat\u00f3ria caracterizada por infiltra\u00e7\u00e3o eosinof\u00edlica do es\u00f4fago, levando a disfagia e impacta\u00e7\u00e3o alimentar.<\/p>\n\n\n\n<figure class=\"wp-block-image\"><img decoding=\"async\" src=\"https:\/\/lh7-rt.googleusercontent.com\/docsz\/AD_4nXeK9EUBjRYqPjJQbXipihT9xhcx7xEG70fQMzpVZruW3A_Mbx-u0ySPBqMtYXrfU5Q2ZXEvUm1obCvyg22iKyIwL0Iei3VAk8eEb0Hi6KEUP_WW_SVgNipJ_vTiXJLiYsAhg1iSYQ?key=zyAVDD7rZ9NFjf_iTrz7W40M\" alt=\"\"\/><\/figure>\n\n\n\n<figure class=\"wp-block-image\"><img decoding=\"async\" src=\"https:\/\/lh7-rt.googleusercontent.com\/docsz\/AD_4nXexAUFbvwNJLkchz6qkHTe1DMRJUE-klCqiLgpNXgEy3hh3BU0C-lkBXeFPGrewIX1b_Cq9loRjPdEC2ad8U5jC4dLBD7muSW8k_j_nYK_l7M-O8AmIjSNv3lYr4aKzzRoXk8_E?key=zyAVDD7rZ9NFjf_iTrz7W40M\" alt=\"\"\/><figcaption class=\"wp-element-caption\">Fonte: <a href=\"https:\/\/endoscopiaterapeutica.com.br\/\">https:\/\/endoscopiaterapeutica.com.br\/<\/a>&nbsp;<\/figcaption><\/figure>\n\n\n\n<p>Nesse caso, o diagn\u00f3stico \u00e9 feito por endoscopia com bi\u00f3psia, que revela mais de 15 eosin\u00f3filos por campo de grande aumento. Quando confirmado o diagnostico, o tratamento deve incluir corticosteroides t\u00f3picos, como budesonida, e dieta de elimina\u00e7\u00e3o.<\/p>\n\n\n\n<h2 class=\"wp-block-heading\" id=\"h-neoplasias-esofagicas\"><span class=\"ez-toc-section\" id=\"Neoplasias_Esofagicas\"><\/span><strong>Neoplasias Esof\u00e1gicas<\/strong><span class=\"ez-toc-section-end\"><\/span><\/h2>\n\n\n\n<p>As neoplasias do es\u00f4fago, incluindo carcinoma de c\u00e9lulas escamosas e adenocarcinoma, apresentam-se frequentemente com disfagia progressiva e perda de peso.<\/p>\n\n\n<div class=\"wp-block-image\">\n<figure class=\"aligncenter is-resized\"><img decoding=\"async\" src=\"https:\/\/lh7-rt.googleusercontent.com\/docsz\/AD_4nXck5H0hWL07vt8M15qSOHp5fiMunsFL4yP8Z096egVUWRqlJUmpIW1PZ-BuKqk5SoPwJqz_XN4qGhTH0A7c9Mo1i5vuWci1w8LKbRWAEy97qXpO2dPTZqD2uhcifliTdtiVxozwqg?key=zyAVDD7rZ9NFjf_iTrz7W40M\" alt=\"\" style=\"width:379px;height:auto\"\/><figcaption class=\"wp-element-caption\">F\u00edstula esof\u00e1gica de origem tumoral. Fonte: <a href=\"https:\/\/endoscopiaterapeutica.com.br\/\">https:\/\/endoscopiaterapeutica.com.br\/<\/a>&nbsp;<\/figcaption><\/figure>\n<\/div>\n\n\n<p>Quando falamos no diagn\u00f3stico de neoplasia esof\u00e1gica, nos direcionamos a endoscopia com bi\u00f3psia, essencial para o diagn\u00f3stico histol\u00f3gico. O tratamento depende do est\u00e1gio da doen\u00e7a e pode incluir cirurgia, quimioterapia e radioterapia.<\/p>\n\n\n\n<h2 class=\"wp-block-heading\" id=\"o-m\u00e9todo-que-te-aprova\"><span class=\"ez-toc-section\" id=\"O_metodo_que_te_aprova\"><\/span><strong>O m\u00e9todo que te aprova!<\/strong><span class=\"ez-toc-section-end\"><\/span><\/h2>\n\n\n\n<p>Quer alcan\u00e7ar a aprova\u00e7\u00e3o nas provas de resid\u00eancia m\u00e9dica? Ent\u00e3o seja um&nbsp;<a href=\"https:\/\/www.grupomedcof.com.br\/home\/\" target=\"_blank\" rel=\"noreferrer noopener\"><strong>MedCoffer<\/strong><\/a>! Aqui, te ajudaremos na busca da aprova\u00e7\u00e3o com conte\u00fados de qualidade e uma&nbsp;<a href=\"https:\/\/www.grupomedcof.com.br\/blog\/presenca-da-medcof-nas-aprovacoes-em-residencia-medica-no-brasil\/\" target=\"_blank\" rel=\"noreferrer noopener\"><strong>metodologia que j\u00e1 aprovou mais de 10 mil residentes no pa\u00eds<\/strong><\/a>! Por fim, acesse o nosso<a href=\"https:\/\/www.youtube.com\/@GrupoMedcof\/featured\" target=\"_blank\" rel=\"noreferrer noopener\">&nbsp;<strong>canal do youtube&nbsp;<\/strong><\/a>para ver o nosso material.<\/p>\n\n\n\n<figure class=\"wp-block-embed is-type-video is-provider-youtube wp-block-embed-youtube wp-embed-aspect-16-9 wp-has-aspect-ratio\"><div class=\"wp-block-embed__wrapper\">\n<div class=\"youtube-embed\" data-video_id=\"eoonddKRb-U\"><iframe loading=\"lazy\" title=\"GOcast: Mulher, M\u00e3e e Beb\u00ea: Uma Jornada de Cuidados em Obstetr\u00edcia e Neo com Dra. Amira | EP.07\" width=\"696\" height=\"392\" src=\"https:\/\/www.youtube.com\/embed\/eoonddKRb-U?feature=oembed&#038;enablejsapi=1\" frameborder=\"0\" allow=\"accelerometer; autoplay; clipboard-write; encrypted-media; gyroscope; picture-in-picture; web-share\" referrerpolicy=\"strict-origin-when-cross-origin\" allowfullscreen><\/iframe><\/div>\n<\/div><\/figure>\n","protected":false},"excerpt":{"rendered":"<p>Os dist\u00farbios do es\u00f4fago representam um conjunto de condi\u00e7\u00f5es que afetam a degluti\u00e7\u00e3o e a qualidade de vida dos pacientes. Entenda!<\/p>\n","protected":false},"author":21,"featured_media":33275,"comment_status":"open","ping_status":"open","sticky":false,"template":"","format":"standard","meta":{"footnotes":""},"categories":[115],"tags":[2514,2515,250],"ppma_author":[3617],"class_list":{"0":"post-33260","1":"post","2":"type-post","3":"status-publish","4":"format-standard","5":"has-post-thumbnail","7":"category-clinica-medica","8":"tag-disfagia","9":"tag-esofagite","10":"tag-neoplasias"},"yoast_head":"<!-- This site is optimized with the Yoast SEO Premium plugin v24.3 (Yoast SEO v27.4) - https:\/\/yoast.com\/product\/yoast-seo-premium-wordpress\/ -->\n<title>Disfagia: Como o Dist\u00farbio Afeta a Digest\u00e3o | Medcof<\/title>\n<meta name=\"description\" content=\"Os dist\u00farbios do es\u00f4fago representam um conjunto de condi\u00e7\u00f5es que afetam a degluti\u00e7\u00e3o e a qualidade de vida dos pacientes. Entenda!\" \/>\n<meta name=\"robots\" content=\"index, follow, max-snippet:-1, max-image-preview:large, max-video-preview:-1\" \/>\n<link rel=\"canonical\" href=\"https:\/\/www.grupomedcof.com.br\/blog\/disfagia-como-esse-disturbio-afeta-a-digestao-do-paciente\/\" \/>\n<meta property=\"og:locale\" content=\"pt_BR\" \/>\n<meta property=\"og:type\" content=\"article\" \/>\n<meta property=\"og:title\" content=\"Disfagia: como esse dist\u00farbio afeta a digest\u00e3o do paciente\" \/>\n<meta property=\"og:description\" content=\"Os dist\u00farbios do es\u00f4fago representam um conjunto de condi\u00e7\u00f5es que afetam a degluti\u00e7\u00e3o e a qualidade de vida dos pacientes. Entenda!\" \/>\n<meta property=\"og:url\" content=\"https:\/\/www.grupomedcof.com.br\/blog\/disfagia-como-esse-disturbio-afeta-a-digestao-do-paciente\/\" \/>\n<meta property=\"og:site_name\" content=\"Blog de Medcof: conte\u00fados, editais, revalida e mais!\" \/>\n<meta property=\"article:publisher\" content=\"https:\/\/www.facebook.com\/MedCofQbank\/\" \/>\n<meta property=\"article:published_time\" content=\"2025-01-30T20:05:19+00:00\" \/>\n<meta property=\"article:modified_time\" content=\"2026-04-24T20:21:21+00:00\" \/>\n<meta property=\"og:image\" content=\"https:\/\/www.grupomedcof.com.br\/blog\/wp-content\/uploads\/2025\/01\/Blog-MedCof-40-1-1024x576.png\" \/>\n\t<meta property=\"og:image:width\" content=\"1024\" \/>\n\t<meta property=\"og:image:height\" content=\"576\" \/>\n\t<meta property=\"og:image:type\" content=\"image\/png\" \/>\n<meta name=\"author\" content=\"Kiara Adelino\" \/>\n<meta name=\"twitter:card\" content=\"summary_large_image\" \/>\n<meta name=\"twitter:label1\" content=\"Escrito por\" \/>\n\t<meta name=\"twitter:data1\" content=\"Kiara Adelino\" \/>\n\t<meta name=\"twitter:label2\" content=\"Est. tempo de leitura\" \/>\n\t<meta name=\"twitter:data2\" content=\"5 minutos\" \/>\n<script type=\"application\/ld+json\" class=\"yoast-schema-graph\">{\"@context\":\"https:\\\/\\\/schema.org\",\"@graph\":[{\"@type\":\"Article\",\"@id\":\"https:\\\/\\\/www.grupomedcof.com.br\\\/blog\\\/disfagia-como-esse-disturbio-afeta-a-digestao-do-paciente\\\/#article\",\"isPartOf\":{\"@id\":\"https:\\\/\\\/www.grupomedcof.com.br\\\/blog\\\/disfagia-como-esse-disturbio-afeta-a-digestao-do-paciente\\\/\"},\"author\":{\"name\":\"Kiara Adelino\",\"@id\":\"https:\\\/\\\/www.grupomedcof.com.br\\\/blog\\\/#\\\/schema\\\/person\\\/db19a651f86c5fc202d6eee744fd3292\"},\"headline\":\"Disfagia: como esse dist\u00farbio afeta a digest\u00e3o do paciente\",\"datePublished\":\"2025-01-30T20:05:19+00:00\",\"dateModified\":\"2026-04-24T20:21:21+00:00\",\"mainEntityOfPage\":{\"@id\":\"https:\\\/\\\/www.grupomedcof.com.br\\\/blog\\\/disfagia-como-esse-disturbio-afeta-a-digestao-do-paciente\\\/\"},\"wordCount\":686,\"commentCount\":0,\"publisher\":{\"@id\":\"https:\\\/\\\/www.grupomedcof.com.br\\\/blog\\\/#organization\"},\"image\":{\"@id\":\"https:\\\/\\\/www.grupomedcof.com.br\\\/blog\\\/disfagia-como-esse-disturbio-afeta-a-digestao-do-paciente\\\/#primaryimage\"},\"thumbnailUrl\":\"https:\\\/\\\/www.grupomedcof.com.br\\\/blog\\\/wp-content\\\/uploads\\\/2025\\\/01\\\/Blog-MedCof-40-1.png\",\"keywords\":[\"Disfagia\",\"Esofagite\",\"Neoplasias\"],\"articleSection\":[\"Cl\u00ednica M\u00e9dica\"],\"inLanguage\":\"pt-BR\"},{\"@type\":\"WebPage\",\"@id\":\"https:\\\/\\\/www.grupomedcof.com.br\\\/blog\\\/disfagia-como-esse-disturbio-afeta-a-digestao-do-paciente\\\/\",\"url\":\"https:\\\/\\\/www.grupomedcof.com.br\\\/blog\\\/disfagia-como-esse-disturbio-afeta-a-digestao-do-paciente\\\/\",\"name\":\"Disfagia: Como o Dist\u00farbio Afeta a Digest\u00e3o | Medcof\",\"isPartOf\":{\"@id\":\"https:\\\/\\\/www.grupomedcof.com.br\\\/blog\\\/#website\"},\"primaryImageOfPage\":{\"@id\":\"https:\\\/\\\/www.grupomedcof.com.br\\\/blog\\\/disfagia-como-esse-disturbio-afeta-a-digestao-do-paciente\\\/#primaryimage\"},\"image\":{\"@id\":\"https:\\\/\\\/www.grupomedcof.com.br\\\/blog\\\/disfagia-como-esse-disturbio-afeta-a-digestao-do-paciente\\\/#primaryimage\"},\"thumbnailUrl\":\"https:\\\/\\\/www.grupomedcof.com.br\\\/blog\\\/wp-content\\\/uploads\\\/2025\\\/01\\\/Blog-MedCof-40-1.png\",\"datePublished\":\"2025-01-30T20:05:19+00:00\",\"dateModified\":\"2026-04-24T20:21:21+00:00\",\"description\":\"Os dist\u00farbios do es\u00f4fago representam um conjunto de condi\u00e7\u00f5es que afetam a degluti\u00e7\u00e3o e a qualidade de vida dos pacientes. Entenda!\",\"breadcrumb\":{\"@id\":\"https:\\\/\\\/www.grupomedcof.com.br\\\/blog\\\/disfagia-como-esse-disturbio-afeta-a-digestao-do-paciente\\\/#breadcrumb\"},\"inLanguage\":\"pt-BR\",\"potentialAction\":[{\"@type\":\"ReadAction\",\"target\":[\"https:\\\/\\\/www.grupomedcof.com.br\\\/blog\\\/disfagia-como-esse-disturbio-afeta-a-digestao-do-paciente\\\/\"]}]},{\"@type\":\"ImageObject\",\"inLanguage\":\"pt-BR\",\"@id\":\"https:\\\/\\\/www.grupomedcof.com.br\\\/blog\\\/disfagia-como-esse-disturbio-afeta-a-digestao-do-paciente\\\/#primaryimage\",\"url\":\"https:\\\/\\\/www.grupomedcof.com.br\\\/blog\\\/wp-content\\\/uploads\\\/2025\\\/01\\\/Blog-MedCof-40-1.png\",\"contentUrl\":\"https:\\\/\\\/www.grupomedcof.com.br\\\/blog\\\/wp-content\\\/uploads\\\/2025\\\/01\\\/Blog-MedCof-40-1.png\",\"width\":2560,\"height\":1440},{\"@type\":\"BreadcrumbList\",\"@id\":\"https:\\\/\\\/www.grupomedcof.com.br\\\/blog\\\/disfagia-como-esse-disturbio-afeta-a-digestao-do-paciente\\\/#breadcrumb\",\"itemListElement\":[{\"@type\":\"ListItem\",\"position\":1,\"name\":\"In\u00edcio\",\"item\":\"https:\\\/\\\/www.grupomedcof.com.br\\\/blog\\\/\"},{\"@type\":\"ListItem\",\"position\":2,\"name\":\"Disfagia: como esse dist\u00farbio afeta a digest\u00e3o do paciente\"}]},{\"@type\":\"WebSite\",\"@id\":\"https:\\\/\\\/www.grupomedcof.com.br\\\/blog\\\/#website\",\"url\":\"https:\\\/\\\/www.grupomedcof.com.br\\\/blog\\\/\",\"name\":\"Blog de Medcof: conte\u00fados, editais, revalida e mais!\",\"description\":\"Acesso o blog de MedCof! Seu portal de conte\u00fados sobre resid\u00eancia m\u00e9dica, an\u00e1lise e editais e muito mais. Clique e confira!\",\"publisher\":{\"@id\":\"https:\\\/\\\/www.grupomedcof.com.br\\\/blog\\\/#organization\"},\"alternateName\":\"Blog de Medcof: conte\u00fados, editais, revalida e mais!\",\"potentialAction\":[{\"@type\":\"SearchAction\",\"target\":{\"@type\":\"EntryPoint\",\"urlTemplate\":\"https:\\\/\\\/www.grupomedcof.com.br\\\/blog\\\/?s={search_term_string}\"},\"query-input\":{\"@type\":\"PropertyValueSpecification\",\"valueRequired\":true,\"valueName\":\"search_term_string\"}}],\"inLanguage\":\"pt-BR\"},{\"@type\":\"Organization\",\"@id\":\"https:\\\/\\\/www.grupomedcof.com.br\\\/blog\\\/#organization\",\"name\":\"Grupo MedCof\",\"url\":\"https:\\\/\\\/www.grupomedcof.com.br\\\/blog\\\/\",\"logo\":{\"@type\":\"ImageObject\",\"inLanguage\":\"pt-BR\",\"@id\":\"https:\\\/\\\/www.grupomedcof.com.br\\\/blog\\\/#\\\/schema\\\/logo\\\/image\\\/\",\"url\":\"https:\\\/\\\/www.grupomedcof.com.br\\\/blog\\\/wp-content\\\/uploads\\\/2022\\\/01\\\/logo-medcof.png\",\"contentUrl\":\"https:\\\/\\\/www.grupomedcof.com.br\\\/blog\\\/wp-content\\\/uploads\\\/2022\\\/01\\\/logo-medcof.png\",\"width\":768,\"height\":269,\"caption\":\"Grupo MedCof\"},\"image\":{\"@id\":\"https:\\\/\\\/www.grupomedcof.com.br\\\/blog\\\/#\\\/schema\\\/logo\\\/image\\\/\"},\"sameAs\":[\"https:\\\/\\\/www.facebook.com\\\/MedCofQbank\\\/\",\"https:\\\/\\\/www.instagram.com\\\/grupomedcof\\\/\",\"https:\\\/\\\/br.linkedin.com\\\/company\\\/medcof\",\"https:\\\/\\\/www.youtube.com\\\/channel\\\/UCdHMuOHKICxcHwecxN8P-AA\"]},{\"@type\":\"Person\",\"@id\":\"https:\\\/\\\/www.grupomedcof.com.br\\\/blog\\\/#\\\/schema\\\/person\\\/db19a651f86c5fc202d6eee744fd3292\",\"name\":\"Kiara Adelino\",\"image\":{\"@type\":\"ImageObject\",\"inLanguage\":\"pt-BR\",\"@id\":\"https:\\\/\\\/www.grupomedcof.com.br\\\/blog\\\/wp-content\\\/uploads\\\/2024\\\/08\\\/cropped-Kiara-Adelino2-96x96.jpega85663bdda67261f8f06f86e555e1e49\",\"url\":\"https:\\\/\\\/www.grupomedcof.com.br\\\/blog\\\/wp-content\\\/uploads\\\/2024\\\/08\\\/cropped-Kiara-Adelino2-96x96.jpeg\",\"contentUrl\":\"https:\\\/\\\/www.grupomedcof.com.br\\\/blog\\\/wp-content\\\/uploads\\\/2024\\\/08\\\/cropped-Kiara-Adelino2-96x96.jpeg\",\"caption\":\"Kiara Adelino\"},\"description\":\"Estudante do 5\u00b0 semestre de Medicina. Gosto bastante de aprender coisas novas, principalmente na \u00e1rea de Neurologia e Anatomia humana.\",\"url\":\"https:\\\/\\\/www.grupomedcof.com.br\\\/blog\\\/author\\\/kiara-adelino\\\/\"}]}<\/script>\n<!-- \/ Yoast SEO Premium plugin. -->","yoast_head_json":{"title":"Disfagia: Como o Dist\u00farbio Afeta a Digest\u00e3o | Medcof","description":"Os dist\u00farbios do es\u00f4fago representam um conjunto de condi\u00e7\u00f5es que afetam a degluti\u00e7\u00e3o e a qualidade de vida dos pacientes. Entenda!","robots":{"index":"index","follow":"follow","max-snippet":"max-snippet:-1","max-image-preview":"max-image-preview:large","max-video-preview":"max-video-preview:-1"},"canonical":"https:\/\/www.grupomedcof.com.br\/blog\/disfagia-como-esse-disturbio-afeta-a-digestao-do-paciente\/","og_locale":"pt_BR","og_type":"article","og_title":"Disfagia: como esse dist\u00farbio afeta a digest\u00e3o do paciente","og_description":"Os dist\u00farbios do es\u00f4fago representam um conjunto de condi\u00e7\u00f5es que afetam a degluti\u00e7\u00e3o e a qualidade de vida dos pacientes. Entenda!","og_url":"https:\/\/www.grupomedcof.com.br\/blog\/disfagia-como-esse-disturbio-afeta-a-digestao-do-paciente\/","og_site_name":"Blog de Medcof: conte\u00fados, editais, revalida e mais!","article_publisher":"https:\/\/www.facebook.com\/MedCofQbank\/","article_published_time":"2025-01-30T20:05:19+00:00","article_modified_time":"2026-04-24T20:21:21+00:00","og_image":[{"width":1024,"height":576,"url":"https:\/\/www.grupomedcof.com.br\/blog\/wp-content\/uploads\/2025\/01\/Blog-MedCof-40-1-1024x576.png","type":"image\/png"}],"author":"Kiara Adelino","twitter_card":"summary_large_image","twitter_misc":{"Escrito por":"Kiara Adelino","Est. tempo de leitura":"5 minutos"},"schema":{"@context":"https:\/\/schema.org","@graph":[{"@type":"Article","@id":"https:\/\/www.grupomedcof.com.br\/blog\/disfagia-como-esse-disturbio-afeta-a-digestao-do-paciente\/#article","isPartOf":{"@id":"https:\/\/www.grupomedcof.com.br\/blog\/disfagia-como-esse-disturbio-afeta-a-digestao-do-paciente\/"},"author":{"name":"Kiara Adelino","@id":"https:\/\/www.grupomedcof.com.br\/blog\/#\/schema\/person\/db19a651f86c5fc202d6eee744fd3292"},"headline":"Disfagia: como esse dist\u00farbio afeta a digest\u00e3o do paciente","datePublished":"2025-01-30T20:05:19+00:00","dateModified":"2026-04-24T20:21:21+00:00","mainEntityOfPage":{"@id":"https:\/\/www.grupomedcof.com.br\/blog\/disfagia-como-esse-disturbio-afeta-a-digestao-do-paciente\/"},"wordCount":686,"commentCount":0,"publisher":{"@id":"https:\/\/www.grupomedcof.com.br\/blog\/#organization"},"image":{"@id":"https:\/\/www.grupomedcof.com.br\/blog\/disfagia-como-esse-disturbio-afeta-a-digestao-do-paciente\/#primaryimage"},"thumbnailUrl":"https:\/\/www.grupomedcof.com.br\/blog\/wp-content\/uploads\/2025\/01\/Blog-MedCof-40-1.png","keywords":["Disfagia","Esofagite","Neoplasias"],"articleSection":["Cl\u00ednica M\u00e9dica"],"inLanguage":"pt-BR"},{"@type":"WebPage","@id":"https:\/\/www.grupomedcof.com.br\/blog\/disfagia-como-esse-disturbio-afeta-a-digestao-do-paciente\/","url":"https:\/\/www.grupomedcof.com.br\/blog\/disfagia-como-esse-disturbio-afeta-a-digestao-do-paciente\/","name":"Disfagia: Como o Dist\u00farbio Afeta a Digest\u00e3o | Medcof","isPartOf":{"@id":"https:\/\/www.grupomedcof.com.br\/blog\/#website"},"primaryImageOfPage":{"@id":"https:\/\/www.grupomedcof.com.br\/blog\/disfagia-como-esse-disturbio-afeta-a-digestao-do-paciente\/#primaryimage"},"image":{"@id":"https:\/\/www.grupomedcof.com.br\/blog\/disfagia-como-esse-disturbio-afeta-a-digestao-do-paciente\/#primaryimage"},"thumbnailUrl":"https:\/\/www.grupomedcof.com.br\/blog\/wp-content\/uploads\/2025\/01\/Blog-MedCof-40-1.png","datePublished":"2025-01-30T20:05:19+00:00","dateModified":"2026-04-24T20:21:21+00:00","description":"Os dist\u00farbios do es\u00f4fago representam um conjunto de condi\u00e7\u00f5es que afetam a degluti\u00e7\u00e3o e a qualidade de vida dos pacientes. Entenda!","breadcrumb":{"@id":"https:\/\/www.grupomedcof.com.br\/blog\/disfagia-como-esse-disturbio-afeta-a-digestao-do-paciente\/#breadcrumb"},"inLanguage":"pt-BR","potentialAction":[{"@type":"ReadAction","target":["https:\/\/www.grupomedcof.com.br\/blog\/disfagia-como-esse-disturbio-afeta-a-digestao-do-paciente\/"]}]},{"@type":"ImageObject","inLanguage":"pt-BR","@id":"https:\/\/www.grupomedcof.com.br\/blog\/disfagia-como-esse-disturbio-afeta-a-digestao-do-paciente\/#primaryimage","url":"https:\/\/www.grupomedcof.com.br\/blog\/wp-content\/uploads\/2025\/01\/Blog-MedCof-40-1.png","contentUrl":"https:\/\/www.grupomedcof.com.br\/blog\/wp-content\/uploads\/2025\/01\/Blog-MedCof-40-1.png","width":2560,"height":1440},{"@type":"BreadcrumbList","@id":"https:\/\/www.grupomedcof.com.br\/blog\/disfagia-como-esse-disturbio-afeta-a-digestao-do-paciente\/#breadcrumb","itemListElement":[{"@type":"ListItem","position":1,"name":"In\u00edcio","item":"https:\/\/www.grupomedcof.com.br\/blog\/"},{"@type":"ListItem","position":2,"name":"Disfagia: como esse dist\u00farbio afeta a digest\u00e3o do paciente"}]},{"@type":"WebSite","@id":"https:\/\/www.grupomedcof.com.br\/blog\/#website","url":"https:\/\/www.grupomedcof.com.br\/blog\/","name":"Blog de Medcof: conte\u00fados, editais, revalida e mais!","description":"Acesso o blog de MedCof! Seu portal de conte\u00fados sobre resid\u00eancia m\u00e9dica, an\u00e1lise e editais e muito mais. Clique e confira!","publisher":{"@id":"https:\/\/www.grupomedcof.com.br\/blog\/#organization"},"alternateName":"Blog de Medcof: conte\u00fados, editais, revalida e mais!","potentialAction":[{"@type":"SearchAction","target":{"@type":"EntryPoint","urlTemplate":"https:\/\/www.grupomedcof.com.br\/blog\/?s={search_term_string}"},"query-input":{"@type":"PropertyValueSpecification","valueRequired":true,"valueName":"search_term_string"}}],"inLanguage":"pt-BR"},{"@type":"Organization","@id":"https:\/\/www.grupomedcof.com.br\/blog\/#organization","name":"Grupo MedCof","url":"https:\/\/www.grupomedcof.com.br\/blog\/","logo":{"@type":"ImageObject","inLanguage":"pt-BR","@id":"https:\/\/www.grupomedcof.com.br\/blog\/#\/schema\/logo\/image\/","url":"https:\/\/www.grupomedcof.com.br\/blog\/wp-content\/uploads\/2022\/01\/logo-medcof.png","contentUrl":"https:\/\/www.grupomedcof.com.br\/blog\/wp-content\/uploads\/2022\/01\/logo-medcof.png","width":768,"height":269,"caption":"Grupo MedCof"},"image":{"@id":"https:\/\/www.grupomedcof.com.br\/blog\/#\/schema\/logo\/image\/"},"sameAs":["https:\/\/www.facebook.com\/MedCofQbank\/","https:\/\/www.instagram.com\/grupomedcof\/","https:\/\/br.linkedin.com\/company\/medcof","https:\/\/www.youtube.com\/channel\/UCdHMuOHKICxcHwecxN8P-AA"]},{"@type":"Person","@id":"https:\/\/www.grupomedcof.com.br\/blog\/#\/schema\/person\/db19a651f86c5fc202d6eee744fd3292","name":"Kiara Adelino","image":{"@type":"ImageObject","inLanguage":"pt-BR","@id":"https:\/\/www.grupomedcof.com.br\/blog\/wp-content\/uploads\/2024\/08\/cropped-Kiara-Adelino2-96x96.jpega85663bdda67261f8f06f86e555e1e49","url":"https:\/\/www.grupomedcof.com.br\/blog\/wp-content\/uploads\/2024\/08\/cropped-Kiara-Adelino2-96x96.jpeg","contentUrl":"https:\/\/www.grupomedcof.com.br\/blog\/wp-content\/uploads\/2024\/08\/cropped-Kiara-Adelino2-96x96.jpeg","caption":"Kiara Adelino"},"description":"Estudante do 5\u00b0 semestre de Medicina. Gosto bastante de aprender coisas novas, principalmente na \u00e1rea de Neurologia e Anatomia humana.","url":"https:\/\/www.grupomedcof.com.br\/blog\/author\/kiara-adelino\/"}]}},"authors":[{"term_id":3617,"user_id":21,"is_guest":0,"slug":"kiara-adelino","display_name":"Kiara Adelino","avatar_url":"https:\/\/www.grupomedcof.com.br\/blog\/wp-content\/uploads\/2024\/08\/cropped-Kiara-Adelino2-96x96.jpeg","0":null,"1":"","2":"","3":"","4":"","5":"","6":"","7":"","8":""}],"_links":{"self":[{"href":"https:\/\/www.grupomedcof.com.br\/blog\/wp-json\/wp\/v2\/posts\/33260","targetHints":{"allow":["GET"]}}],"collection":[{"href":"https:\/\/www.grupomedcof.com.br\/blog\/wp-json\/wp\/v2\/posts"}],"about":[{"href":"https:\/\/www.grupomedcof.com.br\/blog\/wp-json\/wp\/v2\/types\/post"}],"author":[{"embeddable":true,"href":"https:\/\/www.grupomedcof.com.br\/blog\/wp-json\/wp\/v2\/users\/21"}],"replies":[{"embeddable":true,"href":"https:\/\/www.grupomedcof.com.br\/blog\/wp-json\/wp\/v2\/comments?post=33260"}],"version-history":[{"count":1,"href":"https:\/\/www.grupomedcof.com.br\/blog\/wp-json\/wp\/v2\/posts\/33260\/revisions"}],"predecessor-version":[{"id":43500,"href":"https:\/\/www.grupomedcof.com.br\/blog\/wp-json\/wp\/v2\/posts\/33260\/revisions\/43500"}],"wp:featuredmedia":[{"embeddable":true,"href":"https:\/\/www.grupomedcof.com.br\/blog\/wp-json\/wp\/v2\/media\/33275"}],"wp:attachment":[{"href":"https:\/\/www.grupomedcof.com.br\/blog\/wp-json\/wp\/v2\/media?parent=33260"}],"wp:term":[{"taxonomy":"category","embeddable":true,"href":"https:\/\/www.grupomedcof.com.br\/blog\/wp-json\/wp\/v2\/categories?post=33260"},{"taxonomy":"post_tag","embeddable":true,"href":"https:\/\/www.grupomedcof.com.br\/blog\/wp-json\/wp\/v2\/tags?post=33260"},{"taxonomy":"author","embeddable":true,"href":"https:\/\/www.grupomedcof.com.br\/blog\/wp-json\/wp\/v2\/ppma_author?post=33260"}],"curies":[{"name":"wp","href":"https:\/\/api.w.org\/{rel}","templated":true}]}}