{"id":33277,"date":"2025-02-12T14:46:36","date_gmt":"2025-02-12T17:46:36","guid":{"rendered":"https:\/\/www.grupomedcof.com.br\/blog\/?p=33277"},"modified":"2026-04-08T11:10:00","modified_gmt":"2026-04-08T14:10:00","slug":"semana-nacional-de-conscientizacao-da-gravidez-na-adolescencia","status":"publish","type":"post","link":"https:\/\/www.grupomedcof.com.br\/blog\/semana-nacional-de-conscientizacao-da-gravidez-na-adolescencia\/","title":{"rendered":"Semana Nacional de Conscientiza\u00e7\u00e3o da Gravidez na Adolesc\u00eancia"},"content":{"rendered":"<div id=\"ez-toc-container\" class=\"ez-toc-v2_0_74 counter-hierarchy ez-toc-counter ez-toc-transparent ez-toc-container-direction\">\n<div class=\"ez-toc-title-container\">\n<p class=\"ez-toc-title\" style=\"cursor:inherit\">Sum\u00e1rio<\/p>\n<span class=\"ez-toc-title-toggle\"><a href=\"#\" class=\"ez-toc-pull-right ez-toc-btn ez-toc-btn-xs ez-toc-btn-default ez-toc-toggle\" aria-label=\"Alternar tabela de conte\u00fado\"><span class=\"ez-toc-js-icon-con\"><span class=\"\"><span class=\"eztoc-hide\" style=\"display:none;\">Toggle<\/span><span class=\"ez-toc-icon-toggle-span\"><svg style=\"fill: #999;color:#999\" xmlns=\"http:\/\/www.w3.org\/2000\/svg\" class=\"list-377408\" width=\"20px\" height=\"20px\" viewBox=\"0 0 24 24\" fill=\"none\"><path d=\"M6 6H4v2h2V6zm14 0H8v2h12V6zM4 11h2v2H4v-2zm16 0H8v2h12v-2zM4 16h2v2H4v-2zm16 0H8v2h12v-2z\" fill=\"currentColor\"><\/path><\/svg><svg style=\"fill: #999;color:#999\" class=\"arrow-unsorted-368013\" xmlns=\"http:\/\/www.w3.org\/2000\/svg\" width=\"10px\" height=\"10px\" viewBox=\"0 0 24 24\" version=\"1.2\" baseProfile=\"tiny\"><path d=\"M18.2 9.3l-6.2-6.3-6.2 6.3c-.2.2-.3.4-.3.7s.1.5.3.7c.2.2.4.3.7.3h11c.3 0 .5-.1.7-.3.2-.2.3-.5.3-.7s-.1-.5-.3-.7zM5.8 14.7l6.2 6.3 6.2-6.3c.2-.2.3-.5.3-.7s-.1-.5-.3-.7c-.2-.2-.4-.3-.7-.3h-11c-.3 0-.5.1-.7.3-.2.2-.3.5-.3.7s.1.5.3.7z\"\/><\/svg><\/span><\/span><\/span><\/a><\/span><\/div>\n<nav><ul class='ez-toc-list ez-toc-list-level-1 ' ><li class='ez-toc-page-1 ez-toc-heading-level-2'><a class=\"ez-toc-link ez-toc-heading-1\" href=\"https:\/\/www.grupomedcof.com.br\/blog\/semana-nacional-de-conscientizacao-da-gravidez-na-adolescencia\/#Semana_Nacional_de_Conscientizacao\" >Semana Nacional de Conscientiza\u00e7\u00e3o\u00a0<\/a><ul class='ez-toc-list-level-3' ><li class='ez-toc-heading-level-3'><a class=\"ez-toc-link ez-toc-heading-2\" href=\"https:\/\/www.grupomedcof.com.br\/blog\/semana-nacional-de-conscientizacao-da-gravidez-na-adolescencia\/#Dados_e_definicoes\" >Dados e defini\u00e7\u00f5es\u00a0<\/a><\/li><\/ul><\/li><li class='ez-toc-page-1 ez-toc-heading-level-2'><a class=\"ez-toc-link ez-toc-heading-3\" href=\"https:\/\/www.grupomedcof.com.br\/blog\/semana-nacional-de-conscientizacao-da-gravidez-na-adolescencia\/#Riscos_e_Complicacoes\" >Riscos e Complica\u00e7\u00f5es\u00a0<\/a><ul class='ez-toc-list-level-3' ><li class='ez-toc-heading-level-3'><a class=\"ez-toc-link ez-toc-heading-4\" href=\"https:\/\/www.grupomedcof.com.br\/blog\/semana-nacional-de-conscientizacao-da-gravidez-na-adolescencia\/#Riscos_para_a_Mae_Adolescente\" >Riscos para a M\u00e3e Adolescente<\/a><\/li><li class='ez-toc-page-1 ez-toc-heading-level-3'><a class=\"ez-toc-link ez-toc-heading-5\" href=\"https:\/\/www.grupomedcof.com.br\/blog\/semana-nacional-de-conscientizacao-da-gravidez-na-adolescencia\/#Riscos_para_o_Recem-nascido\" >Riscos para o Rec\u00e9m-nascido<\/a><\/li><\/ul><\/li><li class='ez-toc-page-1 ez-toc-heading-level-2'><a class=\"ez-toc-link ez-toc-heading-6\" href=\"https:\/\/www.grupomedcof.com.br\/blog\/semana-nacional-de-conscientizacao-da-gravidez-na-adolescencia\/#Possiveis_consequencias_na_saude_mental_da_jovem\" >Poss\u00edveis consequ\u00eancias na sa\u00fade mental da jovem<\/a><\/li><li class='ez-toc-page-1 ez-toc-heading-level-2'><a class=\"ez-toc-link ez-toc-heading-7\" href=\"https:\/\/www.grupomedcof.com.br\/blog\/semana-nacional-de-conscientizacao-da-gravidez-na-adolescencia\/#Introducao\" >Introdu\u00e7\u00e3o<\/a><\/li><li class='ez-toc-page-1 ez-toc-heading-level-2'><a class=\"ez-toc-link ez-toc-heading-8\" href=\"https:\/\/www.grupomedcof.com.br\/blog\/semana-nacional-de-conscientizacao-da-gravidez-na-adolescencia\/#Depressao_Maior_na_Gestacao\" >Depress\u00e3o Maior na Gesta\u00e7\u00e3o<\/a><ul class='ez-toc-list-level-3' ><li class='ez-toc-heading-level-3'><a class=\"ez-toc-link ez-toc-heading-9\" href=\"https:\/\/www.grupomedcof.com.br\/blog\/semana-nacional-de-conscientizacao-da-gravidez-na-adolescencia\/#Etiopatogenia_e_Fatores_de_Risco\" >Etiopatogenia e Fatores de Risco<\/a><\/li><li class='ez-toc-page-1 ez-toc-heading-level-3'><a class=\"ez-toc-link ez-toc-heading-10\" href=\"https:\/\/www.grupomedcof.com.br\/blog\/semana-nacional-de-conscientizacao-da-gravidez-na-adolescencia\/#Diagnostico_e_Tratamento\" >Diagn\u00f3stico e Tratamento<\/a><\/li><\/ul><\/li><li class='ez-toc-page-1 ez-toc-heading-level-2'><a class=\"ez-toc-link ez-toc-heading-11\" href=\"https:\/\/www.grupomedcof.com.br\/blog\/semana-nacional-de-conscientizacao-da-gravidez-na-adolescencia\/#Blues_Puerperal\" >Blues Puerperal<\/a><ul class='ez-toc-list-level-3' ><li class='ez-toc-heading-level-3'><a class=\"ez-toc-link ez-toc-heading-12\" href=\"https:\/\/www.grupomedcof.com.br\/blog\/semana-nacional-de-conscientizacao-da-gravidez-na-adolescencia\/#Fatores_de_Risco_e_Manejo\" >Fatores de Risco e Manejo<\/a><\/li><\/ul><\/li><li class='ez-toc-page-1 ez-toc-heading-level-2'><a class=\"ez-toc-link ez-toc-heading-13\" href=\"https:\/\/www.grupomedcof.com.br\/blog\/semana-nacional-de-conscientizacao-da-gravidez-na-adolescencia\/#Depressao_Pos-Parto\" >Depress\u00e3o P\u00f3s-Parto<\/a><ul class='ez-toc-list-level-3' ><li class='ez-toc-heading-level-3'><a class=\"ez-toc-link ez-toc-heading-14\" href=\"https:\/\/www.grupomedcof.com.br\/blog\/semana-nacional-de-conscientizacao-da-gravidez-na-adolescencia\/#Diagnostico_e_Tratamento-2\" >Diagn\u00f3stico e Tratamento<\/a><\/li><\/ul><\/li><li class='ez-toc-page-1 ez-toc-heading-level-2'><a class=\"ez-toc-link ez-toc-heading-15\" href=\"https:\/\/www.grupomedcof.com.br\/blog\/semana-nacional-de-conscientizacao-da-gravidez-na-adolescencia\/#Psicose_Puerperal\" >Psicose Puerperal<\/a><ul class='ez-toc-list-level-3' ><li class='ez-toc-heading-level-3'><a class=\"ez-toc-link ez-toc-heading-16\" href=\"https:\/\/www.grupomedcof.com.br\/blog\/semana-nacional-de-conscientizacao-da-gravidez-na-adolescencia\/#Tratamento\" >Tratamento<\/a><\/li><\/ul><\/li><li class='ez-toc-page-1 ez-toc-heading-level-2'><a class=\"ez-toc-link ez-toc-heading-17\" href=\"https:\/\/www.grupomedcof.com.br\/blog\/semana-nacional-de-conscientizacao-da-gravidez-na-adolescencia\/#O_metodo_que_te_aprova\" >O m\u00e9todo que te aprova!<\/a><\/li><\/ul><\/nav><\/div>\n\n<figure class=\"wp-block-image size-large\"><img loading=\"lazy\" decoding=\"async\" width=\"1024\" height=\"576\" src=\"https:\/\/www.grupomedcof.com.br\/blog\/wp-content\/uploads\/2025\/01\/Blog-MedCof-41-2-1024x576.png\" alt=\"\" class=\"wp-image-33278\" srcset=\"https:\/\/www.grupomedcof.com.br\/blog\/wp-content\/uploads\/2025\/01\/Blog-MedCof-41-2-1024x576.png 1024w, https:\/\/www.grupomedcof.com.br\/blog\/wp-content\/uploads\/2025\/01\/Blog-MedCof-41-2-300x169.png 300w, https:\/\/www.grupomedcof.com.br\/blog\/wp-content\/uploads\/2025\/01\/Blog-MedCof-41-2-768x432.png 768w, https:\/\/www.grupomedcof.com.br\/blog\/wp-content\/uploads\/2025\/01\/Blog-MedCof-41-2-1536x864.png 1536w, https:\/\/www.grupomedcof.com.br\/blog\/wp-content\/uploads\/2025\/01\/Blog-MedCof-41-2-2048x1152.png 2048w, https:\/\/www.grupomedcof.com.br\/blog\/wp-content\/uploads\/2025\/01\/Blog-MedCof-41-2-747x420.png 747w, https:\/\/www.grupomedcof.com.br\/blog\/wp-content\/uploads\/2025\/01\/Blog-MedCof-41-2-150x84.png 150w, https:\/\/www.grupomedcof.com.br\/blog\/wp-content\/uploads\/2025\/01\/Blog-MedCof-41-2-696x392.png 696w, https:\/\/www.grupomedcof.com.br\/blog\/wp-content\/uploads\/2025\/01\/Blog-MedCof-41-2-1068x601.png 1068w, https:\/\/www.grupomedcof.com.br\/blog\/wp-content\/uploads\/2025\/01\/Blog-MedCof-41-2-1920x1080.png 1920w\" sizes=\"auto, (max-width: 1024px) 100vw, 1024px\" \/><\/figure>\n\n\n\n<h2 class=\"wp-block-heading\" id=\"h-semana-nacional-de-conscientizacao\"><span class=\"ez-toc-section\" id=\"Semana_Nacional_de_Conscientizacao\"><\/span><strong>Semana Nacional de Conscientiza\u00e7\u00e3o\u00a0<\/strong><span class=\"ez-toc-section-end\"><\/span><\/h2>\n\n\n\n<p>Em 2019,\u00a0a lei de n\u00b0 13.798 instaurou a data de 1\u00b0 a 8 de fevereiro como a <strong>Semana de Conscientiza\u00e7\u00e3o da Gravidez na Adolesc\u00eancia<\/strong> como modo de dissemina\u00e7\u00e3o informa\u00e7\u00f5es educativas de sa\u00fade, a fim de diminuir os casos de gesta\u00e7\u00e3o em mulheres ainda n\u00e3o totalmente preparadas para a gera\u00e7\u00e3o uterina.<\/p>\n\n\n\n<h3 class=\"wp-block-heading\" id=\"h-dados-e-definicoes\"><span class=\"ez-toc-section\" id=\"Dados_e_definicoes\"><\/span><strong>Dados e defini\u00e7\u00f5es\u00a0<\/strong><span class=\"ez-toc-section-end\"><\/span><\/h3>\n\n\n\n<p>A adolesc\u00eancia,\u00a0para os dados de sa\u00fade, representa as idades de <strong>10 a 19 anos<\/strong>, de modo geral para homens e mulheres. Al\u00e9m disso, o <strong>pico da vida reprodutiva feminina ocorre dos 20 aos 30 anos,<\/strong> embora ela ainda possa engravidar depois dessa faixa, por\u00e9m com maior dificuldade.\u00a0\u00a0<\/p>\n\n\n\n<p>De acordo com dados do IBGE, a popula\u00e7\u00e3o de adolescentes femininas no Brasil \u00e9, em m\u00e9dia, de 10 milh\u00f5es, sendo que, conforme pesquisa do Minist\u00e9rio da Sa\u00fade feita em 2020, houveram 380 mil partos de adolescentes at\u00e9 o ano de an\u00e1lise.<\/p>\n\n\n\n<p>A <strong>Organiza\u00e7\u00e3o Mundial de Sa\u00fade<\/strong> demarca a fragilidade dessa condi\u00e7\u00e3o, j\u00e1 que a preval\u00eancia de complica\u00e7\u00f5es, tanto para a m\u00e3e, quanto para o beb\u00ea, s\u00e3o in\u00fameras.\u00a0 Podemos pensar em malforma\u00e7\u00f5es fetais, agravos\u00a0psicossociais na adolescentes e, tamb\u00e9m, fragilidade socioecon\u00f4mica.<\/p>\n\n\n\n<h2 class=\"wp-block-heading\" id=\"h-riscos-e-complicacoes\"><span class=\"ez-toc-section\" id=\"Riscos_e_Complicacoes\"><\/span><strong>Riscos e Complica\u00e7\u00f5es\u00a0<\/strong><span class=\"ez-toc-section-end\"><\/span><\/h2>\n\n\n\n<h3 class=\"wp-block-heading\" id=\"h-riscos-para-a-mae-adolescente\"><span class=\"ez-toc-section\" id=\"Riscos_para_a_Mae_Adolescente\"><\/span><strong>Riscos para a M\u00e3e Adolescente<\/strong><span class=\"ez-toc-section-end\"><\/span><\/h3>\n\n\n\n<p><strong>Adolescentes gr\u00e1vidas<\/strong>, particularmente aquelas com menos de 16 anos ou cuja menarca ocorreu h\u00e1 menos de dois anos, <strong>enfrentam a competi\u00e7\u00e3o por nutrientes com o feto,<\/strong> situa\u00e7\u00e3o conhecida como <strong>duplo anabolismo<\/strong>. Isso pode comprometer tanto o crescimento da m\u00e3e quanto o desenvolvimento fetal. Outras condi\u00e7\u00f5es f\u00edsicas, como altura inferior a 150 cm ou peso abaixo de 45 kg, ampliam os riscos.<\/p>\n\n\n\n<p>As quest\u00f5es socioecon\u00f4micas e comportamentais desempenham igualmente pap\u00e9is significativos. O uso de \u00e1lcool e drogas, inclusive medica\u00e7\u00f5es n\u00e3o prescritas, aumenta a probabilidade de complica\u00e7\u00f5es. Gravidezes resultantes de abuso sexual ou viol\u00eancia tamb\u00e9m colocam a adolescente em condi\u00e7\u00f5es de elevado estresse. Al\u00e9m disso, uma vis\u00e3o negativa sobre a gesta\u00e7\u00e3o pode levar a tentativas de aborto inseguro ou ao abandono do pr\u00e9-natal, expondo a sa\u00fade da m\u00e3e e do beb\u00ea a riscos.<\/p>\n\n\n\n<p>Enfermedades cr\u00f4nicas (como diabetes, doen\u00e7as card\u00edacas, ou infec\u00e7\u00f5es sexualmente transmiss\u00edveis) e emergentes (como dengue e zika), representam vigil\u00e2ncia constante. As complica\u00e7\u00f5es durante o parto tamb\u00e9m s\u00e3o frequentes, muitas vezes resultando em cesarianas de emerg\u00eancia.<\/p>\n\n\n\n<h3 class=\"wp-block-heading\" id=\"h-riscos-para-o-recem-nascido\"><span class=\"ez-toc-section\" id=\"Riscos_para_o_Recem-nascido\"><\/span><strong>Riscos para o Rec\u00e9m-nascido<\/strong><span class=\"ez-toc-section-end\"><\/span><\/h3>\n\n\n\n<p>Os <strong>beb\u00eas de m\u00e3es adolescentes frequentemente nascem prematuros ou com baixo peso<\/strong>, permitindo maior vulnerabilidade. O escore de Apgar baixo, infec\u00e7\u00f5es cong\u00eanitas, ou defeitos ao nascer, necessitam de cuidados intensivos e avalia\u00e7\u00e3o constante. Esses rec\u00e9m-nascidos podem enfrentar dificuldades na suc\u00e7\u00e3o e amamenta\u00e7\u00e3o, enquanto o ambiente dom\u00e9stico frequentemente desestabilizado compromete a higiene e cuidados b\u00e1sicos.<\/p>\n\n\n\n<h2 class=\"wp-block-heading\" id=\"h-possiveis-consequencias-na-saude-mental-da-jovem\"><span class=\"ez-toc-section\" id=\"Possiveis_consequencias_na_saude_mental_da_jovem\"><\/span><strong>Poss\u00edveis consequ\u00eancias na sa\u00fade mental da jovem<\/strong><span class=\"ez-toc-section-end\"><\/span><\/h2>\n\n\n\n<p>A <strong>gesta\u00e7\u00e3o e o per\u00edodo p\u00f3s-parto<\/strong> s\u00e3o fases cr\u00edticas na vida de uma mulher, marcadas por intensas<strong> transforma\u00e7\u00f5es f\u00edsicas, emocionais e sociais.<\/strong> Quando a gravidez coincide com a adolesc\u00eancia,&nbsp;h\u00e1 maior <strong>vulnerabilidade<\/strong> na sa\u00fade das m\u00e3es jovens e na do rec\u00e9m nascido, j\u00e1 que o organismo da jovem como um todo, n\u00e3o est\u00e1 preparado para a gesta\u00e7\u00e3o e o RN \u00e9 totalmente dependente da m\u00e3e.&nbsp;Durante esse tempo de desenvolvimento do feto, a sa\u00fade mental materna pode ser significativamente impactada, levando ao desenvolvimento de dist\u00farbios psiqui\u00e1tricos que afetam n\u00e3o apenas a m\u00e3e, mas tamb\u00e9m a rela\u00e7\u00e3o m\u00e3e-filho e o desenvolvimento da crian\u00e7a. <\/p>\n\n\n\n<p>Por isso, a<strong> primeira semana de Fevereiro<\/strong> \u00e9 marcada como a <strong>Semana de Preven\u00e7\u00e3o \u00e0 Gravidez na Adolesc\u00eancia,<\/strong> nos lembrando da import\u00e2ncia de dominar diversos conhecimentos na Resid\u00eancia de Obstetr\u00edcia, como os principais dist\u00farbios psiqui\u00e1tricos que podem ocorrer durante a gesta\u00e7\u00e3o e o puerp\u00e9rio a todas as gestantes, mas principalmente aquelas mais jovens e n\u00e3o funcionalmente preparadas para gerar. Ent\u00e3o, vamos lembrar conceitos cruciais acerca dessa tem\u00e1tica, a fim de melhorar nosso cuidado m\u00e9dico!<\/p>\n\n\n\n<figure class=\"wp-block-image\"><img decoding=\"async\" src=\"https:\/\/lh7-rt.googleusercontent.com\/docsz\/AD_4nXdBPppJYlUqb6v2nGNi5cmGQG01oq_mW1Cpu4LfZP8rFx1QCZyEjZI3_16I6Ecr9ZSeDMJIHMXt4vnIyxpFexhuuhZbcwHcPeTvJd2pwFJPyaOHiG3Hx2b2zNboSRcd-CXpQ98uYA?key=3sa2p2EQs2By8sq1hv773YBi\" alt=\"\"\/><figcaption class=\"wp-element-caption\">Fonte: Filme \u201cJuno\u201d <a href=\"https:\/\/pin.it\/5pgF6EcrV\">https:\/\/pin.it\/5pgF6EcrV<\/a><\/figcaption><\/figure>\n\n\n\n<h2 class=\"wp-block-heading\" id=\"h-introducao\"><span class=\"ez-toc-section\" id=\"Introducao\"><\/span><strong>Introdu\u00e7\u00e3o<\/strong><span class=\"ez-toc-section-end\"><\/span><\/h2>\n\n\n\n<p>A <strong>sa\u00fade mental materna<\/strong> \u00e9 um aspecto crucial do cuidado obst\u00e9trico, com cerca de 25-35% das mulheres desenvolvendo sintomas depressivos durante a gravidez. Os dist\u00farbios psiqui\u00e1tricos nesse per\u00edodo n\u00e3o s\u00e3o homog\u00eaneos e podem variar de leves a graves, exigindo uma abordagem cuidadosa e individualizada. <\/p>\n\n\n\n<h2 class=\"wp-block-heading\" id=\"h-depressao-maior-na-gestacao\"><span class=\"ez-toc-section\" id=\"Depressao_Maior_na_Gestacao\"><\/span><strong>Depress\u00e3o Maior na Gesta\u00e7\u00e3o<\/strong><span class=\"ez-toc-section-end\"><\/span><\/h2>\n\n\n\n<h3 class=\"wp-block-heading\" id=\"h-etiopatogenia-e-fatores-de-risco\"><span class=\"ez-toc-section\" id=\"Etiopatogenia_e_Fatores_de_Risco\"><\/span><strong>Etiopatogenia e Fatores de Risco<\/strong><span class=\"ez-toc-section-end\"><\/span><\/h3>\n\n\n\n<p>A depress\u00e3o maior durante a gesta\u00e7\u00e3o ainda carece de uma etiopatogenia clara, mas acredita-se que a desregula\u00e7\u00e3o dos neurotransmissores, aliada a fatores estressantes, desempenhe um papel crucial. Fatores de risco incluem:<\/p>\n\n\n\n<ul class=\"wp-block-list\">\n<li>Hist\u00f3ria pr\u00e9via de depress\u00e3o<\/li>\n\n\n\n<li>Hist\u00f3rico familiar de doen\u00e7as psiqui\u00e1tricas<\/li>\n\n\n\n<li>Complica\u00e7\u00f5es obst\u00e9tricas passadas<\/li>\n\n\n\n<li>Fatores socioecon\u00f4micos adversos<\/li>\n<\/ul>\n\n\n\n<h3 class=\"wp-block-heading\" id=\"h-diagnostico-e-tratamento\"><span class=\"ez-toc-section\" id=\"Diagnostico_e_Tratamento\"><\/span><strong>Diagn\u00f3stico e Tratamento<\/strong><span class=\"ez-toc-section-end\"><\/span><\/h3>\n\n\n\n<p>O diagn\u00f3stico baseia-se nos crit\u00e9rios do <strong>DSM-V,<\/strong> que requerem a presen\u00e7a de cinco ou mais sintomas por pelo menos duas semanas, incluindo humor deprimido ou perda de interesse. O tratamento pode incluir psicoterapia e, em casos moderados a graves, interven\u00e7\u00e3o farmacol\u00f3gica com ISRSs (Inibidores Seletivos da Recapta\u00e7\u00e3o da Serotonina) como primeira linha.<\/p>\n\n\n\n<h2 class=\"wp-block-heading\" id=\"h-blues-puerperal\"><span class=\"ez-toc-section\" id=\"Blues_Puerperal\"><\/span><strong>Blues Puerperal<\/strong><span class=\"ez-toc-section-end\"><\/span><\/h2>\n\n\n\n<p>O <strong>blues puerperal<\/strong> \u00e9 o dist\u00farbio psiqui\u00e1trico mais comum no per\u00edodo p\u00f3s-parto, afetando 40-80% das mulheres. Caracteriza-se por sintomas leves e transit\u00f3rios de depress\u00e3o, como choro f\u00e1cil e irritabilidade, que geralmente melhoram em 10-14 dias.<\/p>\n\n\n\n<figure class=\"wp-block-image\"><img decoding=\"async\" src=\"https:\/\/lh7-rt.googleusercontent.com\/docsz\/AD_4nXfvY85QV3PKvtMNBbIg_PSu0W1B9entyQ0tpjhE-tDI_Dge-qux0hpaGijqnfymcpeFVHvXpVlUTj-SZRC9K3GyJJ5oI45EQ0GmN6EMAnoXsDyKD0dfny0f0RBDgOpd5tinbFo0BA?key=3sa2p2EQs2By8sq1hv773YBi\" alt=\"\"\/><figcaption class=\"wp-element-caption\">Fonte: <a href=\"https:\/\/pin.it\/7tVIvoZVD\">https:\/\/pin.it\/7tVIvoZVD<\/a>&nbsp;<\/figcaption><\/figure>\n\n\n\n<h3 class=\"wp-block-heading\" id=\"h-fatores-de-risco-e-manejo\"><span class=\"ez-toc-section\" id=\"Fatores_de_Risco_e_Manejo\"><\/span><strong>Fatores de Risco e Manejo<\/strong><span class=\"ez-toc-section-end\"><\/span><\/h3>\n\n\n\n<p>Fatores de risco incluem <strong>hist\u00f3rico de depress\u00e3o e estresse relacionado aos cuidados com o rec\u00e9m-nascido.<\/strong> O manejo \u00e9 principalmente conservador, com suporte psicossocial e aux\u00edlio familiar.<\/p>\n\n\n\n<h2 class=\"wp-block-heading\" id=\"h-depressao-pos-parto\"><span class=\"ez-toc-section\" id=\"Depressao_Pos-Parto\"><\/span><strong>Depress\u00e3o P\u00f3s-Parto<\/strong><span class=\"ez-toc-section-end\"><\/span><\/h2>\n\n\n\n<p>A <strong>depress\u00e3o p\u00f3s-parto<\/strong> \u00e9 um epis\u00f3dio depressivo maior que se inicia geralmente entre a terceira e quarta semana do puerp\u00e9rio, atingindo pico em seis meses. \u00c9 importante diferenciar os sintomas da depress\u00e3o p\u00f3s-parto dos ajustes normais do p\u00f3s-parto.<\/p>\n\n\n\n<h3 class=\"wp-block-heading\" id=\"h-diagnostico-e-tratamento-0\"><span class=\"ez-toc-section\" id=\"Diagnostico_e_Tratamento-2\"><\/span><strong>Diagn\u00f3stico e Tratamento<\/strong><span class=\"ez-toc-section-end\"><\/span><\/h3>\n\n\n\n<p>O diagn\u00f3stico \u00e9 frequentemente feito usando a <strong>Escala de Depress\u00e3o P\u00f3s-Parto de Edimburgo.<\/strong> O tratamento envolve psicoterapia e, quando necess\u00e1rio, antidepressivos. \u00c9 crucial considerar que todas as drogas antidepressivas s\u00e3o excretadas no leite materno, exigindo uma avalia\u00e7\u00e3o cuidadosa dos riscos e benef\u00edcios.<\/p>\n\n\n\n<figure class=\"wp-block-image\"><img decoding=\"async\" src=\"https:\/\/lh7-rt.googleusercontent.com\/docsz\/AD_4nXdQDOsxlgiRWWd5yCwTa_MZ4RJefmDbUl-rN_IDc0jL1AwyzQxaXJ9tAU4BB969eEtJuZwl4jrkLDbr7yaTOPjyuP24fjyjcERBWcx8svHYGt6TA_8LGGB8K1x9Cpqe9rBny3HC2w?key=3sa2p2EQs2By8sq1hv773YBi\" alt=\"\"\/><figcaption class=\"wp-element-caption\">Escala de Depress\u00e3o P\u00f3s-Parto de Edimburgo. <br>Fonte: <a href=\"https:\/\/www.scielo.br\/j\/rbp\/a\/PkHvnnVVy4X9SssRV3nPWWj\/\">https:\/\/www.scielo.br\/j\/rbp\/a\/PkHvnnVVy4X9SssRV3nPWWj\/<\/a>&nbsp;<\/figcaption><\/figure>\n\n\n\n<h2 class=\"wp-block-heading\" id=\"h-psicose-puerperal\"><span class=\"ez-toc-section\" id=\"Psicose_Puerperal\"><\/span><strong>Psicose Puerperal<\/strong><span class=\"ez-toc-section-end\"><\/span><\/h2>\n\n\n\n<p>A <strong>psicose puerperal<\/strong> \u00e9 a forma mais grave de dist\u00farbio psiqui\u00e1trico no p\u00f3s-parto, com in\u00edcio precoce, geralmente dentro de tr\u00eas semanas ap\u00f3s o parto. Manifesta-se com sintomas psic\u00f3ticos, como del\u00edrios e alucina\u00e7\u00f5es, e requer interven\u00e7\u00e3o imediata.<\/p>\n\n\n\n<h3 class=\"wp-block-heading\" id=\"h-tratamento\"><span class=\"ez-toc-section\" id=\"Tratamento\"><\/span><strong>Tratamento<\/strong><span class=\"ez-toc-section-end\"><\/span><\/h3>\n\n\n\n<p>O <strong>tratamento \u00e9 uma urg\u00eancia m\u00e9dica<\/strong>, frequentemente necessitando de interna\u00e7\u00e3o hospitalar. A terap\u00eautica inclui antipsic\u00f3ticos e, em alguns casos, eletroconvulsoterapia. A amamenta\u00e7\u00e3o \u00e9 contraindicada devido ao risco de infantic\u00eddio.<\/p>\n\n\n\n<h2 class=\"wp-block-heading\" id=\"o-m\u00e9todo-que-te-aprova\"><span class=\"ez-toc-section\" id=\"O_metodo_que_te_aprova\"><\/span><strong>O m\u00e9todo que te aprova!<\/strong><span class=\"ez-toc-section-end\"><\/span><\/h2>\n\n\n\n<p>Quer alcan\u00e7ar a aprova\u00e7\u00e3o nas provas de resid\u00eancia m\u00e9dica? Ent\u00e3o seja um&nbsp;<a href=\"https:\/\/www.grupomedcof.com.br\/home\/\" target=\"_blank\" rel=\"noreferrer noopener\"><strong>MedCoffer<\/strong><\/a>! Aqui, te ajudaremos na busca da aprova\u00e7\u00e3o com conte\u00fados de qualidade e uma&nbsp;<a href=\"https:\/\/www.grupomedcof.com.br\/blog\/presenca-da-medcof-nas-aprovacoes-em-residencia-medica-no-brasil\/\" target=\"_blank\" rel=\"noreferrer noopener\"><strong>metodologia que j\u00e1 aprovou mais de 10 mil residentes no pa\u00eds<\/strong><\/a>! Por fim, acesse o nosso<a href=\"https:\/\/www.youtube.com\/@GrupoMedcof\/featured\" target=\"_blank\" rel=\"noreferrer noopener\">&nbsp;<strong>canal do youtube&nbsp;<\/strong><\/a>para ver o nosso material.<\/p>\n\n\n\n<figure class=\"wp-block-embed is-type-video is-provider-youtube wp-block-embed-youtube wp-embed-aspect-16-9 wp-has-aspect-ratio\"><div class=\"wp-block-embed__wrapper\">\n<div class=\"youtube-embed\" data-video_id=\"eoonddKRb-U\"><iframe loading=\"lazy\" title=\"GOcast #07 | Mulher, M\u00e3e e Beb\u00ea: Uma Jornada de Cuidados em Obstetr\u00edcia e Neo com Dra. Amira\" width=\"696\" height=\"392\" src=\"https:\/\/www.youtube.com\/embed\/eoonddKRb-U?start=9&#038;feature=oembed\" frameborder=\"0\" allow=\"accelerometer; autoplay; clipboard-write; encrypted-media; gyroscope; picture-in-picture; web-share\" referrerpolicy=\"strict-origin-when-cross-origin\" allowfullscreen><\/iframe><\/div>\n<\/div><\/figure>\n","protected":false},"excerpt":{"rendered":"<p>Cerca de 25 a 35% das mulheres desenvolvem sintomas depressivos na gravidez. Saiba mais sobre sa\u00fade mental materna e gravidez na adolesc\u00eancia.<\/p>\n","protected":false},"author":21,"featured_media":33278,"comment_status":"open","ping_status":"open","sticky":false,"template":"","format":"standard","meta":{"footnotes":""},"categories":[125,120],"tags":[2074,1196,2516],"ppma_author":[3617],"class_list":{"0":"post-33277","1":"post","2":"type-post","3":"status-publish","4":"format-standard","5":"has-post-thumbnail","7":"category-ginecologia-e-obstetricia","8":"category-pediatria","9":"tag-depressao-pos-parto","10":"tag-gravidez","11":"tag-gravidez-na-adolescencia"},"yoast_head":"<!-- This site is optimized with the Yoast SEO Premium plugin v24.3 (Yoast SEO v27.4) - https:\/\/yoast.com\/product\/yoast-seo-premium-wordpress\/ -->\n<title>Semana Nacional de Conscientiza\u00e7\u00e3o da Gravidez na Adolesc\u00eancia - Blog de Medcof: conte\u00fados, editais, revalida e mais!<\/title>\n<meta name=\"description\" content=\"Cerca de 25 a 35% das mulheres desenvolvem sintomas depressivos na gravidez. Saiba mais sobre sa\u00fade mental materna e gravidez na adolesc\u00eancia.\" \/>\n<meta name=\"robots\" content=\"index, follow, max-snippet:-1, max-image-preview:large, max-video-preview:-1\" \/>\n<link rel=\"canonical\" href=\"https:\/\/www.grupomedcof.com.br\/blog\/semana-nacional-de-conscientizacao-da-gravidez-na-adolescencia\/\" \/>\n<meta property=\"og:locale\" content=\"pt_BR\" \/>\n<meta property=\"og:type\" content=\"article\" \/>\n<meta property=\"og:title\" content=\"Semana Nacional de Conscientiza\u00e7\u00e3o da Gravidez na Adolesc\u00eancia\" \/>\n<meta property=\"og:description\" content=\"Cerca de 25 a 35% das mulheres desenvolvem sintomas depressivos na gravidez. Saiba mais sobre sa\u00fade mental materna e gravidez na adolesc\u00eancia.\" \/>\n<meta property=\"og:url\" content=\"https:\/\/www.grupomedcof.com.br\/blog\/semana-nacional-de-conscientizacao-da-gravidez-na-adolescencia\/\" \/>\n<meta property=\"og:site_name\" content=\"Blog de Medcof: conte\u00fados, editais, revalida e mais!\" \/>\n<meta property=\"article:publisher\" content=\"https:\/\/www.facebook.com\/MedCofQbank\/\" \/>\n<meta property=\"article:published_time\" content=\"2025-02-12T17:46:36+00:00\" \/>\n<meta property=\"article:modified_time\" content=\"2026-04-08T14:10:00+00:00\" \/>\n<meta property=\"og:image\" content=\"https:\/\/www.grupomedcof.com.br\/blog\/wp-content\/uploads\/2025\/01\/Blog-MedCof-41-2-1024x576.png\" \/>\n\t<meta property=\"og:image:width\" content=\"1024\" \/>\n\t<meta property=\"og:image:height\" content=\"576\" \/>\n\t<meta property=\"og:image:type\" content=\"image\/png\" \/>\n<meta name=\"author\" content=\"Kiara Adelino\" \/>\n<meta name=\"twitter:card\" content=\"summary_large_image\" \/>\n<meta name=\"twitter:label1\" content=\"Escrito por\" \/>\n\t<meta name=\"twitter:data1\" content=\"Kiara Adelino\" \/>\n\t<meta name=\"twitter:label2\" content=\"Est. tempo de leitura\" \/>\n\t<meta name=\"twitter:data2\" content=\"7 minutos\" \/>\n<script type=\"application\/ld+json\" class=\"yoast-schema-graph\">{\"@context\":\"https:\\\/\\\/schema.org\",\"@graph\":[{\"@type\":\"Article\",\"@id\":\"https:\\\/\\\/www.grupomedcof.com.br\\\/blog\\\/semana-nacional-de-conscientizacao-da-gravidez-na-adolescencia\\\/#article\",\"isPartOf\":{\"@id\":\"https:\\\/\\\/www.grupomedcof.com.br\\\/blog\\\/semana-nacional-de-conscientizacao-da-gravidez-na-adolescencia\\\/\"},\"author\":{\"name\":\"Kiara Adelino\",\"@id\":\"https:\\\/\\\/www.grupomedcof.com.br\\\/blog\\\/#\\\/schema\\\/person\\\/db19a651f86c5fc202d6eee744fd3292\"},\"headline\":\"Semana Nacional de Conscientiza\u00e7\u00e3o da Gravidez na Adolesc\u00eancia\",\"datePublished\":\"2025-02-12T17:46:36+00:00\",\"dateModified\":\"2026-04-08T14:10:00+00:00\",\"mainEntityOfPage\":{\"@id\":\"https:\\\/\\\/www.grupomedcof.com.br\\\/blog\\\/semana-nacional-de-conscientizacao-da-gravidez-na-adolescencia\\\/\"},\"wordCount\":1261,\"commentCount\":0,\"publisher\":{\"@id\":\"https:\\\/\\\/www.grupomedcof.com.br\\\/blog\\\/#organization\"},\"image\":{\"@id\":\"https:\\\/\\\/www.grupomedcof.com.br\\\/blog\\\/semana-nacional-de-conscientizacao-da-gravidez-na-adolescencia\\\/#primaryimage\"},\"thumbnailUrl\":\"https:\\\/\\\/www.grupomedcof.com.br\\\/blog\\\/wp-content\\\/uploads\\\/2025\\\/01\\\/Blog-MedCof-41-2.png\",\"keywords\":[\"Depress\u00e3o P\u00f3s-parto\",\"gravidez\",\"Gravidez na adolesc\u00eancia\"],\"articleSection\":[\"Ginecologia e Obstetr\u00edcia\",\"Pediatria\"],\"inLanguage\":\"pt-BR\"},{\"@type\":\"WebPage\",\"@id\":\"https:\\\/\\\/www.grupomedcof.com.br\\\/blog\\\/semana-nacional-de-conscientizacao-da-gravidez-na-adolescencia\\\/\",\"url\":\"https:\\\/\\\/www.grupomedcof.com.br\\\/blog\\\/semana-nacional-de-conscientizacao-da-gravidez-na-adolescencia\\\/\",\"name\":\"Semana Nacional de Conscientiza\u00e7\u00e3o da Gravidez na Adolesc\u00eancia - Blog de Medcof: conte\u00fados, editais, revalida e mais!\",\"isPartOf\":{\"@id\":\"https:\\\/\\\/www.grupomedcof.com.br\\\/blog\\\/#website\"},\"primaryImageOfPage\":{\"@id\":\"https:\\\/\\\/www.grupomedcof.com.br\\\/blog\\\/semana-nacional-de-conscientizacao-da-gravidez-na-adolescencia\\\/#primaryimage\"},\"image\":{\"@id\":\"https:\\\/\\\/www.grupomedcof.com.br\\\/blog\\\/semana-nacional-de-conscientizacao-da-gravidez-na-adolescencia\\\/#primaryimage\"},\"thumbnailUrl\":\"https:\\\/\\\/www.grupomedcof.com.br\\\/blog\\\/wp-content\\\/uploads\\\/2025\\\/01\\\/Blog-MedCof-41-2.png\",\"datePublished\":\"2025-02-12T17:46:36+00:00\",\"dateModified\":\"2026-04-08T14:10:00+00:00\",\"description\":\"Cerca de 25 a 35% das mulheres desenvolvem sintomas depressivos na gravidez. Saiba mais sobre sa\u00fade mental materna e gravidez na adolesc\u00eancia.\",\"breadcrumb\":{\"@id\":\"https:\\\/\\\/www.grupomedcof.com.br\\\/blog\\\/semana-nacional-de-conscientizacao-da-gravidez-na-adolescencia\\\/#breadcrumb\"},\"inLanguage\":\"pt-BR\",\"potentialAction\":[{\"@type\":\"ReadAction\",\"target\":[\"https:\\\/\\\/www.grupomedcof.com.br\\\/blog\\\/semana-nacional-de-conscientizacao-da-gravidez-na-adolescencia\\\/\"]}]},{\"@type\":\"ImageObject\",\"inLanguage\":\"pt-BR\",\"@id\":\"https:\\\/\\\/www.grupomedcof.com.br\\\/blog\\\/semana-nacional-de-conscientizacao-da-gravidez-na-adolescencia\\\/#primaryimage\",\"url\":\"https:\\\/\\\/www.grupomedcof.com.br\\\/blog\\\/wp-content\\\/uploads\\\/2025\\\/01\\\/Blog-MedCof-41-2.png\",\"contentUrl\":\"https:\\\/\\\/www.grupomedcof.com.br\\\/blog\\\/wp-content\\\/uploads\\\/2025\\\/01\\\/Blog-MedCof-41-2.png\",\"width\":2560,\"height\":1440},{\"@type\":\"BreadcrumbList\",\"@id\":\"https:\\\/\\\/www.grupomedcof.com.br\\\/blog\\\/semana-nacional-de-conscientizacao-da-gravidez-na-adolescencia\\\/#breadcrumb\",\"itemListElement\":[{\"@type\":\"ListItem\",\"position\":1,\"name\":\"In\u00edcio\",\"item\":\"https:\\\/\\\/www.grupomedcof.com.br\\\/blog\\\/\"},{\"@type\":\"ListItem\",\"position\":2,\"name\":\"Semana Nacional de Conscientiza\u00e7\u00e3o da Gravidez na Adolesc\u00eancia\"}]},{\"@type\":\"WebSite\",\"@id\":\"https:\\\/\\\/www.grupomedcof.com.br\\\/blog\\\/#website\",\"url\":\"https:\\\/\\\/www.grupomedcof.com.br\\\/blog\\\/\",\"name\":\"Blog de Medcof: conte\u00fados, editais, revalida e mais!\",\"description\":\"Acesso o blog de MedCof! Seu portal de conte\u00fados sobre resid\u00eancia m\u00e9dica, an\u00e1lise e editais e muito mais. Clique e confira!\",\"publisher\":{\"@id\":\"https:\\\/\\\/www.grupomedcof.com.br\\\/blog\\\/#organization\"},\"alternateName\":\"Blog de Medcof: conte\u00fados, editais, revalida e mais!\",\"potentialAction\":[{\"@type\":\"SearchAction\",\"target\":{\"@type\":\"EntryPoint\",\"urlTemplate\":\"https:\\\/\\\/www.grupomedcof.com.br\\\/blog\\\/?s={search_term_string}\"},\"query-input\":{\"@type\":\"PropertyValueSpecification\",\"valueRequired\":true,\"valueName\":\"search_term_string\"}}],\"inLanguage\":\"pt-BR\"},{\"@type\":\"Organization\",\"@id\":\"https:\\\/\\\/www.grupomedcof.com.br\\\/blog\\\/#organization\",\"name\":\"Grupo MedCof\",\"url\":\"https:\\\/\\\/www.grupomedcof.com.br\\\/blog\\\/\",\"logo\":{\"@type\":\"ImageObject\",\"inLanguage\":\"pt-BR\",\"@id\":\"https:\\\/\\\/www.grupomedcof.com.br\\\/blog\\\/#\\\/schema\\\/logo\\\/image\\\/\",\"url\":\"https:\\\/\\\/www.grupomedcof.com.br\\\/blog\\\/wp-content\\\/uploads\\\/2022\\\/01\\\/logo-medcof.png\",\"contentUrl\":\"https:\\\/\\\/www.grupomedcof.com.br\\\/blog\\\/wp-content\\\/uploads\\\/2022\\\/01\\\/logo-medcof.png\",\"width\":768,\"height\":269,\"caption\":\"Grupo MedCof\"},\"image\":{\"@id\":\"https:\\\/\\\/www.grupomedcof.com.br\\\/blog\\\/#\\\/schema\\\/logo\\\/image\\\/\"},\"sameAs\":[\"https:\\\/\\\/www.facebook.com\\\/MedCofQbank\\\/\",\"https:\\\/\\\/www.instagram.com\\\/grupomedcof\\\/\",\"https:\\\/\\\/br.linkedin.com\\\/company\\\/medcof\",\"https:\\\/\\\/www.youtube.com\\\/channel\\\/UCdHMuOHKICxcHwecxN8P-AA\"]},{\"@type\":\"Person\",\"@id\":\"https:\\\/\\\/www.grupomedcof.com.br\\\/blog\\\/#\\\/schema\\\/person\\\/db19a651f86c5fc202d6eee744fd3292\",\"name\":\"Kiara Adelino\",\"image\":{\"@type\":\"ImageObject\",\"inLanguage\":\"pt-BR\",\"@id\":\"https:\\\/\\\/www.grupomedcof.com.br\\\/blog\\\/wp-content\\\/uploads\\\/2024\\\/08\\\/cropped-Kiara-Adelino2-96x96.jpega85663bdda67261f8f06f86e555e1e49\",\"url\":\"https:\\\/\\\/www.grupomedcof.com.br\\\/blog\\\/wp-content\\\/uploads\\\/2024\\\/08\\\/cropped-Kiara-Adelino2-96x96.jpeg\",\"contentUrl\":\"https:\\\/\\\/www.grupomedcof.com.br\\\/blog\\\/wp-content\\\/uploads\\\/2024\\\/08\\\/cropped-Kiara-Adelino2-96x96.jpeg\",\"caption\":\"Kiara Adelino\"},\"description\":\"Estudante do 5\u00b0 semestre de Medicina. Gosto bastante de aprender coisas novas, principalmente na \u00e1rea de Neurologia e Anatomia humana.\",\"url\":\"https:\\\/\\\/www.grupomedcof.com.br\\\/blog\\\/author\\\/kiara-adelino\\\/\"}]}<\/script>\n<!-- \/ Yoast SEO Premium plugin. -->","yoast_head_json":{"title":"Semana Nacional de Conscientiza\u00e7\u00e3o da Gravidez na Adolesc\u00eancia - Blog de Medcof: conte\u00fados, editais, revalida e mais!","description":"Cerca de 25 a 35% das mulheres desenvolvem sintomas depressivos na gravidez. Saiba mais sobre sa\u00fade mental materna e gravidez na adolesc\u00eancia.","robots":{"index":"index","follow":"follow","max-snippet":"max-snippet:-1","max-image-preview":"max-image-preview:large","max-video-preview":"max-video-preview:-1"},"canonical":"https:\/\/www.grupomedcof.com.br\/blog\/semana-nacional-de-conscientizacao-da-gravidez-na-adolescencia\/","og_locale":"pt_BR","og_type":"article","og_title":"Semana Nacional de Conscientiza\u00e7\u00e3o da Gravidez na Adolesc\u00eancia","og_description":"Cerca de 25 a 35% das mulheres desenvolvem sintomas depressivos na gravidez. Saiba mais sobre sa\u00fade mental materna e gravidez na adolesc\u00eancia.","og_url":"https:\/\/www.grupomedcof.com.br\/blog\/semana-nacional-de-conscientizacao-da-gravidez-na-adolescencia\/","og_site_name":"Blog de Medcof: conte\u00fados, editais, revalida e mais!","article_publisher":"https:\/\/www.facebook.com\/MedCofQbank\/","article_published_time":"2025-02-12T17:46:36+00:00","article_modified_time":"2026-04-08T14:10:00+00:00","og_image":[{"width":1024,"height":576,"url":"https:\/\/www.grupomedcof.com.br\/blog\/wp-content\/uploads\/2025\/01\/Blog-MedCof-41-2-1024x576.png","type":"image\/png"}],"author":"Kiara Adelino","twitter_card":"summary_large_image","twitter_misc":{"Escrito por":"Kiara Adelino","Est. tempo de leitura":"7 minutos"},"schema":{"@context":"https:\/\/schema.org","@graph":[{"@type":"Article","@id":"https:\/\/www.grupomedcof.com.br\/blog\/semana-nacional-de-conscientizacao-da-gravidez-na-adolescencia\/#article","isPartOf":{"@id":"https:\/\/www.grupomedcof.com.br\/blog\/semana-nacional-de-conscientizacao-da-gravidez-na-adolescencia\/"},"author":{"name":"Kiara Adelino","@id":"https:\/\/www.grupomedcof.com.br\/blog\/#\/schema\/person\/db19a651f86c5fc202d6eee744fd3292"},"headline":"Semana Nacional de Conscientiza\u00e7\u00e3o da Gravidez na Adolesc\u00eancia","datePublished":"2025-02-12T17:46:36+00:00","dateModified":"2026-04-08T14:10:00+00:00","mainEntityOfPage":{"@id":"https:\/\/www.grupomedcof.com.br\/blog\/semana-nacional-de-conscientizacao-da-gravidez-na-adolescencia\/"},"wordCount":1261,"commentCount":0,"publisher":{"@id":"https:\/\/www.grupomedcof.com.br\/blog\/#organization"},"image":{"@id":"https:\/\/www.grupomedcof.com.br\/blog\/semana-nacional-de-conscientizacao-da-gravidez-na-adolescencia\/#primaryimage"},"thumbnailUrl":"https:\/\/www.grupomedcof.com.br\/blog\/wp-content\/uploads\/2025\/01\/Blog-MedCof-41-2.png","keywords":["Depress\u00e3o P\u00f3s-parto","gravidez","Gravidez na adolesc\u00eancia"],"articleSection":["Ginecologia e Obstetr\u00edcia","Pediatria"],"inLanguage":"pt-BR"},{"@type":"WebPage","@id":"https:\/\/www.grupomedcof.com.br\/blog\/semana-nacional-de-conscientizacao-da-gravidez-na-adolescencia\/","url":"https:\/\/www.grupomedcof.com.br\/blog\/semana-nacional-de-conscientizacao-da-gravidez-na-adolescencia\/","name":"Semana Nacional de Conscientiza\u00e7\u00e3o da Gravidez na Adolesc\u00eancia - Blog de Medcof: conte\u00fados, editais, revalida e mais!","isPartOf":{"@id":"https:\/\/www.grupomedcof.com.br\/blog\/#website"},"primaryImageOfPage":{"@id":"https:\/\/www.grupomedcof.com.br\/blog\/semana-nacional-de-conscientizacao-da-gravidez-na-adolescencia\/#primaryimage"},"image":{"@id":"https:\/\/www.grupomedcof.com.br\/blog\/semana-nacional-de-conscientizacao-da-gravidez-na-adolescencia\/#primaryimage"},"thumbnailUrl":"https:\/\/www.grupomedcof.com.br\/blog\/wp-content\/uploads\/2025\/01\/Blog-MedCof-41-2.png","datePublished":"2025-02-12T17:46:36+00:00","dateModified":"2026-04-08T14:10:00+00:00","description":"Cerca de 25 a 35% das mulheres desenvolvem sintomas depressivos na gravidez. Saiba mais sobre sa\u00fade mental materna e gravidez na adolesc\u00eancia.","breadcrumb":{"@id":"https:\/\/www.grupomedcof.com.br\/blog\/semana-nacional-de-conscientizacao-da-gravidez-na-adolescencia\/#breadcrumb"},"inLanguage":"pt-BR","potentialAction":[{"@type":"ReadAction","target":["https:\/\/www.grupomedcof.com.br\/blog\/semana-nacional-de-conscientizacao-da-gravidez-na-adolescencia\/"]}]},{"@type":"ImageObject","inLanguage":"pt-BR","@id":"https:\/\/www.grupomedcof.com.br\/blog\/semana-nacional-de-conscientizacao-da-gravidez-na-adolescencia\/#primaryimage","url":"https:\/\/www.grupomedcof.com.br\/blog\/wp-content\/uploads\/2025\/01\/Blog-MedCof-41-2.png","contentUrl":"https:\/\/www.grupomedcof.com.br\/blog\/wp-content\/uploads\/2025\/01\/Blog-MedCof-41-2.png","width":2560,"height":1440},{"@type":"BreadcrumbList","@id":"https:\/\/www.grupomedcof.com.br\/blog\/semana-nacional-de-conscientizacao-da-gravidez-na-adolescencia\/#breadcrumb","itemListElement":[{"@type":"ListItem","position":1,"name":"In\u00edcio","item":"https:\/\/www.grupomedcof.com.br\/blog\/"},{"@type":"ListItem","position":2,"name":"Semana Nacional de Conscientiza\u00e7\u00e3o da Gravidez na Adolesc\u00eancia"}]},{"@type":"WebSite","@id":"https:\/\/www.grupomedcof.com.br\/blog\/#website","url":"https:\/\/www.grupomedcof.com.br\/blog\/","name":"Blog de Medcof: conte\u00fados, editais, revalida e mais!","description":"Acesso o blog de MedCof! Seu portal de conte\u00fados sobre resid\u00eancia m\u00e9dica, an\u00e1lise e editais e muito mais. Clique e confira!","publisher":{"@id":"https:\/\/www.grupomedcof.com.br\/blog\/#organization"},"alternateName":"Blog de Medcof: conte\u00fados, editais, revalida e mais!","potentialAction":[{"@type":"SearchAction","target":{"@type":"EntryPoint","urlTemplate":"https:\/\/www.grupomedcof.com.br\/blog\/?s={search_term_string}"},"query-input":{"@type":"PropertyValueSpecification","valueRequired":true,"valueName":"search_term_string"}}],"inLanguage":"pt-BR"},{"@type":"Organization","@id":"https:\/\/www.grupomedcof.com.br\/blog\/#organization","name":"Grupo MedCof","url":"https:\/\/www.grupomedcof.com.br\/blog\/","logo":{"@type":"ImageObject","inLanguage":"pt-BR","@id":"https:\/\/www.grupomedcof.com.br\/blog\/#\/schema\/logo\/image\/","url":"https:\/\/www.grupomedcof.com.br\/blog\/wp-content\/uploads\/2022\/01\/logo-medcof.png","contentUrl":"https:\/\/www.grupomedcof.com.br\/blog\/wp-content\/uploads\/2022\/01\/logo-medcof.png","width":768,"height":269,"caption":"Grupo MedCof"},"image":{"@id":"https:\/\/www.grupomedcof.com.br\/blog\/#\/schema\/logo\/image\/"},"sameAs":["https:\/\/www.facebook.com\/MedCofQbank\/","https:\/\/www.instagram.com\/grupomedcof\/","https:\/\/br.linkedin.com\/company\/medcof","https:\/\/www.youtube.com\/channel\/UCdHMuOHKICxcHwecxN8P-AA"]},{"@type":"Person","@id":"https:\/\/www.grupomedcof.com.br\/blog\/#\/schema\/person\/db19a651f86c5fc202d6eee744fd3292","name":"Kiara Adelino","image":{"@type":"ImageObject","inLanguage":"pt-BR","@id":"https:\/\/www.grupomedcof.com.br\/blog\/wp-content\/uploads\/2024\/08\/cropped-Kiara-Adelino2-96x96.jpega85663bdda67261f8f06f86e555e1e49","url":"https:\/\/www.grupomedcof.com.br\/blog\/wp-content\/uploads\/2024\/08\/cropped-Kiara-Adelino2-96x96.jpeg","contentUrl":"https:\/\/www.grupomedcof.com.br\/blog\/wp-content\/uploads\/2024\/08\/cropped-Kiara-Adelino2-96x96.jpeg","caption":"Kiara Adelino"},"description":"Estudante do 5\u00b0 semestre de Medicina. Gosto bastante de aprender coisas novas, principalmente na \u00e1rea de Neurologia e Anatomia humana.","url":"https:\/\/www.grupomedcof.com.br\/blog\/author\/kiara-adelino\/"}]}},"authors":[{"term_id":3617,"user_id":21,"is_guest":0,"slug":"kiara-adelino","display_name":"Kiara Adelino","avatar_url":"https:\/\/www.grupomedcof.com.br\/blog\/wp-content\/uploads\/2024\/08\/cropped-Kiara-Adelino2-96x96.jpeg","0":null,"1":"","2":"","3":"","4":"","5":"","6":"","7":"","8":""}],"_links":{"self":[{"href":"https:\/\/www.grupomedcof.com.br\/blog\/wp-json\/wp\/v2\/posts\/33277","targetHints":{"allow":["GET"]}}],"collection":[{"href":"https:\/\/www.grupomedcof.com.br\/blog\/wp-json\/wp\/v2\/posts"}],"about":[{"href":"https:\/\/www.grupomedcof.com.br\/blog\/wp-json\/wp\/v2\/types\/post"}],"author":[{"embeddable":true,"href":"https:\/\/www.grupomedcof.com.br\/blog\/wp-json\/wp\/v2\/users\/21"}],"replies":[{"embeddable":true,"href":"https:\/\/www.grupomedcof.com.br\/blog\/wp-json\/wp\/v2\/comments?post=33277"}],"version-history":[{"count":1,"href":"https:\/\/www.grupomedcof.com.br\/blog\/wp-json\/wp\/v2\/posts\/33277\/revisions"}],"predecessor-version":[{"id":42814,"href":"https:\/\/www.grupomedcof.com.br\/blog\/wp-json\/wp\/v2\/posts\/33277\/revisions\/42814"}],"wp:featuredmedia":[{"embeddable":true,"href":"https:\/\/www.grupomedcof.com.br\/blog\/wp-json\/wp\/v2\/media\/33278"}],"wp:attachment":[{"href":"https:\/\/www.grupomedcof.com.br\/blog\/wp-json\/wp\/v2\/media?parent=33277"}],"wp:term":[{"taxonomy":"category","embeddable":true,"href":"https:\/\/www.grupomedcof.com.br\/blog\/wp-json\/wp\/v2\/categories?post=33277"},{"taxonomy":"post_tag","embeddable":true,"href":"https:\/\/www.grupomedcof.com.br\/blog\/wp-json\/wp\/v2\/tags?post=33277"},{"taxonomy":"author","embeddable":true,"href":"https:\/\/www.grupomedcof.com.br\/blog\/wp-json\/wp\/v2\/ppma_author?post=33277"}],"curies":[{"name":"wp","href":"https:\/\/api.w.org\/{rel}","templated":true}]}}