{"id":33328,"date":"2026-02-23T09:45:53","date_gmt":"2026-02-23T12:45:53","guid":{"rendered":"https:\/\/www.grupomedcof.com.br\/blog\/?p=33328"},"modified":"2026-03-25T12:06:23","modified_gmt":"2026-03-25T15:06:23","slug":"resultado-final-sus-sp","status":"publish","type":"post","link":"https:\/\/www.grupomedcof.com.br\/blog\/resultado-final-sus-sp\/","title":{"rendered":"SUS-SP 2026: resultados e cronograma de todas as chamadas"},"content":{"rendered":"<div id=\"ez-toc-container\" class=\"ez-toc-v2_0_74 counter-hierarchy ez-toc-counter ez-toc-transparent ez-toc-container-direction\">\n<div class=\"ez-toc-title-container\">\n<p class=\"ez-toc-title\" style=\"cursor:inherit\">Sum\u00e1rio<\/p>\n<span class=\"ez-toc-title-toggle\"><a href=\"#\" class=\"ez-toc-pull-right ez-toc-btn ez-toc-btn-xs ez-toc-btn-default ez-toc-toggle\" aria-label=\"Alternar tabela de conte\u00fado\"><span class=\"ez-toc-js-icon-con\"><span class=\"\"><span class=\"eztoc-hide\" style=\"display:none;\">Toggle<\/span><span class=\"ez-toc-icon-toggle-span\"><svg style=\"fill: #999;color:#999\" xmlns=\"http:\/\/www.w3.org\/2000\/svg\" class=\"list-377408\" width=\"20px\" height=\"20px\" viewBox=\"0 0 24 24\" fill=\"none\"><path d=\"M6 6H4v2h2V6zm14 0H8v2h12V6zM4 11h2v2H4v-2zm16 0H8v2h12v-2zM4 16h2v2H4v-2zm16 0H8v2h12v-2z\" fill=\"currentColor\"><\/path><\/svg><svg style=\"fill: #999;color:#999\" class=\"arrow-unsorted-368013\" xmlns=\"http:\/\/www.w3.org\/2000\/svg\" width=\"10px\" height=\"10px\" viewBox=\"0 0 24 24\" version=\"1.2\" baseProfile=\"tiny\"><path d=\"M18.2 9.3l-6.2-6.3-6.2 6.3c-.2.2-.3.4-.3.7s.1.5.3.7c.2.2.4.3.7.3h11c.3 0 .5-.1.7-.3.2-.2.3-.5.3-.7s-.1-.5-.3-.7zM5.8 14.7l6.2 6.3 6.2-6.3c.2-.2.3-.5.3-.7s-.1-.5-.3-.7c-.2-.2-.4-.3-.7-.3h-11c-.3 0-.5.1-.7.3-.2.2-.3.5-.3.7s.1.5.3.7z\"\/><\/svg><\/span><\/span><\/span><\/a><\/span><\/div>\n<nav><ul class='ez-toc-list ez-toc-list-level-1 ' ><li class='ez-toc-page-1 ez-toc-heading-level-2'><a class=\"ez-toc-link ez-toc-heading-1\" href=\"https:\/\/www.grupomedcof.com.br\/blog\/resultado-final-sus-sp\/#Nota_e_Classificacao_Previa_SUS-SP_2026\" >Nota e Classifica\u00e7\u00e3o Pr\u00e9via SUS-SP 2026<\/a><\/li><li class='ez-toc-page-1 ez-toc-heading-level-2'><a class=\"ez-toc-link ez-toc-heading-2\" href=\"https:\/\/www.grupomedcof.com.br\/blog\/resultado-final-sus-sp\/#Resultado_Final_SUS-SP_2026\" >Resultado Final SUS-SP 2026<\/a><\/li><li class='ez-toc-page-1 ez-toc-heading-level-2'><a class=\"ez-toc-link ez-toc-heading-3\" href=\"https:\/\/www.grupomedcof.com.br\/blog\/resultado-final-sus-sp\/#Escolha_de_Vagas_%E2%80%93_1a_Chamada_SUS-SP_2026\" >Escolha de Vagas \u2013 1\u00aa Chamada SUS-SP 2026<\/a><\/li><li class='ez-toc-page-1 ez-toc-heading-level-2'><a class=\"ez-toc-link ez-toc-heading-4\" href=\"https:\/\/www.grupomedcof.com.br\/blog\/resultado-final-sus-sp\/#Resultado_da_1a_escolha_de_vagas\" >Resultado da 1\u00aa escolha de vagas<\/a><\/li><li class='ez-toc-page-1 ez-toc-heading-level-2'><a class=\"ez-toc-link ez-toc-heading-5\" href=\"https:\/\/www.grupomedcof.com.br\/blog\/resultado-final-sus-sp\/#Cronograma_2a_Chamada_de_escolhas_de_vagas_SUS-SP_2026\" >Cronograma 2\u00aa Chamada de escolhas de vagas SUS-SP 2026<\/a><\/li><li class='ez-toc-page-1 ez-toc-heading-level-2'><a class=\"ez-toc-link ez-toc-heading-6\" href=\"https:\/\/www.grupomedcof.com.br\/blog\/resultado-final-sus-sp\/#Cronograma_3a_Chamada_de_escolhas_de_vagas_SUS-SP_2026\" >Cronograma 3\u00aa Chamada de escolhas de vagas SUS-SP 2026<\/a><\/li><li class='ez-toc-page-1 ez-toc-heading-level-2'><a class=\"ez-toc-link ez-toc-heading-7\" href=\"https:\/\/www.grupomedcof.com.br\/blog\/resultado-final-sus-sp\/#Cronograma_4a_Chamada_de_escolhas_de_vagas_SUS-SP_2026\" >Cronograma 4\u00aa Chamada de escolhas de vagas SUS-SP 2026<\/a><\/li><li class='ez-toc-page-1 ez-toc-heading-level-2'><a class=\"ez-toc-link ez-toc-heading-8\" href=\"https:\/\/www.grupomedcof.com.br\/blog\/resultado-final-sus-sp\/#Cronograma_SUS-SP_20252026\" >Cronograma SUS-SP 2025\/2026<\/a><\/li><li class='ez-toc-page-1 ez-toc-heading-level-2'><a class=\"ez-toc-link ez-toc-heading-9\" href=\"https:\/\/www.grupomedcof.com.br\/blog\/resultado-final-sus-sp\/#O_metodo_que_te_aprova\" >O m\u00e9todo que te aprova!<\/a><\/li><\/ul><\/nav><\/div>\n\n<figure class=\"wp-block-image size-large\"><img loading=\"lazy\" decoding=\"async\" width=\"1024\" height=\"576\" src=\"https:\/\/www.grupomedcof.com.br\/blog\/wp-content\/uploads\/2023\/02\/Modelo-instituicoes-19-1024x576.png\" alt=\"\" class=\"wp-image-30817\" srcset=\"https:\/\/www.grupomedcof.com.br\/blog\/wp-content\/uploads\/2023\/02\/Modelo-instituicoes-19-1024x576.png 1024w, https:\/\/www.grupomedcof.com.br\/blog\/wp-content\/uploads\/2023\/02\/Modelo-instituicoes-19-300x169.png 300w, https:\/\/www.grupomedcof.com.br\/blog\/wp-content\/uploads\/2023\/02\/Modelo-instituicoes-19-768x432.png 768w, https:\/\/www.grupomedcof.com.br\/blog\/wp-content\/uploads\/2023\/02\/Modelo-instituicoes-19-1536x864.png 1536w, https:\/\/www.grupomedcof.com.br\/blog\/wp-content\/uploads\/2023\/02\/Modelo-instituicoes-19-2048x1152.png 2048w, https:\/\/www.grupomedcof.com.br\/blog\/wp-content\/uploads\/2023\/02\/Modelo-instituicoes-19-747x420.png 747w, https:\/\/www.grupomedcof.com.br\/blog\/wp-content\/uploads\/2023\/02\/Modelo-instituicoes-19-150x84.png 150w, https:\/\/www.grupomedcof.com.br\/blog\/wp-content\/uploads\/2023\/02\/Modelo-instituicoes-19-696x392.png 696w, https:\/\/www.grupomedcof.com.br\/blog\/wp-content\/uploads\/2023\/02\/Modelo-instituicoes-19-1068x601.png 1068w, https:\/\/www.grupomedcof.com.br\/blog\/wp-content\/uploads\/2023\/02\/Modelo-instituicoes-19-1920x1080.png 1920w\" sizes=\"auto, (max-width: 1024px) 100vw, 1024px\" \/><\/figure>\n\n\n\n<p>Confira neste post os resultados da sele\u00e7\u00e3o de resid\u00eancia m\u00e9dica do <strong>Sistema \u00danico de Sa\u00fade de S\u00e3o Paulo (SUS-SP)<\/strong>!<\/p>\n\n\n\n<h2 class=\"wp-block-heading\" id=\"h-nota-e-classificacao-previa-sus-sp-2026\"><span class=\"ez-toc-section\" id=\"Nota_e_Classificacao_Previa_SUS-SP_2026\"><\/span><strong>Nota e Classifica\u00e7\u00e3o Pr\u00e9via SUS-SP 2026<\/strong><span class=\"ez-toc-section-end\"><\/span><\/h2>\n\n\n\n<p>A classifica\u00e7\u00e3o pr\u00e9via e a nota da prova objetiva, organizada pela Funda\u00e7\u00e3o VUNESP, podem ser conferidas a seguir:<\/p>\n\n\n\n<div class=\"wp-block-buttons is-layout-flex wp-block-buttons-is-layout-flex\">\n<div class=\"wp-block-button\"><a class=\"wp-block-button__link wp-element-button\" href=\"https:\/\/documento.vunesp.com.br\/documento\/stream\/NzU5MTU3NQ%3d%3d\" target=\"_blank\" rel=\"noreferrer noopener\">Nota e Classifica\u00e7\u00e3o Pr\u00e9via (Republicado)<\/a><\/div>\n\n\n\n<div class=\"wp-block-button\"><a class=\"wp-block-button__link wp-element-button\" href=\"https:\/\/documento.vunesp.com.br\/documento\/stream\/NzU5MTQ4OA%3d%3d\" target=\"_blank\" rel=\"noreferrer noopener\">Resultado Recursos Gabarito<\/a><\/div>\n<\/div>\n\n\n\n<p>Desse modo, o per\u00edodo para&nbsp;<strong>interposi\u00e7\u00e3o de recurso<\/strong>&nbsp;contra a nota da prova objetiva e contra a classifica\u00e7\u00e3o pr\u00e9via ser\u00e1 nos dias&nbsp;<strong>21 e 22 de janeiro de 2026<\/strong>.<\/p>\n\n\n\n<h2 class=\"wp-block-heading\" id=\"h-resultado-final-sus-sp-2026\"><span class=\"ez-toc-section\" id=\"Resultado_Final_SUS-SP_2026\"><\/span><strong>Resultado Final SUS-SP 2026<\/strong><span class=\"ez-toc-section-end\"><\/span><\/h2>\n\n\n\n<p>Conforme o cronograma previsto no <a href=\"https:\/\/www.grupomedcof.com.br\/blog\/edital-residencia-medica-sus-sp\/#Cronograma_SUS-SP_20252026\" target=\"_blank\" rel=\"noreferrer noopener\">edital,<\/a> o resultado final da sele\u00e7\u00e3o de resid\u00eancia m\u00e9dica do SUS-SP 2026 foi divulgado no dia <strong>06 de fevereiro de 2026.<\/strong><\/p>\n\n\n\n<div class=\"wp-block-buttons is-layout-flex wp-block-buttons-is-layout-flex\">\n<div class=\"wp-block-button\"><a class=\"wp-block-button__link wp-element-button\" href=\"https:\/\/www.grupomedcof.com.br\/blog\/wp-content\/uploads\/2026\/01\/Resultado-final-SUS-SP-2026.pdf\" target=\"_blank\" rel=\"noreferrer noopener\">Classifica\u00e7\u00e3o Final SUS-SP 2026<\/a><\/div>\n<\/div>\n\n\n\n<h2 class=\"wp-block-heading\" id=\"h-escolha-de-vagas-1\u00aa-chamada-sus-sp-2026\"><span class=\"ez-toc-section\" id=\"Escolha_de_Vagas_%E2%80%93_1a_Chamada_SUS-SP_2026\"><\/span><strong>Escolha de Vagas \u2013 1\u00aa Chamada SUS-SP 2026<\/strong><span class=\"ez-toc-section-end\"><\/span><\/h2>\n\n\n\n<p>A primeira chamada para escolha de vagas teve sua convoca\u00e7\u00e3o no dia 12 de fevereiro de 2026. A <strong>sele\u00e7\u00e3o de vagas ocorreu no per\u00edodo<\/strong> <strong>de 13 a 19 <\/strong>do mesmo m\u00eas, com a divulga\u00e7\u00e3o da lista de vagas selecionadas no dia 20. Por fim, a matr\u00edcula ocorrer\u00e1 entre 23 e 27 de fevereiro.<\/p>\n\n\n\n<p>As devidas convoca\u00e7\u00f5es ser\u00e3o feitas em&nbsp;<strong>at\u00e9 4 chamadas para a escolha de vagas dispon\u00edveis.<\/strong>&nbsp;Confira abaixo o cronograma previsto para a 1\u00aa chamada:<\/p>\n\n\n\n<figure class=\"wp-block-table\"><table class=\"has-fixed-layout\"><tbody><tr><td><strong>Convoca\u00e7\u00e3o primeira chamada<\/strong><\/td><td>12\/02\/2026<\/td><\/tr><tr><td><strong>Sele\u00e7\u00e3o de vagas online<\/strong><\/td><td>13 a 19\/02\/2026<\/td><\/tr><tr><td><strong>Divulga\u00e7\u00e3o das vagas selecionadas<\/strong><\/td><td>20\/02\/2026<\/td><\/tr><tr><td><strong>Per\u00edodo de matr\u00edculas<\/strong>&nbsp;<strong>1\u00aa Chamada<\/strong><\/td><td>23 a 27\/02\/2026<\/td><\/tr><\/tbody><\/table><\/figure>\n\n\n\n<h2 class=\"wp-block-heading\" id=\"h-resultado-da-1\u00aa-escolha-de-vagas\"><span class=\"ez-toc-section\" id=\"Resultado_da_1a_escolha_de_vagas\"><\/span><strong>Resultado da 1\u00aa escolha de vagas<\/strong><span class=\"ez-toc-section-end\"><\/span><\/h2>\n\n\n\n<p>O<strong> resultado da primeira escolha de vagas <\/strong>do <strong>SUS-SP<\/strong> foi divulgado no dia <strong>20 de fevereiro de 2026. <\/strong>O leil\u00e3o de vagas em primeira chamada aconteceu entre os dias&nbsp;<strong><strong>13 e 19 de fevereiro de 2026<\/strong><\/strong>&nbsp;e, para determinar a aprova\u00e7\u00e3o, o sistema beneficiou os candidatos com as&nbsp;<strong>melhores classifica\u00e7\u00f5es<\/strong>&nbsp;nas escolhas das institui\u00e7\u00f5es.&nbsp;<\/p>\n\n\n\n<div class=\"wp-block-buttons is-layout-flex wp-block-buttons-is-layout-flex\">\n<div class=\"wp-block-button\"><a class=\"wp-block-button__link wp-element-button\" href=\"https:\/\/www.grupomedcof.com.br\/blog\/wp-content\/uploads\/2026\/02\/Resultado-1a-chamada-vagas-SUS-SP-2026.pdf\" target=\"_blank\" rel=\"noreferrer noopener\">Resultado <strong>1\u00aa <\/strong>Escolha de Vagas <\/a><\/div>\n<\/div>\n\n\n\n<figure class=\"wp-block-image size-large\"><a href=\"https:\/\/www.grupomedcof.com.br\/cofletters\/\"><img loading=\"lazy\" decoding=\"async\" width=\"1024\" height=\"366\" src=\"https:\/\/www.grupomedcof.com.br\/blog\/wp-content\/uploads\/2024\/10\/Capa-Eventos-MedCof-Plus-1-1024x366.png\" alt=\"\" class=\"wp-image-30896\" srcset=\"https:\/\/www.grupomedcof.com.br\/blog\/wp-content\/uploads\/2024\/10\/Capa-Eventos-MedCof-Plus-1-1024x366.png 1024w, https:\/\/www.grupomedcof.com.br\/blog\/wp-content\/uploads\/2024\/10\/Capa-Eventos-MedCof-Plus-1-300x107.png 300w, https:\/\/www.grupomedcof.com.br\/blog\/wp-content\/uploads\/2024\/10\/Capa-Eventos-MedCof-Plus-1-768x275.png 768w, https:\/\/www.grupomedcof.com.br\/blog\/wp-content\/uploads\/2024\/10\/Capa-Eventos-MedCof-Plus-1-1536x549.png 1536w, https:\/\/www.grupomedcof.com.br\/blog\/wp-content\/uploads\/2024\/10\/Capa-Eventos-MedCof-Plus-1-2048x732.png 2048w, https:\/\/www.grupomedcof.com.br\/blog\/wp-content\/uploads\/2024\/10\/Capa-Eventos-MedCof-Plus-1-1175x420.png 1175w, https:\/\/www.grupomedcof.com.br\/blog\/wp-content\/uploads\/2024\/10\/Capa-Eventos-MedCof-Plus-1-150x54.png 150w, https:\/\/www.grupomedcof.com.br\/blog\/wp-content\/uploads\/2024\/10\/Capa-Eventos-MedCof-Plus-1-696x249.png 696w, https:\/\/www.grupomedcof.com.br\/blog\/wp-content\/uploads\/2024\/10\/Capa-Eventos-MedCof-Plus-1-1068x382.png 1068w, https:\/\/www.grupomedcof.com.br\/blog\/wp-content\/uploads\/2024\/10\/Capa-Eventos-MedCof-Plus-1-1920x686.png 1920w\" sizes=\"auto, (max-width: 1024px) 100vw, 1024px\" \/><\/a><\/figure>\n\n\n\n<h2 class=\"wp-block-heading\" id=\"h-cronograma-2\u00aa-chamada-de-escolhas-de-vagas-sus-sp-2026\"><span class=\"ez-toc-section\" id=\"Cronograma_2a_Chamada_de_escolhas_de_vagas_SUS-SP_2026\"><\/span><strong>Cronograma 2\u00aa Chamada<\/strong> <strong>de escolhas de vagas SUS-SP 2026<\/strong><span class=\"ez-toc-section-end\"><\/span><\/h2>\n\n\n\n<figure class=\"wp-block-table\"><table class=\"has-fixed-layout\"><tbody><tr><td><strong>Convoca\u00e7\u00e3o<\/strong><\/td><td>05\/03\/2026<\/td><\/tr><tr><td><strong>Divulga\u00e7\u00e3o quadro de vagas atualizado<\/strong><\/td><td>06\/03\/2026<\/td><\/tr><tr><td><strong>Sele\u00e7\u00e3o de vagas (ONLINE)<\/strong><\/td><td>07 e 10\/03\/2026<\/td><\/tr><tr><td><strong>Divulga\u00e7\u00e3o da 2\u00aa lista de vagas selecionadas<\/strong><\/td><td>11\/03\/2026<\/td><\/tr><tr><td><strong>Per\u00edodo de matr\u00edculas (2\u00aa Chamada)<\/strong><\/td><td>12, 13 e 16\/03\/2026<\/td><\/tr><\/tbody><\/table><\/figure>\n\n\n\n<h2 class=\"wp-block-heading\" id=\"h-cronograma-3\u00aa-chamada-de-escolhas-de-vagas-sus-sp-2026\"><span class=\"ez-toc-section\" id=\"Cronograma_3a_Chamada_de_escolhas_de_vagas_SUS-SP_2026\"><\/span><strong>Cronograma 3\u00aa Chamada<\/strong> <strong>de escolhas de vagas SUS-SP 2026<\/strong><span class=\"ez-toc-section-end\"><\/span><\/h2>\n\n\n\n<figure class=\"wp-block-table\"><table class=\"has-fixed-layout\"><tbody><tr><td><strong>Convoca\u00e7\u00e3o<\/strong><\/td><td>19\/03\/2026<\/td><\/tr><tr><td><strong>Divulga\u00e7\u00e3o quadro de vagas atualizado<\/strong><\/td><td>19\/03\/2026<\/td><\/tr><tr><td><strong>Sele\u00e7\u00e3o de vagas (ONLINE)<\/strong><\/td><td>20 e 22\/03\/2026<\/td><\/tr><tr><td><strong>Divulga\u00e7\u00e3o da 3\u00aa lista de vagas selecionadas<\/strong><\/td><td>23\/03\/2026<\/td><\/tr><tr><td><strong>Per\u00edodo de matr\u00edculas (3\u00aa Chamada)<\/strong><\/td><td>24 e 25\/03\/2026<\/td><\/tr><\/tbody><\/table><\/figure>\n\n\n\n<h2 class=\"wp-block-heading\" id=\"h-cronograma-4\u00aa-chamada-de-escolhas-de-vagas-sus-sp-2026\"><span class=\"ez-toc-section\" id=\"Cronograma_4a_Chamada_de_escolhas_de_vagas_SUS-SP_2026\"><\/span><strong>Cronograma 4\u00aa Chamada<\/strong> <strong>de escolhas de vagas SUS-SP 2026<\/strong><span class=\"ez-toc-section-end\"><\/span><\/h2>\n\n\n\n<figure class=\"wp-block-table\"><table class=\"has-fixed-layout\"><tbody><tr><td><strong>Convoca\u00e7\u00e3o<\/strong><\/td><td>27\/03\/2026<\/td><\/tr><tr><td><strong><strong>Divulga\u00e7\u00e3o de especialidades dispon\u00edveis<\/strong><\/strong><\/td><td>27\/03\/2026<\/td><\/tr><tr><td><strong><strong>Sele\u00e7\u00e3o de vagas (PRESENCIAL)<\/strong><\/strong><\/td><td>31\/03\/2026<\/td><\/tr><tr><td><strong><strong>Divulga\u00e7\u00e3o da 4\u00aa lista de vagas selecionadas<\/strong><\/strong><\/td><td>01\/04\/2026<\/td><\/tr><\/tbody><\/table><\/figure>\n\n\n\n<h2 class=\"wp-block-heading\" id=\"h-cronograma-sus-sp-2025-2026\"><span class=\"ez-toc-section\" id=\"Cronograma_SUS-SP_20252026\"><\/span><strong>Cronograma SUS-SP 2025\/2026<\/strong><span class=\"ez-toc-section-end\"><\/span><\/h2>\n\n\n\n<figure class=\"wp-block-table\"><table class=\"has-fixed-layout\"><tbody><tr><td><strong>Vagas ofertadas<\/strong><\/td><td>1.189 (AD) + 242 (R+)<\/td><\/tr><tr><td><strong>Taxa de inscri\u00e7\u00e3o<\/strong><\/td><td>R$ 120,00<\/td><\/tr><tr><td><strong>Solicita\u00e7\u00e3o de redu\u00e7\u00e3o e isen\u00e7\u00e3o<\/strong><\/td><td>16 e 17\/10\/2025<\/td><\/tr><tr><td><strong>Per\u00edodo de inscri\u00e7\u00f5es<\/strong><\/td><td>16\/10 a 04\/11\/2025<\/td><\/tr><tr><td><strong>Composi\u00e7\u00e3o do processo seletivo<\/strong><\/td><td>Fase \u00fanica: Prova Objetiva<\/td><\/tr><tr><td><strong>Procedimento de Heteroidentifica\u00e7\u00e3o<\/strong><\/td><td>06 e 07\/12\/2025<\/td><\/tr><tr><td><strong>Data da prova<\/strong><\/td><td>14\/12\/2025<\/td><\/tr><tr><td><strong>Realiza\u00e7\u00e3o da Per\u00edcia M\u00e9dica<\/strong><\/td><td>15 a 18\/12\/2025<\/td><\/tr><tr><td><strong>Gabarito preliminar<\/strong><\/td><td>16\/12\/2025<\/td><\/tr><tr><td><strong>Resultado Preliminar<\/strong><\/td><td>20\/01\/2026<\/td><\/tr><tr><td><strong>Resultado Final<\/strong><\/td><td>06\/02\/2026<\/td><\/tr><\/tbody><\/table><\/figure>\n\n\n\n<h2 class=\"wp-block-heading\" id=\"o-m\u00e9todo-que-te-aprova\"><span class=\"ez-toc-section\" id=\"O_metodo_que_te_aprova\"><\/span><strong>O m\u00e9todo que te aprova!<\/strong><span class=\"ez-toc-section-end\"><\/span><\/h2>\n\n\n\n<p>Quer alcan\u00e7ar a aprova\u00e7\u00e3o nas provas de resid\u00eancia m\u00e9dica? Ent\u00e3o seja um&nbsp;<a href=\"https:\/\/www.grupomedcof.com.br\/home\/\" target=\"_blank\" rel=\"noreferrer noopener\">MedCofer<\/a>! Aqui te ajudaremos na busca da aprova\u00e7\u00e3o com conte\u00fados de qualidade e uma&nbsp;<a href=\"https:\/\/www.grupomedcof.com.br\/blog\/presenca-da-medcof-nas-aprovacoes-em-residencia-medica-no-brasil\/\" target=\"_blank\" rel=\"noreferrer noopener\">metodologia que j\u00e1 aprovou mais de 35 mil residentes no pa\u00eds!&nbsp;<\/a>Por fim, acesse o nosso<a href=\"https:\/\/www.youtube.com\/@GrupoMedcof\/featured\" target=\"_blank\" rel=\"noreferrer noopener\">&nbsp;<strong>canal do youtube&nbsp;<\/strong><\/a>para ver o nosso material.<\/p>\n\n\n\n<figure class=\"wp-block-embed is-type-video is-provider-youtube wp-block-embed-youtube wp-embed-aspect-16-9 wp-has-aspect-ratio\"><div class=\"wp-block-embed__wrapper\">\n<div class=\"youtube-embed\" data-video_id=\"DQcqQYHhPls\"><iframe loading=\"lazy\" title=\"GABARITO SUS-SP R1 Acesso Direto | Resid\u00eancia M\u00e9dica 2026 \u2013 Corre\u00e7\u00e3o da Prova SUS-SP Acesso Direto\" width=\"696\" height=\"392\" src=\"https:\/\/www.youtube.com\/embed\/DQcqQYHhPls?feature=oembed&#038;enablejsapi=1\" frameborder=\"0\" allow=\"accelerometer; autoplay; clipboard-write; encrypted-media; gyroscope; picture-in-picture; web-share\" referrerpolicy=\"strict-origin-when-cross-origin\" allowfullscreen><\/iframe><\/div>\n<\/div><\/figure>\n","protected":false},"excerpt":{"rendered":"<p>Confira neste post os resultados da sele\u00e7\u00e3o de resid\u00eancia m\u00e9dica do Sistema \u00danico de Sa\u00fade de S\u00e3o Paulo (SUS-SP)!<\/p>\n","protected":false},"author":20,"featured_media":30817,"comment_status":"open","ping_status":"open","sticky":false,"template":"","format":"standard","meta":{"footnotes":""},"categories":[287,174],"tags":[68,2524,27,2523],"ppma_author":[3616],"class_list":{"0":"post-33328","1":"post","2":"type-post","3":"status-publish","4":"format-standard","5":"has-post-thumbnail","7":"category-destaques-medcof","8":"category-residencia-medica","9":"tag-residencia-medica","10":"tag-resultado-final-sus-sp","11":"tag-sus-sp","12":"tag-sus-sp-2025"},"yoast_head":"<!-- This site is optimized with the Yoast SEO Premium plugin v24.3 (Yoast SEO v27.4) - https:\/\/yoast.com\/product\/yoast-seo-premium-wordpress\/ -->\n<title>SUS-SP 2026: confira o resultado final do processo seletivo!<\/title>\n<meta name=\"description\" content=\"Confira neste post os resultados da sele\u00e7\u00e3o de resid\u00eancia m\u00e9dica do Sistema \u00danico de Sa\u00fade de S\u00e3o Paulo (SUS-SP)!\" \/>\n<meta name=\"robots\" content=\"index, follow, max-snippet:-1, max-image-preview:large, max-video-preview:-1\" \/>\n<link rel=\"canonical\" href=\"https:\/\/www.grupomedcof.com.br\/blog\/resultado-final-sus-sp\/\" \/>\n<meta property=\"og:locale\" content=\"pt_BR\" \/>\n<meta property=\"og:type\" content=\"article\" \/>\n<meta property=\"og:title\" content=\"SUS-SP 2026: resultados e cronograma de todas as chamadas\" \/>\n<meta property=\"og:description\" content=\"Confira neste post os resultados da sele\u00e7\u00e3o de resid\u00eancia m\u00e9dica do Sistema \u00danico de Sa\u00fade de S\u00e3o Paulo (SUS-SP)!\" \/>\n<meta property=\"og:url\" content=\"https:\/\/www.grupomedcof.com.br\/blog\/resultado-final-sus-sp\/\" \/>\n<meta property=\"og:site_name\" content=\"Blog de Medcof: conte\u00fados, editais, revalida e mais!\" \/>\n<meta property=\"article:publisher\" content=\"https:\/\/www.facebook.com\/MedCofQbank\/\" \/>\n<meta property=\"article:published_time\" content=\"2026-02-23T12:45:53+00:00\" \/>\n<meta property=\"article:modified_time\" content=\"2026-03-25T15:06:23+00:00\" \/>\n<meta property=\"og:image\" content=\"https:\/\/www.grupomedcof.com.br\/blog\/wp-content\/uploads\/2023\/02\/Modelo-instituicoes-19.png\" \/>\n\t<meta property=\"og:image:width\" content=\"2560\" \/>\n\t<meta property=\"og:image:height\" content=\"1440\" \/>\n\t<meta property=\"og:image:type\" content=\"image\/png\" \/>\n<meta name=\"author\" content=\"Leila Menzel\" \/>\n<meta name=\"twitter:card\" content=\"summary_large_image\" \/>\n<meta name=\"twitter:label1\" content=\"Escrito por\" \/>\n\t<meta name=\"twitter:data1\" content=\"Leila Menzel\" \/>\n\t<meta name=\"twitter:label2\" content=\"Est. tempo de leitura\" \/>\n\t<meta name=\"twitter:data2\" content=\"4 minutos\" \/>\n<script type=\"application\/ld+json\" class=\"yoast-schema-graph\">{\"@context\":\"https:\\\/\\\/schema.org\",\"@graph\":[{\"@type\":\"Article\",\"@id\":\"https:\\\/\\\/www.grupomedcof.com.br\\\/blog\\\/resultado-final-sus-sp\\\/#article\",\"isPartOf\":{\"@id\":\"https:\\\/\\\/www.grupomedcof.com.br\\\/blog\\\/resultado-final-sus-sp\\\/\"},\"author\":{\"name\":\"Leila Menzel\",\"@id\":\"https:\\\/\\\/www.grupomedcof.com.br\\\/blog\\\/#\\\/schema\\\/person\\\/9a44c2184a836bf5ae6967fdb3a1451e\"},\"headline\":\"SUS-SP 2026: resultados e cronograma de todas as chamadas\",\"datePublished\":\"2026-02-23T12:45:53+00:00\",\"dateModified\":\"2026-03-25T15:06:23+00:00\",\"mainEntityOfPage\":{\"@id\":\"https:\\\/\\\/www.grupomedcof.com.br\\\/blog\\\/resultado-final-sus-sp\\\/\"},\"wordCount\":539,\"commentCount\":0,\"publisher\":{\"@id\":\"https:\\\/\\\/www.grupomedcof.com.br\\\/blog\\\/#organization\"},\"image\":{\"@id\":\"https:\\\/\\\/www.grupomedcof.com.br\\\/blog\\\/resultado-final-sus-sp\\\/#primaryimage\"},\"thumbnailUrl\":\"https:\\\/\\\/www.grupomedcof.com.br\\\/blog\\\/wp-content\\\/uploads\\\/2023\\\/02\\\/Modelo-instituicoes-19.png\",\"keywords\":[\"Resid\u00eancia M\u00e9dica\",\"Resultado Final SUS-SP\",\"SUS-SP\",\"SUS-SP 2025\"],\"articleSection\":[\"Destaques MedCof\",\"Resid\u00eancia m\u00e9dica: editais, resultados, temas quentes e mais\"],\"inLanguage\":\"pt-BR\"},{\"@type\":\"WebPage\",\"@id\":\"https:\\\/\\\/www.grupomedcof.com.br\\\/blog\\\/resultado-final-sus-sp\\\/\",\"url\":\"https:\\\/\\\/www.grupomedcof.com.br\\\/blog\\\/resultado-final-sus-sp\\\/\",\"name\":\"SUS-SP 2026: confira o resultado final do processo seletivo!\",\"isPartOf\":{\"@id\":\"https:\\\/\\\/www.grupomedcof.com.br\\\/blog\\\/#website\"},\"primaryImageOfPage\":{\"@id\":\"https:\\\/\\\/www.grupomedcof.com.br\\\/blog\\\/resultado-final-sus-sp\\\/#primaryimage\"},\"image\":{\"@id\":\"https:\\\/\\\/www.grupomedcof.com.br\\\/blog\\\/resultado-final-sus-sp\\\/#primaryimage\"},\"thumbnailUrl\":\"https:\\\/\\\/www.grupomedcof.com.br\\\/blog\\\/wp-content\\\/uploads\\\/2023\\\/02\\\/Modelo-instituicoes-19.png\",\"datePublished\":\"2026-02-23T12:45:53+00:00\",\"dateModified\":\"2026-03-25T15:06:23+00:00\",\"description\":\"Confira neste post os resultados da sele\u00e7\u00e3o de resid\u00eancia m\u00e9dica do Sistema \u00danico de Sa\u00fade de S\u00e3o Paulo (SUS-SP)!\",\"breadcrumb\":{\"@id\":\"https:\\\/\\\/www.grupomedcof.com.br\\\/blog\\\/resultado-final-sus-sp\\\/#breadcrumb\"},\"inLanguage\":\"pt-BR\",\"potentialAction\":[{\"@type\":\"ReadAction\",\"target\":[\"https:\\\/\\\/www.grupomedcof.com.br\\\/blog\\\/resultado-final-sus-sp\\\/\"]}]},{\"@type\":\"ImageObject\",\"inLanguage\":\"pt-BR\",\"@id\":\"https:\\\/\\\/www.grupomedcof.com.br\\\/blog\\\/resultado-final-sus-sp\\\/#primaryimage\",\"url\":\"https:\\\/\\\/www.grupomedcof.com.br\\\/blog\\\/wp-content\\\/uploads\\\/2023\\\/02\\\/Modelo-instituicoes-19.png\",\"contentUrl\":\"https:\\\/\\\/www.grupomedcof.com.br\\\/blog\\\/wp-content\\\/uploads\\\/2023\\\/02\\\/Modelo-instituicoes-19.png\",\"width\":2560,\"height\":1440},{\"@type\":\"BreadcrumbList\",\"@id\":\"https:\\\/\\\/www.grupomedcof.com.br\\\/blog\\\/resultado-final-sus-sp\\\/#breadcrumb\",\"itemListElement\":[{\"@type\":\"ListItem\",\"position\":1,\"name\":\"In\u00edcio\",\"item\":\"https:\\\/\\\/www.grupomedcof.com.br\\\/blog\\\/\"},{\"@type\":\"ListItem\",\"position\":2,\"name\":\"SUS-SP 2026: resultados e cronograma de todas as chamadas\"}]},{\"@type\":\"WebSite\",\"@id\":\"https:\\\/\\\/www.grupomedcof.com.br\\\/blog\\\/#website\",\"url\":\"https:\\\/\\\/www.grupomedcof.com.br\\\/blog\\\/\",\"name\":\"Blog de Medcof: conte\u00fados, editais, revalida e mais!\",\"description\":\"Acesso o blog de MedCof! Seu portal de conte\u00fados sobre resid\u00eancia m\u00e9dica, an\u00e1lise e editais e muito mais. Clique e confira!\",\"publisher\":{\"@id\":\"https:\\\/\\\/www.grupomedcof.com.br\\\/blog\\\/#organization\"},\"alternateName\":\"Blog de Medcof: conte\u00fados, editais, revalida e mais!\",\"potentialAction\":[{\"@type\":\"SearchAction\",\"target\":{\"@type\":\"EntryPoint\",\"urlTemplate\":\"https:\\\/\\\/www.grupomedcof.com.br\\\/blog\\\/?s={search_term_string}\"},\"query-input\":{\"@type\":\"PropertyValueSpecification\",\"valueRequired\":true,\"valueName\":\"search_term_string\"}}],\"inLanguage\":\"pt-BR\"},{\"@type\":\"Organization\",\"@id\":\"https:\\\/\\\/www.grupomedcof.com.br\\\/blog\\\/#organization\",\"name\":\"Grupo MedCof\",\"url\":\"https:\\\/\\\/www.grupomedcof.com.br\\\/blog\\\/\",\"logo\":{\"@type\":\"ImageObject\",\"inLanguage\":\"pt-BR\",\"@id\":\"https:\\\/\\\/www.grupomedcof.com.br\\\/blog\\\/#\\\/schema\\\/logo\\\/image\\\/\",\"url\":\"https:\\\/\\\/www.grupomedcof.com.br\\\/blog\\\/wp-content\\\/uploads\\\/2022\\\/01\\\/logo-medcof.png\",\"contentUrl\":\"https:\\\/\\\/www.grupomedcof.com.br\\\/blog\\\/wp-content\\\/uploads\\\/2022\\\/01\\\/logo-medcof.png\",\"width\":768,\"height\":269,\"caption\":\"Grupo MedCof\"},\"image\":{\"@id\":\"https:\\\/\\\/www.grupomedcof.com.br\\\/blog\\\/#\\\/schema\\\/logo\\\/image\\\/\"},\"sameAs\":[\"https:\\\/\\\/www.facebook.com\\\/MedCofQbank\\\/\",\"https:\\\/\\\/www.instagram.com\\\/grupomedcof\\\/\",\"https:\\\/\\\/br.linkedin.com\\\/company\\\/medcof\",\"https:\\\/\\\/www.youtube.com\\\/channel\\\/UCdHMuOHKICxcHwecxN8P-AA\"]},{\"@type\":\"Person\",\"@id\":\"https:\\\/\\\/www.grupomedcof.com.br\\\/blog\\\/#\\\/schema\\\/person\\\/9a44c2184a836bf5ae6967fdb3a1451e\",\"name\":\"Leila Menzel\",\"image\":{\"@type\":\"ImageObject\",\"inLanguage\":\"pt-BR\",\"@id\":\"https:\\\/\\\/www.grupomedcof.com.br\\\/blog\\\/wp-content\\\/uploads\\\/2025\\\/09\\\/cropped-eu-96x96.jpeg19a74936d997c0a8b3031618467fa1d0\",\"url\":\"https:\\\/\\\/www.grupomedcof.com.br\\\/blog\\\/wp-content\\\/uploads\\\/2025\\\/09\\\/cropped-eu-96x96.jpeg\",\"contentUrl\":\"https:\\\/\\\/www.grupomedcof.com.br\\\/blog\\\/wp-content\\\/uploads\\\/2025\\\/09\\\/cropped-eu-96x96.jpeg\",\"caption\":\"Leila Menzel\"},\"description\":\"Estudante do 6\u00b0 semestre de jornalismo, amo e escrevo poesias e viajo em livros de romances clich\u00eas.\",\"url\":\"https:\\\/\\\/www.grupomedcof.com.br\\\/blog\\\/author\\\/leila-menzel\\\/\"}]}<\/script>\n<!-- \/ Yoast SEO Premium plugin. -->","yoast_head_json":{"title":"SUS-SP 2026: confira o resultado final do processo seletivo!","description":"Confira neste post os resultados da sele\u00e7\u00e3o de resid\u00eancia m\u00e9dica do Sistema \u00danico de Sa\u00fade de S\u00e3o Paulo (SUS-SP)!","robots":{"index":"index","follow":"follow","max-snippet":"max-snippet:-1","max-image-preview":"max-image-preview:large","max-video-preview":"max-video-preview:-1"},"canonical":"https:\/\/www.grupomedcof.com.br\/blog\/resultado-final-sus-sp\/","og_locale":"pt_BR","og_type":"article","og_title":"SUS-SP 2026: resultados e cronograma de todas as chamadas","og_description":"Confira neste post os resultados da sele\u00e7\u00e3o de resid\u00eancia m\u00e9dica do Sistema \u00danico de Sa\u00fade de S\u00e3o Paulo (SUS-SP)!","og_url":"https:\/\/www.grupomedcof.com.br\/blog\/resultado-final-sus-sp\/","og_site_name":"Blog de Medcof: conte\u00fados, editais, revalida e mais!","article_publisher":"https:\/\/www.facebook.com\/MedCofQbank\/","article_published_time":"2026-02-23T12:45:53+00:00","article_modified_time":"2026-03-25T15:06:23+00:00","og_image":[{"width":2560,"height":1440,"url":"https:\/\/www.grupomedcof.com.br\/blog\/wp-content\/uploads\/2023\/02\/Modelo-instituicoes-19.png","type":"image\/png"}],"author":"Leila Menzel","twitter_card":"summary_large_image","twitter_misc":{"Escrito por":"Leila Menzel","Est. tempo de leitura":"4 minutos"},"schema":{"@context":"https:\/\/schema.org","@graph":[{"@type":"Article","@id":"https:\/\/www.grupomedcof.com.br\/blog\/resultado-final-sus-sp\/#article","isPartOf":{"@id":"https:\/\/www.grupomedcof.com.br\/blog\/resultado-final-sus-sp\/"},"author":{"name":"Leila Menzel","@id":"https:\/\/www.grupomedcof.com.br\/blog\/#\/schema\/person\/9a44c2184a836bf5ae6967fdb3a1451e"},"headline":"SUS-SP 2026: resultados e cronograma de todas as chamadas","datePublished":"2026-02-23T12:45:53+00:00","dateModified":"2026-03-25T15:06:23+00:00","mainEntityOfPage":{"@id":"https:\/\/www.grupomedcof.com.br\/blog\/resultado-final-sus-sp\/"},"wordCount":539,"commentCount":0,"publisher":{"@id":"https:\/\/www.grupomedcof.com.br\/blog\/#organization"},"image":{"@id":"https:\/\/www.grupomedcof.com.br\/blog\/resultado-final-sus-sp\/#primaryimage"},"thumbnailUrl":"https:\/\/www.grupomedcof.com.br\/blog\/wp-content\/uploads\/2023\/02\/Modelo-instituicoes-19.png","keywords":["Resid\u00eancia M\u00e9dica","Resultado Final SUS-SP","SUS-SP","SUS-SP 2025"],"articleSection":["Destaques MedCof","Resid\u00eancia m\u00e9dica: editais, resultados, temas quentes e mais"],"inLanguage":"pt-BR"},{"@type":"WebPage","@id":"https:\/\/www.grupomedcof.com.br\/blog\/resultado-final-sus-sp\/","url":"https:\/\/www.grupomedcof.com.br\/blog\/resultado-final-sus-sp\/","name":"SUS-SP 2026: confira o resultado final do processo seletivo!","isPartOf":{"@id":"https:\/\/www.grupomedcof.com.br\/blog\/#website"},"primaryImageOfPage":{"@id":"https:\/\/www.grupomedcof.com.br\/blog\/resultado-final-sus-sp\/#primaryimage"},"image":{"@id":"https:\/\/www.grupomedcof.com.br\/blog\/resultado-final-sus-sp\/#primaryimage"},"thumbnailUrl":"https:\/\/www.grupomedcof.com.br\/blog\/wp-content\/uploads\/2023\/02\/Modelo-instituicoes-19.png","datePublished":"2026-02-23T12:45:53+00:00","dateModified":"2026-03-25T15:06:23+00:00","description":"Confira neste post os resultados da sele\u00e7\u00e3o de resid\u00eancia m\u00e9dica do Sistema \u00danico de Sa\u00fade de S\u00e3o Paulo (SUS-SP)!","breadcrumb":{"@id":"https:\/\/www.grupomedcof.com.br\/blog\/resultado-final-sus-sp\/#breadcrumb"},"inLanguage":"pt-BR","potentialAction":[{"@type":"ReadAction","target":["https:\/\/www.grupomedcof.com.br\/blog\/resultado-final-sus-sp\/"]}]},{"@type":"ImageObject","inLanguage":"pt-BR","@id":"https:\/\/www.grupomedcof.com.br\/blog\/resultado-final-sus-sp\/#primaryimage","url":"https:\/\/www.grupomedcof.com.br\/blog\/wp-content\/uploads\/2023\/02\/Modelo-instituicoes-19.png","contentUrl":"https:\/\/www.grupomedcof.com.br\/blog\/wp-content\/uploads\/2023\/02\/Modelo-instituicoes-19.png","width":2560,"height":1440},{"@type":"BreadcrumbList","@id":"https:\/\/www.grupomedcof.com.br\/blog\/resultado-final-sus-sp\/#breadcrumb","itemListElement":[{"@type":"ListItem","position":1,"name":"In\u00edcio","item":"https:\/\/www.grupomedcof.com.br\/blog\/"},{"@type":"ListItem","position":2,"name":"SUS-SP 2026: resultados e cronograma de todas as chamadas"}]},{"@type":"WebSite","@id":"https:\/\/www.grupomedcof.com.br\/blog\/#website","url":"https:\/\/www.grupomedcof.com.br\/blog\/","name":"Blog de Medcof: conte\u00fados, editais, revalida e mais!","description":"Acesso o blog de MedCof! Seu portal de conte\u00fados sobre resid\u00eancia m\u00e9dica, an\u00e1lise e editais e muito mais. Clique e confira!","publisher":{"@id":"https:\/\/www.grupomedcof.com.br\/blog\/#organization"},"alternateName":"Blog de Medcof: conte\u00fados, editais, revalida e mais!","potentialAction":[{"@type":"SearchAction","target":{"@type":"EntryPoint","urlTemplate":"https:\/\/www.grupomedcof.com.br\/blog\/?s={search_term_string}"},"query-input":{"@type":"PropertyValueSpecification","valueRequired":true,"valueName":"search_term_string"}}],"inLanguage":"pt-BR"},{"@type":"Organization","@id":"https:\/\/www.grupomedcof.com.br\/blog\/#organization","name":"Grupo MedCof","url":"https:\/\/www.grupomedcof.com.br\/blog\/","logo":{"@type":"ImageObject","inLanguage":"pt-BR","@id":"https:\/\/www.grupomedcof.com.br\/blog\/#\/schema\/logo\/image\/","url":"https:\/\/www.grupomedcof.com.br\/blog\/wp-content\/uploads\/2022\/01\/logo-medcof.png","contentUrl":"https:\/\/www.grupomedcof.com.br\/blog\/wp-content\/uploads\/2022\/01\/logo-medcof.png","width":768,"height":269,"caption":"Grupo MedCof"},"image":{"@id":"https:\/\/www.grupomedcof.com.br\/blog\/#\/schema\/logo\/image\/"},"sameAs":["https:\/\/www.facebook.com\/MedCofQbank\/","https:\/\/www.instagram.com\/grupomedcof\/","https:\/\/br.linkedin.com\/company\/medcof","https:\/\/www.youtube.com\/channel\/UCdHMuOHKICxcHwecxN8P-AA"]},{"@type":"Person","@id":"https:\/\/www.grupomedcof.com.br\/blog\/#\/schema\/person\/9a44c2184a836bf5ae6967fdb3a1451e","name":"Leila Menzel","image":{"@type":"ImageObject","inLanguage":"pt-BR","@id":"https:\/\/www.grupomedcof.com.br\/blog\/wp-content\/uploads\/2025\/09\/cropped-eu-96x96.jpeg19a74936d997c0a8b3031618467fa1d0","url":"https:\/\/www.grupomedcof.com.br\/blog\/wp-content\/uploads\/2025\/09\/cropped-eu-96x96.jpeg","contentUrl":"https:\/\/www.grupomedcof.com.br\/blog\/wp-content\/uploads\/2025\/09\/cropped-eu-96x96.jpeg","caption":"Leila Menzel"},"description":"Estudante do 6\u00b0 semestre de jornalismo, amo e escrevo poesias e viajo em livros de romances clich\u00eas.","url":"https:\/\/www.grupomedcof.com.br\/blog\/author\/leila-menzel\/"}]}},"authors":[{"term_id":3616,"user_id":20,"is_guest":0,"slug":"leila-menzel","display_name":"Leila Menzel","avatar_url":"https:\/\/www.grupomedcof.com.br\/blog\/wp-content\/uploads\/2025\/09\/cropped-eu-96x96.jpeg","0":null,"1":"","2":"","3":"","4":"","5":"","6":"","7":"","8":""}],"_links":{"self":[{"href":"https:\/\/www.grupomedcof.com.br\/blog\/wp-json\/wp\/v2\/posts\/33328","targetHints":{"allow":["GET"]}}],"collection":[{"href":"https:\/\/www.grupomedcof.com.br\/blog\/wp-json\/wp\/v2\/posts"}],"about":[{"href":"https:\/\/www.grupomedcof.com.br\/blog\/wp-json\/wp\/v2\/types\/post"}],"author":[{"embeddable":true,"href":"https:\/\/www.grupomedcof.com.br\/blog\/wp-json\/wp\/v2\/users\/20"}],"replies":[{"embeddable":true,"href":"https:\/\/www.grupomedcof.com.br\/blog\/wp-json\/wp\/v2\/comments?post=33328"}],"version-history":[{"count":8,"href":"https:\/\/www.grupomedcof.com.br\/blog\/wp-json\/wp\/v2\/posts\/33328\/revisions"}],"predecessor-version":[{"id":42426,"href":"https:\/\/www.grupomedcof.com.br\/blog\/wp-json\/wp\/v2\/posts\/33328\/revisions\/42426"}],"wp:featuredmedia":[{"embeddable":true,"href":"https:\/\/www.grupomedcof.com.br\/blog\/wp-json\/wp\/v2\/media\/30817"}],"wp:attachment":[{"href":"https:\/\/www.grupomedcof.com.br\/blog\/wp-json\/wp\/v2\/media?parent=33328"}],"wp:term":[{"taxonomy":"category","embeddable":true,"href":"https:\/\/www.grupomedcof.com.br\/blog\/wp-json\/wp\/v2\/categories?post=33328"},{"taxonomy":"post_tag","embeddable":true,"href":"https:\/\/www.grupomedcof.com.br\/blog\/wp-json\/wp\/v2\/tags?post=33328"},{"taxonomy":"author","embeddable":true,"href":"https:\/\/www.grupomedcof.com.br\/blog\/wp-json\/wp\/v2\/ppma_author?post=33328"}],"curies":[{"name":"wp","href":"https:\/\/api.w.org\/{rel}","templated":true}]}}