{"id":33403,"date":"2025-02-03T08:49:34","date_gmt":"2025-02-03T11:49:34","guid":{"rendered":"https:\/\/www.grupomedcof.com.br\/blog\/?p=33403"},"modified":"2025-02-03T08:49:35","modified_gmt":"2025-02-03T11:49:35","slug":"aspectos-medicos-que-envolvem-o-aborto","status":"publish","type":"post","link":"https:\/\/www.grupomedcof.com.br\/blog\/aspectos-medicos-que-envolvem-o-aborto\/","title":{"rendered":"Aspectos M\u00e9dicos que envolvem o Aborto\u00a0"},"content":{"rendered":"<div id=\"ez-toc-container\" class=\"ez-toc-v2_0_74 counter-hierarchy ez-toc-counter ez-toc-transparent ez-toc-container-direction\">\n<div class=\"ez-toc-title-container\">\n<p class=\"ez-toc-title\" style=\"cursor:inherit\">Sum\u00e1rio<\/p>\n<span class=\"ez-toc-title-toggle\"><a href=\"#\" class=\"ez-toc-pull-right ez-toc-btn ez-toc-btn-xs ez-toc-btn-default ez-toc-toggle\" aria-label=\"Alternar tabela de conte\u00fado\"><span class=\"ez-toc-js-icon-con\"><span class=\"\"><span class=\"eztoc-hide\" style=\"display:none;\">Toggle<\/span><span class=\"ez-toc-icon-toggle-span\"><svg style=\"fill: #999;color:#999\" xmlns=\"http:\/\/www.w3.org\/2000\/svg\" class=\"list-377408\" width=\"20px\" height=\"20px\" viewBox=\"0 0 24 24\" fill=\"none\"><path d=\"M6 6H4v2h2V6zm14 0H8v2h12V6zM4 11h2v2H4v-2zm16 0H8v2h12v-2zM4 16h2v2H4v-2zm16 0H8v2h12v-2z\" fill=\"currentColor\"><\/path><\/svg><svg style=\"fill: #999;color:#999\" class=\"arrow-unsorted-368013\" xmlns=\"http:\/\/www.w3.org\/2000\/svg\" width=\"10px\" height=\"10px\" viewBox=\"0 0 24 24\" version=\"1.2\" baseProfile=\"tiny\"><path d=\"M18.2 9.3l-6.2-6.3-6.2 6.3c-.2.2-.3.4-.3.7s.1.5.3.7c.2.2.4.3.7.3h11c.3 0 .5-.1.7-.3.2-.2.3-.5.3-.7s-.1-.5-.3-.7zM5.8 14.7l6.2 6.3 6.2-6.3c.2-.2.3-.5.3-.7s-.1-.5-.3-.7c-.2-.2-.4-.3-.7-.3h-11c-.3 0-.5.1-.7.3-.2.2-.3.5-.3.7s.1.5.3.7z\"\/><\/svg><\/span><\/span><\/span><\/a><\/span><\/div>\n<nav><ul class='ez-toc-list ez-toc-list-level-1 ' ><li class='ez-toc-page-1 ez-toc-heading-level-2'><a class=\"ez-toc-link ez-toc-heading-1\" href=\"https:\/\/www.grupomedcof.com.br\/blog\/aspectos-medicos-que-envolvem-o-aborto\/#Aspectos_eticos_legais_e_clinicos\" >Aspectos \u00e9ticos, legais e cl\u00ednicos\u00a0<\/a><\/li><li class='ez-toc-page-1 ez-toc-heading-level-2'><a class=\"ez-toc-link ez-toc-heading-2\" href=\"https:\/\/www.grupomedcof.com.br\/blog\/aspectos-medicos-que-envolvem-o-aborto\/#Definicao_de_Aborto\" >Defini\u00e7\u00e3o de Aborto<\/a><\/li><li class='ez-toc-page-1 ez-toc-heading-level-2'><a class=\"ez-toc-link ez-toc-heading-3\" href=\"https:\/\/www.grupomedcof.com.br\/blog\/aspectos-medicos-que-envolvem-o-aborto\/#Perspectiva_Juridica\" >Perspectiva Jur\u00eddica<\/a><\/li><li class='ez-toc-page-1 ez-toc-heading-level-2'><a class=\"ez-toc-link ez-toc-heading-4\" href=\"https:\/\/www.grupomedcof.com.br\/blog\/aspectos-medicos-que-envolvem-o-aborto\/#Situacoes_Legais_para_a_Realizacao_do_Aborto\" >Situa\u00e7\u00f5es Legais para a Realiza\u00e7\u00e3o do Aborto<\/a><ul class='ez-toc-list-level-3' ><li class='ez-toc-heading-level-3'><a class=\"ez-toc-link ez-toc-heading-5\" href=\"https:\/\/www.grupomedcof.com.br\/blog\/aspectos-medicos-que-envolvem-o-aborto\/#Aborto_Terapeutico\" >Aborto Terap\u00eautico<\/a><\/li><li class='ez-toc-page-1 ez-toc-heading-level-3'><a class=\"ez-toc-link ez-toc-heading-6\" href=\"https:\/\/www.grupomedcof.com.br\/blog\/aspectos-medicos-que-envolvem-o-aborto\/#Aborto_por_Estupro\" >Aborto por Estupro<\/a><\/li><li class='ez-toc-page-1 ez-toc-heading-level-3'><a class=\"ez-toc-link ez-toc-heading-7\" href=\"https:\/\/www.grupomedcof.com.br\/blog\/aspectos-medicos-que-envolvem-o-aborto\/#Interrupcao_da_Gestacao_de_Fetos_Anencefalos\" >Interrup\u00e7\u00e3o da Gesta\u00e7\u00e3o de Fetos Anenc\u00e9falos<\/a><\/li><\/ul><\/li><li class='ez-toc-page-1 ez-toc-heading-level-2'><a class=\"ez-toc-link ez-toc-heading-8\" href=\"https:\/\/www.grupomedcof.com.br\/blog\/aspectos-medicos-que-envolvem-o-aborto\/#Recomendacoes_Clinicas\" >Recomenda\u00e7\u00f5es Cl\u00ednicas<\/a><\/li><li class='ez-toc-page-1 ez-toc-heading-level-2'><a class=\"ez-toc-link ez-toc-heading-9\" href=\"https:\/\/www.grupomedcof.com.br\/blog\/aspectos-medicos-que-envolvem-o-aborto\/#Aspectos_Eticos\" >Aspectos \u00c9ticos<\/a><ul class='ez-toc-list-level-3' ><li class='ez-toc-heading-level-3'><a class=\"ez-toc-link ez-toc-heading-10\" href=\"https:\/\/www.grupomedcof.com.br\/blog\/aspectos-medicos-que-envolvem-o-aborto\/#Objecao_de_Consciencia\" >Obje\u00e7\u00e3o de Consci\u00eancia<\/a><\/li><\/ul><\/li><li class='ez-toc-page-1 ez-toc-heading-level-2'><a class=\"ez-toc-link ez-toc-heading-11\" href=\"https:\/\/www.grupomedcof.com.br\/blog\/aspectos-medicos-que-envolvem-o-aborto\/#Malformacoes_Fetais_Incompativeis_com_a_Vida\" >Malforma\u00e7\u00f5es Fetais Incompat\u00edveis com a Vida<\/a><\/li><li class='ez-toc-page-1 ez-toc-heading-level-2'><a class=\"ez-toc-link ez-toc-heading-12\" href=\"https:\/\/www.grupomedcof.com.br\/blog\/aspectos-medicos-que-envolvem-o-aborto\/#Seja_um_MedCofer\" >Seja um MedCofer!<\/a><\/li><\/ul><\/nav><\/div>\n\n<figure class=\"wp-block-image size-large\"><img loading=\"lazy\" decoding=\"async\" width=\"1024\" height=\"576\" src=\"https:\/\/www.grupomedcof.com.br\/blog\/wp-content\/uploads\/2025\/02\/Blog-MedCof-69-1024x576.jpg\" alt=\"\" class=\"wp-image-33404\" srcset=\"https:\/\/www.grupomedcof.com.br\/blog\/wp-content\/uploads\/2025\/02\/Blog-MedCof-69-1024x576.jpg 1024w, https:\/\/www.grupomedcof.com.br\/blog\/wp-content\/uploads\/2025\/02\/Blog-MedCof-69-300x169.jpg 300w, https:\/\/www.grupomedcof.com.br\/blog\/wp-content\/uploads\/2025\/02\/Blog-MedCof-69-768x432.jpg 768w, https:\/\/www.grupomedcof.com.br\/blog\/wp-content\/uploads\/2025\/02\/Blog-MedCof-69-1536x864.jpg 1536w, https:\/\/www.grupomedcof.com.br\/blog\/wp-content\/uploads\/2025\/02\/Blog-MedCof-69-747x420.jpg 747w, https:\/\/www.grupomedcof.com.br\/blog\/wp-content\/uploads\/2025\/02\/Blog-MedCof-69-150x84.jpg 150w, https:\/\/www.grupomedcof.com.br\/blog\/wp-content\/uploads\/2025\/02\/Blog-MedCof-69-696x392.jpg 696w, https:\/\/www.grupomedcof.com.br\/blog\/wp-content\/uploads\/2025\/02\/Blog-MedCof-69-1068x601.jpg 1068w, https:\/\/www.grupomedcof.com.br\/blog\/wp-content\/uploads\/2025\/02\/Blog-MedCof-69.jpg 1920w\" sizes=\"auto, (max-width: 1024px) 100vw, 1024px\" \/><\/figure>\n\n\n\n<h2 class=\"wp-block-heading\" id=\"h-aspectos-eticos-legais-e-clinicos\"><span class=\"ez-toc-section\" id=\"Aspectos_eticos_legais_e_clinicos\"><\/span><strong>Aspectos \u00e9ticos, legais e cl\u00ednicos\u00a0<\/strong><span class=\"ez-toc-section-end\"><\/span><\/h2>\n\n\n\n<p>O <strong>aborto<\/strong> \u00e9 um tema complexo e multifacetado que envolve quest\u00f5es \u00e9ticas, legais e cl\u00ednicas. No Brasil, o aborto \u00e9 considerado crime, conforme previsto no C\u00f3digo Penal, mas existem exce\u00e7\u00f5es em que ele \u00e9 permitido legalmente. Como estamos no m\u00eas de conscientiza\u00e7\u00e3o da <a href=\"https:\/\/www.grupomedcof.com.br\/blog\/gravidez-na-adolescencia-possiveis-consequencias-na-saude-mental-da-jovem\/#:~:text=Quando%20a%20gravidez%20coincide%20com,%C3%A9%20totalmente%20dependente%20da%20m%C3%A3e\" target=\"_blank\" rel=\"noreferrer noopener\">Gravidez na Adolesc\u00eancia<\/a>. Como essa \u00e9 uma das principais condi\u00e7\u00f5es que envolvem o aborto, vamos explorar um pouco das nuances do aborto legal no Brasil, incluindo as condi\u00e7\u00f5es em que \u00e9 permitido, as recomenda\u00e7\u00f5es cl\u00ednicas e os aspectos \u00e9ticos envolvidos.<\/p>\n\n\n\n<h2 class=\"wp-block-heading\" id=\"h-definicao-de-aborto\"><span class=\"ez-toc-section\" id=\"Definicao_de_Aborto\"><\/span><strong>Defini\u00e7\u00e3o de Aborto<\/strong><span class=\"ez-toc-section-end\"><\/span><\/h2>\n\n\n\n<p>Na obstetr\u00edcia, o aborto \u00e9 definido como a interrup\u00e7\u00e3o volunt\u00e1ria ou involunt\u00e1ria da gravidez antes de 20-22 semanas de gesta\u00e7\u00e3o, ou quando o feto apresenta peso inferior a 500g e\/ou estatura inferior a 25cm. Esta defini\u00e7\u00e3o se concentra nos aspectos cl\u00ednicos e no desenvolvimento fetal.<\/p>\n\n\n\n<h2 class=\"wp-block-heading\" id=\"h-perspectiva-juridica\"><span class=\"ez-toc-section\" id=\"Perspectiva_Juridica\"><\/span><strong>Perspectiva Jur\u00eddica<\/strong><span class=\"ez-toc-section-end\"><\/span><\/h2>\n\n\n\n<p>Juridicamente, o aborto \u00e9 qualquer interrup\u00e7\u00e3o da gravidez, independentemente da idade gestacional. A legisla\u00e7\u00e3o brasileira permite o aborto em tr\u00eas situa\u00e7\u00f5es espec\u00edficas:&nbsp;<\/p>\n\n\n\n<ol class=\"wp-block-list\">\n<li>quando h\u00e1 risco \u00e0 vida da gestante;<\/li>\n\n\n\n<li>\u00a0em casos de gravidez resultante de estupro;<\/li>\n\n\n\n<li>\u00a0em casos de anencefalia fetal.<\/li>\n<\/ol>\n\n\n\n<h2 class=\"wp-block-heading\" id=\"h-situacoes-legais-para-a-realizacao-do-aborto\"><span class=\"ez-toc-section\" id=\"Situacoes_Legais_para_a_Realizacao_do_Aborto\"><\/span><strong>Situa\u00e7\u00f5es Legais para a Realiza\u00e7\u00e3o do Aborto<\/strong><span class=\"ez-toc-section-end\"><\/span><\/h2>\n\n\n\n<h3 class=\"wp-block-heading\" id=\"h-aborto-terapeutico\"><span class=\"ez-toc-section\" id=\"Aborto_Terapeutico\"><\/span><strong>Aborto Terap\u00eautico<\/strong><span class=\"ez-toc-section-end\"><\/span><\/h3>\n\n\n\n<p>O aborto terap\u00eautico \u00e9 permitido quando \u00e9 a \u00fanica forma de salvar a vida da gestante. Nesses casos, a avalia\u00e7\u00e3o deve ser realizada por dois m\u00e9dicos, sendo desej\u00e1vel que um deles seja especialista na doen\u00e7a que justifique a interrup\u00e7\u00e3o da gesta\u00e7\u00e3o. N\u00e3o \u00e9 necess\u00e1ria autoriza\u00e7\u00e3o judicial, boletim de ocorr\u00eancia ou comunica\u00e7\u00e3o ao Conselho Regional de Medicina (CRM).<\/p>\n\n\n\n<h3 class=\"wp-block-heading\" id=\"h-aborto-por-estupro\"><span class=\"ez-toc-section\" id=\"Aborto_por_Estupro\"><\/span><strong>Aborto por Estupro<\/strong><span class=\"ez-toc-section-end\"><\/span><\/h3>\n\n\n\n<p>O aborto em casos de gravidez decorrente de estupro \u00e9 permitido por lei, desde que a interrup\u00e7\u00e3o seja realizada por um m\u00e9dico com a autoriza\u00e7\u00e3o da gestante ou de seu representante legal. N\u00e3o \u00e9 necess\u00e1ria a apresenta\u00e7\u00e3o de boletim de ocorr\u00eancia ou autoriza\u00e7\u00e3o judicial. A documenta\u00e7\u00e3o requerida inclui o relato circunstanciado da v\u00edtima, termos de responsabilidade e consentimento livre e esclarecido, al\u00e9m de parecer t\u00e9cnico.<\/p>\n\n\n\n<h3 class=\"wp-block-heading\" id=\"h-interrupcao-da-gestacao-de-fetos-anencefalos\"><span class=\"ez-toc-section\" id=\"Interrupcao_da_Gestacao_de_Fetos_Anencefalos\"><\/span><strong>Interrup\u00e7\u00e3o da Gesta\u00e7\u00e3o de Fetos Anenc\u00e9falos<\/strong><span class=\"ez-toc-section-end\"><\/span><\/h3>\n\n\n\n<p>A anencefalia \u00e9 uma grave malforma\u00e7\u00e3o fetal que resulta da falha de fechamento do tubo neural, tornando a vida extrauterina invi\u00e1vel. Desde 2012, o Supremo Tribunal Federal (STF) permite a interrup\u00e7\u00e3o da gesta\u00e7\u00e3o de fetos anenc\u00e9falos sem a necessidade de autoriza\u00e7\u00e3o judicial, independentemente da idade gestacional. O diagn\u00f3stico deve ser confirmado por exame ultrassonogr\u00e1fico a partir da 12\u00aa semana de gesta\u00e7\u00e3o, acompanhado de laudos assinados por dois m\u00e9dicos.<\/p>\n\n\n\n<figure class=\"wp-block-image size-large\"><a href=\"https:\/\/www.grupomedcof.com.br\/cofletters\/\"><img loading=\"lazy\" decoding=\"async\" width=\"1024\" height=\"366\" src=\"https:\/\/www.grupomedcof.com.br\/blog\/wp-content\/uploads\/2024\/10\/Capa-Eventos-MedCof-Plus-1-1024x366.png\" alt=\"\" class=\"wp-image-30896\" srcset=\"https:\/\/www.grupomedcof.com.br\/blog\/wp-content\/uploads\/2024\/10\/Capa-Eventos-MedCof-Plus-1-1024x366.png 1024w, https:\/\/www.grupomedcof.com.br\/blog\/wp-content\/uploads\/2024\/10\/Capa-Eventos-MedCof-Plus-1-300x107.png 300w, https:\/\/www.grupomedcof.com.br\/blog\/wp-content\/uploads\/2024\/10\/Capa-Eventos-MedCof-Plus-1-768x275.png 768w, https:\/\/www.grupomedcof.com.br\/blog\/wp-content\/uploads\/2024\/10\/Capa-Eventos-MedCof-Plus-1-1536x549.png 1536w, https:\/\/www.grupomedcof.com.br\/blog\/wp-content\/uploads\/2024\/10\/Capa-Eventos-MedCof-Plus-1-2048x732.png 2048w, https:\/\/www.grupomedcof.com.br\/blog\/wp-content\/uploads\/2024\/10\/Capa-Eventos-MedCof-Plus-1-1175x420.png 1175w, https:\/\/www.grupomedcof.com.br\/blog\/wp-content\/uploads\/2024\/10\/Capa-Eventos-MedCof-Plus-1-150x54.png 150w, https:\/\/www.grupomedcof.com.br\/blog\/wp-content\/uploads\/2024\/10\/Capa-Eventos-MedCof-Plus-1-696x249.png 696w, https:\/\/www.grupomedcof.com.br\/blog\/wp-content\/uploads\/2024\/10\/Capa-Eventos-MedCof-Plus-1-1068x382.png 1068w, https:\/\/www.grupomedcof.com.br\/blog\/wp-content\/uploads\/2024\/10\/Capa-Eventos-MedCof-Plus-1-1920x686.png 1920w\" sizes=\"auto, (max-width: 1024px) 100vw, 1024px\" \/><\/a><\/figure>\n\n\n\n<h2 class=\"wp-block-heading\" id=\"h-recomendacoes-clinicas\"><span class=\"ez-toc-section\" id=\"Recomendacoes_Clinicas\"><\/span><strong>Recomenda\u00e7\u00f5es Cl\u00ednicas<\/strong><span class=\"ez-toc-section-end\"><\/span><\/h2>\n\n\n\n<p>Para a realiza\u00e7\u00e3o do aborto legal, \u00e9 recomendado que a avalia\u00e7\u00e3o seja feita por dois m\u00e9dicos, com todas as justificativas devidamente registradas em prontu\u00e1rio m\u00e9dico. \u00c9 fundamental o <strong>consentimento<\/strong> expresso da gestante ou de seu representante legal, dependendo da idade da paciente. O acompanhamento por uma equipe multiprofissional \u00e9 essencial para garantir o suporte necess\u00e1rio \u00e0 gestante.<\/p>\n\n\n\n<h2 class=\"wp-block-heading\" id=\"h-aspectos-eticos\"><span class=\"ez-toc-section\" id=\"Aspectos_Eticos\"><\/span><strong>Aspectos \u00c9ticos<\/strong><span class=\"ez-toc-section-end\"><\/span><\/h2>\n\n\n\n<h3 class=\"wp-block-heading\" id=\"h-objecao-de-consciencia\"><span class=\"ez-toc-section\" id=\"Objecao_de_Consciencia\"><\/span><strong>Obje\u00e7\u00e3o de Consci\u00eancia<\/strong><span class=\"ez-toc-section-end\"><\/span><\/h3>\n\n\n\n<p>Os m\u00e9dicos t\u00eam o direito de se recusar a realizar o aborto em situa\u00e7\u00f5es permitidas por lei, caso isso v\u00e1 contra sua consci\u00eancia. No entanto, \u00e9 obrigat\u00f3rio encaminhar a paciente a outro profissional que concorde em realizar o procedimento. Existem exce\u00e7\u00f5es \u00e0 obje\u00e7\u00e3o de consci\u00eancia, como em casos de risco de vida para a mulher ou quando n\u00e3o houver outro m\u00e9dico dispon\u00edvel e a omiss\u00e3o puder causar danos \u00e0 sa\u00fade da paciente.<\/p>\n\n\n\n<p>Os profissionais de sa\u00fade devem considerar os aspectos \u00e9ticos envolvidos na realiza\u00e7\u00e3o do aborto, respeitando a autonomia da paciente e garantindo que todas as informa\u00e7\u00f5es sejam fornecidas de forma clara e compreens\u00edvel. A avalia\u00e7\u00e3o psicol\u00f3gica da gestante pode ser necess\u00e1ria para assegurar que a decis\u00e3o seja tomada de forma consciente e informada.<\/p>\n\n\n\n<h2 class=\"wp-block-heading\" id=\"h-malformacoes-fetais-incompativeis-com-a-vida\"><span class=\"ez-toc-section\" id=\"Malformacoes_Fetais_Incompativeis_com_a_Vida\"><\/span><strong>Malforma\u00e7\u00f5es Fetais Incompat\u00edveis com a Vida<\/strong><span class=\"ez-toc-section-end\"><\/span><\/h2>\n\n\n\n<p>Al\u00e9m da anencefalia, outras malforma\u00e7\u00f5es fetais incompat\u00edveis com a vida podem justificar a interrup\u00e7\u00e3o da gesta\u00e7\u00e3o, mas necessitam de autoriza\u00e7\u00e3o judicial. Exemplos incluem trissomia dos cromossomos 13 e 18, holoprosencefalia, encefalocele, pentalogia de Cantrell, e outras condi\u00e7\u00f5es graves que inviabilizam a sobreviv\u00eancia extrauterina.<\/p>\n\n\n\n<h2 class=\"wp-block-heading\" id=\"seja-um-medcofer\"><span class=\"ez-toc-section\" id=\"Seja_um_MedCofer\"><\/span><strong>Seja um MedCofer!<\/strong><span class=\"ez-toc-section-end\"><\/span><\/h2>\n\n\n\n<p>Quer alcan\u00e7ar a aprova\u00e7\u00e3o nas provas de resid\u00eancia m\u00e9dica? Ent\u00e3o seja um&nbsp;<a href=\"https:\/\/www.grupomedcof.com.br\/home\/\" target=\"_blank\" rel=\"noreferrer noopener\">MedCoffer<\/a>! Aqui te ajudaremos na busca da aprova\u00e7\u00e3o com conte\u00fados de qualidade e uma&nbsp;<a href=\"https:\/\/www.grupomedcof.com.br\/blog\/presenca-da-medcof-nas-aprovacoes-em-residencia-medica-no-brasil\/\" target=\"_blank\" rel=\"noreferrer noopener\">metodologia que j\u00e1 aprovou mais de 10 mil residentes no pa\u00eds!&nbsp;<\/a>Por fim, acesse o nosso<a href=\"https:\/\/www.youtube.com\/@GrupoMedcof\/featured\" target=\"_blank\" rel=\"noreferrer noopener\">&nbsp;<strong>canal do youtube&nbsp;<\/strong><\/a>para ver o nosso material de revis\u00e3o e corre\u00e7\u00e3o.<\/p>\n\n\n\n<figure class=\"wp-block-embed is-type-video is-provider-youtube wp-block-embed-youtube wp-embed-aspect-16-9 wp-has-aspect-ratio\"><div class=\"wp-block-embed__wrapper\">\n<div class=\"youtube-embed\" data-video_id=\"kOBbvFqdYD0\"><iframe loading=\"lazy\" title=\"Aborto no Brasil na Medicina. Com Dr. Gelson Arcos\" width=\"696\" height=\"392\" src=\"https:\/\/www.youtube.com\/embed\/kOBbvFqdYD0?feature=oembed&#038;enablejsapi=1\" frameborder=\"0\" allow=\"accelerometer; autoplay; clipboard-write; encrypted-media; gyroscope; picture-in-picture; web-share\" referrerpolicy=\"strict-origin-when-cross-origin\" allowfullscreen><\/iframe><\/div>\n<\/div><\/figure>\n","protected":false},"excerpt":{"rendered":"<p>No Brasil, o aborto \u00e9 considerado crime, conforme previsto no C\u00f3digo Penal, mas existem exce\u00e7\u00f5es em que ele \u00e9 permitido legalmente. Saiba mais!<\/p>\n","protected":false},"author":21,"featured_media":33404,"comment_status":"open","ping_status":"open","sticky":false,"template":"","format":"standard","meta":{"footnotes":""},"categories":[125],"tags":[1520,2528,2529],"ppma_author":[3617],"class_list":{"0":"post-33403","1":"post","2":"type-post","3":"status-publish","4":"format-standard","5":"has-post-thumbnail","7":"category-ginecologia-e-obstetricia","8":"tag-aborto","9":"tag-aborto-legal","10":"tag-aborto-no-brasil"},"yoast_head":"<!-- This site is optimized with the Yoast SEO Premium plugin v24.3 (Yoast SEO v27.4) - https:\/\/yoast.com\/product\/yoast-seo-premium-wordpress\/ -->\n<title>Aspectos M\u00e9dicos que envolvem o Aborto\u00a0 - Blog de Medcof: conte\u00fados, editais, revalida e mais!<\/title>\n<meta name=\"description\" content=\"No Brasil, o aborto \u00e9 considerado crime, conforme previsto no C\u00f3digo Penal, mas existem exce\u00e7\u00f5es em que ele \u00e9 permitido legalmente. Saiba mais!\" \/>\n<meta name=\"robots\" content=\"index, follow, max-snippet:-1, max-image-preview:large, max-video-preview:-1\" \/>\n<link rel=\"canonical\" href=\"https:\/\/www.grupomedcof.com.br\/blog\/aspectos-medicos-que-envolvem-o-aborto\/\" \/>\n<meta property=\"og:locale\" content=\"pt_BR\" \/>\n<meta property=\"og:type\" content=\"article\" \/>\n<meta property=\"og:title\" content=\"Aspectos M\u00e9dicos que envolvem o Aborto\u00a0\" \/>\n<meta property=\"og:description\" content=\"No Brasil, o aborto \u00e9 considerado crime, conforme previsto no C\u00f3digo Penal, mas existem exce\u00e7\u00f5es em que ele \u00e9 permitido legalmente. Saiba mais!\" \/>\n<meta property=\"og:url\" content=\"https:\/\/www.grupomedcof.com.br\/blog\/aspectos-medicos-que-envolvem-o-aborto\/\" \/>\n<meta property=\"og:site_name\" content=\"Blog de Medcof: conte\u00fados, editais, revalida e mais!\" \/>\n<meta property=\"article:publisher\" content=\"https:\/\/www.facebook.com\/MedCofQbank\/\" \/>\n<meta property=\"article:published_time\" content=\"2025-02-03T11:49:34+00:00\" \/>\n<meta property=\"article:modified_time\" content=\"2025-02-03T11:49:35+00:00\" \/>\n<meta property=\"og:image\" content=\"https:\/\/www.grupomedcof.com.br\/blog\/wp-content\/uploads\/2025\/02\/Blog-MedCof-69.jpg\" \/>\n\t<meta property=\"og:image:width\" content=\"1920\" \/>\n\t<meta property=\"og:image:height\" content=\"1080\" \/>\n\t<meta property=\"og:image:type\" content=\"image\/jpeg\" \/>\n<meta name=\"author\" content=\"Kiara Adelino\" \/>\n<meta name=\"twitter:card\" content=\"summary_large_image\" \/>\n<meta name=\"twitter:label1\" content=\"Escrito por\" \/>\n\t<meta name=\"twitter:data1\" content=\"Kiara Adelino\" \/>\n\t<meta name=\"twitter:label2\" content=\"Est. tempo de leitura\" \/>\n\t<meta name=\"twitter:data2\" content=\"5 minutos\" \/>\n<script type=\"application\/ld+json\" class=\"yoast-schema-graph\">{\"@context\":\"https:\\\/\\\/schema.org\",\"@graph\":[{\"@type\":\"Article\",\"@id\":\"https:\\\/\\\/www.grupomedcof.com.br\\\/blog\\\/aspectos-medicos-que-envolvem-o-aborto\\\/#article\",\"isPartOf\":{\"@id\":\"https:\\\/\\\/www.grupomedcof.com.br\\\/blog\\\/aspectos-medicos-que-envolvem-o-aborto\\\/\"},\"author\":{\"name\":\"Kiara Adelino\",\"@id\":\"https:\\\/\\\/www.grupomedcof.com.br\\\/blog\\\/#\\\/schema\\\/person\\\/db19a651f86c5fc202d6eee744fd3292\"},\"headline\":\"Aspectos M\u00e9dicos que envolvem o Aborto\u00a0\",\"datePublished\":\"2025-02-03T11:49:34+00:00\",\"dateModified\":\"2025-02-03T11:49:35+00:00\",\"mainEntityOfPage\":{\"@id\":\"https:\\\/\\\/www.grupomedcof.com.br\\\/blog\\\/aspectos-medicos-que-envolvem-o-aborto\\\/\"},\"wordCount\":793,\"commentCount\":0,\"publisher\":{\"@id\":\"https:\\\/\\\/www.grupomedcof.com.br\\\/blog\\\/#organization\"},\"image\":{\"@id\":\"https:\\\/\\\/www.grupomedcof.com.br\\\/blog\\\/aspectos-medicos-que-envolvem-o-aborto\\\/#primaryimage\"},\"thumbnailUrl\":\"https:\\\/\\\/www.grupomedcof.com.br\\\/blog\\\/wp-content\\\/uploads\\\/2025\\\/02\\\/Blog-MedCof-69.jpg\",\"keywords\":[\"Aborto\",\"Aborto legal\",\"Aborto no Brasil\"],\"articleSection\":[\"Ginecologia e Obstetr\u00edcia\"],\"inLanguage\":\"pt-BR\"},{\"@type\":\"WebPage\",\"@id\":\"https:\\\/\\\/www.grupomedcof.com.br\\\/blog\\\/aspectos-medicos-que-envolvem-o-aborto\\\/\",\"url\":\"https:\\\/\\\/www.grupomedcof.com.br\\\/blog\\\/aspectos-medicos-que-envolvem-o-aborto\\\/\",\"name\":\"Aspectos M\u00e9dicos que envolvem o Aborto\u00a0 - Blog de Medcof: conte\u00fados, editais, revalida e mais!\",\"isPartOf\":{\"@id\":\"https:\\\/\\\/www.grupomedcof.com.br\\\/blog\\\/#website\"},\"primaryImageOfPage\":{\"@id\":\"https:\\\/\\\/www.grupomedcof.com.br\\\/blog\\\/aspectos-medicos-que-envolvem-o-aborto\\\/#primaryimage\"},\"image\":{\"@id\":\"https:\\\/\\\/www.grupomedcof.com.br\\\/blog\\\/aspectos-medicos-que-envolvem-o-aborto\\\/#primaryimage\"},\"thumbnailUrl\":\"https:\\\/\\\/www.grupomedcof.com.br\\\/blog\\\/wp-content\\\/uploads\\\/2025\\\/02\\\/Blog-MedCof-69.jpg\",\"datePublished\":\"2025-02-03T11:49:34+00:00\",\"dateModified\":\"2025-02-03T11:49:35+00:00\",\"description\":\"No Brasil, o aborto \u00e9 considerado crime, conforme previsto no C\u00f3digo Penal, mas existem exce\u00e7\u00f5es em que ele \u00e9 permitido legalmente. Saiba mais!\",\"breadcrumb\":{\"@id\":\"https:\\\/\\\/www.grupomedcof.com.br\\\/blog\\\/aspectos-medicos-que-envolvem-o-aborto\\\/#breadcrumb\"},\"inLanguage\":\"pt-BR\",\"potentialAction\":[{\"@type\":\"ReadAction\",\"target\":[\"https:\\\/\\\/www.grupomedcof.com.br\\\/blog\\\/aspectos-medicos-que-envolvem-o-aborto\\\/\"]}]},{\"@type\":\"ImageObject\",\"inLanguage\":\"pt-BR\",\"@id\":\"https:\\\/\\\/www.grupomedcof.com.br\\\/blog\\\/aspectos-medicos-que-envolvem-o-aborto\\\/#primaryimage\",\"url\":\"https:\\\/\\\/www.grupomedcof.com.br\\\/blog\\\/wp-content\\\/uploads\\\/2025\\\/02\\\/Blog-MedCof-69.jpg\",\"contentUrl\":\"https:\\\/\\\/www.grupomedcof.com.br\\\/blog\\\/wp-content\\\/uploads\\\/2025\\\/02\\\/Blog-MedCof-69.jpg\",\"width\":1920,\"height\":1080},{\"@type\":\"BreadcrumbList\",\"@id\":\"https:\\\/\\\/www.grupomedcof.com.br\\\/blog\\\/aspectos-medicos-que-envolvem-o-aborto\\\/#breadcrumb\",\"itemListElement\":[{\"@type\":\"ListItem\",\"position\":1,\"name\":\"In\u00edcio\",\"item\":\"https:\\\/\\\/www.grupomedcof.com.br\\\/blog\\\/\"},{\"@type\":\"ListItem\",\"position\":2,\"name\":\"Aspectos M\u00e9dicos que envolvem o Aborto\u00a0\"}]},{\"@type\":\"WebSite\",\"@id\":\"https:\\\/\\\/www.grupomedcof.com.br\\\/blog\\\/#website\",\"url\":\"https:\\\/\\\/www.grupomedcof.com.br\\\/blog\\\/\",\"name\":\"Blog de Medcof: conte\u00fados, editais, revalida e mais!\",\"description\":\"Acesso o blog de MedCof! Seu portal de conte\u00fados sobre resid\u00eancia m\u00e9dica, an\u00e1lise e editais e muito mais. Clique e confira!\",\"publisher\":{\"@id\":\"https:\\\/\\\/www.grupomedcof.com.br\\\/blog\\\/#organization\"},\"alternateName\":\"Blog de Medcof: conte\u00fados, editais, revalida e mais!\",\"potentialAction\":[{\"@type\":\"SearchAction\",\"target\":{\"@type\":\"EntryPoint\",\"urlTemplate\":\"https:\\\/\\\/www.grupomedcof.com.br\\\/blog\\\/?s={search_term_string}\"},\"query-input\":{\"@type\":\"PropertyValueSpecification\",\"valueRequired\":true,\"valueName\":\"search_term_string\"}}],\"inLanguage\":\"pt-BR\"},{\"@type\":\"Organization\",\"@id\":\"https:\\\/\\\/www.grupomedcof.com.br\\\/blog\\\/#organization\",\"name\":\"Grupo MedCof\",\"url\":\"https:\\\/\\\/www.grupomedcof.com.br\\\/blog\\\/\",\"logo\":{\"@type\":\"ImageObject\",\"inLanguage\":\"pt-BR\",\"@id\":\"https:\\\/\\\/www.grupomedcof.com.br\\\/blog\\\/#\\\/schema\\\/logo\\\/image\\\/\",\"url\":\"https:\\\/\\\/www.grupomedcof.com.br\\\/blog\\\/wp-content\\\/uploads\\\/2022\\\/01\\\/logo-medcof.png\",\"contentUrl\":\"https:\\\/\\\/www.grupomedcof.com.br\\\/blog\\\/wp-content\\\/uploads\\\/2022\\\/01\\\/logo-medcof.png\",\"width\":768,\"height\":269,\"caption\":\"Grupo MedCof\"},\"image\":{\"@id\":\"https:\\\/\\\/www.grupomedcof.com.br\\\/blog\\\/#\\\/schema\\\/logo\\\/image\\\/\"},\"sameAs\":[\"https:\\\/\\\/www.facebook.com\\\/MedCofQbank\\\/\",\"https:\\\/\\\/www.instagram.com\\\/grupomedcof\\\/\",\"https:\\\/\\\/br.linkedin.com\\\/company\\\/medcof\",\"https:\\\/\\\/www.youtube.com\\\/channel\\\/UCdHMuOHKICxcHwecxN8P-AA\"]},{\"@type\":\"Person\",\"@id\":\"https:\\\/\\\/www.grupomedcof.com.br\\\/blog\\\/#\\\/schema\\\/person\\\/db19a651f86c5fc202d6eee744fd3292\",\"name\":\"Kiara Adelino\",\"image\":{\"@type\":\"ImageObject\",\"inLanguage\":\"pt-BR\",\"@id\":\"https:\\\/\\\/www.grupomedcof.com.br\\\/blog\\\/wp-content\\\/uploads\\\/2024\\\/08\\\/cropped-Kiara-Adelino2-96x96.jpega85663bdda67261f8f06f86e555e1e49\",\"url\":\"https:\\\/\\\/www.grupomedcof.com.br\\\/blog\\\/wp-content\\\/uploads\\\/2024\\\/08\\\/cropped-Kiara-Adelino2-96x96.jpeg\",\"contentUrl\":\"https:\\\/\\\/www.grupomedcof.com.br\\\/blog\\\/wp-content\\\/uploads\\\/2024\\\/08\\\/cropped-Kiara-Adelino2-96x96.jpeg\",\"caption\":\"Kiara Adelino\"},\"description\":\"Estudante do 5\u00b0 semestre de Medicina. Gosto bastante de aprender coisas novas, principalmente na \u00e1rea de Neurologia e Anatomia humana.\",\"url\":\"https:\\\/\\\/www.grupomedcof.com.br\\\/blog\\\/author\\\/kiara-adelino\\\/\"}]}<\/script>\n<!-- \/ Yoast SEO Premium plugin. -->","yoast_head_json":{"title":"Aspectos M\u00e9dicos que envolvem o Aborto\u00a0 - Blog de Medcof: conte\u00fados, editais, revalida e mais!","description":"No Brasil, o aborto \u00e9 considerado crime, conforme previsto no C\u00f3digo Penal, mas existem exce\u00e7\u00f5es em que ele \u00e9 permitido legalmente. Saiba mais!","robots":{"index":"index","follow":"follow","max-snippet":"max-snippet:-1","max-image-preview":"max-image-preview:large","max-video-preview":"max-video-preview:-1"},"canonical":"https:\/\/www.grupomedcof.com.br\/blog\/aspectos-medicos-que-envolvem-o-aborto\/","og_locale":"pt_BR","og_type":"article","og_title":"Aspectos M\u00e9dicos que envolvem o Aborto\u00a0","og_description":"No Brasil, o aborto \u00e9 considerado crime, conforme previsto no C\u00f3digo Penal, mas existem exce\u00e7\u00f5es em que ele \u00e9 permitido legalmente. Saiba mais!","og_url":"https:\/\/www.grupomedcof.com.br\/blog\/aspectos-medicos-que-envolvem-o-aborto\/","og_site_name":"Blog de Medcof: conte\u00fados, editais, revalida e mais!","article_publisher":"https:\/\/www.facebook.com\/MedCofQbank\/","article_published_time":"2025-02-03T11:49:34+00:00","article_modified_time":"2025-02-03T11:49:35+00:00","og_image":[{"width":1920,"height":1080,"url":"https:\/\/www.grupomedcof.com.br\/blog\/wp-content\/uploads\/2025\/02\/Blog-MedCof-69.jpg","type":"image\/jpeg"}],"author":"Kiara Adelino","twitter_card":"summary_large_image","twitter_misc":{"Escrito por":"Kiara Adelino","Est. tempo de leitura":"5 minutos"},"schema":{"@context":"https:\/\/schema.org","@graph":[{"@type":"Article","@id":"https:\/\/www.grupomedcof.com.br\/blog\/aspectos-medicos-que-envolvem-o-aborto\/#article","isPartOf":{"@id":"https:\/\/www.grupomedcof.com.br\/blog\/aspectos-medicos-que-envolvem-o-aborto\/"},"author":{"name":"Kiara Adelino","@id":"https:\/\/www.grupomedcof.com.br\/blog\/#\/schema\/person\/db19a651f86c5fc202d6eee744fd3292"},"headline":"Aspectos M\u00e9dicos que envolvem o Aborto\u00a0","datePublished":"2025-02-03T11:49:34+00:00","dateModified":"2025-02-03T11:49:35+00:00","mainEntityOfPage":{"@id":"https:\/\/www.grupomedcof.com.br\/blog\/aspectos-medicos-que-envolvem-o-aborto\/"},"wordCount":793,"commentCount":0,"publisher":{"@id":"https:\/\/www.grupomedcof.com.br\/blog\/#organization"},"image":{"@id":"https:\/\/www.grupomedcof.com.br\/blog\/aspectos-medicos-que-envolvem-o-aborto\/#primaryimage"},"thumbnailUrl":"https:\/\/www.grupomedcof.com.br\/blog\/wp-content\/uploads\/2025\/02\/Blog-MedCof-69.jpg","keywords":["Aborto","Aborto legal","Aborto no Brasil"],"articleSection":["Ginecologia e Obstetr\u00edcia"],"inLanguage":"pt-BR"},{"@type":"WebPage","@id":"https:\/\/www.grupomedcof.com.br\/blog\/aspectos-medicos-que-envolvem-o-aborto\/","url":"https:\/\/www.grupomedcof.com.br\/blog\/aspectos-medicos-que-envolvem-o-aborto\/","name":"Aspectos M\u00e9dicos que envolvem o Aborto\u00a0 - Blog de Medcof: conte\u00fados, editais, revalida e mais!","isPartOf":{"@id":"https:\/\/www.grupomedcof.com.br\/blog\/#website"},"primaryImageOfPage":{"@id":"https:\/\/www.grupomedcof.com.br\/blog\/aspectos-medicos-que-envolvem-o-aborto\/#primaryimage"},"image":{"@id":"https:\/\/www.grupomedcof.com.br\/blog\/aspectos-medicos-que-envolvem-o-aborto\/#primaryimage"},"thumbnailUrl":"https:\/\/www.grupomedcof.com.br\/blog\/wp-content\/uploads\/2025\/02\/Blog-MedCof-69.jpg","datePublished":"2025-02-03T11:49:34+00:00","dateModified":"2025-02-03T11:49:35+00:00","description":"No Brasil, o aborto \u00e9 considerado crime, conforme previsto no C\u00f3digo Penal, mas existem exce\u00e7\u00f5es em que ele \u00e9 permitido legalmente. Saiba mais!","breadcrumb":{"@id":"https:\/\/www.grupomedcof.com.br\/blog\/aspectos-medicos-que-envolvem-o-aborto\/#breadcrumb"},"inLanguage":"pt-BR","potentialAction":[{"@type":"ReadAction","target":["https:\/\/www.grupomedcof.com.br\/blog\/aspectos-medicos-que-envolvem-o-aborto\/"]}]},{"@type":"ImageObject","inLanguage":"pt-BR","@id":"https:\/\/www.grupomedcof.com.br\/blog\/aspectos-medicos-que-envolvem-o-aborto\/#primaryimage","url":"https:\/\/www.grupomedcof.com.br\/blog\/wp-content\/uploads\/2025\/02\/Blog-MedCof-69.jpg","contentUrl":"https:\/\/www.grupomedcof.com.br\/blog\/wp-content\/uploads\/2025\/02\/Blog-MedCof-69.jpg","width":1920,"height":1080},{"@type":"BreadcrumbList","@id":"https:\/\/www.grupomedcof.com.br\/blog\/aspectos-medicos-que-envolvem-o-aborto\/#breadcrumb","itemListElement":[{"@type":"ListItem","position":1,"name":"In\u00edcio","item":"https:\/\/www.grupomedcof.com.br\/blog\/"},{"@type":"ListItem","position":2,"name":"Aspectos M\u00e9dicos que envolvem o Aborto\u00a0"}]},{"@type":"WebSite","@id":"https:\/\/www.grupomedcof.com.br\/blog\/#website","url":"https:\/\/www.grupomedcof.com.br\/blog\/","name":"Blog de Medcof: conte\u00fados, editais, revalida e mais!","description":"Acesso o blog de MedCof! Seu portal de conte\u00fados sobre resid\u00eancia m\u00e9dica, an\u00e1lise e editais e muito mais. Clique e confira!","publisher":{"@id":"https:\/\/www.grupomedcof.com.br\/blog\/#organization"},"alternateName":"Blog de Medcof: conte\u00fados, editais, revalida e mais!","potentialAction":[{"@type":"SearchAction","target":{"@type":"EntryPoint","urlTemplate":"https:\/\/www.grupomedcof.com.br\/blog\/?s={search_term_string}"},"query-input":{"@type":"PropertyValueSpecification","valueRequired":true,"valueName":"search_term_string"}}],"inLanguage":"pt-BR"},{"@type":"Organization","@id":"https:\/\/www.grupomedcof.com.br\/blog\/#organization","name":"Grupo MedCof","url":"https:\/\/www.grupomedcof.com.br\/blog\/","logo":{"@type":"ImageObject","inLanguage":"pt-BR","@id":"https:\/\/www.grupomedcof.com.br\/blog\/#\/schema\/logo\/image\/","url":"https:\/\/www.grupomedcof.com.br\/blog\/wp-content\/uploads\/2022\/01\/logo-medcof.png","contentUrl":"https:\/\/www.grupomedcof.com.br\/blog\/wp-content\/uploads\/2022\/01\/logo-medcof.png","width":768,"height":269,"caption":"Grupo MedCof"},"image":{"@id":"https:\/\/www.grupomedcof.com.br\/blog\/#\/schema\/logo\/image\/"},"sameAs":["https:\/\/www.facebook.com\/MedCofQbank\/","https:\/\/www.instagram.com\/grupomedcof\/","https:\/\/br.linkedin.com\/company\/medcof","https:\/\/www.youtube.com\/channel\/UCdHMuOHKICxcHwecxN8P-AA"]},{"@type":"Person","@id":"https:\/\/www.grupomedcof.com.br\/blog\/#\/schema\/person\/db19a651f86c5fc202d6eee744fd3292","name":"Kiara Adelino","image":{"@type":"ImageObject","inLanguage":"pt-BR","@id":"https:\/\/www.grupomedcof.com.br\/blog\/wp-content\/uploads\/2024\/08\/cropped-Kiara-Adelino2-96x96.jpega85663bdda67261f8f06f86e555e1e49","url":"https:\/\/www.grupomedcof.com.br\/blog\/wp-content\/uploads\/2024\/08\/cropped-Kiara-Adelino2-96x96.jpeg","contentUrl":"https:\/\/www.grupomedcof.com.br\/blog\/wp-content\/uploads\/2024\/08\/cropped-Kiara-Adelino2-96x96.jpeg","caption":"Kiara Adelino"},"description":"Estudante do 5\u00b0 semestre de Medicina. Gosto bastante de aprender coisas novas, principalmente na \u00e1rea de Neurologia e Anatomia humana.","url":"https:\/\/www.grupomedcof.com.br\/blog\/author\/kiara-adelino\/"}]}},"authors":[{"term_id":3617,"user_id":21,"is_guest":0,"slug":"kiara-adelino","display_name":"Kiara Adelino","avatar_url":"https:\/\/www.grupomedcof.com.br\/blog\/wp-content\/uploads\/2024\/08\/cropped-Kiara-Adelino2-96x96.jpeg","0":null,"1":"","2":"","3":"","4":"","5":"","6":"","7":"","8":""}],"_links":{"self":[{"href":"https:\/\/www.grupomedcof.com.br\/blog\/wp-json\/wp\/v2\/posts\/33403","targetHints":{"allow":["GET"]}}],"collection":[{"href":"https:\/\/www.grupomedcof.com.br\/blog\/wp-json\/wp\/v2\/posts"}],"about":[{"href":"https:\/\/www.grupomedcof.com.br\/blog\/wp-json\/wp\/v2\/types\/post"}],"author":[{"embeddable":true,"href":"https:\/\/www.grupomedcof.com.br\/blog\/wp-json\/wp\/v2\/users\/21"}],"replies":[{"embeddable":true,"href":"https:\/\/www.grupomedcof.com.br\/blog\/wp-json\/wp\/v2\/comments?post=33403"}],"version-history":[{"count":0,"href":"https:\/\/www.grupomedcof.com.br\/blog\/wp-json\/wp\/v2\/posts\/33403\/revisions"}],"wp:featuredmedia":[{"embeddable":true,"href":"https:\/\/www.grupomedcof.com.br\/blog\/wp-json\/wp\/v2\/media\/33404"}],"wp:attachment":[{"href":"https:\/\/www.grupomedcof.com.br\/blog\/wp-json\/wp\/v2\/media?parent=33403"}],"wp:term":[{"taxonomy":"category","embeddable":true,"href":"https:\/\/www.grupomedcof.com.br\/blog\/wp-json\/wp\/v2\/categories?post=33403"},{"taxonomy":"post_tag","embeddable":true,"href":"https:\/\/www.grupomedcof.com.br\/blog\/wp-json\/wp\/v2\/tags?post=33403"},{"taxonomy":"author","embeddable":true,"href":"https:\/\/www.grupomedcof.com.br\/blog\/wp-json\/wp\/v2\/ppma_author?post=33403"}],"curies":[{"name":"wp","href":"https:\/\/api.w.org\/{rel}","templated":true}]}}