{"id":33482,"date":"2025-02-06T07:47:47","date_gmt":"2025-02-06T10:47:47","guid":{"rendered":"https:\/\/www.grupomedcof.com.br\/blog\/?p=33482"},"modified":"2026-04-24T10:56:07","modified_gmt":"2026-04-24T13:56:07","slug":"entenda-a-diferenca-entre-neoplasia-e-cancer","status":"publish","type":"post","link":"https:\/\/www.grupomedcof.com.br\/blog\/entenda-a-diferenca-entre-neoplasia-e-cancer\/","title":{"rendered":"Entenda a diferen\u00e7a entre neoplasia e c\u00e2ncer: explorando essa tem\u00e1tica t\u00e3o importante no Brasil"},"content":{"rendered":"<div id=\"ez-toc-container\" class=\"ez-toc-v2_0_74 counter-hierarchy ez-toc-counter ez-toc-transparent ez-toc-container-direction\">\n<div class=\"ez-toc-title-container\">\n<p class=\"ez-toc-title\" style=\"cursor:inherit\">Sum\u00e1rio<\/p>\n<span class=\"ez-toc-title-toggle\"><a href=\"#\" class=\"ez-toc-pull-right ez-toc-btn ez-toc-btn-xs ez-toc-btn-default ez-toc-toggle\" aria-label=\"Alternar tabela de conte\u00fado\"><span class=\"ez-toc-js-icon-con\"><span class=\"\"><span class=\"eztoc-hide\" style=\"display:none;\">Toggle<\/span><span class=\"ez-toc-icon-toggle-span\"><svg style=\"fill: #999;color:#999\" xmlns=\"http:\/\/www.w3.org\/2000\/svg\" class=\"list-377408\" width=\"20px\" height=\"20px\" viewBox=\"0 0 24 24\" fill=\"none\"><path d=\"M6 6H4v2h2V6zm14 0H8v2h12V6zM4 11h2v2H4v-2zm16 0H8v2h12v-2zM4 16h2v2H4v-2zm16 0H8v2h12v-2z\" fill=\"currentColor\"><\/path><\/svg><svg style=\"fill: #999;color:#999\" class=\"arrow-unsorted-368013\" xmlns=\"http:\/\/www.w3.org\/2000\/svg\" width=\"10px\" height=\"10px\" viewBox=\"0 0 24 24\" version=\"1.2\" baseProfile=\"tiny\"><path d=\"M18.2 9.3l-6.2-6.3-6.2 6.3c-.2.2-.3.4-.3.7s.1.5.3.7c.2.2.4.3.7.3h11c.3 0 .5-.1.7-.3.2-.2.3-.5.3-.7s-.1-.5-.3-.7zM5.8 14.7l6.2 6.3 6.2-6.3c.2-.2.3-.5.3-.7s-.1-.5-.3-.7c-.2-.2-.4-.3-.7-.3h-11c-.3 0-.5.1-.7.3-.2.2-.3.5-.3.7s.1.5.3.7z\"\/><\/svg><\/span><\/span><\/span><\/a><\/span><\/div>\n<nav><ul class='ez-toc-list ez-toc-list-level-1 ' ><li class='ez-toc-page-1 ez-toc-heading-level-2'><a class=\"ez-toc-link ez-toc-heading-1\" href=\"https:\/\/www.grupomedcof.com.br\/blog\/entenda-a-diferenca-entre-neoplasia-e-cancer\/#Dia_mundial_de_Combate_ao_Cancer\" >Dia mundial de Combate ao C\u00e2ncer\u00a0<\/a><\/li><li class='ez-toc-page-1 ez-toc-heading-level-2'><a class=\"ez-toc-link ez-toc-heading-2\" href=\"https:\/\/www.grupomedcof.com.br\/blog\/entenda-a-diferenca-entre-neoplasia-e-cancer\/#Diferenca_de_neoplasia_e_cancer\" >Diferen\u00e7a de neoplasia e c\u00e2ncer\u00a0<\/a><\/li><li class='ez-toc-page-1 ez-toc-heading-level-2'><a class=\"ez-toc-link ez-toc-heading-3\" href=\"https:\/\/www.grupomedcof.com.br\/blog\/entenda-a-diferenca-entre-neoplasia-e-cancer\/#Historico_do_cancer\" >Hist\u00f3rico do c\u00e2ncer\u00a0<\/a><ul class='ez-toc-list-level-3' ><li class='ez-toc-heading-level-3'><a class=\"ez-toc-link ez-toc-heading-4\" href=\"https:\/\/www.grupomedcof.com.br\/blog\/entenda-a-diferenca-entre-neoplasia-e-cancer\/#Antropomorfizacao_do_Cancer\" >Antropomorfiza\u00e7\u00e3o do C\u00e2ncer<\/a><\/li><li class='ez-toc-page-1 ez-toc-heading-level-3'><a class=\"ez-toc-link ez-toc-heading-5\" href=\"https:\/\/www.grupomedcof.com.br\/blog\/entenda-a-diferenca-entre-neoplasia-e-cancer\/#Historia_Medica_e_Odisseia_Pessoal\" >Hist\u00f3ria M\u00e9dica e Odisseia Pessoal<\/a><\/li><li class='ez-toc-page-1 ez-toc-heading-level-3'><a class=\"ez-toc-link ez-toc-heading-6\" href=\"https:\/\/www.grupomedcof.com.br\/blog\/entenda-a-diferenca-entre-neoplasia-e-cancer\/#Aspectos_Culturais_e_Sociais\" >Aspectos Culturais e Sociais<\/a><\/li><li class='ez-toc-page-1 ez-toc-heading-level-3'><a class=\"ez-toc-link ez-toc-heading-7\" href=\"https:\/\/www.grupomedcof.com.br\/blog\/entenda-a-diferenca-entre-neoplasia-e-cancer\/#Desenvolvimento_Cientifico_e_Avanco\" >Desenvolvimento Cient\u00edfico e Avan\u00e7o<\/a><\/li><li class='ez-toc-page-1 ez-toc-heading-level-3'><a class=\"ez-toc-link ez-toc-heading-8\" href=\"https:\/\/www.grupomedcof.com.br\/blog\/entenda-a-diferenca-entre-neoplasia-e-cancer\/#Impacto_Global_e_Desafios_Futuro\" >Impacto Global e Desafios Futuro<\/a><\/li><\/ul><\/li><li class='ez-toc-page-1 ez-toc-heading-level-2'><a class=\"ez-toc-link ez-toc-heading-9\" href=\"https:\/\/www.grupomedcof.com.br\/blog\/entenda-a-diferenca-entre-neoplasia-e-cancer\/#Combate_ao_Cancer\" >Combate ao C\u00e2ncer\u00a0<\/a><\/li><li class='ez-toc-page-1 ez-toc-heading-level-2'><a class=\"ez-toc-link ez-toc-heading-10\" href=\"https:\/\/www.grupomedcof.com.br\/blog\/entenda-a-diferenca-entre-neoplasia-e-cancer\/#Conclusao\" >Conclus\u00e3o\u00a0<\/a><\/li><li class='ez-toc-page-1 ez-toc-heading-level-2'><a class=\"ez-toc-link ez-toc-heading-11\" href=\"https:\/\/www.grupomedcof.com.br\/blog\/entenda-a-diferenca-entre-neoplasia-e-cancer\/#Seja_um_MedCofer\" >Seja um MedCofer!<\/a><\/li><\/ul><\/nav><\/div>\n\n<figure class=\"wp-block-image size-large\"><img loading=\"lazy\" decoding=\"async\" width=\"1024\" height=\"576\" src=\"https:\/\/www.grupomedcof.com.br\/blog\/wp-content\/uploads\/2025\/02\/Blog-MedCof-76-1024x576.jpg\" alt=\"\" class=\"wp-image-33486\" srcset=\"https:\/\/www.grupomedcof.com.br\/blog\/wp-content\/uploads\/2025\/02\/Blog-MedCof-76-1024x576.jpg 1024w, https:\/\/www.grupomedcof.com.br\/blog\/wp-content\/uploads\/2025\/02\/Blog-MedCof-76-300x169.jpg 300w, https:\/\/www.grupomedcof.com.br\/blog\/wp-content\/uploads\/2025\/02\/Blog-MedCof-76-768x432.jpg 768w, https:\/\/www.grupomedcof.com.br\/blog\/wp-content\/uploads\/2025\/02\/Blog-MedCof-76-1536x864.jpg 1536w, https:\/\/www.grupomedcof.com.br\/blog\/wp-content\/uploads\/2025\/02\/Blog-MedCof-76-747x420.jpg 747w, https:\/\/www.grupomedcof.com.br\/blog\/wp-content\/uploads\/2025\/02\/Blog-MedCof-76-150x84.jpg 150w, https:\/\/www.grupomedcof.com.br\/blog\/wp-content\/uploads\/2025\/02\/Blog-MedCof-76-696x392.jpg 696w, https:\/\/www.grupomedcof.com.br\/blog\/wp-content\/uploads\/2025\/02\/Blog-MedCof-76-1068x601.jpg 1068w, https:\/\/www.grupomedcof.com.br\/blog\/wp-content\/uploads\/2025\/02\/Blog-MedCof-76.jpg 1920w\" sizes=\"auto, (max-width: 1024px) 100vw, 1024px\" \/><\/figure>\n\n\n\n<h2 class=\"wp-block-heading\" id=\"h-dia-mundial-de-combate-ao-cancer\"><span class=\"ez-toc-section\" id=\"Dia_mundial_de_Combate_ao_Cancer\"><\/span><strong>Dia mundial de Combate ao C\u00e2ncer\u00a0<\/strong><span class=\"ez-toc-section-end\"><\/span><\/h2>\n\n\n\n<p>O Instituto Nacional de C\u00e2ncer (INCA) estima que o Brasil ter\u00e1 704 mil novos casos de c\u00e2ncer por ano entre 2023 e 2025. Esses n\u00fameros nos apontam a seriedade e a urg\u00eancia de entender essa condi\u00e7\u00e3o. Por isso, o dia 4 de fevereiro foi escolhido como o Dia Mundial de Combate ao C\u00e2ncer. Ent\u00e3o, vamos entender um pouco do contexto e hist\u00f3rico dessa condi\u00e7\u00e3o.\u00a0\u00a0<\/p>\n\n\n\n<h2 class=\"wp-block-heading\" id=\"h-diferenca-de-neoplasia-e-cancer\"><span class=\"ez-toc-section\" id=\"Diferenca_de_neoplasia_e_cancer\"><\/span><strong>Diferen\u00e7a de neoplasia e c\u00e2ncer\u00a0<\/strong><span class=\"ez-toc-section-end\"><\/span><\/h2>\n\n\n\n<p>Tanto neoplasia quanto c\u00e2ncer s\u00e3o termos relacionados a condi\u00e7\u00f5es m\u00e9dicas que envolvem o crescimento anormal de c\u00e9lulas, mas eles t\u00eam significados distintos. A neoplasia refere-se a qualquer crescimento anormal e descontrolado de c\u00e9lulas. Este crescimento pode ser benigno ou maligno. Os tipos de neoplasia s\u00e3o:&nbsp;<\/p>\n\n\n\n<ul class=\"wp-block-list\">\n<li><strong>Benignas:<\/strong> Geralmente, s\u00e3o neoplasias n\u00e3o cancerosas. Elas crescem lentamente, raramente se espalham para outras partes do corpo e, muitas vezes, podem ser removidas cirurgicamente. Exemplos incluem lipomas e miomas.<\/li>\n\n\n\n<li><strong>Malignas:<\/strong> S\u00e3o capazes de invadir tecidos adjacentes e se espalhar (met\u00e1stase) pelo corpo. Este tipo \u00e9 o que comumente chamamos de c\u00e2ncer.<\/li>\n<\/ul>\n\n\n\n<figure class=\"wp-block-image\"><img decoding=\"async\" src=\"https:\/\/lh7-rt.googleusercontent.com\/docsz\/AD_4nXfeUCf3EhwMRz6lZ4ohH4DMxEfhAkTV1g9S1Y8pb4KhjuAYrSAT0Z-7hkPlremOmrl697wSb7T17bHJRDPMJpUiV1s4hfWRVIdcB6QOKnAPqoe6AVkBRkb-BN18VpV2a-9-u4GpuA?key=j2PiTF4bF3-_hibTFUIb3_9r\" alt=\"\"\/><\/figure>\n\n\n\n<figure class=\"wp-block-image\"><img decoding=\"async\" src=\"https:\/\/lh7-rt.googleusercontent.com\/docsz\/AD_4nXcc2itxj389x4ZHdoFj3zDdMAvxF-ivkFLIMMwm-x5PBRd_qAJso6D00ozk10pIWZ0DKtQCynele_CF2caPiSJ8Q9f661Hefj88SvSkMIxZZKtEE40YITeN3_aOXrQSBnFJgNaI?key=j2PiTF4bF3-_hibTFUIb3_9r\" alt=\"\"\/><figcaption class=\"wp-element-caption\">Fonte: Radiologia Brasileira <a href=\"https:\/\/doi.org\/10.1590\/S0100-39842005000600014\">https:\/\/doi.org\/10.1590\/S0100-39842005000600014<\/a><\/figcaption><\/figure>\n\n\n\n<ul class=\"wp-block-list\">\n<li><strong>Caracter\u00edsticas b\u00e1sicas\u00a0<\/strong>\n<ul class=\"wp-block-list\">\n<li>Crescimento descontrolado.<\/li>\n\n\n\n<li>Altera\u00e7\u00f5es nos mecanismos normais de controle celular<\/li>\n<\/ul>\n<\/li>\n<\/ul>\n\n\n\n<p>Ademais, o c\u00e2ncer se refere especificamente a neoplasias malignas. \u00c9 uma doen\u00e7a na qual c\u00e9lulas <strong>anormais<\/strong> se dividem <strong>incontrolavelmente<\/strong> e podem invadir outros tecidos do corpo.<\/p>\n\n\n\n<figure class=\"wp-block-image\"><img decoding=\"async\" src=\"https:\/\/lh7-rt.googleusercontent.com\/docsz\/AD_4nXd5MN3ointHLFNvMxmbW4620xPVTrTqtH9IZYJn_DF11vmf9eYsIaFk2DO1oDhp6K2_veS-h4WjCN_XQu_8Vtlxe2qf-kluamsnmlK6MqkttCPc7aLTfJoFnI2YS6HpdbG8-Ncz?key=j2PiTF4bF3-_hibTFUIb3_9r\" alt=\"\"\/><figcaption class=\"wp-element-caption\">Fonte: <a href=\"https:\/\/screening.iarc.fr\/atlascyto_detail.php?flag=1&amp;lang=4&amp;Id=cyto6174&amp;cat=F2b\">https:\/\/screening.iarc.fr\/atlascyto_detail.php?flag=1&amp;lang=4&amp;Id=cyto6174&amp;cat=F2b<\/a>\u00a0<\/figcaption><\/figure>\n\n\n\n<ul class=\"wp-block-list\">\n<li><strong>Caracter\u00edsticas b\u00e1sicas\u00a0<\/strong>\n<ul class=\"wp-block-list\">\n<li>Tem potencial de invas\u00e3o e destrui\u00e7\u00e3o de tecidos adjacentes.<\/li>\n\n\n\n<li>Pode metastatizar, ou seja, espalhar-se para partes distantes do corpo atrav\u00e9s do sistema linf\u00e1tico ou sangu\u00edneo.<\/li>\n\n\n\n<li>C\u00e9lulas sem formato regular e\/ou semelhante ao original<\/li>\n<\/ul>\n<\/li>\n<\/ul>\n\n\n\n<p>O c\u00e2ncer tem\u00a0potencial altamente destrutivo, necessitando frequentemente de tratamentos agressivos como cirurgia, quimioterapia e radioterapia. Causas variadas, incluindo fatores gen\u00e9ticos, ambientais, infecciosos e de estilo de vida.<\/p>\n\n\n\n<p>Em resumo, enquanto toda forma de c\u00e2ncer \u00e9 uma neoplasia (maligna), nem toda neoplasia \u00e9 um c\u00e2ncer, pois algumas podem ser benignas e n\u00e3o representar a mesma amea\u00e7a severa.<\/p>\n\n\n\n<h2 class=\"wp-block-heading\" id=\"h-historico-do-cancer\"><span class=\"ez-toc-section\" id=\"Historico_do_cancer\"><\/span><strong>Hist\u00f3rico do c\u00e2ncer\u00a0<\/strong><span class=\"ez-toc-section-end\"><\/span><\/h2>\n\n\n\n<p>Para explorar essa t\u00e3o importante tem\u00e1tica, o autor Siddhartha Mukherjee dedicou-se a escrever o Livro &#8220;O Imperador de Todos os Males: Uma Biografia do C\u00e2ncer&#8221;. O livro, premiado com o Pulitzer em 2011, apresenta o c\u00e2ncer como um &#8220;personagem&#8221; cuja biografia \u00e9 tra\u00e7ada atrav\u00e9s de uma an\u00e1lise abrangente que interliga aspectos m\u00e9dicos, sociais, culturais e pol\u00edticos. Com ele, podemos entender uma gama de assuntos relacionados ao c\u00e2ncer, j\u00e1 que o autor divide essa tem\u00e1tica nos principais pontos:\u00a0<\/p>\n\n\n\n<figure class=\"wp-block-image\"><img decoding=\"async\" src=\"https:\/\/lh7-rt.googleusercontent.com\/docsz\/AD_4nXeeqMlc36PhXviSQftuwZ7JCkoEb6p4kJMEv0E_zWeOpXKoXHOOHms2uj33KQ2MYkuwBmtuRD5ANZJZGH3qURLmIGewX4QJveVWxhIneewuxXGXHxMhKuLbf75tYxnle3mvvsgy?key=j2PiTF4bF3-_hibTFUIb3_9r\" alt=\"\"\/><figcaption class=\"wp-element-caption\">Fonte: <a href=\"https:\/\/images.app.goo.gl\/UeXh7VvfJKQb3rPV7\">https:\/\/images.app.goo.gl\/UeXh7VvfJKQb3rPV7<\/a>\u00a0<br><\/figcaption><\/figure>\n\n\n\n<h3 class=\"wp-block-heading\" id=\"h-antropomorfizacao-do-cancer\"><span class=\"ez-toc-section\" id=\"Antropomorfizacao_do_Cancer\"><\/span><strong>Antropomorfiza\u00e7\u00e3o do C\u00e2ncer<\/strong><span class=\"ez-toc-section-end\"><\/span><\/h3>\n\n\n\n<p>Mukherjee descreve o c\u00e2ncer como uma &#8220;entidade letal&#8221;, destacando sua natureza complexa e mortal. Ele explora o desejo de &#8220;compreender o comportamento&#8221; e &#8220;desmistificar o psiquismo&#8221; da doen\u00e7a.<\/p>\n\n\n\n<h3 class=\"wp-block-heading\" id=\"h-historia-medica-e-odisseia-pessoal\"><span class=\"ez-toc-section\" id=\"Historia_Medica_e_Odisseia_Pessoal\"><\/span><strong>Hist\u00f3ria M\u00e9dica e Odisseia Pessoal<\/strong><span class=\"ez-toc-section-end\"><\/span><\/h3>\n\n\n\n<p>\u00a0O autor, combinando sua experi\u00eancia como oncologista com extensa pesquisa documental, tra\u00e7a a evolu\u00e7\u00e3o do tratamento do c\u00e2ncer, desde a antiguidade at\u00e9 a era moderna. Ele aborda como cirurgia, radioterapia e quimioterapia moldaram o tratamento, al\u00e9m dos desafios e avan\u00e7os.<\/p>\n\n\n\n<h3 class=\"wp-block-heading\" id=\"h-aspectos-culturais-e-sociais\"><span class=\"ez-toc-section\" id=\"Aspectos_Culturais_e_Sociais\"><\/span><strong>Aspectos Culturais e Sociais<\/strong><span class=\"ez-toc-section-end\"><\/span><\/h3>\n\n\n\n<p>Destaca-se a necessidade de uma transforma\u00e7\u00e3o pol\u00edtica e social na percep\u00e7\u00e3o da doen\u00e7a para fomentar avan\u00e7os cient\u00edficos. Mukherjee reflete sobre como o ativismo e campanhas de sensibiliza\u00e7\u00e3o influenciaram a estrat\u00e9gia de combate ao c\u00e2ncer, especialmente nos EUA.<\/p>\n\n\n\n<h3 class=\"wp-block-heading\" id=\"h-desenvolvimento-cientifico-e-avanco\"><span class=\"ez-toc-section\" id=\"Desenvolvimento_Cientifico_e_Avanco\"><\/span><strong>Desenvolvimento Cient\u00edfico e Avan\u00e7o<\/strong><span class=\"ez-toc-section-end\"><\/span><\/h3>\n\n\n\n<p>O autor faz uma narrativa sobre a evolu\u00e7\u00e3o da quimioterapia moderna, especialmente o trabalho de Sidney Farber na leucemia, e as novas terapias moleculares e gen\u00e9ticas. Discute tamb\u00e9m a import\u00e2ncia da preven\u00e7\u00e3o e diagn\u00f3stico precoce.<\/p>\n\n\n\n<h3 class=\"wp-block-heading\" id=\"h-impacto-global-e-desafios-futuro\"><span class=\"ez-toc-section\" id=\"Impacto_Global_e_Desafios_Futuro\"><\/span><strong>Impacto Global e Desafios Futuro<\/strong><span class=\"ez-toc-section-end\"><\/span><\/h3>\n\n\n\n<p>Ao final, apresenta uma vis\u00e3o esperan\u00e7osa mas cr\u00edtica sobre o futuro do tratamento do c\u00e2ncer, destacando os desafios de acesso a tratamentos de ponta devido a altos custos e desigualdades em sa\u00fade.<\/p>\n\n\n\n<p>Com os atuais avan\u00e7os, j\u00e1 podemos imaginar uma a\u00e7\u00e3o diferente da destacada pelo autor. Como bem destacado pela data do memorial, o combate ao c\u00e2ncer se tornou um foco quando falamos de sa\u00fade no Brasil. Como futuros residentes, \u00e9 fundamental que voc\u00eas saibam explicar para os pacientes a import\u00e2ncia de evitar o desenvolvimento dessa condi\u00e7\u00e3o, principalmente aqueles com hist\u00f3rico familiar.\u00a0<\/p>\n\n\n\n<h2 class=\"wp-block-heading\" id=\"h-combate-ao-cancer\"><span class=\"ez-toc-section\" id=\"Combate_ao_Cancer\"><\/span><strong>Combate ao C\u00e2ncer\u00a0<\/strong><span class=\"ez-toc-section-end\"><\/span><\/h2>\n\n\n\n<p>De acordo com o INCA (Instituto Nacional do C\u00e2ncer) a preven\u00e7\u00e3o prim\u00e1ria inclui a promo\u00e7\u00e3o de bons h\u00e1bitos de sa\u00fade, como n\u00e3o fumar, se alimentar de forma saud\u00e1vel,&nbsp; praticar atividades f\u00edsicas e manter o peso no padr\u00e3o ideal. Para mulheres, \u00e9 recomendado tamb\u00e9m a amamenta\u00e7\u00e3o, a realiza\u00e7\u00e3o dos exames de rastreio do colo de \u00fatero e as vacinas do HPV e da Hepatite B.&nbsp; Os homens devem realizar com rotina seus exames de rastreio e seguir as mesmas recomenda\u00e7\u00f5es gerais.&nbsp;<\/p>\n\n\n\n<p>Al\u00e9m disso, a preven\u00e7\u00e3o secund\u00e1ria busca detectar e tratar precocemente as doen\u00e7as pr\u00e9-malignas, como quando h\u00e1 les\u00f5es causadas por HPV ou p\u00f3lipos nas paredes do intestino.&nbsp;<\/p>\n\n\n\n<h2 class=\"wp-block-heading\" id=\"h-conclusao\"><span class=\"ez-toc-section\" id=\"Conclusao\"><\/span><strong>Conclus\u00e3o\u00a0<\/strong><span class=\"ez-toc-section-end\"><\/span><\/h2>\n\n\n\n<p>O c\u00e2ncer, independentemente da sua etiologia, \u00e9 uma s\u00e9ria condi\u00e7\u00e3o de sa\u00fade, que merece muita aten\u00e7\u00e3o no Brasil. Para que alcancemos um melhor controle e manejo da condi\u00e7\u00e3o,o combate deve ser tido como importante meta de sa\u00fade entre n\u00f3s, profissionais de sa\u00fade. Independentemente da resid\u00eancia que voc\u00ea deseja, propagar o enfrentamento e a preven\u00e7\u00e3o entre seus pacientes pode reduzir os malef\u00edcios dessa neoplasia no pa\u00eds. Por isso, mantenha-se sempre atualizado sobre essa tem\u00e1tica e eduque seus pacientes acerca do combate ao c\u00e2ncer!<\/p>\n\n\n\n<figure class=\"wp-block-image size-large\"><a href=\"https:\/\/www.grupomedcof.com.br\/cofletters\/\"><img loading=\"lazy\" decoding=\"async\" width=\"1024\" height=\"366\" src=\"https:\/\/www.grupomedcof.com.br\/blog\/wp-content\/uploads\/2024\/10\/Capa-Eventos-MedCof-Plus-1-1024x366.png\" alt=\"\" class=\"wp-image-30896\" srcset=\"https:\/\/www.grupomedcof.com.br\/blog\/wp-content\/uploads\/2024\/10\/Capa-Eventos-MedCof-Plus-1-1024x366.png 1024w, https:\/\/www.grupomedcof.com.br\/blog\/wp-content\/uploads\/2024\/10\/Capa-Eventos-MedCof-Plus-1-300x107.png 300w, https:\/\/www.grupomedcof.com.br\/blog\/wp-content\/uploads\/2024\/10\/Capa-Eventos-MedCof-Plus-1-768x275.png 768w, https:\/\/www.grupomedcof.com.br\/blog\/wp-content\/uploads\/2024\/10\/Capa-Eventos-MedCof-Plus-1-1536x549.png 1536w, https:\/\/www.grupomedcof.com.br\/blog\/wp-content\/uploads\/2024\/10\/Capa-Eventos-MedCof-Plus-1-2048x732.png 2048w, https:\/\/www.grupomedcof.com.br\/blog\/wp-content\/uploads\/2024\/10\/Capa-Eventos-MedCof-Plus-1-1175x420.png 1175w, https:\/\/www.grupomedcof.com.br\/blog\/wp-content\/uploads\/2024\/10\/Capa-Eventos-MedCof-Plus-1-150x54.png 150w, https:\/\/www.grupomedcof.com.br\/blog\/wp-content\/uploads\/2024\/10\/Capa-Eventos-MedCof-Plus-1-696x249.png 696w, https:\/\/www.grupomedcof.com.br\/blog\/wp-content\/uploads\/2024\/10\/Capa-Eventos-MedCof-Plus-1-1068x382.png 1068w, https:\/\/www.grupomedcof.com.br\/blog\/wp-content\/uploads\/2024\/10\/Capa-Eventos-MedCof-Plus-1-1920x686.png 1920w\" sizes=\"auto, (max-width: 1024px) 100vw, 1024px\" \/><\/a><\/figure>\n\n\n\n<h2 class=\"wp-block-heading\" id=\"seja-um-medcofer\"><span class=\"ez-toc-section\" id=\"Seja_um_MedCofer\"><\/span><strong>Seja um MedCofer!<\/strong><span class=\"ez-toc-section-end\"><\/span><\/h2>\n\n\n\n<p>Quer alcan\u00e7ar a aprova\u00e7\u00e3o nas provas de resid\u00eancia m\u00e9dica? Ent\u00e3o seja um&nbsp;<a href=\"https:\/\/www.grupomedcof.com.br\/home\/\" target=\"_blank\" rel=\"noreferrer noopener\"><strong>MedCoffer<\/strong><\/a>! Aqui te ajudaremos na busca da aprova\u00e7\u00e3o com conte\u00fados de qualidade e uma&nbsp;<a href=\"https:\/\/www.grupomedcof.com.br\/blog\/presenca-da-medcof-nas-aprovacoes-em-residencia-medica-no-brasil\/\" target=\"_blank\" rel=\"noreferrer noopener\"><strong>metodologia que j\u00e1 aprovou mais de 10 mil residentes no pa\u00eds<\/strong><\/a>!&nbsp;Por fim, acesse o nosso<a href=\"https:\/\/www.youtube.com\/@GrupoMedcof\/featured\" target=\"_blank\" rel=\"noreferrer noopener\">&nbsp;<strong>canal do youtube&nbsp;<\/strong><\/a>para ver o nosso material.<\/p>\n\n\n\n<figure class=\"wp-block-embed is-type-video is-provider-youtube wp-block-embed-youtube wp-embed-aspect-16-9 wp-has-aspect-ratio\"><div class=\"wp-block-embed__wrapper\">\n<div class=\"youtube-embed\" data-video_id=\"XHEJ0Z8jIfA\"><iframe loading=\"lazy\" title=\"Aprovado na Resid\u00eancia M\u00e9dica da USP-RP em R+ Endocrinologia e Metabologia\" width=\"696\" height=\"392\" src=\"https:\/\/www.youtube.com\/embed\/XHEJ0Z8jIfA?feature=oembed&#038;enablejsapi=1\" frameborder=\"0\" allow=\"accelerometer; autoplay; clipboard-write; encrypted-media; gyroscope; picture-in-picture; web-share\" referrerpolicy=\"strict-origin-when-cross-origin\" allowfullscreen><\/iframe><\/div>\n<\/div><\/figure>\n","protected":false},"excerpt":{"rendered":"<p>O INCA estima que o Brasil ter\u00e1 704 mil novos casos de c\u00e2ncer por ano entre 2023 e 2025. Entenda mais sobre essa doen\u00e7a!<\/p>\n","protected":false},"author":21,"featured_media":33486,"comment_status":"open","ping_status":"open","sticky":false,"template":"","format":"standard","meta":{"footnotes":""},"categories":[74],"tags":[1525,2555,2557],"ppma_author":[3617],"class_list":{"0":"post-33482","1":"post","2":"type-post","3":"status-publish","4":"format-standard","5":"has-post-thumbnail","7":"category-oncologia","8":"tag-cancer","9":"tag-dia-mundial-do-combate-ao-cancer","10":"tag-historico-do-cancer"},"yoast_head":"<!-- This site is optimized with the Yoast SEO Premium plugin v24.3 (Yoast SEO v27.4) - https:\/\/yoast.com\/product\/yoast-seo-premium-wordpress\/ -->\n<title>Entenda a diferen\u00e7a entre neoplasia e c\u00e2ncer | Medcof<\/title>\n<meta name=\"description\" content=\"O INCA estima que o Brasil ter\u00e1 704 mil novos casos de c\u00e2ncer por ano entre 2023 e 2025. Entenda mais sobre essa doen\u00e7a!\" \/>\n<meta name=\"robots\" content=\"index, follow, max-snippet:-1, max-image-preview:large, max-video-preview:-1\" \/>\n<link rel=\"canonical\" href=\"https:\/\/www.grupomedcof.com.br\/blog\/entenda-a-diferenca-entre-neoplasia-e-cancer\/\" \/>\n<meta property=\"og:locale\" content=\"pt_BR\" \/>\n<meta property=\"og:type\" content=\"article\" \/>\n<meta property=\"og:title\" content=\"Entenda a diferen\u00e7a entre neoplasia e c\u00e2ncer: explorando essa tem\u00e1tica t\u00e3o importante no Brasil\" \/>\n<meta property=\"og:description\" content=\"O INCA estima que o Brasil ter\u00e1 704 mil novos casos de c\u00e2ncer por ano entre 2023 e 2025. Entenda mais sobre essa doen\u00e7a!\" \/>\n<meta property=\"og:url\" content=\"https:\/\/www.grupomedcof.com.br\/blog\/entenda-a-diferenca-entre-neoplasia-e-cancer\/\" \/>\n<meta property=\"og:site_name\" content=\"Blog de Medcof: conte\u00fados, editais, revalida e mais!\" \/>\n<meta property=\"article:publisher\" content=\"https:\/\/www.facebook.com\/MedCofQbank\/\" \/>\n<meta property=\"article:published_time\" content=\"2025-02-06T10:47:47+00:00\" \/>\n<meta property=\"article:modified_time\" content=\"2026-04-24T13:56:07+00:00\" \/>\n<meta property=\"og:image\" content=\"https:\/\/www.grupomedcof.com.br\/blog\/wp-content\/uploads\/2025\/02\/Blog-MedCof-76.jpg\" \/>\n\t<meta property=\"og:image:width\" content=\"1920\" \/>\n\t<meta property=\"og:image:height\" content=\"1080\" \/>\n\t<meta property=\"og:image:type\" content=\"image\/jpeg\" \/>\n<meta name=\"author\" content=\"Kiara Adelino\" \/>\n<meta name=\"twitter:card\" content=\"summary_large_image\" \/>\n<meta name=\"twitter:label1\" content=\"Escrito por\" \/>\n\t<meta name=\"twitter:data1\" content=\"Kiara Adelino\" \/>\n\t<meta name=\"twitter:label2\" content=\"Est. tempo de leitura\" \/>\n\t<meta name=\"twitter:data2\" content=\"7 minutos\" \/>\n<script type=\"application\/ld+json\" class=\"yoast-schema-graph\">{\"@context\":\"https:\\\/\\\/schema.org\",\"@graph\":[{\"@type\":\"Article\",\"@id\":\"https:\\\/\\\/www.grupomedcof.com.br\\\/blog\\\/entenda-a-diferenca-entre-neoplasia-e-cancer\\\/#article\",\"isPartOf\":{\"@id\":\"https:\\\/\\\/www.grupomedcof.com.br\\\/blog\\\/entenda-a-diferenca-entre-neoplasia-e-cancer\\\/\"},\"author\":{\"name\":\"Kiara Adelino\",\"@id\":\"https:\\\/\\\/www.grupomedcof.com.br\\\/blog\\\/#\\\/schema\\\/person\\\/db19a651f86c5fc202d6eee744fd3292\"},\"headline\":\"Entenda a diferen\u00e7a entre neoplasia e c\u00e2ncer: explorando essa tem\u00e1tica t\u00e3o importante no Brasil\",\"datePublished\":\"2025-02-06T10:47:47+00:00\",\"dateModified\":\"2026-04-24T13:56:07+00:00\",\"mainEntityOfPage\":{\"@id\":\"https:\\\/\\\/www.grupomedcof.com.br\\\/blog\\\/entenda-a-diferenca-entre-neoplasia-e-cancer\\\/\"},\"wordCount\":1084,\"commentCount\":0,\"publisher\":{\"@id\":\"https:\\\/\\\/www.grupomedcof.com.br\\\/blog\\\/#organization\"},\"image\":{\"@id\":\"https:\\\/\\\/www.grupomedcof.com.br\\\/blog\\\/entenda-a-diferenca-entre-neoplasia-e-cancer\\\/#primaryimage\"},\"thumbnailUrl\":\"https:\\\/\\\/www.grupomedcof.com.br\\\/blog\\\/wp-content\\\/uploads\\\/2025\\\/02\\\/Blog-MedCof-76.jpg\",\"keywords\":[\"C\u00e2ncer\",\"Dia Mundial do Combate ao C\u00e2ncer\",\"Hist\u00f3rico do C\u00e2ncer\"],\"articleSection\":[\"Oncologia\"],\"inLanguage\":\"pt-BR\"},{\"@type\":\"WebPage\",\"@id\":\"https:\\\/\\\/www.grupomedcof.com.br\\\/blog\\\/entenda-a-diferenca-entre-neoplasia-e-cancer\\\/\",\"url\":\"https:\\\/\\\/www.grupomedcof.com.br\\\/blog\\\/entenda-a-diferenca-entre-neoplasia-e-cancer\\\/\",\"name\":\"Entenda a diferen\u00e7a entre neoplasia e c\u00e2ncer | Medcof\",\"isPartOf\":{\"@id\":\"https:\\\/\\\/www.grupomedcof.com.br\\\/blog\\\/#website\"},\"primaryImageOfPage\":{\"@id\":\"https:\\\/\\\/www.grupomedcof.com.br\\\/blog\\\/entenda-a-diferenca-entre-neoplasia-e-cancer\\\/#primaryimage\"},\"image\":{\"@id\":\"https:\\\/\\\/www.grupomedcof.com.br\\\/blog\\\/entenda-a-diferenca-entre-neoplasia-e-cancer\\\/#primaryimage\"},\"thumbnailUrl\":\"https:\\\/\\\/www.grupomedcof.com.br\\\/blog\\\/wp-content\\\/uploads\\\/2025\\\/02\\\/Blog-MedCof-76.jpg\",\"datePublished\":\"2025-02-06T10:47:47+00:00\",\"dateModified\":\"2026-04-24T13:56:07+00:00\",\"description\":\"O INCA estima que o Brasil ter\u00e1 704 mil novos casos de c\u00e2ncer por ano entre 2023 e 2025. Entenda mais sobre essa doen\u00e7a!\",\"breadcrumb\":{\"@id\":\"https:\\\/\\\/www.grupomedcof.com.br\\\/blog\\\/entenda-a-diferenca-entre-neoplasia-e-cancer\\\/#breadcrumb\"},\"inLanguage\":\"pt-BR\",\"potentialAction\":[{\"@type\":\"ReadAction\",\"target\":[\"https:\\\/\\\/www.grupomedcof.com.br\\\/blog\\\/entenda-a-diferenca-entre-neoplasia-e-cancer\\\/\"]}]},{\"@type\":\"ImageObject\",\"inLanguage\":\"pt-BR\",\"@id\":\"https:\\\/\\\/www.grupomedcof.com.br\\\/blog\\\/entenda-a-diferenca-entre-neoplasia-e-cancer\\\/#primaryimage\",\"url\":\"https:\\\/\\\/www.grupomedcof.com.br\\\/blog\\\/wp-content\\\/uploads\\\/2025\\\/02\\\/Blog-MedCof-76.jpg\",\"contentUrl\":\"https:\\\/\\\/www.grupomedcof.com.br\\\/blog\\\/wp-content\\\/uploads\\\/2025\\\/02\\\/Blog-MedCof-76.jpg\",\"width\":1920,\"height\":1080},{\"@type\":\"BreadcrumbList\",\"@id\":\"https:\\\/\\\/www.grupomedcof.com.br\\\/blog\\\/entenda-a-diferenca-entre-neoplasia-e-cancer\\\/#breadcrumb\",\"itemListElement\":[{\"@type\":\"ListItem\",\"position\":1,\"name\":\"In\u00edcio\",\"item\":\"https:\\\/\\\/www.grupomedcof.com.br\\\/blog\\\/\"},{\"@type\":\"ListItem\",\"position\":2,\"name\":\"Entenda a diferen\u00e7a entre neoplasia e c\u00e2ncer: explorando essa tem\u00e1tica t\u00e3o importante no Brasil\"}]},{\"@type\":\"WebSite\",\"@id\":\"https:\\\/\\\/www.grupomedcof.com.br\\\/blog\\\/#website\",\"url\":\"https:\\\/\\\/www.grupomedcof.com.br\\\/blog\\\/\",\"name\":\"Blog de Medcof: conte\u00fados, editais, revalida e mais!\",\"description\":\"Acesso o blog de MedCof! Seu portal de conte\u00fados sobre resid\u00eancia m\u00e9dica, an\u00e1lise e editais e muito mais. Clique e confira!\",\"publisher\":{\"@id\":\"https:\\\/\\\/www.grupomedcof.com.br\\\/blog\\\/#organization\"},\"alternateName\":\"Blog de Medcof: conte\u00fados, editais, revalida e mais!\",\"potentialAction\":[{\"@type\":\"SearchAction\",\"target\":{\"@type\":\"EntryPoint\",\"urlTemplate\":\"https:\\\/\\\/www.grupomedcof.com.br\\\/blog\\\/?s={search_term_string}\"},\"query-input\":{\"@type\":\"PropertyValueSpecification\",\"valueRequired\":true,\"valueName\":\"search_term_string\"}}],\"inLanguage\":\"pt-BR\"},{\"@type\":\"Organization\",\"@id\":\"https:\\\/\\\/www.grupomedcof.com.br\\\/blog\\\/#organization\",\"name\":\"Grupo MedCof\",\"url\":\"https:\\\/\\\/www.grupomedcof.com.br\\\/blog\\\/\",\"logo\":{\"@type\":\"ImageObject\",\"inLanguage\":\"pt-BR\",\"@id\":\"https:\\\/\\\/www.grupomedcof.com.br\\\/blog\\\/#\\\/schema\\\/logo\\\/image\\\/\",\"url\":\"https:\\\/\\\/www.grupomedcof.com.br\\\/blog\\\/wp-content\\\/uploads\\\/2022\\\/01\\\/logo-medcof.png\",\"contentUrl\":\"https:\\\/\\\/www.grupomedcof.com.br\\\/blog\\\/wp-content\\\/uploads\\\/2022\\\/01\\\/logo-medcof.png\",\"width\":768,\"height\":269,\"caption\":\"Grupo MedCof\"},\"image\":{\"@id\":\"https:\\\/\\\/www.grupomedcof.com.br\\\/blog\\\/#\\\/schema\\\/logo\\\/image\\\/\"},\"sameAs\":[\"https:\\\/\\\/www.facebook.com\\\/MedCofQbank\\\/\",\"https:\\\/\\\/www.instagram.com\\\/grupomedcof\\\/\",\"https:\\\/\\\/br.linkedin.com\\\/company\\\/medcof\",\"https:\\\/\\\/www.youtube.com\\\/channel\\\/UCdHMuOHKICxcHwecxN8P-AA\"]},{\"@type\":\"Person\",\"@id\":\"https:\\\/\\\/www.grupomedcof.com.br\\\/blog\\\/#\\\/schema\\\/person\\\/db19a651f86c5fc202d6eee744fd3292\",\"name\":\"Kiara Adelino\",\"image\":{\"@type\":\"ImageObject\",\"inLanguage\":\"pt-BR\",\"@id\":\"https:\\\/\\\/www.grupomedcof.com.br\\\/blog\\\/wp-content\\\/uploads\\\/2024\\\/08\\\/cropped-Kiara-Adelino2-96x96.jpega85663bdda67261f8f06f86e555e1e49\",\"url\":\"https:\\\/\\\/www.grupomedcof.com.br\\\/blog\\\/wp-content\\\/uploads\\\/2024\\\/08\\\/cropped-Kiara-Adelino2-96x96.jpeg\",\"contentUrl\":\"https:\\\/\\\/www.grupomedcof.com.br\\\/blog\\\/wp-content\\\/uploads\\\/2024\\\/08\\\/cropped-Kiara-Adelino2-96x96.jpeg\",\"caption\":\"Kiara Adelino\"},\"description\":\"Estudante do 5\u00b0 semestre de Medicina. Gosto bastante de aprender coisas novas, principalmente na \u00e1rea de Neurologia e Anatomia humana.\",\"url\":\"https:\\\/\\\/www.grupomedcof.com.br\\\/blog\\\/author\\\/kiara-adelino\\\/\"}]}<\/script>\n<!-- \/ Yoast SEO Premium plugin. -->","yoast_head_json":{"title":"Entenda a diferen\u00e7a entre neoplasia e c\u00e2ncer | Medcof","description":"O INCA estima que o Brasil ter\u00e1 704 mil novos casos de c\u00e2ncer por ano entre 2023 e 2025. Entenda mais sobre essa doen\u00e7a!","robots":{"index":"index","follow":"follow","max-snippet":"max-snippet:-1","max-image-preview":"max-image-preview:large","max-video-preview":"max-video-preview:-1"},"canonical":"https:\/\/www.grupomedcof.com.br\/blog\/entenda-a-diferenca-entre-neoplasia-e-cancer\/","og_locale":"pt_BR","og_type":"article","og_title":"Entenda a diferen\u00e7a entre neoplasia e c\u00e2ncer: explorando essa tem\u00e1tica t\u00e3o importante no Brasil","og_description":"O INCA estima que o Brasil ter\u00e1 704 mil novos casos de c\u00e2ncer por ano entre 2023 e 2025. Entenda mais sobre essa doen\u00e7a!","og_url":"https:\/\/www.grupomedcof.com.br\/blog\/entenda-a-diferenca-entre-neoplasia-e-cancer\/","og_site_name":"Blog de Medcof: conte\u00fados, editais, revalida e mais!","article_publisher":"https:\/\/www.facebook.com\/MedCofQbank\/","article_published_time":"2025-02-06T10:47:47+00:00","article_modified_time":"2026-04-24T13:56:07+00:00","og_image":[{"width":1920,"height":1080,"url":"https:\/\/www.grupomedcof.com.br\/blog\/wp-content\/uploads\/2025\/02\/Blog-MedCof-76.jpg","type":"image\/jpeg"}],"author":"Kiara Adelino","twitter_card":"summary_large_image","twitter_misc":{"Escrito por":"Kiara Adelino","Est. tempo de leitura":"7 minutos"},"schema":{"@context":"https:\/\/schema.org","@graph":[{"@type":"Article","@id":"https:\/\/www.grupomedcof.com.br\/blog\/entenda-a-diferenca-entre-neoplasia-e-cancer\/#article","isPartOf":{"@id":"https:\/\/www.grupomedcof.com.br\/blog\/entenda-a-diferenca-entre-neoplasia-e-cancer\/"},"author":{"name":"Kiara Adelino","@id":"https:\/\/www.grupomedcof.com.br\/blog\/#\/schema\/person\/db19a651f86c5fc202d6eee744fd3292"},"headline":"Entenda a diferen\u00e7a entre neoplasia e c\u00e2ncer: explorando essa tem\u00e1tica t\u00e3o importante no Brasil","datePublished":"2025-02-06T10:47:47+00:00","dateModified":"2026-04-24T13:56:07+00:00","mainEntityOfPage":{"@id":"https:\/\/www.grupomedcof.com.br\/blog\/entenda-a-diferenca-entre-neoplasia-e-cancer\/"},"wordCount":1084,"commentCount":0,"publisher":{"@id":"https:\/\/www.grupomedcof.com.br\/blog\/#organization"},"image":{"@id":"https:\/\/www.grupomedcof.com.br\/blog\/entenda-a-diferenca-entre-neoplasia-e-cancer\/#primaryimage"},"thumbnailUrl":"https:\/\/www.grupomedcof.com.br\/blog\/wp-content\/uploads\/2025\/02\/Blog-MedCof-76.jpg","keywords":["C\u00e2ncer","Dia Mundial do Combate ao C\u00e2ncer","Hist\u00f3rico do C\u00e2ncer"],"articleSection":["Oncologia"],"inLanguage":"pt-BR"},{"@type":"WebPage","@id":"https:\/\/www.grupomedcof.com.br\/blog\/entenda-a-diferenca-entre-neoplasia-e-cancer\/","url":"https:\/\/www.grupomedcof.com.br\/blog\/entenda-a-diferenca-entre-neoplasia-e-cancer\/","name":"Entenda a diferen\u00e7a entre neoplasia e c\u00e2ncer | Medcof","isPartOf":{"@id":"https:\/\/www.grupomedcof.com.br\/blog\/#website"},"primaryImageOfPage":{"@id":"https:\/\/www.grupomedcof.com.br\/blog\/entenda-a-diferenca-entre-neoplasia-e-cancer\/#primaryimage"},"image":{"@id":"https:\/\/www.grupomedcof.com.br\/blog\/entenda-a-diferenca-entre-neoplasia-e-cancer\/#primaryimage"},"thumbnailUrl":"https:\/\/www.grupomedcof.com.br\/blog\/wp-content\/uploads\/2025\/02\/Blog-MedCof-76.jpg","datePublished":"2025-02-06T10:47:47+00:00","dateModified":"2026-04-24T13:56:07+00:00","description":"O INCA estima que o Brasil ter\u00e1 704 mil novos casos de c\u00e2ncer por ano entre 2023 e 2025. Entenda mais sobre essa doen\u00e7a!","breadcrumb":{"@id":"https:\/\/www.grupomedcof.com.br\/blog\/entenda-a-diferenca-entre-neoplasia-e-cancer\/#breadcrumb"},"inLanguage":"pt-BR","potentialAction":[{"@type":"ReadAction","target":["https:\/\/www.grupomedcof.com.br\/blog\/entenda-a-diferenca-entre-neoplasia-e-cancer\/"]}]},{"@type":"ImageObject","inLanguage":"pt-BR","@id":"https:\/\/www.grupomedcof.com.br\/blog\/entenda-a-diferenca-entre-neoplasia-e-cancer\/#primaryimage","url":"https:\/\/www.grupomedcof.com.br\/blog\/wp-content\/uploads\/2025\/02\/Blog-MedCof-76.jpg","contentUrl":"https:\/\/www.grupomedcof.com.br\/blog\/wp-content\/uploads\/2025\/02\/Blog-MedCof-76.jpg","width":1920,"height":1080},{"@type":"BreadcrumbList","@id":"https:\/\/www.grupomedcof.com.br\/blog\/entenda-a-diferenca-entre-neoplasia-e-cancer\/#breadcrumb","itemListElement":[{"@type":"ListItem","position":1,"name":"In\u00edcio","item":"https:\/\/www.grupomedcof.com.br\/blog\/"},{"@type":"ListItem","position":2,"name":"Entenda a diferen\u00e7a entre neoplasia e c\u00e2ncer: explorando essa tem\u00e1tica t\u00e3o importante no Brasil"}]},{"@type":"WebSite","@id":"https:\/\/www.grupomedcof.com.br\/blog\/#website","url":"https:\/\/www.grupomedcof.com.br\/blog\/","name":"Blog de Medcof: conte\u00fados, editais, revalida e mais!","description":"Acesso o blog de MedCof! Seu portal de conte\u00fados sobre resid\u00eancia m\u00e9dica, an\u00e1lise e editais e muito mais. Clique e confira!","publisher":{"@id":"https:\/\/www.grupomedcof.com.br\/blog\/#organization"},"alternateName":"Blog de Medcof: conte\u00fados, editais, revalida e mais!","potentialAction":[{"@type":"SearchAction","target":{"@type":"EntryPoint","urlTemplate":"https:\/\/www.grupomedcof.com.br\/blog\/?s={search_term_string}"},"query-input":{"@type":"PropertyValueSpecification","valueRequired":true,"valueName":"search_term_string"}}],"inLanguage":"pt-BR"},{"@type":"Organization","@id":"https:\/\/www.grupomedcof.com.br\/blog\/#organization","name":"Grupo MedCof","url":"https:\/\/www.grupomedcof.com.br\/blog\/","logo":{"@type":"ImageObject","inLanguage":"pt-BR","@id":"https:\/\/www.grupomedcof.com.br\/blog\/#\/schema\/logo\/image\/","url":"https:\/\/www.grupomedcof.com.br\/blog\/wp-content\/uploads\/2022\/01\/logo-medcof.png","contentUrl":"https:\/\/www.grupomedcof.com.br\/blog\/wp-content\/uploads\/2022\/01\/logo-medcof.png","width":768,"height":269,"caption":"Grupo MedCof"},"image":{"@id":"https:\/\/www.grupomedcof.com.br\/blog\/#\/schema\/logo\/image\/"},"sameAs":["https:\/\/www.facebook.com\/MedCofQbank\/","https:\/\/www.instagram.com\/grupomedcof\/","https:\/\/br.linkedin.com\/company\/medcof","https:\/\/www.youtube.com\/channel\/UCdHMuOHKICxcHwecxN8P-AA"]},{"@type":"Person","@id":"https:\/\/www.grupomedcof.com.br\/blog\/#\/schema\/person\/db19a651f86c5fc202d6eee744fd3292","name":"Kiara Adelino","image":{"@type":"ImageObject","inLanguage":"pt-BR","@id":"https:\/\/www.grupomedcof.com.br\/blog\/wp-content\/uploads\/2024\/08\/cropped-Kiara-Adelino2-96x96.jpega85663bdda67261f8f06f86e555e1e49","url":"https:\/\/www.grupomedcof.com.br\/blog\/wp-content\/uploads\/2024\/08\/cropped-Kiara-Adelino2-96x96.jpeg","contentUrl":"https:\/\/www.grupomedcof.com.br\/blog\/wp-content\/uploads\/2024\/08\/cropped-Kiara-Adelino2-96x96.jpeg","caption":"Kiara Adelino"},"description":"Estudante do 5\u00b0 semestre de Medicina. Gosto bastante de aprender coisas novas, principalmente na \u00e1rea de Neurologia e Anatomia humana.","url":"https:\/\/www.grupomedcof.com.br\/blog\/author\/kiara-adelino\/"}]}},"authors":[{"term_id":3617,"user_id":21,"is_guest":0,"slug":"kiara-adelino","display_name":"Kiara Adelino","avatar_url":"https:\/\/www.grupomedcof.com.br\/blog\/wp-content\/uploads\/2024\/08\/cropped-Kiara-Adelino2-96x96.jpeg","0":null,"1":"","2":"","3":"","4":"","5":"","6":"","7":"","8":""}],"_links":{"self":[{"href":"https:\/\/www.grupomedcof.com.br\/blog\/wp-json\/wp\/v2\/posts\/33482","targetHints":{"allow":["GET"]}}],"collection":[{"href":"https:\/\/www.grupomedcof.com.br\/blog\/wp-json\/wp\/v2\/posts"}],"about":[{"href":"https:\/\/www.grupomedcof.com.br\/blog\/wp-json\/wp\/v2\/types\/post"}],"author":[{"embeddable":true,"href":"https:\/\/www.grupomedcof.com.br\/blog\/wp-json\/wp\/v2\/users\/21"}],"replies":[{"embeddable":true,"href":"https:\/\/www.grupomedcof.com.br\/blog\/wp-json\/wp\/v2\/comments?post=33482"}],"version-history":[{"count":1,"href":"https:\/\/www.grupomedcof.com.br\/blog\/wp-json\/wp\/v2\/posts\/33482\/revisions"}],"predecessor-version":[{"id":43339,"href":"https:\/\/www.grupomedcof.com.br\/blog\/wp-json\/wp\/v2\/posts\/33482\/revisions\/43339"}],"wp:featuredmedia":[{"embeddable":true,"href":"https:\/\/www.grupomedcof.com.br\/blog\/wp-json\/wp\/v2\/media\/33486"}],"wp:attachment":[{"href":"https:\/\/www.grupomedcof.com.br\/blog\/wp-json\/wp\/v2\/media?parent=33482"}],"wp:term":[{"taxonomy":"category","embeddable":true,"href":"https:\/\/www.grupomedcof.com.br\/blog\/wp-json\/wp\/v2\/categories?post=33482"},{"taxonomy":"post_tag","embeddable":true,"href":"https:\/\/www.grupomedcof.com.br\/blog\/wp-json\/wp\/v2\/tags?post=33482"},{"taxonomy":"author","embeddable":true,"href":"https:\/\/www.grupomedcof.com.br\/blog\/wp-json\/wp\/v2\/ppma_author?post=33482"}],"curies":[{"name":"wp","href":"https:\/\/api.w.org\/{rel}","templated":true}]}}