{"id":33490,"date":"2025-02-06T13:39:52","date_gmt":"2025-02-06T16:39:52","guid":{"rendered":"https:\/\/www.grupomedcof.com.br\/blog\/?p=33490"},"modified":"2025-02-06T13:39:53","modified_gmt":"2025-02-06T16:39:53","slug":"titulo-de-especialista-em-patologia","status":"publish","type":"post","link":"https:\/\/www.grupomedcof.com.br\/blog\/titulo-de-especialista-em-patologia\/","title":{"rendered":"T\u00edtulo de Especialista em Patologia: Edital para a prova da SBP 2025"},"content":{"rendered":"<div id=\"ez-toc-container\" class=\"ez-toc-v2_0_74 counter-hierarchy ez-toc-counter ez-toc-transparent ez-toc-container-direction\">\n<div class=\"ez-toc-title-container\">\n<p class=\"ez-toc-title\" style=\"cursor:inherit\">Sum\u00e1rio<\/p>\n<span class=\"ez-toc-title-toggle\"><a href=\"#\" class=\"ez-toc-pull-right ez-toc-btn ez-toc-btn-xs ez-toc-btn-default ez-toc-toggle\" aria-label=\"Alternar tabela de conte\u00fado\"><span class=\"ez-toc-js-icon-con\"><span class=\"\"><span class=\"eztoc-hide\" style=\"display:none;\">Toggle<\/span><span class=\"ez-toc-icon-toggle-span\"><svg style=\"fill: #999;color:#999\" xmlns=\"http:\/\/www.w3.org\/2000\/svg\" class=\"list-377408\" width=\"20px\" height=\"20px\" viewBox=\"0 0 24 24\" fill=\"none\"><path d=\"M6 6H4v2h2V6zm14 0H8v2h12V6zM4 11h2v2H4v-2zm16 0H8v2h12v-2zM4 16h2v2H4v-2zm16 0H8v2h12v-2z\" fill=\"currentColor\"><\/path><\/svg><svg style=\"fill: #999;color:#999\" class=\"arrow-unsorted-368013\" xmlns=\"http:\/\/www.w3.org\/2000\/svg\" width=\"10px\" height=\"10px\" viewBox=\"0 0 24 24\" version=\"1.2\" baseProfile=\"tiny\"><path d=\"M18.2 9.3l-6.2-6.3-6.2 6.3c-.2.2-.3.4-.3.7s.1.5.3.7c.2.2.4.3.7.3h11c.3 0 .5-.1.7-.3.2-.2.3-.5.3-.7s-.1-.5-.3-.7zM5.8 14.7l6.2 6.3 6.2-6.3c.2-.2.3-.5.3-.7s-.1-.5-.3-.7c-.2-.2-.4-.3-.7-.3h-11c-.3 0-.5.1-.7.3-.2.2-.3.5-.3.7s.1.5.3.7z\"\/><\/svg><\/span><\/span><\/span><\/a><\/span><\/div>\n<nav><ul class='ez-toc-list ez-toc-list-level-1 ' ><li class='ez-toc-page-1 ez-toc-heading-level-2'><a class=\"ez-toc-link ez-toc-heading-1\" href=\"https:\/\/www.grupomedcof.com.br\/blog\/titulo-de-especialista-em-patologia\/#O_que_e_a_prova\" >O que \u00e9 a prova?<\/a><\/li><li class='ez-toc-page-1 ez-toc-heading-level-2'><a class=\"ez-toc-link ez-toc-heading-2\" href=\"https:\/\/www.grupomedcof.com.br\/blog\/titulo-de-especialista-em-patologia\/#Informacoes_Edital_SBP_2025\" >Informa\u00e7\u00f5es Edital SBP 2025<\/a><ul class='ez-toc-list-level-3' ><li class='ez-toc-heading-level-3'><a class=\"ez-toc-link ez-toc-heading-3\" href=\"https:\/\/www.grupomedcof.com.br\/blog\/titulo-de-especialista-em-patologia\/#Inscricoes\" >Inscri\u00e7\u00f5es<\/a><\/li><li class='ez-toc-page-1 ez-toc-heading-level-3'><a class=\"ez-toc-link ez-toc-heading-4\" href=\"https:\/\/www.grupomedcof.com.br\/blog\/titulo-de-especialista-em-patologia\/#Prova_teorica\" >Prova te\u00f3rica<\/a><\/li><li class='ez-toc-page-1 ez-toc-heading-level-3'><a class=\"ez-toc-link ez-toc-heading-5\" href=\"https:\/\/www.grupomedcof.com.br\/blog\/titulo-de-especialista-em-patologia\/#Prova_de_microscopia\" >Prova de microscopia<\/a><\/li><li class='ez-toc-page-1 ez-toc-heading-level-3'><a class=\"ez-toc-link ez-toc-heading-6\" href=\"https:\/\/www.grupomedcof.com.br\/blog\/titulo-de-especialista-em-patologia\/#Prova_de_macroscopiaautopsia\" >Prova de macroscopia\/aut\u00f3psia<\/a><\/li><\/ul><\/li><li class='ez-toc-page-1 ez-toc-heading-level-2'><a class=\"ez-toc-link ez-toc-heading-7\" href=\"https:\/\/www.grupomedcof.com.br\/blog\/titulo-de-especialista-em-patologia\/#Criterios_de_aprovacao\" >Crit\u00e9rios de aprova\u00e7\u00e3o<\/a><\/li><li class='ez-toc-page-1 ez-toc-heading-level-2'><a class=\"ez-toc-link ez-toc-heading-8\" href=\"https:\/\/www.grupomedcof.com.br\/blog\/titulo-de-especialista-em-patologia\/#Cronograma_SBP_2025\" >Cronograma SBP 2025<\/a><\/li><li class='ez-toc-page-1 ez-toc-heading-level-2'><a class=\"ez-toc-link ez-toc-heading-9\" href=\"https:\/\/www.grupomedcof.com.br\/blog\/titulo-de-especialista-em-patologia\/#Edital_na_integra\" >Edital na \u00edntegra<\/a><\/li><li class='ez-toc-page-1 ez-toc-heading-level-2'><a class=\"ez-toc-link ez-toc-heading-10\" href=\"https:\/\/www.grupomedcof.com.br\/blog\/titulo-de-especialista-em-patologia\/#Seja_um_MedCofer\" >Seja um MedCofer!<\/a><\/li><\/ul><\/nav><\/div>\n\n<figure class=\"wp-block-image size-large\"><img loading=\"lazy\" decoding=\"async\" width=\"1024\" height=\"576\" src=\"https:\/\/www.grupomedcof.com.br\/blog\/wp-content\/uploads\/2025\/02\/Modelo-instituicoes-64-1024x576.png\" alt=\"\" class=\"wp-image-33500\" srcset=\"https:\/\/www.grupomedcof.com.br\/blog\/wp-content\/uploads\/2025\/02\/Modelo-instituicoes-64-1024x576.png 1024w, https:\/\/www.grupomedcof.com.br\/blog\/wp-content\/uploads\/2025\/02\/Modelo-instituicoes-64-300x169.png 300w, https:\/\/www.grupomedcof.com.br\/blog\/wp-content\/uploads\/2025\/02\/Modelo-instituicoes-64-768x432.png 768w, https:\/\/www.grupomedcof.com.br\/blog\/wp-content\/uploads\/2025\/02\/Modelo-instituicoes-64-1536x864.png 1536w, https:\/\/www.grupomedcof.com.br\/blog\/wp-content\/uploads\/2025\/02\/Modelo-instituicoes-64-747x420.png 747w, https:\/\/www.grupomedcof.com.br\/blog\/wp-content\/uploads\/2025\/02\/Modelo-instituicoes-64-150x84.png 150w, https:\/\/www.grupomedcof.com.br\/blog\/wp-content\/uploads\/2025\/02\/Modelo-instituicoes-64-696x392.png 696w, https:\/\/www.grupomedcof.com.br\/blog\/wp-content\/uploads\/2025\/02\/Modelo-instituicoes-64-1068x601.png 1068w, https:\/\/www.grupomedcof.com.br\/blog\/wp-content\/uploads\/2025\/02\/Modelo-instituicoes-64.png 1920w\" sizes=\"auto, (max-width: 1024px) 100vw, 1024px\" \/><\/figure>\n\n\n\n<p>Foi divulgado, no site oficial da\u00a0<strong>Sociedade Brasileira de Patologia (SBP)<\/strong>, o edital para a prova de t\u00edtulo de\u00a0<strong>Especialista em Patologia<\/strong>\u00a0de 2025. Confira as principais informa\u00e7\u00f5es.<\/p>\n\n\n\n<h2 class=\"wp-block-heading\" id=\"h-o-que-e-a-prova\"><span class=\"ez-toc-section\" id=\"O_que_e_a_prova\"><\/span><strong>O que \u00e9 a prova?<\/strong><span class=\"ez-toc-section-end\"><\/span><\/h2>\n\n\n\n<p>A obten\u00e7\u00e3o do <strong>T\u00edtulo de Especialista em Patologia<\/strong>, concedido pela <strong>Sociedade Brasileira de Patologia (SBP)<\/strong> e reconhecido pela <strong>Associa\u00e7\u00e3o M\u00e9dica Brasileira (AMB)<\/strong>, \u00e9 essencial para m\u00e9dicos que desejam se destacar na \u00e1rea.<\/p>\n\n\n\n<h2 class=\"wp-block-heading\" id=\"h-informacoes-edital-sbp-2025\"><span class=\"ez-toc-section\" id=\"Informacoes_Edital_SBP_2025\"><\/span><strong>Informa\u00e7\u00f5es Edital SBP 2025<\/strong><span class=\"ez-toc-section-end\"><\/span><\/h2>\n\n\n\n<p>As inscri\u00e7\u00f5es acontecerem no per\u00edodo de <strong>06 de janeiro de 2025 a 06 de fevereiro de 2025<\/strong>, al\u00e9m disso, o processo seletivo conta com <strong>tr\u00eas fases avaliativas<\/strong>.<\/p>\n\n\n\n<h3 class=\"wp-block-heading\" id=\"h-inscricoes\"><span class=\"ez-toc-section\" id=\"Inscricoes\"><\/span><strong>Inscri\u00e7\u00f5es<\/strong><span class=\"ez-toc-section-end\"><\/span><\/h3>\n\n\n\n<p>As inscri\u00e7\u00f5es aconteceram no per\u00edodo de <strong>06 de janeiro a 06 de fevereiro de 2025<\/strong>. Elas foram realizadas no <strong><a href=\"https:\/\/www.sbp.org.br\/titulo-de-especialista\/informacoes-para-o-concurso\/\">site oficial da SBP<\/a><\/strong> e, para serem deferidas, foi necess\u00e1rio realizar o pagamento da taxa, a qual foi estabelecida no valor de <strong>R$ 2.790,00<\/strong>.<\/p>\n\n\n\n<h3 class=\"wp-block-heading\" id=\"h-prova-teorica\"><span class=\"ez-toc-section\" id=\"Prova_teorica\"><\/span><strong>Prova te\u00f3rica<\/strong><span class=\"ez-toc-section-end\"><\/span><\/h3>\n\n\n\n<p>Com sua realiza\u00e7\u00e3o prevista para o dia <strong>22 de fevereiro de 2025<\/strong>, a prova contar\u00e1 com <strong>50 quest\u00f5es de m\u00faltipla escolha<\/strong>, tem <strong>10 pontos como seu valor total<\/strong> e abranger\u00e1 os seguintes conte\u00fados: Patologia Geral, Patologia Especial, Patologia Cir\u00fargica, Patologia Molecular e Citopatologia.<\/p>\n\n\n\n<h3 class=\"wp-block-heading\" id=\"h-prova-de-microscopia\"><span class=\"ez-toc-section\" id=\"Prova_de_microscopia\"><\/span><strong>Prova de microscopia<\/strong><span class=\"ez-toc-section-end\"><\/span><\/h3>\n\n\n\n<p>Prevista para acontecer tamb\u00e9m no dia <strong>22 de fevereiro de 2025<\/strong>, a prova de microscopia contar\u00e1 com uma <strong>an\u00e1lise de l\u00e2minas histol\u00f3gicas e citol\u00f3gicas<\/strong>, al\u00e9m de incluir <strong>colora\u00e7\u00f5es especiais e exames de imuno-histoqu\u00edmica<\/strong>. Al\u00e9m disso, ela tamb\u00e9m possui <strong>10 pontos de valor total<\/strong>.<\/p>\n\n\n\n<h3 class=\"wp-block-heading\" id=\"h-prova-de-macroscopia-autopsia\"><span class=\"ez-toc-section\" id=\"Prova_de_macroscopiaautopsia\"><\/span><strong>Prova de macroscopia\/aut\u00f3psia<\/strong><span class=\"ez-toc-section-end\"><\/span><\/h3>\n\n\n\n<p>A terceira e \u00faltima prova tamb\u00e9m acontecer\u00e1 no dia <strong>22 de fevereiro de 2025<\/strong> e tamb\u00e9m possui <strong>valor total de 10 pontos<\/strong>. Ela ser\u00e1 composta por <strong>imagens de macroscopia de pe\u00e7as de patologia cir\u00fargica e\/ou necr\u00f3psias<\/strong>. As quest\u00f5es poder\u00e3o ser no formato de m\u00faltipla escolha ou discursivas. Poder\u00e3o ser inclu\u00eddas imagens microsc\u00f3picas relevantes para cada caso.<\/p>\n\n\n\n<h2 class=\"wp-block-heading\" id=\"h-criterios-de-aprovacao\"><span class=\"ez-toc-section\" id=\"Criterios_de_aprovacao\"><\/span><strong>Crit\u00e9rios de aprova\u00e7\u00e3o<\/strong><span class=\"ez-toc-section-end\"><\/span><\/h2>\n\n\n\n<p>Para ser aprovado, o candidato deve obter:<\/p>\n\n\n\n<p>\u2022 Nota igual ou superior a 7,0 em cada prova, ou<br>\u2022 M\u00e9dia ponderada final de 7,0 considerando todas as provas.<\/p>\n\n\n\n<p>Caso a pontua\u00e7\u00e3o n\u00e3o atinja esses crit\u00e9rios, o candidato ser\u00e1 reprovado.<\/p>\n\n\n\n<h2 class=\"wp-block-heading\" id=\"h-cronograma-sbp-2025\"><span class=\"ez-toc-section\" id=\"Cronograma_SBP_2025\"><\/span><strong>Cronograma SBP 2025<\/strong><span class=\"ez-toc-section-end\"><\/span><\/h2>\n\n\n\n<figure class=\"wp-block-table\"><table class=\"has-fixed-layout\"><tbody><tr><td>Inscri\u00e7\u00f5es<\/td><td>06\/01 a 06\/02\/2025<\/td><\/tr><tr><td>Data limite para anexar documenta\u00e7\u00e3o em exig\u00eancia ap\u00f3s an\u00e1lise<\/td><td>06\/02\/2025<\/td><\/tr><tr><td>Aplica\u00e7\u00e3o das etapas da prova<\/td><td>22\/02\/2025<\/td><\/tr><tr><td>Entrega da c\u00f3pia do caderno de quest\u00f5es<\/td><td>22\/02\/2025<\/td><\/tr><tr><td>Gabarito &#8211; Espelho de corre\u00e7\u00e3o das provas<\/td><td>24\/02\/2025<\/td><\/tr><tr><td>Resultado final<\/td><td>08\/04\/2025<\/td><\/tr><tr><td>Data limite para encaminhar recurso(s) do gabarito<\/td><td>23\/04\/2025<\/td><\/tr><tr><td>Resultado do recurso(s) do gabarito<\/td><td>30\/04\/2025<\/td><\/tr><\/tbody><\/table><\/figure>\n\n\n\n<h2 class=\"wp-block-heading\" id=\"h-edital-na-integra\"><span class=\"ez-toc-section\" id=\"Edital_na_integra\"><\/span><strong>Edital na \u00edntegra<\/strong><span class=\"ez-toc-section-end\"><\/span><\/h2>\n\n\n\n<div data-wp-interactive=\"core\/file\" class=\"wp-block-file\"><object data-wp-bind--hidden=\"!state.hasPdfPreview\" hidden class=\"wp-block-file__embed\" data=\"https:\/\/www.grupomedcof.com.br\/blog\/wp-content\/uploads\/2025\/02\/Edital-2025-Titulo-de-especialista.pdf\" type=\"application\/pdf\" style=\"width:100%;height:600px\" aria-label=\"Incorporado de Edital SBP 2025.\"><\/object><a id=\"wp-block-file--media-3f5d1bee-5943-474a-a23a-3cd6315526f9\" href=\"https:\/\/www.grupomedcof.com.br\/blog\/wp-content\/uploads\/2025\/02\/Edital-2025-Titulo-de-especialista.pdf\">Edital SBP 2025<\/a><a href=\"https:\/\/www.grupomedcof.com.br\/blog\/wp-content\/uploads\/2025\/02\/Edital-2025-Titulo-de-especialista.pdf\" class=\"wp-block-file__button wp-element-button\" download aria-describedby=\"wp-block-file--media-3f5d1bee-5943-474a-a23a-3cd6315526f9\">Baixar<\/a><\/div>\n\n\n\n<h2 class=\"wp-block-heading\" id=\"seja-um-medcofer\"><span class=\"ez-toc-section\" id=\"Seja_um_MedCofer\"><\/span><strong>Seja um MedCofer!<\/strong><span class=\"ez-toc-section-end\"><\/span><\/h2>\n\n\n\n<p>Quer alcan\u00e7ar a aprova\u00e7\u00e3o nas provas de resid\u00eancia m\u00e9dica? Ent\u00e3o seja um&nbsp;<a href=\"https:\/\/www.grupomedcof.com.br\/home\/\" target=\"_blank\" rel=\"noreferrer noopener\"><strong>MedCoffer<\/strong><\/a>! Aqui te ajudaremos na busca da aprova\u00e7\u00e3o com conte\u00fados de qualidade e uma&nbsp;<a href=\"https:\/\/www.grupomedcof.com.br\/blog\/presenca-da-medcof-nas-aprovacoes-em-residencia-medica-no-brasil\/\" target=\"_blank\" rel=\"noreferrer noopener\"><strong>metodologia que j\u00e1 aprovou mais de 10 mil residentes no pa\u00eds<\/strong><\/a>!&nbsp;Por fim, acesse o nosso<a href=\"https:\/\/www.youtube.com\/@GrupoMedcof\/featured\" target=\"_blank\" rel=\"noreferrer noopener\">&nbsp;<strong>canal do youtube&nbsp;<\/strong><\/a>para ver o nosso material.<\/p>\n\n\n\n<figure class=\"wp-block-embed is-type-video is-provider-youtube wp-block-embed-youtube wp-embed-aspect-16-9 wp-has-aspect-ratio\"><div class=\"wp-block-embed__wrapper\">\n<div class=\"youtube-embed\" data-video_id=\"\"><iframe loading=\"lazy\" title=\"C\u00f3digo da Aprova\u00e7\u00e3o: Dossi\u00ea dos aprovados com os co-fundadores do Grupo MedCof\" width=\"696\" height=\"392\" src=\"https:\/\/www.youtube.com\/embed\/ah66tjT-Oew?feature=oembed&#038;enablejsapi=1\" frameborder=\"0\" allow=\"accelerometer; autoplay; clipboard-write; encrypted-media; gyroscope; picture-in-picture; web-share\" referrerpolicy=\"strict-origin-when-cross-origin\" allowfullscreen><\/iframe><\/div>\n<\/div><\/figure>\n","protected":false},"excerpt":{"rendered":"<p>Foi divulgado, no site oficial da\u00a0Sociedade Brasileira de Patologia (SBP), o edital para a prova de t\u00edtulo de\u00a0Especialista em Patologia\u00a0de 2025. Confira as principais informa\u00e7\u00f5es.<\/p>\n","protected":false},"author":23,"featured_media":33500,"comment_status":"open","ping_status":"open","sticky":false,"template":"","format":"standard","meta":{"footnotes":""},"categories":[1409],"tags":[2407,1964,2552],"ppma_author":[3618],"class_list":{"0":"post-33490","1":"post","2":"type-post","3":"status-publish","4":"format-standard","5":"has-post-thumbnail","7":"category-prova-de-titulo","8":"tag-patologia","9":"tag-prova-de-titulo","10":"tag-prova-de-titulo-de-especialista"},"yoast_head":"<!-- This site is optimized with the Yoast SEO Premium plugin v24.3 (Yoast SEO v27.4) - https:\/\/yoast.com\/product\/yoast-seo-premium-wordpress\/ -->\n<title>T\u00edtulo de Especialista em Patologia: Edital para a prova da SBP 2025 - Blog de Medcof: conte\u00fados, editais, revalida e mais!<\/title>\n<meta name=\"description\" content=\"Foi divulgado, no site oficial da\u00a0Sociedade Brasileira de Patologia (SBP), o edital para a prova de t\u00edtulo de\u00a0Especialista em Patologia\u00a0de 2025. Confira!\" \/>\n<meta name=\"robots\" content=\"index, follow, max-snippet:-1, max-image-preview:large, max-video-preview:-1\" \/>\n<link rel=\"canonical\" href=\"https:\/\/www.grupomedcof.com.br\/blog\/titulo-de-especialista-em-patologia\/\" \/>\n<meta property=\"og:locale\" content=\"pt_BR\" \/>\n<meta property=\"og:type\" content=\"article\" \/>\n<meta property=\"og:title\" content=\"T\u00edtulo de Especialista em Patologia: Edital para a prova da SBP 2025\" \/>\n<meta property=\"og:description\" content=\"Foi divulgado, no site oficial da\u00a0Sociedade Brasileira de Patologia (SBP), o edital para a prova de t\u00edtulo de\u00a0Especialista em Patologia\u00a0de 2025. Confira!\" \/>\n<meta property=\"og:url\" content=\"https:\/\/www.grupomedcof.com.br\/blog\/titulo-de-especialista-em-patologia\/\" \/>\n<meta property=\"og:site_name\" content=\"Blog de Medcof: conte\u00fados, editais, revalida e mais!\" \/>\n<meta property=\"article:publisher\" content=\"https:\/\/www.facebook.com\/MedCofQbank\/\" \/>\n<meta property=\"article:published_time\" content=\"2025-02-06T16:39:52+00:00\" \/>\n<meta property=\"article:modified_time\" content=\"2025-02-06T16:39:53+00:00\" \/>\n<meta property=\"og:image\" content=\"https:\/\/www.grupomedcof.com.br\/blog\/wp-content\/uploads\/2025\/02\/Modelo-instituicoes-64.png\" \/>\n\t<meta property=\"og:image:width\" content=\"1920\" \/>\n\t<meta property=\"og:image:height\" content=\"1080\" \/>\n\t<meta property=\"og:image:type\" content=\"image\/png\" \/>\n<meta name=\"author\" content=\"Lu\u00edsa Porto\" \/>\n<meta name=\"twitter:card\" content=\"summary_large_image\" \/>\n<meta name=\"twitter:label1\" content=\"Escrito por\" \/>\n\t<meta name=\"twitter:data1\" content=\"Lu\u00edsa Porto\" \/>\n\t<meta name=\"twitter:label2\" content=\"Est. tempo de leitura\" \/>\n\t<meta name=\"twitter:data2\" content=\"3 minutos\" \/>\n<script type=\"application\/ld+json\" class=\"yoast-schema-graph\">{\"@context\":\"https:\\\/\\\/schema.org\",\"@graph\":[{\"@type\":\"Article\",\"@id\":\"https:\\\/\\\/www.grupomedcof.com.br\\\/blog\\\/titulo-de-especialista-em-patologia\\\/#article\",\"isPartOf\":{\"@id\":\"https:\\\/\\\/www.grupomedcof.com.br\\\/blog\\\/titulo-de-especialista-em-patologia\\\/\"},\"author\":{\"name\":\"Lu\u00edsa Porto\",\"@id\":\"https:\\\/\\\/www.grupomedcof.com.br\\\/blog\\\/#\\\/schema\\\/person\\\/d755ffce500bd0766bbf0e4e6572518f\"},\"headline\":\"T\u00edtulo de Especialista em Patologia: Edital para a prova da SBP 2025\",\"datePublished\":\"2025-02-06T16:39:52+00:00\",\"dateModified\":\"2025-02-06T16:39:53+00:00\",\"mainEntityOfPage\":{\"@id\":\"https:\\\/\\\/www.grupomedcof.com.br\\\/blog\\\/titulo-de-especialista-em-patologia\\\/\"},\"wordCount\":510,\"commentCount\":0,\"publisher\":{\"@id\":\"https:\\\/\\\/www.grupomedcof.com.br\\\/blog\\\/#organization\"},\"image\":{\"@id\":\"https:\\\/\\\/www.grupomedcof.com.br\\\/blog\\\/titulo-de-especialista-em-patologia\\\/#primaryimage\"},\"thumbnailUrl\":\"https:\\\/\\\/www.grupomedcof.com.br\\\/blog\\\/wp-content\\\/uploads\\\/2025\\\/02\\\/Modelo-instituicoes-64.png\",\"keywords\":[\"Patologia\",\"Prova de T\u00edtulo\",\"Prova de T\u00edtulo de Especialista\"],\"articleSection\":[\"Prova de T\u00edtulo: dicas e informa\u00e7\u00f5es confi\u00e1veis e atualizadas\"],\"inLanguage\":\"pt-BR\"},{\"@type\":\"WebPage\",\"@id\":\"https:\\\/\\\/www.grupomedcof.com.br\\\/blog\\\/titulo-de-especialista-em-patologia\\\/\",\"url\":\"https:\\\/\\\/www.grupomedcof.com.br\\\/blog\\\/titulo-de-especialista-em-patologia\\\/\",\"name\":\"T\u00edtulo de Especialista em Patologia: Edital para a prova da SBP 2025 - Blog de Medcof: conte\u00fados, editais, revalida e mais!\",\"isPartOf\":{\"@id\":\"https:\\\/\\\/www.grupomedcof.com.br\\\/blog\\\/#website\"},\"primaryImageOfPage\":{\"@id\":\"https:\\\/\\\/www.grupomedcof.com.br\\\/blog\\\/titulo-de-especialista-em-patologia\\\/#primaryimage\"},\"image\":{\"@id\":\"https:\\\/\\\/www.grupomedcof.com.br\\\/blog\\\/titulo-de-especialista-em-patologia\\\/#primaryimage\"},\"thumbnailUrl\":\"https:\\\/\\\/www.grupomedcof.com.br\\\/blog\\\/wp-content\\\/uploads\\\/2025\\\/02\\\/Modelo-instituicoes-64.png\",\"datePublished\":\"2025-02-06T16:39:52+00:00\",\"dateModified\":\"2025-02-06T16:39:53+00:00\",\"description\":\"Foi divulgado, no site oficial da\u00a0Sociedade Brasileira de Patologia (SBP), o edital para a prova de t\u00edtulo de\u00a0Especialista em Patologia\u00a0de 2025. Confira!\",\"breadcrumb\":{\"@id\":\"https:\\\/\\\/www.grupomedcof.com.br\\\/blog\\\/titulo-de-especialista-em-patologia\\\/#breadcrumb\"},\"inLanguage\":\"pt-BR\",\"potentialAction\":[{\"@type\":\"ReadAction\",\"target\":[\"https:\\\/\\\/www.grupomedcof.com.br\\\/blog\\\/titulo-de-especialista-em-patologia\\\/\"]}]},{\"@type\":\"ImageObject\",\"inLanguage\":\"pt-BR\",\"@id\":\"https:\\\/\\\/www.grupomedcof.com.br\\\/blog\\\/titulo-de-especialista-em-patologia\\\/#primaryimage\",\"url\":\"https:\\\/\\\/www.grupomedcof.com.br\\\/blog\\\/wp-content\\\/uploads\\\/2025\\\/02\\\/Modelo-instituicoes-64.png\",\"contentUrl\":\"https:\\\/\\\/www.grupomedcof.com.br\\\/blog\\\/wp-content\\\/uploads\\\/2025\\\/02\\\/Modelo-instituicoes-64.png\",\"width\":1920,\"height\":1080},{\"@type\":\"BreadcrumbList\",\"@id\":\"https:\\\/\\\/www.grupomedcof.com.br\\\/blog\\\/titulo-de-especialista-em-patologia\\\/#breadcrumb\",\"itemListElement\":[{\"@type\":\"ListItem\",\"position\":1,\"name\":\"In\u00edcio\",\"item\":\"https:\\\/\\\/www.grupomedcof.com.br\\\/blog\\\/\"},{\"@type\":\"ListItem\",\"position\":2,\"name\":\"T\u00edtulo de Especialista em Patologia: Edital para a prova da SBP 2025\"}]},{\"@type\":\"WebSite\",\"@id\":\"https:\\\/\\\/www.grupomedcof.com.br\\\/blog\\\/#website\",\"url\":\"https:\\\/\\\/www.grupomedcof.com.br\\\/blog\\\/\",\"name\":\"Blog de Medcof: conte\u00fados, editais, revalida e mais!\",\"description\":\"Acesso o blog de MedCof! Seu portal de conte\u00fados sobre resid\u00eancia m\u00e9dica, an\u00e1lise e editais e muito mais. Clique e confira!\",\"publisher\":{\"@id\":\"https:\\\/\\\/www.grupomedcof.com.br\\\/blog\\\/#organization\"},\"alternateName\":\"Blog de Medcof: conte\u00fados, editais, revalida e mais!\",\"potentialAction\":[{\"@type\":\"SearchAction\",\"target\":{\"@type\":\"EntryPoint\",\"urlTemplate\":\"https:\\\/\\\/www.grupomedcof.com.br\\\/blog\\\/?s={search_term_string}\"},\"query-input\":{\"@type\":\"PropertyValueSpecification\",\"valueRequired\":true,\"valueName\":\"search_term_string\"}}],\"inLanguage\":\"pt-BR\"},{\"@type\":\"Organization\",\"@id\":\"https:\\\/\\\/www.grupomedcof.com.br\\\/blog\\\/#organization\",\"name\":\"Grupo MedCof\",\"url\":\"https:\\\/\\\/www.grupomedcof.com.br\\\/blog\\\/\",\"logo\":{\"@type\":\"ImageObject\",\"inLanguage\":\"pt-BR\",\"@id\":\"https:\\\/\\\/www.grupomedcof.com.br\\\/blog\\\/#\\\/schema\\\/logo\\\/image\\\/\",\"url\":\"https:\\\/\\\/www.grupomedcof.com.br\\\/blog\\\/wp-content\\\/uploads\\\/2022\\\/01\\\/logo-medcof.png\",\"contentUrl\":\"https:\\\/\\\/www.grupomedcof.com.br\\\/blog\\\/wp-content\\\/uploads\\\/2022\\\/01\\\/logo-medcof.png\",\"width\":768,\"height\":269,\"caption\":\"Grupo MedCof\"},\"image\":{\"@id\":\"https:\\\/\\\/www.grupomedcof.com.br\\\/blog\\\/#\\\/schema\\\/logo\\\/image\\\/\"},\"sameAs\":[\"https:\\\/\\\/www.facebook.com\\\/MedCofQbank\\\/\",\"https:\\\/\\\/www.instagram.com\\\/grupomedcof\\\/\",\"https:\\\/\\\/br.linkedin.com\\\/company\\\/medcof\",\"https:\\\/\\\/www.youtube.com\\\/channel\\\/UCdHMuOHKICxcHwecxN8P-AA\"]},{\"@type\":\"Person\",\"@id\":\"https:\\\/\\\/www.grupomedcof.com.br\\\/blog\\\/#\\\/schema\\\/person\\\/d755ffce500bd0766bbf0e4e6572518f\",\"name\":\"Lu\u00edsa Porto\",\"image\":{\"@type\":\"ImageObject\",\"inLanguage\":\"pt-BR\",\"@id\":\"https:\\\/\\\/www.grupomedcof.com.br\\\/blog\\\/wp-content\\\/uploads\\\/2025\\\/05\\\/cropped-WhatsApp-Image-2025-05-05-at-19.22.15-96x96.jpegd989589e3fd3e4fb9efe9268a95bbcc4\",\"url\":\"https:\\\/\\\/www.grupomedcof.com.br\\\/blog\\\/wp-content\\\/uploads\\\/2025\\\/05\\\/cropped-WhatsApp-Image-2025-05-05-at-19.22.15-96x96.jpeg\",\"contentUrl\":\"https:\\\/\\\/www.grupomedcof.com.br\\\/blog\\\/wp-content\\\/uploads\\\/2025\\\/05\\\/cropped-WhatsApp-Image-2025-05-05-at-19.22.15-96x96.jpeg\",\"caption\":\"Lu\u00edsa Porto\"},\"description\":\"Estudante de Jornalismo do 6\u00ba semestre, encantada pela \u00e1rea da comunica\u00e7\u00e3o e f\u00e3 de automobilismo\",\"url\":\"https:\\\/\\\/www.grupomedcof.com.br\\\/blog\\\/author\\\/porto\\\/\"}]}<\/script>\n<!-- \/ Yoast SEO Premium plugin. -->","yoast_head_json":{"title":"T\u00edtulo de Especialista em Patologia: Edital para a prova da SBP 2025 - Blog de Medcof: conte\u00fados, editais, revalida e mais!","description":"Foi divulgado, no site oficial da\u00a0Sociedade Brasileira de Patologia (SBP), o edital para a prova de t\u00edtulo de\u00a0Especialista em Patologia\u00a0de 2025. Confira!","robots":{"index":"index","follow":"follow","max-snippet":"max-snippet:-1","max-image-preview":"max-image-preview:large","max-video-preview":"max-video-preview:-1"},"canonical":"https:\/\/www.grupomedcof.com.br\/blog\/titulo-de-especialista-em-patologia\/","og_locale":"pt_BR","og_type":"article","og_title":"T\u00edtulo de Especialista em Patologia: Edital para a prova da SBP 2025","og_description":"Foi divulgado, no site oficial da\u00a0Sociedade Brasileira de Patologia (SBP), o edital para a prova de t\u00edtulo de\u00a0Especialista em Patologia\u00a0de 2025. Confira!","og_url":"https:\/\/www.grupomedcof.com.br\/blog\/titulo-de-especialista-em-patologia\/","og_site_name":"Blog de Medcof: conte\u00fados, editais, revalida e mais!","article_publisher":"https:\/\/www.facebook.com\/MedCofQbank\/","article_published_time":"2025-02-06T16:39:52+00:00","article_modified_time":"2025-02-06T16:39:53+00:00","og_image":[{"width":1920,"height":1080,"url":"https:\/\/www.grupomedcof.com.br\/blog\/wp-content\/uploads\/2025\/02\/Modelo-instituicoes-64.png","type":"image\/png"}],"author":"Lu\u00edsa Porto","twitter_card":"summary_large_image","twitter_misc":{"Escrito por":"Lu\u00edsa Porto","Est. tempo de leitura":"3 minutos"},"schema":{"@context":"https:\/\/schema.org","@graph":[{"@type":"Article","@id":"https:\/\/www.grupomedcof.com.br\/blog\/titulo-de-especialista-em-patologia\/#article","isPartOf":{"@id":"https:\/\/www.grupomedcof.com.br\/blog\/titulo-de-especialista-em-patologia\/"},"author":{"name":"Lu\u00edsa Porto","@id":"https:\/\/www.grupomedcof.com.br\/blog\/#\/schema\/person\/d755ffce500bd0766bbf0e4e6572518f"},"headline":"T\u00edtulo de Especialista em Patologia: Edital para a prova da SBP 2025","datePublished":"2025-02-06T16:39:52+00:00","dateModified":"2025-02-06T16:39:53+00:00","mainEntityOfPage":{"@id":"https:\/\/www.grupomedcof.com.br\/blog\/titulo-de-especialista-em-patologia\/"},"wordCount":510,"commentCount":0,"publisher":{"@id":"https:\/\/www.grupomedcof.com.br\/blog\/#organization"},"image":{"@id":"https:\/\/www.grupomedcof.com.br\/blog\/titulo-de-especialista-em-patologia\/#primaryimage"},"thumbnailUrl":"https:\/\/www.grupomedcof.com.br\/blog\/wp-content\/uploads\/2025\/02\/Modelo-instituicoes-64.png","keywords":["Patologia","Prova de T\u00edtulo","Prova de T\u00edtulo de Especialista"],"articleSection":["Prova de T\u00edtulo: dicas e informa\u00e7\u00f5es confi\u00e1veis e atualizadas"],"inLanguage":"pt-BR"},{"@type":"WebPage","@id":"https:\/\/www.grupomedcof.com.br\/blog\/titulo-de-especialista-em-patologia\/","url":"https:\/\/www.grupomedcof.com.br\/blog\/titulo-de-especialista-em-patologia\/","name":"T\u00edtulo de Especialista em Patologia: Edital para a prova da SBP 2025 - Blog de Medcof: conte\u00fados, editais, revalida e mais!","isPartOf":{"@id":"https:\/\/www.grupomedcof.com.br\/blog\/#website"},"primaryImageOfPage":{"@id":"https:\/\/www.grupomedcof.com.br\/blog\/titulo-de-especialista-em-patologia\/#primaryimage"},"image":{"@id":"https:\/\/www.grupomedcof.com.br\/blog\/titulo-de-especialista-em-patologia\/#primaryimage"},"thumbnailUrl":"https:\/\/www.grupomedcof.com.br\/blog\/wp-content\/uploads\/2025\/02\/Modelo-instituicoes-64.png","datePublished":"2025-02-06T16:39:52+00:00","dateModified":"2025-02-06T16:39:53+00:00","description":"Foi divulgado, no site oficial da\u00a0Sociedade Brasileira de Patologia (SBP), o edital para a prova de t\u00edtulo de\u00a0Especialista em Patologia\u00a0de 2025. Confira!","breadcrumb":{"@id":"https:\/\/www.grupomedcof.com.br\/blog\/titulo-de-especialista-em-patologia\/#breadcrumb"},"inLanguage":"pt-BR","potentialAction":[{"@type":"ReadAction","target":["https:\/\/www.grupomedcof.com.br\/blog\/titulo-de-especialista-em-patologia\/"]}]},{"@type":"ImageObject","inLanguage":"pt-BR","@id":"https:\/\/www.grupomedcof.com.br\/blog\/titulo-de-especialista-em-patologia\/#primaryimage","url":"https:\/\/www.grupomedcof.com.br\/blog\/wp-content\/uploads\/2025\/02\/Modelo-instituicoes-64.png","contentUrl":"https:\/\/www.grupomedcof.com.br\/blog\/wp-content\/uploads\/2025\/02\/Modelo-instituicoes-64.png","width":1920,"height":1080},{"@type":"BreadcrumbList","@id":"https:\/\/www.grupomedcof.com.br\/blog\/titulo-de-especialista-em-patologia\/#breadcrumb","itemListElement":[{"@type":"ListItem","position":1,"name":"In\u00edcio","item":"https:\/\/www.grupomedcof.com.br\/blog\/"},{"@type":"ListItem","position":2,"name":"T\u00edtulo de Especialista em Patologia: Edital para a prova da SBP 2025"}]},{"@type":"WebSite","@id":"https:\/\/www.grupomedcof.com.br\/blog\/#website","url":"https:\/\/www.grupomedcof.com.br\/blog\/","name":"Blog de Medcof: conte\u00fados, editais, revalida e mais!","description":"Acesso o blog de MedCof! Seu portal de conte\u00fados sobre resid\u00eancia m\u00e9dica, an\u00e1lise e editais e muito mais. Clique e confira!","publisher":{"@id":"https:\/\/www.grupomedcof.com.br\/blog\/#organization"},"alternateName":"Blog de Medcof: conte\u00fados, editais, revalida e mais!","potentialAction":[{"@type":"SearchAction","target":{"@type":"EntryPoint","urlTemplate":"https:\/\/www.grupomedcof.com.br\/blog\/?s={search_term_string}"},"query-input":{"@type":"PropertyValueSpecification","valueRequired":true,"valueName":"search_term_string"}}],"inLanguage":"pt-BR"},{"@type":"Organization","@id":"https:\/\/www.grupomedcof.com.br\/blog\/#organization","name":"Grupo MedCof","url":"https:\/\/www.grupomedcof.com.br\/blog\/","logo":{"@type":"ImageObject","inLanguage":"pt-BR","@id":"https:\/\/www.grupomedcof.com.br\/blog\/#\/schema\/logo\/image\/","url":"https:\/\/www.grupomedcof.com.br\/blog\/wp-content\/uploads\/2022\/01\/logo-medcof.png","contentUrl":"https:\/\/www.grupomedcof.com.br\/blog\/wp-content\/uploads\/2022\/01\/logo-medcof.png","width":768,"height":269,"caption":"Grupo MedCof"},"image":{"@id":"https:\/\/www.grupomedcof.com.br\/blog\/#\/schema\/logo\/image\/"},"sameAs":["https:\/\/www.facebook.com\/MedCofQbank\/","https:\/\/www.instagram.com\/grupomedcof\/","https:\/\/br.linkedin.com\/company\/medcof","https:\/\/www.youtube.com\/channel\/UCdHMuOHKICxcHwecxN8P-AA"]},{"@type":"Person","@id":"https:\/\/www.grupomedcof.com.br\/blog\/#\/schema\/person\/d755ffce500bd0766bbf0e4e6572518f","name":"Lu\u00edsa Porto","image":{"@type":"ImageObject","inLanguage":"pt-BR","@id":"https:\/\/www.grupomedcof.com.br\/blog\/wp-content\/uploads\/2025\/05\/cropped-WhatsApp-Image-2025-05-05-at-19.22.15-96x96.jpegd989589e3fd3e4fb9efe9268a95bbcc4","url":"https:\/\/www.grupomedcof.com.br\/blog\/wp-content\/uploads\/2025\/05\/cropped-WhatsApp-Image-2025-05-05-at-19.22.15-96x96.jpeg","contentUrl":"https:\/\/www.grupomedcof.com.br\/blog\/wp-content\/uploads\/2025\/05\/cropped-WhatsApp-Image-2025-05-05-at-19.22.15-96x96.jpeg","caption":"Lu\u00edsa Porto"},"description":"Estudante de Jornalismo do 6\u00ba semestre, encantada pela \u00e1rea da comunica\u00e7\u00e3o e f\u00e3 de automobilismo","url":"https:\/\/www.grupomedcof.com.br\/blog\/author\/porto\/"}]}},"authors":[{"term_id":3618,"user_id":23,"is_guest":0,"slug":"porto","display_name":"Lu\u00edsa Porto","avatar_url":"https:\/\/www.grupomedcof.com.br\/blog\/wp-content\/uploads\/2025\/05\/cropped-WhatsApp-Image-2025-05-05-at-19.22.15-96x96.jpeg","0":null,"1":"","2":"","3":"","4":"","5":"","6":"","7":"","8":""}],"_links":{"self":[{"href":"https:\/\/www.grupomedcof.com.br\/blog\/wp-json\/wp\/v2\/posts\/33490","targetHints":{"allow":["GET"]}}],"collection":[{"href":"https:\/\/www.grupomedcof.com.br\/blog\/wp-json\/wp\/v2\/posts"}],"about":[{"href":"https:\/\/www.grupomedcof.com.br\/blog\/wp-json\/wp\/v2\/types\/post"}],"author":[{"embeddable":true,"href":"https:\/\/www.grupomedcof.com.br\/blog\/wp-json\/wp\/v2\/users\/23"}],"replies":[{"embeddable":true,"href":"https:\/\/www.grupomedcof.com.br\/blog\/wp-json\/wp\/v2\/comments?post=33490"}],"version-history":[{"count":0,"href":"https:\/\/www.grupomedcof.com.br\/blog\/wp-json\/wp\/v2\/posts\/33490\/revisions"}],"wp:featuredmedia":[{"embeddable":true,"href":"https:\/\/www.grupomedcof.com.br\/blog\/wp-json\/wp\/v2\/media\/33500"}],"wp:attachment":[{"href":"https:\/\/www.grupomedcof.com.br\/blog\/wp-json\/wp\/v2\/media?parent=33490"}],"wp:term":[{"taxonomy":"category","embeddable":true,"href":"https:\/\/www.grupomedcof.com.br\/blog\/wp-json\/wp\/v2\/categories?post=33490"},{"taxonomy":"post_tag","embeddable":true,"href":"https:\/\/www.grupomedcof.com.br\/blog\/wp-json\/wp\/v2\/tags?post=33490"},{"taxonomy":"author","embeddable":true,"href":"https:\/\/www.grupomedcof.com.br\/blog\/wp-json\/wp\/v2\/ppma_author?post=33490"}],"curies":[{"name":"wp","href":"https:\/\/api.w.org\/{rel}","templated":true}]}}