{"id":33509,"date":"2025-11-26T16:54:59","date_gmt":"2025-11-26T19:54:59","guid":{"rendered":"https:\/\/www.grupomedcof.com.br\/blog\/?p=33509"},"modified":"2026-02-05T15:47:29","modified_gmt":"2026-02-05T18:47:29","slug":"gabarito-sus-ba","status":"publish","type":"post","link":"https:\/\/www.grupomedcof.com.br\/blog\/gabarito-sus-ba\/","title":{"rendered":"SUS-BA 2026: gabarito preliminar divulgado!"},"content":{"rendered":"<div id=\"ez-toc-container\" class=\"ez-toc-v2_0_74 counter-hierarchy ez-toc-counter ez-toc-transparent ez-toc-container-direction\">\n<div class=\"ez-toc-title-container\">\n<p class=\"ez-toc-title\" style=\"cursor:inherit\">Sum\u00e1rio<\/p>\n<span class=\"ez-toc-title-toggle\"><a href=\"#\" class=\"ez-toc-pull-right ez-toc-btn ez-toc-btn-xs ez-toc-btn-default ez-toc-toggle\" aria-label=\"Alternar tabela de conte\u00fado\"><span class=\"ez-toc-js-icon-con\"><span class=\"\"><span class=\"eztoc-hide\" style=\"display:none;\">Toggle<\/span><span class=\"ez-toc-icon-toggle-span\"><svg style=\"fill: #999;color:#999\" xmlns=\"http:\/\/www.w3.org\/2000\/svg\" class=\"list-377408\" width=\"20px\" height=\"20px\" viewBox=\"0 0 24 24\" fill=\"none\"><path d=\"M6 6H4v2h2V6zm14 0H8v2h12V6zM4 11h2v2H4v-2zm16 0H8v2h12v-2zM4 16h2v2H4v-2zm16 0H8v2h12v-2z\" fill=\"currentColor\"><\/path><\/svg><svg style=\"fill: #999;color:#999\" class=\"arrow-unsorted-368013\" xmlns=\"http:\/\/www.w3.org\/2000\/svg\" width=\"10px\" height=\"10px\" viewBox=\"0 0 24 24\" version=\"1.2\" baseProfile=\"tiny\"><path d=\"M18.2 9.3l-6.2-6.3-6.2 6.3c-.2.2-.3.4-.3.7s.1.5.3.7c.2.2.4.3.7.3h11c.3 0 .5-.1.7-.3.2-.2.3-.5.3-.7s-.1-.5-.3-.7zM5.8 14.7l6.2 6.3 6.2-6.3c.2-.2.3-.5.3-.7s-.1-.5-.3-.7c-.2-.2-.4-.3-.7-.3h-11c-.3 0-.5.1-.7.3-.2.2-.3.5-.3.7s.1.5.3.7z\"\/><\/svg><\/span><\/span><\/span><\/a><\/span><\/div>\n<nav><ul class='ez-toc-list ez-toc-list-level-1 ' ><li class='ez-toc-page-1 ez-toc-heading-level-2'><a class=\"ez-toc-link ez-toc-heading-1\" href=\"https:\/\/www.grupomedcof.com.br\/blog\/gabarito-sus-ba\/#Gabarito_Preliminar_SUS-BA_2026\" >Gabarito Preliminar SUS-BA 2026<\/a><ul class='ez-toc-list-level-3' ><li class='ez-toc-heading-level-3'><a class=\"ez-toc-link ez-toc-heading-2\" href=\"https:\/\/www.grupomedcof.com.br\/blog\/gabarito-sus-ba\/#Acesso_Direto\" >Acesso Direto<\/a><\/li><li class='ez-toc-page-1 ez-toc-heading-level-3'><a class=\"ez-toc-link ez-toc-heading-3\" href=\"https:\/\/www.grupomedcof.com.br\/blog\/gabarito-sus-ba\/#Especialidades_Cirurgicas\" >Especialidades Cir\u00fargicas<\/a><\/li><\/ul><\/li><li class='ez-toc-page-1 ez-toc-heading-level-2'><a class=\"ez-toc-link ez-toc-heading-4\" href=\"https:\/\/www.grupomedcof.com.br\/blog\/gabarito-sus-ba\/#Correcao_da_prova_SUS-BA_2026\" >Corre\u00e7\u00e3o da prova SUS-BA 2026<\/a><\/li><li class='ez-toc-page-1 ez-toc-heading-level-2'><a class=\"ez-toc-link ez-toc-heading-5\" href=\"https:\/\/www.grupomedcof.com.br\/blog\/gabarito-sus-ba\/#O_que_e_o_SUS-BA\" >O que \u00e9 o SUS-BA?<\/a><\/li><li class='ez-toc-page-1 ez-toc-heading-level-2'><a class=\"ez-toc-link ez-toc-heading-6\" href=\"https:\/\/www.grupomedcof.com.br\/blog\/gabarito-sus-ba\/#Cronograma_SUS-BA_20252026\" >Cronograma SUS-BA 2025\/2026<\/a><\/li><li class='ez-toc-page-1 ez-toc-heading-level-2'><a class=\"ez-toc-link ez-toc-heading-7\" href=\"https:\/\/www.grupomedcof.com.br\/blog\/gabarito-sus-ba\/#Seja_um_MedCofer\" >Seja um MedCofer!<\/a><\/li><\/ul><\/nav><\/div>\n\n<figure class=\"wp-block-image\"><img loading=\"lazy\" decoding=\"async\" width=\"1024\" height=\"576\" src=\"https:\/\/www.grupomedcof.com.br\/blog\/wp-content\/uploads\/2025\/02\/Modelo-instituicoes-13-1024x576.jpg\" alt=\"gabarito sus bahia 2026\" class=\"wp-image-39508\" srcset=\"https:\/\/www.grupomedcof.com.br\/blog\/wp-content\/uploads\/2025\/02\/Modelo-instituicoes-13-1024x576.jpg 1024w, https:\/\/www.grupomedcof.com.br\/blog\/wp-content\/uploads\/2025\/02\/Modelo-instituicoes-13-300x169.jpg 300w, https:\/\/www.grupomedcof.com.br\/blog\/wp-content\/uploads\/2025\/02\/Modelo-instituicoes-13-768x432.jpg 768w, https:\/\/www.grupomedcof.com.br\/blog\/wp-content\/uploads\/2025\/02\/Modelo-instituicoes-13-1536x864.jpg 1536w, https:\/\/www.grupomedcof.com.br\/blog\/wp-content\/uploads\/2025\/02\/Modelo-instituicoes-13-747x420.jpg 747w, https:\/\/www.grupomedcof.com.br\/blog\/wp-content\/uploads\/2025\/02\/Modelo-instituicoes-13-150x84.jpg 150w, https:\/\/www.grupomedcof.com.br\/blog\/wp-content\/uploads\/2025\/02\/Modelo-instituicoes-13-696x392.jpg 696w, https:\/\/www.grupomedcof.com.br\/blog\/wp-content\/uploads\/2025\/02\/Modelo-instituicoes-13-1068x601.jpg 1068w, https:\/\/www.grupomedcof.com.br\/blog\/wp-content\/uploads\/2025\/02\/Modelo-instituicoes-13.jpg 1920w\" sizes=\"auto, (max-width: 1024px) 100vw, 1024px\" \/><\/figure>\n\n\n\n<p>A prova do <strong>Processo Seletivo Unificado da Bahia (PSU-BA<\/strong>)&nbsp;aconteceu no dia <strong>23 de novembro de 2025<\/strong>.<\/p>\n\n\n\n<p>Confira o <strong>gabarito preliminar, <\/strong>a live de corre\u00e7\u00e3o e mais informa\u00e7\u00f5es sobre o exame<strong>&nbsp;SUS-BA 2026<\/strong>.<\/p>\n\n\n\n<h2 class=\"wp-block-heading\" id=\"h-gabarito-preliminar-sus-ba-2026\"><span class=\"ez-toc-section\" id=\"Gabarito_Preliminar_SUS-BA_2026\"><\/span><strong>Gabarito Preliminar SUS-BA 2026<\/strong><span class=\"ez-toc-section-end\"><\/span><\/h2>\n\n\n\n<h3 class=\"wp-block-heading\" id=\"h-acesso-direto\"><span class=\"ez-toc-section\" id=\"Acesso_Direto\"><\/span><strong>Acesso Direto<\/strong><span class=\"ez-toc-section-end\"><\/span><\/h3>\n\n\n\n<figure class=\"wp-block-table\"><table class=\"has-fixed-layout\"><tbody><tr><td>1- B<\/td><td>16- B<\/td><td>31- A <\/td><\/tr><tr><td>2- B<\/td><td>17- D<\/td><td>32- B<\/td><\/tr><tr><td>3- D<\/td><td>18- C<\/td><td>33- D<\/td><\/tr><tr><td>4- A<\/td><td>19- A<\/td><td>34- C<\/td><\/tr><tr><td>5- C<\/td><td>20- C<\/td><td>35- D<\/td><\/tr><tr><td>6- D<\/td><td>21- D<\/td><td>36- C<\/td><\/tr><tr><td>7- A<\/td><td>22- B<\/td><td>37- B<\/td><\/tr><tr><td>8- D<\/td><td>23- A<\/td><td>38- A<\/td><\/tr><tr><td>9- A<\/td><td>24- C<\/td><td>39- C<\/td><\/tr><tr><td>10- C<\/td><td>25- B<\/td><td>40- D<\/td><\/tr><tr><td>11- A<\/td><td>26- C<\/td><td>41- A<\/td><\/tr><tr><td>12- D<\/td><td>27- B<\/td><td>42- D<\/td><\/tr><tr><td>13- A<\/td><td>28- D<\/td><td>43- B<\/td><\/tr><tr><td>14- D<\/td><td>29- A<\/td><td>44- A<\/td><\/tr><tr><td>15-B<\/td><td>30- C<\/td><td>45- C<\/td><\/tr><\/tbody><\/table><\/figure>\n\n\n\n<h3 class=\"wp-block-heading\" id=\"h-especialidades-cirurgicas\"><span class=\"ez-toc-section\" id=\"Especialidades_Cirurgicas\"><\/span><strong>Especialidades<\/strong> <strong>Cir\u00fargicas<\/strong><span class=\"ez-toc-section-end\"><\/span><\/h3>\n\n\n\n<div class=\"wp-block-buttons is-layout-flex wp-block-buttons-is-layout-flex\">\n<div class=\"wp-block-button\"><a class=\"wp-block-button__link wp-element-button\" href=\"https:\/\/strixeducacao.com.br\/wp-content\/uploads\/2025\/11\/ESPCIALIDADES_GAB_PRELIMINAR_2026.1.pdf\">Confira aqui!<\/a><\/div>\n<\/div>\n\n\n\n<figure class=\"wp-block-image size-large\"><a href=\"https:\/\/www.grupomedcof.com.br\/cofletters\/\"><img loading=\"lazy\" decoding=\"async\" width=\"1024\" height=\"366\" src=\"https:\/\/www.grupomedcof.com.br\/blog\/wp-content\/uploads\/2024\/10\/Capa-Eventos-MedCof-Plus-1-1024x366.png\" alt=\"\" class=\"wp-image-30896\" srcset=\"https:\/\/www.grupomedcof.com.br\/blog\/wp-content\/uploads\/2024\/10\/Capa-Eventos-MedCof-Plus-1-1024x366.png 1024w, https:\/\/www.grupomedcof.com.br\/blog\/wp-content\/uploads\/2024\/10\/Capa-Eventos-MedCof-Plus-1-300x107.png 300w, https:\/\/www.grupomedcof.com.br\/blog\/wp-content\/uploads\/2024\/10\/Capa-Eventos-MedCof-Plus-1-768x275.png 768w, https:\/\/www.grupomedcof.com.br\/blog\/wp-content\/uploads\/2024\/10\/Capa-Eventos-MedCof-Plus-1-1536x549.png 1536w, https:\/\/www.grupomedcof.com.br\/blog\/wp-content\/uploads\/2024\/10\/Capa-Eventos-MedCof-Plus-1-2048x732.png 2048w, https:\/\/www.grupomedcof.com.br\/blog\/wp-content\/uploads\/2024\/10\/Capa-Eventos-MedCof-Plus-1-1175x420.png 1175w, https:\/\/www.grupomedcof.com.br\/blog\/wp-content\/uploads\/2024\/10\/Capa-Eventos-MedCof-Plus-1-150x54.png 150w, https:\/\/www.grupomedcof.com.br\/blog\/wp-content\/uploads\/2024\/10\/Capa-Eventos-MedCof-Plus-1-696x249.png 696w, https:\/\/www.grupomedcof.com.br\/blog\/wp-content\/uploads\/2024\/10\/Capa-Eventos-MedCof-Plus-1-1068x382.png 1068w, https:\/\/www.grupomedcof.com.br\/blog\/wp-content\/uploads\/2024\/10\/Capa-Eventos-MedCof-Plus-1-1920x686.png 1920w\" sizes=\"auto, (max-width: 1024px) 100vw, 1024px\" \/><\/a><\/figure>\n\n\n\n<h2 class=\"wp-block-heading\" id=\"h-correcao-da-prova-sus-ba-2026\"><span class=\"ez-toc-section\" id=\"Correcao_da_prova_SUS-BA_2026\"><\/span><strong>Corre\u00e7\u00e3o da prova<\/strong> <strong>SUS-BA 2026<\/strong><span class=\"ez-toc-section-end\"><\/span><\/h2>\n\n\n\n<p>Como sempre, o <strong>Grupo MedCof<\/strong> esteve ao seu lado nessa reta final.&nbsp;Ap\u00f3s a prova, nossa equipe realizou uma <strong>live de corre\u00e7\u00e3o comentada<\/strong>, com <strong>resolu\u00e7\u00f5es detalhadas, an\u00e1lises estrat\u00e9gicas e os pontos de aten\u00e7\u00e3o mais importantes<\/strong>.<strong> <\/strong><\/p>\n\n\n\n<figure class=\"wp-block-embed is-type-video is-provider-youtube wp-block-embed-youtube wp-embed-aspect-16-9 wp-has-aspect-ratio\"><div class=\"wp-block-embed__wrapper\">\n<div class=\"youtube-embed\" data-video_id=\"c3OCeqWCDpU\"><iframe loading=\"lazy\" title=\"GABARITO SUS-BA R+ Ginecologia Obstetr\u00edcia | Resid\u00eancia M\u00e9dica 2026 \u2013 Corre\u00e7\u00e3o da Prova SUS-BA R+ GO\" width=\"696\" height=\"392\" src=\"https:\/\/www.youtube.com\/embed\/c3OCeqWCDpU?feature=oembed&#038;enablejsapi=1\" frameborder=\"0\" allow=\"accelerometer; autoplay; clipboard-write; encrypted-media; gyroscope; picture-in-picture; web-share\" referrerpolicy=\"strict-origin-when-cross-origin\" allowfullscreen><\/iframe><\/div>\n<\/div><\/figure>\n\n\n\n<h2 class=\"wp-block-heading\"><span class=\"ez-toc-section\" id=\"O_que_e_o_SUS-BA\"><\/span><strong>O que \u00e9 o SUS-BA?<\/strong><span class=\"ez-toc-section-end\"><\/span><\/h2>\n\n\n\n<p>A Comiss\u00e3o Estadual de Resid\u00eancia M\u00e9dica da Bahia \u00e9 a respons\u00e1vel pela organiza\u00e7\u00e3o do&nbsp;<strong>Processo Seletivo Unificado do Sistema \u00danico de Sa\u00fade do Estado da Bahia,&nbsp;<\/strong>o<strong>&nbsp;SUS-BA,&nbsp;&nbsp;<\/strong>proporcionando ao m\u00e9dico a possibilidade de concorrer a todos os programas no Estado da especialidade pretendida e confere maior transpar\u00eancia \u00e0 sele\u00e7\u00e3o.<\/p>\n\n\n\n<h2 class=\"wp-block-heading\" id=\"h-cronograma-sus-ba-2025-2026\"><span class=\"ez-toc-section\" id=\"Cronograma_SUS-BA_20252026\"><\/span><strong>Cronograma SUS-BA 2025\/2026<\/strong><span class=\"ez-toc-section-end\"><\/span><\/h2>\n\n\n\n<figure class=\"wp-block-table\"><table class=\"has-fixed-layout\"><tbody><tr><td>Publica\u00e7\u00e3o do Edital Resumido<\/td><td>02\/10\/2025<\/td><\/tr><tr><td>Realiza\u00e7\u00e3o das inscri\u00e7\u00f5es<\/td><td>17\/10 a 17\/11\/2025<\/td><\/tr><tr><td>Solicita\u00e7\u00e3o de isen\u00e7\u00e3o do pagamento da taxa de inscri\u00e7\u00e3o<\/td><td>17\/10 a 22\/10\/2025<\/td><\/tr><tr><td>Publica\u00e7\u00e3o do Edital<\/td><td>17\/10\/2025<\/td><\/tr><tr><td>Interposi\u00e7\u00e3o de recurso sobre o indeferimento da isen\u00e7\u00e3o de pagamento da taxa de inscri\u00e7\u00e3o<\/td><td>22\/10 a 23\/10\/2025<\/td><\/tr><tr><td>Divulga\u00e7\u00e3o da Rela\u00e7\u00e3o Preliminar de candidatos isentos do pagamento da taxa de inscri\u00e7\u00e3o<\/td><td>22\/10\/2025<\/td><\/tr><tr><td>Divulga\u00e7\u00e3o da Rela\u00e7\u00e3o Definitiva de candidatos isentos do pagamento da taxa de inscri\u00e7\u00e3o<\/td><td>24\/10\/2025<\/td><\/tr><tr><td>\u00daltimo dia de inscri\u00e7\u00e3o<\/td><td>17\/11\/2025<\/td><\/tr><tr><td>\u00daltimo dia para envio de qualquer documento\/arquivo atrav\u00e9s da \u00c1rea do Candidato<\/td><td>17\/11\/2025<\/td><\/tr><tr><td>Prazo para recurso contra aus\u00eancia na Rela\u00e7\u00e3o preliminar de inscri\u00e7\u00f5es homologadas\/cidade de prova<\/td><td>18\/11 a 19\/11\/2025<\/td><\/tr><tr><td>Divulga\u00e7\u00e3o da Rela\u00e7\u00e3o preliminar de inscri\u00e7\u00f5es homologadas e cidade de realiza\u00e7\u00e3o da prova<\/td><td>18\/11\/2025<\/td><\/tr><tr><td>Divulga\u00e7\u00e3o da Rela\u00e7\u00e3o definitiva inscri\u00e7\u00f5es homologadas e cidade de realiza\u00e7\u00e3o da prova<\/td><td>19\/11\/2025<\/td><\/tr><tr><td>Divulga\u00e7\u00e3o dos locais de Prova<\/td><td>19\/11\/2025<\/td><\/tr><tr><td>Aplica\u00e7\u00e3o das Provas<\/td><td>23\/11\/2025<\/td><\/tr><tr><td>Consulta \u00e0 lista de candidatos aptos \u00e0 bonifica\u00e7\u00e3o (MEC)<\/td><td>25\/11\/2025<\/td><\/tr><tr><td>Prazo para recurso contra aus\u00eancia na Rela\u00e7\u00e3o Preliminar de bonifica\u00e7\u00e3o PROVAB\/AB<\/td><td>26\/11 e 27\/11\/2025<\/td><\/tr><tr><td>Prazo para recurso sobre a aus\u00eancia na Rela\u00e7\u00e3o Preliminar dos candidatos com direito \u00e0 bonifica\u00e7\u00e3o \u2013 PRMFC<\/td><td>26\/11 e 27\/11\/2025<\/td><\/tr><tr><td>Interposi\u00e7\u00e3o de recurso contra os Padr\u00f5es de Respostas\/Gabaritos Preliminares<\/td><td>26\/11 e 27\/11\/2025<\/td><\/tr><tr><td>Divulga\u00e7\u00e3o da Rela\u00e7\u00e3o Preliminar de Candidatos Aptos \u00e0 bonifica\u00e7\u00e3o PROVAB\/AB<\/td><td>26\/11\/2025<\/td><\/tr><tr><td>Divulga\u00e7\u00e3o da Rela\u00e7\u00e3o Preliminar dos candidatos com direito \u00e0 bonifica\u00e7\u00e3o \u2013 PRMFC<\/td><td>26\/11\/2025<\/td><\/tr><tr><td>Divulga\u00e7\u00e3o dos Padr\u00f5es de Respostas\/Gabaritos Preliminares<\/td><td>26\/11\/2025<\/td><\/tr><tr><td>Divulga\u00e7\u00e3o da Rela\u00e7\u00e3o Definitiva de bonifica\u00e7\u00e3o PROVAB\/AB<\/td><td>01\/12\/2025<\/td><\/tr><tr><td>Divulga\u00e7\u00e3o da Rela\u00e7\u00e3o Definitiva de candidatos com direito \u00e0 bonifica\u00e7\u00e3o \u2013 PRMFC<\/td><td>01\/12\/2025<\/td><\/tr><tr><td>Interposi\u00e7\u00e3o de recurso PcD<\/td><td>14\/01 e 15\/01\/2026<\/td><\/tr><tr><td>Divulga\u00e7\u00e3o Rela\u00e7\u00e3o Preliminar PcD<\/td><td>14\/01\/2026<\/td><\/tr><tr><td>Divulga\u00e7\u00e3o da Rela\u00e7\u00e3o de candidatos PN (avalia\u00e7\u00e3o eletr\u00f4nica)<\/td><td>14\/01\/2026<\/td><\/tr><tr><td>Convoca\u00e7\u00e3o PN para Entrevista Telepresencial<\/td><td>14\/01\/2026<\/td><\/tr><tr><td>Realiza\u00e7\u00e3o de Entrevista Telepresencial PN<\/td><td>18\/01\/2026<\/td><\/tr><tr><td>Interposi\u00e7\u00e3o de recurso PN<\/td><td>20\/01 e 21\/01\/2026<\/td><\/tr><tr><td>Divulga\u00e7\u00e3o da Rela\u00e7\u00e3o Preliminar PN<\/td><td>20\/01\/2026<\/td><\/tr><tr><td>Divulga\u00e7\u00e3o da Rela\u00e7\u00e3o Definitiva PcD<\/td><td>27\/01\/2026<\/td><\/tr><tr><td>Divulga\u00e7\u00e3o da Rela\u00e7\u00e3o Definitiva PN<\/td><td>27\/01\/2026<\/td><\/tr><tr><td>Interposi\u00e7\u00e3o de recurso das notas das Provas<\/td><td>28\/01 e 29\/01\/2026<\/td><\/tr><tr><td>Publica\u00e7\u00e3o dos Gabaritos Definitivos<\/td><td>28\/01\/2026<\/td><\/tr><tr><td>Divulga\u00e7\u00e3o das notas dos candidatos<\/td><td>28\/01\/2026<\/td><\/tr><tr><td>Divulga\u00e7\u00e3o do Edital e Cronograma de Matr\u00edcula<\/td><td>30\/01\/2026<\/td><\/tr><tr><td>1\u00ba Per\u00edodo de Confirma\u00e7\u00e3o de Interesse<\/td><td>02\/02 e 03\/02\/2026<\/td><\/tr><tr><td>Publica\u00e7\u00e3o da Rela\u00e7\u00e3o dos Candidatos que precisam confirmar interesse \u2013 1\u00ba Per\u00edodo<\/td><td>02\/02\/2026<\/td><\/tr><tr><td>Prazo de Recurso Confirma\u00e7\u00e3o de Interesse \u2013 1\u00ba Per\u00edodo<\/td><td>04 e 05\/02\/2026<\/td><\/tr><tr><td>Rela\u00e7\u00e3o Preliminar Confirma\u00e7\u00e3o de Interesse \u2013 1\u00ba Per\u00edodo<\/td><td>04\/02\/2026<\/td><\/tr><tr><td>Rela\u00e7\u00e3o Definitiva Confirma\u00e7\u00e3o de Interesse \u2013 1\u00ba Per\u00edodo<\/td><td>06\/02\/2026<\/td><\/tr><tr><td>Resultados dos recursos das notas das Provas<\/td><td>10\/02\/2026<\/td><\/tr><tr><td>Divulga\u00e7\u00e3o da Classifica\u00e7\u00e3o Final<\/td><td>10\/02\/2026<\/td><\/tr><tr><td>Consulta individualizada de desempenho<\/td><td>10\/02\/2026<\/td><\/tr><tr><td>1\u00aa Convoca\u00e7\u00e3o para Matr\u00edcula<\/td><td>10\/02\/2026<\/td><\/tr><tr><td>Matr\u00edcula For\u00e7as Armadas<\/td><td>11\/02\/2026<\/td><\/tr><tr><td>Matr\u00edcula em 1\u00aa Convoca\u00e7\u00e3o<\/td><td>20 e 22\/02\/2026<\/td><\/tr><tr><td>2\u00aa Convoca\u00e7\u00e3o para Remanejamento e Matr\u00edcula<\/td><td>25\/02\/2026<\/td><\/tr><tr><td>Publica\u00e7\u00e3o da Rela\u00e7\u00e3o candidatos Confirma\u00e7\u00e3o de Interesse \u2013 2\u00ba Per\u00edodo<\/td><td>26\/02\/2026<\/td><\/tr><tr><td>2\u00ba Per\u00edodo de Confirma\u00e7\u00e3o de Interesse<\/td><td>27 e 28\/02\/2026<\/td><\/tr><tr><td>Remanejamento e Matr\u00edcula em 2\u00aa Convoca\u00e7\u00e3o<\/td><td>28\/02\/2026<\/td><\/tr><tr><td>Prazo de Recurso Confirma\u00e7\u00e3o de Interesse \u2013 2\u00ba Per\u00edodo<\/td><td>02 e 03\/03\/2026<\/td><\/tr><tr><td>Rela\u00e7\u00e3o Preliminar Confirma\u00e7\u00e3o de Interesse \u2013 2\u00ba Per\u00edodo<\/td><td>02\/03\/2026<\/td><\/tr><tr><td>Rela\u00e7\u00e3o Definitiva Confirma\u00e7\u00e3o de Interesse \u2013 2\u00ba Per\u00edodo<\/td><td>04\/03\/2026<\/td><\/tr><tr><td>3\u00aa Convoca\u00e7\u00e3o para Remanejamento e Matr\u00edcula<\/td><td>04\/03\/2026<\/td><\/tr><tr><td>Remanejamento e Matr\u00edcula em 3\u00aa Convoca\u00e7\u00e3o<\/td><td>07\/03\/2026<\/td><\/tr><tr><td>4\u00aa Convoca\u00e7\u00e3o para Remanejamento e Matr\u00edcula<\/td><td>12\/03\/2026<\/td><\/tr><tr><td>Remanejamento e Matr\u00edcula em 4\u00aa Convoca\u00e7\u00e3o<\/td><td>14\/03\/2026<\/td><\/tr><tr><td>Publica\u00e7\u00e3o da Rela\u00e7\u00e3o candidatos Confirma\u00e7\u00e3o de Interesse \u2013 3\u00ba Per\u00edodo<\/td><td>18\/03\/2026<\/td><\/tr><tr><td>3\u00ba Per\u00edodo de Confirma\u00e7\u00e3o de Interesse<\/td><td>19 e 20\/03\/2026<\/td><\/tr><tr><td>Prazo de Recurso Confirma\u00e7\u00e3o de Interesse \u2013 3\u00ba Per\u00edodo<\/td><td>20 e 21\/03\/2026<\/td><\/tr><tr><td>Rela\u00e7\u00e3o Preliminar Confirma\u00e7\u00e3o de Interesse \u2013 3\u00ba Per\u00edodo<\/td><td>20\/03\/2026<\/td><\/tr><tr><td>Rela\u00e7\u00e3o Definitiva Confirma\u00e7\u00e3o de Interesse \u2013 3\u00ba Per\u00edodo<\/td><td>23\/03\/2026<\/td><\/tr><tr><td>5\u00aa Convoca\u00e7\u00e3o para Matr\u00edcula<\/td><td>23\/03\/2026<\/td><\/tr><tr><td>Matr\u00edcula em 5\u00aa Convoca\u00e7\u00e3o<\/td><td>25\/03\/2026<\/td><\/tr><tr><td>6\u00aa Convoca\u00e7\u00e3o para Matr\u00edcula<\/td><td>27\/03\/2026<\/td><\/tr><tr><td>Matr\u00edcula em 6\u00aa Convoca\u00e7\u00e3o<\/td><td>31\/03\/2026<\/td><\/tr><\/tbody><\/table><\/figure>\n\n\n\n<h2 class=\"wp-block-heading\" id=\"prepare-se-conosco\"><span class=\"ez-toc-section\" id=\"Seja_um_MedCofer\"><\/span><strong>Seja um MedCofer!<\/strong><span class=\"ez-toc-section-end\"><\/span><\/h2>\n\n\n\n<p>Quer alcan\u00e7ar a aprova\u00e7\u00e3o nas provas de resid\u00eancia m\u00e9dica? Ent\u00e3o seja um&nbsp;<a href=\"https:\/\/www.grupomedcof.com.br\/home\/\"><strong>MedCofer<\/strong><\/a>! Aqui te ajudaremos na busca da aprova\u00e7\u00e3o com conte\u00fados de qualidade e uma metodologia que j\u00e1 aprovou mais de 35 mil residentes no pa\u00eds! Por fim, acesse o nosso<a href=\"https:\/\/www.youtube.com\/@GrupoMedcof\/featured\">&nbsp;<strong>canal do youtube&nbsp;<\/strong><\/a>para ver o nosso material.<\/p>\n\n\n\n<figure class=\"wp-block-embed is-type-video is-provider-youtube wp-block-embed-youtube wp-embed-aspect-16-9 wp-has-aspect-ratio\"><div class=\"wp-block-embed__wrapper\">\n<div class=\"youtube-embed\" data-video_id=\"3-9zBGaQYL8\"><iframe loading=\"lazy\" title=\"Como Passei na Resid\u00eancia de Neuro do HIAE \u2013 Aprovada Giovanna Coelho | Papo de Aprovado #13\" width=\"696\" height=\"392\" src=\"https:\/\/www.youtube.com\/embed\/3-9zBGaQYL8?feature=oembed&#038;enablejsapi=1\" frameborder=\"0\" allow=\"accelerometer; autoplay; clipboard-write; encrypted-media; gyroscope; picture-in-picture; web-share\" referrerpolicy=\"strict-origin-when-cross-origin\" allowfullscreen><\/iframe><\/div>\n<\/div><\/figure>\n","protected":false},"excerpt":{"rendered":"<p>Confira o gabarito preliminar e mais informa\u00e7\u00f5es do SUS-BA 2026!<\/p>\n","protected":false},"author":35,"featured_media":39508,"comment_status":"open","ping_status":"open","sticky":false,"template":"","format":"standard","meta":{"footnotes":""},"categories":[287,174],"tags":[68,2559,50],"ppma_author":[3619],"class_list":{"0":"post-33509","1":"post","2":"type-post","3":"status-publish","4":"format-standard","5":"has-post-thumbnail","7":"category-destaques-medcof","8":"category-residencia-medica","9":"tag-residencia-medica","10":"tag-resultado-final-sus-ba","11":"tag-sus-ba"},"yoast_head":"<!-- This site is optimized with the Yoast SEO Premium plugin v24.3 (Yoast SEO v27.4) - https:\/\/yoast.com\/product\/yoast-seo-premium-wordpress\/ -->\n<title>SUS-BA 2026: gabarito preliminar divulgado! - Blog de Medcof: conte\u00fados, editais, revalida e mais!<\/title>\n<meta name=\"description\" content=\"A CEREM-BA\u00a0tornou p\u00fablico o\u00a0resultado final\u00a0do processo seletivo de resid\u00eancia m\u00e9dica do\u00a0SUS-BA 2025. Veja os detalhes!\" \/>\n<meta name=\"robots\" content=\"index, follow, max-snippet:-1, max-image-preview:large, max-video-preview:-1\" \/>\n<link rel=\"canonical\" href=\"https:\/\/www.grupomedcof.com.br\/blog\/gabarito-sus-ba\/\" \/>\n<meta property=\"og:locale\" content=\"pt_BR\" \/>\n<meta property=\"og:type\" content=\"article\" \/>\n<meta property=\"og:title\" content=\"SUS-BA 2026: gabarito preliminar divulgado!\" \/>\n<meta property=\"og:description\" content=\"A CEREM-BA\u00a0tornou p\u00fablico o\u00a0resultado final\u00a0do processo seletivo de resid\u00eancia m\u00e9dica do\u00a0SUS-BA 2025. Veja os detalhes!\" \/>\n<meta property=\"og:url\" content=\"https:\/\/www.grupomedcof.com.br\/blog\/gabarito-sus-ba\/\" \/>\n<meta property=\"og:site_name\" content=\"Blog de Medcof: conte\u00fados, editais, revalida e mais!\" \/>\n<meta property=\"article:publisher\" content=\"https:\/\/www.facebook.com\/MedCofQbank\/\" \/>\n<meta property=\"article:published_time\" content=\"2025-11-26T19:54:59+00:00\" \/>\n<meta property=\"article:modified_time\" content=\"2026-02-05T18:47:29+00:00\" \/>\n<meta property=\"og:image\" content=\"https:\/\/www.grupomedcof.com.br\/blog\/wp-content\/uploads\/2025\/02\/Modelo-instituicoes-13.jpg\" \/>\n\t<meta property=\"og:image:width\" content=\"1920\" \/>\n\t<meta property=\"og:image:height\" content=\"1080\" \/>\n\t<meta property=\"og:image:type\" content=\"image\/jpeg\" \/>\n<meta name=\"author\" content=\"Laura Fernandes\" \/>\n<meta name=\"twitter:card\" content=\"summary_large_image\" \/>\n<meta name=\"twitter:label1\" content=\"Escrito por\" \/>\n\t<meta name=\"twitter:data1\" content=\"Laura Fernandes\" \/>\n\t<meta name=\"twitter:label2\" content=\"Est. tempo de leitura\" \/>\n\t<meta name=\"twitter:data2\" content=\"6 minutos\" \/>\n<script type=\"application\/ld+json\" class=\"yoast-schema-graph\">{\"@context\":\"https:\\\/\\\/schema.org\",\"@graph\":[{\"@type\":\"Article\",\"@id\":\"https:\\\/\\\/www.grupomedcof.com.br\\\/blog\\\/gabarito-sus-ba\\\/#article\",\"isPartOf\":{\"@id\":\"https:\\\/\\\/www.grupomedcof.com.br\\\/blog\\\/gabarito-sus-ba\\\/\"},\"author\":{\"name\":\"Laura Fernandes\",\"@id\":\"https:\\\/\\\/www.grupomedcof.com.br\\\/blog\\\/#\\\/schema\\\/person\\\/8ef52fbd7689d8a1d2208bdf4d975d8e\"},\"headline\":\"SUS-BA 2026: gabarito preliminar divulgado!\",\"datePublished\":\"2025-11-26T19:54:59+00:00\",\"dateModified\":\"2026-02-05T18:47:29+00:00\",\"mainEntityOfPage\":{\"@id\":\"https:\\\/\\\/www.grupomedcof.com.br\\\/blog\\\/gabarito-sus-ba\\\/\"},\"wordCount\":936,\"commentCount\":0,\"publisher\":{\"@id\":\"https:\\\/\\\/www.grupomedcof.com.br\\\/blog\\\/#organization\"},\"image\":{\"@id\":\"https:\\\/\\\/www.grupomedcof.com.br\\\/blog\\\/gabarito-sus-ba\\\/#primaryimage\"},\"thumbnailUrl\":\"https:\\\/\\\/www.grupomedcof.com.br\\\/blog\\\/wp-content\\\/uploads\\\/2025\\\/02\\\/Modelo-instituicoes-13.jpg\",\"keywords\":[\"Resid\u00eancia M\u00e9dica\",\"Resultado Final SUS-BA\",\"SUS-BA\"],\"articleSection\":[\"Destaques MedCof\",\"Resid\u00eancia m\u00e9dica: editais, resultados, temas quentes e mais\"],\"inLanguage\":\"pt-BR\"},{\"@type\":\"WebPage\",\"@id\":\"https:\\\/\\\/www.grupomedcof.com.br\\\/blog\\\/gabarito-sus-ba\\\/\",\"url\":\"https:\\\/\\\/www.grupomedcof.com.br\\\/blog\\\/gabarito-sus-ba\\\/\",\"name\":\"SUS-BA 2026: gabarito preliminar divulgado! - Blog de Medcof: conte\u00fados, editais, revalida e mais!\",\"isPartOf\":{\"@id\":\"https:\\\/\\\/www.grupomedcof.com.br\\\/blog\\\/#website\"},\"primaryImageOfPage\":{\"@id\":\"https:\\\/\\\/www.grupomedcof.com.br\\\/blog\\\/gabarito-sus-ba\\\/#primaryimage\"},\"image\":{\"@id\":\"https:\\\/\\\/www.grupomedcof.com.br\\\/blog\\\/gabarito-sus-ba\\\/#primaryimage\"},\"thumbnailUrl\":\"https:\\\/\\\/www.grupomedcof.com.br\\\/blog\\\/wp-content\\\/uploads\\\/2025\\\/02\\\/Modelo-instituicoes-13.jpg\",\"datePublished\":\"2025-11-26T19:54:59+00:00\",\"dateModified\":\"2026-02-05T18:47:29+00:00\",\"description\":\"A CEREM-BA\u00a0tornou p\u00fablico o\u00a0resultado final\u00a0do processo seletivo de resid\u00eancia m\u00e9dica do\u00a0SUS-BA 2025. Veja os detalhes!\",\"breadcrumb\":{\"@id\":\"https:\\\/\\\/www.grupomedcof.com.br\\\/blog\\\/gabarito-sus-ba\\\/#breadcrumb\"},\"inLanguage\":\"pt-BR\",\"potentialAction\":[{\"@type\":\"ReadAction\",\"target\":[\"https:\\\/\\\/www.grupomedcof.com.br\\\/blog\\\/gabarito-sus-ba\\\/\"]}]},{\"@type\":\"ImageObject\",\"inLanguage\":\"pt-BR\",\"@id\":\"https:\\\/\\\/www.grupomedcof.com.br\\\/blog\\\/gabarito-sus-ba\\\/#primaryimage\",\"url\":\"https:\\\/\\\/www.grupomedcof.com.br\\\/blog\\\/wp-content\\\/uploads\\\/2025\\\/02\\\/Modelo-instituicoes-13.jpg\",\"contentUrl\":\"https:\\\/\\\/www.grupomedcof.com.br\\\/blog\\\/wp-content\\\/uploads\\\/2025\\\/02\\\/Modelo-instituicoes-13.jpg\",\"width\":1920,\"height\":1080,\"caption\":\"gabarito sus bahia 2026\"},{\"@type\":\"BreadcrumbList\",\"@id\":\"https:\\\/\\\/www.grupomedcof.com.br\\\/blog\\\/gabarito-sus-ba\\\/#breadcrumb\",\"itemListElement\":[{\"@type\":\"ListItem\",\"position\":1,\"name\":\"In\u00edcio\",\"item\":\"https:\\\/\\\/www.grupomedcof.com.br\\\/blog\\\/\"},{\"@type\":\"ListItem\",\"position\":2,\"name\":\"SUS-BA 2026: gabarito preliminar divulgado!\"}]},{\"@type\":\"WebSite\",\"@id\":\"https:\\\/\\\/www.grupomedcof.com.br\\\/blog\\\/#website\",\"url\":\"https:\\\/\\\/www.grupomedcof.com.br\\\/blog\\\/\",\"name\":\"Blog de Medcof: conte\u00fados, editais, revalida e mais!\",\"description\":\"Acesso o blog de MedCof! Seu portal de conte\u00fados sobre resid\u00eancia m\u00e9dica, an\u00e1lise e editais e muito mais. Clique e confira!\",\"publisher\":{\"@id\":\"https:\\\/\\\/www.grupomedcof.com.br\\\/blog\\\/#organization\"},\"alternateName\":\"Blog de Medcof: conte\u00fados, editais, revalida e mais!\",\"potentialAction\":[{\"@type\":\"SearchAction\",\"target\":{\"@type\":\"EntryPoint\",\"urlTemplate\":\"https:\\\/\\\/www.grupomedcof.com.br\\\/blog\\\/?s={search_term_string}\"},\"query-input\":{\"@type\":\"PropertyValueSpecification\",\"valueRequired\":true,\"valueName\":\"search_term_string\"}}],\"inLanguage\":\"pt-BR\"},{\"@type\":\"Organization\",\"@id\":\"https:\\\/\\\/www.grupomedcof.com.br\\\/blog\\\/#organization\",\"name\":\"Grupo MedCof\",\"url\":\"https:\\\/\\\/www.grupomedcof.com.br\\\/blog\\\/\",\"logo\":{\"@type\":\"ImageObject\",\"inLanguage\":\"pt-BR\",\"@id\":\"https:\\\/\\\/www.grupomedcof.com.br\\\/blog\\\/#\\\/schema\\\/logo\\\/image\\\/\",\"url\":\"https:\\\/\\\/www.grupomedcof.com.br\\\/blog\\\/wp-content\\\/uploads\\\/2022\\\/01\\\/logo-medcof.png\",\"contentUrl\":\"https:\\\/\\\/www.grupomedcof.com.br\\\/blog\\\/wp-content\\\/uploads\\\/2022\\\/01\\\/logo-medcof.png\",\"width\":768,\"height\":269,\"caption\":\"Grupo MedCof\"},\"image\":{\"@id\":\"https:\\\/\\\/www.grupomedcof.com.br\\\/blog\\\/#\\\/schema\\\/logo\\\/image\\\/\"},\"sameAs\":[\"https:\\\/\\\/www.facebook.com\\\/MedCofQbank\\\/\",\"https:\\\/\\\/www.instagram.com\\\/grupomedcof\\\/\",\"https:\\\/\\\/br.linkedin.com\\\/company\\\/medcof\",\"https:\\\/\\\/www.youtube.com\\\/channel\\\/UCdHMuOHKICxcHwecxN8P-AA\"]},{\"@type\":\"Person\",\"@id\":\"https:\\\/\\\/www.grupomedcof.com.br\\\/blog\\\/#\\\/schema\\\/person\\\/8ef52fbd7689d8a1d2208bdf4d975d8e\",\"name\":\"Laura Fernandes\",\"image\":{\"@type\":\"ImageObject\",\"inLanguage\":\"pt-BR\",\"@id\":\"https:\\\/\\\/www.grupomedcof.com.br\\\/blog\\\/wp-content\\\/uploads\\\/2025\\\/09\\\/cropped-equipe-96x96.jpegaa171aa213b4913d9406ab69d274aa2a\",\"url\":\"https:\\\/\\\/www.grupomedcof.com.br\\\/blog\\\/wp-content\\\/uploads\\\/2025\\\/09\\\/cropped-equipe-96x96.jpeg\",\"contentUrl\":\"https:\\\/\\\/www.grupomedcof.com.br\\\/blog\\\/wp-content\\\/uploads\\\/2025\\\/09\\\/cropped-equipe-96x96.jpeg\",\"caption\":\"Laura Fernandes\"},\"description\":\"Jornalista pela UFOP, escrevo sobre sa\u00fade e especializa\u00e7\u00f5es m\u00e9dicas.\",\"url\":\"https:\\\/\\\/www.grupomedcof.com.br\\\/blog\\\/author\\\/laura\\\/\"}]}<\/script>\n<!-- \/ Yoast SEO Premium plugin. -->","yoast_head_json":{"title":"SUS-BA 2026: gabarito preliminar divulgado! - Blog de Medcof: conte\u00fados, editais, revalida e mais!","description":"A CEREM-BA\u00a0tornou p\u00fablico o\u00a0resultado final\u00a0do processo seletivo de resid\u00eancia m\u00e9dica do\u00a0SUS-BA 2025. Veja os detalhes!","robots":{"index":"index","follow":"follow","max-snippet":"max-snippet:-1","max-image-preview":"max-image-preview:large","max-video-preview":"max-video-preview:-1"},"canonical":"https:\/\/www.grupomedcof.com.br\/blog\/gabarito-sus-ba\/","og_locale":"pt_BR","og_type":"article","og_title":"SUS-BA 2026: gabarito preliminar divulgado!","og_description":"A CEREM-BA\u00a0tornou p\u00fablico o\u00a0resultado final\u00a0do processo seletivo de resid\u00eancia m\u00e9dica do\u00a0SUS-BA 2025. Veja os detalhes!","og_url":"https:\/\/www.grupomedcof.com.br\/blog\/gabarito-sus-ba\/","og_site_name":"Blog de Medcof: conte\u00fados, editais, revalida e mais!","article_publisher":"https:\/\/www.facebook.com\/MedCofQbank\/","article_published_time":"2025-11-26T19:54:59+00:00","article_modified_time":"2026-02-05T18:47:29+00:00","og_image":[{"width":1920,"height":1080,"url":"https:\/\/www.grupomedcof.com.br\/blog\/wp-content\/uploads\/2025\/02\/Modelo-instituicoes-13.jpg","type":"image\/jpeg"}],"author":"Laura Fernandes","twitter_card":"summary_large_image","twitter_misc":{"Escrito por":"Laura Fernandes","Est. tempo de leitura":"6 minutos"},"schema":{"@context":"https:\/\/schema.org","@graph":[{"@type":"Article","@id":"https:\/\/www.grupomedcof.com.br\/blog\/gabarito-sus-ba\/#article","isPartOf":{"@id":"https:\/\/www.grupomedcof.com.br\/blog\/gabarito-sus-ba\/"},"author":{"name":"Laura Fernandes","@id":"https:\/\/www.grupomedcof.com.br\/blog\/#\/schema\/person\/8ef52fbd7689d8a1d2208bdf4d975d8e"},"headline":"SUS-BA 2026: gabarito preliminar divulgado!","datePublished":"2025-11-26T19:54:59+00:00","dateModified":"2026-02-05T18:47:29+00:00","mainEntityOfPage":{"@id":"https:\/\/www.grupomedcof.com.br\/blog\/gabarito-sus-ba\/"},"wordCount":936,"commentCount":0,"publisher":{"@id":"https:\/\/www.grupomedcof.com.br\/blog\/#organization"},"image":{"@id":"https:\/\/www.grupomedcof.com.br\/blog\/gabarito-sus-ba\/#primaryimage"},"thumbnailUrl":"https:\/\/www.grupomedcof.com.br\/blog\/wp-content\/uploads\/2025\/02\/Modelo-instituicoes-13.jpg","keywords":["Resid\u00eancia M\u00e9dica","Resultado Final SUS-BA","SUS-BA"],"articleSection":["Destaques MedCof","Resid\u00eancia m\u00e9dica: editais, resultados, temas quentes e mais"],"inLanguage":"pt-BR"},{"@type":"WebPage","@id":"https:\/\/www.grupomedcof.com.br\/blog\/gabarito-sus-ba\/","url":"https:\/\/www.grupomedcof.com.br\/blog\/gabarito-sus-ba\/","name":"SUS-BA 2026: gabarito preliminar divulgado! - Blog de Medcof: conte\u00fados, editais, revalida e mais!","isPartOf":{"@id":"https:\/\/www.grupomedcof.com.br\/blog\/#website"},"primaryImageOfPage":{"@id":"https:\/\/www.grupomedcof.com.br\/blog\/gabarito-sus-ba\/#primaryimage"},"image":{"@id":"https:\/\/www.grupomedcof.com.br\/blog\/gabarito-sus-ba\/#primaryimage"},"thumbnailUrl":"https:\/\/www.grupomedcof.com.br\/blog\/wp-content\/uploads\/2025\/02\/Modelo-instituicoes-13.jpg","datePublished":"2025-11-26T19:54:59+00:00","dateModified":"2026-02-05T18:47:29+00:00","description":"A CEREM-BA\u00a0tornou p\u00fablico o\u00a0resultado final\u00a0do processo seletivo de resid\u00eancia m\u00e9dica do\u00a0SUS-BA 2025. Veja os detalhes!","breadcrumb":{"@id":"https:\/\/www.grupomedcof.com.br\/blog\/gabarito-sus-ba\/#breadcrumb"},"inLanguage":"pt-BR","potentialAction":[{"@type":"ReadAction","target":["https:\/\/www.grupomedcof.com.br\/blog\/gabarito-sus-ba\/"]}]},{"@type":"ImageObject","inLanguage":"pt-BR","@id":"https:\/\/www.grupomedcof.com.br\/blog\/gabarito-sus-ba\/#primaryimage","url":"https:\/\/www.grupomedcof.com.br\/blog\/wp-content\/uploads\/2025\/02\/Modelo-instituicoes-13.jpg","contentUrl":"https:\/\/www.grupomedcof.com.br\/blog\/wp-content\/uploads\/2025\/02\/Modelo-instituicoes-13.jpg","width":1920,"height":1080,"caption":"gabarito sus bahia 2026"},{"@type":"BreadcrumbList","@id":"https:\/\/www.grupomedcof.com.br\/blog\/gabarito-sus-ba\/#breadcrumb","itemListElement":[{"@type":"ListItem","position":1,"name":"In\u00edcio","item":"https:\/\/www.grupomedcof.com.br\/blog\/"},{"@type":"ListItem","position":2,"name":"SUS-BA 2026: gabarito preliminar divulgado!"}]},{"@type":"WebSite","@id":"https:\/\/www.grupomedcof.com.br\/blog\/#website","url":"https:\/\/www.grupomedcof.com.br\/blog\/","name":"Blog de Medcof: conte\u00fados, editais, revalida e mais!","description":"Acesso o blog de MedCof! Seu portal de conte\u00fados sobre resid\u00eancia m\u00e9dica, an\u00e1lise e editais e muito mais. Clique e confira!","publisher":{"@id":"https:\/\/www.grupomedcof.com.br\/blog\/#organization"},"alternateName":"Blog de Medcof: conte\u00fados, editais, revalida e mais!","potentialAction":[{"@type":"SearchAction","target":{"@type":"EntryPoint","urlTemplate":"https:\/\/www.grupomedcof.com.br\/blog\/?s={search_term_string}"},"query-input":{"@type":"PropertyValueSpecification","valueRequired":true,"valueName":"search_term_string"}}],"inLanguage":"pt-BR"},{"@type":"Organization","@id":"https:\/\/www.grupomedcof.com.br\/blog\/#organization","name":"Grupo MedCof","url":"https:\/\/www.grupomedcof.com.br\/blog\/","logo":{"@type":"ImageObject","inLanguage":"pt-BR","@id":"https:\/\/www.grupomedcof.com.br\/blog\/#\/schema\/logo\/image\/","url":"https:\/\/www.grupomedcof.com.br\/blog\/wp-content\/uploads\/2022\/01\/logo-medcof.png","contentUrl":"https:\/\/www.grupomedcof.com.br\/blog\/wp-content\/uploads\/2022\/01\/logo-medcof.png","width":768,"height":269,"caption":"Grupo MedCof"},"image":{"@id":"https:\/\/www.grupomedcof.com.br\/blog\/#\/schema\/logo\/image\/"},"sameAs":["https:\/\/www.facebook.com\/MedCofQbank\/","https:\/\/www.instagram.com\/grupomedcof\/","https:\/\/br.linkedin.com\/company\/medcof","https:\/\/www.youtube.com\/channel\/UCdHMuOHKICxcHwecxN8P-AA"]},{"@type":"Person","@id":"https:\/\/www.grupomedcof.com.br\/blog\/#\/schema\/person\/8ef52fbd7689d8a1d2208bdf4d975d8e","name":"Laura Fernandes","image":{"@type":"ImageObject","inLanguage":"pt-BR","@id":"https:\/\/www.grupomedcof.com.br\/blog\/wp-content\/uploads\/2025\/09\/cropped-equipe-96x96.jpegaa171aa213b4913d9406ab69d274aa2a","url":"https:\/\/www.grupomedcof.com.br\/blog\/wp-content\/uploads\/2025\/09\/cropped-equipe-96x96.jpeg","contentUrl":"https:\/\/www.grupomedcof.com.br\/blog\/wp-content\/uploads\/2025\/09\/cropped-equipe-96x96.jpeg","caption":"Laura Fernandes"},"description":"Jornalista pela UFOP, escrevo sobre sa\u00fade e especializa\u00e7\u00f5es m\u00e9dicas.","url":"https:\/\/www.grupomedcof.com.br\/blog\/author\/laura\/"}]}},"authors":[{"term_id":3619,"user_id":35,"is_guest":0,"slug":"laura","display_name":"Laura Fernandes","avatar_url":"https:\/\/www.grupomedcof.com.br\/blog\/wp-content\/uploads\/2025\/09\/cropped-equipe-96x96.jpeg","0":null,"1":"","2":"","3":"","4":"","5":"","6":"","7":"","8":""}],"_links":{"self":[{"href":"https:\/\/www.grupomedcof.com.br\/blog\/wp-json\/wp\/v2\/posts\/33509","targetHints":{"allow":["GET"]}}],"collection":[{"href":"https:\/\/www.grupomedcof.com.br\/blog\/wp-json\/wp\/v2\/posts"}],"about":[{"href":"https:\/\/www.grupomedcof.com.br\/blog\/wp-json\/wp\/v2\/types\/post"}],"author":[{"embeddable":true,"href":"https:\/\/www.grupomedcof.com.br\/blog\/wp-json\/wp\/v2\/users\/35"}],"replies":[{"embeddable":true,"href":"https:\/\/www.grupomedcof.com.br\/blog\/wp-json\/wp\/v2\/comments?post=33509"}],"version-history":[{"count":5,"href":"https:\/\/www.grupomedcof.com.br\/blog\/wp-json\/wp\/v2\/posts\/33509\/revisions"}],"predecessor-version":[{"id":41567,"href":"https:\/\/www.grupomedcof.com.br\/blog\/wp-json\/wp\/v2\/posts\/33509\/revisions\/41567"}],"wp:featuredmedia":[{"embeddable":true,"href":"https:\/\/www.grupomedcof.com.br\/blog\/wp-json\/wp\/v2\/media\/39508"}],"wp:attachment":[{"href":"https:\/\/www.grupomedcof.com.br\/blog\/wp-json\/wp\/v2\/media?parent=33509"}],"wp:term":[{"taxonomy":"category","embeddable":true,"href":"https:\/\/www.grupomedcof.com.br\/blog\/wp-json\/wp\/v2\/categories?post=33509"},{"taxonomy":"post_tag","embeddable":true,"href":"https:\/\/www.grupomedcof.com.br\/blog\/wp-json\/wp\/v2\/tags?post=33509"},{"taxonomy":"author","embeddable":true,"href":"https:\/\/www.grupomedcof.com.br\/blog\/wp-json\/wp\/v2\/ppma_author?post=33509"}],"curies":[{"name":"wp","href":"https:\/\/api.w.org\/{rel}","templated":true}]}}