{"id":33694,"date":"2025-02-20T10:17:22","date_gmt":"2025-02-20T13:17:22","guid":{"rendered":"https:\/\/www.grupomedcof.com.br\/blog\/?p=33694"},"modified":"2025-02-20T10:17:23","modified_gmt":"2025-02-20T13:17:23","slug":"geriatria","status":"publish","type":"post","link":"https:\/\/www.grupomedcof.com.br\/blog\/geriatria\/","title":{"rendered":"O que faz a geriatria? Entenda tudo sobre!"},"content":{"rendered":"<div id=\"ez-toc-container\" class=\"ez-toc-v2_0_74 counter-hierarchy ez-toc-counter ez-toc-transparent ez-toc-container-direction\">\n<div class=\"ez-toc-title-container\">\n<p class=\"ez-toc-title\" style=\"cursor:inherit\">Sum\u00e1rio<\/p>\n<span class=\"ez-toc-title-toggle\"><a href=\"#\" class=\"ez-toc-pull-right ez-toc-btn ez-toc-btn-xs ez-toc-btn-default ez-toc-toggle\" aria-label=\"Alternar tabela de conte\u00fado\"><span class=\"ez-toc-js-icon-con\"><span class=\"\"><span class=\"eztoc-hide\" style=\"display:none;\">Toggle<\/span><span class=\"ez-toc-icon-toggle-span\"><svg style=\"fill: #999;color:#999\" xmlns=\"http:\/\/www.w3.org\/2000\/svg\" class=\"list-377408\" width=\"20px\" height=\"20px\" viewBox=\"0 0 24 24\" fill=\"none\"><path d=\"M6 6H4v2h2V6zm14 0H8v2h12V6zM4 11h2v2H4v-2zm16 0H8v2h12v-2zM4 16h2v2H4v-2zm16 0H8v2h12v-2z\" fill=\"currentColor\"><\/path><\/svg><svg style=\"fill: #999;color:#999\" class=\"arrow-unsorted-368013\" xmlns=\"http:\/\/www.w3.org\/2000\/svg\" width=\"10px\" height=\"10px\" viewBox=\"0 0 24 24\" version=\"1.2\" baseProfile=\"tiny\"><path d=\"M18.2 9.3l-6.2-6.3-6.2 6.3c-.2.2-.3.4-.3.7s.1.5.3.7c.2.2.4.3.7.3h11c.3 0 .5-.1.7-.3.2-.2.3-.5.3-.7s-.1-.5-.3-.7zM5.8 14.7l6.2 6.3 6.2-6.3c.2-.2.3-.5.3-.7s-.1-.5-.3-.7c-.2-.2-.4-.3-.7-.3h-11c-.3 0-.5.1-.7.3-.2.2-.3.5-.3.7s.1.5.3.7z\"\/><\/svg><\/span><\/span><\/span><\/a><\/span><\/div>\n<nav><ul class='ez-toc-list ez-toc-list-level-1 ' ><li class='ez-toc-page-1 ez-toc-heading-level-2'><a class=\"ez-toc-link ez-toc-heading-1\" href=\"https:\/\/www.grupomedcof.com.br\/blog\/geriatria\/#O_que_e_Geriatria\" >O que \u00e9 Geriatria?<\/a><\/li><li class='ez-toc-page-1 ez-toc-heading-level-2'><a class=\"ez-toc-link ez-toc-heading-2\" href=\"https:\/\/www.grupomedcof.com.br\/blog\/geriatria\/#Qual_a_diferenca_entre_geriatria_e_gerontologia\" >Qual a diferen\u00e7a entre geriatria e gerontologia?<\/a><\/li><li class='ez-toc-page-1 ez-toc-heading-level-2'><a class=\"ez-toc-link ez-toc-heading-3\" href=\"https:\/\/www.grupomedcof.com.br\/blog\/geriatria\/#Qual_a_importancia_da_geriatria\" >Qual a import\u00e2ncia da geriatria<\/a><\/li><li class='ez-toc-page-1 ez-toc-heading-level-2'><a class=\"ez-toc-link ez-toc-heading-4\" href=\"https:\/\/www.grupomedcof.com.br\/blog\/geriatria\/#Quais_sao_os_5_Is_da_Geriatria\" >Quais s\u00e3o os 5 Is da Geriatria?<\/a><ul class='ez-toc-list-level-3' ><li class='ez-toc-heading-level-3'><a class=\"ez-toc-link ez-toc-heading-5\" href=\"https:\/\/www.grupomedcof.com.br\/blog\/geriatria\/#Instabilidade\" >Instabilidade<\/a><\/li><li class='ez-toc-page-1 ez-toc-heading-level-3'><a class=\"ez-toc-link ez-toc-heading-6\" href=\"https:\/\/www.grupomedcof.com.br\/blog\/geriatria\/#Imobilidade\" >Imobilidade<\/a><\/li><li class='ez-toc-page-1 ez-toc-heading-level-3'><a class=\"ez-toc-link ez-toc-heading-7\" href=\"https:\/\/www.grupomedcof.com.br\/blog\/geriatria\/#Incontinencia\" >Incontin\u00eancia<\/a><\/li><li class='ez-toc-page-1 ez-toc-heading-level-3'><a class=\"ez-toc-link ez-toc-heading-8\" href=\"https:\/\/www.grupomedcof.com.br\/blog\/geriatria\/#Insuficiencia\" >Insufici\u00eancia<\/a><\/li><li class='ez-toc-page-1 ez-toc-heading-level-3'><a class=\"ez-toc-link ez-toc-heading-9\" href=\"https:\/\/www.grupomedcof.com.br\/blog\/geriatria\/#Iatrogenia\" >Iatrogenia<\/a><\/li><\/ul><\/li><li class='ez-toc-page-1 ez-toc-heading-level-2'><a class=\"ez-toc-link ez-toc-heading-10\" href=\"https:\/\/www.grupomedcof.com.br\/blog\/geriatria\/#Principais_areas_da_Geriatria\" >Principais \u00e1reas da Geriatria<\/a><ul class='ez-toc-list-level-3' ><li class='ez-toc-heading-level-3'><a class=\"ez-toc-link ez-toc-heading-11\" href=\"https:\/\/www.grupomedcof.com.br\/blog\/geriatria\/#Doencas_cronicas\" >Doen\u00e7as cr\u00f4nicas<\/a><\/li><li class='ez-toc-page-1 ez-toc-heading-level-3'><a class=\"ez-toc-link ez-toc-heading-12\" href=\"https:\/\/www.grupomedcof.com.br\/blog\/geriatria\/#Sindromes_Geriatricas\" >S\u00edndromes Geri\u00e1tricas<\/a><\/li><li class='ez-toc-page-1 ez-toc-heading-level-3'><a class=\"ez-toc-link ez-toc-heading-13\" href=\"https:\/\/www.grupomedcof.com.br\/blog\/geriatria\/#Prevencao_e_promocao_da_saude\" >Preven\u00e7\u00e3o e promo\u00e7\u00e3o da sa\u00fade<\/a><\/li><li class='ez-toc-page-1 ez-toc-heading-level-3'><a class=\"ez-toc-link ez-toc-heading-14\" href=\"https:\/\/www.grupomedcof.com.br\/blog\/geriatria\/#Neurogeriatria\" >Neurogeriatria<\/a><\/li><li class='ez-toc-page-1 ez-toc-heading-level-3'><a class=\"ez-toc-link ez-toc-heading-15\" href=\"https:\/\/www.grupomedcof.com.br\/blog\/geriatria\/#Cuidados_Paliativos_e_Fim_da_Vida\" >Cuidados Paliativos e Fim da Vida<\/a><\/li><\/ul><\/li><li class='ez-toc-page-1 ez-toc-heading-level-2'><a class=\"ez-toc-link ez-toc-heading-16\" href=\"https:\/\/www.grupomedcof.com.br\/blog\/geriatria\/#Como_e_a_rotina_de_um_medico_geriatra\" >Como \u00e9 a rotina de um m\u00e9dico geriatra?<\/a><\/li><li class='ez-toc-page-1 ez-toc-heading-level-2'><a class=\"ez-toc-link ez-toc-heading-17\" href=\"https:\/\/www.grupomedcof.com.br\/blog\/geriatria\/#Qual_o_salario_de_um_medico_geriatra\" >Qual o sal\u00e1rio de um m\u00e9dico geriatra?<\/a><\/li><li class='ez-toc-page-1 ez-toc-heading-level-2'><a class=\"ez-toc-link ez-toc-heading-18\" href=\"https:\/\/www.grupomedcof.com.br\/blog\/geriatria\/#Como_conquistar_a_entrada_na_residencia\" >Como conquistar a entrada na resid\u00eancia?<\/a><\/li><\/ul><\/nav><\/div>\n\n<figure class=\"wp-block-image size-large\"><img loading=\"lazy\" decoding=\"async\" width=\"1024\" height=\"576\" src=\"https:\/\/www.grupomedcof.com.br\/blog\/wp-content\/uploads\/2025\/02\/Blog-MedCof-91-1024x576.jpg\" alt=\"\" class=\"wp-image-33698\" srcset=\"https:\/\/www.grupomedcof.com.br\/blog\/wp-content\/uploads\/2025\/02\/Blog-MedCof-91-1024x576.jpg 1024w, https:\/\/www.grupomedcof.com.br\/blog\/wp-content\/uploads\/2025\/02\/Blog-MedCof-91-300x169.jpg 300w, https:\/\/www.grupomedcof.com.br\/blog\/wp-content\/uploads\/2025\/02\/Blog-MedCof-91-768x432.jpg 768w, https:\/\/www.grupomedcof.com.br\/blog\/wp-content\/uploads\/2025\/02\/Blog-MedCof-91-1536x864.jpg 1536w, https:\/\/www.grupomedcof.com.br\/blog\/wp-content\/uploads\/2025\/02\/Blog-MedCof-91-747x420.jpg 747w, https:\/\/www.grupomedcof.com.br\/blog\/wp-content\/uploads\/2025\/02\/Blog-MedCof-91-150x84.jpg 150w, https:\/\/www.grupomedcof.com.br\/blog\/wp-content\/uploads\/2025\/02\/Blog-MedCof-91-696x392.jpg 696w, https:\/\/www.grupomedcof.com.br\/blog\/wp-content\/uploads\/2025\/02\/Blog-MedCof-91-1068x601.jpg 1068w, https:\/\/www.grupomedcof.com.br\/blog\/wp-content\/uploads\/2025\/02\/Blog-MedCof-91.jpg 1920w\" sizes=\"auto, (max-width: 1024px) 100vw, 1024px\" \/><\/figure>\n\n\n\n<p>Tem curiosidade sobre a especialidade de geriatria? Ent\u00e3o confira o nosso post a seguir, no qual explicamos tudo sobre, desde sua import\u00e2ncia at\u00e9 as principais \u00e1reas!&nbsp;<\/p>\n\n\n\n<h2 class=\"wp-block-heading\" id=\"h-o-que-e-geriatria\"><span class=\"ez-toc-section\" id=\"O_que_e_Geriatria\"><\/span><strong>O que \u00e9 Geriatria?<\/strong><span class=\"ez-toc-section-end\"><\/span><\/h2>\n\n\n\n<p>A <strong>geriatria<\/strong> \u00e9 a especialidade m\u00e9dica <strong>focada no cuidado da sa\u00fade dos idosos,<\/strong> abordando condi\u00e7\u00f5es comuns do envelhecimento e promovendo a longevidade saud\u00e1vel. Atua na preven\u00e7\u00e3o, diagn\u00f3stico e tratamento de doen\u00e7as geri\u00e1tricas como <strong>dem\u00eancia, osteoporose e artrite.<\/strong>&nbsp;Com um enfoque abrangente, a geriatria visa melhorar a qualidade de vida e a independ\u00eancia dos pacientes. Essa \u00e1rea \u00e9 essencial para atender \u00e0s necessidades da popula\u00e7\u00e3o idosa em crescimento,<strong> contribuindo para um envelhecimento mais saud\u00e1vel.<\/strong><\/p>\n\n\n\n<h2 class=\"wp-block-heading\" id=\"h-qual-a-diferenca-entre-geriatria-e-gerontologia\"><span class=\"ez-toc-section\" id=\"Qual_a_diferenca_entre_geriatria_e_gerontologia\"><\/span><strong>Qual a diferen\u00e7a entre geriatria e gerontologia?<\/strong><span class=\"ez-toc-section-end\"><\/span><\/h2>\n\n\n\n<p>A <strong>geriatria e a gerontologia<\/strong> s\u00e3o duas \u00e1reas distintas, por\u00e9m inter-relacionadas,<strong> dedicadas ao estudo do envelhecimento<\/strong>, mas com <strong>enfoques diferenciados<\/strong>. A <strong>geriatria<\/strong> \u00e9 uma especialidade m\u00e9dica que se <strong>concentra no diagn\u00f3stico, tratamento e preven\u00e7\u00e3o de doen\u00e7as e condi\u00e7\u00f5es comuns em idosos<\/strong>.&nbsp;<\/p>\n\n\n\n<p>Os geriatras, profissionais dessa \u00e1rea, trabalham para promover a sa\u00fade e o bem-estar dos pacientes idosos, gerenciando doen\u00e7as cr\u00f4nicas, melhorando a qualidade de vida e garantindo uma abordagem integrada para tratar a sa\u00fade f\u00edsica e mental dos idosos.<\/p>\n\n\n\n<p>Por outro lado, a<strong> gerontologia<\/strong> \u00e9 um<strong> campo multidisciplinar <\/strong>que abrange os <strong>aspectos biol\u00f3gicos, psicol\u00f3gicos e sociais do envelhecimento.<\/strong> Ao contr\u00e1rio da geriatria, <strong>a gerontologia n\u00e3o \u00e9 restrita \u00e0 pr\u00e1tica m\u00e9dica, <\/strong>mas se aplica a uma gama ampla de \u00e1reas, incluindo<strong> pol\u00edticas p\u00fablicas, design ambiental, suporte comunit\u00e1rio e programas de cuidados,<\/strong> com o objetivo de otimizar o processo de envelhecimento.&nbsp;<\/p>\n\n\n\n<p>Os gerontologistas trabalham para <strong>entender o impacto do envelhecimento na sociedade e desenvolver estrat\u00e9gias para melhorar a vida dos idosos,<\/strong> promovendo o envelhecimento ativo e a expans\u00e3o de pol\u00edticas de inclus\u00e3o e suporte.<\/p>\n\n\n\n<p><strong>Ambas as especialidades s\u00e3o essenciais para abordar os desafios do envelhecimento populacional. <\/strong>Em um mundo onde a longevidade est\u00e1 aumentando, essas \u00e1reas s\u00e3o fundamentais para assegurar que o envelhecimento seja um processo saud\u00e1vel e digno.&nbsp;<\/p>\n\n\n\n<p>A geriatria e a gerontologia procuram n\u00e3o apenas aumentar a expectativa de vida, mas tamb\u00e9m garantir que esses anos adicionais sejam vividos com sa\u00fade, respeito e integra\u00e7\u00e3o social, enfrentando desafios como a sobrecarga dos sistemas de sa\u00fade, a necessidade de cuidadores, e a demanda por ambientes mais acess\u00edveis e acolhedores para os idosos.<\/p>\n\n\n\n<figure class=\"wp-block-image size-large\"><a href=\"https:\/\/www.grupomedcof.com.br\/cofletters\/\" target=\"_blank\" rel=\" noreferrer noopener\"><img loading=\"lazy\" decoding=\"async\" width=\"1024\" height=\"320\" src=\"https:\/\/www.grupomedcof.com.br\/blog\/wp-content\/uploads\/2025\/02\/Banner-MedCof-Plus-2200x460-11-1024x320.png\" alt=\"\" class=\"wp-image-33723\" srcset=\"https:\/\/www.grupomedcof.com.br\/blog\/wp-content\/uploads\/2025\/02\/Banner-MedCof-Plus-2200x460-11-1024x320.png 1024w, https:\/\/www.grupomedcof.com.br\/blog\/wp-content\/uploads\/2025\/02\/Banner-MedCof-Plus-2200x460-11-300x94.png 300w, https:\/\/www.grupomedcof.com.br\/blog\/wp-content\/uploads\/2025\/02\/Banner-MedCof-Plus-2200x460-11-768x240.png 768w, https:\/\/www.grupomedcof.com.br\/blog\/wp-content\/uploads\/2025\/02\/Banner-MedCof-Plus-2200x460-11-1536x480.png 1536w, https:\/\/www.grupomedcof.com.br\/blog\/wp-content\/uploads\/2025\/02\/Banner-MedCof-Plus-2200x460-11-2048x640.png 2048w, https:\/\/www.grupomedcof.com.br\/blog\/wp-content\/uploads\/2025\/02\/Banner-MedCof-Plus-2200x460-11-1343x420.png 1343w, https:\/\/www.grupomedcof.com.br\/blog\/wp-content\/uploads\/2025\/02\/Banner-MedCof-Plus-2200x460-11-150x47.png 150w, https:\/\/www.grupomedcof.com.br\/blog\/wp-content\/uploads\/2025\/02\/Banner-MedCof-Plus-2200x460-11-696x218.png 696w, https:\/\/www.grupomedcof.com.br\/blog\/wp-content\/uploads\/2025\/02\/Banner-MedCof-Plus-2200x460-11-1068x334.png 1068w, https:\/\/www.grupomedcof.com.br\/blog\/wp-content\/uploads\/2025\/02\/Banner-MedCof-Plus-2200x460-11-1920x600.png 1920w\" sizes=\"auto, (max-width: 1024px) 100vw, 1024px\" \/><\/a><\/figure>\n\n\n\n<h2 class=\"wp-block-heading\" id=\"h-qual-a-importancia-da-geriatria\"><span class=\"ez-toc-section\" id=\"Qual_a_importancia_da_geriatria\"><\/span><strong>Qual a import\u00e2ncia da geriatria<\/strong><span class=\"ez-toc-section-end\"><\/span><\/h2>\n\n\n\n<p>A geriatria desempenha um papel crucial no atendimento \u00e0 popula\u00e7\u00e3o idosa, cada vez mais crescente, <strong>garantindo um envelhecimento com sa\u00fade e qualidade de vida.<\/strong> Com o aumento da longevidade, os desafios enfrentados pelos idosos, como doen\u00e7as cr\u00f4nicas, limita\u00e7\u00f5es funcionais e quest\u00f5es mentais, exigem uma aten\u00e7\u00e3o especializada e integral.&nbsp;<\/p>\n\n\n\n<p>Essa especialidade foca na preven\u00e7\u00e3o, diagn\u00f3stico e tratamento das condi\u00e7\u00f5es mais comuns da terceira idade, permitindo que os idosos mantenham sua independ\u00eancia e bem-estar.<\/p>\n\n\n\n<p><strong>Envelhecer com sa\u00fade \u00e9 um objetivo central da geriatria<\/strong>, promovendo pr\u00e1ticas que melhoram a qualidade de vida dos idosos. Ademais, enfatiza a gest\u00e3o de m\u00faltiplas comorbidades, frequentemente observadas nessa faixa et\u00e1ria, oferecendo abordagens personalizadas para minimizar complica\u00e7\u00f5es e hospitaliza\u00e7\u00f5es.&nbsp;<\/p>\n\n\n\n<p>Tamb\u00e9m \u00e9 v\u00e1lido lembrar que a geriatria aborda aspectos fundamentais como a <strong>nutri\u00e7\u00e3o, atividade f\u00edsica e suporte emocional,<\/strong> que s\u00e3o essenciais para um envelhecimento ativo e saud\u00e1vel.<\/p>\n\n\n\n<p>Os desafios da terceira idade, como a sobrecarga dos servi\u00e7os de sa\u00fade e a necessidade de cuidadores qualificados, s\u00e3o temas relevantes abordados pela geriatria, tamb\u00e9m se preocupando com a integra\u00e7\u00e3o social dos idosos, promovendo pol\u00edticas e programas que enfatizam a inclus\u00e3o e o respeito aos direitos dessa faixa et\u00e1ria.&nbsp;<\/p>\n\n\n\n<p>Assim, a geriatria se torna essencial para garantir que os anos de vida adicionais sejam acompanhados por sa\u00fade, autonomia e dignidade.<\/p>\n\n\n\n<h2 class=\"wp-block-heading\" id=\"h-quais-sao-os-5-is-da-geriatria\"><span class=\"ez-toc-section\" id=\"Quais_sao_os_5_Is_da_Geriatria\"><\/span><strong>Quais s\u00e3o os 5 Is da Geriatria?<\/strong><span class=\"ez-toc-section-end\"><\/span><\/h2>\n\n\n\n<p>Os<strong> 5 Is da geriatria<\/strong> tamb\u00e9m s\u00e3o conhecidos como <strong>Gigantes da Geriatria,<\/strong> e possuem extrema import\u00e2ncia favor\u00e1vel a seus impactos na qualidade de vida dessa popula\u00e7\u00e3o, al\u00e9m da alta incid\u00eancia. Confira quais s\u00e3o a seguir!<\/p>\n\n\n\n<h3 class=\"wp-block-heading\" id=\"h-instabilidade\"><span class=\"ez-toc-section\" id=\"Instabilidade\"><\/span><strong>Instabilidade<\/strong><span class=\"ez-toc-section-end\"><\/span><\/h3>\n\n\n\n<p>A<strong> instabilidade postural<\/strong> refere-se \u00e0 <strong>perda de equil\u00edbrio,<\/strong> aumentando o risco de quedas, muito comum na popula\u00e7\u00e3o da terceira idade. As causas mais regulares s\u00e3o a fraqueza muscular, problemas de vis\u00e3o, efeitos colaterais de medicamentos e doen\u00e7as neurol\u00f3gicas. Desse modo, \u00e9 importante sempre ficar atento, pois \u00e9 poss\u00edvel que as quedas resultem em les\u00f5es graves, como fraturas, que impactam significativamente a qualidade de vida.<\/p>\n\n\n\n<h3 class=\"wp-block-heading\" id=\"h-imobilidade\"><span class=\"ez-toc-section\" id=\"Imobilidade\"><\/span><strong>Imobilidade<\/strong><span class=\"ez-toc-section-end\"><\/span><\/h3>\n\n\n\n<p>A<strong> imobilidade<\/strong> abrange a <strong>dificuldade de locomo\u00e7\u00e3o, <\/strong>possivelmente levando a graus variados de incapacidade motora, al\u00e9m de aumentar os riscos de de problemas de sa\u00fade como escaras, trombose venosa profunda e descondicionamento f\u00edsico. Pode ser causada por artrite, doen\u00e7as neurol\u00f3gicas ou efeitos de medicamentos.&nbsp;<\/p>\n\n\n\n<h3 class=\"wp-block-heading\" id=\"h-incontinencia\"><span class=\"ez-toc-section\" id=\"Incontinencia\"><\/span><strong>Incontin\u00eancia<\/strong><span class=\"ez-toc-section-end\"><\/span><\/h3>\n\n\n\n<p>A <strong>incontin\u00eancia<\/strong> \u00e9 a<strong> perda involunt\u00e1ria de urina <\/strong>que impacta significativamente a qualidade de vida de muitos idosos. Os tipos mais comuns s\u00e3o:<\/p>\n\n\n\n<ul class=\"wp-block-list\">\n<li><strong>Incontin\u00eancia urin\u00e1ria de esfor\u00e7o: <\/strong>ocorre quando h\u00e1 perda de urina durante atividades que aumentam a press\u00e3o abdominal, como tosse, espirro, risada ou exerc\u00edcio. Tem como principal causa o enfraquecimento dos m\u00fasculos do assoalho p\u00e9lvico, comum ap\u00f3s cirurgias ou em mulheres ap\u00f3s partos m\u00faltiplos;<\/li>\n\n\n\n<li><strong>Incontin\u00eancia Urin\u00e1ria de Urg\u00eancia: <\/strong>\u00e9 caracterizada por uma necessidade s\u00fabita e intensa de urinar, levando \u00e0 perda involunt\u00e1ria de urina. Geralmente s\u00e3o causadas por irrita\u00e7\u00e3o na bexiga, infec\u00e7\u00f5es urin\u00e1rias, ou condi\u00e7\u00f5es neurol\u00f3gicas como<strong> Parkinson;<\/strong><\/li>\n\n\n\n<li><strong>Incontin\u00eancia por Transbordamento: <\/strong>ocorre quando a bexiga n\u00e3o esvazia totalmente, levando ao gotejamento persistente de urina. Ocorre quando h\u00e1 obstru\u00e7\u00e3o uretral, fraqueza do m\u00fasculo detrusor.<\/li>\n<\/ul>\n\n\n\n<h3 class=\"wp-block-heading\" id=\"h-insuficiencia\"><span class=\"ez-toc-section\" id=\"Insuficiencia\"><\/span><strong>Insufici\u00eancia<\/strong><span class=\"ez-toc-section-end\"><\/span><\/h3>\n\n\n\n<p>A<strong> insufici\u00eancia cognitiva<\/strong> \u00e9 caracterizada pelas <strong>dificuldades em fun\u00e7\u00f5es cerebrais<\/strong>, como a mem\u00f3ria e o racioc\u00ednio. Alguns exemplos dessa condi\u00e7\u00e3o s\u00e3o o Alzheimer e a dem\u00eancia vascular. Afeta, principalmente, a capacidade de realizar atividades di\u00e1rias e tomar decis\u00f5es, muitas vezes exigindo suporte de familiares ou cuidadores.<\/p>\n\n\n\n<h3 class=\"wp-block-heading\" id=\"h-iatrogenia\"><span class=\"ez-toc-section\" id=\"Iatrogenia\"><\/span><strong>Iatrogenia<\/strong><span class=\"ez-toc-section-end\"><\/span><\/h3>\n\n\n\n<p>A Iatrogenia refere-se a problemas de sa\u00fade causados indiretamente pelo tratamento m\u00e9dico, podendo ser resultado de erros, neglig\u00eancia ou m\u00e1 pr\u00e1tica m\u00e9dica. Alguns exemplos s\u00e3o: exposi\u00e7\u00e3o a radia\u00e7\u00f5es em exames de imagem, rea\u00e7\u00f5es al\u00e9rgicas a contrastes em exames de imagem e uso abusivo de medicamentos.<\/p>\n\n\n\n<figure class=\"wp-block-image size-large\"><a href=\"https:\/\/www.grupomedcof.com.br\/blog\/wp-content\/uploads\/2024\/09\/O-que-fazer-antes-de-entrar-na-Residencia-Medica-Um-manual-para-estudantes-de-medicina-1.pdf\" target=\"_blank\" rel=\" noreferrer noopener\"><img loading=\"lazy\" decoding=\"async\" width=\"1024\" height=\"320\" src=\"https:\/\/www.grupomedcof.com.br\/blog\/wp-content\/uploads\/2024\/09\/Banner-MedCof-Plus-2200x460-10-1024x320.png\" alt=\"\" class=\"wp-image-33719\" srcset=\"https:\/\/www.grupomedcof.com.br\/blog\/wp-content\/uploads\/2024\/09\/Banner-MedCof-Plus-2200x460-10-1024x320.png 1024w, https:\/\/www.grupomedcof.com.br\/blog\/wp-content\/uploads\/2024\/09\/Banner-MedCof-Plus-2200x460-10-300x94.png 300w, https:\/\/www.grupomedcof.com.br\/blog\/wp-content\/uploads\/2024\/09\/Banner-MedCof-Plus-2200x460-10-768x240.png 768w, https:\/\/www.grupomedcof.com.br\/blog\/wp-content\/uploads\/2024\/09\/Banner-MedCof-Plus-2200x460-10-1536x480.png 1536w, https:\/\/www.grupomedcof.com.br\/blog\/wp-content\/uploads\/2024\/09\/Banner-MedCof-Plus-2200x460-10-2048x640.png 2048w, https:\/\/www.grupomedcof.com.br\/blog\/wp-content\/uploads\/2024\/09\/Banner-MedCof-Plus-2200x460-10-1344x420.png 1344w, https:\/\/www.grupomedcof.com.br\/blog\/wp-content\/uploads\/2024\/09\/Banner-MedCof-Plus-2200x460-10-150x47.png 150w, https:\/\/www.grupomedcof.com.br\/blog\/wp-content\/uploads\/2024\/09\/Banner-MedCof-Plus-2200x460-10-696x218.png 696w, https:\/\/www.grupomedcof.com.br\/blog\/wp-content\/uploads\/2024\/09\/Banner-MedCof-Plus-2200x460-10-1068x334.png 1068w, https:\/\/www.grupomedcof.com.br\/blog\/wp-content\/uploads\/2024\/09\/Banner-MedCof-Plus-2200x460-10-1920x600.png 1920w\" sizes=\"auto, (max-width: 1024px) 100vw, 1024px\" \/><\/a><\/figure>\n\n\n\n<h2 class=\"wp-block-heading\" id=\"h-principais-areas-da-geriatria\"><span class=\"ez-toc-section\" id=\"Principais_areas_da_Geriatria\"><\/span><strong>Principais \u00e1reas da Geriatria<\/strong><span class=\"ez-toc-section-end\"><\/span><\/h2>\n\n\n\n<p>A geriatria \u00e9 uma especialidade m\u00e9dica focada na sa\u00fade dos idosos, cobrindo \u00e1reas como preven\u00e7\u00e3o de doen\u00e7as, gest\u00e3o de s\u00edndromes geri\u00e1tricas, e promo\u00e7\u00e3o do envelhecimento saud\u00e1vel. Seus principais objetivos incluem melhorar a qualidade de vida e prolongar a autonomia dos pacientes idosos, abordando quest\u00f5es f\u00edsicas, cognitivas e emocionais. Entenda a seguir as principais \u00e1reas!<\/p>\n\n\n\n<h3 class=\"wp-block-heading\" id=\"h-doencas-cronicas\"><span class=\"ez-toc-section\" id=\"Doencas_cronicas\"><\/span><strong>Doen\u00e7as cr\u00f4nicas<\/strong><span class=\"ez-toc-section-end\"><\/span><\/h3>\n\n\n\n<p>Na geriatria, o manejo de <strong>doen\u00e7as cr\u00f4nicas como diabetes, hipertens\u00e3o e artrite<\/strong> \u00e9 crucial para manter a qualidade de vida dos idosos. <strong>Essa \u00e1rea foca na preven\u00e7\u00e3o de complica\u00e7\u00f5es<\/strong>, ajuste personalizado de tratamentos e educa\u00e7\u00e3o do paciente, visando minimizar impactos adversos.&nbsp;<\/p>\n\n\n\n<p>Ao gerenciar eficazmente as condi\u00e7\u00f5es cr\u00f4nicas, a geriatria promove um envelhecimento mais saud\u00e1vel e confort\u00e1vel, essencial para o bem-estar da popula\u00e7\u00e3o idosa.<\/p>\n\n\n\n<h3 class=\"wp-block-heading\" id=\"h-sindromes-geriatricas\"><span class=\"ez-toc-section\" id=\"Sindromes_Geriatricas\"><\/span><strong>S\u00edndromes Geri\u00e1tricas<\/strong><span class=\"ez-toc-section-end\"><\/span><\/h3>\n\n\n\n<p>As s\u00edndromes geri\u00e1tricas s\u00e3o condi\u00e7\u00f5es multifatoriais, envolvendo problemas complexos como <strong>dem\u00eancia, incontin\u00eancia, instabilidade (quedas), delirium, e imobilidade<\/strong>. Diferentes de doen\u00e7as tradicionais, essas s\u00edndromes resultam de intera\u00e7\u00f5es entre doen\u00e7as, fragilidade e os efeitos do envelhecimento de m\u00faltiplos sistemas do corpo.&nbsp;<\/p>\n\n\n\n<p>O manejo eficaz requer uma abordagem interdisciplinar, priorizando a preven\u00e7\u00e3o e o tratamento personalizado para melhorar a qualidade de vida e manter a autonomia dos idosos.<\/p>\n\n\n\n<h3 class=\"wp-block-heading\" id=\"h-prevencao-e-promocao-da-saude\"><span class=\"ez-toc-section\" id=\"Prevencao_e_promocao_da_saude\"><\/span><strong>Preven\u00e7\u00e3o e promo\u00e7\u00e3o da sa\u00fade<\/strong><span class=\"ez-toc-section-end\"><\/span><\/h3>\n\n\n\n<p>Essa \u00e1rea <strong>foca na qualidade de vida dos idosos,<\/strong> implementando <strong>pr\u00e1ticas que retardam o envelhecimento e previnem doen\u00e7as.<\/strong> Com estrat\u00e9gias baseadas em <strong>exerc\u00edcios, alimenta\u00e7\u00e3o saud\u00e1vel <\/strong>e <strong>acompanhamento m\u00e9dico<\/strong>, busca-se garantir bem-estar e longevidade. Abordar esses aspectos \u00e9 essencial para alcan\u00e7ar resultados eficazes e visibilidade nas buscas online.<\/p>\n\n\n\n<h3 class=\"wp-block-heading\" id=\"h-neurogeriatria\"><span class=\"ez-toc-section\" id=\"Neurogeriatria\"><\/span><strong>Neurogeriatria<\/strong><span class=\"ez-toc-section-end\"><\/span><\/h3>\n\n\n\n<p>A <strong>Neurogeriatria<\/strong> \u00e9 uma \u00e1rea que <strong>se concentra na sa\u00fade neurol\u00f3gica de idosos<\/strong>, abordando condi\u00e7\u00f5es como dem\u00eancia, Alzheimer e Parkinson. Os especialistas nessa \u00e1rea trabalham para <strong>diagnosticar, tratar e gerenciar doen\u00e7as neurol\u00f3gicas com foco tamb\u00e9m na melhora da qualidade de vida.&nbsp;<\/strong><\/p>\n\n\n\n<p>Atrav\u00e9s de terapias personalizadas e interven\u00e7\u00f5es precoces, objetiva-se minimizar os impactos dessas condi\u00e7\u00f5es, promovendo o bem-estar e a independ\u00eancia dos pacientes idosos.<\/p>\n\n\n\n<h3 class=\"wp-block-heading\" id=\"h-cuidados-paliativos-e-fim-da-vida\"><span class=\"ez-toc-section\" id=\"Cuidados_Paliativos_e_Fim_da_Vida\"><\/span><strong>Cuidados Paliativos e Fim da Vida<\/strong><span class=\"ez-toc-section-end\"><\/span><\/h3>\n\n\n\n<p>A \u00e1rea de <strong>Cuidados Paliativos e Fim da Vida<\/strong> oferece <strong>suporte especializado a pacientes com doen\u00e7as graves<\/strong>, centrando-se no <strong>al\u00edvio da dor, sintomas e suporte emocional.<\/strong> Tem como objetivo <strong>proporcionar conforto, dignidade e qualidade de vida<\/strong>, tanto para os pacientes quanto para suas fam\u00edlias, durante esse per\u00edodo cr\u00edtico.<\/p>\n\n\n\n<h2 class=\"wp-block-heading\" id=\"h-como-e-a-rotina-de-um-medico-geriatra\"><span class=\"ez-toc-section\" id=\"Como_e_a_rotina_de_um_medico_geriatra\"><\/span><strong>Como \u00e9 a rotina de um m\u00e9dico geriatra?<\/strong><span class=\"ez-toc-section-end\"><\/span><\/h2>\n\n\n\n<p>A rotina de um m\u00e9dico geriatra pode ser diversa e \u00e9 focada no cuidado integral dos pacientes, abordando necessidades f\u00edsicas, emocionais e sociais. Eles realizam acompanhamento regular, ajustando tratamentos conforme necess\u00e1rio, e colaboram com equipes multidisciplinares para cuidados integrados.&nbsp;<\/p>\n\n\n\n<p>Al\u00e9m disso, educam sobre preven\u00e7\u00e3o de quedas e promovem a sa\u00fade mental, destacando a import\u00e2ncia de aprimorar a qualidade de vida dos pacientes.<\/p>\n\n\n\n<h2 class=\"wp-block-heading\" id=\"h-qual-o-salario-de-um-medico-geriatra\"><span class=\"ez-toc-section\" id=\"Qual_o_salario_de_um_medico_geriatra\"><\/span><strong>Qual o sal\u00e1rio de um m\u00e9dico geriatra?<\/strong><span class=\"ez-toc-section-end\"><\/span><\/h2>\n\n\n\n<p>A faixa salarial do m\u00e9dico Geriatra fica entre R$8.729,69 (m\u00e9dia do piso salarial 2023 de acordos coletivos) e R$18.447,55 (teto salarial). Atualmente, um geriatra ganha R$7.633,43 por uma jornada de trabalho de 24 horas semanais.<\/p>\n\n\n\n<h2 class=\"wp-block-heading\" id=\"h-como-conquistar-a-entrada-na-residencia\"><span class=\"ez-toc-section\" id=\"Como_conquistar_a_entrada_na_residencia\"><\/span><strong>Como conquistar a entrada na resid\u00eancia?<\/strong><span class=\"ez-toc-section-end\"><\/span><\/h2>\n\n\n\n<p>Quer alcan\u00e7ar a aprova\u00e7\u00e3o nas provas de resid\u00eancia m\u00e9dica? Ent\u00e3o seja um <a href=\"https:\/\/www.grupomedcof.com.br\/home\/\"><strong>MedCofer<\/strong><\/a>! Aqui, te ajudaremos na busca da aprova\u00e7\u00e3o com conte\u00fados de qualidade e uma <a href=\"https:\/\/www.grupomedcof.com.br\/blog\/presenca-da-medcof-nas-aprovacoes-em-residencia-medica-no-brasil\/\"><strong>metodologia que j\u00e1 aprovou mais de 10 mil residentes no pa\u00eds<\/strong><\/a>! Por fim, acesse o nosso<a href=\"https:\/\/www.youtube.com\/@GrupoMedcof\/featured\"> <strong>canal do youtube <\/strong><\/a>para ver o nosso material.<\/p>\n\n\n\n<figure class=\"wp-block-embed is-type-video is-provider-youtube wp-block-embed-youtube wp-embed-aspect-16-9 wp-has-aspect-ratio\"><div class=\"wp-block-embed__wrapper\">\n<div class=\"youtube-embed\" data-video_id=\"sw10yMjgIDk\"><iframe loading=\"lazy\" title=\"Conforto M\u00e9dico:  A Trajet\u00f3ria at\u00e9 o Fellow em Geriatria com Dra. Fernanda Ninin | Ep#24\" width=\"696\" height=\"392\" src=\"https:\/\/www.youtube.com\/embed\/sw10yMjgIDk?start=2&#038;feature=oembed\" frameborder=\"0\" allow=\"accelerometer; autoplay; clipboard-write; encrypted-media; gyroscope; picture-in-picture; web-share\" referrerpolicy=\"strict-origin-when-cross-origin\" allowfullscreen><\/iframe><\/div>\n<\/div><\/figure>\n","protected":false},"excerpt":{"rendered":"<p>Quer saber mais sobre Geriatria? Acesse esse artigo e confira o que \u00e9, diferentes \u00e1reas e escopo de atua\u00e7\u00e3o. Confira!<\/p>\n","protected":false},"author":20,"featured_media":33698,"comment_status":"open","ping_status":"open","sticky":false,"template":"","format":"standard","meta":{"footnotes":""},"categories":[220],"tags":[2607,114,2610,2608,2609],"ppma_author":[3616],"class_list":{"0":"post-33694","1":"post","2":"type-post","3":"status-publish","4":"format-standard","5":"has-post-thumbnail","7":"category-geriatria","8":"tag-5-is","9":"tag-geriatria","10":"tag-gerontologia","11":"tag-medico-geriatra","12":"tag-o-que-e-geriatria"},"yoast_head":"<!-- This site is optimized with the Yoast SEO Premium plugin v24.3 (Yoast SEO v27.4) - https:\/\/yoast.com\/product\/yoast-seo-premium-wordpress\/ -->\n<title>Geriatria: o que \u00e9, 5 is e o que faz | MedCof<\/title>\n<meta name=\"description\" content=\"Quer saber mais sobre Geriatria? Acesse esse artigo e confira o que \u00e9, diferentes \u00e1reas e escopo de atua\u00e7\u00e3o. Confira!\" \/>\n<meta name=\"robots\" content=\"index, follow, max-snippet:-1, max-image-preview:large, max-video-preview:-1\" \/>\n<link rel=\"canonical\" href=\"https:\/\/www.grupomedcof.com.br\/blog\/geriatria\/\" \/>\n<meta property=\"og:locale\" content=\"pt_BR\" \/>\n<meta property=\"og:type\" content=\"article\" \/>\n<meta property=\"og:title\" content=\"O que faz a geriatria? Entenda tudo sobre!\" \/>\n<meta property=\"og:description\" content=\"Quer saber mais sobre Geriatria? Acesse esse artigo e confira o que \u00e9, diferentes \u00e1reas e escopo de atua\u00e7\u00e3o. Confira!\" \/>\n<meta property=\"og:url\" content=\"https:\/\/www.grupomedcof.com.br\/blog\/geriatria\/\" \/>\n<meta property=\"og:site_name\" content=\"Blog de Medcof: conte\u00fados, editais, revalida e mais!\" \/>\n<meta property=\"article:publisher\" content=\"https:\/\/www.facebook.com\/MedCofQbank\/\" \/>\n<meta property=\"article:published_time\" content=\"2025-02-20T13:17:22+00:00\" \/>\n<meta property=\"article:modified_time\" content=\"2025-02-20T13:17:23+00:00\" \/>\n<meta property=\"og:image\" content=\"https:\/\/www.grupomedcof.com.br\/blog\/wp-content\/uploads\/2025\/02\/Blog-MedCof-91.jpg\" \/>\n\t<meta property=\"og:image:width\" content=\"1920\" \/>\n\t<meta property=\"og:image:height\" content=\"1080\" \/>\n\t<meta property=\"og:image:type\" content=\"image\/jpeg\" \/>\n<meta name=\"author\" content=\"Leila Menzel\" \/>\n<meta name=\"twitter:card\" content=\"summary_large_image\" \/>\n<meta name=\"twitter:label1\" content=\"Escrito por\" \/>\n\t<meta name=\"twitter:data1\" content=\"Leila Menzel\" \/>\n\t<meta name=\"twitter:label2\" content=\"Est. tempo de leitura\" \/>\n\t<meta name=\"twitter:data2\" content=\"9 minutos\" \/>\n<script type=\"application\/ld+json\" class=\"yoast-schema-graph\">{\"@context\":\"https:\\\/\\\/schema.org\",\"@graph\":[{\"@type\":\"Article\",\"@id\":\"https:\\\/\\\/www.grupomedcof.com.br\\\/blog\\\/geriatria\\\/#article\",\"isPartOf\":{\"@id\":\"https:\\\/\\\/www.grupomedcof.com.br\\\/blog\\\/geriatria\\\/\"},\"author\":{\"name\":\"Leila Menzel\",\"@id\":\"https:\\\/\\\/www.grupomedcof.com.br\\\/blog\\\/#\\\/schema\\\/person\\\/9a44c2184a836bf5ae6967fdb3a1451e\"},\"headline\":\"O que faz a geriatria? Entenda tudo sobre!\",\"datePublished\":\"2025-02-20T13:17:22+00:00\",\"dateModified\":\"2025-02-20T13:17:23+00:00\",\"mainEntityOfPage\":{\"@id\":\"https:\\\/\\\/www.grupomedcof.com.br\\\/blog\\\/geriatria\\\/\"},\"wordCount\":1727,\"commentCount\":0,\"publisher\":{\"@id\":\"https:\\\/\\\/www.grupomedcof.com.br\\\/blog\\\/#organization\"},\"image\":{\"@id\":\"https:\\\/\\\/www.grupomedcof.com.br\\\/blog\\\/geriatria\\\/#primaryimage\"},\"thumbnailUrl\":\"https:\\\/\\\/www.grupomedcof.com.br\\\/blog\\\/wp-content\\\/uploads\\\/2025\\\/02\\\/Blog-MedCof-91.jpg\",\"keywords\":[\"5 i's\",\"Geriatria\",\"Gerontologia\",\"M\u00e9dico Geriatra\",\"O que \u00e9 geriatria\"],\"articleSection\":[\"Geriatria\"],\"inLanguage\":\"pt-BR\"},{\"@type\":\"WebPage\",\"@id\":\"https:\\\/\\\/www.grupomedcof.com.br\\\/blog\\\/geriatria\\\/\",\"url\":\"https:\\\/\\\/www.grupomedcof.com.br\\\/blog\\\/geriatria\\\/\",\"name\":\"Geriatria: o que \u00e9, 5 is e o que faz | MedCof\",\"isPartOf\":{\"@id\":\"https:\\\/\\\/www.grupomedcof.com.br\\\/blog\\\/#website\"},\"primaryImageOfPage\":{\"@id\":\"https:\\\/\\\/www.grupomedcof.com.br\\\/blog\\\/geriatria\\\/#primaryimage\"},\"image\":{\"@id\":\"https:\\\/\\\/www.grupomedcof.com.br\\\/blog\\\/geriatria\\\/#primaryimage\"},\"thumbnailUrl\":\"https:\\\/\\\/www.grupomedcof.com.br\\\/blog\\\/wp-content\\\/uploads\\\/2025\\\/02\\\/Blog-MedCof-91.jpg\",\"datePublished\":\"2025-02-20T13:17:22+00:00\",\"dateModified\":\"2025-02-20T13:17:23+00:00\",\"description\":\"Quer saber mais sobre Geriatria? Acesse esse artigo e confira o que \u00e9, diferentes \u00e1reas e escopo de atua\u00e7\u00e3o. Confira!\",\"breadcrumb\":{\"@id\":\"https:\\\/\\\/www.grupomedcof.com.br\\\/blog\\\/geriatria\\\/#breadcrumb\"},\"inLanguage\":\"pt-BR\",\"potentialAction\":[{\"@type\":\"ReadAction\",\"target\":[\"https:\\\/\\\/www.grupomedcof.com.br\\\/blog\\\/geriatria\\\/\"]}]},{\"@type\":\"ImageObject\",\"inLanguage\":\"pt-BR\",\"@id\":\"https:\\\/\\\/www.grupomedcof.com.br\\\/blog\\\/geriatria\\\/#primaryimage\",\"url\":\"https:\\\/\\\/www.grupomedcof.com.br\\\/blog\\\/wp-content\\\/uploads\\\/2025\\\/02\\\/Blog-MedCof-91.jpg\",\"contentUrl\":\"https:\\\/\\\/www.grupomedcof.com.br\\\/blog\\\/wp-content\\\/uploads\\\/2025\\\/02\\\/Blog-MedCof-91.jpg\",\"width\":1920,\"height\":1080},{\"@type\":\"BreadcrumbList\",\"@id\":\"https:\\\/\\\/www.grupomedcof.com.br\\\/blog\\\/geriatria\\\/#breadcrumb\",\"itemListElement\":[{\"@type\":\"ListItem\",\"position\":1,\"name\":\"In\u00edcio\",\"item\":\"https:\\\/\\\/www.grupomedcof.com.br\\\/blog\\\/\"},{\"@type\":\"ListItem\",\"position\":2,\"name\":\"O que faz a geriatria? Entenda tudo sobre!\"}]},{\"@type\":\"WebSite\",\"@id\":\"https:\\\/\\\/www.grupomedcof.com.br\\\/blog\\\/#website\",\"url\":\"https:\\\/\\\/www.grupomedcof.com.br\\\/blog\\\/\",\"name\":\"Blog de Medcof: conte\u00fados, editais, revalida e mais!\",\"description\":\"Acesso o blog de MedCof! Seu portal de conte\u00fados sobre resid\u00eancia m\u00e9dica, an\u00e1lise e editais e muito mais. Clique e confira!\",\"publisher\":{\"@id\":\"https:\\\/\\\/www.grupomedcof.com.br\\\/blog\\\/#organization\"},\"alternateName\":\"Blog de Medcof: conte\u00fados, editais, revalida e mais!\",\"potentialAction\":[{\"@type\":\"SearchAction\",\"target\":{\"@type\":\"EntryPoint\",\"urlTemplate\":\"https:\\\/\\\/www.grupomedcof.com.br\\\/blog\\\/?s={search_term_string}\"},\"query-input\":{\"@type\":\"PropertyValueSpecification\",\"valueRequired\":true,\"valueName\":\"search_term_string\"}}],\"inLanguage\":\"pt-BR\"},{\"@type\":\"Organization\",\"@id\":\"https:\\\/\\\/www.grupomedcof.com.br\\\/blog\\\/#organization\",\"name\":\"Grupo MedCof\",\"url\":\"https:\\\/\\\/www.grupomedcof.com.br\\\/blog\\\/\",\"logo\":{\"@type\":\"ImageObject\",\"inLanguage\":\"pt-BR\",\"@id\":\"https:\\\/\\\/www.grupomedcof.com.br\\\/blog\\\/#\\\/schema\\\/logo\\\/image\\\/\",\"url\":\"https:\\\/\\\/www.grupomedcof.com.br\\\/blog\\\/wp-content\\\/uploads\\\/2022\\\/01\\\/logo-medcof.png\",\"contentUrl\":\"https:\\\/\\\/www.grupomedcof.com.br\\\/blog\\\/wp-content\\\/uploads\\\/2022\\\/01\\\/logo-medcof.png\",\"width\":768,\"height\":269,\"caption\":\"Grupo MedCof\"},\"image\":{\"@id\":\"https:\\\/\\\/www.grupomedcof.com.br\\\/blog\\\/#\\\/schema\\\/logo\\\/image\\\/\"},\"sameAs\":[\"https:\\\/\\\/www.facebook.com\\\/MedCofQbank\\\/\",\"https:\\\/\\\/www.instagram.com\\\/grupomedcof\\\/\",\"https:\\\/\\\/br.linkedin.com\\\/company\\\/medcof\",\"https:\\\/\\\/www.youtube.com\\\/channel\\\/UCdHMuOHKICxcHwecxN8P-AA\"]},{\"@type\":\"Person\",\"@id\":\"https:\\\/\\\/www.grupomedcof.com.br\\\/blog\\\/#\\\/schema\\\/person\\\/9a44c2184a836bf5ae6967fdb3a1451e\",\"name\":\"Leila Menzel\",\"image\":{\"@type\":\"ImageObject\",\"inLanguage\":\"pt-BR\",\"@id\":\"https:\\\/\\\/www.grupomedcof.com.br\\\/blog\\\/wp-content\\\/uploads\\\/2025\\\/09\\\/cropped-eu-96x96.jpeg19a74936d997c0a8b3031618467fa1d0\",\"url\":\"https:\\\/\\\/www.grupomedcof.com.br\\\/blog\\\/wp-content\\\/uploads\\\/2025\\\/09\\\/cropped-eu-96x96.jpeg\",\"contentUrl\":\"https:\\\/\\\/www.grupomedcof.com.br\\\/blog\\\/wp-content\\\/uploads\\\/2025\\\/09\\\/cropped-eu-96x96.jpeg\",\"caption\":\"Leila Menzel\"},\"description\":\"Estudante do 6\u00b0 semestre de jornalismo, amo e escrevo poesias e viajo em livros de romances clich\u00eas.\",\"url\":\"https:\\\/\\\/www.grupomedcof.com.br\\\/blog\\\/author\\\/leila-menzel\\\/\"}]}<\/script>\n<!-- \/ Yoast SEO Premium plugin. -->","yoast_head_json":{"title":"Geriatria: o que \u00e9, 5 is e o que faz | MedCof","description":"Quer saber mais sobre Geriatria? Acesse esse artigo e confira o que \u00e9, diferentes \u00e1reas e escopo de atua\u00e7\u00e3o. Confira!","robots":{"index":"index","follow":"follow","max-snippet":"max-snippet:-1","max-image-preview":"max-image-preview:large","max-video-preview":"max-video-preview:-1"},"canonical":"https:\/\/www.grupomedcof.com.br\/blog\/geriatria\/","og_locale":"pt_BR","og_type":"article","og_title":"O que faz a geriatria? Entenda tudo sobre!","og_description":"Quer saber mais sobre Geriatria? Acesse esse artigo e confira o que \u00e9, diferentes \u00e1reas e escopo de atua\u00e7\u00e3o. Confira!","og_url":"https:\/\/www.grupomedcof.com.br\/blog\/geriatria\/","og_site_name":"Blog de Medcof: conte\u00fados, editais, revalida e mais!","article_publisher":"https:\/\/www.facebook.com\/MedCofQbank\/","article_published_time":"2025-02-20T13:17:22+00:00","article_modified_time":"2025-02-20T13:17:23+00:00","og_image":[{"width":1920,"height":1080,"url":"https:\/\/www.grupomedcof.com.br\/blog\/wp-content\/uploads\/2025\/02\/Blog-MedCof-91.jpg","type":"image\/jpeg"}],"author":"Leila Menzel","twitter_card":"summary_large_image","twitter_misc":{"Escrito por":"Leila Menzel","Est. tempo de leitura":"9 minutos"},"schema":{"@context":"https:\/\/schema.org","@graph":[{"@type":"Article","@id":"https:\/\/www.grupomedcof.com.br\/blog\/geriatria\/#article","isPartOf":{"@id":"https:\/\/www.grupomedcof.com.br\/blog\/geriatria\/"},"author":{"name":"Leila Menzel","@id":"https:\/\/www.grupomedcof.com.br\/blog\/#\/schema\/person\/9a44c2184a836bf5ae6967fdb3a1451e"},"headline":"O que faz a geriatria? Entenda tudo sobre!","datePublished":"2025-02-20T13:17:22+00:00","dateModified":"2025-02-20T13:17:23+00:00","mainEntityOfPage":{"@id":"https:\/\/www.grupomedcof.com.br\/blog\/geriatria\/"},"wordCount":1727,"commentCount":0,"publisher":{"@id":"https:\/\/www.grupomedcof.com.br\/blog\/#organization"},"image":{"@id":"https:\/\/www.grupomedcof.com.br\/blog\/geriatria\/#primaryimage"},"thumbnailUrl":"https:\/\/www.grupomedcof.com.br\/blog\/wp-content\/uploads\/2025\/02\/Blog-MedCof-91.jpg","keywords":["5 i's","Geriatria","Gerontologia","M\u00e9dico Geriatra","O que \u00e9 geriatria"],"articleSection":["Geriatria"],"inLanguage":"pt-BR"},{"@type":"WebPage","@id":"https:\/\/www.grupomedcof.com.br\/blog\/geriatria\/","url":"https:\/\/www.grupomedcof.com.br\/blog\/geriatria\/","name":"Geriatria: o que \u00e9, 5 is e o que faz | MedCof","isPartOf":{"@id":"https:\/\/www.grupomedcof.com.br\/blog\/#website"},"primaryImageOfPage":{"@id":"https:\/\/www.grupomedcof.com.br\/blog\/geriatria\/#primaryimage"},"image":{"@id":"https:\/\/www.grupomedcof.com.br\/blog\/geriatria\/#primaryimage"},"thumbnailUrl":"https:\/\/www.grupomedcof.com.br\/blog\/wp-content\/uploads\/2025\/02\/Blog-MedCof-91.jpg","datePublished":"2025-02-20T13:17:22+00:00","dateModified":"2025-02-20T13:17:23+00:00","description":"Quer saber mais sobre Geriatria? Acesse esse artigo e confira o que \u00e9, diferentes \u00e1reas e escopo de atua\u00e7\u00e3o. Confira!","breadcrumb":{"@id":"https:\/\/www.grupomedcof.com.br\/blog\/geriatria\/#breadcrumb"},"inLanguage":"pt-BR","potentialAction":[{"@type":"ReadAction","target":["https:\/\/www.grupomedcof.com.br\/blog\/geriatria\/"]}]},{"@type":"ImageObject","inLanguage":"pt-BR","@id":"https:\/\/www.grupomedcof.com.br\/blog\/geriatria\/#primaryimage","url":"https:\/\/www.grupomedcof.com.br\/blog\/wp-content\/uploads\/2025\/02\/Blog-MedCof-91.jpg","contentUrl":"https:\/\/www.grupomedcof.com.br\/blog\/wp-content\/uploads\/2025\/02\/Blog-MedCof-91.jpg","width":1920,"height":1080},{"@type":"BreadcrumbList","@id":"https:\/\/www.grupomedcof.com.br\/blog\/geriatria\/#breadcrumb","itemListElement":[{"@type":"ListItem","position":1,"name":"In\u00edcio","item":"https:\/\/www.grupomedcof.com.br\/blog\/"},{"@type":"ListItem","position":2,"name":"O que faz a geriatria? Entenda tudo sobre!"}]},{"@type":"WebSite","@id":"https:\/\/www.grupomedcof.com.br\/blog\/#website","url":"https:\/\/www.grupomedcof.com.br\/blog\/","name":"Blog de Medcof: conte\u00fados, editais, revalida e mais!","description":"Acesso o blog de MedCof! Seu portal de conte\u00fados sobre resid\u00eancia m\u00e9dica, an\u00e1lise e editais e muito mais. Clique e confira!","publisher":{"@id":"https:\/\/www.grupomedcof.com.br\/blog\/#organization"},"alternateName":"Blog de Medcof: conte\u00fados, editais, revalida e mais!","potentialAction":[{"@type":"SearchAction","target":{"@type":"EntryPoint","urlTemplate":"https:\/\/www.grupomedcof.com.br\/blog\/?s={search_term_string}"},"query-input":{"@type":"PropertyValueSpecification","valueRequired":true,"valueName":"search_term_string"}}],"inLanguage":"pt-BR"},{"@type":"Organization","@id":"https:\/\/www.grupomedcof.com.br\/blog\/#organization","name":"Grupo MedCof","url":"https:\/\/www.grupomedcof.com.br\/blog\/","logo":{"@type":"ImageObject","inLanguage":"pt-BR","@id":"https:\/\/www.grupomedcof.com.br\/blog\/#\/schema\/logo\/image\/","url":"https:\/\/www.grupomedcof.com.br\/blog\/wp-content\/uploads\/2022\/01\/logo-medcof.png","contentUrl":"https:\/\/www.grupomedcof.com.br\/blog\/wp-content\/uploads\/2022\/01\/logo-medcof.png","width":768,"height":269,"caption":"Grupo MedCof"},"image":{"@id":"https:\/\/www.grupomedcof.com.br\/blog\/#\/schema\/logo\/image\/"},"sameAs":["https:\/\/www.facebook.com\/MedCofQbank\/","https:\/\/www.instagram.com\/grupomedcof\/","https:\/\/br.linkedin.com\/company\/medcof","https:\/\/www.youtube.com\/channel\/UCdHMuOHKICxcHwecxN8P-AA"]},{"@type":"Person","@id":"https:\/\/www.grupomedcof.com.br\/blog\/#\/schema\/person\/9a44c2184a836bf5ae6967fdb3a1451e","name":"Leila Menzel","image":{"@type":"ImageObject","inLanguage":"pt-BR","@id":"https:\/\/www.grupomedcof.com.br\/blog\/wp-content\/uploads\/2025\/09\/cropped-eu-96x96.jpeg19a74936d997c0a8b3031618467fa1d0","url":"https:\/\/www.grupomedcof.com.br\/blog\/wp-content\/uploads\/2025\/09\/cropped-eu-96x96.jpeg","contentUrl":"https:\/\/www.grupomedcof.com.br\/blog\/wp-content\/uploads\/2025\/09\/cropped-eu-96x96.jpeg","caption":"Leila Menzel"},"description":"Estudante do 6\u00b0 semestre de jornalismo, amo e escrevo poesias e viajo em livros de romances clich\u00eas.","url":"https:\/\/www.grupomedcof.com.br\/blog\/author\/leila-menzel\/"}]}},"authors":[{"term_id":3616,"user_id":20,"is_guest":0,"slug":"leila-menzel","display_name":"Leila Menzel","avatar_url":"https:\/\/www.grupomedcof.com.br\/blog\/wp-content\/uploads\/2025\/09\/cropped-eu-96x96.jpeg","0":null,"1":"","2":"","3":"","4":"","5":"","6":"","7":"","8":""}],"_links":{"self":[{"href":"https:\/\/www.grupomedcof.com.br\/blog\/wp-json\/wp\/v2\/posts\/33694","targetHints":{"allow":["GET"]}}],"collection":[{"href":"https:\/\/www.grupomedcof.com.br\/blog\/wp-json\/wp\/v2\/posts"}],"about":[{"href":"https:\/\/www.grupomedcof.com.br\/blog\/wp-json\/wp\/v2\/types\/post"}],"author":[{"embeddable":true,"href":"https:\/\/www.grupomedcof.com.br\/blog\/wp-json\/wp\/v2\/users\/20"}],"replies":[{"embeddable":true,"href":"https:\/\/www.grupomedcof.com.br\/blog\/wp-json\/wp\/v2\/comments?post=33694"}],"version-history":[{"count":0,"href":"https:\/\/www.grupomedcof.com.br\/blog\/wp-json\/wp\/v2\/posts\/33694\/revisions"}],"wp:featuredmedia":[{"embeddable":true,"href":"https:\/\/www.grupomedcof.com.br\/blog\/wp-json\/wp\/v2\/media\/33698"}],"wp:attachment":[{"href":"https:\/\/www.grupomedcof.com.br\/blog\/wp-json\/wp\/v2\/media?parent=33694"}],"wp:term":[{"taxonomy":"category","embeddable":true,"href":"https:\/\/www.grupomedcof.com.br\/blog\/wp-json\/wp\/v2\/categories?post=33694"},{"taxonomy":"post_tag","embeddable":true,"href":"https:\/\/www.grupomedcof.com.br\/blog\/wp-json\/wp\/v2\/tags?post=33694"},{"taxonomy":"author","embeddable":true,"href":"https:\/\/www.grupomedcof.com.br\/blog\/wp-json\/wp\/v2\/ppma_author?post=33694"}],"curies":[{"name":"wp","href":"https:\/\/api.w.org\/{rel}","templated":true}]}}