{"id":33778,"date":"2025-02-19T15:42:17","date_gmt":"2025-02-19T18:42:17","guid":{"rendered":"https:\/\/www.grupomedcof.com.br\/blog\/?p=33778"},"modified":"2025-02-19T15:42:18","modified_gmt":"2025-02-19T18:42:18","slug":"terapia-revolucionaria-para-distrofia-muscular-de-duchenne-estreia-no-sus","status":"publish","type":"post","link":"https:\/\/www.grupomedcof.com.br\/blog\/terapia-revolucionaria-para-distrofia-muscular-de-duchenne-estreia-no-sus\/","title":{"rendered":"Terapia revolucion\u00e1ria para Distrofia Muscular de Duchenne estreia no SUS"},"content":{"rendered":"<div id=\"ez-toc-container\" class=\"ez-toc-v2_0_74 counter-hierarchy ez-toc-counter ez-toc-transparent ez-toc-container-direction\">\n<div class=\"ez-toc-title-container\">\n<p class=\"ez-toc-title\" style=\"cursor:inherit\">Sum\u00e1rio<\/p>\n<span class=\"ez-toc-title-toggle\"><a href=\"#\" class=\"ez-toc-pull-right ez-toc-btn ez-toc-btn-xs ez-toc-btn-default ez-toc-toggle\" aria-label=\"Alternar tabela de conte\u00fado\"><span class=\"ez-toc-js-icon-con\"><span class=\"\"><span class=\"eztoc-hide\" style=\"display:none;\">Toggle<\/span><span class=\"ez-toc-icon-toggle-span\"><svg style=\"fill: #999;color:#999\" xmlns=\"http:\/\/www.w3.org\/2000\/svg\" class=\"list-377408\" width=\"20px\" height=\"20px\" viewBox=\"0 0 24 24\" fill=\"none\"><path d=\"M6 6H4v2h2V6zm14 0H8v2h12V6zM4 11h2v2H4v-2zm16 0H8v2h12v-2zM4 16h2v2H4v-2zm16 0H8v2h12v-2z\" fill=\"currentColor\"><\/path><\/svg><svg style=\"fill: #999;color:#999\" class=\"arrow-unsorted-368013\" xmlns=\"http:\/\/www.w3.org\/2000\/svg\" width=\"10px\" height=\"10px\" viewBox=\"0 0 24 24\" version=\"1.2\" baseProfile=\"tiny\"><path d=\"M18.2 9.3l-6.2-6.3-6.2 6.3c-.2.2-.3.4-.3.7s.1.5.3.7c.2.2.4.3.7.3h11c.3 0 .5-.1.7-.3.2-.2.3-.5.3-.7s-.1-.5-.3-.7zM5.8 14.7l6.2 6.3 6.2-6.3c.2-.2.3-.5.3-.7s-.1-.5-.3-.7c-.2-.2-.4-.3-.7-.3h-11c-.3 0-.5.1-.7.3-.2.2-.3.5-.3.7s.1.5.3.7z\"\/><\/svg><\/span><\/span><\/span><\/a><\/span><\/div>\n<nav><ul class='ez-toc-list ez-toc-list-level-1 ' ><li class='ez-toc-page-1 ez-toc-heading-level-2'><a class=\"ez-toc-link ez-toc-heading-1\" href=\"https:\/\/www.grupomedcof.com.br\/blog\/terapia-revolucionaria-para-distrofia-muscular-de-duchenne-estreia-no-sus\/#Terapia_avancada_no_tratamento_da_distrofia_muscular_de_Duchenne\" >Terapia avan\u00e7ada no tratamento da distrofia muscular de Duchenne<\/a><\/li><li class='ez-toc-page-1 ez-toc-heading-level-2'><a class=\"ez-toc-link ez-toc-heading-2\" href=\"https:\/\/www.grupomedcof.com.br\/blog\/terapia-revolucionaria-para-distrofia-muscular-de-duchenne-estreia-no-sus\/#A_terapia_inovadora\" >A terapia inovadora<\/a><\/li><li class='ez-toc-page-1 ez-toc-heading-level-2'><a class=\"ez-toc-link ez-toc-heading-3\" href=\"https:\/\/www.grupomedcof.com.br\/blog\/terapia-revolucionaria-para-distrofia-muscular-de-duchenne-estreia-no-sus\/#Impacto_no_SUS_e_para_os_Pacientes\" >Impacto no SUS e para os Pacientes<\/a><\/li><li class='ez-toc-page-1 ez-toc-heading-level-2'><a class=\"ez-toc-link ez-toc-heading-4\" href=\"https:\/\/www.grupomedcof.com.br\/blog\/terapia-revolucionaria-para-distrofia-muscular-de-duchenne-estreia-no-sus\/#O_que_e_a_Distrofia_Muscular_de_Duchenne\" >O que \u00e9 a Distrofia Muscular de Duchenne?<\/a><\/li><li class='ez-toc-page-1 ez-toc-heading-level-2'><a class=\"ez-toc-link ez-toc-heading-5\" href=\"https:\/\/www.grupomedcof.com.br\/blog\/terapia-revolucionaria-para-distrofia-muscular-de-duchenne-estreia-no-sus\/#Importancia_da_Deteccao_Precoce\" >Import\u00e2ncia da Detec\u00e7\u00e3o Precoce<\/a><\/li><li class='ez-toc-page-1 ez-toc-heading-level-2'><a class=\"ez-toc-link ez-toc-heading-6\" href=\"https:\/\/www.grupomedcof.com.br\/blog\/terapia-revolucionaria-para-distrofia-muscular-de-duchenne-estreia-no-sus\/#Seja_um_MedCofer\" >Seja um MedCofer!<\/a><\/li><\/ul><\/nav><\/div>\n\n<figure class=\"wp-block-image size-large\"><img loading=\"lazy\" decoding=\"async\" width=\"1024\" height=\"576\" src=\"https:\/\/www.grupomedcof.com.br\/blog\/wp-content\/uploads\/2025\/02\/Blog-MedCof-96-1024x576.jpg\" alt=\"\" class=\"wp-image-33779\" srcset=\"https:\/\/www.grupomedcof.com.br\/blog\/wp-content\/uploads\/2025\/02\/Blog-MedCof-96-1024x576.jpg 1024w, https:\/\/www.grupomedcof.com.br\/blog\/wp-content\/uploads\/2025\/02\/Blog-MedCof-96-300x169.jpg 300w, https:\/\/www.grupomedcof.com.br\/blog\/wp-content\/uploads\/2025\/02\/Blog-MedCof-96-768x432.jpg 768w, https:\/\/www.grupomedcof.com.br\/blog\/wp-content\/uploads\/2025\/02\/Blog-MedCof-96-1536x864.jpg 1536w, https:\/\/www.grupomedcof.com.br\/blog\/wp-content\/uploads\/2025\/02\/Blog-MedCof-96-747x420.jpg 747w, https:\/\/www.grupomedcof.com.br\/blog\/wp-content\/uploads\/2025\/02\/Blog-MedCof-96-150x84.jpg 150w, https:\/\/www.grupomedcof.com.br\/blog\/wp-content\/uploads\/2025\/02\/Blog-MedCof-96-696x392.jpg 696w, https:\/\/www.grupomedcof.com.br\/blog\/wp-content\/uploads\/2025\/02\/Blog-MedCof-96-1068x601.jpg 1068w, https:\/\/www.grupomedcof.com.br\/blog\/wp-content\/uploads\/2025\/02\/Blog-MedCof-96.jpg 1920w\" sizes=\"auto, (max-width: 1024px) 100vw, 1024px\" \/><\/figure>\n\n\n\n<p>O <strong>Minist\u00e9rio da Sa\u00fade realizou as primeiras infus\u00f5es de terapia g\u00eanica com\u00a0<em>Elevidys<\/em><\/strong><em>\u00a0<\/em>na rede p\u00fablica de sa\u00fade, em pleno m\u00eas de conscientiza\u00e7\u00e3o de <strong>doen\u00e7as raras.<\/strong> Confira!<\/p>\n\n\n\n<h2 class=\"wp-block-heading\" id=\"h-terapia-avancada-no-tratamento-da-distrofia-muscular-de-duchenne\"><span class=\"ez-toc-section\" id=\"Terapia_avancada_no_tratamento_da_distrofia_muscular_de_Duchenne\"><\/span><strong>Terapia avan\u00e7ada no tratamento da distrofia muscular de Duchenne <\/strong><span class=\"ez-toc-section-end\"><\/span><\/h2>\n\n\n\n<p>Recentemente, o <strong>Sistema \u00danico de Sa\u00fade (SUS)<\/strong> alcan\u00e7ou um marco hist\u00f3rico ao aplicar pela primeira vez uma <strong>terapia avan\u00e7ada no tratamento da distrofia muscular de Duchenne (DMD),<\/strong> uma doen\u00e7a gen\u00e9tica que afeta milhares de crian\u00e7as no Brasil. Esta condi\u00e7\u00e3o debilitante, que se manifesta inicialmente na inf\u00e2ncia, leva \u00e0 perda progressiva da for\u00e7a muscular devido \u00e0 defici\u00eancia da distrofina, uma prote\u00edna essencial para a estabilidade das fibras musculares.<\/p>\n\n\n\n<figure class=\"wp-block-image size-large\"><a href=\"https:\/\/www.grupomedcof.com.br\/cofletters\/\" target=\"_blank\" rel=\" noreferrer noopener\"><img loading=\"lazy\" decoding=\"async\" width=\"1024\" height=\"320\" src=\"https:\/\/www.grupomedcof.com.br\/blog\/wp-content\/uploads\/2025\/02\/Banner-MedCof-Plus-2200x460-11-1024x320.png\" alt=\"\" class=\"wp-image-33723\" srcset=\"https:\/\/www.grupomedcof.com.br\/blog\/wp-content\/uploads\/2025\/02\/Banner-MedCof-Plus-2200x460-11-1024x320.png 1024w, https:\/\/www.grupomedcof.com.br\/blog\/wp-content\/uploads\/2025\/02\/Banner-MedCof-Plus-2200x460-11-300x94.png 300w, https:\/\/www.grupomedcof.com.br\/blog\/wp-content\/uploads\/2025\/02\/Banner-MedCof-Plus-2200x460-11-768x240.png 768w, https:\/\/www.grupomedcof.com.br\/blog\/wp-content\/uploads\/2025\/02\/Banner-MedCof-Plus-2200x460-11-1536x480.png 1536w, https:\/\/www.grupomedcof.com.br\/blog\/wp-content\/uploads\/2025\/02\/Banner-MedCof-Plus-2200x460-11-2048x640.png 2048w, https:\/\/www.grupomedcof.com.br\/blog\/wp-content\/uploads\/2025\/02\/Banner-MedCof-Plus-2200x460-11-1343x420.png 1343w, https:\/\/www.grupomedcof.com.br\/blog\/wp-content\/uploads\/2025\/02\/Banner-MedCof-Plus-2200x460-11-150x47.png 150w, https:\/\/www.grupomedcof.com.br\/blog\/wp-content\/uploads\/2025\/02\/Banner-MedCof-Plus-2200x460-11-696x218.png 696w, https:\/\/www.grupomedcof.com.br\/blog\/wp-content\/uploads\/2025\/02\/Banner-MedCof-Plus-2200x460-11-1068x334.png 1068w, https:\/\/www.grupomedcof.com.br\/blog\/wp-content\/uploads\/2025\/02\/Banner-MedCof-Plus-2200x460-11-1920x600.png 1920w\" sizes=\"auto, (max-width: 1024px) 100vw, 1024px\" \/><\/a><\/figure>\n\n\n\n<div class=\"wp-block-group\"><div class=\"wp-block-group__inner-container is-layout-constrained wp-block-group-is-layout-constrained\">\n<h2 class=\"wp-block-heading\" id=\"h-a-terapia-inovadora\"><span class=\"ez-toc-section\" id=\"A_terapia_inovadora\"><\/span><strong>A terapia inovadora<\/strong><span class=\"ez-toc-section-end\"><\/span><\/h2>\n\n\n\n<p>A nova terapia, agora dispon\u00edvel no SUS, utiliza a<strong> t\u00e9cnica de exon skipping,<\/strong> ou omiss\u00e3o de exon, que <strong>trata a defici\u00eancia gen\u00e9tica diretamente no n\u00edvel do RNA mensageiro.<\/strong> Essa abordagem permite a <strong>produ\u00e7\u00e3o de uma vers\u00e3o funcional da distrofia,<\/strong> retardando a progress\u00e3o da doen\u00e7a e melhorando a qualidade de vida dos pacientes.<\/p>\n<\/div><\/div>\n\n\n\n<div class=\"wp-block-group\"><div class=\"wp-block-group__inner-container is-layout-constrained wp-block-group-is-layout-constrained\">\n<h2 class=\"wp-block-heading\" id=\"h-impacto-no-sus-e-para-os-pacientes\"><span class=\"ez-toc-section\" id=\"Impacto_no_SUS_e_para_os_Pacientes\"><\/span><strong>Impacto no SUS e para os Pacientes<\/strong><span class=\"ez-toc-section-end\"><\/span><\/h2>\n\n\n\n<p>A inclus\u00e3o dessa terapia no SUS representa n\u00e3o apenas esperan\u00e7a para milhares de fam\u00edlias, mas tamb\u00e9m um avan\u00e7o significativo na sa\u00fade p\u00fablica brasileira. O <strong>tratamento est\u00e1 agora acess\u00edvel de forma gratuita a todos os pacientes diagnosticados com DMD<\/strong>, garantindo que o avan\u00e7o n\u00e3o seja limitado por barreiras financeiras.<\/p>\n<\/div><\/div>\n\n\n\n<h2 class=\"wp-block-heading\" id=\"h-o-que-e-a-distrofia-muscular-de-duchenne\"><span class=\"ez-toc-section\" id=\"O_que_e_a_Distrofia_Muscular_de_Duchenne\"><\/span><strong>O que \u00e9 a Distrofia Muscular de Duchenne?<\/strong><span class=\"ez-toc-section-end\"><\/span><\/h2>\n\n\n\n<p>A <strong>distrofia muscular de Duchenne<\/strong> \u00e9 uma das formas mais comuns e severas de distrofia muscular, caracterizada por <strong>fraqueza e degenera\u00e7\u00e3o dos m\u00fasculos esquel\u00e9ticos.<\/strong> A doen\u00e7a afeta principalmente meninos e geralmente se apresenta antes dos seis anos de idade. Sem interven\u00e7\u00e3o, a condi\u00e7\u00e3o pode levar a complica\u00e7\u00f5es severas e redu\u00e7\u00e3o significativa da expectativa de vida.<\/p>\n\n\n\n<figure class=\"wp-block-image size-large\"><a href=\"https:\/\/www.grupomedcof.com.br\/blog\/wp-content\/uploads\/2024\/09\/O-que-fazer-antes-de-entrar-na-Residencia-Medica-Um-manual-para-estudantes-de-medicina-1.pdf\" target=\"_blank\" rel=\" noreferrer noopener\"><img loading=\"lazy\" decoding=\"async\" width=\"1024\" height=\"320\" src=\"https:\/\/www.grupomedcof.com.br\/blog\/wp-content\/uploads\/2024\/09\/Banner-MedCof-Plus-2200x460-10-1024x320.png\" alt=\"\" class=\"wp-image-33719\" srcset=\"https:\/\/www.grupomedcof.com.br\/blog\/wp-content\/uploads\/2024\/09\/Banner-MedCof-Plus-2200x460-10-1024x320.png 1024w, https:\/\/www.grupomedcof.com.br\/blog\/wp-content\/uploads\/2024\/09\/Banner-MedCof-Plus-2200x460-10-300x94.png 300w, https:\/\/www.grupomedcof.com.br\/blog\/wp-content\/uploads\/2024\/09\/Banner-MedCof-Plus-2200x460-10-768x240.png 768w, https:\/\/www.grupomedcof.com.br\/blog\/wp-content\/uploads\/2024\/09\/Banner-MedCof-Plus-2200x460-10-1536x480.png 1536w, https:\/\/www.grupomedcof.com.br\/blog\/wp-content\/uploads\/2024\/09\/Banner-MedCof-Plus-2200x460-10-2048x640.png 2048w, https:\/\/www.grupomedcof.com.br\/blog\/wp-content\/uploads\/2024\/09\/Banner-MedCof-Plus-2200x460-10-1344x420.png 1344w, https:\/\/www.grupomedcof.com.br\/blog\/wp-content\/uploads\/2024\/09\/Banner-MedCof-Plus-2200x460-10-150x47.png 150w, https:\/\/www.grupomedcof.com.br\/blog\/wp-content\/uploads\/2024\/09\/Banner-MedCof-Plus-2200x460-10-696x218.png 696w, https:\/\/www.grupomedcof.com.br\/blog\/wp-content\/uploads\/2024\/09\/Banner-MedCof-Plus-2200x460-10-1068x334.png 1068w, https:\/\/www.grupomedcof.com.br\/blog\/wp-content\/uploads\/2024\/09\/Banner-MedCof-Plus-2200x460-10-1920x600.png 1920w\" sizes=\"auto, (max-width: 1024px) 100vw, 1024px\" \/><\/a><\/figure>\n\n\n\n<h2 class=\"wp-block-heading\" id=\"h-importancia-da-deteccao-precoce\"><span class=\"ez-toc-section\" id=\"Importancia_da_Deteccao_Precoce\"><\/span><strong>Import\u00e2ncia da Detec\u00e7\u00e3o Precoce<\/strong><span class=\"ez-toc-section-end\"><\/span><\/h2>\n\n\n\n<p>Detec\u00e7\u00e3o e tratamento precoces s\u00e3o fundamentais para maximizar os benef\u00edcios dessa terapia. Programas de triagem gen\u00e9tica e monitoramento cont\u00ednuo s\u00e3o essenciais para garantir que os pacientes obtenham o m\u00e1ximo dos novos tratamentos dispon\u00edveis.<\/p>\n\n\n\n<h2 class=\"wp-block-heading\" id=\"seja-um-medcofer\"><span class=\"ez-toc-section\" id=\"Seja_um_MedCofer\"><\/span><strong>Seja um MedCofer!<\/strong><span class=\"ez-toc-section-end\"><\/span><\/h2>\n\n\n\n<p>Quer garantir a sua aprova\u00e7\u00e3o nas provas de resid\u00eancia m\u00e9dica? Ent\u00e3o conhe\u00e7a o Grupo MedCof e a metodologia que j\u00e1 aprovou<a href=\"https:\/\/www.grupomedcof.com.br\/blog\/presenca-da-medcof-nas-aprovacoes-em-residencia-medica-no-brasil\/\" target=\"_blank\" rel=\"noreferrer noopener\">&nbsp;<strong>mais de 10 mil residentes<\/strong>&nbsp;<\/a>pelo pa\u00eds. Por fim, voc\u00ea pode acessar o nosso<a href=\"https:\/\/www.youtube.com\/@GrupoMedcof\/featured\" target=\"_blank\" rel=\"noreferrer noopener\">&nbsp;<strong>canal do youtube&nbsp;<\/strong><\/a>e ver o nosso material de revis\u00e3o e corre\u00e7\u00e3o.<\/p>\n\n\n\n<figure class=\"wp-block-embed is-type-video is-provider-youtube wp-block-embed-youtube wp-embed-aspect-16-9 wp-has-aspect-ratio\"><div class=\"wp-block-embed__wrapper\">\n<div class=\"youtube-embed\" data-video_id=\"BDez8vh4--E\"><iframe loading=\"lazy\" title=\"Singular Cast T2 Ep.07 - Dr. Pedro Melcop aprovado em Cirurgia Geral na USP-RP\" width=\"696\" height=\"392\" src=\"https:\/\/www.youtube.com\/embed\/BDez8vh4--E?list=PL1cAl9ptpmfoAE5iKna7CKyStn8BkM1by\" frameborder=\"0\" allow=\"accelerometer; autoplay; clipboard-write; encrypted-media; gyroscope; picture-in-picture; web-share\" referrerpolicy=\"strict-origin-when-cross-origin\" allowfullscreen><\/iframe><\/div>\n<\/div><\/figure>\n","protected":false},"excerpt":{"rendered":"<p>O Minist\u00e9rio da Sa\u00fade realizou as primeiras infus\u00f5es de terapia g\u00eanica com\u00a0Elevidys\u00a0na rede p\u00fablica de sa\u00fade. Veja!<\/p>\n","protected":false},"author":20,"featured_media":33779,"comment_status":"open","ping_status":"open","sticky":false,"template":"","format":"standard","meta":{"footnotes":""},"categories":[173],"tags":[2617,2618,805],"ppma_author":[3616],"class_list":{"0":"post-33778","1":"post","2":"type-post","3":"status-publish","4":"format-standard","5":"has-post-thumbnail","7":"category-novidades","8":"tag-distrofia-muscular-duchenne","9":"tag-dmd","10":"tag-sus"},"yoast_head":"<!-- This site is optimized with the Yoast SEO Premium plugin v24.3 (Yoast SEO v27.4) - https:\/\/yoast.com\/product\/yoast-seo-premium-wordpress\/ -->\n<title>Terapia revolucion\u00e1ria para Distrofia Muscular de Duchenne estreia no SUS - Blog de Medcof: conte\u00fados, editais, revalida e mais!<\/title>\n<meta name=\"description\" content=\"O Minist\u00e9rio da Sa\u00fade realizou as primeiras infus\u00f5es de terapia g\u00eanica com\u00a0Elevidys\u00a0na rede p\u00fablica de sa\u00fade. Veja!\" \/>\n<meta name=\"robots\" content=\"index, follow, max-snippet:-1, max-image-preview:large, max-video-preview:-1\" \/>\n<link rel=\"canonical\" href=\"https:\/\/www.grupomedcof.com.br\/blog\/terapia-revolucionaria-para-distrofia-muscular-de-duchenne-estreia-no-sus\/\" \/>\n<meta property=\"og:locale\" content=\"pt_BR\" \/>\n<meta property=\"og:type\" content=\"article\" \/>\n<meta property=\"og:title\" content=\"Terapia revolucion\u00e1ria para Distrofia Muscular de Duchenne estreia no SUS\" \/>\n<meta property=\"og:description\" content=\"O Minist\u00e9rio da Sa\u00fade realizou as primeiras infus\u00f5es de terapia g\u00eanica com\u00a0Elevidys\u00a0na rede p\u00fablica de sa\u00fade. Veja!\" \/>\n<meta property=\"og:url\" content=\"https:\/\/www.grupomedcof.com.br\/blog\/terapia-revolucionaria-para-distrofia-muscular-de-duchenne-estreia-no-sus\/\" \/>\n<meta property=\"og:site_name\" content=\"Blog de Medcof: conte\u00fados, editais, revalida e mais!\" \/>\n<meta property=\"article:publisher\" content=\"https:\/\/www.facebook.com\/MedCofQbank\/\" \/>\n<meta property=\"article:published_time\" content=\"2025-02-19T18:42:17+00:00\" \/>\n<meta property=\"article:modified_time\" content=\"2025-02-19T18:42:18+00:00\" \/>\n<meta property=\"og:image\" content=\"https:\/\/www.grupomedcof.com.br\/blog\/wp-content\/uploads\/2025\/02\/Blog-MedCof-96.jpg\" \/>\n\t<meta property=\"og:image:width\" content=\"1920\" \/>\n\t<meta property=\"og:image:height\" content=\"1080\" \/>\n\t<meta property=\"og:image:type\" content=\"image\/jpeg\" \/>\n<meta name=\"author\" content=\"Leila Menzel\" \/>\n<meta name=\"twitter:card\" content=\"summary_large_image\" \/>\n<meta name=\"twitter:label1\" content=\"Escrito por\" \/>\n\t<meta name=\"twitter:data1\" content=\"Leila Menzel\" \/>\n\t<meta name=\"twitter:label2\" content=\"Est. tempo de leitura\" \/>\n\t<meta name=\"twitter:data2\" content=\"3 minutos\" \/>\n<script type=\"application\/ld+json\" class=\"yoast-schema-graph\">{\"@context\":\"https:\\\/\\\/schema.org\",\"@graph\":[{\"@type\":\"Article\",\"@id\":\"https:\\\/\\\/www.grupomedcof.com.br\\\/blog\\\/terapia-revolucionaria-para-distrofia-muscular-de-duchenne-estreia-no-sus\\\/#article\",\"isPartOf\":{\"@id\":\"https:\\\/\\\/www.grupomedcof.com.br\\\/blog\\\/terapia-revolucionaria-para-distrofia-muscular-de-duchenne-estreia-no-sus\\\/\"},\"author\":{\"name\":\"Leila Menzel\",\"@id\":\"https:\\\/\\\/www.grupomedcof.com.br\\\/blog\\\/#\\\/schema\\\/person\\\/9a44c2184a836bf5ae6967fdb3a1451e\"},\"headline\":\"Terapia revolucion\u00e1ria para Distrofia Muscular de Duchenne estreia no SUS\",\"datePublished\":\"2025-02-19T18:42:17+00:00\",\"dateModified\":\"2025-02-19T18:42:18+00:00\",\"mainEntityOfPage\":{\"@id\":\"https:\\\/\\\/www.grupomedcof.com.br\\\/blog\\\/terapia-revolucionaria-para-distrofia-muscular-de-duchenne-estreia-no-sus\\\/\"},\"wordCount\":462,\"commentCount\":0,\"publisher\":{\"@id\":\"https:\\\/\\\/www.grupomedcof.com.br\\\/blog\\\/#organization\"},\"image\":{\"@id\":\"https:\\\/\\\/www.grupomedcof.com.br\\\/blog\\\/terapia-revolucionaria-para-distrofia-muscular-de-duchenne-estreia-no-sus\\\/#primaryimage\"},\"thumbnailUrl\":\"https:\\\/\\\/www.grupomedcof.com.br\\\/blog\\\/wp-content\\\/uploads\\\/2025\\\/02\\\/Blog-MedCof-96.jpg\",\"keywords\":[\"Distrofia Muscular Duchenne\",\"DMD\",\"SUS\"],\"articleSection\":[\"Novidades\"],\"inLanguage\":\"pt-BR\"},{\"@type\":\"WebPage\",\"@id\":\"https:\\\/\\\/www.grupomedcof.com.br\\\/blog\\\/terapia-revolucionaria-para-distrofia-muscular-de-duchenne-estreia-no-sus\\\/\",\"url\":\"https:\\\/\\\/www.grupomedcof.com.br\\\/blog\\\/terapia-revolucionaria-para-distrofia-muscular-de-duchenne-estreia-no-sus\\\/\",\"name\":\"Terapia revolucion\u00e1ria para Distrofia Muscular de Duchenne estreia no SUS - Blog de Medcof: conte\u00fados, editais, revalida e mais!\",\"isPartOf\":{\"@id\":\"https:\\\/\\\/www.grupomedcof.com.br\\\/blog\\\/#website\"},\"primaryImageOfPage\":{\"@id\":\"https:\\\/\\\/www.grupomedcof.com.br\\\/blog\\\/terapia-revolucionaria-para-distrofia-muscular-de-duchenne-estreia-no-sus\\\/#primaryimage\"},\"image\":{\"@id\":\"https:\\\/\\\/www.grupomedcof.com.br\\\/blog\\\/terapia-revolucionaria-para-distrofia-muscular-de-duchenne-estreia-no-sus\\\/#primaryimage\"},\"thumbnailUrl\":\"https:\\\/\\\/www.grupomedcof.com.br\\\/blog\\\/wp-content\\\/uploads\\\/2025\\\/02\\\/Blog-MedCof-96.jpg\",\"datePublished\":\"2025-02-19T18:42:17+00:00\",\"dateModified\":\"2025-02-19T18:42:18+00:00\",\"description\":\"O Minist\u00e9rio da Sa\u00fade realizou as primeiras infus\u00f5es de terapia g\u00eanica com\u00a0Elevidys\u00a0na rede p\u00fablica de sa\u00fade. Veja!\",\"breadcrumb\":{\"@id\":\"https:\\\/\\\/www.grupomedcof.com.br\\\/blog\\\/terapia-revolucionaria-para-distrofia-muscular-de-duchenne-estreia-no-sus\\\/#breadcrumb\"},\"inLanguage\":\"pt-BR\",\"potentialAction\":[{\"@type\":\"ReadAction\",\"target\":[\"https:\\\/\\\/www.grupomedcof.com.br\\\/blog\\\/terapia-revolucionaria-para-distrofia-muscular-de-duchenne-estreia-no-sus\\\/\"]}]},{\"@type\":\"ImageObject\",\"inLanguage\":\"pt-BR\",\"@id\":\"https:\\\/\\\/www.grupomedcof.com.br\\\/blog\\\/terapia-revolucionaria-para-distrofia-muscular-de-duchenne-estreia-no-sus\\\/#primaryimage\",\"url\":\"https:\\\/\\\/www.grupomedcof.com.br\\\/blog\\\/wp-content\\\/uploads\\\/2025\\\/02\\\/Blog-MedCof-96.jpg\",\"contentUrl\":\"https:\\\/\\\/www.grupomedcof.com.br\\\/blog\\\/wp-content\\\/uploads\\\/2025\\\/02\\\/Blog-MedCof-96.jpg\",\"width\":1920,\"height\":1080},{\"@type\":\"BreadcrumbList\",\"@id\":\"https:\\\/\\\/www.grupomedcof.com.br\\\/blog\\\/terapia-revolucionaria-para-distrofia-muscular-de-duchenne-estreia-no-sus\\\/#breadcrumb\",\"itemListElement\":[{\"@type\":\"ListItem\",\"position\":1,\"name\":\"In\u00edcio\",\"item\":\"https:\\\/\\\/www.grupomedcof.com.br\\\/blog\\\/\"},{\"@type\":\"ListItem\",\"position\":2,\"name\":\"Terapia revolucion\u00e1ria para Distrofia Muscular de Duchenne estreia no SUS\"}]},{\"@type\":\"WebSite\",\"@id\":\"https:\\\/\\\/www.grupomedcof.com.br\\\/blog\\\/#website\",\"url\":\"https:\\\/\\\/www.grupomedcof.com.br\\\/blog\\\/\",\"name\":\"Blog de Medcof: conte\u00fados, editais, revalida e mais!\",\"description\":\"Acesso o blog de MedCof! Seu portal de conte\u00fados sobre resid\u00eancia m\u00e9dica, an\u00e1lise e editais e muito mais. Clique e confira!\",\"publisher\":{\"@id\":\"https:\\\/\\\/www.grupomedcof.com.br\\\/blog\\\/#organization\"},\"alternateName\":\"Blog de Medcof: conte\u00fados, editais, revalida e mais!\",\"potentialAction\":[{\"@type\":\"SearchAction\",\"target\":{\"@type\":\"EntryPoint\",\"urlTemplate\":\"https:\\\/\\\/www.grupomedcof.com.br\\\/blog\\\/?s={search_term_string}\"},\"query-input\":{\"@type\":\"PropertyValueSpecification\",\"valueRequired\":true,\"valueName\":\"search_term_string\"}}],\"inLanguage\":\"pt-BR\"},{\"@type\":\"Organization\",\"@id\":\"https:\\\/\\\/www.grupomedcof.com.br\\\/blog\\\/#organization\",\"name\":\"Grupo MedCof\",\"url\":\"https:\\\/\\\/www.grupomedcof.com.br\\\/blog\\\/\",\"logo\":{\"@type\":\"ImageObject\",\"inLanguage\":\"pt-BR\",\"@id\":\"https:\\\/\\\/www.grupomedcof.com.br\\\/blog\\\/#\\\/schema\\\/logo\\\/image\\\/\",\"url\":\"https:\\\/\\\/www.grupomedcof.com.br\\\/blog\\\/wp-content\\\/uploads\\\/2022\\\/01\\\/logo-medcof.png\",\"contentUrl\":\"https:\\\/\\\/www.grupomedcof.com.br\\\/blog\\\/wp-content\\\/uploads\\\/2022\\\/01\\\/logo-medcof.png\",\"width\":768,\"height\":269,\"caption\":\"Grupo MedCof\"},\"image\":{\"@id\":\"https:\\\/\\\/www.grupomedcof.com.br\\\/blog\\\/#\\\/schema\\\/logo\\\/image\\\/\"},\"sameAs\":[\"https:\\\/\\\/www.facebook.com\\\/MedCofQbank\\\/\",\"https:\\\/\\\/www.instagram.com\\\/grupomedcof\\\/\",\"https:\\\/\\\/br.linkedin.com\\\/company\\\/medcof\",\"https:\\\/\\\/www.youtube.com\\\/channel\\\/UCdHMuOHKICxcHwecxN8P-AA\"]},{\"@type\":\"Person\",\"@id\":\"https:\\\/\\\/www.grupomedcof.com.br\\\/blog\\\/#\\\/schema\\\/person\\\/9a44c2184a836bf5ae6967fdb3a1451e\",\"name\":\"Leila Menzel\",\"image\":{\"@type\":\"ImageObject\",\"inLanguage\":\"pt-BR\",\"@id\":\"https:\\\/\\\/www.grupomedcof.com.br\\\/blog\\\/wp-content\\\/uploads\\\/2025\\\/09\\\/cropped-eu-96x96.jpeg19a74936d997c0a8b3031618467fa1d0\",\"url\":\"https:\\\/\\\/www.grupomedcof.com.br\\\/blog\\\/wp-content\\\/uploads\\\/2025\\\/09\\\/cropped-eu-96x96.jpeg\",\"contentUrl\":\"https:\\\/\\\/www.grupomedcof.com.br\\\/blog\\\/wp-content\\\/uploads\\\/2025\\\/09\\\/cropped-eu-96x96.jpeg\",\"caption\":\"Leila Menzel\"},\"description\":\"Estudante do 6\u00b0 semestre de jornalismo, amo e escrevo poesias e viajo em livros de romances clich\u00eas.\",\"url\":\"https:\\\/\\\/www.grupomedcof.com.br\\\/blog\\\/author\\\/leila-menzel\\\/\"}]}<\/script>\n<!-- \/ Yoast SEO Premium plugin. -->","yoast_head_json":{"title":"Terapia revolucion\u00e1ria para Distrofia Muscular de Duchenne estreia no SUS - Blog de Medcof: conte\u00fados, editais, revalida e mais!","description":"O Minist\u00e9rio da Sa\u00fade realizou as primeiras infus\u00f5es de terapia g\u00eanica com\u00a0Elevidys\u00a0na rede p\u00fablica de sa\u00fade. Veja!","robots":{"index":"index","follow":"follow","max-snippet":"max-snippet:-1","max-image-preview":"max-image-preview:large","max-video-preview":"max-video-preview:-1"},"canonical":"https:\/\/www.grupomedcof.com.br\/blog\/terapia-revolucionaria-para-distrofia-muscular-de-duchenne-estreia-no-sus\/","og_locale":"pt_BR","og_type":"article","og_title":"Terapia revolucion\u00e1ria para Distrofia Muscular de Duchenne estreia no SUS","og_description":"O Minist\u00e9rio da Sa\u00fade realizou as primeiras infus\u00f5es de terapia g\u00eanica com\u00a0Elevidys\u00a0na rede p\u00fablica de sa\u00fade. Veja!","og_url":"https:\/\/www.grupomedcof.com.br\/blog\/terapia-revolucionaria-para-distrofia-muscular-de-duchenne-estreia-no-sus\/","og_site_name":"Blog de Medcof: conte\u00fados, editais, revalida e mais!","article_publisher":"https:\/\/www.facebook.com\/MedCofQbank\/","article_published_time":"2025-02-19T18:42:17+00:00","article_modified_time":"2025-02-19T18:42:18+00:00","og_image":[{"width":1920,"height":1080,"url":"https:\/\/www.grupomedcof.com.br\/blog\/wp-content\/uploads\/2025\/02\/Blog-MedCof-96.jpg","type":"image\/jpeg"}],"author":"Leila Menzel","twitter_card":"summary_large_image","twitter_misc":{"Escrito por":"Leila Menzel","Est. tempo de leitura":"3 minutos"},"schema":{"@context":"https:\/\/schema.org","@graph":[{"@type":"Article","@id":"https:\/\/www.grupomedcof.com.br\/blog\/terapia-revolucionaria-para-distrofia-muscular-de-duchenne-estreia-no-sus\/#article","isPartOf":{"@id":"https:\/\/www.grupomedcof.com.br\/blog\/terapia-revolucionaria-para-distrofia-muscular-de-duchenne-estreia-no-sus\/"},"author":{"name":"Leila Menzel","@id":"https:\/\/www.grupomedcof.com.br\/blog\/#\/schema\/person\/9a44c2184a836bf5ae6967fdb3a1451e"},"headline":"Terapia revolucion\u00e1ria para Distrofia Muscular de Duchenne estreia no SUS","datePublished":"2025-02-19T18:42:17+00:00","dateModified":"2025-02-19T18:42:18+00:00","mainEntityOfPage":{"@id":"https:\/\/www.grupomedcof.com.br\/blog\/terapia-revolucionaria-para-distrofia-muscular-de-duchenne-estreia-no-sus\/"},"wordCount":462,"commentCount":0,"publisher":{"@id":"https:\/\/www.grupomedcof.com.br\/blog\/#organization"},"image":{"@id":"https:\/\/www.grupomedcof.com.br\/blog\/terapia-revolucionaria-para-distrofia-muscular-de-duchenne-estreia-no-sus\/#primaryimage"},"thumbnailUrl":"https:\/\/www.grupomedcof.com.br\/blog\/wp-content\/uploads\/2025\/02\/Blog-MedCof-96.jpg","keywords":["Distrofia Muscular Duchenne","DMD","SUS"],"articleSection":["Novidades"],"inLanguage":"pt-BR"},{"@type":"WebPage","@id":"https:\/\/www.grupomedcof.com.br\/blog\/terapia-revolucionaria-para-distrofia-muscular-de-duchenne-estreia-no-sus\/","url":"https:\/\/www.grupomedcof.com.br\/blog\/terapia-revolucionaria-para-distrofia-muscular-de-duchenne-estreia-no-sus\/","name":"Terapia revolucion\u00e1ria para Distrofia Muscular de Duchenne estreia no SUS - Blog de Medcof: conte\u00fados, editais, revalida e mais!","isPartOf":{"@id":"https:\/\/www.grupomedcof.com.br\/blog\/#website"},"primaryImageOfPage":{"@id":"https:\/\/www.grupomedcof.com.br\/blog\/terapia-revolucionaria-para-distrofia-muscular-de-duchenne-estreia-no-sus\/#primaryimage"},"image":{"@id":"https:\/\/www.grupomedcof.com.br\/blog\/terapia-revolucionaria-para-distrofia-muscular-de-duchenne-estreia-no-sus\/#primaryimage"},"thumbnailUrl":"https:\/\/www.grupomedcof.com.br\/blog\/wp-content\/uploads\/2025\/02\/Blog-MedCof-96.jpg","datePublished":"2025-02-19T18:42:17+00:00","dateModified":"2025-02-19T18:42:18+00:00","description":"O Minist\u00e9rio da Sa\u00fade realizou as primeiras infus\u00f5es de terapia g\u00eanica com\u00a0Elevidys\u00a0na rede p\u00fablica de sa\u00fade. Veja!","breadcrumb":{"@id":"https:\/\/www.grupomedcof.com.br\/blog\/terapia-revolucionaria-para-distrofia-muscular-de-duchenne-estreia-no-sus\/#breadcrumb"},"inLanguage":"pt-BR","potentialAction":[{"@type":"ReadAction","target":["https:\/\/www.grupomedcof.com.br\/blog\/terapia-revolucionaria-para-distrofia-muscular-de-duchenne-estreia-no-sus\/"]}]},{"@type":"ImageObject","inLanguage":"pt-BR","@id":"https:\/\/www.grupomedcof.com.br\/blog\/terapia-revolucionaria-para-distrofia-muscular-de-duchenne-estreia-no-sus\/#primaryimage","url":"https:\/\/www.grupomedcof.com.br\/blog\/wp-content\/uploads\/2025\/02\/Blog-MedCof-96.jpg","contentUrl":"https:\/\/www.grupomedcof.com.br\/blog\/wp-content\/uploads\/2025\/02\/Blog-MedCof-96.jpg","width":1920,"height":1080},{"@type":"BreadcrumbList","@id":"https:\/\/www.grupomedcof.com.br\/blog\/terapia-revolucionaria-para-distrofia-muscular-de-duchenne-estreia-no-sus\/#breadcrumb","itemListElement":[{"@type":"ListItem","position":1,"name":"In\u00edcio","item":"https:\/\/www.grupomedcof.com.br\/blog\/"},{"@type":"ListItem","position":2,"name":"Terapia revolucion\u00e1ria para Distrofia Muscular de Duchenne estreia no SUS"}]},{"@type":"WebSite","@id":"https:\/\/www.grupomedcof.com.br\/blog\/#website","url":"https:\/\/www.grupomedcof.com.br\/blog\/","name":"Blog de Medcof: conte\u00fados, editais, revalida e mais!","description":"Acesso o blog de MedCof! Seu portal de conte\u00fados sobre resid\u00eancia m\u00e9dica, an\u00e1lise e editais e muito mais. Clique e confira!","publisher":{"@id":"https:\/\/www.grupomedcof.com.br\/blog\/#organization"},"alternateName":"Blog de Medcof: conte\u00fados, editais, revalida e mais!","potentialAction":[{"@type":"SearchAction","target":{"@type":"EntryPoint","urlTemplate":"https:\/\/www.grupomedcof.com.br\/blog\/?s={search_term_string}"},"query-input":{"@type":"PropertyValueSpecification","valueRequired":true,"valueName":"search_term_string"}}],"inLanguage":"pt-BR"},{"@type":"Organization","@id":"https:\/\/www.grupomedcof.com.br\/blog\/#organization","name":"Grupo MedCof","url":"https:\/\/www.grupomedcof.com.br\/blog\/","logo":{"@type":"ImageObject","inLanguage":"pt-BR","@id":"https:\/\/www.grupomedcof.com.br\/blog\/#\/schema\/logo\/image\/","url":"https:\/\/www.grupomedcof.com.br\/blog\/wp-content\/uploads\/2022\/01\/logo-medcof.png","contentUrl":"https:\/\/www.grupomedcof.com.br\/blog\/wp-content\/uploads\/2022\/01\/logo-medcof.png","width":768,"height":269,"caption":"Grupo MedCof"},"image":{"@id":"https:\/\/www.grupomedcof.com.br\/blog\/#\/schema\/logo\/image\/"},"sameAs":["https:\/\/www.facebook.com\/MedCofQbank\/","https:\/\/www.instagram.com\/grupomedcof\/","https:\/\/br.linkedin.com\/company\/medcof","https:\/\/www.youtube.com\/channel\/UCdHMuOHKICxcHwecxN8P-AA"]},{"@type":"Person","@id":"https:\/\/www.grupomedcof.com.br\/blog\/#\/schema\/person\/9a44c2184a836bf5ae6967fdb3a1451e","name":"Leila Menzel","image":{"@type":"ImageObject","inLanguage":"pt-BR","@id":"https:\/\/www.grupomedcof.com.br\/blog\/wp-content\/uploads\/2025\/09\/cropped-eu-96x96.jpeg19a74936d997c0a8b3031618467fa1d0","url":"https:\/\/www.grupomedcof.com.br\/blog\/wp-content\/uploads\/2025\/09\/cropped-eu-96x96.jpeg","contentUrl":"https:\/\/www.grupomedcof.com.br\/blog\/wp-content\/uploads\/2025\/09\/cropped-eu-96x96.jpeg","caption":"Leila Menzel"},"description":"Estudante do 6\u00b0 semestre de jornalismo, amo e escrevo poesias e viajo em livros de romances clich\u00eas.","url":"https:\/\/www.grupomedcof.com.br\/blog\/author\/leila-menzel\/"}]}},"authors":[{"term_id":3616,"user_id":20,"is_guest":0,"slug":"leila-menzel","display_name":"Leila Menzel","avatar_url":"https:\/\/www.grupomedcof.com.br\/blog\/wp-content\/uploads\/2025\/09\/cropped-eu-96x96.jpeg","0":null,"1":"","2":"","3":"","4":"","5":"","6":"","7":"","8":""}],"_links":{"self":[{"href":"https:\/\/www.grupomedcof.com.br\/blog\/wp-json\/wp\/v2\/posts\/33778","targetHints":{"allow":["GET"]}}],"collection":[{"href":"https:\/\/www.grupomedcof.com.br\/blog\/wp-json\/wp\/v2\/posts"}],"about":[{"href":"https:\/\/www.grupomedcof.com.br\/blog\/wp-json\/wp\/v2\/types\/post"}],"author":[{"embeddable":true,"href":"https:\/\/www.grupomedcof.com.br\/blog\/wp-json\/wp\/v2\/users\/20"}],"replies":[{"embeddable":true,"href":"https:\/\/www.grupomedcof.com.br\/blog\/wp-json\/wp\/v2\/comments?post=33778"}],"version-history":[{"count":0,"href":"https:\/\/www.grupomedcof.com.br\/blog\/wp-json\/wp\/v2\/posts\/33778\/revisions"}],"wp:featuredmedia":[{"embeddable":true,"href":"https:\/\/www.grupomedcof.com.br\/blog\/wp-json\/wp\/v2\/media\/33779"}],"wp:attachment":[{"href":"https:\/\/www.grupomedcof.com.br\/blog\/wp-json\/wp\/v2\/media?parent=33778"}],"wp:term":[{"taxonomy":"category","embeddable":true,"href":"https:\/\/www.grupomedcof.com.br\/blog\/wp-json\/wp\/v2\/categories?post=33778"},{"taxonomy":"post_tag","embeddable":true,"href":"https:\/\/www.grupomedcof.com.br\/blog\/wp-json\/wp\/v2\/tags?post=33778"},{"taxonomy":"author","embeddable":true,"href":"https:\/\/www.grupomedcof.com.br\/blog\/wp-json\/wp\/v2\/ppma_author?post=33778"}],"curies":[{"name":"wp","href":"https:\/\/api.w.org\/{rel}","templated":true}]}}