{"id":33789,"date":"2025-04-09T09:22:29","date_gmt":"2025-04-09T12:22:29","guid":{"rendered":"https:\/\/www.grupomedcof.com.br\/blog\/?p=33789"},"modified":"2025-04-09T09:22:30","modified_gmt":"2025-04-09T12:22:30","slug":"titulo-de-especialista-amb","status":"publish","type":"post","link":"https:\/\/www.grupomedcof.com.br\/blog\/titulo-de-especialista-amb\/","title":{"rendered":"T\u00edtulo de Especialista: AMB revoga a obrigatoriedade do CATE"},"content":{"rendered":"<div id=\"ez-toc-container\" class=\"ez-toc-v2_0_74 counter-hierarchy ez-toc-counter ez-toc-transparent ez-toc-container-direction\">\n<div class=\"ez-toc-title-container\">\n<p class=\"ez-toc-title\" style=\"cursor:inherit\">Sum\u00e1rio<\/p>\n<span class=\"ez-toc-title-toggle\"><a href=\"#\" class=\"ez-toc-pull-right ez-toc-btn ez-toc-btn-xs ez-toc-btn-default ez-toc-toggle\" aria-label=\"Alternar tabela de conte\u00fado\"><span class=\"ez-toc-js-icon-con\"><span class=\"\"><span class=\"eztoc-hide\" style=\"display:none;\">Toggle<\/span><span class=\"ez-toc-icon-toggle-span\"><svg style=\"fill: #999;color:#999\" xmlns=\"http:\/\/www.w3.org\/2000\/svg\" class=\"list-377408\" width=\"20px\" height=\"20px\" viewBox=\"0 0 24 24\" fill=\"none\"><path d=\"M6 6H4v2h2V6zm14 0H8v2h12V6zM4 11h2v2H4v-2zm16 0H8v2h12v-2zM4 16h2v2H4v-2zm16 0H8v2h12v-2z\" fill=\"currentColor\"><\/path><\/svg><svg style=\"fill: #999;color:#999\" class=\"arrow-unsorted-368013\" xmlns=\"http:\/\/www.w3.org\/2000\/svg\" width=\"10px\" height=\"10px\" viewBox=\"0 0 24 24\" version=\"1.2\" baseProfile=\"tiny\"><path d=\"M18.2 9.3l-6.2-6.3-6.2 6.3c-.2.2-.3.4-.3.7s.1.5.3.7c.2.2.4.3.7.3h11c.3 0 .5-.1.7-.3.2-.2.3-.5.3-.7s-.1-.5-.3-.7zM5.8 14.7l6.2 6.3 6.2-6.3c.2-.2.3-.5.3-.7s-.1-.5-.3-.7c-.2-.2-.4-.3-.7-.3h-11c-.3 0-.5.1-.7.3-.2.2-.3.5-.3.7s.1.5.3.7z\"\/><\/svg><\/span><\/span><\/span><\/a><\/span><\/div>\n<nav><ul class='ez-toc-list ez-toc-list-level-1 ' ><li class='ez-toc-page-1 ez-toc-heading-level-2'><a class=\"ez-toc-link ez-toc-heading-1\" href=\"https:\/\/www.grupomedcof.com.br\/blog\/titulo-de-especialista-amb\/#Revogacao_do_CATE\" >Revoga\u00e7\u00e3o do CATE<\/a><\/li><li class='ez-toc-page-1 ez-toc-heading-level-2'><a class=\"ez-toc-link ez-toc-heading-2\" href=\"https:\/\/www.grupomedcof.com.br\/blog\/titulo-de-especialista-amb\/#Esclarecimento\" >Esclarecimento<\/a><\/li><li class='ez-toc-page-1 ez-toc-heading-level-2'><a class=\"ez-toc-link ez-toc-heading-3\" href=\"https:\/\/www.grupomedcof.com.br\/blog\/titulo-de-especialista-amb\/#Revalidacao_de_Titulo_de_Especialista\" >Revalida\u00e7\u00e3o de T\u00edtulo de Especialista<\/a><\/li><li class='ez-toc-page-1 ez-toc-heading-level-2'><a class=\"ez-toc-link ez-toc-heading-4\" href=\"https:\/\/www.grupomedcof.com.br\/blog\/titulo-de-especialista-amb\/#Justificativa_do_CATE\" >Justificativa do CATE<\/a><\/li><li class='ez-toc-page-1 ez-toc-heading-level-2'><a class=\"ez-toc-link ez-toc-heading-5\" href=\"https:\/\/www.grupomedcof.com.br\/blog\/titulo-de-especialista-amb\/#Regras_da_certificacao\" >Regras da certifica\u00e7\u00e3o<\/a><\/li><li class='ez-toc-page-1 ez-toc-heading-level-2'><a class=\"ez-toc-link ez-toc-heading-6\" href=\"https:\/\/www.grupomedcof.com.br\/blog\/titulo-de-especialista-amb\/#Posicionamento_do_CFM\" >Posicionamento do CFM<\/a><\/li><li class='ez-toc-page-1 ez-toc-heading-level-2'><a class=\"ez-toc-link ez-toc-heading-7\" href=\"https:\/\/www.grupomedcof.com.br\/blog\/titulo-de-especialista-amb\/#Como_conquistar_a_aprovacao_na_residencia\" >Como conquistar a aprova\u00e7\u00e3o na resid\u00eancia?<\/a><\/li><\/ul><\/nav><\/div>\n\n<figure class=\"wp-block-image size-large\"><img loading=\"lazy\" decoding=\"async\" width=\"1024\" height=\"576\" src=\"https:\/\/www.grupomedcof.com.br\/blog\/wp-content\/uploads\/2025\/02\/Modelo-instituicoes-96-1024x576.jpg\" alt=\"\" class=\"wp-image-33792\" srcset=\"https:\/\/www.grupomedcof.com.br\/blog\/wp-content\/uploads\/2025\/02\/Modelo-instituicoes-96-1024x576.jpg 1024w, https:\/\/www.grupomedcof.com.br\/blog\/wp-content\/uploads\/2025\/02\/Modelo-instituicoes-96-300x169.jpg 300w, https:\/\/www.grupomedcof.com.br\/blog\/wp-content\/uploads\/2025\/02\/Modelo-instituicoes-96-768x432.jpg 768w, https:\/\/www.grupomedcof.com.br\/blog\/wp-content\/uploads\/2025\/02\/Modelo-instituicoes-96-1536x864.jpg 1536w, https:\/\/www.grupomedcof.com.br\/blog\/wp-content\/uploads\/2025\/02\/Modelo-instituicoes-96-747x420.jpg 747w, https:\/\/www.grupomedcof.com.br\/blog\/wp-content\/uploads\/2025\/02\/Modelo-instituicoes-96-150x84.jpg 150w, https:\/\/www.grupomedcof.com.br\/blog\/wp-content\/uploads\/2025\/02\/Modelo-instituicoes-96-696x392.jpg 696w, https:\/\/www.grupomedcof.com.br\/blog\/wp-content\/uploads\/2025\/02\/Modelo-instituicoes-96-1068x601.jpg 1068w, https:\/\/www.grupomedcof.com.br\/blog\/wp-content\/uploads\/2025\/02\/Modelo-instituicoes-96.jpg 1920w\" sizes=\"auto, (max-width: 1024px) 100vw, 1024px\" \/><\/figure>\n\n\n\n<p>No dia 08 de abril, Associa\u00e7\u00e3o M\u00e9dica Brasileira (AMB) anunciou a\u00a0<strong>revoga\u00e7\u00e3o definitiva da Resolu\u00e7\u00e3o n\u00ba 01\/2025<\/strong>. Entenda!<\/p>\n\n\n\n<h2 class=\"wp-block-heading\" id=\"h-revogacao-do-cate\"><span class=\"ez-toc-section\" id=\"Revogacao_do_CATE\"><\/span><strong>Revoga\u00e7\u00e3o do CATE<\/strong><span class=\"ez-toc-section-end\"><\/span><\/h2>\n\n\n\n<p>A <strong>Resolu\u00e7\u00e3o n\u00ba 01\/2025<\/strong> \u00a0institu\u00eda a obrigatoriedade de renova\u00e7\u00e3o dos t\u00edtulos de especialista por meio do\u00a0<strong>Certificado de Atualiza\u00e7\u00e3o do T\u00edtulo de Especialista (CATE)<\/strong>, no qual os m\u00e9dicos teriam de comprovar\u00a0<strong>atualiza\u00e7\u00e3o profissional a cada cinco anos<\/strong>\u00a0para manter a validade do t\u00edtulo. <\/p>\n\n\n\n<p>A decis\u00e3o foi tomada em conjunto com o Conselho Federal de Medicina (CFM), por\u00e9m a <strong>suspens\u00e3o da resolu\u00e7\u00e3o j\u00e1 havia sido determinada<\/strong> por meio da Justi\u00e7a Federal. O Tribunal Regional Federal da 3\u00aa Regi\u00e3o (TRF-3) entendeu que a\u00a0<strong>AMB n\u00e3o tem compet\u00eancia para impor prazos de validade ou novas exig\u00eancias aos t\u00edtulos de especialista<\/strong>\u00a0\u2014 responsabilidade que cabe exclusivamente ao Sistema dos Conselhos de Medicina e \u00e0 Comiss\u00e3o Mista de Especialidades.<\/p>\n\n\n\n<p>Conforme a revoga\u00e7\u00e3o, os t\u00edtulos de especialista voltam a ter\u00a0<strong>validade por tempo indeterminado<\/strong>, como j\u00e1 previsto na legisla\u00e7\u00e3o vigente.\u00a0<\/p>\n\n\n\n<p>Abaixo voc\u00ea poder\u00e1 conferir todo o andamento anterior da resolu\u00e7\u00e3o! <\/p>\n\n\n\n<h2 class=\"wp-block-heading\" id=\"h-esclarecimento\"><span class=\"ez-toc-section\" id=\"Esclarecimento\"><\/span><strong>Esclarecimento <\/strong><span class=\"ez-toc-section-end\"><\/span><\/h2>\n\n\n\n<p>A Associa\u00e7\u00e3o M\u00e9dica Brasileira (AMB) divulgou uma nota oficial afim de prestar\u00a0<strong>esclarecimentos sobre a institui\u00e7\u00e3o do Certificado De Atualiza\u00e7\u00e3o De T\u00edtulo De Especialista (CATE)<\/strong>.\u00a0<\/p>\n\n\n\n<p>Conforme a diretoria da associa\u00e7\u00e3o, o certificado serve apenas para dar a\u00a0<strong>oportunidade de atestar a atualiza\u00e7\u00e3o profissional dos m\u00e9dicos<\/strong>. Apesar de a <strong>participa\u00e7\u00e3o no processo do CATE<\/strong> <strong>ser<\/strong> <strong>obrigat\u00f3ria\u00a0para t\u00edtulos emitidos ap\u00f3s 15 de mar\u00e7o de 2025<\/strong>,<strong>\u00a0a n\u00e3o aprova\u00e7\u00e3o na sele\u00e7\u00e3o n\u00e3o implicar\u00e1 na perda do Registro de Qualifica\u00e7\u00e3o de Especialista (RQE)<\/strong>.<\/p>\n\n\n\n<figure class=\"wp-block-image size-large is-resized\"><img loading=\"lazy\" decoding=\"async\" width=\"724\" height=\"1024\" src=\"https:\/\/www.grupomedcof.com.br\/blog\/wp-content\/uploads\/2025\/02\/Nota-oficial-AMB-724x1024.jpg\" alt=\"\" class=\"wp-image-34130\" style=\"width:459px;height:auto\" srcset=\"https:\/\/www.grupomedcof.com.br\/blog\/wp-content\/uploads\/2025\/02\/Nota-oficial-AMB-724x1024.jpg 724w, https:\/\/www.grupomedcof.com.br\/blog\/wp-content\/uploads\/2025\/02\/Nota-oficial-AMB-212x300.jpg 212w, https:\/\/www.grupomedcof.com.br\/blog\/wp-content\/uploads\/2025\/02\/Nota-oficial-AMB-768x1086.jpg 768w, https:\/\/www.grupomedcof.com.br\/blog\/wp-content\/uploads\/2025\/02\/Nota-oficial-AMB-1086x1536.jpg 1086w, https:\/\/www.grupomedcof.com.br\/blog\/wp-content\/uploads\/2025\/02\/Nota-oficial-AMB-297x420.jpg 297w, https:\/\/www.grupomedcof.com.br\/blog\/wp-content\/uploads\/2025\/02\/Nota-oficial-AMB-150x212.jpg 150w, https:\/\/www.grupomedcof.com.br\/blog\/wp-content\/uploads\/2025\/02\/Nota-oficial-AMB-300x424.jpg 300w, https:\/\/www.grupomedcof.com.br\/blog\/wp-content\/uploads\/2025\/02\/Nota-oficial-AMB-696x984.jpg 696w, https:\/\/www.grupomedcof.com.br\/blog\/wp-content\/uploads\/2025\/02\/Nota-oficial-AMB-1068x1510.jpg 1068w, https:\/\/www.grupomedcof.com.br\/blog\/wp-content\/uploads\/2025\/02\/Nota-oficial-AMB.jpg 1241w\" sizes=\"auto, (max-width: 724px) 100vw, 724px\" \/><\/figure>\n\n\n\n<p>Ainda, a AMB ressalta a que&nbsp;<strong>o CATE n\u00e3o se aplicar\u00e1 aos m\u00e9dicos cujo RQE foi concedido pelos Conselhos Regionais, por meio da resid\u00eancia m\u00e9dica oficial do Minist\u00e9rio da Educa\u00e7\u00e3o<\/strong>.<\/p>\n\n\n\n<h2 class=\"wp-block-heading\" id=\"h-revalidacao-de-titulo-de-especialista\"><span class=\"ez-toc-section\" id=\"Revalidacao_de_Titulo_de_Especialista\"><\/span><strong>Revalida\u00e7\u00e3o de T\u00edtulo de Especialista<\/strong><span class=\"ez-toc-section-end\"><\/span><\/h2>\n\n\n\n<p>No dia 12 de fevereiro, a <strong>Associa\u00e7\u00e3o M\u00e9dica Brasileira (AMB)&nbsp;<\/strong>anunciou a cria\u00e7\u00e3o do <strong>Certificado de Atualiza\u00e7\u00e3o do T\u00edtulo de Especialista (CATE)<\/strong>, uma esp\u00e9cie de <strong>revalida\u00e7\u00e3o para manuten\u00e7\u00e3o do Registro de Qualifica\u00e7\u00e3o de Especialista (RQE) ap\u00f3s cinco anos de emiss\u00e3o do t\u00edtulo<\/strong>.<\/p>\n\n\n\n<p>Em novembro de 2024, ocorreu uma reuni\u00e3o do <strong>Conselho Deliberativo<\/strong>, na qual a decis\u00e3o da cria\u00e7\u00e3o do RQE foi tomada. Assim, a decis\u00e3o foi oficializada por meio de uma resolu\u00e7\u00e3o publicada no dia <strong>12 de fevereiro de 2025.<\/strong><\/p>\n\n\n\n<p>Segundo a medida, o CATE ser\u00e1 exigido a partir do dia <strong>15 de mar\u00e7o de 2025<\/strong>. Desse modo, os <strong>t\u00edtulos emitidos<\/strong> <strong>ap\u00f3s essa data ter\u00e3o validade de cinco anos<\/strong>. J\u00e1 os m\u00e9dicos com t\u00edtulos anteriores poder\u00e3o aderir voluntariamente ao processo.<\/p>\n\n\n\n<figure class=\"wp-block-image size-large\"><a href=\"https:\/\/www.grupomedcof.com.br\/cofletters\/\" target=\"_blank\" rel=\" noreferrer noopener\"><img loading=\"lazy\" decoding=\"async\" width=\"1024\" height=\"320\" src=\"https:\/\/www.grupomedcof.com.br\/blog\/wp-content\/uploads\/2025\/02\/Banner-MedCof-Plus-2200x460-11-1024x320.png\" alt=\"\" class=\"wp-image-33723\" srcset=\"https:\/\/www.grupomedcof.com.br\/blog\/wp-content\/uploads\/2025\/02\/Banner-MedCof-Plus-2200x460-11-1024x320.png 1024w, https:\/\/www.grupomedcof.com.br\/blog\/wp-content\/uploads\/2025\/02\/Banner-MedCof-Plus-2200x460-11-300x94.png 300w, https:\/\/www.grupomedcof.com.br\/blog\/wp-content\/uploads\/2025\/02\/Banner-MedCof-Plus-2200x460-11-768x240.png 768w, https:\/\/www.grupomedcof.com.br\/blog\/wp-content\/uploads\/2025\/02\/Banner-MedCof-Plus-2200x460-11-1536x480.png 1536w, https:\/\/www.grupomedcof.com.br\/blog\/wp-content\/uploads\/2025\/02\/Banner-MedCof-Plus-2200x460-11-2048x640.png 2048w, https:\/\/www.grupomedcof.com.br\/blog\/wp-content\/uploads\/2025\/02\/Banner-MedCof-Plus-2200x460-11-1343x420.png 1343w, https:\/\/www.grupomedcof.com.br\/blog\/wp-content\/uploads\/2025\/02\/Banner-MedCof-Plus-2200x460-11-150x47.png 150w, https:\/\/www.grupomedcof.com.br\/blog\/wp-content\/uploads\/2025\/02\/Banner-MedCof-Plus-2200x460-11-696x218.png 696w, https:\/\/www.grupomedcof.com.br\/blog\/wp-content\/uploads\/2025\/02\/Banner-MedCof-Plus-2200x460-11-1068x334.png 1068w, https:\/\/www.grupomedcof.com.br\/blog\/wp-content\/uploads\/2025\/02\/Banner-MedCof-Plus-2200x460-11-1920x600.png 1920w\" sizes=\"auto, (max-width: 1024px) 100vw, 1024px\" \/><\/a><\/figure>\n\n\n\n<h2 class=\"wp-block-heading\" id=\"h-justificativa-do-cate\"><span class=\"ez-toc-section\" id=\"Justificativa_do_CATE\"><\/span><strong>Justificativa do CATE<\/strong><span class=\"ez-toc-section-end\"><\/span><\/h2>\n\n\n\n<p>De acordo com a AMB, a certifica\u00e7\u00e3o peri\u00f3dica garantir\u00e1 que os<strong>&nbsp;profissionais se mantenham atualizados com os avan\u00e7os cient\u00edficos e tecnol\u00f3gicos<\/strong>&nbsp;da Medicina.&nbsp;<\/p>\n\n\n\n<p>A certifica\u00e7\u00e3o para portadores de&nbsp;<strong>T\u00edtulos de Especialista e Certificados de \u00c1reas de Atua\u00e7\u00e3o&nbsp;<\/strong>funcionar\u00e1 por meio de um&nbsp;<strong>sistema de cr\u00e9ditos<\/strong>, no qual os m\u00e9dicos precisar\u00e3o acumula<strong>r 100 pontos em atividades educacionais ao longo de cinco anos<\/strong>.<strong>&nbsp;Eventos presenciais e online poder\u00e3o contar para essa pontua\u00e7\u00e3o<\/strong>. <\/p>\n\n\n\n<h2 class=\"wp-block-heading\" id=\"h-regras-da-certificacao\"><span class=\"ez-toc-section\" id=\"Regras_da_certificacao\"><\/span><strong>Regras da certifica\u00e7\u00e3o<\/strong><span class=\"ez-toc-section-end\"><\/span><\/h2>\n\n\n\n<p>O respons\u00e1vel pela fiscaliza\u00e7\u00e3o e regulamenta\u00e7\u00e3o do processo de certifica\u00e7\u00e3o ser\u00e1 a AMB, al\u00e9m de tamb\u00e9m <strong>homologar eventos que possam contar pontos para a atualiza\u00e7\u00e3o do t\u00edtulo<\/strong>. Algumas das diretrizes estabelecidas incluem:<\/p>\n\n\n\n<ul class=\"wp-block-list\">\n<li>A cria\u00e7\u00e3o de um banco de dados com os m\u00e9dicos portadores do CATE;<\/li>\n\n\n\n<li>A defini\u00e7\u00e3o de crit\u00e9rios para pontua\u00e7\u00e3o de cursos e congressos;<\/li>\n\n\n\n<li>A exig\u00eancia de comprova\u00e7\u00e3o de participa\u00e7\u00e3o nos eventos;<\/li>\n\n\n\n<li>A realiza\u00e7\u00e3o de auditorias para garantir a qualidade das atividades certificadas.<\/li>\n<\/ul>\n\n\n\n<figure class=\"wp-block-image size-large\"><a href=\"https:\/\/www.grupomedcof.com.br\/blog\/wp-content\/uploads\/2024\/09\/O-que-fazer-antes-de-entrar-na-Residencia-Medica-Um-manual-para-estudantes-de-medicina-1.pdf\" target=\"_blank\" rel=\" noreferrer noopener\"><img loading=\"lazy\" decoding=\"async\" width=\"1024\" height=\"320\" src=\"https:\/\/www.grupomedcof.com.br\/blog\/wp-content\/uploads\/2024\/09\/Banner-MedCof-Plus-2200x460-10-1024x320.png\" alt=\"\" class=\"wp-image-33719\" srcset=\"https:\/\/www.grupomedcof.com.br\/blog\/wp-content\/uploads\/2024\/09\/Banner-MedCof-Plus-2200x460-10-1024x320.png 1024w, https:\/\/www.grupomedcof.com.br\/blog\/wp-content\/uploads\/2024\/09\/Banner-MedCof-Plus-2200x460-10-300x94.png 300w, https:\/\/www.grupomedcof.com.br\/blog\/wp-content\/uploads\/2024\/09\/Banner-MedCof-Plus-2200x460-10-768x240.png 768w, https:\/\/www.grupomedcof.com.br\/blog\/wp-content\/uploads\/2024\/09\/Banner-MedCof-Plus-2200x460-10-1536x480.png 1536w, https:\/\/www.grupomedcof.com.br\/blog\/wp-content\/uploads\/2024\/09\/Banner-MedCof-Plus-2200x460-10-2048x640.png 2048w, https:\/\/www.grupomedcof.com.br\/blog\/wp-content\/uploads\/2024\/09\/Banner-MedCof-Plus-2200x460-10-1344x420.png 1344w, https:\/\/www.grupomedcof.com.br\/blog\/wp-content\/uploads\/2024\/09\/Banner-MedCof-Plus-2200x460-10-150x47.png 150w, https:\/\/www.grupomedcof.com.br\/blog\/wp-content\/uploads\/2024\/09\/Banner-MedCof-Plus-2200x460-10-696x218.png 696w, https:\/\/www.grupomedcof.com.br\/blog\/wp-content\/uploads\/2024\/09\/Banner-MedCof-Plus-2200x460-10-1068x334.png 1068w, https:\/\/www.grupomedcof.com.br\/blog\/wp-content\/uploads\/2024\/09\/Banner-MedCof-Plus-2200x460-10-1920x600.png 1920w\" sizes=\"auto, (max-width: 1024px) 100vw, 1024px\" \/><\/a><\/figure>\n\n\n\n<h2 class=\"wp-block-heading\" id=\"h-posicionamento-do-cfm\"><span class=\"ez-toc-section\" id=\"Posicionamento_do_CFM\"><\/span><strong>Posicionamento do CFM<\/strong><span class=\"ez-toc-section-end\"><\/span><\/h2>\n\n\n\n<p>No dia 18 de fevereiro, o <strong>Conselho Federal de Medicina<\/strong> posicionou-se oficialmente <strong>contra a exig\u00eancia do CATE para manuten\u00e7\u00e3o do Registro de Qualifica\u00e7\u00e3o de Especialista (RQE)<\/strong>. Em nota, o CFM alega que a medida contraria o<a href=\"https:\/\/www.planalto.gov.br\/ccivil_03\/leis\/l3268.htm\">&nbsp;<\/a><strong><a href=\"https:\/\/www.planalto.gov.br\/ccivil_03\/leis\/l3268.htm\">artigo 17 da Lei n\u00ba 3.268\/1957<\/a>.&nbsp;&nbsp;<\/strong><\/p>\n\n\n\n<p>Segundo a autarquia,&nbsp;<strong>nenhum m\u00e9dico com RQE ativo ter\u00e1 sua especialidade questionada ou revogada com base na nova resolu\u00e7\u00e3o da AMB<\/strong>.<\/p>\n\n\n\n<div class=\"wp-block-buttons is-content-justification-center is-layout-flex wp-container-core-buttons-is-layout-16018d1d wp-block-buttons-is-layout-flex\">\n<div class=\"wp-block-button\"><a class=\"wp-block-button__link wp-element-button\" href=\"file:\/\/\/C:\/Users\/MEDCOF-0415\/Downloads\/notacfm_18022025.pdf\" target=\"_blank\" rel=\"noreferrer noopener\">Veja a nota oficial do CFM<\/a><\/div>\n<\/div>\n\n\n\n<h2 class=\"wp-block-heading\" id=\"como-conquistar-a-aprova\u00e7\u00e3o-na-resid\u00eancia\"><span class=\"ez-toc-section\" id=\"Como_conquistar_a_aprovacao_na_residencia\"><\/span><strong>Como conquistar a aprova\u00e7\u00e3o na resid\u00eancia?<\/strong><span class=\"ez-toc-section-end\"><\/span><\/h2>\n\n\n\n<p>Quer alcan\u00e7ar a aprova\u00e7\u00e3o nas provas de resid\u00eancia m\u00e9dica? Ent\u00e3o seja um&nbsp;<a href=\"https:\/\/www.grupomedcof.com.br\/home\/\">MedCofer<\/a>! Aqui te ajudaremos na busca da aprova\u00e7\u00e3o com conte\u00fados de qualidade e uma&nbsp;<a href=\"https:\/\/www.grupomedcof.com.br\/blog\/presenca-da-medcof-nas-aprovacoes-em-residencia-medica-no-brasil\/\">metodologia que j\u00e1 aprovou mais de 10 mil residentes no pa\u00eds!&nbsp;<\/a>Por fim, acesse o nosso<a href=\"https:\/\/www.youtube.com\/@GrupoMedcof\/featured\">&nbsp;<strong>canal do youtube&nbsp;<\/strong><\/a>para ver o nosso material.<\/p>\n\n\n\n<figure class=\"wp-block-embed is-type-video is-provider-youtube wp-block-embed-youtube wp-embed-aspect-16-9 wp-has-aspect-ratio\"><div class=\"wp-block-embed__wrapper\">\n<div class=\"youtube-embed\" data-video_id=\"FzmrDYREUFs\"><iframe loading=\"lazy\" title=\"Aprovado 3\u00b0 Lugar em Dermatologia | UNICAMP  \u2013 Guilherme Neri | Papo de Aprovado #15\" width=\"696\" height=\"392\" src=\"https:\/\/www.youtube.com\/embed\/FzmrDYREUFs?list=PL1cAl9ptpmfpjtT4Ia60bCfA1hHtd9nyJ\" frameborder=\"0\" allow=\"accelerometer; autoplay; clipboard-write; encrypted-media; gyroscope; picture-in-picture; web-share\" referrerpolicy=\"strict-origin-when-cross-origin\" allowfullscreen><\/iframe><\/div>\n<\/div><\/figure>\n","protected":false},"excerpt":{"rendered":"<p>A Associa\u00e7\u00e3o M\u00e9dica Brasileira (AMB) divulgou uma nota oficial afim de prestar\u00a0esclarecimentos sobre a institui\u00e7\u00e3o do CATE.\u00a0Veja!<\/p>\n","protected":false},"author":20,"featured_media":33792,"comment_status":"open","ping_status":"open","sticky":false,"template":"","format":"standard","meta":{"footnotes":""},"categories":[173],"tags":[2621,264,1965],"ppma_author":[3616],"class_list":{"0":"post-33789","1":"post","2":"type-post","3":"status-publish","4":"format-standard","5":"has-post-thumbnail","7":"category-novidades","8":"tag-amb","9":"tag-cfm","10":"tag-titulo-de-especialista"},"yoast_head":"<!-- This site is optimized with the Yoast SEO Premium plugin v24.3 (Yoast SEO v27.5) - https:\/\/yoast.com\/product\/yoast-seo-premium-wordpress\/ -->\n<title>T\u00edtulo de Especialista: AMB revoga a obrigatoriedade do CATE - Blog de Medcof: conte\u00fados, editais, revalida e mais!<\/title>\n<meta name=\"description\" content=\"A Associa\u00e7\u00e3o M\u00e9dica Brasileira (AMB) divulgou uma nota oficial afim de prestar\u00a0esclarecimentos sobre a institui\u00e7\u00e3o do CATE.\u00a0Veja!\" \/>\n<meta name=\"robots\" content=\"index, follow, max-snippet:-1, max-image-preview:large, max-video-preview:-1\" \/>\n<link rel=\"canonical\" href=\"https:\/\/www.grupomedcof.com.br\/blog\/titulo-de-especialista-amb\/\" \/>\n<meta property=\"og:locale\" content=\"pt_BR\" \/>\n<meta property=\"og:type\" content=\"article\" \/>\n<meta property=\"og:title\" content=\"T\u00edtulo de Especialista: AMB revoga a obrigatoriedade do CATE\" \/>\n<meta property=\"og:description\" content=\"A Associa\u00e7\u00e3o M\u00e9dica Brasileira (AMB) divulgou uma nota oficial afim de prestar\u00a0esclarecimentos sobre a institui\u00e7\u00e3o do CATE.\u00a0Veja!\" \/>\n<meta property=\"og:url\" content=\"https:\/\/www.grupomedcof.com.br\/blog\/titulo-de-especialista-amb\/\" \/>\n<meta property=\"og:site_name\" content=\"Blog de Medcof: conte\u00fados, editais, revalida e mais!\" \/>\n<meta property=\"article:publisher\" content=\"https:\/\/www.facebook.com\/MedCofQbank\/\" \/>\n<meta property=\"article:published_time\" content=\"2025-04-09T12:22:29+00:00\" \/>\n<meta property=\"article:modified_time\" content=\"2025-04-09T12:22:30+00:00\" \/>\n<meta property=\"og:image\" content=\"https:\/\/www.grupomedcof.com.br\/blog\/wp-content\/uploads\/2025\/02\/Modelo-instituicoes-96.jpg\" \/>\n\t<meta property=\"og:image:width\" content=\"1920\" \/>\n\t<meta property=\"og:image:height\" content=\"1080\" \/>\n\t<meta property=\"og:image:type\" content=\"image\/jpeg\" \/>\n<meta name=\"author\" content=\"Leila Menzel\" \/>\n<meta name=\"twitter:card\" content=\"summary_large_image\" \/>\n<meta name=\"twitter:label1\" content=\"Escrito por\" \/>\n\t<meta name=\"twitter:data1\" content=\"Leila Menzel\" \/>\n\t<meta name=\"twitter:label2\" content=\"Est. tempo de leitura\" \/>\n\t<meta name=\"twitter:data2\" content=\"5 minutos\" \/>\n<script type=\"application\/ld+json\" class=\"yoast-schema-graph\">{\"@context\":\"https:\\\/\\\/schema.org\",\"@graph\":[{\"@type\":\"Article\",\"@id\":\"https:\\\/\\\/www.grupomedcof.com.br\\\/blog\\\/titulo-de-especialista-amb\\\/#article\",\"isPartOf\":{\"@id\":\"https:\\\/\\\/www.grupomedcof.com.br\\\/blog\\\/titulo-de-especialista-amb\\\/\"},\"author\":{\"name\":\"Leila Menzel\",\"@id\":\"https:\\\/\\\/www.grupomedcof.com.br\\\/blog\\\/#\\\/schema\\\/person\\\/9a44c2184a836bf5ae6967fdb3a1451e\"},\"headline\":\"T\u00edtulo de Especialista: AMB revoga a obrigatoriedade do CATE\",\"datePublished\":\"2025-04-09T12:22:29+00:00\",\"dateModified\":\"2025-04-09T12:22:30+00:00\",\"mainEntityOfPage\":{\"@id\":\"https:\\\/\\\/www.grupomedcof.com.br\\\/blog\\\/titulo-de-especialista-amb\\\/\"},\"wordCount\":831,\"commentCount\":0,\"publisher\":{\"@id\":\"https:\\\/\\\/www.grupomedcof.com.br\\\/blog\\\/#organization\"},\"image\":{\"@id\":\"https:\\\/\\\/www.grupomedcof.com.br\\\/blog\\\/titulo-de-especialista-amb\\\/#primaryimage\"},\"thumbnailUrl\":\"https:\\\/\\\/www.grupomedcof.com.br\\\/blog\\\/wp-content\\\/uploads\\\/2025\\\/02\\\/Modelo-instituicoes-96.jpg\",\"keywords\":[\"AMB\",\"CFM\",\"T\u00edtulo de Especialista\"],\"articleSection\":[\"Novidades\"],\"inLanguage\":\"pt-BR\"},{\"@type\":\"WebPage\",\"@id\":\"https:\\\/\\\/www.grupomedcof.com.br\\\/blog\\\/titulo-de-especialista-amb\\\/\",\"url\":\"https:\\\/\\\/www.grupomedcof.com.br\\\/blog\\\/titulo-de-especialista-amb\\\/\",\"name\":\"T\u00edtulo de Especialista: AMB revoga a obrigatoriedade do CATE - Blog de Medcof: conte\u00fados, editais, revalida e mais!\",\"isPartOf\":{\"@id\":\"https:\\\/\\\/www.grupomedcof.com.br\\\/blog\\\/#website\"},\"primaryImageOfPage\":{\"@id\":\"https:\\\/\\\/www.grupomedcof.com.br\\\/blog\\\/titulo-de-especialista-amb\\\/#primaryimage\"},\"image\":{\"@id\":\"https:\\\/\\\/www.grupomedcof.com.br\\\/blog\\\/titulo-de-especialista-amb\\\/#primaryimage\"},\"thumbnailUrl\":\"https:\\\/\\\/www.grupomedcof.com.br\\\/blog\\\/wp-content\\\/uploads\\\/2025\\\/02\\\/Modelo-instituicoes-96.jpg\",\"datePublished\":\"2025-04-09T12:22:29+00:00\",\"dateModified\":\"2025-04-09T12:22:30+00:00\",\"description\":\"A Associa\u00e7\u00e3o M\u00e9dica Brasileira (AMB) divulgou uma nota oficial afim de prestar\u00a0esclarecimentos sobre a institui\u00e7\u00e3o do CATE.\u00a0Veja!\",\"breadcrumb\":{\"@id\":\"https:\\\/\\\/www.grupomedcof.com.br\\\/blog\\\/titulo-de-especialista-amb\\\/#breadcrumb\"},\"inLanguage\":\"pt-BR\",\"potentialAction\":[{\"@type\":\"ReadAction\",\"target\":[\"https:\\\/\\\/www.grupomedcof.com.br\\\/blog\\\/titulo-de-especialista-amb\\\/\"]}]},{\"@type\":\"ImageObject\",\"inLanguage\":\"pt-BR\",\"@id\":\"https:\\\/\\\/www.grupomedcof.com.br\\\/blog\\\/titulo-de-especialista-amb\\\/#primaryimage\",\"url\":\"https:\\\/\\\/www.grupomedcof.com.br\\\/blog\\\/wp-content\\\/uploads\\\/2025\\\/02\\\/Modelo-instituicoes-96.jpg\",\"contentUrl\":\"https:\\\/\\\/www.grupomedcof.com.br\\\/blog\\\/wp-content\\\/uploads\\\/2025\\\/02\\\/Modelo-instituicoes-96.jpg\",\"width\":1920,\"height\":1080},{\"@type\":\"BreadcrumbList\",\"@id\":\"https:\\\/\\\/www.grupomedcof.com.br\\\/blog\\\/titulo-de-especialista-amb\\\/#breadcrumb\",\"itemListElement\":[{\"@type\":\"ListItem\",\"position\":1,\"name\":\"In\u00edcio\",\"item\":\"https:\\\/\\\/www.grupomedcof.com.br\\\/blog\\\/\"},{\"@type\":\"ListItem\",\"position\":2,\"name\":\"T\u00edtulo de Especialista: AMB revoga a obrigatoriedade do CATE\"}]},{\"@type\":\"WebSite\",\"@id\":\"https:\\\/\\\/www.grupomedcof.com.br\\\/blog\\\/#website\",\"url\":\"https:\\\/\\\/www.grupomedcof.com.br\\\/blog\\\/\",\"name\":\"Blog de Medcof: conte\u00fados, editais, revalida e mais!\",\"description\":\"Acesso o blog de MedCof! Seu portal de conte\u00fados sobre resid\u00eancia m\u00e9dica, an\u00e1lise e editais e muito mais. Clique e confira!\",\"publisher\":{\"@id\":\"https:\\\/\\\/www.grupomedcof.com.br\\\/blog\\\/#organization\"},\"alternateName\":\"Blog de Medcof: conte\u00fados, editais, revalida e mais!\",\"potentialAction\":[{\"@type\":\"SearchAction\",\"target\":{\"@type\":\"EntryPoint\",\"urlTemplate\":\"https:\\\/\\\/www.grupomedcof.com.br\\\/blog\\\/?s={search_term_string}\"},\"query-input\":{\"@type\":\"PropertyValueSpecification\",\"valueRequired\":true,\"valueName\":\"search_term_string\"}}],\"inLanguage\":\"pt-BR\"},{\"@type\":\"Organization\",\"@id\":\"https:\\\/\\\/www.grupomedcof.com.br\\\/blog\\\/#organization\",\"name\":\"Grupo MedCof\",\"url\":\"https:\\\/\\\/www.grupomedcof.com.br\\\/blog\\\/\",\"logo\":{\"@type\":\"ImageObject\",\"inLanguage\":\"pt-BR\",\"@id\":\"https:\\\/\\\/www.grupomedcof.com.br\\\/blog\\\/#\\\/schema\\\/logo\\\/image\\\/\",\"url\":\"https:\\\/\\\/www.grupomedcof.com.br\\\/blog\\\/wp-content\\\/uploads\\\/2022\\\/01\\\/logo-medcof.png\",\"contentUrl\":\"https:\\\/\\\/www.grupomedcof.com.br\\\/blog\\\/wp-content\\\/uploads\\\/2022\\\/01\\\/logo-medcof.png\",\"width\":768,\"height\":269,\"caption\":\"Grupo MedCof\"},\"image\":{\"@id\":\"https:\\\/\\\/www.grupomedcof.com.br\\\/blog\\\/#\\\/schema\\\/logo\\\/image\\\/\"},\"sameAs\":[\"https:\\\/\\\/www.facebook.com\\\/MedCofQbank\\\/\",\"https:\\\/\\\/www.instagram.com\\\/grupomedcof\\\/\",\"https:\\\/\\\/br.linkedin.com\\\/company\\\/medcof\",\"https:\\\/\\\/www.youtube.com\\\/channel\\\/UCdHMuOHKICxcHwecxN8P-AA\"]},{\"@type\":\"Person\",\"@id\":\"https:\\\/\\\/www.grupomedcof.com.br\\\/blog\\\/#\\\/schema\\\/person\\\/9a44c2184a836bf5ae6967fdb3a1451e\",\"name\":\"Leila Menzel\",\"image\":{\"@type\":\"ImageObject\",\"inLanguage\":\"pt-BR\",\"@id\":\"https:\\\/\\\/www.grupomedcof.com.br\\\/blog\\\/wp-content\\\/uploads\\\/2025\\\/09\\\/cropped-eu-96x96.jpeg19a74936d997c0a8b3031618467fa1d0\",\"url\":\"https:\\\/\\\/www.grupomedcof.com.br\\\/blog\\\/wp-content\\\/uploads\\\/2025\\\/09\\\/cropped-eu-96x96.jpeg\",\"contentUrl\":\"https:\\\/\\\/www.grupomedcof.com.br\\\/blog\\\/wp-content\\\/uploads\\\/2025\\\/09\\\/cropped-eu-96x96.jpeg\",\"caption\":\"Leila Menzel\"},\"description\":\"Estudante do 6\u00b0 semestre de jornalismo, amo e escrevo poesias e viajo em livros de romances clich\u00eas.\",\"url\":\"https:\\\/\\\/www.grupomedcof.com.br\\\/blog\\\/author\\\/leila-menzel\\\/\"}]}<\/script>\n<!-- \/ Yoast SEO Premium plugin. -->","yoast_head_json":{"title":"T\u00edtulo de Especialista: AMB revoga a obrigatoriedade do CATE - Blog de Medcof: conte\u00fados, editais, revalida e mais!","description":"A Associa\u00e7\u00e3o M\u00e9dica Brasileira (AMB) divulgou uma nota oficial afim de prestar\u00a0esclarecimentos sobre a institui\u00e7\u00e3o do CATE.\u00a0Veja!","robots":{"index":"index","follow":"follow","max-snippet":"max-snippet:-1","max-image-preview":"max-image-preview:large","max-video-preview":"max-video-preview:-1"},"canonical":"https:\/\/www.grupomedcof.com.br\/blog\/titulo-de-especialista-amb\/","og_locale":"pt_BR","og_type":"article","og_title":"T\u00edtulo de Especialista: AMB revoga a obrigatoriedade do CATE","og_description":"A Associa\u00e7\u00e3o M\u00e9dica Brasileira (AMB) divulgou uma nota oficial afim de prestar\u00a0esclarecimentos sobre a institui\u00e7\u00e3o do CATE.\u00a0Veja!","og_url":"https:\/\/www.grupomedcof.com.br\/blog\/titulo-de-especialista-amb\/","og_site_name":"Blog de Medcof: conte\u00fados, editais, revalida e mais!","article_publisher":"https:\/\/www.facebook.com\/MedCofQbank\/","article_published_time":"2025-04-09T12:22:29+00:00","article_modified_time":"2025-04-09T12:22:30+00:00","og_image":[{"width":1920,"height":1080,"url":"https:\/\/www.grupomedcof.com.br\/blog\/wp-content\/uploads\/2025\/02\/Modelo-instituicoes-96.jpg","type":"image\/jpeg"}],"author":"Leila Menzel","twitter_card":"summary_large_image","twitter_misc":{"Escrito por":"Leila Menzel","Est. tempo de leitura":"5 minutos"},"schema":{"@context":"https:\/\/schema.org","@graph":[{"@type":"Article","@id":"https:\/\/www.grupomedcof.com.br\/blog\/titulo-de-especialista-amb\/#article","isPartOf":{"@id":"https:\/\/www.grupomedcof.com.br\/blog\/titulo-de-especialista-amb\/"},"author":{"name":"Leila Menzel","@id":"https:\/\/www.grupomedcof.com.br\/blog\/#\/schema\/person\/9a44c2184a836bf5ae6967fdb3a1451e"},"headline":"T\u00edtulo de Especialista: AMB revoga a obrigatoriedade do CATE","datePublished":"2025-04-09T12:22:29+00:00","dateModified":"2025-04-09T12:22:30+00:00","mainEntityOfPage":{"@id":"https:\/\/www.grupomedcof.com.br\/blog\/titulo-de-especialista-amb\/"},"wordCount":831,"commentCount":0,"publisher":{"@id":"https:\/\/www.grupomedcof.com.br\/blog\/#organization"},"image":{"@id":"https:\/\/www.grupomedcof.com.br\/blog\/titulo-de-especialista-amb\/#primaryimage"},"thumbnailUrl":"https:\/\/www.grupomedcof.com.br\/blog\/wp-content\/uploads\/2025\/02\/Modelo-instituicoes-96.jpg","keywords":["AMB","CFM","T\u00edtulo de Especialista"],"articleSection":["Novidades"],"inLanguage":"pt-BR"},{"@type":"WebPage","@id":"https:\/\/www.grupomedcof.com.br\/blog\/titulo-de-especialista-amb\/","url":"https:\/\/www.grupomedcof.com.br\/blog\/titulo-de-especialista-amb\/","name":"T\u00edtulo de Especialista: AMB revoga a obrigatoriedade do CATE - Blog de Medcof: conte\u00fados, editais, revalida e mais!","isPartOf":{"@id":"https:\/\/www.grupomedcof.com.br\/blog\/#website"},"primaryImageOfPage":{"@id":"https:\/\/www.grupomedcof.com.br\/blog\/titulo-de-especialista-amb\/#primaryimage"},"image":{"@id":"https:\/\/www.grupomedcof.com.br\/blog\/titulo-de-especialista-amb\/#primaryimage"},"thumbnailUrl":"https:\/\/www.grupomedcof.com.br\/blog\/wp-content\/uploads\/2025\/02\/Modelo-instituicoes-96.jpg","datePublished":"2025-04-09T12:22:29+00:00","dateModified":"2025-04-09T12:22:30+00:00","description":"A Associa\u00e7\u00e3o M\u00e9dica Brasileira (AMB) divulgou uma nota oficial afim de prestar\u00a0esclarecimentos sobre a institui\u00e7\u00e3o do CATE.\u00a0Veja!","breadcrumb":{"@id":"https:\/\/www.grupomedcof.com.br\/blog\/titulo-de-especialista-amb\/#breadcrumb"},"inLanguage":"pt-BR","potentialAction":[{"@type":"ReadAction","target":["https:\/\/www.grupomedcof.com.br\/blog\/titulo-de-especialista-amb\/"]}]},{"@type":"ImageObject","inLanguage":"pt-BR","@id":"https:\/\/www.grupomedcof.com.br\/blog\/titulo-de-especialista-amb\/#primaryimage","url":"https:\/\/www.grupomedcof.com.br\/blog\/wp-content\/uploads\/2025\/02\/Modelo-instituicoes-96.jpg","contentUrl":"https:\/\/www.grupomedcof.com.br\/blog\/wp-content\/uploads\/2025\/02\/Modelo-instituicoes-96.jpg","width":1920,"height":1080},{"@type":"BreadcrumbList","@id":"https:\/\/www.grupomedcof.com.br\/blog\/titulo-de-especialista-amb\/#breadcrumb","itemListElement":[{"@type":"ListItem","position":1,"name":"In\u00edcio","item":"https:\/\/www.grupomedcof.com.br\/blog\/"},{"@type":"ListItem","position":2,"name":"T\u00edtulo de Especialista: AMB revoga a obrigatoriedade do CATE"}]},{"@type":"WebSite","@id":"https:\/\/www.grupomedcof.com.br\/blog\/#website","url":"https:\/\/www.grupomedcof.com.br\/blog\/","name":"Blog de Medcof: conte\u00fados, editais, revalida e mais!","description":"Acesso o blog de MedCof! Seu portal de conte\u00fados sobre resid\u00eancia m\u00e9dica, an\u00e1lise e editais e muito mais. Clique e confira!","publisher":{"@id":"https:\/\/www.grupomedcof.com.br\/blog\/#organization"},"alternateName":"Blog de Medcof: conte\u00fados, editais, revalida e mais!","potentialAction":[{"@type":"SearchAction","target":{"@type":"EntryPoint","urlTemplate":"https:\/\/www.grupomedcof.com.br\/blog\/?s={search_term_string}"},"query-input":{"@type":"PropertyValueSpecification","valueRequired":true,"valueName":"search_term_string"}}],"inLanguage":"pt-BR"},{"@type":"Organization","@id":"https:\/\/www.grupomedcof.com.br\/blog\/#organization","name":"Grupo MedCof","url":"https:\/\/www.grupomedcof.com.br\/blog\/","logo":{"@type":"ImageObject","inLanguage":"pt-BR","@id":"https:\/\/www.grupomedcof.com.br\/blog\/#\/schema\/logo\/image\/","url":"https:\/\/www.grupomedcof.com.br\/blog\/wp-content\/uploads\/2022\/01\/logo-medcof.png","contentUrl":"https:\/\/www.grupomedcof.com.br\/blog\/wp-content\/uploads\/2022\/01\/logo-medcof.png","width":768,"height":269,"caption":"Grupo MedCof"},"image":{"@id":"https:\/\/www.grupomedcof.com.br\/blog\/#\/schema\/logo\/image\/"},"sameAs":["https:\/\/www.facebook.com\/MedCofQbank\/","https:\/\/www.instagram.com\/grupomedcof\/","https:\/\/br.linkedin.com\/company\/medcof","https:\/\/www.youtube.com\/channel\/UCdHMuOHKICxcHwecxN8P-AA"]},{"@type":"Person","@id":"https:\/\/www.grupomedcof.com.br\/blog\/#\/schema\/person\/9a44c2184a836bf5ae6967fdb3a1451e","name":"Leila Menzel","image":{"@type":"ImageObject","inLanguage":"pt-BR","@id":"https:\/\/www.grupomedcof.com.br\/blog\/wp-content\/uploads\/2025\/09\/cropped-eu-96x96.jpeg19a74936d997c0a8b3031618467fa1d0","url":"https:\/\/www.grupomedcof.com.br\/blog\/wp-content\/uploads\/2025\/09\/cropped-eu-96x96.jpeg","contentUrl":"https:\/\/www.grupomedcof.com.br\/blog\/wp-content\/uploads\/2025\/09\/cropped-eu-96x96.jpeg","caption":"Leila Menzel"},"description":"Estudante do 6\u00b0 semestre de jornalismo, amo e escrevo poesias e viajo em livros de romances clich\u00eas.","url":"https:\/\/www.grupomedcof.com.br\/blog\/author\/leila-menzel\/"}]}},"authors":[{"term_id":3616,"user_id":20,"is_guest":0,"slug":"leila-menzel","display_name":"Leila Menzel","avatar_url":"https:\/\/www.grupomedcof.com.br\/blog\/wp-content\/uploads\/2025\/09\/cropped-eu-96x96.jpeg","0":null,"1":"","2":"","3":"","4":"","5":"","6":"","7":"","8":""}],"_links":{"self":[{"href":"https:\/\/www.grupomedcof.com.br\/blog\/wp-json\/wp\/v2\/posts\/33789","targetHints":{"allow":["GET"]}}],"collection":[{"href":"https:\/\/www.grupomedcof.com.br\/blog\/wp-json\/wp\/v2\/posts"}],"about":[{"href":"https:\/\/www.grupomedcof.com.br\/blog\/wp-json\/wp\/v2\/types\/post"}],"author":[{"embeddable":true,"href":"https:\/\/www.grupomedcof.com.br\/blog\/wp-json\/wp\/v2\/users\/20"}],"replies":[{"embeddable":true,"href":"https:\/\/www.grupomedcof.com.br\/blog\/wp-json\/wp\/v2\/comments?post=33789"}],"version-history":[{"count":0,"href":"https:\/\/www.grupomedcof.com.br\/blog\/wp-json\/wp\/v2\/posts\/33789\/revisions"}],"wp:featuredmedia":[{"embeddable":true,"href":"https:\/\/www.grupomedcof.com.br\/blog\/wp-json\/wp\/v2\/media\/33792"}],"wp:attachment":[{"href":"https:\/\/www.grupomedcof.com.br\/blog\/wp-json\/wp\/v2\/media?parent=33789"}],"wp:term":[{"taxonomy":"category","embeddable":true,"href":"https:\/\/www.grupomedcof.com.br\/blog\/wp-json\/wp\/v2\/categories?post=33789"},{"taxonomy":"post_tag","embeddable":true,"href":"https:\/\/www.grupomedcof.com.br\/blog\/wp-json\/wp\/v2\/tags?post=33789"},{"taxonomy":"author","embeddable":true,"href":"https:\/\/www.grupomedcof.com.br\/blog\/wp-json\/wp\/v2\/ppma_author?post=33789"}],"curies":[{"name":"wp","href":"https:\/\/api.w.org\/{rel}","templated":true}]}}