{"id":33900,"date":"2026-01-16T15:00:19","date_gmt":"2026-01-16T18:00:19","guid":{"rendered":"https:\/\/www.grupomedcof.com.br\/blog\/?p=33900"},"modified":"2026-01-16T15:21:46","modified_gmt":"2026-01-16T18:21:46","slug":"auxilio-moradia-para-medicos-residentes","status":"publish","type":"post","link":"https:\/\/www.grupomedcof.com.br\/blog\/auxilio-moradia-para-medicos-residentes\/","title":{"rendered":"Aux\u00edlio-moradia na resid\u00eancia m\u00e9dica: o que \u00e9, valor e como solicitar"},"content":{"rendered":"<div id=\"ez-toc-container\" class=\"ez-toc-v2_0_74 counter-hierarchy ez-toc-counter ez-toc-transparent ez-toc-container-direction\">\n<div class=\"ez-toc-title-container\">\n<p class=\"ez-toc-title\" style=\"cursor:inherit\">Sum\u00e1rio<\/p>\n<span class=\"ez-toc-title-toggle\"><a href=\"#\" class=\"ez-toc-pull-right ez-toc-btn ez-toc-btn-xs ez-toc-btn-default ez-toc-toggle\" aria-label=\"Alternar tabela de conte\u00fado\"><span class=\"ez-toc-js-icon-con\"><span class=\"\"><span class=\"eztoc-hide\" style=\"display:none;\">Toggle<\/span><span class=\"ez-toc-icon-toggle-span\"><svg style=\"fill: #999;color:#999\" xmlns=\"http:\/\/www.w3.org\/2000\/svg\" class=\"list-377408\" width=\"20px\" height=\"20px\" viewBox=\"0 0 24 24\" fill=\"none\"><path d=\"M6 6H4v2h2V6zm14 0H8v2h12V6zM4 11h2v2H4v-2zm16 0H8v2h12v-2zM4 16h2v2H4v-2zm16 0H8v2h12v-2z\" fill=\"currentColor\"><\/path><\/svg><svg style=\"fill: #999;color:#999\" class=\"arrow-unsorted-368013\" xmlns=\"http:\/\/www.w3.org\/2000\/svg\" width=\"10px\" height=\"10px\" viewBox=\"0 0 24 24\" version=\"1.2\" baseProfile=\"tiny\"><path d=\"M18.2 9.3l-6.2-6.3-6.2 6.3c-.2.2-.3.4-.3.7s.1.5.3.7c.2.2.4.3.7.3h11c.3 0 .5-.1.7-.3.2-.2.3-.5.3-.7s-.1-.5-.3-.7zM5.8 14.7l6.2 6.3 6.2-6.3c.2-.2.3-.5.3-.7s-.1-.5-.3-.7c-.2-.2-.4-.3-.7-.3h-11c-.3 0-.5.1-.7.3-.2.2-.3.5-.3.7s.1.5.3.7z\"\/><\/svg><\/span><\/span><\/span><\/a><\/span><\/div>\n<nav><ul class='ez-toc-list ez-toc-list-level-1 ' ><li class='ez-toc-page-1 ez-toc-heading-level-2'><a class=\"ez-toc-link ez-toc-heading-1\" href=\"https:\/\/www.grupomedcof.com.br\/blog\/auxilio-moradia-para-medicos-residentes\/#Legislacao_atual_sobre_auxilio-moradia_para_medicos_residentes\" >Legisla\u00e7\u00e3o atual sobre aux\u00edlio-moradia para m\u00e9dicos residentes<\/a><\/li><li class='ez-toc-page-1 ez-toc-heading-level-2'><a class=\"ez-toc-link ez-toc-heading-2\" href=\"https:\/\/www.grupomedcof.com.br\/blog\/auxilio-moradia-para-medicos-residentes\/#Por_que_a_regulamentacao_do_Auxilio-Moradia_e_importante\" >Por que a regulamenta\u00e7\u00e3o do Aux\u00edlio-Moradia \u00e9 importante?\u00a0<\/a><\/li><li class='ez-toc-page-1 ez-toc-heading-level-2'><a class=\"ez-toc-link ez-toc-heading-3\" href=\"https:\/\/www.grupomedcof.com.br\/blog\/auxilio-moradia-para-medicos-residentes\/#Quem_tem_direito_ao_auxilio-moradia_na_residencia_medica\" >Quem tem direito ao aux\u00edlio-moradia na resid\u00eancia m\u00e9dica?<\/a><ul class='ez-toc-list-level-3' ><li class='ez-toc-heading-level-3'><a class=\"ez-toc-link ez-toc-heading-4\" href=\"https:\/\/www.grupomedcof.com.br\/blog\/auxilio-moradia-para-medicos-residentes\/#Qual_e_a_situacao_de_residentes_anteriores_ao_decreto\" >Qual \u00e9 a situa\u00e7\u00e3o de residentes anteriores ao decreto?<\/a><\/li><\/ul><\/li><li class='ez-toc-page-1 ez-toc-heading-level-2'><a class=\"ez-toc-link ez-toc-heading-5\" href=\"https:\/\/www.grupomedcof.com.br\/blog\/auxilio-moradia-para-medicos-residentes\/#Qual_o_valor_do_auxilio-moradia_para_residencia_medica\" >Qual o valor do aux\u00edlio-moradia para resid\u00eancia m\u00e9dica?<\/a><\/li><li class='ez-toc-page-1 ez-toc-heading-level-2'><a class=\"ez-toc-link ez-toc-heading-6\" href=\"https:\/\/www.grupomedcof.com.br\/blog\/auxilio-moradia-para-medicos-residentes\/#Como_solicitar_auxilio-moradia_residencia_medica\" >Como solicitar aux\u00edlio-moradia resid\u00eancia m\u00e9dica?<\/a><ul class='ez-toc-list-level-3' ><li class='ez-toc-heading-level-3'><a class=\"ez-toc-link ez-toc-heading-7\" href=\"https:\/\/www.grupomedcof.com.br\/blog\/auxilio-moradia-para-medicos-residentes\/#Medidas_judiciais_para_garantir_o_direito_ao_auxilio-moradia\" >Medidas judiciais para garantir o direito ao aux\u00edlio-moradia<\/a><\/li><li class='ez-toc-page-1 ez-toc-heading-level-3'><a class=\"ez-toc-link ez-toc-heading-8\" href=\"https:\/\/www.grupomedcof.com.br\/blog\/auxilio-moradia-para-medicos-residentes\/#O_que_fazer_se_a_instituicao_se_recusar_a_pagar_o_auxilio-moradia\" >O que fazer se a institui\u00e7\u00e3o se recusar a pagar o aux\u00edlio-moradia?<\/a><\/li><\/ul><\/li><li class='ez-toc-page-1 ez-toc-heading-level-2'><a class=\"ez-toc-link ez-toc-heading-9\" href=\"https:\/\/www.grupomedcof.com.br\/blog\/auxilio-moradia-para-medicos-residentes\/#A_moradia_fornecida_pela_instituicao_requisitos_e_direitos\" >A moradia fornecida pela institui\u00e7\u00e3o: requisitos e direitos<\/a><\/li><li class='ez-toc-page-1 ez-toc-heading-level-2'><a class=\"ez-toc-link ez-toc-heading-10\" href=\"https:\/\/www.grupomedcof.com.br\/blog\/auxilio-moradia-para-medicos-residentes\/#Beneficios_do_auxilio-moradia_para_medicos_residentes\" >Benef\u00edcios do aux\u00edlio-moradia para m\u00e9dicos residentes<\/a><ul class='ez-toc-list-level-3' ><li class='ez-toc-heading-level-3'><a class=\"ez-toc-link ez-toc-heading-11\" href=\"https:\/\/www.grupomedcof.com.br\/blog\/auxilio-moradia-para-medicos-residentes\/#Como_receber_o_auxilio_retroativamente_apos_terminar_a_residencia\" >Como receber o aux\u00edlio retroativamente ap\u00f3s terminar a resid\u00eancia?<\/a><\/li><\/ul><\/li><li class='ez-toc-page-1 ez-toc-heading-level-2'><a class=\"ez-toc-link ez-toc-heading-12\" href=\"https:\/\/www.grupomedcof.com.br\/blog\/auxilio-moradia-para-medicos-residentes\/#E_necessario_comprovar_gastos_com_moradia_para_receber_o_auxilio\" >\u00c9 necess\u00e1rio comprovar gastos com moradia para receber o aux\u00edlio?<\/a><\/li><li class='ez-toc-page-1 ez-toc-heading-level-2'><a class=\"ez-toc-link ez-toc-heading-13\" href=\"https:\/\/www.grupomedcof.com.br\/blog\/auxilio-moradia-para-medicos-residentes\/#Posso_reivindicar_o_auxilio-moradia_mesmo_apos_finalizar_a_residencia\" >Posso reivindicar o aux\u00edlio-moradia mesmo ap\u00f3s finalizar a resid\u00eancia?<\/a><\/li><li class='ez-toc-page-1 ez-toc-heading-level-2'><a class=\"ez-toc-link ez-toc-heading-14\" href=\"https:\/\/www.grupomedcof.com.br\/blog\/auxilio-moradia-para-medicos-residentes\/#Como_o_Grupo_MedCof_pode_auxiliar_medicos_residentes\" >Como o Grupo MedCof pode auxiliar m\u00e9dicos residentes?<\/a><\/li><\/ul><\/nav><\/div>\n\n<figure class=\"wp-block-image size-large\"><img loading=\"lazy\" decoding=\"async\" width=\"1024\" height=\"576\" src=\"https:\/\/www.grupomedcof.com.br\/blog\/wp-content\/uploads\/2025\/02\/Blog-MedCof-2025-02-24T161901.343-1024x576.jpg\" alt=\"\" class=\"wp-image-33904\" srcset=\"https:\/\/www.grupomedcof.com.br\/blog\/wp-content\/uploads\/2025\/02\/Blog-MedCof-2025-02-24T161901.343-1024x576.jpg 1024w, https:\/\/www.grupomedcof.com.br\/blog\/wp-content\/uploads\/2025\/02\/Blog-MedCof-2025-02-24T161901.343-300x169.jpg 300w, https:\/\/www.grupomedcof.com.br\/blog\/wp-content\/uploads\/2025\/02\/Blog-MedCof-2025-02-24T161901.343-768x432.jpg 768w, https:\/\/www.grupomedcof.com.br\/blog\/wp-content\/uploads\/2025\/02\/Blog-MedCof-2025-02-24T161901.343-1536x864.jpg 1536w, https:\/\/www.grupomedcof.com.br\/blog\/wp-content\/uploads\/2025\/02\/Blog-MedCof-2025-02-24T161901.343-747x420.jpg 747w, https:\/\/www.grupomedcof.com.br\/blog\/wp-content\/uploads\/2025\/02\/Blog-MedCof-2025-02-24T161901.343-150x84.jpg 150w, https:\/\/www.grupomedcof.com.br\/blog\/wp-content\/uploads\/2025\/02\/Blog-MedCof-2025-02-24T161901.343-696x392.jpg 696w, https:\/\/www.grupomedcof.com.br\/blog\/wp-content\/uploads\/2025\/02\/Blog-MedCof-2025-02-24T161901.343-1068x601.jpg 1068w, https:\/\/www.grupomedcof.com.br\/blog\/wp-content\/uploads\/2025\/02\/Blog-MedCof-2025-02-24T161901.343.jpg 1920w\" sizes=\"auto, (max-width: 1024px) 100vw, 1024px\" \/><\/figure>\n\n\n\n<p><strong>O aux\u00edlio-moradia para m\u00e9dicos residentes \u00e9<\/strong> um benef\u00edcio financeiro destinado a ajudar no <strong>custeio de moradia durante o per\u00edodo da resid\u00eancia m\u00e9dica<\/strong>, especialmente quando o programa n\u00e3o oferece alojamento. O objetivo \u00e9 garantir condi\u00e7\u00f5es m\u00ednimas para que o residente possa se manter pr\u00f3ximo ao local de atua\u00e7\u00e3o e exercer suas atividades com dignidade e seguran\u00e7a.<\/p>\n\n\n\n<p>Trata-se de um <strong>direito assegurado por lei<\/strong>, refor\u00e7ado pela legisla\u00e7\u00e3o mais recente sobre o tema, o <strong>Decreto n\u00ba 12.681\/2025<\/strong>, que regulamenta a concess\u00e3o do aux\u00edlio quando a institui\u00e7\u00e3o n\u00e3o disponibiliza moradia ao residente.<\/p>\n\n\n\n<h2 class=\"wp-block-heading\" id=\"h-legislacao-atual-sobre-auxilio-moradia-para-medicos-residentes\"><span class=\"ez-toc-section\" id=\"Legislacao_atual_sobre_auxilio-moradia_para_medicos_residentes\"><\/span><strong><strong>Legisla\u00e7\u00e3o atual sobre aux\u00edlio-moradia para m\u00e9dicos residentes<\/strong><\/strong><span class=\"ez-toc-section-end\"><\/span><\/h2>\n\n\n\n<p>A <strong>legisla\u00e7\u00e3o atual sobre o aux\u00edlio-moradia para m\u00e9dicos residentes<\/strong> tem como marco mais recente o <strong>Decreto n\u00ba 12.681, de 20 de outubro de 2025<\/strong>, que regulamenta a concess\u00e3o de moradia e o pagamento do aux\u00edlio-moradia, dando efetividade ao direito j\u00e1 previsto no art. 4\u00ba da <strong>Lei n\u00ba 6.932\/1981 (Lei da Resid\u00eancia M\u00e9dica)<\/strong>.<\/p>\n\n\n\n<p>O decreto estabelece que toda institui\u00e7\u00e3o que oferece programa de <a href=\"https:\/\/www.grupomedcof.com.br\/blog\/como-se-preparar-para-deixar-a-faculdade-e-ingressar-na-residencia\/\" target=\"_blank\" rel=\"noreferrer noopener\">resid\u00eancia m\u00e9dica<\/a> deve <strong>garantir moradia com condi\u00e7\u00f5es adequadas<\/strong> ao residente ou, caso isso n\u00e3o seja poss\u00edvel, <strong>pagar aux\u00edlio-moradia em dinheiro<\/strong>. Quando concedido de forma pecuni\u00e1ria, o valor corresponde a <strong>10% da bolsa de resid\u00eancia m\u00e9dica<\/strong>, com pagamento mensal a partir do m\u00eas seguinte ao deferimento do pedido. Tanto a moradia quanto o aux\u00edlio devem ser mantidos <strong>durante todo o per\u00edodo da resid\u00eancia<\/strong>, inclusive em situa\u00e7\u00f5es de licen\u00e7as legalmente previstas, como licen\u00e7a m\u00e9dica ou maternidade.<\/p>\n\n\n\n<p>A norma tamb\u00e9m esclarece que o aux\u00edlio-moradia s\u00f3 \u00e9 devido quando a institui\u00e7\u00e3o <strong>n\u00e3o oferece efetivamente moradia f\u00edsica<\/strong>, evitando a acumula\u00e7\u00e3o indevida de benef\u00edcios. Al\u00e9m disso, o decreto prev\u00ea <strong>crit\u00e9rios de prioridade<\/strong> para a concess\u00e3o de moradia institucional, com destaque para residentes inscritos no <strong>Cad\u00danico<\/strong> e aqueles que ingressaram por <strong>a\u00e7\u00f5es afirmativas<\/strong>. Com isso, a regulamenta\u00e7\u00e3o reduz lacunas interpretativas e conflitos judiciais que eram frequentes antes da defini\u00e7\u00e3o clara das regras.<\/p>\n\n\n\n<p>No que se refere ao financiamento, o <strong>Minist\u00e9rio da Educa\u00e7\u00e3o (MEC)<\/strong> e o <strong>Minist\u00e9rio da Sa\u00fade (MS)<\/strong> exercem papel central no custeio do benef\u00edcio, podendo realizar o repasse de recursos por meio das bolsas que j\u00e1 financiam nos programas de resid\u00eancia m\u00e9dica. Essa atua\u00e7\u00e3o conjunta busca garantir <strong>previsibilidade or\u00e7ament\u00e1ria e aplica\u00e7\u00e3o uniforme da norma<\/strong>, especialmente nos programas vinculados ao SUS ou financiados pelo MEC.<\/p>\n\n\n\n<p>O <strong>Conselho Federal de Medicina (CFM)<\/strong>, por sua vez, manifestou posi\u00e7\u00e3o cr\u00edtica em rela\u00e7\u00e3o a pontos do Decreto n\u00ba 12.681\/2025, especialmente quanto ao <strong>limite de 10% da bolsa<\/strong> para o aux\u00edlio-moradia. Segundo a entidade, esse percentual \u00e9 insuficiente e n\u00e3o acompanha as diferen\u00e7as do custo de vida entre as regi\u00f5es do pa\u00eds, podendo comprometer o acesso a condi\u00e7\u00f5es dignas de moradia para os residentes.<\/p>\n\n\n\n<p>Do ponto de vista da <strong>hierarquia legal<\/strong>, o decreto tem fun\u00e7\u00e3o regulamentar e est\u00e1 abaixo da Lei n\u00ba 6.932\/1981, servindo para <strong>detalhar e operacionalizar<\/strong> um direito j\u00e1 assegurado em lei. Sua aplica\u00e7\u00e3o alcan\u00e7a <strong>todas as institui\u00e7\u00f5es que oferecem <\/strong><a href=\"https:\/\/www.grupomedcof.com.br\/blog\/55-especialidades-medicas\/\" target=\"_blank\" rel=\"noreferrer noopener\"><strong>programas de resid\u00eancia m\u00e9dica<\/strong><\/a> \u2014 p\u00fablicas, privadas ou filantr\u00f3picas \u2014 desde que devidamente credenciadas e vinculadas ao Sistema Nacional de Resid\u00eancia M\u00e9dica. A obriga\u00e7\u00e3o de oferecer moradia ou pagar aux\u00edlio vale independentemente da natureza jur\u00eddica da institui\u00e7\u00e3o.<\/p>\n\n\n\n<p>De forma geral, essa legisla\u00e7\u00e3o busca <strong>uniformizar direitos<\/strong>, assegurar <strong>condi\u00e7\u00f5es m\u00ednimas de perman\u00eancia<\/strong> aos m\u00e9dicos residentes e promover maior <strong>seguran\u00e7a jur\u00eddica<\/strong>, contribuindo para a redu\u00e7\u00e3o das desigualdades regionais no acesso ao benef\u00edcio.<\/p>\n\n\n\n<figure class=\"wp-block-image size-large\"><a href=\"https:\/\/www.grupomedcof.com.br\/cofletters\/\" target=\"_blank\" rel=\" noreferrer noopener\"><img loading=\"lazy\" decoding=\"async\" width=\"1024\" height=\"320\" src=\"https:\/\/www.grupomedcof.com.br\/blog\/wp-content\/uploads\/2025\/02\/Banner-MedCof-Plus-2200x460-11-1024x320.png\" alt=\"\" class=\"wp-image-33723\" srcset=\"https:\/\/www.grupomedcof.com.br\/blog\/wp-content\/uploads\/2025\/02\/Banner-MedCof-Plus-2200x460-11-1024x320.png 1024w, https:\/\/www.grupomedcof.com.br\/blog\/wp-content\/uploads\/2025\/02\/Banner-MedCof-Plus-2200x460-11-300x94.png 300w, https:\/\/www.grupomedcof.com.br\/blog\/wp-content\/uploads\/2025\/02\/Banner-MedCof-Plus-2200x460-11-768x240.png 768w, https:\/\/www.grupomedcof.com.br\/blog\/wp-content\/uploads\/2025\/02\/Banner-MedCof-Plus-2200x460-11-1536x480.png 1536w, https:\/\/www.grupomedcof.com.br\/blog\/wp-content\/uploads\/2025\/02\/Banner-MedCof-Plus-2200x460-11-2048x640.png 2048w, https:\/\/www.grupomedcof.com.br\/blog\/wp-content\/uploads\/2025\/02\/Banner-MedCof-Plus-2200x460-11-1343x420.png 1343w, https:\/\/www.grupomedcof.com.br\/blog\/wp-content\/uploads\/2025\/02\/Banner-MedCof-Plus-2200x460-11-150x47.png 150w, https:\/\/www.grupomedcof.com.br\/blog\/wp-content\/uploads\/2025\/02\/Banner-MedCof-Plus-2200x460-11-696x218.png 696w, https:\/\/www.grupomedcof.com.br\/blog\/wp-content\/uploads\/2025\/02\/Banner-MedCof-Plus-2200x460-11-1068x334.png 1068w, https:\/\/www.grupomedcof.com.br\/blog\/wp-content\/uploads\/2025\/02\/Banner-MedCof-Plus-2200x460-11-1920x600.png 1920w\" sizes=\"auto, (max-width: 1024px) 100vw, 1024px\" \/><\/a><\/figure>\n\n\n\n<h2 class=\"wp-block-heading\" id=\"h-por-que-a-regulamentacao-do-auxilio-moradia-e-importante\"><span class=\"ez-toc-section\" id=\"Por_que_a_regulamentacao_do_Auxilio-Moradia_e_importante\"><\/span><strong>Por que a regulamenta\u00e7\u00e3o do Aux\u00edlio-Moradia \u00e9 importante?<strong>\u00a0<\/strong><\/strong><span class=\"ez-toc-section-end\"><\/span><\/h2>\n\n\n\n<p>A regulamenta\u00e7\u00e3o do aux\u00edlio-moradia para m\u00e9dicos residentes \u00e9 fundamental para <strong>garantir seguran\u00e7a jur\u00eddica, equidade e sustentabilidade do benef\u00edcio. <\/strong>Entre as principais raz\u00f5es, destacam-se:<\/p>\n\n\n\n<ul class=\"wp-block-list\">\n<li><strong>Transpar\u00eancia e responsabilidade fiscal: <\/strong>A norma define crit\u00e9rios objetivos para concess\u00e3o e pagamento do aux\u00edlio, permitindo melhor planejamento or\u00e7ament\u00e1rio pelas institui\u00e7\u00f5es e pelo poder p\u00fablico, al\u00e9m de reduzir decis\u00f5es arbitr\u00e1rias.<\/li>\n\n\n\n<li><strong>Isonomia entre os residentes: <\/strong>A regulamenta\u00e7\u00e3o evita tratamentos desiguais entre m\u00e9dicos residentes de diferentes programas ou institui\u00e7\u00f5es, assegurando que o direito seja aplicado de forma uniforme em todo o pa\u00eds.<\/li>\n\n\n\n<li><strong>Preven\u00e7\u00e3o de abusos e distor\u00e7\u00f5es: <\/strong>Com regras claras, diminui-se o risco de pagamentos indevidos, valores discrepantes ou concess\u00f5es sem crit\u00e9rios, protegendo tanto os residentes quanto as institui\u00e7\u00f5es.<\/li>\n\n\n\n<li><strong>Seguran\u00e7a jur\u00eddica: <\/strong>A defini\u00e7\u00e3o expressa das obriga\u00e7\u00f5es das institui\u00e7\u00f5es reduz conflitos administrativos e judiciais, oferecendo mais previsibilidade para residentes e gestores.<\/li>\n\n\n\n<li><strong>Garantia de condi\u00e7\u00f5es m\u00ednimas de perman\u00eancia: <\/strong>Ao disciplinar a oferta de moradia ou do aux\u00edlio financeiro, a regulamenta\u00e7\u00e3o contribui para que o residente consiga se manter pr\u00f3ximo ao local de atua\u00e7\u00e3o, favorecendo o desempenho e a qualidade da forma\u00e7\u00e3o.<\/li>\n<\/ul>\n\n\n\n<h2 class=\"wp-block-heading\" id=\"h-quem-tem-direito-ao-auxilio-moradia-na-residencia-medica\"><span class=\"ez-toc-section\" id=\"Quem_tem_direito_ao_auxilio-moradia_na_residencia_medica\"><\/span><strong><strong>Quem tem direito ao aux\u00edlio-moradia na resid\u00eancia m\u00e9dica?<\/strong><\/strong><span class=\"ez-toc-section-end\"><\/span><\/h2>\n\n\n\n<p>De acordo com o <strong>Decreto n\u00ba 12.681\/2025<\/strong>, t\u00eam direito ao aux\u00edlio-moradia os m\u00e9dicos residentes que atendam aos crit\u00e9rios abaixo:<\/p>\n\n\n\n<ul class=\"wp-block-list\">\n<li><strong>M\u00e9dicos regularmente matriculados em programas de resid\u00eancia m\u00e9dica<\/strong> reconhecidos e credenciados pelo Sistema Nacional de Resid\u00eancia M\u00e9dica (CNRM).<\/li>\n\n\n\n<li><strong>Residentes vinculados a institui\u00e7\u00f5es que n\u00e3o oferecem moradia f\u00edsica<\/strong> adequada durante o per\u00edodo da resid\u00eancia.<\/li>\n\n\n\n<li><strong>Benefici\u00e1rios de bolsa de resid\u00eancia m\u00e9dica<\/strong> financiada pelo MEC, pelo Minist\u00e9rio da Sa\u00fade ou por outras fontes p\u00fablicas previstas.<\/li>\n\n\n\n<li><strong>Residentes em atividade durante todo o per\u00edodo do programa<\/strong>, incluindo per\u00edodos de licen\u00e7as legalmente previstas (como licen\u00e7a m\u00e9dica ou maternidade).<\/li>\n<\/ul>\n\n\n\n<p>Em rela\u00e7\u00e3o \u00e0 <strong>ordem de prioridade prevista na legisla\u00e7\u00e3o<\/strong>, quando a institui\u00e7\u00e3o disp\u00f5e de <strong>moradia f\u00edsica limitada<\/strong>, o decreto estabelece crit\u00e9rios de prioridade para sua concess\u00e3o, observando a seguinte ordem:<\/p>\n\n\n\n<ul class=\"wp-block-list\">\n<li><strong>Residentes inscritos no Cad\u00danico<\/strong> para programas sociais do Governo Federal;<\/li>\n\n\n\n<li><strong>Residentes ingressantes por a\u00e7\u00f5es afirmativas<\/strong>, conforme crit\u00e9rios do processo seletivo;<\/li>\n\n\n\n<li><strong>Demais residentes<\/strong>, conforme disponibilidade e regras internas da institui\u00e7\u00e3o.<\/li>\n<\/ul>\n\n\n\n<p>Na aus\u00eancia de moradia f\u00edsica para qualquer desses grupos, o <strong>aux\u00edlio-moradia em dinheiro<\/strong> deve ser concedido, respeitados os crit\u00e9rios legais.<\/p>\n\n\n\n<p>Al\u00e9m disso, h\u00e1 situa\u00e7\u00f5es em que o direito pode ser cancelado nas seguintes situa\u00e7\u00f5es:<\/p>\n\n\n\n<ul class=\"wp-block-list\">\n<li><strong>Descumprimento das regras do programa ou da institui\u00e7\u00e3o<\/strong>, quando previsto em regulamento interno.<\/li>\n\n\n\n<li><strong>Desligamento do programa de resid\u00eancia m\u00e9dica<\/strong>, por qualquer motivo;<\/li>\n\n\n\n<li><strong>Conclus\u00e3o da resid\u00eancia<\/strong>;<\/li>\n\n\n\n<li><strong>Comprova\u00e7\u00e3o de que a institui\u00e7\u00e3o passou a oferecer moradia f\u00edsica adequada<\/strong> ao residente;<\/li>\n<\/ul>\n\n\n\n<h3 class=\"wp-block-heading\" id=\"h-qual-e-a-situacao-de-residentes-anteriores-ao-decreto\"><span class=\"ez-toc-section\" id=\"Qual_e_a_situacao_de_residentes_anteriores_ao_decreto\"><\/span><strong><strong>Qual \u00e9 a situa\u00e7\u00e3o de residentes anteriores ao decreto?<\/strong><\/strong><span class=\"ez-toc-section-end\"><\/span><\/h3>\n\n\n\n<p>Os m\u00e9dicos que <strong>j\u00e1 estavam em programas de resid\u00eancia m\u00e9dica antes da publica\u00e7\u00e3o do Decreto n\u00ba 12.681\/2025<\/strong> continuam amparados pelo direito ao aux\u00edlio-moradia previsto na <strong>Lei n\u00ba 6.932\/1981<\/strong>. O decreto n\u00e3o cria um novo direito, mas <strong>regulamenta e padroniza sua aplica\u00e7\u00e3o<\/strong>, esclarecendo crit\u00e9rios, valores e responsabilidades.<\/p>\n\n\n\n<p>Na pr\u00e1tica, isso significa que residentes anteriores ao decreto <strong>podem solicitar o aux\u00edlio-moradia com base nas novas regras<\/strong>, especialmente nos casos em que a institui\u00e7\u00e3o n\u00e3o oferece moradia f\u00edsica. A regulamenta\u00e7\u00e3o tende a fortalecer pedidos administrativos e reduzir disputas judiciais, ao tornar mais claros os deveres das institui\u00e7\u00f5es e do poder p\u00fablico.<\/p>\n\n\n\n<h2 class=\"wp-block-heading\" id=\"h-qual-o-valor-do-auxilio-moradia-para-residencia-medica\"><span class=\"ez-toc-section\" id=\"Qual_o_valor_do_auxilio-moradia_para_residencia_medica\"><\/span><strong><strong>Qual o valor do aux\u00edlio-moradia para resid\u00eancia m\u00e9dica?<\/strong><\/strong><span class=\"ez-toc-section-end\"><\/span><\/h2>\n\n\n\n<p>O <strong>Decreto n\u00ba 12.681\/2025<\/strong> define que o aux\u00edlio-moradia, quando pago em dinheiro, corresponde a <strong>10% do valor da bolsa de resid\u00eancia m\u00e9dica<\/strong>. O c\u00e1lculo \u00e9 simples: aplica-se o percentual diretamente sobre o valor mensal da bolsa vigente.<\/p>\n\n\n\n<p>Considerando o <strong>valor atual da bolsa de resid\u00eancia m\u00e9dica<\/strong>, mantido em <strong>R$4.106,09<\/strong>, o aux\u00edlio-moradia corresponde a <strong>R$410,61 por m\u00eas<\/strong>. Esse \u00e9 o <strong>valor de refer\u00eancia para 2026<\/strong>, salvo eventual reajuste da bolsa por norma posterior.<\/p>\n\n\n\n<p>\u00c9 importante destacar que o aux\u00edlio-moradia <strong>acompanha automaticamente qualquer altera\u00e7\u00e3o futura no valor da bolsa<\/strong>, pois o decreto fixa o benef\u00edcio em percentual, e n\u00e3o em valor absoluto. O pagamento \u00e9 feito <strong>mensalmente<\/strong>, junto \u00e0 bolsa ou em rubrica separada, a partir do m\u00eas seguinte ao deferimento do pedido administrativo.<\/p>\n\n\n\n<h2 class=\"wp-block-heading\" id=\"h-como-solicitar-auxilio-moradia-residencia-medica\"><span class=\"ez-toc-section\" id=\"Como_solicitar_auxilio-moradia_residencia_medica\"><\/span><strong>Como solicitar aux\u00edlio-moradia resid\u00eancia m\u00e9dica?<\/strong><span class=\"ez-toc-section-end\"><\/span><\/h2>\n\n\n\n<p>A solicita\u00e7\u00e3o do aux\u00edlio-moradia deve ser feita <strong>diretamente \u00e0 institui\u00e7\u00e3o<\/strong> respons\u00e1vel pelo programa de <a href=\"https:\/\/www.grupomedcof.com.br\/blog\/prova-de-residencia-entenda-como-funciona\/\">resid\u00eancia m\u00e9dica<\/a>. O procedimento recomendado \u00e9 o seguinte:<\/p>\n\n\n\n<ol class=\"wp-block-list\">\n<li><strong>Verifique se a institui\u00e7\u00e3o oferece moradia f\u00edsica<\/strong><strong><br><\/strong>Confirme formalmente se existe moradia institucional dispon\u00edvel e adequada.<\/li>\n\n\n\n<li><strong>Elabore um requerimento administrativo formal<\/strong><strong><br><\/strong> O pedido deve citar expressamente a <strong>Lei n\u00ba 6.932\/1981<\/strong> e o <strong>Decreto n\u00ba 12.681\/2025<\/strong>, solicitando o pagamento do aux\u00edlio-moradia.<\/li>\n\n\n\n<li><strong>Protocole o pedido junto \u00e0 institui\u00e7\u00e3o<\/strong><strong><br><\/strong> Preferencialmente junto \u00e0 COREME, setor de resid\u00eancia m\u00e9dica ou protocolo geral, sempre com comprovante.<\/li>\n\n\n\n<li><strong>Anexe os documentos obrigat\u00f3rios<\/strong>\n<ul class=\"wp-block-list\">\n<li>Documento de identidade e CPF<\/li>\n\n\n\n<li>Comprovante de matr\u00edcula na <a href=\"https:\/\/www.grupomedcof.com.br\/blog\/o-que-e-residencia-medica\/\" target=\"_blank\" rel=\"noreferrer noopener\">resid\u00eancia m\u00e9dica<\/a><\/li>\n\n\n\n<li>Comprovante de recebimento da bolsa<\/li>\n\n\n\n<li>Declara\u00e7\u00e3o de que a institui\u00e7\u00e3o n\u00e3o oferece moradia f\u00edsica<\/li>\n<\/ul>\n<\/li>\n\n\n\n<li><strong>Inclua documentos complementares (se houver)<\/strong>\n<ul class=\"wp-block-list\">\n<li>Comprovante de endere\u00e7o<\/li>\n\n\n\n<li>Declara\u00e7\u00e3o de inscri\u00e7\u00e3o no Cad\u00danico<\/li>\n\n\n\n<li>Documento que comprove ingresso por a\u00e7\u00f5es afirmativas<\/li>\n<\/ul>\n<\/li>\n\n\n\n<li><strong>Acompanhe e registre todas as respostas<\/strong><strong><br><\/strong> Guarde e-mails, despachos, protocolos e eventuais negativas, pois esses registros podem ser essenciais em uma futura a\u00e7\u00e3o judicial.<\/li>\n<\/ol>\n\n\n\n<p>\u00c9 recomend\u00e1vel utilizar <strong>modelos prontos de requerimento administrativo<\/strong>, o que facilita a padroniza\u00e7\u00e3o do pedido e reduz o risco de indeferimento por falhas formais.<\/p>\n\n\n\n<h3 class=\"wp-block-heading\" id=\"h-medidas-judiciais-para-garantir-o-direito-ao-auxilio-moradia\"><span class=\"ez-toc-section\" id=\"Medidas_judiciais_para_garantir_o_direito_ao_auxilio-moradia\"><\/span><strong>Medidas judiciais para garantir o direito ao aux\u00edlio-moradia<\/strong><span class=\"ez-toc-section-end\"><\/span><\/h3>\n\n\n\n<p>A via judicial \u00e9 recomendada quando h\u00e1 <strong>omiss\u00e3o, demora injustificada ou negativa expressa<\/strong> da institui\u00e7\u00e3o, mesmo ap\u00f3s requerimento administrativo.<\/p>\n\n\n\n<p>As principais a\u00e7\u00f5es cab\u00edveis s\u00e3o:<\/p>\n\n\n\n<ul class=\"wp-block-list\">\n<li><strong>Mandado de seguran\u00e7a<\/strong>, quando o direito \u00e9 l\u00edquido e certo e h\u00e1 prova documental suficiente;<\/li>\n\n\n\n<li><strong>A\u00e7\u00e3o ordin\u00e1ria<\/strong>, especialmente quando se busca pagamento retroativo ou discuss\u00e3o de valores.<\/li>\n<\/ul>\n\n\n\n<p>H\u00e1 <strong>jurisprud\u00eancia amplamente favor\u00e1vel<\/strong> aos m\u00e9dicos residentes, inclusive anterior ao decreto, reconhecendo o direito ao aux\u00edlio-moradia quando inexistente moradia institucional.<\/p>\n\n\n\n<p>Para instruir o processo, s\u00e3o essenciais:<\/p>\n\n\n\n<ul class=\"wp-block-list\">\n<li>Requerimento administrativo protocolado;<\/li>\n\n\n\n<li>Comprovante de v\u00ednculo com a resid\u00eancia;<\/li>\n\n\n\n<li>Prova de inexist\u00eancia de moradia;<\/li>\n\n\n\n<li>Negativa formal ou prova de omiss\u00e3o da institui\u00e7\u00e3o.<\/li>\n<\/ul>\n\n\n\n<h3 class=\"wp-block-heading\" id=\"h-o-que-fazer-se-a-instituicao-se-recusar-a-pagar-o-auxilio-moradia\"><span class=\"ez-toc-section\" id=\"O_que_fazer_se_a_instituicao_se_recusar_a_pagar_o_auxilio-moradia\"><\/span><strong>O que fazer se a institui\u00e7\u00e3o se recusar a pagar o aux\u00edlio-moradia?<\/strong><span class=\"ez-toc-section-end\"><\/span><\/h3>\n\n\n\n<p>Em caso de recusa, o residente deve:<\/p>\n\n\n\n<ul class=\"wp-block-list\">\n<li><strong>Solicitar a negativa por escrito<\/strong>, ainda que a recusa tenha sido verbal;<\/li>\n\n\n\n<li><strong>Registrar e arquivar todas as comunica\u00e7\u00f5es<\/strong>, como e-mails e protocolos;<\/li>\n\n\n\n<li><strong>Acionar inst\u00e2ncias internas<\/strong>, como:\n<ul class=\"wp-block-list\">\n<li>COREME;<\/li>\n\n\n\n<li>Ouvidoria institucional;<\/li>\n\n\n\n<li>Dire\u00e7\u00e3o m\u00e9dica ou administrativa.<\/li>\n<\/ul>\n<\/li>\n<\/ul>\n\n\n\n<p>Persistindo a negativa, especialmente ap\u00f3s resposta formal, \u00e9 indicado <strong>buscar orienta\u00e7\u00e3o jur\u00eddica<\/strong> e avaliar o ajuizamento de a\u00e7\u00e3o judicial.<\/p>\n\n\n\n<h2 class=\"wp-block-heading\" id=\"h-a-moradia-fornecida-pela-instituicao-requisitos-e-direitos\"><span class=\"ez-toc-section\" id=\"A_moradia_fornecida_pela_instituicao_requisitos_e_direitos\"><\/span><strong>A moradia fornecida pela institui\u00e7\u00e3o: requisitos e direitos<\/strong><span class=\"ez-toc-section-end\"><\/span><\/h2>\n\n\n\n<p>Quando a institui\u00e7\u00e3o opta por oferecer moradia f\u00edsica, o decreto exige requisitos m\u00ednimos, como:<\/p>\n\n\n\n<ul class=\"wp-block-list\">\n<li>Condi\u00e7\u00f5es adequadas de <strong>higiene e habitabilidade;<\/strong><\/li>\n\n\n\n<li><strong>Seguran\u00e7a<\/strong> e acesso regular;<\/li>\n\n\n\n<li>Infraestrutura b\u00e1sica (quarto, banheiro, \u00e1gua, energia el\u00e9trica);<\/li>\n\n\n\n<li>Proximidade razo\u00e1vel do local de atua\u00e7\u00e3o.<\/li>\n<\/ul>\n\n\n\n<p>Ao aceitar a moradia institucional, o residente tem direito \u00e0 utiliza\u00e7\u00e3o durante todo o per\u00edodo da resid\u00eancia. Em regra, <strong>custos como \u00e1gua, luz e internet<\/strong> devem estar claramente definidos pela institui\u00e7\u00e3o. Caso a moradia seja <strong>inadequada, insalubre ou inexistente na pr\u00e1tica<\/strong>, o residente pode pleitear o <strong>aux\u00edlio-moradia financeiro<\/strong>.<\/p>\n\n\n\n<h2 class=\"wp-block-heading\" id=\"h-beneficios-do-auxilio-moradia-para-medicos-residentes\"><span class=\"ez-toc-section\" id=\"Beneficios_do_auxilio-moradia_para_medicos_residentes\"><\/span><strong>Benef\u00edcios do aux\u00edlio-moradia para m\u00e9dicos residentes<\/strong><span class=\"ez-toc-section-end\"><\/span><\/h2>\n\n\n\n<ul class=\"wp-block-list\">\n<li>Garantia de <strong>condi\u00e7\u00f5es m\u00ednimas de perman\u00eancia<\/strong> durante a resid\u00eancia;<\/li>\n\n\n\n<li>Redu\u00e7\u00e3o do impacto financeiro em cidades com alto custo de vida;<\/li>\n\n\n\n<li>Possibilidade de <strong>pagamento retroativo;<\/strong><\/li>\n\n\n\n<li>Alternativa \u00e0 moradia institucional inadequada;<\/li>\n\n\n\n<li>Maior seguran\u00e7a jur\u00eddica e previsibilidade financeira.<\/li>\n<\/ul>\n\n\n\n<h3 class=\"wp-block-heading\" id=\"h-como-receber-o-auxilio-retroativamente-apos-terminar-a-residencia\"><span class=\"ez-toc-section\" id=\"Como_receber_o_auxilio_retroativamente_apos_terminar_a_residencia\"><\/span><strong>Como receber o aux\u00edlio retroativamente ap\u00f3s terminar a resid\u00eancia?<\/strong><span class=\"ez-toc-section-end\"><\/span><\/h3>\n\n\n\n<p>Mesmo ap\u00f3s o t\u00e9rmino da resid\u00eancia, \u00e9 poss\u00edvel solicitar o pagamento retroativo. Para isso, o residente deve reunir:<\/p>\n\n\n\n<ul class=\"wp-block-list\">\n<li>Declara\u00e7\u00e3o de conclus\u00e3o do programa;<\/li>\n\n\n\n<li>Hist\u00f3rico de recebimento da bolsa;<\/li>\n\n\n\n<li>Comprovantes de que n\u00e3o houve moradia oferecida;<br>Requerimentos administrativos feitos durante a resid\u00eancia (se houver).<br>prova<\/li>\n<\/ul>\n\n\n\n<p>O pedido pode ser feito <strong>administrativamente<\/strong>, quando a institui\u00e7\u00e3o reconhece o direito. Caso contr\u00e1rio, a <strong>via judicial passa a ser necess\u00e1ria<\/strong>, especialmente para valores acumulados.<\/p>\n\n\n\n<h2 class=\"wp-block-heading\" id=\"h-e-necessario-comprovar-gastos-com-moradia-para-receber-o-auxilio\"><span class=\"ez-toc-section\" id=\"E_necessario_comprovar_gastos_com_moradia_para_receber_o_auxilio\"><\/span><strong>\u00c9 necess\u00e1rio comprovar gastos com moradia para receber o aux\u00edlio?<\/strong><span class=\"ez-toc-section-end\"><\/span><\/h2>\n\n\n\n<p>N\u00e3o. O <strong>Decreto n\u00ba 12.681\/2025 n\u00e3o exige comprova\u00e7\u00e3o de aluguel ou despesas residenciais<\/strong> para o pagamento do aux\u00edlio-moradia financeiro. O direito decorre exclusivamente da <strong>inexist\u00eancia de moradia institucional<\/strong>.<\/p>\n\n\n\n<p>A institui\u00e7\u00e3o pode solicitar documentos cadastrais ou declara\u00e7\u00e3o de endere\u00e7o, mas <strong>n\u00e3o pode condicionar o pagamento \u00e0 apresenta\u00e7\u00e3o de recibos de aluguel<\/strong>. Essa exig\u00eancia n\u00e3o se aplica \u00e0 moradia institucional, que segue regras pr\u00f3prias.<\/p>\n\n\n\n<h2 class=\"wp-block-heading\" id=\"h-posso-reivindicar-o-auxilio-moradia-mesmo-apos-finalizar-a-residencia\"><span class=\"ez-toc-section\" id=\"Posso_reivindicar_o_auxilio-moradia_mesmo_apos_finalizar_a_residencia\"><\/span><strong>Posso reivindicar o aux\u00edlio-moradia mesmo ap\u00f3s finalizar a resid\u00eancia?<\/strong><span class=\"ez-toc-section-end\"><\/span><\/h2>\n\n\n\n<p>Sim. \u00c9 poss\u00edvel reivindicar o aux\u00edlio-moradia <strong>ap\u00f3s o encerramento da <\/strong><a href=\"https:\/\/www.grupomedcof.com.br\/blog\/categorias\/residencia-medica\/\" target=\"_blank\" rel=\"noreferrer noopener\"><strong>resid\u00eancia<\/strong><\/a>, desde que o direito n\u00e3o esteja prescrito. Recomenda-se ajuizar eventual a\u00e7\u00e3o judicial <strong>o quanto antes<\/strong>, preferencialmente dentro do prazo de at\u00e9 <strong>5 anos<\/strong>, contados do t\u00e9rmino do v\u00ednculo.<\/p>\n\n\n\n<p>Para isso, \u00e9 fundamental reunir:<\/p>\n\n\n\n<ul class=\"wp-block-list\">\n<li>Prova do v\u00ednculo com a resid\u00eancia;<\/li>\n\n\n\n<li>Comprova\u00e7\u00e3o de aus\u00eancia de moradia;<\/li>\n\n\n\n<li>Documentos que demonstrem tentativa de solicita\u00e7\u00e3o.<\/li>\n<\/ul>\n\n\n\n<p>A aus\u00eancia de pedido durante a resid\u00eancia <strong>n\u00e3o impede a reivindica\u00e7\u00e3o posterior<\/strong>, especialmente quando n\u00e3o havia regulamenta\u00e7\u00e3o clara ou quando a institui\u00e7\u00e3o se omitiu.<\/p>\n\n\n\n<h2 class=\"wp-block-heading\" id=\"como-conquistar-a-aprova\u00e7\u00e3o-na-resid\u00eancia\"><span class=\"ez-toc-section\" id=\"Como_o_Grupo_MedCof_pode_auxiliar_medicos_residentes\"><\/span><strong>Como o Grupo MedCof pode auxiliar m\u00e9dicos residentes?<\/strong><span class=\"ez-toc-section-end\"><\/span><\/h2>\n\n\n\n<p>O <a href=\"https:\/\/www.grupomedcof.com.br\/home\/sobre-nos\" target=\"_blank\" rel=\"noreferrer noopener\"><strong>Grupo MedCof<\/strong><\/a> \u00e9 refer\u00eancia nacional na prepara\u00e7\u00e3o m\u00e9dica, oferecendo solu\u00e7\u00f5es ideais para a rotina intensa do m\u00e9dico residente. Sua metodologia \u00e9 totalmente <strong>focada em provas<\/strong>, com conte\u00fados objetivos e estrat\u00e9gicos. Conta com <strong>professores reconhecidos nacionalmente<\/strong>, que dominam o perfil das principais sele\u00e7\u00f5es. A <strong>plataforma inteligente<\/strong> personaliza o estudo conforme o desempenho do aluno. Assim, a MedCof se posiciona como a <a href=\"https:\/\/www.grupomedcof.com.br\/home\/\" target=\"_blank\" rel=\"noreferrer noopener\"><strong>parceira ideal para conquistar aprova\u00e7\u00e3o e evolu\u00e7\u00e3o profissional<\/strong>.<\/a><\/p>\n\n\n\n<figure class=\"wp-block-embed is-type-video is-provider-youtube wp-block-embed-youtube wp-embed-aspect-16-9 wp-has-aspect-ratio\"><div class=\"wp-block-embed__wrapper\">\n<div class=\"youtube-embed\" data-video_id=\"KUotqbv-oG8\"><iframe loading=\"lazy\" title=\"USP Neurocirurgia: A TRAJET\u00d3RIA INSPIRADORA do Dr. Wilker Barreto!\" width=\"696\" height=\"392\" src=\"https:\/\/www.youtube.com\/embed\/KUotqbv-oG8?feature=oembed&#038;enablejsapi=1\" frameborder=\"0\" allow=\"accelerometer; autoplay; clipboard-write; encrypted-media; gyroscope; picture-in-picture; web-share\" referrerpolicy=\"strict-origin-when-cross-origin\" allowfullscreen><\/iframe><\/div>\n<\/div><\/figure>\n","protected":false},"excerpt":{"rendered":"<p>Entenda as regras do aux\u00edlio-moradia na resid\u00eancia m\u00e9dica: quem tem direito, valores, como solicitar, nova legisla\u00e7\u00e3o e garantias para residentes. Confira!<\/p>\n","protected":false},"author":20,"featured_media":33904,"comment_status":"open","ping_status":"open","sticky":false,"template":"","format":"standard","meta":{"footnotes":""},"categories":[240],"tags":[2638,2639,1885,68],"ppma_author":[3616],"class_list":{"0":"post-33900","1":"post","2":"type-post","3":"status-publish","4":"format-standard","5":"has-post-thumbnail","7":"category-noticias","8":"tag-agu","9":"tag-auxilio-moradia","10":"tag-parecer","11":"tag-residencia-medica"},"yoast_head":"<!-- This site is optimized with the Yoast SEO Premium plugin v24.3 (Yoast SEO v27.4) - https:\/\/yoast.com\/product\/yoast-seo-premium-wordpress\/ -->\n<title>Aux\u00edlio-moradia na resid\u00eancia m\u00e9dica: valor e como solicitar<\/title>\n<meta name=\"description\" content=\"Entenda as regras do aux\u00edlio-moradia na resid\u00eancia m\u00e9dica: quem tem direito, valores, como solicitar, nova legisla\u00e7\u00e3o e garantias para residentes. Confira!\" \/>\n<meta name=\"robots\" content=\"index, follow, max-snippet:-1, max-image-preview:large, max-video-preview:-1\" \/>\n<link rel=\"canonical\" href=\"https:\/\/www.grupomedcof.com.br\/blog\/auxilio-moradia-para-medicos-residentes\/\" \/>\n<meta property=\"og:locale\" content=\"pt_BR\" \/>\n<meta property=\"og:type\" content=\"article\" \/>\n<meta property=\"og:title\" content=\"Aux\u00edlio-moradia na resid\u00eancia m\u00e9dica: o que \u00e9, valor e como solicitar\" \/>\n<meta property=\"og:description\" content=\"Entenda as regras do aux\u00edlio-moradia na resid\u00eancia m\u00e9dica: quem tem direito, valores, como solicitar, nova legisla\u00e7\u00e3o e garantias para residentes. Confira!\" \/>\n<meta property=\"og:url\" content=\"https:\/\/www.grupomedcof.com.br\/blog\/auxilio-moradia-para-medicos-residentes\/\" \/>\n<meta property=\"og:site_name\" content=\"Blog de Medcof: conte\u00fados, editais, revalida e mais!\" \/>\n<meta property=\"article:publisher\" content=\"https:\/\/www.facebook.com\/MedCofQbank\/\" \/>\n<meta property=\"article:published_time\" content=\"2026-01-16T18:00:19+00:00\" \/>\n<meta property=\"article:modified_time\" content=\"2026-01-16T18:21:46+00:00\" \/>\n<meta property=\"og:image\" content=\"https:\/\/www.grupomedcof.com.br\/blog\/wp-content\/uploads\/2025\/02\/Blog-MedCof-2025-02-24T161901.343.jpg\" \/>\n\t<meta property=\"og:image:width\" content=\"1920\" \/>\n\t<meta property=\"og:image:height\" content=\"1080\" \/>\n\t<meta property=\"og:image:type\" content=\"image\/jpeg\" \/>\n<meta name=\"author\" content=\"Leila Menzel\" \/>\n<meta name=\"twitter:card\" content=\"summary_large_image\" \/>\n<meta name=\"twitter:label1\" content=\"Escrito por\" \/>\n\t<meta name=\"twitter:data1\" content=\"Leila Menzel\" \/>\n\t<meta name=\"twitter:label2\" content=\"Est. tempo de leitura\" \/>\n\t<meta name=\"twitter:data2\" content=\"12 minutos\" \/>\n<script type=\"application\/ld+json\" class=\"yoast-schema-graph\">{\"@context\":\"https:\\\/\\\/schema.org\",\"@graph\":[{\"@type\":\"Article\",\"@id\":\"https:\\\/\\\/www.grupomedcof.com.br\\\/blog\\\/auxilio-moradia-para-medicos-residentes\\\/#article\",\"isPartOf\":{\"@id\":\"https:\\\/\\\/www.grupomedcof.com.br\\\/blog\\\/auxilio-moradia-para-medicos-residentes\\\/\"},\"author\":{\"name\":\"Leila Menzel\",\"@id\":\"https:\\\/\\\/www.grupomedcof.com.br\\\/blog\\\/#\\\/schema\\\/person\\\/9a44c2184a836bf5ae6967fdb3a1451e\"},\"headline\":\"Aux\u00edlio-moradia na resid\u00eancia m\u00e9dica: o que \u00e9, valor e como solicitar\",\"datePublished\":\"2026-01-16T18:00:19+00:00\",\"dateModified\":\"2026-01-16T18:21:46+00:00\",\"mainEntityOfPage\":{\"@id\":\"https:\\\/\\\/www.grupomedcof.com.br\\\/blog\\\/auxilio-moradia-para-medicos-residentes\\\/\"},\"wordCount\":2353,\"commentCount\":0,\"publisher\":{\"@id\":\"https:\\\/\\\/www.grupomedcof.com.br\\\/blog\\\/#organization\"},\"image\":{\"@id\":\"https:\\\/\\\/www.grupomedcof.com.br\\\/blog\\\/auxilio-moradia-para-medicos-residentes\\\/#primaryimage\"},\"thumbnailUrl\":\"https:\\\/\\\/www.grupomedcof.com.br\\\/blog\\\/wp-content\\\/uploads\\\/2025\\\/02\\\/Blog-MedCof-2025-02-24T161901.343.jpg\",\"keywords\":[\"AGU\",\"Aux\u00edlio-moradia\",\"Parecer\",\"Resid\u00eancia M\u00e9dica\"],\"articleSection\":[\"Not\u00edcias\"],\"inLanguage\":\"pt-BR\"},{\"@type\":\"WebPage\",\"@id\":\"https:\\\/\\\/www.grupomedcof.com.br\\\/blog\\\/auxilio-moradia-para-medicos-residentes\\\/\",\"url\":\"https:\\\/\\\/www.grupomedcof.com.br\\\/blog\\\/auxilio-moradia-para-medicos-residentes\\\/\",\"name\":\"Aux\u00edlio-moradia na resid\u00eancia m\u00e9dica: valor e como solicitar\",\"isPartOf\":{\"@id\":\"https:\\\/\\\/www.grupomedcof.com.br\\\/blog\\\/#website\"},\"primaryImageOfPage\":{\"@id\":\"https:\\\/\\\/www.grupomedcof.com.br\\\/blog\\\/auxilio-moradia-para-medicos-residentes\\\/#primaryimage\"},\"image\":{\"@id\":\"https:\\\/\\\/www.grupomedcof.com.br\\\/blog\\\/auxilio-moradia-para-medicos-residentes\\\/#primaryimage\"},\"thumbnailUrl\":\"https:\\\/\\\/www.grupomedcof.com.br\\\/blog\\\/wp-content\\\/uploads\\\/2025\\\/02\\\/Blog-MedCof-2025-02-24T161901.343.jpg\",\"datePublished\":\"2026-01-16T18:00:19+00:00\",\"dateModified\":\"2026-01-16T18:21:46+00:00\",\"description\":\"Entenda as regras do aux\u00edlio-moradia na resid\u00eancia m\u00e9dica: quem tem direito, valores, como solicitar, nova legisla\u00e7\u00e3o e garantias para residentes. Confira!\",\"breadcrumb\":{\"@id\":\"https:\\\/\\\/www.grupomedcof.com.br\\\/blog\\\/auxilio-moradia-para-medicos-residentes\\\/#breadcrumb\"},\"inLanguage\":\"pt-BR\",\"potentialAction\":[{\"@type\":\"ReadAction\",\"target\":[\"https:\\\/\\\/www.grupomedcof.com.br\\\/blog\\\/auxilio-moradia-para-medicos-residentes\\\/\"]}]},{\"@type\":\"ImageObject\",\"inLanguage\":\"pt-BR\",\"@id\":\"https:\\\/\\\/www.grupomedcof.com.br\\\/blog\\\/auxilio-moradia-para-medicos-residentes\\\/#primaryimage\",\"url\":\"https:\\\/\\\/www.grupomedcof.com.br\\\/blog\\\/wp-content\\\/uploads\\\/2025\\\/02\\\/Blog-MedCof-2025-02-24T161901.343.jpg\",\"contentUrl\":\"https:\\\/\\\/www.grupomedcof.com.br\\\/blog\\\/wp-content\\\/uploads\\\/2025\\\/02\\\/Blog-MedCof-2025-02-24T161901.343.jpg\",\"width\":1920,\"height\":1080},{\"@type\":\"BreadcrumbList\",\"@id\":\"https:\\\/\\\/www.grupomedcof.com.br\\\/blog\\\/auxilio-moradia-para-medicos-residentes\\\/#breadcrumb\",\"itemListElement\":[{\"@type\":\"ListItem\",\"position\":1,\"name\":\"In\u00edcio\",\"item\":\"https:\\\/\\\/www.grupomedcof.com.br\\\/blog\\\/\"},{\"@type\":\"ListItem\",\"position\":2,\"name\":\"Aux\u00edlio-moradia na resid\u00eancia m\u00e9dica: o que \u00e9, valor e como solicitar\"}]},{\"@type\":\"WebSite\",\"@id\":\"https:\\\/\\\/www.grupomedcof.com.br\\\/blog\\\/#website\",\"url\":\"https:\\\/\\\/www.grupomedcof.com.br\\\/blog\\\/\",\"name\":\"Blog de Medcof: conte\u00fados, editais, revalida e mais!\",\"description\":\"Acesso o blog de MedCof! Seu portal de conte\u00fados sobre resid\u00eancia m\u00e9dica, an\u00e1lise e editais e muito mais. Clique e confira!\",\"publisher\":{\"@id\":\"https:\\\/\\\/www.grupomedcof.com.br\\\/blog\\\/#organization\"},\"alternateName\":\"Blog de Medcof: conte\u00fados, editais, revalida e mais!\",\"potentialAction\":[{\"@type\":\"SearchAction\",\"target\":{\"@type\":\"EntryPoint\",\"urlTemplate\":\"https:\\\/\\\/www.grupomedcof.com.br\\\/blog\\\/?s={search_term_string}\"},\"query-input\":{\"@type\":\"PropertyValueSpecification\",\"valueRequired\":true,\"valueName\":\"search_term_string\"}}],\"inLanguage\":\"pt-BR\"},{\"@type\":\"Organization\",\"@id\":\"https:\\\/\\\/www.grupomedcof.com.br\\\/blog\\\/#organization\",\"name\":\"Grupo MedCof\",\"url\":\"https:\\\/\\\/www.grupomedcof.com.br\\\/blog\\\/\",\"logo\":{\"@type\":\"ImageObject\",\"inLanguage\":\"pt-BR\",\"@id\":\"https:\\\/\\\/www.grupomedcof.com.br\\\/blog\\\/#\\\/schema\\\/logo\\\/image\\\/\",\"url\":\"https:\\\/\\\/www.grupomedcof.com.br\\\/blog\\\/wp-content\\\/uploads\\\/2022\\\/01\\\/logo-medcof.png\",\"contentUrl\":\"https:\\\/\\\/www.grupomedcof.com.br\\\/blog\\\/wp-content\\\/uploads\\\/2022\\\/01\\\/logo-medcof.png\",\"width\":768,\"height\":269,\"caption\":\"Grupo MedCof\"},\"image\":{\"@id\":\"https:\\\/\\\/www.grupomedcof.com.br\\\/blog\\\/#\\\/schema\\\/logo\\\/image\\\/\"},\"sameAs\":[\"https:\\\/\\\/www.facebook.com\\\/MedCofQbank\\\/\",\"https:\\\/\\\/www.instagram.com\\\/grupomedcof\\\/\",\"https:\\\/\\\/br.linkedin.com\\\/company\\\/medcof\",\"https:\\\/\\\/www.youtube.com\\\/channel\\\/UCdHMuOHKICxcHwecxN8P-AA\"]},{\"@type\":\"Person\",\"@id\":\"https:\\\/\\\/www.grupomedcof.com.br\\\/blog\\\/#\\\/schema\\\/person\\\/9a44c2184a836bf5ae6967fdb3a1451e\",\"name\":\"Leila Menzel\",\"image\":{\"@type\":\"ImageObject\",\"inLanguage\":\"pt-BR\",\"@id\":\"https:\\\/\\\/www.grupomedcof.com.br\\\/blog\\\/wp-content\\\/uploads\\\/2025\\\/09\\\/cropped-eu-96x96.jpeg19a74936d997c0a8b3031618467fa1d0\",\"url\":\"https:\\\/\\\/www.grupomedcof.com.br\\\/blog\\\/wp-content\\\/uploads\\\/2025\\\/09\\\/cropped-eu-96x96.jpeg\",\"contentUrl\":\"https:\\\/\\\/www.grupomedcof.com.br\\\/blog\\\/wp-content\\\/uploads\\\/2025\\\/09\\\/cropped-eu-96x96.jpeg\",\"caption\":\"Leila Menzel\"},\"description\":\"Estudante do 6\u00b0 semestre de jornalismo, amo e escrevo poesias e viajo em livros de romances clich\u00eas.\",\"url\":\"https:\\\/\\\/www.grupomedcof.com.br\\\/blog\\\/author\\\/leila-menzel\\\/\"}]}<\/script>\n<!-- \/ Yoast SEO Premium plugin. -->","yoast_head_json":{"title":"Aux\u00edlio-moradia na resid\u00eancia m\u00e9dica: valor e como solicitar","description":"Entenda as regras do aux\u00edlio-moradia na resid\u00eancia m\u00e9dica: quem tem direito, valores, como solicitar, nova legisla\u00e7\u00e3o e garantias para residentes. Confira!","robots":{"index":"index","follow":"follow","max-snippet":"max-snippet:-1","max-image-preview":"max-image-preview:large","max-video-preview":"max-video-preview:-1"},"canonical":"https:\/\/www.grupomedcof.com.br\/blog\/auxilio-moradia-para-medicos-residentes\/","og_locale":"pt_BR","og_type":"article","og_title":"Aux\u00edlio-moradia na resid\u00eancia m\u00e9dica: o que \u00e9, valor e como solicitar","og_description":"Entenda as regras do aux\u00edlio-moradia na resid\u00eancia m\u00e9dica: quem tem direito, valores, como solicitar, nova legisla\u00e7\u00e3o e garantias para residentes. Confira!","og_url":"https:\/\/www.grupomedcof.com.br\/blog\/auxilio-moradia-para-medicos-residentes\/","og_site_name":"Blog de Medcof: conte\u00fados, editais, revalida e mais!","article_publisher":"https:\/\/www.facebook.com\/MedCofQbank\/","article_published_time":"2026-01-16T18:00:19+00:00","article_modified_time":"2026-01-16T18:21:46+00:00","og_image":[{"width":1920,"height":1080,"url":"https:\/\/www.grupomedcof.com.br\/blog\/wp-content\/uploads\/2025\/02\/Blog-MedCof-2025-02-24T161901.343.jpg","type":"image\/jpeg"}],"author":"Leila Menzel","twitter_card":"summary_large_image","twitter_misc":{"Escrito por":"Leila Menzel","Est. tempo de leitura":"12 minutos"},"schema":{"@context":"https:\/\/schema.org","@graph":[{"@type":"Article","@id":"https:\/\/www.grupomedcof.com.br\/blog\/auxilio-moradia-para-medicos-residentes\/#article","isPartOf":{"@id":"https:\/\/www.grupomedcof.com.br\/blog\/auxilio-moradia-para-medicos-residentes\/"},"author":{"name":"Leila Menzel","@id":"https:\/\/www.grupomedcof.com.br\/blog\/#\/schema\/person\/9a44c2184a836bf5ae6967fdb3a1451e"},"headline":"Aux\u00edlio-moradia na resid\u00eancia m\u00e9dica: o que \u00e9, valor e como solicitar","datePublished":"2026-01-16T18:00:19+00:00","dateModified":"2026-01-16T18:21:46+00:00","mainEntityOfPage":{"@id":"https:\/\/www.grupomedcof.com.br\/blog\/auxilio-moradia-para-medicos-residentes\/"},"wordCount":2353,"commentCount":0,"publisher":{"@id":"https:\/\/www.grupomedcof.com.br\/blog\/#organization"},"image":{"@id":"https:\/\/www.grupomedcof.com.br\/blog\/auxilio-moradia-para-medicos-residentes\/#primaryimage"},"thumbnailUrl":"https:\/\/www.grupomedcof.com.br\/blog\/wp-content\/uploads\/2025\/02\/Blog-MedCof-2025-02-24T161901.343.jpg","keywords":["AGU","Aux\u00edlio-moradia","Parecer","Resid\u00eancia M\u00e9dica"],"articleSection":["Not\u00edcias"],"inLanguage":"pt-BR"},{"@type":"WebPage","@id":"https:\/\/www.grupomedcof.com.br\/blog\/auxilio-moradia-para-medicos-residentes\/","url":"https:\/\/www.grupomedcof.com.br\/blog\/auxilio-moradia-para-medicos-residentes\/","name":"Aux\u00edlio-moradia na resid\u00eancia m\u00e9dica: valor e como solicitar","isPartOf":{"@id":"https:\/\/www.grupomedcof.com.br\/blog\/#website"},"primaryImageOfPage":{"@id":"https:\/\/www.grupomedcof.com.br\/blog\/auxilio-moradia-para-medicos-residentes\/#primaryimage"},"image":{"@id":"https:\/\/www.grupomedcof.com.br\/blog\/auxilio-moradia-para-medicos-residentes\/#primaryimage"},"thumbnailUrl":"https:\/\/www.grupomedcof.com.br\/blog\/wp-content\/uploads\/2025\/02\/Blog-MedCof-2025-02-24T161901.343.jpg","datePublished":"2026-01-16T18:00:19+00:00","dateModified":"2026-01-16T18:21:46+00:00","description":"Entenda as regras do aux\u00edlio-moradia na resid\u00eancia m\u00e9dica: quem tem direito, valores, como solicitar, nova legisla\u00e7\u00e3o e garantias para residentes. Confira!","breadcrumb":{"@id":"https:\/\/www.grupomedcof.com.br\/blog\/auxilio-moradia-para-medicos-residentes\/#breadcrumb"},"inLanguage":"pt-BR","potentialAction":[{"@type":"ReadAction","target":["https:\/\/www.grupomedcof.com.br\/blog\/auxilio-moradia-para-medicos-residentes\/"]}]},{"@type":"ImageObject","inLanguage":"pt-BR","@id":"https:\/\/www.grupomedcof.com.br\/blog\/auxilio-moradia-para-medicos-residentes\/#primaryimage","url":"https:\/\/www.grupomedcof.com.br\/blog\/wp-content\/uploads\/2025\/02\/Blog-MedCof-2025-02-24T161901.343.jpg","contentUrl":"https:\/\/www.grupomedcof.com.br\/blog\/wp-content\/uploads\/2025\/02\/Blog-MedCof-2025-02-24T161901.343.jpg","width":1920,"height":1080},{"@type":"BreadcrumbList","@id":"https:\/\/www.grupomedcof.com.br\/blog\/auxilio-moradia-para-medicos-residentes\/#breadcrumb","itemListElement":[{"@type":"ListItem","position":1,"name":"In\u00edcio","item":"https:\/\/www.grupomedcof.com.br\/blog\/"},{"@type":"ListItem","position":2,"name":"Aux\u00edlio-moradia na resid\u00eancia m\u00e9dica: o que \u00e9, valor e como solicitar"}]},{"@type":"WebSite","@id":"https:\/\/www.grupomedcof.com.br\/blog\/#website","url":"https:\/\/www.grupomedcof.com.br\/blog\/","name":"Blog de Medcof: conte\u00fados, editais, revalida e mais!","description":"Acesso o blog de MedCof! Seu portal de conte\u00fados sobre resid\u00eancia m\u00e9dica, an\u00e1lise e editais e muito mais. Clique e confira!","publisher":{"@id":"https:\/\/www.grupomedcof.com.br\/blog\/#organization"},"alternateName":"Blog de Medcof: conte\u00fados, editais, revalida e mais!","potentialAction":[{"@type":"SearchAction","target":{"@type":"EntryPoint","urlTemplate":"https:\/\/www.grupomedcof.com.br\/blog\/?s={search_term_string}"},"query-input":{"@type":"PropertyValueSpecification","valueRequired":true,"valueName":"search_term_string"}}],"inLanguage":"pt-BR"},{"@type":"Organization","@id":"https:\/\/www.grupomedcof.com.br\/blog\/#organization","name":"Grupo MedCof","url":"https:\/\/www.grupomedcof.com.br\/blog\/","logo":{"@type":"ImageObject","inLanguage":"pt-BR","@id":"https:\/\/www.grupomedcof.com.br\/blog\/#\/schema\/logo\/image\/","url":"https:\/\/www.grupomedcof.com.br\/blog\/wp-content\/uploads\/2022\/01\/logo-medcof.png","contentUrl":"https:\/\/www.grupomedcof.com.br\/blog\/wp-content\/uploads\/2022\/01\/logo-medcof.png","width":768,"height":269,"caption":"Grupo MedCof"},"image":{"@id":"https:\/\/www.grupomedcof.com.br\/blog\/#\/schema\/logo\/image\/"},"sameAs":["https:\/\/www.facebook.com\/MedCofQbank\/","https:\/\/www.instagram.com\/grupomedcof\/","https:\/\/br.linkedin.com\/company\/medcof","https:\/\/www.youtube.com\/channel\/UCdHMuOHKICxcHwecxN8P-AA"]},{"@type":"Person","@id":"https:\/\/www.grupomedcof.com.br\/blog\/#\/schema\/person\/9a44c2184a836bf5ae6967fdb3a1451e","name":"Leila Menzel","image":{"@type":"ImageObject","inLanguage":"pt-BR","@id":"https:\/\/www.grupomedcof.com.br\/blog\/wp-content\/uploads\/2025\/09\/cropped-eu-96x96.jpeg19a74936d997c0a8b3031618467fa1d0","url":"https:\/\/www.grupomedcof.com.br\/blog\/wp-content\/uploads\/2025\/09\/cropped-eu-96x96.jpeg","contentUrl":"https:\/\/www.grupomedcof.com.br\/blog\/wp-content\/uploads\/2025\/09\/cropped-eu-96x96.jpeg","caption":"Leila Menzel"},"description":"Estudante do 6\u00b0 semestre de jornalismo, amo e escrevo poesias e viajo em livros de romances clich\u00eas.","url":"https:\/\/www.grupomedcof.com.br\/blog\/author\/leila-menzel\/"}]}},"authors":[{"term_id":3616,"user_id":20,"is_guest":0,"slug":"leila-menzel","display_name":"Leila Menzel","avatar_url":"https:\/\/www.grupomedcof.com.br\/blog\/wp-content\/uploads\/2025\/09\/cropped-eu-96x96.jpeg","0":null,"1":"","2":"","3":"","4":"","5":"","6":"","7":"","8":""}],"_links":{"self":[{"href":"https:\/\/www.grupomedcof.com.br\/blog\/wp-json\/wp\/v2\/posts\/33900","targetHints":{"allow":["GET"]}}],"collection":[{"href":"https:\/\/www.grupomedcof.com.br\/blog\/wp-json\/wp\/v2\/posts"}],"about":[{"href":"https:\/\/www.grupomedcof.com.br\/blog\/wp-json\/wp\/v2\/types\/post"}],"author":[{"embeddable":true,"href":"https:\/\/www.grupomedcof.com.br\/blog\/wp-json\/wp\/v2\/users\/20"}],"replies":[{"embeddable":true,"href":"https:\/\/www.grupomedcof.com.br\/blog\/wp-json\/wp\/v2\/comments?post=33900"}],"version-history":[{"count":1,"href":"https:\/\/www.grupomedcof.com.br\/blog\/wp-json\/wp\/v2\/posts\/33900\/revisions"}],"predecessor-version":[{"id":40732,"href":"https:\/\/www.grupomedcof.com.br\/blog\/wp-json\/wp\/v2\/posts\/33900\/revisions\/40732"}],"wp:featuredmedia":[{"embeddable":true,"href":"https:\/\/www.grupomedcof.com.br\/blog\/wp-json\/wp\/v2\/media\/33904"}],"wp:attachment":[{"href":"https:\/\/www.grupomedcof.com.br\/blog\/wp-json\/wp\/v2\/media?parent=33900"}],"wp:term":[{"taxonomy":"category","embeddable":true,"href":"https:\/\/www.grupomedcof.com.br\/blog\/wp-json\/wp\/v2\/categories?post=33900"},{"taxonomy":"post_tag","embeddable":true,"href":"https:\/\/www.grupomedcof.com.br\/blog\/wp-json\/wp\/v2\/tags?post=33900"},{"taxonomy":"author","embeddable":true,"href":"https:\/\/www.grupomedcof.com.br\/blog\/wp-json\/wp\/v2\/ppma_author?post=33900"}],"curies":[{"name":"wp","href":"https:\/\/api.w.org\/{rel}","templated":true}]}}