{"id":33968,"date":"2025-11-26T17:03:29","date_gmt":"2025-11-26T20:03:29","guid":{"rendered":"https:\/\/www.grupomedcof.com.br\/blog\/?p=33968"},"modified":"2025-11-27T09:26:42","modified_gmt":"2025-11-27T12:26:42","slug":"ministerio-da-saude-anuncia-vacina-100-nacional-contra-a-dengue","status":"publish","type":"post","link":"https:\/\/www.grupomedcof.com.br\/blog\/ministerio-da-saude-anuncia-vacina-100-nacional-contra-a-dengue\/","title":{"rendered":"Anvisa aprova vacina 100% nacional contra a dengue"},"content":{"rendered":"<div id=\"ez-toc-container\" class=\"ez-toc-v2_0_74 counter-hierarchy ez-toc-counter ez-toc-transparent ez-toc-container-direction\">\n<div class=\"ez-toc-title-container\">\n<p class=\"ez-toc-title\" style=\"cursor:inherit\">Sum\u00e1rio<\/p>\n<span class=\"ez-toc-title-toggle\"><a href=\"#\" class=\"ez-toc-pull-right ez-toc-btn ez-toc-btn-xs ez-toc-btn-default ez-toc-toggle\" aria-label=\"Alternar tabela de conte\u00fado\"><span class=\"ez-toc-js-icon-con\"><span class=\"\"><span class=\"eztoc-hide\" style=\"display:none;\">Toggle<\/span><span class=\"ez-toc-icon-toggle-span\"><svg style=\"fill: #999;color:#999\" xmlns=\"http:\/\/www.w3.org\/2000\/svg\" class=\"list-377408\" width=\"20px\" height=\"20px\" viewBox=\"0 0 24 24\" fill=\"none\"><path d=\"M6 6H4v2h2V6zm14 0H8v2h12V6zM4 11h2v2H4v-2zm16 0H8v2h12v-2zM4 16h2v2H4v-2zm16 0H8v2h12v-2z\" fill=\"currentColor\"><\/path><\/svg><svg style=\"fill: #999;color:#999\" class=\"arrow-unsorted-368013\" xmlns=\"http:\/\/www.w3.org\/2000\/svg\" width=\"10px\" height=\"10px\" viewBox=\"0 0 24 24\" version=\"1.2\" baseProfile=\"tiny\"><path d=\"M18.2 9.3l-6.2-6.3-6.2 6.3c-.2.2-.3.4-.3.7s.1.5.3.7c.2.2.4.3.7.3h11c.3 0 .5-.1.7-.3.2-.2.3-.5.3-.7s-.1-.5-.3-.7zM5.8 14.7l6.2 6.3 6.2-6.3c.2-.2.3-.5.3-.7s-.1-.5-.3-.7c-.2-.2-.4-.3-.7-.3h-11c-.3 0-.5.1-.7.3-.2.2-.3.5-.3.7s.1.5.3.7z\"\/><\/svg><\/span><\/span><\/span><\/a><\/span><\/div>\n<nav><ul class='ez-toc-list ez-toc-list-level-1 ' ><li class='ez-toc-page-1 ez-toc-heading-level-2'><a class=\"ez-toc-link ez-toc-heading-1\" href=\"https:\/\/www.grupomedcof.com.br\/blog\/ministerio-da-saude-anuncia-vacina-100-nacional-contra-a-dengue\/#Aprovacao_da_vacina_brasileira_de_dengue\" >Aprova\u00e7\u00e3o da vacina brasileira de dengue<\/a><\/li><li class='ez-toc-page-1 ez-toc-heading-level-2'><a class=\"ez-toc-link ez-toc-heading-2\" href=\"https:\/\/www.grupomedcof.com.br\/blog\/ministerio-da-saude-anuncia-vacina-100-nacional-contra-a-dengue\/#Conheca_a_vacina_da_dengue\" >Conhe\u00e7a a vacina da dengue<\/a><\/li><li class='ez-toc-page-1 ez-toc-heading-level-2'><a class=\"ez-toc-link ez-toc-heading-3\" href=\"https:\/\/www.grupomedcof.com.br\/blog\/ministerio-da-saude-anuncia-vacina-100-nacional-contra-a-dengue\/#Linha_do_tempo\" >Linha do tempo<\/a><ul class='ez-toc-list-level-3' ><li class='ez-toc-heading-level-3'><a class=\"ez-toc-link ez-toc-heading-4\" href=\"https:\/\/www.grupomedcof.com.br\/blog\/ministerio-da-saude-anuncia-vacina-100-nacional-contra-a-dengue\/#Ministerio_da_Saude_anuncia_vacina_100_nacional_contra_a_dengue\" >Minist\u00e9rio da Sa\u00fade anuncia vacina 100% nacional contra a dengue<\/a><\/li><\/ul><\/li><li class='ez-toc-page-1 ez-toc-heading-level-2'><a class=\"ez-toc-link ez-toc-heading-5\" href=\"https:\/\/www.grupomedcof.com.br\/blog\/ministerio-da-saude-anuncia-vacina-100-nacional-contra-a-dengue\/#Seja_um_MedCofer\" >Seja um MedCofer<\/a><\/li><\/ul><\/nav><\/div>\n\n<figure class=\"wp-block-image size-full\"><img loading=\"lazy\" decoding=\"async\" width=\"768\" height=\"512\" src=\"https:\/\/www.grupomedcof.com.br\/blog\/wp-content\/uploads\/2025\/11\/391486f6-e4fb-4c34-857a-87846a61a767.jpeg\" alt=\"\" class=\"wp-image-39812\" srcset=\"https:\/\/www.grupomedcof.com.br\/blog\/wp-content\/uploads\/2025\/11\/391486f6-e4fb-4c34-857a-87846a61a767.jpeg 768w, https:\/\/www.grupomedcof.com.br\/blog\/wp-content\/uploads\/2025\/11\/391486f6-e4fb-4c34-857a-87846a61a767-300x200.jpeg 300w, https:\/\/www.grupomedcof.com.br\/blog\/wp-content\/uploads\/2025\/11\/391486f6-e4fb-4c34-857a-87846a61a767-630x420.jpeg 630w, https:\/\/www.grupomedcof.com.br\/blog\/wp-content\/uploads\/2025\/11\/391486f6-e4fb-4c34-857a-87846a61a767-150x100.jpeg 150w, https:\/\/www.grupomedcof.com.br\/blog\/wp-content\/uploads\/2025\/11\/391486f6-e4fb-4c34-857a-87846a61a767-696x464.jpeg 696w\" sizes=\"auto, (max-width: 768px) 100vw, 768px\" \/><figcaption class=\"wp-element-caption\">Fonte: Portal Gov.br<\/figcaption><\/figure>\n\n\n\n<p>A <strong>Ag\u00eancia Nacional de Vigil\u00e2ncia Sanit\u00e1ria (Anvisa)<\/strong> assinou o<strong> Termo de Compromisso <\/strong>para estudos e monitoramento da <strong>vacina da dengue com o instituto Butantan.<\/strong> Confira mais informa\u00e7\u00f5es e pr\u00f3ximos passos! <\/p>\n\n\n\n<h2 class=\"wp-block-heading\" id=\"h-aprovacao-da-vacina-brasileira-de-dengue\"><span class=\"ez-toc-section\" id=\"Aprovacao_da_vacina_brasileira_de_dengue\"><\/span><strong>Aprova\u00e7\u00e3o da vacina brasileira de dengue<\/strong><span class=\"ez-toc-section-end\"><\/span><\/h2>\n\n\n\n<p>A assinatura do termo, que ocorreu no dia 26 de novembro de 2025, encerra a etapa de registro da <strong>Butantan-DV<\/strong>, a&nbsp;<strong>primeira vacina de dose \u00fanica contra a dengue<\/strong>&nbsp;desenvolvida em territ\u00f3rio nacional. O documento formaliza as obriga\u00e7\u00f5es do Instituto Butantan e abre caminho para a&nbsp;<strong>publica\u00e7\u00e3o oficial do registro nos pr\u00f3ximos dias<\/strong>. <\/p>\n\n\n\n<p>Agora, os pr\u00f3ximos passos envolvem a <strong>defini\u00e7\u00e3o de pre\u00e7o, incorpora\u00e7\u00e3o ao SUS e planejamento de distribui\u00e7\u00e3o.<\/strong> Embora ainda dependa da publica\u00e7\u00e3o do ato oficial de concess\u00e3o do registro, a valida\u00e7\u00e3o cient\u00edfica j\u00e1 est\u00e1 garantida, permitindo ao governo avan\u00e7ar nos preparativos para&nbsp;<strong>incorporar a Butantan-DV ao Programa Nacional de Imuniza\u00e7\u00f5es (PNI)<\/strong>.<\/p>\n\n\n\n<p>Ap\u00f3s a publica\u00e7\u00e3o do registro, o Butantan ainda dever\u00e1 solicitar \u00e0&nbsp;<strong>C\u00e2mara de Regula\u00e7\u00e3o do Mercado de Medicamentos (CMED)<\/strong>&nbsp;a defini\u00e7\u00e3o do pre\u00e7o m\u00e1ximo permitido, etapa obrigat\u00f3ria mesmo para produtos distribu\u00eddos gratuitamente pelo governo.<\/p>\n\n\n\n<p>Em seguida, a <strong>Conitec<\/strong> deve analisar a incorpora\u00e7\u00e3o da tecnologia ao SUS, avaliando benef\u00edcios cl\u00ednicos, riscos e impacto para o sistema.&nbsp;De acordo com o governo federal, a ideia \u00e9 oferecer o imunizante <strong>exclusivamente pelo SUS a partir de 2026.<\/strong> <\/p>\n\n\n\n<h2 class=\"wp-block-heading\" id=\"h-conheca-a-vacina-da-dengue\"><span class=\"ez-toc-section\" id=\"Conheca_a_vacina_da_dengue\"><\/span><strong>Conhe\u00e7a a vacina da dengue<\/strong><span class=\"ez-toc-section-end\"><\/span><\/h2>\n\n\n\n<p>A nova vacina contra a dengue desenvolvida no Brasil <strong>oferece prote\u00e7\u00e3o contra os quatro sorotipos da dengue em uma dose \u00fanica.<\/strong> Desenvolvida pelo imunizante de v\u00edrus vivo atenuado, a indica\u00e7\u00e3o aprovada e segura \u00e9 para pessoas entre 12 a 59 anos de idade, podendo ser ampliado futuramente a depender de novos estudos.<\/p>\n\n\n\n<p>Vale ressaltar que<strong> gestantes, imunocomprometidos e idosos<\/strong> ainda n\u00e3o fazem parte do p\u00fablico recomendado devido <strong>\u00e0 falta de dados conclusivos nessas popula\u00e7\u00f5es.<\/strong> <\/p>\n\n\n\n<h2 class=\"wp-block-heading\" id=\"h-linha-do-tempo\"><span class=\"ez-toc-section\" id=\"Linha_do_tempo\"><\/span><strong>Linha do tempo<\/strong><span class=\"ez-toc-section-end\"><\/span><\/h2>\n\n\n\n<h3 class=\"wp-block-heading\" id=\"h-ministerio-da-saude-anuncia-vacina-100-nacional-contra-a-dengue\"><span class=\"ez-toc-section\" id=\"Ministerio_da_Saude_anuncia_vacina_100_nacional_contra_a_dengue\"><\/span><strong>Minist\u00e9rio da Sa\u00fade anuncia vacina 100% nacional contra a dengue<\/strong><span class=\"ez-toc-section-end\"><\/span><\/h3>\n\n\n\n<p>O <a href=\"https:\/\/www.gov.br\/planalto\/pt-br\/acompanhe-o-planalto\/noticias\/2025\/02\/vacina-100-nacional-contra-dengue-tera-producao-em-larga-escala-a-partir-de-2026\" target=\"_blank\" rel=\"noreferrer noopener\">Minist\u00e9rio da Sa\u00fade<\/a> j\u00e1 havia anunciado no dia <strong>25 de fevereiro de 2025,<\/strong> atrav\u00e9s de um evento realizado em Bras\u00edlia, a<strong>&nbsp;produ\u00e7\u00e3o em larga escala da primeira vacina 100% nacional e de dose \u00fanica contra a dengue<\/strong>. Espera-se que, a partir de 2026, sejam disponibilizadas <strong>60 milh\u00f5es de doses por ano<\/strong>.<\/p>\n\n\n\n<p>O pedido de registro do imunizante feito pelo Instituto Butantan ainda segue em<strong>&nbsp;avalia\u00e7\u00e3o pela Ag\u00eancia Nacional de Vigil\u00e2ncia Sanit\u00e1ria (Anvisa)<\/strong>.<\/p>\n\n\n\n<p>A vacina ser\u00e1 uma <strong>prioridade no combate \u00e0 dengue no Brasil<\/strong>, por\u00e9m \u00e9 importante ressaltar que, at\u00e9 que a vacina\u00e7\u00e3o em massa seja iniciada, \u00e9 fundamental&nbsp;<strong>manter as a\u00e7\u00f5es de preven\u00e7\u00e3o, vigil\u00e2ncia&nbsp;<\/strong>e preparo da rede de assist\u00eancia, medidas essenciais para prevenir \u00f3bitos.<\/p>\n\n\n\n<figure class=\"wp-block-image size-large\"><a href=\"https:\/\/www.grupomedcof.com.br\/cofletters\/\" target=\"_blank\" rel=\" noreferrer noopener\"><img loading=\"lazy\" decoding=\"async\" width=\"1024\" height=\"320\" src=\"https:\/\/www.grupomedcof.com.br\/blog\/wp-content\/uploads\/2025\/02\/Banner-MedCof-Plus-2200x460-11-1024x320.png\" alt=\"\" class=\"wp-image-33723\" srcset=\"https:\/\/www.grupomedcof.com.br\/blog\/wp-content\/uploads\/2025\/02\/Banner-MedCof-Plus-2200x460-11-1024x320.png 1024w, https:\/\/www.grupomedcof.com.br\/blog\/wp-content\/uploads\/2025\/02\/Banner-MedCof-Plus-2200x460-11-300x94.png 300w, https:\/\/www.grupomedcof.com.br\/blog\/wp-content\/uploads\/2025\/02\/Banner-MedCof-Plus-2200x460-11-768x240.png 768w, https:\/\/www.grupomedcof.com.br\/blog\/wp-content\/uploads\/2025\/02\/Banner-MedCof-Plus-2200x460-11-1536x480.png 1536w, https:\/\/www.grupomedcof.com.br\/blog\/wp-content\/uploads\/2025\/02\/Banner-MedCof-Plus-2200x460-11-2048x640.png 2048w, https:\/\/www.grupomedcof.com.br\/blog\/wp-content\/uploads\/2025\/02\/Banner-MedCof-Plus-2200x460-11-1343x420.png 1343w, https:\/\/www.grupomedcof.com.br\/blog\/wp-content\/uploads\/2025\/02\/Banner-MedCof-Plus-2200x460-11-150x47.png 150w, https:\/\/www.grupomedcof.com.br\/blog\/wp-content\/uploads\/2025\/02\/Banner-MedCof-Plus-2200x460-11-696x218.png 696w, https:\/\/www.grupomedcof.com.br\/blog\/wp-content\/uploads\/2025\/02\/Banner-MedCof-Plus-2200x460-11-1068x334.png 1068w, https:\/\/www.grupomedcof.com.br\/blog\/wp-content\/uploads\/2025\/02\/Banner-MedCof-Plus-2200x460-11-1920x600.png 1920w\" sizes=\"auto, (max-width: 1024px) 100vw, 1024px\" \/><\/a><\/figure>\n\n\n\n<h2 class=\"wp-block-heading\" id=\"seja-um-medcofer\"><span class=\"ez-toc-section\" id=\"Seja_um_MedCofer\"><\/span><strong>Seja um MedCofer<\/strong><span class=\"ez-toc-section-end\"><\/span><\/h2>\n\n\n\n<p>Para conquistar a aprova\u00e7\u00e3o nas provas de resid\u00eancia, seja um&nbsp;<strong>MedCofer<\/strong>! Aqui te ajudaremos na busca da aprova\u00e7\u00e3o com conte\u00fados de qualidade e uma&nbsp;<a href=\"https:\/\/www.grupomedcof.com.br\/blog\/presenca-da-medcof-nas-aprovacoes-em-residencia-medica-no-brasil\/\" target=\"_blank\" rel=\"noreferrer noopener\"><strong>metodologia que j\u00e1 aprovou mais de 10 mil residentes no pa\u00eds<\/strong><\/a>!<\/p>\n\n\n\n<figure class=\"wp-block-embed is-type-video is-provider-youtube wp-block-embed-youtube wp-embed-aspect-16-9 wp-has-aspect-ratio\"><div class=\"wp-block-embed__wrapper\">\n<div class=\"youtube-embed\" data-video_id=\"rMQPsOGmw_k\"><iframe loading=\"lazy\" title=\"SingularCast T2 Ep.10 - Dr. Daniel Kaito aprovado em Radiologia na UNIFESP\" width=\"696\" height=\"392\" src=\"https:\/\/www.youtube.com\/embed\/rMQPsOGmw_k?feature=oembed&#038;enablejsapi=1\" frameborder=\"0\" allow=\"accelerometer; autoplay; clipboard-write; encrypted-media; gyroscope; picture-in-picture; web-share\" referrerpolicy=\"strict-origin-when-cross-origin\" allowfullscreen><\/iframe><\/div>\n<\/div><\/figure>\n","protected":false},"excerpt":{"rendered":"<p>A Anvisa aprovou a\u00a0produ\u00e7\u00e3o em larga escala da primeira vacina 100% nacional e de dose \u00fanica contra a dengue. Entenda o avan\u00e7o!<\/p>\n","protected":false},"author":20,"featured_media":39812,"comment_status":"open","ping_status":"open","sticky":false,"template":"","format":"standard","meta":{"footnotes":""},"categories":[240,173],"tags":[804,235,2649,2648],"ppma_author":[3616],"class_list":{"0":"post-33968","1":"post","2":"type-post","3":"status-publish","4":"format-standard","5":"has-post-thumbnail","7":"category-noticias","8":"category-novidades","9":"tag-dengue","10":"tag-ministerio-da-saude","11":"tag-vacina-100-nacional","12":"tag-vacina-contra-dengue"},"yoast_head":"<!-- This site is optimized with the Yoast SEO Premium plugin v24.3 (Yoast SEO v27.4) - https:\/\/yoast.com\/product\/yoast-seo-premium-wordpress\/ -->\n<title>Anvisa aprova vacina 100% nacional contra a dengue - Blog de Medcof: conte\u00fados, editais, revalida e mais!<\/title>\n<meta name=\"description\" content=\"A Anvisa aprovou a\u00a0produ\u00e7\u00e3o em larga escala da primeira vacina 100% nacional e de dose \u00fanica contra a dengue. Entenda o avan\u00e7o!\" \/>\n<meta name=\"robots\" content=\"index, follow, max-snippet:-1, max-image-preview:large, max-video-preview:-1\" \/>\n<link rel=\"canonical\" href=\"https:\/\/www.grupomedcof.com.br\/blog\/ministerio-da-saude-anuncia-vacina-100-nacional-contra-a-dengue\/\" \/>\n<meta property=\"og:locale\" content=\"pt_BR\" \/>\n<meta property=\"og:type\" content=\"article\" \/>\n<meta property=\"og:title\" content=\"Anvisa aprova vacina 100% nacional contra a dengue\" \/>\n<meta property=\"og:description\" content=\"A Anvisa aprovou a\u00a0produ\u00e7\u00e3o em larga escala da primeira vacina 100% nacional e de dose \u00fanica contra a dengue. Entenda o avan\u00e7o!\" \/>\n<meta property=\"og:url\" content=\"https:\/\/www.grupomedcof.com.br\/blog\/ministerio-da-saude-anuncia-vacina-100-nacional-contra-a-dengue\/\" \/>\n<meta property=\"og:site_name\" content=\"Blog de Medcof: conte\u00fados, editais, revalida e mais!\" \/>\n<meta property=\"article:publisher\" content=\"https:\/\/www.facebook.com\/MedCofQbank\/\" \/>\n<meta property=\"article:published_time\" content=\"2025-11-26T20:03:29+00:00\" \/>\n<meta property=\"article:modified_time\" content=\"2025-11-27T12:26:42+00:00\" \/>\n<meta property=\"og:image\" content=\"https:\/\/www.grupomedcof.com.br\/blog\/wp-content\/uploads\/2025\/11\/391486f6-e4fb-4c34-857a-87846a61a767.jpeg\" \/>\n\t<meta property=\"og:image:width\" content=\"768\" \/>\n\t<meta property=\"og:image:height\" content=\"512\" \/>\n\t<meta property=\"og:image:type\" content=\"image\/jpeg\" \/>\n<meta name=\"author\" content=\"Leila Menzel\" \/>\n<meta name=\"twitter:card\" content=\"summary_large_image\" \/>\n<meta name=\"twitter:label1\" content=\"Escrito por\" \/>\n\t<meta name=\"twitter:data1\" content=\"Leila Menzel\" \/>\n\t<meta name=\"twitter:label2\" content=\"Est. tempo de leitura\" \/>\n\t<meta name=\"twitter:data2\" content=\"4 minutos\" \/>\n<script type=\"application\/ld+json\" class=\"yoast-schema-graph\">{\"@context\":\"https:\\\/\\\/schema.org\",\"@graph\":[{\"@type\":\"Article\",\"@id\":\"https:\\\/\\\/www.grupomedcof.com.br\\\/blog\\\/ministerio-da-saude-anuncia-vacina-100-nacional-contra-a-dengue\\\/#article\",\"isPartOf\":{\"@id\":\"https:\\\/\\\/www.grupomedcof.com.br\\\/blog\\\/ministerio-da-saude-anuncia-vacina-100-nacional-contra-a-dengue\\\/\"},\"author\":{\"name\":\"Leila Menzel\",\"@id\":\"https:\\\/\\\/www.grupomedcof.com.br\\\/blog\\\/#\\\/schema\\\/person\\\/9a44c2184a836bf5ae6967fdb3a1451e\"},\"headline\":\"Anvisa aprova vacina 100% nacional contra a dengue\",\"datePublished\":\"2025-11-26T20:03:29+00:00\",\"dateModified\":\"2025-11-27T12:26:42+00:00\",\"mainEntityOfPage\":{\"@id\":\"https:\\\/\\\/www.grupomedcof.com.br\\\/blog\\\/ministerio-da-saude-anuncia-vacina-100-nacional-contra-a-dengue\\\/\"},\"wordCount\":535,\"commentCount\":0,\"publisher\":{\"@id\":\"https:\\\/\\\/www.grupomedcof.com.br\\\/blog\\\/#organization\"},\"image\":{\"@id\":\"https:\\\/\\\/www.grupomedcof.com.br\\\/blog\\\/ministerio-da-saude-anuncia-vacina-100-nacional-contra-a-dengue\\\/#primaryimage\"},\"thumbnailUrl\":\"https:\\\/\\\/www.grupomedcof.com.br\\\/blog\\\/wp-content\\\/uploads\\\/2025\\\/11\\\/391486f6-e4fb-4c34-857a-87846a61a767.jpeg\",\"keywords\":[\"Dengue\",\"Minist\u00e9rio da Sa\u00fade\",\"Vacina 100% nacional\",\"Vacina contra dengue\"],\"articleSection\":[\"Not\u00edcias\",\"Novidades\"],\"inLanguage\":\"pt-BR\"},{\"@type\":\"WebPage\",\"@id\":\"https:\\\/\\\/www.grupomedcof.com.br\\\/blog\\\/ministerio-da-saude-anuncia-vacina-100-nacional-contra-a-dengue\\\/\",\"url\":\"https:\\\/\\\/www.grupomedcof.com.br\\\/blog\\\/ministerio-da-saude-anuncia-vacina-100-nacional-contra-a-dengue\\\/\",\"name\":\"Anvisa aprova vacina 100% nacional contra a dengue - Blog de Medcof: conte\u00fados, editais, revalida e mais!\",\"isPartOf\":{\"@id\":\"https:\\\/\\\/www.grupomedcof.com.br\\\/blog\\\/#website\"},\"primaryImageOfPage\":{\"@id\":\"https:\\\/\\\/www.grupomedcof.com.br\\\/blog\\\/ministerio-da-saude-anuncia-vacina-100-nacional-contra-a-dengue\\\/#primaryimage\"},\"image\":{\"@id\":\"https:\\\/\\\/www.grupomedcof.com.br\\\/blog\\\/ministerio-da-saude-anuncia-vacina-100-nacional-contra-a-dengue\\\/#primaryimage\"},\"thumbnailUrl\":\"https:\\\/\\\/www.grupomedcof.com.br\\\/blog\\\/wp-content\\\/uploads\\\/2025\\\/11\\\/391486f6-e4fb-4c34-857a-87846a61a767.jpeg\",\"datePublished\":\"2025-11-26T20:03:29+00:00\",\"dateModified\":\"2025-11-27T12:26:42+00:00\",\"description\":\"A Anvisa aprovou a\u00a0produ\u00e7\u00e3o em larga escala da primeira vacina 100% nacional e de dose \u00fanica contra a dengue. Entenda o avan\u00e7o!\",\"breadcrumb\":{\"@id\":\"https:\\\/\\\/www.grupomedcof.com.br\\\/blog\\\/ministerio-da-saude-anuncia-vacina-100-nacional-contra-a-dengue\\\/#breadcrumb\"},\"inLanguage\":\"pt-BR\",\"potentialAction\":[{\"@type\":\"ReadAction\",\"target\":[\"https:\\\/\\\/www.grupomedcof.com.br\\\/blog\\\/ministerio-da-saude-anuncia-vacina-100-nacional-contra-a-dengue\\\/\"]}]},{\"@type\":\"ImageObject\",\"inLanguage\":\"pt-BR\",\"@id\":\"https:\\\/\\\/www.grupomedcof.com.br\\\/blog\\\/ministerio-da-saude-anuncia-vacina-100-nacional-contra-a-dengue\\\/#primaryimage\",\"url\":\"https:\\\/\\\/www.grupomedcof.com.br\\\/blog\\\/wp-content\\\/uploads\\\/2025\\\/11\\\/391486f6-e4fb-4c34-857a-87846a61a767.jpeg\",\"contentUrl\":\"https:\\\/\\\/www.grupomedcof.com.br\\\/blog\\\/wp-content\\\/uploads\\\/2025\\\/11\\\/391486f6-e4fb-4c34-857a-87846a61a767.jpeg\",\"width\":768,\"height\":512,\"caption\":\"Fonte: Portal Gov.br\"},{\"@type\":\"BreadcrumbList\",\"@id\":\"https:\\\/\\\/www.grupomedcof.com.br\\\/blog\\\/ministerio-da-saude-anuncia-vacina-100-nacional-contra-a-dengue\\\/#breadcrumb\",\"itemListElement\":[{\"@type\":\"ListItem\",\"position\":1,\"name\":\"In\u00edcio\",\"item\":\"https:\\\/\\\/www.grupomedcof.com.br\\\/blog\\\/\"},{\"@type\":\"ListItem\",\"position\":2,\"name\":\"Anvisa aprova vacina 100% nacional contra a dengue\"}]},{\"@type\":\"WebSite\",\"@id\":\"https:\\\/\\\/www.grupomedcof.com.br\\\/blog\\\/#website\",\"url\":\"https:\\\/\\\/www.grupomedcof.com.br\\\/blog\\\/\",\"name\":\"Blog de Medcof: conte\u00fados, editais, revalida e mais!\",\"description\":\"Acesso o blog de MedCof! Seu portal de conte\u00fados sobre resid\u00eancia m\u00e9dica, an\u00e1lise e editais e muito mais. Clique e confira!\",\"publisher\":{\"@id\":\"https:\\\/\\\/www.grupomedcof.com.br\\\/blog\\\/#organization\"},\"alternateName\":\"Blog de Medcof: conte\u00fados, editais, revalida e mais!\",\"potentialAction\":[{\"@type\":\"SearchAction\",\"target\":{\"@type\":\"EntryPoint\",\"urlTemplate\":\"https:\\\/\\\/www.grupomedcof.com.br\\\/blog\\\/?s={search_term_string}\"},\"query-input\":{\"@type\":\"PropertyValueSpecification\",\"valueRequired\":true,\"valueName\":\"search_term_string\"}}],\"inLanguage\":\"pt-BR\"},{\"@type\":\"Organization\",\"@id\":\"https:\\\/\\\/www.grupomedcof.com.br\\\/blog\\\/#organization\",\"name\":\"Grupo MedCof\",\"url\":\"https:\\\/\\\/www.grupomedcof.com.br\\\/blog\\\/\",\"logo\":{\"@type\":\"ImageObject\",\"inLanguage\":\"pt-BR\",\"@id\":\"https:\\\/\\\/www.grupomedcof.com.br\\\/blog\\\/#\\\/schema\\\/logo\\\/image\\\/\",\"url\":\"https:\\\/\\\/www.grupomedcof.com.br\\\/blog\\\/wp-content\\\/uploads\\\/2022\\\/01\\\/logo-medcof.png\",\"contentUrl\":\"https:\\\/\\\/www.grupomedcof.com.br\\\/blog\\\/wp-content\\\/uploads\\\/2022\\\/01\\\/logo-medcof.png\",\"width\":768,\"height\":269,\"caption\":\"Grupo MedCof\"},\"image\":{\"@id\":\"https:\\\/\\\/www.grupomedcof.com.br\\\/blog\\\/#\\\/schema\\\/logo\\\/image\\\/\"},\"sameAs\":[\"https:\\\/\\\/www.facebook.com\\\/MedCofQbank\\\/\",\"https:\\\/\\\/www.instagram.com\\\/grupomedcof\\\/\",\"https:\\\/\\\/br.linkedin.com\\\/company\\\/medcof\",\"https:\\\/\\\/www.youtube.com\\\/channel\\\/UCdHMuOHKICxcHwecxN8P-AA\"]},{\"@type\":\"Person\",\"@id\":\"https:\\\/\\\/www.grupomedcof.com.br\\\/blog\\\/#\\\/schema\\\/person\\\/9a44c2184a836bf5ae6967fdb3a1451e\",\"name\":\"Leila Menzel\",\"image\":{\"@type\":\"ImageObject\",\"inLanguage\":\"pt-BR\",\"@id\":\"https:\\\/\\\/www.grupomedcof.com.br\\\/blog\\\/wp-content\\\/uploads\\\/2025\\\/09\\\/cropped-eu-96x96.jpeg19a74936d997c0a8b3031618467fa1d0\",\"url\":\"https:\\\/\\\/www.grupomedcof.com.br\\\/blog\\\/wp-content\\\/uploads\\\/2025\\\/09\\\/cropped-eu-96x96.jpeg\",\"contentUrl\":\"https:\\\/\\\/www.grupomedcof.com.br\\\/blog\\\/wp-content\\\/uploads\\\/2025\\\/09\\\/cropped-eu-96x96.jpeg\",\"caption\":\"Leila Menzel\"},\"description\":\"Estudante do 6\u00b0 semestre de jornalismo, amo e escrevo poesias e viajo em livros de romances clich\u00eas.\",\"url\":\"https:\\\/\\\/www.grupomedcof.com.br\\\/blog\\\/author\\\/leila-menzel\\\/\"}]}<\/script>\n<!-- \/ Yoast SEO Premium plugin. -->","yoast_head_json":{"title":"Anvisa aprova vacina 100% nacional contra a dengue - Blog de Medcof: conte\u00fados, editais, revalida e mais!","description":"A Anvisa aprovou a\u00a0produ\u00e7\u00e3o em larga escala da primeira vacina 100% nacional e de dose \u00fanica contra a dengue. Entenda o avan\u00e7o!","robots":{"index":"index","follow":"follow","max-snippet":"max-snippet:-1","max-image-preview":"max-image-preview:large","max-video-preview":"max-video-preview:-1"},"canonical":"https:\/\/www.grupomedcof.com.br\/blog\/ministerio-da-saude-anuncia-vacina-100-nacional-contra-a-dengue\/","og_locale":"pt_BR","og_type":"article","og_title":"Anvisa aprova vacina 100% nacional contra a dengue","og_description":"A Anvisa aprovou a\u00a0produ\u00e7\u00e3o em larga escala da primeira vacina 100% nacional e de dose \u00fanica contra a dengue. Entenda o avan\u00e7o!","og_url":"https:\/\/www.grupomedcof.com.br\/blog\/ministerio-da-saude-anuncia-vacina-100-nacional-contra-a-dengue\/","og_site_name":"Blog de Medcof: conte\u00fados, editais, revalida e mais!","article_publisher":"https:\/\/www.facebook.com\/MedCofQbank\/","article_published_time":"2025-11-26T20:03:29+00:00","article_modified_time":"2025-11-27T12:26:42+00:00","og_image":[{"width":768,"height":512,"url":"https:\/\/www.grupomedcof.com.br\/blog\/wp-content\/uploads\/2025\/11\/391486f6-e4fb-4c34-857a-87846a61a767.jpeg","type":"image\/jpeg"}],"author":"Leila Menzel","twitter_card":"summary_large_image","twitter_misc":{"Escrito por":"Leila Menzel","Est. tempo de leitura":"4 minutos"},"schema":{"@context":"https:\/\/schema.org","@graph":[{"@type":"Article","@id":"https:\/\/www.grupomedcof.com.br\/blog\/ministerio-da-saude-anuncia-vacina-100-nacional-contra-a-dengue\/#article","isPartOf":{"@id":"https:\/\/www.grupomedcof.com.br\/blog\/ministerio-da-saude-anuncia-vacina-100-nacional-contra-a-dengue\/"},"author":{"name":"Leila Menzel","@id":"https:\/\/www.grupomedcof.com.br\/blog\/#\/schema\/person\/9a44c2184a836bf5ae6967fdb3a1451e"},"headline":"Anvisa aprova vacina 100% nacional contra a dengue","datePublished":"2025-11-26T20:03:29+00:00","dateModified":"2025-11-27T12:26:42+00:00","mainEntityOfPage":{"@id":"https:\/\/www.grupomedcof.com.br\/blog\/ministerio-da-saude-anuncia-vacina-100-nacional-contra-a-dengue\/"},"wordCount":535,"commentCount":0,"publisher":{"@id":"https:\/\/www.grupomedcof.com.br\/blog\/#organization"},"image":{"@id":"https:\/\/www.grupomedcof.com.br\/blog\/ministerio-da-saude-anuncia-vacina-100-nacional-contra-a-dengue\/#primaryimage"},"thumbnailUrl":"https:\/\/www.grupomedcof.com.br\/blog\/wp-content\/uploads\/2025\/11\/391486f6-e4fb-4c34-857a-87846a61a767.jpeg","keywords":["Dengue","Minist\u00e9rio da Sa\u00fade","Vacina 100% nacional","Vacina contra dengue"],"articleSection":["Not\u00edcias","Novidades"],"inLanguage":"pt-BR"},{"@type":"WebPage","@id":"https:\/\/www.grupomedcof.com.br\/blog\/ministerio-da-saude-anuncia-vacina-100-nacional-contra-a-dengue\/","url":"https:\/\/www.grupomedcof.com.br\/blog\/ministerio-da-saude-anuncia-vacina-100-nacional-contra-a-dengue\/","name":"Anvisa aprova vacina 100% nacional contra a dengue - Blog de Medcof: conte\u00fados, editais, revalida e mais!","isPartOf":{"@id":"https:\/\/www.grupomedcof.com.br\/blog\/#website"},"primaryImageOfPage":{"@id":"https:\/\/www.grupomedcof.com.br\/blog\/ministerio-da-saude-anuncia-vacina-100-nacional-contra-a-dengue\/#primaryimage"},"image":{"@id":"https:\/\/www.grupomedcof.com.br\/blog\/ministerio-da-saude-anuncia-vacina-100-nacional-contra-a-dengue\/#primaryimage"},"thumbnailUrl":"https:\/\/www.grupomedcof.com.br\/blog\/wp-content\/uploads\/2025\/11\/391486f6-e4fb-4c34-857a-87846a61a767.jpeg","datePublished":"2025-11-26T20:03:29+00:00","dateModified":"2025-11-27T12:26:42+00:00","description":"A Anvisa aprovou a\u00a0produ\u00e7\u00e3o em larga escala da primeira vacina 100% nacional e de dose \u00fanica contra a dengue. Entenda o avan\u00e7o!","breadcrumb":{"@id":"https:\/\/www.grupomedcof.com.br\/blog\/ministerio-da-saude-anuncia-vacina-100-nacional-contra-a-dengue\/#breadcrumb"},"inLanguage":"pt-BR","potentialAction":[{"@type":"ReadAction","target":["https:\/\/www.grupomedcof.com.br\/blog\/ministerio-da-saude-anuncia-vacina-100-nacional-contra-a-dengue\/"]}]},{"@type":"ImageObject","inLanguage":"pt-BR","@id":"https:\/\/www.grupomedcof.com.br\/blog\/ministerio-da-saude-anuncia-vacina-100-nacional-contra-a-dengue\/#primaryimage","url":"https:\/\/www.grupomedcof.com.br\/blog\/wp-content\/uploads\/2025\/11\/391486f6-e4fb-4c34-857a-87846a61a767.jpeg","contentUrl":"https:\/\/www.grupomedcof.com.br\/blog\/wp-content\/uploads\/2025\/11\/391486f6-e4fb-4c34-857a-87846a61a767.jpeg","width":768,"height":512,"caption":"Fonte: Portal Gov.br"},{"@type":"BreadcrumbList","@id":"https:\/\/www.grupomedcof.com.br\/blog\/ministerio-da-saude-anuncia-vacina-100-nacional-contra-a-dengue\/#breadcrumb","itemListElement":[{"@type":"ListItem","position":1,"name":"In\u00edcio","item":"https:\/\/www.grupomedcof.com.br\/blog\/"},{"@type":"ListItem","position":2,"name":"Anvisa aprova vacina 100% nacional contra a dengue"}]},{"@type":"WebSite","@id":"https:\/\/www.grupomedcof.com.br\/blog\/#website","url":"https:\/\/www.grupomedcof.com.br\/blog\/","name":"Blog de Medcof: conte\u00fados, editais, revalida e mais!","description":"Acesso o blog de MedCof! Seu portal de conte\u00fados sobre resid\u00eancia m\u00e9dica, an\u00e1lise e editais e muito mais. Clique e confira!","publisher":{"@id":"https:\/\/www.grupomedcof.com.br\/blog\/#organization"},"alternateName":"Blog de Medcof: conte\u00fados, editais, revalida e mais!","potentialAction":[{"@type":"SearchAction","target":{"@type":"EntryPoint","urlTemplate":"https:\/\/www.grupomedcof.com.br\/blog\/?s={search_term_string}"},"query-input":{"@type":"PropertyValueSpecification","valueRequired":true,"valueName":"search_term_string"}}],"inLanguage":"pt-BR"},{"@type":"Organization","@id":"https:\/\/www.grupomedcof.com.br\/blog\/#organization","name":"Grupo MedCof","url":"https:\/\/www.grupomedcof.com.br\/blog\/","logo":{"@type":"ImageObject","inLanguage":"pt-BR","@id":"https:\/\/www.grupomedcof.com.br\/blog\/#\/schema\/logo\/image\/","url":"https:\/\/www.grupomedcof.com.br\/blog\/wp-content\/uploads\/2022\/01\/logo-medcof.png","contentUrl":"https:\/\/www.grupomedcof.com.br\/blog\/wp-content\/uploads\/2022\/01\/logo-medcof.png","width":768,"height":269,"caption":"Grupo MedCof"},"image":{"@id":"https:\/\/www.grupomedcof.com.br\/blog\/#\/schema\/logo\/image\/"},"sameAs":["https:\/\/www.facebook.com\/MedCofQbank\/","https:\/\/www.instagram.com\/grupomedcof\/","https:\/\/br.linkedin.com\/company\/medcof","https:\/\/www.youtube.com\/channel\/UCdHMuOHKICxcHwecxN8P-AA"]},{"@type":"Person","@id":"https:\/\/www.grupomedcof.com.br\/blog\/#\/schema\/person\/9a44c2184a836bf5ae6967fdb3a1451e","name":"Leila Menzel","image":{"@type":"ImageObject","inLanguage":"pt-BR","@id":"https:\/\/www.grupomedcof.com.br\/blog\/wp-content\/uploads\/2025\/09\/cropped-eu-96x96.jpeg19a74936d997c0a8b3031618467fa1d0","url":"https:\/\/www.grupomedcof.com.br\/blog\/wp-content\/uploads\/2025\/09\/cropped-eu-96x96.jpeg","contentUrl":"https:\/\/www.grupomedcof.com.br\/blog\/wp-content\/uploads\/2025\/09\/cropped-eu-96x96.jpeg","caption":"Leila Menzel"},"description":"Estudante do 6\u00b0 semestre de jornalismo, amo e escrevo poesias e viajo em livros de romances clich\u00eas.","url":"https:\/\/www.grupomedcof.com.br\/blog\/author\/leila-menzel\/"}]}},"authors":[{"term_id":3616,"user_id":20,"is_guest":0,"slug":"leila-menzel","display_name":"Leila Menzel","avatar_url":"https:\/\/www.grupomedcof.com.br\/blog\/wp-content\/uploads\/2025\/09\/cropped-eu-96x96.jpeg","0":null,"1":"","2":"","3":"","4":"","5":"","6":"","7":"","8":""}],"_links":{"self":[{"href":"https:\/\/www.grupomedcof.com.br\/blog\/wp-json\/wp\/v2\/posts\/33968","targetHints":{"allow":["GET"]}}],"collection":[{"href":"https:\/\/www.grupomedcof.com.br\/blog\/wp-json\/wp\/v2\/posts"}],"about":[{"href":"https:\/\/www.grupomedcof.com.br\/blog\/wp-json\/wp\/v2\/types\/post"}],"author":[{"embeddable":true,"href":"https:\/\/www.grupomedcof.com.br\/blog\/wp-json\/wp\/v2\/users\/20"}],"replies":[{"embeddable":true,"href":"https:\/\/www.grupomedcof.com.br\/blog\/wp-json\/wp\/v2\/comments?post=33968"}],"version-history":[{"count":2,"href":"https:\/\/www.grupomedcof.com.br\/blog\/wp-json\/wp\/v2\/posts\/33968\/revisions"}],"predecessor-version":[{"id":39813,"href":"https:\/\/www.grupomedcof.com.br\/blog\/wp-json\/wp\/v2\/posts\/33968\/revisions\/39813"}],"wp:featuredmedia":[{"embeddable":true,"href":"https:\/\/www.grupomedcof.com.br\/blog\/wp-json\/wp\/v2\/media\/39812"}],"wp:attachment":[{"href":"https:\/\/www.grupomedcof.com.br\/blog\/wp-json\/wp\/v2\/media?parent=33968"}],"wp:term":[{"taxonomy":"category","embeddable":true,"href":"https:\/\/www.grupomedcof.com.br\/blog\/wp-json\/wp\/v2\/categories?post=33968"},{"taxonomy":"post_tag","embeddable":true,"href":"https:\/\/www.grupomedcof.com.br\/blog\/wp-json\/wp\/v2\/tags?post=33968"},{"taxonomy":"author","embeddable":true,"href":"https:\/\/www.grupomedcof.com.br\/blog\/wp-json\/wp\/v2\/ppma_author?post=33968"}],"curies":[{"name":"wp","href":"https:\/\/api.w.org\/{rel}","templated":true}]}}